{"id":1856,"date":"2010-07-22T13:56:03","date_gmt":"2010-07-22T13:56:03","guid":{"rendered":"https:\/\/www.millicozum.com\/mc\/2010\/07\/22\/turkiye-akp-eliyle-parcalaniyor\/"},"modified":"2010-07-22T13:56:03","modified_gmt":"2010-07-22T13:56:03","slug":"turkiye-akp-eliyle-parcalaniyor","status":"publish","type":"post","link":"https:\/\/www.millicozum.com\/mc\/2010\/agustos-2010\/turkiye-akp-eliyle-parcalaniyor\/","title":{"rendered":"T\u00dcRK\u0130YE AKP EL\u0130YLE PAR\u00c7ALANIYOR!"},"content":{"rendered":"<p style=\"text-align: justify;\"><strong><span style=\"font-family: arial,helvetica,sans-serif;\">Buna g\u00f6z g\u00f6re g\u00f6re seyirci kalan, yetkili ve g\u00f6revli oldu\u011fu halde ses \u00e7\u0131karmayan asker ve sivil t\u00fcm b\u00fcrokratlar da bu h\u0131yanet su\u00e7una ortak oluyor!<\/span><\/strong><\/p>\n<p style=\"text-align: justify;\"><span style=\"font-family: arial,helvetica,sans-serif;\"><strong>Ba\u015fbakan Erdo\u011fan, Toronto\u2019dan NATO\u2019ya \u00e7a\u011fr\u0131da bulunarak: \u201cAfganistan\u2019da Taliban\u2019a kar\u015f\u0131 y\u00fcr\u00fct\u00fclen m\u00fccadelenin PKK\u2019ya kar\u015f\u0131 da verilmesini\u201d istiyordu<\/strong>. <strong><em>\u201cMerkezi y\u00f6netimin Kuzey Irak\u2019ta hi\u00e7bir egemenli\u011fi yok. Ter\u00f6r \u00f6rg\u00fct\u00fc burada belli bir b\u00f6lgeyi adeta y\u00f6netiyor\u201d<\/em><\/strong> <strong><em>diyerek NATO\u2019nun Kuzey Irak\u2019a yerle\u015fmesini teklif ediyordu<\/em><\/strong>.<\/span><a href=\"#_ftn1\"><span style=\"font-family: arial,helvetica,sans-serif;\">[1]<\/span><\/a><\/p>\n<p style=\"text-align: justify;\"><strong><span style=\"font-family: arial,helvetica,sans-serif;\">PKK\u2019n\u0131n yuvaland\u0131\u011f\u0131 Kuzey Irak\u2019a T\u00fcrk Ordusunun girip bir g\u00fcvenlik \u015feridi olu\u015fturmas\u0131na \u015fiddetle kar\u015f\u0131 \u00e7\u0131kan Recep Erdo\u011fan\u2019\u0131n, bu b\u00f6lgeye NATO\u2019yu davet etmesi, T\u00fcrkiye\u2019yi b\u00f6lmek isteyen g\u00fc\u00e7lerin as\u0131l ta\u015feronunun kendileri oldu\u011funu g\u00f6steriyordu. \u00c7\u00fcnk\u00fc Refah-Yol d\u00f6neminde ve Erbakan\u2019\u0131n sayesinde b\u00f6lgeden ayr\u0131lmaya mecbur b\u0131rak\u0131lan \u00c7EK\u0130\u00c7 G\u00dc\u00c7\u2019\u00fcn PKK\u2019y\u0131 nas\u0131l azd\u0131rd\u0131\u011f\u0131 hen\u00fcz unutulmam\u0131\u015fken, Ba\u015fbakan\u0131n \u015fimdi kalk\u0131p NATO\u2019yu davet etmesi gaflet ve cehaletten \u00e7ok \u00f6te bir anlam ta\u015f\u0131yordu. Recep Bey\u2019in bu s\u00f6zleri kendili\u011finden d\u00fc\u015f\u00fcn\u00fcp seslendirecek bir kapasitesi ve yetkisi bulunmad\u0131\u011f\u0131na g\u00f6re, bu \u015feytani telkin ve tekliflerin G-20 toplant\u0131s\u0131ndaki Siyonist patronlar\u0131 taraf\u0131ndan \u00f6\u011fretildi\u011fi anla\u015f\u0131l\u0131yordu.<\/span><\/strong><\/p>\n<p style=\"text-align: justify;\"><span style=\"font-family: arial,helvetica,sans-serif;\"><strong>Atat\u00fcrk\u2019\u00fcn \u015faibeli \u00f6l\u00fcm\u00fcnden sonra Sabataist cunta taraf\u0131ndan Cumhurba\u015fkan\u0131 yap\u0131lan ve uyduruk bir Kemalizm k\u0131l\u0131f\u0131yla Atat\u00fcrk\u2019\u00fcn devrim ve hedeflerini yozla\u015ft\u0131ran \u0130smet \u0130n\u00f6n\u00fc\u2019n\u00fcn Amerikan mandac\u0131l\u0131\u011f\u0131 anlam\u0131ndaki teslimiyet anla\u015fmalar\u0131ndan daha beter bir h\u0131yanet kokan bu \u201cKuzey Irak\u2019a NATO yerle\u015fsin!\u201d teklifi, T\u00fcrkiye Cumhuriyetinin art\u0131k komaya sokulmak istendi\u011fini belgeliyordu. Kendi ordusunu, Ergenekon bahanesiyle mahkemelerde s\u00fcr\u00fcnd\u00fcr\u00fcp g\u00f6zden d\u00fc\u015f\u00fcren bir Ba\u015fbakan\u2019\u0131n Ha\u00e7l\u0131-Siyonist<\/strong> <strong>jandarmas\u0131 olan NATO\u2019ya bu denli g\u00fcvenmesi, bunlar\u0131n gizli niyetini ve kirli mahiyetini ortaya koyuyordu.<\/strong><\/span><\/p>\n<p style=\"text-align: justify;\"><strong><span style=\"font-family: arial,helvetica,sans-serif;\">\u015eimdi Milli Duyarl\u0131, tutarl\u0131 ve bask\u0131lara cesaretle dayan\u0131kl\u0131 ayd\u0131n\u0131m\u0131z Banu Avar\u2019\u0131n \u015fu \u00f6nemli tespitlerini birlikte ve dikkatle okuyal\u0131m.<\/span><\/strong><\/p>\n<p style=\"text-align: justify;\"><em><span style=\"font-family: arial,helvetica,sans-serif;\">Bu gidi\u015fat \u00e7ok \u00f6nceden belirlenmi\u015fti! 100 y\u0131l \u00f6nce bug\u00fcn hedeflenmi\u015fti!<\/span><\/em><\/p>\n<p style=\"text-align: justify;\"><em><span style=\"font-family: arial,helvetica,sans-serif;\">Y\u0131l 1912. Amerikan ba\u015fkan\u0131 Woodrow Wilson .. T\u00fcrkiye\u2019yi param par\u00e7a eden \u00fcnl\u00fc Wilson ilkelerine ad\u0131n\u0131 veren ki\u015fiydi. T\u00fcrkiye s\u0131n\u0131rlar\u0131 i\u00e7ine bir K\u00fcrdistan ve bir Ermenistan haritalar\u0131 \u00e7izen Amerikan ba\u015fkan\u0131 idi. Bak\u0131n ne diyordu:<\/span><\/em><\/p>\n<p style=\"text-align: justify;\"><span style=\"font-family: arial,helvetica,sans-serif;\"><strong><em>\u2018Amerikan kapitalizminin temel hedefi, zay\u0131f \u00fclkelerin hammaddelerini ve ulusal pazarlar\u0131n\u0131 a\u00e7\u0131k birer kap\u0131 olarak tutmakt\u0131r. Bunun i\u00e7in diplomasi ve gerekirse zor kullan\u0131lmal\u0131d\u0131r\u2026\u2019<\/em><\/strong><em>\u00a0<\/em><\/span><\/p>\n<p style=\"text-align: justify;\"><em><span style=\"font-family: arial,helvetica,sans-serif;\">Ge\u00e7enlerde D\u0131\u015fi\u015fleri Bakan\u0131 Ahmet Davuto\u011flu\u2019na i\u015fte bu Wilson\u2019\u0131n ad\u0131yla an\u0131lan \u00f6d\u00fcl\u00fc verilmi\u015fti. Peki, <strong>Wilson\u2019\u0131n 100 y\u0131l \u00f6nceki plan\u0131 neydi? Petrol co\u011frafyas\u0131na bir K\u00fcrt ve bir Ermeni Devleti oturtmak onun projesiydi. <\/strong><\/span><\/em><\/p>\n<p style=\"text-align: justify;\"><em><span style=\"font-family: arial,helvetica,sans-serif;\">O zaman ince ince hesaplad\u0131klar\u0131, T\u00fcrkiye\u2019yi b\u00f6lme ve yutma hayalleri Atat\u00fcrk\u2019\u00fcn \u00f6nderli\u011findeki Milli m\u00fccadelemiz sayesinde ger\u00e7ekle\u015fememi\u015fti. Kuyruklar\u0131n\u0131 ardlar\u0131na k\u0131st\u0131r\u0131p ilk f\u0131rsatta gelmek \u00fczere gitmi\u015flerdi. Milletimiz inan\u0131lmaz \u015fartlarda yapt\u0131klar\u0131 sava\u015f\u0131 galip bitirmi\u015flerdi. Yedi D\u00fcvel buna a\u011f\u0131zlar\u0131 k\u00f6p\u00fcrerek \u2018T\u00fcrk Mucizesi\u2019 demi\u015flerdi.<\/span><\/em><\/p>\n<p style=\"text-align: justify;\"><em><span style=\"font-family: arial,helvetica,sans-serif;\">Ard\u0131ndan yepyeni bir \u00fclke kurmu\u015flard\u0131. T\u00fcrkler ulusal kaynaklar\u0131na sahip \u00e7\u0131k\u0131yorlard\u0131. Ard\u0131 ard\u0131na fabrikalar a\u00e7m\u0131\u015f hatta u\u00e7aklar, arabalar yapm\u0131\u015flard\u0131. Madenlerini i\u015flemeye ba\u015flam\u0131\u015f, petrol aram\u0131\u015flard\u0131. Tar\u0131m ve sanayi kalk\u0131nmas\u0131n\u0131 ba\u015flatm\u0131\u015flard\u0131, \u015fuurlu ve sorumlu insanlar ve huzurlu bir \u00fclke ama\u00e7lanm\u0131\u015ft\u0131.<\/span><\/em><\/p>\n<p style=\"text-align: justify;\"><em><span style=\"font-family: arial,helvetica,sans-serif;\">Ama i\u00e7erde i\u015fi bozulanlar vard\u0131. Localar\u0131 kapat\u0131lacak masonlar, sabataist cunta ve az\u0131nl\u0131k tak\u0131m\u0131. Onlar kullan\u0131ma haz\u0131rd\u0131. K\u00fcrt Sait isyan\u0131 Lozan\u2019da Musul meselesi masadayken, Dersim \u0130syan\u0131, Hatay i\u00e7in direnilirken tezg\u00e2hlanm\u0131\u015ft\u0131.<\/span><\/em><\/p>\n<p style=\"text-align: justify;\"><em><span style=\"font-family: arial,helvetica,sans-serif;\">1930\u2019lardan itibaren koyun postlar\u0131na b\u00fcr\u00fcnm\u00fc\u015f \u2018yabanc\u0131 uzmanlar\u2019 gen\u00e7 cumhuriyeti ziyaret etmeye yo\u011funla\u015fm\u0131\u015ft\u0131. Her \u015fey yeniden kurulurken maskeli s\u0131rtlanlar Ankara\u2019ya ko\u015fmaktayd\u0131. Tanzimat kafal\u0131 Bat\u0131ya ayran budalas\u0131 gibi hayran \u2018m\u00fcnevverler\u2019, yabanc\u0131 emeller i\u00e7in uygun arazi \u015fartlar\u0131 sa\u011flad\u0131. 1938\u2019de milletin \u00f6nderi \u015faibeli \u015fekilde \u00f6ld\u00fc ve geride kalanlar hemen Bat\u0131\u2019ya ba\u011fland\u0131.. \u0130ngiliz ve Frans\u0131zlarla \u00fc\u00e7l\u00fc anla\u015fma imzaland\u0131\u011f\u0131nda, Gazi Pa\u015fa\u2019n\u0131n \u00f6l\u00fcm\u00fcn\u00fcn \u00fczerinden 5 ay dolmam\u0131\u015ft\u0131. Gazi pa\u015fa\u2019y\u0131 \u2018anlamay\u0131p sadece, mecburen uyanlar\u2019 as\u0131llar\u0131na d\u00f6nm\u00fc\u015f, sinsi tahribatlar\u0131na f\u0131rsat yakalam\u0131\u015flard\u0131.<\/span><\/em><\/p>\n<p style=\"text-align: justify;\"><em><span style=\"font-family: arial,helvetica,sans-serif;\">2. payla\u015f\u0131m Sava\u015f\u0131na kadar \u2018ecnebi uzmanlar\u2019 yurdun t\u00fcm a\u00e7\u0131k yaralar\u0131na dair raporlar\u0131n\u0131 haz\u0131rlam\u0131\u015ft\u0131.<\/span><\/em><\/p>\n<p style=\"text-align: justify;\"><em><span style=\"font-family: arial,helvetica,sans-serif;\">2. D\u00fcnya sava\u015f\u0131 ile bir s\u00fcre ask\u0131ya alm\u0131\u015flard\u0131. Yalta\u2019da yeni bir d\u00fczen kuruldu art\u0131k Avrupa\u2019n\u0131n m\u00fchr\u00fcn\u00fc (Siyonist Yahudi sermayesi g\u00fcd\u00fcml\u00fc) Amerika alacakt\u0131.<\/span><\/em><\/p>\n<p style=\"text-align: justify;\"><span style=\"font-family: arial,helvetica,sans-serif;\"><em>Sava\u015f\u0131n sonunda \u2018yenid\u00fcnya\u2019 s\u0131rtlanlar\u0131 \u0130smet \u0130n\u00f6n\u00fc\u2019ye bir s\u00f6m\u00fcrge anla\u015fmas\u0131 dayat\u0131lm\u0131\u015ft\u0131. <strong>Marshall yard\u0131m\u0131 \u00e7er\u00e7evesinde imzalanan anla\u015fma, Kurtulu\u015f\u2019tan 24 y\u0131l sonra T\u00fcrkiye\u2019yi esir alm\u0131\u015ft\u0131. <\/strong><\/em><strong>(Zaten \u0130n\u00f6n\u00fc \u00f6teden beri Amerikan mandac\u0131l\u0131\u011f\u0131na yatk\u0131nd\u0131. M.\u00c7.)<em> <\/em><\/strong><em>\u00d6nce D\u00fcnya Bankas\u0131 ve \u0130MF denetimine girdik. Sonra NATO\u2019ya al\u0131nd\u0131k Bedelini Kore\u2019de kanla \u00f6deyecektik. \u00dcst\u00fcne \u00fcstl\u00fck \u2018Can\u0131m Amerika!\u2019 diye \u015fark\u0131lar s\u00f6yledik!<\/em><\/span><\/p>\n<p style=\"text-align: justify;\"><span style=\"font-family: arial,helvetica,sans-serif;\"><strong><em>Hollywood filmleri seyrettik, Dean Martin, Frank Sinatra dinledik..<\/em><\/strong><em><\/em><\/span><\/p>\n<p style=\"text-align: justify;\"><em><span style=\"font-family: arial,helvetica,sans-serif;\">1956\u2019da k\u00fcresel elitin \u00f6nde gelen ismi, (Siyonist Yahudi) Rockefeller, ABD ba\u015fkan\u0131 Eisenhower\u2019a: \u2018T\u00fcrkler oltada bal\u0131k! Yeme ihtiya\u00e7lar\u0131 yok!\u2019 diyordu.. Sonra Ortado\u011fu\u2019daki y\u00fcksek idealleri i\u00e7in, i\u015flerine gelen h\u00fck\u00fcmetleri iktidara getirmek i\u015flerine gelmeyenleri devirmek amac\u0131yla yard\u0131m fonlar\u0131n\u0131n kullan\u0131laca\u011f\u0131\u2019 karara ba\u011flan\u0131yordu..<\/span><\/em><\/p>\n<p style=\"text-align: justify;\"><strong><em><span style=\"font-family: arial,helvetica,sans-serif;\">1966\u2019da NATO haber alma tesislerine kap\u0131y\u0131 a\u00e7t\u0131k. T\u00fcm istihbarat\u0131m\u0131z\u0131 ABD\u2019ye devrettik. <\/span><\/em><\/strong><em><span style=\"font-family: arial,helvetica,sans-serif;\">1971\u2019de \u2018B\u00fcy\u00fck T\u00fcrkiye\u2019 hayallerimizin bedelini birbirimizi k\u0131rd\u0131rarak \u00f6dettiler Ard\u0131ndan bir darbeyle i\u015fi bitirdiler!<br \/>Uslanmay\u0131p 1974\u2019de (Erbakan\u2019\u0131n \u00f6zel gayretiyle M.\u00c7.) K\u0131br\u0131s bar\u0131\u015f harekat\u0131n\u0131 yap\u0131nca ASALA ter\u00f6r\u00fcn\u00fc ba\u015f\u0131m\u0131za bela ettiler! Ama biz y\u0131lmad\u0131k, m\u00fcttefikimize daha s\u0131k\u0131 sar\u0131ld\u0131k..<\/span><\/em><\/p>\n<p style=\"text-align: justify;\"><strong><em><span style=\"font-family: arial,helvetica,sans-serif;\">1980\u2019de Sovyetlerle sanayi i\u015fbirli\u011fi, h\u0131zl\u0131 sanayi at\u0131l\u0131mlar\u0131 s\u00fcrerken bir CIA darbesiyle daha sars\u0131ld\u0131k..<\/span><\/em><\/strong><\/p>\n<p style=\"text-align: justify;\"><span style=\"font-family: arial,helvetica,sans-serif;\"><em>1984\u2019de <\/em>(Erbakan\u2019\u0131n ba\u015flatt\u0131\u011f\u0131)<em> a\u011f\u0131r sanayi hamlelerine G\u00fcneydo\u011fu Anadolu Projesini ekleyince bu sefer PKK ile \u00f6d\u00fcllendirildik!<\/em><\/span><\/p>\n<p style=\"text-align: justify;\"><em><span style=\"font-family: arial,helvetica,sans-serif;\">Sonunda, 100 y\u0131ll\u0131k K\u00fcrt devleti hayali paketlenip T\u00fcrkiye\u2019nin \u00f6n\u00fcne konuyordu. Ve SEVR HORTLATILIP yeni kabusumuz oluyordu..<\/span><\/em><\/p>\n<p style=\"text-align: justify;\"><em><span style=\"font-family: arial,helvetica,sans-serif;\">Fulbright burslar\u0131yla yeti\u015ftirdikleri liderleri getirip \u00fclkemizin ba\u015f\u0131na koydular\u2026 <\/span><\/em><\/p>\n<p style=\"text-align: justify;\"><span style=\"font-family: arial,helvetica,sans-serif;\"><strong><em>1991\u2019de<\/em><\/strong><em> ba\u015fa ge\u00e7irdikleri Turgut \u00d6zal\u2019a kukla bir K\u00fcrt devleti i\u00e7in ilk ad\u0131mlar\u0131 att\u0131rd\u0131lar. <strong>\u00c7eki\u00e7 G\u00fc\u00e7 kontrol\u00fcnde bir K\u00fcrdistan devletinin alt yap\u0131s\u0131n\u0131 haz\u0131rlad\u0131lar.. <\/strong>Irak\u2019\u0131n kuzeyi g\u00fcvenli b\u00f6lge ilan edildi ve PKK \u00c7eki\u00e7 G\u00fc\u00e7 kontrol\u00fcnde pamuklar i\u00e7inde yeti\u015ftirildi! Derken \u00d6zal, \u2018Bir T\u00fcrk-K\u00fcrt Federasyonu\u2019ndan\u2019 bahsediverdi! Bu arada on binlerce vatan evlad\u0131 yitirilmi\u015fti\u2026.<\/em><\/span><\/p>\n<p style=\"text-align: justify;\"><span style=\"font-family: arial,helvetica,sans-serif;\"><strong><em>1995\u2019de<\/em><\/strong><em> Avrupa Birli\u011fi \u2018K\u00fcrt Sorununu askeri tedbirlerle ortadan kald\u0131ramazs\u0131n\u0131z!\u2019 diyordu. \u0130\u00e7erdeki besleme koro bunu onayl\u0131yordu. Bu \u00fclkenin has vatanda\u015flar\u0131 Az\u0131nl\u0131k konumuna sokuluyordu\u2026 Ayn\u0131 anda T\u00fcrkiye\u2019nin G\u00fcmr\u00fck Birli\u011fi ile eli kolu ba\u011fland\u0131! Yani t\u00fcm gelirlerine el konuluyor, \u00fcretimi durduruluyor, ter\u00f6rle m\u00fccadelede deli g\u00f6mle\u011fine sokuluyordu.<\/em><\/span><\/p>\n<p style=\"text-align: justify;\"><span style=\"font-family: arial,helvetica,sans-serif;\">(Bu arada Erbakan\u2019\u0131n Refah-Yol h\u00fck\u00fcmeti \u00c7eki\u00e7 G\u00fcc\u00fc kovdu\u011fu, D-8\u2019leri kurdu\u011fu, yerli ve milli kalk\u0131nma \u00e7abalar\u0131na koyuldu\u011fu i\u00e7in 28 \u015eubat \u015farlatanl\u0131klar\u0131yla y\u0131kt\u0131r\u0131l\u0131yordu. M.\u00c7.)<\/span><\/p>\n<p style=\"text-align: justify;\"><span style=\"font-family: arial,helvetica,sans-serif;\"><strong><em>1999\u2019da<\/em><\/strong><em> Apo T\u00fcrkiye\u2019ye verildi. Art\u0131k \u0130mral\u0131\u2019dan ter\u00f6r\u00fc y\u00f6netecekti! Vatan evlad\u0131 \u00f6lmeye devam etti!<\/em><\/span><\/p>\n<p style=\"text-align: justify;\"><strong><em><span style=\"font-family: arial,helvetica,sans-serif;\">2002 de T\u00fcrkiye\u2019ye bir sessiz darbe yap\u0131lacak, oyunun son perdesi sahnelenecekti.. K\u00fcresel elit, Sevr h\u00fck\u00fcmlerini yerine getirme kar\u015f\u0131l\u0131\u011f\u0131nda AKP\u2019ye iktidar koltu\u011funu verdi!<\/span><\/em><\/strong><\/p>\n<p style=\"text-align: justify;\"><span style=\"font-family: arial,helvetica,sans-serif;\"><strong><em>2004\u2019de <\/em><\/strong><em>Avrupa Birli\u011fi Uyum Yasalar\u0131 \u00f6n\u00fcm\u00fcze geldi\u2026 Bu yasalarla ellerimiz arkadan ba\u011flan\u0131yor, ter\u00f6riste ise \u2018VUR!\u2019 deniyordu. Vurmalar\u0131 i\u00e7in gerekli t\u00fcm silahlar, Irak ve G\u00fcneydo\u011fuya NATO u\u00e7aklar\u0131yla ta\u015f\u0131nm\u0131\u015ft\u0131. Ordunun s\u0131n\u0131r \u00f6tesi harekat\u0131 s\u0131n\u0131rland\u0131r\u0131lm\u0131\u015ft\u0131. \u0130stihbarat\u0131m\u0131z ABD ve \u0130srail istihbarat\u0131n\u0131n i\u00e7ine kat\u0131lm\u0131\u015f ve kay\u0131plar\u0131m\u0131z, 10 y\u0131l i\u00e7inde 50 kat artm\u0131\u015ft\u0131.<\/em><\/span><\/p>\n<p style=\"text-align: justify;\"><em><span style=\"font-family: arial,helvetica,sans-serif;\">E\u015fzamanl\u0131 olarak B\u00f6lgesel Kalk\u0131nma ajanslar\u0131, ikiz yasalar ve yerel \u2018iktidar\u2019 giri\u015fimleri ter\u00f6re zemin haz\u0131rlam\u0131\u015ft\u0131.<\/span><\/em><\/p>\n<p style=\"text-align: justify;\"><strong><em><span style=\"font-family: arial,helvetica,sans-serif;\">Medya vas\u0131tas\u0131yla zehir enjeksiyonu had safhadayd\u0131. Bas\u0131n t\u00fcm\u00fcyle i\u015fgal alt\u0131nda ve k\u00f6\u015fe ba\u015flar\u0131n\u0131 tutanlar. \u2018Sahiplerinin sesi\u2019 olmaya can atmaktayd\u0131!<\/span><\/em><\/strong><\/p>\n<p style=\"text-align: justify;\"><em><span style=\"font-family: arial,helvetica,sans-serif;\">\u00dcniversiteler \u015firketle\u015fmeyi tamaml\u0131yorlard\u0131. \u0130\u015fbirli\u011fi yapan akademisyenler r\u00fcyalar\u0131nda g\u00f6remeyece\u011fi imkanlarla donat\u0131ld\u0131.<\/span><\/em><\/p>\n<p style=\"text-align: justify;\"><span style=\"font-family: arial,helvetica,sans-serif;\"><strong><em>2007\u2019de<\/em><\/strong><em> Amerikan istihbarat\u00e7\u0131lar\u0131ndan olu\u015fan bir ekip Ankara\u2019ya yuvalanm\u0131\u015ft\u0131. <strong>G\u00f6zleri g\u00f6ren, kulaklar\u0131 duyan, burnu koku alan helal s\u00fct emmi\u015f vatan evlatlar\u0131 kral\u0131n \u00e7\u0131plak oldu\u011funu yaz\u0131p \u00e7izmeye ba\u015flay\u0131nca d\u0131\u015f g\u00fc\u00e7ler ve i\u015fbirlik\u00e7ileri tela\u015flanm\u0131\u015ft\u0131. Konu\u015fmaya ba\u015flayanlar dinleniyor, ter\u00f6rle m\u00fccadelede \u00fcst\u00fcn hizmeti olanlar Silivri\u2019ye davet ediliyordu(!)<\/strong><\/em><\/span><\/p>\n<p style=\"text-align: justify;\"><span style=\"font-family: arial,helvetica,sans-serif;\"><em>\u015eimdi geldi\u011fimiz noktada her \u015fey apa\u00e7\u0131k ortada! D\u00fc\u015fman belliydi. Hem de 100 y\u0131ldan beri, hi\u00e7 de\u011fi\u015fmemi\u015fti.<\/em> (B\u00fcy\u00fck \u0130srail hedefi BOP k\u0131l\u0131f\u0131yla sahnedeydi)<em><\/em><\/span><\/p>\n<p style=\"text-align: justify;\"><em><span style=\"font-family: arial,helvetica,sans-serif;\">\u00a0\u00c7okuluslu \u015firketlerin kontrol\u00fcnde ABD ve Avrupa Birli\u011finin elitleri, ve onlar\u0131n denetimindeki mali ve siyasi kurumlar, \u0130MF, D\u00fcnya bankas\u0131, NATO! Ve tabii i\u00e7erde onlar\u0131n planlar\u0131n\u0131 y\u00fcr\u00fcrl\u00fc\u011fe koyan i\u015fbirlik\u00e7i h\u00fck\u00fcmetler !. Art\u0131 Sivil Toplum diye alt\u0131m\u0131z\u0131 oyan ajanlar ve onlar\u0131n ma\u015falar\u0131n\u0131n ucunda sallananlar. Hepsini toplasan\u0131z 10 bin ki\u015fiyi bulmayacak \u00e7\u00f6mezler, harekete ge\u00e7irilmi\u015fti. <\/span><\/em><\/p>\n<p style=\"text-align: justify;\"><strong><em><span style=\"font-family: arial,helvetica,sans-serif;\">Geride 72 milyon var. \u0130\u015fsiz ve yoksul b\u0131rak\u0131lm\u0131\u015f, dini ve etnik olarak istismar edilip k\u0131\u015fk\u0131rt\u0131lm\u0131\u015f, \u015fehit d\u00fc\u015fm\u00fc\u015f, gazi olmu\u015f, kan kusan, g\u00f6z p\u0131narlar\u0131 akan 72 milyon..<\/span><\/em><\/strong><\/p>\n<p style=\"text-align: justify;\"><em><span style=\"font-family: arial,helvetica,sans-serif;\">Psikolojik sava\u015f\u0131n her t\u00fcrl\u00fcs\u00fcyle kar\u015f\u0131la\u015fm\u0131\u015f, \u00e7ok h\u0131rpalanm\u0131\u015f, ama sa\u011fduyusunu kaybetmemi\u015f, sabr\u0131 defalarca denenmi\u015f bir millet\u2026 Sessiz ama derinden, son anda \u2018YETER\u2019 diyen\u2026 \u0130\u015fte bu nedenle \u201cZAL\u0130M\u201dler bu milletten korkuyor ve oyun \u00fczerine oyun kuruyordu.<\/span><\/em><\/p>\n<p style=\"text-align: justify;\"><span style=\"font-family: arial,helvetica,sans-serif;\"><em>Bu millet art\u0131k Ter\u00f6r\u00fcn Washington ve Br\u00fcksel\u2019den f\u0131\u015fk\u0131rd\u0131\u011f\u0131n\u0131 (<\/em>ve Telaviv\u2019den k\u0131\u015fk\u0131rt\u0131ld\u0131\u011f\u0131n\u0131<em>) biliyordu. Bat\u0131yla ittifak yapanlar\u0131n, e\u015fba\u015fkan olanlar\u0131n bu kan kayb\u0131n\u0131 durduramayaca\u011f\u0131n\u0131 da g\u00f6r\u00fcp anl\u0131yordu. Eyl\u00fcldeki referandum halk\u0131n bu bilincinin keskin bir g\u00f6stergesi olacakt\u0131r. Halk g\u00fcc\u00fcn\u00fcn fark\u0131na vard\u0131\u011f\u0131 zaman ba\u015fka bir d\u00f6nem ba\u015flayacakt\u0131r!<\/em><\/span><\/p>\n<p style=\"text-align: justify;\"><em><span style=\"font-family: arial,helvetica,sans-serif;\">Allah t\u00fcm \u015fehitlerimize RAHMET eylesin!!! Elbette Onlar\u0131n kan\u0131 yerde kalmayacakt\u0131!<\/span><\/em><\/p>\n<p style=\"text-align: justify;\"><strong><span style=\"font-family: arial,helvetica,sans-serif;\">Recep Ba\u015fbakan do\u011fru s\u00f6yl\u00fcyordu. Evet, PKK\u2019da, BDP\u2019de ta\u015ferondu. Ama unutmayal\u0131m as\u0131l ta\u015feronlu\u011fu AKP yap\u0131yordu. Ceyhun Bozkurt\u2019un dikkat \u00e7ekti\u011fi gibi:<\/span><\/strong><\/p>\n<p style=\"text-align: justify;\"><span style=\"font-family: arial,helvetica,sans-serif;\">\u201cT\u00fcrkiye \u015fehitlerine a\u011flarken, <strong>\u201cuzmanlar\u201d <\/strong>da \u00e7\u0131k\u0131p \u015eemdinli ve di\u011fer b\u00f6lgelerdeki sald\u0131r\u0131lar\u0131, PKK&#8217;n\u0131n ne yapmaya \u00e7al\u0131\u015ft\u0131\u011f\u0131n\u0131 yorumluyor, ne yap\u0131lma(ma)s\u0131 gerekti\u011fini anlat\u0131yorlard\u0131. Kafalar, Ba\u015fbakan Recep Erdo\u011fan&#8217;\u0131n da iki g\u00fcn \u00fcst \u00fcste PKK i\u00e7in kulland\u0131\u011f\u0131 <strong>\u201cta\u015feron\u201d <\/strong>ifadesine tak\u0131l\u0131yordu. Hakl\u0131 olarak kamuoyu PKK&#8217;n\u0131n kimin ya da kimlerin ta\u015feronu oldu\u011funu Ba\u015fbakan&#8217;dan a\u00e7\u0131klamas\u0131n\u0131 bekliyordu. Elbette Erdo\u011fan bo\u015fa konu\u015fmuyordu. Bunu ilk defa bu kadar vurgulu yapmas\u0131 da, PKK&#8217;y\u0131 harekete ge\u00e7iren merkezlere bir mesaj niteli\u011fi ta\u015f\u0131yordu. Ancak Ba\u015fbakan d\u0131\u015f\u0131nda bir isim daha bu merkezleri \u00e7ok iyi biliyordu. O isim kim derseniz, siyasi yasakl\u0131 olan ve kapat\u0131lan <strong>DTP&#8217;nin bir d\u00f6nem e\u015fba\u015fkanl\u0131\u011f\u0131n\u0131 yapm\u0131\u015f olan Aysel Tu\u011fluk\u2019tu!<\/strong><\/span><\/p>\n<p style=\"text-align: justify;\"><strong><span style=\"font-family: arial,helvetica,sans-serif;\">Nas\u0131l m\u0131?<\/span><\/strong><\/p>\n<p style=\"text-align: justify;\"><span style=\"font-family: arial,helvetica,sans-serif;\">Hat\u0131rlayal\u0131m, Da\u011fl\u0131ca bask\u0131n\u0131ndan birka\u00e7 g\u00fcn sonras\u0131yd\u0131. 8 askerin ka\u00e7\u0131r\u0131ld\u0131\u011f\u0131 ortaya \u00e7\u0131km\u0131\u015f, DTP&#8217;nin vekilleri Kandil&#8217;e giderek PKK&#8217;l\u0131lar\u0131n \u015fovuyla o askerleri <strong>\u201cteslim\u201d <\/strong>alm\u0131\u015ft\u0131. Milletvekillerinin de bulundu\u011fu heyete Aysel Tu\u011fluk ba\u015fkanl\u0131k ediyordu. Sonras\u0131nda T\u00fcrkiye&#8217;ye d\u00f6n\u00fcld\u00fc. 28 Kas\u0131m 2007 tarihli Yeni \u015eafak gazetesinde Tu\u011fluk&#8217;un aynen \u015fu demeci yay\u0131nland\u0131:<\/span><\/p>\n<p style=\"text-align: justify;\"><strong><span style=\"font-family: arial,helvetica,sans-serif;\">\u201cTamamen o gen\u00e7lerin hayat\u0131yla ilgili kayg\u0131 duydu\u011fum i\u00e7in gitmek gerekti\u011fini d\u00fc\u015f\u00fcnd\u00fcm. \u0130nsani bir refleksti. Ancak giderken duydu\u011fum bu heyecan\u0131, orada uluslararas\u0131 bir kurgu oldu\u011funu fark etti\u011fimde yitirdim. Ne ABD&#8217;nin ne de bu i\u015fe kar\u0131\u015fm\u0131\u015f di\u011fer g\u00fc\u00e7lerin uluslararas\u0131 \u00e7\u0131karlar\u0131na bula\u015fmak istemezdim.\u201d<\/span><\/strong><\/p>\n<p style=\"text-align: justify;\"><span style=\"font-family: arial,helvetica,sans-serif;\">Aysel Tu\u011fluk daha sonra susmu\u015ftu. Ne <strong>\u201culuslararas\u0131 kurgu\u201d <\/strong>meselesini, ne de <strong>\u201cABD ve di\u011fer g\u00fc\u00e7lerin uluslararas\u0131 \u00e7\u0131karlar\u0131\u201d <\/strong>konusunun perde arkas\u0131n\u0131 nedense unutmu\u015ftu.<\/span><\/p>\n<p style=\"text-align: justify;\"><span style=\"font-family: arial,helvetica,sans-serif;\">Belki de \u00f6n\u00fcm\u00fcz\u00fc g\u00f6rmemizi sa\u011flayacak, ter\u00f6rle m\u00fccadele bilin\u00e7leri ayd\u0131nlatacak \u015fifreler, bu s\u00f6zlerde sakl\u0131yd\u0131.<\/span><\/p>\n<p style=\"text-align: justify;\"><strong><span style=\"font-family: arial,helvetica,sans-serif;\">Neydi bu uluslararas\u0131 kurgu? <\/span><\/strong><\/p>\n<p style=\"text-align: justify;\"><span style=\"font-family: arial,helvetica,sans-serif;\">Bu s\u00f6zlerden yakla\u015f\u0131k 2 sene sonras\u0131yd\u0131. Devlet Bakan\u0131 ve Ba\u015fbakan Yard\u0131mc\u0131s\u0131 Ali Babacan&#8217;\u0131n yapt\u0131\u011f\u0131 bir a\u00e7\u0131klama, asl\u0131nda bu uluslararas\u0131 kurgunun i\u015faretlerini veriyordu. Ali Babacan, 24 Ekim 2009&#8217;da kat\u0131ld\u0131\u011f\u0131 bir televizyon program\u0131nda a\u00e7\u0131l\u0131m s\u00fcreci ile ilgili bir soruya \u015fu yan\u0131t\u0131 veriyordu:<\/span><\/p>\n<p style=\"text-align: justify;\"><strong><span style=\"font-family: arial,helvetica,sans-serif;\">\u201cBunun (yani a\u00e7\u0131l\u0131m\u0131n) altyap\u0131s\u0131 2007 y\u0131l\u0131ndaki Da\u011fl\u0131ca bask\u0131n\u0131ndan sonra yap\u0131lan diplomatik \u00e7al\u0131\u015fmalarla ba\u015flad\u0131.\u201d<\/span><\/strong><\/p>\n<p style=\"text-align: justify;\"><span style=\"font-family: arial,helvetica,sans-serif;\">Yani bir anlamda, a\u00e7\u0131l\u0131m Da\u011fl\u0131ca sald\u0131r\u0131s\u0131 ile ba\u015fl\u0131yordu. \u0130\u015fte uluslararas\u0131 kurgunun siyasi boyutu buydu. Peki askeri boyutu var m\u0131yd\u0131?<\/span><\/p>\n<p style=\"text-align: justify;\"><span style=\"font-family: arial,helvetica,sans-serif;\">Y\u0131llar\u0131n gazetecisi Fatih \u00c7ekirge, o sald\u0131r\u0131dan sadece bir g\u00fcn sonra (22 Ekim 2007) H\u00fcrriyet Gazetesi\u2019ndeki k\u00f6\u015fesinde, \u00fcst d\u00fczey bir isimle yapt\u0131\u011f\u0131 g\u00f6r\u00fc\u015fmeyi yaz\u0131yordu. Muhtemelen d\u00f6nemin \u00fcst d\u00fczey bir askeri yetkilisi olan o isim, bak\u0131n \u00c7ekirge\u2019ye sald\u0131r\u0131 ile ilgili neler s\u00f6yl\u00fcyordu:<\/span><\/p>\n<p style=\"text-align: justify;\"><span style=\"font-family: arial,helvetica,sans-serif;\">\u201c<strong>Bunlar d\u00fczenli orduya kar\u015f\u0131 gayri nizami harp taktikleri uygulayan ve gerilla y\u00f6ntemlerini iyi bilen ter\u00f6ristler. Bunlara gerilla diyemiyoruz. \u00c7\u00fcnk\u00fc siyasi bir kimlik al\u0131yorlar. Uygulad\u0131klar\u0131 b\u00fct\u00fcn taktikler gerilla takti\u011fidir. Siste sald\u0131rma, k\u00f6pr\u00fcde k\u0131st\u0131rma, hedef \u00e7evirip yok olma. Kamuflaj ve karanl\u0131ktan yararlanma&#8230; Da\u011fda ya\u015famak kolay de\u011fildir. Bunlar \u00f6zel e\u011fitim alm\u0131\u015flar. Belki de i\u00e7lerinde ba\u015fka uluslara ait \u00f6zel unsurlar var.\u201d<\/strong><\/span><\/p>\n<p style=\"text-align: justify;\"><span style=\"font-family: arial,helvetica,sans-serif;\">Ayn\u0131 isim, sald\u0131r\u0131y\u0131 ger\u00e7ekle\u015ftiren ter\u00f6rist grup i\u00e7inde \u201cABD&#8217;nin e\u011fitti\u011fi pe\u015fmerge unsurlar\u0131n\u0131n oldu\u011fu\u201dnu da a\u00e7\u0131k bir dille ifade ediyordu.<\/span><\/p>\n<p style=\"text-align: justify;\"><strong><span style=\"font-family: arial,helvetica,sans-serif;\">Bask\u0131n\u0131n ard\u0131ndan 5 Kas\u0131m 2007&#8217;de ABD&#8217;de d\u00f6nemin ABD Ba\u015fkan\u0131 George Bush ile Ba\u015fbakan Recep Tayyip Erdo\u011fan bir araya geliyor, bulu\u015fma ile ilgili haberlerde Erdo\u011fan ile Bush aras\u0131nda \u015fu maddeler \u00fczerinde anla\u015fma sa\u011fland\u0131\u011f\u0131 belirtiyordu.<\/span><\/strong><\/p>\n<p style=\"text-align: justify;\"><span style=\"font-family: arial,helvetica,sans-serif;\"><strong>1-\u00a0\u00a0\u00a0\u00a0 <\/strong><strong>Kandil\u2019deki PKK kontrol noktalar\u0131n\u0131n yerine B\u00f6lgesel K\u00fcrt Y\u00f6netimi\u2019ninkilerin kurulmas\u0131,<\/strong><\/span><\/p>\n<p style=\"text-align: justify;\"><span style=\"font-family: arial,helvetica,sans-serif;\"><strong>2-\u00a0\u00a0\u00a0\u00a0 <\/strong><strong>Erbil \u00fczerinden gelen yolcular\u0131n PKK\u2019ya para transferinin engel olunmas\u0131.<\/strong><\/span><\/p>\n<p style=\"text-align: justify;\"><span style=\"font-family: arial,helvetica,sans-serif;\"><strong>3-\u00a0\u00a0\u00a0\u00a0 <\/strong><strong>Mahmur Kamp\u0131\u2019nda kalanlar\u0131n T\u00fcrkiye\u2019ye geri yollanmas\u0131<\/strong><\/span><\/p>\n<p style=\"text-align: justify;\"><span style=\"font-family: arial,helvetica,sans-serif;\"><strong>4-\u00a0\u00a0\u00a0\u00a0 <\/strong><strong>Demokratik \u00c7\u00f6z\u00fcm Partisi gibi PKK \u015fiddetine g\u00f6z yuman Kuzey Irak\u2019taki gruplar\u0131n faaliyetlerinin s\u0131n\u0131rland\u0131r\u0131lmas\u0131,<\/strong><\/span><\/p>\n<p style=\"text-align: justify;\"><span style=\"font-family: arial,helvetica,sans-serif;\"><strong>5-\u00a0\u00a0\u00a0\u00a0 <\/strong><strong>Bunlar\u0131n yap\u0131lmas\u0131na kar\u015f\u0131l\u0131k T\u00fcrkiye\u2019nin b\u00f6lgesel K\u00fcrt Y\u00f6netimi Ba\u015fkan\u0131 Mesut Barzani\u2019yi k\u00f6t\u00fclemekten vazge\u00e7erek do\u011frudan diplomatik g\u00f6r\u00fc\u015fme kanal\u0131n\u0131n a\u00e7\u0131lmas\u0131 i\u00e7in \u00f6zel bir el\u00e7i g\u00f6nderilmesi; Habur\u2019daki prosed\u00fcrleri h\u0131zland\u0131rmas\u0131 ve yeni s\u0131n\u0131r kap\u0131lar\u0131n\u0131 a\u00e7mas\u0131,<\/strong><\/span><\/p>\n<p style=\"text-align: justify;\"><span style=\"font-family: arial,helvetica,sans-serif;\"><strong>6-\u00a0\u00a0\u00a0\u00a0 <\/strong><strong>Mesut Barzani ve Celal Talabani\u2019nin n\u00fcfuzunu kullanarak PKK\u2019n\u0131n 12 ayl\u0131k bir ate\u015fkes ilan etmesini sa\u011flamas\u0131,<\/strong><\/span><\/p>\n<p style=\"text-align: justify;\"><span style=\"font-family: arial,helvetica,sans-serif;\"><strong>7-\u00a0\u00a0\u00a0\u00a0 <\/strong><strong>PKK\u2019n\u0131n bar\u0131\u015f iste\u011fine dair stratejik bir karar almas\u0131,<\/strong><\/span><\/p>\n<p style=\"text-align: justify;\"><span style=\"font-family: arial,helvetica,sans-serif;\"><strong>8-\u00a0\u00a0\u00a0\u00a0 <\/strong><strong>Bunun kar\u015f\u0131l\u0131\u011f\u0131nda 2002 y\u0131l\u0131nda \u00f6rg\u00fcte kat\u0131lanlar\u0131n ilk etapta, komuta sorumlulu\u011fu olmayan kadrolar\u0131n ikinci etapta affedilmesi i\u00e7in yasa \u00e7\u0131kar\u0131lmas\u0131, K\u0131rm\u0131z\u0131 b\u00fclten ile aranan 134 \u00fcst d\u00fczey y\u00f6neticiye bulunduklar\u0131 \u00fclkelere s\u0131\u011f\u0131nmalar\u0131n\u0131n kolayla\u015ft\u0131r\u0131lmas\u0131<\/strong><\/span><\/p>\n<p style=\"text-align: justify;\"><span style=\"font-family: arial,helvetica,sans-serif;\"><strong>9-\u00a0\u00a0\u00a0\u00a0 <\/strong><strong>T\u00fcrkiye\u2019nin PKK ile m\u00fczakere etmeyi reddetti\u011fi i\u00e7in, bu s\u00fcre\u00e7te, \u00fcniter yap\u0131ya ba\u011fl\u0131l\u0131\u011f\u0131n\u0131 ve ter\u00f6rizmi k\u0131nad\u0131\u011f\u0131n\u0131 ilan etmesi halinde DTP\u2019nin me\u015fru ve kabul edilebilir bir muhatap say\u0131lmas\u0131<\/strong><\/span><\/p>\n<p style=\"text-align: justify;\"><span style=\"font-family: arial,helvetica,sans-serif;\"><strong>10-\u00a0 <\/strong><strong>ABD\u2019nin Irak ve B\u00f6lgesel K\u00fcrt Y\u00f6netimi\u2019nin PKK \u00fczerinde etkilerini kullanmalar\u0131 i\u00e7in bask\u0131 yapmas\u0131 ve T\u00fcrkiye\u2019nin siyasi, ekonomik ve g\u00fcvenlik \u00e7\u0131karlar\u0131n\u0131 g\u00f6z \u00f6n\u00fcnde bulundurmas\u0131. (Not: Zafer \u00c7a\u011flayan ba\u015fkanl\u0131\u011f\u0131ndaki T\u00fcrk \u0130\u015fadamlar\u0131n\u0131n Kuzey Irak \u00e7\u0131karmas\u0131 bu anla\u015fma gere\u011fi yap\u0131l\u0131yordu. M.\u00c7.)<\/strong><\/span><\/p>\n<p style=\"text-align: justify;\"><span style=\"font-family: arial,helvetica,sans-serif;\">G\u00fcn\u00fcm\u00fcze kadar bu plan, PKK&#8217;n\u0131n tasfiyesi ve zay\u0131flat\u0131lmas\u0131 d\u0131\u015f\u0131nda ger\u00e7ekle\u015fiyordu. Zaten plan iki ana unsurdan olu\u015fuyordu. Bunlar Barzani ve Talabani ikilisini tan\u0131nmas\u0131, PKK&#8217;y\u0131 beraber tasfiye edip siyasi kimlik ve resmiyet kazand\u0131r\u0131lmas\u0131\u201d oluyordu.<\/span><\/p>\n<p style=\"text-align: justify;\"><span style=\"font-family: arial,helvetica,sans-serif;\">\u00a0Plan yar\u0131 yar\u0131ya ger\u00e7ekle\u015fmi\u015f bulunuyordu. Irak&#8217;\u0131n kuzeyi ile diplomatik ili\u015fkiler kuruluyor, Talabani ve Barzani T\u00fcrkiye&#8217;ye geliyor, \u00fcst d\u00fczeyde a\u011f\u0131rlan\u0131yordu. Ancak plan\u0131n as\u0131l unsuru olan PKK&#8217;n\u0131n tasfiyesi ger\u00e7ekle\u015fmiyordu. \u00c7\u00fcnk\u00fc, ABD&#8217;nin planlad\u0131\u011f\u0131 <strong>\u201ca\u00e7\u0131l\u0131m\u201d,<\/strong> \u00f6zellikle <strong>\u201cHabur rezaleti\u201d<\/strong>nden sonra kamuoyunun direnciyle kar\u015f\u0131la\u015f\u0131yordu. O zaman da a\u00e7\u0131l\u0131m t\u0131kan\u0131yor. PKK&#8217;ya ihtiya\u00e7 duyuluyordu. G\u00fcn\u00fcm\u00fczdeki sald\u0131r\u0131 da belki bu nedenle planlan\u0131yordu. Yeni bir Da\u011fl\u0131ca yaratmak amac\u0131 ta\u015f\u0131yordu.<\/span><\/p>\n<p style=\"text-align: justify;\"><span style=\"font-family: arial,helvetica,sans-serif;\">\u015eifrelerin devam\u0131n\u0131 en iyi bilenlerden biri olan Aysel Tu\u011fluk&#8217;a gelmemiz gerekiyordu. Tu\u011fluk o a\u00e7\u0131klamadan sonra bir daha bu y\u00f6nde hi\u00e7bir konu\u015fma yapm\u0131yordu. Birileri mi susturdu, yoksa Tu\u011fluk bunlar\u0131 a\u00e7\u0131klamay\u0131 zararl\u0131 m\u0131 buldu bilinmiyordu. Ancak Tu\u011fluk konu\u015fursa, sorun \u00e7ok daha iyi anla\u015f\u0131laca\u011fa benziyordu.<\/span><a href=\"#_ftn2\"><span style=\"font-family: arial,helvetica,sans-serif;\">[2]<\/span><\/a><\/p>\n<p style=\"text-align: justify;\"><strong><em><span style=\"font-family: arial,helvetica,sans-serif;\">Bu arada askere yap\u0131lan h\u00fccumlar kar\u015f\u0131s\u0131nda &#8216;Peygamber Oca\u011f\u0131 bu kadar sert ele\u015ftirilmemeli&#8217; \u00a0yakla\u015f\u0131m\u0131na kar\u015f\u0131 \u00e7\u0131kan Zaman Gazetesi yazar\u0131 Ali Bula\u00e7, \u201cPeygamber Oca\u011f\u0131\u201d tan\u0131mlamas\u0131n\u0131n ittihat\u00e7\u0131lar\u0131n en \u00e7ok kulland\u0131\u011f\u0131 ret\u00f6rik metaforu oldu\u011funu ileri s\u00fcr\u00fcyordu.\u00a0<\/span><\/em><\/strong><\/p>\n<p style=\"text-align: justify;\"><span style=\"font-family: arial,helvetica,sans-serif;\"><strong><em>Hz. Muhammed&#8217;in ordusu olmad\u0131\u011f\u0131na i\u015faret eden Bula\u00e7, &#8216;ll. Mahmut&#8217;un Asakir-i Mansure-i Muhammediyye&#8217;yi kurarken geli\u015fen s\u00f6ylem ve \u0130ttihat\u00e7\u0131lar\u0131n bunu peki\u015ftiren retori\u011fi &#8220;peygamber oca\u011f\u0131&#8221;n\u0131 kutsal bir metafor olarak t\u00fcretti&#8217;, &#8216;belirtmek gerekir ki, Hz. Peygamber (sas)&#8217;in ne asker\u00ee birli\u011fi, ne nizam\u00ee bir ordusu ne de asker\u00ee k\u0131\u015flas\u0131 ve kararg\u00e2h\u0131 ve oca\u011f\u0131 vard\u0131&#8217; <\/em><\/strong>diyerek, hem ger\u00e7ekleri \u00e7arp\u0131t\u0131yor, hem de cehaletini sergiliyordu.<\/span><\/p>\n<p style=\"text-align: justify;\"><strong><span style=\"font-family: arial,helvetica,sans-serif;\">\u201cHz. Peygamberin ne askeri bir te\u015fkilat\u0131, ne nizami bir karargah\u0131 ve k\u0131\u015flas\u0131 vard\u0131..\u201d diyenlere sormazlar m\u0131:<\/span><\/strong><\/p>\n<p style=\"text-align: justify;\"><strong><span style=\"font-family: arial,helvetica,sans-serif;\">Peki o zaman Bedir\u2019in Arslanlar\u0131, Uhud\u2019un Kahramanlar\u0131, Mekke Fethi\u2019nin \u015fansl\u0131lar\u0131, ha\u015fa, ordu de\u011fil de \u00e7apulcu alaylar\u0131 m\u0131yd\u0131?<\/span><\/strong><\/p>\n<p style=\"text-align: justify;\"><strong><span style=\"font-family: arial,helvetica,sans-serif;\">Elbette Hz. Peygamber Efendimiz d\u00f6neminde ve \u00f6ncesinde, k\u0131\u015flalarda beslenen resmi askeri birlikler bulunmamaktayd\u0131. Ancak herhangi bir sald\u0131r\u0131 kar\u015f\u0131s\u0131nda sava\u015f ve savunma taktiklerini bilen, bununla ilgili \u00f6zel talimlerle yeti\u015fen ki\u015filerin listelerinin bulundu\u011fu k\u00fct\u00fcklerin ve ilgili g\u00f6revlilerin haz\u0131rland\u0131\u011f\u0131 bir nevi sivil ve g\u00f6n\u00fcll\u00fc ordunun varl\u0131\u011f\u0131 da inkar edilmez tarihi bir hakikatti. Ve zaten o d\u00f6nemlerde bir\u00e7ok devlet ve millet de, zaten k\u0131\u015flalarda beslenip e\u011fitilen resmi asker uygulamas\u0131na ba\u015flamam\u0131\u015ft\u0131.<\/span><\/strong><\/p>\n<p style=\"text-align: justify;\"><strong><span style=\"font-family: arial,helvetica,sans-serif;\">TSK\u2019y\u0131 karalamak ve manevi ba\u011flar\u0131n\u0131 koparmak i\u00e7in \u00e7\u0131rp\u0131nan ve yalakal\u0131\u011f\u0131n\u0131 yapt\u0131\u011f\u0131 Recep Bey\u2019in Kuzey \u0131rak\u2019a \u0130slam d\u00fc\u015fman\u0131 NATO\u2019yu \u00e7a\u011f\u0131rmas\u0131na ses \u00e7\u0131karmayan Amerikantapar zaman yazar\u0131 Ali Bula\u00e7, Mustafa Kemal Atat\u00fcrk\u2019\u00fcn hayranl\u0131kla anlatt\u0131\u011f\u0131: \u201cHz. Muhammed\u2019in A.S. Bedir ve Uhud gibi sava\u015flarda uygulad\u0131\u011f\u0131 \u00e7ok y\u00fcksek askeri stratejileri, \u00fcst\u00fcn sava\u015f taktiklerini\u201d okuyup utanmas\u0131 laz\u0131md\u0131. \u0130slam\u2019daki cihat ruhunu k\u00f6rletmek i\u00e7in \u0130bni Teymiyenin, sald\u0131rgan Mo\u011follara kar\u015f\u0131 verdi\u011fi Mardin fetvas\u0131n\u0131 ge\u00e7ersiz k\u0131lmaya \u00e7al\u0131\u015fan, ama Bedi\u00fczzaman Said Nursi\u2019nin de destekledi\u011fi ve \u201cKutsal cihatt\u0131r\u201d dedi\u011fi, Ankara M\u00fcft\u00fcs\u00fc R\u0131fat B\u00f6rekci\u2019nin tarihi fetvas\u0131na \u015fimdilik ses \u00e7\u0131karamayan \u0131l\u0131ml\u0131 \u0130slamc\u0131 zalim Amerikan kuklalar\u0131n\u0131n, demokrasi k\u0131l\u0131fl\u0131 bu ordu d\u00fc\u015fmanl\u0131klar\u0131 kimlerin u\u015faklar\u0131 olduklar\u0131n\u0131n da ispat\u0131yd\u0131.<\/span><\/strong><\/p>\n<p style=\"text-align: justify;\"><strong><span style=\"font-family: arial,helvetica,sans-serif;\">\u00a0<\/span><\/strong><\/p>\n<p style=\"text-align: justify;\"><br clear=\"all\" \/><\/p>\n<p> <span style=\"font-family: arial,helvetica,sans-serif;\"> <\/p>\n<hr \/>\n<p> <\/span> <\/p>\n<p><a href=\"#_ftnref1\"><span style=\"font-family: arial,helvetica,sans-serif;\">[1]<\/span><\/a><span style=\"font-family: arial,helvetica,sans-serif;\"> www.ensonhaber.com<\/span><\/p>\n<p><a href=\"#_ftnref2\"><span style=\"font-family: arial,helvetica,sans-serif;\">[2]<\/span><\/a><span style=\"font-family: arial,helvetica,sans-serif;\"> Odatv, 22.06.2010<\/span><\/p>\n","protected":false},"excerpt":{"rendered":"<p style=\"text-align: justify;\"><strong><span style=\"font-family: arial,helvetica,sans-serif;\">Buna g\u00f6z g\u00f6re g\u00f6re seyirci kalan, yetkili ve g\u00f6revli oldu\u011fu halde ses \u00e7\u0131karmayan asker ve sivil t\u00fcm b\u00fcrokratlar da bu h\u0131yanet su\u00e7una ortak oluyor!<\/span><\/strong><\/p>\n","protected":false},"author":30,"featured_media":0,"comment_status":"open","ping_status":"closed","sticky":false,"template":"","format":"standard","meta":{"footnotes":""},"categories":[112],"tags":[],"class_list":["post-1856","post","type-post","status-publish","format-standard","hentry","category-agustos-2010"],"_links":{"self":[{"href":"https:\/\/www.millicozum.com\/mc\/wp-json\/wp\/v2\/posts\/1856","targetHints":{"allow":["GET"]}}],"collection":[{"href":"https:\/\/www.millicozum.com\/mc\/wp-json\/wp\/v2\/posts"}],"about":[{"href":"https:\/\/www.millicozum.com\/mc\/wp-json\/wp\/v2\/types\/post"}],"author":[{"embeddable":true,"href":"https:\/\/www.millicozum.com\/mc\/wp-json\/wp\/v2\/users\/30"}],"replies":[{"embeddable":true,"href":"https:\/\/www.millicozum.com\/mc\/wp-json\/wp\/v2\/comments?post=1856"}],"version-history":[{"count":0,"href":"https:\/\/www.millicozum.com\/mc\/wp-json\/wp\/v2\/posts\/1856\/revisions"}],"wp:attachment":[{"href":"https:\/\/www.millicozum.com\/mc\/wp-json\/wp\/v2\/media?parent=1856"}],"wp:term":[{"taxonomy":"category","embeddable":true,"href":"https:\/\/www.millicozum.com\/mc\/wp-json\/wp\/v2\/categories?post=1856"},{"taxonomy":"post_tag","embeddable":true,"href":"https:\/\/www.millicozum.com\/mc\/wp-json\/wp\/v2\/tags?post=1856"}],"curies":[{"name":"wp","href":"https:\/\/api.w.org\/{rel}","templated":true}]}}