{"id":1859,"date":"2010-07-22T14:45:58","date_gmt":"2010-07-22T14:45:58","guid":{"rendered":"https:\/\/www.millicozum.com\/mc\/2010\/07\/22\/emniyet-ve-mitteki-degisimler-hayra-mi-serre-mi-isaretti\/"},"modified":"2010-07-22T14:45:58","modified_gmt":"2010-07-22T14:45:58","slug":"emniyet-ve-mitteki-degisimler-hayra-mi-serre-mi-isaretti","status":"publish","type":"post","link":"https:\/\/www.millicozum.com\/mc\/2010\/agustos-2010\/emniyet-ve-mitteki-degisimler-hayra-mi-serre-mi-isaretti\/","title":{"rendered":"EMN\u0130YET VE M\u0130T\u2019TEK\u0130 DE\u011e\u0130\u015e\u0130MLER, HAYRA MI, \u015eERRE M\u0130 \u0130\u015eARETT\u0130?"},"content":{"rendered":"<p style=\"text-align: justify;\"><strong><span style=\"font-family: arial,helvetica,sans-serif;\">\u0130srail\u2019in Hakan Fidan\u2019\u0131 tenkidi ve takti\u011fi<\/span><\/strong><\/p>\n<p style=\"text-align: justify;\"><strong><span style=\"font-family: arial,helvetica,sans-serif;\">Gazze&#8217;ye yard\u0131m filosunun arkas\u0131nda do\u011frudan T\u00fcrk h\u00fck\u00fcmetinin parma\u011f\u0131n\u0131 arayan \u0130srail yeni M\u0130T M\u00fcste\u015far\u0131 Hakan Fidan&#8217;\u0131 niye hedef alm\u0131\u015ft\u0131?<\/span><\/strong><\/p>\n<p style=\"text-align: justify;\"><strong><span style=\"font-family: arial,helvetica,sans-serif;\">Haaretz gazetesi, \u201c\u0130srail istihbarat servisi Mossad ile di\u011fer g\u00fcvenlik kaynaklar\u0131n\u0131n, yard\u0131m konvoyunun arkas\u0131nda Hakan Fidan\u2019\u0131n olabilece\u011fini d\u00fc\u015f\u00fcnd\u00fc\u011f\u00fcn\u00fc\u201d a\u00e7\u0131klam\u0131\u015ft\u0131.<\/span><\/strong><\/p>\n<p style=\"text-align: justify;\"><strong><span style=\"font-family: arial,helvetica,sans-serif;\">Fidan\u2019\u0131n yard\u0131m filosunu bizzat organize etti\u011fine ili\u015fkin somut bir kan\u0131t bulunmad\u0131\u011f\u0131n\u0131 kaydeden gazete, \u0130srail istihbarat \u00e7evrelerinin buna ra\u011fmen, \u201cHakan Fidan ile Erdo\u011fan\u2019\u0131n AKP\u2019si aras\u0131nda yak\u0131n ba\u011flar bulundu\u011funu\u201d vurgulam\u0131\u015f ve tabi sa\u00e7malam\u0131\u015ft\u0131. \u00d6yle ya ba\u015fka t\u00fcrl\u00fc nas\u0131l olacakt\u0131!..<\/span><\/strong><\/p>\n<p style=\"text-align: justify;\"><strong><span style=\"font-family: arial,helvetica,sans-serif;\">Mossad yetkilileriyle di\u011fer siyasi-g\u00fcvenlik kurumlar\u0131 aras\u0131nda yap\u0131lan toplant\u0131larda \u201cFidan\u2019\u0131n AKP h\u00fck\u00fcmetiyle yak\u0131n ba\u011flar\u0131 \u00fczerinde duruldu\u011funu\u201d kaydeden Haaretz, \u201cyeni M\u0130T m\u00fcste\u015far\u0131n\u0131n T\u00fcrk-\u0130ran yak\u0131nla\u015fmas\u0131nda ve \u00f6zellikle de n\u00fckleer faaliyet konusunda merkezi rol oynad\u0131\u011f\u0131n\u0131\u201d ortaya atm\u0131\u015ft\u0131.<\/span><\/strong><\/p>\n<p style=\"text-align: justify;\"><strong><span style=\"font-family: arial,helvetica,sans-serif;\">Haaretz, Fidan\u2019\u0131n M\u0130T M\u00fcste\u015farl\u0131\u011f\u0131\u2019na atanmas\u0131n\u0131n, Erdo\u011fan\u2019\u0131n T\u00fcrkiye\u2019deki sivil istihbarat unsurlar\u0131 \u00fczerindeki kontrol\u00fcn\u00fc, hem d\u0131\u015f politika hem de savunma politikalar\u0131 a\u00e7\u0131s\u0131ndan art\u0131raca\u011f\u0131n\u0131 ve \u201cAKP iktidar\u0131na kar\u015f\u0131 tehdit olu\u015fturan ordu istihbarat\u0131na kar\u015f\u0131 kendisine imkan ve avantaj sa\u011flayaca\u011f\u0131n\u0131 yazm\u0131\u015ft\u0131. <\/span><\/strong><\/p>\n<p style=\"text-align: justify;\"><strong><span style=\"font-family: arial,helvetica,sans-serif;\">T\u00fcrk ve \u0130srail istihbarat servisleri aras\u0131ndaki ili\u015fkilerin son g\u00fcnlere kadar gayet iyi gitti\u011fini yazan Haaretz, \u201cT\u00fcrkiye, \u0130ran, Brezilya aras\u0131ndaki n\u00fckleer takas anla\u015fmas\u0131n\u0131 D\u0131\u015fi\u015fleri Bakan\u0131 Ahmet Davuto\u011flu ile birlikte organize eden ismin Hakan Fidan oldu\u011funu\u201d ileri s\u00fcrd\u00fckten sonra: \u201c\u0130srail\u2019de Hakan Fidan\u2019\u0131n i\u015fba\u015f\u0131na gelmesiyle ilgili iki endi\u015fe var: 1- \u0130srail iki \u00fclke aras\u0131ndaki istihbarat al\u0131\u015fveri\u015finin zarar g\u00f6rece\u011fini d\u00fc\u015f\u00fcn\u00fcyor. 2-Di\u011fer taraftan, \u0130srail\u2019in, T\u00fcrkiye\u2019ye verdi\u011fi istihbarat\u0131n d\u00fc\u015fman \u00f6rg\u00fct veya \u00fclkelere aktar\u0131labilece\u011fi endi\u015fesiyle T\u00fcrkiye\u2019ye verdi\u011fi istihbarat\u0131 kesebilece\u011fi konu\u015fuluyor\u201d diyerek kafa kar\u0131\u015ft\u0131rm\u0131\u015ft\u0131.<\/span><a href=\"#_ftn1\"><strong><span style=\"font-family: arial,helvetica,sans-serif;\">[1]<\/span><\/strong><\/a><\/strong><\/p>\n<p style=\"text-align: justify;\"><span style=\"font-family: arial,helvetica,sans-serif;\">\u015eimdi Acaba:<\/span><\/p>\n<ol>\n<li>\n<div style=\"text-align: justify;\"><span style=\"font-family: arial,helvetica,sans-serif;\">\u0130srail, ger\u00e7ekten M\u0130T\u2019in ba\u015f\u0131na Hakan Fidan\u2019\u0131n atanmas\u0131ndan rahats\u0131z m\u0131yd\u0131? Yoksa Ona kolay \u00e7al\u0131\u015fma ortam\u0131 m\u0131 haz\u0131rlamaktayd\u0131? \u015e\u00fcphemizi mazur g\u00f6r\u00fcn, \u00e7\u00fcnk\u00fc M\u0130T\u2019le MOSSAD\u2019\u0131n yak\u0131n irtibat\u0131 dillere destand\u0131.<\/span><\/div>\n<\/li>\n<li>\n<div style=\"text-align: justify;\"><span style=\"font-family: arial,helvetica,sans-serif;\">Yoksa MOSSAD\u2019<st1:personname productid=\"la CIA\" w:st=\"on\">la CIA<\/st1:personname> (\u0130srail\u2019le-ABD) aras\u0131nda ciddi bir \u00e7atlak m\u0131 ba\u015flam\u0131\u015ft\u0131? \u00c7\u00fcnk\u00fc Hakan Fidan\u2019\u0131n Amerika\u2019da \u00f6zel e\u011fitilip olgunla\u015ft\u0131r\u0131ld\u0131\u011f\u0131 ilgilenenlerin malumlar\u0131yd\u0131.<\/span><\/div>\n<\/li>\n<li>\n<div style=\"text-align: justify;\"><span style=\"font-family: arial,helvetica,sans-serif;\">Kald\u0131 ki Gazze\u2019ye yard\u0131m konvoyu konusunda AKP h\u00fck\u00fcmetiyle \u0130srail (yani M\u0130T\u2019le MOSSAD) aras\u0131nda ortak bilgi ak\u0131\u015f\u0131n\u0131n varl\u0131\u011f\u0131 zaten konu\u015fulup yaz\u0131lmaktayd\u0131. Yani Hakan Fidan\u2019\u0131n \u00f6yle gizli bir hareket planlamas\u0131na ihtiya\u00e7 kalmam\u0131\u015ft\u0131. \u00dcstelik bundan d\u00fcnya alem haberdard\u0131.<\/span><\/div>\n<\/li>\n<li>\n<div style=\"text-align: justify;\"><span style=\"font-family: arial,helvetica,sans-serif;\">En \u00f6nemlisi ise: AKP\u2019nin, \u201cordu istihbarat\u0131na kar\u015f\u0131 M\u0130T\u2019i daha g\u00fc\u00e7l\u00fc k\u0131lma ve kontrol\u00fcne alma\u201d\u00a0 iddias\u0131yd\u0131. Bunun i\u00e7in \u00f6teden beri alt yap\u0131 haz\u0131rlanmakta ve AKP, TSK\u2019n\u0131n kolunu kanad\u0131n\u0131 k\u0131rma \u00e7abas\u0131ndayd\u0131. \u0130yi de \u0130srail ve ABD\u2019nin TSK\u2019dan de\u011fil, AKP\u2019den yana oldu\u011fu da inkar edilmez bir vak\u0131ayd\u0131.<\/span><\/div>\n<\/li>\n<\/ol>\n<p style=\"text-align: justify;\"><strong><span style=\"font-family: arial,helvetica,sans-serif;\">Bu nedenle \u0130srail Haaretz Gazetesinin yazd\u0131klar\u0131 bize g\u00f6re tersinden okunmal\u0131yd\u0131.<\/span><\/strong><\/p>\n<p style=\"text-align: justify;\"><strong><span style=\"font-family: arial,helvetica,sans-serif;\">Yoksa M\u0130T\u2019in b\u00fct\u00fcn\u00fcyle Milli etkili, stratejik birikim ve becerikli bir konuma ula\u015fmas\u0131 elbette haysiyet sahibi herkesin arzusu oldu\u011fu unutulmamal\u0131yd\u0131.<\/span><\/strong><\/p>\n<p style=\"text-align: justify;\"><strong><span style=\"font-family: arial,helvetica,sans-serif;\">Askerden \u00fc\u00e7 a\u015famal\u0131 \u0130srail plan\u0131 ve AKP\u2019li Milli Savunma Bakan\u0131n\u0131n aksi tepkisi!<\/span><\/strong><\/p>\n<p style=\"text-align: justify;\"><span style=\"font-family: arial,helvetica,sans-serif;\">10 T\u00fcrk vatanda\u015f\u0131n\u0131n \u00f6l\u00fcm\u00fcne neden olan \u0130srail&#8217;e y\u00f6nelik 3 a\u015famal\u0131 askeri plan \u00fczerinde \u00e7al\u0131\u015f\u0131ld\u0131\u011f\u0131 belirlenmi\u015fti.<\/span><\/p>\n<p style=\"text-align: justify;\"><span style=\"font-family: arial,helvetica,sans-serif;\">Sabah gazetesinin haberine g\u00f6re<\/span><a href=\"#_ftn2\"><span style=\"font-family: arial,helvetica,sans-serif;\">[2]<\/span><\/a><span style=\"font-family: arial,helvetica,sans-serif;\">, TSK&#8217;n\u0131n \u0130srail stratejisinde, k\u0131sa vadede tatbikatlar\u0131n iptali, orta vadede savunma sanayisi projelerinin ertelenmesi, uzun vadede ise askeri anla\u015fmalar\u0131n\u0131n irdelenmesi g\u00fcndemdeydi.<\/span><\/p>\n<p style=\"text-align: justify;\"><span style=\"font-family: arial,helvetica,sans-serif;\">Genelkurmay Ba\u015fkanl\u0131\u011f\u0131, \u0130srail&#8217;e olan tepkisini ilk olarak Anadolu Kartal\u0131 Tatbikat\u0131&#8217;nda g\u00f6stermi\u015fti. \u0130srail&#8217;in Ekim 2010 tarihinde yap\u0131lacak Anadolu Kartal\u0131 Tatbikat\u0131&#8217;na yapt\u0131\u011f\u0131 ba\u015fvuruyu 1 ayd\u0131r beklemede tutan TSK, Gazze&#8217;de ya\u015fananlardan sonra Tel-Aviv&#8217;in talebini reddetmi\u015fti. K\u0131sa vadede TSK&#8217;n\u0131n bundan sonra d\u00fczenleyece\u011fi uluslararas\u0131 kat\u0131l\u0131ml\u0131 tatbikatlara \u0130srail davet edilmeyecekti.<\/span><\/p>\n<p style=\"text-align: justify;\"><span style=\"font-family: arial,helvetica,sans-serif;\">Orta vadede krizin s\u00fcrmesi, \u0130srail taraf\u0131n\u0131n &#8220;\u00f6z\u00fcr dilememesi&#8221; halinde savunma sanayi projeleri masaya yat\u0131r\u0131l\u0131p irdelenecekti. Bu ama\u00e7la ilk olarak iki \u00fclke aras\u0131ndaki en b\u00fcy\u00fck projelerinden biri olan \u00fc\u00e7\u00fcnc\u00fc d\u00fcnya \u00fclkelerindeki M-60 tanklar\u0131n\u0131n ortak modernizasyonu da ertelenmi\u015fti.<\/span><\/p>\n<p style=\"text-align: justify;\"><span style=\"font-family: arial,helvetica,sans-serif;\">Uzun vadede ise \u0130srail ile askeri i\u015fbirli\u011fi kapsam\u0131nda imzalanan toplam 9 anla\u015fman\u0131n ciddi \u015fekilde irdelenmesi. \u0130srail gemilerinin T\u00fcrkiye&#8217;deki deniz \u00fcslerine giri\u015flerine k\u0131s\u0131tlama getirilmesi, Misafir askeri \u00f6\u011frenci ve subaylar\u0131n T\u00fcrkiye&#8217;de e\u011fitim almalar\u0131n\u0131 \u00f6ng\u00f6ren anla\u015fmalar\u0131n revize edilmesi, TSK\u2019n\u0131n g\u00fcndemindeydi. Ordunun bu haysiyetli giri\u015fimlerine kar\u015f\u0131 AKP\u2019li Milli Savunma Bakanl\u0131\u011f\u0131\u2019ndan bunlar\u0131n tersi ve \u0130srail\u2019e teslimiyet\u00e7i bir a\u00e7\u0131klama gelmesi dikkat \u00e7ekiciydi.<\/span><\/p>\n<p style=\"text-align: justify;\"><strong><span style=\"font-family: arial,helvetica,sans-serif;\">M\u0130T\u2019in i\u015flevi ve i\u015fleyi\u015fi<\/span><\/strong><\/p>\n<p style=\"text-align: justify;\"><strong><em><span style=\"font-family: arial,helvetica,sans-serif;\">Hakk\u0131ndaki ezber yorumlar\u0131 bir zemine oturtmak i\u00e7in \u00f6nce i\u00e7inden ge\u00e7ti\u011fimiz bu viraj\u0131n ad\u0131n\u0131 do\u011fru koymak gerekiyordu. Bu viraj\u0131n ad\u0131: \u201cistihbarat\u0131n yeniden organizasyonu\u201dydu.<\/span><\/em><\/strong><\/p>\n<p style=\"text-align: justify;\"><strong><em><span style=\"font-family: arial,helvetica,sans-serif;\">Ve bu viraj devletin i\u00e7indeki b\u00fct\u00fcn alan \u00e7eki\u015fmelerine ra\u011fmen; Yeni Devlet&#8217;in mutabakat\u0131 ile al\u0131n\u0131yordu. Bu s\u00fcreci sadece AKP tabanl\u0131 okumak; AKP fenomeninin bir neden de\u011fil, sonu\u00e7 oldu\u011fu ger\u00e7e\u011fini g\u00f6zard\u0131 etmekle e\u015fanlaml\u0131d\u0131r. Hatal\u0131 bir analiz olacakt\u0131r.<\/span><\/em><\/strong><\/p>\n<p style=\"text-align: justify;\"><strong><em><span style=\"font-family: arial,helvetica,sans-serif;\">Medyada \u00e7\u0131kan haberler do\u011fruysa, Hakan Fidan&#8217;\u0131n &#8220;yeniden organizasyon&#8221; projesine kafa yordu\u011fu; T\u00fcrkiye\u2019de istihbarat\u0131n i\u00e7 ve d\u0131\u015f istihbarat gibi iki farkl\u0131 kola ayr\u0131lmas\u0131 ve elektronik istihbarat i\u00e7in ABD&#8217;nin NSA kurumu benzeri bir kurum kurulmas\u0131 gibi konulara yo\u011funla\u015ft\u0131\u011f\u0131 anla\u015f\u0131lmaktad\u0131r.<\/span><\/em><\/strong><\/p>\n<p style=\"text-align: justify;\"><strong><em><span style=\"font-family: arial,helvetica,sans-serif;\">Bu tespitlerin do\u011frulu\u011fu veya yanl\u0131\u015fl\u0131\u011f\u0131; yurtd\u0131\u015f\u0131ndaki di\u011fer istihbarat te\u015fkilatlar\u0131n\u0131n hangi y\u00f6nleri ile \u00f6rnek al\u0131nmas\u0131 gerekti\u011fi tart\u0131\u015fmas\u0131, bu yaz\u0131n\u0131n kapsam\u0131 d\u0131\u015f\u0131ndad\u0131r.<\/span><\/em><\/strong><\/p>\n<p style=\"text-align: justify;\"><strong><em><span style=\"font-family: arial,helvetica,sans-serif;\">T\u00fcrkiye gibi bir \u00fclkede i\u00e7 ve d\u0131\u015f istihbarat\u0131 ay\u0131rman\u0131n; ABD&#8217;nin jeopoliti\u011fi ile T\u00fcrkiye&#8217;nin jeopoliti\u011fini ayn\u0131 kefeye koyan yanl\u0131\u015f bir yakla\u015f\u0131m oldu\u011fu savunulabilir fakat Hakan Fidan&#8217;\u0131n bu \u00fclkeye yapabilece\u011fi en b\u00fcy\u00fck hizmet \u00e7ok daha temel bir konuda yatmaktad\u0131r.<\/span><\/em><\/strong><\/p>\n<p style=\"text-align: justify;\"><strong><em><span style=\"font-family: arial,helvetica,sans-serif;\">Onu da \u015fu soru i\u00e7inde aramal\u0131d\u0131r: Acaba istihbarat\u0131n \u00fclke dinamiklerinde rol\u00fc ne olmal\u0131d\u0131r?<\/span><\/em><\/strong><\/p>\n<p style=\"text-align: justify;\"><strong><em><span style=\"font-family: arial,helvetica,sans-serif;\">&#8220;The Good Shepherd&#8221; filminde; CIA&#8217;in kurulu\u015f y\u0131llar\u0131n\u0131 ele alan; ABD istihbarat tarihinin \u00f6nemli isimlerinden Sullivan&#8217;\u0131 oynayan Robert De Niro, \u00e7aylak Matt Damon&#8217;a kurdu\u011fu servisin geldi\u011fi nokta hakk\u0131nda \u015fikayet ederken \u015fu c\u00fcmleyi kullanm\u0131\u015ft\u0131:<\/span><\/em><\/strong><\/p>\n<p style=\"text-align: justify;\"><strong><em><span style=\"font-family: arial,helvetica,sans-serif;\">&#8220;Ben bu servisi Amerikan&#8217;\u0131n g\u00f6z\u00fc ve kula\u011f\u0131 olsun diye kurdum; kalbi ve beyni olsun diye de\u011fil&#8221;<\/span><\/em><\/strong><\/p>\n<p style=\"text-align: justify;\"><strong><em><span style=\"font-family: arial,helvetica,sans-serif;\">Bir istihbarat te\u015fkilat\u0131n\u0131n o \u00fclkenin \u00e7\u0131karlar\u0131 i\u00e7in g\u00f6z\u00fc ve kula\u011f\u0131 olmaktan \u00e7\u0131k\u0131p; o \u00fclkenin kaderini belirleyen kararlar\u0131 almaya ba\u015flayan bir beyin ve kalbe d\u00f6n\u00fc\u015fmesi, \u00fclke ve istihbarat te\u015fkilat\u0131 i\u00e7in sorunun ba\u015flad\u0131\u011f\u0131 noktay\u0131 olu\u015fturmaktad\u0131r.<\/span><\/em><\/strong><\/p>\n<p style=\"text-align: justify;\"><strong><em><span style=\"font-family: arial,helvetica,sans-serif;\">D\u00fcnyada siyaset kurumu ile istihbarat te\u015fkilatlar\u0131 aras\u0131nda \u00f6zellikle 11 Eyl\u00fcl\u2019den sonra, \u015fiddeti artan bir kavga ya\u015fanmaktad\u0131r. \u0130stihbarat te\u015fkilatlar\u0131n\u0131n siyaseti bizzat y\u00f6nlendirmeye \u00e7al\u0131\u015ft\u0131\u011f\u0131, hatta bizzat devlet ba\u015fkanlar\u0131, siyaset liderleri atad\u0131\u011f\u0131 ve haz\u0131rlay\u0131p pazarlad\u0131\u011f\u0131 bu s\u00fcre\u00e7, olduk\u00e7a kar\u0131\u015f\u0131k ve karanl\u0131kt\u0131r. <\/span><\/em><\/strong><\/p>\n<p style=\"text-align: justify;\"><strong><em><span style=\"font-family: arial,helvetica,sans-serif;\">\u00a0&#8220;Bir CIA Ajan\u0131 Olarak Obama&#8221;n\u0131n rol\u00fc a\u00e7\u0131k\u00e7a ortadad\u0131r.<\/span><\/em><\/strong><\/p>\n<p style=\"text-align: justify;\"><strong><em><span style=\"font-family: arial,helvetica,sans-serif;\">T\u00fcrkiye&#8217;de ise durumun pek farkl\u0131 olmad\u0131\u011f\u0131 bug\u00fcne kadar bir\u00e7ok ciddi iddiaya konu olmu\u015f durumdad\u0131r.<\/span><\/em><\/strong><\/p>\n<p style=\"text-align: justify;\"><span style=\"font-family: arial,helvetica,sans-serif;\"><strong><em>Bah\u00e7eli hakk\u0131nda T\u00fcrke\u015f&#8217;in mektubu; Baykal hakk\u0131nda Hulki Cevizo\u011flu&#8217;nun kitab\u0131nda yer verdi\u011fi ve bug\u00fcne kadar yalanlanmayan iddia ve Tayyip Erdo\u011fan&#8217;\u0131n siyasi geli\u015fim \u00e7izgisindeki &#8220;ola\u011fan\u00fcst\u00fc tesad\u00fcfler&#8221; masaya yat\u0131r\u0131ld\u0131\u011f\u0131nda; T\u00fcrkiye&#8217;de siyasetin istihbarat\u0131n g\u00f6lgesi alt\u0131nda b\u00fcy\u00fcmeye \u00e7al\u0131\u015fan c\u0131l\u0131z bir fidan oldu\u011fu tezi g\u00fc\u00e7 kazan\u0131r. <\/em><\/strong><strong>\u00dcstelik, maalesef bu istihbarat yabanc\u0131 ortaklar\u0131n bir \u015fubesi gibi \u00e7al\u0131\u015f\u0131yorsa, durum daha da karma\u015f\u0131kt\u0131r.<\/strong><\/span><\/p>\n<p style=\"text-align: justify;\"><strong><em><span style=\"font-family: arial,helvetica,sans-serif;\">T\u00fcrkiye&#8217;de bir \u015fekilde bug\u00fcne kadar hep &#8220;Devletin Adamlar\u0131&#8221;\u00a0 siyasetin k\u00f6\u015felerine yerle\u015ftirilmi\u015f durumdad\u0131r.<\/span><\/em><\/strong><\/p>\n<p style=\"text-align: justify;\"><strong><em><span style=\"font-family: arial,helvetica,sans-serif;\">Keza; \u00fclkenin siyasi g\u00fcndeminde ba\u015fk\u00f6\u015feye oturtulan bir\u00e7ok uzun s\u00fcreli dosyalar da yine istihbarat\u0131n mutfa\u011f\u0131ndan \u00e7\u0131km\u0131\u015ft\u0131r. M\u0130T&#8217;in eski ba\u015fkan yard\u0131mc\u0131lar\u0131ndan Cevat \u00d6ne\u015f&#8217;in; &#8220;K\u00fcrt A\u00e7\u0131l\u0131m\u0131&#8221;&#8216;n\u0131n 90&#8217;lar\u0131n sonunda M\u0130T b\u00fcnyesinde pi\u015firildi\u011fini a\u00e7\u0131klad\u0131\u011f\u0131 r\u00f6portajlar\u0131 bu konuda ilgin\u00e7 bir \u00f6rnek olarak kar\u015f\u0131m\u0131zdad\u0131r.<\/span><\/em><\/strong><\/p>\n<p style=\"text-align: justify;\"><strong><em><span style=\"font-family: arial,helvetica,sans-serif;\">Benzer bir \u015fekilde; T\u00fcrkiye&#8217;de toplum m\u00fchendisli\u011finin en etkin \u015fekilde kullan\u0131lan arac\u0131 olan dizilerin devletin istihbarat te\u015fkilatlar\u0131n\u0131n filtrelerinden nas\u0131l ge\u00e7irildi\u011fini sezmekte de kimse zorlanmayacakt\u0131r. &#8220;Kurtlar Vadisi&#8221; bu anlamda ABD&#8217;deki &#8220;24&#8221;&#8216;\u00fcn kar\u015f\u0131l\u0131\u011f\u0131d\u0131r.<\/span><\/em><\/strong><\/p>\n<p style=\"text-align: justify;\"><strong><em><span style=\"font-family: arial,helvetica,sans-serif;\">B\u00fct\u00fcn bu \u00f6rnekler; CIA&#8217;in kurucular\u0131ndan Sullivan&#8217;\u0131n zaman\u0131nda dikkat \u00e7ekti\u011fi tehlikenin k\u00f6k sald\u0131\u011f\u0131n\u0131 ortaya koymaktad\u0131r. <\/span><\/em><\/strong><\/p>\n<p style=\"text-align: justify;\"><strong><em><span style=\"font-family: arial,helvetica,sans-serif;\">M\u0130T; bu \u00fclkenin g\u00f6z\u00fc kula\u011f\u0131 m\u0131 olacak, yoksa beyni ve kalbi mi olacakt\u0131r?<\/span><\/em><\/strong><\/p>\n<p style=\"text-align: justify;\"><strong><em><span style=\"font-family: arial,helvetica,sans-serif;\">Yani, M\u0130T bu \u00fclkede millete ra\u011fmen siyaseti y\u00f6nlendiren bir kurum mu olacak, yoksa siyaset kurumunun sa\u011fl\u0131kl\u0131 kararlar vermesi i\u00e7in do\u011fru analizleri ve verileri \u00fcreten bir kurum konumuna m\u0131 ta\u015f\u0131nacakt\u0131r?<\/span><\/em><\/strong><\/p>\n<p style=\"text-align: justify;\"><strong><em><span style=\"font-family: arial,helvetica,sans-serif;\">Do\u011fas\u0131 gere\u011fi \u015feffaf duvarlar\u0131 de\u011fil, labirentten koridorlar\u0131 olmas\u0131 gereken bir kurumun kontrolden \u00e7\u0131kmas\u0131, k\u0131sa s\u00fcreler i\u00e7in do\u011fal kar\u015f\u0131lanabilir, ama bu k\u0131sa s\u00fcreli sapmalar\u0131n uzun vadeli sistemati\u011fe d\u00f6n\u00fc\u015fmesi, devlet ve millet ad\u0131na ciddi bir kan zehirlenmesine yol a\u00e7maktad\u0131r.<\/span><\/em><\/strong><\/p>\n<p style=\"text-align: justify;\"><strong><em><span style=\"font-family: arial,helvetica,sans-serif;\">Bu nedenle istihbarat te\u015fkilatlar\u0131n\u0131n bir \u00fclkede siyaseti y\u00f6nlendiren ve hatta y\u00f6neten bir konuma gelmeleri \u00e7ok sinsi, g\u00f6r\u00fcnmez bir cuntala\u015fman\u0131n \u00fclkeye hakim olmas\u0131 anlam\u0131n\u0131 ta\u015f\u0131maktad\u0131r.<\/span><\/em><\/strong><\/p>\n<p style=\"text-align: justify;\"><strong><em><span style=\"font-family: arial,helvetica,sans-serif;\">Bu cuntala\u015fma; askeri cuntala\u015fmalardan \u00e7ok daha tehlikeli boyutlara ula\u015fmaktad\u0131r. \u00c7\u00fcnk\u00fc demokrasi perdesi arkas\u0131nda g\u00f6r\u00fcnmez olmaktad\u0131r ve her t\u00fcrl\u00fc me\u015fruiyet zeminini \u00fcretme yetene\u011fine sahip bulunmaktad\u0131r.<\/span><\/em><\/strong><\/p>\n<p style=\"text-align: justify;\"><strong><em><span style=\"font-family: arial,helvetica,sans-serif;\">Aksine \u00e7a\u011fda\u015f \u00fclkelerde siyaset ve h\u00fck\u00fcmetler istihbarat\u0131 denetleyen ve hesap soran noktadad\u0131r. Bu denetim mekanizmas\u0131; \u201cistihbarat platformlar\u0131n\u0131n oksijensiz ve zararl\u0131 organizmalar\u0131n \u00fcremesine m\u00fcsait kapal\u0131 havuzlar\u0131n\u0131\u201d kontroll\u00fc bir \u015fekilde devir daime a\u00e7maktad\u0131r.<\/span><\/em><\/strong><\/p>\n<p style=\"text-align: justify;\"><strong><em><span style=\"font-family: arial,helvetica,sans-serif;\">Sa\u011fl\u0131kl\u0131 demokrasilerde istihbarat te\u015fkilatlar\u0131 o \u00fclkelerin g\u00f6z\u00fc ve kula\u011f\u0131d\u0131r; beyni ve kalbi oldu\u011fu anda \u201csivil ve masonik cuntala\u015fma\u201d ba\u015flamaktad\u0131r.<\/span><\/em><\/strong><\/p>\n<p style=\"text-align: justify;\"><strong><em><span style=\"font-family: arial,helvetica,sans-serif;\">Hakan Fidan&#8217;\u0131n o g\u00f6reve &#8220;getirilen&#8221; bir isim olarak ba\u011f\u0131ms\u0131z bir iradesinin olmad\u0131\u011f\u0131 ortadad\u0131r. Fakat bu yeni ba\u015fkan\u0131n kendisini oraya getiren iradeyi belli oranlarda ikna etmesine engel say\u0131lmamal\u0131d\u0131r.<\/span><\/em><\/strong><\/p>\n<p style=\"text-align: justify;\"><strong><em><span style=\"font-family: arial,helvetica,sans-serif;\">T\u00fcrkiye&#8217;de siyaset, &#8220;m\u00fcttefiklerin&#8221; rahat\u00e7a n\u00fcfuz edebildi\u011fi istihbarat platformlar\u0131 taraf\u0131ndan kurgulanan yapay bir oyun olmaktan \u00e7\u0131kar\u0131l\u0131p; &#8220;m\u00fcttefiklerin&#8221; ayn\u0131 rahatl\u0131kla n\u00fcfuz edemeyece\u011fi kamuoyu dinamiklerinin siyaset \u00fczerinden tecelli etti\u011fi ger\u00e7ek\u00e7i bir yap\u0131ya kavu\u015fturulmal\u0131d\u0131r. <\/span><\/em><\/strong><\/p>\n<p style=\"text-align: justify;\"><strong><em><span style=\"font-family: arial,helvetica,sans-serif;\">Hakan Fidan&#8217;\u0131n M\u0130T&#8217;i Devlet ad\u0131na yeniden nas\u0131l \u015fekillendirece\u011fi, yukar\u0131da tan\u0131mlad\u0131\u011f\u0131m\u0131z temel soruya net bir cevap vermeden anlams\u0131z kalacakt\u0131r.<\/span><\/em><\/strong><\/p>\n<p style=\"text-align: justify;\"><strong><em><span style=\"font-family: arial,helvetica,sans-serif;\">Ekonomi literat\u00fcr\u00fcnde; devletin a\u015f\u0131r\u0131 bor\u00e7lanma ihtiyac\u0131n\u0131n sonunda faizleri yapay bir \u015fekilde yukar\u0131 \u00e7ekip, ekonomiyi bo\u011fmas\u0131na &#8220;crowd out etkisi\u201d tabiri kullan\u0131l\u0131r.<\/span><\/em><\/strong><\/p>\n<p style=\"text-align: justify;\"><strong><em><span style=\"font-family: arial,helvetica,sans-serif;\">Devletin de\u011fi\u015fmeye karar verdi\u011fi konjonkt\u00fcrel virajlarda toplumu ve b\u00fcrokrasiyi yeniden \u015fekillendirme ad\u0131na duydu\u011fu a\u015f\u0131r\u0131 siyaset ihtiyac\u0131 benzer bir \u015fekilde toplumu bo\u011fan bir &#8220;crowd out&#8221; etkisi yaratmaktad\u0131r.<\/span><\/em><\/strong><\/p>\n<p style=\"text-align: justify;\"><strong><em><span style=\"font-family: arial,helvetica,sans-serif;\">Hakan Fidan; devletin siyaset ihtiyac\u0131n\u0131 makul d\u00fczeylere \u00e7ekip, M\u0130T&#8217;i \u00fclkenin g\u00f6z\u00fc ve kula\u011f\u0131 konumuna \u00e7ekmedi\u011fi s\u00fcrece, ger\u00e7ekle\u015ftirilecek her t\u00fcrl\u00fc yeniden organizasyon uzun vadede at\u0131l kalacak; T\u00fcrkiye siyaseti i\u00e7ine girdi\u011fi girdaptan kurtulamayacakt\u0131r.<\/span><\/em><\/strong><\/p>\n<p style=\"text-align: justify;\"><strong><em><span style=\"font-family: arial,helvetica,sans-serif;\">Hakan Fidan astsubay olabilir. AKP d\u00f6neminde atanm\u0131\u015f olabilir ve bunla ba\u011flant\u0131l\u0131 olarak hakl\u0131 yak\u0131\u015ft\u0131rmalar\u0131n hedefi olabilir. En \u00f6nemlisi; Anglo-Sakson ekolle \u00e7ok i\u00e7li d\u0131\u015fl\u0131 olmas\u0131 \u00e7ok daha farkl\u0131 endi\u015feleri beraberinde getirebilir. Bunlar bu a\u015famada spek\u00fclatif ve ezbere yorumlardan ibarettir. \u00dcstelik Murat Yetkin\u2019in yazd\u0131\u011f\u0131 kulise g\u00f6re, MGK\u2019da asker taraf\u0131ndan da \u00f6nerilip tasvip edilmi\u015ftir.<\/span><\/em><\/strong><\/p>\n<p style=\"text-align: justify;\"><strong><em><span style=\"font-family: arial,helvetica,sans-serif;\">Hakan Fidan M\u0130T&#8217;i siyasetin aleti olmaktan \u00e7\u0131kar\u0131p esas g\u00f6rev alan\u0131na \u00e7ekmeyi ba\u015fard\u0131\u011f\u0131 s\u00fcrece bu ezbere yorumlar g\u00fcne\u015f alt\u0131ndaki buz kadar h\u0131zl\u0131 eriyecektir.<\/span><\/em><\/strong><\/p>\n<p style=\"text-align: justify;\"><strong><em><span style=\"font-family: arial,helvetica,sans-serif;\">Aksi takdirde; b\u00fcrokratik \u00f6mr\u00fc M\u0130T d\u0131\u015f\u0131ndaki dengeler kadar, M\u0130T i\u00e7indeki dengelere de ba\u011fl\u0131 olan Fidan M\u0130T&#8217;i \u00f6zg\u00fcn bir modele d\u00f6n\u00fc\u015ft\u00fcrmek yerine; tarihi ba\u015far\u0131s\u0131zl\u0131klar, fiyaskolar,\u00a0 katliamlar ve karga\u015falarla dolu ABD \u0130stihbarat te\u015fkilatlar\u0131n\u0131n k\u00f6t\u00fc bir kopyas\u0131na d\u00f6n\u00fc\u015ft\u00fcrecektir ve bunun vebalini y\u00fcklenecektir.<\/span><\/em><\/strong><\/p>\n<p style=\"text-align: justify;\"><strong><em><span style=\"font-family: arial,helvetica,sans-serif;\">&#8220;Asker siyasetten elini \u00e7eksin&#8221; kli\u015feleri; kendi alan\u0131 ile ilgili g\u00fcvenlik siyaseti bile \u00fcretemeyen bir kurumun geldi\u011fi nokta g\u00f6z \u00f6n\u00fcne al\u0131nd\u0131\u011f\u0131nda bug\u00fcn i\u00e7in art\u0131k ge\u00e7erlili\u011fi olmayan bo\u015f bir tespittir.<\/span><\/em><\/strong><\/p>\n<p style=\"text-align: justify;\"><strong><em><span style=\"font-family: arial,helvetica,sans-serif;\">Fakat T\u00fcrkiye&#8217;nin sa\u011fl\u0131kl\u0131 duyan ve sa\u011fl\u0131kl\u0131 i\u015fiten, ama \u00fclkenin beyni ve kalbi olma i\u015flevini siyaset kurumuna b\u0131rakan, siyaset taraf\u0131ndan denetlenen bir M\u0130T&#8217;e ihtiyac\u0131 kesindir.<\/span><\/em><\/strong><\/p>\n<p style=\"text-align: justify;\"><strong><em><span style=\"font-family: arial,helvetica,sans-serif;\">Neredeyse b\u00fct\u00fcn temel siyasi liderleri ile ilgili M\u0130T ba\u011flant\u0131s\u0131 iddias\u0131 bulunan bir \u00fclkede bu ad\u0131m\u0131 atmay\u0131 yeni M\u0130T ba\u015fkan\u0131n\u0131n ba\u015farabilmesi elbette dile\u011fimizdir.\u201d <\/span><\/em><\/strong><\/p>\n<p style=\"text-align: justify;\"><strong><span style=\"font-family: arial,helvetica,sans-serif;\">Gibi ger\u00e7ek\u00e7i tespitleri ve gerekli tavsiyeleri s\u0131ralayan Behi\u00e7 G\u00fcrcihan, acaba \u015fu \u00f6nemli ve stratejik konular\u0131 neden hi\u00e7 g\u00fcndeme getirmemi\u015fti:<\/span><\/strong><\/p>\n<p style=\"text-align: justify;\"><strong><span style=\"font-family: arial,helvetica,sans-serif;\">Birincisi: Tamamen Milli ve haysiyetli bir iradeye, b\u00f6lgesel ve k\u00fcresel projelere ve bunlar\u0131 uygulayacak; psikolojik (manevi-imani), teknolojik, ekonomik, politik ve askeri g\u00fcce sahip bulunmayan devlet ve h\u00fck\u00fcmetlerin egemen g\u00fc\u00e7lerin g\u00fcd\u00fcm\u00fcnden kurtulmas\u0131, ba\u011f\u0131ms\u0131z ve cayd\u0131r\u0131c\u0131 tedbirler kurgulamas\u0131 imk\u00e2ns\u0131zd\u0131r.<\/span><\/strong><\/p>\n<p style=\"text-align: justify;\"><strong><span style=\"font-family: arial,helvetica,sans-serif;\">Bunun i\u00e7in de, se\u00e7kin beyinlere ve cesaretli bilgelere ihtiyac\u0131 vard\u0131r. Bu noktada 54. TC H\u00fck\u00fcmetinin Ba\u015fbakan\u0131 Prof. Dr. Necmettin Erbakan\u2019\u0131n:<\/span><\/strong><\/p>\n<p style=\"text-align: justify;\"><strong><span style=\"font-family: arial,helvetica,sans-serif;\">\u201cYa b\u00fct\u00fcn d\u00fcnyay\u0131 de\u011fi\u015ftirip d\u00fczeltecek g\u00fcce, projeye ve stratejiye ula\u015facaks\u0131n\u0131z, yoksa de\u011fil bir \u00fclkede bir k\u00f6yde bile ba\u011f\u0131ms\u0131z ve ba\u015far\u0131l\u0131 olamazs\u0131n\u0131z..\u201d<\/span><\/strong><\/p>\n<p style=\"text-align: justify;\"><strong><span style=\"font-family: arial,helvetica,sans-serif;\">S\u00f6zleri olduk\u00e7a \u00e7arp\u0131c\u0131 ve ufuk a\u00e7\u0131c\u0131d\u0131r.<\/span><\/strong><\/p>\n<p style=\"text-align: justify;\"><strong><span style=\"font-family: arial,helvetica,sans-serif;\">\u0130kincisi: Sn. Hakan Fidan\u2019\u0131n astsubayl\u0131\u011f\u0131n\u0131n g\u00fcndeme getirilmesi ise asla bu \u00e7ok \u015ferefli ve \u00f6zverili mesle\u011fi tahkir etmek i\u00e7in de\u011fil, \u201cGerekli e\u011fitim, deneyim ve birikime sahip olmadan, acaba baz\u0131 mahfillerin \u201cH\u0131zland\u0131r\u0131lm\u0131\u015f haz\u0131rlama y\u00f6ntemleriyle\u201d mi bu stratejik kurumun ba\u015f\u0131na getirilmi\u015ftir? Sorusuna dikkat \u00e7ekmek ve tatmin edici yan\u0131tlar\u0131n verilip kamuoyunun rahatland\u0131r\u0131lmas\u0131na yard\u0131mc\u0131 olmak maksad\u0131ylad\u0131r.<\/span><\/strong><\/p>\n<p style=\"text-align: justify;\"><span style=\"font-family: arial,helvetica,sans-serif;\">\u00a0<\/span><\/p>\n<p style=\"text-align: justify;\"><strong><span style=\"font-family: arial,helvetica,sans-serif;\">Avrupa Birli\u011fi\u2019yle uyum bahanesiyle; S\u0131n\u0131r g\u00fcvenli\u011fi TSK\u2019dan al\u0131n\u0131p, Emniyet\u2019e mi verilecekti?<\/span><\/strong><\/p>\n<p style=\"text-align: justify;\"><span style=\"font-family: arial,helvetica,sans-serif;\">AKP iktidar\u0131, &#8220;Entegre S\u0131n\u0131r Y\u00f6netimi&#8221;&#8216; ad\u0131 alt\u0131nda Ordu&#8217;yu s\u0131n\u0131r g\u00fcvenli\u011fi g\u00f6revinden uzakla\u015ft\u0131racak bir &#8220;a\u00e7\u0131l\u0131ma&#8221; giri\u015fmi\u015fti. Projeye al\u0131nmas\u0131 d\u00fc\u015f\u00fcn\u00fclen personel say\u0131s\u0131n\u0131n 50 bin dolay\u0131nda oldu\u011fu s\u00f6ylenmekteydi. \u0130\u00e7i\u015fleri Bakanl\u0131\u011f\u0131\u2019n\u0131n internet sitesinde \u201cT\u00fcrkiye\u2019nin s\u0131n\u0131r y\u00f6netimi sistemini Avrupa Birli\u011fi\u2019nin Entegre S\u0131n\u0131r Y\u00f6netim Politikas\u0131 ile uyumla\u015ft\u0131rmak i\u00e7in T\u00fcrkiye\u2019nin yasal, idari ve teknik kapasitesinin geli\u015ftirilmesi ve g\u00fc\u00e7lendirilmesi ama\u00e7lanmaktad\u0131r\u201d denilmekteydi.<\/span><\/p>\n<p style=\"text-align: justify;\"><span style=\"font-family: arial,helvetica,sans-serif;\">Proje, Tayyip Erdo\u011fan imzas\u0131yla Resmi Gazete\u2019de 26 May\u0131s 2010 tarihinde yay\u0131mlanan bir genelgeyle g\u00fcndeme gelmi\u015fti. Ard\u0131ndan \u0130\u00e7i\u015fleri Bakanl\u0131\u011f\u0131 taraf\u0131ndan 3 Haziran\u2019da \u201cEntegre S\u0131n\u0131r Y\u00f6netimi Eylem Plan\u0131 A\u015fama 1 twinning (E\u015fle\u015ftirme) Projesi\u201d ba\u015fl\u0131\u011f\u0131yla bir toplant\u0131 d\u00fczenlendi. Toplant\u0131ya AB T\u00fcrkiye Delegasyonu Ba\u015fkan\u0131 Marc Pierini, AB Genel Sekreteri B\u00fcy\u00fckel\u00e7i Volkan Bozk\u0131r, \u0130ngiltere B\u00fcy\u00fckel\u00e7isi David Reddaway ve Macaristan B\u00fcy\u00fckel\u00e7isi Istvan Szabo davet edilmi\u015fti. Toplant\u0131da konu\u015fan \u0130\u00e7i\u015fleri Bakan\u0131 Be\u015fir Atalay, bakanl\u0131kta konuyla ilgili \u00f6zel bir birim olu\u015fturuldu\u011funu ve birimin s\u0131n\u0131r y\u00f6netimiyle ilgili \u00e7al\u0131\u015fmalar\u0131 y\u00fcr\u00fctt\u00fc\u011f\u00fcn\u00fc s\u00f6ylemi\u015fti.<\/span><\/p>\n<p style=\"text-align: justify;\"><strong><span style=\"font-family: arial,helvetica,sans-serif;\">Entegre s\u0131n\u0131r y\u00f6netimi y\u00fcksek okulu<\/span><\/strong><\/p>\n<p style=\"text-align: justify;\"><span style=\"font-family: arial,helvetica,sans-serif;\">Atalay, Polis Akademisi\u2019nde bir b\u00f6l\u00fcm a\u00e7\u0131larak s\u0131n\u0131r g\u00fcvenli\u011fi i\u00e7in \u00fcniversite d\u00fczeyinde e\u011fitimin ba\u015flad\u0131\u011f\u0131n\u0131, bu y\u0131lda y\u00fcksek okul a\u00e7\u0131laca\u011f\u0131n\u0131 belirtmi\u015ftir. \u015eu anda \u00fcniversite seviyesinde entegre s\u0131n\u0131r y\u00f6netimi konusunda uzmanlar yeti\u015fiyor. Bu sene, 2010-2011 ders y\u0131l\u0131nda, Ankara ve \u00e7evresinde belki Hasano\u011flan olacak, bir okul binas\u0131 ar\u0131yoruz. Entegre S\u0131n\u0131r Y\u00f6netimi Y\u00fcksek Okulu yapaca\u011f\u0131z, Polis Meslek Okulumuzun bir y\u00fcksek okulu tamamen bu e\u011fitimi verecek. S\u0131n\u0131r y\u00f6netimi uzmanlar\u0131, kolluk y\u00f6neticileri yeti\u015fecek burada. Bunlar\u0131 y\u00fcr\u00fctt\u00fc\u011f\u00fcm\u00fcz proje \u00e7al\u0131\u015fmalar\u0131, strateji ve yasal \u00e7al\u0131\u015fmalar\u0131n bir tamamlay\u0131c\u0131s\u0131 olarak g\u00f6r\u00fcyoruz. Bu konuda yeti\u015fmi\u015f uzman\u0131m\u0131z, eleman\u0131m\u0131z \u00e7o\u011falmal\u0131.<\/span><\/p>\n<p style=\"text-align: justify;\"><strong><span style=\"font-family: arial,helvetica,sans-serif;\">Erdo\u011fan\u2019\u0131n dan\u0131\u015fman\u0131ndan emniyete yeni d\u00fczenleme<\/span><\/strong><\/p>\n<p style=\"text-align: justify;\"><span style=\"font-family: arial,helvetica,sans-serif;\">AKP K\u0131r\u015fehir Milletvekili ve Erdo\u00ad\u011fan&#8217;\u0131n dan\u0131\u015fmanlar\u0131ndan Abdullah \u00c7al\u0131\u015f\u00adkan, 28 May\u0131s 2010 tarihinde Meclis&#8217;e, kanun de\u011fi\u015fikli\u011fi i\u00e7in bir teklif vermi\u015fti. Emniyet te\u015fkilat\u0131nda bir dizi de\u011fi\u015fiklik \u00f6ng\u00f6ren bu teklifin gerek\u00e7e k\u0131sm\u0131nda \u015f\u00f6yle denilmekteydi. \u201c&#8230;43 adet yeni il\u00e7e Emniyet m\u00fcd\u00fcrl\u00fc\u011f\u00fcn\u00fcn kurulmas\u0131 84 yeni il\u00e7e emniyet amirli\u011finin polis sorum\u00adluluk b\u00f6lgesine dahil edilmesi, mevcut yerle\u015fim b\u00f6lgelerindeki n\u00fcfus art\u0131\u015f\u0131 ve b\u00fcy\u00fck\u015fehir belediyesi s\u0131n\u0131rlar\u0131na dahil olan jandarma sorumluluk b\u00f6lgesinin polis sorumluluk b\u00f6lgesine devredilmesi gibi nedenler, emniyet te\u015fkilat\u0131n\u0131n i\u015f y\u00fc\u00adk\u00fcn\u00fc ve personel ihtiyac\u0131n\u0131 s\u00fcrekli art\u0131r\u00admaktad\u0131r.\u201d \u00c7al\u0131\u015fkan&#8217;\u0131n TBMM Plan ve B\u00fct\u00e7e komisyonundan ge\u00e7en kanun teklifiyle,\u00a0 polis meslek e\u011fitimine al\u0131nacaklar da ya\u015f s\u0131n\u0131r\u0131 27\u2019den 28\u2019e, askerlik hizmetinden muaf olanlarda ise 29\u2019dan 30\u2019a y\u00fckseltilmi\u015fti.<\/span><\/p>\n<p style=\"text-align: justify;\"><strong><span style=\"font-family: arial,helvetica,sans-serif;\">Polise iki yeni r\u00fctbe<\/span><\/strong><\/p>\n<p style=\"text-align: justify;\"><span style=\"font-family: arial,helvetica,sans-serif;\">Komisyondan ge\u00e7en teklife g\u00f6re 19 bini ta\u015frada g\u00f6rev yapmak \u00fczere 20 bin yeni polis al\u0131m\u0131 ger\u00e7ekle\u015fecekti. Sunulan kanun teklifinde bir ba\u015fka dikkat \u00e7ekici nokta, polise iki yeni r\u00fctbe \u00f6ng\u00f6r\u00fclmesiydi. \u201cBa\u015fpolis\u201d ve \u201ck\u0131demli ba\u015fpolis\u201d. Emniyet Genel M\u00fcd\u00fcrl\u00fc\u011f\u00fc&#8217;n\u00fcn belirleyece\u011fi ihtiya\u00e7 ve kriterler do\u011frultusunda en az 10 y\u0131l s\u00fcreyle g\u00f6rev yapm\u0131\u015f polis memurlar\u0131 aras\u0131ndan s\u0131navla se\u00e7ilecek polislerden \u201cba\u015f polis\u201d se\u00e7ilecekti. Alt\u0131 y\u0131l s\u00fcreyle bu g\u00f6revi s\u00fcrd\u00fcrm\u00fc\u015f olanlar aras\u0131nda da \u201ck\u0131demli ba\u015f polisler\u201d belirlenecekti.<\/span><\/p>\n<p style=\"text-align: justify;\"><span style=\"font-family: arial,helvetica,sans-serif;\">Polis memuru say\u0131s\u0131nda AKP d\u00f6neminde ya\u015fanan anormal art\u0131\u015f, bu y\u0131l &#8216;patlama&#8217; yaparak devam edecekti. Emniyet Genel M\u00fcd\u00fcrl\u00fc\u011f\u00fc&#8217;nce 2007-2008 d\u00f6neminde 6 bin, 2008-2009 d\u00f6neminde ise 11 bin polis memuru al\u0131nd\u0131\u011f\u0131 bilinmekteydi. Yeni d\u00f6nemde al\u0131nacak polis memuru say\u0131s\u0131 rekor d\u00fczeyde. 20 bindi. Entegre S\u0131n\u0131r Y\u00f6netimi i\u00e7in \u00f6ng\u00f6r\u00fclen 50 bin personel ile birlikte Emniyet Genel M\u00fcd\u00fcrl\u00fc\u011f\u00fc\u2019ndeki 220 binin \u00fczerindeki personel say\u0131s\u0131n\u0131n yakla\u015f\u0131k 300 bini bulmas\u0131 \u015fu soruyu g\u00fcndeme getirmekteydi.<\/span><\/p>\n<p style=\"text-align: justify;\"><strong><span style=\"font-family: arial,helvetica,sans-serif;\">\u00a0<\/span><\/strong><\/p>\n<p style=\"text-align: justify;\"><strong><span style=\"font-family: arial,helvetica,sans-serif;\">Acaba, Ha\u00e7l\u0131 AB\u2019nin ve ABD\u2019nin dayatmas\u0131 ile, TSK\u2019ya alternatif bir polis g\u00fcc\u00fc olu\u015fturularak ve \u00f6zellikle s\u0131n\u0131r g\u00fcvenli\u011fi polisin yetki ve g\u00f6rev sahas\u0131na b\u0131rak\u0131larak, T\u00fcrkiye resmen olmasa bile fikren ve fiilen Avrupa\u2019n\u0131n bir vilayeti ve B\u00fcy\u00fck \u0130srail\u2019in bir eyaleti haline mi getirilmekteydi? Recep T. Erdo\u011fan\u2019\u0131n \u00fcstlendi\u011fi asli g\u00f6revi olan (TC Ba\u015fbakanl\u0131\u011f\u0131 ar\u0131zi ve ge\u00e7ici siyasi r\u00fc\u015fvet ganimetidir) BOP e\u015f ba\u015fkanl\u0131\u011f\u0131 da bu neticeyi has\u0131l etmek i\u00e7in de\u011fil miydi?<\/span><\/strong><\/p>\n<p style=\"text-align: justify;\"><strong><span style=\"font-family: arial,helvetica,sans-serif;\">Yoksa her bak\u0131mdan yeterli, yetkili ve etkili bir polis te\u015fkilat\u0131na sahip olmaktan dolay\u0131 sevinmeyen ve bununla kendini g\u00fcvende hissetmeyen- s\u00fct\u00fc bozuklar hari\u00e7- bir tek vatan evlad\u0131 g\u00f6sterilemezdi.<\/span><\/strong><\/p>\n<p style=\"text-align: justify;\"><strong><span style=\"font-family: arial,helvetica,sans-serif;\">\u00a0<\/span><\/strong><\/p>\n<p style=\"text-align: justify;\"><strong><span style=\"font-family: arial,helvetica,sans-serif;\">\u00a0<\/span><\/strong><\/p>\n<p style=\"text-align: justify;\"><strong><span style=\"font-family: arial,helvetica,sans-serif;\">\u00a0<\/span><\/strong><\/p>\n<p style=\"text-align: justify;\"><strong><span style=\"font-family: arial,helvetica,sans-serif;\">\u00a0<\/span><\/strong><\/p>\n<p style=\"text-align: justify;\"><br clear=\"all\" \/><\/p>\n<p> <span style=\"font-family: arial,helvetica,sans-serif;\"> <\/p>\n<hr \/>\n<p> <\/span> <\/p>\n<p><a href=\"#_ftnref1\"><span style=\"font-family: arial,helvetica,sans-serif;\">[1]<\/span><\/a><span style=\"font-family: arial,helvetica,sans-serif;\"> Milliyet, 07.03.2010<\/span><\/p>\n<p><a href=\"#_ftnref2\"><span style=\"font-family: arial,helvetica,sans-serif;\">[2]<\/span><\/a><span style=\"font-family: arial,helvetica,sans-serif;\"> Sabah, 7 Haziran 2010<\/span><\/p>\n","protected":false},"excerpt":{"rendered":"<p style=\"text-align: justify;\"><strong><span style=\"font-family: arial,helvetica,sans-serif;\">\u0130srail\u2019in Hakan Fidan\u2019\u0131 tenkidi ve takti\u011fi<\/span><\/strong><\/p>\n<p style=\"text-align: justify;\"><strong><span style=\"font-family: arial,helvetica,sans-serif;\">Gazze&#8217;ye yard\u0131m filosunun arkas\u0131nda do\u011frudan T\u00fcrk h\u00fck\u00fcmetinin parma\u011f\u0131n\u0131 arayan \u0130srail yeni M\u0130T M\u00fcste\u015far\u0131 Hakan Fidan&#8217;\u0131 niye hedef alm\u0131\u015ft\u0131?<\/span><\/strong><\/p>\n","protected":false},"author":12,"featured_media":0,"comment_status":"open","ping_status":"closed","sticky":false,"template":"","format":"standard","meta":{"footnotes":""},"categories":[112],"tags":[],"class_list":["post-1859","post","type-post","status-publish","format-standard","hentry","category-agustos-2010"],"_links":{"self":[{"href":"https:\/\/www.millicozum.com\/mc\/wp-json\/wp\/v2\/posts\/1859","targetHints":{"allow":["GET"]}}],"collection":[{"href":"https:\/\/www.millicozum.com\/mc\/wp-json\/wp\/v2\/posts"}],"about":[{"href":"https:\/\/www.millicozum.com\/mc\/wp-json\/wp\/v2\/types\/post"}],"author":[{"embeddable":true,"href":"https:\/\/www.millicozum.com\/mc\/wp-json\/wp\/v2\/users\/12"}],"replies":[{"embeddable":true,"href":"https:\/\/www.millicozum.com\/mc\/wp-json\/wp\/v2\/comments?post=1859"}],"version-history":[{"count":0,"href":"https:\/\/www.millicozum.com\/mc\/wp-json\/wp\/v2\/posts\/1859\/revisions"}],"wp:attachment":[{"href":"https:\/\/www.millicozum.com\/mc\/wp-json\/wp\/v2\/media?parent=1859"}],"wp:term":[{"taxonomy":"category","embeddable":true,"href":"https:\/\/www.millicozum.com\/mc\/wp-json\/wp\/v2\/categories?post=1859"},{"taxonomy":"post_tag","embeddable":true,"href":"https:\/\/www.millicozum.com\/mc\/wp-json\/wp\/v2\/tags?post=1859"}],"curies":[{"name":"wp","href":"https:\/\/api.w.org\/{rel}","templated":true}]}}