{"id":1861,"date":"2010-07-22T15:08:20","date_gmt":"2010-07-22T15:08:20","guid":{"rendered":"https:\/\/www.millicozum.com\/mc\/2010\/07\/22\/yahudayi-tanimayan-ve-islama-dayanmayan-herkes-siyonizmin-hizmetkaridir\/"},"modified":"2010-07-22T15:08:20","modified_gmt":"2010-07-22T15:08:20","slug":"yahudayi-tanimayan-ve-islama-dayanmayan-herkes-siyonizmin-hizmetkaridir","status":"publish","type":"post","link":"https:\/\/www.millicozum.com\/mc\/2010\/agustos-2010\/yahudayi-tanimayan-ve-islama-dayanmayan-herkes-siyonizmin-hizmetkaridir\/","title":{"rendered":"\u201cYAHUDA\u201dYI TANIMAYAN VE \u0130SLAM\u2019A DAYANMAYAN  HERKES S\u0130YON\u0130ZM\u0130N H\u0130ZMETK\u00c2RIDIR!"},"content":{"rendered":"<p style=\"text-align: justify;\"><strong><span style=\"font-family: arial,helvetica,sans-serif;\">Siyonist Yahudiler ve Sabatayist kesimler, \u0130srail\u2019e yerle\u015fmek istemeyen binlerce Yahudi\u2019yi kendileri bat\u0131rm\u0131\u015flard\u0131.<\/span><\/strong><\/p>\n<p style=\"text-align: justify;\"><span style=\"font-family: arial,helvetica,sans-serif;\">1940\u2019ta Romanya\u2019dan ald\u0131\u011f\u0131 342 Yahudi m\u00fclteci ile \u0130stanbul\u2019dan ge\u00e7mek isteyen Salvator teknesi karaya \u00e7\u0131kar\u0131lmad\u0131. Silivri\u2019de f\u0131rt\u0131nadan batm\u0131\u015f ve 219 yolcusu bo\u011fulmu\u015flard\u0131.<\/span><\/p>\n<p style=\"text-align: justify;\"><strong><span style=\"font-family: arial,helvetica,sans-serif;\">Sovyetler mi, \u0130n\u00f6n\u00fc m\u00fc bat\u0131rm\u0131\u015ft\u0131?<\/span><\/strong><\/p>\n<p style=\"text-align: justify;\"><span style=\"font-family: arial,helvetica,sans-serif;\">1941\u2019de \u0130stanbul sular\u0131nda bir gemiye rastland\u0131. Struma adl\u0131 bu gemi 769 Yahudi m\u00fclteci ta\u015f\u0131maktayd\u0131. Gemi, Karadeniz\u2019e \u00e7\u0131kt\u0131\u011f\u0131nda Sovyet denizalt\u0131s\u0131 taraf\u0131ndan veya \u0130n\u00f6n\u00fc\u2019n\u00fcn talimat\u0131yla bat\u0131r\u0131ld\u0131.<\/span><\/p>\n<p style=\"text-align: justify;\"><span style=\"font-family: arial,helvetica,sans-serif;\">Almanya\u2019da Naziler 1933\u2019te iktidara ta\u015f\u0131nd\u0131. Atat\u00fcrk Almanya\u2019ya so\u011fuk bakt\u0131\u011f\u0131 ve beynelmilel politikada \u0130ngiltere\u2019ye yak\u0131n davrand\u0131\u011f\u0131 halde, T\u00fcrkiye\u2019de \u00f6teden beri Alman taraftar\u0131 g\u00fc\u00e7l\u00fc bir ekip vard\u0131. Bunlar\u0131n \u00e7o\u011fu sabataist unsurlard\u0131. \u0130smet \u0130n\u00f6n\u00fc\u2018n\u00fcn de hizmetine girdi\u011fi bu ekip, CHP\u2019ye de h\u00e2kim konumdayd\u0131. Naziler ba\u015fa gelince, hemen T\u00fcrkiye\u2019de de Yahudi aleyhtar\u0131 bir hava esmeye ba\u015flad\u0131. H\u00fck\u00fcmet sefaretlere, \u201cYahudilere vize vermemesi\u201d talimat\u0131n\u0131 yollad\u0131. H\u00e2lbuki tarafs\u0131z oldu\u011fu i\u00e7in, \u0130spanya ve \u0130svi\u00e7re ile beraber T\u00fcrkiye, Yahudilerin ka\u00e7abilece\u011fi ender kap\u0131lardand\u0131. Yahudiler, ya \u0130srail\u2019e yerle\u015fecek, ya da \u00f6l\u00fcme raz\u0131 olacaklard\u0131.<\/span><\/p>\n<p style=\"text-align: justify;\"><strong><span style=\"font-family: arial,helvetica,sans-serif;\">\u201cBizi \u00f6ld\u00fcr\u00fcn, geri g\u00f6ndermeyin\u201d yalvar\u0131\u015flar\u0131<\/span><\/strong><\/p>\n<p style=\"text-align: justify;\"><span style=\"font-family: arial,helvetica,sans-serif;\">1939\u2019da 860 Yahudi m\u00fclteci ta\u015f\u0131yan Parita gemisi \u0130zmir\u2019e s\u0131\u011f\u0131nd\u0131. Yolcular\u0131n \u201cBizi \u00f6ld\u00fcr\u00fcn ama geri g\u00f6ndermeyin\u201d \u00e7\u0131\u011fl\u0131klar\u0131 aras\u0131nda iki polis motoru gemiyi \u0130zmir\u2019den \u00e7\u0131kard\u0131. Ertesi sene Romanya\u2019n\u0131n K\u00f6stence liman\u0131ndan ald\u0131\u011f\u0131 342 Yahudi m\u00fclteci ile \u0130stanbul\u2019dan ge\u00e7mek isteyen 40 ki\u015filik Salvator teknesi de karaya \u00e7\u0131kar\u0131lmad\u0131. Silivri a\u00e7\u0131klar\u0131nda f\u0131rt\u0131nadan batm\u0131\u015f ve 219 yolcusu bo\u011fulmu\u015flard\u0131. Kurtulanlardan 63\u2019\u00fc geri yollanm\u0131\u015ft\u0131. Kalan\u0131 ba\u015fka bir gemiyle Filistin\u2019e ula\u015fm\u0131\u015ft\u0131. \u00d6l\u00fcler soyulduktan sonra Silivri\u2019ye g\u00f6m\u00fclme izni \u00e7\u0131km\u0131\u015ft\u0131. \u0130smet \u0130n\u00f6n\u00fc ve sabataist cuntan\u0131n hedefi, Avrupa \u00fclkelerindeki ve T\u00fcrkiyedeki Yahudileri \u0130sraile g\u00f6\u00e7e zorlamakt\u0131.<\/span><\/p>\n<p style=\"text-align: justify;\"><span style=\"font-family: arial,helvetica,sans-serif;\">Bu faciadan sonra h\u00fck\u00fcmet azami 4500 m\u00fclteci kabul\u00fcne s\u0131cak bakt\u0131. Ancak ayn\u0131 sene \u00fclkedeki b\u00fct\u00fcn gayrim\u00fcslimler entegre maksad\u0131yla tekrar askere al\u0131nd\u0131. Terhis olunanlar Varl\u0131k Vergisi fel\u00e2ketiyle kar\u015f\u0131la\u015ft\u0131. \u00d6deyemeyenler A\u015fkale\u2019ye s\u00fcr\u00fcld\u00fc. 18 Haziran 1941\u2019de T\u00fcrk-Alman Dostluk Anla\u015fmas\u0131 imzaland\u0131. Alman taraftarlar\u0131 bayram ediyordu. T\u00fcrkiye, Alman istihbarat faaliyetlerinin merkezi olarak Nazilere hizmet veriyordu.<\/span><\/p>\n<p style=\"text-align: justify;\"><strong><span style=\"font-family: arial,helvetica,sans-serif;\">Struma facias\u0131<\/span><\/strong><\/p>\n<p style=\"text-align: justify;\"><span style=\"font-family: arial,helvetica,sans-serif;\">15 Aral\u0131k 1941\u2019de \u0130stanbul sular\u0131nda bir gemiye rastland\u0131. Struma adl\u0131 bu gemi 300 \u00e7ocuk ve 200 kad\u0131n olmak \u00fczere 769 Yahudi m\u00fclteci ta\u015f\u0131maktayd\u0131. Naziler Romanya\u2019da 4000 Yahudi\u2019yi katledince, \u00fclkedeki Yahudiler ka\u00e7maktan ba\u015fka \u00e7are bulamam\u0131\u015ft\u0131. Panama band\u0131ral\u0131 bir Bulgar gemisi bunlar\u0131 alm\u0131\u015ft\u0131. 74 ya\u015f\u0131ndaki Struma\u2019n\u0131n, 100 yolcu kapasitesi vard\u0131. Geminin ilanlar\u0131nda Queen Mary transatlanti\u011finin resmi kullan\u0131lm\u0131\u015f ve yolculardan 1000 $ \u00fccret al\u0131nm\u0131\u015ft\u0131. Gemiye binerken polisler \u00fczerlerindeki k\u0131ymetli \u015feyleri de soymu\u015flard\u0131. Gemiye binince kand\u0131r\u0131ld\u0131klar\u0131n\u0131 anlamas\u0131nlar diye,\u00a0 esas geminin a\u00e7\u0131k sularda bekledi\u011fini s\u00f6yleyip kand\u0131rm\u0131\u015flard\u0131. Gemide sadece bir tuvalet ve d\u00f6rt lavabo vard\u0131. Su denizden al\u0131n\u0131yordu. \u00dc\u00e7 g\u00fcnde bir \u00e7ay ve yiyecek olarak herkese bir portakal ile biraz f\u0131st\u0131k ve \u015feker da\u011f\u0131t\u0131lm\u0131\u015ft\u0131. Portakal sand\u0131klar\u0131 yak\u0131larak \u0131s\u0131n\u0131l\u0131yordu. Cankurtaran ve can yele\u011fi k\u00e2fi miktarda yoktu. Yang\u0131n s\u00f6nd\u00fcrme ve telsiz \u00e7al\u0131\u015fm\u0131yordu. Ayd\u0131nlatma motoru ar\u0131zal\u0131yd\u0131.<\/span><\/p>\n<p style=\"text-align: justify;\"><span style=\"font-family: arial,helvetica,sans-serif;\">\u0130stanbul Bo\u011faz\u0131\u2019na gelindi\u011finde geminin motoru \u00e7atlad\u0131. Gemi Sarayburnu a\u00e7\u0131klar\u0131na demirlemek zorunda kald\u0131. \u0130nsanlar\u0131n gemiden ayr\u0131lmas\u0131 ve resm\u00ee vazifeliler d\u0131\u015f\u0131nda karaya \u00e7\u0131k\u0131lmas\u0131 yasakland\u0131. \u0130stanbul Yahudileri bin bir zorlukla h\u00fck\u00fbmetten izin al\u0131p 10 g\u00fcn sonra gemiye yiyecek ta\u015f\u0131d\u0131. Kaptan yolcular\u0131 indirip Bulgaristan\u2019a d\u00f6nmek istiyor; \u0130ngiltere ise Siyonist Yahudilerin s\u0131k\u0131\u015ft\u0131rmas\u0131yla, Filistin\u2019den ba\u015fka bir yere gitmek isteyen Yahudi yolcular\u0131 g\u00f6ndermemesi i\u00e7in Ankara\u2019ya bask\u0131 yap\u0131yordu. \u0130ngiltere sadece 28 \u00e7ocu\u011fa izin verdi. Ama Ankara Siyonistlerin talimat\u0131yla bunlar\u0131n inmesini kabul etmedi. B\u00f6ylece 62 g\u00fcn ge\u00e7ti. Gemiye Karadeniz\u2019e \u00e7\u0131kma emri verildi. Yolcular g\u00fcverteye \u201cYahudi m\u00fclteciler\u201d yaz\u0131l\u0131 bir pankart ve \u201cBizleri kurtar\u0131n\u0131z!\u201d yaz\u0131l\u0131 beyaz bir bayrak a\u00e7\u0131nca, 200 polis gemiye \u00e7\u0131karak tekme tokat g\u00fcvertedeki yolcular\u0131 ambara kapatt\u0131. Geminin \u00e7\u0131pas\u0131 kesilerek Karadeniz\u2019e \u00e7ekildi. Yolcular gemi uzakla\u015f\u0131rken \u201cYa\u015fas\u0131n T\u00fcrkiye Cumhuriyeti! Kurtar\u0131n bizi!\u201d yazan beyaz bir \u00e7ar\u015faf a\u00e7t\u0131larsa da art\u0131k nafileydi.<\/span><\/p>\n<p style=\"text-align: justify;\"><span style=\"font-family: arial,helvetica,sans-serif;\">Gemi Bo\u011faz\u2019dan <st1:metricconverter productid=\"23 mil\" w:st=\"on\">23 mil<\/st1:metricconverter> a\u00e7\u0131\u011fa \u00e7\u0131km\u0131\u015ft\u0131 ki 24 \u015eubat 1942 gecesi kominist Siyonistlerin g\u00fcd\u00fcm\u00fcndeki bir Sovyet denizalt\u0131s\u0131 taraf\u0131ndan bat\u0131r\u0131ld\u0131. Gemiyi bir daha m\u00fclteci gelmesini \u00f6nlemek \u00fczere T\u00fcrklerin bat\u0131rd\u0131\u011f\u0131 da konu\u015fulup yaz\u0131ld\u0131. Nitekim kurtarma \u00e7al\u0131\u015fmas\u0131 yap\u0131lmam\u0131\u015ft\u0131. Geminin may\u0131na \u00e7arpt\u0131\u011f\u0131 da rivayet olundu. Yolcular\u0131n bir k\u0131sm\u0131 patlama ile, bir k\u0131sm\u0131 da so\u011fuk sularda donarak \u00f6l\u00fcyordu. 769 yolcudan sadece 19 ya\u015f\u0131ndaki David Stoilar\u2018\u0131n kurtuldu\u011fu anla\u015f\u0131ld\u0131. Gen\u00e7 ilk geceyi fenerde istirahat ederek ge\u00e7irdi. Sonra asker\u00ee hastaneye g\u00f6t\u00fcr\u00fclerek burada bir h\u00fccrede \u00fc\u00e7 g\u00fcn polis nez\u00e2retinde tutulup sorguya \u00e7ekildi. <br \/>Gemiden ba\u015fka kurtulanlar da vard\u0131. Gemi Karadeniz\u2019e a\u00e7\u0131lmadan Mobil\u2019in Romanya m\u00fcd\u00fcr\u00fc Martin Segall ile e\u015fi ve iki \u00e7ocu\u011fu Vehbi Ko\u00e7\u2019un tavassutu sayesinde karaya \u00e7\u0131kar\u0131lm\u0131\u015ft\u0131. Bir de kanama ge\u00e7iren hamile bir kad\u0131n, Balat Yahudi Hastanesi\u2019ne yat\u0131r\u0131lm\u0131\u015ft\u0131. Demek ki Vehbi Ko\u00e7 ve Sabataist cunta isteseydi hepsini kurtaracak konumdayd\u0131.<\/span><\/p>\n<p style=\"text-align: justify;\"><span style=\"font-family: arial,helvetica,sans-serif;\">H\u00fck\u00fbmet, \u201cfaciadan sorumlu olmad\u0131\u011f\u0131n\u0131, kanun d\u0131\u015f\u0131 yollardan \u00fclkeye girmek isteyenleri engellemekten ba\u015fka bir \u015fey yapmad\u0131\u011f\u0131n\u0131\u201d a\u00e7\u0131klad\u0131. 1943\u2019de Nazilerin i\u015fgalindeki Bulgaristan\u2018dan ka\u00e7an ve Filistin\u2019e gitmek istemeyip ba\u015fka \u00fclkelere s\u0131\u011f\u0131nmay\u0131 planlayan 20 bin Yahudi T\u00fcrkiye\u2019ye sokulmam\u0131\u015ft\u0131. Yunanistan Yahudileri de Nazi i\u015fgali m\u00fcddetince T\u00fcrk h\u00fck\u00fbmetinin kuraca\u011f\u0131 bir kampta ya\u015famay\u0131 teklif ettilerse de, Ankara yana\u015fmad\u0131. Siyonist Yahudilerin g\u00fcd\u00fcm\u00fcndeki \u0130smet \u0130n\u00f6n\u00fc, Avrupa ve Rusya\u2019dan gelen Yahudilerin \u0130srail\u2019in kurulmas\u0131 i\u00e7in Filistin\u2019e yerle\u015fmelerini \u015fart ko\u015fmaktayd\u0131.<\/span><\/p>\n<p style=\"text-align: justify;\"><strong><span style=\"font-family: arial,helvetica,sans-serif;\">Sat\u0131lan vatanda\u015fl\u0131k vesikalar\u0131 <\/span><\/strong><\/p>\n<p style=\"text-align: justify;\"><span style=\"font-family: arial,helvetica,sans-serif;\">Harb esnas\u0131nda yurt d\u0131\u015f\u0131nda ya\u015fayan 3000 kadar Yahudi as\u0131ll\u0131 T\u00fcrk vatanda\u015f\u0131 \u201cKurtulu\u015f Sava\u015f\u0131\u2019na kat\u0131lmamak\u201d ya da \u201cBe\u015f y\u0131ldan fazlad\u0131r konsoloslu\u011fa u\u011framamak\u201d gibi gerek\u00e7elerle vatanda\u015fl\u0131ktan \u00e7\u0131kar\u0131lm\u0131\u015ft\u0131. Bunlardan sadece 114 tanesinin T\u00fcrkiye\u2019ye gelmesine izin \u00e7\u0131km\u0131\u015f ve b\u00f6ylece genositten kurtulmu\u015flard\u0131. O s\u0131ralarda pasaport teslimi kar\u015f\u0131l\u0131\u011f\u0131nda konsolosluklar\u0131n verdi\u011fi T\u00fcrk vatanda\u015fl\u0131k vesikalar\u0131 karaborsada kap\u0131\u015f\u0131lm\u0131\u015ft\u0131. Bununla beraber b\u00fct\u00fcn harb m\u00fcddetince T\u00fcrkiye 17 bin Yahudi\u2019nin Filistin\u2019e g\u00f6\u00e7\u00fcne imkan sa\u011flam\u0131\u015ft\u0131. 1990\u2019larda Struma Facias\u0131\u2019n\u0131n dok\u00fcmanter filminin \u00e7ekilmesine ve d\u0131\u015fi\u015fleri ar\u015fivinde ara\u015ft\u0131rma yap\u0131lmas\u0131na f\u0131rsat tan\u0131nmam\u0131\u015ft\u0131. Yani Siyonistler, B\u00fcy\u00fck \u0130srail hedefine hizmet etmeyen Yahudilere bile asla ac\u0131mam\u0131\u015ft\u0131.<\/span><\/p>\n<p style=\"text-align: justify;\"><strong><span style=\"font-family: arial,helvetica,sans-serif;\">\u00d6nce Masonluktan ba\u015flamak laz\u0131md\u0131r.<\/span><\/strong><\/p>\n<p style=\"text-align: justify;\"><strong><span style=\"font-family: arial,helvetica,sans-serif;\">\u00c7\u00fcnk\u00fc Masonluk; siyonizmin, yani Yahudilerin \u015feytani hakimiyet projelerinin, farkl\u0131 \u00fclkelerdeki karakollar\u0131d\u0131r. Masonluk dinsizlik ve Darwinizm temelli, ama hitap ettikleri halklar\u0131 \u00fcrk\u00fctmemek i\u00e7in kendilerini gizleyen m\u00fcnaf\u0131k karakterli h\u0131yanet ocaklar\u0131d\u0131r. Mustafa Kemal Masonlar\u0131n i\u015fte bu \u015ferli ve kirli mahiyetlerini fark etti\u011fi i\u00e7in Localar\u0131n\u0131 kapatm\u0131\u015f ve faaliyetlerini yasaklam\u0131\u015ft\u0131r. Ama bu cesaretli ve ferasetli giri\u015fimi, Onun gizlice ve tedricen zehirlenip \u00f6ld\u00fcr\u00fclmesine yol a\u00e7m\u0131\u015ft\u0131r.<\/span><\/strong><\/p>\n<p style=\"text-align: justify;\"><strong><span style=\"font-family: arial,helvetica,sans-serif;\">Arkas\u0131ndan TBMM 1. d\u00f6nem milletvekilli\u011finde bulunan, Sa\u011fl\u0131k Bakanl\u0131\u011f\u0131 yapan ve Lozan anla\u015fmas\u0131na T\u00fcrkiye 2. delegesi olarak kat\u0131lan ve Atat\u00fcrk\u2019\u00fcn milli ve manevi hedeflere y\u00f6nelmesi \u00fczerine Ona cephe a\u00e7an ve \u201cHayat ve Hat\u0131rat\u0131m\u201d diye \u00fc\u00e7 cilt kitap haz\u0131rlay\u0131p, akla ve ahlaka ayk\u0131r\u0131 iftiralarla Mustafa Kemal\u2019i karalamaya \u00e7al\u0131\u015fan ve bu arada do\u011fruculuk taslamak i\u00e7in, han\u0131m\u0131n\u0131n kendisini nas\u0131l aldatt\u0131\u011f\u0131n\u0131 ve hangi rezalet ve melanetlere kat\u0131ld\u0131\u011f\u0131n\u0131 da aktaran Dr. R\u0131za Nur da, 24 Aral\u0131k 1923 tarihinde \u0130stanbul Murat. Muh. Mahfelinde 43. Mat. Numaras\u0131yla takris edilip Masonlu\u011fa kat\u0131lan bir adamd\u0131r. Bug\u00fcn de AKP\u2019siyle, muhalefetiyle, \u201cdinsiz\u201diyle, \u201cdinci\u201dsiyle (din istismarc\u0131s\u0131 ile) maalesef T\u00fcrkiye Masonlar\u0131n ku\u015fatmas\u0131 alt\u0131ndad\u0131r.<\/span><\/strong><\/p>\n<p style=\"text-align: justify;\"><strong><span style=\"font-family: arial,helvetica,sans-serif;\">Channel 4\u2019teki belgesel ve T\u00fcrkiye\u2019deki \u201cse\u00e7ilmi\u015f\u201d Yahudi u\u015faklar\u0131!<\/span><\/strong><\/p>\n<p style=\"text-align: justify;\"><strong><span style=\"font-family: arial,helvetica,sans-serif;\">\u0130ngiliz Channel 4 televizyonu &#8220;\u0130ngiltere&#8217;deki \u0130srail lobisi&#8221;yle ilgili bir belgesel yay\u0131nlam\u0131\u015ft\u0131. \u0130lgin\u00e7 ve \u00f6nemli ayr\u0131nt\u0131lar yer alm\u0131\u015ft\u0131. Biz \u015f\u00f6yle \u00f6zetleyelim:<\/span><\/strong><\/p>\n<ul>\n<li>\n<div style=\"text-align: justify;\"><strong><span style=\"font-family: arial,helvetica,sans-serif;\">Channel 4&#8217;e g\u00f6re \u0130ngiltere&#8217;deki Yahudi lobisi sistematik bir \u015fekilde baz\u0131 siyaset\u00e7ileri maa\u015fa ba\u011flam\u0131\u015f, para veriyormu\u015f.<\/span><\/strong><\/div>\n<\/li>\n<li>\n<div style=\"text-align: justify;\"><strong><span style=\"font-family: arial,helvetica,sans-serif;\">\u0130srail lobisi baz\u0131 milletvekillerinin se\u00e7im kampanyalar\u0131na finansal destek sa\u011fl\u0131yormu\u015f. Mesela \u201c\u0130srail&#8217;in Muhafazak\u00e2r Partili Dostlar\u0131\u201d isimli lobi grubu ana muhalefetteki Muhafazak\u00e2r partiye son 8 y\u0131lda 10 milyon sterlin kaynak aktar\u0131yormu\u015f..\u00a0 <\/span><\/strong><\/div>\n<\/li>\n<li>\n<div style=\"text-align: justify;\"><strong><span style=\"font-family: arial,helvetica,sans-serif;\">Yine belgesele g\u00f6re BICOM Britanya-\u0130srail Medya Ara\u015ft\u0131rma Merkezi oluyormu\u015f&#8230; Bu kurulu\u015f;\u00a0 \u0130ngiliz bas\u0131n\u0131ndaki \u0130srail haberlerini tar\u0131yor ve \u0130srail&#8217;i ele\u015ftiren gazetecileri hemen &#8220;Antisemitik&#8221; yani, &#8220;Yahudi d\u00fc\u015fman\u0131&#8221; olmakla su\u00e7luyormu\u015f.<\/span><\/strong><\/div>\n<\/li>\n<\/ul>\n<p style=\"text-align: justify;\"><strong><span style=\"font-family: arial,helvetica,sans-serif;\">\u015eimdi T\u00fcrkiye&#8217;de maa\u015fa ba\u011flanan siyaset\u00e7iler ve gazeteciler acaba kimler oluyordu?<\/span><\/strong><\/p>\n<p style=\"text-align: justify;\"><strong><span style=\"font-family: arial,helvetica,sans-serif;\">Ya da \u0130ngiltere&#8217;deki BICOM&#8217;un T\u00fcrkiye&#8217;deki i\u015fini kim yap\u0131yordu? <\/span><\/strong><\/p>\n<p style=\"text-align: justify;\"><strong><span style=\"font-family: arial,helvetica,sans-serif;\">Ayn\u0131 belgesele g\u00f6re; &#8220;\u0130srail lobisi, baz\u0131 \u0130ngiliz gazetecileri t\u00fcm masraflar\u0131n\u0131 kar\u015f\u0131layarak \u0130srail&#8217;e g\u00f6t\u00fcr\u00fcyor ve geziden sonra bu gazetecilerin tamam\u0131 \u0130srail lehine yaz\u0131lar yazmaya ba\u015fl\u0131yormu\u015f!&#8221;<\/span><\/strong><\/p>\n<p style=\"text-align: justify;\"><strong><span style=\"font-family: arial,helvetica,sans-serif;\">\u0130\u015fte buras\u0131 T\u00fcrkiye\u2019ye cuk oturuyordu. \u00c7\u00fcnk\u00fc \u0130srail, T\u00fcrkiye&#8217;den de baz\u0131 se\u00e7ilmi\u015f gazetecileri her y\u0131l d\u00fczenli olarak Tel Aviv&#8217;e g\u00f6t\u00fcr\u00fcyordu. Bu senenin \u0130srail g\u00f6zdesi gazetecileri ise: H\u00fcrriyet&#8217;ten Bar\u00e7\u0131n Yinan\u00e7, Habert\u00fcrk&#8217;ten Ahu \u00d6zyurt, CNNT\u00fcrk&#8217;ten Hande Kol\u00e7ak K\u00f6stendil, Milliyet&#8217;ten \u0130pek Yezdani, Ak\u015fam&#8217;dan Oray E\u011fin, Zaman&#8217;dan Celil Sa\u011f\u0131r, Kanal1&#8217;den Neptun Eken, TRT&#8217;den Sava\u015f Gen\u00e7 oluyordu!..<\/span><\/strong><\/p>\n<p style=\"text-align: justify;\"><strong><span style=\"font-family: arial,helvetica,sans-serif;\">Bu gezilerin ne kadar etkili oldu\u011funu ise Oray E\u011fin g\u00f6steriyordu. D\u00f6ner d\u00f6nmez, yaz\u0131s\u0131na; &#8220;\u0130srail&#8217;le aram\u0131z\u0131 kim bozuyor?&#8221; ba\u015fl\u0131\u011f\u0131n\u0131 at\u0131yordu. K\u00f6\u015fesine bast\u0131\u011f\u0131 foto\u011fraf ise a\u011flama duvar\u0131ndaki kippal\u0131 resmi oluyordu&#8230;<\/span><a href=\"#_ftn1\"><strong><span style=\"font-family: arial,helvetica,sans-serif;\">[1]<\/span><\/strong><\/a><\/strong><span style=\"font-family: arial,helvetica,sans-serif;\"> <strong>Bu Gazetelerin kimisi iktidar yanl\u0131s\u0131, kimisi AKP kar\u015f\u0131t\u0131\u2026 Baz\u0131s\u0131 solcu, baz\u0131s\u0131 sa\u011fc\u0131\u2026 Baz\u0131s\u0131 da Zaman gibi \u0130slamc\u0131yd\u0131\u2026 Ama g\u00f6r\u00fcyorsunuz hepsi \u0130srail\u2019e ba\u011f\u0131ml\u0131, hepsi Siyonizmin u\u015fa\u011f\u0131yd\u0131!.<\/strong><strong>\u00a0<\/strong><\/span><\/p>\n<p style=\"text-align: justify;\"><strong><em><span style=\"font-family: arial,helvetica,sans-serif;\">\u015eemdinli Jandarma Hudut Tabur Komutan\u0131 olarak PKK g\u00f6r\u00fcn\u00fcml\u00fc Amerikan ve Yahuda (\u0130srail) g\u00fc\u00e7leriyle defalarca ve kahramanca g\u00f6\u011f\u00fcs g\u00f6\u011f\u00fcse sava\u015fan, TSK Liyakat Madalyas\u0131 ta\u015f\u0131yan, milli ve haysiyetli tav\u0131rlar\u0131yla g\u00f6n\u00fcllerde taht kuran E. Albay Erdal Sar\u0131zeybek\u2019in \u015fu sat\u0131rlar\u0131na kulak verelim:<\/span><\/em><\/strong><\/p>\n<p style=\"text-align: justify;\"><strong><span style=\"font-family: arial,helvetica,sans-serif;\">\u201cYahuda\u201dy\u0131 tan\u0131mayanlar\u0131n, b\u00fct\u00fcn \u00e7abalar\u0131 bo\u015funad\u0131r!<\/span><\/strong><\/p>\n<p style=\"text-align: justify;\"><span style=\"font-family: arial,helvetica,sans-serif;\">21 Ekim 2007 sabah\u0131 ac\u0131 bir haberle uyanm\u0131\u015ft\u0131k; ter\u00f6ristler bir taburumuza sald\u0131rm\u0131\u015ft\u0131. Irak&#8217;tan gelmi\u015fler ve yine Irak\u2019a ka\u00e7m\u0131\u015flard\u0131. Da\u011fl\u0131ca\u2019da Mehmet\u00e7i\u011fe yap\u0131lan sald\u0131r\u0131 bizi yaralam\u0131\u015f, gururumuzu k\u0131rm\u0131\u015ft\u0131. Bunlar, PKK de\u011fildi, ABD de\u011fildi; bir Yahuda<\/span><a href=\"#_ftn2\"><span style=\"font-family: arial,helvetica,sans-serif;\">[2]<\/span><\/a><span style=\"font-family: arial,helvetica,sans-serif;\"> operasyonuydu, ama anlayamam\u0131\u015ft\u0131k. Mehmet\u00e7ikle milleti aras\u0131ndaki ba\u011flar\u0131 k\u0131rmak istiyorlard\u0131, onun i\u00e7in yap\u0131ld\u0131 bu sald\u0131r\u0131, \u0130srailli Yahudan\u0131n hain eli Mehmet\u00e7i\u011fe Da\u011fl\u0131ca&#8217;da uzanm\u0131\u015ft\u0131. Sekiz Mehmet\u00e7ik s\u00f6zde esir al\u0131nm\u0131\u015f, T\u00fcrk ulusu ile esaret, Mehmet\u00e7ikle korkakl\u0131k kavramlar\u0131 yan yana getirilmi\u015fti, kavrayamad\u0131k.<\/span><\/p>\n<p style=\"text-align: justify;\"><span style=\"font-family: arial,helvetica,sans-serif;\">Yahuda G\u00fcc\u00fc\u2019n\u00fc<\/span><a href=\"#_ftn3\"><span style=\"font-family: arial,helvetica,sans-serif;\">[3]<\/span><\/a><span style=\"font-family: arial,helvetica,sans-serif;\"> arkas\u0131na alan medya bu olay\u0131 aylarca g\u00fcndemine ta\u015f\u0131m\u0131\u015ft\u0131. \u0130hanet ile Mehmet\u00e7ik yan yana an\u0131lmaya ba\u015fland\u0131, ta ki Genel Kurmay\u0131n m\u00fcdahalesine kadar. Bas\u0131n ve yay\u0131n organlar\u0131nda: 21 Ekim 2007 tarihli Da\u011fl\u0131ca sald\u0131r\u0131s\u0131 sonras\u0131 geli\u015fen olaylar hakk\u0131nda \u00e7ok say\u0131da haber ve yorum yer almakta ve yo\u011fun bir tart\u0131\u015fma ortam\u0131 yarat\u0131lm\u0131\u015f bulunmaktad\u0131r. Bu ve benzer olaylar\u0131 kullanarak T\u00fcrk Silahl\u0131 Kuvvetlerini y\u0131pratmay\u0131, onun ter\u00f6rle m\u00fccadele gayretini karalamay\u0131 ve T\u00fcrkiye Cumhuriyetinin temel ilkelerine sahip \u00e7\u0131kmadaki kararl\u0131l\u0131\u011f\u0131n\u0131 a\u015f\u0131nd\u0131rmay\u0131 d\u00fc\u015f\u00fcnenlerin \u00e7abalar\u0131 bo\u015funad\u0131r.&#8221;<\/span><a href=\"#_ftn4\"><span style=\"font-family: arial,helvetica,sans-serif;\">[4]<\/span><\/a><\/p>\n<p style=\"text-align: justify;\"><span style=\"font-family: arial,helvetica,sans-serif;\">Asl\u0131nda bu operasyonlar ilk olarak 4 Temmuz 2003&#8217;de ba\u015flad\u0131. Irak&#8217;\u0131n S\u00fcleymaniye\u2019sinde Amerikal\u0131 askerler, \u00d6zel Kuvvetler Komutanl\u0131\u011f\u0131na mensup 11 Mehmet\u00e7i\u011fi g\u00f6zalt\u0131na ald\u0131. Barzani Pe\u015fmergelerinin g\u00f6zetiminde ba\u015flar\u0131na \u00e7uval tak\u0131ld\u0131. Yer g\u00f6k delinir sanm\u0131\u015ft\u0131k, ama olmad\u0131, siyasi ve askeri yetkililerden t\u0131s \u00e7\u0131kmad\u0131. ABD&#8217;ye nota verin, diye hayk\u0131ran seslere Ba\u015fbakan, bu m\u00fczik notas\u0131 de\u011fil, diyecek kadar milli duygular\u0131m\u0131za uzakt\u0131, ac\u0131m\u0131z\u0131 y\u00fcre\u011fimize g\u00f6md\u00fck. Ard\u0131ndan, Genel Kurmay eski Ba\u015fkan\u0131 Orgeneral Hilmi \u00d6zk\u00f6k, &#8220;yolsuzluk&#8221; ad\u0131 alt\u0131nda soru\u015fturmalar ba\u015flatt\u0131. Y\u00fczlerce Mehmet\u00e7i\u011fin ifadeleri al\u0131nd\u0131. Yarg\u0131land\u0131lar. \u00c7o\u011fu beraat etti, ama askeri g\u00fcc\u00fcm\u00fcz\u00fcn temeli olan disiplin zaafa u\u011frat\u0131lm\u0131\u015ft\u0131, fark\u0131na varamad\u0131k. Durmak bilmedi bu operasyonlar; Deniz Kuvvetleri eski Komutan\u0131 Oramiral \u0130lhami Erdil bas\u0131na a\u00e7\u0131k bir yarg\u0131lama sonucu mahk\u00fbm edilerek cezaevine t\u0131k\u0131ld\u0131. Medya bu olay\u0131 kamuoyuna &#8220;Ordu-Yolsuzluk-Esaret-Korkakl\u0131k&#8221; temalar\u0131 \u015feklinde yans\u0131tt\u0131, ama biz ger\u00e7e\u011fi yine g\u00f6remedik uyanamad\u0131k. Vurulan Mehmet\u00e7ik&#8217;ti, Orduydu; vurulan T\u00fcrk milletinin onuruydu, gururuydu nedense hi\u00e7 t\u0131nmad\u0131k!?<\/span><\/p>\n<p style=\"text-align: justify;\"><span style=\"font-family: arial,helvetica,sans-serif;\">Bug\u00fcn\u00fcn d\u00fcnden fark\u0131 yok inan\u0131n, de\u011fi\u015fen bir \u015fey yok. Her yan\u0131m\u0131z tehdit alt\u0131nda, hepimiz g\u00f6r\u00fcyoruz, ama m\u00fcdahale edenimiz yok, sesini \u00e7\u0131karan\u0131n boynunu vuruyorlar sanki!<\/span><\/p>\n<p style=\"text-align: justify;\"><span style=\"font-family: arial,helvetica,sans-serif;\">Asl\u0131nda 12 Nisan bir d\u00f6n\u00fcm noktas\u0131 olmu\u015ftu bizim i\u00e7in. Genel Kurmay Ba\u015fkan\u0131m\u0131z bekam\u0131za y\u00f6nelik yak\u0131n ve a\u011f\u0131r tehditleri bir bir s\u0131ralam\u0131\u015ft\u0131:&#8221;Bug\u00fcn PKK&#8217;y\u0131 Kuzey Irak&#8217;tan, Kuzey Irak&#8217;\u0131 Irak&#8217;\u0131n b\u00fct\u00fcn\u00fcnden ayr\u0131 d\u00fc\u015f\u00fcnerek \u00e7\u00f6z\u00fcmler \u00fcretemezsiniz, hepsi birbiriyle organik ili\u015fki i\u00e7inde. \u015eu soruyu bana sorabilirsiniz: &#8216;Peki Kuzey Irak&#8217;a bir operasyon yap\u0131lmal\u0131 m\u0131?&#8217; Evet ve elbette yap\u0131lmal\u0131. Olay\u0131n iki boyutu var. Birincisi sadece asker olarak bakt\u0131\u011f\u0131m zaman, evet yap\u0131lmal\u0131. Fayda sa\u011flar m\u0131? Evet, sa\u011flar. Olay\u0131n ikinci boyutu, si\u00adyasi olayd\u0131r. Bir hudut \u00f6tesi operasyon yap\u0131lmas\u0131 i\u00e7in bir siyasi ka\u00adrar\u0131n ortaya \u00e7\u0131kmas\u0131 laz\u0131m. TSK, yasal zeminde g\u00f6rev verildi\u011finde bu operasyonlar\u0131 yapma g\u00fcc\u00fcne fazlas\u0131yla sahiptir.&#8221;<\/span><a href=\"#_ftn5\"><span style=\"font-family: arial,helvetica,sans-serif;\">[5]<\/span><\/a><\/p>\n<p style=\"text-align: justify;\"><span style=\"font-family: arial,helvetica,sans-serif;\">Tehdit Irak&#8217;tayd\u0131. Yak\u0131nd\u0131. Yan\u0131 ba\u015f\u0131m\u0131zdayd\u0131. Tehdit, PKK&#8217;y\u0131 a\u015fm\u0131\u015f, bekam\u0131za y\u00f6nelmi\u015fti art\u0131k. \u00dcstelik TBMM\u2019ne, h\u00fck\u00fcmete ve siyasilere bu tehdidi duyuran Genel Kurmay Ba\u015fkan\u0131yd\u0131. O temiz safl\u0131\u011f\u0131m\u0131zla gene beklemeye ba\u015flad\u0131k. Bekledik ki, yer sars\u0131ls\u0131n, g\u00f6k sars\u0131ls\u0131n, hesap sorulsun! Ama ol\u00admad\u0131, sars\u0131lan biz olduk, sars\u0131lan gururumuz ve onurumuz oldu. Ald\u0131rmad\u0131lar endi\u015felerimize, \u00e7ocuklar\u0131m\u0131z\u0131n gelece\u011finden duy\u00addu\u011fumuz kayg\u0131lar\u0131m\u0131za ald\u0131rmad\u0131lar. Medya bu olay\u0131 olas\u0131 se\u00ad\u00e7imlerin ard\u0131na gizledi, <em>&#8220;\u00f6zde ve s\u00f6zde&#8221; <\/em>deyi\u015fi ard\u0131na gizledi, biz yine gaflet uykusundayd\u0131k. H\u00fck\u00fcmet de \u00fcst\u00fcne almad\u0131 hi\u00e7. Sanki her \u015fey g\u00fcll\u00fck g\u00fclistanl\u0131kt\u0131 sanki \u00fclkemiz, karakolumuz, Mehmedimiz g\u00fcvendeydi.<\/span><\/p>\n<p style=\"text-align: justify;\"><span style=\"font-family: arial,helvetica,sans-serif;\">Asl\u0131nda bu oyunu bize 15 y\u0131l \u00f6nce de oynam\u0131\u015flard\u0131, Irak&#8217;a harek\u00e2t yapal\u0131m, diyen o zamanlar\u0131n gen\u00e7 binba\u015f\u0131s\u0131n\u0131, \u201c<em>tehdit Irak\u2019\u0131n kuzeyinde\u201d, <\/em>diyen binba\u015f\u0131s\u0131n\u0131 dinlememi\u015f, \u00fcstelik g\u00fcl\u00fcp ge\u00e7mi\u015flerdi bug\u00fcnk\u00fc zihniyetin art\u00e7\u0131lar\u0131. Onlar g\u00fcld\u00fc, biz y\u00fczlerce \u015fehit verdik! Onlar g\u00fcld\u00fc, ama biz a\u011flad\u0131k!<\/span><\/p>\n<p style=\"text-align: justify;\"><span style=\"font-family: arial,helvetica,sans-serif;\">Bug\u00fcn\u00fcn d\u00fcnden fark\u0131 yok art\u0131k. Tehdit a\u00e7\u0131k, tehdit yak\u0131n, tehdit a\u011f\u0131r. Ama gene kimse \u00fczerine alm\u0131yor, ald\u0131r\u0131\u015f etmiyor, sanki bu vatan onlar\u0131n de\u011fil, sanki bu \u015fehit evlatlar\u0131m\u0131z yabanc\u0131lar\u0131n \u00e7ocuklar\u0131\u2026<\/span><\/p>\n<p style=\"text-align: justify;\"><span style=\"font-family: arial,helvetica,sans-serif;\">Kim d\u00fc\u015f\u00fcr\u00fcyor bizi bu hallere kim, akl\u0131n\u0131za gelmiyor mu bu soruyu sormak?<\/span><\/p>\n<p style=\"text-align: justify;\"><strong><span style=\"font-family: arial,helvetica,sans-serif;\">\u00a0<\/span><\/strong><\/p>\n<p style=\"text-align: justify;\"><strong><span style=\"font-family: arial,helvetica,sans-serif;\">ABD Yahuda\u2019n\u0131n Jandarmas\u0131d\u0131r!<\/span><\/strong><\/p>\n<p style=\"text-align: justify;\"><span style=\"font-family: arial,helvetica,sans-serif;\">\u015eimdi s\u00f6zde harek\u00e2t yapt\u0131r\u0131yorlar Mehmet\u00e7i\u011fe, hem de Amerikan ve Yahuda istihbarat\u0131yla, yalan bunlar, bir oyun bu! Da\u011fdakileri zorluyorlar Barzani&#8217;ye gitsin diye, PKK&#8217;n\u0131n yeni lideri Barzani art\u0131k! Da\u011fdaysan\u0131z ter\u00f6rist, yerdeyseniz Pe\u015fmergesiniz art\u0131k, hem de Barzani&#8217;nin himayesinde! Bak\u0131n \u0130mral\u0131&#8217;da yatan b\u00f6l\u00fcc\u00fc ba\u015f\u0131n\u0131n karde\u015fine, Yahudi Barzanilerin Pe\u015fmerge a\u011falar\u0131ndan gelin getirip d\u00fc\u011f\u00fcn yap\u0131yordu d\u00fc\u011f\u00fcn! Bir zamanlar\u0131n ter\u00f6rist ba\u015f\u0131 \u015fimdi Pe\u015fmerge damad\u0131 oldu, Yahuda medyas\u0131 bunu balland\u0131rarak aktar\u0131yor!<\/span><\/p>\n<p style=\"text-align: justify;\"><span style=\"font-family: arial,helvetica,sans-serif;\">\u201cABD T\u00fcrkiye ile istihbarat\u0131 payla\u015facakm\u0131\u015f, PKK m\u00fc\u015fterek, d\u00fc\u015fmanm\u0131\u015f, Ba\u015fbakan\u0131n ter\u00f6rle m\u00fccadele kararl\u0131l\u0131\u011f\u0131 kesintiye u\u011framayacakm\u0131\u015f\u2026\u201d yalan t\u00fcm bunlar, palavra! Bak\u0131n bir hava harek\u00e2tlar\u0131na, haritay\u0131 elinize al\u0131n ve de yak\u0131ndan bak\u0131n, u\u00e7aklar\u0131m\u0131z nereyi bombal\u0131yor: Hakurk ve Basyan! Neresi bunlar? Biri \u015eemdinli&#8217;nin hemen g\u00fcneyi, di\u011feri de hemen bat\u0131s\u0131! Yani ter\u00f6ristler bize bir nefes kadar yak\u0131n ve \u00fcstelik ka\u00e7an\u0131 da yok, kimden cesaret al\u0131yor bunlar?<\/span><\/p>\n<p style=\"text-align: justify;\"><span style=\"font-family: arial,helvetica,sans-serif;\">12 Nisan&#8217;dan beri bunlar\u0131 buraya yerle\u015ftiren kim? Bunlara c\u00fcret veren kim, \u00fccret veren kim? \u0130srail bu h\u0131yanet ve cinayetlerin neresinde? Niye sorunlar\u0131n ger\u00e7ek \u00e7\u00f6z\u00fcm anahtar\u0131 olan bu sorular\u0131 etkili, yetkili ve etiketli i\u015fbirlik\u00e7iler hi\u00e7 tart\u0131\u015fmazlar!<\/span><\/p>\n<p style=\"text-align: justify;\"><span style=\"font-family: arial,helvetica,sans-serif;\">Art\u0131k bizim i\u00e7in hakikat \u015fudur; ABD Irak&#8217;\u0131 i\u015fgal etmi\u015f ve par\u00e7alam\u0131\u015ft\u0131r. Kuzeyde K\u00fcrt devleti kurulmu\u015f ve B\u00fcy\u00fck K\u00fcrdistan&#8217;\u0131n temelleri at\u0131lm\u0131\u015ft\u0131r. Ayr\u0131l\u0131k\u00e7\u0131 g\u00fc\u00e7lerin yeni lideri Barzani olmaktad\u0131r. \u0130srail bu projenin arkas\u0131ndad\u0131r. PKK&#8217;n\u0131n yerini (KCK, BDP g\u00fcd\u00fcml\u00fc sivil) toplumsal olaylar alacak, demokrasi ad\u0131na insan haklar\u0131 ad\u0131na vatan\u0131m\u0131z ve halk\u0131m\u0131z par\u00e7alanacakt\u0131r.<\/span><\/p>\n<p style=\"text-align: justify;\"><span style=\"font-family: arial,helvetica,sans-serif;\">Sinan \u00c7etin gibi nesebi belirsizler, hem de B\u00fcy\u00fck Millet Meclisinde: \u201cKendi \u00e7ocuklar\u0131m\u0131z\u0131, T.C. kimlik c\u00fczdan\u0131 ta\u015f\u0131yanlar\u0131 \u00f6ld\u00fcr\u00fcyoruz. D\u0131\u015far\u0131da kendi vatanda\u015f\u0131yla sava\u015fan bir \u00fclke g\u00f6r\u00fcnt\u00fcs\u00fc veriyoruz\u201d diyerek TSK\u2019y\u0131 zalim, PKK\u2019y\u0131 mazlum g\u00f6sterebilme cesareti de buradan kaynaklan\u0131r. \u00c7\u00fcnk\u00fc Mason ve Yahudi Celal Bayar ve Adnan Menderes\u2019in yapt\u0131rd\u0131klar\u0131 Meclis binas\u0131 bile Yahuda sembollerini bar\u0131nd\u0131rmaktad\u0131r.<\/span><\/p>\n<p style=\"text-align: justify;\"><span style=\"font-family: arial,helvetica,sans-serif;\">Evet, TBMM binas\u0131nda \u00e7ok say\u0131da Masonik simge yer almaktad\u0131r. Bunlar\u0131 tesad\u00fcf sanmak safl\u0131kt\u0131r.<\/span><\/p>\n<p style=\"text-align: justify;\"><span style=\"font-family: arial,helvetica,sans-serif;\">Milli Gazeteden Mustafa Y\u0131lmaz \u201cDul Kad\u0131n\u0131n O\u011fullar\u0131\u201d kitab\u0131nda; d\u00f6nemin Meclis ba\u015fkan\u0131 Abdulhalik Renda\u2019n\u0131n ve g\u00e2vur mimar\u0131n\u0131n Mason olduklar\u0131n\u0131 belgeleriyle yazm\u0131\u015ft\u0131r. \u00d6zellikle taban d\u00f6\u015femelerindeki mermerlerde onlarca Masonik sembol bulunmaktad\u0131r.<\/span><\/p>\n<p style=\"text-align: justify;\"><span style=\"font-family: arial,helvetica,sans-serif;\">PKK milisleri \u00e7aresiz halk\u0131m\u0131z\u0131 meydanlara salacak, Masonik medya demokratikle\u015fme ve \u00f6zg\u00fcrl\u00fck davullar\u0131 \u00e7alacak.. ABD ve AB PKK ile masaya oturun diye bast\u0131racakt\u0131r!<\/span><\/p>\n<p style=\"text-align: justify;\"><span style=\"font-family: arial,helvetica,sans-serif;\">Vakit hi\u00e7 de ge\u00e7 de\u011fil, akl\u0131m\u0131z\u0131 ba\u015f\u0131m\u0131za al\u0131p bu sinsi ve Siyonist giri\u015fimlere dikkatle bakarsak Irak Kuzeyinde kurulan Barzani Yahudi K\u00fcrt devletinin; bizim i\u00e7in bir sonun ba\u015flang\u0131c\u0131 olaca\u011f\u0131n\u0131 anlayaca\u011f\u0131z. \u0130hanete g\u00f6z yummak, demokrasi de\u011fil, insan hakk\u0131 de\u011fil; a\u00e7\u0131l\u0131mlar h\u0131yanet al\u00e7akl\u0131\u011f\u0131n\u0131n gizlenen ad\u0131mlar\u0131d\u0131r. Niye kimse g\u00f6rmek istemiyor? B\u00f6yle bir devletin Yahudi-K\u00fcrt devleti olaca\u011f\u0131ndan niye kimse s\u00f6z etmek istemiyor? Elimizde bir T\u00fcrk Cumhuriyeti kald\u0131 1923&#8217;lerin. Onu da savunmakta zorlan\u0131yoruz bug\u00fcn. B\u00f6yle gidersek e\u011fer bir g\u00fcn o da kalmayacak!<\/span><\/p>\n<p style=\"text-align: justify;\"><span style=\"font-family: arial,helvetica,sans-serif;\">Bug\u00fcn\u00fcn d\u00fcnden fark\u0131 yok de\u011fil, elbet var. D\u00fc\u015fman art\u0131k sadece topla t\u00fcfekle sald\u0131rm\u0131yor; ekonomik y\u00f6nden i\u015fgal ediyor, y\u00f6netimi ele al\u0131yor,\u00a0 Yahuda&#8217;n\u0131n operasyonlar\u0131 \u00e7ok y\u00f6nl\u00fc s\u00fcr\u00fcyor.<\/span><\/p>\n<p style=\"text-align: justify;\"><span style=\"font-family: arial,helvetica,sans-serif;\">Bug\u00fcn\u00fcn, Osmanl\u0131\u2019n\u0131n son d\u00f6neminden fark\u0131 yok de\u011fil, elbet var. Kurtulu\u015f sava\u015f\u0131ndaki g\u00fcc\u00fcm\u00fcz\u00fc olu\u015fturan M\u00fcsl\u00fcman T\u00fcrk kimli\u011fimize sald\u0131r\u0131yorlar \u015fimdi. Mehmet\u00e7i\u011fe, Milli g\u00fcc\u00fcm\u00fcze, manevi de\u011ferlerimize dinamit koyuyorlar. Ve hepsi, B\u00fcy\u00fck \u0130srail \u0130mparatorlu\u011fu hayali ve BOP hilesiyle Yahuda taraf\u0131ndan tertipleniyor. ABD ve AB \u00fclkeleri de, PKK ve Barzani Pe\u015fmergeleri de, AKP ve Fetullah G\u00fclen \u0130\u015fbirlik\u00e7ileri de Yahudaya hizmet ediyor.<\/span><\/p>\n<p style=\"text-align: justify;\"><strong><span style=\"font-family: arial,helvetica,sans-serif;\">BOP E\u015fba\u015fkanlar\u0131, Yahuda\u2019n\u0131n u\u015faklar\u0131d\u0131r.<\/span><\/strong><\/p>\n<p style=\"text-align: justify;\"><span style=\"font-family: arial,helvetica,sans-serif;\">Bug\u00fcn farkl\u0131 art\u0131k d\u00fcnden, d\u00fc\u015fman\u0131m\u0131z\u0131 bug\u00fcn tan\u0131mak daha zor, \u00e7\u00fcnk\u00fc i\u00e7imizde, kimin Yahudan\u0131n u\u015fa\u011f\u0131 oldu\u011fu anla\u015f\u0131lm\u0131yor!<\/span><\/p>\n<p style=\"text-align: justify;\"><span style=\"font-family: arial,helvetica,sans-serif;\">B\u00fcy\u00fck Orta Do\u011fu Projesinin ard\u0131nda \u0130srail bulunuyor. \u0130srail&#8217;in y\u00fcr\u00fctt\u00fc\u011f\u00fc bir sava\u015ft\u0131r bu; iki bin y\u0131ll\u0131k bir r\u00fcyan\u0131n g\u00fcn\u00fcm\u00fcz tarihine at\u0131lm\u0131\u015f ilk ad\u0131m\u0131d\u0131r, var ya da yok olmak aras\u0131nda ge\u00e7en bir \u00f6l\u00fcm kal\u0131m sava\u015f\u0131 veriliyor. Bu topraklar\u0131 Yahuda&#8217;ya alt\u0131n tepsi i\u00e7inde mi sunaca\u011f\u0131z? Kimse bilmiyor mu; g\u00fcn gelecek ABD gidecek bu diyarlardan, geriye Yahuda G\u00fcc\u00fc ve AB siyaseti kalacak, bir de biz. Karar veriniz o zaman, mademki teti\u011fi ilk \u00e7eken kazan\u0131yor bu devir de, teti\u011fi kim ilk \u00e7ekecek, son harek\u00e2t i\u00e7in bir ad\u0131m ileri kim atacak? (Millilerle i\u015fbirlik\u00e7ileri, M\u00fcsl\u00fcmanlarla Masonlar\u0131, \u0130srail u\u015faklar\u0131yla T\u00fcrkiye sevdal\u0131lar\u0131n\u0131, halk\u0131m\u0131z ve stratejik kurumlar\u0131m\u0131z ne zaman biri birinden ay\u0131racak?)<\/span><\/p>\n<p style=\"text-align: justify;\"><span style=\"font-family: arial,helvetica,sans-serif;\">Irak&#8217;\u0131n i\u015fgali bizim i\u00e7in hayati bir tehlikedir; h\u00fck\u00fcmet ses \u00e7\u0131karmasa da siz bilmek zorundas\u0131n\u0131z. Yahuda&#8217;n\u0131n Filistin ve Kud\u00fcs&#8217;\u00fc i\u015fgali tarihi bir tehdittir. Tayyip Bey hi\u00e7 sesini \u00e7\u0131karmasa da siz bunun fark\u0131na varmal\u0131s\u0131n\u0131z. Barzani\u2019nin Musul ve Kerk\u00fck&#8217;\u00fc i\u015fgali de \u00f6nemlidir, hi\u00e7 s\u00f6z\u00fc edilmese de, bu konular \u00fczerinde kafa yormal\u0131s\u0131n\u0131z! Barzani&#8217;nin kuzey Irak&#8217;ta K\u00fcrt devleti kurmas\u0131 da K\u0131br\u0131s\u2019taki Rumlar\u0131n AB \u00fcyesi bir devlet olmas\u0131 da, KKTC\u2019nin \u0130srail \u00fcss\u00fc yap\u0131lma haz\u0131rl\u0131klar\u0131 da; Hazar etraf\u0131ndaki T\u00fcrk devletlerinin k\u00fcresel emperyalizmin k\u00f6lesi yap\u0131lma \u00e7al\u0131\u015fmalar\u0131 da bizim i\u00e7in \u00f6nemli ve hayati konulard\u0131r. Hayati konular bunlar bizim i\u00e7in, gelece\u011fimiz i\u00e7in, bekam\u0131z i\u00e7in hem de \u00e7ok \u00f6nemli konular, susmakla tehdit yok olmuyor, bilmelisiniz art\u0131k.<\/span><\/p>\n<p style=\"text-align: justify;\"><span style=\"font-family: arial,helvetica,sans-serif;\">Bizi y\u00f6netenler kay\u0131ts\u0131z, beyinleri bunalan toplum kesimleri kayg\u0131s\u0131z!? Marazl\u0131 medya, \u0130srail\u2019e taraftar, Milli de\u011ferlerimize sayg\u0131s\u0131z\u2026 Siyonist \u0130srail ve Yahuda\u2019n\u0131n bu \u015feytan projesini bozacak tek g\u00fc\u00e7 var Ortado\u011fu\u2019da, o da; M\u00fcsl\u00fcman T\u00fcrk ulusu ve Kahraman T\u00fcrk ordusu, \u015fimdi bunlar yaralanmaya \u00e7al\u0131\u015f\u0131l\u0131yor, hay\u00e2s\u0131z ve pervas\u0131z!<\/span><\/p>\n<p style=\"text-align: justify;\"><span style=\"font-family: arial,helvetica,sans-serif;\">Tehdit a\u00e7\u0131k ve yak\u0131n, k\u00f6r g\u00f6zler bile g\u00f6r\u00fcr oldu art\u0131k. E\u011fer ki bir ad\u0131m ileri atmak istesek, tarih tekerr\u00fcr edecek ve m\u00fcsl\u00fcman T\u00fcrk varl\u0131\u011f\u0131n\u0131 yok etmek isteyen Siyonist g\u00fcd\u00fcml\u00fc Ha\u00e7l\u0131 zihniyeti bin y\u0131ll\u0131k emelini ger\u00e7ekle\u015ftirmek i\u00e7in h\u00fccuma kalk\u0131\u015facakt\u0131r.<\/span><\/p>\n<p style=\"text-align: justify;\"><span style=\"font-family: arial,helvetica,sans-serif;\">\u015eimdi karar zaman\u0131; ya yurdumuza, ordumuza ve Milli-manevi onurumuza sahip \u00e7\u0131kaca\u011f\u0131z\u00a0 ya da bu topraklar\u0131n yava\u015f yava\u015f elimizden \u00e7\u0131kmas\u0131na engel olamayaca\u011f\u0131z.. Bu yok olu\u015fu g\u00f6rmek istemiyorsak e\u011fer, hala ayakta duran milli g\u00fc\u00e7lerimizle kucakla\u015f\u0131p kayna\u015faca\u011f\u0131z. Gelecekten \u00e7ocuklar\u0131m\u0131za g\u00fc\u00e7l\u00fc ve g\u00fcvenli bir \u00fclke b\u0131rakmak istiyorsak hemen dirilip, derlenip toparlanaca\u011f\u0131z, halk\u0131m\u0131zla, inanc\u0131m\u0131zla bar\u0131\u015f\u0131p do\u011frulaca\u011f\u0131z\u2026 Ve tarihin seyrini de\u011fi\u015ftirecek \u00e7ok talihli bir ad\u0131mla, Aziz Atat\u00fcrk\u2019\u00fcn \u201cYurtta bar\u0131\u015f, d\u00fcnyada bar\u0131\u015f!\u201d hedefini ve hayalini yani, \u00fclkesindeki, b\u00f6lgesindeki ve d\u00fcnya genelindeki zul\u00fcm ve dengesizlikleri giderecek g\u00fc\u00e7l\u00fc ve g\u00fcvenilir T\u00fcrkiye\u2019yi yeniden kuraca\u011f\u0131z!.<\/span><\/p>\n<p style=\"text-align: justify;\"><strong><span style=\"font-family: arial,helvetica,sans-serif;\">\u00a0<\/span><\/strong><\/p>\n<p style=\"text-align: justify;\"><strong><span style=\"font-family: arial,helvetica,sans-serif;\">Bir millet ba\u011f\u0131ms\u0131z ya\u015fam\u0131yorsa \u00f6l\u00fcm daha hay\u0131rl\u0131d\u0131r!<\/span><\/strong><\/p>\n<p style=\"text-align: justify;\"><span style=\"font-family: arial,helvetica,sans-serif;\">G\u00fcn\u00fcm\u00fcz T\u00fcrkiye\u2019sinde yok edilmek istenen iki hedef vard\u0131r; biri M\u00fcsl\u00fcman T\u00fcrk unsuru, di\u011feri ise T\u00fcrk ordusudur. Mehmet\u00e7ik bizim \u00fclkemizde hem T\u00fcrk ulusunun hem de T\u00fcrk ordusunun sembol\u00fcd\u00fcr. Bu sembol T\u00fcrk&#8217;\u00fcn varl\u0131\u011f\u0131n\u0131, ba\u011f\u0131ms\u0131zl\u0131\u011f\u0131n\u0131 ve bekas\u0131n\u0131 temsil eder.<\/span><\/p>\n<p style=\"text-align: justify;\"><span style=\"font-family: arial,helvetica,sans-serif;\">Y\u00fcre\u011fimizdeki yaralara derman olur umuduyla yazd\u0131m bu kitab\u0131. Sizlere Mehmet\u00e7i\u011fi anlatt\u0131m, kahramanl\u0131\u011f\u0131n\u0131, cesaretini, bile bile \u00f6l\u00fcme gidi\u015fini T\u00fcrk ulusu i\u00e7in, T\u00fcrk yurdu i\u00e7in, T\u00fcrk&#8217;\u00fcn ilelebet varl\u0131\u011f\u0131 i\u00e7in. Bir avu\u00e7 isimsiz kahraman\u0131n \u0130ran&#8217;daki PKK inlerini nas\u0131l vurdu\u011funu anlatt\u0131m, onlarla gurur duyman\u0131z i\u00e7in. Buna ihtiyac\u0131m\u0131z var, Mehmet\u00e7i\u011fin kahramanl\u0131k destanlar\u0131n\u0131 duymaya her zamankinden \u00e7ok ihtiyac\u0131m\u0131z var, gelece\u011fe umutla bakabilmemiz i\u00e7in.<\/span><\/p>\n<p style=\"text-align: justify;\"><span style=\"font-family: arial,helvetica,sans-serif;\">Son g\u00fcnlerde moda olan &#8220;anl\u0131k istihbarat, m\u00fc\u015fterek d\u00fc\u015fman&#8221; oyununun ard\u0131ndaki ger\u00e7ekleri anlatt\u0131m. Bunun bir Yahuda oyunu oldu\u011funu g\u00f6zler \u00f6n\u00fcne sermek istedim. Hen\u00fcz vakit varken harekete ge\u00e7memiz gerekti\u011fini, T\u00fcrk ulusunun ve yurdunun bekas\u0131 i\u00e7in bunun \u015fart oldu\u011funu anlatt\u0131m.<\/span><\/p>\n<p style=\"text-align: justify;\"><span style=\"font-family: arial,helvetica,sans-serif;\">\u00d6nemli olan ya\u015famakt\u0131r, ama huzurlu, onurlu ve de ba\u011f\u0131ms\u0131z olarak ya\u015famak, \u00e7ocuklar\u0131m\u0131z\u0131n yar\u0131nlar\u0131ndan endi\u015fe duymadan ya\u015famak!<\/span><\/p>\n<p style=\"text-align: justify;\"><span style=\"font-family: arial,helvetica,sans-serif;\">Mustafa Kemal&#8217;in B\u00fcy\u00fck Nutkunun ilk sat\u0131rlar\u0131n\u0131 bir hat\u0131rlay\u0131n\u0131z:<\/span><\/p>\n<p style=\"text-align: justify;\"><em><span style=\"font-family: arial,helvetica,sans-serif;\">&#8220;Temel ilke, T\u00fcrk milletinin haysiyetli ve \u015ferefli bir millet olarak ya\u015famas\u0131d\u0131r. Bu ilke, ancak tam istikl\u00e2le sahip olmakla ger\u00e7ekle\u015ftirilebilir. Ne kadar zengin ve bolluk i\u00e7inde olursa olsun istikl\u00e2lden yoksun millet, medeni insanl\u0131k d\u00fcnyas\u0131 kar\u015f\u0131s\u0131nda u\u015fak olmak mevkiinden y\u00fcksek bir muameleye lay\u0131k g\u00f6r\u00fclemez.<\/span><\/em><\/p>\n<p style=\"text-align: justify;\"><em><span style=\"font-family: arial,helvetica,sans-serif;\">Yabanc\u0131 bir devletin koruyup kollay\u0131c\u0131l\u0131\u011f\u0131n\u0131 kabul etmek insanl\u0131k vas\u0131flar\u0131ndan yoksunlu\u011fu, g\u00fc\u00e7s\u00fczl\u00fck ve miskinli\u011fi itiraftan ba\u015fka bir \u015fey de\u011fildir. Ger\u00e7ekten de bu seviyesizli\u011fe d\u00fc\u015fmemi\u015f olanlar\u0131n, isteyerek ba\u015f\u0131na bir yabanc\u0131 efendi getirmelerine asla ihtimal verilemez.<\/span><\/em><\/p>\n<p style=\"text-align: justify;\"><em><span style=\"font-family: arial,helvetica,sans-serif;\">H\u00e2lbuki T\u00fcrk&#8217;\u00fcn haysiyeti, gururu ve kabiliyeti \u00e7ok y\u00fcksek ve b\u00fcy\u00fckt\u00fcr.<\/span><\/em><\/p>\n<p style=\"text-align: justify;\"><em><span style=\"font-family: arial,helvetica,sans-serif;\">B\u00f6yle bir millet esir ya\u015famaktansa yok olsun daha iyidir!&#8221;<\/span><\/em><\/p>\n<p style=\"text-align: justify;\"><span style=\"font-family: arial,helvetica,sans-serif;\">Esir olmak istemiyorsak e\u011fer, bir ad\u0131m ileri ataca\u011f\u0131z, vakit hen\u00fcz ge\u00e7 de\u011fil&#8230;\u201d<\/span><a href=\"#_ftn6\"><span style=\"font-family: arial,helvetica,sans-serif;\">[6]<\/span><\/a><\/p>\n<p style=\"text-align: justify;\"><strong><span style=\"font-family: arial,helvetica,sans-serif;\">Kozmik araman\u0131n as\u0131l hedefi orduyu h\u0131rpalamakt\u0131!<\/span><\/strong><\/p>\n<p style=\"text-align: justify;\"><span style=\"font-family: arial,helvetica,sans-serif;\">\u00d6zel Kuvvetler Komutanl\u0131\u011f\u0131\u2019n\u0131n Ankara seferberlik B\u00f6lge Ba\u015fkanl\u0131\u011f\u0131\u2019nda \u00fcst \u00fcste yap\u0131lan \u201ckozmik\u201d aramalar\u0131n be\u015f hedefi oldu\u011fu anla\u015f\u0131lm\u0131\u015ft\u0131:<\/span><\/p>\n<p style=\"text-align: justify;\"><span style=\"font-family: arial,helvetica,sans-serif;\">1-\u00a0\u00a0\u00a0 TSK\u2019n\u0131n topyek\u00fbn savunma programlar\u0131n\u0131n de\u015fifre edilmesi<\/span><\/p>\n<p style=\"text-align: justify;\"><span style=\"font-family: arial,helvetica,sans-serif;\">2-\u00a0\u00a0\u00a0 TSK\u2019n\u0131n Irak\u2019\u0131n kuzeyine y\u00f6nelik planlar\u0131n\u0131n ele ge\u00e7irilmesi ve engellenmesi<\/span><\/p>\n<p style=\"text-align: justify;\"><span style=\"font-family: arial,helvetica,sans-serif;\">3-\u00a0\u00a0\u00a0 TSK komuta kademesi i\u00e7inde g\u00fcvensizlik olu\u015fturup bir birine d\u00fc\u015f\u00fcr\u00fclmesi<\/span><\/p>\n<p style=\"text-align: justify;\"><span style=\"font-family: arial,helvetica,sans-serif;\">4-\u00a0\u00a0\u00a0 Ordunun \u00f6zg\u00fcveninin sars\u0131l\u0131p zedelenmesi<\/span><\/p>\n<p style=\"text-align: justify;\"><span style=\"font-family: arial,helvetica,sans-serif;\">5-\u00a0\u00a0\u00a0 TSK\u2019n\u0131n itibar\u0131n\u0131n s\u0131f\u0131ra indirilmesi<\/span><\/p>\n<p style=\"text-align: justify;\"><strong><span style=\"font-family: arial,helvetica,sans-serif;\">\u015eamanist kafal\u0131, \u0130slam d\u00fc\u015fman\u0131, Ha\u00e7l\u0131 Avrupa hayran\u0131 Nihal Ats\u0131z\u2019\u0131n evlad\u0131 ve Star Yazar\u0131 Ya\u011fmur Ats\u0131z\u2019a g\u00f6re T\u00fcrkiye\u2019nin en b\u00fcy\u00fck kamburu TSK imi\u015f.. Ve mutlaka bertaraf edilip hizaya getirilmeliymi\u015f:<\/span><\/strong><\/p>\n<p style=\"text-align: justify;\"><strong><span style=\"font-family: arial,helvetica,sans-serif;\">Memleketin be\u015f kamburu<\/span><\/strong><\/p>\n<p style=\"text-align: justify;\"><span style=\"font-family: arial,helvetica,sans-serif;\">T\u00fcrkiye&#8217;nin bir 21. Y\u00fczy\u0131l \u00fclkesi olabilmek i\u00e7in behemehal s\u0131rt\u0131ndaki be\u015f kamburdan kurtulmas\u0131 &#8220;elzem&#8221;dir:\u00a0 ASKER\u0130YE, ADL\u0130YE, M\u00dcLK\u0130YE, \u0130LM\u0130YE ve NE\u015eR\u0130YE!\u00a0 Maksad\u0131m \u015fu halleriyle devleti devlet olmaktan \u00e7\u0131karm\u0131\u015f bulunduklar\u0131 bilincini yaratmak ve onlar\u0131n y\u00fck olmaktan \u00e7\u0131kmas\u0131na katk\u0131da bulunmak. \u00c7\u00fcnk\u00fc bu devlet y\u0131k\u0131l\u0131rsa enkaz\u0131n alt\u0131nda HEP\u0130M\u0130Z kalaca\u011f\u0131z.<\/span><\/p>\n<p style=\"text-align: justify;\"><span style=\"font-family: arial,helvetica,sans-serif;\">ASKER\u0130YE &#8211; TSK on y\u0131llard\u0131r Avrupa&#8217;n\u0131n en tehlikeli vurucu g\u00fcc\u00fcd\u00fcr. Bu tehlike onun &#8220;cayd\u0131r\u0131c\u0131l\u0131\u011f\u0131&#8221;ndan de\u011fil nereye toslayaca\u011f\u0131n\u0131n belli olmay\u0131\u015f\u0131ndan ileri gelmektedir. Bu silahl\u0131 g\u00fcc\u00fcn muhtelif kademelerinde &#8220;Yeni\u00e7eri R\u00fbhu&#8221; b\u00fct\u00fcn canl\u0131l\u0131\u011f\u0131yla ya\u015famaktad\u0131r. 1876&#8217;dan bu yana uygulamal\u0131 vey\u00e2 planlama safhas\u0131nda kalmak \u00fczere on be\u015f den fazla darbeden ve 41 senede (1877-1918) be\u015f bu\u00e7uk milyon kilometrekarelik bir imparatorlu\u011fun, yakla\u015f\u0131k \u00fc\u00e7 milyon can kayb\u0131yla 780.000 kilometrekareye d\u00fc\u015fmesinden sorumludur. \u015eiddetli bir disiplin problemiyle mal\u00fbld\u00fcr&#8230;\u201d<\/span><\/p>\n<p style=\"text-align: justify;\"><strong><span style=\"font-family: arial,helvetica,sans-serif;\">\u0130\u015fte bu melun Yahuda\u2019n\u0131n en b\u00fcy\u00fck ku\u015fkusu ve korkusu olan, bu y\u00fczden b\u00fct\u00fcn Milli G\u00f6r\u00fc\u015f partileri yasaklanan ve milli projeleri ask\u0131ya al\u0131nan Prof. Dr. Necmettin Erbakan Hoca, bu tarihi dirili\u015f ve direni\u015f i\u00e7in \u015funlar\u0131 hayk\u0131rmaktad\u0131r:<\/span><\/strong><\/p>\n<p style=\"text-align: justify;\"><strong><em><span style=\"font-family: arial,helvetica,sans-serif;\">\u201cCihats\u0131z; izzet, h\u00fcrriyet ve devlet olmayacakt\u0131r.<\/span><\/em><\/strong><\/p>\n<p style=\"text-align: justify;\"><strong><em><span style=\"font-family: arial,helvetica,sans-serif;\">Cihat: Emribil maruf-Nehyi anil m\u00fcnker yapmakt\u0131r. Yani Hayr\u0131 emretmek ve y\u00fcr\u00fctmek; \u015eerri yasaklamak ve ortadan kald\u0131rmak i\u00e7in gerekli \u015fartlar\u0131, imk\u00e2n ve iktidar\u0131 haz\u0131rlamakt\u0131r. Cihat Siyonist Yahudi Lobilerinin, ABD ve AB\u2019nin sinsi ve gayri insani hedeflerini anlamak ve bo\u015fa \u00e7\u0131karmak \u00fczere, b\u00fct\u00fcn g\u00fcc\u00fcm\u00fczle \u00e7al\u0131\u015fmakt\u0131r.<\/span><\/em><\/strong><\/p>\n<p style=\"text-align: justify;\"><strong><em><span style=\"font-family: arial,helvetica,sans-serif;\">Bu d\u00f6nemde neden her zamankinden daha fazla \u00e7al\u0131\u015fmam\u0131z \u015fartt\u0131r?<\/span><\/em><\/strong><\/p>\n<p style=\"text-align: justify;\"><strong><em><span style=\"font-family: arial,helvetica,sans-serif;\">\u00c7\u00fcnk\u00fc, \u0130\u015fbirlik\u00e7i iktidar\u0131n uygulad\u0131\u011f\u0131 Haim Nahum doktrini ile T\u00fcrkiye, \u0130srail&#8217;e vilayet yap\u0131lmaya u\u011fra\u015f\u0131lmaktad\u0131r. Allah Muhafaza, e\u011fer buna engel olmazsak, \u00fclkemiz par\u00e7alanacak, devletimiz da\u011f\u0131lacak ve gelece\u011fimiz kararacakt\u0131r.<\/span><\/em><\/strong><\/p>\n<p style=\"text-align: justify;\"><strong><em><span style=\"font-family: arial,helvetica,sans-serif;\">T\u00fcrkiye merkezli yeni ve adil bir medeniyetin kurulmas\u0131, Yeniden b\u00fcy\u00fck T\u00fcrkiye ve Yeni bir d\u00fcnya hedefine ula\u015f\u0131lmas\u0131 ve t\u00fcm insanl\u0131\u011f\u0131n Siyonist emperyalizmin k\u0131skac\u0131ndan kurtar\u0131lmas\u0131 i\u00e7in bu d\u00f6nemde her zamankinden daha fazla \u00e7al\u0131\u015fmam\u0131z laz\u0131md\u0131r.<\/span><\/em><\/strong><\/p>\n<p style=\"text-align: justify;\"><strong><span style=\"font-family: arial,helvetica,sans-serif;\">Yahudi Haham Haim Nahum\u2019un milletimizi ve \u00fclkemizi bitirme doktrini \u015fu \u015feytani esaslara dayan\u0131r: <\/span><\/strong><\/p>\n<p style=\"text-align: justify;\"><span style=\"font-family: arial,helvetica,sans-serif;\">1-T\u00fcrkleri a\u00e7 b\u0131rakaca\u011f\u0131z<\/span><\/p>\n<p style=\"text-align: justify;\"><span style=\"font-family: arial,helvetica,sans-serif;\">2- \u0130\u015fsiz ve g\u00fc\u00e7s\u00fcz koymak i\u00e7in, s\u0131na\u00ee ve zirai kalk\u0131nmas\u0131na engel olaca\u011f\u0131z<\/span><\/p>\n<p style=\"text-align: justify;\"><span style=\"font-family: arial,helvetica,sans-serif;\">3- Borca esir edip kendimize mahk\u00fbm, mecbur ve muhta\u00e7 konuma sokaca\u011f\u0131z<\/span><\/p>\n<p style=\"text-align: justify;\"><span style=\"font-family: arial,helvetica,sans-serif;\">4- Dininden uzakla\u015ft\u0131raca\u011f\u0131z; \u0130slami \u015fuurdan ve ahlaki onurdan koparaca\u011f\u0131z<\/span><\/p>\n<p style=\"text-align: justify;\"><span style=\"font-family: arial,helvetica,sans-serif;\">5- B\u00f6l\u00fcp par\u00e7alayacak, birbirlerine d\u00fc\u015fman gruplara ay\u0131raca\u011f\u0131z<\/span><\/p>\n<p style=\"text-align: justify;\"><span style=\"font-family: arial,helvetica,sans-serif;\">6- B\u00f6ld\u00fcklerimizi birbiriyle \u00e7arp\u0131\u015ft\u0131raca\u011f\u0131z<\/span><\/p>\n<p style=\"text-align: justify;\"><span style=\"font-family: arial,helvetica,sans-serif;\">7- B\u00f6ylece yumu\u015fak lokma yap\u0131p \u0130srail\u2019e vilayet yapaca\u011f\u0131z<\/span><\/p>\n<p style=\"text-align: justify;\"><strong><span style=\"font-family: arial,helvetica,sans-serif;\">Siyonizmin alt kurulu\u015flar\u0131 ve \u0130srail\u2019in g\u00f6n\u00fcll\u00fc hizmetk\u00e2rlar\u0131 olan Masonlar\u0131n haks\u0131z ve ahlaks\u0131z saplant\u0131lar\u0131!<\/span><\/strong><\/p>\n<p style=\"text-align: justify;\"><strong><em><span style=\"font-family: arial,helvetica,sans-serif;\">\u201cPsikoloji ve metafizik din etkisinden kurtuldu. \u0130nsan ruhunun beyin kabu\u011funun \u00f6zel fonksiyonu oldu\u011fu anla\u015f\u0131ld\u0131 ve saptand\u0131. Maneviyat ve uhrevi hayat ger\u00e7ek de\u011fildir.\u201d<\/span><\/em><\/strong><\/p>\n<p style=\"text-align: justify;\"><strong><em><span style=\"font-family: arial,helvetica,sans-serif;\">\u201cRuh bir ger\u00e7ektir, bir realite (se&#8217;niyyet)dir. Onu, e\u015fyay\u0131 g\u00f6r\u00fcr gibi g\u00f6rmemiz gereklidir. Ruh, beyindeki \u00f6zel h\u00fccrelerin fonksiyonundan olu\u015fan bir \u015feydir.\u201d<\/span><\/em><\/strong><\/p>\n<p style=\"text-align: justify;\"><strong><em><span style=\"font-family: arial,helvetica,sans-serif;\">&#8220;Belirli beyin h\u00fccrelerinin \u00f6zel fonksiyonu olan ruh, \u00f6l\u00fcmden sonra kal\u0131c\u0131 (ebedi), \u00f6l\u00fcms\u00fcz de\u011fildir.&#8221;<\/span><\/em><\/strong><\/p>\n<p style=\"text-align: justify;\"><strong><em><span style=\"font-family: arial,helvetica,sans-serif;\">&#8220;Masonlu\u011fun kabul etti\u011fi bilim verisi ruh, bedenin \u00f6lmesiyle beraber \u00f6l\u00fcr, yani \u00f6lmezlik vasf\u0131na haiz de\u011fildir. Masonlu\u011fun, \u201cruhun \u00f6lmezli\u011fi\u201d gibi, hen\u00fcz halledilmemi\u015f, bir problemi, benimsemesine imk\u00e2n g\u00f6rm\u00fcyoruz.&#8221;<\/span><a href=\"#_ftn7\"><strong><span style=\"font-family: arial,helvetica,sans-serif;\">[7]<\/span><\/strong><\/a><\/em><\/strong><\/p>\n<p style=\"text-align: justify;\"><strong><span style=\"font-family: arial,helvetica,sans-serif;\">Materyalistlerin g\u00f6r\u00fc\u015fleri:<\/span><\/strong><\/p>\n<p style=\"text-align: justify;\"><strong><em><span style=\"font-family: arial,helvetica,sans-serif;\">\u201cBilincimiz ve d\u00fc\u015f\u00fcncemiz, bize ne derece a\u015fk\u0131n (transcendante) g\u00f6r\u00fcn\u00fcrse g\u00f6r\u00fcns\u00fcn, maddesel, cisimsel bir varl\u0131k olan beyin \u00fcr\u00fcn\u00fcnden ba\u015fka bir \u015fey de\u011fildir.\u201d<\/span><\/em><\/strong><\/p>\n<p style=\"text-align: justify;\"><strong><em><span style=\"font-family: arial,helvetica,sans-serif;\">&#8220;Ruh, maddenin y\u00fcksek bir \u00fcr\u00fcn\u00fcnden ba\u015fka bir \u015fey de\u011fildir.&#8221;<\/span><\/em><\/strong><\/p>\n<p style=\"text-align: justify;\"><strong><em><span style=\"font-family: arial,helvetica,sans-serif;\">\u201cYa\u015fam\u0131n diyalektik kavran\u0131\u015f\u0131 bundan ba\u015fka bir \u015fey de\u011fildir. Ama bunu bir kez anlayan ki\u015fi i\u00e7in, ruhun \u00f6l\u00fcms\u00fczl\u00fc\u011f\u00fc ile ilgili b\u00fct\u00fcn s\u00f6zler de\u011ferini yitirir.<\/span><a href=\"#_ftn8\"><strong><span style=\"font-family: arial,helvetica,sans-serif;\">[8]<\/span><\/strong><\/a><\/em><\/strong><\/p>\n<p style=\"text-align: justify;\"><strong><span style=\"font-family: arial,helvetica,sans-serif;\">Masonlar\u0131n Allah\u2019\u0131 ve Ahiret hayat\u0131n\u0131 ink\u00e2r\u0131!<\/span><\/strong><\/p>\n<p style=\"text-align: justify;\"><span style=\"font-family: arial,helvetica,sans-serif;\">Masonlar\u0131n ahl\u00e2k anlay\u0131\u015f\u0131n\u0131 kendi eserlerinden inceleyelim:<\/span><\/p>\n<p style=\"text-align: justify;\"><strong><em><span style=\"font-family: arial,helvetica,sans-serif;\">&#8220;Cennet ve cehennem tasavvurunun telkin etti\u011fi bencil \u00fcmit ve korku, ahl\u00e2k\u0131 ifsat etmektedir&#8230; \u00dcmit ve korku ile yap\u0131lan iyilikte, faziletin n\u00fcvesi bulunabilece\u011fini iddia etmek, bilgi ve ak\u0131ldan nasip almamak demektir&#8221;<\/span><a href=\"#_ftn9\"><strong><span style=\"font-family: arial,helvetica,sans-serif;\">[9]<\/span><\/strong><\/a><\/em><\/strong><\/p>\n<p style=\"text-align: justify;\"><span style=\"font-family: arial,helvetica,sans-serif;\">Mason Dergisi&#8217;nden al\u0131nan bu izahta cennet ve cehennem inanc\u0131 reddedilerek ahl\u00e2k\u0131n din ile birlikte bir anlam ve b\u00fct\u00fcnl\u00fck te\u015fkil etmedi\u011fi savunulmaktad\u0131r. Masonlara g\u00f6re ahl\u00e2kl\u0131 olmak i\u00e7in dine ihtiya\u00e7 yoktur. Ahl\u00e2k\u0131n kayna\u011f\u0131 olan din, onlara g\u00f6re, \u00fcmit ve korku zorlamas\u0131n\u0131 getirmektedir ve dindar bir kimsenin ahl\u00e2k\u0131nda fazilet yoktur. Bunun aksini s\u00f6yleyenler ise ak\u0131ls\u0131z olmakla su\u00e7lanmaktad\u0131rlar. Buna benzer bir izaha T\u00fcrk Mason Dergisi&#8217;nin ba\u015fka bir say\u0131s\u0131nda rastlamaktay\u0131z:<\/span><\/p>\n<p style=\"text-align: justify;\"><strong><em><span style=\"font-family: arial,helvetica,sans-serif;\">&#8220;Ruhun \u00f6lmezli\u011fine inanmak imgeye (hayale) kap\u0131lmakt\u0131r. Zaten ruhun \u00f6lmezli\u011fi bize gerekli de\u011fildir. B\u00f6yle bir inan\u00e7 bizi ancak korku ve umut ahl\u00e2k\u0131na g\u00f6t\u00fcr\u00fcr.&#8221;<\/span><a href=\"#_ftn10\"><strong><span style=\"font-family: arial,helvetica,sans-serif;\">[10]<\/span><\/strong><\/a><\/em><\/strong><\/p>\n<p style=\"text-align: justify;\"><span style=\"font-family: arial,helvetica,sans-serif;\">Burada ayn\u0131 anlamda ruhun \u00f6l\u00fcml\u00fc oldu\u011fu savunulmaktad\u0131r. Ahl\u00e2k konusundaki mason d\u00fc\u015f\u00fcnceleri ile piyasaya belli bir kesimin &#8220;cinsel ihtiyac\u0131n\u0131&#8221; kar\u015f\u0131lamak i\u00e7in s\u00fcr\u00fclen ve ger\u00e7ekte cemiyet ahl\u00e2k\u0131n\u0131 ifsat eden bir dergideki izahlar tesad\u00fcf olamayacak derecede paralellik g\u00f6stermektedir:<\/span><\/p>\n<p style=\"text-align: justify;\"><strong><em><span style=\"font-family: arial,helvetica,sans-serif;\">&#8220;Tamam, art\u0131k her \u015feyi biliyorsunuz. \u00d6l\u00fcmden sonra ya\u015fam olabilece\u011fini d\u00fc\u015f\u00fcnmeyin, anal\u0131\u011f\u0131n kutsall\u0131\u011f\u0131na kanmay\u0131n, cinselli\u011fi yasaklamay\u0131n.&#8221;<\/span><a href=\"#_ftn11\"><strong><span style=\"font-family: arial,helvetica,sans-serif;\">[11]<\/span><\/strong><\/a><\/em><\/strong><span style=\"font-family: arial,helvetica,sans-serif;\"> <strong><em><\/em><\/strong><\/span><\/p>\n<p style=\"text-align: justify;\"><span style=\"font-family: arial,helvetica,sans-serif;\">Bu derginin mensubu bulundu\u011fu yay\u0131nevinin kurucusu masondur.<\/span><\/p>\n<p style=\"text-align: justify;\"><span style=\"font-family: arial,helvetica,sans-serif;\">Bu sebeple, b\u00f6yle bir dergi masonlar\u0131n ahl\u00e2k g\u00f6r\u00fc\u015flerini tabii ki tamam\u0131yla yans\u0131tmaktad\u0131r.<\/span><\/p>\n<p style=\"text-align: justify;\"><span style=\"font-family: arial,helvetica,sans-serif;\">Masonlar\u0131n g\u00f6r\u00fc\u015flerine z\u0131t olarak Allah (cc)&#8217;\u0131n teklif etti\u011fi \u015fekilde din ahlak\u0131n\u0131 ya\u015fayanlar ise Mason Dergisi&#8217;nde \u015f\u00f6yle nitelendirilmektedir:<\/span><\/p>\n<p style=\"text-align: justify;\"><strong><em><span style=\"font-family: arial,helvetica,sans-serif;\">\u201cAhlak kaidelerine gelince: Bu kaideleri yaln\u0131z din disiplini alt\u0131nda benimsemek i\u00e7in insan\u0131n fikirden yoksun olmas\u0131, yani duygusuz ve cahil olmas\u0131 icap eder.&#8221;<\/span><\/em><\/strong><a href=\"#_ftn12\"><strong><strong><span style=\"font-family: arial,helvetica,sans-serif;\">[12]<\/span><\/strong><\/strong><\/a><\/p>\n<p style=\"text-align: justify;\"><strong><span style=\"font-family: arial,helvetica,sans-serif;\">\u015eimdi soral\u0131m: Siyonizmin ve k\u00fcresel emperyalizmin kuklalar\u0131 olan siyasi, askeri ve b\u00fcrokrasi masonlar\u0131; T\u00fcrkiye\u2019nin mi, yoksa ABD ve \u0130srail\u2019in mi \u00e7\u0131karlar\u0131n\u0131 kollayacakt\u0131r?<\/span><\/strong><\/p>\n<p style=\"text-align: justify;\"><br clear=\"all\" \/><\/p>\n<p> <span style=\"font-family: arial,helvetica,sans-serif;\"> <\/p>\n<hr \/>\n<p> <\/span> <\/p>\n<p><a href=\"#_ftnref1\"><span style=\"font-family: arial,helvetica,sans-serif;\">[1]<\/span><\/a><span style=\"font-family: arial,helvetica,sans-serif;\"> Kulis Ankara \/ Milli Gazete<\/span><\/p>\n<p><a href=\"#_ftnref2\"><span style=\"font-family: arial,helvetica,sans-serif;\">[2]<\/span><\/a><span style=\"font-family: arial,helvetica,sans-serif;\"> <strong>Yahuda:<\/strong> Hz. Yakup&#8217;un d\u00f6rt o\u011flundan biri. Hz. \u0130shak&#8217;\u0131n o\u011flu Hz. Yakup Harran&#8217;da Lea ile evlendi. D\u00f6rt o\u011flu oldu: Ruben, \u015eimon, Levi ve Yahuda.. Bkz: Eski Ahit(Tekvin).<\/span><\/p>\n<p><a href=\"#_ftnref3\"><span style=\"font-family: arial,helvetica,sans-serif;\">[3]<\/span><\/a><span style=\"font-family: arial,helvetica,sans-serif;\"> <strong>Yahuda G\u00fcc\u00fc:<\/strong> Hz. Yakup o\u011flu Yahudaya \u015f\u00f6yle seslenir:\u00a0 \u201cEy Yahuda, karde\u015flerin seni \u00f6v\u00fcp sayg\u0131 duyacak, elin d\u00fc\u015fmanlar\u0131n\u0131n ensesinde olacak, herkes \u00f6n\u00fcnde e\u011filip hizmetk\u00e2r olacak. Yahuda bir aslan yavrusudur, o\u011flum benim, av\u0131ndan d\u00f6n\u00fcp yere \u00e7\u00f6melir, aslan gibi yatars\u0131n. Kim onu uyand\u0131rmaya cesaret edebilir? Sahibi gelinceye kadar krall\u0131k asas\u0131 elinden \u00e7\u0131kmayacak!&#8221; dedi. Eski Ahit, b\u00f6l\u00fcm 49.<\/span><\/p>\n<p><a href=\"#_ftnref4\"><span style=\"font-family: arial,helvetica,sans-serif;\">[4]<\/span><\/a><span style=\"font-family: arial,helvetica,sans-serif;\"> Genel Kurmay Ba\u015fkanl\u0131\u011f\u0131n\u0131n 18 Ocak 2008 g\u00fcnl\u00fc bas\u0131n a\u00e7\u0131klamas\u0131.<\/span><\/p>\n<p><a href=\"#_ftnref5\"><span style=\"font-family: arial,helvetica,sans-serif;\">[5]<\/span><\/a><span style=\"font-family: arial,helvetica,sans-serif;\"> Genel Kurmay Ba\u015fkanl\u0131\u011f\u0131n\u0131n 12 Nisan 2007 g\u00fcnl\u00fc bas\u0131n a\u00e7\u0131klamas\u0131.<\/span><\/p>\n<p><a href=\"#_ftnref6\"><span style=\"font-family: arial,helvetica,sans-serif;\">[6]<\/span><\/a><span style=\"font-family: arial,helvetica,sans-serif;\"> Son Harekat Kod Ad\u0131: Yahuda Sh: 13-21)<\/span><\/p>\n<p><a href=\"#_ftnref7\"><span style=\"font-family: arial,helvetica,sans-serif;\">[7]<\/span><\/a><span style=\"font-family: arial,helvetica,sans-serif;\">\u00a0 [Dr. Selami I\u015f\u0131nda\u011f &#8211; Masonik Diyalog (Akasya Tekemm\u00fcl Mahfili Yay\u0131nlar\u0131) Ekin Matbaas\u0131, \u0130st. 1964]<\/span><\/p>\n<p><a href=\"#_ftnref8\"><span style=\"font-family: arial,helvetica,sans-serif;\">[8]<\/span><\/a><span style=\"font-family: arial,helvetica,sans-serif;\">\u00a0 [F. Engels, Do\u011fan\u0131n Diyalekti\u011fi, Sf: 376]<\/span><\/p>\n<p><a href=\"#_ftnref9\"><span style=\"font-family: arial,helvetica,sans-serif;\">[9]<\/span><\/a><span style=\"font-family: arial,helvetica,sans-serif;\">\u00a0 [T\u00fcrk Mason Dergisi-Temmuz 1966-S:63, Sf: 3289]<\/span><\/p>\n<p><a href=\"#_ftnref10\"><span style=\"font-family: arial,helvetica,sans-serif;\">[10]<\/span><\/a><span style=\"font-family: arial,helvetica,sans-serif;\"> [Mason Dergisi-Ocak 1975-S:18, Sf: 8]<\/span><\/p>\n<p><a href=\"#_ftnref11\"><span style=\"font-family: arial,helvetica,sans-serif;\">[11]<\/span><\/a><span style=\"font-family: arial,helvetica,sans-serif;\"> [Bravo &#8211; A\u011fustos 1984]<\/span><\/p>\n<p><a href=\"#_ftnref12\"><span style=\"font-family: arial,helvetica,sans-serif;\">[12]<\/span><\/a><span style=\"font-family: arial,helvetica,sans-serif;\"> [T\u00fcrk Mason Dergisi -Ekim 1961 &#8211; S.44. Sf:2358]<\/span><\/p>\n","protected":false},"excerpt":{"rendered":"<p style=\"text-align: justify;\"><strong><span style=\"font-family: arial,helvetica,sans-serif;\">Siyonist Yahudiler ve Sabatayist kesimler, \u0130srail\u2019e yerle\u015fmek istemeyen binlerce Yahudi\u2019yi kendileri bat\u0131rm\u0131\u015flard\u0131.<\/span><\/strong><\/p>\n<p style=\"text-align: justify;\"><span style=\"font-family: arial,helvetica,sans-serif;\">1940\u2019ta Romanya\u2019dan ald\u0131\u011f\u0131 342 Yahudi m\u00fclteci ile \u0130stanbul\u2019dan ge\u00e7mek isteyen Salvator teknesi karaya \u00e7\u0131kar\u0131lmad\u0131. Silivri\u2019de f\u0131rt\u0131nadan batm\u0131\u015f ve 219 yolcusu bo\u011fulmu\u015flard\u0131.<\/span><\/p>\n<p style=\"text-align: justify;\"><strong><span style=\"font-family: arial,helvetica,sans-serif;\">Sovyetler mi, \u0130n\u00f6n\u00fc m\u00fc bat\u0131rm\u0131\u015ft\u0131?<\/span><\/strong><\/p>\n","protected":false},"author":46,"featured_media":0,"comment_status":"open","ping_status":"closed","sticky":false,"template":"","format":"standard","meta":{"footnotes":""},"categories":[112],"tags":[],"class_list":["post-1861","post","type-post","status-publish","format-standard","hentry","category-agustos-2010"],"_links":{"self":[{"href":"https:\/\/www.millicozum.com\/mc\/wp-json\/wp\/v2\/posts\/1861","targetHints":{"allow":["GET"]}}],"collection":[{"href":"https:\/\/www.millicozum.com\/mc\/wp-json\/wp\/v2\/posts"}],"about":[{"href":"https:\/\/www.millicozum.com\/mc\/wp-json\/wp\/v2\/types\/post"}],"author":[{"embeddable":true,"href":"https:\/\/www.millicozum.com\/mc\/wp-json\/wp\/v2\/users\/46"}],"replies":[{"embeddable":true,"href":"https:\/\/www.millicozum.com\/mc\/wp-json\/wp\/v2\/comments?post=1861"}],"version-history":[{"count":0,"href":"https:\/\/www.millicozum.com\/mc\/wp-json\/wp\/v2\/posts\/1861\/revisions"}],"wp:attachment":[{"href":"https:\/\/www.millicozum.com\/mc\/wp-json\/wp\/v2\/media?parent=1861"}],"wp:term":[{"taxonomy":"category","embeddable":true,"href":"https:\/\/www.millicozum.com\/mc\/wp-json\/wp\/v2\/categories?post=1861"},{"taxonomy":"post_tag","embeddable":true,"href":"https:\/\/www.millicozum.com\/mc\/wp-json\/wp\/v2\/tags?post=1861"}],"curies":[{"name":"wp","href":"https:\/\/api.w.org\/{rel}","templated":true}]}}