{"id":1862,"date":"2010-07-22T15:09:33","date_gmt":"2010-07-22T15:09:33","guid":{"rendered":"https:\/\/www.millicozum.com\/mc\/2010\/07\/22\/halkina-en-pahali-eti-yutturmak-veya-at-etini-it-etine-karistirmak\/"},"modified":"2010-07-22T15:09:33","modified_gmt":"2010-07-22T15:09:33","slug":"halkina-en-pahali-eti-yutturmak-veya-at-etini-it-etine-karistirmak","status":"publish","type":"post","link":"https:\/\/www.millicozum.com\/mc\/2010\/agustos-2010\/halkina-en-pahali-eti-yutturmak-veya-at-etini-it-etine-karistirmak\/","title":{"rendered":"Halk\u0131na En Pahal\u0131 Eti Yutturmak Veya AT ET\u0130N\u0130 \u0130T ET\u0130NE KARI\u015eTIRMAK"},"content":{"rendered":"<p style=\"text-align: justify;\"><strong><span style=\"font-family: arial,helvetica,sans-serif;\">Tar\u0131mda \u00fcretim on y\u0131ld\u0131r artm\u0131yor, azal\u0131yor!<\/span><\/strong><\/p>\n<p style=\"text-align: justify;\"><strong><span style=\"font-family: arial,helvetica,sans-serif;\">N\u00fcfusumuz art\u0131yor, ama tar\u0131mdaki \u00fcretim tam tersine azal\u0131yor. \u0130\u015fte o nedenle, tar\u0131m \u00fcr\u00fcnlerinin ve dolay\u0131s\u0131yla g\u0131da maddelerinin fiyat\u0131 y\u00fckseliyor. Et pahal\u0131la\u015f\u0131yor, sebze pahal\u0131la\u015f\u0131yor. Et \u00fcretimi, ay\u00e7i\u00e7e\u011fi \u00fcretimi, pamuk \u00fcretimi yetersiz olunca ithalat zorunlulu\u011fu ortaya \u00e7\u0131k\u0131yor. Kendi \u00fcreticimiz i\u015fsiz iken, ba\u015fka \u00fclkelerin \u00fcreticilerine i\u015f imk\u00e2n\u0131 yarat\u0131l\u0131yor. Bor\u00e7lanarak buldu\u011fumuz d\u00f6vizler, onlar\u0131n cebine konuyor. Tar\u0131m \u00fcretiminin (\u00fcr\u00fcnler itibariyle de\u011fil, bir b\u00fct\u00fcn olarak) art\u0131p artmad\u0131\u011f\u0131 gayri safi yurti\u00e7i has\u0131la (GSYH) rakamlar\u0131ndan izleniyor. N\u00fcfus y\u00fczde 11.9 artarken, g\u0131da harcamalar\u0131 y\u00fczde 30 artarken, g\u0131da \u00fcretimi azal\u0131nca, art\u0131k arz talebi kar\u015f\u0131layamad\u0131\u011f\u0131 i\u00e7in \u00f6nce tar\u0131m \u00fcr\u00fcnleri fiyat\u0131, daha sonra g\u0131da maddeleri fiyat\u0131 art\u0131yor. Ve de \u00fclke tar\u0131m \u00fcr\u00fcn\u00fc ve g\u0131da maddesi ithal etmek mecburiyetinde kal\u0131yor. Tablo budur. Bu tablo istenen \/ arzulanan bir tablo ise T\u00fcrkiye\u2019de tar\u0131m politikalar\u0131 da ba\u015far\u0131l\u0131 demektir.<\/span><\/strong><\/p>\n<p style=\"text-align: justify;\"><strong><span style=\"font-family: arial,helvetica,sans-serif;\">AKP iktidar\u0131, bu bereketsizlik ve ba\u015far\u0131s\u0131zl\u0131\u011f\u0131n\u0131; Bat\u0131ya ba\u011f\u0131ml\u0131l\u0131kla ve topluma ithal et yutturmakla kapatmaya \u00e7al\u0131\u015f\u0131yor. Tabi bu ithal etlerin domuz eti mi, kur\u015funla \u00f6ld\u00fcr\u00fclm\u00fc\u015f hayvan le\u015fi mi oldu\u011fu tart\u0131\u015f\u0131l\u0131p duruyor. Yani at eti it etine kar\u0131\u015ft\u0131r\u0131l\u0131yor. Ve bunlar\u0131n sonucu; \u201cs\u00f6yle yediklerini, bileyim karakterini\u201d s\u00f6zleri ger\u00e7e\u011fe d\u00f6n\u00fc\u015f\u00fcyor.<\/span><\/strong><\/p>\n<p style=\"text-align: justify;\"><strong><span style=\"font-family: arial,helvetica,sans-serif;\">&#8216;AB\u2019ye verilen et ithalat tavizi y\u0131ll\u0131k 25 bin tonu ge\u00e7iyor&#8217;<\/span><\/strong><\/p>\n<p style=\"text-align: justify;\"><span style=\"font-family: arial,helvetica,sans-serif;\">T\u00fcrkiye Ziraat Odalar\u0131 Birli\u011fi(TZOB) Genel Ba\u015fkan\u0131 \u015eemsi Bayraktar, ithalattan do\u011fabilecek \u00e7ok say\u0131da zarar oldu\u011funa dikkat \u00e7ekerek, T\u00fcrkiye taraf\u0131ndan, Avrupa Birli\u011fi&#8217;ne 1\/98 Say\u0131l\u0131 Ortakl\u0131k Konsey Karar\u0131 (OKK) ile y\u0131ll\u0131k toplam 22 bin 500 ton canl\u0131 hayvan ve et i\u00e7in taviz verildi\u011fi belirtiliyor.<\/span><\/p>\n<p style=\"text-align: justify;\"><span style=\"font-family: arial,helvetica,sans-serif;\">\u00a0\u015eemsi Bayraktar, karkas ette 15 TL&#8217;nin alt\u0131ndaki fiyat\u0131n zarar oldu\u011funu belirterek, ithalat karar\u0131yla birlikte fiyatlar\u0131n tela\u015ftan 15 TL&#8217;nin alt\u0131na d\u00fc\u015fmeye ba\u015flad\u0131\u011f\u0131n\u0131 kaydediyor.<\/span><\/p>\n<p style=\"text-align: justify;\"><span style=\"font-family: arial,helvetica,sans-serif;\">Bayraktar yapt\u0131\u011f\u0131 yaz\u0131l\u0131 a\u00e7\u0131klamada, hedefin t\u00fcketici fiyatlar\u0131 iken, hedefin \u015fa\u015ft\u0131\u011f\u0131n\u0131 ve \u00fcretici fiyatlar\u0131n\u0131n d\u00fc\u015fmeye ba\u015flad\u0131\u011f\u0131na dikkat \u00e7ekerek, perakende fiyatlar\u0131 d\u00fc\u015fmemesi durumunda olacaklara ili\u015fkin endi\u015fesini \u015f\u00f6yle a\u00e7\u0131kl\u0131yor: &#8220;Firmalar \u00fcreticiden d\u00fc\u015f\u00fck fiyata ald\u0131\u011f\u0131 ete, k\u00e2r\u0131n\u0131 koyup satarken, zorda kalan \u00fcretici zarar\u0131na hayvan\u0131n\u0131 satmak zorunda b\u0131rak\u0131l\u0131yor.&#8221;<\/span><\/p>\n<p style=\"text-align: justify;\"><strong><span style=\"font-family: arial,helvetica,sans-serif;\">&#8220;Et Bal\u0131k Kurumu&#8217;na ithalat yetkisi fiyatlar\u0131 terbiye etme amac\u0131 ta\u015f\u0131yor&#8221;<\/span><\/strong><\/p>\n<p style=\"text-align: justify;\"><span style=\"font-family: arial,helvetica,sans-serif;\">Bayraktar, et fiyatlar\u0131n\u0131n artmas\u0131yla H\u00fck\u00fcmet&#8217;in Et Bal\u0131k Kurumu&#8217;na ithalat yapma yetkisi verdi\u011fini an\u0131msatarak, bu kararla fiyatlar\u0131 ithalatla terbiye etme yoluna gidildi\u011fini s\u00f6yl\u00fcyor. Bayraktar, fiyat art\u0131\u015flar\u0131n\u0131n nedenlerini \u015f\u00f6yle s\u0131ral\u0131yor:\u00a0 &#8220;2007-2008 d\u00f6neminde t\u00fcm d\u00fcnyada ya\u015fanan girdi art\u0131\u015flar\u0131 T\u00fcrkiye&#8217;de ya\u015fanan kurakl\u0131k, s\u00fct ve et gibi \u00fcr\u00fcn fiyatlar\u0131n\u0131n da yerinde saymas\u0131, y\u00fcksek maliyet bask\u0131s\u0131. 2008&#8217;in son \u00e7eyre\u011finde s\u00fct arz\u0131n\u0131n en d\u00fc\u015f\u00fck seviyeye gerilemesi s\u00fct fiyatlar\u0131n\u0131 d\u00fc\u015f\u00fcrerek, y\u00fcksek maliyet bask\u0131s\u0131 ile d\u00fc\u015f\u00fck fiyat k\u0131skac\u0131 aras\u0131nda kalan bir\u00e7ok s\u00fct i\u015fletmesi hayvanlar\u0131n\u0131 kesime sevk etti. Bu d\u00f6nemde yakla\u015f\u0131k 250 binden fazla dam\u0131zl\u0131k hayvan kesildi. Girdi maliyetlerindeki art\u0131\u015flar \u00fcretici et maliyetlerinin ve fiyatlar\u0131 art\u0131rd\u0131. B\u00fct\u00fcn bu geli\u015fmelerden sonra, A\u011fustos 2009- \u015eubat 2010 d\u00f6nemine, yani 7-8 ayl\u0131k s\u00fcre\u00e7te arpa y\u00fczde 11, kepek y\u00fczde 56, ay\u00e7i\u00e7e\u011fi tohumu k\u00fcspesi y\u00fczde 121 ve besi yemi ise y\u00fczde 19 oran\u0131nda artt\u0131. \u00c7ift\u00e7iler, 7-8 ay \u00f6nce besiye koyacaklar\u0131 canl\u0131 hayvan\u0131n kilosuna 8-9 TL \u00f6d\u00fcyorken, bug\u00fcn 12-13 TL&#8217;ye zor almaktad\u0131rlar. Yani canl\u0131 hayvan maliyetleri de y\u00fczde 45&#8217;ler civar\u0131nda artm\u0131\u015ft\u0131r.&#8221;<\/span><\/p>\n<p style=\"text-align: justify;\"><span style=\"font-family: arial,helvetica,sans-serif;\">Bayraktar, 8 ay \u00f6nce 11 TL olan karkas etin ham maliyetinin, bug\u00fcn itibariyle 15 TL&#8217;nin \u00fczerinde \u00e7\u0131kt\u0131\u011f\u0131n\u0131 ifade ederek, &#8220;Bu rakama en az y\u00fczde 10 k\u00e2r koysak bile \u00fcreticiler 16-17 TL&#8217;nin alt\u0131nda hayvan\u0131n\u0131 kestirdi\u011finde zarar eder&#8221; diyor.<\/span><\/p>\n<p style=\"text-align: justify;\"><strong><span style=\"font-family: arial,helvetica,sans-serif;\">Tar\u0131mda Tehlike \u00e7anlar\u0131 \u00e7al\u0131yor!<\/span><\/strong><\/p>\n<p style=\"text-align: justify;\"><span style=\"font-family: arial,helvetica,sans-serif;\">\u00dclkemizin en verimli Ege B\u00f6lgesi&#8217;nin Gediz Ovas\u0131&#8217;nda bu &#8216;icra ve iflaslar&#8217; ya\u015fan\u0131yorsa; var\u0131n di\u011fer b\u00f6lgelerimizin ne hallere d\u00fc\u015ft\u00fc\u011f\u00fcn siz d\u00fc\u015f\u00fcn\u00fcn!.. Bir zamanlar hayvan ihracat\u00e7\u0131s\u0131 olan \u00fclkemiz hayvan ithalat\u00e7\u0131s\u0131 konumuna d\u00fc\u015f\u00fcr\u00fcld\u00fc!.. Bir zamanlar tar\u0131m \u00fcretimi kendi kendine yeten d\u00fcnyan\u0131n nadir ve say\u0131l\u0131 birka\u00e7 \u00fclkesinden biriyken, tar\u0131m \u00fcr\u00fcnleri ithalat\u00e7\u0131s\u0131 h\u00e2line getirildi!..<\/span><\/p>\n<p style=\"text-align: justify;\"><span style=\"font-family: arial,helvetica,sans-serif;\">&#8216;Et ve hayvanc\u0131l\u0131k&#8217; deyip ge\u00e7meyin; hayvanc\u0131l\u0131k demek ayn\u0131 zamanda &#8216;tar\u0131m&#8217; demektir&#8230; Tar\u0131m ve hayvanc\u0131l\u0131k demek, \u00f6zellikle Orta ve Do\u011fu Anadolu&#8217;da &#8216;istihdam ve iktisat\/ekonomi&#8217; demektir&#8230; Tar\u0131m ve hayvanc\u0131l\u0131k demek, &#8216;i\u015fsizli\u011fe \u00e7are ve \u00e7\u00f6z\u00fcm&#8217; demektir&#8230; Tar\u0131m demek, yakla\u015fan &#8216;sosyal tufan&#8217;a &#8216;DUR&#8217; demektir&#8230;<\/span><\/p>\n<p style=\"text-align: justify;\"><span style=\"font-family: arial,helvetica,sans-serif;\">Peki, bu ekonomik ve sosyal tufana h\u00fck\u00fcmet taraf\u0131ndan \u00fcretilen \u00e7\u00f6z\u00fcm neymi\u015f?<\/span><\/p>\n<p style=\"text-align: justify;\"><span style=\"font-family: arial,helvetica,sans-serif;\">Et, s\u00fct, hayvan \u00fcreticilerimize vurulabilecek en b\u00fcy\u00fck darbe: \u0130THALAT!<\/span><\/p>\n<p style=\"text-align: justify;\"><span style=\"font-family: arial,helvetica,sans-serif;\">Kemal Dervi\u015f d\u00f6neminde tar\u0131m\u0131 bat\u0131rmak \u00fczere bir gecede \u00e7\u0131kar\u0131lan kanunlar\u0131 hat\u0131rlayal\u0131m&#8230; Hedef belliydi; T\u00fcrkiye&#8217;deki ana tar\u0131m \u00fcr\u00fcnlerinde \u00fcretimi d\u00fc\u015f\u00fcrmek&#8230; Hedeflerine ula\u015ft\u0131lar, \u00fcretimi d\u00fc\u015f\u00fcrd\u00fcler, bu g\u00fcnlere yani tar\u0131m ve hayvanc\u0131l\u0131k zengini T\u00fcrkiye&#8217;de &#8216;ithalat&#8217; yapar h\u00e2le geldik; ihracat\u00e7\u0131l\u0131ktan ithalat\u00e7\u0131l\u0131\u011fa geriledik&#8230;<\/span><\/p>\n<p style=\"text-align: justify;\"><strong><span style=\"font-family: arial,helvetica,sans-serif;\">Bu hale nas\u0131l getirildik? <\/span><\/strong><\/p>\n<p style=\"text-align: justify;\"><span style=\"font-family: arial,helvetica,sans-serif;\">\u0130\u015fte rakamlar: 2005&#8217;te 21,5 milyon ton olan bu\u011fday \u00fcretimi 2009&#8217;da 17 milyon tona d\u00fc\u015ft\u00fc!.. 2005&#8217;te 9,5 milyon ton olan arpa \u00fcretimi 2009&#8217;da 6 milyon tona d\u00fc\u015ft\u00fc!.. 2005&#8217;te 2,3 milyon ton olan pamuk \u00fcretimi 2009&#8217;da 2 milyon tonun alt\u0131na d\u00fc\u015ft\u00fc!.. 2005&#8217;teki 520 bin ton k\u0131rm\u0131z\u0131 mercimek \u00fcretimi 2009&#8217;da 111 bin tona d\u00fc\u015ft\u00fc!.. 2005&#8217;te 26 bin ton olan susam \u00fcretimi 2009&#8217;da 20 bin tonun alt\u0131na d\u00fc\u015ft\u00fc!.. Ve sonunda et ithal eder h\u00e2le d\u00fc\u015f\u00fcr\u00fcld\u00fck!..<\/span><\/p>\n<p style=\"text-align: justify;\"><span style=\"font-family: arial,helvetica,sans-serif;\">&#8220;Deccal Tabakta&#8221; kitab\u0131n\u0131n yazar\u0131 ve G\u0131da G\u00fcvenli\u011fi Hareketi Genel Ba\u015fkan\u0131 Kemal \u00d6zer, daha \u00f6nemli bir &#8216;TEHL\u0130KE&#8217;ye dikkat \u00e7ekiyor: &#8220;Gelen bilgiler do\u011fru ise; baz\u0131 \u00e7evreler canl\u0131 cans\u0131z et dolu gemileri limanlara yakla\u015ft\u0131rm\u0131\u015f bile. Etin fiyat\u0131 bu kadar y\u00fckselmi\u015fken; men\u015fei \u015faibeli, hastal\u0131kl\u0131, ya\u015fl\u0131, niteliksiz, antibiyotik deposuna \u00e7evrilmi\u015f hayvan etlerini &#8216;s\u00f6zde hel\u00e2l&#8217; etiketleri ile bize sunarlarsa, \u015fa\u015f\u0131racak de\u011filiz&#8230;&#8221;<\/span><\/p>\n<p style=\"text-align: justify;\"><span style=\"font-family: arial,helvetica,sans-serif;\">Evet; Deccal tar\u0131mda, Deccal ette, Deccal sofram\u0131zda, &#8216;Deccal tabakta&#8217;!.. B\u00f6yle giderse; sadece ekonomimiz ve tar\u0131m\u0131m\u0131z de\u011fil, sofram\u0131z ve sa\u011fl\u0131\u011f\u0131m\u0131z da tehlikede!..<\/span><a href=\"#_ftn1\"><span style=\"font-family: arial,helvetica,sans-serif;\">[1]<\/span><\/a><\/p>\n<p style=\"text-align: justify;\"><span style=\"font-family: arial,helvetica,sans-serif;\">Et fiyatlar\u0131 halk\u0131n tahamm\u00fcl\u00fcn\u00fcn \u00fczerine \u00e7\u0131k\u0131nca bunlar\u0131 d\u00fc\u015f\u00fcrmek i\u00e7in et ithali yoluna ba\u015fvuruluyor. Bunun \u00fczerine elinde kesimlik hayvan bulunan besiciler \u201cucuzlamadan\u201d\u00a0 korkarak h\u0131zl\u0131 bir kesim yoluna gidiyor. Evet, et ucuzluyor ama zaten az ve yetersiz olan kesimlik hayvan stoku da \u00f6nemli \u00f6l\u00e7\u00fcde azal\u0131yor.<\/span><\/p>\n<p style=\"text-align: justify;\"><span style=\"font-family: arial,helvetica,sans-serif;\">Recep Bey her probleme \u00e7abuk, kolay ama k\u00f6ks\u00fcz \u00e7areler aray\u0131p bulmakla \u00f6v\u00fcn\u00fcyor. \u00d6rne\u011fin gitgide \u00e7\u00f6z\u00fcms\u00fcz hale gelen i\u015fsizli\u011fe kar\u015f\u0131 \u201cher firma bir tek i\u015fsize i\u015f verse i\u015fsizlik kalmaz\u201d \u015feklindeki mucizev\u00ee(!) bulu\u015flar yap\u0131yor. Burada da sorunun as\u0131l k\u00f6k\u00fcne inip \u00e7are arayaca\u011f\u0131na ve et \u00fcretimi yetersizli\u011fini gidermeye \u00e7al\u0131\u015faca\u011f\u0131na, onu daha da azd\u0131rma yolu olan \u201cithalat\u201da ba\u015fvuruyor.<\/span><\/p>\n<p style=\"text-align: justify;\"><span style=\"font-family: arial,helvetica,sans-serif;\">Asl\u0131nda sadece et de\u011fil b\u00fct\u00fcn tar\u0131msal \u00fcr\u00fcnlerde fiyatlar di\u011fer mal ve hizmetlerden h\u0131zl\u0131 art\u0131yor.<\/span><\/p>\n<p style=\"text-align: justify;\"><span style=\"font-family: arial,helvetica,sans-serif;\">Et fiyatlar\u0131n\u0131n dayan\u0131lmaz y\u00fcksekliklere \u00e7\u0131k\u0131\u015f\u0131nda en \u00f6nemli neden, AKP h\u00fck\u00fcmetinin tar\u0131mdaki yanl\u0131\u015f politikalar\u0131 oluyor. R.T. Erdo\u011fan \u00fcretim ve iktisat politikalar\u0131n\u0131 anlat\u0131rken i\u015fine gelen verileri s\u00f6yleyip &#8220;Nereden nereye&#8221; demeyi pek seviyor. Oysa iktidar\u0131n\u0131n eksiklerini g\u00f6steren geli\u015fmelerde de, \u00f6rne\u011fin s\u0131f\u0131rla devrald\u0131\u011f\u0131 ter\u00f6r ve tar\u0131msal \u00fcr\u00fcn, kesimlik hayvan say\u0131s\u0131n\u0131 dile getirip &#8220;nereden nereye&#8221; diyemiyor.<\/span><\/p>\n<p style=\"text-align: justify;\"><span style=\"font-family: arial,helvetica,sans-serif;\">Her \u015feyden \u00f6nce \u015fu anla\u015f\u0131lmal\u0131 ki bug\u00fcnk\u00fc kesimlik hayvan say\u0131s\u0131 stoku \u00f6nemli bi\u00e7imde art\u0131r\u0131lmadan T\u00fcrkiye&#8217;de do\u011fru ve dengeli bir beslenme halk i\u00e7in m\u00fcmk\u00fcn g\u00f6r\u00fcnm\u00fcyor. \u0130\u015fsizlik probleminin \u00e7\u00f6z\u00fcm\u00fc y\u00f6n\u00fcnden de kesimlik hayvan stokunun art\u0131r\u0131lmas\u0131n\u0131n b\u00fcy\u00fck \u00f6nemi vard\u0131r.<\/span><\/p>\n<p style=\"text-align: justify;\"><span style=\"font-family: arial,helvetica,sans-serif;\">D\u00fcnyada kesimlik hayvan say\u0131s\u0131n\u0131n ileri d\u00fczeyde oldu\u011fu \u00fclkeler Avrupa d\u0131\u015f\u0131ndad\u0131r (Brezilya, Arjantin, ABD, Avustralya ve Yeni Zelanda&#8217;dad\u0131r). Fakat Avrupa \u00fclkeleri hayvanc\u0131l\u0131\u011f\u0131 kendilerinin beslenmesini sa\u011flayacak bir politikay\u0131 kendi tar\u0131msal ekonomi politikalar\u0131n\u0131n omurgas\u0131 olarak kabul ediyor. Ba\u015fta d\u00fcnyan\u0131n ihracat \u015fampiyonu olan Almanya halk\u0131n \u00e7ok y\u00fcksek d\u00fczeyde et yemesi ve s\u00fct i\u00e7mesini ithal\u00e2ta ba\u015fvurmadan sa\u011fl\u0131yor.<\/span><\/p>\n<p style=\"text-align: justify;\"><strong><span style=\"font-family: arial,helvetica,sans-serif;\">\u0130thal donmu\u015f et kime yediriliyor?<\/span><\/strong><\/p>\n<p style=\"text-align: justify;\"><span style=\"font-family: arial,helvetica,sans-serif;\">Et Bal\u0131k Kurumu canl\u0131 hayvan ithalat\u0131n\u0131 yapaca\u011f\u0131n\u0131 duyursa da 30 Nisan 2010 CUMA Resm\u00ee Gazete Say\u0131 27567 -2010\/373 say\u0131l\u0131 bakanlar kurulu karar\u0131 5 May\u0131s&#8217;ta Et Bal\u0131k kurumunun yapaca\u011f\u0131 kapasitede canl\u0131 hayvanla s\u0131n\u0131rl\u0131 kalm\u0131yor. Et Bal\u0131k Kurumu 5 May\u0131s&#8217;ta yapaca\u011f\u0131 ihalede 4025 ton canl\u0131 hayvan ithalat\u0131n\u0131 \u00f6ng\u00f6r\u00fcyor. 30 Nisan kararnamesi 7500 ton kesilmi\u015f (taze veya so\u011futulmu\u015f) veya dondurulmu\u015f s\u0131\u011f\u0131r eti ve 16000 ton canl\u0131 s\u0131\u011f\u0131r ithalat yetkisinin Et Bal\u0131k Kurumuna verildi\u011fini a\u00e7\u0131klan\u0131yor. Yani Bakanlar Kurulu Et Bal\u0131k kurumuna bir kota veriyor. 5 may\u0131s tarihinde canl\u0131 hayvana ait olan 16.000 tonluk kotan\u0131n 4025 tonluk canl\u0131 k\u0131sm\u0131 kullan\u0131l\u0131yor ve geriye kalan 11-975 tonluk kotay\u0131 31.12.2010 tarihine kadar kullanmas\u0131 gerekiyor.<\/span><\/p>\n<p style=\"text-align: justify;\"><strong><span style=\"font-family: arial,helvetica,sans-serif;\">Dondurulmu\u015f et yetkisi ni\u00e7in veriliyor?<\/span><\/strong><\/p>\n<p style=\"text-align: justify;\"><span style=\"font-family: arial,helvetica,sans-serif;\">Bakanlar Kurulu 7500 tonluk kotada EBK&#8217;na hem kesilmi\u015f so\u011futulmu\u015f et hem de dondurulmu\u015f olarak yetkiyi vermi\u015ftir. Taze et mi dondurulmu\u015f et mi ithal edilecek sorusunun cevab\u0131 ya\u015fad\u0131\u011f\u0131m\u0131z g\u00fcnlerde et fiyatlar\u0131nda an\u00ee bir fiyat y\u00fckselmenin \u00f6n\u00fcne ge\u00e7mek i\u00e7in \u00e7ift yetki verilmi\u015f oldu\u011funu biliyoruz. Yoksa AB\u2019nin onlarca y\u0131ll\u0131k dondurulmu\u015f etini t\u00fcketicilerimize yedirmeye y\u00f6neticilerimiz kalk\u0131\u015fmak i\u00e7in cesaret edememeleri gerekir!<\/span><\/p>\n<p style=\"text-align: justify;\"><span style=\"font-family: arial,helvetica,sans-serif;\">Canl\u0131 hayvanda kotan\u0131n 16000 ton olmas\u0131, EBK&#8217;na 35.000 adet ile 24.615 aras\u0131ndaki kesimlik canl\u0131 hayvan\u0131n ithal yetkisinin verilmi\u015f oldu\u011fu g\u00f6steriyor. \u0130\u015fte 5 May\u0131sta EBK\u2019nun yapaca\u011f\u0131 ihalede 4025 ton yani 6000 ile 8000 say\u0131daki kesimlik canl\u0131 hayvan\u0131n ithal edilece\u011fini g\u00f6steriyor.<\/span><\/p>\n<p style=\"text-align: justify;\"><strong><span style=\"font-family: arial,helvetica,sans-serif;\">Fiyatlar Sadece 1 lira d\u00fc\u015f\u00fcyor!<\/span><\/strong><\/p>\n<p style=\"text-align: justify;\"><span style=\"font-family: arial,helvetica,sans-serif;\">Herkes Et Bal\u0131k Kurumu&#8217;nun acil olarak kesilmi\u015f et ithal ihalesi yapaca\u011f\u0131n\u0131 san\u0131yor. Et ithalat haberleri ile kesilmi\u015f ette 3 liral\u0131k canl\u0131 hayvan fiyatlar\u0131nda 1 liral\u0131k d\u00fc\u015f\u00fc\u015fler ya\u015fan\u0131yor. Gazete haberlerinde de mezbahalar\u0131n g\u00fcnl\u00fck kesim say\u0131lar\u0131n\u0131n iki kat\u0131na \u00e7\u0131kt\u0131\u011f\u0131 okunuyor. EBK ald\u0131\u011f\u0131 yetkiye dayanarak hemen kesilmi\u015f et ithalat\u0131n\u0131 a\u00e7mamaktaki karar\u0131 piyasay\u0131 g\u00f6zl\u00fcyor olmas\u0131ndand\u0131r. Piyasa et ithalat haberleriyle 5 May\u0131sa kadar d\u00fc\u015fmez ise EBK kesilmi\u015f taze (so\u011futulmu\u015f) ve\/veya dondurulmu\u015f et ithalat ihalesini de a\u00e7abiliyor. \u0130thal kesilmi\u015f et veya dondurulmu\u015f et piyasaya m\u0131 verilecek yoksa TSK\u2019n\u0131n ihtiyac\u0131nda m\u0131 kullan\u0131laca\u011f\u0131n\u0131n sorusunu t\u00fcketici derneklerinin iki ay \u00f6nce et fiyatlar\u0131n\u0131n y\u00fckseli\u015finde Tar\u0131m Bakanl\u0131\u011f\u0131\u2019na bildirdi\u011fi yaz\u0131l\u0131 g\u00f6r\u00fc\u015flerde gizlidir. Bu g\u00f6r\u00fc\u015flerde ithal etin TSK&#8217;n\u0131n ihtiya\u00e7lar\u0131nda kullan\u0131lmas\u0131 \u00d6ng\u00f6r\u00fclmekte idi.<\/span><\/p>\n<p style=\"text-align: justify;\"><span style=\"font-family: arial,helvetica,sans-serif;\">\u0130ktidar\u0131n hayvanc\u0131l\u0131kla ilgili acil bir eylem plan\u0131 g\u00f6r\u00fcnm\u00fcyor. \u015eayet ithalat karar\u0131 acil bir eylem plan\u0131 ise bu hayvanc\u0131l\u0131\u011f\u0131m\u0131z\u0131n kalk\u0131nd\u0131r\u0131lmas\u0131n\u0131 de\u011fil yerin dibine girdirecek bir karard\u0131r.<\/span><\/p>\n<p style=\"text-align: justify;\"><span style=\"font-family: arial,helvetica,sans-serif;\"><strong>\u00c7eyrek milyar dolar kay\u0131p<\/strong> <strong>gidiyor?<\/strong><\/span><\/p>\n<p style=\"text-align: justify;\"><span style=\"font-family: arial,helvetica,sans-serif;\">30.12.2010 tarihine kadar et ve kasapl\u0131k canl\u0131 hayvan ithalat\u0131 ger\u00e7ekle\u015firse \u00fclke kaynaklar\u0131n\u0131n \u00e7eyrek milyar dolar\u0131 yabanc\u0131 \u00fclke \u00e7ift\u00e7ilerinin kalk\u0131nd\u0131r\u0131lmas\u0131nda kulland\u0131r\u0131lm\u0131\u015f olmaktad\u0131r. 7500 tonluk ithal edilecek taze et veya dondurulmu\u015f ette bu \u00fclkelerin ya\u015fl\u0131, k\u0131s\u0131r hayvanlar\u0131n\u0131 yenilemede kullanmalar\u0131na \u00fclkemizin paras\u0131n\u0131 pompalam\u0131\u015f olaca\u011f\u0131z. 7500 tonluk yurt d\u0131\u015f\u0131ndaki bir kesimde erkek dana m\u0131 di\u015fi mi kesildi\u011fini buradan oraya tetkik i\u00e7in g\u00f6nderece\u011fimiz veteriner hekimlerimiz nas\u0131l kontrol edebilece\u011fi ise bilinmiyor.<\/span><\/p>\n<p style=\"text-align: justify;\"><span style=\"font-family: arial,helvetica,sans-serif;\">Geliniz \u015fu dondurulmu\u015f et ithal karar\u0131n\u0131 uygulamay\u0131n\u0131z. Bug\u00fcn fiyatlar artmadan da asgari \u00fccretli et yiyemiyordu. Hi\u00e7 olmaz ise y\u0131ll\u0131k ortalama <st1:metricconverter productid=\"6 kg\" w:st=\"on\">6 kg<\/st1:metricconverter>. et yiyen insanlar\u0131m\u0131za dondurulmu\u015f et yedirip ruh ve beden sa\u011fl\u0131\u011f\u0131m\u0131zla oynamay\u0131n\u0131z.<\/span><\/p>\n<p style=\"text-align: justify;\"><strong><span style=\"font-family: arial,helvetica,sans-serif;\">Piyasa yanda\u015f sermayeye a\u00e7\u0131l\u0131yor: \u0130thal ette Zapsu parma\u011f\u0131!<\/span><\/strong><\/p>\n<p style=\"text-align: justify;\"><strong><span style=\"font-family: arial,helvetica,sans-serif;\">\u0130thal ete iznin alt\u0131ndan Tayyip Erdo\u011fan&#8217;\u0131n dan\u0131\u015fman\u0131 C\u00fcneyt Zapsu \u00e7\u0131k\u0131yor. \u0130thal et tart\u0131\u015fmas\u0131n\u0131n ba\u015flamas\u0131ndan \u00e7ok k\u0131sa bir s\u00fcre \u00f6nce C\u00fcneyt Zapsu ile Tar\u0131m ve K\u00f6y \u0130\u015fleri Bakanl\u0131\u011f\u0131 M\u00fcste\u015far\u0131 Vedat Mirmahmuto\u011fullar\u0131&#8217;n\u0131n Almanya&#8217;da uluslar aras\u0131 bir et firmas\u0131yla anla\u015fma yapt\u0131\u011f\u0131 s\u00f6yleniyor. Zapsu&#8217;nun anla\u015ft\u0131\u011f\u0131 \u015firket Almanya&#8217;n\u0131n Kuzey Ren Vestfalya eyaletinde kurulu. \u015eirket Almanya&#8217;n\u0131n en b\u00fcy\u00fck et firmalar\u0131ndan biri say\u0131l\u0131yor. Anla\u015fmaya g\u00f6re, Alman firmadan canl\u0131 hayvan al\u0131m\u0131 yap\u0131lacak ve kilosuna \u00fc\u00e7 Avro \u00f6denece\u011fi biliniyor.<\/span><\/strong><\/p>\n<p style=\"text-align: justify;\"><strong><span style=\"font-family: arial,helvetica,sans-serif;\">Almanya&#8217;daki i\u015f \u00e7evrelerinin verdi\u011fi bilgiye g\u00f6re, daha \u00f6nce ba\u015fka \u015firketler T\u00fcrkiye&#8217;yle ticari ili\u015fki halindeydi. Bu \u015firketler, Et ve Bal\u0131k Kurumu&#8217;na kilosu bir Avrodan canl\u0131 hayvan satmay\u0131 teklif ediyor. Ancak Et ve Bal\u0131k Kurumu bu teklife yan\u0131t vermiyor.<\/span><\/strong><\/p>\n<p style=\"text-align: justify;\"><strong><span style=\"font-family: arial,helvetica,sans-serif;\">Et ve Bal\u0131k Kurumu canl\u0131 kasapl\u0131k s\u0131\u011f\u0131r ithalat\u0131 i\u00e7in, 28 Nisan 2010 tarihli \u015fartnameyle Estonya, Letonya, Litvanya ve Macaristan&#8217;a izin vermi\u015fti. \u015eartnamede Almanya&#8217;n\u0131n ad\u0131 ge\u00e7miyor. Bir yoruma g\u00f6re Almanya&#8217;dan ithalat Estonya, Letonya, Litvanya ve Macaristan \u00fczerinden yap\u0131laca\u011f\u0131 belirtiliyor.<\/span><\/strong><\/p>\n<p style=\"text-align: justify;\"><strong><span style=\"font-family: arial,helvetica,sans-serif;\">\u0130ktidara yak\u0131n bir tak\u0131m \u015firketlerin, Ortado\u011fu \u00fclkelerine hayvan ihra\u00e7 etmek amac\u0131yla haz\u0131rl\u0131k yapt\u0131\u011f\u0131 da gelen bilgiler aras\u0131nda bulunuyor. \u0130slamiyet\u2019in &#8216;Helal kesim&#8217; \u015fart\u0131 nedeniyle Ortado\u011fu pazar\u0131na giremeyen Bat\u0131l\u0131 \u015firketlerin AKP&#8217;nin a\u00e7t\u0131\u011f\u0131 kap\u0131dan hem Ortado\u011fu&#8217;ya, hem T\u00fcrkiye&#8217;ye girece\u011fi belirtiliyor. Tabii, Fetullah\u00e7\u0131 sermaye de bu i\u015ften pay\u0131na d\u00fc\u015feni al\u0131yor. Ortado\u011fu pazar\u0131na giri\u015fte ise Kuzey Irak&#8217;taki \u015firketler arac\u0131 olacak. Sistem oturana kadar i\u015fler iktidar eliyle kolayla\u015ft\u0131r\u0131lacak. Piyasa zamanla yanda\u015f firmalara teslim edilecek. Uzmanlar Et ve Bal\u0131k Kurumu&#8217;nun da bu ama\u00e7 do\u011frultusunda anonim \u015firket haline d\u00f6n\u00fc\u015ft\u00fcr\u00fcld\u00fc\u011f\u00fcn\u00fc s\u00f6yl\u00fcyor.<\/span><\/strong><\/p>\n<p style=\"text-align: justify;\"><strong><span style=\"font-family: arial,helvetica,sans-serif;\">Eskiden n\u00fcfusumuz bug\u00fcnk\u00fcn\u00fcn yans\u0131ndan bile az iken \u00fclkenin hayvan varl\u0131\u011f\u0131 et t\u00fcketimine g\u00f6re olduk\u00e7a y\u00fcksekti. \u00d6yle ki kom\u015fu \u00fclkeler kendi t\u00fcketimleri i\u00e7in T\u00fcrkiye&#8217;den ka\u00e7ak hayvan ve \u00f6zellikle koyun sa\u011flay\u0131p \u00fclkelerinde piyasaya s\u00fcrmeyi en k\u00e2rl\u0131 ticaret olarak g\u00f6r\u00fcrlerdi. 1960\u2019l\u0131 y\u0131llar\u0131n ba\u015f\u0131nda ciddi bir planlamaya ge\u00e7ildi\u011finde d\u00fczenlenen Birinci Be\u015f Y\u0131ll\u0131k Pl\u00e2n\u2019\u0131n y\u00fczde 7 oran\u0131nda kalk\u0131nma i\u00e7in en \u00e7ok \u00f6nem verdi\u011fi konu hayvanc\u0131l\u0131k idi. Ne yaz\u0131k ki bundan sonra resmi dok\u00fcmanlarda bu \u00e7ok \u00f6nemli i\u015faret geriledi. Sadece Erbakan Hoca\u2019n\u0131n 1973-1977 aras\u0131 koalisyon h\u00fck\u00fcmetleri d\u00f6neminde tar\u0131m ve hayvanc\u0131l\u0131kta b\u00fcy\u00fck at\u0131l\u0131mlar ger\u00e7ekle\u015fti. Ancak \u00f6teden beri hayvanc\u0131l\u0131k Konusuna \u00f6nem verilmemi\u015f olsa da bu alanda en olumsuz politika 2002 y\u0131l\u0131nda ba\u015flayan AKP iktidar\u0131 d\u00f6nemi oldu. Bu parti iktidara geldi\u011finde T\u00fcrkiye&#8217;de halk\u0131n k\u0131t kanaat da olsa et yiyebilece\u011fi imk\u00e2n\u0131n\u0131 veren bir ET \u00fcretim durumu vard\u0131. Ancak AKP d\u00f6neminde hayvanc\u0131l\u0131\u011f\u0131 geli\u015ftirme de\u011fil, ayn\u0131 d\u00fczeyde tutmaya yarayacak hi\u00e7bir \u015fey yap\u0131lmad\u0131\u011f\u0131 gibi i\u015fler tersine y\u00fcr\u00fct\u00fcld\u00fc.<\/span><\/strong><\/p>\n<p style=\"text-align: justify;\"><strong><span style=\"font-family: arial,helvetica,sans-serif;\">\u00a0<\/span><\/strong><\/p>\n<p style=\"text-align: justify;\"><strong><span style=\"font-family: arial,helvetica,sans-serif;\">\u00a0<\/span><\/strong><\/p>\n<p style=\"text-align: justify;\"><strong><span style=\"font-family: arial,helvetica,sans-serif;\">\u00a0<\/span><\/strong><\/p>\n<p style=\"text-align: justify;\"><strong><span style=\"font-family: arial,helvetica,sans-serif;\">\u00a0<\/span><\/strong><\/p>\n<p style=\"text-align: justify;\"><br clear=\"all\" \/><\/p>\n<p> <span style=\"font-family: arial,helvetica,sans-serif;\"> <\/p>\n<hr \/>\n<p> <\/span> <\/p>\n<p><a href=\"#_ftnref1\"><span style=\"font-family: arial,helvetica,sans-serif;\">[1]<\/span><\/a><span style=\"font-family: arial,helvetica,sans-serif;\"> Re\u015fat Nuri Erol \/ Milli Gazete<\/span><\/p>\n","protected":false},"excerpt":{"rendered":"<p style=\"text-align: justify;\"><strong><span style=\"font-family: arial,helvetica,sans-serif;\">Tar\u0131mda \u00fcretim on y\u0131ld\u0131r artm\u0131yor, azal\u0131yor!<\/span><\/strong><\/p>\n<p style=\"text-align: justify;\"><strong><span style=\"font-family: arial,helvetica,sans-serif;\">N\u00fcfusumuz art\u0131yor, ama tar\u0131mdaki \u00fcretim tam tersine azal\u0131yor. \u0130\u015fte o nedenle, tar\u0131m \u00fcr\u00fcnlerinin ve dolay\u0131s\u0131yla g\u0131da maddelerinin fiyat\u0131 y\u00fckseliyor. Et pahal\u0131la\u015f\u0131yor, sebze pahal\u0131la\u015f\u0131yor. Et \u00fcretimi, ay\u00e7i\u00e7e\u011fi \u00fcretimi, pamuk \u00fcretimi yetersiz olunca ithalat zorunlulu\u011fu ortaya \u00e7\u0131k\u0131yor. Kendi \u00fcreticimiz i\u015fsiz iken, ba\u015fka \u00fclkelerin \u00fcreticilerine i\u015f imk\u00e2n\u0131 yarat\u0131l\u0131yor. Bor\u00e7lanarak buldu\u011fumuz d\u00f6vizler, onlar\u0131n cebine konuyor. Tar\u0131m \u00fcretiminin (\u00fcr\u00fcnler itibariyle de\u011fil, bir b\u00fct\u00fcn olarak) art\u0131p artmad\u0131\u011f\u0131 gayri safi yurti\u00e7i has\u0131la (GSYH) rakamlar\u0131ndan izleniyor. N\u00fcfus y\u00fczde 11.9 artarken, g\u0131da harcamalar\u0131 y\u00fczde 30 artarken, g\u0131da \u00fcretimi azal\u0131nca, art\u0131k arz talebi kar\u015f\u0131layamad\u0131\u011f\u0131 i\u00e7in \u00f6nce tar\u0131m \u00fcr\u00fcnleri fiyat\u0131, daha sonra g\u0131da maddeleri fiyat\u0131 art\u0131yor. Ve de \u00fclke tar\u0131m \u00fcr\u00fcn\u00fc ve g\u0131da maddesi ithal etmek mecburiyetinde kal\u0131yor. Tablo budur. Bu tablo istenen \/ arzulanan bir tablo ise T\u00fcrkiye\u2019de tar\u0131m politikalar\u0131 da ba\u015far\u0131l\u0131 demektir.<\/span><\/strong><\/p>\n","protected":false},"author":19,"featured_media":0,"comment_status":"open","ping_status":"closed","sticky":false,"template":"","format":"standard","meta":{"footnotes":""},"categories":[112],"tags":[],"class_list":["post-1862","post","type-post","status-publish","format-standard","hentry","category-agustos-2010"],"_links":{"self":[{"href":"https:\/\/www.millicozum.com\/mc\/wp-json\/wp\/v2\/posts\/1862","targetHints":{"allow":["GET"]}}],"collection":[{"href":"https:\/\/www.millicozum.com\/mc\/wp-json\/wp\/v2\/posts"}],"about":[{"href":"https:\/\/www.millicozum.com\/mc\/wp-json\/wp\/v2\/types\/post"}],"author":[{"embeddable":true,"href":"https:\/\/www.millicozum.com\/mc\/wp-json\/wp\/v2\/users\/19"}],"replies":[{"embeddable":true,"href":"https:\/\/www.millicozum.com\/mc\/wp-json\/wp\/v2\/comments?post=1862"}],"version-history":[{"count":0,"href":"https:\/\/www.millicozum.com\/mc\/wp-json\/wp\/v2\/posts\/1862\/revisions"}],"wp:attachment":[{"href":"https:\/\/www.millicozum.com\/mc\/wp-json\/wp\/v2\/media?parent=1862"}],"wp:term":[{"taxonomy":"category","embeddable":true,"href":"https:\/\/www.millicozum.com\/mc\/wp-json\/wp\/v2\/categories?post=1862"},{"taxonomy":"post_tag","embeddable":true,"href":"https:\/\/www.millicozum.com\/mc\/wp-json\/wp\/v2\/tags?post=1862"}],"curies":[{"name":"wp","href":"https:\/\/api.w.org\/{rel}","templated":true}]}}