{"id":18625,"date":"2024-05-01T15:15:40","date_gmt":"2024-05-01T12:15:40","guid":{"rendered":"https:\/\/www.millicozum.com\/mc\/?p=18625"},"modified":"2024-10-20T21:48:22","modified_gmt":"2024-10-20T18:48:22","slug":"iran-halki-kararli-ve-siyonizme-karsidir-ama-mevcut-iktidar-sov-kahramanidir-2","status":"publish","type":"post","link":"https:\/\/www.millicozum.com\/mc\/2024\/mayis-2024\/iran-halki-kararli-ve-siyonizme-karsidir-ama-mevcut-iktidar-sov-kahramanidir-2\/","title":{"rendered":"\u0130RAN HALKI KARARLI VE S\u0130YON\u0130ZM\u2019E KAR\u015eIDIR <br>AMA<br> MEVCUT \u0130KT\u0130DAR, \u015eOV KAHRAMANIDIR!.."},"content":{"rendered":"\t\t<div data-elementor-type=\"wp-post\" data-elementor-id=\"18625\" class=\"elementor elementor-18625\" data-elementor-settings=\"{&quot;element_pack_global_tooltip_width&quot;:{&quot;unit&quot;:&quot;px&quot;,&quot;size&quot;:&quot;&quot;,&quot;sizes&quot;:[]},&quot;element_pack_global_tooltip_width_tablet&quot;:{&quot;unit&quot;:&quot;px&quot;,&quot;size&quot;:&quot;&quot;,&quot;sizes&quot;:[]},&quot;element_pack_global_tooltip_width_mobile&quot;:{&quot;unit&quot;:&quot;px&quot;,&quot;size&quot;:&quot;&quot;,&quot;sizes&quot;:[]},&quot;element_pack_global_tooltip_padding&quot;:{&quot;unit&quot;:&quot;px&quot;,&quot;top&quot;:&quot;&quot;,&quot;right&quot;:&quot;&quot;,&quot;bottom&quot;:&quot;&quot;,&quot;left&quot;:&quot;&quot;,&quot;isLinked&quot;:true},&quot;element_pack_global_tooltip_padding_tablet&quot;:{&quot;unit&quot;:&quot;px&quot;,&quot;top&quot;:&quot;&quot;,&quot;right&quot;:&quot;&quot;,&quot;bottom&quot;:&quot;&quot;,&quot;left&quot;:&quot;&quot;,&quot;isLinked&quot;:true},&quot;element_pack_global_tooltip_padding_mobile&quot;:{&quot;unit&quot;:&quot;px&quot;,&quot;top&quot;:&quot;&quot;,&quot;right&quot;:&quot;&quot;,&quot;bottom&quot;:&quot;&quot;,&quot;left&quot;:&quot;&quot;,&quot;isLinked&quot;:true},&quot;element_pack_global_tooltip_border_radius&quot;:{&quot;unit&quot;:&quot;px&quot;,&quot;top&quot;:&quot;&quot;,&quot;right&quot;:&quot;&quot;,&quot;bottom&quot;:&quot;&quot;,&quot;left&quot;:&quot;&quot;,&quot;isLinked&quot;:true},&quot;element_pack_global_tooltip_border_radius_tablet&quot;:{&quot;unit&quot;:&quot;px&quot;,&quot;top&quot;:&quot;&quot;,&quot;right&quot;:&quot;&quot;,&quot;bottom&quot;:&quot;&quot;,&quot;left&quot;:&quot;&quot;,&quot;isLinked&quot;:true},&quot;element_pack_global_tooltip_border_radius_mobile&quot;:{&quot;unit&quot;:&quot;px&quot;,&quot;top&quot;:&quot;&quot;,&quot;right&quot;:&quot;&quot;,&quot;bottom&quot;:&quot;&quot;,&quot;left&quot;:&quot;&quot;,&quot;isLinked&quot;:true}}\" data-elementor-post-type=\"post\">\n\t\t\t\t\t\t<section class=\"elementor-section elementor-top-section elementor-element elementor-element-722e1bfd elementor-section-boxed elementor-section-height-default elementor-section-height-default\" data-id=\"722e1bfd\" data-element_type=\"section\">\n\t\t\t\t\t\t<div class=\"elementor-container elementor-column-gap-default\">\n\t\t\t\t\t<div class=\"elementor-column elementor-col-100 elementor-top-column elementor-element elementor-element-6393d3b4\" data-id=\"6393d3b4\" data-element_type=\"column\">\n\t\t\t<div class=\"elementor-widget-wrap elementor-element-populated\">\n\t\t\t\t\t\t<section class=\"elementor-section elementor-inner-section elementor-element elementor-element-48308e6 elementor-section-boxed elementor-section-height-default elementor-section-height-default\" data-id=\"48308e6\" data-element_type=\"section\">\n\t\t\t\t\t\t<div class=\"elementor-container elementor-column-gap-default\">\n\t\t\t\t\t<div class=\"elementor-column elementor-col-100 elementor-inner-column elementor-element elementor-element-6a02a3a8\" data-id=\"6a02a3a8\" data-element_type=\"column\" data-settings=\"{&quot;background_background&quot;:&quot;classic&quot;}\">\n\t\t\t<div class=\"elementor-widget-wrap elementor-element-populated\">\n\t\t\t\t\t<div class=\"elementor-background-overlay\"><\/div>\n\t\t\t\t\t\t<div class=\"elementor-element elementor-element-6d024c5a elementor-widget elementor-widget-heading\" data-id=\"6d024c5a\" data-element_type=\"widget\" data-widget_type=\"heading.default\">\n\t\t\t\t<div class=\"elementor-widget-container\">\n\t\t\t\t\t<h3 class=\"elementor-heading-title elementor-size-default\"><a href=\"https:\/\/www.millicozum.com\/mc\/2024\/mayis-2024\/iran-halki-kararli-ve-siyonizme-karsidir-ama-mevcut-iktidar-sov-kahramanidir-2\/\">\u0130RAN HALKI KARARLI VE S\u0130YON\u0130ZM\u2019E KAR\u015eIDIR <br>AMA<br> MEVCUT \u0130KT\u0130DAR, \u015eOV KAHRAMANIDIR!..<\/a><\/h3>\t\t\t\t<\/div>\n\t\t\t\t<\/div>\n\t\t\t\t\t<\/div>\n\t\t<\/div>\n\t\t\t\t\t<\/div>\n\t\t<\/section>\n\t\t\t\t\t<\/div>\n\t\t<\/div>\n\t\t\t\t\t<\/div>\n\t\t<\/section>\n\t\t\t\t<section class=\"elementor-section elementor-top-section elementor-element elementor-element-2ccc49ca elementor-section-boxed elementor-section-height-default elementor-section-height-default\" data-id=\"2ccc49ca\" data-element_type=\"section\">\n\t\t\t\t\t\t<div class=\"elementor-container elementor-column-gap-default\">\n\t\t\t\t\t<div class=\"elementor-column elementor-col-100 elementor-top-column elementor-element elementor-element-2e6948b7\" data-id=\"2e6948b7\" data-element_type=\"column\">\n\t\t\t<div class=\"elementor-widget-wrap elementor-element-populated\">\n\t\t\t\t\t\t<section class=\"elementor-section elementor-inner-section elementor-element elementor-element-d4d4d17 elementor-section-boxed elementor-section-height-default elementor-section-height-default\" data-id=\"d4d4d17\" data-element_type=\"section\">\n\t\t\t\t\t\t<div class=\"elementor-container elementor-column-gap-default\">\n\t\t\t\t\t<div class=\"elementor-column elementor-col-100 elementor-inner-column elementor-element elementor-element-607c546e\" data-id=\"607c546e\" data-element_type=\"column\" data-settings=\"{&quot;background_background&quot;:&quot;classic&quot;}\">\n\t\t\t<div class=\"elementor-widget-wrap elementor-element-populated\">\n\t\t\t\t\t\t<div data-ep-wrapper-link=\"{&quot;url&quot;:&quot;https:\\\/\\\/www.millicozum.com\\\/mc\\\/author\\\/ahmetakgul\\\/&quot;,&quot;is_external&quot;:&quot;on&quot;,&quot;nofollow&quot;:&quot;&quot;,&quot;custom_attributes&quot;:&quot;&quot;}\" style=\"cursor: pointer\" class=\"bdt-element-link elementor-element elementor-element-4ee22437 elementor-widget-mobile__width-auto elementor-align-center elementor-widget elementor-widget-post-info\" data-id=\"4ee22437\" data-element_type=\"widget\" data-widget_type=\"post-info.default\">\n\t\t\t\t<div class=\"elementor-widget-container\">\n\t\t\t\t\t\t\t<ul class=\"elementor-inline-items elementor-icon-list-items elementor-post-info\">\n\t\t\t\t\t\t\t\t<li class=\"elementor-icon-list-item elementor-repeater-item-9d132d5 elementor-inline-item\" itemprop=\"author\">\n\t\t\t\t\t\t\t\t\t\t<span class=\"elementor-icon-list-icon\">\n\t\t\t\t\t\t\t\t<i aria-hidden=\"true\" class=\"fas fa-pen-nib\"><\/i>\t\t\t\t\t\t\t<\/span>\n\t\t\t\t\t\t\t\t\t<span class=\"elementor-icon-list-text elementor-post-info__item elementor-post-info__item--type-author\">\n\t\t\t\t\t\t\t\t\t\tAhmet AKG\u00dcL\t\t\t\t\t<\/span>\n\t\t\t\t\t\t\t\t<\/li>\n\t\t\t\t<\/ul>\n\t\t\t\t\t\t<\/div>\n\t\t\t\t<\/div>\n\t\t\t\t\t<\/div>\n\t\t<\/div>\n\t\t\t\t\t<\/div>\n\t\t<\/section>\n\t\t\t\t<section class=\"elementor-section elementor-inner-section elementor-element elementor-element-4e4af437 elementor-hidden-mobile elementor-section-boxed elementor-section-height-default elementor-section-height-default\" data-id=\"4e4af437\" data-element_type=\"section\">\n\t\t\t\t\t\t<div class=\"elementor-container elementor-column-gap-default\">\n\t\t\t\t\t<div class=\"elementor-column elementor-col-100 elementor-inner-column elementor-element elementor-element-4392951e\" data-id=\"4392951e\" data-element_type=\"column\">\n\t\t\t<div class=\"elementor-widget-wrap elementor-element-populated\">\n\t\t\t\t\t\t<div class=\"elementor-element elementor-element-181d1207 elementor-widget-mobile__width-auto elementor-widget elementor-widget-text-editor\" data-id=\"181d1207\" data-element_type=\"widget\" data-widget_type=\"text-editor.default\">\n\t\t\t\t<div class=\"elementor-widget-container\">\n\t\t\t\t\t\t\t\t\t<style type=\"text\/css\" data-key=\"share-buttons-sizes-m-\">.essb_links.essb_size_m .essb_link_svg_icon svg{height:18px;width:auto}.essb_links.essb_size_m .essb_icon{width:36px !important;height:36px !important}.essb_links.essb_size_m .essb_icon:before{font-size:18px !important;top:9px !important;left:9px !important}.essb_links.essb_size_m li a .essb_network_name{font-size:13px !important;font-weight:400 !important;line-height:12px !important}<\/style><div class=\"essb_links essb_displayed_shortcode essb_share essb_template_clear-retina essb_1091733502 essb_size_m print-no\" id=\"essb_displayed_shortcode_1091733502\" data-essb-postid=\"18625\" data-essb-position=\"shortcode\" data-essb-button-style=\"button\" data-essb-template=\"clear-retina\" data-essb-counter-pos=\"hidden\" data-essb-url=\"https:\/\/www.millicozum.com\/mc\/2024\/mayis-2024\/iran-halki-kararli-ve-siyonizme-karsidir-ama-mevcut-iktidar-sov-kahramanidir-2\/\" data-essb-fullurl=\"https:\/\/www.millicozum.com\/mc\/2024\/mayis-2024\/iran-halki-kararli-ve-siyonizme-karsidir-ama-mevcut-iktidar-sov-kahramanidir-2\/\" data-essb-instance=\"1091733502\"><ul class=\"essb_links_list\"><li class=\"essb_item essb_link_gmail nolightbox essb_link_svg_icon\"> <a href=\"https:\/\/mail.google.com\/mail\/u\/0\/?view=cm&#038;fs=1&#038;su=%C4%B0RAN+HALKI+KARARLI+VE+S%C4%B0YON%C4%B0ZM%E2%80%99E+KAR%C5%9EIDIR+%26lt%3Bbr%26gt%3BAMA%26lt%3Bbr%26gt%3B+MEVCUT+%C4%B0KT%C4%B0DAR%2C+%C5%9EOV+KAHRAMANIDIR%21..&#038;body=13+Nisan+2024%E2%80%99te+%C4%B0ran%E2%80%99%C4%B1n+%C4%B0srail%E2%80%99e+g%C3%BCya+y%C3%BCzlerce+%C4%B0HA+ve+potansiyel+f%C3%BCzeler+f%C4%B1rlatmas%C4%B1n%C4%B1n%3B+k%C3%BC%C3%A7%C3%BCk+d%C3%BC%C5%9F%C3%BCr%C3%BCc%C3%BC+ve+d%C3%BC%C5%9F%C3%BCnd%C3%BCr%C3%BCc%C3%BC+sonu%C3%A7lar%C4%B1+kafa+kar%C4%B1%C5%9Ft%C4%B1r%C4%B1c%C4%B1d%C4%B1r%21 https%3A%2F%2Fwww.millicozum.com%2Fmc%2F2024%2Fmayis-2024%2Firan-halki-kararli-ve-siyonizme-karsidir-ama-mevcut-iktidar-sov-kahramanidir-2%2F&#038;ui=2&#038;tf=1\" title=\"Share on Gmail\" onclick=\"essb.window(&#39;https:\/\/mail.google.com\/mail\/u\/0\/?view=cm&#038;fs=1&#038;su=%C4%B0RAN+HALKI+KARARLI+VE+S%C4%B0YON%C4%B0ZM%E2%80%99E+KAR%C5%9EIDIR+%26lt%3Bbr%26gt%3BAMA%26lt%3Bbr%26gt%3B+MEVCUT+%C4%B0KT%C4%B0DAR%2C+%C5%9EOV+KAHRAMANIDIR%21..&#038;body=13+Nisan+2024%E2%80%99te+%C4%B0ran%E2%80%99%C4%B1n+%C4%B0srail%E2%80%99e+g%C3%BCya+y%C3%BCzlerce+%C4%B0HA+ve+potansiyel+f%C3%BCzeler+f%C4%B1rlatmas%C4%B1n%C4%B1n%3B+k%C3%BC%C3%A7%C3%BCk+d%C3%BC%C5%9F%C3%BCr%C3%BCc%C3%BC+ve+d%C3%BC%C5%9F%C3%BCnd%C3%BCr%C3%BCc%C3%BC+sonu%C3%A7lar%C4%B1+kafa+kar%C4%B1%C5%9Ft%C4%B1r%C4%B1c%C4%B1d%C4%B1r%21 https%3A%2F%2Fwww.millicozum.com%2Fmc%2F2024%2Fmayis-2024%2Firan-halki-kararli-ve-siyonizme-karsidir-ama-mevcut-iktidar-sov-kahramanidir-2%2F&#038;ui=2&#038;tf=1&#39;,&#39;gmail&#39;,&#39;1091733502&#39;); return false;\" target=\"_blank\" rel=\"noreferrer noopener nofollow\" class=\"nolightbox\" ><span class=\"essb_icon essb_icon_gmail essb-s-bg-gmail essb-s-c-light essb-s-ch-light essb-s-bgh-dark essb-s-bg-network\"><svg class=\"essb-svg-icon essb-svg-icon-gmail\" aria-hidden=\"true\" role=\"img\" focusable=\"false\" xmlns=\"http:\/\/www.w3.org\/2000\/svg\" viewBox=\"0 0 32 32\" width=\"32\" height=\"32\"><path d=\"M28.7,4c-0.1,0-0.3,0-0.4,0.1l-12.3,9l-12.3-9C3.6,4,3.5,4,3.3,4C1.5,4,0,5.5,0,7.3v17.3C0,26.5,1.5,28,3.3,28h1.3c0.4,0,0.7-0.3,0.7-0.7V12l10.3,7.3c0.2,0.2,0.5,0.2,0.8,0L26.7,12v15.4c0,0.4,0.3,0.7,0.7,0.7h1.3c1.8,0,3.3-1.5,3.3-3.3V7.3C32,5.5,30.5,4,28.7,4z\" \/><\/svg><\/span><span class=\"essb_network_name\">Gmail<\/span><\/a><\/li><li class=\"essb_item essb_link_facebook nolightbox essb_link_svg_icon\"> <a href=\"https:\/\/www.facebook.com\/sharer\/sharer.php?u=https%3A%2F%2Fwww.millicozum.com%2Fmc%2F2024%2Fmayis-2024%2Firan-halki-kararli-ve-siyonizme-karsidir-ama-mevcut-iktidar-sov-kahramanidir-2%2F&#038;t=%C4%B0RAN+HALKI+KARARLI+VE+S%C4%B0YON%C4%B0ZM%E2%80%99E+KAR%C5%9EIDIR+%26lt%3Bbr%26gt%3BAMA%26lt%3Bbr%26gt%3B+MEVCUT+%C4%B0KT%C4%B0DAR%2C+%C5%9EOV+KAHRAMANIDIR%21..\" title=\"Share on Facebook\" onclick=\"essb.window(&#39;https:\/\/www.facebook.com\/sharer\/sharer.php?u=https%3A%2F%2Fwww.millicozum.com%2Fmc%2F2024%2Fmayis-2024%2Firan-halki-kararli-ve-siyonizme-karsidir-ama-mevcut-iktidar-sov-kahramanidir-2%2F&#038;t=%C4%B0RAN+HALKI+KARARLI+VE+S%C4%B0YON%C4%B0ZM%E2%80%99E+KAR%C5%9EIDIR+%26lt%3Bbr%26gt%3BAMA%26lt%3Bbr%26gt%3B+MEVCUT+%C4%B0KT%C4%B0DAR%2C+%C5%9EOV+KAHRAMANIDIR%21..&#39;,&#39;facebook&#39;,&#39;1091733502&#39;); return false;\" target=\"_blank\" rel=\"noreferrer noopener nofollow\" class=\"nolightbox\" ><span class=\"essb_icon essb_icon_facebook essb-s-bg-facebook essb-s-c-light essb-s-ch-light essb-s-bgh-dark essb-s-bg-network\"><svg class=\"essb-svg-icon essb-svg-icon-facebook\" aria-hidden=\"true\" role=\"img\" focusable=\"false\" xmlns=\"http:\/\/www.w3.org\/2000\/svg\" width=\"16\" height=\"16\" viewBox=\"0 0 16 16\"><path d=\"M16 8.049c0-4.446-3.582-8.05-8-8.05C3.58 0-.002 3.603-.002 8.05c0 4.017 2.926 7.347 6.75 7.951v-5.625h-2.03V8.05H6.75V6.275c0-2.017 1.195-3.131 3.022-3.131.876 0 1.791.157 1.791.157v1.98h-1.009c-.993 0-1.303.621-1.303 1.258v1.51h2.218l-.354 2.326H9.25V16c3.824-.604 6.75-3.934 6.75-7.951\"><\/path><\/svg><\/span><span class=\"essb_network_name\">Facebook<\/span><\/a><\/li><li class=\"essb_item essb_link_twitter nolightbox essb_link_twitter_x essb_link_svg_icon\"> <a href=\"https:\/\/x.com\/intent\/post?text=\u0130RAN%20HALKI%20KARARLI%20VE%20S\u0130YON\u0130ZM\u2019E%20KAR\u015eIDIR%20<br>AMA<br>%20MEVCUT%20\u0130KT\u0130DAR%2C%20\u015eOV%20KAHRAMANIDIR!..&amp;url=https%3A%2F%2Fwww.millicozum.com%2Fmc%2F2024%2Fmayis-2024%2Firan-halki-kararli-ve-siyonizme-karsidir-ama-mevcut-iktidar-sov-kahramanidir-2%2F&#8221; title=&#8221;Share on Twitter&#8221; onclick=&#8221;essb.window(&#39;https:\/\/x.com\/intent\/post?text=\u0130RAN%20HALKI%20KARARLI%20VE%20S\u0130YON\u0130ZM\u2019E%20KAR\u015eIDIR%20<br>AMA<br>%20MEVCUT%20\u0130KT\u0130DAR%2C%20\u015eOV%20KAHRAMANIDIR!..&amp;url=https%3A%2F%2Fwww.millicozum.com%2Fmc%2F2024%2Fmayis-2024%2Firan-halki-kararli-ve-siyonizme-karsidir-ama-mevcut-iktidar-sov-kahramanidir-2%2F&#39;,&#39;twitter&#39;,&#39;1091733502&#39;); return false;&#8221; target=&#8221;_blank&#8221; rel=&#8221;noreferrer noopener nofollow&#8221; class=&#8221;nolightbox&#8221; ><span class=\"essb_icon essb_icon_twitter_x essb-s-bg-twitter essb-s-c-light essb-s-ch-light essb-s-bgh-dark essb-s-bg-network\"><svg class=\"essb-svg-icon essb-svg-icon-twitter_x\" aria-hidden=\"true\" role=\"img\" focusable=\"false\" viewBox=\"0 0 24 24\"><path d=\"M18.244 2.25h3.308l-7.227 8.26 8.502 11.24H16.17l-5.214-6.817L4.99 21.75H1.68l7.73-8.835L1.254 2.25H8.08l4.713 6.231zm-1.161 17.52h1.833L7.084 4.126H5.117z\"><\/path><\/svg><\/span><span class=\"essb_network_name\">Twitter<\/span><\/a><\/li><\/ul><\/div>\t\t\t\t\t\t\t\t<\/div>\n\t\t\t\t<\/div>\n\t\t\t\t<div class=\"elementor-element elementor-element-1c27a389 elementor-widget__width-auto elementor-widget-mobile__width-auto elementor-widget elementor-widget-post-info\" data-id=\"1c27a389\" data-element_type=\"widget\" data-widget_type=\"post-info.default\">\n\t\t\t\t<div class=\"elementor-widget-container\">\n\t\t\t\t\t\t\t<ul class=\"elementor-inline-items elementor-icon-list-items elementor-post-info\">\n\t\t\t\t\t\t\t\t<li class=\"elementor-icon-list-item elementor-repeater-item-145f010 elementor-inline-item\" itemprop=\"datePublished\">\n\t\t\t\t\t\t\t\t\t\t<span class=\"elementor-icon-list-icon\">\n\t\t\t\t\t\t\t\t<i aria-hidden=\"true\" class=\"fas fa-calendar\"><\/i>\t\t\t\t\t\t\t<\/span>\n\t\t\t\t\t\t\t\t\t<span class=\"elementor-icon-list-text elementor-post-info__item elementor-post-info__item--type-date\">\n\t\t\t\t\t\t\t<span class=\"elementor-post-info__item-prefix\">Yay\u0131nlanma:<\/span>\n\t\t\t\t\t\t\t\t\t\t<time>1 May\u0131s 2024<\/time>\t\t\t\t\t<\/span>\n\t\t\t\t\t\t\t\t<\/li>\n\t\t\t\t<\/ul>\n\t\t\t\t\t\t<\/div>\n\t\t\t\t<\/div>\n\t\t\t\t<div class=\"elementor-element elementor-element-212d20aa elementor-widget__width-auto elementor-widget-mobile__width-auto elementor-widget elementor-widget-post-info\" data-id=\"212d20aa\" data-element_type=\"widget\" data-widget_type=\"post-info.default\">\n\t\t\t\t<div class=\"elementor-widget-container\">\n\t\t\t\t\t\t\t<ul class=\"elementor-inline-items elementor-icon-list-items elementor-post-info\">\n\t\t\t\t\t\t\t\t<li class=\"elementor-icon-list-item elementor-repeater-item-6ba4a15 elementor-inline-item\" itemprop=\"about\">\n\t\t\t\t\t\t\t\t\t\t<span class=\"elementor-icon-list-icon\">\n\t\t\t\t\t\t\t\t<i aria-hidden=\"true\" class=\"fas fa-tags\"><\/i>\t\t\t\t\t\t\t<\/span>\n\t\t\t\t\t\t\t\t\t<span class=\"elementor-icon-list-text elementor-post-info__item elementor-post-info__item--type-terms\">\n\t\t\t\t\t\t\t\t\t\t<span class=\"elementor-post-info__terms-list\">\n\t\t\t\t<a href=\"https:\/\/www.millicozum.com\/mc\/2024\/mayis-2024\/\" class=\"elementor-post-info__terms-list-item\">MAYIS 2024<\/a>\t\t\t\t<\/span>\n\t\t\t\t\t<\/span>\n\t\t\t\t\t\t\t\t<\/li>\n\t\t\t\t<li class=\"elementor-icon-list-item elementor-repeater-item-4f7ddd1 elementor-inline-item\" itemprop=\"commentCount\">\n\t\t\t\t\t\t<a href=\"https:\/\/www.millicozum.com\/mc\/2024\/mayis-2024\/iran-halki-kararli-ve-siyonizme-karsidir-ama-mevcut-iktidar-sov-kahramanidir-2\/#comments\">\n\t\t\t\t\t\t\t\t\t\t\t<span class=\"elementor-icon-list-icon\">\n\t\t\t\t\t\t\t\t<i aria-hidden=\"true\" class=\"far fa-comment-dots\"><\/i>\t\t\t\t\t\t\t<\/span>\n\t\t\t\t\t\t\t\t\t<span class=\"elementor-icon-list-text elementor-post-info__item elementor-post-info__item--type-comments\">\n\t\t\t\t\t\t\t\t\t\t21 Yorum\t\t\t\t\t<\/span>\n\t\t\t\t\t\t\t\t\t<\/a>\n\t\t\t\t<\/li>\n\t\t\t\t<\/ul>\n\t\t\t\t\t\t<\/div>\n\t\t\t\t<\/div>\n\t\t\t\t\t<\/div>\n\t\t<\/div>\n\t\t\t\t\t<\/div>\n\t\t<\/section>\n\t\t\t\t<section class=\"elementor-section elementor-inner-section elementor-element elementor-element-6af5e1fc elementor-hidden-desktop elementor-hidden-tablet elementor-section-boxed elementor-section-height-default elementor-section-height-default\" data-id=\"6af5e1fc\" data-element_type=\"section\">\n\t\t\t\t\t\t<div class=\"elementor-container elementor-column-gap-default\">\n\t\t\t\t\t<div class=\"elementor-column elementor-col-100 elementor-inner-column elementor-element elementor-element-16872f30\" data-id=\"16872f30\" data-element_type=\"column\">\n\t\t\t<div class=\"elementor-widget-wrap elementor-element-populated\">\n\t\t\t\t\t\t<div class=\"elementor-element elementor-element-6557a248 elementor-widget__width-auto elementor-widget-mobile__width-inherit elementor-widget elementor-widget-text-editor\" data-id=\"6557a248\" data-element_type=\"widget\" data-widget_type=\"text-editor.default\">\n\t\t\t\t<div class=\"elementor-widget-container\">\n\t\t\t\t\t\t\t\t\t<div class=\"essb_links essb_displayed_shortcode essb_share essb_template_clear-retina essb_1991035356 essb_size_m print-no\" id=\"essb_displayed_shortcode_1991035356\" data-essb-postid=\"18625\" data-essb-position=\"shortcode\" data-essb-button-style=\"button\" data-essb-template=\"clear-retina\" data-essb-counter-pos=\"hidden\" data-essb-url=\"https:\/\/www.millicozum.com\/mc\/2024\/mayis-2024\/iran-halki-kararli-ve-siyonizme-karsidir-ama-mevcut-iktidar-sov-kahramanidir-2\/\" data-essb-fullurl=\"https:\/\/www.millicozum.com\/mc\/2024\/mayis-2024\/iran-halki-kararli-ve-siyonizme-karsidir-ama-mevcut-iktidar-sov-kahramanidir-2\/\" data-essb-instance=\"1991035356\"><ul class=\"essb_links_list\"><li class=\"essb_item essb_link_gmail nolightbox essb_link_svg_icon\"> <a href=\"https:\/\/mail.google.com\/mail\/u\/0\/?view=cm&#038;fs=1&#038;su=%C4%B0RAN+HALKI+KARARLI+VE+S%C4%B0YON%C4%B0ZM%E2%80%99E+KAR%C5%9EIDIR+%26lt%3Bbr%26gt%3BAMA%26lt%3Bbr%26gt%3B+MEVCUT+%C4%B0KT%C4%B0DAR%2C+%C5%9EOV+KAHRAMANIDIR%21..&#038;body=13+Nisan+2024%E2%80%99te+%C4%B0ran%E2%80%99%C4%B1n+%C4%B0srail%E2%80%99e+g%C3%BCya+y%C3%BCzlerce+%C4%B0HA+ve+potansiyel+f%C3%BCzeler+f%C4%B1rlatmas%C4%B1n%C4%B1n%3B+k%C3%BC%C3%A7%C3%BCk+d%C3%BC%C5%9F%C3%BCr%C3%BCc%C3%BC+ve+d%C3%BC%C5%9F%C3%BCnd%C3%BCr%C3%BCc%C3%BC+sonu%C3%A7lar%C4%B1+kafa+kar%C4%B1%C5%9Ft%C4%B1r%C4%B1c%C4%B1d%C4%B1r%21 https%3A%2F%2Fwww.millicozum.com%2Fmc%2F2024%2Fmayis-2024%2Firan-halki-kararli-ve-siyonizme-karsidir-ama-mevcut-iktidar-sov-kahramanidir-2%2F&#038;ui=2&#038;tf=1\" title=\"Share on Gmail\" onclick=\"essb.window(&#39;https:\/\/mail.google.com\/mail\/u\/0\/?view=cm&#038;fs=1&#038;su=%C4%B0RAN+HALKI+KARARLI+VE+S%C4%B0YON%C4%B0ZM%E2%80%99E+KAR%C5%9EIDIR+%26lt%3Bbr%26gt%3BAMA%26lt%3Bbr%26gt%3B+MEVCUT+%C4%B0KT%C4%B0DAR%2C+%C5%9EOV+KAHRAMANIDIR%21..&#038;body=13+Nisan+2024%E2%80%99te+%C4%B0ran%E2%80%99%C4%B1n+%C4%B0srail%E2%80%99e+g%C3%BCya+y%C3%BCzlerce+%C4%B0HA+ve+potansiyel+f%C3%BCzeler+f%C4%B1rlatmas%C4%B1n%C4%B1n%3B+k%C3%BC%C3%A7%C3%BCk+d%C3%BC%C5%9F%C3%BCr%C3%BCc%C3%BC+ve+d%C3%BC%C5%9F%C3%BCnd%C3%BCr%C3%BCc%C3%BC+sonu%C3%A7lar%C4%B1+kafa+kar%C4%B1%C5%9Ft%C4%B1r%C4%B1c%C4%B1d%C4%B1r%21 https%3A%2F%2Fwww.millicozum.com%2Fmc%2F2024%2Fmayis-2024%2Firan-halki-kararli-ve-siyonizme-karsidir-ama-mevcut-iktidar-sov-kahramanidir-2%2F&#038;ui=2&#038;tf=1&#39;,&#39;gmail&#39;,&#39;1991035356&#39;); return false;\" target=\"_blank\" rel=\"noreferrer noopener nofollow\" class=\"nolightbox\" ><span class=\"essb_icon essb_icon_gmail essb-s-bg-gmail essb-s-c-light essb-s-ch-light essb-s-bgh-dark essb-s-bg-network\"><svg class=\"essb-svg-icon essb-svg-icon-gmail\" aria-hidden=\"true\" role=\"img\" focusable=\"false\" xmlns=\"http:\/\/www.w3.org\/2000\/svg\" viewBox=\"0 0 32 32\" width=\"32\" height=\"32\"><path d=\"M28.7,4c-0.1,0-0.3,0-0.4,0.1l-12.3,9l-12.3-9C3.6,4,3.5,4,3.3,4C1.5,4,0,5.5,0,7.3v17.3C0,26.5,1.5,28,3.3,28h1.3c0.4,0,0.7-0.3,0.7-0.7V12l10.3,7.3c0.2,0.2,0.5,0.2,0.8,0L26.7,12v15.4c0,0.4,0.3,0.7,0.7,0.7h1.3c1.8,0,3.3-1.5,3.3-3.3V7.3C32,5.5,30.5,4,28.7,4z\" \/><\/svg><\/span><span class=\"essb_network_name\">Gmail<\/span><\/a><\/li><li class=\"essb_item essb_link_facebook nolightbox essb_link_svg_icon\"> <a href=\"https:\/\/www.facebook.com\/sharer\/sharer.php?u=https%3A%2F%2Fwww.millicozum.com%2Fmc%2F2024%2Fmayis-2024%2Firan-halki-kararli-ve-siyonizme-karsidir-ama-mevcut-iktidar-sov-kahramanidir-2%2F&#038;t=%C4%B0RAN+HALKI+KARARLI+VE+S%C4%B0YON%C4%B0ZM%E2%80%99E+KAR%C5%9EIDIR+%26lt%3Bbr%26gt%3BAMA%26lt%3Bbr%26gt%3B+MEVCUT+%C4%B0KT%C4%B0DAR%2C+%C5%9EOV+KAHRAMANIDIR%21..\" title=\"Share on Facebook\" onclick=\"essb.window(&#39;https:\/\/www.facebook.com\/sharer\/sharer.php?u=https%3A%2F%2Fwww.millicozum.com%2Fmc%2F2024%2Fmayis-2024%2Firan-halki-kararli-ve-siyonizme-karsidir-ama-mevcut-iktidar-sov-kahramanidir-2%2F&#038;t=%C4%B0RAN+HALKI+KARARLI+VE+S%C4%B0YON%C4%B0ZM%E2%80%99E+KAR%C5%9EIDIR+%26lt%3Bbr%26gt%3BAMA%26lt%3Bbr%26gt%3B+MEVCUT+%C4%B0KT%C4%B0DAR%2C+%C5%9EOV+KAHRAMANIDIR%21..&#39;,&#39;facebook&#39;,&#39;1991035356&#39;); return false;\" target=\"_blank\" rel=\"noreferrer noopener nofollow\" class=\"nolightbox\" ><span class=\"essb_icon essb_icon_facebook essb-s-bg-facebook essb-s-c-light essb-s-ch-light essb-s-bgh-dark essb-s-bg-network\"><svg class=\"essb-svg-icon essb-svg-icon-facebook\" aria-hidden=\"true\" role=\"img\" focusable=\"false\" xmlns=\"http:\/\/www.w3.org\/2000\/svg\" width=\"16\" height=\"16\" viewBox=\"0 0 16 16\"><path d=\"M16 8.049c0-4.446-3.582-8.05-8-8.05C3.58 0-.002 3.603-.002 8.05c0 4.017 2.926 7.347 6.75 7.951v-5.625h-2.03V8.05H6.75V6.275c0-2.017 1.195-3.131 3.022-3.131.876 0 1.791.157 1.791.157v1.98h-1.009c-.993 0-1.303.621-1.303 1.258v1.51h2.218l-.354 2.326H9.25V16c3.824-.604 6.75-3.934 6.75-7.951\"><\/path><\/svg><\/span><span class=\"essb_network_name\">Facebook<\/span><\/a><\/li><li class=\"essb_item essb_link_twitter nolightbox essb_link_twitter_x essb_link_svg_icon\"> <a href=\"https:\/\/x.com\/intent\/post?text=\u0130RAN%20HALKI%20KARARLI%20VE%20S\u0130YON\u0130ZM\u2019E%20KAR\u015eIDIR%20<br>AMA<br>%20MEVCUT%20\u0130KT\u0130DAR%2C%20\u015eOV%20KAHRAMANIDIR!..&amp;url=https%3A%2F%2Fwww.millicozum.com%2Fmc%2F2024%2Fmayis-2024%2Firan-halki-kararli-ve-siyonizme-karsidir-ama-mevcut-iktidar-sov-kahramanidir-2%2F&#8221; title=&#8221;Share on Twitter&#8221; onclick=&#8221;essb.window(&#39;https:\/\/x.com\/intent\/post?text=\u0130RAN%20HALKI%20KARARLI%20VE%20S\u0130YON\u0130ZM\u2019E%20KAR\u015eIDIR%20<br>AMA<br>%20MEVCUT%20\u0130KT\u0130DAR%2C%20\u015eOV%20KAHRAMANIDIR!..&amp;url=https%3A%2F%2Fwww.millicozum.com%2Fmc%2F2024%2Fmayis-2024%2Firan-halki-kararli-ve-siyonizme-karsidir-ama-mevcut-iktidar-sov-kahramanidir-2%2F&#39;,&#39;twitter&#39;,&#39;1991035356&#39;); return false;&#8221; target=&#8221;_blank&#8221; rel=&#8221;noreferrer noopener nofollow&#8221; class=&#8221;nolightbox&#8221; ><span class=\"essb_icon essb_icon_twitter_x essb-s-bg-twitter essb-s-c-light essb-s-ch-light essb-s-bgh-dark essb-s-bg-network\"><svg class=\"essb-svg-icon essb-svg-icon-twitter_x\" aria-hidden=\"true\" role=\"img\" focusable=\"false\" viewBox=\"0 0 24 24\"><path d=\"M18.244 2.25h3.308l-7.227 8.26 8.502 11.24H16.17l-5.214-6.817L4.99 21.75H1.68l7.73-8.835L1.254 2.25H8.08l4.713 6.231zm-1.161 17.52h1.833L7.084 4.126H5.117z\"><\/path><\/svg><\/span><span class=\"essb_network_name\">Twitter<\/span><\/a><\/li><\/ul><\/div>\t\t\t\t\t\t\t\t<\/div>\n\t\t\t\t<\/div>\n\t\t\t\t<div class=\"elementor-element elementor-element-a93bc95 elementor-widget__width-auto elementor-widget-mobile__width-auto elementor-widget elementor-widget-post-info\" data-id=\"a93bc95\" data-element_type=\"widget\" data-widget_type=\"post-info.default\">\n\t\t\t\t<div class=\"elementor-widget-container\">\n\t\t\t\t\t\t\t<ul class=\"elementor-inline-items elementor-icon-list-items elementor-post-info\">\n\t\t\t\t\t\t\t\t<li class=\"elementor-icon-list-item elementor-repeater-item-db0d0bb elementor-inline-item\" itemprop=\"datePublished\">\n\t\t\t\t\t\t\t\t\t\t<span class=\"elementor-icon-list-icon\">\n\t\t\t\t\t\t\t\t<i aria-hidden=\"true\" class=\"fas fa-calendar\"><\/i>\t\t\t\t\t\t\t<\/span>\n\t\t\t\t\t\t\t\t\t<span class=\"elementor-icon-list-text elementor-post-info__item elementor-post-info__item--type-date\">\n\t\t\t\t\t\t\t<span class=\"elementor-post-info__item-prefix\">Yay\u0131nlanma:<\/span>\n\t\t\t\t\t\t\t\t\t\t<time>01\/05\/2024<\/time>\t\t\t\t\t<\/span>\n\t\t\t\t\t\t\t\t<\/li>\n\t\t\t\t<\/ul>\n\t\t\t\t\t\t<\/div>\n\t\t\t\t<\/div>\n\t\t\t\t\t<\/div>\n\t\t<\/div>\n\t\t\t\t\t<\/div>\n\t\t<\/section>\n\t\t\t\t<section class=\"elementor-section elementor-inner-section elementor-element elementor-element-553c4040 elementor-hidden-desktop elementor-hidden-tablet elementor-section-boxed elementor-section-height-default elementor-section-height-default\" data-id=\"553c4040\" data-element_type=\"section\">\n\t\t\t\t\t\t<div class=\"elementor-container elementor-column-gap-default\">\n\t\t\t\t\t<div class=\"elementor-column elementor-col-100 elementor-inner-column elementor-element elementor-element-70050bc3\" data-id=\"70050bc3\" data-element_type=\"column\">\n\t\t\t<div class=\"elementor-widget-wrap elementor-element-populated\">\n\t\t\t\t\t\t<div class=\"elementor-element elementor-element-2936794b elementor-widget__width-auto elementor-widget-mobile__width-auto elementor-widget elementor-widget-post-info\" data-id=\"2936794b\" data-element_type=\"widget\" data-widget_type=\"post-info.default\">\n\t\t\t\t<div class=\"elementor-widget-container\">\n\t\t\t\t\t\t\t<ul class=\"elementor-inline-items elementor-icon-list-items elementor-post-info\">\n\t\t\t\t\t\t\t\t<li class=\"elementor-icon-list-item elementor-repeater-item-6ba4a15 elementor-inline-item\" itemprop=\"about\">\n\t\t\t\t\t\t\t\t\t\t<span class=\"elementor-icon-list-icon\">\n\t\t\t\t\t\t\t\t<i aria-hidden=\"true\" class=\"fas fa-tags\"><\/i>\t\t\t\t\t\t\t<\/span>\n\t\t\t\t\t\t\t\t\t<span class=\"elementor-icon-list-text elementor-post-info__item elementor-post-info__item--type-terms\">\n\t\t\t\t\t\t\t\t\t\t<span class=\"elementor-post-info__terms-list\">\n\t\t\t\t<a href=\"https:\/\/www.millicozum.com\/mc\/2024\/mayis-2024\/\" class=\"elementor-post-info__terms-list-item\">MAYIS 2024<\/a>\t\t\t\t<\/span>\n\t\t\t\t\t<\/span>\n\t\t\t\t\t\t\t\t<\/li>\n\t\t\t\t<\/ul>\n\t\t\t\t\t\t<\/div>\n\t\t\t\t<\/div>\n\t\t\t\t<div class=\"elementor-element elementor-element-54aae6b1 elementor-widget__width-auto elementor-widget-mobile__width-auto elementor-widget elementor-widget-post-info\" data-id=\"54aae6b1\" data-element_type=\"widget\" data-widget_type=\"post-info.default\">\n\t\t\t\t<div class=\"elementor-widget-container\">\n\t\t\t\t\t\t\t<ul class=\"elementor-inline-items elementor-icon-list-items elementor-post-info\">\n\t\t\t\t\t\t\t\t<li class=\"elementor-icon-list-item elementor-repeater-item-4f7ddd1 elementor-inline-item\" itemprop=\"commentCount\">\n\t\t\t\t\t\t<a href=\"https:\/\/www.millicozum.com\/mc\/2024\/mayis-2024\/iran-halki-kararli-ve-siyonizme-karsidir-ama-mevcut-iktidar-sov-kahramanidir-2\/#comments\">\n\t\t\t\t\t\t\t\t\t\t\t<span class=\"elementor-icon-list-icon\">\n\t\t\t\t\t\t\t\t<i aria-hidden=\"true\" class=\"far fa-comment-dots\"><\/i>\t\t\t\t\t\t\t<\/span>\n\t\t\t\t\t\t\t\t\t<span class=\"elementor-icon-list-text elementor-post-info__item elementor-post-info__item--type-comments\">\n\t\t\t\t\t\t\t\t\t\t21 Yorum\t\t\t\t\t<\/span>\n\t\t\t\t\t\t\t\t\t<\/a>\n\t\t\t\t<\/li>\n\t\t\t\t<\/ul>\n\t\t\t\t\t\t<\/div>\n\t\t\t\t<\/div>\n\t\t\t\t\t<\/div>\n\t\t<\/div>\n\t\t\t\t\t<\/div>\n\t\t<\/section>\n\t\t\t\t\t<\/div>\n\t\t<\/div>\n\t\t\t\t\t<\/div>\n\t\t<\/section>\n\t\t\t\t<section class=\"elementor-section elementor-top-section elementor-element elementor-element-552833ac elementor-section-boxed elementor-section-height-default elementor-section-height-default\" data-id=\"552833ac\" data-element_type=\"section\">\n\t\t\t\t\t\t<div class=\"elementor-container elementor-column-gap-default\">\n\t\t\t\t\t<div class=\"elementor-column elementor-col-100 elementor-top-column elementor-element elementor-element-2af031eb\" data-id=\"2af031eb\" data-element_type=\"column\">\n\t\t\t<div class=\"elementor-widget-wrap elementor-element-populated\">\n\t\t\t\t\t\t<div class=\"elementor-element elementor-element-78c0e24d elementor-widget elementor-widget-heading\" data-id=\"78c0e24d\" data-element_type=\"widget\" data-widget_type=\"heading.default\">\n\t\t\t\t<div class=\"elementor-widget-container\">\n\t\t\t\t\t<h3 class=\"elementor-heading-title elementor-size-default\">\u0130RAN HALKI KARARLI VE S\u0130YON\u0130ZM\u2019E KAR\u015eIDIR <br>AMA<br> MEVCUT \u0130KT\u0130DAR, \u015eOV KAHRAMANIDIR!..<\/h3>\t\t\t\t<\/div>\n\t\t\t\t<\/div>\n\t\t\t\t<div class=\"elementor-element elementor-element-5a96b49 elementor-widget elementor-widget-shortcode\" data-id=\"5a96b49\" data-element_type=\"widget\" data-widget_type=\"shortcode.default\">\n\t\t\t\t<div class=\"elementor-widget-container\">\n\t\t\t\t\t\t\t<div class=\"elementor-shortcode\"> <div class=\"lyte-wrapper-audio\" style=\"width:420px;max-width:100%;overflow:hidden;height:38px;margin:5px auto;\"><div class=\"lyMe lyte-audio\" id=\"WYL_ED3qtX5UEtM\"><div id=\"lyte_ED3qtX5UEtM\" data-src=\"https:\/\/www.millicozum.com\/mc\/wp-content\/plugins\/wp-youtube-lyte\/lyteCache.php?origThumbUrl=%2F%2Fi.ytimg.com%2Fvi%2FED3qtX5UEtM%2Fhqdefault.jpg\" class=\"pL\"><div class=\"tC\"><div class=\"tT\"><\/div><\/div><div class=\"play\"><\/div><div class=\"ctrl\"><div class=\"Lctrl\"><\/div><div class=\"Rctrl\"><\/div><\/div><\/div><noscript><a href=\"https:\/\/youtu.be\/ED3qtX5UEtM\" rel=\"nofollow\"><img decoding=\"async\" src=\"https:\/\/www.millicozum.com\/mc\/wp-content\/plugins\/wp-youtube-lyte\/lyteCache.php?origThumbUrl=https%3A%2F%2Fi.ytimg.com%2Fvi%2FED3qtX5UEtM%2F0.jpg\" alt=\"YouTube video thumbnail\" width=\"420\" height=\"18\" \/><br \/>Watch this video on YouTube<\/a><\/noscript><\/div><\/div><div class=\"lL\" style=\"max-width:100%;width:420px;margin:5px auto;\"><\/div><\/div>\n\t\t\t\t\t\t<\/div>\n\t\t\t\t<\/div>\n\t\t\t\t<div class=\"elementor-element elementor-element-14a71d0 satir-basi siyah-link elementor-widget elementor-widget-text-editor\" data-id=\"14a71d0\" data-element_type=\"widget\" data-widget_type=\"text-editor.default\">\n\t\t\t\t<div class=\"elementor-widget-container\">\n\t\t\t\t\t\t\t\t\t<p><span style=\"font-family: arial;\"><strong>13 Nisan 2024\u2019te \u0130ran\u2019\u0131n \u0130srail\u2019e g\u00fcya y\u00fczlerce \u0130HA ve potansiyel f\u00fczeler f\u0131rlatmas\u0131n\u0131n; k\u00fc\u00e7\u00fck d\u00fc\u015f\u00fcr\u00fcc\u00fc ve d\u00fc\u015f\u00fcnd\u00fcr\u00fcc\u00fc sonu\u00e7lar\u0131 kafa kar\u0131\u015ft\u0131r\u0131c\u0131d\u0131r! Konunun anla\u015f\u0131lmas\u0131 i\u00e7in \u015fu tespitlerin yap\u0131lmas\u0131 laz\u0131md\u0131r:<\/strong><\/span><\/p>\n<p><span style=\"font-family: arial;\"><strong>1- \u00d6ncelikle; \u0130ran\u2019\u0131n sald\u0131r\u0131s\u0131 Filistin&#8217;e de\u011fil, \u0130srail&#8217;e yarayacakt\u0131r. \u0130srail bu sald\u0131r\u0131 ile Gazze\u2019deki i\u015fgalini me\u015fru g\u00f6stermeye \u00e7al\u0131\u015facak, kabinesinde ve halk\u0131 i\u00e7erisinde prestiji s\u0131f\u0131rlanm\u0131\u015f olan katil Netanyahu ise g\u00fcven tazelemi\u015f olacakt\u0131r.<\/strong><\/span><\/p>\n<p><span style=\"font-family: arial;\"><strong>2- Yani, \u0130ran&#8217;\u0131n sald\u0131r\u0131s\u0131 g\u00f6stermelik bir tav\u0131rd\u0131r. \u0130srail bu sald\u0131r\u0131yla kendilerine destek vermekten yorulup b\u0131kan ve art\u0131k neredeyse <em>&#8220;Gazze i\u015fgaline son verin&#8221;<\/em> diyecek olan Avrupa \u00fclkelerinin deste\u011fini yeniden arkas\u0131na alacakt\u0131r, alm\u0131\u015ft\u0131r.<\/strong><\/span><\/p>\n<p><span style=\"font-family: arial;\"><strong>3- B\u00fct\u00fcn vah\u015fet ve deh\u015fetlerine ra\u011fmen \u0130srail\u2019e destek \u00e7\u0131kan; ABD, \u0130ngiltere, Almanya, Fransa ve \u0130talya\u2019da ve ba\u015fka co\u011frafyalarda, i\u015fbirlik\u00e7i y\u00f6netimlerine kar\u015f\u0131 protesto g\u00f6sterileri yapan duyarl\u0131 ve tutarl\u0131 halklara kar\u015f\u0131, h\u00fck\u00fcmetlerine mazeret, hatta me\u015fruiyet kazand\u0131ran bu sonu\u00e7lar\u0131, \u0130ran\u2019\u0131n siyasi ve askeri y\u00f6neticileri nas\u0131l hesaba katamam\u0131\u015flard\u0131r? Oysa, \u00f6rne\u011fin Avustralya\u2019da bir S\u00fcryani Kilisesi Papaz\u0131 ve mensuplar\u0131 bile: <\/strong><strong><em>\u201cBirle\u015fmi\u015f Milletler\u2019in Siyonist \u015feytanlarca kuruldu\u011funu\u201d<\/em><\/strong><strong> s\u00f6yleyecek kadar \u015fuurlanm\u0131\u015flard\u0131&#8230; Ve maalesef, Siyonist Yahudi Cemaati ve Mason Derne\u011fince kiralanan 15 ya\u015f\u0131ndaki bir \u00e7ocuk taraf\u0131ndan b\u0131\u00e7aklanarak suikasta u\u011fram\u0131\u015flard\u0131.<\/strong><\/span><\/p>\n<p><span style=\"font-family: arial;\"><strong>4- \u015eimdi sormak laz\u0131md\u0131: \u0130ran tam olarak nereleri vurmay\u0131 ba\u015farm\u0131\u015ft\u0131? Bu harek\u00e2tla Filistin ne kazanm\u0131\u015ft\u0131? \u0130ran&#8217;\u0131n sald\u0131r\u0131s\u0131ndan sonra, \u0130srail misilleme i\u00e7in neden Suriye&#8217;nin \u015eam \u015fehrine sald\u0131rm\u0131\u015ft\u0131? \u0130srail bu sald\u0131r\u0131dan ne kadar etkilenip geri ad\u0131m atm\u0131\u015ft\u0131? \u0130ran&#8217;\u0131n s\u00f6z\u00fcm ona harek\u00e2t\u0131 ni\u00e7in ba\u015flamadan sonu\u00e7lanm\u0131\u015ft\u0131? En \u00f6nemlisi de \u0130ran, Gazze yedi ayd\u0131r bombalan\u0131p yok edilirken nerede kalm\u0131\u015ft\u0131 ve bu nas\u0131l kahramanl\u0131kt\u0131?<\/strong><\/span><\/p>\n<p><span style=\"font-family: arial;\"><strong>5- Bu f\u00fcze ve \u0130HA sald\u0131r\u0131lar\u0131n\u0131n g\u00fcnler \u00f6ncesinden, \u0130srail ve ABD sever b\u00f6lge \u00fclkelerine haber verilmi\u015f olmas\u0131\u2026 Elbette ABD ve AB \u00fclkelerinin hemen bunlardan haberdar olarak, \u0130srail\u2019e ko\u015fup tedbirler almas\u0131, g\u00f6nderilen \u0130ran f\u00fczelerinin ve \u0130HA\u2019lar\u0131n\u0131n vurulup devre d\u0131\u015f\u0131 b\u0131rak\u0131lmas\u0131, acaba bir devlet ciddiyetine yak\u0131\u015fmayan sadece koyu bir gaflet ve cehaletin sonu\u00e7lar\u0131 m\u0131yd\u0131, yoksa bir dan\u0131\u015f\u0131kl\u0131 d\u00f6v\u00fc\u015f m\u00fc oynanm\u0131\u015ft\u0131? \u0130ran taraf\u0131 da \u0130srail taraf\u0131 da biliyor ki, g\u00fcya \u0130ran taraf\u0131ndan at\u0131lan y\u00fczlerce \u0130HA ve yine y\u00fczlerce balistik f\u00fczeden %99&#8217;u Demir Kubbe\u2019yi ge\u00e7emezken, ge\u00e7en %1 oran\u0131ndaki f\u00fczenin bir k\u0131sm\u0131 da maalesef \u00fclkemizdeki Malatya-K\u00fcrecik\u2019ten gelen uyar\u0131c\u0131 sinyallerle ABD, \u0130ngiliz ve Alman u\u00e7aklar\u0131 sayesinde vurulup etkisiz b\u0131rak\u0131lm\u0131\u015flard\u0131. \u0130srail\u2019e ula\u015fabilen f\u00fczelerin hepsinin de, ne hikmetse insan bulunmayan ve yerle\u015fim alan\u0131 olmayan yerlere d\u00fc\u015fmesi tesad\u00fcf m\u00fcyd\u00fc, hesapl\u0131 ve planl\u0131 m\u0131yd\u0131?<\/strong><\/span><\/p>\n<p><span style=\"font-family: arial;\"><strong>6- D\u00fcnya genelinde yo\u011fun bir tarzda ve g\u00fcn ge\u00e7tik\u00e7e artarak devam eden <em>\u201cFilistin&#8217;e destek g\u00f6sterilerine\u201d<\/em> b\u00f6ylece balta vurulmas\u0131 ak\u0131l k\u00e2r\u0131 m\u0131yd\u0131? \u0130ran&#8217;\u0131n sald\u0131r\u0131s\u0131 ve kozlar\u0131 e\u011fer, %1 isabet eden balistik f\u00fczelerden ibaretse ve e\u011fer Gazze i\u00e7in elinden gelenin tamam\u0131 bu ise ve ya\u015fanan \u0130srail&#8217;le dan\u0131\u015f\u0131kl\u0131 d\u00f6v\u00fc\u015f de\u011filse, bu durum \u0130ran i\u00e7in ciddi bir fiyasko ve ba\u015far\u0131s\u0131zl\u0131k say\u0131lmayacak m\u0131yd\u0131?<\/strong><\/span><\/p>\n<p><span style=\"font-family: arial;\"><strong>7- F\u0131rlat\u0131lan 200 f\u00fcze ve 100 dron; \u0130ran\u2019\u0131n elindeki en etkili ve d\u00fc\u015fman\u0131 hizaya getirici silahlar ise, maalesef netice ortadad\u0131r. Yok e\u011fer dan\u0131\u015f\u0131kl\u0131 d\u00f6v\u00fc\u015f sergileniyorsa, bunun su\u00e7u ve sorumlulu\u011fu \u00e7ok daha a\u011f\u0131rd\u0131r.<\/strong><\/span><\/p>\n<p><span style=\"font-family: arial;\"><strong>8- Ve \u015fayet; sokak \u00e7ocuklar\u0131n\u0131n havai fi\u015fek oyunlar\u0131 cinsinden, g\u00f6stermelik ve halk\u0131 avutmaya y\u00f6nelik olarak \u0130ran, elindeki basit f\u00fczeleri \u0130srail\u2019e g\u00f6ndermi\u015fse, bunun \u0130slami ciddiyet ve cesaretle hi\u00e7bir al\u00e2kas\u0131n\u0131n olmad\u0131\u011f\u0131 tart\u0131\u015f\u0131lacakt\u0131r.<\/strong><\/span><\/p>\n<p><span style=\"font-family: arial;\"><strong>9- Bu talihsiz tav\u0131r; t\u00fcm d\u00fcnyada <em>\u201c\u0130srail\u2019le asla ba\u015fa \u00e7\u0131k\u0131lamayacakt\u0131r\u2026 \u0130ran bile umulan\u0131n \u00e7ok alt\u0131nda ve olduk\u00e7a etkisiz ve yetersiz kalm\u0131\u015ft\u0131r\u2026 \u0130srail\u2019le iyi ge\u00e7inmek d\u0131\u015f\u0131nda hi\u00e7bir se\u00e7enek bulunmamaktad\u0131r\u2026\u201d<\/em> gibi yanl\u0131\u015f ve as\u0131ls\u0131z bir kanaatin olu\u015fmas\u0131na yol a\u00e7m\u0131\u015ft\u0131r.<\/strong><\/span><\/p>\n<p><span style=\"font-family: arial;\"><strong>Ayr\u0131ca T\u00fcrkiye D\u0131\u015f Bakan\u0131 <\/strong><strong><em>Hakan Fidan\u2019\u0131n<\/em><\/strong><strong>, ba\u015fta \u0130ran ve bir\u00e7ok \u00fclkedeki mevkida\u015f\u0131yla ba\u015flatt\u0131\u011f\u0131 telefon trafi\u011fi ise, bu \u00e7i\u011f ve riyak\u00e2r \u015fovun bizdeki kahramanl\u0131k numaralar\u0131d\u0131r! Oysa ter\u00f6rist \u0130srail; bunlar\u0131n samimiyetini bilse, T\u00fcrkiye ve \u0130ran\u2019\u0131n bir notas\u0131 dahi, Katil Netanyahu \u015febekesinin rotas\u0131n\u0131 \u015fa\u015f\u0131rtt\u0131r\u0131r!.. <\/strong><\/span><\/p>\n<p><span style=\"font-family: arial;\"><strong>10- Tekrar hat\u0131rlat\u0131yorum, son ya\u015fanan olay bir dan\u0131\u015f\u0131kl\u0131 d\u00f6v\u00fc\u015f\u00fc and\u0131rmaktad\u0131r!.. Bu sald\u0131r\u0131n\u0131n; \u0130srail&#8217;in \u0130ran&#8217;a \u00e7ok sert bir kar\u015f\u0131l\u0131k vermeye kalk\u0131\u015fmas\u0131na, \u0130ran&#8217;a sald\u0131r\u0131p b\u00fcy\u00fck zararlara ve katliamlara yol a\u00e7mas\u0131na uygun bir bahane olarak kullan\u0131lmas\u0131, \u00e7ok ciddi tahribatlara yol a\u00e7acakt\u0131r. \u0130srail&#8217;in \u0130ran&#8217;a girip, ciddi y\u0131k\u0131mlara ve katliamlara neden olmas\u0131 halinde, akl\u0131 ba\u015f\u0131nda olan her insan, \u0130ran&#8217;\u0131n 13 Nisan 2024 sald\u0131r\u0131s\u0131n\u0131 neden g\u00f6ze ald\u0131\u011f\u0131 sorusunu g\u00fcndeme ta\u015f\u0131yacak ve bunun perde arkas\u0131n\u0131 ka\u015f\u0131yacakt\u0131r. \u0130ran gibi her konuda anormal derecede tedbirli hareket eden bir devletin, hi\u00e7bir kazan\u0131m elde etmeden b\u00f6yle bir riske girmesi \u015fa\u015f\u0131las\u0131 bir olayd\u0131r!..<\/strong><\/span><\/p>\n<p><span style=\"font-family: arial;\"><strong>Umuyoruz ki bu sald\u0131r\u0131n\u0131n; \u0130srail&#8217;in haberi varken ve \u0130srail&#8217;in yarar\u0131na olacak \u015fekilde bir sald\u0131r\u0131 oldu\u011funu, \u0130ran&#8217;\u0131n bu sald\u0131r\u0131s\u0131n\u0131n \u0130srail\u2019in \u0130ran&#8217;a giri\u015fini me\u015fru hale getirmek i\u00e7in, \u0130ran i\u00e7inden gizli i\u015fbirlik\u00e7i ve gayri milli odaklar\u0131n bir hamlesi oldu\u011funu\u2026 Bu hamlenin ard\u0131ndan \u0130srail, Amerika vesaire hepsinin birle\u015ferek \u0130ran&#8217;a h\u00fccuma kalk\u0131\u015faca\u011f\u0131n\u0131 ve bu m\u00fcdahalenin k\u0131smen T\u00fcrkiye&#8217;ye de s\u0131\u00e7rayaca\u011f\u0131n\u0131 fark eden <\/strong><strong><em>Milli Yap\u0131<\/em><\/strong><strong>, cesur ve kahraman \u0130ran halk\u0131n\u0131 uyar\u0131p, bu Siyonist ve emperyalist sald\u0131r\u0131y\u0131 in\u015faallah savacakt\u0131r. Ve yine biliyoruz ve bekliyoruz ki, anayurdumuzda haz\u0131rlanan ve \u0130ran\u2019a da aktar\u0131lan harika savunma teknolojileri sayesinde, bu Siyonist ve emperyalist \u00e7apulcular \u0130ran\u2019da bozguna u\u011frat\u0131lacak ve <\/strong><strong><em>Kuvay\u0131 Milliye \u0130ttifak\u0131yla<\/em><\/strong><strong> T\u00fcrkiye, kuduz \u0130srail\u2019i yerin dibine bat\u0131racakt\u0131r.<\/strong><\/span><\/p>\n<p><span style=\"font-family: arial;\"><strong>Biliyorum, bize k\u0131zacak olan \u0130ranl\u0131 diplomatlara \u015funu hat\u0131rlatal\u0131m; bize g\u00f6sterdi\u011finiz tepkili tavr\u0131, as\u0131l kuduz \u0130srail\u2019e kar\u015f\u0131 tak\u0131n\u0131n\u0131z ve <\/strong><strong><em>\u201cAtt\u0131\u011f\u0131 ta\u015f \u00fcrk\u00fctt\u00fc\u011f\u00fc kurba\u011faya de\u011fmedi\u201d<\/em><\/strong><strong> cinsinden de\u011fil, \u0130srail\u2019i ger\u00e7ekten hizaya getirecek, Tel Aviv\u2019deki, Yafa\u2019daki askeri tesisleri yerin dibine ge\u00e7irecek f\u00fczelerinizi (e\u011fer varsa\u2026) g\u00f6nderin de, \u00f6nce biz alk\u0131\u015flayal\u0131m ve duac\u0131 olal\u0131m. T\u00fcrkiye\u2019deki mevcut y\u00f6netimin, i\u015fbirlik\u00e7i tavr\u0131n\u0131 ve uyuz kahramanl\u0131k nutuklar\u0131n\u0131 da bahane edip, <\/strong><strong><em>\u201cErkekseniz siz yap\u0131n!..\u201d<\/em><\/strong><strong> mazeretine de s\u0131\u011f\u0131nmay\u0131n\u2026 Milli \u00c7\u00f6z\u00fcm Dergisi olarak onlar\u0131 da, gerekti\u011fi \u015fekilde s\u00fcrekli uyard\u0131\u011f\u0131m\u0131z a\u00e7\u0131kt\u0131r. Ancak AKP iktidar\u0131n\u0131n bu konudaki gev\u015feklik ve cesaretsizli\u011fi, sizlerin mazeretiniz say\u0131lamayaca\u011f\u0131n\u0131 da unutmay\u0131n!..<\/strong><\/span><\/p>\n<p><span style=\"font-family: arial;\"><strong>\u0130ran\u2019\u0131n,<\/strong><strong> Trump\u2019a: <em>&#8220;Ba\u015fka Se\u00e7ene\u011fimiz Yok, Sizi Vurmak Zorunday\u0131z&#8221;<\/em> \u0130tiraf\u0131!<\/strong><\/span><\/p>\n<p><span style=\"font-family: arial;\"><strong>Eski ABD Ba\u015fkan\u0131 Donald Trump, o d\u00f6nem Teksas&#8217;ta yapt\u0131\u011f\u0131 se\u00e7im konu\u015fmas\u0131nda; \u0130ran Devrim Muhaf\u0131zlar\u0131 Komutan\u0131 Kas\u0131m S\u00fcleymani&#8217;nin Ocak 2020&#8217;de ABD taraf\u0131ndan \u00f6ld\u00fcr\u00fclmesinin ard\u0131ndan \u0130ranl\u0131 yetkililerin kendisiyle ileti\u015fime ge\u00e7ti\u011fini belirterek, Tahran&#8217;\u0131n, ABD \u00fcss\u00fcne d\u00fczenledi\u011fi bir sald\u0131r\u0131y\u0131 \u00f6nceden haber verdi\u011fini a\u00e7\u0131klam\u0131\u015ft\u0131.<\/strong><\/span><\/p>\n<p><span style=\"font-family: arial;\"><strong>ABD g\u00fc\u00e7leri, 3 Ocak 2020&#8217;de \u0130ran Devrim Muhaf\u0131zlar\u0131, Kas\u0131m S\u00fcleymani&#8217;nin konvoyunu hedef alm\u0131\u015ft\u0131, sald\u0131r\u0131da S\u00fcleymani&#8217;nin de aralar\u0131nda oldu\u011fu 10 ki\u015fi hayat\u0131n\u0131 kaybetmi\u015f durumdayd\u0131. Olay, \u0130ran&#8217;da b\u00fcy\u00fck infiale yol a\u00e7m\u0131\u015ft\u0131. \u0130ran ordusu 8 Ocak&#8217;ta ABD&#8217;nin Irak&#8217;\u0131n Anbar eyaletindeki Ayn el Esad Hava \u00dcss\u00fcne ve Erbil&#8217;de Amerikan askerlerinin bulundu\u011fu noktalara en az 22 f\u00fcze atm\u0131\u015ft\u0131. Amerikal\u0131 yetkililer o d\u00f6nem, \u00fcslerin sald\u0131r\u0131 \u00f6ncesinde bo\u015falt\u0131ld\u0131\u011f\u0131n\u0131 ve kimsenin zarar g\u00f6rmedi\u011fini vurgulam\u0131\u015ft\u0131.<a href=\"#_ftn1\" name=\"_ftnref1\"><sup>[1]<\/sup><\/a><\/strong><\/span><\/p>\n<p><span style=\"font-family: arial;\"><strong>\u0130ran D\u0131\u015fi\u015fleri Bakan\u0131 Abdullahiyan: \u201cABD\u2019ye ve B\u00f6lge \u00dclkelerine, Sald\u0131r\u0131dan \u00d6nce Bilgi Aktard\u0131k!\u201d<\/strong><\/span><\/p>\n<p><span style=\"font-family: arial;\"><strong>Abdullahiyan, sald\u0131r\u0131ya ili\u015fkin de\u011ferlendirmesinde, <em>&#8220;B\u00f6lge \u00fclkelerini, sald\u0131r\u0131dan 72 saat \u00f6nce sald\u0131r\u0131n\u0131n mahiyeti konusunda, ayr\u0131ca k\u0131s\u0131tl\u0131 ve misilleme ama\u00e7l\u0131 oldu\u011fu hususunda bilgilendirdik.&#8221;<\/em> ifadesini kullanm\u0131\u015ft\u0131. Sald\u0131r\u0131y\u0131 &#8220;me\u015fru m\u00fcdafaa&#8221; olarak nitelendiren Abdullahiyan, \u0130ran Silahl\u0131 Kuvvetlerinin &#8220;do\u011fru hesaplamalarla, insans\u0131z hava ara\u00e7lar\u0131 ve g\u00fcd\u00fcml\u00fc f\u00fczeler ile \u0130srail\u2019e ait askeri \u00fcss\u00fc hedef ald\u0131\u011f\u0131n\u0131&#8221;, s\u00f6z konusu \u00fcss\u00fc, \u0130ran\u2019\u0131n <em>&#8220;\u015eam\u2019daki konsolosluk binas\u0131na d\u00fczenlenen sald\u0131r\u0131ya kat\u0131lan F-35 u\u00e7aklar\u0131n\u0131n kullan\u0131ld\u0131\u011f\u0131n\u0131&#8221;<\/em> hat\u0131rlatm\u0131\u015ft\u0131.<\/strong><\/span><\/p>\n<p><span style=\"font-family: arial;\"><strong>ABD, \u0130ran\u2019a Ankara \u00fczerinden mesaj iletmi\u015f: \u201cSald\u0131r\u0131 k\u0131s\u0131tl\u0131 olsun!\u201d ricas\u0131n\u0131 aktarm\u0131\u015ft\u0131!<\/strong><\/span><\/p>\n<p><span style=\"font-family: arial;\"><strong>ABD y\u00f6netiminin, \u0130srail\u2019e insans\u0131z hava ara\u00e7lar\u0131 ve f\u00fczelerle g\u00f6stermelik \u2018misilleme\u2019 sald\u0131r\u0131s\u0131 d\u00fczenleyen \u0130ran\u2019a, T\u00fcrkiye \u00fczerinden mesaj iletti\u011fi ortaya \u00e7\u0131km\u0131\u015ft\u0131. Reuters\u2019a konu\u015fan bir T\u00fcrk diplomatik kaynak, \u0130ran\u2019\u0131n \u0130srail\u2019e kar\u015f\u0131 sald\u0131r\u0131s\u0131n\u0131, T\u00fcrkiye\u2019ye \u00f6nceden haber verdi\u011fini a\u00e7\u0131klam\u0131\u015ft\u0131.<a href=\"#_ftn2\" name=\"_ftnref2\"><sup>[2]<\/sup><\/a> Yetkili, ABD\u2019nin \u0130ran\u2019a T\u00fcrkiye \u00fczerinden sald\u0131r\u0131n\u0131n <em>\u2018k\u0131s\u0131tl\u0131 olmas\u0131 gerekti\u011fi\u2019<\/em> mesaj\u0131n\u0131 verdi\u011fini hat\u0131rlatm\u0131\u015ft\u0131.<\/strong><\/span><\/p>\n<p><span style=\"font-family: arial;\"><strong>BBC\u2019ye bilgi veren bir T\u00fcrk diplomatik kaynak da \u201c(D\u0131\u015fi\u015fleri Bakan\u0131)<em> Hakan Fidan ge\u00e7en hafta hem ABD hem \u0130ran D\u0131\u015fi\u015fleri Bakan\u0131yla g\u00f6r\u00fc\u015ft\u00fc. \u0130ran taraf\u0131, olas\u0131l\u0131klar konusunda \u00f6nden bilgi verdi\u201d<\/em> bilgisini aktarm\u0131\u015ft\u0131.<\/strong><\/span><\/p>\n<p><span style=\"font-family: arial;\"><strong>CENTCOM Komutan\u0131 \u0130srail\u2019e Gitmi\u015fti. Konu; \u0130ran&#8217;\u0131n Yan\u0131t\u0131na Kar\u015f\u0131 Savunma Haz\u0131rl\u0131klar\u0131yd\u0131!<\/strong><\/span><\/p>\n<p><span style=\"font-family: arial;\"><strong>\u0130ran\u2019\u0131n \u0130srail\u2019in \u015eam sald\u0131r\u0131s\u0131ndan sorumlu tuttu\u011fu ABD, s\u00f6zl\u00fc deste\u011fin ard\u0131ndan sahada da \u0130srail\u2019in yan\u0131nda olacakt\u0131. CENTCOM Komutan\u0131 Kurilla, \u0130ran&#8217;\u0131n sald\u0131r\u0131ya yan\u0131t\u0131n\u0131 g\u00f6r\u00fc\u015fmek i\u00e7in \u0130srail&#8217;e ziyaret yapm\u0131\u015ft\u0131.<\/strong><\/span><\/p>\n<p><span style=\"font-family: arial;\"><strong>Nas\u0131l Savunacaklar\u0131n\u0131 Konu\u015fmu\u015flard\u0131<\/strong><\/span><\/p>\n<p><span style=\"font-family: arial;\"><strong>Kurilla, \u0130ran ile vekillerinin, \u0130srail&#8217;e y\u00f6nelik olas\u0131 yan\u0131t\u0131na kar\u015f\u0131 y\u00fcr\u00fct\u00fclecek savunma planlar\u0131n\u0131 g\u00f6r\u00fc\u015fmek \u00fczere yapt\u0131\u011f\u0131 ziyaret kapsam\u0131nda, \u0130srail Savunma Bakan\u0131 Yoav Gallant ve \u0130srail ordusunun \u00fcst d\u00fczey yetkilileriyle bulu\u015fmu\u015flard\u0131. ABD Ba\u015fkan\u0131 Joe Biden a\u00e7\u0131klamas\u0131nda, <em>\u201cOlas\u0131 bir \u0130ran tehdidine kar\u015f\u0131 \u0130srail&#8217;e sars\u0131lmaz \u015fekilde destek vermeye devam edeceklerini\u201d<\/em> vurgulam\u0131\u015ft\u0131. ABD D\u0131\u015fi\u015fleri Bakan\u0131 Antony Blinken da \u0130srail Savunma Bakan\u0131 Yoav Gallant&#8217;a, \u0130ran ile onun b\u00f6lgedeki vekillerinin tehditlerine kar\u015f\u0131 yanlar\u0131nda olduklar\u0131 mesaj\u0131n\u0131 tekrarlam\u0131\u015ft\u0131.<\/strong><\/span><\/p>\n<p><span style=\"font-family: arial;\"><strong>Kremlin&#8217;den Ortado\u011fu&#8217;ya \u0130tidal \u00c7a\u011fr\u0131s\u0131&#8230; <\/strong><\/span><\/p>\n<p><span style=\"font-family: arial;\"><strong>Kremlin S\u00f6zc\u00fcs\u00fc Dmitriy Peskov, \u0130ran-\u0130srail gerilimi sonras\u0131 Ortado\u011fu \u00fclkelerine itidalli olma \u00e7a\u011fr\u0131s\u0131nda bulunarak, <em>&#8220;T\u00fcm anla\u015fmazl\u0131klar\u0131n yaln\u0131zca siyasi ve diplomatik y\u00f6ntemlerle \u00e7\u00f6z\u00fclmesinden yanay\u0131z&#8221;<\/em> mesaj\u0131n\u0131 aktarm\u0131\u015ft\u0131. ABD ve \u0130ngiltere&#8217;nin Rusya&#8217;ya y\u00f6nelik metal alan\u0131nda yapt\u0131r\u0131m uygulamas\u0131n\u0131 de\u011ferlendiren Peskov, s\u00f6z konusu yapt\u0131r\u0131mlar\u0131n &#8220;yasa d\u0131\u015f\u0131&#8221; oldu\u011funu vurgulayarak, <em>&#8220;Bu yapt\u0131r\u0131mlar, uygulayanlar\u0131n \u00e7\u0131karlar\u0131n\u0131 da mutlaka olumsuz etkileyecek&#8221;<\/em> ifadesini kullanm\u0131\u015ft\u0131.<\/strong><\/span><\/p>\n<p><span style=\"font-family: arial;\"><strong>\u0130srail, \u0130ran&#8217;\u0131n \u015eam&#8217;daki Konsolosluk binas\u0131na 1 Nisan&#8217;da hava sald\u0131r\u0131s\u0131 yapm\u0131\u015ft\u0131. Sald\u0131r\u0131da, \u0130ran Devrim Muhaf\u0131zlar\u0131 Ordusundan ikisi General r\u00fctbesinde toplam 7 ki\u015fi \u00f6lm\u00fc\u015ft\u00fc. \u0130ran, \u0130srail&#8217;in Konsolosluk sald\u0131r\u0131s\u0131n\u0131n, \u00fclkesinin topraklar\u0131na sald\u0131r\u0131 anlam\u0131na geldi\u011fini ve misillemede bulunacaklar\u0131n\u0131 a\u00e7\u0131klam\u0131\u015ft\u0131.<\/strong><\/span><\/p>\n<p><span style=\"font-family: arial;\"><strong>G\u00fcvenlik Konseyi Toplant\u0131s\u0131 \u0130kiy\u00fczl\u00fcl\u00fc\u011f\u00fcn Daniskas\u0131d\u0131r!<\/strong><\/span><\/p>\n<p><span style=\"font-family: arial;\"><strong>BM\u2019de utan\u00e7 verici bir ikiy\u00fczl\u00fcl\u00fck g\u00f6sterisi ya\u015fanm\u0131\u015ft\u0131. \u0130srail\u2019in \u015eam\u2019daki \u0130ran Konsoloslu\u011funu vurmas\u0131 neden k\u0131nanmam\u0131\u015ft\u0131? Kanunlar sizin i\u00e7in neden \u00fclkeden \u00fclkeye de\u011fi\u015fiklik g\u00f6steriyordu?<\/strong><\/span><\/p>\n<p><span style=\"font-family: arial;\"><strong>\u0130ran&#8217;\u0131n, \u0130srail&#8217;e S\u0130HA ve F\u00fcze Sald\u0131r\u0131s\u0131n\u0131n Perde Arkas\u0131!<\/strong><\/span><\/p>\n<p><span style=\"font-family: arial;\"><strong>\u0130ran, ilk kez do\u011frudan \u0130srail topraklar\u0131na y\u00f6nelik bir sald\u0131r\u0131 yapm\u0131\u015ft\u0131. 13 Nisan 2024 Cumartesi gecesi \u0130srail\u2019de hava sald\u0131r\u0131s\u0131 sirenleri \u00e7alm\u0131\u015f ve halka s\u0131\u011f\u0131naklara gitmeleri \u00e7a\u011fr\u0131s\u0131 yap\u0131lm\u0131\u015f ve hava savunma sistemleri devreye girerken, patlamalar ya\u015fanm\u0131\u015ft\u0131. \u00dclke genelindeki baz\u0131 noktalarda \u0130ran\u2019\u0131n yollad\u0131\u011f\u0131 \u00e7ok say\u0131da S\u0130HA ve f\u00fczeler imha edilirken, bir\u00e7o\u011fu da \u0130srail topraklar\u0131na giremeden \u00f6nce \u0130srail ve m\u00fcttefiklerince vurulmu\u015f durumdayd\u0131. \u00c7at\u0131\u015fmada en az dokuz \u00fclke rol alm\u0131\u015ft\u0131. \u0130ran, Irak, Suriye ve Yemen\u2019den yollanan SiHA\u2019lar ve f\u00fczeler; \u0130srail, ABD, \u0130ngiltere, Fransa ve \u00dcrd\u00fcn taraf\u0131ndan vurulmu\u015flard\u0131.<\/strong><\/span><\/p>\n<p><span style=\"font-family: arial;\"><strong>Sald\u0131r\u0131da S\u0130HA&#8217;lar, g\u00fcd\u00fcml\u00fc ve balistik f\u00fczeler kullan\u0131lm\u0131\u015ft\u0131!<\/strong><\/span><\/p>\n<p><span style=\"font-family: arial;\"><strong>\u0130srail Ordusu, \u0130ran\u2019\u0131n \u0130srail\u2019e do\u011fru 300\u2019den fazla S\u0130HA ve f\u00fcze g\u00f6nderdi\u011fini a\u00e7\u0131klam\u0131\u015ft\u0131. \u0130srail\u2019e g\u00f6re 170 S\u0130HA, 30 g\u00fcd\u00fcml\u00fc f\u00fcze yer al\u0131rken, bunlar\u0131n hi\u00e7biri \u0130srail hava sahas\u0131na ula\u015famam\u0131\u015ft\u0131. \u0130srail Ordu S\u00f6zc\u00fcs\u00fc Amiral Daniel Hagari, ate\u015flenen 110 balistik f\u00fczenin de k\u00fc\u00e7\u00fck bir k\u0131sm\u0131n\u0131n \u00fclkeye ula\u015fabildi\u011fini hat\u0131rlatm\u0131\u015ft\u0131. BBC, bu say\u0131lar\u0131 ba\u011f\u0131ms\u0131z kaynaklarca do\u011frulatamam\u0131\u015ft\u0131. \u0130ran\u2019dan \u0130srail\u2019e en k\u0131sa mesafe; Irak, Suriye ve \u00dcrd\u00fcn \u00fczerinden 1000 kilometre civar\u0131ndayd\u0131.<\/strong><\/span><\/p>\n<p><span style=\"font-family: arial;\"><strong>Bombard\u0131man farkl\u0131 \u00fclkelerden yap\u0131lm\u0131\u015ft\u0131. <\/strong><\/span><\/p>\n<p><span style=\"font-family: arial;\"><strong>\u0130ran Devrim Muhaf\u0131zlar\u0131 (IRGC), 13 Nisan 2024 Cumartesi gecesi S\u0130HA ve f\u00fczelerin ate\u015flendi\u011fini a\u00e7\u0131klam\u0131\u015ft\u0131. Irak g\u00fcvenlik g\u00fc\u00e7leri, Reuters\u2019a yapt\u0131klar\u0131 a\u00e7\u0131klamada, Irak \u00fczerinden \u0130srail y\u00f6n\u00fcne giden f\u00fczeler g\u00f6r\u00fcld\u00fc\u011f\u00fcn\u00fc aktarm\u0131\u015ft\u0131. ABD Savunma Bakanl\u0131\u011f\u0131, Amerikan g\u00fc\u00e7lerinin \u0130ran, Irak, Suriye ve Yemen\u2019den g\u00f6nderilen onlarca f\u00fcze ve S\u0130HA\u2019y\u0131 imha etti\u011fini bildirmi\u015fti. L\u00fcbnan\u2019daki \u0130ran destekli \u00f6rg\u00fct Hizbullah da \u0130srail i\u015fgali alt\u0131ndaki Golan Tepelerine iki ayr\u0131 roket sald\u0131r\u0131s\u0131 d\u00fczenlediklerini vurgulam\u0131\u015ft\u0131. <\/strong><\/span><\/p>\n<p><span style=\"font-family: arial;\"><strong>ABD Ba\u015fkan\u0131 Joe Biden, ABD g\u00fc\u00e7lerinin, \u0130ran taraf\u0131ndan yollanan S\u0130HA ve f\u00fczelerin \u201cneredeyse tamam\u0131n\u0131n imhas\u0131 i\u00e7in\u201d \u0130srail\u2019e yard\u0131mc\u0131 oldu\u011funu a\u00e7\u0131klam\u0131\u015ft\u0131. Biden ayr\u0131ca, \u00fclkesinin sald\u0131r\u0131dan \u00f6nce b\u00f6lgeye sava\u015f u\u00e7aklar\u0131 ve gemileri kayd\u0131rd\u0131\u011f\u0131n\u0131 vurgulam\u0131\u015ft\u0131. \u0130ngiltere Ba\u015fbakan\u0131 Rishi Sunak, Kraliyet Hava Kuvvetleri&#8217;ne ait Typhoon tipi sava\u015f u\u00e7aklar\u0131n\u0131n baz\u0131 \u0130ran S\u0130HA\u2019lar\u0131n\u0131 imha etti\u011fini do\u011frulam\u0131\u015ft\u0131. \u0130srail\u2019le bar\u0131\u015f anla\u015fmas\u0131 bulunan, ancak ayn\u0131 zamanda \u0130srail\u2019in Gazze\u2019deki sald\u0131r\u0131lar\u0131n\u0131 k\u0131nayan \u00dcrd\u00fcn\u2019de ise kabine, vatanda\u015flar\u0131n\u0131n g\u00fcvenli\u011fi i\u00e7in hava sahas\u0131na giren baz\u0131 u\u00e7an cisimleri imha ettiklerini duyurmu\u015flard\u0131. \u0130srail Ordusu, Fransa\u2019n\u0131n da hava sahas\u0131n\u0131n devriyesine yard\u0131mc\u0131 oldu\u011funu aktarm\u0131\u015ft\u0131.<\/strong><\/span><\/p>\n<p><span style=\"font-family: arial;\"><strong>\u0130srail\u2019in: \u201c\u0130ran&#8217;a, Uygun Zamanda Kar\u015f\u0131l\u0131k Verece\u011fiz!\u201d Uyar\u0131s\u0131!<\/strong><\/span><\/p>\n<p><span style=\"font-family: arial;\"><strong>\u0130srail Sava\u015f Kabinesi \u00fcyesi Benny Gantz, \u0130ran\u2019\u0131n \u0130srail\u2019e y\u00f6nelik sald\u0131r\u0131s\u0131na \u201cuygun zaman ve \u015fekilde\u201d kar\u015f\u0131l\u0131k vereceklerini hat\u0131rlatm\u0131\u015ft\u0131. \u0130srail Cumhurba\u015fkan\u0131 Isaac Herzog da, \u0130ran&#8217;\u0131n sald\u0131r\u0131s\u0131 sonras\u0131 &#8220;t\u00fcm se\u00e7enekleri de\u011ferlendirdiklerini&#8221; a\u00e7\u0131klam\u0131\u015ft\u0131. Siyonist Gantz, \u0130ran\u2019a kar\u015f\u0131 b\u00f6lgesel bir koalisyon kuracaklar\u0131n\u0131 belirterek, \u201cBize uygun olacak \u015fekil ve zamanda \u0130ran\u2019a bedelini \u00f6detece\u011fiz.\u201d ifadelerini kullanm\u0131\u015ft\u0131. \u0130srail medyas\u0131 ise Gantz\u2019\u0131n bu a\u00e7\u0131klamas\u0131n\u0131, \u0130srail\u2019den \u0130ran\u2019a kar\u015f\u0131 <em>\u201ch\u0131zl\u0131 bir misilleme yap\u0131lmas\u0131n\u0131 desteklemedi\u011fi\u201d<\/em> y\u00f6n\u00fcnde yorumlam\u0131\u015ft\u0131.<\/strong><\/span><\/p>\n<p><span style=\"font-family: arial;\"><strong>\u0130srail Sava\u015f Kabinesi Toplanm\u0131\u015ft\u0131<\/strong><\/span><\/p>\n<p><span style=\"font-family: arial;\"><strong>\u0130srail medyas\u0131nda yer alan haberlere g\u00f6re, \u0130srail Ba\u015fbakan\u0131 Binyamin Netanyahu, Tel Aviv\u2019de Sava\u015f Kabinesi \u00fcyeleriyle toplanm\u0131\u015ft\u0131. \u0130srail G\u00fcvenlik Kabinesi; \u0130ran sald\u0131r\u0131lar\u0131na y\u00f6nelik yan\u0131t\u0131n, Sava\u015f Kabinesi&#8217;nce al\u0131nmas\u0131n\u0131 kararla\u015ft\u0131rm\u0131\u015ft\u0131. Sava\u015f Kabinesi&#8217;nde, Netanyahu&#8217;nun yan\u0131 s\u0131ra Savunma Bakan\u0131 Yoav Gallant ve ana muhalefet lideri Benny Gantz yer almaktayd\u0131.<\/strong><\/span><\/p>\n<p><span style=\"font-family: arial;\"><strong>Herzog\u2019un: <em>\u201cT\u00fcm Se\u00e7enekleri De\u011ferlendiriyoruz!\u201d<\/em> \u00c7\u0131k\u0131\u015f\u0131<\/strong><\/span><\/p>\n<p><span style=\"font-family: arial;\"><strong>\u0130srail Cumhurba\u015fkan\u0131 Isaac Herzog, \u0130ngiliz Sky News televizyonuna, \u0130ran&#8217;\u0131n hava sald\u0131r\u0131lar\u0131na ili\u015fkin a\u00e7\u0131klama yapm\u0131\u015ft\u0131. \u0130ran&#8217;\u0131n \u0130srail&#8217;e y\u00f6nelik sald\u0131r\u0131s\u0131n\u0131 &#8220;sava\u015f ilan\u0131&#8221; olarak nitelendiren Herzog, <em>&#8220;itidalli olduklar\u0131, (\u0130ran ile \u00e7at\u0131\u015fman\u0131n) yans\u0131malar\u0131n\u0131 bildikleri ve ortaklar\u0131yla m\u00fczakereleri oldu\u011fu i\u00e7in t\u00fcm se\u00e7enekleri de\u011ferlendirdiklerini&#8221;<\/em> a\u00e7\u0131klam\u0131\u015ft\u0131.<\/strong><\/span><\/p>\n<p><span style=\"font-family: arial;\"><strong>ABD Bas\u0131n\u0131n\u0131n: <em>\u201cBiden Yalan S\u00f6yl\u00fcyor!\u201d<\/em> \u0130syan\u0131<\/strong><\/span><\/p>\n<p><span style=\"font-family: arial;\"><strong>Biden y\u00f6netimi \u2018sava\u015f yok\u2019 dedik\u00e7e, \u0130srail-Hamas sava\u015f\u0131 daha \u015fimdiden 16 \u00fclkeye yay\u0131lm\u0131\u015f durumdayd\u0131. \u0130ran&#8217;\u0131n \u0130srail&#8217;e y\u00f6nelik misilleme sald\u0131r\u0131lar\u0131 Irak, \u00dcrd\u00fcn, Suudi Arabistan ve di\u011ferlerini kapsayan Amerika liderli\u011findeki b\u00f6lgesel bir sava\u015f\u0131n ba\u015flad\u0131\u011f\u0131n\u0131n kan\u0131t\u0131yd\u0131! Ortado\u011fu&#8217;daki b\u00f6lgesel sava\u015f \u015fu anda en az 16 farkl\u0131 \u00fclkeyi kaps\u0131yor ve \u0130ran topraklar\u0131ndan \u0130srail&#8217;e y\u00f6nelik ilk sald\u0131r\u0131lar\u0131 da i\u00e7eriyor, ancak ABD daha geni\u015f bir sava\u015f olmad\u0131\u011f\u0131 konusunda \u0131srar etmeye devam ediyor ve ABD, askeri kat\u0131l\u0131m\u0131n\u0131n boyutunu gizliyordu. Yine de \u0130ran&#8217;\u0131n 13 Nisan 2024\u2019te ger\u00e7ekle\u015ftirdi\u011fi insans\u0131z hava arac\u0131 ve f\u00fcze sald\u0131r\u0131lar\u0131na kar\u015f\u0131l\u0131k olarak ABD en az sekiz \u00fclkeden u\u00e7aklar u\u00e7urup hava savunma f\u00fczeleri f\u0131rlat\u0131rken, \u0130ran ve vekilleri; Irak, Suriye ve Yemen&#8217;den silahlar ate\u015flenmeye ba\u015flam\u0131\u015ft\u0131.<\/strong><\/span><\/p>\n<p><span style=\"font-family: arial;\"><strong>Siyonist medya, b\u00f6lgesel sava\u015f\u0131n yokmu\u015f gibi g\u00f6sterilmesinde su\u00e7 orta\u011f\u0131yd\u0131. New York Times, \u00e7at\u0131\u015fman\u0131n \u00e7oktan yay\u0131ld\u0131\u011f\u0131ndan habersiz bir \u015fekilde &#8220;Biden, \u0130srail&#8217;in ba\u015far\u0131l\u0131 savunmas\u0131n\u0131n ard\u0131ndan gerilimin t\u0131rmanmas\u0131n\u0131 \u00f6nlemeye \u00e7al\u0131\u015f\u0131yor&#8221; diye hayk\u0131rm\u0131\u015ft\u0131. The Economist, &#8220;\u0130ran, \u0130srail&#8217;e sald\u0131rarak geni\u015f \u00e7apl\u0131 bir b\u00f6lgesel sava\u015f riskini g\u00f6ze ald\u0131.&#8221; diye yazm\u0131\u015ft\u0131. NBC ise Beyaz Saray&#8217;\u0131n yalan\u0131n\u0131 tekrarlayarak &#8220;Baz\u0131 \u00fcst d\u00fczey ABD&#8217;li yetkililer, \u0130srail&#8217;in \u0130ran&#8217;\u0131n e\u015fi benzeri g\u00f6r\u00fclmemi\u015f insans\u0131z hava arac\u0131 ve f\u00fcze sald\u0131r\u0131lar\u0131na sert kar\u015f\u0131l\u0131k vermesinden ve ABD&#8217;nin de dahil olabilece\u011fi daha geni\u015f \u00e7apl\u0131 bir b\u00f6lgesel \u00e7at\u0131\u015fmay\u0131 k\u0131\u015fk\u0131rtmas\u0131ndan korkuyor&#8221; diyerek ger\u00e7ekleri saklam\u0131\u015ft\u0131.<\/strong><\/span><\/p>\n<p><span style=\"font-family: arial;\"><strong>\u0130srail\u2019de, ABD\u2019nin Gizli Askeri \u00dcss\u00fc Vard\u0131! <\/strong><\/span><\/p>\n<p><span style=\"font-family: arial;\"><strong>\u0130srail\u2019i <\/strong><strong>savunma a\u011f\u0131n\u0131n bir par\u00e7as\u0131 olar<\/strong><strong>ak<\/strong><strong> Patriot ve Terminal Y\u00fcksek \u0130rtifa Alan Savunmas\u0131 uzun menzilli karadan havaya f\u00fcze bataryalar\u0131; Irak, Kuveyt, Birle\u015fik Arap Emirlikleri, Katar, Suudi Arabistan, \u00dcrd\u00fcn ve \u0130srail&#8217;deki gizli &#8220;Site 512&#8221; kod adl\u0131 ABD \u00fcss\u00fcnde konu\u015fland\u0131r\u0131lm\u0131\u015ft\u0131. Bu varl\u0131klar -Kuveyt, \u00dcrd\u00fcn, Birle\u015fik Arap Emirlikleri, Katar ve Suudi Arabistan&#8217;da bulunan ABD u\u00e7aklar\u0131yla birlikte- \u0130srail (ve kendi b\u00f6lgesel \u00fcsleri) \u00fczerinde bir kubbe olu\u015fturmak \u00fczere birbirleriyle ileti\u015fim kurmak ve i\u015f birli\u011fi yapmak \u00fczere programlanm\u0131\u015ft\u0131. Bahreyn gibi di\u011fer \u00fclkeler de bu a\u011f\u0131n bir par\u00e7as\u0131 olmak i\u00e7in Patriot f\u00fczeleri sat\u0131n al\u0131rken, \u0130ngiltere de b\u00f6lgesel sava\u015f a\u011f\u0131yla yak\u0131ndan ba\u011flant\u0131l\u0131yd\u0131.<\/strong><\/span><\/p>\n<p><span style=\"font-family: arial;\"><strong>Bu Gemiler B\u00f6lgesel Sava\u015f \u0130\u00e7in Haz\u0131rlanm\u0131\u015ft\u0131! <\/strong><\/span><\/p>\n<p><span style=\"font-family: arial;\"><strong>Suriye\u2019deki \u0130ran B\u00fcy\u00fckel\u00e7ili\u011fine sald\u0131r\u0131 ve \u00dcrd\u00fcn\u2019deki Amerikan \u00fcss\u00fcne \u0130ran destekli milislerin sald\u0131r\u0131lar\u0131, Biden\u2019\u0131n Ulusal G\u00fcvenlik Dan\u0131\u015fman\u0131 Jake Sullivan\u2019\u0131n; \u2018Ortado\u011fu b\u00f6lgesi yirmi y\u0131ld\u0131r olmad\u0131\u011f\u0131 kadar sakin\u2019 s\u00f6z\u00fcn\u00fc yalanlamaktayd\u0131. Biden y\u00f6netiminin, sava\u015f\u0131n Gazze\u2019nin \u00f6tesine uzand\u0131\u011f\u0131n\u0131 reddetmesi aldatmacayd\u0131.<\/strong><\/span><\/p>\n<p><span style=\"font-family: arial;\"><strong>ABD ve \u0130srail, Yanda\u015f \u00dclkeleri de Katarak \u0130ran\u2019a Ani Bir Sald\u0131r\u0131 Haz\u0131rl\u0131\u011f\u0131ndayd\u0131.<\/strong><\/span><\/p>\n<p><span style=\"font-family: arial;\"><strong>Birle\u015fmi\u015f Milletler G\u00fcvenlik Konseyi\u2019nde \u0130ran-\u0130srail Tart\u0131\u015fmas\u0131<\/strong><\/span><\/p>\n<p><span style=\"font-family: arial;\"><strong>Birle\u015fmi\u015f Milletler G\u00fcvenlik Konseyi, \u0130srail \u00e7a\u011fr\u0131s\u0131 \u00fczerine acilen toplanm\u0131\u015ft\u0131. Toplant\u0131da Birle\u015fmi\u015f Milletler Daimi \u00dcyesi 5 devlet aras\u0131nda gerilim ya\u015fanm\u0131\u015ft\u0131. ABD, \u0130ngiltere ve Fransa; \u0130ran&#8217;\u0131 k\u0131nay\u0131p \u0130srail&#8217;e destek verirken, Rusya ile \u00c7in temsilcileri ise \u0130srail&#8217;in \u0130ran&#8217;\u0131n \u015eam misyonunu vurmas\u0131na neden tepki g\u00f6sterilmedi\u011fini sorgulam\u0131\u015ft\u0131. Ve tabi hepsi rol icab\u0131yd\u0131!<\/strong><\/span><\/p>\n<p><span style=\"font-family: arial;\"><strong>Hakan Fidan\u2019\u0131n Ayar\u0131 ve Amac\u0131!<\/strong><\/span><\/p>\n<p><span style=\"font-family: arial;\"><strong>T\u00fcrkiye\u2019nin,<\/strong><strong> \u0130ran ve \u0130srail\u2019i kar\u015f\u0131 kar\u015f\u0131ya getiren bunal\u0131m s\u00fcresince izledi\u011fi politikan\u0131n iki temel boyutu vard\u0131. Bu kapsamda verdi\u011fi en \u00f6nemli uyar\u0131, \u0130srail-Hamas sava\u015f\u0131n\u0131n \u201cb\u00f6lgesel sava\u015fa d\u00f6nme\u201d tehlikesinin \u00e7ok da uzak olmad\u0131\u011f\u0131yd\u0131. D\u0131\u015fi\u015fleri Bakanl\u0131\u011f\u0131\u2019ndan 14 Nisan 2024 g\u00fcn\u00fc yap\u0131lan a\u00e7\u0131klamada, <em>\u201c\u0130srail\u2019in Gazze\u2019de s\u00fcrd\u00fcrd\u00fc\u011f\u00fc sava\u015f\u0131n yay\u0131lma ve t\u0131rmanma riski bar\u0131nd\u0131rd\u0131\u011f\u0131na dair uyar\u0131lar\u0131m\u0131z\u0131 uzun s\u00fcredir t\u00fcm muhataplar\u0131m\u0131za hat\u0131rlatmaktay\u0131z. \u0130srail\u2019in, \u0130ran\u2019\u0131n \u015eam B\u00fcy\u00fckel\u00e7ili\u011fine ger\u00e7ekle\u015ftirdi\u011fi uluslararas\u0131 hukuka ayk\u0131r\u0131 sald\u0131r\u0131, kayg\u0131lar\u0131m\u0131z\u0131 hakl\u0131 \u00e7\u0131karm\u0131\u015ft\u0131r. \u0130ran\u2019\u0131n bu sald\u0131r\u0131ya yapt\u0131\u011f\u0131 misilleme ve takip eden geli\u015fmeler, olaylar\u0131n h\u0131zl\u0131 bi\u00e7imde b\u00f6lgesel bir sava\u015fa d\u00f6n\u00fc\u015febilece\u011fini bir kez daha g\u00f6stermi\u015ftir\u201d<\/em> g\u00f6r\u00fc\u015f\u00fc aktar\u0131lm\u0131\u015ft\u0131.<\/strong><\/span><\/p>\n<p><span style=\"font-family: arial;\"><strong>D\u0131\u015fi\u015fleri Bakan\u0131 Fidan, ge\u00e7en aylarda yapt\u0131\u011f\u0131 a\u00e7\u0131klamalarda, insanl\u0131\u011f\u0131n Gazze\u2019de bir yol ayr\u0131m\u0131na geldi\u011fini, buradan <em>\u201cya daha b\u00fcy\u00fck bir sava\u015f ya da b\u00fcy\u00fck bir bar\u0131\u015f \u00e7\u0131kaca\u011f\u0131n\u0131\u201d<\/em> vurgulam\u0131\u015f, T\u00fcrkiye\u2019nin tercihinin bar\u0131\u015f oldu\u011funu tekrarlam\u0131\u015ft\u0131.<\/strong><\/span><\/p>\n<p><span style=\"font-family: arial;\"><strong>Blinken\u2019dan Fidan\u2019a Te\u015fekk\u00fcr Mesaj\u0131!<\/strong><\/span><\/p>\n<p><span style=\"font-family: arial;\"><strong>Ankara-Washington hatt\u0131ndaki diyalog, \u0130ran\u2019\u0131n sald\u0131r\u0131s\u0131n\u0131n tamamlanmas\u0131ndan sonra da tekrarlanm\u0131\u015ft\u0131. D\u0131\u015fi\u015fleri Bakan\u0131 Fidan, 14 Nisan\u2019da \u0130ran D\u0131\u015fi\u015fleri Bakan\u0131 H\u00fcseyin Emir Abdullahiyan ile g\u00f6r\u00fc\u015ft\u00fckten sonra ABD D\u0131\u015fi\u015fleri Bakan\u0131 Blinken ile bir kez daha telefonda g\u00f6r\u00fc\u015f al\u0131\u015fveri\u015finde bulunmu\u015flard\u0131. Diplomatik kaynaklar\u0131n verdi\u011fi bilgiye g\u00f6re Fidan, \u0130ranl\u0131 muhatab\u0131na <em>T\u00fcrkiye\u2019nin, \u0130srail\u2019e y\u00f6nelik misillemenin ard\u0131ndan b\u00f6lgede daha fazla gerilimin t\u0131rmanmas\u0131n\u0131 istemedi\u011fini <\/em>hat\u0131rlatm\u0131\u015ft\u0131. Abdullahiyan da Fidan\u2019a <em>\u201cOperasyonun sona erdi\u011fi, \u0130srail yeni bir sald\u0131r\u0131 ger\u00e7ekle\u015ftirmezse harek\u00e2ta ge\u00e7meyece\u011fini\u201d<\/em> aktarm\u0131\u015ft\u0131.<\/strong><\/span><\/p>\n<p><span style=\"font-family: arial;\"><strong>Aslen Yahudi olan ve Siyonist \u0130srail\u2019e hizmetk\u00e2rl\u0131ktan gurur duyan ABD D\u0131\u015f Bakan\u0131 <em>Blinken\u2019\u0131n, Hakan Fidan\u2019a oynad\u0131\u011f\u0131 rol i\u00e7in te\u015fekk\u00fcr etmesi;<\/em> bunlar\u0131n, kimlerin piyonu olduklar\u0131n\u0131n kan\u0131t\u0131yd\u0131.<\/strong><\/span><\/p>\n<p><span style=\"font-family: arial;\"><strong>Zaten, M\u0130T ile CIA Aras\u0131nda Kritik Bir G\u00f6r\u00fc\u015fme Yap\u0131lm\u0131\u015ft\u0131!<\/strong><\/span><\/p>\n<p><span style=\"font-family: arial;\"><strong>G\u00fcvenlik kaynaklar\u0131ndan al\u0131nan bilgiye g\u00f6re CIA Ba\u015fkan\u0131 Burns, bayramda M\u0130T Ba\u015fkan\u0131 Kal\u0131n&#8217;\u0131 arayarak \u0130ran-\u0130srail gerginli\u011finde arabulucu olmas\u0131 ricas\u0131n\u0131 aktarm\u0131\u015ft\u0131. Ayr\u0131ca ABD D\u0131\u015fi\u015fleri Bakan\u0131 Blinken&#8217;\u0131n Hakan Fidan ile g\u00f6r\u00fc\u015ft\u00fc\u011f\u00fc \u00f6\u011frenilirken, D\u0131\u015fi\u015fleri M\u00fcste\u015far\u0131 John Bass&#8217;\u0131n T\u00fcrkiye&#8217;ye gelece\u011fi anla\u015f\u0131lm\u0131\u015ft\u0131. D\u0131\u015fi\u015fleri Bakan\u0131 Hakan Fidan, ABD D\u0131\u015fi\u015fleri Bakan\u0131 Antony Blinken ile bir telefon g\u00f6r\u00fc\u015fmesi yapm\u0131\u015ft\u0131. G\u00f6r\u00fc\u015fmede, \u0130ran\u2019\u0131n \u0130srail\u2019e y\u00f6nelik misilleme sald\u0131r\u0131s\u0131 sonras\u0131nda b\u00f6lgedeki mevcut durum ele al\u0131nm\u0131\u015ft\u0131. Bakan Fidan, b\u00f6lgedeki krizin t\u0131rmanma ve yay\u0131lma ihtimalinden endi\u015fe duyuldu\u011funu vurgulam\u0131\u015ft\u0131.<\/strong><\/span><\/p>\n<p><span style=\"font-family: arial;\"><strong>John Bass\u2019\u0131n T\u00fcrkiye&#8217;de Ne \u0130\u015fi Vard\u0131?<\/strong><\/span><\/p>\n<p><span style=\"font-family: arial;\"><strong>Bu arada ABD D\u0131\u015fi\u015fleri Bakanl\u0131\u011f\u0131 \u0130dari \u0130\u015fler M\u00fcste\u015far\u0131 ve Siyasi \u0130\u015fler M\u00fcste\u015far Vekili John Bass, Bakan Yard\u0131mc\u0131s\u0131 B\u00fcy\u00fckel\u00e7i Burak Ak\u00e7apar&#8217;\u0131n daveti \u00fczerine 15-16 Nisan 2024 tarihlerinde T\u00fcrkiye\u2019ye u\u011fram\u0131\u015ft\u0131. Ziyarette D\u0131\u015fi\u015fleri Bakan\u0131 Hakan Fidan, ABD D\u0131\u015fi\u015fleri Bakan\u0131n\u0131n e\u015f ba\u015fkanl\u0131klar\u0131nda 7-8 Mart 2024 tarihlerinde d\u00fczenlenen 7. T\u00fcrkiye-ABD Stratejik Mekanizma toplant\u0131s\u0131nda kararla\u015ft\u0131r\u0131lan hususlar dahil, ikili ili\u015fkiler, Gazze&#8217;deki g\u00fcncel geli\u015fmeler, b\u00f6lgesel ve uluslararas\u0131 konular\u0131n g\u00f6r\u00fc\u015f\u00fclmesi kararla\u015ft\u0131r\u0131lm\u0131\u015ft\u0131.<\/strong><\/span><\/p>\n<p><span style=\"font-family: arial;\"><strong>\u0130ran \u2018Misillemesi\u2019 T\u00fcrk Bas\u0131n\u0131n\u0131 \u0130kiye Ay\u0131rm\u0131\u015ft\u0131; Kimi Destek \u00c7\u0131km\u0131\u015f, Kimi &#8216;Tiyatro&#8217; Benzetmesi Yapm\u0131\u015ft\u0131!<\/strong><\/span><\/p>\n<p><span style=\"font-family: arial;\"><strong>\u0130ran&#8217;\u0131n \u0130srail&#8217;e d\u00fczenledi\u011fi &#8216;drone&#8217; operasyonu T\u00fcrk bas\u0131n\u0131n\u0131 ikiye ay\u0131rm\u0131\u015ft\u0131&#8230; Kimi gazeteler operasyonu &#8220;tiyatro&#8221; ve &#8220;fiyasko&#8221; olarak tan\u0131mlarken kimi gazeteler man\u015fetten \u0130ran&#8217;a destek \u00e7\u0131km\u0131\u015ft\u0131. <\/strong><\/span><\/p>\n<p><span style=\"font-family: arial;\"><strong>Yeni \u015eafak gazetesi <\/strong><strong>operasyonu man\u015fetine bile ta\u015f\u0131mam\u0131\u015ft\u0131&#8230; Birinci sayfas\u0131nda yer alan operasyon haberine &#8220;320 f\u00fcze 1 yaral\u0131&#8221; ba\u015fl\u0131\u011f\u0131n\u0131 atan Yeni \u015eafak, sald\u0131r\u0131da yaralanan k\u0131z \u00e7ocu\u011funun da \u0130srail&#8217;in savunma f\u00fczeleri nedeniyle yaraland\u0131\u011f\u0131n\u0131 hat\u0131rlatm\u0131\u015ft\u0131&#8230;<\/strong><\/span><\/p>\n<p><span style=\"font-family: arial;\"><strong>T\u00fcrkiye gazetesi, <\/strong><strong>&#8220;\u0130ran&#8217;\u0131n &#8216;Ger\u00e7ek Vaat&#8217; operasyonu &#8216;bo\u015f vaat&#8217; operasyonu \u00e7\u0131kt\u0131&#8221; yorumunu yapm\u0131\u015ft\u0131. &#8220;Sava\u015f Tiyatrosu&#8221; man\u015fetiyle \u00e7\u0131kan T\u00fcrkiye gazetesinin haberinde &#8220;\u0130HA&#8217;lar\u0131n tamam\u0131n\u0131n havada yok edildi\u011fi&#8221; vurgulanm\u0131\u015ft\u0131. <\/strong><strong>Akit gazetesi<\/strong> <strong>de operasyon i\u00e7in &#8220;Tam bir fiyasko&#8221; ifadesini kullanm\u0131\u015ft\u0131. Akit, &#8220;Hi\u00e7bir stratejik hedefi vuramad\u0131lar&#8221; yorumunu yazm\u0131\u015ft\u0131. Nurcu <\/strong><strong>Yeni Asya<\/strong> <strong>gazetesi ise man\u015fet haberine &#8220;Misilleme \u0130srail&#8217;e yarad\u0131&#8221; ba\u015fl\u0131\u011f\u0131n\u0131 atm\u0131\u015ft\u0131.<\/strong><\/span><\/p>\n<p><span style=\"font-family: arial;\"><strong>Ak\u015fam gazetesi <\/strong><strong>&#8220;Tahran, ABD&#8217;de zay\u0131flayan \u0130srail deste\u011fini g\u00fc\u00e7lendirdi&#8221; yorumunu yaparken, man\u015fetine &#8220;\u0130ran vurmu\u015f gibi yapt\u0131&#8221; ba\u015fl\u0131\u011f\u0131yla \u00e7\u0131km\u0131\u015ft\u0131. <\/strong><strong>Sabah gazetesi<\/strong> <strong>man\u015fetinde &#8220;\u0130srail yeni katliama zemin haz\u0131rl\u0131yor&#8221; derken benzer \u015fekilde, &#8220;Netanyahu&#8217;ya geni\u015f manevra alan\u0131 a\u00e7\u0131ld\u0131&#8221; yorumunu yapm\u0131\u015ft\u0131. <\/strong><\/span><\/p>\n<p><span style=\"font-family: arial;\"><strong>Erdo\u011fan \u015fak\u015fak\u00e7\u0131s\u0131 Ayd\u0131nl\u0131k gazetesi ise <\/strong><strong><em>&#8220;\u0130ran mazlumlar\u0131n yumru\u011fu oldu&#8221;<\/em><\/strong><strong> derken<\/strong><strong>, Milli Gazete<\/strong><strong> &#8220;\u0130srail&#8217;e at\u0131lan her ta\u015f k\u0131ymetlidir&#8221; man\u015fetiyle yay\u0131mlanm\u0131\u015f ve dengeli bir ba\u015fl\u0131k atm\u0131\u015ft\u0131. <\/strong><strong>Yeni Mesaj<\/strong> <strong>gazetesi ise <em>&#8220;\u0130ran dedi\u011fini yapt\u0131&#8221;<\/em> diye kendilerini avutmu\u015flard\u0131.<\/strong><\/span><\/p>\n<p><span style=\"font-family: arial;\"><strong>\u0130ran\u2019\u0131n \u201cAy\u0131p Savma ve Halk\u0131n\u0131 Avutma\u201d Operasyonlar\u0131!<\/strong><\/span><\/p>\n<p><span style=\"font-family: arial;\"><strong>Hat\u0131rlay\u0131n\u0131z; \u0130srail, \u0130ran&#8217;\u0131n \u015eam&#8217;daki konsolosluk binas\u0131na 1 Nisan 2024\u2019te havadan sald\u0131rm\u0131\u015ft\u0131. Sald\u0131r\u0131da \u0130ran Devrim Muhaf\u0131zlar\u0131 Ordusundan ikisi General 7 ki\u015fi \u00f6lm\u00fc\u015ft\u00fc. \u0130ran ise; <em>bu sald\u0131r\u0131n\u0131n \u00fclkesinin topraklar\u0131na sald\u0131r\u0131 anlam\u0131na geldi\u011fini ve misillemede bulunacaklar\u0131n\u0131<\/em> a\u00e7\u0131klam\u0131\u015ft\u0131. Ve \u0130ran, 13 Nisan\u2019da \u0130srail&#8217;e kamikaze insans\u0131z hava ara\u00e7lar\u0131, balistik ve seyir f\u00fczesiyle sald\u0131r\u0131 yapm\u0131\u015ft\u0131. \u0130srail kamu yay\u0131n kurulu\u015fu KAN&#8217;\u0131n haberine g\u00f6re \u0130ran, yakla\u015f\u0131k 100 balistik f\u00fcze, 30 seyir f\u00fczesi ve 160 kamikaze \u0130HA yollam\u0131\u015ft\u0131. Bu, \u0130ran&#8217;\u0131n \u0130srail&#8217;e y\u00f6nelik ilk do\u011frudan sald\u0131r\u0131s\u0131yd\u0131. Yabanc\u0131 analistlere g\u00f6re \u0130ran bunu &#8216;s\u0131n\u0131rl\u0131 ve dikkatle ayarlanm\u0131\u015f bir sald\u0131r\u0131&#8217; olarak tan\u0131mlam\u0131\u015ft\u0131. \u0130ran, sald\u0131r\u0131n\u0131n t\u00fcm hedeflerine ula\u015ft\u0131\u011f\u0131n\u0131 ve 1 Nisan&#8217;da \u015eam&#8217;da \u0130ranl\u0131 komutanlar\u0131n \u00f6ld\u00fcr\u00fcld\u00fc\u011f\u00fc sald\u0131r\u0131ya yan\u0131t oldu\u011funu s\u00f6ylese de asl\u0131nda bu harek\u00e2t tam bir fiyaskoyla sonu\u00e7lanm\u0131\u015ft\u0131. <\/strong><\/span><\/p>\n<p><span style=\"font-family: arial;\"><strong>BBC&#8217;nin haberine g\u00f6re Chatham House&#8217;da yard\u0131mc\u0131 ara\u015ft\u0131rmac\u0131 olarak g\u00f6rev yapan Dr. Lina Khatib, BBC Radio 5 Live&#8217;a verdi\u011fi deme\u00e7te, \u0130ran&#8217;\u0131n sald\u0131r\u0131s\u0131n\u0131n <\/strong><strong><em>&#8220;d\u00fcnyan\u0131n tan\u0131k olmas\u0131n\u0131 istedi\u011fi bir t\u00fcr g\u00f6steri&#8221;<\/em><\/strong><strong> oldu\u011fu yorumunu payla\u015fm\u0131\u015ft\u0131. Dr. Khatib, sald\u0131r\u0131n\u0131n &#8220;y\u00fcksek koreografili&#8221; ve &#8220;asl\u0131nda olduk\u00e7a s\u0131n\u0131rl\u0131&#8221; oldu\u011funu aktarm\u0131\u015ft\u0131. Khatip, \u0130ran&#8217;\u0131n misillemeyi &#8220;hesaplanm\u0131\u015f&#8221; olarak de\u011ferlendirdi\u011fine dair bir a\u00e7\u0131klama yapt\u0131\u011f\u0131na at\u0131fta bulunup <em>&#8220;Bu da g\u00f6steriyor ki \u0130ran, \u0130srail&#8217;e do\u011frudan kar\u015f\u0131l\u0131k vermi\u015f gibi g\u00f6r\u00fcnmek i\u00e7in \u00e7ok g\u00fc\u00e7l\u00fc bir mesaj g\u00f6ndermek istiyor ama ayn\u0131 zamanda meselenin daha fazla t\u0131rmanmas\u0131n\u0131 da kesinlikle istemiyor&#8221;<\/em> ifadesini kullanm\u0131\u015ft\u0131. <\/strong><\/span><\/p>\n<p><span style=\"font-family: arial;\"><strong>Sonu\u00e7 olarak: <\/strong><\/span><\/p>\n<p><span style=\"font-family: arial;\"><strong>Bir yandan Tahran y\u00f6netimi daha g\u00fc\u00e7l\u00fc bir sald\u0131r\u0131 ile tehditler savurarak yeni bir denklemden bahsederken, di\u011fer yandan da uluslararas\u0131 itidal \u00e7a\u011fr\u0131lar\u0131 yap\u0131lmaktayd\u0131.<\/strong><\/span><\/p>\n<p><span style=\"font-family: arial;\"><strong>\u0130srail sava\u015f\u0131 nedeniyle Gazze&#8217;nin g\u00fcneyine g\u00f6\u00e7 etmek zorunda kalan Filistinlilerin bir k\u0131sm\u0131 Gazze \u015eeridi&#8217;nin kuzeyindeki yerlerine geri d\u00f6nmeye ba\u015flam\u0131\u015ft\u0131. \u0130srail, cumartesiyi pazara ba\u011flayan gece 300&#8217;den fazla seyir f\u00fczesi, balistik f\u00fcze ve insans\u0131z hava arac\u0131 (\u0130HA) ile ger\u00e7ekle\u015ftirilen \u0130ran sald\u0131r\u0131s\u0131na nas\u0131l kar\u015f\u0131l\u0131k verece\u011fini planlamaktayd\u0131. Washington\u2019\u0131n; Tel Aviv y\u00f6netimine kar\u015f\u0131l\u0131k vermemesini tavsiye ederken, ayn\u0131 zamanda b\u00f6yle bir \u015fey olursa buna kat\u0131lmayaca\u011f\u0131n\u0131 da vurgulamas\u0131, \u0130ran\u2019\u0131 ve d\u00fcnyay\u0131 oyalama ama\u00e7l\u0131yd\u0131.<\/strong><\/span><\/p>\n<p><span style=\"font-family: arial;\"><strong>Binyamin Netanyahu h\u00fck\u00fcmeti, kendisini b\u00fcy\u00fck bir kar\u015f\u0131l\u0131k vermesi i\u00e7in a\u015f\u0131r\u0131 sa\u011fc\u0131lar\u0131n bask\u0131s\u0131 ile Tel Aviv&#8217;de Tahran&#8217;a kar\u015f\u0131 b\u00f6lgesel bir koalisyon kurma aray\u0131\u015f\u0131na ba\u015flam\u0131\u015ft\u0131.<\/strong><\/span><\/p>\n<p><span style=\"font-family: arial;\"><strong>Tahran y\u00f6netimi ise <em>\u0130srail&#8217;in \u015eam&#8217;daki \u0130ran Konsoloslu\u011funu hedef almas\u0131na verdi\u011fi askeri yan\u0131t\u0131n sona erdi\u011fini<\/em> a\u00e7\u0131klam\u0131\u015ft\u0131. Ancak \u0130ran Cumhurba\u015fkan\u0131 \u0130brahim Reisi, \u0130srail&#8217;in herhangi bir pervas\u0131z yan\u0131t\u0131n\u0131n daha g\u00fc\u00e7l\u00fc ve daha kararl\u0131 bir kar\u015f\u0131l\u0131k gerektirece\u011fi uyar\u0131s\u0131 yapm\u0131\u015ft\u0131. \u0130ran D\u0131\u015fi\u015fleri Bakan\u0131 H\u00fcseyin Emir Abdullahiyan yabanc\u0131 diplomatlara, <em>\u201c\u0130ran\u2019\u0131n \u0130srail&#8217;deki mesk\u00fbn ya da ekonomik birimleri hedef almad\u0131\u011f\u0131n\u0131 ve operasyonlar\u0131n\u0131n noktasal oldu\u011funu\u201d<\/em> vurgulamas\u0131 ve \u00f6z\u00fcr diler tavr\u0131 tak\u0131nmas\u0131 enteresand\u0131. <\/strong><strong>Bizim kanaatimize g\u00f6re; her \u015feye ra\u011fmen, f\u0131rsat\u0131n\u0131 bulunca, Siyonist \u0130srail, ABD ve AB \u00fclkelerinin de deste\u011fi ile \u0130ran\u2019a sald\u0131racaklard\u0131. Ama \u0130ran ve T\u00fcrkiye\u2019de ya\u015fanacak zihniyet de\u011fi\u015fimleri sonucu, bu sefer Kuduz \u0130srail\u2019e ciddi ve tarihi bir sald\u0131r\u0131 ba\u015flat\u0131lacak ve bu \u00e7\u0131banba\u015f\u0131 ortadan kald\u0131r\u0131lacakt\u0131!?<\/strong><\/span><\/p>\t\t\t\t\t\t\t\t<\/div>\n\t\t\t\t<\/div>\n\t\t\t\t<div class=\"elementor-element elementor-element-39651e3 satir-basi siyah-link elementor-widget elementor-widget-text-editor\" data-id=\"39651e3\" data-element_type=\"widget\" data-widget_type=\"text-editor.default\">\n\t\t\t\t<div class=\"elementor-widget-container\">\n\t\t\t\t\t\t\t\t\t<p>\u00a0<\/p><p><span style=\"font-family: arial;\"><a href=\"#_ftnref1\" name=\"_ftn1\">[1]<\/a> 7.11.2023 &#8211; www.indyturk.com<\/span><\/p><p><span style=\"font-family: arial;\"><a href=\"#_ftnref2\" name=\"_ftn2\">[2]<\/a> 14.04.2024 &#8211; www.diken.com.tr<\/span><\/p>\t\t\t\t\t\t\t\t<\/div>\n\t\t\t\t<\/div>\n\t\t\t\t\t<\/div>\n\t\t<\/div>\n\t\t\t\t\t<\/div>\n\t\t<\/section>\n\t\t\t\t<\/div>\n\t\t","protected":false},"excerpt":{"rendered":"<p>\u0130RAN HALKI KARARLI VE S\u0130YON\u0130ZM\u2019E KAR\u015eIDIR AMA MEVCUT \u0130KT\u0130DAR, \u015eOV KAHRAMANIDIR!.. \u0130RAN HALKI KARARLI VE S\u0130YON\u0130ZM\u2019E KAR\u015eIDIR AMA MEVCUT \u0130KT\u0130DAR, \u015eOV KAHRAMANIDIR!.. 13 Nisan 2024\u2019te \u0130ran\u2019\u0131n \u0130srail\u2019e g\u00fcya y\u00fczlerce \u0130HA ve potansiyel f\u00fczeler f\u0131rlatmas\u0131n\u0131n; k\u00fc\u00e7\u00fck d\u00fc\u015f\u00fcr\u00fcc\u00fc ve d\u00fc\u015f\u00fcnd\u00fcr\u00fcc\u00fc sonu\u00e7lar\u0131 kafa kar\u0131\u015ft\u0131r\u0131c\u0131d\u0131r! Konunun anla\u015f\u0131lmas\u0131 i\u00e7in \u015fu tespitlerin yap\u0131lmas\u0131 laz\u0131md\u0131r: 1- \u00d6ncelikle; \u0130ran\u2019\u0131n sald\u0131r\u0131s\u0131 Filistin&#8217;e de\u011fil, \u0130srail&#8217;e [&hellip;]<\/p>\n","protected":false},"author":4,"featured_media":0,"comment_status":"open","ping_status":"closed","sticky":false,"template":"","format":"standard","meta":{"footnotes":""},"categories":[6706],"tags":[272,1906,6278,6306,6438,6669,6684,6685,6686],"class_list":["post-18625","post","type-post","status-publish","format-standard","hentry","category-mayis-2024","tag-israil","tag-iran","tag-filistin","tag-erdogan","tag-netanyahu","tag-siha","tag-dron-saldirisi","tag-fuze","tag-hakan-fidan"],"_links":{"self":[{"href":"https:\/\/www.millicozum.com\/mc\/wp-json\/wp\/v2\/posts\/18625","targetHints":{"allow":["GET"]}}],"collection":[{"href":"https:\/\/www.millicozum.com\/mc\/wp-json\/wp\/v2\/posts"}],"about":[{"href":"https:\/\/www.millicozum.com\/mc\/wp-json\/wp\/v2\/types\/post"}],"author":[{"embeddable":true,"href":"https:\/\/www.millicozum.com\/mc\/wp-json\/wp\/v2\/users\/4"}],"replies":[{"embeddable":true,"href":"https:\/\/www.millicozum.com\/mc\/wp-json\/wp\/v2\/comments?post=18625"}],"version-history":[{"count":0,"href":"https:\/\/www.millicozum.com\/mc\/wp-json\/wp\/v2\/posts\/18625\/revisions"}],"wp:attachment":[{"href":"https:\/\/www.millicozum.com\/mc\/wp-json\/wp\/v2\/media?parent=18625"}],"wp:term":[{"taxonomy":"category","embeddable":true,"href":"https:\/\/www.millicozum.com\/mc\/wp-json\/wp\/v2\/categories?post=18625"},{"taxonomy":"post_tag","embeddable":true,"href":"https:\/\/www.millicozum.com\/mc\/wp-json\/wp\/v2\/tags?post=18625"}],"curies":[{"name":"wp","href":"https:\/\/api.w.org\/{rel}","templated":true}]}}