{"id":1863,"date":"2010-07-22T15:10:15","date_gmt":"2010-07-22T15:10:15","guid":{"rendered":"https:\/\/www.millicozum.com\/mc\/2010\/07\/22\/zamane-halki\/"},"modified":"2010-07-22T15:10:15","modified_gmt":"2010-07-22T15:10:15","slug":"zamane-halki","status":"publish","type":"post","link":"https:\/\/www.millicozum.com\/mc\/2010\/agustos-2010\/zamane-halki\/","title":{"rendered":"ZAMANE HALKI"},"content":{"rendered":"<p>Nank\u00f6rl\u00fck, h\u0131yanet, alm\u0131\u015f y\u00fcr\u00fcm\u00fc\u015f<\/p>\n<p>Ab\u0131 hayat sunsam, zehir a\u015f derler!<\/p>\n<p>\u0130z\u2019an insaf kalkm\u0131\u015f, ahlak \u00e7\u00fcr\u00fcm\u00fc\u015f<\/p>\n<p>Yakut elmas versem, \u00e7ak\u0131l ta\u015f derler!<\/p>\n<p>\u00a0<\/p>\n<p>\u0130nsanlar\u0131 bozan, k\u00f6t\u00fc niyettir<\/p>\n<p>Merhametten maraz, do\u011far hayrettir<\/p>\n<p>Aleme yaranmak, bo\u015fa gayrettir<\/p>\n<p>S\u0131rt\u0131nda ta\u015f\u0131san, dur yava\u015f derler!<\/p>\n<p>\u00a0<\/p>\n<p>Rabbine yak\u0131n ol, \u015feytana \u0131rak<\/p>\n<p>\u0130slam\u2019a hadim ol, Kur\u2019an\u2019a \u00e7\u0131rak<\/p>\n<p>Sen vicdanl\u0131 davran, devran\u0131 b\u0131rak<\/p>\n<p>Gonca g\u00fcl taksan da, bu ha\u015fha\u015f derler!<\/p>\n<p>\u00a0<\/p>\n<p>\u015ea\u015fa hor gelirmi\u015f, t\u00fcrl\u00fc \u00e7i\u00e7ekler<\/p>\n<p>Canavar g\u00f6r\u00fcn\u00fcr, b\u00f6rt\u00fc b\u00f6cekler<\/p>\n<p>Namerde yedirsen, taze \u00e7ilekler<\/p>\n<p>Bu kartla\u015fm\u0131\u015f; sanki, yetmi\u015f ya\u015f derler!<\/p>\n<p>\u00a0<\/p>\n<p>Tek ge\u00e7im kayna\u011f\u0131, hile s\u00f6m\u00fcr\u00fc<\/p>\n<p>Sen bo\u015fa harcama, servet \u00f6m\u00fcr\u00fc<\/p>\n<p>Kimine ho\u015f gelir, \u00c7ingen k\u00f6m\u00fcr\u00fc<\/p>\n<p>Bak g\u00f6zleri zeytin, karaka\u015f derler!<\/p>\n<p>\u00a0<\/p>\n<p>Kazanc\u0131na haram, yalan katana<\/p>\n<p>Vicdan onurunu, ucuz satana<\/p>\n<p>Kart bir \u00f6k\u00fcz gibi, yiyip yatana<\/p>\n<p>Hikmet keramet var, \u201ca\u011f\u0131r ba\u015f\u201d derler<\/p>\n<p>\u00a0<\/p>\n<p>Kafas\u0131 t\u00fcrbanl\u0131, kalbi haspad\u0131r<\/p>\n<p>Hainlerin sonu, zindan sehpad\u0131r<\/p>\n<p>Yahudiler gibi, kahpe kaypakt\u0131r<\/p>\n<p>\u201cSen Rabbinle birlik, git sava\u015f\u201d derler!<\/p>\n<p>\u00a0<\/p>\n","protected":false},"excerpt":{"rendered":"<p>Nank\u00f6rl\u00fck, h\u0131yanet, alm\u0131\u015f y\u00fcr\u00fcm\u00fc\u015f<\/p>\n<p>Ab\u0131 hayat sunsam, zehir a\u015f derler!<\/p>\n<p>\u0130z\u2019an insaf kalkm\u0131\u015f, ahlak \u00e7\u00fcr\u00fcm\u00fc\u015f<\/p>\n<p>Yakut elmas versem, \u00e7ak\u0131l ta\u015f derler!<\/p>\n","protected":false},"author":59,"featured_media":0,"comment_status":"open","ping_status":"closed","sticky":false,"template":"","format":"standard","meta":{"footnotes":""},"categories":[112],"tags":[],"class_list":["post-1863","post","type-post","status-publish","format-standard","hentry","category-agustos-2010"],"_links":{"self":[{"href":"https:\/\/www.millicozum.com\/mc\/wp-json\/wp\/v2\/posts\/1863","targetHints":{"allow":["GET"]}}],"collection":[{"href":"https:\/\/www.millicozum.com\/mc\/wp-json\/wp\/v2\/posts"}],"about":[{"href":"https:\/\/www.millicozum.com\/mc\/wp-json\/wp\/v2\/types\/post"}],"author":[{"embeddable":true,"href":"https:\/\/www.millicozum.com\/mc\/wp-json\/wp\/v2\/users\/59"}],"replies":[{"embeddable":true,"href":"https:\/\/www.millicozum.com\/mc\/wp-json\/wp\/v2\/comments?post=1863"}],"version-history":[{"count":0,"href":"https:\/\/www.millicozum.com\/mc\/wp-json\/wp\/v2\/posts\/1863\/revisions"}],"wp:attachment":[{"href":"https:\/\/www.millicozum.com\/mc\/wp-json\/wp\/v2\/media?parent=1863"}],"wp:term":[{"taxonomy":"category","embeddable":true,"href":"https:\/\/www.millicozum.com\/mc\/wp-json\/wp\/v2\/categories?post=1863"},{"taxonomy":"post_tag","embeddable":true,"href":"https:\/\/www.millicozum.com\/mc\/wp-json\/wp\/v2\/tags?post=1863"}],"curies":[{"name":"wp","href":"https:\/\/api.w.org\/{rel}","templated":true}]}}