{"id":18638,"date":"2024-05-01T15:05:25","date_gmt":"2024-05-01T12:05:25","guid":{"rendered":"https:\/\/www.millicozum.com\/mc\/?p=18638"},"modified":"2024-10-20T21:48:24","modified_gmt":"2024-10-20T18:48:24","slug":"yerel-secim-sonuclari-ve-gelecegin-ipuclari-2","status":"publish","type":"post","link":"https:\/\/www.millicozum.com\/mc\/2024\/mayis-2024\/yerel-secim-sonuclari-ve-gelecegin-ipuclari-2\/","title":{"rendered":"YEREL SE\u00c7\u0130M SONU\u00c7LARI  VE GELECE\u011e\u0130N \u0130PU\u00c7LARI"},"content":{"rendered":"\t\t<div data-elementor-type=\"wp-post\" data-elementor-id=\"18638\" class=\"elementor elementor-18638\" data-elementor-settings=\"{&quot;element_pack_global_tooltip_width&quot;:{&quot;unit&quot;:&quot;px&quot;,&quot;size&quot;:&quot;&quot;,&quot;sizes&quot;:[]},&quot;element_pack_global_tooltip_width_tablet&quot;:{&quot;unit&quot;:&quot;px&quot;,&quot;size&quot;:&quot;&quot;,&quot;sizes&quot;:[]},&quot;element_pack_global_tooltip_width_mobile&quot;:{&quot;unit&quot;:&quot;px&quot;,&quot;size&quot;:&quot;&quot;,&quot;sizes&quot;:[]},&quot;element_pack_global_tooltip_padding&quot;:{&quot;unit&quot;:&quot;px&quot;,&quot;top&quot;:&quot;&quot;,&quot;right&quot;:&quot;&quot;,&quot;bottom&quot;:&quot;&quot;,&quot;left&quot;:&quot;&quot;,&quot;isLinked&quot;:true},&quot;element_pack_global_tooltip_padding_tablet&quot;:{&quot;unit&quot;:&quot;px&quot;,&quot;top&quot;:&quot;&quot;,&quot;right&quot;:&quot;&quot;,&quot;bottom&quot;:&quot;&quot;,&quot;left&quot;:&quot;&quot;,&quot;isLinked&quot;:true},&quot;element_pack_global_tooltip_padding_mobile&quot;:{&quot;unit&quot;:&quot;px&quot;,&quot;top&quot;:&quot;&quot;,&quot;right&quot;:&quot;&quot;,&quot;bottom&quot;:&quot;&quot;,&quot;left&quot;:&quot;&quot;,&quot;isLinked&quot;:true},&quot;element_pack_global_tooltip_border_radius&quot;:{&quot;unit&quot;:&quot;px&quot;,&quot;top&quot;:&quot;&quot;,&quot;right&quot;:&quot;&quot;,&quot;bottom&quot;:&quot;&quot;,&quot;left&quot;:&quot;&quot;,&quot;isLinked&quot;:true},&quot;element_pack_global_tooltip_border_radius_tablet&quot;:{&quot;unit&quot;:&quot;px&quot;,&quot;top&quot;:&quot;&quot;,&quot;right&quot;:&quot;&quot;,&quot;bottom&quot;:&quot;&quot;,&quot;left&quot;:&quot;&quot;,&quot;isLinked&quot;:true},&quot;element_pack_global_tooltip_border_radius_mobile&quot;:{&quot;unit&quot;:&quot;px&quot;,&quot;top&quot;:&quot;&quot;,&quot;right&quot;:&quot;&quot;,&quot;bottom&quot;:&quot;&quot;,&quot;left&quot;:&quot;&quot;,&quot;isLinked&quot;:true}}\" data-elementor-post-type=\"post\">\n\t\t\t\t\t\t<section class=\"elementor-section elementor-top-section elementor-element elementor-element-63ddb012 elementor-section-boxed elementor-section-height-default elementor-section-height-default\" data-id=\"63ddb012\" data-element_type=\"section\">\n\t\t\t\t\t\t<div class=\"elementor-container elementor-column-gap-default\">\n\t\t\t\t\t<div class=\"elementor-column elementor-col-100 elementor-top-column elementor-element elementor-element-6268ddc6\" data-id=\"6268ddc6\" data-element_type=\"column\">\n\t\t\t<div class=\"elementor-widget-wrap elementor-element-populated\">\n\t\t\t\t\t\t<div class=\"elementor-element elementor-element-4b67f98 elementor-widget elementor-widget-heading\" data-id=\"4b67f98\" data-element_type=\"widget\" data-widget_type=\"heading.default\">\n\t\t\t\t<div class=\"elementor-widget-container\">\n\t\t\t\t\t<h3 class=\"elementor-heading-title elementor-size-default\">YEREL SE\u00c7\u0130M SONU\u00c7LARI  <br>VE <br>GELECE\u011e\u0130N \u0130PU\u00c7LARI<\/h3>\t\t\t\t<\/div>\n\t\t\t\t<\/div>\n\t\t\t\t<div class=\"elementor-element elementor-element-aab5ee6 elementor-widget elementor-widget-shortcode\" data-id=\"aab5ee6\" data-element_type=\"widget\" data-widget_type=\"shortcode.default\">\n\t\t\t\t<div class=\"elementor-widget-container\">\n\t\t\t\t\t\t\t<div class=\"elementor-shortcode\"> <div class=\"lyte-wrapper-audio\" style=\"width:420px;max-width:100%;overflow:hidden;height:38px;margin:5px auto;\"><div class=\"lyMe lyte-audio\" id=\"WYL_VWsDQ9TTzvw\"><div id=\"lyte_VWsDQ9TTzvw\" data-src=\"https:\/\/www.millicozum.com\/mc\/wp-content\/plugins\/wp-youtube-lyte\/lyteCache.php?origThumbUrl=%2F%2Fi.ytimg.com%2Fvi%2FVWsDQ9TTzvw%2Fhqdefault.jpg\" class=\"pL\"><div class=\"tC\"><div class=\"tT\"><\/div><\/div><div class=\"play\"><\/div><div class=\"ctrl\"><div class=\"Lctrl\"><\/div><div class=\"Rctrl\"><\/div><\/div><\/div><noscript><a href=\"https:\/\/youtu.be\/VWsDQ9TTzvw\" rel=\"nofollow\"><img decoding=\"async\" src=\"https:\/\/www.millicozum.com\/mc\/wp-content\/plugins\/wp-youtube-lyte\/lyteCache.php?origThumbUrl=https%3A%2F%2Fi.ytimg.com%2Fvi%2FVWsDQ9TTzvw%2F0.jpg\" alt=\"YouTube video thumbnail\" width=\"420\" height=\"18\" \/><br \/>Watch this video on YouTube<\/a><\/noscript><\/div><\/div><div class=\"lL\" style=\"max-width:100%;width:420px;margin:5px auto;\"><\/div><\/div>\n\t\t\t\t\t\t<\/div>\n\t\t\t\t<\/div>\n\t\t\t\t<div class=\"elementor-element elementor-element-17b731a8 satir-basi siyah-link elementor-widget elementor-widget-text-editor\" data-id=\"17b731a8\" data-element_type=\"widget\" data-widget_type=\"text-editor.default\">\n\t\t\t\t<div class=\"elementor-widget-container\">\n\t\t\t\t\t\t\t\t\t<p style=\"text-align: justify;\"><span style=\"font-family: arial;\"><strong>AKP neden olduk\u00e7a a\u011f\u0131r kay\u0131plar ya\u015fam\u0131\u015ft\u0131?<\/strong><\/span><\/p><p style=\"text-align: justify;\"><span style=\"font-family: arial;\"><strong>\u0130stanbul, Ankara ve \u0130zmir B\u00fcy\u00fck\u015fehir Belediyelerini elinde tutmay\u0131 ba\u015faran CHP, AKP\u2019nin elinden 3 b\u00fcy\u00fck\u015fehir ve 7 il merkez belediyesini daha alm\u0131\u015ft\u0131. MHP, Yeniden Refah Partisi (YRP) ile DEM Parti de AKP\u2019den 2\u2019\u015fer il al\u0131rken; AKP&#8217;den \u0130Y\u0130 Parti ile B\u00fcy\u00fck Birlik Partisi&#8217;ne de birer il ge\u00e7mi\u015f durumdayd\u0131. 2019 yerel se\u00e7iminde T\u00fcrkiye genelinde oylar\u0131n %44,33\u2019\u00fcn\u00fc alan AKP\u2019nin, 2024 mahalli idareler se\u00e7imindeki toplam oy oran\u0131n\u0131n %35,48\u2019e d\u00fc\u015fmesi, asl\u0131nda sonun ba\u015flang\u0131c\u0131yd\u0131. \u00dcstad Ahmet Akg\u00fcl, bu uyar\u0131lar\u0131n\u0131 2016 y\u0131l\u0131nda yazd\u0131\u011f\u0131 <\/strong><strong>\u201cBa\u015fkanl\u0131k Muammas\u0131 ve \u00c7arklar\u0131n T\u0131kanmas\u0131\u201d <\/strong><strong>kitab\u0131nda a\u00e7\u0131k y\u00fcreklilikle ve cesaretle g\u00fcndeme ta\u015f\u0131m\u0131\u015ft\u0131. \u0130\u015fte Erdo\u011fan iktidar\u0131na kaybettiren bu yerel se\u00e7imler, halk\u0131m\u0131z\u0131n kesin ve keskin bir uyar\u0131 notas\u0131yd\u0131!<\/strong><\/span><\/p><p style=\"text-align: justify;\"><span style=\"font-family: arial;\"><strong>Se\u00e7im sonu\u00e7lar\u0131n\u0131 de\u011ferlendiren uzmanlar, AKP\u2019ye destekte g\u00f6r\u00fclen d\u00fc\u015f\u00fc\u015f\u00fcn ekonomik krizin yan\u0131 s\u0131ra parti kadrolar\u0131ndaki de\u011fi\u015fim ile yerelde se\u00e7menden kopu\u015ftan kaynakland\u0131\u011f\u0131n\u0131 s\u00f6yl\u00fcyorlard\u0131.<\/strong><\/span><\/p><p style=\"text-align: justify;\"><span style=\"font-family: arial;\"><strong>Kiral\u0131k uzmanlar se\u00e7im sonu\u00e7lar\u0131n\u0131 analiz ederken <em>\u201cekonomik krize ra\u011fmen Erdo\u011fan\u2019\u0131 ve AKP\u2019yi desteklemeye devam eden yakla\u015f\u0131k %35,5\u2019lik bir se\u00e7men kitlesi oldu\u011funu\u201d<\/em> s\u00f6ylese de durum \u00e7ok farkl\u0131yd\u0131.<\/strong><\/span><\/p><p style=\"text-align: justify;\"><span style=\"font-family: arial;\"><strong>ABD&#8217;deki Middlebury College&#8217;da Siyaset Bilimi B\u00f6l\u00fcm\u00fc \u00d6\u011fretim \u00dcyesi Do\u00e7. Dr. \u015eebnem G\u00fcm\u00fc\u015f\u00e7\u00fc, <em>&#8220;\u00c7ok b\u00fcy\u00fck bir yoksulla\u015fma var, gelir da\u011f\u0131l\u0131mlar\u0131nda u\u00e7urumlar olu\u015fuyor, insanlar \u00f6zellikle b\u00fcy\u00fck\u015fehirlerde faturalar\u0131n\u0131 ve kiralar\u0131n\u0131 \u00f6deyemiyor, \u00e7ocuklar\u0131n\u0131 okula a\u00e7 g\u00f6nderiyorlar. Parti te\u015fkilatlar\u0131n\u0131n yolsuzlu\u011fa bula\u015fm\u0131\u015f olmas\u0131 da yerelde \u00e7ok net g\u00f6zlemleniyor.&#8221; <\/em>tespitinde bulunuyorlard\u0131.<\/strong><\/span><\/p><p style=\"text-align: justify;\"><span style=\"font-family: arial;\"><strong>\u00c7\u00fcnk\u00fc Erdo\u011fan \u0130ktidar\u0131nca:<\/strong><\/span><\/p><p><span style=\"font-family: arial;\"><strong> \u2022Yanda\u015f TV\u2019lerde, mutlaka ve b\u00fcy\u00fck farkla kazanacaklar\u0131 propagandas\u0131 yap\u0131lmas\u0131na\u2026 <\/strong><\/span><\/p><p><span style=\"font-family: arial;\"><strong> \u2022T\u00fcm devlet imk\u00e2nlar\u0131n\u0131n ve kadrolar\u0131n\u0131n hoyrat\u00e7a kullan\u0131lmas\u0131na\u2026<\/strong><\/span><\/p><p><span style=\"font-family: arial;\"><strong> \u2022AKP\u2019ye oy vermeyen il ve il\u00e7elerin devlet deste\u011finden mahrum b\u0131rak\u0131laca\u011f\u0131 \u015fantaj\u0131n\u0131n pompalanmas\u0131na ra\u011fmen ancak %34 oy alabiliyorsa\u2026<\/strong><\/span><\/p><p><span style=\"font-family: arial;\"><strong> \u2022\u00dcstelik bu oylarda Cumhur \u0130ttifak\u0131 MHP\u2019nin de \u00f6nemli bir pay\u0131 varsa, normal \u015fartlarda girece\u011fi bir se\u00e7imden ancak %17 oy alaca\u011f\u0131n\u0131 s\u00f6ylemek yerinde olacakt\u0131. \u015eimdi %17\u2019lik bir partinin ve ba\u015f\u0131ndaki \u015fahsiyetin h\u00e2l\u00e2 iktidarda kalmas\u0131 siyasi etike ne kadar uygun say\u0131l\u0131rd\u0131?<\/strong><\/span><\/p><p style=\"text-align: justify;\"><span style=\"font-family: arial;\"><strong>Din istismarc\u0131s\u0131 AKP sona yakla\u015fm\u0131\u015ft\u0131<\/strong><\/span><\/p><p style=\"text-align: justify;\"><span style=\"font-family: arial;\"><strong>Hen\u00fcz se\u00e7imin \u00fczerinden iki g\u00fcn ge\u00e7mesine ra\u011fmen karanl\u0131k eller devreye sokulmu\u015flard\u0131. Van\u2019da DEM Parti\u2019nin kazand\u0131\u011f\u0131 se\u00e7imi, \u0130l Se\u00e7im Kurulu ge\u00e7ersiz sayarak mazbatay\u0131 AKP aday\u0131na uzatm\u0131\u015ft\u0131. Neyse ki, yap\u0131lan itiraz \u00fczerine Y\u00fcksek Se\u00e7im Kurulu bu haks\u0131zl\u0131\u011f\u0131 ortadan kald\u0131rm\u0131\u015ft\u0131. AKP ve DEM Parti esasen m\u00fcttefik olduklar\u0131 halde, \u015fimdi apa\u00e7\u0131k bir dan\u0131\u015f\u0131kl\u0131 d\u00f6v\u00fc\u015f oynamalar\u0131n\u0131n sebebi ne olayd\u0131? Cumhur \u0130ttifak\u0131 se\u00e7imi kazanmak i\u00e7in kesenin a\u011fz\u0131n\u0131 a\u00e7\u0131p, devletin t\u00fcm kaynaklar\u0131n\u0131 kuruttuklar\u0131ndan -baz\u0131 bas\u0131nda yaz\u0131lanlara g\u00f6re- maa\u015flar\u0131 dahi \u00f6deyemeyecek durumdalard\u0131.<\/strong><\/span><\/p><p style=\"text-align: justify;\"><span style=\"font-family: arial;\"><strong>Zaten AKP, her i\u015fini dan\u0131\u015f\u0131kl\u0131 d\u00f6v\u00fc\u015fle y\u00fcr\u00fctmenin ustas\u0131yd\u0131.<\/strong><\/span><\/p><p style=\"text-align: justify;\"><span style=\"font-family: arial;\"><strong>Jerusalem Post gazetesinin haberine g\u00f6re, Tel Aviv\u2019deki T\u00fcrkiye B\u00fcy\u00fckel\u00e7ili\u011finin Cumhurba\u015fkan\u0131 Erdo\u011fan\u2019\u0131n <em>\u201cT\u00fcrkiye\u2019deki yerel se\u00e7imlerdeki siyasi kayg\u0131lar\u201d<\/em> nedeniyle \u0130srail\u2019e sald\u0131rd\u0131\u011f\u0131n\u0131; T\u00fcrkiye\u2019nin kapal\u0131 kap\u0131lar ard\u0131nda \u0130srail\u2019le ili\u015fkilerini geli\u015ftirmek niyetinde oldu\u011fu yaz\u0131lm\u0131\u015ft\u0131. Maariv gazetesine dayand\u0131r\u0131lan habere g\u00f6re; Cumhurba\u015fkan\u0131 Recep T. Erdo\u011fan, Gazze sava\u015f\u0131 ba\u015flad\u0131\u011f\u0131ndan beri s\u00f6ylem d\u00fczeyinde Siyonist rejimini hedef alsa da asl\u0131nda \u0130srail\u2019le diplomatik ili\u015fkileri geli\u015ftirmek amac\u0131ndayd\u0131.<\/strong><\/span><\/p><p style=\"text-align: justify;\"><span style=\"font-family: arial;\"><strong>Se\u00e7im s\u00fcrecinde miting meydanlar\u0131nda Erdo\u011fan\u2019\u0131n<em>, \u201cNetanyahu ve y\u00f6netimi, Gazze\u2019de i\u015fledikleri insanl\u0131k su\u00e7lar\u0131yla, bug\u00fcn\u00fcn Nazileri gibi isimlerini Hitler, Mussolini ve Stalin\u2019in yan\u0131na yaz\u0131yorlar\u201d<\/em> demesinin ard\u0131ndan, T\u00fcrkiye\u2019nin Tel Aviv B\u00fcy\u00fckel\u00e7i Yard\u0131mc\u0131s\u0131, \u0130srail D\u0131\u015fi\u015fleri Bakan\u0131 Yisrael Katz taraf\u0131ndan \u00e7a\u011fr\u0131lm\u0131\u015f ve uyar\u0131lm\u0131\u015ft\u0131. Habere g\u00f6re T\u00fcrk B\u00fcy\u00fckel\u00e7i Yard\u0131mc\u0131s\u0131, \u0130srail D\u0131\u015fi\u015fleri Bakanl\u0131\u011f\u0131 M\u00fcste\u015far\u0131 Jacob Blitstein\u2019a, <\/strong><strong><em>\u2018Erdo\u011fan\u2019\u0131n \u0130srail\u2019e kar\u015f\u0131 sert s\u00f6yleminin T\u00fcrkiye\u2019deki yerel se\u00e7imlerle ilgili siyasi kayg\u0131lar\u0131ndan kaynakland\u0131\u011f\u0131n\u0131\u2019<\/em><\/strong><strong> aktarm\u0131\u015ft\u0131.<\/strong><\/span><\/p><p style=\"text-align: justify;\"><span style=\"font-family: arial;\"><strong>B\u00fcy\u00fckel\u00e7i Yard\u0131mc\u0131s\u0131, se\u00e7imlerden sonra T\u00fcrkiye\u2019nin \u0130srail ile ili\u015fkilerini geli\u015ftirmeye ba\u015flayaca\u011f\u0131n\u0131, bunun i\u00e7in de sava\u015f\u0131n ba\u015f\u0131nda \u0130srail\u2019e geri \u00e7a\u011fr\u0131lan \u0130srail B\u00fcy\u00fckel\u00e7isinin geri g\u00f6nderilmesi ve T\u00fcrkiye\u2019nin Tel Aviv B\u00fcy\u00fckel\u00e7isinin de geri d\u00f6nmesi gerekti\u011fini vurgulam\u0131\u015ft\u0131.<a href=\"#_ftn1\" name=\"_ftnref1\">[1]<\/a><\/strong><\/span><\/p><p style=\"text-align: justify;\"><span style=\"font-family: arial;\"><strong>Velhas\u0131l; Milli \u00c7\u00f6z\u00fcm Dergisi = \u00dcstad Ahmet Akg\u00fcl\u2019\u00fcn y\u0131llard\u0131r yaz\u0131p s\u00f6yledi\u011fi her \u015fey bir bir \u00e7\u0131km\u0131\u015ft\u0131, \u00e7\u0131kmaktayd\u0131 ve \u00e7\u0131kacakt\u0131. Son olarak \u00e7\u0131kacak iki geli\u015fme; \u0130SRA\u0130L\u2019\u0130N ve AKP\u2019nin YIKILI\u015eI kalm\u0131\u015ft\u0131.<\/strong><\/span><\/p><p style=\"text-align: justify;\"><span style=\"font-family: arial;\"><strong>T\u00fcrkiye\u2019nin bu karanl\u0131k zihniyetin elinden tek kurtulu\u015f ve \u00e7\u0131k\u0131\u015f yolu kalm\u0131\u015ft\u0131. O \u00e7\u0131k\u0131\u015f yolunu ise Aziz Erbakan Hocam\u0131z bir bas\u0131n toplant\u0131s\u0131nda \u015fu s\u00f6zlerle ifade etmi\u015flerdi:<\/strong><\/span><\/p><p style=\"text-align: justify;\"><span style=\"font-family: arial;\"><strong>\u00a0<\/strong><strong><em>\u201cBak\u0131n size kesinlikle ifade ediyorum ki: T\u00dcRK\u0130YE\u2019N\u0130N KURTULU\u015eU; Milli \u00c7\u00f6z\u00fcm\u2019e inanan bir Cumhurba\u015fkan\u0131\u2019n\u0131n o makama oturmas\u0131, Milli \u00c7\u00f6z\u00fcm\u2019e inanan bir H\u00fck\u00fcmet\u2019in kurulmas\u0131 ve yeni bir devrin ba\u015flamas\u0131yla m\u00fcmk\u00fcnd\u00fcr!\u201d<\/em><\/strong><\/span><\/p><p style=\"text-align: justify;\"><span style=\"font-family: arial;\"><strong>06 Mart 2024 Sn. Recep T. Erdo\u011fan\u2019\u0131n; EL\u00c2ZI\u011e M\u0130T\u0130NG\u0130NDEN \u201cG\u00fcld\u00fcr\u00fcrken D\u00fc\u015f\u00fcnd\u00fcren\u201d Notlar Aktarm\u0131\u015ft\u0131k! <\/strong><\/span><\/p><p style=\"text-align: justify;\"><span style=\"font-family: arial;\"><strong>AKP \u0130l Ba\u015fkan\u0131 \u015eerafettin Y\u0131ld\u0131r\u0131m yapt\u0131\u011f\u0131 konu\u015fmada:<\/strong><\/span><\/p><p style=\"text-align: justify;\"><span style=\"font-family: arial;\"><strong><em>\u201cAk Parti Belediye Ba\u015fkanlar\u0131m\u0131z, sadece sabah 9 <u><sup>00<\/sup><\/u> ak\u015fam 5 <u><sup>00<\/sup><\/u> aras\u0131 de\u011fil, gece-g\u00fcnd\u00fcz devaml\u0131 hizmet \u00fczerindedirler!\u201d<\/em><\/strong><strong> deyince, uzaktan bir k\u00f6\u015fede izleyen, <\/strong><\/span><\/p><p style=\"text-align: justify;\"><span style=\"font-family: arial;\"><strong>Gariban Fikri Emmi: <\/strong><\/span><\/p><p style=\"text-align: justify;\"><span style=\"font-family: arial;\"><strong><em>\u201cDo\u011frudur Beyim\u2026 Sizin Belediye Ba\u015fkanlar\u0131n\u0131z geceleri de her t\u00fcrl\u00fc hizmet oteli i\u015fletmektedir!\u201d<\/em><\/strong><strong> diye m\u0131r\u0131ldanm\u0131\u015ft\u0131.<\/strong><\/span><\/p><p style=\"text-align: justify;\"><span style=\"font-family: arial;\"><strong>Not: Elaz\u0131\u011f Mollakendi AKP\u2019li Belediye Ba\u015fkan\u0131 <\/strong><strong>Mehmet Enis Do\u011fan<\/strong><strong> 24 \u015eubat 2024 tarihinde, i\u015flettikleri otelde fuhu\u015f yapt\u0131rd\u0131klar\u0131 gerek\u00e7esiyle su\u00e7\u00fcst\u00fc bas\u0131l\u0131p tutuklanm\u0131\u015flard\u0131!..<\/strong><\/span><\/p><p style=\"text-align: justify;\"><span style=\"font-family: arial;\"><strong>Bu hizmet otelinde(!) hangi \u00fcst d\u00fczey kodamanlar\u0131 ve i\u015f adamlar\u0131n\u0131 a\u011f\u0131rlad\u0131klar\u0131 ise, sadece ve herhalde kamera kay\u0131tlar\u0131yla ortaya \u00e7\u0131kacakt\u0131!..<\/strong><\/span><\/p><p><span style=\"font-family: arial;\"><strong>\u2022AKP Gn. B\u015fk. Yard\u0131mc\u0131s\u0131 Yusuf Ziya Y\u0131lmaz ise:<\/strong><\/span><\/p><p style=\"text-align: justify;\"><span style=\"font-family: arial;\"><strong><em>\u201cAk Parti \u0130ktidar\u0131, Belediyelere imk\u00e2n sa\u011flamak hususunda asla parti ayr\u0131m\u0131 yapmam\u0131\u015ft\u0131r\u201d<\/em><\/strong><strong> deyince,<\/strong><\/span><\/p><p style=\"text-align: justify;\"><span style=\"font-family: arial;\"><strong>Gariban Fikri Emmi:<\/strong><\/span><\/p><p style=\"text-align: justify;\"><span style=\"font-family: arial;\"><strong><em>\u201cYahu, ne cesaret!.. Bu zat, hem de y\u00fcz\u00fcne kar\u015f\u0131 Sn. Erdo\u011fan\u2019\u0131 yalanc\u0131 \u00e7\u0131karmaktad\u0131r!.. Sn. Ba\u015fkan, ka\u00e7 yerde: <\/em><\/strong><strong>\u2018\u0130ktidara oy yoksa, belediyelere b\u00fct\u00e7eden pay yok!..\u2019 <\/strong><strong><em>anlam\u0131nda tehditler savurmam\u0131\u015f ve halk\u0131m\u0131z\u0131 ikaz buyurmam\u0131\u015flar m\u0131yd\u0131?!.\u201d<\/em><\/strong><strong> diye m\u0131r\u0131ldanm\u0131\u015ft\u0131\u2026<\/strong><\/span><\/p><p><span style=\"font-family: arial;\"><strong> \u2022Sn. Recep T. Erdo\u011fan, konu\u015fmas\u0131n\u0131n bir yerinde:<\/strong><\/span><\/p><p style=\"text-align: justify;\"><span style=\"font-family: arial;\"><strong><em>\u201cBiz vatanda\u015f\u0131m\u0131za hep d\u00fcr\u00fcst ve hasbi davrand\u0131k; asla ger\u00e7ekleri \u00e7arp\u0131tmad\u0131k, oldu\u011fumuzdan farkl\u0131 tav\u0131r tak\u0131nmad\u0131k\u2026 Bak\u0131n\u0131z Gazze\u2019yi ve Filistinli karde\u015flerimizi de yaln\u0131z b\u0131rakmad\u0131k, b\u0131rakmayaca\u011f\u0131z\u2026 B\u00f6lgemizdeki katliamlar\u0131 durdurmak i\u00e7in \u00e7\u0131rp\u0131nmaktay\u0131z\u2026\u201d <\/em><\/strong><strong>dedi\u011fini duyan,<\/strong><\/span><\/p><p style=\"text-align: justify;\"><span style=\"font-family: arial;\"><strong>Gariban Fikri Emmi:<\/strong><\/span><\/p><p style=\"text-align: justify;\"><span style=\"font-family: arial;\"><strong><em>\u201cHerhalde Sn. Ba\u015fkan\u0131n dili s\u00fcr\u00e7mekteydi\u2026 Yoksa, T\u00dc\u0130K\u2019in resmi sitesindeki verilere g\u00f6re, 3,5 ay boyunca \u0130srail\u2019e yakla\u015f\u0131k 900 gemi dolusu; akaryak\u0131t, g\u0131da, su, silah ve m\u00fchimmat malzemesi yollad\u0131klar\u0131n\u0131 s\u00f6yleyecekti\u2026<\/em><\/strong><\/span><\/p><p style=\"text-align: justify;\"><span style=\"font-family: arial;\"><strong><em>Asl\u0131nda Gazzeliler, \u0130srail\u2019in engellemesiyle, a\u00e7l\u0131ktan, susuzluktan, ila\u00e7s\u0131zl\u0131ktan ve fosfor bombalar\u0131ndan k\u0131r\u0131l\u0131p k\u0131vran\u0131rken, AKP\u2019nin Sakarya Mitinginde <\/em><\/strong><strong>\u2018\u0130srail\u2019e yard\u0131m\u0131 kesin!\u2019 <\/strong><strong><em>diye a\u00e7\u0131lan pankartlar\u0131 hemen indiren ve duyarl\u0131 vatanda\u015flar\u0131 sindiren yine kendileri olmaktayd\u0131!?.\u201d<\/em><\/strong><\/span><\/p><p style=\"text-align: justify;\"><span style=\"font-family: arial;\"><strong>Ve sonunda Sn. Erdo\u011fan:<\/strong><\/span><\/p><p style=\"text-align: justify;\"><span style=\"font-family: arial;\"><strong><em>\u201cBu muhalefetin, rant\u0131 bol belediyeleri ille de kazanmak d\u0131\u015f\u0131nda bir gayeleri yoktur!\u201d <\/em><\/strong><strong>deyince, <\/strong><strong>Gariban Fikri Emmi:<\/strong><\/span><\/p><p style=\"text-align: justify;\"><span style=\"font-family: arial;\"><strong><em>\u201cBu y\u00fczden mi, ge\u00e7en se\u00e7imlerde kaybetti\u011finiz \u0130stanbul\u2019da, hilek\u00e2rl\u0131k ve zorbal\u0131kla se\u00e7imleri tekrar ettirdiniz ve daha beter kaybettiniz?.. \u0130stanbul\u2019da rant\u0131n\u0131z kesildi diye mi, b\u00fct\u00fcn Bakanlar\u0131n\u0131z\u0131 ve devlet kurumlar\u0131n\u0131, Sn. KURUM\u2019un \u00f6zel hizmetine verdiniz?\u201d <\/em><\/strong><strong>diye m\u0131r\u0131ldanm\u0131\u015ft\u0131!..<\/strong><\/span><\/p><p style=\"text-align: justify;\"><span style=\"font-family: arial;\"><strong>Se\u00e7im ak\u015fam\u0131na kadar Erdo\u011fan\u2019\u0131n kerametlerini, Cumhur \u0130ttifak\u0131\u2019n\u0131n marifetlerini yaz\u0131p konu\u015fan kiral\u0131k yazar ve yorumcular, \u015fok edici sonu\u00e7lar\u0131 g\u00f6r\u00fcnce mazeretler \u00fcretmeye ba\u015flam\u0131\u015flard\u0131.<\/strong><\/span><\/p><p style=\"text-align: justify;\"><span style=\"font-family: arial;\"><strong>Yeni Akit Yaz\u0131 \u0130\u015fleri M\u00fcd\u00fcr\u00fc Ali Karahasano\u011flu: <\/strong><strong><em>\u201cSa\u011fl\u0131kl\u0131 ve \u00e7ok ak\u0131lc\u0131 davranan insanlar da, zaman zaman ak\u0131l tutulmas\u0131 ya\u015fayabilirler. Hepimiz, zaman zaman ak\u0131l tutulmas\u0131 ya\u015far\u0131z. H\u0131zl\u0131 ve do\u011fru karar alma s\u00fcre\u00e7lerinde, normal \u015fartlarda asla yapmayaca\u011f\u0131m\u0131z yanl\u0131\u015flara, bazen \u2018nas\u0131l oldu, nas\u0131l olabiliyor\u2019 diye sorgulama yapa yapa imza att\u0131\u011f\u0131m\u0131z\/att\u0131\u011f\u0131n\u0131z olur<\/em><\/strong><strong><em>. D\u00fcn de 61 milyon se\u00e7men nezdinde, bir ak\u0131l tutulmas\u0131 ya\u015fand\u0131\u011f\u0131 kanaatindeyim. <\/em><\/strong><strong><em>\u015eu il, bu il \u00f6zelinde s\u00f6ylemiyorum. Tabii ki baz\u0131 illerde ya\u015fanan ak\u0131l tutulmas\u0131n\u0131n, \u00e7ok daha y\u00fcksek dozlu oldu\u011fu kanaatindeyim. Bunlar\u0131n birincisi \u0130stanbul, ikincisi Ankara\u2019d\u0131r&#8230; Ama genel tablo da, bu iki ilden farkl\u0131 de\u011fil. T\u00fcrkiye genelinde foto\u011fraf; \u00fc\u00e7 a\u015fa\u011f\u0131 be\u015f yukar\u0131 ayn\u0131 oldu\u011fu i\u00e7in, t\u00fcm foto\u011frafa bakarak s\u00f6yl\u00fcyorum&#8230; Se\u00e7men, ak\u0131l tutulmas\u0131 ya\u015f\u0131yor!\u201d <\/em><\/strong><strong>Yeni Akit\u00e7ilere g\u00f6re halk Erdo\u011fan\u2019a oy verince ak\u0131ll\u0131, oy vermeyince ak\u0131ls\u0131z say\u0131l\u0131yorlard\u0131.<\/strong><\/span><\/p><p style=\"text-align: justify;\"><span style=\"font-family: arial;\"><strong>Oysa 31 Mart se\u00e7imleri Erdo\u011fan\u2019\u0131n iktidar\u0131na vurulmu\u015f bilin\u00e7li bir darbeydi. Halk; sadece 10 ay \u00f6nce \u00fclkeyi d\u00fcze \u00e7\u0131karmak i\u00e7in b\u00fct\u00fcn yetkileri isteyen Erdo\u011fan\u2019a, 10 ay sonra \u201cHay\u0131r\u201d demi\u015fti. Mesele 10 aday, 20 b\u00f6lge, 30 \u015fehir meselesi de\u011fildi. \u00dclkenin k\u0131rm\u0131z\u0131ya boyanm\u0131\u015f haritas\u0131 bize halk\u0131n bir karar verdi\u011fini s\u00f6ylemekteydi. Halk; bo\u015falan cebinin, kaynamayan tenceresinin, karart\u0131lan gelece\u011finin hesab\u0131n\u0131 kesmeye karar vermi\u015fti. Kendisine en yak\u0131n, en ak\u0131lc\u0131 protesto tercihini g\u00f6stermi\u015fti. Halk\u0131m\u0131z hemen her b\u00f6lgede \u201cErdo\u011fan\u2019a dur\u201d diyece\u011fi se\u00e7eneklere y\u00f6nelmi\u015fti.<\/strong><\/span><\/p><p style=\"text-align: justify;\"><span style=\"font-family: arial;\"><strong>Se\u00e7men 31 Mart se\u00e7imlerinde sadece mesaj vermemi\u015f, \u00f6tesine ge\u00e7mi\u015fti. Haritay\u0131 de\u011fi\u015ftirmi\u015fti\u2026 Akla hayale gelmeyecek \u015fehirleri, b\u00fcy\u00fck\u015fehirleri; Bursa, Ad\u0131yaman, Amasya, Kastamonu ve \u0130stanbul\u2019un il\u00e7elerini CHP\u2019ye teslim ederek siyaseti s\u0131f\u0131rdan dizayn etmi\u015fti. Bu se\u00e7imin ve AKP\u2019nin a\u011f\u0131r yenilgisinin siyasette sars\u0131c\u0131 sonu\u00e7lar\u0131 g\u00f6r\u00fclecektir. AKP, Erdo\u011fan ile birlikte Cumhur \u0130ttifak\u0131 se\u00e7imin mutlak kaybedenidir. Yenilgi, 14\/28 May\u0131s zaferini unutturacak kadar a\u011f\u0131rd\u0131r; telafisi de \u00e7ok \u00e7etindir.<\/strong><\/span><\/p><p style=\"text-align: justify;\"><span style=\"font-family: arial;\"><strong>Karar yazar\u0131 Mehmet Ocaktan: <\/strong><strong>Ve <\/strong><strong><em>\u201cBu \u00fclkede biz ne dersek o olur, kimi hain ya da ter\u00f6rist ilan edersek onun i\u015fi biter\u201d<\/em><\/strong><strong> siyaseti t\u0131kan\u0131p t\u00fckenmi\u015ftir. Dahas\u0131 meydanlarda Gazze\u2019ye selam g\u00f6nderip, ama \u0130srail\u2019e akaryak\u0131t, silah ve m\u00fchimmat ara\u00e7lar\u0131, g\u0131da ve ila\u00e7 ta\u015f\u0131yan gemiler g\u00f6nderen siyasi anlay\u0131\u015f\u0131 se\u00e7men sand\u0131kta yenilgiye mahk\u00fbm etmi\u015ftir. Bu \u00fclkede siyaset yapan herkes bilmeli ki halk\u0131n iradesini k\u00fc\u00e7\u00fcmseyen, kutsal de\u011ferler \u00fczerinden b\u00fct\u00fcn toplumu \u2018s\u00fcr\u00fc\u2019ye d\u00f6n\u00fc\u015ft\u00fcrebilece\u011fini d\u00fc\u015f\u00fcnen politika oyunlar\u0131 iflas etmi\u015ftir.<\/strong><\/span><\/p><p style=\"text-align: justify;\"><span style=\"font-family: arial;\"><strong>Peki iktidar bu se\u00e7im sonucundan ders \u00e7\u0131karmas\u0131n\u0131 gerektirecek bir yola girer mi? sanm\u0131yorum. Zira bug\u00fcnden itibaren (bir erken se\u00e7im olmazsa) 4 y\u0131l 3 ay yeni bir se\u00e7im olmayaca\u011f\u0131ndan ve iktidardakilerin hesap verece\u011fi bir ortam bulunmayaca\u011f\u0131ndan, vatanda\u015f a\u00e7\u0131s\u0131ndan durumun daha da k\u00f6t\u00fcle\u015fmesi, iktidar\u0131n vatanda\u015f\u0131n can\u0131n\u0131 s\u0131kacak ac\u0131 re\u00e7etelere y\u00f6nelmesi muhtemeldir. Bu da sorunlar\u0131 daha da derinle\u015ftirecek ve bir hukuki m\u00fcdahale ka\u00e7\u0131n\u0131lmaz hale gelecektir.<\/strong><\/span><\/p><p style=\"text-align: justify;\"><span style=\"font-family: arial;\"><strong>Anayasa Mahkemesi&#8217;nden fla\u015f kayy\u0131m karar\u0131!<\/strong><\/span><\/p><p style=\"text-align: justify;\"><span style=\"font-family: arial;\"><strong>\u0130\u00e7i\u015fleri Bakanl\u0131\u011f\u0131&#8217;n\u0131n <em>\u201cdernek organlar\u0131n\u0131 ge\u00e7ici olarak g\u00f6revden alma, derne\u011fin faaliyetini durdurma ve y\u00f6netimine kayy\u0131m atanmas\u0131na\u201d<\/em> izin veren kanunun AYM taraf\u0131ndan iptal edilmesi bunun bir habercisiydi.<\/strong><\/span><\/p><p style=\"text-align: justify;\"><span style=\"font-family: arial;\"><strong>AYM, Resmi Gazete&#8217;de 3 Nisan 2024\u2019te yay\u0131nlanan kararda, 2020 y\u0131l\u0131nda kabul edilen ve Yeni Dernekler Kanunu olarak da bilinen \u0130\u00e7i\u015fleri Bakan\u0131&#8217;na tan\u0131nan derneklerin organlar\u0131n\u0131 ge\u00e7ici olarak g\u00f6revden alma, derne\u011fi faaliyetten al\u0131koyma ve derne\u011fin y\u00f6netimine kayy\u0131m atama yetkilerini <\/strong><strong><em>&#8220;dernek kurma \u00f6zg\u00fcrl\u00fc\u011f\u00fcne ayk\u0131r\u0131&#8221;<\/em><\/strong> <strong>oldu\u011fu gerek\u00e7esiyle iptal etmi\u015fti.<a href=\"#_ftn2\" name=\"_ftnref2\">[2]<\/a><\/strong><\/span><\/p><p style=\"text-align: justify;\"><span style=\"font-family: arial;\"><strong>Evet, se\u00e7men iktidara sert bir tokat indirmi\u015ftir. Ve <\/strong><strong><em>\u201cKendine gel! Ad\u0131mlar\u0131n\u0131 do\u011fru at, bu \u00fclke sahipsiz de\u011fil\u201d <\/em><\/strong><strong>demi\u015ftir. Sonu\u00e7lar\u0131n en belirleyici sebebinin, ekonominin peri\u015fanl\u0131\u011f\u0131, enflasyonun s\u00fcrekli artmas\u0131, hatta az\u0131tmas\u0131, param\u0131z\u0131n pula d\u00f6nerek insanlar\u0131m\u0131z\u0131 yoksulla\u015ft\u0131rmas\u0131 oldu\u011funu kabul etmelidir. Yar\u0131 a\u00e7-yar\u0131 tok ya\u015fayan emekli vatanda\u015flar\u0131m\u0131z\u0131n hakl\u0131 tepkisini de unutmamak gerekir.<\/strong><\/span><\/p><p style=\"text-align: justify;\"><span style=\"font-family: arial;\"><strong>Gelelim yanda\u015f ve yalaka tak\u0131m\u0131na\u2026<\/strong><\/span><\/p><p style=\"text-align: justify;\"><span style=\"font-family: arial;\"><strong>Yeni \u015eafak yazar\u0131 Yasin Aktay: <em>\u201c<\/em><\/strong><strong><em>Genel se\u00e7imlerden sadece 10 ay sonra girilen mahalli se\u00e7imlere nazaran \u00e7ok bariz farklar, bu se\u00e7imlerin 22 y\u0131ll\u0131k siyasi s\u00fcre\u00e7te \u00fclkenin \u00f6nemli bir kav\u015fak noktas\u0131na gelmi\u015f oldu\u011funa i\u015faret ediyor, diyebilir miyiz? Hi\u00e7 ku\u015fkusuz enine boyuna de\u011ferlendirilmesi gereken ve siyaset ad\u0131na uzun s\u00fcredir olu\u015fturdu\u011fumuz ezberleri g\u00f6zden ge\u00e7irmemizi gerektirecek bir tablo ile kar\u015f\u0131 kar\u015f\u0131yay\u0131z.\u201d <\/em><\/strong><strong>diyerek itiraflara ba\u015flam\u0131\u015ft\u0131. <\/strong><\/span><\/p><p style=\"text-align: justify;\"><span style=\"font-family: arial;\"><strong>H\u00fcrriyet yazar\u0131 Abdulkadir Selvi: <em>\u201c<\/em><\/strong><strong><em>Bu se\u00e7imlerde sand\u0131ktan iktidara ve muhalefete y\u00f6nelik \u00f6nemli mesajlar \u00e7\u0131kt\u0131. Milletin iradesine sayg\u0131 duymak gerekiyor. Milletin karar\u0131n\u0131n ba\u015f\u0131m\u0131z\u0131n \u00fcst\u00fcnde yeri var. Milletin se\u00e7im sand\u0131\u011f\u0131ndan verdi\u011fi mesaj\u0131 da do\u011fru okumal\u0131. Se\u00e7im sonu\u00e7lar\u0131yla kavga edilmez. Ak\u0131ll\u0131 siyaset, sand\u0131ktan ders \u00e7\u0131kar\u0131r. Se\u00e7menlerin verdi\u011fi mesajlar\u0131 do\u011fru analiz eder.\u201d <\/em><\/strong><strong>diyerek, akl\u0131n\u0131 ba\u015f\u0131na toplam\u0131\u015ft\u0131.<\/strong><\/span><\/p><p style=\"text-align: justify;\"><span style=\"font-family: arial;\"><strong>H\u00fcrriyet Genel Yay\u0131n Y\u00f6netmeni Ahmet Hakan: <em>\u201c<\/em><\/strong><strong><em>Ekrem \u0130mamo\u011flu ve Mansur Yava\u015f, art\u0131k siyasetin \u00f6nemli akt\u00f6rleri haline gelmi\u015f durumdad\u0131r.\u201d <\/em><\/strong><strong>diyerek art\u0131k bir devrin kapanmaya yakla\u015ft\u0131\u011f\u0131n\u0131 vurgulam\u0131\u015ft\u0131.<\/strong><\/span><\/p><p style=\"text-align: justify;\"><span style=\"font-family: arial;\"><strong>Peki, Erdo\u011fan\u2019\u0131n yeni rotas\u0131 ne olacakt\u0131?<\/strong><\/span><\/p><p style=\"text-align: justify;\"><span style=\"font-family: arial;\"><strong>\u0130ktidar\u0131ndan muhalefetine herkes \u015fu tespitte birle\u015fiyorlard\u0131: <\/strong><strong><em>Mesele sadece belediye se\u00e7imi de\u011fil arkada\u015f, sen h\u00e2l\u00e2 anlamad\u0131n m\u0131?<\/em><\/strong><strong> Madem \u00f6yle, se\u00e7imin yans\u0131malar\u0131n\u0131n nas\u0131l olaca\u011f\u0131n\u0131 da herkes merak edip sormaktayd\u0131. Misal, iktidar i\u00e7in kimi zaman merdiven kimi zamansa sopa olarak kullan\u0131lan yarg\u0131, bundan sonra ne yapacakt\u0131? Hem AKP\u2019nin teraziye dokunu\u015flar\u0131 ne olacak hem de Yarg\u0131\u2019da kim nas\u0131l tav\u0131r alacakt\u0131?<\/strong><\/span><\/p><p style=\"text-align: justify;\"><span style=\"font-family: arial;\"><strong>\u0130\u015fte bu sorular\u0131n yan\u0131t\u0131 i\u00e7in Yarg\u0131tay, Dan\u0131\u015ftay ve b\u00f6lge adliye mahkemelerinde halihaz\u0131rda aktif g\u00f6revler yapan h\u00e2kimler ve savc\u0131lar ile g\u00f6r\u00fc\u015fmeler yapt\u0131m. Ve onlara Yarg\u0131\u2019da olu\u015fmas\u0131 beklenen yeni rotay\u0131 sordum. Kimi benzer kimisi ise birbirinin tersi g\u00f6r\u00fcnen yan\u0131tlar verdi. <\/strong><strong><em>Lakin hepsinin ortak g\u00f6r\u00fc\u015f\u00fc, \u00e7ok \u015feyin eskisi gibi olmayaca\u011f\u0131yd\u0131.<\/em><\/strong><strong> \u0130\u015fte konu\u015ftu\u011fum Yarg\u0131 mensuplar\u0131n\u0131n anlatt\u0131klar\u0131ndan madde madde notlar\u0131m&#8230;<\/strong><\/span><\/p><p style=\"text-align: justify;\"><span style=\"font-family: arial;\"><strong>1- Yarg\u0131n\u0131n ba\u011f\u0131ms\u0131zl\u0131\u011f\u0131na inanan meslek mensuplar\u0131, \u015fahsi olarak gelecek kayg\u0131s\u0131 asla ta\u015f\u0131mazlard\u0131. Bu endi\u015feyi ya\u015fayanlar ise verdikleri kararlar\u0131n hukuka uygun olmad\u0131\u011f\u0131n\u0131 bilen ve bundan dolay\u0131 kayg\u0131 duyanlard\u0131. Do\u011fal olarak ikinci gruptakiler, siyasi konjonkt\u00fcr\u00fc de s\u0131k\u0131 bir \u015fekilde takip etmek zorunda kal\u0131rd\u0131. Bu nedenlerle 31 Mart se\u00e7imlerinde olu\u015fan iklim onlar\u0131 da etkileyecek. Haliyle, yarg\u0131daki o isimler kendilerine \u00e7ekid\u00fczen verme refleksi i\u00e7erisinde olacakt\u0131.<\/strong><\/span><\/p><p style=\"text-align: justify;\"><span style=\"font-family: arial;\"><strong>2- \u00d6zellikle y\u00fcksek Yarg\u0131 organlar\u0131nda d\u00f6n\u00fc\u015f\u00fcm belirgin \u015fekilde ortaya \u00e7\u0131kacakt\u0131. Uzak gelecekte Yarg\u0131tay ve Dan\u0131\u015ftay\u2019\u0131n birle\u015ftirilmesi plan\u0131 vard\u0131. Bu hedef ger\u00e7ekle\u015firse yeni bir havuz yarat\u0131l\u0131p mevcut \u00fcyeler de\u011fi\u015ftirilip kayd\u0131r\u0131lacakt\u0131.<\/strong><\/span><\/p><p style=\"text-align: justify;\"><span style=\"font-family: arial;\"><strong>3- \u0130ktidar\u0131n oy kaybetti\u011fini d\u00fc\u015f\u00fcnd\u00fc\u011f\u00fc gruplar\u0131n temsilcilerine koltuk da\u011f\u0131tmaya ba\u015flayaca\u011f\u0131 konu\u015fulmaktayd\u0131. \u00d6rne\u011fin, Yeniden Refah Partisi ili\u015fkili ya da S\u00fcleymanc\u0131lardan birisini Anayasa Mahkemesi\u2019nde g\u00f6rebilme yolu a\u00e7\u0131l\u0131rd\u0131.<\/strong><\/span><\/p><p style=\"text-align: justify;\"><span style=\"font-family: arial;\"><strong>4- Y\u00d6K\u2019te bo\u015f bulunan \u00fcyelik koltu\u011fu i\u00e7in t\u0131p k\u00f6kenli ve t\u00fcrbanl\u0131 bir kad\u0131n\u0131n atanmas\u0131 ama\u00e7lanm\u0131\u015ft\u0131. Bu atamada da t\u0131pk\u0131 AYM\u2019deki gibi \u201cg\u00f6n\u00fcl alma\u201d motivasyonu uygulan\u0131rd\u0131.<\/strong><\/span><\/p><p style=\"text-align: justify;\"><span style=\"font-family: arial;\"><strong>5- Anayasa de\u011fi\u015fikli\u011fi \u00e7al\u0131\u015fmalar\u0131 i\u00e7in uygun zemin aranmaktayd\u0131. Se\u00e7im analizi yap\u0131larak, Y\u00fcr\u00fctme ve Yarg\u0131 sisteminde de\u011fi\u015fiklikler yap\u0131lacakt\u0131. Bu \u00e7al\u0131\u015fmalar\u0131 mevcut Adalet Bakan\u0131na yapt\u0131r\u0131p daha \u00e7ok y\u0131pranmas\u0131 sa\u011fland\u0131ktan sonra Bakan de\u011fi\u015fikli\u011fine gidilece\u011fi tart\u0131\u015f\u0131lmaktayd\u0131. Keza, \u0130\u00e7i\u015fleri Bakan\u0131 Ali Yerlikaya\u2019n\u0131n da soru\u015fturmalar\u0131n y\u00f6netimi konusunda Adalet Bakan\u0131 Y\u0131lmaz Tun\u00e7 ile fikir ayr\u0131l\u0131klar\u0131n\u0131n oldu\u011fu kulislere yans\u0131m\u0131\u015ft\u0131.<\/strong><\/span><\/p><p style=\"text-align: justify;\"><span style=\"font-family: arial;\"><strong>Demirta\u015f tahliye olur muydu?<\/strong><\/span><\/p><p style=\"text-align: justify;\"><span style=\"font-family: arial;\"><strong>6- Muhaliflerin dosyalar\u0131nda siyasi karar alma s\u00fcrecinin h\u0131zlanmas\u0131 konu\u015fulmaktayd\u0131. \u00d6rne\u011fin, \u0130mamo\u011flu\u2019nun mahk\u00fbmiyet dosyas\u0131 koz olarak kullan\u0131l\u0131rd\u0131. Her ne kadar \u0130mamo\u011flu i\u00e7in denenen bu y\u00f6ntem ba\u015far\u0131l\u0131 olmasa da \u0130\u00e7i\u015fleri Bakanl\u0131\u011f\u0131 di\u011fer belediyeler \u00fczerinde tefti\u015flerini yo\u011funla\u015ft\u0131r\u0131rd\u0131. G\u00f6revlerine ba\u015flad\u0131ktan bir s\u00fcre sonra, yeni belediye ba\u015fkanlar\u0131na hukuki altyap\u0131s\u0131 olmayan dosyalar ile soru\u015fturmalar a\u00e7\u0131l\u0131rd\u0131. Lakin muhalefet partili belediyelerin yan\u0131nda, AKP\u2019li belediyelere ya da b\u00fcrokratlara da yolsuzluk operasyonlar\u0131 yap\u0131l\u0131rd\u0131.<\/strong><\/span><\/p><p style=\"text-align: justify;\"><span style=\"font-family: arial;\"><strong>7- Yarg\u0131daki \u0130stanbul ekibi, 2026\u2019daki yeni HSK se\u00e7imlerinde belki de tasfiye olacakt\u0131. Bir HSK \u00fcyesinin ak\u00e7eli i\u015flerinin Saray\u2019da da duyulmas\u0131n\u0131n, barda\u011f\u0131 ta\u015f\u0131ran damlalardan oldu\u011fu Yarg\u0131 kulislerine yans\u0131m\u0131\u015ft\u0131.<\/strong><\/span><\/p><p style=\"text-align: justify;\"><span style=\"font-family: arial;\"><strong>8- MHP ile ya\u015fanacak mesafe, Yarg\u0131daki koltuklara da s\u0131\u00e7rard\u0131. MHP referansl\u0131 Menzilcilerin Yarg\u0131daki etkisi k\u0131r\u0131l\u0131r ve hatta tasfiyeler ya\u015fan\u0131rd\u0131.<\/strong><\/span><\/p><p style=\"text-align: justify;\"><span style=\"font-family: arial;\"><strong>9- AKP-MHP ittifak\u0131n\u0131n seyri, siyasi davalar\u0131n kaderini etkilemeye ba\u015flard\u0131. S\u00fcrpriz olmayacak bir ayr\u0131\u015fma, Gezi Davas\u0131\u2019nda olmas\u0131 gereken ama beklenmedik kararlar\u0131 g\u00f6rmemizi sa\u011flard\u0131. Bu s\u00fcre\u00e7te DEM Parti ile de temas kurulup Selahattin Demirta\u015f\u2019\u0131n tahliyesi sa\u011flan\u0131rd\u0131. Ancak tahliye karar\u0131 verildikten sonra, siyasi konjonkt\u00fcre g\u00f6re bu olay sahiplenilir ya da Yarg\u0131n\u0131n \u00fcst\u00fcne at\u0131l\u0131rd\u0131. Unutmamal\u0131 ki bu olas\u0131l\u0131klar, Cumhurba\u015fkan\u0131 Erdo\u011fan\u2019\u0131n belirleyece\u011fi olas\u0131 yeni rotaya g\u00f6re kar\u015f\u0131m\u0131za \u00e7\u0131kacakt\u0131.<\/strong><\/span><\/p><p style=\"text-align: justify;\"><span style=\"font-family: arial;\"><strong>10- Sinan Ate\u015f dosyas\u0131 MHP\u2019nin en yumu\u015fak karn\u0131 durumundayd\u0131. Dosyan\u0131n ak\u0131beti, Cumhur \u0130ttifak\u0131\u2019n\u0131n devam\u0131na ya da da\u011f\u0131lmas\u0131na ba\u011fl\u0131yd\u0131. Lakin \u015furas\u0131 kesin ki Sinan Ate\u015f dosyas\u0131 MHP\u2019yi s\u0131k\u0131\u015ft\u0131rmak i\u00e7in elde bir koz olarak tutulmaktayd\u0131.<\/strong><\/span><\/p><p style=\"text-align: justify;\"><span style=\"font-family: arial;\"><strong>11- Ayhan Bora Kaplan dosyas\u0131nda yeni itiraflar al\u0131n\u0131rd\u0131. Gerekli operasyonlar yap\u0131lm\u0131\u015f gibi g\u00f6sterilip baz\u0131 Emniyet ve Yarg\u0131 mensuplar\u0131 i\u00e7in davalar a\u00e7\u0131l\u0131rd\u0131. Bu dosya \u00fczerinden S\u00fcleyman Soylu\u2019nun tasfiyesi de tamamlan\u0131rd\u0131. Zira Soylu, se\u00e7im s\u00fcrecinde de yeterince \u00e7al\u0131\u015fmam\u0131\u015ft\u0131. Aile oca\u011f\u0131 Gaziosmanpa\u015fa\u2019n\u0131n CHP\u2019nin y\u00f6netimine ge\u00e7mesinde Soylu\u2019ya da fatura kesilmesi bekleniyordu.<a href=\"#_ftn3\" name=\"_ftnref3\">[3]<\/a> Tespit ve tahlilleri \u00fczerinde kafa yorulmal\u0131yd\u0131.<\/strong><\/span><\/p><p style=\"text-align: justify;\"><span style=\"font-family: arial;\"><strong>Peki, bu sonu\u00e7lara \u0130lahi bir intikam ve Kur\u2019ani bir nazarla yakla\u015f\u0131l\u0131rsa ortaya neler \u00e7\u0131kard\u0131?<\/strong><\/span><\/p><p style=\"text-align: justify;\"><span style=\"font-family: arial;\"><strong>Cenab-\u0131 Hak, Muhammed Suresi 22-29 ayetlerinde \u015f\u00f6yle buyurmaktayd\u0131:<\/strong><\/span><\/p><p style=\"text-align: justify;\"><span style=\"font-family: arial;\"><strong><em>(Ey kaypak ve kolayc\u0131 tipler!) Demek i\u015f ba\u015f\u0131na gelip (iktidar imk\u00e2n\u0131yla) y\u00f6netimi ele al\u0131rsan\u0131z; hemen yery\u00fcz\u00fcnde (\u00fclkenizde, b\u00f6lgenizde ve d\u00fcnya genelinde) fesat \u00e7\u0131karacak, (zalim ve facir g\u00fc\u00e7lerin arkas\u0131na tak\u0131lacak, inan\u00e7 esaslar\u0131n\u0131zla ve Hakk davan\u0131zla) t\u00fcm yak\u0131nl\u0131k ba\u011flar\u0131n\u0131z\u0131 kopar\u0131p par\u00e7alayacaks\u0131n\u0131z, \u00f6yle mi?! (Bu tavr\u0131n\u0131z sizin ayar\u0131n\u0131z\u0131 ve ahl\u00e2k\u0131n\u0131z\u0131 ortaya koyacakt\u0131r.)<\/em><\/strong><\/span><\/p><p style=\"text-align: justify;\"><span style=\"font-family: arial;\"><strong><em>\u0130\u015fte bunlar var ya; Allah onlar\u0131 lanetleyip (hidayetlerini karartm\u0131\u015f), b\u00f6ylece (kulaklar\u0131n\u0131) sa\u011f\u0131rla\u015ft\u0131rm\u0131\u015f ve basiret (g\u00f6z)lerini de k\u00f6r edip (kapatm\u0131\u015ft\u0131r ki, bu y\u00fczden \u0130slam\u2019a ve Kur\u2019an\u2019a kar\u015f\u0131 bu denli ilgisiz kal\u0131nmaktad\u0131r).<\/em><\/strong><\/span><\/p><p style=\"text-align: justify;\"><span style=\"font-family: arial;\"><strong><em>(Acaba,) Onlar Kur&#8217;an&#8217;\u0131 (h\u00fck\u00fcmlerini anlamak ve uygulamak \u00fczere hi\u00e7 dikkatle okuyup) iyice d\u00fc\u015f\u00fcnm\u00fcyorlar m\u0131yd\u0131? (Niye h\u00e2l\u00e2 ihtiya\u00e7 duymuyor, Kur&#8217;an \u00fczerinde ciddiyetle kafa yormuyor ve s\u0131rt \u00e7eviriyorlard\u0131?) Yoksa birtak\u0131m kalplerin \u00fczerine kilitler mi vurulmu\u015f(tu ki, Kur\u2019ani haber ve hakikatlere kar\u015f\u0131 b\u00f6ylesine ilgisiz ve isteksiz davran\u0131lmaktayd\u0131? Veya bu bir hidayet kararmas\u0131 m\u0131yd\u0131?)<\/em><\/strong><\/span><\/p><p style=\"text-align: justify;\"><span style=\"font-family: arial;\"><strong><em>\u015e\u00fcphesiz, kendilerine hidayet (ve \u0130slami mesuliyet) a\u00e7\u0131k\u00e7a belli olduktan sonra, (Milli ve manevi istikametten ve insani d\u00fc\u015f\u00fcnceden ayr\u0131l\u0131p) gerisin geri (k\u00fcfre ve nank\u00f6rl\u00fc\u011fe) d\u00f6nenleri, \u015feytan k\u0131\u015fk\u0131rtm\u0131\u015f ve onlar\u0131 uzun emellere (d\u00fcnyal\u0131k gaye ve gailelere) kapt\u0131rm\u0131\u015ft\u0131r.<\/em><\/strong><\/span><\/p><p style=\"text-align: justify;\"><span style=\"font-family: arial;\"><strong><em>\u0130\u015fte b\u00f6yle; \u00e7\u00fcnk\u00fc ger\u00e7ekten onlar, Allah&#8217;\u0131n indirdi\u011fini (Kur\u2019an\u2019\u0131n h\u00fck\u00fcmlerini) be\u011fenmeyip \u00e7irkin kar\u015f\u0131layan (k\u00e2fir ve zalim odaklara yana\u015f\u0131p): &#8220;Size (istedi\u011finiz) baz\u0131 i\u015flerde itaat edece\u011fiz (ama bunlar\u0131n d\u0131\u015f\u0131nda eskisi gibi M\u00fcsl\u00fcman ve M\u00fccahit g\u00f6r\u00fcnece\u011fiz)&#8221; diyerek (haince va\u2019adlerde bulunmu\u015flard\u0131.) Oysa Allah, saklad\u0131klar\u0131 \u015feyleri (ve s\u0131r olarak konu\u015ftuklar\u0131n\u0131) biliyordu (ve elbette hesab\u0131n\u0131 soracakt\u0131).<\/em><\/strong><\/span><\/p><p style=\"text-align: justify;\"><span style=\"font-family: arial;\"><strong><em>\u00d6yle ise (Hakk Dine ve kendi Milletine h\u0131yanetleri nedeniyle) melekler onlar\u0131n suratlar\u0131na ve s\u0131rtlar\u0131na vura vura (ve ba\u011f\u0131rta ba\u011f\u0131rta) canlar\u0131n\u0131 \u00e7\u0131kard\u0131klar\u0131 vakitte (acaba durumlar\u0131) nas\u0131l olacakt\u0131?<\/em><\/strong><\/span><\/p><p style=\"text-align: justify;\"><span style=\"font-family: arial;\"><strong><em>Bu b\u00f6yledir; \u00e7\u00fcnk\u00fc hakikaten (\u0130slami ve insani \u00e7izgiden i\u015fbirlik\u00e7ili\u011fe kayanlar), onlar Allah&#8217;\u0131 gazapland\u0131ran \u015feye uymu\u015flard\u0131r. (Allah&#8217;\u0131n kahr\u0131na ve \u011fadab\u0131na u\u011frayan Yahudi ve Hristiyanlar\u0131n u\u015fakl\u0131\u011f\u0131na raz\u0131 olmu\u015flard\u0131r.) Ve O\u2019nun (Allah&#8217;\u0131n) r\u0131zas\u0131n\u0131 (kazand\u0131racak tavr\u0131 ve taraf\u0131) kerih (s\u0131k\u0131nt\u0131l\u0131 ve yarars\u0131z) kar\u015f\u0131lam\u0131\u015flard\u0131r. Bundan dolay\u0131 da (Allah, daha \u00f6nceki b\u00fct\u00fcn hay\u0131rl\u0131) amellerini bo\u015fa \u00e7\u0131karm\u0131\u015ft\u0131r.<\/em><\/strong><\/span><\/p><p style=\"text-align: justify;\"><span style=\"font-family: arial;\"><strong><em>Yoksa kalplerinde hastal\u0131k bulunan (m\u00fcnaf\u0131k olduklar\u0131 halde dindar tavr\u0131 tak\u0131nan ve kendilerini makam ve menfaat kar\u015f\u0131l\u0131\u011f\u0131 \u015feytani g\u00fc\u00e7 odaklar\u0131na kiralayan bu riyak\u00e2rlar ve sahtek\u00e2rlar; i\u00e7lerinde saklad\u0131klar\u0131 hainliklerini ve) gizli kinlerini, Allah&#8217;\u0131n hi\u00e7 a\u00e7\u0131\u011fa \u00e7\u0131karmayaca\u011f\u0131n\u0131 m\u0131 sanm\u0131\u015flard\u0131? <\/em><\/strong><strong>(Muhammed: 22-29)<\/strong><\/span><\/p><p style=\"text-align: justify;\"><span style=\"font-family: arial;\"><strong>Kur\u2019an-\u0131 Kerim\u2019in Kalem Suresi 44 ve 45. ayetlerinde ise \u015fu uyar\u0131lar yap\u0131lmaktayd\u0131:<\/strong><\/span><\/p><p style=\"text-align: justify;\"><span style=\"font-family: arial;\"><strong><em>Art\u0131k bu (Hakk) s\u00f6z\u00fc (ve Kur\u2019an\u2019\u0131n h\u00fckm\u00fcn\u00fc) yalan sayan\u0131 (ve kendi hev\u00e2 ve kuruntular\u0131na uyan\u0131) Sen Bana b\u0131rak! Ki, Biz onlar\u0131 hi\u00e7 bilmeyecekleri bir y\u00f6nden (ve fark etmeyecekleri y\u00f6ntemlerle) derece derece (ad\u0131m ad\u0131m helake ve dal\u00e2lete) yakla\u015ft\u0131raca\u011f\u0131z. [Not: Yani, hem a\u00e7\u0131k din d\u00fc\u015fmanlar\u0131na, hem de M\u00fcsl\u00fcman dava adam\u0131 g\u00f6r\u00fcnt\u00fcl\u00fc m\u00fcnaf\u0131klara kulak asmay\u0131n, onlar\u0131n i\u015fi bize kalm\u0131\u015ft\u0131r. Bilmeden bir kimseyi helake s\u00fcr\u00fcklemenin bir \u015fekli de \u015fudur: Zalim ve do\u011fruluk d\u00fc\u015fman\u0131 birine bu d\u00fcnyada s\u0131hhat, mal, evlat, ba\u015far\u0131 gibi baz\u0131 nimetler verilir. B\u00f6ylece kendisinde hi\u00e7bir g\u00fcnah ve yan\u0131lg\u0131 olmad\u0131\u011f\u0131n\u0131 zannederek Hakka kar\u015f\u0131 gizli d\u00fc\u015fmanl\u0131\u011fa, zul\u00fcm ve isyana batt\u0131k\u00e7a bat\u0131p t\u00fckenmektedir. Bu nimetlerin kendisi i\u00e7in bir ba\u011f\u0131\u015f de\u011fil, bilakis felaketine vesile oldu\u011funu fark etmemektedir.]<\/em><\/strong><\/span><\/p><p style=\"text-align: justify;\"><span style=\"font-family: arial;\"><strong><em>Ben onlara \u015fimdilik m\u00fchlet verip s\u00fcre tan\u0131yorum. Ama elbette Benim d\u00fczenim (mekrim, tedbirim ve cezaland\u0131rmam) sapasa\u011flamd\u0131r. [Not: Ayette; &#8220;Keyd&#8221; kelimesi ge\u00e7mektedir. Bunun anlam\u0131 gizli plan yapmak demektir. <\/em><\/strong><strong>Keyd ve Mekr: <\/strong><strong>Arap\u00e7a bir kelime olarak \u201cans\u0131z\u0131n uygulamaya konuluncaya kadar hain ve zalim rakiplerin; her \u015feyin kendi arzular\u0131 ve planlar\u0131 do\u011frultusunda ve yolunda gitti\u011fi \u015feklinde aldat\u0131l\u0131p duran bir kimse aleyhinde haz\u0131rlanm\u0131\u015f gizli bir plan\u0131\u201d<\/strong><strong><em> ifade etmektedir. Keyd ve Mekr: Sinsi ve gizli projelerle, hissedilmeyecek hile ve d\u00fczenlerle; d\u00fc\u015fmanlar\u0131na ve dost g\u00f6r\u00fcn\u00fcml\u00fc m\u00fcnaf\u0131k istismarc\u0131lar\u0131na zarar vermeye y\u00f6nelmektir.] <\/em><\/strong><strong>(Kalem:44-45)<\/strong><\/span><\/p><p style=\"text-align: justify;\"><span style=\"font-family: arial;\"><strong>\u201cOY\u201dum Saadete, Toplum Sel\u00e2mete! &#8220;OY&#8221; EMANETT\u0130R, OYUNA GELMEY\u0130N! Diye Uyarm\u0131\u015ft\u0131k!<\/strong><\/span><\/p><p style=\"text-align: justify;\"><span style=\"font-family: arial;\"><strong>Milli \u00c7\u00f6z\u00fcm Dergimizde yay\u0131nlad\u0131k ve on binlerce bast\u0131r\u0131p da\u011f\u0131tt\u0131k:<\/strong><\/span><\/p><p style=\"text-align: justify;\"><span style=\"font-family: arial;\"><strong>\u00d6n\u00fcm\u00fczdeki 31 Mart Yerel Se\u00e7imleri tarihi bir f\u0131rsatt\u0131r. \u00c7\u00fcnk\u00fc insanlar se\u00e7imlerde, partileri de\u011fil, kendi gelece\u011fini se\u00e7mektedir. Ki\u015fi sevdi\u011fi ve se\u00e7ti\u011fi ile beraberdir. Herkesin gelece\u011fi ve g\u00fcvencesi, oy verip destekledi\u011fi zihniyetlerle belirlenecektir. \u00d6zetle; gelece\u011fimiz, kendi elimiz ve amelimizle \u015fekillenecektir. Oylar\u0131m\u0131zda sadece kendimizin ve yak\u0131n \u00e7evremizin de\u011fil, 80 milyon milletimizin ve hatta milyarlarca ezilenin hakk\u0131 vard\u0131r. \u00c7\u00fcnk\u00fc oy verdi\u011fimiz partilerin b\u00fct\u00fcn iyilik ve k\u00f6t\u00fcl\u00fcklerine ve bunlar\u0131n yan etkilerine ortak olunmaktad\u0131r.<\/strong> <strong>Unutmay\u0131n, bu se\u00e7imler, sekiz parti aras\u0131nda de\u011fil, iki zihniyet aras\u0131nda yap\u0131lacakt\u0131r. Sonunda, 1- Ya Hakk\u0131 tutan, hel\u00e2li haram\u0131 ay\u0131ran Milli G\u00f6r\u00fc\u015f\u00e7\u00fcler 2- Ya da bu B\u00e2t\u0131l ve bozuk sistem ve i\u015fbirlik\u00e7ileri kazanacakt\u0131r.<\/strong><\/span><\/p><p style=\"text-align: justify;\"><span style=\"font-family: arial;\">Filistin\u2019de uygulanan Siyonist vah\u015fetine ra\u011fmen, ilk 3 ayda \u0130srail\u2019e 900 gemi dolusu akaryak\u0131t, g\u0131da, silah ve m\u00fchimmat g\u00f6nderdi\u011fi T\u00dc\u0130K\u2019in resmi verileriyle ortaya \u00e7\u0131kan bu Cumhur \u0130ttifak\u0131\u2019na verilecek oylar\u0131n vebali \u00e7ok a\u011f\u0131rd\u0131r. Y\u00fcce Dinimizi kastederek \u201cGerici!..\u201d diye bunlara s\u00f6zde kar\u015f\u0131 \u00e7\u0131kan CHP zihniyeti de asl\u0131nda ayn\u0131 odaklara ba\u011fl\u0131d\u0131r.<\/span><\/p><p style=\"text-align: justify;\"><span style=\"font-family: arial;\">Asl\u0131nda; mikroptan ila\u00e7 yap\u0131ld\u0131\u011f\u0131, faizden fayda sa\u011fland\u0131\u011f\u0131 ve Ha\u00e7l\u0131 AB re\u00e7eteleriyle \u00fclke kalk\u0131nd\u0131\u011f\u0131 hi\u00e7 g\u00f6r\u00fclmemi\u015ftir. Bu nedenle Bat\u0131c\u0131 partilere oy vermek, Amerikan deh\u015fetini ve \u0130srail vah\u015fetini desteklemekle ayn\u0131 \u015feydir. Ve b\u00f6yle bir vebale girenlerin vicdanlar\u0131 nas\u0131l rahat edecektir?! Daha da beteri, \u00fclkemiz AB hayali ve demokratikle\u015fme jelatiniyle kas\u0131tl\u0131 ve planl\u0131 bir y\u0131k\u0131l\u0131\u015fa s\u00fcr\u00fcklenmekte, PKK\u2019ya ise Amerika\u2019n\u0131n deste\u011fi ve AKP\u2019nin gafletiyle bir zamanlar y\u00fcz verilmi\u015f, \u015fimdi art\u0131k Devletimizi azarlamaya ve ayarlamaya c\u00fcret eder hale gelmi\u015ftir. Ve hele 22 y\u0131ll\u0131k yamukluk ve yanl\u0131\u015fl\u0131klar\u0131ndan sonra, h\u00e2l\u00e2 AKP&#8217;ye oy vermek, felakete davetiye g\u00f6ndermektir.<\/span><\/p><p style=\"text-align: justify;\"><span style=\"font-family: arial;\"><strong>Unutma, senin &#8220;OY&#8221;unda, \u00e7\u00f6pl\u00fckten ekmek toplayanlar\u0131n ve \u00e7aresizlikten v\u00fccudunu sat\u0131l\u0131\u011fa \u00e7\u0131karanlar\u0131n hakk\u0131 vard\u0131r!.. Senin &#8220;OY&#8221;unda, ucuzluk kuyru\u011funda k\u0131vranan emeklinin, i\u015f\u00e7inin, k\u00f6yl\u00fcn\u00fcn, esnaf\u0131n ve fakir fukaran\u0131n hakk\u0131 vard\u0131r! Senin &#8220;OY&#8221;unda, bu \u00fclkeyi bize vatan b\u0131rakan \u015fehitlerimizin ve gelecek nesillerimizin hakk\u0131 vard\u0131r. Do\u011fu T\u00fcrkistanl\u0131 sahipsizlerin, Filistinli gelinlerin, Yemenli \u00e7aresizlerin, Suriyeli gariplerin, Irakl\u0131 yetimlerin senin \u201cOY\u201dunda hakk\u0131 vard\u0131r!<\/strong> Bu y\u00fczden; ne Hak\u2019tan kopuk ve halka so\u011fuk partilere, ne de asl\u0131n\u0131 ink\u00e2r eden d\u00f6neklere ve Milli G\u00f6r\u00fc\u015f\u2019\u00fc b\u00f6lmekle b\u00f6b\u00fcrlenenlere sak\u0131n oy atma!.. Bu \u00fclkeyi 40 y\u0131lda 4 kere felaketten ve iflas etmekten kurtaran Necmettin Erbakan Hoca\u2019n\u0131 unutma!.. Yapanlarla y\u0131kanlar\u0131, sad\u0131klarla sahtek\u00e2rlar\u0131 bir tutma! Refah-Yol h\u00fck\u00fcmetinde ekonominin d\u00fcze \u00e7\u0131kar\u0131ld\u0131\u011f\u0131n\u0131, i\u015f\u00e7iye, memura, k\u00f6yl\u00fcye ve emekliye en iyi imk\u00e2nlar\u0131n sa\u011fland\u0131\u011f\u0131n\u0131, Milli G\u00f6r\u00fc\u015f Belediyelerinde ne destanlar yaz\u0131ld\u0131\u011f\u0131n\u0131, fakir fukaraya nas\u0131l sahip \u00e7\u0131k\u0131ld\u0131\u011f\u0131n\u0131 hat\u0131rla!.. Kendini ba\u011fr\u0131 yan\u0131klar\u0131n ve sistemin pen\u00e7esinde k\u0131vrananlar\u0131n bedduas\u0131na u\u011fratma!.. D\u00fcnyan\u0131 ve ahiretini karartma!..<\/span><\/p><p style=\"text-align: justify;\"><span style=\"font-family: arial;\"><strong>\u00d6yle ise; &#8220;OY&#8221;lar\u0131nla ya saadetini se\u00e7eceksin veya sefaletini&#8230; Ya Milli G\u00f6r\u00fc\u015f\u2019\u00fc se\u00e7eceksin veya kirli bir zihniyeti&#8230; Ya selametini ve menfaatini se\u00e7eceksin veya felaketini&#8230; \u00c7\u00fcnk\u00fc, &#8220;OY&#8221;unla, ya \u00fclkemiz \u00fczerindeki oyunlar\u0131 bozacaks\u0131n veya oyuna gelip, B\u00e2t\u0131l\u0131n ve Bat\u0131l\u0131lar\u0131n vebaline ortak olacaks\u0131n! <\/strong><\/span><\/p><p style=\"text-align: justify;\"><span style=\"font-family: arial;\">Evet AKP iktidar\u0131n\u0131n ve Sn. Erdo\u011fan\u2019\u0131n ger\u00e7ekten iyili\u011fini isteyenler bile, Saadet aday\u0131na oy versinler ki, AKP adaylar\u0131 daha b\u00fcy\u00fck vebale ve felaketlere s\u00fcr\u00fcklenmemi\u015f olsunlard\u0131.<\/span><\/p><p style=\"text-align: justify;\"><span style=\"font-family: arial;\"><strong>Ve kesinlikle \u00fcmitvar olmal\u0131d\u0131r; hele g\u00f6relim, yar\u0131nlar neler do\u011furacakt\u0131r? \u00c7\u00fcnk\u00fc karanl\u0131\u011f\u0131n en koyu oldu\u011fu an, sabaha en yak\u0131n oldu\u011fu zamand\u0131r! Sayg\u0131lar\u0131m\u0131zla.<\/strong>\u00a0<\/span><\/p>\t\t\t\t\t\t\t\t<\/div>\n\t\t\t\t<\/div>\n\t\t\t\t\t<\/div>\n\t\t<\/div>\n\t\t\t\t\t<\/div>\n\t\t<\/section>\n\t\t\t\t<section class=\"elementor-section elementor-top-section elementor-element elementor-element-420eef7d elementor-section-boxed elementor-section-height-default elementor-section-height-default\" data-id=\"420eef7d\" data-element_type=\"section\">\n\t\t\t\t\t\t<div class=\"elementor-container elementor-column-gap-default\">\n\t\t\t\t\t<div class=\"elementor-column elementor-col-100 elementor-top-column elementor-element elementor-element-c155b97\" data-id=\"c155b97\" data-element_type=\"column\">\n\t\t\t<div class=\"elementor-widget-wrap elementor-element-populated\">\n\t\t\t\t\t\t<div class=\"elementor-element elementor-element-32edaa43 satir-basi siyah-link elementor-widget elementor-widget-text-editor\" data-id=\"32edaa43\" data-element_type=\"widget\" data-widget_type=\"text-editor.default\">\n\t\t\t\t<div class=\"elementor-widget-container\">\n\t\t\t\t\t\t\t\t\t<p style=\"text-align: left;\"><span style=\"font-family: arial, helvetica, sans-serif;\">[1] https:\/\/www.jpost.com\/middle-east\/behind-closed-doors-turkey-looking-to-improve-relations-with-israel-794881<\/span><\/p>\n<p>[2] Anayasa Mahkemesi&#8217;nden fla\u015f kayyum karar\u0131! \u2013 www.yurtgazetesi.com.tr \u2013 03 Nisan 2024<\/p>\n<p style=\"text-align: justify;\"><span style=\"font-family: arial, helvetica, sans-serif;\">[3] www.cumhuriyet.com.tr \u2013 Bar\u0131\u015f Pehlivan \u2013 03 Nisan 2024<\/span><\/p>\t\t\t\t\t\t\t\t<\/div>\n\t\t\t\t<\/div>\n\t\t\t\t\t<\/div>\n\t\t<\/div>\n\t\t\t\t\t<\/div>\n\t\t<\/section>\n\t\t\t\t<\/div>\n\t\t","protected":false},"excerpt":{"rendered":"<p>YEREL SE\u00c7\u0130M SONU\u00c7LARI VE GELECE\u011e\u0130N \u0130PU\u00c7LARI AKP neden olduk\u00e7a a\u011f\u0131r kay\u0131plar ya\u015fam\u0131\u015ft\u0131? \u0130stanbul, Ankara ve \u0130zmir B\u00fcy\u00fck\u015fehir Belediyelerini elinde tutmay\u0131 ba\u015faran CHP, AKP\u2019nin elinden 3 b\u00fcy\u00fck\u015fehir ve 7 il merkez belediyesini daha alm\u0131\u015ft\u0131. MHP, Yeniden Refah Partisi (YRP) ile DEM Parti de AKP\u2019den 2\u2019\u015fer il al\u0131rken; AKP&#8217;den \u0130Y\u0130 Parti ile B\u00fcy\u00fck Birlik Partisi&#8217;ne de birer [&hellip;]<\/p>\n","protected":false},"author":13,"featured_media":0,"comment_status":"open","ping_status":"closed","sticky":false,"template":"","format":"standard","meta":{"footnotes":""},"categories":[6706],"tags":[6263,6306,6432,6523,6525,6678,6679,6680,271],"class_list":["post-18638","post","type-post","status-publish","format-standard","hentry","category-mayis-2024","tag-chp","tag-erdogan","tag-yargitay","tag-cumhur-ittifaki","tag-mhp","tag-yerel-secim","tag-yrp","tag-danistay","tag-akp"],"_links":{"self":[{"href":"https:\/\/www.millicozum.com\/mc\/wp-json\/wp\/v2\/posts\/18638","targetHints":{"allow":["GET"]}}],"collection":[{"href":"https:\/\/www.millicozum.com\/mc\/wp-json\/wp\/v2\/posts"}],"about":[{"href":"https:\/\/www.millicozum.com\/mc\/wp-json\/wp\/v2\/types\/post"}],"author":[{"embeddable":true,"href":"https:\/\/www.millicozum.com\/mc\/wp-json\/wp\/v2\/users\/13"}],"replies":[{"embeddable":true,"href":"https:\/\/www.millicozum.com\/mc\/wp-json\/wp\/v2\/comments?post=18638"}],"version-history":[{"count":0,"href":"https:\/\/www.millicozum.com\/mc\/wp-json\/wp\/v2\/posts\/18638\/revisions"}],"wp:attachment":[{"href":"https:\/\/www.millicozum.com\/mc\/wp-json\/wp\/v2\/media?parent=18638"}],"wp:term":[{"taxonomy":"category","embeddable":true,"href":"https:\/\/www.millicozum.com\/mc\/wp-json\/wp\/v2\/categories?post=18638"},{"taxonomy":"post_tag","embeddable":true,"href":"https:\/\/www.millicozum.com\/mc\/wp-json\/wp\/v2\/tags?post=18638"}],"curies":[{"name":"wp","href":"https:\/\/api.w.org\/{rel}","templated":true}]}}