{"id":18655,"date":"2024-05-01T14:40:14","date_gmt":"2024-05-01T11:40:14","guid":{"rendered":"https:\/\/www.millicozum.com\/mc\/?p=18655"},"modified":"2024-10-20T21:48:30","modified_gmt":"2024-10-20T18:48:30","slug":"ithal-ekonomi-burokratlari-ve-abdnin-israil-batakligi-2","status":"publish","type":"post","link":"https:\/\/www.millicozum.com\/mc\/2024\/mayis-2024\/ithal-ekonomi-burokratlari-ve-abdnin-israil-batakligi-2\/","title":{"rendered":"\u0130THAL EKONOM\u0130 B\u00dcROKRATLARI<br> VE <br>ABD&#8217;N\u0130N \u0130SRA\u0130L BATAKLI\u011eI"},"content":{"rendered":"\t\t<div data-elementor-type=\"wp-post\" data-elementor-id=\"18655\" class=\"elementor elementor-18655\" data-elementor-settings=\"{&quot;element_pack_global_tooltip_width&quot;:{&quot;unit&quot;:&quot;px&quot;,&quot;size&quot;:&quot;&quot;,&quot;sizes&quot;:[]},&quot;element_pack_global_tooltip_width_tablet&quot;:{&quot;unit&quot;:&quot;px&quot;,&quot;size&quot;:&quot;&quot;,&quot;sizes&quot;:[]},&quot;element_pack_global_tooltip_width_mobile&quot;:{&quot;unit&quot;:&quot;px&quot;,&quot;size&quot;:&quot;&quot;,&quot;sizes&quot;:[]},&quot;element_pack_global_tooltip_padding&quot;:{&quot;unit&quot;:&quot;px&quot;,&quot;top&quot;:&quot;&quot;,&quot;right&quot;:&quot;&quot;,&quot;bottom&quot;:&quot;&quot;,&quot;left&quot;:&quot;&quot;,&quot;isLinked&quot;:true},&quot;element_pack_global_tooltip_padding_tablet&quot;:{&quot;unit&quot;:&quot;px&quot;,&quot;top&quot;:&quot;&quot;,&quot;right&quot;:&quot;&quot;,&quot;bottom&quot;:&quot;&quot;,&quot;left&quot;:&quot;&quot;,&quot;isLinked&quot;:true},&quot;element_pack_global_tooltip_padding_mobile&quot;:{&quot;unit&quot;:&quot;px&quot;,&quot;top&quot;:&quot;&quot;,&quot;right&quot;:&quot;&quot;,&quot;bottom&quot;:&quot;&quot;,&quot;left&quot;:&quot;&quot;,&quot;isLinked&quot;:true},&quot;element_pack_global_tooltip_border_radius&quot;:{&quot;unit&quot;:&quot;px&quot;,&quot;top&quot;:&quot;&quot;,&quot;right&quot;:&quot;&quot;,&quot;bottom&quot;:&quot;&quot;,&quot;left&quot;:&quot;&quot;,&quot;isLinked&quot;:true},&quot;element_pack_global_tooltip_border_radius_tablet&quot;:{&quot;unit&quot;:&quot;px&quot;,&quot;top&quot;:&quot;&quot;,&quot;right&quot;:&quot;&quot;,&quot;bottom&quot;:&quot;&quot;,&quot;left&quot;:&quot;&quot;,&quot;isLinked&quot;:true},&quot;element_pack_global_tooltip_border_radius_mobile&quot;:{&quot;unit&quot;:&quot;px&quot;,&quot;top&quot;:&quot;&quot;,&quot;right&quot;:&quot;&quot;,&quot;bottom&quot;:&quot;&quot;,&quot;left&quot;:&quot;&quot;,&quot;isLinked&quot;:true}}\" data-elementor-post-type=\"post\">\n\t\t\t\t\t\t<section class=\"elementor-section elementor-top-section elementor-element elementor-element-44f13e2f elementor-section-boxed elementor-section-height-default elementor-section-height-default\" data-id=\"44f13e2f\" data-element_type=\"section\">\n\t\t\t\t\t\t<div class=\"elementor-container elementor-column-gap-default\">\n\t\t\t\t\t<div class=\"elementor-column elementor-col-100 elementor-top-column elementor-element elementor-element-614fb61d\" data-id=\"614fb61d\" data-element_type=\"column\">\n\t\t\t<div class=\"elementor-widget-wrap elementor-element-populated\">\n\t\t\t\t\t\t<div class=\"elementor-element elementor-element-1ba2df62 elementor-widget elementor-widget-heading\" data-id=\"1ba2df62\" data-element_type=\"widget\" data-widget_type=\"heading.default\">\n\t\t\t\t<div class=\"elementor-widget-container\">\n\t\t\t\t\t<h3 class=\"elementor-heading-title elementor-size-default\">\u0130THAL EKONOM\u0130 B\u00dcROKRATLARI<br>\nVE<br>\nABD'N\u0130N \u0130SRA\u0130L BATAKLI\u011eI\n<\/h3>\t\t\t\t<\/div>\n\t\t\t\t<\/div>\n\t\t\t\t<div class=\"elementor-element elementor-element-7e166c3 elementor-widget elementor-widget-shortcode\" data-id=\"7e166c3\" data-element_type=\"widget\" data-widget_type=\"shortcode.default\">\n\t\t\t\t<div class=\"elementor-widget-container\">\n\t\t\t\t\t\t\t<div class=\"elementor-shortcode\"> <div class=\"lyte-wrapper-audio\" style=\"width:420px;max-width:100%;overflow:hidden;height:38px;margin:5px auto;\"><div class=\"lyMe lyte-audio\" id=\"WYL_owBb5bXFGJ0\"><div id=\"lyte_owBb5bXFGJ0\" data-src=\"https:\/\/www.millicozum.com\/mc\/wp-content\/plugins\/wp-youtube-lyte\/lyteCache.php?origThumbUrl=%2F%2Fi.ytimg.com%2Fvi%2FowBb5bXFGJ0%2Fhqdefault.jpg\" class=\"pL\"><div class=\"tC\"><div class=\"tT\"><\/div><\/div><div class=\"play\"><\/div><div class=\"ctrl\"><div class=\"Lctrl\"><\/div><div class=\"Rctrl\"><\/div><\/div><\/div><noscript><a href=\"https:\/\/youtu.be\/owBb5bXFGJ0\" rel=\"nofollow\"><img decoding=\"async\" src=\"https:\/\/www.millicozum.com\/mc\/wp-content\/plugins\/wp-youtube-lyte\/lyteCache.php?origThumbUrl=https%3A%2F%2Fi.ytimg.com%2Fvi%2FowBb5bXFGJ0%2F0.jpg\" alt=\"YouTube video thumbnail\" width=\"420\" height=\"18\" \/><br \/>Watch this video on YouTube<\/a><\/noscript><\/div><\/div><div class=\"lL\" style=\"max-width:100%;width:420px;margin:5px auto;\"><\/div>\n<\/div>\n\t\t\t\t\t\t<\/div>\n\t\t\t\t<\/div>\n\t\t\t\t<div class=\"elementor-element elementor-element-7c891a3d satir-basi siyah-link elementor-widget elementor-widget-text-editor\" data-id=\"7c891a3d\" data-element_type=\"widget\" data-widget_type=\"text-editor.default\">\n\t\t\t\t<div class=\"elementor-widget-container\">\n\t\t\t\t\t\t\t\t\t<p><span style=\"font-family: arial;\"><strong>New York Merkez Bankas\u0131 Eleman\u0131 Fatih Karahan MB Ba\u015fkan\u0131 Yap\u0131lm\u0131\u015ft\u0131!<\/strong><\/span><\/p>\n<p><span style=\"font-family: arial;\"><strong>Merkez Bankas\u0131 Ba\u015fkan\u0131 Hafize Gaye Erkan&#8217;\u0131n istifa etmesi \u00fczerine, Cumhurba\u015fkan\u0131 karar\u0131yla Merkez Bankas\u0131 Ba\u015fkan Yard\u0131mc\u0131l\u0131\u011f\u0131 g\u00f6revini y\u00fcr\u00fcten Fatih Karahan Merkez Bankas\u0131 Ba\u015fkanl\u0131\u011f\u0131na atanm\u0131\u015ft\u0131. 1982 y\u0131l\u0131nda Eski\u015fehir&#8217;de do\u011fan Fatih Karahan, 2006&#8217;da Bo\u011fazi\u00e7i \u00dcniversitesi Matematik ve End\u00fcstri M\u00fchendisli\u011fi b\u00f6l\u00fcmlerini tamamlad\u0131, 2012 y\u0131l\u0131nda ABD Pensilvanya \u00dcniversitesi&#8217;nde ekonomi alan\u0131nda y\u00fcksek lisans ve doktoras\u0131n\u0131 yapan Karahan, i\u015f hayat\u0131na, mezun oldu\u011fu 2012&#8217;de New York Merkez Bankas\u0131&#8217;nda ekonomist olarak ba\u015flad\u0131. 2022 y\u0131l\u0131na kadar New York Merkez Bankas\u0131&#8217;nda \u0130\u015f G\u00fcc\u00fc ve Para Politikas\u0131 Dan\u0131\u015fman\u0131 olarak \u00e7al\u0131\u015fan Karahan ayn\u0131 zamanda Columbia \u00dcniversitesi ile New York \u00dcniversitesinde de yar\u0131 zamanl\u0131 akademisyenlik yapt\u0131. 2022 y\u0131l\u0131nda Amazon&#8217;da ekonomist ve ba\u015f ekonomist olarak da g\u00f6rev yapan Karahan, Cumhurba\u015fkan\u0131 karar\u0131yla 28 Temmuz 2023&#8217;te T\u00fcrkiye Cumhuriyet Merkez Bankas\u0131 Ba\u015fkan Yard\u0131mc\u0131l\u0131\u011f\u0131&#8217;na atanm\u0131\u015ft\u0131.<\/strong><\/span><\/p>\n<p><span style=\"font-family: arial;\"><strong>Yani ABD Siyonist Yahudi sermayesinin bir fig\u00fcran\u0131 al\u0131n\u0131p, di\u011fer bir fig\u00fcran\u0131 Merkez Bankas\u0131n\u0131n ba\u015f\u0131na ta\u015f\u0131nm\u0131\u015ft\u0131!?<\/strong><\/span><\/p>\n<p><span style=\"font-family: arial;\"><strong>Merkez Bankas\u0131 Eski Ba\u015fkan\u0131 Hafize Gaye Erkan: <em>&#8220;Kamuoyunun malumu oldu\u011fu \u00fczere son d\u00f6nemde \u015fahs\u0131ma y\u00f6nelik b\u00fcy\u00fck bir itibar suikast\u0131 kampanyas\u0131 d\u00fczenlenmi\u015ftir. Bu s\u00fcre\u00e7ten ailem ve dahas\u0131 hen\u00fcz bir bu\u00e7uk ya\u015f\u0131na bile girmemi\u015f g\u00fcnahs\u0131z evlad\u0131m\u0131n daha fazla etkilenmemesi i\u00e7in, Say\u0131n Cumhurba\u015fkan\u0131m\u0131zdan, ilk g\u00fcnden beri \u015ferefle y\u00fcr\u00fctt\u00fc\u011f\u00fcm g\u00f6revimden aff\u0131m\u0131 talep etmi\u015f bulunuyorum\u201d<\/em> s\u00f6zleriyle istifa etti\u011fini a\u00e7\u0131klam\u0131\u015ft\u0131.<\/strong><\/span><\/p>\n<p><span style=\"font-family: arial;\"><strong>Merkez Bankas\u0131&#8217;n\u0131n yeni Ba\u015fkan\u0131 Fatih Karahan, son ABD B\u00fcy\u00fckel\u00e7isi ve Siyonist \u0130srail Hizmet\u00e7isi Murat Mercan&#8217;\u0131n ye\u011feni olmaktayd\u0131!<\/strong><\/span><\/p>\n<p><span style=\"font-family: arial;\"><strong>Yeni Merkez Bankas\u0131 Ba\u015fkan\u0131 Fatih Karahan, ayn\u0131 zamanda son ABD B\u00fcy\u00fckel\u00e7isi Murat Mercan&#8217;\u0131n ye\u011feni olmaktayd\u0131. Ayr\u0131ca Murat Mercan&#8217;\u0131n damad\u0131 Alparslan Bayraktar da Enerji ve Tabii Kaynaklar Bakan\u0131 olarak g\u00f6rev yapmaktayd\u0131. T\u00fcrkiye Cumhuriyet Merkez Bankas\u0131 (TCMB) Ba\u015fkan\u0131 Hafize Gaye Erkan&#8217;\u0131n istifas\u0131n\u0131 duyurmas\u0131n\u0131n ard\u0131ndan yeni Ba\u015fkan Fatih Karahan atanm\u0131\u015ft\u0131. Resmi Gazete&#8217;de yay\u0131mlanan kararla birlikte g\u00f6revine ba\u015flayan Fatih Karahan, ayn\u0131 zamanda 12 Ocak&#8217;ta g\u00f6revi sona eren eski ABD B\u00fcy\u00fckel\u00e7isi Murat Mercan&#8217;\u0131n ye\u011feni olmaktayd\u0131, Karahan, emekli B\u00fcy\u00fckel\u00e7i Murat Mercan&#8217;\u0131n ablas\u0131 Prof. Dr. Hatice Karahan ile SGK Eski Genel M\u00fcd\u00fcr\u00fc Prof. Dr. Servet R\u00fc\u015ft\u00fc Karahan&#8217;\u0131n o\u011fullar\u0131yd\u0131. Karahan, TCMB y\u00f6netiminin de\u011fi\u015fmesiyle 28 Temmuz 2023\u2019te Hafize Gaye Erkan\u2019la birlikte Merkez Bankas\u0131 Ba\u015fkan Yard\u0131mc\u0131l\u0131\u011f\u0131\u2019na atanm\u0131\u015ft\u0131.<\/strong><\/span><\/p>\n<p><span style=\"font-family: arial;\"><strong>Murat Mercan&#8217;\u0131n damad\u0131 <\/strong><strong><em>Alparslan Bayraktar<\/em><\/strong><strong> ise may\u0131s ay\u0131nda yap\u0131lan se\u00e7imlerden sonra kurulan kabinede Tabii Kaynaklar Bakanl\u0131\u011f\u0131&#8217;na atanm\u0131\u015ft\u0131. Bayraktar, 2018 y\u0131l\u0131nda hayat\u0131n\u0131, T\u00fcrkiye&#8217;nin ABD B\u00fcy\u00fckel\u00e7isi Murat Mercan&#8217;\u0131n k\u0131z\u0131 Saide Simin Mercan ile birle\u015ftirmi\u015fti. Murat Mercan o d\u00f6nem Tokyo B\u00fcy\u00fckel\u00e7isi olarak g\u00f6rev yap\u0131yordu. Bayraktar \u00e7iftinin nik\u00e2h \u015fahitli\u011fini Erdo\u011fan ile o d\u00f6nemki TBMM Ba\u015fkan\u0131 Binali Y\u0131ld\u0131r\u0131m ve Enerji ve Tabii Kaynaklar Bakan\u0131 Fatih D\u00f6nmez yapm\u0131\u015ft\u0131.<\/strong><\/span><\/p>\n<p><span style=\"font-family: arial;\"><strong>Murat Mercan\u2019\u0131n Yahudi a\u015fk\u0131!<\/strong><\/span><\/p>\n<p><span style=\"font-family: arial;\"><strong>Hasan Murat Mercan, daha \u00f6nce Erbakan\u2019dan kopar\u0131lan Erdo\u011fan\u2019\u0131n Yenilik\u00e7i Hareketi ile ABD Yahudi Lobisi aras\u0131nda irtibat kuran insand\u0131. Ayr\u0131ca bu Murat Mercan, AKP iktidar\u0131n\u0131n Siyonist \u0130srail\u2019le normalle\u015fme s\u00fcrecinin de mimar\u0131yd\u0131. Murat Mercan, AKP Milletvekilli\u011fi s\u0131ras\u0131nda B\u2019NAI B\u2019RITH (Ahit\u2019in \u00c7ocuklar\u0131) isimli Siyonist Yahudi \u00f6rg\u00fct\u00fcyle Erdo\u011fan iktidar\u0131n\u0131n ili\u015fkilerini sa\u011flam\u0131\u015ft\u0131. Sonradan T\u00fcrkiye\u2019nin Washington B\u00fcy\u00fckel\u00e7isi yap\u0131lan Murat Mercan, Sn. Erdo\u011fan\u2019a dan\u0131\u015fmanl\u0131k yapmak ve stratejik ak\u0131l sunmak \u00fczere Yahudi Siyonist Kalman Chaim Sporn ile anla\u015fm\u0131\u015flard\u0131r.<\/strong><\/span><\/p>\n<p><span style=\"font-family: arial;\"><strong>Mehmet \u015eim\u015fek\u2019in Derdi Yabanc\u0131 Yat\u0131r\u0131mc\u0131; Yani Siyonist Sermaye Baronlar\u0131yd\u0131!<\/strong><\/span><\/p>\n<p><span style=\"font-family: arial;\"><strong>Hazine ve Maliye Bakan\u0131 Mehmet \u015eim\u015fek, istifa eden Merkez Bankas\u0131 Ba\u015fkan\u0131 Gaye Erkan\u2019\u0131n yerine gelecek isme dair ayr\u0131nt\u0131lar\u0131, \u2018\u0130ngilizce\u2019 mesaj\u0131yla a\u00e7\u0131klam\u0131\u015ft\u0131. \u0130ktidar\u0131n ekonomi politikalar\u0131 kur, enflasyon ve cari a\u00e7\u0131k gibi g\u00f6stergelerde rekorlar k\u0131rm\u0131\u015ft\u0131. Buna siyasi belirsizlik de eklenince yabanc\u0131 yat\u0131r\u0131mc\u0131 \u00fclkeden ka\u00e7m\u0131\u015ft\u0131. Bunda, kendisine \u2018ekonomist\u2019 diyen Cumhurba\u015fkan\u0131 T. Erdo\u011fan\u2019\u0131n yanl\u0131\u015f kararlar\u0131n\u0131n da etkisi vard\u0131. Se\u00e7imler sonras\u0131ysa ekonomide \u2018U d\u00f6n\u00fc\u015f\u00fc\u2019 ya\u015fanm\u0131\u015ft\u0131. K\u00f6t\u00fc giden ekonomiyi toparlamas\u0131 i\u00e7in \u2018tam yetki\u2019yle Hazine ve Maliye Bakanl\u0131\u011f\u0131na getirilen Mehmet \u015eim\u015fek, ABD Siyonist sermaye \u00e7evrelerinin talimat\u0131yla Merkez Bankas\u0131 koltu\u011funa Hafize Gaye Erkan\u2019\u0131 ta\u015f\u0131m\u0131\u015ft\u0131. Erkan d\u00f6neminde faizler %45 seviyesine \u00e7\u0131km\u0131\u015ft\u0131. Ancak Erkan\u2019\u0131n \u2018ileti\u015fim\u2019 hatalar\u0131, sekiz ay sonra istifa etmesine yol a\u00e7m\u0131\u015ft\u0131. G\u00f6reve geldi\u011finden itibaren yabanc\u0131 yat\u0131r\u0131mc\u0131 i\u00e7in \u00fclke \u00fclke gezen Mehmet \u015eim\u015fek, yeni Ba\u015fkana dair ayr\u0131nt\u0131lar\u0131ysa \u0130ngilizce mesaj\u0131nda payla\u015fm\u0131\u015ft\u0131. \u015eim\u015fek, yeni Ba\u015fkan\u0131n: <em>\u201cOla\u011fan\u00fcst\u00fc bilgi birikimi ve uzmanl\u0131\u011fa sahip, sayg\u0131n bir makro ekonomist\u201d<\/em> olaca\u011f\u0131n\u0131 yani k\u00fcresel sermayenin hizmetk\u00e2rl\u0131\u011f\u0131n\u0131 yapaca\u011f\u0131n\u0131 a\u00e7\u0131klam\u0131\u015ft\u0131.<\/strong><\/span><\/p>\n<p><span style=\"font-family: arial;\"><strong>Ayasofya Camii \u00fcst galeri giri\u015f \u00fccreti 25 Euro\u2019ya (875 TL) \u00e7\u0131km\u0131\u015ft\u0131!<\/strong><\/span><\/p>\n<p><span style=\"font-family: arial;\"><strong>Ayasofya-i Kebir Camii \u015eerifi\u2019nin \u00fcst kat\u0131na T\u00fcrk vatanda\u015flar\u0131n\u0131n 25 euro giri\u015f \u00fccretini \u00f6deyerek girebilece\u011fi netlik kazanm\u0131\u015ft\u0131. Baz\u0131 vatanda\u015flar bu \u00fccreti fazla bularak tepki koymu\u015flard\u0131. Ayasofya\u2019n\u0131n galeri kat\u0131n\u0131n m\u00fcze yap\u0131ld\u0131\u011f\u0131 ve T\u00fcrklerin 25 euro verse bile giremeyece\u011fi iddialar\u0131 tart\u0131\u015f\u0131lm\u0131\u015ft\u0131. Yeni uygulamayla T\u00fcrk vatanda\u015flar\u0131n\u0131n 25 euro yani yakla\u015f\u0131k 875 lira \u00f6deyerek biletli bir \u015fekilde, Bizans mozaiklerinin bulundu\u011fu galeri kat\u0131n\u0131 gezebilecekleri a\u00e7\u0131kland\u0131. Ancak baz\u0131 vatanda\u015flar bu \u00fccrete kar\u015f\u0131 \u00e7\u0131kt\u0131. Ayasofya-i Kebir Camii \u015eerifi&#8217;nde 15 Ocak\u2019ta ibadet i\u00e7in gelenler ile camiyi turistik ama\u00e7l\u0131 ziyaret eden yabanc\u0131 turistlerin giri\u015flerini ay\u0131ran yeni bir uygulama ba\u015flat\u0131lm\u0131\u015ft\u0131. K\u00fclt\u00fcr ve Turizm Bakanl\u0131\u011f\u0131 taraf\u0131ndan Ayasofya\u2019da ger\u00e7ekle\u015ftirilen restorasyon ve koruma \u00e7al\u0131\u015fmalar\u0131 \u00e7er\u00e7evesinde ziyaret\u00e7iler i\u00e7in haz\u0131rlanan galeri kat\u0131n\u0131n, 3. Ahmet \u00c7e\u015fmesi kar\u015f\u0131s\u0131na konumland\u0131r\u0131lan bilet gi\u015fesi hizmete a\u00e7\u0131lm\u0131\u015ft\u0131. Ayasofya Camiine turistik ama\u00e7la gelen yabanc\u0131lar ise giri\u015f \u00fccreti olarak 25 euro \u00f6demeye ba\u015flam\u0131\u015ft\u0131.<\/strong><\/span><\/p>\n<p><span style=\"font-family: arial;\"><strong><em>&#8220;Biletli Bile T\u00fcrk Vatanda\u015flar\u0131 Giremiyor&#8221;<\/em><\/strong><strong> \u0130ddialar\u0131 Tart\u0131\u015f\u0131lm\u0131\u015ft\u0131!<\/strong><\/span><\/p>\n<p><span style=\"font-family: arial;\"><strong>Yeni uygulaman\u0131n y\u00fcr\u00fcrl\u00fc\u011fe girmesinin ard\u0131ndan Ayasofya-i Kebir Camii \u015eerifi&#8217;nde Bizans mozaiklerinin yer ald\u0131\u011f\u0131 galeri kat\u0131n\u0131n T\u00fcrklere yasak oldu\u011fu, sadece yabanc\u0131 turistlerin ziyaretine izin verildi\u011fi iddias\u0131 sosyal medyada g\u00fcndeme ta\u015f\u0131nm\u0131\u015ft\u0131. <em>&#8220;T\u00fcrkiye Cumhuriyeti vatanda\u015flar\u0131 bilet alsa bile Ayasofya&#8217;n\u0131n \u00fcst kat\u0131na giremiyor&#8221;<\/em> \u015feklinde ortaya at\u0131lan iddia sonras\u0131 baz\u0131 vatanda\u015flar uygulamaya tepki g\u00f6sterirken, baz\u0131lar\u0131 da iddian\u0131n do\u011fru olmad\u0131\u011f\u0131n\u0131 vurgulam\u0131\u015ft\u0131. Ayr\u0131ca <em>\u201cTuristler cami k\u0131sm\u0131na ayr\u0131, \u00fcst kata \u00e7\u0131kmak i\u00e7in ayr\u0131 para \u00f6d\u00fcyor\u201d<\/em> \u015feklinde iddialarda bulunmu\u015flard\u0131.<\/strong><\/span><\/p>\n<p><span style=\"font-family: arial;\"><strong>T\u00fcrk Vatanda\u015flar\u0131 Ancak \u00dccretini \u00d6deyerek \u00dcst Kata \u00c7\u0131kacaklard\u0131!<\/strong><\/span><\/p>\n<p><span style=\"font-family: arial;\"><strong>K\u00fclt\u00fcr ve Turizm Bakanl\u0131\u011f\u0131 kaynaklar\u0131ndan edinilen bilgiye g\u00f6re, Ayasofya-i Kebir Camii \u015eerifi&#8217;nin \u00fcst kat\u0131ndaki galeri b\u00f6l\u00fcm\u00fcne 22 Ocak 2023 itibar\u0131yla T\u00fcrk vatanda\u015flar\u0131n\u0131n 25 euro kar\u015f\u0131l\u0131\u011f\u0131nda girebilecekleri a\u00e7\u0131klanm\u0131\u015ft\u0131. Galeri kat\u0131n\u0131 ziyaret etmek isteyen T\u00fcrk vatanda\u015flar\u0131n\u0131n 3. Ahmet \u00c7e\u015fmesi kar\u015f\u0131s\u0131na konumland\u0131r\u0131lan bilet gi\u015fesinden bilet almalar\u0131 ve giri\u015ften ge\u00e7i\u015f yaparak Harim Kat\u0131 (ibadet edilen alan) ile Osmanl\u0131 D\u00f6nemi eklerini g\u00f6rebilecekleri vurgulanm\u0131\u015ft\u0131. \u00d6te yandan Ayasofya-i Kebir Camii \u015eerifi&#8217;nin galeri kat\u0131n\u0131 ziyaret etmek i\u00e7in belirlenen giri\u015f \u00fccretinin T\u00fcrk vatanda\u015flar\u0131 i\u00e7in de 25 euro olmas\u0131na baz\u0131 vatanda\u015flar kar\u015f\u0131 \u00e7\u0131km\u0131\u015flard\u0131.<\/strong><\/span><\/p>\n<p><span style=\"font-family: arial;\"><strong>Ayasofya&#8217;n\u0131n \u00fcst kat\u0131 m\u00fcze olunca, Erdo\u011fan&#8217;\u0131n ge\u00e7mi\u015fteki konu\u015fmas\u0131 hat\u0131rlat\u0131lm\u0131\u015ft\u0131!<\/strong><\/span><\/p>\n<p><span style=\"font-family: arial;\"><strong><em>\u201cKaramollao\u011flu \u00e7\u0131km\u0131\u015f, &#8216;Ayasofya&#8217;n\u0131n bir b\u00f6l\u00fcm\u00fc m\u00fcze olsun&#8217; diyor. Yaz\u0131klar olsun sana!\u201d<\/em><\/strong><strong> diye \u00e7\u0131k\u0131\u015fan Erdo\u011fan, \u015fimdi ayn\u0131s\u0131n\u0131 yapm\u0131\u015ft\u0131! <\/strong><strong>Ayasofya&#8217;n\u0131n bir b\u00f6l\u00fcm\u00fcn\u00fcn yani \u00fcst kat\u0131n\u0131n 25 euro kar\u015f\u0131l\u0131\u011f\u0131nda gezilebiliyor olmas\u0131 sosyal medyada tart\u0131\u015f\u0131lm\u0131\u015ft\u0131. Bu durum, 29 Mart 2023 ak\u015fam\u0131 Cumhurba\u015fkan\u0131 Erdo\u011fan&#8217;\u0131n kat\u0131ld\u0131\u011f\u0131 programda yapt\u0131\u011f\u0131 a\u00e7\u0131klamay\u0131 hat\u0131rlatm\u0131\u015ft\u0131: <em>&#8220;Karamollao\u011flu,<\/em> <em>&#8216;Ayasofya&#8217;n\u0131n bir b\u00f6l\u00fcm\u00fc m\u00fcze olsun&#8217; diyor. Yaz\u0131klar olsun sana!&#8221; <\/em>diye \u00e7\u0131k\u0131\u015fm\u0131\u015ft\u0131. Ayasofya&#8217;n\u0131n camii olarak kullan\u0131lmaya ba\u015flamas\u0131n\u0131 savunan ve bunu ger\u00e7ekle\u015ftirdikten sonra b\u00fcy\u00fck bir a\u00e7\u0131l\u0131\u015f yap\u0131p <\/strong><strong><em>Ayasofya&#8217;n\u0131n m\u00fczelikten kurtar\u0131ld\u0131\u011f\u0131n\u0131 anlatan<\/em><\/strong><strong> Cumhurba\u015fkan\u0131 Erdo\u011fan&#8217;\u0131n 29 Mart 2023 tarihinde kat\u0131ld\u0131\u011f\u0131 programda s\u00f6ylediklerinin \u015fimdi tam tersini yapmas\u0131 kafalar\u0131 kar\u0131\u015ft\u0131rm\u0131\u015ft\u0131. Cumhurba\u015fkan\u0131 Erdo\u011fan&#8217;\u0131n ge\u00e7mi\u015f tarihli bu konu\u015fmas\u0131n\u0131n yeniden g\u00fcndeme gelmesinin nedeni ise Ayasofya&#8217;n\u0131n bir b\u00f6l\u00fcm\u00fc yani \u00fcst kat\u0131 ancak 25 euro verilerek gezilebiliyor olmas\u0131yd\u0131. \u015eimdi Ayasofya; cami mi, m\u00fcze mi? tart\u0131\u015fmas\u0131 ba\u015flam\u0131\u015ft\u0131.<\/strong><\/span><\/p>\n<p><span style=\"font-family: arial;\"><strong>R. T. Erdo\u011fan\u2019\u0131n, 30 Mart 2023\u2019te \u00c7ankaya K\u00f6\u015fk\u00fc&#8217;nde yapt\u0131\u011f\u0131 konu\u015fmalar\u0131n bir k\u0131sm\u0131:<\/strong><\/span><\/p>\n<p><span style=\"font-family: arial;\"><strong>\u201c\u015eunlar\u0131n ac\u0131nacak halini g\u00f6r\u00fcnce, do\u011frusu milletim ad\u0131na ben \u00e7ok \u00fcz\u00fcl\u00fcyorum. Yani bir taraftan Meral Han\u0131m \u00e7\u0131k\u0131yor: <em>\u2018A\u00e7amazs\u0131n\u0131z!\u2019<\/em> diyor. Meral Han\u0131m, Cumhurba\u015fkan\u0131n\u0131n imzas\u0131n\u0131n oldu\u011fu genelgeyi herhalde g\u00f6rd\u00fcn. A\u00e7t\u0131k m\u0131? A\u00e7t\u0131k. Bir tanesi \u00e7\u0131k\u0131yor: \u2018<em>B<\/em><em>ir metrekarelik bez par\u00e7as\u0131\u2019<\/em> diyor. Bay bay Kemal: <em>\u201cBen ona \u00e7ul derim\u201d<\/em> diyor. Bir ba\u015fkas\u0131, (Temel) Karamollao\u011flu, <em>\u201cAyasofya\u2019n\u0131n bir b\u00f6l\u00fcm\u00fcn\u00fc m\u00fcze olarak kullan\u0131r\u0131z\u2019<\/em> diyor. Yaz\u0131klar olsun sana!.. Fatih Sultan Mehmet\u2019in bu mabedin neresini m\u00fcze olarak b\u0131rakt\u0131\u011f\u0131n\u0131 duydun? Hangi kitapta var bu? Al i\u015fte bu Kabo\u011flu denilen, kaba m\u0131 kaba adam; Ayasofya\u2019n\u0131n bir b\u00f6l\u00fcm\u00fcn\u00fcn m\u00fcze olmas\u0131ndan bahsediyor. <em>S\u00f6yle bana arkada\u015f\u0131n\u0131, s\u00f6yleyeyim sana kim oldu\u011funu<\/em>\u2026 Ey Temel Efendi\u2026 \u0130\u015fte sen o kaba denilen adamlarla \u015fu anda ayn\u0131 saftas\u0131n. Bir ba\u015fkas\u0131 \u00e7\u0131k\u0131yor: <em>\u2018Yap\u0131lan\u0131n ad\u0131 siyasi y\u00fczs\u00fczl\u00fckt\u00fcr\u2019<\/em> diyor. \u015eu anda yan\u0131nda olan Temel Efendiyle beraber, o hangi esaslar \u00fczerinde hareket ediyor? Anlay\u0131n\u2026\u201d<\/strong><a href=\"#_ftn1\" name=\"_ftnref1\"><strong>[1]<\/strong><\/a><strong> diyen Erdo\u011fan \u015fimdi hangi y\u00fczle Ayasofya\u2019n\u0131n \u00fcst kat\u0131n\u0131 m\u00fczeye \u00e7evirmi\u015f bulunmaktayd\u0131?<\/strong><\/span><\/p>\n<p><span style=\"font-family: arial;\"><strong>Ayr\u0131ca Sn. Temel Karamollao\u011flu\u2019na <em>\u201cAyasofya\u2019n\u0131n \u00fcst kat\u0131n\u0131n m\u00fcze yap\u0131lmas\u0131\u2026\u201d<\/em> fikrini kimler a\u015f\u0131lam\u0131\u015ft\u0131?<\/strong><\/span><\/p>\n<p><span style=\"font-family: arial;\"><strong>\u0130ptal Edilen M\u00fcze Karar\u0131n\u0131n 3.5 Y\u0131l Sonra \u00dcst Kat \u0130\u00e7in Devam Karar\u0131n\u0131 Kim Alm\u0131\u015ft\u0131?<\/strong><\/span><\/p>\n<p><span style=\"font-family: arial;\"><strong>Dan\u0131\u015ftay\u2019\u0131n,<\/strong><strong> Bakanlar Kurulunun 24 Kas\u0131m 1934 tarihli m\u00fcze karar\u0131n\u0131 iptalinden sonra 10 Temmuz 2020 tarihli CB Kararnamesiyle ibadete a\u00e7\u0131lan \u201c<\/strong><strong><em>Ayasofya\u2019n\u0131n \u00fcst kat\u0131n\u0131 tekrar m\u00fczeye \u00e7evirme karar\u0131n\u0131 kimin ald\u0131\u011f\u0131?\u201d<\/em><\/strong><strong> tart\u0131\u015f\u0131lmaktayd\u0131. Bu <\/strong><strong><em>k\u0131smi<\/em><\/strong><strong><em> m\u00fcze karar\u0131n\u0131n,<\/em><\/strong><strong> fetihten sonra Ayasofya\u2019y\u0131 camiye \u00e7eviren Fatih\u2019in vakfiyesine uygunlu\u011fu tart\u0131\u015f\u0131l\u0131rken, m\u00fcze i\u015fletmecili\u011finin verildi\u011fi firman\u0131n AKP ve K\u00fclt\u00fcr-Turizm Bakan\u0131yla ili\u015fkisi sorgulanmaktayd\u0131. \u015eimdi <\/strong><strong>vatanda\u015f \u015fa\u015fk\u0131nd\u0131: <em>\u201cAyasofya; sanat galerisi mi, m\u00fcze mi, cami mi olmaktayd\u0131?\u201d<\/em><\/strong><\/span><\/p>\n<p><span style=\"font-family: arial;\"><strong>Ayasofya bilet paralar\u0131 kime ak\u0131t\u0131lmaktayd\u0131?<\/strong><\/span><\/p>\n<p><span style=\"font-family: arial;\"><strong><em>\u201cAyasofya\u2019n\u0131n yabanc\u0131 turistlere a\u00e7\u0131lan \u00fcst kat\u0131n\u0131n i\u015fletmesini alan firman\u0131n ortaklar\u0131ndan biri, K\u00fclt\u00fcr ve Turizm Bakan\u0131 Mehmet Nuri Ersoy\u2019un kar\u0131s\u0131n\u0131n k\u0131z karde\u015finin e\u015fi oldu\u011fu ortaya at\u0131lm\u0131\u015ft\u0131\u201d <\/em><\/strong><strong>Ayasofya-i Kebir Camii\u2019ne ibadet i\u00e7in gelenler ile k\u00fclt\u00fcrel ama\u00e7la ziyaret ger\u00e7ekle\u015ftirenlerin ayr\u0131lmas\u0131 ve giri\u015flerde olu\u015fan yo\u011funluklar\u0131n da \u00f6nlenmesi gerek\u00e7esiyle ba\u015flat\u0131lan uygulama ile yabanc\u0131 turistlerin tarihi yap\u0131ya ger\u00e7ekle\u015ftirecekleri ziyaretin bedeli 25 Euro\u2019ya \u00e7\u0131km\u0131\u015ft\u0131. K\u00fclt\u00fcr ve Turizm Bakan\u0131 Mehmet Nuri Ersoy, Unesco\u2019nun \u00f6nerisi do\u011frultusunda 15 Ocak 2024\u2019ten itibaren ziyaret\u00e7i y\u00f6netim plan\u0131n\u0131n uygulanaca\u011f\u0131n\u0131 ve bu tarihten sonra yabanc\u0131 turistlerden Ayasofya\u2019ya girmek i\u00e7in 25 euro (875 TL) \u00fccret al\u0131naca\u011f\u0131n\u0131 hat\u0131rlatm\u0131\u015ft\u0131.<\/strong><\/span><\/p>\n<p><span style=\"font-family: arial;\"><strong>ABD Hem Sava\u015f \u00c7\u0131karmakta, Hem Silah Satmaktayd\u0131!<\/strong><\/span><\/p>\n<p><span style=\"font-family: arial;\"><strong>D\u00fcnyadaki sava\u015flar\u0131n tamam\u0131na yak\u0131n\u0131n\u0131n hamisi durumundaki Amerika, ayn\u0131 zamanda bu sava\u015flarda kullan\u0131lan silahlar\u0131n da tamam\u0131na yak\u0131n\u0131n\u0131 pazarlamaktayd\u0131. ABD&#8217;nin 2023 silah sat\u0131\u015flar\u0131 238 milyar dolara ula\u015fm\u0131\u015ft\u0131. Rusya ile Ukrayna aras\u0131ndaki sava\u015ftan bu yana savunma kapasitesini geni\u015fletmeye \u00e7al\u0131\u015fan Polonya, ABD&#8217;den 30 milyar dolarl\u0131k silah sat\u0131n alm\u0131\u015ft\u0131. Rusya ile Ukrayna aras\u0131nda devam eden sava\u015f\u0131n etkisiyle b\u00f6lgesel silah talebinin artmas\u0131yla, ABD&#8217;nin silah sat\u0131\u015flar\u0131 ciddi art\u0131\u015f g\u00f6stererek toplamda 238 milyar dolara \u00e7\u0131km\u0131\u015ft\u0131. BBC&#8217;nin haberine g\u00f6re, ABD&#8217;nin 2023 y\u0131l\u0131nda yabanc\u0131 \u00fclkelere silah sat\u0131\u015flar\u0131 dikkat \u00e7ekici boyutlara varm\u0131\u015ft\u0131.<\/strong><\/span><\/p>\n<p><span style=\"font-family: arial;\"><strong>D\u0131\u015fi\u015fleri Bakanl\u0131\u011f\u0131n\u0131n ekim ay\u0131nda sona eren mali y\u0131l i\u00e7in h\u00fck\u00fcmete haz\u0131rlad\u0131\u011f\u0131 raporda, ABD h\u00fck\u00fcmetinin 2022&#8217;ye k\u0131yasla 2023&#8217;te %56&#8217;l\u0131k art\u0131\u015fla 81 milyar dolarl\u0131k sat\u0131\u015f i\u00e7in do\u011frudan pazarl\u0131k yapt\u0131\u011f\u0131 a\u00e7\u0131klanm\u0131\u015ft\u0131. Amerikan savunma \u015firketlerinin yabanc\u0131 \u00fclkelere yapt\u0131\u011f\u0131 do\u011frudan sat\u0131\u015flarla birlikte ise toplam sat\u0131\u015f miktar\u0131 238 milyar dolar olarak saptanm\u0131\u015ft\u0131.<\/strong><\/span><\/p>\n<p><span style=\"font-family: arial;\"><strong>Polonya, 30 milyar dolar de\u011ferinde silah alm\u0131\u015ft\u0131!<\/strong><\/span><\/p>\n<p><span style=\"font-family: arial;\"><strong>Savunma kapasitesini geni\u015fletme \u00e7abas\u0131nda olan Ukrayna&#8217;n\u0131n kom\u015fusu Polonya, ABD&#8217;den en b\u00fcy\u00fck silah al\u0131m\u0131 yapan \u00fclkelerden biri konumundayd\u0131. 12 milyar dolar de\u011ferinde Apache helikopterleri sat\u0131n alan Polonya, HIMARS \u00e7oklu roketatar sistemi i\u00e7in 10 milyar dolar ve M1A1 Abrams tanklar\u0131 i\u00e7in 3,75 milyar dolar ay\u0131rm\u0131\u015ft\u0131. Polonya, ayr\u0131ca, entegre hava ve f\u00fcze savunma muharebe sistemlerine 4 milyar dolar harcad\u0131. Ba\u015fbakan Donald Tusk, \u00f6nceki h\u00fck\u00fcmetin Polonya&#8217;y\u0131 &#8220;Avrupa&#8217;n\u0131n en g\u00fc\u00e7l\u00fc kara g\u00fcc\u00fc&#8221; yapmay\u0131 hedefleyen askeri modernizasyon program\u0131n\u0131 s\u00fcrd\u00fcrmeyi ama\u00e7lam\u0131\u015ft\u0131. ABD&#8217;nin silah sat\u0131\u015flar\u0131, Ukrayna Sava\u015f\u0131 nedeniyle uzun y\u0131llard\u0131r Washington&#8217;dan sonraki en b\u00fcy\u00fck ikinci silah sat\u0131c\u0131s\u0131 Moskova&#8217;dan uzakla\u015fan \u00fclkeler taraf\u0131ndan art\u0131r\u0131lm\u0131\u015ft\u0131.<\/strong><\/span><\/p>\n<p><span style=\"font-family: arial;\"><strong>Almanya, Chinook tipi helikopterlere 8,5 milyar dolar harcam\u0131\u015ft\u0131. Bulgaristan, Stryker tipi z\u0131rhl\u0131 ara\u00e7lara 1,5 milyar dolar \u00f6derken, Norve\u00e7 1 milyar dolar de\u011ferinde \u00e7ok i\u015flevli helikopterler sat\u0131n alm\u0131\u015ft\u0131. \u00c7ek Cumhuriyeti ise 5,6 milyar dolarl\u0131k F-35 sava\u015f u\u00e7aklar\u0131 ve m\u00fchimmat\u0131 \u0131smarlam\u0131\u015ft\u0131.<\/strong><\/span><\/p>\n<p><span style=\"font-family: arial;\"><strong>G\u00fcney Kore, F-35 u\u00e7aklar\u0131na 5 milyar dolar aktarm\u0131\u015ft\u0131!<\/strong><\/span><\/p>\n<p><span style=\"font-family: arial;\"><strong>Amerikan silahlar\u0131na Avrupa d\u0131\u015f\u0131nda da yo\u011fun ilgi vard\u0131. G\u00fcney Kore, F-35 sava\u015f u\u00e7aklar\u0131 i\u00e7in 5 milyar dolar \u00f6derken, Avustralya C130J-30 Super Hercules tipi u\u00e7aklara 6,3 milyar dolar aktarm\u0131\u015ft\u0131. Japonya da E-2D Hawkeye tipi g\u00f6zetleme u\u00e7a\u011f\u0131 i\u00e7in 1 milyar dolarl\u0131k anla\u015fma yapm\u0131\u015ft\u0131.<\/strong><\/span><\/p>\n<p><span style=\"font-family: arial;\"><strong><em>\u201c\u0130srail U\u011fruna Yahudi Saltanat\u0131 Riske At\u0131lmamal\u0131!\u201d<\/em><\/strong><strong> \u00c7\u0131k\u0131\u015flar\u0131 Yo\u011funla\u015fm\u0131\u015ft\u0131!<\/strong><\/span><\/p>\n<p><span style=\"font-family: arial;\"><strong>ABD\u2019de muhalif yaz\u0131lar\u0131n a\u011f\u0131rl\u0131kl\u0131 olarak yer ald\u0131\u011f\u0131 <\/strong><strong>The Intercept<\/strong><strong> sitesinde, ABD\u2019nin \u0130srail\u2019i korumas\u0131n\u0131n nelere mal oldu\u011funa dair geni\u015f kapsaml\u0131 bir makale yay\u0131mlanm\u0131\u015ft\u0131. Makalede <em>\u201c\u00d6zellikle ABD b\u00f6lgeden uzakla\u015fmaya \u00e7al\u0131\u015f\u0131rken, \u0130srail giderek Amerika&#8217;n\u0131n Orta Do\u011fu&#8217;daki \u00e7\u0131karlar\u0131na kar\u015f\u0131 bir sorun haline geliyor. ABD&#8217;li yetkililer, \u0130srail h\u00fck\u00fcmetini yerel tehditlerden korumak ve Gazze&#8217;deki kampanyaya y\u00f6nelik uluslararas\u0131 \u00f6fkeyi uzakla\u015ft\u0131rmak i\u00e7in \u00f6nemli ekonomik, siyasi ve askeri kaynaklar\u0131 ay\u0131rmaya zorlan\u0131yor\u201d<\/em> ifadeleri yer alm\u0131\u015ft\u0131.<\/strong><\/span><\/p>\n<p><span style=\"font-family: arial;\"><strong>\u0130srail, Art\u0131k Bat\u0131l\u0131lar \u0130\u00e7in Bir K\u00fclfet Konumundayd\u0131!<\/strong><\/span><\/p>\n<p><span style=\"font-family: arial;\"><strong>Yaz\u0131da,<\/strong><strong> Washington&#8217;daki Georgetown \u00dcniversitesi&#8217;ndeki Arap Ara\u015ft\u0131rmalar\u0131 Enstit\u00fcs\u00fc&#8217;ne (ASI) ba\u011fl\u0131 bir medya kurulu\u015fu Jadaliyya\u2019n\u0131n Orta Do\u011fu uzman\u0131 yazar\u0131 Mouin Rabbani\u2019ye atfen \u015fu g\u00f6r\u00fc\u015fler aktar\u0131lm\u0131\u015ft\u0131: <em>\u201c\u0130srail&#8217;in Bat\u0131l\u0131 sponsorlar\u0131 ve m\u00fcttefikleri i\u00e7in en \u00f6nemli \u00f6zelli\u011fi, her \u015feye g\u00fcc\u00fc yeten bir yerel polis memuru ve Orta Do\u011fu&#8217;da Bat\u0131 \u00e7\u0131karlar\u0131n\u0131n en iyi kalesi olarak temsil edilmesi san\u0131lm\u0131\u015ft\u0131r. Ama art\u0131k bu \u00f6ng\u00f6r\u00fc tersine \u00e7evrilmi\u015f durumdad\u0131r. \u00c7\u00fcnk\u00fc \u0130srail, ABD ve Bat\u0131 i\u00e7in bir tehlike olmaya ba\u015flam\u0131\u015ft\u0131r.\u201d<\/em><\/strong><\/span><\/p>\n<p><span style=\"font-family: arial;\"><strong>Hamas&#8217;\u0131n \u0130srail&#8217;e sald\u0131r\u0131s\u0131n\u0131 takip eden g\u00fcnlerde Ba\u015fkan Joe Biden\u2019\u0131n, onlarca y\u0131ld\u0131r kulland\u0131\u011f\u0131 <em>&#8220;Ger\u00e7ek \u015fu ki, \u0130srail olmasayd\u0131, bir tane icat etmek zorunda kal\u0131rd\u0131k&#8221;<\/em> s\u00f6z\u00fc hat\u0131rlat\u0131lm\u0131\u015ft\u0131.<\/strong><\/span><\/p>\n<p><span style=\"font-family: arial;\"><strong>Amerika siyasi tarihinde daha \u00f6nce de buna benzer g\u00f6r\u00fc\u015fler dile getirildi\u011fi yaz\u0131daki \u015fu b\u00f6l\u00fcm enteresand\u0131; <\/strong><strong><em>\u201cRobert F. Kennedy, \u0130srail Devleti&#8217;ni ABD&#8217;nin \u2018Ortado\u011fu&#8217;da u\u00e7ak gemisine sahip olmas\u0131na\u201d<\/em><\/strong><strong> benzetmi\u015fti. Yak\u0131n zamanda Cumhuriyet\u00e7ilerin Ba\u015fkanl\u0131k tart\u0131\u015fmas\u0131nda Nikki Haley, <em>\u2018\u0130srail&#8217;in bize de\u011fil, bizim \u0130srail&#8217;e ihtiyac\u0131m\u0131z var\u2019<\/em> diyecek kadar ileri gitmi\u015fti\u2026<\/strong><\/span><\/p>\n<p><span style=\"font-family: arial;\"><strong>Yaz\u0131da ABD\u2019nin \u00f6nemli d\u00fc\u015f\u00fcnce kurulu\u015fu Quincy Institute for Responsible Statecraft kurucu orta\u011f\u0131 ve Ba\u015fkan Yard\u0131mc\u0131s\u0131 Trita Parsi\u2019nin; <em>&#8220;ABD&#8217;nin askeri ve diplomatik korumas\u0131, \u0130sraillileri uzla\u015fma aray\u0131\u015f\u0131ndan cayd\u0131rd\u0131. E\u011fer ABD\u2019nin \u015farts\u0131z ve s\u0131n\u0131rs\u0131z deste\u011fi olmasayd\u0131, \u0130srail Filistin\u2019de bar\u0131\u015fa raz\u0131 olacakt\u0131\u2026&#8221;<\/em> s\u00f6zleri \u00e7arp\u0131c\u0131yd\u0131.<\/strong><\/span><\/p>\n<p><span style=\"font-family: arial;\"><strong><em>&#8220;Sorgusuz destek ve bo\u015f \u00e7ek sa\u011flad\u0131\u011f\u0131m\u0131zda, m\u00fcttefik olarak g\u00f6rd\u00fc\u011f\u00fcm\u00fcz \u00fclkelerin en k\u00f6t\u00fc davran\u0131\u015flar\u0131n\u0131 k\u00f6r\u00fckl\u00fcyoruz&#8221; <\/em><\/strong><strong>uyar\u0131lar\u0131 yap\u0131lm\u0131\u015ft\u0131. <\/strong><\/span><\/p>\n<p><span style=\"font-family: arial;\"><strong>ABD Askeri \u00dcsleri Ele\u015ftirilmeye Ba\u015flanm\u0131\u015ft\u0131.<\/strong><\/span><\/p>\n<p><span style=\"font-family: arial;\"><strong>Yaz\u0131da <em>\u201cY\u0131llard\u0131r Tower 22 karakolu ve Irak, Suriye ve \u00dcrd\u00fcn gibi kom\u015fu \u00fclkelerdeki di\u011fer ABD askeri \u00fcsleri, ABD birliklerinin kolay hedefler halini ald\u0131\u011f\u0131 ve Amerikan \u00e7\u0131karlar\u0131na hi\u00e7bir faydas\u0131 olmad\u0131\u011f\u0131\u201d<\/em> vurgulanm\u0131\u015ft\u0131.<\/strong><\/span><\/p>\n<p><span style=\"font-family: arial;\"><strong>Yaz\u0131,<\/strong><strong> bug\u00fcne gelinen noktay\u0131 \u015f\u00f6yle aktarm\u0131\u015ft\u0131:<\/strong><\/span><\/p>\n<p><span style=\"font-family: arial;\"><strong><em>\u201cABD askeri yetkilileri, \u0130srail&#8217;e y\u00f6nelik ko\u015fulsuz ABD deste\u011finin, \u0130srail&#8217;in Filistinlilere y\u00f6nelik y\u0131k\u0131m ve k\u0131y\u0131m politikalar\u0131 nedeniyle pop\u00fclerli\u011fini yitirdi\u011fi, b\u00f6lgedeki ABD \u00e7\u0131karlar\u0131 \u00fczerindeki etkisini hakl\u0131 olarak ele\u015ftirmektedir. ABD&#8217;li askeri yetkililerin bile yapt\u0131\u011f\u0131 bu \u015fik\u00e2yetler, siyasi bask\u0131 alt\u0131nda s\u0131kl\u0131kla reddedilmektedir. ABD liderlerinin \u00fclkenin Orta Do\u011fu&#8217;daki ayak izini azaltma y\u00f6n\u00fcnde defalarca verdi\u011fi s\u00f6zlere ra\u011fmen, ABD&#8217;nin \u0130srail&#8217;e olan ba\u011fl\u0131l\u0131\u011f\u0131 b\u00f6lge genelinde askeri m\u00fcdahaleye d\u00f6n\u00fc\u015fm\u00fc\u015f vaziyettedir. \u0130srail ABD\u2019nin ba\u015f\u0131na b\u00fcy\u00fck riskler a\u00e7aca\u011fa benzemektedir\u2026\u201d<\/em><\/strong><\/span><\/p>\n<p><span style=\"font-family: arial;\"><strong>Blinken&#8217;dan, <em>&#8220;Ortado\u011fu&#8217;da 1973&#8217;ten bu yana en tehlikeli d\u00f6nemi ya\u015f\u0131yoruz&#8221;<\/em> itiraf\u0131!<\/strong><\/span><\/p>\n<p><span style=\"font-family: arial;\"><strong>Filistin\u2019de ya\u015fanan \u0130srail sorununu \u00e7\u00f6zmek yerine s\u00fcrekli k\u0131\u015fk\u0131rt\u0131p destek veren; Afganistan, Irak, Suriye, Libya gibi \u0130slam \u00fclkelerini parampar\u00e7a eden, bu \u00fclkelerde kalan son nefesleri de kesmek i\u00e7in f\u0131rsat g\u00f6zleyen ABD\u2019den ilgin\u00e7 bir de\u011ferlendirme yap\u0131lm\u0131\u015ft\u0131. ABD D\u0131\u015fi\u015fleri Bakan\u0131 <\/strong><strong>Yahudi Antony Blinken<\/strong><strong>, 7 Ekim&#8217;den Suriye-\u00dcrd\u00fcn s\u0131n\u0131r\u0131ndaki Amerikan \u00fcss\u00fcne d\u00fczenlenen sald\u0131r\u0131ya kadarki s\u00fcreci, <em>&#8220;1973&#8217;ten bu yana b\u00f6lgede (Ortado\u011fu&#8217;da), \u015fu an kar\u015f\u0131 kar\u015f\u0131ya kald\u0131\u011f\u0131m\u0131z kadar tehlikeli bir d\u00f6nem g\u00f6rmedik&#8221;<\/em> s\u00f6zleriyle tan\u0131mlam\u0131\u015ft\u0131.<\/strong><\/span><\/p>\n<p><span style=\"font-family: arial;\"><strong>NATO Genel Sekreteri Jens Stoltenberg ile Washington&#8217;da ortak bas\u0131n toplant\u0131s\u0131 d\u00fczenleyen Blinken, 3 Amerikan askerinin \u00f6ld\u00fc\u011f\u00fc sald\u0131r\u0131ya ili\u015fkin de\u011ferlendirmeler yapm\u0131\u015ft\u0131. Blinken, 7 Ekim&#8217;den sonra iyice t\u0131rmanan gerilimin b\u00f6lgede ciddi bir tansiyon biriktirdi\u011fini vurgulam\u0131\u015ft\u0131.<\/strong><\/span><\/p>\n<p><span style=\"font-family: arial;\"><strong>ABD&#8217;li Bakan, son 3 ayda b\u00f6lgede y\u00fckselen tansiyonu, <em>&#8220;\u015eu anda Ortado\u011fu&#8217;da inan\u0131lmaz istikrars\u0131z bir d\u00f6nem ya\u015f\u0131yoruz. 1973&#8217;ten bu yana b\u00f6lgede, \u015fu an kar\u015f\u0131 kar\u015f\u0131ya kald\u0131\u011f\u0131m\u0131z kadar tehlikeli bir d\u00f6nem g\u00f6rmedik&#8221;<\/em> s\u00f6zleriyle aktarm\u0131\u015ft\u0131. Gerilimin b\u00f6lge geneline yay\u0131lmas\u0131n\u0131 istemediklerini ifade eden Blinken, bununla birlikte Amerikan kuvvetlerini ve \u00e7\u0131karlar\u0131n\u0131 korumak i\u00e7in gereken her \u015feyi yapmaya devam edeceklerini de hat\u0131rlatm\u0131\u015ft\u0131.<\/strong><\/span><\/p>\n<p><span style=\"font-family: arial;\"><strong>BMGK&#8217;dan tepki \u00e7eken K\u0131br\u0131s karar\u0131!<\/strong><\/span><\/p>\n<p><span style=\"font-family: arial;\"><strong>Birle\u015fmi\u015f Milletler G\u00fcvenlik Konseyi (BMGK), K\u0131br\u0131s&#8217;ta 1964&#8217;ten beri Ada&#8217;da bulunan BM Bar\u0131\u015f G\u00fcc\u00fc&#8217;n\u00fcn (BMBG) g\u00f6rev s\u00fcresini bir y\u0131l daha uzatma karar\u0131 alm\u0131\u015ft\u0131. KKTC: <em>&#8216;K\u0131br\u0131s T\u00fcrk taraf\u0131n\u0131n iradesini ve varl\u0131\u011f\u0131n\u0131 yok sayan bu yakla\u015f\u0131m\u0131 reddediyoruz&#8217;<\/em> a\u00e7\u0131klamas\u0131n\u0131 yapm\u0131\u015ft\u0131. Birle\u015fmi\u015f Milletler G\u00fcvenlik Konseyi&#8217;nde (BMGK) karar oy birli\u011fiyle \u00e7\u0131km\u0131\u015ft\u0131. B\u00f6ylelikle, 1964&#8217;ten beri Ada&#8217;da bulunan BMBG&#8217;nin g\u00f6rev s\u00fcresi 1 y\u0131l daha uzat\u0131lm\u0131\u015ft\u0131!<\/strong><\/span><\/p>\n<p><span style=\"font-family: arial;\"><strong>Eski Kolombiya D\u0131\u015fi\u015fleri Bakan\u0131 Cuellar K\u0131br\u0131s \u015eahsi Temsilcisi Olarak Atanm\u0131\u015ft\u0131!<\/strong><\/span><\/p>\n<p><span style=\"font-family: arial;\"><strong>Kararda, BM Genel Sekreteri Antonio Guterres&#8217;in, <em>eski Kolombiya D\u0131\u015fi\u015fleri Bakan\u0131 Cuellar&#8217;\u0131 K\u0131br\u0131s \u015eahsi Temsilcisi olarak atamas\u0131n\u0131n memnuniyetle kar\u015f\u0131land\u0131\u011f\u0131<\/em> bildirilirken, taraflara bunu f\u0131rsat olarak de\u011ferlendirme ve i\u015f birli\u011fi i\u00e7inde hareket etme \u00e7a\u011fr\u0131s\u0131 yap\u0131lm\u0131\u015ft\u0131. Taraflara ara b\u00f6lgede gerginli\u011fi azaltma \u00e7a\u011fr\u0131s\u0131 yap\u0131lan kararda, ara b\u00f6lgenin b\u00fct\u00fcnl\u00fc\u011f\u00fcn\u00fcn muhafaza edilmesinin \u00f6nemi vurgulanm\u0131\u015ft\u0131. K\u0131br\u0131s&#8217;taki BM Bar\u0131\u015f G\u00fcc\u00fc, 1964 y\u0131l\u0131nda G\u00fcvenlik Konseyinin karar\u0131yla 796 askeri ve 65 polis personelinden olu\u015fan bir g\u00fc\u00e7le kurulmu\u015f durumdayd\u0131.<\/strong><\/span><\/p>\n<p><span style=\"font-family: arial;\"><strong>Rum Kesimi Hi\u00e7bir Zaman Bar\u0131\u015fa Yana\u015fmam\u0131\u015ft\u0131!<\/strong><\/span><\/p>\n<p><span style=\"font-family: arial;\"><strong>K\u0131br\u0131s Adas\u0131, Erbakan\u2019\u0131n sayesinde 1974&#8217;ten bu yana kuzeyde T\u00fcrk ve g\u00fcneyde Rumlar olmak \u00fczere iki par\u00e7aya ayr\u0131lm\u0131\u015ft\u0131 ve Ada\u2019da huzur sa\u011flanm\u0131\u015ft\u0131. 2004&#8217;te K\u0131br\u0131sl\u0131 Rumlar, BM taraf\u0131ndan sunulan Ada\u2019n\u0131n iki par\u00e7as\u0131n\u0131 birle\u015ftirmeye y\u00f6nelik bir plana kar\u015f\u0131 \u00e7\u0131km\u0131\u015flard\u0131. Erdo\u011fan iktidar\u0131n\u0131n koyu gafletine ra\u011fmen, Rumlar\u0131n kar\u015f\u0131 \u00e7\u0131kmas\u0131yla KKTC ayakta kalm\u0131\u015ft\u0131.<\/strong><\/span><\/p>\n<p><span style=\"font-family: arial;\"><strong>KKTC, K\u0131br\u0131s\u2019taki BM Bar\u0131\u015f G\u00fcc\u00fc\u2019n\u00fcn G\u00f6rev S\u00fcresinin Uzat\u0131lmas\u0131na Kar\u015f\u0131yd\u0131!<\/strong><\/span><\/p>\n<p><span style=\"font-family: arial;\"><strong>Kuzey K\u0131br\u0131s T\u00fcrk Cumhuriyeti (KKTC) D\u0131\u015fi\u015fleri Bakanl\u0131\u011f\u0131 taraf\u0131ndan yap\u0131lan yaz\u0131l\u0131 a\u00e7\u0131klamada, Birle\u015fmi\u015f Milletler (BM) G\u00fcvenlik Konseyi\u2019nin K\u0131br\u0131s\u2019taki Bar\u0131\u015f G\u00fcc\u00fc\u2019n\u00fcn g\u00f6rev s\u00fcresini 31 Ocak 2025 tarihine kadar uzatmas\u0131na kar\u015f\u0131 \u00e7\u0131km\u0131\u015ft\u0131. KKTC D\u0131\u015fi\u015fleri Bakanl\u0131\u011f\u0131 taraf\u0131ndan yap\u0131lan yaz\u0131l\u0131 a\u00e7\u0131klamada, <em>\u201cBirle\u015fmi\u015f Milletler G\u00fcvenlik Konseyi\u2019nin 4 Mart 1964 tarih ve 186 say\u0131l\u0131 karar\u0131 ile olu\u015fturulan Bar\u0131\u015f G\u00fcc\u00fc\u2019n\u00fcn K\u0131br\u0131s\u2019taki varl\u0131\u011f\u0131 60\u2019\u0131nc\u0131 y\u0131l\u0131na ula\u015fm\u0131\u015ft\u0131r. Bar\u0131\u015f G\u00fcc\u00fc bu s\u00fcre i\u00e7erisinde uygulamakla y\u00fck\u00fcml\u00fc oldu\u011fu Ada\u2019daki iki tarafa e\u015fit davranmak ve anla\u015fmazl\u0131klara adil \u00e7\u00f6z\u00fcm bulmak gibi temel g\u00f6revlerini yerine getirmemi\u015ftir. Ayr\u0131ca, ilgili t\u00fcm taraflarca s\u00fcrd\u00fcr\u00fclemez olarak kabul edilen stat\u00fckonun koruyucusu konumuna gelmi\u015ftir\u201d<\/em> ger\u00e7e\u011fi hat\u0131rlat\u0131lm\u0131\u015ft\u0131.<\/strong><\/span><\/p>\n<p><span style=\"font-family: arial;\"><strong><em>\u201cG\u00fcvenlik Konseyi, taraf\u0131m\u0131z\u0131n onay\u0131n\u0131 almadan Bar\u0131\u015f G\u00fcc\u00fc\u2019n\u00fcn g\u00f6rev s\u00fcresini uzatarak hatas\u0131n\u0131 bir kez daha tekrarlam\u0131\u015ft\u0131r!\u201d<\/em><\/strong><\/span><\/p>\n<p><span style=\"font-family: arial;\"><strong>Bar\u0131\u015f G\u00fcc\u00fc\u2019n\u00fcn bug\u00fcne kadar KKTC s\u0131n\u0131rlar\u0131 i\u00e7erisinde faaliyetlerini s\u00fcrd\u00fcrmesinin KKTC\u2019nin iyi niyetle i\u015f birli\u011fi yapmas\u0131 oldu\u011funa dikkat \u00e7ekilen a\u00e7\u0131klamada, <em>\u201cG\u00fcvenlik Konseyi, taraf\u0131m\u0131z\u0131n onay\u0131n\u0131 almadan Bar\u0131\u015f G\u00fcc\u00fc\u2019n\u00fcn g\u00f6rev s\u00fcresini uzatarak hatas\u0131n\u0131 bir kez daha tekrarlam\u0131\u015ft\u0131r. K\u0131br\u0131s T\u00fcrk taraf\u0131n\u0131n iradesini ve varl\u0131\u011f\u0131n\u0131 yok sayan bu yakla\u015f\u0131m\u0131 reddediyoruz. K\u0131br\u0131s\u2019\u0131n kuzeyinde egemenlik K\u0131br\u0131s T\u00fcrk halk\u0131na ve onun devleti Kuzey K\u0131br\u0131s T\u00fcrk Cumhuriyeti\u2019ne aittir. Bar\u0131\u015f G\u00fcc\u00fc\u2019n\u00fcn \u00fclkemizdeki faaliyetlerini me\u015fru bir zeminde y\u00fcr\u00fctmesi \u015fartt\u0131r\u201d<\/em> vurgusu yap\u0131lm\u0131\u015ft\u0131.<\/strong><\/span><\/p>\n<p><span style=\"font-family: arial;\"><strong><em>&#8220;Ger\u00e7eklerle Ba\u011fda\u015fmayan, Ba\u015far\u0131s\u0131zl\u0131\u011f\u0131 Kan\u0131tlanm\u0131\u015f Bir Modeli Dayatmak K\u0131br\u0131s T\u00fcrk Halk\u0131n\u0131n \u0130radesine B\u00fcy\u00fck Bir Sayg\u0131s\u0131zl\u0131kt\u0131r!\u201d<\/em><\/strong><\/span><\/p>\n<p><span style=\"font-family: arial;\"><strong>A\u00e7\u0131klamada, <em>\u201cG\u00fcvenlik Konseyi karar\u0131nda, bir yandan taraflardan BM Genel Sekreteri taraf\u0131ndan atanan Ki\u015fisel Temsilci ile yap\u0131c\u0131 bir ili\u015fki geli\u015ftirmeleri istenirken, di\u011fer yandan taraflara K\u0131br\u0131s\u2019ta &#8216;iki b\u00f6lgeli, iki toplumlu federasyon&#8217; temelinde kapsaml\u0131 anla\u015fma sa\u011flanmas\u0131 y\u00f6n\u00fcnde \u00e7aba g\u00f6stermeleri \u00e7a\u011fr\u0131s\u0131 yap\u0131lmaktad\u0131r. Ger\u00e7eklerle ba\u011fda\u015fmayan, ba\u015far\u0131s\u0131zl\u0131\u011f\u0131 kan\u0131tlanm\u0131\u015f bir modeli dayatmak K\u0131br\u0131s T\u00fcrk halk\u0131n\u0131n iradesine b\u00fcy\u00fck bir sayg\u0131s\u0131zl\u0131k te\u015fkil etmekte, di\u011fer yandan Ki\u015fisel Temsilcinin yapaca\u011f\u0131 temaslara \u00f6n \u015fart koymaktad\u0131r\u201d<\/em> diye uyar\u0131lm\u0131\u015ft\u0131.<\/strong><\/span><\/p>\n<p><span style=\"font-family: arial;\"><strong><em>\u201cBM G\u00fcvenlik Konseyi \u00dcyelerinin Ge\u00e7erlili\u011fini Yitirmi\u015f G\u00fcvenlik Konseyi Kararlar\u0131n\u0131 G\u00f6zden Ge\u00e7irmesi Laz\u0131md\u0131r!\u201d<\/em><\/strong><\/span><\/p>\n<p><span style=\"font-family: arial;\"><strong>KKTC\u2019nin ki\u015fisel temsilciden beklentisinin a\u00e7\u0131k y\u00fcreklilikle temaslar\u0131n\u0131 y\u00fcr\u00fctmesi ve K\u0131br\u0131s meselesindeki yeni vizyonumuzu bir kez daha kayda ge\u00e7irmesi oldu\u011fu vurgulanan a\u00e7\u0131klamada, <em>\u201cBug\u00fcn Ada\u2019daki tek ger\u00e7ek\u00e7i \u00e7\u00f6z\u00fcm, mevcut iki devletin egemen e\u015fitli\u011fi ve e\u015fit uluslararas\u0131 stat\u00fcs\u00fc temelinde iyi kom\u015fuluk ili\u015fkisi geli\u015ftirmelerinden ge\u00e7mektedir. Gelinen a\u015famada, Ada\u2019da kal\u0131c\u0131 i\u015f birli\u011fi ve istikrar ortam\u0131n\u0131n sa\u011flanmas\u0131 i\u00e7in BM G\u00fcvenlik Konseyi \u00fcyelerinin ge\u00e7erlili\u011fini yitirmi\u015f G\u00fcvenlik Konseyi kararlar\u0131n\u0131 g\u00f6zden ge\u00e7irmesi ve Ada\u2019da kendi s\u0131n\u0131rlar\u0131 i\u00e7inde iki ayr\u0131 halk ve iki ayr\u0131 devletin varl\u0131\u011f\u0131na dayal\u0131 yeni bir yakla\u015f\u0131m benimsemesi gerekmektedir.\u201d<\/em> <\/strong><\/span><\/p>\n<p><span style=\"font-family: arial;\"><strong><em>\u201cRum Y\u00f6netimi, Bu H\u00e2kimiyet\u00e7i Tutumunu Ara B\u00f6lgeye de Geni\u015fletmeye \u00c7al\u0131\u015fmaktad\u0131r!\u201d<\/em><\/strong><\/span><\/p>\n<p><span style=\"font-family: arial;\"><strong><em>2023 y\u0131l\u0131nda<\/em><\/strong><strong><em> Yi\u011fitler-Pile yolunun yap\u0131m\u0131nda \u00e7\u0131kan olaylarda tek sorumlunun Bar\u0131\u015f G\u00fcc\u00fc oldu\u011fu<\/em><\/strong><strong> vurgulanan a\u00e7\u0131klamada, <em>\u201cK\u0131br\u0131s T\u00fcrk taraf\u0131 konuya ili\u015fkin olarak Bar\u0131\u015f G\u00fcc\u00fc ile sa\u011flanan mutabakat\u0131n uygulanmas\u0131n\u0131 ve yol in\u015faat\u0131n\u0131n en k\u0131sa s\u00fcrede tamamlanmas\u0131n\u0131 talep etmektedir. Di\u011fer yandan, Ada\u2019n\u0131n s\u00f6zde tek sahibi oldu\u011fu iddias\u0131ndaki Rum y\u00f6netimi, bu h\u00e2kimiyet\u00e7i tutumunu ara b\u00f6lgeye de geni\u015fletmeye \u00e7al\u0131\u015fmaktad\u0131r. Ara b\u00f6lgede ya\u015fanan gerginlik ve ihlallerin giderek artmas\u0131 bu \u00e7arp\u0131k anlay\u0131\u015f\u0131n bir neticesidir\u201d<\/em> ger\u00e7e\u011fi vurgulanm\u0131\u015ft\u0131.<\/strong><a href=\"#_ftn2\" name=\"_ftnref2\"><strong>[2]<\/strong><\/a><\/span><\/p>\n<p><span style=\"font-family: arial;\"><strong>Evet, BM; K\u0131br\u0131s\u2019\u0131n tamamen, Siyonist \u0130srail\u2019in arka bah\u00e7esi ve batmayan g\u00fcvenlik gemisi olmas\u0131 i\u00e7in \u00e7\u0131rp\u0131nmaktayd\u0131! Ve her nedense, bu Siyonist ve emperyalist merkezler, Recep T. Erdo\u011fan\u2019\u0131n iktidarda kalmas\u0131 i\u00e7in \u00e7aba harcamaktayd\u0131!?.<\/strong><\/span><\/p>\n<p><span style=\"font-family: arial;\"><strong>Ama onun da sonu yakla\u015fm\u0131\u015ft\u0131. Adalet ve Kalk\u0131nma Partisi (AKP) Hatay \u0130l\u00e7e Belediye Ba\u015fkan Tan\u0131t\u0131m Toplant\u0131s\u0131nda (Antakya Spor Salonu &#8211; 03 \u015eubat 2024) yapt\u0131\u011f\u0131 konu\u015fmada, R. T. Erdo\u011fan, <\/strong><strong><em>\u201cBir ger\u00e7e\u011fi sizlere \u015fu anda s\u00f6yl\u00fcyorum. Merkezi y\u00f6netimle yerel y\u00f6netim el ele vermezse, dayan\u0131\u015fma halinde olmazsa, o \u015fehre herhangi bir \u015fey gelmez! Hatay\u2019a geldi mi? Bak, \u015fu anda Hatay, garip kald\u0131, Hatay, mahzun kald\u0131!\u201d<\/em><\/strong> <strong>s\u00f6zleriyle Cumhur \u0130ttifak\u0131\u2019n\u0131n d\u0131\u015f\u0131nda kalan Belediyelere devletin destek olmayaca\u011f\u0131n\u0131 resmen a\u00e7\u0131\u011fa vurmu\u015flard\u0131. Bu tehdit ve \u015fantajlarla halk\u0131m\u0131z\u0131 korkutma \u00e7abalar\u0131, sonlar\u0131n\u0131 sezmi\u015f olman\u0131n tela\u015f\u0131yd\u0131\u2026<\/strong><\/span><\/p><p><span style=\"font-family: arial;\"><strong><br><\/strong><\/span><\/p><p><span style=\"font-family: arial;\"><strong><br><\/strong><\/span><\/p>\n<p><\/p>\n<p><span style=\"font-family: arial;\"><a href=\"#_ftnref1\" name=\"_ftn1\">[1]<\/a> 30 Mart 2023 &#8211; haberler.com<\/span><\/p>\n<p><span style=\"font-family: arial;\"><a href=\"#_ftnref2\" name=\"_ftn2\">[2]<\/a> 30 Ocak 2024 &#8211; superhaber.com<\/span><\/p>\t\t\t\t\t\t\t\t<\/div>\n\t\t\t\t<\/div>\n\t\t\t\t\t<\/div>\n\t\t<\/div>\n\t\t\t\t\t<\/div>\n\t\t<\/section>\n\t\t\t\t<\/div>\n\t\t","protected":false},"excerpt":{"rendered":"<p>\u0130THAL EKONOM\u0130 B\u00dcROKRATLARI VE ABD&#8217;N\u0130N \u0130SRA\u0130L BATAKLI\u011eI New York Merkez Bankas\u0131 Eleman\u0131 Fatih Karahan MB Ba\u015fkan\u0131 Yap\u0131lm\u0131\u015ft\u0131! Merkez Bankas\u0131 Ba\u015fkan\u0131 Hafize Gaye Erkan&#8217;\u0131n istifa etmesi \u00fczerine, Cumhurba\u015fkan\u0131 karar\u0131yla Merkez Bankas\u0131 Ba\u015fkan Yard\u0131mc\u0131l\u0131\u011f\u0131 g\u00f6revini y\u00fcr\u00fcten Fatih Karahan Merkez Bankas\u0131 Ba\u015fkanl\u0131\u011f\u0131na atanm\u0131\u015ft\u0131. 1982 y\u0131l\u0131nda Eski\u015fehir&#8217;de do\u011fan Fatih Karahan, 2006&#8217;da Bo\u011fazi\u00e7i \u00dcniversitesi Matematik ve End\u00fcstri M\u00fchendisli\u011fi b\u00f6l\u00fcmlerini tamamlad\u0131, [&hellip;]<\/p>\n","protected":false},"author":9,"featured_media":0,"comment_status":"open","ping_status":"closed","sticky":false,"template":"","format":"standard","meta":{"footnotes":""},"categories":[6706],"tags":[6530,6660,6661,6662,6663,6664,6665,6666,272,287,298,435,6407],"class_list":["post-18655","post","type-post","status-publish","format-standard","hentry","category-mayis-2024","tag-hafize-gaye-erkan","tag-yahudi-sermayesi","tag-fatih-karahan","tag-merkez-bankasi","tag-murat-mercan","tag-silah-satisi","tag-baris-gucu","tag-guvenlik-konseyi","tag-israil","tag-ayasofya","tag-ortadogu","tag-kibris","tag-hamas"],"_links":{"self":[{"href":"https:\/\/www.millicozum.com\/mc\/wp-json\/wp\/v2\/posts\/18655","targetHints":{"allow":["GET"]}}],"collection":[{"href":"https:\/\/www.millicozum.com\/mc\/wp-json\/wp\/v2\/posts"}],"about":[{"href":"https:\/\/www.millicozum.com\/mc\/wp-json\/wp\/v2\/types\/post"}],"author":[{"embeddable":true,"href":"https:\/\/www.millicozum.com\/mc\/wp-json\/wp\/v2\/users\/9"}],"replies":[{"embeddable":true,"href":"https:\/\/www.millicozum.com\/mc\/wp-json\/wp\/v2\/comments?post=18655"}],"version-history":[{"count":0,"href":"https:\/\/www.millicozum.com\/mc\/wp-json\/wp\/v2\/posts\/18655\/revisions"}],"wp:attachment":[{"href":"https:\/\/www.millicozum.com\/mc\/wp-json\/wp\/v2\/media?parent=18655"}],"wp:term":[{"taxonomy":"category","embeddable":true,"href":"https:\/\/www.millicozum.com\/mc\/wp-json\/wp\/v2\/categories?post=18655"},{"taxonomy":"post_tag","embeddable":true,"href":"https:\/\/www.millicozum.com\/mc\/wp-json\/wp\/v2\/tags?post=18655"}],"curies":[{"name":"wp","href":"https:\/\/api.w.org\/{rel}","templated":true}]}}