{"id":1868,"date":"2010-07-22T15:40:08","date_gmt":"2010-07-22T15:40:08","guid":{"rendered":"https:\/\/www.millicozum.com\/mc\/2010\/07\/22\/fetullahcilar-ve-barzanilerle-iyi-iliskiler-kurabilen-diyarbakir-valileri-ust-gorevlere-ataniyordu\/"},"modified":"2010-07-22T15:40:08","modified_gmt":"2010-07-22T15:40:08","slug":"fetullahcilar-ve-barzanilerle-iyi-iliskiler-kurabilen-diyarbakir-valileri-ust-gorevlere-ataniyordu","status":"publish","type":"post","link":"https:\/\/www.millicozum.com\/mc\/2010\/agustos-2010\/fetullahcilar-ve-barzanilerle-iyi-iliskiler-kurabilen-diyarbakir-valileri-ust-gorevlere-ataniyordu\/","title":{"rendered":"Fetullah\u00e7\u0131lar ve Barzanilerle \u0130yi \u0130li\u015fkiler Kurabilen D\u0130YARBAKIR VAL\u0130LER\u0130, \u00dcST G\u00d6REVLERE ATANIYORDU!"},"content":{"rendered":"<p style=\"text-align: justify;\"><strong><span style=\"font-family: arial,helvetica,sans-serif;\">\u00a0<\/span><\/strong><\/p>\n<p style=\"text-align: justify;\"><strong><span style=\"font-family: times new roman,times;\">GAP Eylem Plan\u0131n\u0131 Fetullah\u00e7\u0131lar lehine kullanan Valiler \u00f6d\u00fcllendiriliyordu.<\/span><\/strong><\/p>\n<p style=\"text-align: justify;\"><span style=\"font-family: times new roman,times;\">27 May\u0131s 2008 tarihinde Diyarbak\u0131r&#8217;a gelen Erdo\u011fan burada b\u00fcy\u00fck bir g\u00fcr\u00fclt\u00fcyle GAP Eylem Plan\u0131\u2019n\u0131 a\u00e7\u0131klam\u0131\u015ft\u0131.<\/span><\/p>\n<p> <span style=\"font-family: times new roman,times;\">   <\/span> <\/p>\n<p style=\"text-align: justify;\"><span style=\"font-family: times new roman,times;\">GAP Eylem Plan\u0131 d\u00f6rt ana ba\u015fl\u0131kt\u0131; biri\u00a0 \u2018Sosyal Geli\u015fim Sa\u011flanmas\u0131\u2019. Bu ba\u015fl\u0131k alt\u0131ndaki faaliyetler ise &#8216;istihdam, sa\u011fl\u0131k, e\u011fitim, sosyal hizmet ve yard\u0131mlar, k\u00fclt\u00fcr, sanat ve spor alanlar\u0131nda\u2019 yap\u0131lacak s\u00f6zde yat\u0131r\u0131mlardan olu\u015fmaktayd\u0131. \u0130lk bak\u0131\u015fla masum gibi durmakta ve AKP GAP\u2019\u0131 bitirecek ve b\u00f6lge geli\u015fecek san\u0131lmaktayd\u0131. Oysa GAP Eylem Plan\u0131yla istismarc\u0131 Amerikanc\u0131 derneklere ekonomik yard\u0131mlar\u0131n k\u0131l\u0131f\u0131 haz\u0131rlanm\u0131\u015ft\u0131.<\/span><\/p>\n<p style=\"text-align: justify;\"><span style=\"font-family: times new roman,times;\">GAP Eylem Plan\u0131 kapsam\u0131nda sadece GAP b\u00f6lgesindeki illerde uygulanan SODES (Sosyal Destek) program\u0131 vard\u0131. Bu program \u00e7er\u00e7evesinde resmi kurumlar ya da t\u00fczel ki\u015filikler proje haz\u0131rl\u0131yordu. \u0130l valiliklerinin d\u00fczenlemesini yapt\u0131\u011f\u0131 bu projeleri Devlet Planlama Te\u015fkilat\u0131 kabul ediyordu. Projeler kabul edildikten sonra proje bedelleri ilgili resm\u00ee ya da t\u00fczel ki\u015filiklere \u00f6deniyordu.<\/span><\/p>\n<p style=\"text-align: justify;\"><strong><span style=\"font-family: times new roman,times;\">Proje deste\u011fi alan istismarc\u0131 dernekler dikkat \u00e7ekiyordu.<\/span><\/strong><\/p>\n<p style=\"text-align: justify;\"><span style=\"font-family: times new roman,times;\">\u0130\u015fte bu SODES kapsam\u0131nda haz\u0131rlanan projelerin resmi kurumlar d\u0131\u015f\u0131nda kalanlar\u0131n b\u00fcy\u00fck \u00e7o\u011funlu\u011funu istismarc\u0131 \u00f6zellikle de Fetullah\u00e7\u0131 kurulu\u015flar al\u0131yordu. Sadece Diyarbak\u0131r ilinde, 2008 y\u0131l\u0131 i\u00e7in proje ba\u015fvuru say\u0131s\u0131 322. Kabul edilen proje say\u0131s\u0131 resmi kurumlar\u0131n dahil 53 oluyordu.<\/span><\/p>\n<p style=\"text-align: justify;\"><span style=\"font-family: times new roman,times;\">2009 y\u0131l\u0131nda ise 868 projeden 72\u2019si kabul ediliyordu. \u0130stismarc\u0131 olamayan herhangi bir derne\u011fin haz\u0131rlad\u0131\u011f\u0131 projenin onaylanmas\u0131 neredeyse imk\u00e2ns\u0131z g\u00f6r\u00fcn\u00fcyordu.<\/span><\/p>\n<p style=\"text-align: justify;\"><span style=\"font-family: times new roman,times;\">AKP devlet eliyle de\u011fil fetullah\u00e7\u0131lar arac\u0131l\u0131\u011f\u0131yla \u2018GAP Eylem Plan\u0131\u2019nda yer alan \u2018Sosyal Geli\u015fmenin Sa\u011flanmas\u0131\u2019 maddesini uyguluyordu. Zaten GAP Eylem Plan\u0131&#8217;nda &#8216;ilerleme&#8217; sa\u011flanan tek madde de buydu. Di\u011fer maddelerde (Ekonomik Kalk\u0131nman\u0131n Sa\u011flanmas\u0131, Alt Yap\u0131 ve Kurumsal Kapasitenin Geli\u015ftirilmesi) pek bir geli\u015fme yoktu. <strong>Bu arada Fetullah G\u00fclenciler ve Barzanicilerle iyi ili\u015fkiler kuran Diyarbak\u0131r valileri, hep en \u00fcst g\u00f6revlere atan\u0131yor Ankara, \u0130zmir ve \u0130stanbul\u2019a Vali yap\u0131l\u0131yordu!<\/strong><strong>\u00a0<\/strong><\/span><\/p>\n<p style=\"text-align: justify;\"><strong><span style=\"font-family: times new roman,times;\">\u00a0<\/span><\/strong><\/p>\n<p style=\"text-align: justify;\"><strong><span style=\"font-family: arial,helvetica,sans-serif;\">Devlet Valilerinin bile kat\u0131l\u0131p siyaset yapt\u0131\u011f\u0131 Fetullah\u00e7\u0131lar\u0131n Abant platformunun kapan\u0131\u015f bildirisindeki:<\/span><\/strong><\/p>\n<p style=\"text-align: justify;\"><strong><span style=\"font-family: arial,helvetica,sans-serif;\">\u201cDemokrasimizin vesayet alt\u0131nda bulundu\u011fu ger\u00e7e\u011fi, b\u00fct\u00fcn kat\u0131l\u0131mc\u0131lar\u0131n ittifak\u0131yla kabul edilmi\u015ftir\u201d s\u00f6zlerini;<\/span><\/strong><\/p>\n<p style=\"text-align: justify;\"><strong><span style=\"font-family: arial,helvetica,sans-serif;\">\u201cT\u00fcrkiye\u2019nin Milli birlik ve dirli\u011fini par\u00e7alamak isteyen emperyalist g\u00fc\u00e7lerin ve i\u015fbirlik\u00e7i hainlerin son engeli, T\u00fcrk Silahl\u0131 Kuvvetleridir ve bu nedenle etkisiz ve yetkisiz konuma getirilmesi gerekir\u201d \u015feklinde okumak laz\u0131md\u0131.<\/span><\/strong><\/p>\n<p style=\"text-align: justify;\"><span style=\"font-family: arial,helvetica,sans-serif;\">\u0130srail&#8217;in Gazze yard\u0131m gemisine sald\u0131r\u0131s\u0131 sonras\u0131 ezber bozan a\u00e7\u0131klamay\u0131 Fethullah G\u00fclen yapm\u0131\u015ft\u0131. Bu a\u00e7\u0131klama h\u00fck\u00fcmet cephesinde de farkl\u0131 yorumlara yol a\u00e7m\u0131\u015ft\u0131. K\u00fclt\u00fcr Bakan\u0131 Ertu\u011frul G\u00fcnay &#8216;Uzaktan bak\u0131nca \u00f6yle g\u00f6r\u00fcn\u00fcyor demek ki..&#8217; de\u011ferlendirmesinde bulunurken, Ba\u015fbakan Yard\u0131mc\u0131s\u0131 B\u00fclent Ar\u0131n\u00e7 ise &#8216;Hoca Efendi do\u011fru s\u00f6yl\u00fcyor&#8217; diye sahip \u00e7\u0131km\u0131\u015ft\u0131. Yani g\u00f6mleklerini \u00e7\u0131karan ve Fetullah G\u00fclen \u00e7izgisine yamanan AKP\u2019liler Milli G\u00f6r\u00fc\u015ften \u00e7\u0131km\u0131\u015f ve hidayetleri kararm\u0131\u015ft\u0131. Ama Mehmet Ali Birand&#8217;\u0131n farkl\u0131 bir iddias\u0131 vard\u0131. Ona g\u00f6re Cemaat ile Milli g\u00f6r\u00fc\u015f \u00e7at\u0131\u015fmaktayd\u0131. Birand Sabataisti, hala AKP\u2019nin akrepli\u011fini Milli G\u00f6r\u00fc\u015fe y\u0131kma \u00e7abas\u0131ndayd\u0131 ve tabi bu tavr\u0131yla, zulme ve siyonizme kar\u015f\u0131 ancak Milli G\u00f6r\u00fc\u015f\u00fcn ba\u015fkald\u0131raca\u011f\u0131n\u0131 da a\u00e7\u0131\u011fa vurmaktayd\u0131.<\/span><\/p>\n<p style=\"text-align: justify;\"><strong><span style=\"font-family: arial,helvetica,sans-serif;\">\u0130\u015fte Birand&#8217;\u0131n o yaz\u0131s\u0131:<\/span><\/strong><\/p>\n<p style=\"text-align: justify;\"><strong><em><span style=\"font-family: arial,helvetica,sans-serif;\">Son geli\u015fmeler, Milli G\u00f6r\u00fc\u015f\u00e7\u00fcler ile Fethullah G\u00fclen aras\u0131ndaki yakla\u015f\u0131m fark\u0131n\u0131 bir defa daha ortaya \u00e7\u0131kard\u0131. \u015eu s\u0131ralarda, T\u00fcrk\u00e7e Olimpiyatlar\u0131 b\u00fcy\u00fck bir g\u00f6vde g\u00f6sterisiyle t\u00fcm ekranlar\u0131 doldurmaktayd\u0131. Marmara Gemisi olay\u0131 bu organizasyonu sildi s\u00fcp\u00fcrd\u00fc etkisini bo\u015fa \u00e7\u0131kard\u0131. Fethullah G\u00fclen de, \u0130srail\u2019e y\u00f6nelik Milli G\u00f6r\u00fc\u015f\u00e7\u00fclerin sava\u015f\u0131n\u0131, ilk defa a\u00e7\u0131k\u00e7a ele\u015ftirmekten sak\u0131nmad\u0131. B\u00f6ylesine duygu dolu bir d\u00f6nemde b\u00f6yle bir ele\u015ftiri bir\u00e7ok \u00e7evrede \u015fok yaratt\u0131. Fethullah G\u00fclen hareketi ile Milli G\u00f6r\u00fc\u015f hareketi aras\u0131ndaki yakla\u015f\u0131m fark\u0131, hi\u00e7 beklenmedik \u015fekilde ortaya d\u00f6k\u00fcl\u00fcp anla\u015f\u0131lm\u0131\u015ft\u0131.<\/span><\/em><\/strong><\/p>\n<p style=\"text-align: justify;\"><strong><em><span style=\"font-family: arial,helvetica,sans-serif;\">\u00a0\u201cBiz de Gazze\u2019ye, hem de y\u0131llard\u0131r muazzam yard\u0131m yolluyoruz. Amac\u0131m\u0131z Gazzelilere insani yard\u0131m yapmak oldu\u011fu i\u00e7in, BM arac\u0131l\u0131\u011f\u0131 ile ve normal yollardan g\u00f6t\u00fcr\u00fcyoruz.\u201d diyen, G\u00fclen\u2019e yak\u0131n bir isim, Milli G\u00f6r\u00fc\u015f\u2019\u00fc T\u00fcrkiye\u2019nin ba\u015f\u0131na dert a\u00e7makla su\u00e7lamaktayd\u0131.<\/span><\/em><\/strong><\/p>\n<p style=\"text-align: justify;\"><strong><em><span style=\"font-family: arial,helvetica,sans-serif;\">Toplumda \u00f6ylesine bir duygu kabarmas\u0131 var ki, bu ortamda G\u00fclen\u2019den b\u00f6yle bir ele\u015ftirinin gelmesi, \u00e7ok anlaml\u0131yd\u0131. G\u00fclen, kendini son derece farkl\u0131 bir yere koyuyor ve a\u015f\u0131r\u0131 \u0130slamc\u0131l\u0131\u011f\u0131n en etkili muhalifi olacakm\u0131\u015f gibi bir izlenim veriyordu.\u201d<\/span><a href=\"#_ftn1\"><strong><span style=\"font-family: arial,helvetica,sans-serif;\">[1]<\/span><\/strong><\/a><span style=\"font-family: arial,helvetica,sans-serif;\"> Diyen M.Ali Birand kendi ayar\u0131n\u0131 da ortaya koyuyordu.<\/span><\/em><\/strong><\/p>\n<p style=\"text-align: justify;\"><strong><span style=\"font-family: arial,helvetica,sans-serif;\">Bu arada Faik Bulut gibi c\u0131lk\u0131 \u00e7\u0131km\u0131\u015f calkazanlar\u0131n: Refah-Yol iktidar\u0131ndan 4 ay \u00f6nce, Cumhurba\u015fkan\u0131 S\u00fcleyman Demirel\u2019in deste\u011fi, General \u00c7evik Bir\u2019in eliyle, Ba\u015fbakan Tansu \u00c7iller h\u00fck\u00fcmeti d\u00f6neminde imzalanan, \u0130srail\u2019le Askeri \u0130\u015fbirli\u011fi anla\u015fmas\u0131n\u0131, bu konuda yap\u0131lan ve resmi belgelere dayanan onca a\u00e7\u0131klamaya ra\u011fmen, hala bunun su\u00e7unu Erbakan\u2019a y\u00fckleme sahtekarl\u0131\u011f\u0131, \u0130srail u\u015faklar\u0131n\u0131n ve \u0130slam d\u00fc\u015fmanlar\u0131n\u0131n kuyruk ac\u0131s\u0131n\u0131 yans\u0131tmaktayd\u0131 ve yine Stardan \u0130brahim Kiras ayn\u0131 iddiay\u0131 g\u00fcndeme ta\u015f\u0131y\u0131p, Fetullah G\u00fclen\u2019in Siyonist u\u015fakl\u0131\u011f\u0131na k\u0131l\u0131f bulma tela\u015f\u0131ndayd\u0131.<\/span><\/strong><\/p>\n<p style=\"text-align: justify;\"><strong><span style=\"font-family: arial,helvetica,sans-serif;\">\u201cFethullah G\u00fclen\u2019e k\u0131sa ve ac\u0131l\u0131 bir vaaz\u201d veren Ahmet Hakan\u2019a hak vermemek insafs\u0131zl\u0131kt\u0131!<\/span><\/strong><\/p>\n<p style=\"text-align: justify;\"><strong><span style=\"font-family: arial,helvetica,sans-serif;\">MUHTEREM Hocam!<\/span><\/strong><\/p>\n<p style=\"text-align: justify;\"><strong><span style=\"font-family: arial,helvetica,sans-serif;\">Demi\u015fsiniz ki: \u201cGemi yolculu\u011funa \u00e7\u0131kanlar, ke\u015fke \u0130srail otoritesinden izin alsalard\u0131&#8230;\u201d<\/span><\/strong><\/p>\n<p style=\"text-align: justify;\"><strong><span style=\"font-family: arial,helvetica,sans-serif;\">Muhterem Hocam! Ben g\u00fcnahkar bir insan\u0131m. Size vaaz vermek haddim de\u011fil&#8230; Ama g\u00fcnahlar\u0131ma kefaret olur diye&#8230; Bir \u015feyler s\u00f6ylemekten kendimi alamayaca\u011f\u0131m.<\/span><\/strong><\/p>\n<p style=\"text-align: justify;\"><strong><span style=\"font-family: arial,helvetica,sans-serif;\">E\u011fer \u201cher otoriteye uymak\u201d, \u00e7ok matah (yararl\u0131 ve gerekli) bir \u015fey olsayd\u0131&#8230;<\/span><\/strong><\/p>\n<p style=\"text-align: justify;\"><strong><span style=\"font-family: arial,helvetica,sans-serif;\">Ne Hz. Muhammed Mekke otoritesine sava\u015f a\u00e7ard\u0131&#8230;<\/span><\/strong><\/p>\n<p style=\"text-align: justify;\"><strong><span style=\"font-family: arial,helvetica,sans-serif;\">Ne Musa Firavun\u2019un otoritesine ba\u015f kald\u0131r\u0131rd\u0131&#8230;<\/span><\/strong><\/p>\n<p style=\"text-align: justify;\"><strong><span style=\"font-family: arial,helvetica,sans-serif;\">Ne de \u0130brahim Nemrut\u2019un zalim otoritesine isyana kalk\u0131\u015f\u0131rd\u0131\u2026<\/span><\/strong><\/p>\n<p style=\"text-align: justify;\"><strong><span style=\"font-family: arial,helvetica,sans-serif;\">E\u011fer bize d\u00fc\u015fen \u201cotoriteye uyum\u201d olsayd\u0131&#8230; Ve ba\u015fka bir yola sapmam\u0131z uygun bulunmasayd\u0131:<\/span><\/strong><\/p>\n<p style=\"text-align: justify;\"><strong><span style=\"font-family: arial,helvetica,sans-serif;\">Hz. H\u00fcseyin Kerbela\u2019da ba\u015f\u0131n\u0131 vermezdi. Malcolm X\u2019in v\u00fccudu kur\u015funlarla delik de\u015fik edilmezdi&#8230; K\u00f6le Spartak\u00fcs, bald\u0131r\u0131 \u00e7\u0131plaklarla ayaklan\u0131p \u00e7arm\u0131ha gerilmezdi. Ve Mustafa Kemal Anadolu\u2019ya ge\u00e7mezdi\u2026<\/span><\/strong><\/p>\n<p style=\"text-align: justify;\"><strong><span style=\"font-family: arial,helvetica,sans-serif;\">E\u011fer \u201cotorite\u201d hep hakl\u0131 olsayd\u0131&#8230; Bug\u00fcn bile ABD\u2019de siyahlar otob\u00fcslerin arka s\u0131ralar\u0131nda oturuyor olacaklard\u0131. Zalimler egemenliklerini me\u015frula\u015ft\u0131rm\u0131\u015f ve halklar\u0131 maymunla\u015ft\u0131rm\u0131\u015f bulunacaklard\u0131\u2026<\/span><\/strong><\/p>\n<p style=\"text-align: justify;\"><strong><span style=\"font-family: arial,helvetica,sans-serif;\">Vicdanlar kararacakt\u0131. \u201cG\u00fc\u00e7l\u00fc\u201d hep hakl\u0131 olacak, \u201chakl\u0131\u201d hep ezilip horlanacakt\u0131. Ve san\u0131r\u0131m Allah da bizden raz\u0131 olmayacakt\u0131.<\/span><\/strong><\/p>\n<p style=\"text-align: justify;\"><strong><span style=\"font-family: arial,helvetica,sans-serif;\">Bir d\u00fc\u015f\u00fcn\u00fcn isterseniz, Muhterem Hocam!<\/span><\/strong><\/p>\n<p style=\"text-align: justify;\"><strong><span style=\"font-family: arial,helvetica,sans-serif;\">\u201cSen kim oluyorsun da bana vaaz veriyorsun?\u201d demeden \u00f6nce, l\u00fctfen biraz d\u00fc\u015f\u00fcnmeniz daha do\u011fru ve olgun bir yakla\u015f\u0131md\u0131r&#8230;<\/span><\/strong><\/p>\n<p style=\"text-align: justify;\"><strong><span style=\"font-family: arial,helvetica,sans-serif;\">Bilirsiniz, bazen g\u00fcnahkarlar\u0131n da hak s\u00f6zler s\u00f6ylemesi, ola\u011fand\u0131r!&#8230;\u201d<\/span><\/strong><\/p>\n<p style=\"text-align: justify;\"><strong><span style=\"font-family: arial,helvetica,sans-serif;\">Ve tabi sormadan edemiyoruz. Acaba, Fetullah G\u00fclen\u2019in de\u015fifre olmas\u0131na m\u0131, yoksa Milli G\u00f6r\u00fc\u015f\u00e7\u00fclerin hakl\u0131 \u00e7\u0131kmas\u0131na m\u0131 daha \u00e7ok \u00fcz\u00fcnt\u00fc duyulmaktayd\u0131?<\/span><\/strong><\/p>\n<p style=\"text-align: justify;\"><strong><span style=\"font-family: arial,helvetica,sans-serif;\">Son zamanlarda, \u201cAllah\u2019a inanan herkes m\u00fcmindir. M\u00fcmin olmak i\u00e7in y\u00fcce yarat\u0131c\u0131ya inanmak yeterlidir, bunun i\u00e7in ba\u015fka \u015fey gerekmez\u201d gibi yanl\u0131\u015f ve yan\u0131lt\u0131c\u0131 kanaat yayg\u0131nla\u015ft\u0131r\u0131lmaktad\u0131r. Bunlar kas\u0131tl\u0131 ve sapt\u0131r\u0131c\u0131d\u0131r ve Kur\u2019an\u2019a da ayk\u0131r\u0131d\u0131r. <\/span><\/strong><\/p>\n<p style=\"text-align: justify;\"><span style=\"font-family: arial,helvetica,sans-serif;\">Allah m\u00fc\u015frikleri anlat\u0131rken:<\/span><\/p>\n<p style=\"text-align: justify;\"><span style=\"font-family: arial,helvetica,sans-serif;\"><strong><em>\u201cAnd olsun onlara: \u201cG\u00f6kleri ve yeri kim yaratt\u0131, g\u00fcne\u015fi ve ay\u0131 kim musahhar (emre amade ve hizmetk\u00e2r) k\u0131ld\u0131?\u201d diye soracak olursan kesinlikle \u201cAllah\u201d diyecekler\u2026 O halde ne diye (haktan) \u00e7evrilip yan \u00e7iziyorlar?\u201d (Ankebut: 61)<\/em><\/strong> buyurmaktad\u0131r.<\/span><\/p>\n<p style=\"text-align: justify;\"><span style=\"font-family: arial,helvetica,sans-serif;\">Yani, Allah\u2019\u0131n buyruklar\u0131na emir ve yasaklar\u0131na Kur\u2019ani kanun ve kurallar\u0131na, Resullah\u0131n s\u00fcnnetine ve hayat tarz\u0131na teslim ve her konuda haktan ve hay\u0131rdan taraf olmadan, Allah\u2019\u0131n dostlar\u0131n\u0131 dost, d\u00fc\u015fmanlar\u0131n\u0131 d\u00fc\u015fman tan\u0131madan, sadece \u201cAllah\u201d vard\u0131r ve birdir. Her \u015feyi yaratan ve y\u00f6netendir\u201d demekle ve bir tak\u0131m ibadetleri yerine getirmekle insan m\u00fcmin say\u0131lmamaktad\u0131r.<\/span><\/p>\n<p style=\"text-align: justify;\"><span style=\"font-family: arial,helvetica,sans-serif;\"><strong><em>(Baz\u0131) bedeviler (gelip) \u201cBiz iman ettik, (m\u00fcmin kimseleriz)\u201d dediler. Deki (hay\u0131r) siz iman etmediniz; sadece \u201c\u0130slam olduk, (zahiren M\u00fcsl\u00fcmanlara kat\u0131ld\u0131k)\u201d deyin. \u00c7\u00fcnk\u00fc hen\u00fcz iman kalplerinize girmemi\u015ftir\u201d (H\u00fcc\u00fcrat: 14) <\/em><\/strong>ayeti ne kadar net ve a\u00e7\u0131kt\u0131r.<\/span><\/p>\n<p style=\"text-align: justify;\"><span style=\"font-family: arial,helvetica,sans-serif;\">\u0130man\u0131n ger\u00e7ek alameti, \u0130slam\u2019a taraftarl\u0131k, Bat\u0131la ve Ta\u011futa (Zalim ve \u015feytani odaklara) kar\u015f\u0131tl\u0131kt\u0131r.<\/span><\/p>\n<p style=\"text-align: justify;\"><strong><em><span style=\"font-family: arial,helvetica,sans-serif;\">\u201c\u0130man edenler Allah yolunda (hak ve adalet hakim, M\u00fcsl\u00fcmanlar galip olsun diye) \u00e7arp\u0131\u015f\u0131p \u00e7\u0131rp\u0131n\u0131rlar. \u0130nk\u00e2r edenler (ve m\u00fcnaf\u0131k kimseler) ise Ta\u011fut yolunda (zul\u00fcm ve s\u00f6m\u00fcr\u00fc d\u00fczenleri s\u00fcrs\u00fcn diye) \u00e7\u0131rp\u0131n\u0131p \u00e7arp\u0131\u015f\u0131rlar. O halde (siz m\u00fcminler) iseniz \u015feytan\u0131n dostlar\u0131 olan (ink\u00e2rc\u0131lar ve m\u00fcnaf\u0131klarla) \u00e7arp\u0131\u015f\u0131n. Ve (Allah\u2019a g\u00fcvenerek) \u015feytan\u0131n hile ve tuza\u011f\u0131n\u0131n pek zay\u0131f oldu\u011funu (unutmay\u0131n)\u201d (Nisa: 76)<\/span><\/em><\/strong><\/p>\n<p style=\"text-align: justify;\"><strong><span style=\"font-family: arial,helvetica,sans-serif;\">M\u0130T\u2019in haz\u0131rlad\u0131\u011f\u0131 \u201cFetullah raporu\u201d niye sakland\u0131?<\/span><\/strong><\/p>\n<p style=\"text-align: justify;\"><span style=\"font-family: arial,helvetica,sans-serif;\">\u201cFetullah Hoca&#8217;n\u0131n \u00c7iller&#8217;in kara para aklama i\u015finde gizli orta\u011f\u0131 oldu\u011fu, Fetullah Hocac\u0131lar\u0131n CIA&#8217;n\u0131n b\u00f6lgemizdeki en \u00f6nemli sivil toplum kurulu\u015fu oldu\u011fu iddialar\u0131, Maliye Bakanl\u0131\u011f\u0131 m\u00fcfetti\u015flerinin Fetullah G\u00fclen&#8217;in mali kay\u0131tlar\u0131n\u0131 incelemesi ile i\u00e7i\u015fleri ve D\u0131\u015fi\u015fleri Bakanl\u0131klar\u0131&#8217;n\u0131n ilgili kurulu\u015flarla yapacaklar\u0131 koordine sonucunda \u00e7\u00f6z\u00fclebilece\u011fi de\u011ferlendirilmektedir.&#8221;<\/span><\/p>\n<p style=\"text-align: justify;\"><span style=\"font-family: arial,helvetica,sans-serif;\">M\u0130T taraf\u0131ndan Ba\u015fbakanl\u0131\u011fa sunulan ve Cumhurba\u015fkanl\u0131\u011f\u0131ndaki liderler zirvesinde okunan 17 Aral\u0131k 1996 tarihli raporun 11. sayfan\u0131n son paragraf\u0131nda \u015f\u00f6yle deniyordu:<\/span><\/p>\n<p style=\"text-align: justify;\"><span style=\"font-family: arial,helvetica,sans-serif;\">\u201cOysa M\u0130T, tutuklanmadan \u00f6nce Fetullah G\u00fclen \u00f6rg\u00fctlenmesi hakk\u0131nda soru\u015fturma y\u00fcr\u00fcten Erzincan Cumhuriyeti Ba\u015fsavc\u0131s\u0131 \u0130lhan Cihaner&#8217;e, &#8220;kay\u0131tlar\u0131m\u0131zda, ilgili makamlara iletilmi\u015f, G\u00fclen ile ilgili rapor veya bilgi notu yok&#8221; kayd\u0131 d\u00fc\u015f\u00fcl\u00fcyordu.<\/span><\/p>\n<p style=\"text-align: justify;\"><strong><span style=\"font-family: arial,helvetica,sans-serif;\">\u201c\u00c7ok gizli\u201d M\u0130T raporunda Fetullah\u2019a be\u015f sayfa ayr\u0131l\u0131yordu<\/span><\/strong><\/p>\n<p style=\"text-align: justify;\"><span style=\"font-family: arial,helvetica,sans-serif;\">M\u0130T, 17 Aral\u0131k 1996&#8217;da, d\u00f6nemin M\u00fcste\u015far\u0131 S\u00f6nmez K\u00f6ksal imzas\u0131yla Ba\u015fbakan Necmettin Erbakan&#8217;a \u201c\u00c7ok Gizli\u201d bir rapor sunmu\u015ftu. 61 sayfal\u0131k &#8220;Susurluk Raporu&#8221;nun be\u015f sayfal\u0131k b\u00f6l\u00fcm\u00fcnde,\u00a0\u00a0 Fetullah G\u00fclen \u00f6rg\u00fctlenmesi ayr\u0131nt\u0131lar\u0131yla anlat\u0131l\u0131yordu. Raporda, &#8220;M\u0130T&#8217;in \u00e7al\u0131\u015fmalar\u0131 s\u0131ras\u0131nda, kay\u0131tlara \u00f6nceden girmi\u015f bilgilere yer verildi\u011fi&#8221; vurgulan\u0131yordu.<\/span><\/p>\n<p style=\"text-align: justify;\"><span style=\"font-family: arial,helvetica,sans-serif;\">M\u0130T bug\u00fcn &#8220;yok&#8221; dese de,\u00a0 61 sayfal\u0131k &#8220;\u00c7ok Gizli&#8221; rapor, Ergenekon dosyas\u0131na da girmi\u015f bulunuyordu.<\/span><\/p>\n<p style=\"text-align: justify;\"><span style=\"font-family: arial,helvetica,sans-serif;\">Rapor, 1998 y\u0131l\u0131nda, \u015eenkal Atasagun&#8217;un M\u0130T M\u00fcste\u015farl\u0131\u011f\u0131 d\u00f6neminde de dava konusu olmu\u015ftu. Atasagun mahkemeye g\u00f6nderdi\u011fi yaz\u0131da, rapordaki bilgilerin &#8220;\u00c7al\u0131\u015fmalar\u0131 s\u0131ras\u0131nda derlenmi\u015f, M\u0130T kay\u0131tlar\u0131nda mevcut istihbari bilgiler&#8221; oldu\u011funu belirtiyordu.\u00a0\u00a0 \u00a0\u00a0\u00a0\u00a0\u00a0<\/span><\/p>\n<p style=\"text-align: justify;\"><strong><span style=\"font-family: arial,helvetica,sans-serif;\">Devletin kurumlar\u0131, M\u0130T ve SAVCILIK birbirini mi aldat\u0131yordu?<\/span><\/strong><\/p>\n<p style=\"text-align: justify;\"><span style=\"font-family: arial,helvetica,sans-serif;\">Ba\u015fsavc\u0131 \u0130lhan Cihaner, 20 Ocak 2010\u2019da M\u0130T\u2019e, \u201cy\u00fcr\u00fctt\u00fc\u011f\u00fc cemaatler soru\u015fturmas\u0131yla ilgili yaz\u0131 yazarak, Fetullah G\u00fclen grubu, S\u00fcleymanc\u0131lar ve Menzil grubu hakk\u0131nda, \u00fc\u00e7 konuda bilgi istiyordu.<\/span><\/p>\n<p style=\"text-align: justify;\"><span style=\"font-family: arial,helvetica,sans-serif;\">1- \u0130lgili mercilere iletilmi\u015f ve su\u00e7 \u015f\u00fcphesi i\u00e7eren rapor, bilgi notu vs. olup olmad\u0131\u011f\u0131, varsa bir \u00f6rne\u011finin g\u00f6nderilmesi,<\/span><\/p>\n<p style=\"text-align: justify;\"><span style=\"font-family: arial,helvetica,sans-serif;\">2-\u00a0 Fetullah G\u00fclen&#8217;in ge\u00e7mi\u015fte veya halen, herhangi bir ad alt\u0131nda M\u0130T&#8217;le ya da ba\u015fka bir g\u00fcvenlik\/istihbarat bilimiyle organik ba\u011f\u0131n\u0131n bulunup bulunmad\u0131\u011f\u0131n\u0131n bildirilmesi,<\/span><\/p>\n<p style=\"text-align: justify;\"><span style=\"font-family: arial,helvetica,sans-serif;\">3-\u00a0 1997 y\u0131l\u0131nda M\u0130T taraf\u0131ndan Fetullah G\u00fclen grubunun kara para aklama su\u00e7u gibi su\u00e7lar i\u015fledi\u011fine ili\u015fkin bir rapor d\u00fczenlenip d\u00fczenlenmedi\u011fi, d\u00fczenlenmi\u015fse bir \u00f6rne\u011finin g\u00f6nderilmesi.<\/span><\/p>\n<p style=\"text-align: justify;\"><span style=\"font-family: arial,helvetica,sans-serif;\">M\u0130T, Ba\u015fsavc\u0131 Cihaner&#8217;e, 9 \u015eubat 2010 g\u00fcn\u00fc iki sayfal\u0131k &#8220;gizli&#8221; bir yaz\u0131yla yan\u0131t veriyor ve M\u0130T\u2019in ne Fetullah G\u00fclen\u2019le ne de Emniyet i\u00e7indeki \u00f6rg\u00fctlenmesiyle ilgili \u201cbilgisi\u201d bulunmad\u0131\u011f\u0131n\u0131 s\u00f6yl\u00fcyordu.<\/span><\/p>\n<p style=\"text-align: justify;\"><span style=\"font-family: arial,helvetica,sans-serif;\">&#8220;Fetullah G\u00fclen grubu, S\u00fcleymanc\u0131 ve Menzil grubu hakk\u0131nda M\u00fcste\u015farl\u0131\u011f\u0131m\u0131zca ilgili mercilere iletilmi\u015f ve su\u00e7 \u015f\u00fcphesi i\u00e7eren herhangi bir rapor\/bilgi notu mevcut de\u011fildir.<\/span><\/p>\n<p style=\"text-align: justify;\"><span style=\"font-family: arial,helvetica,sans-serif;\">&#8220;Fetullah G\u00fclen&#8217;in herhangi bir ad veya konum alt\u0131nda M\u00fcste\u015farl\u0131\u011f\u0131m\u0131zla organik ba\u011f\u0131 mevcut de\u011fildir. \u00d6te yandan ba\u015fka g\u00fcvenlik\/istihbarat birimleriyle organik ba\u011f\u0131n\u0131n bulundu\u011funa ili\u015fkin olarak da M\u00fcste\u015farl\u0131\u011f\u0131m\u0131z\u0131n bir tespiti bulunmamaktad\u0131r\u201d deniyordu.<\/span><\/p>\n<p style=\"text-align: justify;\"><strong><span style=\"font-family: arial,helvetica,sans-serif;\">&#8220;Kara para&#8221; yan\u0131t\u0131nda, \u201cbilgi notu\u201dnu a\u00e7\u0131\u011fa vurmaktayd\u0131.<\/span><\/strong><\/p>\n<p style=\"text-align: justify;\"><span style=\"font-family: arial,helvetica,sans-serif;\">Peki, M\u0130T, Cihaner&#8217;in kara parayla ilgili \u00fc\u00e7\u00fcnc\u00fc talebine nas\u0131l yan\u0131t veriyordu?<\/span><\/p>\n<p style=\"text-align: justify;\"><span style=\"font-family: arial,helvetica,sans-serif;\">M\u0130T&#8217;in Susurluk Raporu&#8217;nda, \u201cFetullah G\u00fclen&#8217;in kara para aklama i\u015finde Tansu \u00c7iller\u2019in orta\u011f\u0131 oldu\u011fu\u201d tespiti yer al\u0131yordu.<\/span><\/p>\n<p style=\"text-align: justify;\"><span style=\"font-family: arial,helvetica,sans-serif;\">Ba\u015fsavc\u0131 Cihaner&#8217;e g\u00f6nderdi\u011fi 9 \u015eubat g\u00fcnl\u00fc yaz\u0131da &#8220;G\u00fclen&#8217;le ilgili rapor\/bilgi notu yok&#8221; diyen M\u0130T, ayn\u0131 yaz\u0131n\u0131n \u00fc\u00e7\u00fcnc\u00fc maddesinde \u015f\u00f6yle diyordu: &#8220;&#8230;M\u00fcste\u015farl\u0131\u011f\u0131m\u0131za verilen talimat do\u011frultusunda 17.12.1996 tarih ve 24746 say\u0131l\u0131 takdim yaz\u0131s\u0131 ile Ba\u015fbakanl\u0131\u011fa sunulan bir &#8216;bilgi notu&#8217; haz\u0131rlanm\u0131\u015ft\u0131r.\u201d<\/span><\/p>\n<p style=\"text-align: justify;\"><span style=\"font-family: arial,helvetica,sans-serif;\">Bu yan\u0131t \u00fczerine Erzincan C. Ba\u015fsavc\u0131s\u0131 \u0130lhan Cihaner, 16 \u015eubat g\u00fcn\u00fc M\u0130T M\u00fcste\u015farl\u0131\u011f\u0131na bir yaz\u0131 daha yazarak, Ba\u015fbakanl\u0131\u011fa g\u00f6nderilen &#8220;bilgi notu&#8221;nun onayl\u0131 suretini istiyordu. Bu yaz\u0131, Cihaner\u2019in M\u0130T&#8217;e son yaz\u0131s\u0131 oluyordu. Bir ka\u00e7 saat sonra makam\u0131 bas\u0131larak, g\u00f6zalt\u0131ndan sonra tutuklan\u0131yor ve cezaevine g\u00f6nderiliyordu.<\/span><\/p>\n<p style=\"text-align: justify;\"><span style=\"font-family: arial,helvetica,sans-serif;\">Hat\u0131rlanaca\u011f\u0131 gibi \u0130\u015f\u00e7i Partisi Susurluk olay\u0131ndan 15 g\u00fcn \u00f6nce, 18 Ekim 1996&#8217;da Cumhurba\u015fkan\u0131 S\u00fcleyman Demirel\u2019e &#8220;\u00c7iller \u00d6zel \u00d6rg\u00fct\u00fc&#8221; dosyas\u0131n\u0131 sunmu\u015flard\u0131. Demirel dosyay\u0131, 8 Kas\u0131m 1996 tarihli bir yaz\u0131 ekiyle d\u00f6nemin ba\u015fbakan\u0131 Necmettin Erbakan&#8217;a yollam\u0131\u015ft\u0131. Ba\u015fbakanl\u0131k M\u00fcste\u015far\u0131 ili\u015fkin sundu\u011fu dosyadaki iddialar hakk\u0131nda ara\u015ft\u0131rma yap\u0131lmas\u0131n\u0131 ve sonucunda d\u00fczenlenecek raporun &#8220;acele&#8221; Ba\u015fbakan\u2019a g\u00f6nderilmesini istedi.\u00a0\u00a0\u00a0\u00a0\u00a0\u00a0\u00a0\u00a0\u00a0\u00a0\u00a0\u00a0\u00a0\u00a0\u00a0\u00a0\u00a0\u00a0\u00a0\u00a0\u00a0<\/span><\/p>\n<p style=\"text-align: justify;\"><span style=\"font-family: arial,helvetica,sans-serif;\">Bunun \u00fczerine M\u0130T, 17 Aral\u0131k 1996 tarihli &#8220;Ki\u015fiye \u00d6zel&#8221;, &#8220;\u00c7ok Gizli&#8221; Susurluk Raporu&#8217;nu haz\u0131rlayarak Erbakan&#8217;a ula\u015ft\u0131rd\u0131.<\/span><\/p>\n<p style=\"text-align: justify;\"><span style=\"font-family: arial,helvetica,sans-serif;\">Ba\u015fbakan Erbakan, raporu \u00c7ankaya K\u00f6\u015fk\u00fcndeki liderler zirvesine ta\u015f\u0131d\u0131.\u201d<\/span><a href=\"#_ftn2\"><span style=\"font-family: arial,helvetica,sans-serif;\">[2]<\/span><\/a><\/p>\n<p style=\"text-align: justify;\"><span style=\"font-family: arial,helvetica,sans-serif;\">Erbakan ki\u015filerin ve kesimlerin zan ve t\u00f6hmet alt\u0131nda kalmamas\u0131 i\u00e7in bu bilgilerin derinlemesine ara\u015ft\u0131r\u0131l\u0131p do\u011frulu\u011fu kan\u0131tlanmadan medyaya a\u00e7\u0131klanmas\u0131n\u0131 uygun bulmam\u0131\u015ft\u0131.<\/span><\/p>\n<p style=\"text-align: justify;\"><span style=\"font-family: arial,helvetica,sans-serif;\">M\u0130T\u2019in Fetullah G\u00fclen\u2019le ilgili bilgi notlar\u0131 aras\u0131nda:<\/span><\/p>\n<ul>\n<li>\n<div style=\"text-align: justify;\"><span style=\"font-family: arial,helvetica,sans-serif;\">Fetullah G\u00fclen\u2019in yak\u0131n \u00e7evresine: \u201cAlparslan T\u00fcrke\u015f\u2019le g\u00f6r\u00fc\u015f\u00fcp onu y\u00f6nlendirmeye \u00e7al\u0131\u015ft\u0131\u011f\u0131n\u0131\u201d a\u00e7\u0131klad\u0131\u011f\u0131,<\/span><\/div>\n<\/li>\n<li>\n<div style=\"text-align: justify;\"><span style=\"font-family: arial,helvetica,sans-serif;\">6 Eyl\u00fcl 1987\u2019de \u00d6zal\u2019\u0131 desteklemek i\u00e7in \u201cHay\u0131r\u201d oyu kullanmak \u00fczere cemaatini haz\u0131rlad\u0131\u011f\u0131,<\/span><\/div>\n<\/li>\n<li>\n<div style=\"text-align: justify;\"><span style=\"font-family: arial,helvetica,sans-serif;\">M\u00c7P-Refah Partisi se\u00e7im ittifak\u0131na \u00f6nce destek \u00e7\u0131kt\u0131\u011f\u0131, sonra aleyhine \u00e7al\u0131\u015ft\u0131\u011f\u0131,<\/span><\/div>\n<\/li>\n<li>\n<div style=\"text-align: justify;\"><span style=\"font-family: arial,helvetica,sans-serif;\">Nisan 1992\u2019de Azerbaycan\u2019da TV kurma \u00e7al\u0131\u015fmalar\u0131 ba\u015flatt\u0131\u011f\u0131,<\/span><\/div>\n<\/li>\n<li>\n<div style=\"text-align: justify;\"><span style=\"font-family: arial,helvetica,sans-serif;\">ABD\u2019de Risale-i Nur Enstit\u00fcs\u00fc kurmak bahanesiyle gizlice bu \u00fclkeye seyahat yapt\u0131\u011f\u0131<\/span><\/div>\n<\/li>\n<li>\n<div style=\"text-align: justify;\"><span style=\"font-family: arial,helvetica,sans-serif;\">1992\u2019de M\u00c7P\u2019den ayr\u0131lan Muhsin Yaz\u0131c\u0131o\u011flu\u2019na parti kurmak i\u00e7in maddi ve manevi yard\u0131m sa\u011flad\u0131\u011f\u0131 gibi \u00f6nemli ayr\u0131nt\u0131lara rastlan\u0131yordu.<\/span><\/div>\n<\/li>\n<\/ul>\n<p style=\"text-align: justify;\"><strong><span style=\"font-family: arial,helvetica,sans-serif;\">\u00a0<\/span><\/strong><\/p>\n<p style=\"text-align: justify;\"><strong><span style=\"font-family: arial,helvetica,sans-serif;\">G\u00fcneydo\u011fu\u2019da Barzani Fetullah ittifak\u0131!<\/span><\/strong><\/p>\n<p style=\"text-align: justify;\"><span style=\"font-family: arial,helvetica,sans-serif;\">AKP, Mahmur ve Kandil&#8217;den gelen PKK&#8217;l\u0131lar\u0131, &#8216;ayarlad\u0131\u011f\u0131&#8217; mahkemeyle serbest b\u0131rakarak PKK \u00fczerinden \u2018b\u00f6l\u00fcnme\u2019 fikrini kamuoyunda me\u015frula\u015ft\u0131r\u0131yordu. AKP, bu yolla b\u00fct\u00fcn dikkatleri PKK \u00fczerine \u00e7ekerken alttan alta da b\u00f6lgede Fetullah\u00e7\u0131 \u00f6rg\u00fctlenmeye a\u011f\u0131rl\u0131k veriyordu.<\/span><\/p>\n<p style=\"text-align: justify;\"><span style=\"font-family: arial,helvetica,sans-serif;\">AKP bir yandan da\u011fdan gelenleri serbest b\u0131rak\u0131rken, di\u011fer yandan \u015fehirde ya\u015fayan ve art\u0131k siyasi b\u00f6l\u00fcc\u00fcl\u00fckle u\u011fra\u015fan BDP&#8217;lileri, PKK&#8217;n\u0131n \u015fehir yap\u0131lanmas\u0131 olan KCK\u2019da yer ald\u0131klar\u0131 gerek\u00e7esiyle tutukluyordu. Bu operasyonlar\u0131 anlayabilmek i\u00e7in PKK ve BDP i\u00e7inde uzun zamand\u0131r tart\u0131\u015f\u0131lan iki ana fikri incelemek gerekiyordu. Bu tart\u0131\u015fmay\u0131 PKK&#8217;yla s\u0131n\u0131rl\u0131 tutmak da do\u011fru de\u011fildi. \u00c7\u00fcnk\u00fc tart\u0131\u015fman\u0131n bir ucunda ba\u015f\u0131n\u0131 ABD&#8217;nin \u00e7ekti\u011fi, baz\u0131 PKK ve BDP&#8217;liler, HAKPAR, KADEP vb. di\u011fer K\u00fcrt gruplar\u0131 yer al\u0131yordu.<\/span><\/p>\n<p style=\"text-align: justify;\"><span style=\"font-family: arial,helvetica,sans-serif;\">Tart\u0131\u015fman\u0131n bu yan\u0131ndakileri \u00f6zetle \u015fu g\u00f6r\u00fc\u015f\u00fc savunuyordu:<\/span><\/p>\n<p style=\"text-align: justify;\"><span style=\"font-family: arial,helvetica,sans-serif;\">&#8220;Irakta Barzani \u00f6nderli\u011finde kurulmu\u015f bir devlet bulunuyor. K\u00fcrtlerin \u00f6ncelikle bu kazan\u0131lm\u0131\u015f mevziyi savunmalar\u0131 gerekiyor. T\u00fcrk Silahl\u0131 Kuvvetleri PKK\u2019y\u0131 bahane ederek Irak&#8217;a giriyor. \u0130\u015fte bu y\u00fcz\u00fcnden K\u00fcrdistan\u2019\u0131 T\u00fcrkiye&#8217;ye kabul ettiremiyoruz. PKK da Ergenekoncudur.\u201d<\/span><\/p>\n<p style=\"text-align: justify;\"><span style=\"font-family: arial,helvetica,sans-serif;\">Bunun kar\u015f\u0131s\u0131nda ise Barzani&#8217;yi &#8216;feodal&#8217; olmakla ele\u015ftirip, PKK&#8217;n\u0131n ve \u00d6calan&#8217;\u0131n muhatap al\u0131nmas\u0131n\u0131 isteyen bir k\u0131s\u0131m BDP ve PKK&#8217;l\u0131lar bulunuyordu. Bunlar birinci guruba tepki g\u00f6steriyordu.<\/span><\/p>\n<p style=\"text-align: justify;\"><strong><span style=\"font-family: arial,helvetica,sans-serif;\">B\u00f6lgede Yahudi Barzanicilikle Fetullah\u00e7\u0131l\u0131\u011f\u0131n \u00f6n\u00fc a\u00e7\u0131l\u0131yordu<\/span><\/strong><\/p>\n<p style=\"text-align: justify;\"><span style=\"font-family: arial,helvetica,sans-serif;\">KCK operasyonlar\u0131nda tutuklananlar aras\u0131nda Barzani&#8217;ye kar\u015f\u0131 olanlar\u0131n a\u011f\u0131rl\u0131kta olmas\u0131 dikkatlerden ka\u00e7mam\u0131\u015ft\u0131. \u00d6re\u011fin e\u015fi doktor olan Av. F\u0131rat Anl\u0131 26 Aral\u0131kta tutuklananlardand\u0131. 2004 y\u0131l\u0131ndaki yerel se\u00e7imlerde Anl\u0131, B\u00fcy\u00fck\u015fehir belediye ba\u015fkan aday aday\u0131 yap\u0131lm\u0131\u015ft\u0131. Anl\u0131\u2019yla birlikte 8 aday daha vard\u0131. DEHAP&#8217;\u0131n yapt\u0131\u011f\u0131 \u00f6n se\u00e7imde Anl\u0131 y\u00fczde 67 oy almas\u0131na ra\u011fmen aday olamam\u0131\u015ft\u0131. Abdullah \u00d6calan&#8217;a ra\u011fmen, ABD&#8217;de 8 ay \u201c\u015fehircilik ve dil e\u011fitimi\u201d alan Osman Baydemir adayl\u0131\u011f\u0131 kapm\u0131\u015ft\u0131. Osman Baydemir belediye ba\u015fkan\u0131 olduktan sonra hemen T\u00fcrkiye&#8217;nin G\u00fcneydo\u011fusunun Irak&#8217;\u0131n kuzeyiyle birle\u015ftirilmesi y\u00f6n\u00fcnde ad\u0131mlar atm\u0131\u015ft\u0131. Bu ba\u011flamda \u201cDicle&#8217;ye K\u0131y\u0131s\u0131 Olan Belediyeler Birli\u011fi\u201dni olu\u015fturmu\u015flard\u0131. Hatta Tar\u0131k Ziya Ekinci&#8217;yi \u00e7a\u011f\u0131rarak belediyede d\u00fczenletti\u011fi bir panelde Ekinci\u2019ye, PKK&#8217;y\u0131 kastederek \u201c\u015eimdiki gen\u00e7lerin zannetti\u011fi gibi K\u00fcrt m\u00fccadelesi \u00f6yle 15-20 y\u0131ll\u0131k bir m\u00fccadele de\u011fildir\u201d propagandas\u0131 ba\u015flatm\u0131\u015ft\u0131.<\/span><\/p>\n<p style=\"text-align: justify;\"><strong><span style=\"font-family: arial,helvetica,sans-serif;\">KCK\u2019l\u0131lar\u0131n Avukatlar\u0131: AKP, K\u00fcrtlere Fetullah\u00e7\u0131lar eliyle hakim olmak istiyordu.<\/span><\/strong><\/p>\n<p style=\"text-align: justify;\"><strong><span style=\"font-family: arial,helvetica,sans-serif;\">KCK operasyonlar\u0131nda g\u00f6zalt\u0131na al\u0131n\u0131p tutuklananlar\u0131n avukat\u0131 Fethi G\u00fcm\u00fc\u015f \u015funlar\u0131 belirtiyordu:<\/span><\/strong><\/p>\n<p style=\"text-align: justify;\"><span style=\"font-family: arial,helvetica,sans-serif;\">AKP bir yandan bir K\u00fcrt a\u00e7\u0131l\u0131m\u0131ndan bahsederken bir yandan da K\u00fcrt siyaset\u00e7ileri ve ayd\u0131nlar\u0131 tutukluyordu. Asl\u0131nda amac\u0131 bir a\u00e7\u0131l\u0131m de\u011fildir. Kendine g\u00f6re bir K\u00fcrt yaratmakt\u0131r. B\u00f6lgede sessiz de olsa k\u0131smen tarikatlar ve Fetullah\u00e7\u0131lar siyasete h\u00e2kimdir. Bug\u00fcn bu tarikatlar\u0131n t\u00fcm\u00fc AKP i\u00e7inde yer almakta. Milletvekillerini bu tarikatlar ve cemaatler tespit etmektedir. AKP a\u00e7\u0131l\u0131mla birlikte kendi yaratt\u0131\u011f\u0131 tarikat\u00e7\u0131 ve cemaat\u00e7i K\u00fcrde g\u00f6re bir \u00e7\u00f6z\u00fcm \u00fcretmeye \u00e7al\u0131\u015f\u0131yor.\u201d<\/span><\/p>\n<p style=\"text-align: justify;\"><strong><span style=\"font-family: arial,helvetica,sans-serif;\">Av. Sinan Tanr\u0131kulu da benzer noktalara dikkat \u00e7ekiyordu.<\/span><\/strong><\/p>\n<p style=\"text-align: justify;\"><span style=\"font-family: arial,helvetica,sans-serif;\">Baz\u0131 K\u00fcrt ayd\u0131nlar\u0131 ABD&#8217;nin Barzani \u00f6nderli\u011finde kurdu\u011fu devlete &#8216;K\u00fcrtleri biz temsil ediyoruz, bizi muhatap al\u0131n&#8217; diyerek kar\u015f\u0131 \u00e7\u0131k\u0131yor. ABD bir yandan s\u00f6zde KCK operasyonlar\u0131yla PKK&#8217;n\u0131n burnunu s\u00fcrterken, PKK i\u00e7indeki Barzanicili\u011fi kabul etmeyenleri de tasfiye ediyor. Buna paralel olarak, K\u00fcrt b\u00f6lgelerinde irticai \u00f6rg\u00fctlenmeleri yayg\u0131nla\u015ft\u0131r\u0131yor.<\/span><\/p>\n<p style=\"text-align: justify;\"><strong><span style=\"font-family: arial,helvetica,sans-serif;\">Fetullah Cemaatinin Irak\u2019\u0131n kuzeyindeki faaliyetleri de bu ba\u011flamda de\u011ferlendiriliyordu.<\/span><\/strong><\/p>\n<p style=\"text-align: justify;\"><span style=\"font-family: arial,helvetica,sans-serif;\">AKP, iktidar\u0131n\u0131n son y\u0131llar\u0131nda Diyarbak\u0131r ba\u015fta olmak \u00fczere G\u00fcneydo\u011fu&#8217;da da din istismarc\u0131s\u0131 \u00f6rg\u00fctlenmede h\u0131zl\u0131 bir art\u0131\u015f ya\u015fan\u0131yor. Neredeyse Diyarbak\u0131r\u2019\u0131n her soka\u011f\u0131nda mutlaka din istismarc\u0131s\u0131 bir dernek veya vak\u0131f kuruluyor. \u0130l genelinde kanarya sevenler derne\u011fi de dahil faal 465 dernek bulunuyor.\u00a0 Bu derneklerin 136&#8217;s\u0131 din istismarc\u0131s\u0131. Ayr\u0131ca istismarc\u0131 sendikalar ve vak\u0131flar var. Ehi-Der, De\u011fi-Der, Mustazaf-Der, Mazlum-Der, \u00d6zg\u00fcr-Der, H\u00fcr-Der, \u0130kra E\u011fitim-Der, Sahabe-Der, bu derneklerden baz\u0131lar\u0131. \u00c7o\u011fu AKP iktidar\u0131ndan sonra kuruldu ya da g\u00fc\u00e7lendi. Bu demeklerin hepsi din istismarc\u0131s\u0131 olmakla beraber s\u00f6ylemlerinde K\u00fcrt\u00e7\u00fcl\u00fck \u00f6n plana \u00e7\u0131k\u0131yor.<\/span><\/p>\n<p style=\"text-align: justify;\"><strong><span style=\"font-family: arial,helvetica,sans-serif;\">Hizbullah yeniden uyand\u0131r\u0131l\u0131yordu.<\/span><\/strong><\/p>\n<p style=\"text-align: justify;\"><span style=\"font-family: arial,helvetica,sans-serif;\">Bu derneklerden baz\u0131lar\u0131 zaman zaman mahalle aralar\u0131nda PKK ile ta\u015fl\u0131 sopal\u0131 kavga etmeye giri\u015fiyor. Mahalleler bile bu dernekler taraf\u0131ndan payla\u015f\u0131lm\u0131\u015f durumda. Eski yerle\u015fim yeri olan ve yoksullar\u0131n oturdu\u011fu Suri\u00e7i&#8217;nde ve Ba\u011flar&#8217;da daha \u00e7ok Hizbullah&#8217;a yak\u0131nl\u0131\u011f\u0131yla bilinen Mustazaf-Der g\u00fc\u00e7l\u00fc g\u00f6r\u00fcn\u00fcyor. Mustazaf-Der\u2019in Halep\u00e7e olay\u0131n\u0131n y\u0131ld\u00f6n\u00fcm\u00fcnde binden fazla ki\u015finin kat\u0131ld\u0131\u011f\u0131 K\u00fcrt\u00e7e tiyatro etkinli\u011fi d\u00fczenledi\u011fi biliniyor. Kat\u0131l\u0131m yo\u011fun olunca Diyarbak\u0131r&#8217;da on iki y\u0131ld\u0131r uyuyan Hizbullah uyand\u0131r\u0131l\u0131yor\u201d yorumlar\u0131 yap\u0131lmaya ba\u015flanm\u0131\u015ft\u0131.<\/span><\/p>\n<p style=\"text-align: justify;\"><span style=\"font-family: arial,helvetica,sans-serif;\">Fetullah\u00e7\u0131lar ise daha \u00e7ok yeni ve gelir d\u00fczeyi y\u00fcksek olan Yeni\u015fehir ve Kayap\u0131nar&#8217;da a\u011f\u0131rl\u0131ktayd\u0131. Fetullah\u00e7\u0131lara ait, Diclekent bulvar\u0131ndaki Nil Koleji ilk\u00f6\u011fretim, Ergani yolu \u00fczerindeki Dicle koleji lise seviyesinde e\u011fitim veriyordu. Urfa yolu \u00fczerinde Bahattin Bey koleji yine Kayap\u0131nar&#8217;da Diclekent bulvar\u0131 sonunda bulunan \u00d6zel Dicle Fen lisesi Fetullah\u00e7\u0131lar\u0131nd\u0131. Yine \u00e7o\u011funlukla asker \u00e7ocuklar\u0131n\u0131n gitti\u011fi ve 500 \u00f6\u011frencisi olan Yeni\u015fehir&#8217;deki \u00d6zel Diken Koleji&#8217;ni ise 2 milyon 600 bin TL&#8217;ye Fetullah\u00e7\u0131lar yeni sat\u0131n alm\u0131\u015ft\u0131. Ayr\u0131ca yine Fetullah\u00e7\u0131lara ait Sur dersaneleri ve Anafen dersanesi vard\u0131. Sur&#8217;un be\u015f \u015fubesi bulunuyordu. Yine eski Akkoyunlu sokakta bulunan Anavatan partisinin eski yeri cemaat taraf\u0131ndan sat\u0131n al\u0131nm\u0131\u015f, binan\u0131n alt\u0131 dersane \u00fcst\u00fc ise yedi katl\u0131 \u00f6\u011frenci yurdu yap\u0131lm\u0131\u015ft\u0131. Yine \u00d6zel Diken Koleji kar\u015f\u0131s\u0131ndaki yedi katl\u0131 k\u0131z \u00f6\u011frenci yurdunu yeni a\u00e7m\u0131\u015flard\u0131. Diclekent bulvar\u0131nda da bir \u00f6\u011frenci yurtlar\u0131 bulunmaktayd\u0131.<\/span><\/p>\n<p style=\"text-align: justify;\"><span style=\"font-family: arial,helvetica,sans-serif;\">Cemaat Diyarbak\u0131r&#8217;da bir \u00fcniversite kurma \u00e7al\u0131\u015fmas\u0131na da ba\u015flam\u0131\u015ft\u0131. Urfa yolunda bulunan \u00c7\u00f6lg\u00fczeli k\u00f6y\u00fcnde arsas\u0131 bile al\u0131nm\u0131\u015ft\u0131.<\/span><\/p>\n<p style=\"text-align: justify;\"><span style=\"font-family: arial,helvetica,sans-serif;\">Ayr\u0131ca Fetullah\u00e7\u0131lar bir\u00e7ok mahallede de okuma salonlar\u0131 a\u00e7\u0131yordu. Ehi-Der (E\u011fitim ve Halka \u0130li\u015fkiler Derne\u011fi) arac\u0131l\u0131\u011f\u0131yla a\u00e7\u0131lan bu salonlardaki toplant\u0131lar s\u0131k\u0131 tutuluyordu. Tan\u0131mad\u0131klar\u0131 veya emin olmad\u0131klar\u0131 hi\u00e7bir \u015fahs\u0131 toplant\u0131lara al\u0131nm\u0131yordu. Dershaneye gidemeyen yoksul \u00f6\u011frencilere ders takviyesi yapma g\u00f6r\u00fcnt\u00fcs\u00fcyle a\u00e7\u0131lan bu salonlarda siyaset tart\u0131\u015f\u0131l\u0131yordu. Burada d\u00fczenlenen toplant\u0131lardaki tart\u0131\u015fmalar\u0131n a\u011f\u0131rl\u0131k konusu T\u00fcrk Silahl\u0131 Kuvvetleri oluyordu. Fetullah\u00e7\u0131lar, b\u00fct\u00fcn bu ekonomik ve e\u011fitim faaliyetlerini Diclekent kav\u015fa\u011f\u0131nda bulunan G\u00fcldo\u011fan Plaza&#8217;daki F\u0131rat \u0130\u015fadamlar\u0131 Derne\u011fi arac\u0131l\u0131\u011f\u0131yla organize ediyordu.<\/span><\/p>\n<p style=\"text-align: justify;\"><strong><span style=\"font-family: arial,helvetica,sans-serif;\">GAP Eylem Plan\u0131n\u0131 Fetullah\u00e7\u0131lar lehine kullanan Valiler \u00f6d\u00fcllendiriliyordu.<\/span><\/strong><\/p>\n<p style=\"text-align: justify;\"><span style=\"font-family: arial,helvetica,sans-serif;\">27 May\u0131s 2008 tarihinde Diyarbak\u0131r&#8217;a gelen Erdo\u011fan burada b\u00fcy\u00fck bir g\u00fcr\u00fclt\u00fcyle GAP Eylem Plan\u0131\u2019n\u0131 a\u00e7\u0131klam\u0131\u015ft\u0131.<\/span><\/p>\n<p style=\"text-align: justify;\"><span style=\"font-family: arial,helvetica,sans-serif;\">GAP Eylem Plan\u0131 d\u00f6rt ana ba\u015fl\u0131kt\u0131; biri\u00a0 \u2018Sosyal Geli\u015fim Sa\u011flanmas\u0131\u2019. Bu ba\u015fl\u0131k alt\u0131ndaki faaliyetler ise &#8216;istihdam, sa\u011fl\u0131k, e\u011fitim, sosyal hizmet ve yard\u0131mlar, k\u00fclt\u00fcr, sanat ve spor alanlar\u0131nda\u2019 yap\u0131lacak s\u00f6zde yat\u0131r\u0131mlardan olu\u015fmaktayd\u0131. \u0130lk bak\u0131\u015fla masum gibi durmakta ve AKP GAP\u2019\u0131 bitirecek ve b\u00f6lge geli\u015fecek san\u0131lmaktayd\u0131. Oysa GAP Eylem Plan\u0131yla istismarc\u0131 Amerikanc\u0131 derneklere ekonomik yard\u0131mlar\u0131n k\u0131l\u0131f\u0131 haz\u0131rlanm\u0131\u015ft\u0131.<\/span><\/p>\n<p style=\"text-align: justify;\"><span style=\"font-family: arial,helvetica,sans-serif;\">GAP Eylem Plan\u0131 kapsam\u0131nda sadece GAP b\u00f6lgesindeki illerde uygulanan SODES (Sosyal Destek) program\u0131 vard\u0131. Bu program \u00e7er\u00e7evesinde resmi kurumlar ya da t\u00fczel ki\u015filikler proje haz\u0131rl\u0131yordu. \u0130l valiliklerinin d\u00fczenlemesini yapt\u0131\u011f\u0131 bu projeleri Devlet Planlama Te\u015fkilat\u0131 kabul ediyordu. Projeler kabul edildikten sonra proje bedelleri ilgili resm\u00ee ya da t\u00fczel ki\u015filiklere \u00f6deniyordu.<\/span><\/p>\n<p style=\"text-align: justify;\"><strong><span style=\"font-family: arial,helvetica,sans-serif;\">Proje deste\u011fi alan istismarc\u0131 dernekler dikkat \u00e7ekiyordu.<\/span><\/strong><\/p>\n<p style=\"text-align: justify;\"><span style=\"font-family: arial,helvetica,sans-serif;\">\u0130\u015fte bu SODES kapsam\u0131nda haz\u0131rlanan projelerin resmi kurumlar d\u0131\u015f\u0131nda kalanlar\u0131n b\u00fcy\u00fck \u00e7o\u011funlu\u011funu istismarc\u0131 \u00f6zellikle de Fetullah\u00e7\u0131 kurulu\u015flar al\u0131yordu. Sadece Diyarbak\u0131r ilinde, 2008 y\u0131l\u0131 i\u00e7in proje ba\u015fvuru say\u0131s\u0131 322. Kabul edilen proje say\u0131s\u0131 resmi kurumlar\u0131n dahil 53 oluyordu.<\/span><\/p>\n<p style=\"text-align: justify;\"><span style=\"font-family: arial,helvetica,sans-serif;\">2009 y\u0131l\u0131nda ise 868 projeden 72\u2019si kabul ediliyordu. \u0130stismarc\u0131 olamayan herhangi bir derne\u011fin haz\u0131rlad\u0131\u011f\u0131 projenin onaylanmas\u0131 neredeyse imk\u00e2ns\u0131z g\u00f6r\u00fcn\u00fcyordu.<\/span><\/p>\n<p style=\"text-align: justify;\"><span style=\"font-family: arial,helvetica,sans-serif;\">AKP devlet eliyle de\u011fil fetullah\u00e7\u0131lar arac\u0131l\u0131\u011f\u0131yla \u2018GAP Eylem Plan\u0131\u2019nda yer alan \u2018Sosyal Geli\u015fmenin Sa\u011flanmas\u0131\u2019 maddesini uyguluyordu. Zaten GAP Eylem Plan\u0131&#8217;nda &#8216;ilerleme&#8217; sa\u011flanan tek madde de buydu. Di\u011fer maddelerde (Ekonomik Kalk\u0131nman\u0131n Sa\u011flanmas\u0131, Alt Yap\u0131 ve Kurumsal Kapasitenin Geli\u015ftirilmesi) pek bir geli\u015fme yoktu.<\/span><a href=\"#_ftn3\"><span style=\"font-family: arial,helvetica,sans-serif;\">[3]<\/span><\/a><span style=\"font-family: arial,helvetica,sans-serif;\"> <strong>Bu arada Fetullah G\u00fclenciler ve Barzanicilerle iyi ili\u015fkiler kuran Diyarbak\u0131r valileri, hep en \u00fcst g\u00f6revlere atan\u0131yor Ankara, \u0130zmir ve \u0130stanbul\u2019a Vali yap\u0131l\u0131yordu!<\/strong><strong><\/strong><\/span><\/p>\n<p style=\"text-align: justify;\"><strong><span style=\"font-family: arial,helvetica,sans-serif;\">Fetullah-Barzani ittifak\u0131 ve ABD\u2019nin PKK\u2019y\u0131 d\u00f6n\u00fc\u015ft\u00fcrme projesi<\/span><a href=\"#_ftn4\"><strong><span style=\"font-family: arial,helvetica,sans-serif;\">[4]<\/span><\/strong><\/a><\/strong><\/p>\n<p style=\"text-align: justify;\"><span style=\"font-family: arial,helvetica,sans-serif;\">\u00a0(&#8230;) ABD&#8217;nin g\u00fcncel Irak uygulamas\u0131n\u0131n iki y\u00f6n\u00fc vard\u0131:<\/span><\/p>\n<p style=\"text-align: justify;\"><span style=\"font-family: arial,helvetica,sans-serif;\">1. Kuzey Irak&#8217;ta kontrol\u00fcn ve PKK&#8217;n\u0131n askeri g\u00fcc\u00fcn\u00fcn denetim alt\u0131na al\u0131nm\u0131\u015f g\u00f6sterilmesi.<\/span><\/p>\n<p style=\"text-align: justify;\"><span style=\"font-family: arial,helvetica,sans-serif;\">2. \u0130\u00e7eride PKK&#8217;ya af ve kapsaml\u0131 reform giri\u015fimleri.<\/span><\/p>\n<p style=\"text-align: justify;\"><span style=\"font-family: arial,helvetica,sans-serif;\">B\u00fct\u00fcn bunlar Kukla Devlet&#8217;in himaye alt\u0131na al\u0131nmas\u0131 ko\u015fuluyla yap\u0131lacakt\u0131. PKK-DTP&#8217;nin &#8220;K\u00fcrtlerin temsilcisi olarak&#8221; kabul edilmesi ve masaya oturulmas\u0131 dayatman\u0131n bir ba\u015fka par\u00e7as\u0131yd\u0131.<\/span><\/p>\n<p style=\"text-align: justify;\"><span style=\"font-family: arial,helvetica,sans-serif;\">ABD&#8217;nin siyasi \u00e7\u00f6z\u00fcm\u00fc, &#8220;Abdullah G\u00fcl ile anla\u015ft\u0131k&#8221; s\u00f6zleriyle ge\u00e7en y\u0131l\u0131n sonunda gazetelere a\u00e7\u0131klayan Talabani&#8217;nin anlat\u0131m\u0131na g\u00f6re \u015fu unsurlardan olu\u015fuyordu:<\/span><\/p>\n<p style=\"text-align: justify;\"><span style=\"font-family: arial,helvetica,sans-serif;\">1. Kukla Devlet resmen tan\u0131nacak ve masaya oturulacak.<\/span><\/p>\n<p style=\"text-align: justify;\"><span style=\"font-family: arial,helvetica,sans-serif;\">2. T\u00fcrkiye ile Kukla Devlet aras\u0131ndaki anla\u015fma \u00e7er\u00e7evesinde PKK Irak&#8217;ta yasad\u0131\u015f\u0131 ilan edilip d\u0131\u015flanacak.<\/span><\/p>\n<p style=\"text-align: justify;\"><span style=\"font-family: arial,helvetica,sans-serif;\">3. Bunun kar\u015f\u0131l\u0131\u011f\u0131nda PKK&#8217;ya af \u00e7\u0131kar\u0131lacak.<\/span><\/p>\n<p style=\"text-align: justify;\"><span style=\"font-family: arial,helvetica,sans-serif;\">4.\u00a0 PKK&#8217;n\u0131n \u00f6nce da\u011fdaki kadrolar\u0131n\u0131n, ard\u0131ndan \u00fcst d\u00fczey y\u00f6neticilerinin belli bir takvim dahilinde T\u00fcrkiye&#8217;ye d\u00f6n\u00fc\u015f\u00fc sa\u011flanacak.<\/span><\/p>\n<p style=\"text-align: justify;\"><span style=\"font-family: arial,helvetica,sans-serif;\">5. K\u00fcrt kimli\u011finin anayasal g\u00fcvenceye kavu\u015fturulmas\u0131na, anadilde e\u011fitim yap\u0131lmas\u0131na ve G\u00fcneydo\u011fuda \u00f6zerklik uygulamas\u0131na zemin haz\u0131rlanacak<\/span><\/p>\n<p style=\"text-align: justify;\"><strong><span style=\"font-family: arial,helvetica,sans-serif;\">PKK\u2019n\u0131n ABD plan\u0131na uygun hale getirilme \u00e7abas\u0131<\/span><\/strong><\/p>\n<p style=\"text-align: justify;\"><strong><span style=\"font-family: arial,helvetica,sans-serif;\">(\u2026) ABD, Irak politikas\u0131 konusunda s\u00fcreci h\u0131zland\u0131rma amac\u0131ndayd\u0131. Irak&#8217;tan \u00e7ekilme takvimi olarak a\u00e7\u0131klanan plan\u0131n merkezinde Irak&#8217;\u0131n kuzeyindeki Kukla Devlet&#8217;in g\u00fcvenceye kavu\u015fturulmas\u0131 vard\u0131. Bu uygulama plan\u0131nda PKK&#8217;n\u0131n konumu b\u00fcy\u00fck \u00f6nem ta\u015f\u0131yordu. ABD&#8217;nin T\u00fcrk Ordusu ile ili\u015fkilerindeki en \u00f6nemli p\u00fcr\u00fcz durumundaki PKK&#8217;n\u0131n mevcut durumunun de\u011fi\u015ftirilmesi en \u00f6nemli konuydu. O nedenle Irak&#8217;\u0131n kuzeyindeki Kukla Devlet y\u00f6netimi ve T\u00fcrkiye&#8217;de Abdullah G\u00fcl eliyle &#8220;PKK&#8217;n\u0131n d\u00f6n\u00fc\u015ft\u00fcr\u00fclmesi&#8221; operasyonu ba\u015flat\u0131l\u0131yordu. Bu d\u00f6n\u00fc\u015ft\u00fcrme, PKK&#8217;y\u0131 tasfiye g\u00f6r\u00fcnt\u00fcs\u00fcyle sunuluyordu.<\/span><\/strong><\/p>\n<p style=\"text-align: justify;\"><strong><span style=\"font-family: arial,helvetica,sans-serif;\">\u00a0(&#8230;) DTP&#8217;nin kurulu\u015funda farkl\u0131 bir model deneniyordu. Abdullah \u00d6calan&#8217;\u0131n talimatlar\u0131 do\u011frultusunda DTP, PKK d\u0131\u015f\u0131ndaki K\u00fcrt \u00f6rg\u00fctlerinden de destek alarak kurulmu\u015ftu. ABD, T\u00fcrkiye&#8217;de PKK arac\u0131l\u0131\u011f\u0131yla denetledi\u011fi ve y\u00f6nlendirdi\u011fi b\u00f6l\u00fcc\u00fc hareketin, yine PKK arac\u0131l\u0131\u011f\u0131yla ama bu kez Barzani merkezli olarak y\u00fcr\u00fct\u00fclmesini istiyordu. DTP bu anlay\u0131\u015fa g\u00f6re kuruluyor ama kendi i\u00e7inde bu durum ciddi bir ayr\u0131\u015fmaya yol a\u00e7\u0131yordu. PKK&#8217;n\u0131n geleneksel \u00e7izgisini savunanlar kongrelerde y\u00f6netimlerden tasfiye ediliyor ve b\u00f6l\u00fcc\u00fc hareketin s\u00f6zc\u00fcl\u00fc\u011f\u00fc Kukla Devlet ve Barzani taraftarlar\u0131na ge\u00e7iyordu. G\u00fcneydo\u011fuda Barzani etkinli\u011fi g\u00fcn ge\u00e7tik\u00e7e art\u0131r\u0131l\u0131yor ve b\u00f6lgedeki yurtta\u015flar i\u00e7in Kukla Devlet bir \u00e7ekim merkezi haline getiriliyordu.<\/span><\/strong><\/p>\n<p style=\"text-align: justify;\"><strong><span style=\"font-family: arial,helvetica,sans-serif;\">Fetullah\u00e7\u0131larla PKK\u2019c\u0131lar\u0131n irtibat\u0131.<\/span><\/strong><\/p>\n<p style=\"text-align: justify;\"><span style=\"font-family: arial,helvetica,sans-serif;\">\u00d6te yandan ABD\u2019nin Irak&#8217;\u0131 i\u015fgalinden sonra b\u00f6l\u00fcc\u00fc hareket a\u00e7\u0131s\u0131ndan yeni bir durum daha ortaya \u00e7\u0131k\u0131yordu. Cumhuriyet&#8217;in ilk y\u0131llar\u0131ndan itibaren T\u00fcrkiye&#8217;deki b\u00f6l\u00fcc\u00fc-ayr\u0131l\u0131k\u00e7\u0131 hareket feodal temellere dayan\u0131yordu. PKK&#8217;n\u0131n ortaya \u00e7\u0131kt\u0131\u011f\u0131 y\u0131llarda bu durumda de\u011fi\u015fiklik olmu\u015ftu. PKK yoksul k\u00f6yl\u00fclere dayan\u0131yor ve \u015feyhlik-a\u011fal\u0131k d\u00fczenine s\u00f6zde kar\u015f\u0131 \u00e7\u0131k\u0131yordu. Ancak PKK&#8217;n\u0131n ba\u015f d\u00fc\u015fman olarak T\u00fcrkiye&#8217;yi hedef almas\u0131, ka\u00e7\u0131n\u0131lmaz olarak PKK&#8217;n\u0131n ABD ve Avrupa emperyalizminin g\u00fcd\u00fcm\u00fcne girmesine yol a\u00e7\u0131yordu. PKK, ad\u0131m ad\u0131m \u015feyhlik-a\u011fal\u0131k d\u00fczeniyle ittifak kuran bir \u00e7izgiye yana\u015f\u0131yordu. 1980&#8217;lerden itibaren G\u00fcneydo\u011fu&#8217;da g\u00fc\u00e7lendirilen din istismarc\u0131l\u0131\u011f\u0131 PKK ile ittifak i\u00e7inde b\u00f6l\u00fcc\u00fc hareketin en \u00f6nemli dayana\u011f\u0131 haline geliyordu. Esas olarak Nak\u015fibendi tarikat\u0131n\u0131n (Barzani de Nak\u015fibendi&#8217;dir) etkisindeki b\u00f6l\u00fcc\u00fcl\u00fck, ABD emperyalizminin Il\u0131ml\u0131 \u0130slam modelinin uygulay\u0131c\u0131s\u0131 Fetullah\u00e7\u0131lar\u0131n palazland\u0131r\u0131lmas\u0131yla yeni bir m\u00fcttefike kavu\u015fturulmu\u015ftu.<\/span><\/p>\n<p style=\"text-align: justify;\"><span style=\"font-family: arial,helvetica,sans-serif;\">Fetullah\u00e7\u0131lar, 1991&#8217;den sonra Irak&#8217;\u0131n kuzeyinde CIA ile M\u0130T i\u00e7indeki CIA&#8217;c\u0131lar\u0131n deste\u011fiyle bu b\u00f6lgede okullar a\u00e7m\u0131\u015flar ve Barzanilerle s\u0131k\u0131 ili\u015fkiler kurmu\u015flard\u0131. Bu d\u00f6nemde PKK ile Fetullah\u00e7\u0131lar aras\u0131nda da temaslar yap\u0131ld\u0131. ABD&#8217;nin Irak&#8217;\u0131 i\u015fgalinin ard\u0131ndan ise Fetullah\u00e7\u0131lar T\u00fcrkiye&#8217;nin g\u00fcneydo\u011fusuna b\u00fcy\u00fck y\u0131\u011f\u0131nak yapmaya ba\u015flad\u0131.<\/span><\/p>\n<p style=\"text-align: justify;\"><strong><span style=\"font-family: arial,helvetica,sans-serif;\">SODES kapsam\u0131nda para aktar\u0131lan istismarc\u0131 derneklerin \u015fans\u0131.<\/span><\/strong><\/p>\n<p style=\"text-align: justify;\"><span style=\"font-family: arial,helvetica,sans-serif;\">Av. Sinan Tanr\u0131kulu da benzer noktalara dikkat \u00e7ekiyordu.<\/span><\/p>\n<p style=\"text-align: justify;\"><span style=\"font-family: arial,helvetica,sans-serif;\">GAP Eylem Plan\u0131 kapsam\u0131nda yer alan &#8216;sosyal geli\u015fmenin sa\u011flanmas\u0131&#8217; \u00e7er\u00e7evesinde projesi kabul edilmi\u015f irticac\u0131 derneklerden baz\u0131lar\u0131 ve yapt\u0131klar\u0131 faaliyetler. \u0130rticac\u0131 derneklerin 2008 y\u0131l\u0131na ait projeleri ve ald\u0131\u011f\u0131 paralar:<\/span><\/p>\n<p style=\"text-align: justify;\"><span style=\"font-family: arial,helvetica,sans-serif;\">1.\u00a0\u00a0 Diyarbak\u0131r E\u011fitimciler Derne\u011fi (De\u011fi-Der): &#8220;G\u00f6\u00e7le gelen ailelerin kente uyumu&#8221; projesi. Ama\u00e7: G\u00f6\u00e7le gelen ailelere aile i\u00e7i ileti\u015fim e\u011fitimi verilerek aile b\u00f6l\u00fcnmelerinin \u00f6n\u00fcne ge\u00e7mek, gen\u00e7lere takviye ders et\u00fctleri vermek. S\u00fcresi 12 ay. B\u00fct\u00e7esi 77.500 TL.<\/span><\/p>\n<p style=\"text-align: justify;\"><span style=\"font-family: arial,helvetica,sans-serif;\">2. \u00d6zel Fen Lisesi Mezunlar\u0131 Derne\u011fi: &#8220;\u00dclkemizi tan\u0131yal\u0131m, ilimizi tan\u0131tal\u0131m&#8221; projesi. \u00c7e\u015fitli illere geziler d\u00fczenleyerek; Diyarbak\u0131r&#8217;\u0131 T\u00fcrkiye&#8217;nin di\u011fer insanlar\u0131na tan\u0131tmak. S\u00fcresi 6 ay. B\u00fct\u00e7esi ise 56.500 TL.<\/span><\/p>\n<p style=\"text-align: justify;\"><span style=\"font-family: arial,helvetica,sans-serif;\">3.\u00a0 Sevgi G\u00fcl Pembe Kad\u0131n, E\u011fitim Yard\u0131mla\u015fma Derne\u011fi: &#8220;Kitap okumay\u0131 sevdirme ve g\u00f6n\u00fcl k\u00f6pr\u00fcs\u00fc&#8221; projesi. Amac\u0131: Diyarbak\u0131r ilinde k\u0131z \u00e7ocuklara ve kad\u0131nlara okuma yazma \u00f6\u011fretmek. S\u00fcresi 6 ay. B\u00fct\u00e7esi 49.900 TL<\/span><\/p>\n<p style=\"text-align: justify;\"><span style=\"font-family: arial,helvetica,sans-serif;\">4. E\u011fitim ve Halkla \u0130li\u015fkiler Geli\u015ftirme Derne\u011fi (Ehi-Der): &#8220;E\u011fitime destek ve sosyal geli\u015fim&#8221; projesi. Maddi imk\u00e2nlar\u0131 bulunmayan ilk\u00f6\u011fretim ve lise \u00f6\u011frencilerine kurslar verilmesi, \u00e7e\u015fitli aktivitelerle sosyal y\u00f6nlerinin geli\u015ftirilmesi. S\u00fcresi 12 Ay. B\u00fct\u00e7esi 96.230 TL.<\/span><\/p>\n<p style=\"text-align: justify;\"><strong><span style=\"font-family: arial,helvetica,sans-serif;\">2009 y\u0131l\u0131 programlar\u0131.<\/span><\/strong><\/p>\n<p style=\"text-align: justify;\"><span style=\"font-family: arial,helvetica,sans-serif;\">Diyarbak\u0131r E\u011fitimciler Derne\u011fi (De\u011fi-Der): &#8220;Mesleki e\u011fitim ve sosyal toplum merkezi&#8221; projesi. Amac\u0131: Ki\u015filerin k\u00fclt\u00fcrel ve mesleki yeterliliklerini art\u0131rmak ve meslek sahibi yaparak i\u015f imk\u00e2n\u0131 bulmalar\u0131n\u0131 h\u0131zland\u0131rmak. S\u00fcresi, 12 Ay. B\u00fct\u00e7esi 350.000 TL. Dernek bu faaliyetler kapsam\u0131nda Hekimo\u011flu \u0130smail&#8217;in ayn\u0131 adl\u0131 roman\u0131ndan tiyatrola\u015ft\u0131r\u0131lan \u2018Menan Cinleri\u2019 adl\u0131 oyunun yine Fetullah cemaatine ait \u00d6zel Nil Kolejinde g\u00f6sterimini yapt\u0131.<\/span><\/p>\n<p style=\"text-align: justify;\"><span style=\"font-family: arial,helvetica,sans-serif;\">Diyarbak\u0131r K\u00fclt\u00fcr Sanat Vakf\u0131 Ba\u015fkan\u0131 Zaman gazetesi yazar\u0131 Bejan Matur, &#8220;Ah\u015fap oyuncak at\u00f6lyesi&#8221; projesi. Amac\u0131, Diyarbak\u0131r ili Suri\u00e7i il\u00e7esinde ya\u015fayan oyuna ve oyunca\u011fa ula\u015fma imk\u00e2n\u0131 olmayan 360 \u00e7ocu\u011fun, kendi oyuncaklar\u0131n\u0131 yapmalar\u0131. S\u00fcresi 12 ay. B\u00fct\u00e7esi 70.000 TL<\/span><\/p>\n<p style=\"text-align: justify;\"><span style=\"font-family: arial,helvetica,sans-serif;\">E\u011fitim ve Halkla \u0130li\u015fkiler Geli\u015ftirme Derne\u011fi (Ehi-Der): &#8220;E\u011fitim gelece\u011fimizdir&#8221; projesi. Amac\u0131: Dar gelirli ailelerin ilk\u00f6\u011fretim 6,7 ve 8. s\u0131n\u0131f \u00e7ocuklar\u0131n\u0131n ders \u00e7al\u0131\u015fabilmeleri, k\u00fclt\u00fcrel, sanatsal faaliyetlerden yararlanabilmeleri i\u00e7in mek\u00e2nlar olu\u015fturulmas\u0131 ve \u00e7ocuklar\u0131n geli\u015fimlerinin desteklenmesine katk\u0131 sa\u011flanmas\u0131. S\u00fcresi 12 ay. B\u00fct\u00e7esi 350.000 TL.<\/span><\/p>\n<p style=\"text-align: justify;\"><span style=\"font-family: arial,helvetica,sans-serif;\">M\u00dcS\u0130AD Diyarbak\u0131r \u015fubesi: &#8220;Diyarbak\u0131r&#8217;da el sanatlar\u0131 okulu ve ekol\u00fc&#8221; projesi. Amac\u0131: Diyarbak\u0131r&#8217;\u0131 el sanatlar\u0131nda di\u011fer illerle rekabet edebilir haline getirmek. S\u00fcresi 9 ay. B\u00fct\u00e7esi 180.000 TL.<\/span><\/p>\n<p style=\"text-align: justify;\"><span style=\"font-family: arial,helvetica,sans-serif;\">Sevgi G\u00fcl Pembe Kad\u0131n E\u011fitim ve Yard\u0131mla\u015fma Derne\u011fi. &#8220;Kuaf\u00f6r, cilt bak\u0131m, epilasyon, \u00e7ocuk, hasta ve ya\u015fl\u0131 bak\u0131m\u0131 eleman\u0131 yeti\u015ftirme&#8221; projesi. Amac\u0131 Diyarbak\u0131r ilinde kimsesiz \u00e7ocuklar\u0131n ve gen\u00e7lerin il \u00f6zel idaresi b\u00fcnyesindeki mesleki at\u00f6lyelerde e\u011fitime al\u0131nmas\u0131 ve meslek kazand\u0131rma olana\u011f\u0131n\u0131n verilmesi. S\u00fcresi 12 ay. B\u00fct\u00e7esi 75.000 TL.<\/span><\/p>\n<p style=\"text-align: justify;\"><span style=\"font-family: arial,helvetica,sans-serif;\">\u00a0<\/span><\/p>\n<p style=\"text-align: justify;\"><span style=\"font-family: arial,helvetica,sans-serif;\">\u00a0<\/span><\/p>\n<p style=\"text-align: justify;\"><strong><span style=\"font-family: arial,helvetica,sans-serif;\">\u00a0<\/span><\/strong><\/p>\n<p style=\"text-align: justify;\"><strong><span style=\"font-family: arial,helvetica,sans-serif;\">\u00a0<\/span><\/strong><\/p>\n<p style=\"text-align: justify;\"><br clear=\"all\" \/><\/p>\n<p> <span style=\"font-family: arial,helvetica,sans-serif;\"> <\/p>\n<hr \/>\n<p> <\/span> <\/p>\n<p><a href=\"#_ftnref1\"><span style=\"font-family: arial,helvetica,sans-serif;\">[1]<\/span><\/a><span style=\"font-family: arial,helvetica,sans-serif;\"> Ensonhaber.com \u2013 07.06.2010<\/span><\/p>\n<p><a href=\"#_ftnref2\"><span style=\"font-family: arial,helvetica,sans-serif;\">[2]<\/span><\/a><span style=\"font-family: arial,helvetica,sans-serif;\"> Ufuk Akkaya \/Ayd\u0131l\u0131k<\/span><\/p>\n<p><a href=\"#_ftnref3\"><span style=\"font-family: arial,helvetica,sans-serif;\">[3]<\/span><\/a><span style=\"font-family: arial,helvetica,sans-serif;\"> 4 Nisan 2010 Ayd\u0131nl\u0131<\/span><\/p>\n<p><a href=\"#_ftnref4\"><span style=\"font-family: arial,helvetica,sans-serif;\">[4]<\/span><\/a><span style=\"font-family: arial,helvetica,sans-serif;\"> Bu yaz\u0131, Teori dergisinin Temmuz 2009 tarihli say\u0131s\u0131nda yer alan K\u00fcrt Sorununda Amerikan \u00c7\u00f6z\u00fcm\u00fc ve TSK ba\u015fl\u0131kl\u0131 makaleden al\u0131nm\u0131\u015ft\u0131r.<\/span><\/p>\n<p><span style=\"font-family: arial,helvetica,sans-serif;\">\u00a0<\/span><\/p>\n","protected":false},"excerpt":{"rendered":"<p style=\"text-align: justify;\"><strong><span style=\"font-family: arial,helvetica,sans-serif;\">\u00a0<\/span><\/strong><\/p>\n<p style=\"text-align: justify;\"><strong><span style=\"font-family: times new roman,times;\">GAP Eylem Plan\u0131n\u0131 Fetullah\u00e7\u0131lar lehine kullanan Valiler \u00f6d\u00fcllendiriliyordu.<\/span><\/strong><\/p>\n<p style=\"text-align: justify;\"><span style=\"font-family: times new roman,times;\">27 May\u0131s 2008 tarihinde Diyarbak\u0131r&#8217;a gelen Erdo\u011fan burada b\u00fcy\u00fck bir g\u00fcr\u00fclt\u00fcyle GAP Eylem Plan\u0131\u2019n\u0131 a\u00e7\u0131klam\u0131\u015ft\u0131.<\/span><\/p>\n<p> <span style=\"font-family: times new roman,times;\"> <\/p>\n","protected":false},"author":9,"featured_media":0,"comment_status":"open","ping_status":"closed","sticky":false,"template":"","format":"standard","meta":{"footnotes":""},"categories":[112],"tags":[],"class_list":["post-1868","post","type-post","status-publish","format-standard","hentry","category-agustos-2010"],"_links":{"self":[{"href":"https:\/\/www.millicozum.com\/mc\/wp-json\/wp\/v2\/posts\/1868","targetHints":{"allow":["GET"]}}],"collection":[{"href":"https:\/\/www.millicozum.com\/mc\/wp-json\/wp\/v2\/posts"}],"about":[{"href":"https:\/\/www.millicozum.com\/mc\/wp-json\/wp\/v2\/types\/post"}],"author":[{"embeddable":true,"href":"https:\/\/www.millicozum.com\/mc\/wp-json\/wp\/v2\/users\/9"}],"replies":[{"embeddable":true,"href":"https:\/\/www.millicozum.com\/mc\/wp-json\/wp\/v2\/comments?post=1868"}],"version-history":[{"count":0,"href":"https:\/\/www.millicozum.com\/mc\/wp-json\/wp\/v2\/posts\/1868\/revisions"}],"wp:attachment":[{"href":"https:\/\/www.millicozum.com\/mc\/wp-json\/wp\/v2\/media?parent=1868"}],"wp:term":[{"taxonomy":"category","embeddable":true,"href":"https:\/\/www.millicozum.com\/mc\/wp-json\/wp\/v2\/categories?post=1868"},{"taxonomy":"post_tag","embeddable":true,"href":"https:\/\/www.millicozum.com\/mc\/wp-json\/wp\/v2\/tags?post=1868"}],"curies":[{"name":"wp","href":"https:\/\/api.w.org\/{rel}","templated":true}]}}