{"id":1887,"date":"2010-09-01T09:24:33","date_gmt":"2010-09-01T09:24:33","guid":{"rendered":"https:\/\/www.millicozum.com\/mc\/2010\/09\/01\/hanefi-avci-fetullah-gulen-reklamcisidir\/"},"modified":"2010-09-01T09:24:33","modified_gmt":"2010-09-01T09:24:33","slug":"hanefi-avci-fetullah-gulen-reklamcisidir-bop-esbaskanligi-amerikan-ajanligidir","status":"publish","type":"post","link":"https:\/\/www.millicozum.com\/mc\/2010\/ekim-2010\/hanefi-avci-fetullah-gulen-reklamcisidir-bop-esbaskanligi-amerikan-ajanligidir\/","title":{"rendered":"HANEF\u0130 AVCI, FETULLAH G\u00dcLEN REKL\u00c2MCISIDIR! BOP E\u015eBA\u015eKANLI\u011eI, AMER\u0130KAN AJANLI\u011eIDIR!"},"content":{"rendered":"<p align=\"center\"><b>HANEF\u0130 AVCI, FETULLAH G\u00dcLEN REKL\u00c2MCISIDIR!<\/b><\/p>\n<p align=\"center\"><b> <\/b><\/p>\n<p align=\"center\"><b>28 \u015eUBAT\u00c7ILARI, FETULLAH\u00c7ILARI, PKK\u2019YI VE ERGENEKONCULARI AYNI MERKEZ KULLANMAKTADIR!<\/b><\/p>\n<p align=\"center\"><b> <\/b><\/p>\n<p align=\"center\"><b>BOP E\u015eBA\u015eKANLI\u011eI, AMER\u0130KAN AJANLI\u011eIDIR!<\/b><\/p>\n<p align=\"center\">\u00a0<\/p>\n<p>Hanefi Avc\u0131\u2019n\u0131n \u201cHali\u00e7te Ya\u015fayan Simonlar\u201d kitab\u0131n\u0131n AKP\u2019ye yanda\u015f ve yolda\u015f medyadaki i\u015ftahl\u0131 rekl\u00e2m\u0131n\u0131, Fetullah\u00e7\u0131 medyan\u0131n ise bu iddialara kar\u015f\u0131 \u201cvuruyor rol\u00fcyle tozunu silkme\u201d yakla\u015f\u0131m\u0131n\u0131 g\u00f6r\u00fcnce, acaba \u201cdan\u0131\u015f\u0131kl\u0131 bir d\u00f6v\u00fc\u015f m\u00fc?\u201d diye i\u00e7ime kurt d\u00fc\u015fm\u00fc\u015ft\u00fc. Kitab\u0131 okuyunca bu kanaatim peki\u015fmi\u015fti. Bu kitap, Fetullah G\u00fclen\u2019in d\u0131\u015f ba\u011flant\u0131lar\u0131n\u0131 ve Siyonist odaklara fig\u00fcranl\u0131\u011f\u0131n\u0131 saklamak, onu d\u00fcnya \u00e7ap\u0131nda bir organizasyonu, \u015fahsi bilgelik ve becerisiyle ba\u015faran \u201cdahi adam\u201d gibi sunmak; emniyet ve yarg\u0131 b\u00fcrokrat\u0131ndan i\u015fadam\u0131na, medya mensubundan \u00fcniversite hocas\u0131na herkese: \u201cEh, bu denli g\u00fc\u00e7l\u00fc ve etkili bir cemaate s\u0131\u011f\u0131nmak, maddi ve manevi menfaatimiz icab\u0131d\u0131r\u201d kanaatini a\u015f\u0131lamak i\u00e7in yaz\u0131lm\u0131\u015f-yazd\u0131r\u0131lm\u0131\u015f olma ihtimali g\u00fc\u00e7lenmi\u015fti.<\/p>\n<p>Bir hareket ve \u015fahsiyeti do\u011frudan \u00f6vmenin m\u00fcnasip d\u00fc\u015fmedi\u011fi durumlarda; g\u00fcya onu tenkit ediyor ve ger\u00e7eklere dikkat \u00e7ekip ilgilileri uyar\u0131yor perdesi alt\u0131nda, onlar\u0131n ne kadar g\u00fc\u00e7l\u00fc ve organizeli bir yap\u0131lanmay\u0131 ba\u015fard\u0131klar\u0131n\u0131, stratejik kurumlara nas\u0131l s\u0131z\u0131p h\u00e2kimiyet kurduklar\u0131n\u0131, eleba\u015flar\u0131n\u0131n nas\u0131l d\u00e2hice plan ve programlar yapt\u0131\u011f\u0131n\u0131 yaz\u0131p, \u201cAman bunlardan korkulur, Fetullah\u2019a s\u0131\u011f\u0131nan kurtulur!\u201d cinsinden ba\u011f\u0131rmak daha etkili bir rekl\u00e2m \u00e7e\u015fididir. Oysa ba\u015ftan sona ABD\u2019nin ve Yahudi Lobilerinin organize edip kulland\u0131\u011f\u0131 bu cemaat hakk\u0131nda ciddi bir mahkemenin a\u00e7\u0131l\u0131p Fetullah G\u00fclen\u2019in Amerika\u2019dan istenmesiyle, yani bu kocaman balona basit bir i\u011fne d\u00fcrt\u00fclmesiyle b\u00fct\u00fcn havalar\u0131 bir anda inecek kadar dayan\u0131ks\u0131z, zavall\u0131, ama Amerika\u2019n\u0131n himayesinde \u015f\u0131marm\u0131\u015f bir harekettir.<\/p>\n<p><b>A\u00e7\u0131k\u00e7a s\u00f6yleyeyim, ben Hanefi Avc\u0131\u2019n\u0131n bu kitab\u0131 yazmas\u0131 veya haz\u0131rlanan bir kitaba imzas\u0131n\u0131 koymas\u0131 ve ceza (!) olarak merkeze al\u0131nmas\u0131 kar\u015f\u0131l\u0131\u011f\u0131 kendisine ileride hangi makam ve imk\u00e2nlar\u0131n vaat edildi\u011fini merak etmekteyim ve ku\u015fku i\u00e7indeyim.<\/b><\/p>\n<p>Acaba bu kitapla, Fetullah G\u00fclen\u2019in ve cemaatin beyin ekibinin; ABD\u2019de ki Yahudi Lobileriyle irtibatlar\u0131 ve CIA yetkilileriyle ba\u011flant\u0131lar\u0131 \u00f6zellikle bilmezden-g\u00f6rmezden gelinip tehlikenin can al\u0131c\u0131 noktas\u0131n\u0131n \u00f6zenle es ge\u00e7ilerek, asl\u0131nda be\u015finci s\u0131n\u0131f fig\u00fcran ve sadece vitrin mankeni olan bir ki\u015finin, b\u00fct\u00fcn bu olu\u015fumlar\u0131n ba\u015f\u0131ndaki \u201cBilge Kahraman!\u201d diye g\u00f6sterilmesi mi hedeflenmi\u015fti? Ve zaten sinsi hesab\u0131 ve maksad\u0131 belli Haber T\u00fcrk yazar\u0131, ABD ve AB\u2019nin g\u00f6n\u00fcll\u00fc ve tabii temsilcisi Soli \u00d6zel\u2019in Fetullah G\u00fclen\u2019in d\u0131\u015f ba\u011flant\u0131lar\u0131na de\u011finmedi\u011fi i\u00e7in Hanefi Avc\u0131\u2019y\u0131 takdirle \u00f6vmesi de bu tezg\u00e2h\u0131 de\u015fifre etmekteydi.<\/p>\n<p>Kitapta, bir zamanlar, cemaatin (daha do\u011frusu arkas\u0131ndaki g\u00fc\u00e7lerin) kendi \u00e7\u0131karlar\u0131 hesab\u0131na kulland\u0131\u011f\u0131, ama art\u0131k g\u00f6zden \u00e7\u0131kar\u0131p \u00e7\u00f6pe atmaya karar k\u0131ld\u0131\u011f\u0131 bir tak\u0131m ki\u015filere ve ili\u015fkilerine de\u011finilmesi ise, Fetullah\u00e7\u0131lar\u0131n ve patronlar\u0131n\u0131n i\u015fine gelmekteydi.<\/p>\n<p><b>\u0130stihbarat\u00e7\u0131 Emniyet M\u00fcd\u00fcr\u00fc Hanefi Avc\u0131, iddia etti\u011fi gibi \u00e7ok sa\u011flam ve inand\u0131r\u0131c\u0131 deliller ve \u015fahitler ortaya koymu\u015fsa niye acaba hi\u00e7bir Cumhuriyet savc\u0131s\u0131 hala soru\u015fturma i\u00e7in harekete ge\u00e7memi\u015fti? Yoksa b\u00fct\u00fcn savc\u0131lar ger\u00e7ekten cemaatin kontrol\u00fcne mi girmi\u015fti!? Veya bu kitapta Fetullah\u00e7\u0131lar\u0131 \u201cyarg\u0131s\u0131z infaz\u201d g\u00f6r\u00fcnt\u00fcl\u00fc \u201cdolayl\u0131 aklama\u201d gayesi mi g\u00fcd\u00fclmekteydi? \u00c7\u00fcnk\u00fc bu kitapla, hem cemaatin g\u00fcc\u00fc ve etkinli\u011fi, te\u015fhir numaras\u0131yla \u015f\u00f6hreti peki\u015ftirilmi\u015f, hem de bir nevi me\u015fruiyet verilmi\u015fti. <\/b><\/p>\n<p><b>Oysa Fetullah G\u00fclen\u2019in, ma\u011fdur ve mecbur edilmi\u015f rol\u00fcyle ve tabi Hicret sevab\u0131 ve hikmetiyle ABD\u2019ye g\u00f6nderilmesine; onun ad\u0131na cemaatin CIA kontrol\u00fcnde te\u015fkilatland\u0131r\u0131l\u0131p organize edilmesi, ABD\u2019den, ama Hoca \u00fczerinden gelecek talimatlarla daha kolay y\u00f6nlendirilmesi i\u00e7in, 28 \u015eubat s\u00fcrecinin d\u0131\u015f ve i\u00e7 akt\u00f6rlerince karar verildi\u011fini eski M\u0130T\u2019\u00e7i Mahir Kaynak daha yeni fark ve itiraf etmekteydi.<\/b><\/p>\n<p>\u201cAmerikan tanr\u0131s\u0131n\u0131n asla yenilmeyece\u011fini ba\u015f edilmeyece\u011fini, onun sonsuz g\u00fcc\u00fcne s\u0131\u011f\u0131nanlar\u0131n felaha ve refaha erece\u011fini, kar\u015f\u0131 gelenlerin ise helak edilece\u011fini\u201d vaaz etmekle g\u00f6revli Mahir Kaynak, Fetullah G\u00fclen\u2019le ilgili ger\u00e7e\u011fi a\u011fz\u0131ndan \u015f\u00f6yle ka\u00e7\u0131r\u0131vermi\u015fti: (Bak: 28 A\u011fustos 2010- Star)<\/p>\n<p><b><i>\u201c28 \u015eubat s\u00fcrecinde Fethullah G\u00fclen\u2019i yurt d\u0131\u015f\u0131na \u00e7\u0131kmaya mecbur eden tav\u0131r \u00fczerine \u201cAv Partisi\u201d adl\u0131 bir yaz\u0131 yazd\u0131m ve Hocay\u0131 yurt d\u0131\u015f\u0131na \u00e7\u0131kmaya zorlayanlar\u0131n ger\u00e7ekte onu ba\u015fkalar\u0131n\u0131n kontrol\u00fcne vermeyi ama\u00e7lad\u0131\u011f\u0131n\u0131 ve bu ki\u015filerin avc\u0131lar\u0131n hizmetk\u00e2r\u0131 oldu\u011funu yazd\u0131m. Yani Hocaya bask\u0131 yapanlar\u0131n \u201cirtica ile m\u00fccadele ettikleri\u201d iddias\u0131 ger\u00e7ek de\u011fildi. Ya bilerek ya da bilin\u00e7sizlikle bir g\u00fcce hizmet ediyorlard\u0131. <\/i><\/b><\/p>\n<p><b><i>Cemaatin \u00fclke i\u00e7in yararl\u0131 faaliyetlerine, \u00fclkenin gelece\u011fi i\u00e7in \u00f6ng\u00f6rd\u00fcklerinin \u00fclkenin aleyhine olmamas\u0131na ra\u011fmen i\u00e7ine adeta monte edilen ve en k\u00fc\u00e7\u00fck bir sorgulamaya bile gerek g\u00f6rmeden ortaya at\u0131lan iddialar, hedefi a\u00e7\u0131s\u0131ndan savunulsa bile, metodu a\u00e7\u0131s\u0131ndan ele\u015ftirilmesi gerekir. Yani, do\u011fru bir hedefe varmak i\u00e7in de olsa, adaletsizlik savunulamaz.\u201d <\/i><\/b><\/p>\n<p><b>\u201cYoksa Hanefi Avc\u0131\u2019n\u0131n bu kitab\u0131yla, APO\u2019dan sonra devletin uzla\u015fmak \u00fczere Fetullah\u2019la da g\u00f6r\u00fc\u015fme masas\u0131na oturmas\u0131na zemin mi haz\u0131rlan\u0131yor?\u201d sorusu pek \u00e7ok s\u0131rl\u0131 kap\u0131y\u0131 a\u00e7acak anahtar gibiydi!<\/b><\/p>\n<p><b>Hanefi Avc\u0131\u2019n\u0131n Fetullah cemaatini; korkun\u00e7 bir tedhi\u015f (deh\u015fet salma, y\u0131ld\u0131rma) \u015febekesi olan, resmi bir ter\u00f6r \u00e7etesi gibi \u00e7al\u0131\u015fan, Mason ve Sabataistlerin g\u00fcd\u00fcm\u00fcnde bulunan \u0130ttihat ve Terakki Cemiyetine benzetip:<\/b><\/p>\n<p><i>\u201cG\u00fcncel \u0130ttihat ve Terakki<\/i><\/p>\n<p><i>T\u00fcrk sa\u011f ayd\u0131n\u0131 Osmanl\u0131\u2019n\u0131n y\u0131k\u0131l\u0131\u015f\u0131n\u0131 \u0130ttihat ve Terakki ile J\u00f6n T\u00fcrk Hareketinin, zaten kendisi bir hiyerar\u015fik \u00f6rg\u00fct olan devlet kurumlar\u0131 ve ordu i\u00e7inde \u00f6rg\u00fct kurmas\u0131, bu suretle ordunun ve devletin sistemini bozmas\u0131na ba\u011flarlar.<\/i><\/p>\n<p><i>Bug\u00fcn i\u00e7in cemaatin yapt\u0131\u011f\u0131n\u0131n bundan fark\u0131 yoktur; polis, ordu, M\u0130T, jandarma, yarg\u0131 ve di\u011fer kurumlar\u0131n i\u00e7erisinde ayr\u0131 bir hiyerar\u015fik \u00f6rg\u00fctlenme kurarak ve bu te\u015fkilatlar\u0131n personeli aras\u0131nda ayr\u0131m, g\u00fcvensizlik ve d\u00fc\u015fmanl\u0131k yaratarak kurumlar\u0131 i\u00e7erden ve tamir olunmaz bi\u00e7imde yaral\u0131yorlar\u201d<\/i> <b>demesi (sh: 569) ve ard\u0131ndan:<\/b><\/p>\n<p><i>\u201cBu meseleyle ilgili olarak en fazla \u00fcz\u00fcld\u00fc\u011f\u00fcm konu \u00e7ok temiz, d\u00fczg\u00fcn, \u00e7al\u0131\u015fkan ve sayg\u0131l\u0131 insanlar\u0131n (cemaat gayretiyle birden bire de\u011fi\u015fip) \u00fcstlerine iftira atan, bilerek vicdans\u0131zl\u0131k yapan, vefas\u0131z insanlara d\u00f6n\u00fc\u015ft\u00fcr\u00fclmesidir.<\/i><\/p>\n<p><i>Asl\u0131nda herkes biliyor ama kimse dillendirmiyor. Ben bu kitapla birlikte a\u00e7\u0131k\u00e7a ifade ediyorum ki t\u00fcm bu i\u015fleri cemaat yap\u0131yor, bunu herkes bilsin. Son zamanda g\u00fcndemi me\u015fgul eden t\u00fcm iddialar\u0131 yayan cemaattir, onlardan bilgi alan da, onlar ad\u0131na konu\u015fan da cemaatin adamlar\u0131d\u0131r. Tarafs\u0131z bas\u0131n mensubu, devletin polisi, savc\u0131s\u0131 numaras\u0131n\u0131 art\u0131k kimse yutmas\u0131n, bu i\u015fler emniyet ya da hukuk ad\u0131na yap\u0131lm\u0131yor, cemaatin plan\u0131 ve program\u0131 do\u011frultusunda cemaatin talimat\u0131 ile ger\u00e7ekle\u015ftiriliyor. Bu i\u015fe kar\u015f\u0131 koymas\u0131 gerekenler, s\u0131zd\u0131r\u0131lan bilgileri kullananlar da bilsinler ki bu y\u00f6ntemle cemaate hizmet ediyorlar.&nbsp; Baz\u0131 internet siteleri, bas\u0131n ve medya hizmeti de\u011fil, cemaatin propagandas\u0131n\u0131 yap\u0131yorlar. Cemaatin plan ve program\u0131na uymay\u0131p g\u00f6revini yapan h\u00e2kim, savc\u0131 ve di\u011fer g\u00f6revlilere y\u00f6nelik sald\u0131r\u0131lar cemaatin talimat\u0131 ve plan\u0131 gere\u011fi y\u00fcr\u00fct\u00fcl\u00fcyor. B\u00fcy\u00fck illerin Emniyet M\u00fcd\u00fcrleri ve Valileri bilsinler ki, emirlerindeki polislerin bir k\u0131sm\u0131 kendilerinin de\u011fil, cemaat imam\u0131n\u0131 amir olarak kabul ediyor, hatta etraflar\u0131 cemaat mensubu m\u00fcd\u00fcr ve amirlerce sar\u0131lm\u0131\u015f durumdad\u0131r. Ger\u00e7e\u011fi g\u00f6remiyorlar, bu durumun fark\u0131ndalar ve k\u0131smen biliyorlar ama bilmiyor gibi davran\u0131yorlar. Baz\u0131 operasyonlar\u0131 kendileri de\u011fil, cemaat yanl\u0131s\u0131 polislerle cemaat yanl\u0131s\u0131 savc\u0131lar cemaat imamlar\u0131n\u0131n talimat\u0131 ile y\u00fcr\u00fct\u00fcyorlar, bunu art\u0131k biliyoruz.\u201d<\/i> (sh: 571)<\/p>\n<p><i>\u201cBen ve benim gibi olan pek \u00e7ok ki\u015fi, eskiden yeti\u015fen nesiller ve yap\u0131lan faaliyetlere bakarak \u00fclkenin, hatta b\u00f6lgenin, M\u00fcsl\u00fcman \u00fclkelerin gelece\u011fi i\u00e7in \u00e7ok \u00f6nemli bir hareket ba\u015flatt\u0131\u011f\u0131n\u0131za inan\u0131yordu. Fakat bug\u00fcn ayn\u0131 ki\u015filer e\u011fer bu polislik anlay\u0131\u015f\u0131na, gizli dinleme, iftira, delil uydurma faaliyetlerine devam ederseniz \u00fclkenin felaketi olaca\u011f\u0131n\u0131za samimi olarak inan\u0131yorlar\u201d<\/i> (sh:574)<b> tespitleri de hem do\u011fruydu; hem de iddialar\u0131na inand\u0131r\u0131c\u0131l\u0131k havas\u0131 katmay\u0131 ama\u00e7larken, as\u0131l cemaate duyulan hayranl\u0131\u011f\u0131 ve onlarla ba\u015fa \u00e7\u0131k\u0131lmazl\u0131\u011f\u0131 a\u015f\u0131l\u0131yordu.<\/b><\/p>\n<p><b>Hanefi Avc\u0131 ger\u00e7ek niyetini ve mahiyetini \u015fu s\u00f6zleriyle a\u00e7\u0131\u011fa vuruyordu.<\/b><\/p>\n<p><i>\u201cBen cemaatin kendi mecras\u0131nda faaliyet y\u00fcr\u00fctmesine kar\u015f\u0131 de\u011filim. Hatta bir yandan akla ve bilime, di\u011fer yandan da inan\u00e7 ve manevi de\u011ferlere ba\u011fl\u0131 yeni bir nesil yeti\u015ftirmek ad\u0131na yurt i\u00e7i ve yurt d\u0131\u015f\u0131nda yap\u0131lan e\u011fitim faaliyetlerini \u00e7ok de\u011ferli buluyorum. Bug\u00fcnk\u00fc toplumsal yap\u0131m\u0131z i\u00e7ersinde yaln\u0131zla\u015fan insanlar aras\u0131nda yap\u0131lmaya \u00e7al\u0131\u015f\u0131lan yard\u0131mla\u015fma, dayan\u0131\u015fma faaliyetlerinin \u00e7ok \u00f6nemli oldu\u011funu d\u00fc\u015f\u00fcn\u00fcyor ve k\u00fclt\u00fcrel faaliyetler, k\u00fclt\u00fcrler ve dinler aras\u0131 diyalog i\u00e7in yapt\u0131klar\u0131n\u0131z\u0131 destekliyorum. Hatta bu faaliyetlerinizin artarak devam\u0131n\u0131n \u00e7ok \u00f6nemli oldu\u011funa inan\u0131yorum.\u201d <\/i>(sh:574)<\/p>\n<p><b>\u015eimdi \u00f6zellikli ve etkili bir Emniyet M\u00fcd\u00fcr\u00fcnden:<\/b><\/p>\n<p><i>\u201cB\u00fct\u00fcn kurumlar ve ki\u015filer kof mu?<\/i><\/p>\n<p><i>Bu kitab\u0131n birinci b\u00f6l\u00fcm\u00fcnde devlet kurumlar\u0131n\u0131n kof oldu\u011funu, basit sorunlar\u0131 bile \u00e7\u00f6zme yetene\u011fine sahip olmad\u0131\u011f\u0131n\u0131 anlatmaya \u00e7al\u0131\u015ft\u0131m. Bu b\u00f6l\u00fcmde ise cemaatin birka\u00e7 adam\u0131n\u0131n \u00e7al\u0131\u015fmas\u0131 sonucu her \u015feyin yerle bir oldu\u011funu, koca devletin i\u00e7ten i\u00e7e eridi\u011fini, adalet ve g\u00fcvenlik kurumlar\u0131n\u0131n adaletsiz ve g\u00fcvensiz hale d\u00f6n\u00fc\u015ft\u00fc\u011f\u00fcn\u00fc, bu durumun fark\u0131nda olan devlet g\u00f6revlilerinin buna kar\u015f\u0131 durmad\u0131\u011f\u0131n\u0131 anlatt\u0131m. Bir grup koca bir devleti teslim ald\u0131. Devlet i\u00e7ten \u00e7at\u0131rd\u0131yor, birileri y\u00f6netimi ele ald\u0131 ve kimse devlet g\u00fcc\u00fcn\u00fc kullanan bu ki\u015filere dur diyemiyor. Birka\u00e7 cemaat imam\u0131 devlet yetkilerini gasp etti.\u201d<\/i><b> <\/b>(sh:578) <b>itiraf\u0131n\u0131 duyan b\u00fcrokratlar bu cemaate teslim olmaz da ne yapard\u0131?<\/b><\/p>\n<p><b>28 \u015eubat h\u0131yaneti ve akt\u00f6rleri<\/b><\/p>\n<p>Malum ve me\u2019lun 28 \u015eubat dolayl\u0131 darbesinin; Havuz Sistemiyle IMF\u2019yi d\u0131\u015flayan ve D-8\u2019lerle Yeni Bir D\u00fcnyan\u0131n temellerini atan Erbakan\u2019\u0131 devirmek \u00fczere; d\u0131\u015far\u0131dan Rockefeller ve Alan Makovski gibi Amerikal\u0131 Yahudi liderlerin, i\u00e7eride ise, marazl\u0131 ve mason medya kalem\u015f\u00f6rlerinden baz\u0131 \u00c7evik Pa\u015falara, Fetullah Hoca\u2019dan, ulusalc\u0131 Ergenekonculara bir s\u00fcr\u00fc i\u015fbirlik\u00e7inin ortak gayretiyle yap\u0131ld\u0131\u011f\u0131 art\u0131k herkes\u00e7e bilinmektedir. Yani Ergenekoncular\u0131 da, PKK\u2019y\u0131 da, Fetullah\u00e7\u0131lar\u0131 da 28 \u015eubat Pa\u015falar\u0131n\u0131 da ayn\u0131 d\u0131\u015f g\u00fc\u00e7ler y\u00f6netmektedir. AKP ise 28 \u015eubat m\u00fcdahalesinin gayrime\u015fru bebe\u011fidir.<\/p>\n<p><b>Ancak \u015fu ters talihe ve teresli\u011fe bak\u0131n ki, Siyonist merkezlerin AT DE\u011e\u0130\u015eT\u0130RME operasyonu \u00e7er\u00e7evesinde, Ergenekoncular PKK ile g\u00f6r\u00fc\u015fm\u00fc\u015fler diye zindanlara itilmi\u015f, ama AKP ayn\u0131 PKK\u2019yla g\u00f6r\u00fc\u015ft\u00fc\u011f\u00fc i\u00e7in iktidara getirilmi\u015ftir. Yani AKP Ergenekon\u2019un ba\u015fka bir versiyonu gibidir ve yar\u0131n \u015fartlar \u00f6yle gerektirirse Ergenekoncularla AKP yer de\u011fi\u015ftirebilir\u2026<\/b><\/p>\n<p><b>Bu c\u0131lk\u0131 \u00e7\u0131km\u0131\u015f ve \u00e7ivisi kaym\u0131\u015f bozuk d\u00fczende, bir ki\u015fiyi \u00f6ld\u00fcren KAT\u0130L, iki ki\u015fiyi \u00f6ld\u00fcren CAN\u0130, be\u015f ki\u015fiyi \u00f6ld\u00fcren veya azmettirip \u00f6ld\u00fcrten MAFYA BABASI olur. Ama binlerce asker ve sivil masum insan\u0131m\u0131z\u0131n can\u0131na k\u0131ym\u0131\u015f, \u00fclkemizi on milyarlarca Dolar zarara u\u011fratm\u0131\u015f birisi ise, MUHATAP olur! M\u0130T ba\u015fkanlar\u0131, komutanlar, y\u00fcksek b\u00fcrokratlar ve devlet kurumlar\u0131yla pazarl\u0131k i\u00e7in masaya oturur. \u00dclkeyi par\u00e7alamak ve \u00d6zerk K\u00fcrdistan\u2019\u0131 kurmak i\u00e7in talimatlar buyurur. \u015eu d\u00fc\u015f\u00fcr\u00fcld\u00fc\u011f\u00fcm\u00fcz hale bak\u0131n; Ba\u015fbakan olacak bo\u015f adam APO\u2019yla g\u00f6r\u00fc\u015f\u00fcld\u00fc\u011f\u00fcn\u00fc \u00f6nce ink\u00e2r ediyor, sonra \u201cH\u00fck\u00fcmet de\u011fil devlet g\u00f6r\u00fc\u015f\u00fcr\u201d diye milletle dalga ge\u00e7iyor! Cumhurba\u015fkan\u0131 kalk\u0131p: \u201cdevlet de\u011fil, kurumlar g\u00f6r\u00fc\u015f\u00fcr\u201d cinsinden felsefe yap\u0131p bilgi\u00e7lik tasl\u0131yor!<\/b><\/p>\n<p><b>Evet, \u015fimdi daha net anla\u015f\u0131l\u0131yor ki, Kandil da\u011f\u0131ndan daha kolay \u015fekilde PKK\u2019y\u0131 \u0130mral\u0131 adas\u0131ndan y\u00f6netmesi ve g\u00fcvenli\u011finin de garanti edilmesi i\u00e7in, Abdullah \u00d6calan ABD taraf\u0131ndan T\u00fcrkiye\u2019ye teslim ediliyor! Tekrar hat\u0131rlatal\u0131m, \u015fimdi de Fetullah G\u00fclen\u2019in muhatap al\u0131n\u0131p masaya oturulmas\u0131 i\u00e7in haz\u0131rl\u0131k yap\u0131l\u0131yor!<\/b><\/p>\n<p>Herhalde bu y\u00fczden olsa gerek, b\u00fct\u00fcn Fetullah\u00e7\u0131lar ve T\u00fcrkiye\u2019yi par\u00e7alamak i\u00e7in f\u0131rsat kollayan g\u00e2vurcuklar a\u011f\u0131z birli\u011fi i\u00e7inde, \u0130spanya\u2019da ki ETA \u00f6rne\u011fini, \u0130ngiltere-\u0130rlanda aras\u0131ndaki \u0130RA deneyimini kutsal metinmi\u015f gibi, televizyonlarda ve k\u00f6\u015fe yaz\u0131lar\u0131nda halk\u0131n beynini buland\u0131rmak i\u00e7in, teyp gibi tekrarlay\u0131p duruyor.<\/p>\n<p><b>Evet;<\/b><\/p>\n<p><b>\u201cSahipsiz vatan\u0131n, batmas\u0131 hakt\u0131r<\/b><\/p>\n<p><b>Hep neme laz\u0131mc\u0131, zavall\u0131 halkt\u0131r<\/b><\/p>\n<p><b>H\u0131yanet k\u0131l\u0131f\u0131, demokrasidir<\/b><\/p>\n<p><b>G\u00e2vur yalan\u0131na, kanan ahmakt\u0131r\u201d <\/b><\/p>\n<p><b>BOP E\u015fba\u015fkanl\u0131\u011f\u0131 Amerikan ajanl\u0131\u011f\u0131d\u0131r!<\/b><\/p>\n<p>T\u00fcrkiye\u2019miz dahil 22 \u0130slam \u00fclkesinin par\u00e7alanmas\u0131n\u0131n, t\u00fcm yeralt\u0131 ve yer\u00fcst\u00fc kaynaklar\u0131m\u0131z\u0131n yok pahas\u0131na Bat\u0131ya pazarlanmas\u0131n\u0131n ama\u00e7land\u0131\u011f\u0131n\u0131, ABD y\u00f6neticilerinin resmen a\u00e7\u0131klad\u0131\u011f\u0131 BOP (B\u00fcy\u00fck Ortado\u011fu Projesi) asl\u0131nda B\u00fcy\u00fck \u0130srail plan\u0131n\u0131n bir par\u00e7as\u0131d\u0131r. BOP\u2019a e\u015f ba\u015fkanl\u0131k yapmak ise, bu h\u0131yanete ortakl\u0131kt\u0131r ve a\u00e7\u0131k\u00e7a Amerikan ajanl\u0131\u011f\u0131d\u0131r. Bu konumdaki bir insan vatana ihanetle su\u00e7lan\u0131r ve hele ba\u015fbakan olmas\u0131 bir \u00fclke i\u00e7in en b\u00fcy\u00fck sak\u0131ncad\u0131r. \u015eimdi bu ger\u00e7eklikleri Ayd\u0131nl\u0131k ta yaz\u0131yor diye \u00fczerini kapat\u0131p karanl\u0131kta b\u0131rakmak, ad\u0131m ad\u0131m a\u00e7\u0131l\u0131mlarla \u00fclkenin y\u0131k\u0131l\u0131\u015f\u0131na ve devletin yok olu\u015funa g\u00f6z yummak anlam\u0131n\u0131 ta\u015f\u0131r.<\/p>\n<p>Yoksa ba\u015fbakan yap\u0131lmak hat\u0131r\u0131na BOP e\u015fba\u015fkanl\u0131\u011f\u0131n\u0131, yani 22 \u0130slam \u00fclkesini par\u00e7alama plan\u0131na k\u00e2hyal\u0131\u011f\u0131 kabul eden Recep Bey, bu diyet \u00f6deme mahk\u00fbmiyeti y\u00fcz\u00fcnden mi, S\u00fcmela Manast\u0131r\u0131n\u0131 a\u00e7t\u0131\u011f\u0131, Heybeliada Ruhban Okulunun haz\u0131rland\u0131\u011f\u0131 halde Ayasofya\u2019y\u0131 a\u011fz\u0131na bile almamaktad\u0131r?<\/p>\n<p>Sahi, soral\u0131m; Siyonist Yahudi \u00f6rg\u00fct\u00fc ADL taraf\u0131ndan Recep ba\u015fbakana verilen \u201c\u00dcst\u00fcn Cesaret \u00d6d\u00fcl\u00fc\u201d, acaba BOP e\u015fba\u015fkanl\u0131\u011f\u0131 gibi, resmen d\u0131\u015f g\u00fc\u00e7lerin ve yabanc\u0131 \u00fclkelerin hizmetine girme ve avukat\u0131n\u0131n tespitiyle \u201cvatana ihanet etme\u201d kar\u015f\u0131l\u0131\u011f\u0131 m\u0131, boynuna tak\u0131lm\u0131\u015ft\u0131?<\/p>\n<p><b>Erdo\u011fan\u2019a BOP g\u00f6revi, 28 Ocak 2004 ilk ABD gezisinde verildi!<\/b><\/p>\n<p><b>Recep Tayyip Erdo\u011fan ba\u015fbakan olduktan sonra ABD&#8217;ye ilk resmi gezisini 25-30 Ocak 2004 tarihlerinde yapm\u0131\u015ft\u0131. Ba\u015fkan Bush&#8217;la 28 Ocak g\u00fcn\u00fc bulu\u015fmu\u015flard\u0131. Oval Ofis&#8217;te yap\u0131lan 2,5 saatlik g\u00f6r\u00fc\u015fme &#8216;2+2 olarak planlanm\u0131\u015ft\u0131. Bush, Powell&#8217;le; Erdo\u011fan da G\u00fcl\u2019le olacakt\u0131. G\u00f6r\u00fc\u015fme s\u00fcrerken i\u00e7eriye Rumsfeld ve Rice da al\u0131nm\u0131\u015ft\u0131. Denge bozulmu\u015ftu ama g\u00f6r\u00fc\u015fmeye devam edilmi\u015fti. S\u0131n\u0131rl\u0131 kat\u0131l\u0131ml\u0131 g\u00f6r\u00fc\u015fmede &#8220;stratejik vizyon&#8221; yani BOP konusu ele al\u0131nm\u0131\u015ft\u0131. \u0130leride \u00e7ok tart\u0131\u015f\u0131lacak olan &#8216;BOP&#8217; -yani, B\u00fcy\u00fck Ortado\u011fu Projesi- E\u015fba\u015fkanl\u0131\u011f\u0131 g\u00f6revi Erdo\u011fan&#8217;a i\u015fte burada aktar\u0131lm\u0131\u015ft\u0131.<\/b><\/p>\n<p><b><i>Recep Erdo\u011fan\u2019\u0131n 32 ayr\u0131 yerde itiraf etti\u011fi B\u00fcy\u00fck Ortado\u011fu Projesi e\u015fba\u015fkanl\u0131\u011f\u0131n\u0131n hukuki anlamda &#8220;Bu T\u00fcrk devletinin stat\u00fcs\u00fcn\u00fc de\u011fi\u015ftirme projesidir&#8221;, &#8220;Ba\u015fka bir g\u00fc\u00e7 kudret e\u011fer Ba\u015fbakan&#8217;a bu g\u00f6revi verdiyse o ba\u015fbakan art\u0131k milli de\u011fil, gayr\u0131 millidir\u201d iddialar\u0131 olduk\u00e7a anlaml\u0131yd\u0131 ve ciddiye al\u0131nmal\u0131yd\u0131.<\/i><\/b><\/p>\n<p><b>Tayip Erdo\u011fan, kendisine \u201cBOP e\u015fba\u015fkan\u0131\u201d dedi\u011fi i\u00e7in Do\u011fu Perin\u00e7ek\u2019e tazminat davas\u0131 a\u00e7m\u0131\u015ft\u0131. <\/b><b>Erdo\u011fan\u2019\u0131n avukat\u0131, dava dilek\u00e7esinde \u201cBOP e\u015fba\u015fkanl\u0131\u011f\u0131n\u0131n vatan hainli\u011fi oldu\u011funu\u201d<\/b><b> saptam\u0131\u015ft\u0131. Erdo\u011fan\u2019\u0131n tazminat talebini reddeden mahkeme, dava konusu a\u00e7\u0131klaman\u0131n yap\u0131ld\u0131\u011f\u0131 yay\u0131nda \u201ckamu yarar\u0131\u201d oldu\u011funu vurgulam\u0131\u015ft\u0131.<\/b><\/p>\n<p><b>Tayyip\u2019in, Apo\u2019yla gizli af anla\u015fmas\u0131<\/b><\/p>\n<p><i>AKP ile PKK aras\u0131nda aylard\u0131r s\u00fcren referandum pazarl\u0131\u011f\u0131 anla\u015fmayla sonu\u00e7lanm\u0131\u015ft\u0131. PKK lideri Murat Karay\u0131lan, &#8220;devletle anla\u015ft\u0131klar\u0131n\u0131&#8221; a\u00e7\u0131klam\u0131\u015ft\u0131. Cumhurba\u015fkan\u0131 G\u00fcl, Bak\u00fc&#8217;ye giderken, &#8220;ter\u00f6r\u00fc bitirmek i\u00e7in devlet her y\u00f6ntemi dener&#8221; diyerek pazarl\u0131k yap\u0131ld\u0131\u011f\u0131n\u0131 dolayl\u0131 da olsa onaylam\u0131\u015ft\u0131. Referandumda &#8220;evet&#8221; \u00e7\u0131kma olas\u0131l\u0131\u011f\u0131n\u0131n g\u00fcn ge\u00e7tik\u00e7e azalmas\u0131, AKP ile PKK aras\u0131ndaki pazarl\u0131\u011f\u0131n daha da k\u0131z\u0131\u015fmas\u0131na yol a\u00e7m\u0131\u015ft\u0131. \u00d6calan&#8217;dan sonra, BDP Genel Ba\u015fkan\u0131 Selahattin Demirta\u015f da, pazarl\u0131k \u015fartlar\u0131n\u0131 s\u0131ralam\u0131\u015ft\u0131. Demirta\u015f, h\u00fck\u00fcmetin taleplerini kar\u015f\u0131lamaya ba\u015flamas\u0131 halinde m\u00fczakere s\u00fcrecini ba\u015flatacaklar\u0131n\u0131 ve AKP Anayasas\u0131n\u0131 destekleyeceklerini a\u00e7\u0131klam\u0131\u015ft\u0131. B\u00fct\u00fcn bu geli\u015fmeler, h\u00fck\u00fcmet&#8217;in referandumda &#8220;evet&#8221; \u00e7\u0131kmas\u0131 durumunda uygulayaca\u011f\u0131 Apo&#8217;ya af i\u00e7in bir anla\u015fma niteli\u011fi ta\u015f\u0131maktayd\u0131. <\/i><\/p>\n<p><i>B\u00f6ylece AKP&#8217;nin PKK ile yapt\u0131\u011f\u0131 referandumda &#8220;evet&#8221; ittifak\u0131 b\u00fct\u00fcn \u00e7\u0131plakl\u0131\u011f\u0131yla a\u00e7\u0131\u011fa \u00e7\u0131km\u0131\u015ft\u0131. Aylar s\u00fcren g\u00f6r\u00fc\u015fmelerin sonunda referandumda zora giren AKP, &#8220;evet&#8221; deme kar\u015f\u0131l\u0131\u011f\u0131nda PKK&#8217;n\u0131n taleplerini kar\u015f\u0131lama karar\u0131 alm\u0131\u015ft\u0131. <\/i><\/p>\n<p><i>B\u00fclent Ar\u0131n\u00e7\u2019\u0131n ba\u015flatt\u0131\u011f\u0131, H\u00fcseyin \u00c7elik ve Mehmet Ali \u015eahin&#8217;in devam ettirdi\u011fi Mustafa Balbay ve Tuncay \u00d6zkan hakk\u0131nda &#8220;feryatlara kulak verelim&#8221; a\u00e7\u0131klamalar\u0131, AKP&#8217;nin gizli bir plan\u0131n\u0131n ilk \u00e7\u0131k\u0131\u015flar\u0131yd\u0131.&nbsp; Ar\u0131n\u00e7, bir s\u00fcre \u00f6nce g\u00f6r\u00fc\u015ft\u00fc\u011f\u00fc Abdullah G\u00fcl&#8217;\u00fcn y\u00f6nlendirmesiyle bu a\u00e7\u0131klamalar\u0131 yapm\u0131\u015ft\u0131. Baz\u0131 kaynaklara g\u00f6re af i\u00e7in yasa haz\u0131rl\u0131\u011f\u0131na ba\u015flanm\u0131\u015ft\u0131. Referandumdan &#8220;Evet&#8221; \u00e7\u0131kaca\u011f\u0131 varsay\u0131m\u0131na dayal\u0131 plana g\u00f6re, bir k\u0131s\u0131m Ergenekon tutuklusu, Apo aff\u0131na k\u0131l\u0131f yap\u0131lacakt\u0131.\u201d<\/i><\/p>\n<p><b>Tam 32 yerde \u201cBize BOP e\u015fba\u015fkanl\u0131\u011f\u0131 g\u00f6revi verildi\u201d diyen Recep T. Erdo\u011fan bunlar\u0131 ni\u00e7in ve nas\u0131l ink\u00e2r ediyor?<\/b><\/p>\n<p><b>1- Kanal D \/ Teke Tek Program\u0131: (16 \u015eubat 2004)<\/b><\/p>\n<p>&#8220;\u015eu anda Amerika&#8217;n\u0131n da <b>&#8216;B\u00fcy\u00fck Ortado\u011fu Projesi&#8217;<\/b> var ya <b>&#8216;Geni\u015fletilmi\u015f Ortado\u011fu&#8217;<\/b>, yani bu proje i\u00e7erisinde Diyarbak\u0131r bir y\u0131ld\u0131z olabilir. Bunu ba\u015farmam\u0131z laz\u0131m.&#8221;<\/p>\n<p><b>2- \u00c7\u0131ra\u011fan Saray\u0131 \/ ABD-TESEV-Alman Marshall Fonu Toplant\u0131s\u0131: (25 Haziran 2004)<\/b><\/p>\n<p>&#8220;\u00dcstlendi\u011fimiz misyon gere\u011fi Ortado\u011fu ve Avrasya \u00fclkelerine y\u00f6nelece\u011fi&#8230; <b>E\u015fba\u015fkan\u0131 oldu\u011fumuz Geni\u015fletilmi\u015f Ortado\u011fu Projesi<\/b> i\u00e7in&#8230;\u201d<\/p>\n<p><b>3- Yeni \u015eafak \/ \u0130stanbul NATO Zirvesi \u00d6ncesi Konu\u015fmas\u0131: (25 Haziran 2004)<\/b><\/p>\n<p><b>&#8220;Geni\u015f Ortado\u011fu ve Kuzey Afrika<\/b> \u00fclkelerinin buraya kat\u0131lmas\u0131&#8230; <b>E\u015fba\u015fkanlar Olarak <\/b>T\u00fcrkiye, \u0130talya, Yemen<b> \u00fczerimize d\u00fc\u015fen g\u00f6revleri yerine getirmeye \u00e7al\u0131\u015faca\u011f\u0131z.&#8221;<\/b><\/p>\n<p><b>4- \u0130ran\u2019da Bas\u0131n A\u00e7\u0131klamas\u0131: (28 Temmuz 2004)<\/b><\/p>\n<p>&#8220;Demokratik ortak olarak <b>Geni\u015f Ortado\u011fu ve Kuzey Afrika Projesi<\/b> i\u00e7inde, bu projenin <b>e\u015fba\u015fkanlar\u0131 aras\u0131nday\u0131m<\/b><b>.&#8221;<\/b><\/p>\n<p><b>5- Davos \/ Klaus Schwab\u2019la  S\u00f6yle\u015fi Esnas\u0131: (28 Ocak 2005)<\/b><\/p>\n<p>&#8220;T\u00fcrkiye i\u015flevini <b>B\u00fcy\u00fck Ortado\u011fu Projesi<\/b> i\u00e7inde, bu b\u00f6lgede etkin bir \u015fekilde yerine getirecektir. Her g\u00f6r\u00fc\u015fmede, att\u0131\u011f\u0131m\u0131z her ad\u0131mda bunun <b>uygulamas\u0131n\u0131 yap\u0131yoruz.&#8221;<\/b><\/p>\n<p><b>6- Zaman \/ ABD Yolculu\u011fundaki R\u00f6portaj\u0131: (7 Haziran 2005)<\/b><\/p>\n<p>&#8220;Biliyorsunuz GOP, bir alt biriminin <b>e\u015fba\u015fkanl\u0131\u011f\u0131n\u0131 \u00fcstlendi\u011fimiz<\/b> bu proje. Olay sadece Ortado\u011fu&#8217;yu kapsam\u0131yor&#8230; Bu konuda yapaca\u011f\u0131m\u0131z \u00e7al\u0131\u015fmalara kom\u015fu \u00fclkelerden ba\u015flad\u0131k. Suriye, L\u00fcbnan, Fas, Tunus gibi \u00fclkelere geziler d\u00fczenliyoruz. Yak\u0131nda Cezayir&#8217;e gidece\u011fiz, \u00dcrd\u00fcn&#8217;e gidece\u011fiz.&#8221;<\/p>\n<p><b>7- ABD \/ W\u0131llard Otel, Bas\u0131n Toplant\u0131s\u0131: (8 Haziran 2005)<\/b><\/p>\n<p><b>\u201c<\/b>Sea Island s\u00fcrecinde T\u00fcrkiye, \u0130talya ve Yemen <b>Geni\u015f B\u00fcy\u00fck Ortado\u011fu Projesi\u2019nde bir g\u00f6rev \u00fcstlendik ve e\u015fbakanl\u0131k <\/b>bu \u00fc\u00e7 \u00fclkeye<b> verildi<\/b>\u201d<\/p>\n<p><b>8-ABD \/ Amerikan D\u0131\u015f Politika Derne\u011fi (FPA) Toplant\u0131s\u0131: (10 Haziran 2005)<\/b><\/p>\n<p>&#8220;Biz T\u00fcrkiye olarak, bildi\u011finiz gibi, <b>Geni\u015f Ortado\u011fu ve Kuzey Afrika \u0130nisiyatifi \u00e7al\u0131\u015fmalar\u0131nda rol ald\u0131k. E\u015fba\u015fkan olarak bu s\u00fcreci i\u015fletmeye devam ediyoruz.&#8221;<\/b><\/p>\n<p><b>9- Esenbo\u011fa Havaliman\u0131 \/ ABD D\u00f6n\u00fc\u015f\u00fc S\u0131ras\u0131 : (12 Haziran 2005)<\/b><\/p>\n<p>&#8220;Biz <b>B\u00fcy\u00fck Ortado\u011fu Projesi&#8217;ne<\/b> bu seyahatte ba\u015flamad\u0131k. Biliyorsunuz ad\u0131 de\u011fi\u015fti, <b>Geni\u015f Ortado\u011fu ve Kuzey Afrika \u0130nisiyatifi<\/b> olarak belirlendi. Bunun i\u00e7erisinde T\u00fcrkiye, \u0130talya ve Yemen, <b>e\u015fba\u015fkan olarak \u00e7al\u0131\u015fmaya ba\u015flad\u0131k.&#8221;<\/b><\/p>\n<p><b>10- Esenbo\u011fa Havaliman\u0131 \/ L\u00fcbnan\u2019a Hareketinden \u00d6nceki Konu\u015fmas\u0131: (15 Haziran 2005)<\/b><\/p>\n<p><b>&#8220;Geni\u015f Ortado\u011fu ve Kuzey Afrika \u0130nisiyatifi<\/b> \u00e7er\u00e7evesi i\u00e7erisinde T\u00fcrkiye <b>e\u015fba\u015fkanl\u0131k <\/b>olarak payla\u015ft\u0131\u011f\u0131 bir<b> g\u00f6revi y\u00fcr\u00fctecek<\/b>.&#8221;<\/p>\n<p><b>11- ABD \/ D\u00fcnya \u0130\u015f Konseyi (World Affa\u0131rs Counc\u0131l) Toplant\u0131s\u0131: (7 Temmuz 2005)<\/b><\/p>\n<p><b>\u201cT\u00fcrkiye\u2019nin Amerika Birle\u015fik Devletleri\u2019yle yapabilece\u011fi \u00e7ok \u015fey var. <\/b>T\u00fcrkiye\u2019nin Sea Island S\u00fcreci\u2019nde,<b> Geni\u015f Ortado\u011fu ve Kuzey Afrika \u0130nisiyatifi\u2019nde E\u015fba\u015fkan olarak yer alm\u0131\u015f olmas\u0131 bundan kaynaklanmaktad\u0131r.\u201d<\/b><\/p>\n<p><b>12- ABD \/ D\u0131\u015f \u0130li\u015fkiler Konseyi (CFR) Toplant\u0131s\u0131: (13 Eyl\u00fcl 2005)<\/b><\/p>\n<p><b>&#8220;Geni\u015f Ortado\u011fu ve Kuzey Afrika Giri\u015fimi i\u00e7inde \u00f6nemli bir rol oynuyoruz<\/b>. Amerika&#8217;n\u0131n Ortado\u011fu&#8217;da oynayaca\u011f\u0131 \u00f6nemli bir rol var. <b>Onun bir par\u00e7as\u0131y\u0131z ve \u015fu anda onun dahilinde \u00e7al\u0131\u015f\u0131yoruz.&#8221;<\/b><\/p>\n<p><b>13- Ankara \/ AKP MYK Toplant\u0131s\u0131ndan Sonra Bas\u0131na A\u00e7\u0131klamas\u0131: (16 Kas\u0131m 2005)<\/b><\/p>\n<p>&#8220;D\u0131\u015fi\u015fleri Bakan\u0131 G\u00fcl, Bahreyn&#8217;de ABD D\u0131\u015fi\u015fleri Bakan\u0131 Condellize Rice ile <b>Geni\u015f Ortado\u011fu ve Kuzey Afrika Projesi <\/b>ile ilgili g\u00f6r\u00fc\u015fecek. S\u00f6z konusu projede <b>e\u015fba\u015fkanl\u0131k g\u00f6revi yap\u0131yoruz ve yapmaya devam edece\u011fiz.&#8221;<\/b><\/p>\n<p><b>14- Denizli Polisevi \/ \u0130\u015fadamlar\u0131yla Toplant\u0131s\u0131: (19 Kas\u0131m 2005)<\/b><\/p>\n<p>&#8220;E\u011fer bug\u00fcn <b>Geni\u015f Ortado\u011fu ve Kuzey Afrika Projesi&#8217;nde T\u00fcrkiye e\u015fba\u015fkan olarak g\u00f6rev yap\u0131yorsa\u2026 \u015eu anda bu g\u00f6revi yapmaya \u00e7al\u0131\u015f\u0131yoruz.&#8221;<\/b><\/p>\n<p><b>15- TBMM \/ AKP Grubu Konu\u015fmas\u0131: (29 Kas\u0131m 2005)<\/b><\/p>\n<p><b> <\/b>&#8220;&#8230;Onun i\u00e7in <b>biz \u015fu anda Geni\u015f Ortado\u011fu ve Kuzey Afrika Projesi i\u00e7erisinde e\u015fba\u015fkanl\u0131k g\u00f6revini \u00fcstlenmi\u015fiz.&#8221;<\/b><\/p>\n<p><b>16- ATV \/ Siyaset Meydan\u0131: (28 Aral\u0131k 2005)<\/b><\/p>\n<p>&#8220;Biliyorsunuz, <b>Geni\u015f Ortado\u011fu ve Kuzey Afrika Projesi i\u00e7inde e\u015fba\u015fkan\u0131z,<\/b> bunun gere\u011fi olarak da inisiyatif alma gayreti i\u00e7indeyiz.&#8221;<\/p>\n<p><b>17- TBMM \/ AKP Grubu Konu\u015fmas\u0131: (21 \u015eubat 2006)<\/b><\/p>\n<p>&#8220;&#8230;<b>Geni\u015fletilmi\u015f Ortado\u011fu ve Kuzey Afrika \u0130nisiyatifi&#8217;ndeki<\/b> rol\u00fcm\u00fcz, <b>e\u015fba\u015fkanl\u0131k g\u00f6revimiz<\/b> bize \u00f6zellikle Ortado\u011fu&#8217;da \u00f6nemli g\u00f6revler y\u00fcklemektedir. Bug\u00fcne kadar ba\u015flatt\u0131\u011f\u0131m\u0131z b\u00fct\u00fcn d\u0131\u015f politika hamleleri, bu parametre \u00fczerine kurulmu\u015ftur. Az \u00f6nce birka\u00e7\u0131n\u0131 hat\u0131rlatt\u0131\u011f\u0131m bu giri\u015fimler, ayn\u0131 d\u0131\u015f politikan\u0131n, ayn\u0131 vizyonun tutarl\u0131 ve tamamlay\u0131c\u0131 par\u00e7alar\u0131d\u0131r.&#8221;<\/p>\n<p><b>18- \u0130stanbul \u00dcsk\u00fcdar \/ AKP \u0130l\u00e7e Kongresi Konu\u015fmas\u0131: (26 \u015eubat 2006)<\/b><\/p>\n<p>&#8220;Biz Ortado\u011fu&#8217;da GODKA denilen <b>Geni\u015f Ortado\u011fu Ve Kuzey Afrika Projesi&#8217;nin i\u00e7inde e\u015fba\u015fkan\u0131z. Biz orada g\u00f6rev ifa ediyoruz. B\u00f6yle bir g\u00f6rev T\u00fcrkiye&#8217;ye se\u00e7ilerek verilmi\u015ftir.&#8221;<\/b><\/p>\n<p><b>19- \u0130stanbul Tuzla \/ AKP \u0130l\u00e7e Kongresi Konu\u015fmas\u0131: (4 Mart 2006)<\/b><\/p>\n<p><b>&#8220;B\u00fcy\u00fck Ortado\u011fu Projesi\u2019nin e\u015fba\u015fkanlar\u0131ndan biriyiz.&#8221;<\/b><\/p>\n<p><b>20- \u0130stanbul Bayrampa\u015fa \/AKP \u0130l\u00e7e Kongresi Konu\u015fmas\u0131: (4 Mart 2006)<\/b><\/p>\n<p><b>&#8220;BOP&#8217;un e\u015fba\u015fkanlar\u0131ndan biriyiz. Bu g\u00f6revi yap\u0131yoruz.&#8221;<\/b><\/p>\n<p><b>21- Sait Halim Pa\u015fa Yal\u0131s\u0131 \/ UBS Bank\u2019\u0131n Yemek Sofras\u0131: (28 Nisan 2006)<\/b><\/p>\n<p><b>&#8220;Geni\u015f Ortado\u011fu ve Kuzey Afrika Projesi&#8217;ne bundan dolay\u0131 girdik.&#8221;<\/b><\/p>\n<p><b>22- Avusturya Seyahati: (11 May\u0131s 2006)<\/b><\/p>\n<p><b>&#8220;B\u00fcy\u00fck Ortado\u011fu Projesi&#8217;ne, Geni\u015fletilmi\u015f Ortado\u011fu Projesi&#8217;ne<\/b> niye kat\u0131ld\u0131n\u0131z, niye bunlar\u0131n i\u00e7inde yer ald\u0131n\u0131z diye ele\u015ftiriler geliyor. <b>Biz de &#8216;olaca\u011f\u0131z&#8217; diyoruz.&#8221;<\/b><\/p>\n<p><b>23- Zaman \/ G-8 Zirvesi\u2019ne Giderken R\u00f6portaj\u0131: (13 May\u0131s 2006)<\/b><\/p>\n<p><b>&#8220;Geni\u015fletilmi\u015f Ortado\u011fu ve Kuzey Afrika projesi e\u015fba\u015fkan\u0131 olarak T\u00fcrkiye&#8217;ye b\u00fcy\u00fck g\u00f6rev d\u00fc\u015f\u00fcyor.&#8221;<\/b><\/p>\n<p><b>24- Yeni \u015eafak \/ G-8 Zirvesi\u2019ne Giderken R\u00f6portaj\u0131: (13 May\u0131s 2006)<\/b><\/p>\n<p>&#8220;B\u00f6lgemizdeki geli\u015fmeler kar\u015f\u0131s\u0131nda T\u00fcrkiye olarak \u00fczerimize b\u00fcy\u00fck g\u00f6rev d\u00fc\u015f\u00fcyor. Bunun i\u00e7in de ABD&#8217;ye bir ziyaret planl\u0131yorum&#8230; <b>T\u00fcrkiye, Geni\u015fletilmi\u015f Ortado\u011fu ve Kuzey Afrika Projesi e\u015fba\u015fkan\u0131 oldu\u011fu i\u00e7in bunu ABD&#8217;yle konu\u015fmam\u0131z gerekiyor.&#8221;<\/b><\/p>\n<p><b>25- Esenbo\u011fa Havaliman\u0131 \/ M\u0131s\u0131r\u2019a Giderken Anlatm\u0131\u015ft\u0131: (20 May\u0131s 2006) <\/b><\/p>\n<p>&#8220;Ziyaretim s\u0131ras\u0131nda <b>Geni\u015f Ortado\u011fu ve Kuzey Afrika Projesi \u00e7er\u00e7evesinde yapmay\u0131 planlad\u0131klar\u0131m\u0131z\u0131 da anlatma f\u0131rsat\u0131n\u0131 bulaca\u011f\u0131z.&#8221;<\/b><\/p>\n<p><b>26- TBMM \/ AKP Grubu Konu\u015fmas\u0131: (30 May\u0131s 2006)<\/b><\/p>\n<p><b>&#8220;T\u00fcrkiye, Geni\u015f Ortado\u011fu ve Kuzey Afrika Projesi i\u00e7erisinde ortak \u00fcyeli\u011fe kabul edilmi\u015ftir.<\/b> Bizler bunun i\u00e7in burada bir ortak \u00fcyeli\u011fi ve ard\u0131ndan da <b>e\u015fba\u015fkanl\u0131k g\u00f6revini<\/b> \u0130talya ve Yemen ile birlikte <b>kabul ettik.&#8221;<\/b><\/p>\n<p><b>27- Artvin \u00c7\u0131k\u0131\u015f\u0131: (15 Temmuz 2006)<\/b><\/p>\n<p>&#8220;Biz T\u00fcrkiye olarak GOKAP i\u00e7erisinde yer ald\u0131ysak, bunun i\u00e7in bizlere davet yap\u0131ld\u0131, bunlar olacak diye <b>biz e\u015fba\u015fkan olarak kabul ettik.&#8221;<\/b><\/p>\n<p><b>28- CNN \/ Larry K\u0131ng Show: (27 Temmuz 2006)<\/b><\/p>\n<p><b> <\/b>&#8220;Daha <b>\u00f6nce Geni\u015f Ortado\u011fu ve Kuzey Afrika Giri\u015fimi i\u00e7erisinde zaten yer alm\u0131\u015ft\u0131k. Burada e\u015fba\u015fkanl\u0131k g\u00f6revi \u00fcstlenmi\u015ftik.&#8221;<\/b><\/p>\n<p><b>29- CNN T\u00fcrk \/ \u201cEdit\u00f6r\u201d Program\u0131: (6 Kas\u0131m 2006) <\/b><\/p>\n<p><b> &#8220;BOP i\u00e7erisinde <\/b>davet edilen \u00fclkeler kimlerdir? <b>T\u00fcrkiye var,<\/b> Yemen vard\u0131, <b>\u00fc\u00e7 tane e\u015fba\u015fkan var.&#8221;<\/b><\/p>\n<p><b>30- Beyrut D\u00f6n\u00fc\u015f\u00fc A\u00e7\u0131klamas\u0131: (4 Ocak 2007)<\/b><\/p>\n<p><b>&#8220;Biz Geni\u015fletilmi\u015f Ortado\u011fu ve Kuzey Afrika Projesi&#8217;ni bunun i\u00e7in kabul ettik&#8230; <\/b>T\u00fcrkiye, \u0130talya ve Yemen&#8217;le <b>e\u015fba\u015fkanl\u0131k g\u00f6revi \u00fcstlendik.&#8221;<\/b><\/p>\n<p><b>31- Alman \u201cS\u00fcddeutsche Ze\u0131tung\u201d Gazetesi \/ Makalesi: (7 \u015eubat 2008)<\/b><\/p>\n<p>&#8220;Bu sebeple T\u00dcRK\u0130YE, G-8 \u00fclkelerinin de destekledi\u011fi <b>Geni\u015fletilmi\u015f Ortado\u011fu ve Kuzey Afrika Projesi i\u00e7inde inisiyatif almaktad\u0131r.&#8221;<\/b><\/p>\n<p><b>32- TBMM Grup Toplant\u0131s\u0131: (13 Ocak 2009)<\/b><\/p>\n<p><b>&#8220;T\u00fcrkiye Cumhuriyeti Ba\u015fbakan\u0131 B\u00fcy\u00fck Ortado\u011fu Projesi&#8217;nin e\u015fba\u015fkan\u0131&#8217;d\u0131r&#8230; Bu g\u00f6revinden vazge\u00e7sin diyorlar. Bunu anlatmak istiyorum. B\u00fcy\u00fck Ortado\u011fu Projesi&#8217;nin ama\u00e7lar\u0131 bellidir.&#8221;<\/b><\/p>\n<p><b>\u0130\u015fte b\u00fct\u00fcn bu s\u00f6zleri, Recep T. Erdo\u011fan\u2019\u0131n Amerikan ajanl\u0131\u011f\u0131n\u0131n ve B\u00fcy\u00fck \u0130srail Plan\u0131na kiral\u0131k k\u00e2hyal\u0131\u011f\u0131n\u0131n \u00e7ok a\u00e7\u0131k itiraf ve ispat\u0131d\u0131r.<\/b><\/p>\n<p><b>G\u00fcl\u2019\u00fcn Powell ile imzalad\u0131\u011f\u0131 hizmet s\u00f6zle\u015fmesi <\/b><\/p>\n<p><b>\u0130craatlar\u0131, her maddeyi bir bir do\u011frulad\u0131<\/b><\/p>\n<p>Abdullah G\u00fcl, 2 Nisan 2003 tarihinde d\u00f6nemin ABD D\u0131\u015fi\u015fleri Bakan\u0131 Colin Powell ile Ankara&#8217;da imzalad\u0131\u011f\u0131 hizmet s\u00f6zle\u015fmesini 24 May\u0131s 2003 tarihli Vatan gazetesinde Sedat Serto\u011flu&#8217;na verdi\u011fi r\u00f6portajda a\u00e7\u0131klam\u0131\u015ft\u0131.<\/p>\n<p>ABD, bu yaz\u0131l\u0131 s\u00f6zle\u015fmeyi G\u00fcl\u2019le yapt\u0131, ancak bir y\u0131l sonra da Tayyip Erdo\u011fan&#8217;\u0131 BOP E\u015fba\u015fkanl\u0131\u011f\u0131na atayarak bir bak\u0131ma anla\u015fmay\u0131 sa\u011flama ald\u0131. Aradan ge\u00e7en 7 y\u0131l i\u00e7inde bu i\u00e7erik, olgularla bir bir do\u011fruland\u0131.<\/p>\n<p><b>Madde 1- <\/b>T\u00fcrk askeri Irak&#8217;\u0131n kuzeyinden \u00e7ekilecek, s\u0131n\u0131r harek\u00e2tlar\u0131na son verilecek ve PKK&#8217;ya askeri harek\u00e2t i\u00e7in ABD&#8217;den izin al\u0131nacakt\u0131r.<\/p>\n<p><b>\u0130craat: T\u00fcrk askeri 2003\u2019den sonra b\u00f6lgeden \u00e7ekildi, s\u0131n\u0131r \u00f6tesi harek\u00e2tlara son verildi. \u015eimdi ABD\u2019den izin al\u0131n\u0131yor.<\/b><\/p>\n<p><b>Madde 2- <\/b>T\u00fcrk Silahl\u0131 Kuvvetleri, PKK\/KADEK&#8217;e kar\u015f\u0131 ABD askeri makamlar\u0131na bilgi vermeden ve izin almadan harek\u00e2t yapacak olursa ABD h\u00fck\u00fcmeti, \u201cK\u00fcrt halk\u0131na kar\u015f\u0131 \u015fiddet kullan\u0131ld\u0131\u011f\u0131 ve soyk\u0131r\u0131m uyguland\u0131\u011f\u0131\u201d \u00e7er\u00e7evesi i\u00e7inde uyar\u0131da bulunma hakk\u0131n\u0131 kullanabilecektir. Bu durumda ABD, gerekli g\u00f6rd\u00fc\u011f\u00fc ambargo ve silahl\u0131 m\u00fcdahale gibi siyasal ve asker\u00ee yapt\u0131r\u0131mlar\u0131 sakl\u0131 tutacakt\u0131r.<\/p>\n<p><b>\u0130craat: ABD ile istihbarat al\u0131\u015fveri\u015fi yap\u0131l\u0131yor. TSK komutanlar\u0131 \u015fiddet ve soyk\u0131r\u0131m su\u00e7lamas\u0131yla hapislere at\u0131l\u0131yor.<\/b><\/p>\n<p><b>Madde 3- <\/b>T\u00fcrkiye, ABD&#8217;nin \u0130ran&#8217;a ve di\u011fer Ortado\u011fu \u00fclkelerine kar\u015f\u0131 uygulayaca\u011f\u0131 s\u0131n\u0131rl\u0131 asker\u00ee harek\u00e2tlara, ABD&#8217;nin talep etmesi halinde \u015farts\u0131z olarak \u00fcs ve ta\u015f\u0131ma kolayl\u0131klar\u0131 sa\u011flayacak, askeri birlik verecektir.<\/p>\n<p><b>\u0130craat: Abdullah G\u00fcl \u0130ran\u2019a kar\u015f\u0131 ABD ile birlikte hareket ettiklerini defalarca belirtmi\u015f bulunuyor.<\/b><\/p>\n<p><b>Madde 4- <\/b>T\u00fcrk Ordu&#8217;sunun asker say\u0131s\u0131 ve silah kuvveti, ABD&#8217;nin uygun buldu\u011fu say\u0131 ve kabiliyete indirilecektir.<\/p>\n<p><b>\u0130craat: Bu konu AKP iktidar\u0131 taraf\u0131ndan s\u00fcrekli g\u00fcndeme getiriliyor. \u201c\u00d6zel ordu, paral\u0131 askerlik\u201d TBMM\u2019ye tasar\u0131 olarak sunulmaya haz\u0131rlan\u0131yor.<\/b><\/p>\n<p><b>Madde 5- <\/b>Irak&#8217;\u0131n kuzeyinde kurulmu\u015f olan &#8220;K\u00fcrdistan&#8221;, resmen ilan edildikten sonra, T\u00fcrkiye taraf\u0131ndan da resmen tan\u0131nacakt\u0131r. T\u00fcrk devletinin bu olu\u015fumu &#8220;sava\u015f nedeni&#8221; sayan. Mill\u00ee G\u00fcvenlik Siyaset Belgesi ve bu y\u00f6ndeki politika ve kararlar\u0131 kald\u0131r\u0131lacakt\u0131r,<\/p>\n<p><b>\u0130craat: AKP, Barzani devletini \u00f6nce fiilen sonra resmen tan\u0131m\u0131\u015f gibi davran\u0131yor. Son olarak Ahmet Davuto\u011flu, resmi yaz\u0131da \u201cK\u00fcrdistan\u201d ifadesi kullan\u0131yor.<\/b><\/p>\n<p><b>Madde 8- <\/b>PKK\/KADEK elemanlar\u0131na geni\u015f kapsaml\u0131 af \u00e7\u0131kar\u0131lacakt\u0131r.<\/p>\n<p><b>\u0130craat: Habur\u2019da \u00f6zel \u00e7ad\u0131r mahkemeleri kuruldu. Af giri\u015fimi g\u00fcndemde, PKK Meclis\u2019e sokuldu ve yasalla\u015ft\u0131rma s\u00fcreci devam ediyor.<\/b><\/p>\n<p><b>Madde 7: <\/b>G\u00fcneydo\u011fu belediyelerine \u00f6zerklik verilecek ve federasyona ge\u00e7ilecektir.<\/p>\n<p><b>\u0130craat: G\u00fcneydo\u011fu belediyeleri fiilen \u00f6zerkle\u015ftirildi. Federasyon plan\u0131 uygulan\u0131yor, AKP\u2019nin anayasa giri\u015fimi buna haz\u0131rl\u0131k amac\u0131 g\u00fcd\u00fcyor.<\/b><\/p>\n<p><b>Madde 8:<\/b> K\u0131br\u0131s&#8217;ta Denkta\u015f devre d\u0131\u015f\u0131 b\u0131rak\u0131lacak, Annan Plan\u0131 k\u00fc\u00e7\u00fck de\u011fi\u015fikliklerle uygulanacak ve Ege&#8217;de Yunanistan&#8217;\u0131n taleplerine esnek tav\u0131r al\u0131nacakt\u0131r.<\/p>\n<p><b>\u0130craat: Denkta\u015f KKTC Cumhurba\u015fkanl\u0131\u011f\u0131ndan uzakla\u015ft\u0131r\u0131ld\u0131. Annan Plan\u0131na destek \u00e7\u0131kt\u0131 ve KKTC \u201cdevlet mevlet\u201d s\u0131fatlar\u0131yla yok say\u0131ld\u0131. Tayip Erdo\u011fan, \u201cEge\u2019deki sorunlar\u0131 \u00e7\u00f6zelim\u201d diyerek Yunanistan ba\u015fbakan\u0131na mektup yazd\u0131.<\/b><\/p>\n<p><b>Madde 9:<\/b> Ermenistan&#8217;a y\u00f6nelik, k\u0131s\u0131tlamalar kald\u0131r\u0131lacak, T\u00fcrkiye&#8217;nin Ermenistan ile ili\u015fkileri normalle\u015ftirilecektir.<\/p>\n<p><b>\u0130craat: Ermenistan ile s\u0131n\u0131r kap\u0131s\u0131n\u0131n a\u00e7\u0131lmas\u0131 ve ortak tarih komisyonu gibi maddeler i\u00e7eren protokoller imzalanmas\u0131 bunun altyap\u0131n\u0131 olu\u015fturuyor.\u201d<a href=\"#_ftn1\" name=\"_ftnref1\"><b>[1]<\/b><\/a><\/b><\/p>\n<p><b>Be\u015f y\u0131l \u00f6nce Hz. Peygamber Efendimize ve \u0130slamiyet\u2019e hakaret eden karikat\u00fcrlerin sahibi k\u00fcstah Yahudiye Almanya hem de ba\u015fbakan\u0131 eliyle resmen \u00f6d\u00fcl veriyor.<\/b><\/p>\n<p><b>Amerika\u2019da 11 Eyl\u00fcl bahanesiyle ve \u0130slam\u2019\u0131 \u015feytan g\u00f6steren kiliselerin \u00f6nc\u00fcl\u00fc\u011f\u00fcnde Kur\u2019an-\u0131 Kerimler yak\u0131l\u0131yor. M\u00fcsl\u00fcmanlar\u0131n kutsallar\u0131 ve onurlar\u0131 ayaklar alt\u0131na al\u0131n\u0131p horlan\u0131yor ve belki de yeni i\u015fgal ve sald\u0131r\u0131lara gerek\u00e7e haz\u0131rlans\u0131n diye m\u00fc\u2019minler k\u0131\u015fk\u0131rt\u0131l\u0131yor. <\/b><\/p>\n<p><b>Ve Sn. Recep T. Erdo\u011fan\u2019lar hala bu Ha\u00e7l\u0131 Avrupa\u2019n\u0131n ve h\u0131n\u00e7l\u0131 Amerika\u2019n\u0131n \u015feytani projesinde e\u015fba\u015fkanl\u0131k ve k\u00e2hyal\u0131k yap\u0131yor\u2026<\/b><\/p>\n<p><b>Ve nas\u0131l \u015fuur ve sorumluluk ki m\u00fc\u2019minler hala gaflet d\u00f6\u015fe\u011finde meskenet i\u00e7inde yat\u0131yor!?&#8230;<\/b><\/p>\n<div><br clear=\"all\" \/>  <\/p>\n<hr size=\"1\" align=\"left\" width=\"33%\" \/>\n<div>\n<p><a href=\"#_ftnref1\" name=\"_ftn1\">[1]<\/a> Bu Bilgiler 22 A\u011fustos Ayd\u0131nl\u0131ktan<\/p>\n<\/p><\/div>\n<\/p><\/div>\n","protected":false},"excerpt":{"rendered":"<p align=\"center\"><b>HANEF\u0130 AVCI, FETULLAH G\u00dcLEN REKL\u00c2MCISIDIR!<\/b><\/p>\n<p align=\"center\"><b> <\/b><\/p>\n<p align=\"center\"><b>28 \u015eUBAT\u00c7ILARI, FETULLAH\u00c7ILARI, PKK\u2019YI VE ERGENEKONCULARI AYNI MERKEZ KULLANMAKTADIR!<\/b><\/p>\n<p align=\"center\"><b> <\/b><\/p>\n<p align=\"center\"><b>BOP E\u015eBA\u015eKANLI\u011eI, AMER\u0130KAN AJANLI\u011eIDIR!<\/b><\/p>\n","protected":false},"author":4,"featured_media":0,"comment_status":"open","ping_status":"closed","sticky":false,"template":"","format":"standard","meta":{"footnotes":""},"categories":[115],"tags":[],"class_list":["post-1887","post","type-post","status-publish","format-standard","hentry","category-ekim-2010"],"_links":{"self":[{"href":"https:\/\/www.millicozum.com\/mc\/wp-json\/wp\/v2\/posts\/1887","targetHints":{"allow":["GET"]}}],"collection":[{"href":"https:\/\/www.millicozum.com\/mc\/wp-json\/wp\/v2\/posts"}],"about":[{"href":"https:\/\/www.millicozum.com\/mc\/wp-json\/wp\/v2\/types\/post"}],"author":[{"embeddable":true,"href":"https:\/\/www.millicozum.com\/mc\/wp-json\/wp\/v2\/users\/4"}],"replies":[{"embeddable":true,"href":"https:\/\/www.millicozum.com\/mc\/wp-json\/wp\/v2\/comments?post=1887"}],"version-history":[{"count":0,"href":"https:\/\/www.millicozum.com\/mc\/wp-json\/wp\/v2\/posts\/1887\/revisions"}],"wp:attachment":[{"href":"https:\/\/www.millicozum.com\/mc\/wp-json\/wp\/v2\/media?parent=1887"}],"wp:term":[{"taxonomy":"category","embeddable":true,"href":"https:\/\/www.millicozum.com\/mc\/wp-json\/wp\/v2\/categories?post=1887"},{"taxonomy":"post_tag","embeddable":true,"href":"https:\/\/www.millicozum.com\/mc\/wp-json\/wp\/v2\/tags?post=1887"}],"curies":[{"name":"wp","href":"https:\/\/api.w.org\/{rel}","templated":true}]}}