{"id":1892,"date":"2010-09-21T09:03:01","date_gmt":"2010-09-21T09:03:01","guid":{"rendered":"https:\/\/www.millicozum.com\/mc\/2010\/09\/21\/referandum-cambazligina-niye-karsi-cikiyorduk\/"},"modified":"2010-09-21T09:03:01","modified_gmt":"2010-09-21T09:03:01","slug":"referandum-cambazligina-niye-karsi-cikiyorduk","status":"publish","type":"post","link":"https:\/\/www.millicozum.com\/mc\/2010\/ekim-2010\/referandum-cambazligina-niye-karsi-cikiyorduk\/","title":{"rendered":"REFERANDUM CAMBAZLI\u011eINA N\u0130YE KAR\u015eI \u00c7IKIYORDUK?"},"content":{"rendered":"<p><b>Anayasa de\u011fi\u015fiklik paketi %58 evetle kabul edilmi\u015ftir. Akl\u0131m\u0131za yatmasa ve ho\u015fumuza gitmese de, her olay bir hayra vesiledir ve i\u00e7inde nice hikmetler gizlidir.<\/b><\/p>\n<p><b>\u00d6nce halk\u0131m\u0131z, bu de\u011fi\u015fiklik paketiyle milli iradeyi k\u00fc\u00e7\u00fcmseyen vesayet\u00e7i sistemden ve halk\u0131n inanc\u0131na hakaret eden despotik laiklikten kurtulaca\u011f\u0131na inanarak \u201cevet\u201d demi\u015ftir.<\/b><\/p>\n<p><b>\u201cBu AKP\u2019liler, Erbakan\u2019\u0131n devam\u0131d\u0131r ve Milli G\u00f6r\u00fc\u015f\u00e7\u00fcler d\u00fcr\u00fcst ve dindar insanlard\u0131r\u201d kanaatiyle destek vermi\u015flerdir.<\/b><\/p>\n<p><b>Din d\u00fc\u015fmanl\u0131klar\u0131 ve halk\u0131m\u0131za barbarl\u0131klar\u0131 asla unutulmayan malum kesimlerin, yine ayn\u0131 sivri s\u00f6ylemlerle AKP\u2019nin \u015fahs\u0131nda inanc\u0131m\u0131za sald\u0131rmalar\u0131na tepki olarak \u201cevet\u201di tercih etmi\u015flerdir.<\/b><\/p>\n<p><b>Ancak, bu %58\u2019lik oy oran\u0131n\u0131n verdi\u011fi \u015f\u0131mar\u0131kl\u0131kla, AKP\u2019nin yeni K\u00fcrt a\u00e7\u0131l\u0131mlar\u0131yla T\u00fcrkiye\u2019yi par\u00e7alamaya haz\u0131rland\u0131\u011f\u0131, Milli ve \u0130slami kimli\u011fimizi yozla\u015ft\u0131rmak \u00fczere, d\u0131\u015f g\u00fc\u00e7lerce kiraland\u0131\u011f\u0131 ve \u0130ran sald\u0131r\u0131s\u0131nda Amerika ve \u0130srail\u2019in yan\u0131nda yer ald\u0131\u011f\u0131 ortaya \u00e7\u0131kt\u0131\u011f\u0131nda, bu tablo tersine d\u00f6nebilir, AKP ANAP\u2019\u0131n durumuna d\u00fc\u015febilir ve d\u00fc\u015fecektir.<\/b><\/p>\n<p><b>Bizim \u00e7ok ciddi kayg\u0131lar\u0131m\u0131z ve ger\u00e7ek\u00e7i ku\u015fkular\u0131m\u0131z hala s\u00fcrmektedir.<\/b><\/p>\n<p><b>Anayasa de\u011fi\u015fikli\u011fi neler getiriyordu?<\/b><\/p>\n<p>28 maddelik anayasa de\u011fi\u015fiklik paketi, daha \u00e7ok Anayasa Mahkemesi ile HSYK&#8217;n\u0131n yap\u0131s\u0131n\u0131 \u00f6ng\u00f6ren d\u00fczenlemelerin yan\u0131 s\u0131ra siyasi partilerin kapat\u0131lmas\u0131n\u0131 i\u00e7eren maddelerle g\u00fcndeme gelmi\u015fti. Ancak pakette, toplumsal hayata dair temel hak ve \u00f6zg\u00fcrl\u00fckleri g\u00fc\u00e7lendirip geni\u015fletici ve daha demokratikle\u015fici jelatinli ve \u00e7ok tehlikeli maddeler bulunuyordu.<\/p>\n<p><b>Sendikal haklar ve memura s\u00f6zle\u015fme hakk\u0131 neyi ama\u00e7l\u0131yordu?<\/b><\/p>\n<p>D\u00fczenleme ile daha \u00f6nce sadece bir sendikaya \u00fcye olabilen i\u015f\u00e7iler bundan b\u00f6yle birden fazla sendikaya \u00fcye olabilecekti. Bu durum, sendikalar aras\u0131ndaki rekabeti art\u0131r\u0131rken, s\u00f6zde i\u015f\u00e7iden yana avantajlar getirecekti. B\u00fct\u00fcn fabrikalar ve i\u015f sahalar\u0131 kapat\u0131l\u0131rken, milyonlarca insan\u0131m\u0131z i\u015fsiz ve \u00fcmitsiz dola\u015f\u0131rken \u00e7ok s\u0131n\u0131rl\u0131 say\u0131daki sendikal\u0131 ve sigortal\u0131 i\u015f\u00e7ilere yeni haklar getirilmesi neyi halledecekti? Yine memurlara ilk kez toplu s\u00f6zle\u015fme hakk\u0131 tan\u0131n\u0131rken, bu imk\u00e2ndan emekli memurlar\u0131n da yararlanaca\u011f\u0131 s\u00f6ylenmekteydi. Maddeyle, grev ve lokavt hakk\u0131na getirilen s\u0131n\u0131rlamalar y\u00fcr\u00fcrl\u00fckten kald\u0131r\u0131l\u0131yor, b\u00f6ylece, sendikal haklar ile grev ve lokavt hakk\u0131n\u0131n kullan\u0131labilmesi bak\u0131m\u0131ndan, g\u00fcya ileri bir ad\u0131m at\u0131lm\u0131\u015f oluyordu. Memurlar ve di\u011fer kamu g\u00f6revlilerine verilen uyarma ve k\u0131nama cezalar\u0131n\u0131n da yarg\u0131 denetimine a\u00e7\u0131lmas\u0131 \u00f6ng\u00f6r\u00fcl\u00fcyordu. <b>Sanki T\u00fcrkiye yeni bir kaos ve karga\u015fa s\u00fcrecine haz\u0131rlan\u0131yordu.<\/b><\/p>\n<p><b>Anayasa Mahkemesi bireysel ba\u015fvurulara a\u00e7\u0131l\u0131yordu.<\/b><\/p>\n<p>En \u00f6nemli de\u011fi\u015fikliklerden biri de Anayasa Mahkemesi&#8217;ne ilk kez bireysel ba\u015fvuru hakk\u0131 getirilmesiydi. Daha \u00f6nce ancak Strazburg&#8217;daki Avrupa \u0130nsan Haklar\u0131 Mahkemesi (A\u0130HM)&#8217;nin yolunu tutan vatanda\u015flar\u0131n, bundan sonra anayasal hak ve \u00f6zg\u00fcrl\u00fcklerinin ihlal edildi\u011fini d\u00fc\u015f\u00fcnmesi halinde Anayasa Mahkemesi&#8217;ne ba\u015fvurabilece\u011fi s\u00f6ylendi. Bu kapsamda yap\u0131lan \u00f6nemli de\u011fi\u015fikliklerden biri de Bat\u0131l\u0131 \u00fclkelerde &#8216;ombudsmanl\u0131k&#8217; olarak bilinen kamu denet\u00e7ili\u011fi uygulamas\u0131yla birlikte vatanda\u015flar\u0131n, devlete kar\u015f\u0131 \u015fik\u00e2yetlerde mahkemeye gitmeden ya\u015fanan ihtilaflar\u0131n \u00e7\u00f6z\u00fclebilece\u011fi belirtiliyordu. B\u00f6ylece, herhalde rantiyecilere, ihale hilecilerine, b\u00f6l\u00fcc\u00fclere mahkemeden kurtulma imk\u00e2n\u0131 getiriliyordu. Bu arada, bireylerin yurt d\u0131\u015f\u0131na \u00e7\u0131kmalar\u0131n\u0131n s\u0131n\u0131rland\u0131r\u0131lmas\u0131na ili\u015fkin h\u00fck\u00fcmleri de kald\u0131r\u0131l\u0131yor, daha \u00f6nce g\u00fcvenlik g\u00fc\u00e7lerinin talebiyle yurtd\u0131\u015f\u0131na \u00e7\u0131kmalar\u0131 engellenebilen vatanda\u015flar, bundan b\u00f6yle ancak mahkeme karar\u0131yla s\u0131n\u0131rlanabiliyordu. <b>Yani h\u0131rs\u0131zlara, ars\u0131zlara ve hainlere ka\u00e7\u0131\u015f yolu kolayla\u015f\u0131yordu.<\/b><\/p>\n<p><b>Kurumlar AB\u2019nin kontrol\u00fcne al\u0131n\u0131yordu<\/b><\/p>\n<p>Anayasan\u0131n 125. maddesinde de\u011fi\u015fiklik yap\u0131larak, Y\u00fcksek Askeri \u015eura (YA\u015e)&#8217;n\u0131n terfi i\u015flemleri ile kadrosuzluk nedeniyle emekliye ay\u0131rma hari\u00e7, her t\u00fcrl\u00fc ili\u015fik kesme kararlar\u0131na kar\u015f\u0131 yarg\u0131 yolu a\u00e7\u0131l\u0131yordu. Yine askeri yarg\u0131y\u0131 ve g\u00f6rev alanlar\u0131n\u0131 d\u00fczenleyen Anayasa&#8217;n\u0131n 145. maddesinde de\u011fi\u015fiklik yap\u0131l\u0131p; \u201caskeri yarg\u0131\u201d, asker ki\u015filerin, sadece askerlik hizmet ve g\u00f6revleriyle ilgili olarak i\u015fledikleri askeri su\u00e7lara ait davalara bakabilecek\u201d deniyordu. Devletin g\u00fcvenli\u011fine, anayasal d\u00fczene ve bu d\u00fczenin i\u015fleyi\u015fine kar\u015f\u0131 su\u00e7lara ait davalara art\u0131k adliye mahkemelerinde bak\u0131lacakt\u0131. Sava\u015f hali haricinde, asker olmayan ki\u015filer askeri mahkemelerde yarg\u0131lanamayacakt\u0131. Meclis ba\u015fkan\u0131, Genelkurmay Ba\u015fkan\u0131, Kuvvet Komutanlar\u0131 ve Jandarma Genel Komutan\u0131na, g\u00f6revleriyle ilgili su\u00e7lardan dolay\u0131 Y\u00fcce Divan yolu a\u00e7\u0131lmaktayd\u0131. <b>B\u00f6ylece TSK dahil \u00f6nemli ve stratejik kurumlar\u0131m\u0131z dolayl\u0131 olarak AB ve ABD kontrol\u00fcne sokuluyordu.<\/b><\/p>\n<p><b>ABD B\u00fcy\u00fckel\u00e7isi James Jeffrey H\u00fcrriyet gazetesinden Sedat Ergin\u2019e yapt\u0131\u011f\u0131 a\u00e7\u0131klamalarla AKP\u2019nin referandumuna destek vermi\u015fti. Bu a\u00e7\u0131klamalar\u0131ndan sonra Atlantik \u00fclkelerinin AKP h\u00fck\u00fcmeti ve referandumla ilgili tav\u0131rlar\u0131 netle\u015fmi\u015fti. Ho\u015f ABD yetkilileri neredeyse 1 ayd\u0131r AKP\u2019yi ve anayasa de\u011fi\u015fikliklerini desteklediklerini beyan etmekteydi. \u201cAnayasa de\u011fi\u015fikliklerinin \u015furas\u0131 buras\u0131 eksikmi\u015f, ama desteklenmesi gerekirmi\u015f\u201d s\u00f6zleri bu deste\u011fin bahanesiydi. Referanduma \u201cevet\u201d demenin AKP iktidar\u0131n\u0131 desteklemek anlam\u0131na geldi\u011fini bug\u00fcn \u00e7ocuk bile bilmekteydi. Daha do\u011frusu, s\u00f6zde anayasa de\u011fi\u015fikli\u011finin, AKP iktidar\u0131n\u0131 yenileyerek s\u00fcrd\u00fcrmek amac\u0131yla g\u00fcndeme getirildi\u011fi kesindi.<\/b><\/p>\n<p><b>ABD ve \u0130ngiltere\u2019nin B\u00fcy\u00fckel\u00e7iliklerinde g\u00f6revli Hukuk dan\u0131\u015fmanlar\u0131 Adalet Bakanl\u0131\u011f\u0131nda ne ar\u0131yordu?<\/b><\/p>\n<p>Tarih 14 Temmuz \u00c7ar\u015famba. Adalet Bakanl\u0131\u011f\u0131n\u0131n, Ankara\u2019da Konya Yolu \u00fczerindeki Gazi Ek Binas\u0131n\u0131n bah\u00e7esinde bir hareketlilik g\u00f6ze \u00e7arp\u0131yordu.<\/p>\n<p>Yabanc\u0131 ki\u015fileri ta\u015f\u0131yan bir minib\u00fcs 12:20\u2019de nizamiyeden giriyor, do\u011frudan Tefti\u015f Kurulu Ba\u015fkanl\u0131\u011f\u0131\u2019na \u00e7\u0131k\u0131l\u0131yor, onlar\u0131 Tefti\u015f Kurulu Ba\u015fkan\u0131 Ahmet Can kar\u015f\u0131l\u0131yordu.<\/p>\n<p>Tefti\u015f Kurulu \u015eube M\u00fcd\u00fcr\u00fc Mesut G\u00fcng\u00f6r, ABD ve \u0130ngiltere B\u00fcy\u00fckel\u00e7iliklerinde g\u00f6revlilerin birlikte y\u00fcr\u00fct\u00fclen bir proje nedeniyle Kurula geldiklerini a\u00e7\u0131kl\u0131yordu. Projenin ad\u0131: &#8220;Hakim, Cumhuriyet Savc\u0131s\u0131 ve Adalet Personelinin Performanslar\u0131n\u0131n \u00d6l\u00e7\u00fcm\u00fcnde Yeni Kriterlerin Tespiti.&#8221; Proje kapsam\u0131nda ABD ve \u0130ngiltere b\u00fcy\u00fckel\u00e7iliklerinde g\u00f6revli hukuk\u00e7ular\u0131n kat\u0131l\u0131m\u0131yla bir toplant\u0131 yap\u0131l\u0131yordu. Toplant\u0131ya Ahmet Can, baz\u0131 Bakanl\u0131k b\u00fcrokratlar\u0131n\u0131n yan\u0131 s\u0131ra sekiz Amerikal\u0131 ve \u0130ngiliz g\u00f6revli kat\u0131l\u0131yordu. Projede ABD Adalet Bakanl\u0131\u011f\u0131 Hukuk Dan\u0131\u015fman\u0131 Mike Lang da yer al\u0131yordu. <b>Yani T\u00fcrk yarg\u0131 sistemindeki disiplin ve terfi i\u015flemleri art\u0131k ABD ve \u0130ngiltere\u2019ye g\u00f6re \u015fekilleniyor, daha do\u011frusu onlar\u0131n kontrol\u00fcne ge\u00e7iyordu!<\/b><\/p>\n<div>\n<p><b>Bu anayasa de\u011fi\u015fiklik paketine niye ku\u015fkuyla bak\u0131yorduk?<\/b><\/p>\n<p><b>1-<\/b> Demokratikle\u015fme k\u0131l\u0131f\u0131 ad\u0131 alt\u0131nda Federatif K\u00fcrdistan\u2019a ve PKK-BDP\u2019nin \u00f6zerklik ilan\u0131na hukuki ve resmi dayanak haz\u0131rlayan ve T\u00fcrkiye\u2019nin b\u00f6l\u00fcnmesine kolayl\u0131k sa\u011flayan, \u00e7ok sinsi ve tehlikeli maddeler i\u00e7erdi\u011fi i\u00e7in AKP\u2019nin bu anayasa de\u011fi\u015fiklik paketinden bir hay\u0131r beklemiyorduk.<\/p>\n<p>S\u0131kl\u0131kla b\u00f6lgede bulundu\u011fumuz; Elaz\u0131\u011f, Bing\u00f6l, Tunceli, Mu\u015f, Diyarbak\u0131r ve Van gibi illerimizle irtibat halinde oldu\u011fumuz i\u00e7in yakinen biliyorduk.<\/p>\n<p>Sivil ve siyasi PKK olan BDP g\u00f6r\u00fcn\u00fc\u015fte referandumda \u201cHay\u0131r\u201d diyecekmi\u015f gibi rol tak\u0131nsa ve AKP\u2019nin i\u015fini kolayla\u015ft\u0131rmaya \u00e7al\u0131\u015fsa da i\u00e7ten i\u00e7e y\u00f6re halk\u0131n\u0131n \u201cEVET\u201d demesi i\u00e7in yo\u011fun bir gayret i\u00e7inde oldu\u011funu g\u00f6r\u00fcyorduk.<\/p>\n<p>Zaten Diyarbak\u0131r Belediye Ba\u015fkan\u0131 Osman Baydemir\u2019in Tunceli\u2019de:<\/p>\n<p><b> 1-<\/b> \u00d6zerk (Demokratik Federatif) K\u00fcrdistan istemesi<\/p>\n<p><b>2-<\/b> Ba\u011f\u0131ms\u0131z K\u00fcrdistan parlamentosundan bahsetmesi<\/p>\n<p><b>3-<\/b> PKK renkleri olan, sar\u0131, k\u0131rm\u0131z\u0131 ve ye\u015fil boyal\u0131 K\u00fcrdistan bayra\u011f\u0131n\u0131 dillendirmesinin<\/p>\n<p>Referandum sonras\u0131 \u015feytani heves ve hedeflerin habercisi olmas\u0131ndan endi\u015fe ediyorduk. Zaten PKK e\u015fk\u0131ya ba\u015flar\u0131ndan Murat Karay\u0131lan\u2019\u0131n \u201cate\u015fkes hususunda iktidarla \u00d6calan anla\u015ft\u0131\u201d itiraflar\u0131 da kayg\u0131lar\u0131m\u0131z\u0131 hakl\u0131 \u00e7\u0131kar\u0131yordu.<\/p>\n<p><b>2-<\/b> \u201cT\u00fcrkiye vatanda\u015fl\u0131\u011f\u0131\u201d gibi, d\u00fcnyan\u0131n ba\u015fka hi\u00e7bir \u00fclkesinde bulunmayan; Millet mayam\u0131z\u0131 par\u00e7alay\u0131c\u0131 ve devlet kimyam\u0131z\u0131 ayr\u0131\u015ft\u0131r\u0131c\u0131 h\u00fck\u00fcm ve ifadelerle, milli birlik ve dirli\u011fimiz dinamitlendi\u011fi i\u00e7in Referanduma ku\u015fkuyla bak\u0131yorduk. BDP Milletvekili Hasip Kaplan\u2019\u0131n: \u201cT\u00fcrkler K\u00fcrtler karde\u015ftir; Bizi b\u00f6len kalle\u015ftir\u201d slogan\u0131ndan g\u0131c\u0131k almas\u0131 acaba neyin g\u00f6stergesiydi?<\/p>\n<p>BDP E\u015f Ba\u015fkan\u0131 Selahattin Demirta\u015f\u2019\u0131n: \u201c\u00d6zerklik bizim temel stratejimiz ve hedefimizdir. AKP de bunu \u00e7ok iyi bilmekte, ama bilmezlikten gelmektedir. \u00c7\u00fcnk\u00fc; \u201cT\u00fcrkiye\u2019nin \u00f6zerk b\u00f6lgelere ayr\u0131lmas\u0131n\u0131 \u00f6ng\u00f6ren AB uyum yasalar\u0131n\u0131 imzalad\u0131klar\u0131 belgelerle sabittir\u201d s\u00f6zleri ise, bu referandumun \u00fclkemizi hangi badirelere s\u00fcr\u00fckleyece\u011finin i\u015faretiydi. Bu arada PKK\u2019n\u0131n G\u00fcneydo\u011fudaki imam ve muhtarlara \u201cart\u0131k bizden talimat alacaks\u0131n\u0131z\u201d bask\u0131lar\u0131 da, AKP zihniyetinin PKK\u2019y\u0131 nas\u0131l \u015f\u0131martt\u0131\u011f\u0131n\u0131n bir alametiydi.<\/p>\n<p><b>3-<\/b> T\u00fcrkiye\u2019mizi Ha\u00e7l\u0131 AB\u2019nin bir eyaleti ve B\u00fcy\u00fck \u0130srail\u2019in (BOP) bir vilayeti yapma yolundaki t\u00fcm anayasal engellerin ortadan kald\u0131r\u0131ld\u0131\u011f\u0131 ve egemenlimizin Br\u00fcksel\u2019e devri ama\u00e7land\u0131\u011f\u0131 i\u00e7in, bu talimatla yap\u0131lm\u0131\u015f d\u00fczenlemelere g\u00fcvenmiyorduk.<\/p>\n<p><b>4-<\/b> Varl\u0131\u011f\u0131m\u0131z\u0131n, ba\u011f\u0131ms\u0131zl\u0131k ve bekam\u0131z\u0131n garantisi olan TSK\u2019n\u0131n, art\u0131k tamamen etkisiz, yetkisiz ve tepkisiz konuma sokulmas\u0131; Milletimizin kendi askerine g\u00fcven ve sayg\u0131nl\u0131k duygusunun y\u0131prat\u0131l\u0131p y\u0131k\u0131lmas\u0131; Ordumuzun itimat ve itibar\u0131n\u0131n sars\u0131lmas\u0131 do\u011frultusunda ad\u0131mlar at\u0131ld\u0131\u011f\u0131 ve bunlar Ha\u00e7l\u0131 ve Siyonist mihraklar ve yerli m\u00fcnaf\u0131klarca ve al\u00e7ak\u00e7a alk\u0131\u015fland\u0131\u011f\u0131 i\u00e7in bu \u201cana-tasa\u201d paketine \u015f\u00fcpheyle bak\u0131yorduk.<\/p>\n<p>Sadece \u201cGeneralleri hesaba \u00e7ekti\u011fi ve askeri hizaya getirdi\u011fi\u201d gerek\u00e7esiyle, bu referandumda AKP\u2019ye \u201cEvet\u201d diyeceklerin b\u00fcy\u00fck bir yek\u00fbn te\u015fkil etti\u011fi dikkate al\u0131n\u0131rsa; Bu aziz milletin Dini ve ahlaki de\u011ferlerine hor bakan, hatta irtica bahanesiyle bunlara sava\u015f a\u00e7an r\u00fctbelilerin de, art\u0131k kendine gelmesi, ger\u00e7ekleri g\u00f6rmesi ve din istismarc\u0131lar\u0131na f\u0131rsat vermemesi gerekti\u011fini de hat\u0131rlatmak istiyorduk.<\/p>\n<p><b>5-<\/b> Gariban vatanda\u015flar\u0131m\u0131z\u0131n ve \u00f6zellikle ma\u011fdur ve mazlumlar\u0131n her t\u00fcrl\u00fc haklar\u0131n\u0131n sa\u011flan\u0131p korunmas\u0131 i\u00e7in de\u011fil; AKP kendi korkular\u0131n\u0131 bast\u0131rmak, kendi koltuklar\u0131n\u0131 korumak, i\u015fledikleri a\u011f\u0131r su\u00e7lar\u0131n sorumlulu\u011fundan kurtulmak ve hesap vermekten ka\u00e7mak \u00fczere baz\u0131 d\u00fczenlemeler yapt\u0131\u011f\u0131, ama halk\u0131m\u0131z\u0131 istismar edip aldatmaya, avutup oyalamaya \u00e7al\u0131\u015ft\u0131\u011f\u0131n\u0131 sezdi\u011fimiz i\u00e7in kar\u015f\u0131 \u00e7\u0131k\u0131yorduk.<\/p>\n<p>Ger\u00e7ekten yarg\u0131 ba\u011f\u0131ms\u0131zl\u0131\u011f\u0131 ve adaletin sa\u011flanmas\u0131 i\u00e7in de\u011fil, din d\u00fc\u015fmanl\u0131\u011f\u0131na k\u0131l\u0131f yap\u0131lan laiklik anlay\u0131\u015f\u0131n\u0131n ve despotik kafalar\u0131n tasfiye edilip, yerine AB a\u015f\u0131\u011f\u0131 ve ABD u\u015fa\u011f\u0131 demokratik dinci tak\u0131m\u0131n\u0131n getirilmesinin, yani yarg\u0131 sisteminde atlar\u0131n de\u011fi\u015ftirilmesi ve toplumun havas\u0131n\u0131n indirilmesinin ama\u00e7land\u0131\u011f\u0131n\u0131 fark ediyorduk.<\/p>\n<p><b>6-<\/b> <b>a)<\/b> AKP, 12 Eyl\u00fcl\u2019le hesapla\u015fmak hamaseti yapt\u0131\u011f\u0131 halde, b\u00fct\u00fcn darbelere gerek\u00e7e yap\u0131lan, TSK \u0130\u00e7 Hizmet Kanunuyla ilgili 35. maddeye hi\u00e7 de\u011finilmedi\u011fi i\u00e7in<\/p>\n<p><b> b)<\/b> Zamana\u015f\u0131m\u0131 nedeniyle zaten yarg\u0131lanamayacaklar\u0131 bilindi\u011fi, ama as\u0131l 28 \u015eubat darbecilerinin sorgulanmas\u0131 gerekti\u011fi halde, nedense onlar\u0131n \u00fczerine gidilecek ciddiyet ve cesaret g\u00f6sterilmedi\u011fi i\u00e7in.<\/p>\n<p>Deniz Baykal\u2019a yap\u0131lan vefas\u0131zl\u0131k ve komplolar\u0131 kastederek, CHP Genel Ba\u015fkan\u0131 K\u0131l\u0131\u00e7taro\u011flu\u2019nu, liderine ihanet ve nank\u00f6rl\u00fckle su\u00e7layan Recep T. Erdo\u011fan\u2019\u0131n, kendilerinin Erbakan Hoca\u2019ya, Milli G\u00f6r\u00fc\u015f davas\u0131na ve y\u0131llarca s\u0131rt\u0131nda y\u00fcceldikleri camias\u0131na yapt\u0131klar\u0131n\u0131 hi\u00e7 hat\u0131rlamamas\u0131 ve y\u00fczleri k\u0131zarmadan ba\u015fkalar\u0131n\u0131 ihanetle su\u00e7lamas\u0131, bunlar\u0131n pi\u015fkinlik ayar\u0131n\u0131 sergiledi\u011fi i\u00e7in.<\/p>\n<p><b> c)<\/b> Ve daha da endi\u015fe verici olan; \u0130srail\u2019den ABD\u2019ye, yerli masonik-dinsiz \u00e7evrelerden AB\u2019ye kadar t\u00fcm d\u0131\u015f g\u00fc\u00e7lerin ve i\u015fbirlik\u00e7ilerin ortakla\u015fa h\u00fccum etmelerinden: \u201c\u00fclkemiz ve devletimiz i\u00e7in tarihi ve milli bir m\u00fcdahale yapt\u0131klar\u0131\u201d anla\u015f\u0131lan Kenan Pa\u015fa ve ekibine y\u00f6nelik bu ucuz kahramanl\u0131k g\u00f6sterilerinin ciddi ve ger\u00e7ek\u00e7i bir yan\u0131 bulunmad\u0131\u011f\u0131 i\u00e7in.<\/p>\n<p>\u00c7\u00fcnk\u00fc 12 Eyl\u00fcl 1980 \u00f6ncesi \u015fartlar\u0131 haz\u0131rlayan ve \u00fclkemizi par\u00e7alanma noktas\u0131na yakla\u015ft\u0131ran odaklar\u0131n, bug\u00fcn ba\u015fka rollerde fig\u00fcranl\u0131\u011f\u0131n\u0131 yapan AKP\u2019den Milli, haysiyetli ve cesaretli bir de\u011fi\u015fim ve giri\u015fim beklemenin safdillik oldu\u011funa inand\u0131\u011f\u0131m\u0131z i\u00e7in bu referandumun yapay ve yarars\u0131z bir g\u00fcndem olu\u015fturdu\u011funu d\u00fc\u015f\u00fcn\u00fcyorduk.<\/p>\n<p>Kenan Evren Pa\u015fa kendisine AKP\u2019nin Anayasa de\u011fi\u015fiklik paketini soran yavuz Donat\u2019a (Bak: 22 Temmuz 2010 Sabah sh: 25) <b><i>\u201cZaman\u0131 gelince ve \u015fartlar de\u011fi\u015fince bu anayasan\u0131n de\u011fi\u015fece\u011fini daha \u00f6nce s\u00f6yledik. \u00c7\u00fcnk\u00fc anayasa kutsal kitap (Allah\u2019\u0131n kelam\u0131) de\u011fil\u2026 Kur\u2019an-\u0131 Kerim mi ki, asla bozulup de\u011fi\u015fmesin&#8230;\u201d <\/i><\/b><\/p>\n<p><b><i>\u201cSars\u0131lan devlet otoritesini sa\u011flamak, \u00fclkeyi par\u00e7alanmaktan korumak, azg\u0131nla\u015fan anar\u015fi ve ter\u00f6r belas\u0131ndan kurtulmak i\u00e7in \u00f6yle bir m\u00fcdahale ka\u00e7\u0131n\u0131lmaz hale gelmi\u015fti.\u201d<\/i><\/b><\/p>\n<p>S\u00f6zlerindeki samimiyet ve seviye ile Recep Erdo\u011fan ve ekibinin \u015f\u0131mar\u0131k ve m\u00fcnaf\u0131k tavr\u0131n\u0131 k\u0131yasl\u0131yorduk!..<\/p>\n<p>Kald\u0131 ki, AKP \u00f6z\u00fcnde bir 28 \u015eubat projesi oldu\u011fu gibi 12 Eyl\u00fcl&#8217;e de asl\u0131nda sahip \u00e7\u0131kan bir parti oldu\u011funu yer yer g\u00f6stermi\u015ftir. Bunun en \u00e7arp\u0131c\u0131 foto\u011fraf\u0131 ku\u015fkusuz &#8216;devletin zirvesinin&#8217; kat\u0131l\u0131m\u0131yla u\u011furlanan \u0130hsan Do\u011framac\u0131&#8217;n\u0131n cenaze t\u00f6renidir.<\/p>\n<p>Ba\u015fbakan&#8217;\u0131n Do\u011framac\u0131&#8217;n\u0131n cenazesine kat\u0131lmas\u0131 sadece bir devlet protokol\u00fc gere\u011fi de\u011fildir. AKP&#8217;yle Do\u011framac\u0131&#8217;n\u0131n g\u00f6n\u00fcl ba\u011f\u0131 da bilinmektedir. Dikkat edin, devletin pek \u00e7ok \u00f6nemli \u00f6d\u00fcl\u00fc AKP iktidar\u0131 boyunca hep \u0130hsan Do\u011framac\u0131&#8217;ya verilmi\u015ftir. Bir ba\u015fka iddiaya g\u00f6reyse AKP, Erdo\u011fan ve G\u00fcl&#8217;\u00fcn kat\u0131l\u0131m\u0131yla Do\u011framac\u0131&#8217;n\u0131n Bilkent&#8217;teki evinde kuruluvermi\u015ftir.<\/p>\n<p>12 Eyl\u00fcl&#8217;den hesap sormaya niyetli bir iktidar\u0131n \u0130hsan Do\u011framac\u0131&#8217;y\u0131 bu kadar ba\u011fr\u0131na basmas\u0131 ilgin\u00e7tir.<\/p>\n<p>Zira Do\u011framac\u0131 12 Eyl\u00fcl&#8217;\u00fcn en az Kenan Evren kadar organik bir par\u00e7as\u0131, askeri darbenin simgelerinden birisidir.<\/p>\n<p><b>7-<\/b><b> <\/b>B\u00fct\u00fcn Milli varl\u0131klar\u0131m\u0131z, sanayi kurulu\u015flar\u0131m\u0131z, fabrikalar\u0131m\u0131z, limanlar\u0131m\u0131z ve ormanl\u0131k alanlar\u0131m\u0131z, \u00e7o\u011fu yabanc\u0131lara olmak \u00fczere sat\u0131ld\u0131\u011f\u0131,<\/p>\n<p>Ziraat ve hayvanc\u0131l\u0131\u011f\u0131m\u0131z\u0131n k\u00f6rletilip, \u00fclkemizin d\u0131\u015far\u0131dan et ve hububat ithalat\u0131na mecbur b\u0131rak\u0131ld\u0131\u011f\u0131,<\/p>\n<p>D\u0131\u015f bor\u00e7lar\u0131n, Osmanl\u0131\u2019y\u0131 iflasa s\u00fcr\u00fckleyen \u201cDuyun-u Umumiye\u201d boyutlar\u0131n\u0131 a\u015ft\u0131\u011f\u0131 ve \u00fcstelik al\u0131nan bor\u00e7lar\u0131n gelir hanesine kaydedilip, sonrada hi\u00e7 utanmadan \u201cbak\u0131n\u0131z fert ba\u015f\u0131na Milli gelir art\u0131yor\u201d diye toplum kand\u0131r\u0131ld\u0131\u011f\u0131 i\u00e7in bu anayasa de\u011fi\u015fiklik teklifini ele\u015ftiriyorduk.<\/p>\n<p>Hat\u0131rlay\u0131n\u0131z Tar\u0131m Bakanl\u0131\u011f\u0131nca yapt\u0131r\u0131lan denetimler sonucu, bebek mamas\u0131 \u00fcreten \u00fc\u00e7 firman\u0131n paketlerinde, \u00e7ocuklar i\u00e7in olduk\u00e7a tehlikeli olan a\u015f\u0131r\u0131 miktarda kur\u015fun bulunmu\u015f ve bunlar Bakanl\u0131\u011f\u0131n resmi internet sitesinde yay\u0131nlanm\u0131\u015ft\u0131. AKP iktidar\u0131 bu firmalar\u0131 a\u00e7\u0131klamak ve cezaland\u0131rmak yerine, g\u00f6revleri gere\u011fi bu sonu\u00e7lar\u0131 siteye yazan memurlara soru\u015fturma a\u00e7m\u0131\u015ft\u0131. Bize g\u00f6re b\u00f6yle bir iktidara g\u00fcvenmek ve desteklemek, Allah\u2019tan belas\u0131n\u0131 istemekle e\u015f anlaml\u0131yd\u0131.<\/p>\n<p><b>8-<\/b> AKP\u2019nin, ahlaki hayat\u0131m\u0131z\u0131n ve aile yap\u0131m\u0131z\u0131n h\u0131zla yozla\u015fmas\u0131na, milli benli\u011fimizden ve manevi de\u011ferlerimizden kopulup uzakla\u015f\u0131lmas\u0131na f\u0131rsat ve ruhsat vermesi ve dolayl\u0131 te\u015fvik etmesi, \u00fcstelik b\u00fct\u00fcn bu tahribatlar\u0131n\u0131, dindarl\u0131k k\u0131l\u0131f\u0131 alt\u0131nda y\u00fcr\u00fctmesi ve daha da beteri halk\u0131m\u0131zdaki duyarl\u0131l\u0131k gayretinin t\u00f6rp\u00fclenip, toplumun nemelaz\u0131mc\u0131 ve eyyamc\u0131 bir vurdumduymazl\u0131\u011fa iletilmesi nedeniyle referandumu yarars\u0131z ve hay\u0131rs\u0131z buluyorduk.<\/p>\n<p><b>9-<\/b> Milletimizin \u00e7a\u011fda\u015f ve \u00f6zg\u00fcn ihtiya\u00e7lar\u0131n\u0131 kar\u015f\u0131lamak, temel haklar\u0131n\u0131 ve inan\u00e7lar\u0131n\u0131 garantiye almak, ger\u00e7ek bir demokrasiye ve \u00f6rnek bir laikli\u011fe zemin haz\u0131rlamak \u00fczere:<\/p>\n<ul>\n<li>B\u00f6ylesi pansuman ve palyatif yamalarla de\u011fil, k\u00f6kl\u00fc \u00e7\u00f6z\u00fcmler \u00fcretecek bir ameliyatla,<\/li>\n<li>K\u0131smi ve ge\u00e7ici de\u011fil, kal\u0131c\u0131 ve kapsay\u0131c\u0131 bir anlay\u0131\u015fla,<\/li>\n<li>Bat\u0131 taklit\u00e7isi ve kopyac\u0131 de\u011fil, milli ve yerli bir yakla\u015f\u0131mla,<\/li>\n<li>\u00d6n yarg\u0131lar ve kayg\u0131larla de\u011fil, tamamen ilmi, insani ama\u00e7larla yeni ve adil bir anayasa yap\u0131lmas\u0131n\u0131 istedi\u011fimiz i\u00e7in bu paketin \u201ctarihi bir devrim ve de\u011fi\u015fim\u201d olarak sunulmas\u0131n\u0131 ve savunulmas\u0131n\u0131 asla kabul etmiyorduk.<\/li>\n<\/ul>\n<p><b>10-<\/b> Siyonist Yahudi Lobilerine ba\u011f\u0131ml\u0131, ABD ve \u0130srail\u2019e kiral\u0131k medya \u015f\u00f6valyeleri AKP iktidar\u0131n\u0131 ayakta tutmak \u00fczere korkun\u00e7 bir beyin y\u0131kama faaliyeti y\u00fcr\u00fct\u00fcyordu. Hatta \u00f6yle ki, \u015eamil Tayyarlar, Mustafa \u00dcnallar, hen\u00fcz Y\u00fcksek Askeri \u015eura Toplanmadan, kimlerin terfi ve emekli edileceklerinin kararlar\u0131n\u0131 bile verebiliyordu. Ama Recep T. Erdo\u011fan h\u00fck\u00fcmetinin kurus\u0131k\u0131 tehditler savurdu\u011fu \u0130srail\u2019le Mavi Marmara katliam\u0131 \u00f6ncesinden daha s\u0131k\u0131 f\u0131k\u0131 ili\u015fkiler kurdu\u011funu ise, bunlar halk\u0131m\u0131zdan \u00f6zenle gizliyordu.<\/p>\n<p><b>\u0130\u015fte Anadolu Ajans\u0131\u2019n\u0131n ge\u00e7ti\u011fi haberler:<\/b><\/p>\n<p><b>Haber No 1:<\/b><\/p>\n<p>\u201c\u0130srail donanmas\u0131n\u0131n 31 May\u0131staki Mavi Marmara gemisine bask\u0131n\u0131ndan sonra k\u0131sa s\u00fcre aksayan teknik destek hizmeti normale d\u00f6nd\u00fc. \u0130srail \u00f6nce 2 ki\u015filik heyeti, ard\u0131ndan, \u00f6nceki Heron sisteminin bak\u0131m\u0131 ve idamesi i\u00e7in gereken 4 uzman\u0131 T\u00fcrkiye\u2019ye g\u00f6nderdi. \u0130srailli uzmanlar halen T\u00fcrkiye\u2019de \u00e7al\u0131\u015fmalar\u0131n\u0131 s\u00fcrd\u00fcr\u00fcyorlar. Ayr\u0131ca Heronlar\u0131n nihai kabul \u00e7al\u0131\u015fmalar\u0131 i\u00e7in de kalabal\u0131k bir \u0130srail heyeti A\u011fustos ay\u0131n\u0131n ilk yar\u0131s\u0131nda T\u00fcrkiye\u2019de olacak.\u201d (21 Temmuz 2010)<\/p>\n<p><b>Haber No 2:<\/b><\/p>\n<p>\u0130srail, 31 May\u0131s\u2019ta Gazze yard\u0131m gemilerinden Mavi Marmara\u2019ya d\u00fczenlenen operasyon ve operasyonda 9 T\u00fcrk\u2019\u00fcn \u00f6lmesinin ard\u0131ndan, T\u00fcrkiye\u2019den y\u00fckselen tepkiler \u00fczerine, vatanda\u015flar\u0131na yapt\u0131\u011f\u0131 \u201cT\u00fcrkiye\u2019ye seyahate gitmekten ka\u00e7\u0131nmalar\u0131\u201d uyar\u0131s\u0131n\u0131 kald\u0131rd\u0131. \u0130srail Ba\u015fbakanl\u0131\u011f\u0131 b\u00fcnyesindeki Ter\u00f6rle M\u00fccadele Birimi\u2019nden yap\u0131lan a\u00e7\u0131klamada, T\u00fcrkiye\u2019de \u0130srail kar\u015f\u0131t\u0131 protestolar\u0131n g\u00f6r\u00fclmemesi ve durumun sakin olmas\u0131 nedeniyle, seyahat uyar\u0131s\u0131n\u0131n kald\u0131r\u0131ld\u0131\u011f\u0131 belirtildi. (21 Temmuz 2010)<\/p>\n<p><b>Haber No 3:<\/b><\/p>\n<p>\u201cT\u00fcrkiye\u2019nin Tel Aviv B\u00fcy\u00fckel\u00e7isi O\u011fuz \u00c7elikkol, \u0130srail\u2019e geri d\u00f6nd\u00fc.\u201d (21 Temmuz 2010)<\/p>\n<p>\u0130\u015fte b\u00fct\u00fcn bunlar \u015f\u00fcphelerimizi art\u0131r\u0131yordu.<\/p>\n<\/p><\/div>\n<p><b>Referandumdan evet \u00e7\u0131karsa, ard\u0131ndan gizli paket Meclise ta\u015f\u0131nmaya ve egemenli\u011fimiz AB&#8217;ye aktar\u0131lmaya haz\u0131rlan\u0131yordu!<\/b><\/p>\n<p><b>AKP, y\u00fcksek yarg\u0131y\u0131 ele ge\u00e7irdikten sonra T\u00fcrkiye Cumhuriyeti&#8217;nin rejimini de\u011fi\u015ftirmeyi hedefleyen Anayasa de\u011fi\u015fikli\u011finin \u00f6n\u00fcn\u00fc a\u00e7ma amac\u0131nda. Bu ama\u00e7 i\u00e7in haz\u0131rlanan paket yedekte bekletiliyor. Paketi Cemil \u00c7i\u00e7ek&#8217;in Adalet Bakan\u0131 oldu\u011fu 2005 y\u0131l\u0131 ba\u015f\u0131nda, bakanl\u0131\u011fa ba\u011fl\u0131 Avrupa Birli\u011fi Genel M\u00fcd\u00fcrl\u00fc\u011f\u00fc haz\u0131rlad\u0131. Paket, Cemil \u00c7i\u00e7ek&#8217;in de a\u00e7\u0131k\u00e7a belirtti\u011fi gibi milli egemenli\u011fin Avrupa Birli\u011fi&#8217;ne devrini i\u00e7eriyor. Egemenli\u011fin kullan\u0131m\u0131, yasama, y\u00fcr\u00fctme ve yarg\u0131n\u0131n AB&#8217;ye uyumu, AB hukukunun \u00fcst\u00fcnl\u00fc\u011f\u00fc, yabanc\u0131lar\u0131n haklar\u0131 gibi temel h\u00fck\u00fcmlerde yap\u0131lmas\u0131 d\u00fc\u015f\u00fcn\u00fclen pakette Anayasa\u2019n\u0131n 10 maddesinde de\u011fi\u015fiklik \u00f6ng\u00f6r\u00fcl\u00fcyor. Pakette yap\u0131lmas\u0131 planlanan de\u011fi\u015fiklikler \u015f\u00f6yle:<\/b><\/p>\n<p><b>AKP&#8217;nin Anayasa&#8217;n\u0131n &#8220;Egemenlik, kay\u0131ts\u0131z \u015farts\u0131z milletindir&#8221; denilen 6&#8217;nc\u0131 maddesinde, bu egemenli\u011fin nas\u0131l kullan\u0131laca\u011f\u0131na ili\u015fkin h\u00fck\u00fcm, &#8220;Egemenli\u011fin kullan\u0131lmas\u0131, AB \u00fcyeli\u011finin gerektirdi\u011fi haller d\u0131\u015f\u0131nda hi\u00e7bir surette hi\u00e7bir ki\u015fiye, z\u00fcmreye veya s\u0131n\u0131fa b\u0131rak\u0131lamaz&#8230;&#8221; \u015feklinde de\u011fi\u015ftiriliyor. Anayasa&#8217;n\u0131n &#8220;Yasama Yetkisi&#8221;ni d\u00fczenleyen 7&#8217;nci maddesinde de de\u011fi\u015fiklik \u00f6ng\u00f6r\u00fcl\u00fcyor. Mevcut madde \u015f\u00f6yle: &#8220;Yasama yetkisi T\u00fcrk Milleti ad\u0131na T\u00fcrkiye B\u00fcy\u00fck Millet Meclisi&#8217;nindir. Bu yetki devredilemez.&#8221; AKP&#8217;nin esas paketinde, &#8220;bu yetki devredilemez&#8221; h\u00fckm\u00fc \u00e7\u0131kar\u0131l\u0131p, yerine &#8220;AB \u00fcyeli\u011finin gerektirdi\u011fi haller d\u0131\u015f\u0131nda bu yetkinin kullan\u0131lmas\u0131 devredilemez&#8221; h\u00fckm\u00fc yer al\u0131yor. Anayasa&#8217;n\u0131n Mahkemelerin Ba\u011f\u0131ms\u0131zl\u0131\u011f\u0131n\u0131 d\u00fczenleyen 138&#8217;inci maddesinde yer alan &#8220;h\u00e2kimler, g\u00f6revlerinde ba\u011f\u0131ms\u0131zd\u0131rlar; Anayasaya, kanuna ve hukuka uygun olarak vicdan\u00ee kanaatlerine g\u00f6re h\u00fck\u00fcm verirler&#8221; denilen l&#8217;inci f\u0131kras\u0131na &#8220;&#8230;AB m\u00fcktesebat\u0131 dahil&#8221; h\u00fckm\u00fc getiriliyordu.<\/b><\/p>\n<p><b>A\u00e7\u0131l\u0131m diye Milli Birli\u011fimiz par\u00e7alan\u0131yordu!<\/b><\/p>\n<p><b><i>\u201cKamuoyu bu i\u015flere y\u00f6nelmi\u015fken, &#8216;TESEV&#8217;in Raporu&#8217; a\u00e7\u0131kland\u0131. Deterjan tr\u00f6st\u00fcn\u00fcn T\u00fcrkiye Temsilcisi Can Paker&#8217;in George Soros destekli kurulu\u015fu, &#8216;\u00dc\u00e7gen&#8217;in son halkas\u0131n\u0131 olu\u015fturdu. Paker&#8217;in iyi para alan 17 sa\u011flam! Hukuk\u00e7uya haz\u0131rlatt\u0131\u011f\u0131 manifesto ilgin\u00e7. T\u00fcrk s\u00f6zc\u00fc\u011f\u00fcn\u00fcn Anayasa&#8217;dan ve t\u00fcm yasalardan \u00e7\u0131kar\u0131lmas\u0131 talep ediliyor. En \u00f6nemli istekleri Emine Ayna&#8217;y\u0131 bile sollamakta. &#8216;Anayasa&#8217;n\u0131n de\u011fi\u015ftirilemez maddeleri&#8217; dahi \u00e7\u0131kar\u0131l\u0131p, \u00e7\u00f6pe g\u00f6nderilecek. Hatta ilk\u00f6\u011fretim okullar\u0131nda okunan &#8216;T\u00fcrk\u00fcm, Do\u011fruyum, \u00c7al\u0131\u015fkan\u0131m&#8217; s\u00f6ylevi m\u00fcfredattan at\u0131lacak. B\u00f6l\u00fcc\u00fclerin, eylemleri i\u00e7in e\u011fitim yeri olan Besta Dereler Mevkii&#8217;ni sular alt\u0131nda b\u0131rakacak Hasan Keyf b\u00f6lgesindeki baraj yap\u0131m\u0131ndan vazge\u00e7ilecek. &#8216;Paker ve Tak\u0131m\u0131&#8217;na sayg\u0131lar\u0131m\u0131z\u0131 sunmaya haz\u0131rlan\u0131rken, Hakk\u00e2ri\u2019den yeni \u015fehit haberleri geldi. Uzundere Beldesi Kavu\u015fak K\u00f6y\u00fc Hantepe&#8217;deki birli\u011fe sald\u0131r\u0131 ger\u00e7ekle\u015ftirilmi\u015fti. &#8216;Sakine Ana&#8217;n\u0131n gerilla&#8217;, Can Paker&#8217;in &#8216;\u00d6zg\u00fcrl\u00fck Sava\u015f\u00e7\u0131s\u0131&#8217; dedikleri yine azm\u0131\u015ft\u0131. Hem de, TSK&#8217;n\u0131n saat 11.00&#8217;de yapaca\u011f\u0131 a\u00e7\u0131klamay\u0131 bekleme gere\u011fi duymadan. \u0130nsan\u0131n akl\u0131na, &#8216;Bu bildiriden nas\u0131lsa haberleri vard\u0131&#8217; demek geliyor.<\/i><\/b><\/p>\n<p><b><i>\u0130\u015fin medya boyutunu biraz daha de\u015fmekte yarar var. Ajanslar\u0131n b\u00f6lgedeki muhabirlerinin a\u011fz\u0131ndan &#8216;B\u00f6l\u00fcc\u00fc&#8217; laf\u0131 duymuyoruz. \u00d6rg\u00fct&#8217;\u00fc kullan\u0131yorlar. \u0130stanbul&#8217;dan haber yaps\u0131n diye yollanan entel-dantellerin yerellerden fark\u0131 yok. Hatta &#8216;\u00d6l\u00fc evi a\u011flay\u0131c\u0131lar\u0131&#8217;n\u0131 hat\u0131rlat\u0131yorlar. Gazetecilerin cemiyetleri Leyla Zana&#8217;n\u0131n bas\u0131n m\u00fc\u015favirine &#8216;Y\u0131l\u0131n Gazetecisi \u00d6d\u00fcl\u00fc&#8217; veriyor. Kandil propagandalar\u0131 &#8216;En ba\u015far\u0131l\u0131 r\u00f6portaj&#8217; ilan ediliyor.<\/i><\/b><\/p>\n<p><b><i>PKK&#8217;n\u0131n may\u0131nlar\u0131 &#8216;Birilerinin karde\u015fi Berlusconi&#8217;nin \u00fclkesi \u0130talya&#8217; dahil AB \u00fclkelerinden sa\u011flan\u0131yor. Nihai teslimat &#8216;D\u0131\u015fi\u015fleri Bakan\u0131 Davuto\u011flu&#8217;nun a\u011fabeyi Mesut Barzani&#8217;den. Akademisyen, ekran yorumcusu, k\u00f6\u015fe yazar\u0131 &#8216;Vatan haini&#8217;. Kimileri hala &#8216;A\u00e7\u0131l\u0131m&#8217; diye diye T\u00fcrkiye&#8217;yi par\u00e7alamaya s\u00fcr\u00fckl\u00fcyor.<\/i><\/b><\/p>\n<p><b><i>\u00d6nce Ordu ad\u0131m ad\u0131m etkisizle\u015ftirildi. &#8216;Bu askerle mi ter\u00f6rle m\u00fccadele edilecek?&#8217; sorular\u0131n\u0131n ard\u0131 arkas\u0131 kesilmiyor. Sevr&#8217;in hortlat\u0131lmaya \u00e7al\u0131\u015f\u0131ld\u0131\u011f\u0131n\u0131 fark etmemek i\u00e7in g\u00f6rme engelli olmak yetmez. \u0130\u00e7eriden ve d\u0131\u015far\u0131dan ortak y\u00f6netilen sald\u0131r\u0131yla kar\u015f\u0131 kar\u015f\u0131yay\u0131z. Hedef \u00f6nce Federasyon, sonra unufak etmek\u201d <\/i><\/b><b>diyenler haks\u0131z m\u0131yd\u0131?<\/b><\/p>\n<p><b>T\u00fcrkiye\u2019nin par\u00e7alanmas\u0131n\u0131 Sabataistler istiyordu!\u2019<\/b><\/p>\n<p><b>\u00dcstelik koyu Kemalist ve Ergenekon Laik\u00e7isi Cumhuriyet Gazetesi de, Osman Baydemir\u2019e hak veriyor ve Ali Sirmen; K\u00fcrt sorununun \u00e7\u00f6z\u00fcm\u00fc i\u00e7in, T\u00fcrkiye\u2019nin \u00f6zerk b\u00f6lgelere ayr\u0131lmas\u0131 teklifine \u201chelal olsun!\u201d diye alk\u0131\u015f tutuyordu.<\/b><\/p>\n<p><b>Bundan gaza gelen H\u00fcrriyet\u2019in Ertu\u011frul \u00f6zk\u00f6k\u2019\u00fc ise: \u201cT\u00fcrkiye\u2019nin ayr\u0131 ayr\u0131 ba\u015fkanlar\u0131 olan federatif bir y\u00f6netime ge\u00e7mesini\u201d \u00f6nermek k\u00fcstahl\u0131\u011f\u0131na cesaret ediyordu.<\/b><\/p>\n<p><b>Yani, \u00fclkemizin b\u00f6l\u00fcnmesini ve B\u00fcy\u00fck \u0130srail\u2019in kolay yutaca\u011f\u0131 lokmalar haline getirilmesini as\u0131l isteyen Sabataist (Gizli Yahudi D\u00f6nmezi) hainlerdi; AKP ve PKK ise ta\u015feronluk yap\u0131yordu.<\/b><\/p>\n<p><b>\u201cEy Millet, art\u0131k anlay\u0131n ve uyan\u0131n! Bu \u00fclkede sabataist cuntan\u0131n ve Mason Localar\u0131n\u0131n gizli saltanat\u0131 y\u0131k\u0131lmadan, hi\u00e7bir sorun halledilemeyecek ve sonunda T\u00fcrkiye \u00e7\u00f6z\u00fclecekti..!\u201d Feryad\u0131m\u0131z i\u015fte bu endi\u015felerden kaynaklan\u0131yordu.<\/b><\/p>\n<p><b>Ancak, her \u015feye ra\u011fmen, bu \u00fclkenin sahipsiz olmad\u0131\u011f\u0131n\u0131, Allah\u2019\u0131n bu planlar\u0131, hainlerin ba\u015f\u0131na dolayaca\u011f\u0131n\u0131, Kutlu bir elin, Milletimizin aleyhine haz\u0131rlanan tuzaklar\u0131, onlar\u0131n aleyhine kullanaca\u011f\u0131n\u0131, zalimlerin pi\u015fmanl\u0131k ve peri\u015fanl\u0131k duyaca\u011f\u0131 sonu\u00e7lar\u0131, kendi elleriyle haz\u0131rlayaca\u011f\u0131n\u0131 biliyor ve Rabbimize g\u00fcveniyorduk. Bu nedenle referandumdan \u201cEvet\u201dte \u00e7\u0131ksa, \u201cHay\u0131r\u201d da \u00e7\u0131ksa, bu neticenin milli hedefler do\u011frultusunda kullan\u0131laca\u011f\u0131 geli\u015fmeleri bekliyorduk.<\/b><\/p>\n","protected":false},"excerpt":{"rendered":"<p><b>Anayasa de\u011fi\u015fiklik paketi %58 evetle kabul edilmi\u015ftir. Akl\u0131m\u0131za yatmasa ve ho\u015fumuza gitmese de, her olay bir hayra vesiledir ve i\u00e7inde nice hikmetler gizlidir.<\/b><\/p>\n<p><b>\u00d6nce halk\u0131m\u0131z, bu de\u011fi\u015fiklik paketiyle milli iradeyi k\u00fc\u00e7\u00fcmseyen vesayet\u00e7i sistemden ve halk\u0131n inanc\u0131na hakaret eden despotik laiklikten kurtulaca\u011f\u0131na inanarak \u201cevet\u201d demi\u015ftir.<\/b><\/p>\n<p><b>\u201cBu AKP\u2019liler, Erbakan\u2019\u0131n devam\u0131d\u0131r ve Milli G\u00f6r\u00fc\u015f\u00e7\u00fcler d\u00fcr\u00fcst ve dindar insanlard\u0131r\u201d kanaatiyle destek vermi\u015flerdir.<\/b><\/p>\n","protected":false},"author":12,"featured_media":0,"comment_status":"open","ping_status":"closed","sticky":false,"template":"","format":"standard","meta":{"footnotes":""},"categories":[115],"tags":[],"class_list":["post-1892","post","type-post","status-publish","format-standard","hentry","category-ekim-2010"],"_links":{"self":[{"href":"https:\/\/www.millicozum.com\/mc\/wp-json\/wp\/v2\/posts\/1892","targetHints":{"allow":["GET"]}}],"collection":[{"href":"https:\/\/www.millicozum.com\/mc\/wp-json\/wp\/v2\/posts"}],"about":[{"href":"https:\/\/www.millicozum.com\/mc\/wp-json\/wp\/v2\/types\/post"}],"author":[{"embeddable":true,"href":"https:\/\/www.millicozum.com\/mc\/wp-json\/wp\/v2\/users\/12"}],"replies":[{"embeddable":true,"href":"https:\/\/www.millicozum.com\/mc\/wp-json\/wp\/v2\/comments?post=1892"}],"version-history":[{"count":0,"href":"https:\/\/www.millicozum.com\/mc\/wp-json\/wp\/v2\/posts\/1892\/revisions"}],"wp:attachment":[{"href":"https:\/\/www.millicozum.com\/mc\/wp-json\/wp\/v2\/media?parent=1892"}],"wp:term":[{"taxonomy":"category","embeddable":true,"href":"https:\/\/www.millicozum.com\/mc\/wp-json\/wp\/v2\/categories?post=1892"},{"taxonomy":"post_tag","embeddable":true,"href":"https:\/\/www.millicozum.com\/mc\/wp-json\/wp\/v2\/tags?post=1892"}],"curies":[{"name":"wp","href":"https:\/\/api.w.org\/{rel}","templated":true}]}}