{"id":1893,"date":"2010-09-21T09:06:01","date_gmt":"2010-09-21T09:06:01","guid":{"rendered":"https:\/\/www.millicozum.com\/mc\/2010\/09\/21\/buyuk-liderlerin-tavriyla-mesaji\/"},"modified":"2010-09-21T09:06:01","modified_gmt":"2010-09-21T09:06:01","slug":"buyuk-liderlerin-tavriyla-mesaji","status":"publish","type":"post","link":"https:\/\/www.millicozum.com\/mc\/2010\/ekim-2010\/buyuk-liderlerin-tavriyla-mesaji\/","title":{"rendered":"B\u00dcY\u00dcK L\u0130DERLER\u0130N \u201cTAVRIYLA MESAJI\u201d"},"content":{"rendered":"<p style=\"text-align: justify;\"><span style=\"font-family: arial,helvetica,sans-serif; font-size: 10pt;\"><b>Hz. Peygamber SAV Efendimizin S\u00fcnneti:<\/b><\/span><\/p>\n<ul style=\"text-align: justify;\">\n<li><span style=\"font-family: arial,helvetica,sans-serif; font-size: 10pt;\"><b>O\u2019nun Kur\u2019an-\u0131 Kerim\u2019i uygulama \u00f6rnekleri<\/b><\/span><\/li>\n<li><span style=\"font-family: arial,helvetica,sans-serif; font-size: 10pt;\"><b>Hayat, \u015feriat ve ahlak sisteminin prensipleri <\/b><\/span><\/li>\n<li><span style=\"font-family: arial,helvetica,sans-serif; font-size: 10pt;\"><b>Olaylar\u0131 ve insan davran\u0131\u015flar\u0131n\u0131 yorumlama \u015fekli ve \u00f6l\u00e7\u00fcleridir.<\/b><\/span><\/li>\n<\/ul>\n<p style=\"text-align: justify;\"><span style=\"font-family: arial,helvetica,sans-serif; font-size: 10pt;\"><b>\u0130slam alimleri S\u00dcNNET\u2019in \u00fc\u00e7 temel kayna\u011f\u0131 oldu\u011funu tespit etmi\u015flerdir;<\/b><\/span><\/p>\n<p> <span style=\"font-family: arial,helvetica,sans-serif; font-size: 10pt;\">   <\/span> <\/p>\n<p style=\"text-align: justify;\"><span style=\"font-family: arial,helvetica,sans-serif; font-size: 10pt;\"><b>1- <\/b><b>KAVL\u0130 S\u00dcNNET: (Peygamberimizin b\u00fct\u00fcn s\u00f6zleri, yani hadisi \u015ferifleri) telkin ve tavsiyeleri<\/b><\/span><\/p>\n<p style=\"text-align: justify;\"><span style=\"font-family: arial,helvetica,sans-serif; font-size: 10pt;\"><b>2- <\/b><b>F\u0130\u0130L\u0130 S\u00dcNNET: Efendimizin her konudaki davran\u0131\u015f bi\u00e7imleri, tatbikat \u00f6rnekleri<\/b><\/span><\/p>\n<p style=\"text-align: justify;\"><span style=\"font-family: arial,helvetica,sans-serif; font-size: 10pt;\"><b>3- <\/b><b>TAKR\u0130R\u0130 S\u00dcNNET: Herhangi bir olay kar\u015f\u0131s\u0131nda Resul\u00fcllah\u0131n kavli ve fiili bir m\u00fcdahale de bulunmay\u0131p <\/b><\/span><\/p>\n<p style=\"text-align: justify;\"><span style=\"font-family: arial,helvetica,sans-serif; font-size: 10pt;\"><b>a) <\/b><b>Sevinmek ve memnuniyet g\u00f6stermek<\/b><\/span><\/p>\n<p style=\"text-align: justify;\"><span style=\"font-family: arial,helvetica,sans-serif; font-size: 10pt;\"><b>b)<\/b><b>Veya be\u011fenmedi\u011fini ve ho\u015flanmad\u0131\u011f\u0131n\u0131 izhar ve ima etmek \u015feklindeki, S\u00dcK\u00dbT EDEREK MESAJ VERME, Y\u00dcZ HATLARIYLA TAVRINI BEL\u0130RTME, MERAMINI VE MAKSADINI JEST VE M\u0130M\u0130KLER\u0130YLE \u0130MA ETME halidir. Yani do\u011frudan de\u011fil, dolayl\u0131 anlat\u0131m bi\u00e7imidir.<\/b><\/span><\/p>\n<div style=\"text-align: justify;\">\n<p><span style=\"font-family: arial,helvetica,sans-serif; font-size: 10pt;\"><b>ABDULLAH B\u0130N SAD B\u0130N EB\u0130 SERH OLAYI ve Hz. Peygamberimizin \u00f6zel mesaj ve metotlar\u0131<\/b><\/span><\/p>\n<p><span style=\"font-family: arial,helvetica,sans-serif; font-size: 10pt;\">Me\u015fhur ve makbul b\u00fct\u00fcn siyer kitaplar\u0131n\u0131n ittifakla naklettiklerine g\u00f6re, Resul\u00fcllah SAV efendimiz Mekke fethinde bir GENEL AF ilan etmesine ra\u011fmen;<b><\/b><\/span><\/p>\n<ul>\n<li><span style=\"font-family: arial,helvetica,sans-serif; font-size: 10pt;\">G\u00fcn\u00fcm\u00fcz\u00fcn marazl\u0131 medya yazarlar\u0131 ve yorumcular\u0131 yerindeki, o d\u00f6nemde \u0130slam\u2019\u0131 karalamak ve M\u00fcsl\u00fcmanlar\u0131n kafas\u0131n\u0131 kar\u0131\u015ft\u0131rmak i\u00e7in, Hazreti Peygamber Efendimizin \u015fahs\u0131na y\u00f6nelik \u0130FT\u0130RA ve \u00c7ARPITMA kampanyalar\u0131 y\u00fcr\u00fcten, tesirli \u015fiirler ve sihirli hik\u00e2yelerle hakaret ve h\u0131yanete y\u00f6nelen ve devrin \u015fairleri ve sanat\u00e7\u0131 ki\u015fileri bilinen <\/span><\/li>\n<li><span style=\"font-family: arial,helvetica,sans-serif; font-size: 10pt;\">Yani fitne \u00e7\u0131kartmay\u0131 ve halk\u0131 k\u0131\u015fk\u0131rtmay\u0131 meslek edinen ve bu fesat\u00e7\u0131l\u0131klar\u0131n\u0131 f\u0131rsat bulduk\u00e7a devam ettirece\u011fine kanaat getiren 10 (on) kadar erkek ve kad\u0131n\u0131n, NEREDE TUTULURSA VE HER NE HALDE BULUNURSA MUTLAKA \u00d6LD\u00dcR\u00dcLMELER\u0130N\u0130, Hz. Peygamberimiz tek tek ismini sayarak ve \u00e7ok kesin bir dil kullanarak emretmi\u015flerdir. (Bak: Son Peygamber Mevlana. \u015eibli Numani 1. C. Sh: 326)<\/span><\/li>\n<\/ul>\n<p><span style=\"font-family: arial,helvetica,sans-serif; font-size: 10pt;\">\u0130\u015fte \u00f6ld\u00fcr\u00fclmesi emredilenlerden birisi de M\u00fcsl\u00fcman olup vahiy k\u00e2tipli\u011fi \u015ferefine eri\u015fen, ama sonradan Mekke\u2019ye ka\u00e7\u0131p dininden d\u00f6nerek Peygamberimiz aleyhine \u00e7e\u015fitli iftiralar d\u00fczen ve Resul\u00fcllah\u0131 alay konusu edinen Abdullah Bin Sad ismindeki \u015fah\u0131s idi. Bu ki\u015fi Hz. Osman\u2019\u0131n s\u00fctkarde\u015fi ve akrabas\u0131 idi. Mekke fethinde Hz. Osman taraf\u0131ndan saklan\u0131p himaye edilmi\u015f ve ortal\u0131k sakinle\u015fince Peygamber Efendimizin huzuruna getirilip, \u0131srarl\u0131 ricalar sonucu ba\u011f\u0131\u015flanmas\u0131 temin edilmi\u015fti. (Bak: K\u0131sas\u0131 Enbiya. Ahmet Cevdet Pa\u015fa C.1 Sh: 211 Fethi Mekke B\u00f6l\u00fcm\u00fc)<\/span><\/p>\n<p><span style=\"font-family: arial,helvetica,sans-serif; font-size: 10pt;\">Hz. Osman\u2019\u0131n i\u00e7inde oldu\u011fu bir ekibin, bu Abdullah B. Sad\u2019\u0131 ba\u011f\u0131\u015flatmak \u00fczere Hz. Peygamberimize m\u00fcracaat edip \u015fefaat dilediklerinde, Efendimizin bu teklifi duymazl\u0131ktan gelip ba\u015f\u0131n\u0131 \u00e7evirdi\u011fi, \u0131srarl\u0131 talep ve teklifler kar\u015f\u0131s\u0131nda uzun zaman s\u00fck\u00fbt edip cevap vermedi\u011fi, ama yeni M\u00fcsl\u00fcman olmu\u015f Mekkelilerin:<\/span><\/p>\n<p><span style=\"font-family: arial,helvetica,sans-serif; font-size: 10pt;\">\u201cEn yak\u0131nlar\u0131n\u0131n b\u00f6yle bir ba\u011f\u0131\u015flama talebini reddeden bir peygambere nas\u0131l ve ne kadar g\u00fcvenebiliriz?\u201d d\u00fc\u015f\u00fcnce ve endi\u015fesine kap\u0131lma ihtimaline ve kesin emirlerine ra\u011fmen b\u00f6ylesine bir inatla ricac\u0131 olma giri\u015fimlerini do\u011furaca\u011f\u0131 k\u00f6t\u00fc geli\u015fmelere f\u0131rsat vermemek i\u00e7in, bu teklife sonunda \u201cevet\u201d demi\u015fti.<\/span><\/p>\n<p><span style=\"font-family: arial,helvetica,sans-serif; font-size: 10pt;\">Bu yan\u0131t\u0131 alan Hz Osman ve ekibinin huzurundan ayr\u0131lmas\u0131ndan sonra Hz. Peygamberimizin etraf\u0131ndaki sahabelere d\u00f6nerek:<\/span><\/p>\n<p><span style=\"font-family: arial,helvetica,sans-serif; font-size: 10pt;\">\u201c\u0130\u00e7inizden birilerinin \u00e7\u0131k\u0131p O\u2019nun (Abdullah Bin sad\u2019\u0131n) boynunu vurmas\u0131 i\u00e7in uzun bir s\u00fcre s\u00fck\u00fbt edip bekledim. Ama maalesef b\u00f6yle bir feraset ve gayreti g\u00f6rmedim\u201d buyurdu\u011fu&#8230; Bunun \u00fczerine Ensardan bir zat\u0131n kalk\u0131p:<\/span><\/p>\n<p><span style=\"font-family: arial,helvetica,sans-serif; font-size: 10pt;\">\u201cYa Resul\u00fclah, ni\u00e7in onu katletmeyi bize ima ve i\u015faret etmedin?\u201d diye sormas\u0131 \u00fczerine de:<\/span><\/p>\n<p><span style=\"font-family: arial,helvetica,sans-serif; font-size: 10pt;\">\u201cPeygamber, i\u015faretle, (adam) \u00f6ld\u00fcrtmez!\u201d deyip susturdu\u011fu rivayet edilmektedir. (Bak: Nebevi Hareket Metodu. M\u00fcnir Nurettin Gadban. Nehir yy. 2.C. Sh: 189. Tar\u0131k Aksu Terc\u00fcmesi)<\/span><\/p>\n<p><span style=\"font-family: arial,helvetica,sans-serif; font-size: 10pt;\">\u201cMuhammed\u2019e gelen vahiy bana da gelmektedir. O\u2019nun s\u00f6ylediklerini Cebrail\u2019in getirdi\u011fi do\u011fru de\u011fildir. Ben de Kuran benzeri s\u00f6zleri uydurabilirim\u201d diyerek Mekke\u2019ye ka\u00e7an ve m\u00fc\u015friklere:<\/span><\/p>\n<p><span style=\"font-family: arial,helvetica,sans-serif; font-size: 10pt;\">\u201cSizin dininiz Muhammet\u2019inkinden \u00e7ok \u00fcst\u00fcn ve g\u00fczeldir\u201d diyerek bir tak\u0131m menfaatler koparan ve Hz. Osman gibilerin \u201cmerhametten maraz do\u011far\u201d cinsinden \u015fefkat ve \u015fefaatiyle \u00f6l\u00fcmden kurtulan bu Abdullah Bin Sad hakk\u0131nda \u015fu ayeti kerime gelmi\u015ftir:<\/span><\/p>\n<p><span style=\"font-family: arial,helvetica,sans-serif; font-size: 10pt;\">\u201cAllah\u2019a kar\u015f\u0131 yalan uydurup iftira d\u00fczenden veya kendisine de vahiy geldi\u011fini iddia edenden ve \u201cAllah\u2019\u0131n indirdiklerinin bir benzerini de ben getirebilirim\u201d diyenden daha zalim kimdir?\u201d (Enam Suresi Ayet: 93) (Bak: Saadet Y\u0131llar\u0131. Ali Ak\u0131n. Milli Gazete yy. C.6. sh: 15)<\/span><\/p>\n<p><span style=\"font-family: arial,helvetica,sans-serif; font-size: 10pt;\">Hz. Osman (RA) bu \u015fahs\u0131 ba\u011f\u0131\u015flatmakla yetinmemi\u015f, kendi hilafeti d\u00f6neminde tutup M\u0131s\u0131r\u2019a vali tayin etmi\u015f ve maalesef oradaki bir tak\u0131m yanl\u0131\u015f ve yak\u0131\u015f\u0131ks\u0131z icraatlar\u0131, \u0130bni Sebe m\u00fcnaf\u0131\u011f\u0131n\u0131n fitne \u015febekesince Hz. Osman aleyhine propaganda bahanesi yap\u0131l\u0131p, Ona y\u00f6nelik isyan ve ihtilalin Sebeplerinden birisi olarak g\u00f6sterilmi\u015ftir.<\/span><\/p>\n<\/p><\/div>\n<p style=\"text-align: justify;\"><span style=\"font-family: arial,helvetica,sans-serif; font-size: 10pt;\"><b>Bu olaydan \u00e7\u0131kar\u0131lacak \u00e7ok \u00f6nemli dersler ve h\u00fck\u00fcmler:<\/b><\/span><\/p>\n<p style=\"text-align: justify;\"><span style=\"font-family: arial,helvetica,sans-serif; font-size: 10pt;\"><b>1. <\/b><b>Hz. Peygamber Efendimizin ve O\u2019nun yolundan giden ve Hakk\u0131 hakim k\u0131lmak i\u00e7in m\u00fccadele etti\u011fi i\u00e7in t\u00fcm zalim g\u00fc\u00e7lerin hedefi haline gelen dava \u00f6nderlerinin; \u201cbir olay kar\u015f\u0131s\u0131nda neler yap\u0131lmas\u0131 gerekti\u011fini anlatmak hususunda, onlar\u0131n y\u00fcz hatlar\u0131 ve bak\u0131\u015flar\u0131yla ortaya koyduklar\u0131 tav\u0131r ve tarzlar\u0131; s\u00f6ylem ve eylemlerinden \u00e7ok daha \u00f6nemli ve anlaml\u0131 hale gelmektedir.<\/b><\/span><\/p>\n<p style=\"text-align: justify;\"><span style=\"font-family: arial,helvetica,sans-serif; font-size: 10pt;\"><b>\u00c7\u00fcnk\u00fc bir tak\u0131m teknik ve sosyolojik mazeretler, taktik ve stratejik mecburiyetler nedeniyle, bazen bir konudaki s\u00f6zleri, onlar\u0131n as\u0131l niyet ve hedeflerini yans\u0131tmaktan uzak olabilir.<\/b><\/span><\/p>\n<p style=\"text-align: justify;\"><span style=\"font-family: arial,helvetica,sans-serif; font-size: 10pt;\"><b>2. <\/b><b>Bu durumda feraset ve cesaret ehli ba\u011fl\u0131lar\u0131n\u0131n, Nebinin veya Liderinin tavr\u0131ndan, tarz\u0131ndan, ses tonundan ve y\u00fcz hatlar\u0131ndan as\u0131l maksad\u0131n\u0131 sezmeye \u00e7al\u0131\u015f\u0131p gere\u011fini yapmas\u0131 beklenir.<\/b><\/span><\/p>\n<p style=\"text-align: justify;\"><span style=\"font-family: arial,helvetica,sans-serif; font-size: 10pt;\"><b>3. <\/b><b>Ancak bunlar elbette, \u00f6zel ve istisnai durumlar oldu\u011fu i\u00e7in, sad\u0131k dava erlerinin, liderlerinden ayr\u0131ca izin almalar\u0131 gerekmemektedir. \u00c7\u00fcnk\u00fc zaten resmen ve alenen emredilmesi m\u00fcnasip g\u00f6r\u00fclmedi\u011finden gizlenmekte ve zahiren aksi tav\u0131rlar sergilenmektedir.<\/b><\/span><\/p>\n<p style=\"text-align: justify;\"><span style=\"font-family: arial,helvetica,sans-serif; font-size: 10pt;\"><b>4. <\/b><b>Dava erleri, b\u00fct\u00fcn sorumlulu\u011fu kendi \u00fczerine alarak, yap\u0131lacak h\u00fccum ve hakaretlere katlanarak ve hi\u00e7bir \u015fekilde liderini i\u015fin i\u00e7ine katmayarak ve s\u0131k\u0131nt\u0131ya sokmayarak b\u00f6ylesi i\u015flere giri\u015fmelidir.<\/b><\/span><\/p>\n<p style=\"text-align: justify;\"><span style=\"font-family: arial,helvetica,sans-serif; font-size: 10pt;\"><b>\u00c7\u00fcnk\u00fc dava eri, liderine y\u00fck olmak ve onu istismar edip yararlanmak i\u00e7in de\u011fil, onun y\u00fck\u00fcn\u00fc ve y\u00fck\u00fcml\u00fcl\u00fcklerini hafifletmek ve payla\u015fmak i\u00e7in gayret g\u00f6stermektedir.<\/b><\/span><\/p>\n<p style=\"text-align: justify;\"><span style=\"font-family: arial,helvetica,sans-serif; font-size: 10pt;\"><b>5. <\/b><b>B\u00fct\u00fcn bunlar\u0131 yaparken, liderlerin genel tavr\u0131 d\u0131\u015f\u0131nda ondan \u00f6zel bir izin ve i\u015faret beklememelidir. Ve hele \u201cben bunlar\u0131 onun izni ve i\u015faretiyle yapt\u0131m\u201d gibi a\u00e7\u0131klamalara asla tenezz\u00fcl etmemelidir.<\/b><\/span><\/p>\n<p style=\"text-align: justify;\"><span style=\"font-family: arial,helvetica,sans-serif; font-size: 10pt;\"><b>6. <\/b><b>\u0130nanc\u0131m\u0131z\u0131n genel kurallar\u0131na ve te\u015fkilat\u0131m\u0131z\u0131n temel esaslar\u0131na kesinlikle uygun olmak, sadece Allah\u2019\u0131n r\u0131zas\u0131n\u0131 ve davan\u0131n hat\u0131r\u0131n\u0131 ama\u00e7lamak \u015fart\u0131yla, kendi vicdani kanaatimize ve \u015fahsi karar\u0131m\u0131za g\u00f6re yap\u0131lacak bu t\u00fcr \u00f6zel gayret ve giri\u015fimlerde, isabet edilse iki, hataya d\u00fc\u015f\u00fclse bir sevap verilece\u011fi bildirilmi\u015ftir.<\/b><\/span><\/p>\n<p style=\"text-align: justify;\"><span style=\"font-family: arial,helvetica,sans-serif; font-size: 10pt;\"><b>\u00c7\u00fcnk\u00fc bu bir nevi \u201c\u0130\u00c7T\u0130HAT\u201d gibidir. As\u0131l olan, ki\u015finin niyeti, hedefi ve tabi Kuran\u2019a, s\u00fcnnete ve \u0130slam alimlerinin ortak prensiplerine uygun davranmay\u0131 g\u00f6zetmesidir.<\/b><\/span><\/p>\n<p style=\"text-align: justify;\"><span style=\"font-family: arial,helvetica,sans-serif; font-size: 10pt;\"><b>7. <\/b><b>Bu kapsamdaki eylem ve s\u00f6ylemler, nefsi fedak\u00e2rl\u0131k ve feragati, \u015fahsi riskleri ve tehlikeleri getirdikleri, ibadet d\u00fc\u015f\u00fcncesi ve hizmet disipliniyle hareket etmeyi gerektirdi\u011fi ve t\u00fcm sonu\u00e7lar\u0131na tek ba\u015f\u0131na g\u00f6\u011f\u00fcs germeyi icap ettirdi\u011fi i\u00e7in, kesinlikle ve hi\u00e7bir \u015fekilde, imaen dahi olsa, liderini t\u00f6hmete ve minnete y\u00f6nelmemelidir.<\/b><\/span><\/p>\n<p style=\"text-align: justify;\"><span style=\"font-family: arial,helvetica,sans-serif; font-size: 10pt;\"><b><i>\u201c\u0130nsanlardan \u00f6ylesi vard\u0131r ki, Allah\u2019\u0131n r\u0131zas\u0131n\u0131 arayarak nefsini sat\u0131p (d\u00fcnyal\u0131k heves ve zevklerini; hayat\u0131n\u0131, rahat\u0131n\u0131 ve menfaatlerini, hatta \u015fan ve \u015f\u00f6hretini riske at\u0131p) kendisini Hak yoluna feda eder\u201d (Bakara: 207)<\/i><\/b><b> ayetini rehber edinmelidir.<\/b><\/span><\/p>\n<p style=\"text-align: justify;\"><span style=\"font-family: arial,helvetica,sans-serif; font-size: 10pt;\">\u0130\u015eTE M\u0130LL\u0130 \u00c7\u00d6Z\u00dcM DE, B\u0130R\u00c7OK KONUDA, BU \u00c7ER\u00c7EVEDE HAREKET GAYRET\u0130 VE H\u0130ZMET GAYES\u0130 G\u00dcTMEKTED\u0130R. N\u0130YET\u0130M\u0130Z\u0130 ALLAH B\u0130LMEKTED\u0130R, O\u2019NUN RIZASI VE DAVAMIZIN HATIRI G\u00d6ZET\u0130LMEKTED\u0130R.. SEVABIMIZ DA, SORUMLULU\u011eUMUZ DA KEND\u0130M\u0130ZE A\u0130TT\u0130R.<\/span><\/p>\n<p style=\"text-align: justify;\"><span style=\"font-family: arial,helvetica,sans-serif; font-size: 10pt;\"><b>Asr-\u0131 Saadetten \u00e7arp\u0131c\u0131 \u00f6rnekler<\/b><\/span><\/p>\n<p style=\"text-align: justify;\"><span style=\"font-family: arial,helvetica,sans-serif; font-size: 10pt;\">Zahiren M\u00fcsl\u00fcmanlar\u0131n aleyhine gibi g\u00f6r\u00fcnen ve m\u00fc\u015friklere taviz verildi\u011fi gerek\u00e7esiyle baz\u0131 sahabelerce bile itiraz edilip ele\u015ftirilen, ama orta ve uzun vadede m\u00fcminlerin lehine \u00e7ok \u00f6nemli geli\u015fmelere f\u0131rsat veren Hudeybiye anla\u015fmas\u0131n\u0131n \u015fartlar\u0131ndan birisi de <b><i>\u201cbundan b\u00f6yle M\u00fcsl\u00fcman olan Mekkelilerin Medine\u2019ye g\u00f6nderilmeyece\u011fi, bir \u015fekilde ka\u00e7\u0131p gidenlerin iade edilece\u011fi\u201d<\/i><\/b> idi.<\/span><\/p>\n<p style=\"text-align: justify;\"><span style=\"font-family: arial,helvetica,sans-serif; font-size: 10pt;\">Tam bu anla\u015fma imza edildikten hemen sonra, Mekke m\u00fc\u015friklerini temsilen anla\u015fmay\u0131 imzalayan S\u00fcheyl Bin Amr\u2019\u0131n o\u011flu Ebu Cendel, iman etti\u011fi i\u00e7in zincirlenip hapsedildi\u011fi yerden ka\u00e7\u0131p gelmi\u015fti.<\/span><\/p>\n<p style=\"text-align: justify;\"><span style=\"font-family: arial,helvetica,sans-serif; font-size: 10pt;\"><b><i>\u201cEy M\u00fcsl\u00fcmanlar, beni dinim y\u00fcz\u00fcnden bunca i\u015fkenceye u\u011fratan m\u00fc\u015friklere teslim mi edeceksiniz?\u201d<\/i><\/b>diye ba\u011f\u0131r\u0131vermi\u015fti.<\/span><\/p>\n<p style=\"text-align: justify;\"><span style=\"font-family: arial,helvetica,sans-serif; font-size: 10pt;\">Hz. Peygamberimizin ricas\u0131na ra\u011fmen, imzalanan anla\u015fma gere\u011fi, S\u00fcheyl o\u011flunu geri vermemi\u015fti. Bunun \u00fczerine Efendimiz Ebu Cendel\u2019e:<\/span><\/p>\n<p style=\"text-align: justify;\"><span style=\"font-family: arial,helvetica,sans-serif; font-size: 10pt;\"><b><i>\u201cSab\u0131rl\u0131 ol\u2026 Sana ve senin gibi tutsaklara, Allah mutlaka ve pek yak\u0131nda bir kurtulu\u015f yolu a\u00e7acakt\u0131r. \u015eimdilik yeni imzalad\u0131\u011f\u0131m\u0131z anla\u015fmaya uymak zorunday\u0131z\u201d<\/i><\/b> diye teselli etmi\u015fti. <b>Bu s\u0131rada Hz. \u00d6mer k\u0131l\u0131c\u0131n\u0131 k\u0131n\u0131ndan \u00e7\u0131karm\u0131\u015f ve elinden al\u0131p m\u00fc\u015frik babas\u0131na vurup ka\u00e7s\u0131n diye Ebu Cendel\u2019e yana\u015fm\u0131\u015f, ne yapmas\u0131 gerekti\u011fini tavr\u0131yla yans\u0131tm\u0131\u015f, Ebu Cendel ise bunu anlad\u0131\u011f\u0131 halde babas\u0131na k\u0131yamam\u0131\u015ft\u0131. <\/b>(Seyfurrahman El-M\u00fcbarek Furi; Errah\u0131k\u00fcl Ma\u011ftum 8. b\u00f6l\u00fcm)<\/span><\/p>\n<p style=\"text-align: justify;\"><span style=\"font-family: arial,helvetica,sans-serif; font-size: 10pt;\"><b>\u00c7\u00fcnk\u00fc Ebu Cendel babas\u0131n\u0131 vursayd\u0131 bu \u015fahsi ve ailevi bir olay say\u0131lacak M\u00fcsl\u00fcmanlar sorumluluktan s\u0131yr\u0131lacakt\u0131.<\/b><\/span><\/p>\n<p style=\"text-align: justify;\"><span style=\"font-family: arial,helvetica,sans-serif; font-size: 10pt;\"><b>Ama ayn\u0131 stat\u00fcde olup Mekke\u2019den Medine\u2019ye ka\u00e7an Sakifli EBU B\u0130\u015eR, anla\u015fma gere\u011fi Mekke\u2019den gelen el\u00e7ilere teslim edilmi\u015f, ancak o, yolda muhaf\u0131zlardan birisini \u00f6ld\u00fcr\u00fcp di\u011ferini yaralay\u0131p Medine\u2019ye d\u00f6nmeyi ba\u015farm\u0131\u015ft\u0131. Peygamber Efendimizi m\u00fc\u015friklerin tekrar istemeye geleceklerini bildi\u011fi i\u00e7in Ebu Bi\u015fr\u2019e:<\/b><\/span><\/p>\n<p style=\"text-align: justify;\"><span style=\"font-family: arial,helvetica,sans-serif; font-size: 10pt;\"><b>\u201cArt\u0131k Medine\u2019de bar\u0131namazs\u0131n. \u015eimdi istedi\u011fin yere gidebilirsin!\u201d buyurunca, Ebu Bi\u015fr mesaj\u0131 alm\u0131\u015f, Cidde taraflar\u0131nda, Mekke-Suriye ticaret yolunun dar ve derin bir vadisine hakim da\u011flar\u0131n ma\u011faralar\u0131nda mekan tutup, Ebu Cendel gibi 70 kadar m\u00fcmin genci de etraf\u0131na toplay\u0131p, Kurey\u015f kervanlar\u0131n\u0131 vurmaya ve m\u00fc\u015friklerin ba\u015f\u0131na bela olmaya ba\u015flam\u0131\u015ft\u0131. Bundan dolay\u0131 k\u00e2firler Peygamberimize ba\u015fvurup ilgili anla\u015fma maddesini kald\u0131rmaya mecbur kalm\u0131\u015flard\u0131.<\/b><\/span><\/p>\n<p style=\"text-align: justify;\"><span style=\"font-family: arial,helvetica,sans-serif; font-size: 10pt;\"><b>Numan Kurtulmu\u015f\u2019a kar\u015f\u0131 \u00e7\u0131kan Milli G\u00f6r\u00fc\u015f\u00e7\u00fcler, \u015fu sorular\u0131n yan\u0131tlar\u0131n\u0131 da vermelidirler!<\/b><\/span><\/p>\n<p style=\"text-align: justify;\"><span style=\"font-family: arial,helvetica,sans-serif; font-size: 10pt;\"><b><i>\u201cNuman Kurtulmu\u015f d\u00e2hil ana birimlerde g\u00f6rev alan bir\u00e7ok isim Ankara\u2019ya ve parti Genel Merkezine pek u\u011framazlar. Kimler mi? <\/i><\/b><\/span><\/p>\n<p style=\"text-align: justify;\"><span style=\"font-family: arial,helvetica,sans-serif; font-size: 10pt;\"><b><i>\u2022 Numan Kurtulmu\u015f: Genel ba\u015fkan. \u0130stanbul\u2019da ikamet ediyor. Hafta\u2019n\u0131n \u00fc\u00e7 g\u00fcn\u00fc \u0130stanbul Ticaret \u00dcniversitesi\u2019nde derslere giriyor. Bu g\u00f6revine en sad\u0131k bir \u015fekilde devam ediyor. 2009 Yerel se\u00e7imlerinin sabah\u0131nda da Genel Merkez yerine \u00e7al\u0131\u015ft\u0131\u011f\u0131 \u00fcniversitede ders ba\u015f\u0131ndayd\u0131.<\/i><\/b><\/span><\/p>\n<p style=\"text-align: justify;\"><span style=\"font-family: arial,helvetica,sans-serif; font-size: 10pt;\"><b><i>\u2022 Ahmet Demircan: Siyasi i\u015flerden Sorumlu Genel Ba\u015fkan Yard\u0131mc\u0131s\u0131. Tokat\/Erbaa\u2019da ikamet ediyor. E\u015finin eczanesinde \u00e7al\u0131\u015f\u0131yor.<\/i><\/b><\/span><\/p>\n<p style=\"text-align: justify;\"><span style=\"font-family: arial,helvetica,sans-serif; font-size: 10pt;\"><b><i>\u2022 Teoman R\u0131za G\u00fcneri: Tan\u0131tmadan Sorumlu Genel Ba\u015fkan Yard\u0131mc\u0131s\u0131. \u0130stanbul\u2019da ikamet ediyor. \u0130n\u015faat i\u015fleriyle me\u015fgul, m\u00fcteahhitlik yap\u0131yor. <\/i><\/b><\/span><\/p>\n<p style=\"text-align: justify;\"><span style=\"font-family: arial,helvetica,sans-serif; font-size: 10pt;\"><b><i>\u2022 Turhan Al\u00e7elik: Genel Sekreter. Bursa\u2019da ya\u015f\u0131yor.<\/i><\/b><\/span><\/p>\n<p style=\"text-align: justify;\"><span style=\"font-family: arial,helvetica,sans-serif; font-size: 10pt;\"><b><i>\u2022 Akif G\u00fcrdo\u011fan: Genel Muhasip. \u0130stanbul\u2019da kal\u0131yor, Ticaret yap\u0131yor.<\/i><\/b><\/span><\/p>\n<p style=\"text-align: justify;\"><span style=\"font-family: arial,helvetica,sans-serif; font-size: 10pt;\"><b><i>\u00d6zel kalem m\u00fcd\u00fcr\u00fc Salih Ka\u00e7\u0131r bile \u0130stanbul\u2019da ikamet ediyor. G\u0130K \u00fcyelerinin yar\u0131s\u0131 \u0130stanbul\u2019da bulunuyor. \u0130l sorumlular\u0131n\u0131n bir k\u0131sm\u0131 \u0130stanbul\u2019da ikamet ediyor: Abdullah Arar, Damat Ali Osman Kilit\u00e7io\u011flu, Mehmet \u00dcnal, \u00d6mer Ayd\u0131n v.s.<\/i><\/b><\/span><\/p>\n<p style=\"text-align: justify;\"><span style=\"font-family: arial,helvetica,sans-serif; font-size: 10pt;\"><b><i>Peki\u2026 Bunlar Ankara\u2019da ka\u00e7 g\u00fcn kal\u0131yorlar? Haftada bir, bilemediniz iki g\u00fcn. As\u0131l sorulmas\u0131 gereken soru \u015fu:<\/i><\/b><\/span><\/p>\n<p style=\"text-align: justify;\"><span style=\"font-family: arial,helvetica,sans-serif; font-size: 10pt;\"><b><i>Haftada bir-iki g\u00fcn i\u015f yerine u\u011frayan i\u015f sahibi i\u015finde ba\u015far\u0131l\u0131 olabilir mi? Hani bir s\u00f6z vard\u0131r, \u00e7al\u0131\u015fkan olsa ne yazar olmasa ne yazar, i\u015fe gitmedikten sonra. Haftada bir-iki g\u00fcn i\u015fe giden i\u015f\u00e7i o i\u015f yerinde kal\u0131c\u0131 olur mu? Haftada bir-iki g\u00fcn okula giden \u00f6\u011frenci s\u0131n\u0131f ge\u00e7ebilir mi?\u201d <\/i><\/b><b>\u015feklindeki tespit ve tenkitleri yerden g\u00f6\u011fe kadar hakl\u0131d\u0131r.<\/b><\/span><\/p>\n<p style=\"text-align: justify;\"><span style=\"font-family: arial,helvetica,sans-serif; font-size: 10pt;\"><b>\u015eimdi:<\/b><\/span><\/p>\n<p style=\"text-align: justify;\"><span style=\"font-family: arial,helvetica,sans-serif; font-size: 10pt;\"><b><i>\u201cErbakan ne yapt\u0131?\u201d sorusuna \u015fu cevap yeterlidir san\u0131r\u0131m: Erbakan dindar adam\u0131 muhtar bile se\u00e7tirmeyen topluma Cumhurba\u015fkan\u0131\u2019n\u0131n da dindar olmas\u0131n\u0131 talep etmeyi \u00f6\u011fretti. -Yar\u0131n elbette ki hak eden oturacakt\u0131r oraya- Her zaman onun yan\u0131nda bulunmu\u015f dava b\u00fcy\u00fcklerimiz de bizim i\u00e7in \u00e7ok k\u0131ymetlidir elbette. Onlar\u0131n hakk\u0131 asla inkar edilemez.<\/i><\/b><\/span><\/p>\n<p style=\"text-align: justify;\"><span style=\"font-family: arial,helvetica,sans-serif; font-size: 10pt;\"><b><i>Genel Ba\u015fkan tercihindeki isabetsizlik ba\u015fta olmak \u00fczere baz\u0131 konularda hata yap\u0131lm\u0131\u015f olmas\u0131 b\u00fcy\u00fcklerimizin dava samimiyetine ve ge\u00e7mi\u015fte yapm\u0131\u015f olduklar\u0131 fevkalade hizmetlere halel getirmez. Onlar bu davan\u0131n \u00f6nc\u00fcleridir ve \u00f6yle olmaya devam edeceklerdir.<\/i><\/b><\/span><\/p>\n<p style=\"text-align: justify;\"><span style=\"font-family: arial,helvetica,sans-serif; font-size: 10pt;\"><b><i>\u00d6yle inan\u0131yoruz ki; Allah\u2019\u0131n l\u00fctuf ve inayetiyle g\u00f6n\u00fcl rahatl\u0131\u011f\u0131yla arkas\u0131ndan gidebilece\u011fimiz bir ismi genel ba\u015fkan olarak \u00f6n\u00fcm\u00fcze koyacaklard\u0131r. Buradan kendilerine fikri sorulanlara(\u00f6zellikle il ve il\u00e7e ba\u015fkanlar\u0131na, gen\u00e7lik ve kad\u0131n kollar\u0131na) sesleniyorum! Karde\u015fler l\u00fctfen inanc\u0131m\u0131zda isti\u015fare nas\u0131l yap\u0131l\u0131r tekrar okuyal\u0131m.<\/i><\/b><\/span><\/p>\n<p style=\"text-align: justify;\"><span style=\"font-family: arial,helvetica,sans-serif; font-size: 10pt;\"><b><i>Ge\u00e7mi\u015fte bu kademelerde g\u00f6rev yapanlar her defas\u0131nda ayn\u0131 hatay\u0131 tekrarlad\u0131lar. Neydi tekrarlanan hata? \u0130ki tanesini s\u00f6yleyelim:<\/i><\/b><\/span><\/p>\n<p style=\"text-align: justify;\"><span style=\"font-family: arial,helvetica,sans-serif; font-size: 10pt;\"><b><i>1- \u201cHocam siz bilirsiniz\u201d kolayc\u0131l\u0131\u011f\u0131.<\/i><\/b><\/span><\/p>\n<p style=\"text-align: justify;\"><span style=\"font-family: arial,helvetica,sans-serif; font-size: 10pt;\"><b><i>Hocam \u201csizin g\u00f6r\u00fc\u015f\u00fcn\u00fcz nedir?\u201d diye isti\u015fare ediyor, bunun cevab\u0131 \u201csiz bilirsiniz\u201d olmamal\u0131.<\/i><\/b><\/span><\/p>\n<p style=\"text-align: justify;\"><span style=\"font-family: arial,helvetica,sans-serif; font-size: 10pt;\"><b><i>2- Problemli muhtemel aday hakk\u0131nda bilinenlerin a\u00e7\u0131k\u00e7a aktar\u0131lmamas\u0131<\/i><\/b><\/span><\/p>\n<p style=\"text-align: justify;\"><span style=\"font-family: arial,helvetica,sans-serif; font-size: 10pt;\"><b><i>Siz; \u2018o ki\u015fi asl\u0131nda iyi biri\u2019 diye c\u00fcmleyi kurarsan\u0131z daha sonra ne diyece\u011finizin \u00f6nemi olmaz, dikkate de al\u0131nmaz.<\/i><\/b><\/span><\/p>\n<p style=\"text-align: justify;\"><span style=\"font-family: arial,helvetica,sans-serif; font-size: 10pt;\"><b><i>Olanda hay\u0131r vard\u0131r diyor ve hak davada y\u00fcr\u00fcy\u00fc\u015f\u00fcm\u00fcze devam ediyoruz. Eskiler bo\u015funa \u2018bir musibet bin nasihatten evlad\u0131r\u2019 dememi\u015ftir\u201d<a name=\"_ftnref1\" href=\"#_ftn1\"><b>[1]<\/b><\/a> <\/i><\/b><b><\/b><\/span><\/p>\n<p style=\"text-align: justify;\"><span style=\"font-family: arial,helvetica,sans-serif; font-size: 10pt;\"><b>diyen karde\u015flerimize sormak laz\u0131md\u0131:<\/b><\/span><\/p>\n<p style=\"text-align: justify;\"><span style=\"font-family: arial,helvetica,sans-serif; font-size: 10pt;\"><b>a) <\/b><b>Bunlar kendi ekiplerinin tasfiyesine mi, yoksa sad\u0131k dava erlerinin ve ehliyetli ki\u015filerin devre d\u0131\u015f\u0131na itilmesine mi itiraz etmekteydi?<\/b><\/span><\/p>\n<p style=\"text-align: justify;\"><span style=\"font-family: arial,helvetica,sans-serif; font-size: 10pt;\"><b>b) <\/b><b>Hoca\u2019ya vefas\u0131zl\u0131k ve itaatsizlik edildi\u011fi i\u00e7in mi \u00fcz\u00fclmekte ve yap\u0131lanlara kar\u015f\u0131 gelmektedir; yoksa Hoca onlar i\u00e7in bir istismar ve suiistimal vesilesi miydi?<\/b><\/span><\/p>\n<p style=\"text-align: justify;\"><span style=\"font-family: arial,helvetica,sans-serif; font-size: 10pt;\"><b>c) <\/b><b>Numan Kurtulmu\u015f\u2019tan \u00f6nceki s\u00fcre\u00e7lerde bug\u00fcn \u201cdavaya h\u0131yanet ve kurmaylar\u0131m\u0131za hakaret ediyor\u201d diye ele\u015ftiren ki\u015fileri i\u015fba\u015f\u0131na getiren, bunlar\u0131 Hoca\u2019ya teklif ve tavsiye eden, bu tiyniyetsiz tiplere etkinlik ve yetkinlik l\u00fctfeden a\u011fabeylerimizin, bu y\u00fczlerce sefer tekrarlanan tertip ve inisiyatifleri, ger\u00e7ekten koyu bir gaflet ve safiyet eseri miydi, yoksa kas\u0131tl\u0131 ve hesapl\u0131 bir tahrip niyeti miydi?<\/b><\/span><\/p>\n<p style=\"text-align: justify;\"><span style=\"font-family: arial,helvetica,sans-serif; font-size: 10pt;\"><b>d) <\/b><b>\u0130nanc\u0131m\u0131z\u0131n genel kurallar\u0131na ve davam\u0131z\u0131n temel esaslar\u0131na ayk\u0131r\u0131 davran\u0131\u015flar\u0131 ve yamukluk yapan \u015fah\u0131slar\u0131 hat\u0131rlatan ve camiam\u0131z\u0131 uyaran ve hep hakl\u0131 \u00e7\u0131kan kimselere taraf\u0131m\u0131zdan ne kadar destek verilmi\u015fti? Yoksa k\u00f6steklik mi edilmi\u015fti?<\/b><\/span><\/p>\n<p style=\"text-align: justify;\"><span style=\"font-family: arial,helvetica,sans-serif; font-size: 10pt;\"><b>e) <\/b><b>Bug\u00fcn; \u201csadakat, itaat ve manevi irtibat\u201d edebiyat\u0131 yapanlar, acaba Hocam\u0131z, k\u0131rk y\u0131ll\u0131k tecr\u00fcbelerinden ve gerekli isti\u015farelerinden sonra, yeni yetmelerin de, eski y\u00f6neticilerin de d\u0131\u015f\u0131nda ba\u015fka bir ekibe g\u00f6rev ve yetki verilece\u011fini a\u00e7\u0131klasa, Allah\u2019\u0131n a\u015fk\u0131na ve davan\u0131n hat\u0131r\u0131na, bu karara raz\u0131 ve haz\u0131r halde miydi? Yoksa bin t\u00fcrl\u00fc bahane ile itiraz ve isyan m\u0131 edilecekti?<\/b><\/span><\/p>\n<p style=\"text-align: justify;\"><span style=\"font-family: arial,helvetica,sans-serif; font-size: 10pt;\"><b>Bunlar bize Cem Sultan\u2019la karde\u015fi Bayezid Han aras\u0131ndaki \u015fu \u015fiirli mektupla\u015fmay\u0131 hat\u0131rlatm\u0131\u015ft\u0131.<\/b><\/span><\/p>\n<p style=\"text-align: justify;\"><span style=\"font-family: arial,helvetica,sans-serif; font-size: 10pt;\"><b>S\u00fcrg\u00fcndeki Cem Sultan a\u011fabeyine \u015f\u00f6yle yazm\u0131\u015ft\u0131:<\/b><\/span><\/p>\n<p style=\"text-align: justify;\"><span style=\"font-family: arial,helvetica,sans-serif; font-size: 10pt;\"><b><i>\u201cSen g\u00fcl ve ipek d\u00f6\u015fekte, zevkusefa s\u00fcrerken<\/i><\/b><\/span><\/p>\n<p style=\"text-align: justify;\"><span style=\"font-family: arial,helvetica,sans-serif; font-size: 10pt;\"><b><i>Ben zahmet mihnet \u00e7ekeyim; s\u00f6yle, buna sebep ne?\u201d <\/i><\/b><\/span><\/p>\n<p style=\"text-align: justify;\"><span style=\"font-family: arial,helvetica,sans-serif; font-size: 10pt;\"><b>\u0130\u015fte Bayezid\u2019in yan\u0131t\u0131:<\/b><\/span><\/p>\n<p style=\"text-align: justify;\"><span style=\"font-family: arial,helvetica,sans-serif; font-size: 10pt;\"><b><i>\u201c\u00c7\u00fcnk\u00fc ezelden saltanat, bizlere k\u0131smet imi\u015f<\/i><\/b><\/span><\/p>\n<p style=\"text-align: justify;\"><span style=\"font-family: arial,helvetica,sans-serif; font-size: 10pt;\"><b><i>Takdire r\u0131zan yok mudur, h\u0131r\u00e7\u0131nl\u0131\u011fa sebep ne?<\/i><\/b><\/span><\/p>\n<p style=\"text-align: justify;\"><span style=\"font-family: arial,helvetica,sans-serif; font-size: 10pt;\"><b><i>Hacca gittin, has olmad\u0131n; seninki kisbet imi\u015f<\/i><\/b><\/span><\/p>\n<p style=\"text-align: justify;\"><span style=\"font-family: arial,helvetica,sans-serif; font-size: 10pt;\"><b><i>\u00dc\u00e7 g\u00fcnl\u00fck saltanat i\u00e7in; s\u00f6yle, bunca talep ne?\u201d<\/i><\/b><\/span><\/p>\n<p style=\"text-align: justify;\"><span style=\"font-family: arial,helvetica,sans-serif; font-size: 10pt;\"><b>f)<\/b><b>Bir soru daha; D\u0131\u015f g\u00fc\u00e7lerin (ABD AB ve Yahudi Lobilerin) a\u00e7\u0131k\u00e7a destekledi\u011fi, \u015fu AKP\u2019nin anayasa de\u011fi\u015fiklik paketine, ta ba\u015f\u0131ndan beri temel esaslar\u0131m\u0131zdan ve Hocam\u0131zdan uzakla\u015fan Numan Kurtulmu\u015f ve ekibi, hatta AKP\u2019lilerden daha hararetli \u015fekilde \u201cEVET\u201d demekteydi. Birdenbire O\u011fuzhan Asilt\u00fcrk de \u00e7\u0131k\u0131p \u201cEVET\u201d diyeceklerini a\u00e7\u0131klay\u0131vermi\u015fti.&nbsp; Hoca tersini s\u00f6ylese parti b\u00f6l\u00fcnecekti, belki de O\u011fuzhan bunu hedeflemi\u015fti!.. Zaten daha \u00f6nce \u201cHUZUR PART\u0130S\u0130N\u0130N\u201d kurulaca\u011f\u0131n\u0131 medyaya s\u0131zd\u0131ran da kendisi de\u011fil miydi?<\/b><\/span><\/p>\n<p style=\"text-align: justify;\"><span style=\"font-family: arial,helvetica,sans-serif; font-size: 10pt;\"><b>Acaba Hocam\u0131z, bu paketin ger\u00e7ekten hay\u0131rl\u0131 ve yararl\u0131 sonu\u00e7lar do\u011furaca\u011f\u0131na inand\u0131\u011f\u0131 i\u00e7in mi, yoksa hem yenilik\u00e7ilerin hem gelenek\u00e7ilerin, hem de nedense b\u00fct\u00fcn Milli G\u00f6r\u00fc\u015f\u00e7\u00fclerin, sanki gizli AKP\u2019liymi\u015f veya AKP\u2019nin her halde desteklenmesi gerekirmi\u015f gibi sinsi bir AKP hayranl\u0131\u011f\u0131 ve TSK g\u0131c\u0131kl\u0131\u011f\u0131 ile zaten \u201cEVET\u201d diyeceklerini anlad\u0131\u011f\u0131 ve en az\u0131ndan elde kalanlar\u0131 a\u00e7\u0131k\u00e7a itiraz ve isyandan korumay\u0131 ama\u00e7lad\u0131\u011f\u0131 i\u00e7in, kerhen ve idareten mi b\u00f6yle demi\u015fti? Veya onlar\u0131n kendi hesab\u0131na sand\u0131klar\u0131 ve haz\u0131rlad\u0131klar\u0131 sonu\u00e7lar\u0131, \u00fclkenin ve milletin \u00e7\u0131karlar\u0131 do\u011frultusunda kullanacak bir taktik ve strateji mi belirlemi\u015fti?<\/b><\/span><\/p>\n<p style=\"text-align: justify;\"><span style=\"font-family: arial,helvetica,sans-serif; font-size: 10pt;\"><b>O g\u00fcnden sonra 12 Eyl\u00fcl\u2019e kadar, bir\u00e7ok iftar program\u0131na ve parti toplant\u0131s\u0131na kat\u0131lan Erbakan Hoca\u2019n\u0131n, art\u0131k bir kez bile olsun referandum konusunu a\u011fz\u0131na almamas\u0131, asla \u00f6nemsemiyor ve ciddiye alm\u0131yor tavr\u0131 tak\u0131nmas\u0131; \u201caman ha, gayret edin ve bu f\u0131rsat\u0131 de\u011ferlendirin\u201d cinsinden herhangi bir ifade hatta imada bile bulunmamas\u0131, acaba ne anlama gelmekteydi?<\/b><\/span><\/p>\n<p style=\"text-align: justify;\"><span style=\"font-family: arial,helvetica,sans-serif; font-size: 10pt;\"><b>Diye d\u00fc\u015f\u00fcnen ve inan\u00e7 esaslar\u0131m\u0131zla birlikte Hocam\u0131z\u0131n as\u0131l amac\u0131n\u0131 ve mesaj\u0131n\u0131 \u00f6l\u00e7\u00fc edinip konuyu de\u011ferlendiren ka\u00e7 ki\u015fi g\u00f6sterilebilirdi? B\u00fclent Ar\u0131n\u00e7\u2019\u0131n \u201cReferandumdaki \u201cEVET\u2019lerin % 99\u2019unun AKP\u2019ye verildi\u011fini\u201d s\u00f6ylemesi ne anlama gelmekteydi?<\/b><\/span><\/p>\n<p style=\"text-align: justify;\"><span style=\"font-family: arial,helvetica,sans-serif; font-size: 10pt;\"><b>Veya \u015f\u00f6yle soral\u0131m:<\/b><\/span><\/p>\n<p style=\"text-align: justify;\"><span style=\"font-family: arial,helvetica,sans-serif; font-size: 10pt;\"><b>Hocam\u0131z \u201cHAYIR\u201d denilece\u011fini s\u00f6yleseydi, yine ayn\u0131 memnuniyet ve teslimiyetle, bu emre sahiplik edilecek miydi? Yani Numan\u2019la ve Erdo\u011fan\u2019la bizim fark\u0131m\u0131z neydi? Ve tabi, elbette bize d\u00fc\u015fen talimat ve tavsiyelere uygun hareket etmekti.<\/b><\/span><\/p>\n<p style=\"text-align: justify;\"><span style=\"font-family: arial,helvetica,sans-serif; font-size: 10pt;\"><b>Erbakan Hocam\u0131z s\u00f6ylemi\u015fti:<\/b><\/span><\/p>\n<p style=\"text-align: justify;\"><span style=\"font-family: arial,helvetica,sans-serif; font-size: 10pt;\"><b><i>\u201cBir olay kar\u015f\u0131s\u0131nda, m\u00fcr\u015fidi k\u00e2milin ka\u015f-g\u00f6z hareketi ve y\u00fcz ifadesi, be\u015f cilt kitaptan \u00e7ok daha e\u011fitici, \u00f6\u011fretici ve yol g\u00f6stericidir.\u201d<\/i><\/b><\/span><\/p>\n<div><br clear=\"all\" \/> <\/p>\n<hr width=\"33%\" size=\"1\" align=\"left\" \/>\n<div>\n<p style=\"text-align: justify;\"><span style=\"font-family: arial,helvetica,sans-serif; font-size: 10pt;\"><a name=\"_ftn1\" href=\"#_ftnref1\">[1]<\/a> Milli G\u00f6r\u00fc\u015f Haber \u00d6zel Analiz<\/span><\/p>\n<\/p><\/div>\n<\/p><\/div>\n","protected":false},"excerpt":{"rendered":"<p style=\"text-align: justify;\"><span style=\"font-family: arial,helvetica,sans-serif; font-size: 10pt;\"><b>Hz. Peygamber SAV Efendimizin S\u00fcnneti:<\/b><\/span><\/p>\n<ul style=\"text-align: justify;\">\n<li><span style=\"font-family: arial,helvetica,sans-serif; font-size: 10pt;\"><b>O\u2019nun Kur\u2019an-\u0131 Kerim\u2019i uygulama \u00f6rnekleri<\/b><\/span><\/li>\n<li><span style=\"font-family: arial,helvetica,sans-serif; font-size: 10pt;\"><b>Hayat, \u015feriat ve ahlak sisteminin prensipleri <\/b><\/span><\/li>\n<li><span style=\"font-family: arial,helvetica,sans-serif; font-size: 10pt;\"><b>Olaylar\u0131 ve insan davran\u0131\u015flar\u0131n\u0131 yorumlama \u015fekli ve \u00f6l\u00e7\u00fcleridir.<\/b><\/span><\/li>\n<\/ul>\n<p style=\"text-align: justify;\"><span style=\"font-family: arial,helvetica,sans-serif; font-size: 10pt;\"><b>\u0130slam alimleri S\u00dcNNET\u2019in \u00fc\u00e7 temel kayna\u011f\u0131 oldu\u011funu tespit etmi\u015flerdir;<\/b><\/span><\/p>\n<p> <span style=\"font-family: arial,helvetica,sans-serif; font-size: 10pt;\"> <\/p>\n","protected":false},"author":1,"featured_media":0,"comment_status":"open","ping_status":"closed","sticky":false,"template":"","format":"standard","meta":{"footnotes":""},"categories":[115],"tags":[],"class_list":["post-1893","post","type-post","status-publish","format-standard","hentry","category-ekim-2010"],"_links":{"self":[{"href":"https:\/\/www.millicozum.com\/mc\/wp-json\/wp\/v2\/posts\/1893","targetHints":{"allow":["GET"]}}],"collection":[{"href":"https:\/\/www.millicozum.com\/mc\/wp-json\/wp\/v2\/posts"}],"about":[{"href":"https:\/\/www.millicozum.com\/mc\/wp-json\/wp\/v2\/types\/post"}],"author":[{"embeddable":true,"href":"https:\/\/www.millicozum.com\/mc\/wp-json\/wp\/v2\/users\/1"}],"replies":[{"embeddable":true,"href":"https:\/\/www.millicozum.com\/mc\/wp-json\/wp\/v2\/comments?post=1893"}],"version-history":[{"count":0,"href":"https:\/\/www.millicozum.com\/mc\/wp-json\/wp\/v2\/posts\/1893\/revisions"}],"wp:attachment":[{"href":"https:\/\/www.millicozum.com\/mc\/wp-json\/wp\/v2\/media?parent=1893"}],"wp:term":[{"taxonomy":"category","embeddable":true,"href":"https:\/\/www.millicozum.com\/mc\/wp-json\/wp\/v2\/categories?post=1893"},{"taxonomy":"post_tag","embeddable":true,"href":"https:\/\/www.millicozum.com\/mc\/wp-json\/wp\/v2\/tags?post=1893"}],"curies":[{"name":"wp","href":"https:\/\/api.w.org\/{rel}","templated":true}]}}