{"id":1894,"date":"2010-09-21T09:42:12","date_gmt":"2010-09-21T09:42:12","guid":{"rendered":"https:\/\/www.millicozum.com\/mc\/2010\/09\/21\/ekrem-dumanlinin-itirafiyla-numan-kurtulmus-ekibinin-tertibi-ve-burhan-ayerinin-terbiyesizligi\/"},"modified":"2010-09-21T09:42:12","modified_gmt":"2010-09-21T09:42:12","slug":"ekrem-dumanlinin-itirafiyla-numan-kurtulmus-ekibinin-tertibi-ve-burhan-ayerinin-terbiyesizligi","status":"publish","type":"post","link":"https:\/\/www.millicozum.com\/mc\/2010\/ekim-2010\/ekrem-dumanlinin-itirafiyla-numan-kurtulmus-ekibinin-tertibi-ve-burhan-ayerinin-terbiyesizligi\/","title":{"rendered":"EKREM DUMANLI\u2019NIN \u0130T\u0130RAFIYLA: NUMAN KURTULMU\u015e EK\u0130B\u0130N\u0130N TERT\u0130B\u0130  VE BURHAN AYER\u0130\u2019N\u0130N TERB\u0130YES\u0130ZL\u0130\u011e\u0130"},"content":{"rendered":"<p style=\"text-align: justify;\"><span style=\"font-family: arial,helvetica,sans-serif; font-size: 10pt;\">SP \u0130stanbul iftar\u0131ndaki karga\u015fay\u0131, dava sad\u0131klar\u0131na ve hatta Erbakan Hoca\u2019ya mal etmek i\u00e7in malum ve mel\u2019un medyadan AKP yanda\u015flar\u0131na, \u0130brahim Tenekeci gibi Milli Gazetedeki marazl\u0131lardan, Yeni \u015eafaktaki Hakan Albayrak karda\u015flar\u0131na kadar bir s\u00fcr\u00fc f\u0131rsat\u00e7\u0131, eylem ve s\u00f6ylem birli\u011fi etmi\u015f\u00e7esine, salyalar\u0131n\u0131 ak\u0131t\u0131p sald\u0131r\u0131yordu.<\/span><\/p>\n<p style=\"text-align: justify;\"><span style=\"font-family: arial,helvetica,sans-serif; font-size: 10pt;\">E\u015fek ar\u0131s\u0131n\u0131n arslana h\u00fccum etmesi cinsinden; \u201cHoca\u2019n\u0131n bug\u00fcnk\u00fc siyasetini basiret ve ferasetten uzak bulan\u201d k\u00fcstahl\u0131klar\u0131 okuyunca, \u201cAhseni takvime (en g\u00fczel ve en m\u00fckemmel ahlak y\u00fcceli\u011fine) mazhar ve m\u00fcsait kabiliyetlerle yarat\u0131lan insan\u0131n, nas\u0131l \u201cEsfeles-safiline\u201d (A\u015fa\u011f\u0131lar\u0131n a\u015fa\u011f\u0131s\u0131 derecelere) yuvarlan\u0131p yamukla\u015ft\u0131\u011f\u0131 (Bak: Tin suresi ayet 4-5) daha rahat anla\u015f\u0131l\u0131yordu.<\/span><\/p>\n<p> <span style=\"font-family: arial,helvetica,sans-serif; font-size: 10pt;\">    <\/span> <\/p>\n<p style=\"text-align: justify;\"><span style=\"font-family: arial,helvetica,sans-serif; font-size: 10pt;\">\u00d6zel kalem m\u00fcd\u00fcr\u00fc eliyle an\u0131nda yapt\u0131\u011f\u0131 a\u00e7\u0131klamaya ve kendisini evinde ziyareti s\u0131ras\u0131nda anlatt\u0131klar\u0131na ra\u011fmen; Numan Kurtulmu\u015f\u2019un hala sinsi bir tav\u0131rla Hoca\u2019y\u0131 t\u00f6hmet alt\u0131nda tutan: \u201cSay\u0131n Erbakan\u2019\u0131n bu insanlarla ve davran\u0131\u015flar\u0131yla hi\u00e7bir alakas\u0131 olmad\u0131\u011f\u0131n\u0131 a\u00e7\u0131k bir \u015fekilde dile getirmesini bekliyoruz\u201d s\u00f6zleri ise insana, \u201cedep ya hu!\u201d dedirtiyordu. B\u00fct\u00fcn bunlar\u0131 ya\u015fay\u0131nca Hoca\u2019n\u0131n so\u011fuk bakmas\u0131na ve uzak durmas\u0131na ra\u011fmen Numan Kurtulmu\u015f\u2019u bu partinin ba\u015f\u0131na bela eden \u015eevket Kazan ve ekibine insan beddua etmeden duram\u0131yordu.<\/span><\/p>\n<p style=\"text-align: justify;\"><span style=\"font-family: arial,helvetica,sans-serif; font-size: 10pt;\">B\u00f6yle bir tezg\u00e2h\u0131n birka\u00e7 g\u00fcn \u00f6ncesinden g\u00fcndeme ta\u015f\u0131nmas\u0131 ve konu\u015fulmas\u0131 da, bu tertibin ayn\u0131 mutfakta pi\u015firilip servis edildi\u011fini g\u00f6steriyordu.<\/span><\/p>\n<p style=\"text-align: justify;\"><span style=\"font-family: arial,helvetica,sans-serif; font-size: 10pt;\">O toplant\u0131ya i\u015ftirak edip, s\u00f6z\u00fcne ve \u015fahitli\u011fine g\u00fcvenilen onlarca ki\u015finin samimi ifadelerine g\u00f6re \u0130stanbul \u0130l Ba\u015fkan yard\u0131mc\u0131s\u0131 ve Numanc\u0131 T\u00dcRKER SALTABA\u015e ve Gen\u00e7lik Ba\u015fkan\u0131 \u0130hsan Sorar\u2019\u0131n kas\u0131tl\u0131 ve hesapl\u0131 provokasyonlar\u0131 sonucu bu olaylar patlak veriyordu.<\/span><\/p>\n<p style=\"text-align: justify;\"><span style=\"font-family: arial,helvetica,sans-serif; font-size: 10pt;\">Erbakan Hoca lehine slogan atanlar\u0131n \u00fczerine \u00e7atal, b\u0131\u00e7ak, tuzluk f\u0131rlatan \u015eEVK\u0130 YILMAZ isimli provokat\u00f6r orada ne ar\u0131yordu?<\/span><\/p>\n<p style=\"text-align: justify;\"><span style=\"font-family: arial,helvetica,sans-serif; font-size: 10pt;\">\u201cHoca\u2019ya sadakat \u015ferefimizdir\u201d diyenlere \u201cOr\u2026 \u00e7ocuklar\u0131!\u201d diye k\u00fcf\u00fcrler ya\u011fd\u0131r\u0131p tekmelerle h\u00fccuma kalk\u0131\u015fan ve m\u00fcbarek g\u00fcnde ve saatte ortal\u0131\u011f\u0131 kar\u0131\u015ft\u0131ranlar\u0131 kimler doldurup k\u0131\u015fk\u0131rt\u0131yordu?<\/span><\/p>\n<p style=\"text-align: justify;\"><span style=\"font-family: arial,helvetica,sans-serif; font-size: 10pt;\">Yoksa b\u00fct\u00fcn bunlar\u0131n su\u00e7u ve sorumlulu\u011fu, b\u00f6yle baya\u011f\u0131 ve a\u015fa\u011f\u0131 giri\u015fimlere tenezz\u00fcl edece\u011fini \u015feytanlar\u0131n dahi g\u00fcndeme getirmeyece\u011fi Aziz Hocam\u0131za y\u00fcklenip karalamak ve Numan\u2019\u0131 ma\u011fdur ve mazlum konumuna sokmak, kendilerine y\u00f6nelik muhtemel protestolar\u0131 da &nbsp;b\u00f6ylece pe\u015finen sindirip susturmak i\u00e7in mi, planlan\u0131p piyasaya s\u00fcr\u00fcl\u00fcyordu?<\/span><\/p>\n<p style=\"text-align: justify;\"><span style=\"font-family: arial,helvetica,sans-serif; font-size: 10pt;\">O ak\u015fam orada olmayan ve olaylarla hi\u00e7 alakas\u0131 bulunmayan kimselerin \u00f6nceden tespit edilmi\u015f gibi toplan\u0131p g\u00f6zalt\u0131na al\u0131nmas\u0131 da, \u00e7ok daha derin bir komplonun kurguland\u0131\u011f\u0131na i\u015faret ediyordu!?<\/span><\/p>\n<p style=\"text-align: justify;\"><span style=\"font-family: arial,helvetica,sans-serif; font-size: 10pt;\">Hatta bu olay\u0131n Hocaya mal edilmesine bahane yap\u0131laca\u011f\u0131n\u0131 bilen, Erbakanc\u0131 ge\u00e7inip davay\u0131 ve camiay\u0131 i\u00e7ten \u00e7\u00fcr\u00fcten malum m\u00fcnaf\u0131klarca planlanm\u0131\u015f olaca\u011f\u0131 da ihtimal dahilinde bulunuyordu.<\/span><\/p>\n<p style=\"text-align: justify;\"><span style=\"font-family: arial,helvetica,sans-serif; font-size: 10pt;\"><strong>Erbakan Hoca\u2019n\u0131n olayl\u0131 iftarla ilgili ikinci a\u00e7\u0131klamas\u0131<\/strong><\/span><\/p>\n<p style=\"text-align: justify;\"><span style=\"font-family: arial,helvetica,sans-serif; font-size: 10pt;\">Milli G\u00f6r\u00fc\u015f Lideri Necmettin Erbakan, Saadet Partisi (SP) \u0130stanbul \u0130l Ba\u015fkanl\u0131\u011f\u0131&#8217;n\u0131n verdi\u011fi iftarda \u00e7\u0131kan olaylar\u0131n kimler taraf\u0131ndan yap\u0131l\u0131rsa yap\u0131ls\u0131n, Milli G\u00f6r\u00fc\u015fle uzaktan yak\u0131ndan bir alakas\u0131n\u0131n olamayaca\u011f\u0131n\u0131 s\u00f6yledi.<\/span><\/p>\n<p style=\"text-align: justify;\"><span style=\"font-family: arial,helvetica,sans-serif; font-size: 10pt;\"><strong>Erbakan, b\u00fct\u00fcn camiay\u0131 dikkatli olmaya ve bu konuda gereken hassasiyeti g\u00f6stermeye davet etti. A\u00e7\u0131klama \u015f\u00f6yle:<\/strong><\/span><\/p>\n<p style=\"text-align: justify;\"><span style=\"font-family: arial,helvetica,sans-serif; font-size: 10pt;\">Tarih boyunca oldu\u011fu gibi, bug\u00fcn de Aziz Milletimiz Milli G\u00f6r\u00fc\u015f&#8217;e sar\u0131larak mevcut <strong>&#8220;Zul\u00fcm D\u00fcnyas\u0131&#8221;<\/strong> yerine, <strong>&#8220;Yeni Bir Saadet D\u00fcnyas\u0131&#8217;<\/strong> kuracak in\u015fallah. Ve Allah&#8217;\u0131n lutfuyla <strong>&#8220;Ya\u015fanabilir Bir T\u00fcrkiye&#8221;<\/strong> ve <strong>&#8220;Yeniden B\u00fcy\u00fck T\u00fcrkiye&#8221;<\/strong> yi tesis edecektir.<\/span><\/p>\n<p style=\"text-align: justify;\"><span style=\"font-family: arial,helvetica,sans-serif; font-size: 10pt;\">Milli G\u00f6r\u00fc\u015f camias\u0131 bu tarihi g\u00f6revi yapmak i\u00e7in <strong>a\u015fkla,<\/strong> <strong>heyecanla<\/strong> ve <strong>azimle <\/strong>seferber olmu\u015f \u00e7al\u0131\u015fmaktad\u0131r.<\/span><\/p>\n<p style=\"text-align: justify;\"><span style=\"font-family: arial,helvetica,sans-serif; font-size: 10pt;\">Her zaman oldu\u011fu gibi, bu hamleleri engellemek isteyen d\u0131\u015f g\u00fc\u00e7ler, ellerinden geldi\u011fi kadar \u00f6nleme gayreti i\u00e7indedirler.<\/span><\/p>\n<p style=\"text-align: justify;\"><span style=\"font-family: arial,helvetica,sans-serif; font-size: 10pt;\"><strong>Bu meyanda;<\/strong><\/span><\/p>\n<p style=\"text-align: justify;\"><span style=\"font-family: arial,helvetica,sans-serif; font-size: 10pt;\">Bir yandan Milli G\u00f6r\u00fc\u015f Toplant\u0131lar\u0131na s\u0131zmakta, Milli G\u00f6r\u00fc\u015fle ba\u011fda\u015fmayacak olaylara sebebiyet vermekte ve bir k\u0131s\u0131m bas\u0131n vas\u0131tas\u0131yla da ger\u00e7ek d\u0131\u015f\u0131 haberlerle ve art maksatl\u0131 yorumlarla kendilerine verilen g\u00f6revleri yapmaya \u00e7al\u0131\u015fmaktad\u0131rlar.<\/span><\/p>\n<p style=\"text-align: justify;\"><span style=\"font-family: arial,helvetica,sans-serif; font-size: 10pt;\"><strong>40 y\u0131ldan beri milletimize b\u00fcy\u00fck hizmetler yapm\u0131\u015f, \u00f6rnek milyonluk mitingleri camiam\u0131z huzur, heyecan ba\u015far\u0131 ile ger\u00e7ekle\u015ftirmi\u015ftir<\/strong>.<\/span><\/p>\n<p style=\"text-align: justify;\"><span style=\"font-family: arial,helvetica,sans-serif; font-size: 10pt;\"><strong>\u00c7\u00fcnk\u00fc; <\/strong><\/span><\/p>\n<p style=\"text-align: justify;\"><span style=\"font-family: arial,helvetica,sans-serif; font-size: 10pt;\"><strong>Milli G\u00f6r\u00fc\u015f\u00fcn Temeli: Sevgi, Karde\u015flik, Edep, Terbiye ve \u0130yi Ahlakt\u0131r.<\/strong><\/span><\/p>\n<p style=\"text-align: justify;\"><span style=\"font-family: arial,helvetica,sans-serif; font-size: 10pt;\"><strong>Gayesi: B\u00fct\u00fcn \u0130nsanl\u0131\u011f\u0131n Saadetidir.<\/strong><\/span><\/p>\n<p style=\"text-align: justify;\"><span style=\"font-family: arial,helvetica,sans-serif; font-size: 10pt;\"><strong>Son zamanlarda bas\u0131nda s\u00f6z\u00fc edilen baz\u0131 yak\u0131\u015f\u0131ks\u0131z ve \u00fcz\u00fcnt\u00fc verici olaylar\u0131n kimler taraf\u0131ndan tertip edilip, yap\u0131l\u0131rsa yap\u0131ls\u0131n, Milli G\u00f6r\u00fc\u015fle uzaktan yak\u0131ndan bir alakas\u0131 olamaz.<\/strong><\/span><\/p>\n<p style=\"text-align: justify;\"><span style=\"font-family: arial,helvetica,sans-serif; font-size: 10pt;\">Bu hususu, bundan \u00f6nceki a\u00e7\u0131klamalar\u0131m\u0131zda tekrar tekrar belirtti\u011fimiz gibi, bu a\u00e7\u0131klamam\u0131zda da bir kere daha \u00fczerine basarak belirtiyoruz ki, hi\u00e7 bir maksat ve sebeple, tasvibi m\u00fcmk\u00fcn olmayan olaylara meydan verilmemesi, toplant\u0131lara kat\u0131larak bu kabil d\u0131\u015f etkenli, davam\u0131za zarar veren olaylar\u0131n meydana gelmemesi i\u00e7in b\u00fct\u00fcn camiam\u0131z\u0131 dikkatli olmaya ve bu konuda gereken hassasiyeti g\u00f6stermeye davet ediyorum.<\/span><\/p>\n<p style=\"text-align: justify;\"><span style=\"font-family: arial,helvetica,sans-serif; font-size: 10pt;\"><strong>Milli G\u00f6r\u00fc\u015f, herkese sevgi, refah, insan haklar\u0131 ve saadet<\/strong> demektir.<\/span><\/p>\n<p style=\"text-align: justify;\"><span style=\"font-family: arial,helvetica,sans-serif; font-size: 10pt;\"><strong>Milli G\u00f6r\u00fc\u015f camias\u0131n\u0131n \u015fiar\u0131<\/strong>, <strong>iyi ahlak<\/strong>, <strong>terbiye<\/strong>, <strong>nezaket<\/strong> ve <strong>edep <\/strong>\u00f6rne\u011fi olmakt\u0131r.<\/span><\/p>\n<p style=\"text-align: justify;\"><span style=\"font-family: arial,helvetica,sans-serif; font-size: 10pt;\">Bizim metodumuz, inanc\u0131m\u0131z\u0131n da emretti\u011fi gibi <strong>\u015fiddet de\u011fil<\/strong>, <strong>tebli\u011f<\/strong>, <strong>ikna,<\/strong> <strong>inand\u0131rma<\/strong> ve <strong>tatl\u0131 dille davet<\/strong> metodudur.<\/span><\/p>\n<p style=\"text-align: justify;\"><span style=\"font-family: arial,helvetica,sans-serif; font-size: 10pt;\">Bu ger\u00e7ekleri bir kere daha belirtirken, b\u00fct\u00fcn camiam\u0131za huzur i\u00e7ersinde yapacaklar\u0131, toplant\u0131 ve \u00e7al\u0131\u015fmalar\u0131nda en b\u00fcy\u00fck ba\u015far\u0131lara ula\u015fmalar\u0131n\u0131 diliyor, camiam\u0131z\u0131n her bir mensubunu kucakl\u0131yor, g\u00f6zlerinden \u00f6p\u00fcyor, muhabbetle ba\u011fr\u0131ma bas\u0131yorum.<\/span><\/p>\n<p style=\"text-align: justify;\"><span style=\"font-family: arial,helvetica,sans-serif; font-size: 10pt;\"><strong>Zafer \u0130nananlar\u0131nd\u0131r.<\/strong><\/span><\/p>\n<p style=\"text-align: justify;\"><span style=\"font-family: arial,helvetica,sans-serif; font-size: 10pt;\"><strong>Ve Zafer Yak\u0131nd\u0131r.<\/strong><\/span><\/p>\n<p style=\"text-align: justify;\"><span style=\"font-family: arial,helvetica,sans-serif; font-size: 10pt;\"><strong>Vel Ak\u0131betu lil m\u00fcttekin&#8230;<\/strong><\/span><\/p>\n<p style=\"text-align: justify;\">\u00a0<\/p>\n<p style=\"text-align: justify;\"><span style=\"font-family: arial,helvetica,sans-serif; font-size: 10pt;\"><b>Zaman Gazetesinden Ekrem Dumanl\u0131\u2019n\u0131n a\u011fz\u0131ndan ka\u00e7\u0131rd\u0131klar\u0131!<\/b><\/span><\/p>\n<p style=\"text-align: justify;\"><span style=\"font-family: arial,helvetica,sans-serif; font-size: 10pt;\">SP&#8217;nin \u0130stanbul \u0130ftar\u0131nda ya\u015fan\u0131lan provokasyon hadisesini Milli G\u00f6r\u00fc\u015f sad\u0131klar\u0131na ve Erbakan Hoca\u2019ya ihale etmeye \u00e7al\u0131\u015fan m\u00fcnaf\u0131klar\u0131n \u00e7irkin y\u00fcz\u00fc daha da belirginle\u015fiyordu.<\/span><\/p>\n<p style=\"text-align: justify;\"><span style=\"font-family: arial,helvetica,sans-serif; font-size: 10pt;\">TRT\u2019de yay\u0131nlanan \u201c\u00c7\u0131k\u0131\u015fyolu\u201d program\u0131na kat\u0131lan T\u00fcrkiye\u2019nin en \u00e7ok da\u011f\u0131t\u0131lan gazetesi Zaman\u2019\u0131n Genel Yay\u0131n Y\u00f6netmeni Ekrem Dumanl\u0131, Numanistlerin provokasyonuna sahne olan SP\u2019nin olayl\u0131 \u0130stanbul iftar\u0131 ile ilgili \u00e7ok \u00f6nemli bir bilgiyi payla\u015f\u0131yordu.<\/span><\/p>\n<p style=\"text-align: justify;\"><span style=\"font-family: arial,helvetica,sans-serif; font-size: 10pt;\"><b>SP yetkileri \u201ciftara mutlaka gelin size haber \u00e7\u0131kacak\u201d diye medyaya ilan ediyordu!<\/b><\/span><\/p>\n<p style=\"text-align: justify;\"><span style=\"font-family: arial,helvetica,sans-serif; font-size: 10pt;\"><b>Ekrem Dumanl\u0131, ba\u015f\u0131ndan ge\u00e7en hadiseleri \u015f\u00f6yle aktar\u0131yordu:<\/b><\/span><\/p>\n<p style=\"text-align: justify;\"><span style=\"font-family: arial,helvetica,sans-serif; font-size: 10pt;\"><i>\u201cYaz\u0131 \u0130\u015flerine (Zaman Gazetesi Yaz\u0131 i\u015fleri) bir k\u0131s\u0131m mailler geliyor \u201cak\u015famki iftar yeme\u011finde kavga \u00e7\u0131kacak\u201d diye. Ben bizim haber m\u00fcd\u00fcr\u00fcm\u00fcz Fatih U\u011fur\u2019a sordum \u201cbu nedir diye\u201d&nbsp; Fatih U\u011fur \u201cAbi biz biliyorduk. Sadece biz de\u011fil t\u00fcm bas\u0131na haber vermi\u015flerdi. O sebeple \u00e7ok kamera vard\u0131\u201d dedi. Bunun \u00fczerine \u201cpeki parti bilmiyor mu?\u201d diye sordum\u2026 Bu kadar medyaya iftarda olay \u00e7\u0131kaca\u011f\u0131n\u0131 bildirilen parti merkezi bu hadiseyi bilmez miydi? Arkada\u015flar\u0131m\u0131z Saadet Partisi&#8217;nin \u00f6nemli ki\u015filerini ve SP&#8217;nin bas\u0131nla ilgili isimlerini arad\u0131\u011f\u0131nda ise \u201c\u00f6nemli de\u011fil gelin, zaten size buradan haber \u00e7\u0131kacak\u201d deniliyor! Bu da \u00e7ok enteresan bir \u015feydir.\u201d<a href=\"#_ftn1\" name=\"_ftnref1\"><b>[1]<\/b><\/a><\/i><\/span><\/p>\n<p style=\"text-align: justify;\"><span style=\"font-family: arial,helvetica,sans-serif; font-size: 10pt;\"><strong>B\u00fct\u00fcn bu ger\u00e7eklere ra\u011fmen, Ahmet Hakan\u2019\u0131n program\u0131nda Ayd\u0131n Ayayd\u0131n denen karanl\u0131k kafal\u0131 adam\u0131n:<\/strong><\/span><\/p>\n<p style=\"text-align: justify;\"><span style=\"font-family: arial,helvetica,sans-serif; font-size: 10pt;\"><strong>\u201cSiz yapt\u0131\u011f\u0131 a\u00e7\u0131klamaya ra\u011fmen Erbakan\u2019\u0131n samimiyetine inan\u0131yor musunuz?\u201d soruna, Numan Kurtulmu\u015f\u2019un; \u201cElbette ve b\u00fct\u00fcn g\u00f6nl\u00fcmle inan\u0131yorum\u201d diyece\u011fi yerde, <\/strong><\/span><\/p>\n<p style=\"text-align: justify;\"><span style=\"font-family: arial,helvetica,sans-serif; font-size: 10pt;\"><strong>\u201cEh, inanmak durumunday\u0131m!\u201d \u015feklindeki yan\u0131t\u0131 da yamuklu\u011funu g\u00f6steriyordu.<\/strong><\/span><\/p>\n<p style=\"text-align: justify;\"><span style=\"font-family: arial,helvetica,sans-serif; font-size: 10pt;\"><strong>Ve hele bu kendi tertip ve tezg\u00e2hlar\u0131n\u0131 Erbakan\u2019\u0131n s\u0131rt\u0131na y\u0131kma \u00e7abalar\u0131 \u00e7er\u00e7evesinde, olay sonras\u0131 konutta Hocayla g\u00f6r\u00fc\u015fmeleri s\u0131ras\u0131nda H\u00fcsamettin Korkutata denilen kof kabaday\u0131n\u0131n k\u00fcstahla\u015f\u0131p:<\/strong><\/span><\/p>\n<p style=\"text-align: justify;\"><span style=\"font-family: arial,helvetica,sans-serif; font-size: 10pt;\"><strong> \u201cBunu PKK\u2019l\u0131lar bile yapmaz. Haks\u0131zl\u0131\u011fa itaat eden \u015feytand\u0131r\u201d t\u00fcr\u00fcnden terbiyesiz tav\u0131rlar\u0131 bunlar\u0131n nas\u0131l bir belaya \u00e7arp\u0131lacaklar\u0131n\u0131 hat\u0131rlat\u0131yordu.<\/strong><\/span><\/p>\n<p style=\"text-align: justify;\"><span style=\"font-family: arial,helvetica,sans-serif; font-size: 10pt;\"><strong>Ve hele AKP\u2019nin i\u00e7i\u015fleri Bakan\u0131 Be\u015fir Atalay\u2019\u0131n \u00e7ok \u00f6zel bir talimatla Numan Kurtulmu\u015f\u2019un muhtemel protesto ve provakasyonlara kar\u015f\u0131, koruma alt\u0131na al\u0131nd\u0131\u011f\u0131n\u0131 ve bu konuda vali ve emniyet m\u00fcd\u00fcrleriyle g\u00f6r\u00fc\u015fme yap\u0131ld\u0131\u011f\u0131n\u0131\u201d a\u00e7\u0131klamas\u0131, zerre kadar izan\u0131 ve vicdani olanlara asl\u0131nda her \u015feyi anlatmaya yetiyordu.<\/strong><\/span><\/p>\n<p style=\"text-align: justify;\"><span style=\"font-family: arial,helvetica,sans-serif; font-size: 10pt;\"><strong>Evet, 1988 y\u0131l\u0131nda ve k\u0131rk ya\u015f\u0131nda FP \u0130stanbul \u0130l Ba\u015fkan\u0131 yap\u0131l\u0131ncaya kadar Milli G\u00f6r\u00fc\u015f davas\u0131yla hi\u00e7bir alakas\u0131 ve katk\u0131s\u0131 bilinmeyen Numan Kurtulmu\u015f\u2019un\u2026<\/strong><\/span><\/p>\n<p style=\"text-align: justify;\"><span style=\"font-family: arial,helvetica,sans-serif; font-size: 10pt;\"><strong>Morrison S\u00fcleyman Demirel\u2019in sokakta bulunmu\u015f bir \u015fapka gibi, Amerika\u2019dan getirilip AP\u2019nin ba\u015f\u0131na ge\u00e7irilmesi gibi, elli ya\u015f\u0131nda iken 2008 y\u0131l\u0131nda Saadet Partisinin ba\u015f\u0131na oturtulan bu Numan Kurtulmu\u015f\u2019un:<\/strong><\/span><\/p>\n<p style=\"text-align: justify;\"><span style=\"font-family: arial,helvetica,sans-serif; font-size: 10pt;\"><strong>Oktay Ek\u015fi\u2019den Taha Akyol\u2019a, Hadi \u00d6z\u0131\u015f\u0131k\u2019tan Hilal Kaplan\u2019a Erbakan g\u0131c\u0131kl\u0131\u011f\u0131yla me\u015fhur marazl\u0131lara\u2026 Hakan Akbayrak\u2019tan Ekrem K\u0131z\u0131lta\u015f gibi m\u00fcnaf\u0131klara b\u00fct\u00fcn fesat cephesince alk\u0131\u015flan\u0131p sahip \u00e7\u0131k\u0131lmas\u0131 bile, maalesef baz\u0131 gafil ve safdillerin hala g\u00f6z\u00fcn\u00fc a\u00e7am\u0131yordu.<\/strong><\/span><\/p>\n<p style=\"text-align: justify;\"><span style=\"font-family: arial,helvetica,sans-serif; font-size: 10pt;\"><strong>\u201cYeni medeniyet projesi\u201d gibi d\u0131\u015f\u0131 ho\u015f i\u00e7i bo\u015f kof sloganlar \u00fcretip \u201cAdil D\u00fczen, faizsiz sistem, D-8\u2019ler ve \u0130slam Birli\u011fi\u201d gibi Mili G\u00f6r\u00fc\u015f\u00fc farkl\u0131 ve faziletli k\u0131lan ve davam\u0131z\u0131n temel esas ve ama\u00e7lar\u0131n\u0131 olu\u015fturan s\u00f6ylemleri \u00f6zenle a\u011fz\u0131na almaktan sak\u0131nan Bay Numan bu tarz\u0131yla d\u00fcnyay\u0131 y\u00f6neten Siyonist mahfillere \u201cbeni g\u00f6r\u00fcn ve de\u011ferlendirin\u201d mesaj\u0131 m\u0131 veriyordu?<\/strong><\/span><\/p>\n<p style=\"text-align: justify;\"><span style=\"font-family: arial,helvetica,sans-serif; font-size: 10pt;\"><strong> <\/strong><\/span><\/p>\n<p style=\"text-align: justify;\"><span style=\"font-family: arial,helvetica,sans-serif; font-size: 10pt;\"><strong>\u015eiir:<\/strong><\/span><\/p>\n<p style=\"text-align: justify;\"><span style=\"font-family: arial,helvetica,sans-serif; font-size: 10pt;\"><strong>\u201cKim olay\u0131 k\u00f6kten \u00e7\u00f6zmek isterse<\/strong><\/span><\/p>\n<p style=\"text-align: justify;\"><span style=\"font-family: arial,helvetica,sans-serif; font-size: 10pt;\"><strong>Par\u00e7ada kalmas\u0131n, b\u00fct\u00fcne baks\u0131n\u2026<\/strong><\/span><\/p>\n<p style=\"text-align: justify;\"><span style=\"font-family: arial,helvetica,sans-serif; font-size: 10pt;\"><strong>G\u00e2vurlar birine, destek verirse<\/strong><\/span><\/p>\n<p style=\"text-align: justify;\"><span style=\"font-family: arial,helvetica,sans-serif; font-size: 10pt;\"><strong>S\u00f6ylemi yav\u015fak\u2019\u0131n s\u00fct\u00fcne baks\u0131n!<\/strong><\/span><\/p>\n<p style=\"text-align: justify;\"><span style=\"font-family: arial,helvetica,sans-serif; font-size: 10pt;\"><strong> <\/strong><\/span><\/p>\n<p style=\"text-align: justify;\"><span style=\"font-family: arial,helvetica,sans-serif; font-size: 10pt;\"><strong>Saadete yamanan, boy boslu kukla<\/strong><\/span><\/p>\n<p style=\"text-align: justify;\"><span style=\"font-family: arial,helvetica,sans-serif; font-size: 10pt;\"><strong>Hi\u00e7 derdi olmam\u0131\u015f, davayla hakla<\/strong><\/span><\/p>\n<p style=\"text-align: justify;\"><span style=\"font-family: arial,helvetica,sans-serif; font-size: 10pt;\"><strong>Sirkte oynat\u0131l\u0131r, gizli \u00e7ubukla<\/strong><\/span><\/p>\n<p style=\"text-align: justify;\"><span style=\"font-family: arial,helvetica,sans-serif; font-size: 10pt;\"><strong>Sinsi sabatay\u0131n putuna baks\u0131n!\u201d<\/strong><\/span><\/p>\n<p style=\"text-align: justify;\"><span style=\"font-family: arial,helvetica,sans-serif; font-size: 10pt;\"><strong> <\/strong><\/span><\/p>\n<p style=\"text-align: justify;\"><span style=\"font-family: arial,helvetica,sans-serif; font-size: 10pt;\"><strong>\u0130\u015fte olayl\u0131 iftar ve iftiralarla ilgili bas\u0131n a\u00e7\u0131klamas\u0131:<\/strong><\/span><\/p>\n<p style=\"text-align: justify;\"><span style=\"font-family: arial,helvetica,sans-serif; font-size: 10pt;\"><strong>(27 A\u011fustos 2010 &#8211; SP \u0130l Binas\u0131 \u00d6n\u00fc)<\/strong><\/span><\/p>\n<p style=\"text-align: justify;\"><span style=\"font-family: arial,helvetica,sans-serif; font-size: 10pt;\"><em>Sayg\u0131 de\u011fer Bas\u0131n Mensuplar\u0131, Aziz Milletimizin g\u00fczide evlatlar\u0131;<\/em><\/span><\/p>\n<p style=\"text-align: justify;\"><span style=\"font-family: arial,helvetica,sans-serif; font-size: 10pt;\"><em>Bug\u00fcn biz burada Saadet Partili g\u00f6zalt\u0131 ma\u011fdurlar\u0131 olarak bulunuyoruz. Ma\u011fdur diyoruz zira hi\u00e7birimizin tasvip etmedi\u011fi, iftarda ya\u015fanan hadiseler, burada bulunan ki\u015filere fatura edilmi\u015ftir. <\/em><strong><i>Biz, hepimiz Saadet Partimizin aktif \u00e7al\u0131\u015fanlar\u0131y\u0131z.<\/i><\/strong><em> Bu iftira ve karalaman\u0131n asl\u0131 a\u015fa\u011f\u0131da anlat\u0131laca\u011f\u0131m\u0131z gibidir.<\/em><\/span><\/p>\n<p style=\"text-align: justify;\"><span style=\"font-family: arial,helvetica,sans-serif; font-size: 10pt;\"><em>\u0130ftarda ya\u015fanan olaylara bug\u00fcnk\u00fc mevcut y\u00f6netim sebep olmu\u015ftur. Bunu \u00f6rtbas edebilmek i\u00e7in hemen 40 ki\u015fiden olu\u015ftu\u011funu bildi\u011fimiz bir liste alelacele haz\u0131rlanm\u0131\u015f ve savc\u0131l\u0131\u011fa bildirilmi\u015ftir. Ortak noktalar\u0131, mevcut y\u00f6netim taraftar\u0131 olmayan bu insanlar\u0131, <\/em><strong><i>ancak ter\u00f6ristlere reva g\u00f6r\u00fclebilecek bir \u015fekilde gece yar\u0131s\u0131 operasyonuyla \u00e7oluk \u00e7ocu\u011funun g\u00f6z\u00fc \u00f6n\u00fcnde sahur sofralar\u0131ndan derdest edilerek evlerinden ald\u0131r\u0131lm\u0131\u015flard\u0131r.<\/i><\/strong><\/span><\/p>\n<p style=\"text-align: justify;\"><span style=\"font-family: arial,helvetica,sans-serif; font-size: 10pt;\"><em>Emniyete vard\u0131\u011f\u0131m\u0131zda salonda olmayan \u00fc\u00e7 arkada\u015f\u0131m\u0131z\u0131n orada oldu\u011funu g\u00f6rd\u00fck. Hatta bu \u00fc\u00e7 ki\u015fiden Numan Balc\u0131 (\u0130l Y\u00f6netim Kurulu \u00dcyesi) isimli arkada\u015f\u0131m\u0131z\u0131n \u00e7al\u0131\u015ft\u0131\u011f\u0131 kurumda mesaisi olmas\u0131 sebebiyle iftar program\u0131na hi\u00e7 gelmedi\u011fi i\u015fyeri kamera kay\u0131tlar\u0131nda mevcuttur. B\u00fct\u00fcn bunlar karakol kay\u0131tlar\u0131na ge\u00e7irilip zapturapt alt\u0131na al\u0131nm\u0131\u015ft\u0131r.<\/em><\/span><\/p>\n<p style=\"text-align: justify;\"><span style=\"font-family: arial,helvetica,sans-serif; font-size: 10pt;\"><em>Bu konuyla alakal\u0131 olarak m\u00fc\u015ftekilere, ni\u00e7in bu isimleri verdiniz diye soruldu\u011funda \u00fc\u00e7 b\u00fcy\u00fck yemin edilerek b\u00f6yle bir listenin verilmedi\u011fi, emniyetin g\u00f6r\u00fcnt\u00fclerden o isimleri tespit etti\u011fi yalan\u0131n\u0131 s\u00f6ylemi\u015flerdir. Bunun \u00fczerine <\/em><strong><i>oraya hi\u00e7 gelmemi\u015f insanlar\u0131n nas\u0131l kamera kay\u0131tlar\u0131nda g\u00f6r\u00fcnt\u00fclenece\u011fi<\/i><\/strong><em> soruldu\u011funda ise s\u00f6yledikleri yalanlar\u0131n, iftiralar\u0131n ve ettikleri yeminlerin alt\u0131nda ezilmi\u015fler ve tek kelime dahi edememi\u015flerdir.<\/em><\/span><\/p>\n<p style=\"text-align: justify;\"><span style=\"font-family: arial,helvetica,sans-serif; font-size: 10pt;\"><strong><i>Yavuz h\u0131rs\u0131z ev sahibini su\u00e7lu \u00e7\u0131karmakta o kadar acemice davranm\u0131\u015ft\u0131r<\/i><\/strong><em> ki, iftar gecesi \u00e7\u0131kar\u0131lan olaylarda su\u00e7\u00fcst\u00fc yakaland\u0131\u011f\u0131 gibi, g\u00f6zalt\u0131na ald\u0131rma i\u015fleminde de ayn\u0131 acemili\u011fi ortaya koymu\u015ftur. Bu panik ve hatalar tamamen su\u00e7luluk psikolojisinden kaynaklanmaktad\u0131r.<\/em><\/span><\/p>\n<p style=\"text-align: justify;\"><span style=\"font-family: arial,helvetica,sans-serif; font-size: 10pt;\"><em>M\u00fc\u015ftekilere bir noktada te\u015fekk\u00fcr bor\u00e7luyuz, o da \u015fudur ki; Bizim olaylarla ve arbedeyle hi\u00e7bir alakam\u0131z olmad\u0131\u011f\u0131n\u0131 emniyette resmi olarak kay\u0131tlara ge\u00e7irme imkan\u0131 do\u011fmu\u015f ve ger\u00e7ek failleri tespit etme imkan\u0131 yakalam\u0131\u015f\u0131zd\u0131r. Emniyetteki g\u00f6r\u00fcnt\u00fclerin a\u00e7\u0131k\u00e7a delil oldu\u011fu olaylar aynen \u015fu \u015fekilde cereyan etmi\u015ftir.<\/em><\/span><\/p>\n<p style=\"text-align: justify;\"><span style=\"font-family: arial,helvetica,sans-serif; font-size: 10pt;\"><em>Gayet nezih bir ortamda ba\u015flayan programda Kur\u2019an-\u0131 Kerim okunurken il ba\u015fkan yard\u0131mc\u0131lar\u0131ndan birinin ve isimlerini sonradan tespit etti\u011fimiz adamlar\u0131n\u0131n Fatih il\u00e7e ba\u015fkan yard\u0131mc\u0131s\u0131 \u015eenol D\u00fczg\u00fcn\u2019\u00fcn oturdu\u011fu masaya gelerek \u00e7e\u015fitli hakaret ve tahriklerle iftar sofras\u0131ndan kald\u0131rarak salon d\u0131\u015f\u0131na atmaya \u00e7al\u0131\u015fmas\u0131yla ya\u015fanan arbede <\/em><strong><i>\u015eenol D\u00fczg\u00fcn\u2019\u00fcn sa\u011fduyulu davranmas\u0131yla k\u0131sa zamanda yat\u0131\u015ft\u0131r\u0131lm\u0131\u015ft\u0131r<\/i><\/strong><em>. Fakat bu hadise Erbakanc\u0131 gen\u00e7lik Kur\u2019an okunurken slogan at\u0131p masalar\u0131 devirdi \u015feklinde bas\u0131na servis edilmi\u015ftir. Ger\u00e7ekler yukar\u0131da anlat\u0131ld\u0131\u011f\u0131 gibidir ve emniyet kay\u0131tlar\u0131 da bunu a\u00e7\u0131k\u00e7a ortaya koymaktad\u0131r.<\/em><\/span><\/p>\n<p style=\"text-align: justify;\"><span style=\"font-family: arial,helvetica,sans-serif; font-size: 10pt;\"><em>Bunun akabinde Numan Kurtulmu\u015f\u2019un gelmesiyle program gayet sakin ve nezih bir ortamda ba\u015flam\u0131\u015ft\u0131r. Kur\u2019an tilavetinin, ezan okunmas\u0131n\u0131n, iftar\u0131n a\u00e7\u0131lmas\u0131n\u0131n ard\u0131ndan il ba\u015fkan\u0131 Erol Erdo\u011fan\u2019\u0131n konu\u015fmas\u0131 ger\u00e7ekle\u015fmi\u015f ve telgraflar\u0131n okunmas\u0131na kadar her \u015fey normal s\u00fcrecinde ilerlemi\u015ftir.<\/em><\/span><\/p>\n<p style=\"text-align: justify;\"><span style=\"font-family: arial,helvetica,sans-serif; font-size: 10pt;\"><em>Erbakan Hocam\u0131z\u2019\u0131n telgraf\u0131 okundu\u011funda \u015fimdiye kadar t\u00fcm programlarda oldu\u011fu gibi salon <\/em><strong><i>b\u00fcy\u00fck bir co\u015fku, a\u015fk ve \u00f6zlemle \u201cM\u00fccahid Erbakan\u201d<\/i><\/strong><em> slogan\u0131 atmaya ba\u015flam\u0131\u015ft\u0131r. \u0130\u015fte tam bu noktada, b\u00fct\u00fcn misafirlerin, g\u00fcvenlik seviyesi en \u00fcst d\u00fczeyde olan numaral\u0131 davetiyelerle salona al\u0131nmas\u0131na kar\u015f\u0131n, il gen\u00e7lik ba\u015fkan yard\u0131mc\u0131lar\u0131ndan birinin usuls\u00fcz bir \u015fekilde davetiyesiz olarak salona ald\u0131\u011f\u0131 yirmi ki\u015filik grup ve onlara e\u015flik eden birka\u00e7 ki\u015fi (isimleri bizde ve emniyette mahfuz) devreye girmi\u015f ve \u201cM\u00fccahid Erbakan\u201d diye slogan atan insanlara \u00e7e\u015fitli <\/em><strong><i>hakaret, k\u00fcf\u00fcr, fiili olarak taciz<\/i><\/strong><em> <\/em><strong><i>ve tahrikte<\/i><\/strong><em> bulunmu\u015flard\u0131r.<\/em><\/span><\/p>\n<p style=\"text-align: justify;\"><span style=\"font-family: arial,helvetica,sans-serif; font-size: 10pt;\"><em>Biri ana y\u00f6netimin il ba\u015fkan yard\u0131mc\u0131s\u0131 di\u011feri gen\u00e7li\u011fin il ba\u015fkan yard\u0131mc\u0131s\u0131 olan bu ki\u015filerin salona getirdikleri bu \u015fah\u0131slar\u0131n masalar\u0131 devirip, slogan atan insanlar\u0131n \u00fczerine tabak, \u00e7atal, b\u0131\u00e7ak, tuzluk gibi \u015feyler f\u0131rlatarak \u00fczerlerine y\u00fcr\u00fcmek suretiyle arbedeye sebep olduklar\u0131 emniyetteki g\u00f6r\u00fcnt\u00fclerde de apa\u00e7\u0131k ortadad\u0131r ve tespit edebildiklerimiz ifade tutanaklar\u0131m\u0131za ge\u00e7irilmi\u015ftir. <\/em><strong><i>\u0130ddia edildi\u011fi gibi; \u201cM\u00fccahid Erbakan\u201d diye ba\u011f\u0131ran insanlar\u0131n hi\u00e7biri arbedeye sebep olmam\u0131\u015ft\u0131r.<\/i><\/strong><\/span><\/p>\n<p style=\"text-align: justify;\"><span style=\"font-family: arial,helvetica,sans-serif; font-size: 10pt;\"><strong><i>Su\u00e7 olarak g\u00f6r\u00fclebilecek tek \u015feyleri \u201cM\u00fccahid Erbakan\u201d diye ba\u011f\u0131rmalar\u0131d\u0131r.<\/i><\/strong><em> Bunun da hukuken su\u00e7 olmad\u0131\u011f\u0131 sadece <\/em><strong><i>mevcut y\u00f6netimin buna tahamm\u00fcl edemedi\u011fi<\/i><\/strong><em> bu olaylarla bir kez daha \u00e7ok net bir \u015fekilde ortaya \u00e7\u0131km\u0131\u015ft\u0131r.<\/em><\/span><\/p>\n<p style=\"text-align: justify;\"><span style=\"font-family: arial,helvetica,sans-serif; font-size: 10pt;\"><em>U\u011frad\u0131\u011f\u0131m\u0131z bu iftira ve ma\u011fduriyet kar\u015f\u0131s\u0131nda gerekli bilgi, belge ve g\u00f6r\u00fcnt\u00fclerin haz\u0131rlanmas\u0131 neticesinde adli y\u0131l tatilinin bitmesiyle hemen davalar\u0131m\u0131z\u0131 a\u00e7arak hakk\u0131m\u0131z\u0131 sonuna kadar arayaca\u011f\u0131z.<\/em><\/span><\/p>\n<p style=\"text-align: justify;\"><span style=\"font-family: arial,helvetica,sans-serif; font-size: 10pt;\"><em>Burada en \u00f6nemli husus \u015fudur ki;<\/em><\/span><\/p>\n<p style=\"text-align: justify;\"><span style=\"font-family: arial,helvetica,sans-serif; font-size: 10pt;\"><strong><i>Milli G\u00f6r\u00fc\u015f gen\u00e7li\u011fi imanl\u0131, inan\u00e7l\u0131 ve son derece \u015fuurlu bir gen\u00e7liktir.<\/i><\/strong><em> B\u0131rak\u0131n iftar sofras\u0131 da\u011f\u0131tmas\u0131n\u0131 d\u00fc\u015f\u00fcnmek, tam aksine Chicago sokaklar\u0131nda uyu\u015fturucu \u00e7eken \u00e7ocuklar\u0131n dahi \u00fcz\u00fcnt\u00fcs\u00fcn\u00fc y\u00fcre\u011finde ta\u015f\u0131yacak kadar \u015fefkat ve merhamet sahibidir. Yeni bir d\u00fcnya kurmak i\u00e7in canla ba\u015fla \u00e7al\u0131\u015fmas\u0131 da bunun en b\u00fcy\u00fck delilidir.<\/em><\/span><\/p>\n<p style=\"text-align: justify;\"><span style=\"font-family: arial,helvetica,sans-serif; font-size: 10pt;\"><strong><i>Birilerinin iddia etti\u011fi ya da olmas\u0131n\u0131 umdu\u011fu gibi hi\u00e7bir provokatif eylem i\u00e7erisinde olmam\u0131\u015ft\u0131r ve bundan sonra da olmayacakt\u0131r. Camiam\u0131za ve camiam\u0131z\u0131n ileri gelenlerine yap\u0131lacak her t\u00fcrl\u00fc provokatif eyleminde kar\u015f\u0131s\u0131nda olacakt\u0131r. <\/i><\/strong><\/span><\/p>\n<p style=\"text-align: justify;\"><span style=\"font-family: arial,helvetica,sans-serif; font-size: 10pt;\"><em>Ayr\u0131ca bu s\u00fcre\u00e7te ayn\u0131 d\u00fcnya g\u00f6r\u00fc\u015f\u00fcn\u00fc payla\u015ft\u0131\u011f\u0131m\u0131z <\/em><strong><i>kalem sahibi a\u011fabeylerimiz ve ablalar\u0131m\u0131z\u0131n olaylar\u0131n s\u0131cakl\u0131\u011f\u0131ndan kaynaklanan hassasiyetlerinden \u00f6t\u00fcr\u00fc g\u00f6zalt\u0131na al\u0131nanlara y\u00f6nelik yazd\u0131klar\u0131 yaz\u0131lardan dolay\u0131 da hi\u00e7bir k\u0131rg\u0131nl\u0131k i\u00e7erisinde de\u011filiz.<\/i><\/strong><em> <\/em><strong><i>G\u00f6zalt\u0131na al\u0131nan bizlere, bir telefon kadar yak\u0131n olduklar\u0131n\u0131 bildi\u011fimiz bu kalem sahipleri ke\u015fke yaz\u0131lar\u0131n\u0131 kaleme almadan bizlerle de g\u00f6r\u00fc\u015fseydiler.<\/i><\/strong><\/span><\/p>\n<p style=\"text-align: justify;\"><span style=\"font-family: arial,helvetica,sans-serif; font-size: 10pt;\"><strong><i>Milli G\u00f6r\u00fc\u015f gen\u00e7li\u011fi, Erbakan Hocas\u0131na son derece ba\u011fl\u0131 olarak verdi\u011fi s\u00f6z gere\u011fi, iyinin, g\u00fczelin, do\u011frunun, faydal\u0131n\u0131n ve adil olan\u0131n hakim olmas\u0131 i\u00e7in b\u00fct\u00fcn g\u00fcc\u00fcyle ve her t\u00fcrl\u00fc imkan\u0131yla \u015fimdiye kadar oldu\u011fu gibi bundan sonra da canla ba\u015fla \u00e7al\u0131\u015facakt\u0131r.<\/i><\/strong><\/span><\/p>\n<p style=\"text-align: justify;\"><span style=\"font-family: arial,helvetica,sans-serif; font-size: 10pt;\"><em>Zafer inananlar\u0131nd\u0131r ve zafer yak\u0131nd\u0131r.<\/em><\/span><\/p>\n<p style=\"text-align: justify;\"><span style=\"font-family: arial,helvetica,sans-serif; font-size: 10pt;\"><em>Aziz milletimize sayg\u0131yla duyurulur.<\/em><\/span><\/p>\n<p style=\"text-align: justify;\"><span style=\"font-family: arial,helvetica,sans-serif; font-size: 10pt;\"><b> \u0130ftar ma\u011fdurlar\u0131 ve ifadeye \u00e7a\u011fr\u0131lanlar\u0131n adlar\u0131 ve sorumluluklar\u0131:<\/b><\/span><\/p>\n<p style=\"text-align: justify;\"><span style=\"font-family: arial,helvetica,sans-serif; font-size: 10pt;\"><b>1- Sebahattin Yi\u011fit:<\/b> \u0130stanbul B.\u015e.B Meclis \u00fcyesi ve \u0130l Y\u00f6netim Kurulu \u00fcyesi<\/span><\/p>\n<p style=\"text-align: justify;\"><span style=\"font-family: arial,helvetica,sans-serif; font-size: 10pt;\"><b>2- Zafer Emaneto\u011flu:<\/b> \u0130l Ba\u015fkan Yard\u0131mc\u0131s\u0131 ve B\u00fcy\u00fck Kongre Delegesi<\/span><\/p>\n<p style=\"text-align: justify;\"><span style=\"font-family: arial,helvetica,sans-serif; font-size: 10pt;\"><b>3- H\u00fcseyin Terzi: <\/b>B\u00fcy\u00fck Kongre Delegesi ve \u0130l Gen\u00e7lik Kollar\u0131 E. Ba\u015fkan\u0131<\/span><\/p>\n<p style=\"text-align: justify;\"><span style=\"font-family: arial,helvetica,sans-serif; font-size: 10pt;\"><b>4- Numan Balc\u0131:<\/b> \u0130l Y\u00f6netim Kurulu \u00fcyesi<\/span><\/p>\n<p style=\"text-align: justify;\"><span style=\"font-family: arial,helvetica,sans-serif; font-size: 10pt;\"><b>5- Tu\u011frul Yal\u00e7\u0131nkaya:<\/b> Esenler Belediyesi Meclis \u00fcyesi<\/span><\/p>\n<p style=\"text-align: justify;\"><span style=\"font-family: arial,helvetica,sans-serif; font-size: 10pt;\"><b>6- Erol Urhan:<\/b> Saadet Partisi 3.B\u00f6lge Milletvekili aday\u0131<\/span><\/p>\n<p style=\"text-align: justify;\"><span style=\"font-family: arial,helvetica,sans-serif; font-size: 10pt;\"><b>7- S\u00fcleyman Arslan:<\/b> Esenler E. \u0130l\u00e7e Ba\u015fkan Yard\u0131mc\u0131s\u0131<\/span><\/p>\n<p style=\"text-align: justify;\"><span style=\"font-family: arial,helvetica,sans-serif; font-size: 10pt;\"><b>8- Erkan Helvac\u0131:<\/b> \u0130l Halkla \u0130li\u015fkiler Birimi Ba\u015fkan Yrd.<\/span><\/p>\n<p style=\"text-align: justify;\"><span style=\"font-family: arial,helvetica,sans-serif; font-size: 10pt;\"><b>9- Ahmet Kaba:<\/b> \u0130l Halkla \u0130li\u015fkiler Birimi Ba\u015fkan Yrd.<\/span><\/p>\n<p style=\"text-align: justify;\"><span style=\"font-family: arial,helvetica,sans-serif; font-size: 10pt;\"><b>10- \u015eenol D\u00fczg\u00fcn:<\/b> Fatih \u0130l\u00e7e Ba\u015fkan Yard\u0131mc\u0131s\u0131<\/span><\/p>\n<p style=\"text-align: justify;\"><span style=\"font-family: arial,helvetica,sans-serif; font-size: 10pt;\"><b>11- \u0130lhan G\u00fcnay: <\/b>Maltepe \u0130l\u00e7e Ba\u015fkan Yard\u0131mc\u0131s\u0131<\/span><\/p>\n<p style=\"text-align: justify;\"><span style=\"font-family: arial,helvetica,sans-serif; font-size: 10pt;\"><b>12- Zekai Tatl\u0131:<\/b> \u0130l Gen\u00e7lik Kollar\u0131 Y\u00f6netim Kurulu \u00fcyesi<\/span><\/p>\n<p style=\"text-align: justify;\"><span style=\"font-family: arial,helvetica,sans-serif; font-size: 10pt;\"><b>13- \u00d6mer S\u00f6nmezg\u00fcl:<\/b> \u0130l Gen\u00e7lik Kollar\u0131 Y\u00f6netim Kurulu \u00fcyesi<\/span><\/p>\n<p style=\"text-align: justify;\"><span style=\"font-family: arial,helvetica,sans-serif; font-size: 10pt;\"><b>14- Yasin Baydaro\u011flu:<\/b> G\u00fcng\u00f6ren \u0130l\u00e7e Gen\u00e7lik Kollar\u0131 Ba\u015fkan\u0131<\/span><\/p>\n<p style=\"text-align: justify;\"><span style=\"font-family: arial,helvetica,sans-serif; font-size: 10pt;\"><b>15- Adem Boz:<\/b> Ata\u015fehir \u0130l\u00e7e Gen\u00e7lik Kollar\u0131 Ba\u015fkan\u0131<\/span><\/p>\n<p style=\"text-align: justify;\"><span style=\"font-family: arial,helvetica,sans-serif; font-size: 10pt;\"><b>16- Emrah Da\u011f\u0131tma\u00e7:<\/b> Ata\u015fehir \u0130l\u00e7e Gen\u00e7lik Kollar\u0131 Ba\u015fkan Yrd.<\/span><\/p>\n<p style=\"text-align: justify;\"><span style=\"font-family: arial,helvetica,sans-serif; font-size: 10pt;\"><b>17- Dursun Aktel:<\/b> Kartal \u0130l\u00e7e Gen\u00e7lik Kollar\u0131 Ba\u015fkan Yrd.<\/span><\/p>\n<p style=\"text-align: justify;\"><span style=\"font-family: arial,helvetica,sans-serif; font-size: 10pt;\"><b>18- Adem Bulut:<\/b> Kartal \u0130l\u00e7e Gen\u00e7lik Kollar\u0131 Ba\u015fkan Yrd.<\/span><\/p>\n<p style=\"text-align: justify;\"><span style=\"font-family: arial,helvetica,sans-serif; font-size: 10pt;\"><b>19- Bayram Elmac\u0131:<\/b> Maltepe \u0130l\u00e7e Gen\u00e7lik Kollar\u0131 Ba\u015fkan Yrd.<\/span><\/p>\n<p style=\"text-align: justify;\"><span style=\"font-family: arial,helvetica,sans-serif; font-size: 10pt;\"><b>20- Tevfik Yaz\u0131c\u0131lar:<\/b> \u0130l E.Tan\u0131t\u0131m komisyonu \u00dcyesi<\/span><\/p>\n<p style=\"text-align: justify;\"><span style=\"font-family: arial,helvetica,sans-serif; font-size: 10pt;\"><b>21- Osman Baltac\u0131:<\/b> Esenler Fatih Mahallesi Ba\u015fkan\u0131<\/span><\/p>\n<p style=\"text-align: justify;\"><span style=\"font-family: arial,helvetica,sans-serif; font-size: 10pt;\"><b>22- Sabri \u00dclker:<\/b> Esenler Fatih Mahallesi Ba\u015fkan Yard\u0131mc\u0131s\u0131<\/span><\/p>\n<div style=\"text-align: justify;\">\n<p><span style=\"font-family: arial,helvetica,sans-serif; font-size: 10pt;\"><strong>Burhan Ayeri\u2019nin ayars\u0131zl\u0131\u011f\u0131!<\/strong><\/span><\/p>\n<p><span style=\"font-family: arial,helvetica,sans-serif; font-size: 10pt;\"><strong>6 Eyl\u00fcl 2010 Ak\u015fam\u2019daki yaz\u0131s\u0131nda:<\/strong><\/span><\/p>\n<p><span style=\"font-family: arial,helvetica,sans-serif; font-size: 10pt;\"><strong><i>\u201cPirimiz, \u00fcstad\u0131m\u0131z ve de Hocam\u0131z Prof. Dr. Necmettin Erbakan bas\u0131n toplant\u0131s\u0131nda kerhen de olsa evet diyor.. Bir yerden \u00f6teki tarafa ancak d\u00f6rt ki\u015finin yard\u0131m\u0131yla gidebiliyor. Ama hala 2011 de iktidarday\u0131z diye konu\u015fabiliyor\u2026<\/i><\/strong><\/span><\/p>\n<p><span style=\"font-family: arial,helvetica,sans-serif; font-size: 10pt;\"><strong><i>Terc\u00fcman y\u0131llar\u0131nday\u0131z. Kemal Il\u0131cak, Hoca\u2019y\u0131 sen takip et dedi. Hava ve deniz harp okullar\u0131ndaki mezuniyet t\u00f6renlerine kat\u0131ld\u0131. Dikkat ettik, her gitti\u011fi yerde namaz k\u0131l\u0131yor. Son ziyaret bizim tesislere&#8230; Ondan \u00f6nce f\u0131rlad\u0131k; \u201cBilardo \u00e7uhas\u0131n\u0131 haz\u0131rlay\u0131n, mutlaka burada da namaza duracakt\u0131r\u201d talimat\u0131 verdik. Ger\u00e7ekten namaza durdu. Hemen (Kemal Il\u0131cak\u2019\u0131n) yan\u0131na yakla\u015ft\u0131k ve kula\u011f\u0131na:<\/i><\/strong><\/span><\/p>\n<p><span style=\"font-family: arial,helvetica,sans-serif; font-size: 10pt;\"><strong><i>\u201cBravo Hoca\u2019ya, bunca s\u00fcre abdest almad\u0131. Demek ki her taraf\u0131na hakim\u201di f\u0131s\u0131ldad\u0131k..\u201d<\/i><\/strong><\/span><\/p>\n<p><span style=\"font-family: arial,helvetica,sans-serif; font-size: 10pt;\"><strong>\u015feklindeki \u00e7irkin ve edepsiz s\u00f6zlerini okuyunca, art\u0131k a\u011fz\u0131na ve ba\u015fka azalar\u0131na hakim olamayan Burhan Ayeri\u2019ye bir ayar verilmesi gerekiyordu.<\/strong><\/span><\/p>\n<p><span style=\"font-family: arial,helvetica,sans-serif; font-size: 10pt;\"><strong>\u00c7\u00fcnk\u00fc bu duyars\u0131z;<\/strong><\/span><\/p>\n<p><span style=\"font-family: arial,helvetica,sans-serif; font-size: 10pt;\"><strong>a)&nbsp;&nbsp; Hoca\u2019n\u0131n g\u00f6steri\u015f i\u00e7in namaz k\u0131ld\u0131\u011f\u0131n\u0131 s\u00f6yleyip z\u0131rval\u0131yordu.<\/strong><\/span><\/p>\n<p><span style=\"font-family: arial,helvetica,sans-serif; font-size: 10pt;\"><strong>b)&nbsp;&nbsp; Abdestsiz namaz k\u0131lm\u0131\u015f olabilece\u011fini ima ediyordu.<\/strong><\/span><\/p>\n<p><span style=\"font-family: arial,helvetica,sans-serif; font-size: 10pt;\"><strong>c)&nbsp;&nbsp; Hoca\u2019n\u0131n sa\u011fl\u0131k ve ya\u015fl\u0131l\u0131k sorunlar\u0131n\u0131 alay konusu yapmaktan utanm\u0131yordu.<\/strong><\/span><\/p>\n<p><span style=\"font-family: arial,helvetica,sans-serif; font-size: 10pt;\"><strong>Oysa:<\/strong><\/span><\/p>\n<p><span style=\"font-family: arial,helvetica,sans-serif; font-size: 10pt;\"><strong>1.&nbsp;&nbsp; As\u0131l riyak\u00e2r ve sahtek\u00e2r adam, dindar kesimlerin \u00f6n\u00fcnde namaz k\u0131lar, ama Kara ve Deniz harp okullar\u0131 t\u00f6reninde ve laik generallerin g\u00f6rece\u011fi yerde korkar ve namaz\u0131 terk ederdi. Hoca, i\u015fte inanc\u0131n\u0131n gere\u011fini yapma konusunda kimseyi takm\u0131yordu.<\/strong><\/span><\/p>\n<p><span style=\"font-family: arial,helvetica,sans-serif; font-size: 10pt;\"><strong>2.&nbsp;&nbsp; Burhan Bey, e\u011fer b\u00fct\u00fcn bunlar\u0131 uydurup yalan s\u00f6ylemiyorsa, olay\u0131 anlat\u0131rken bir ayars\u0131zl\u0131k yap\u0131p, vakitleri belirtmiyordu. \u00c7\u00fcnk\u00fc Hoca, ilk ziyaretinde gecikmi\u015f olan \u00f6\u011flen namaz\u0131n\u0131, ikinci u\u011frad\u0131\u011f\u0131 yerde ikindi namaz\u0131n\u0131, son gitti\u011fi mahallede ise, ak\u015fam namaz\u0131n\u0131 k\u0131ld\u0131\u011f\u0131 anla\u015f\u0131l\u0131yordu ki, \u00f6zellikle i\u015fleri ve g\u00f6r\u00fc\u015fmeleri yo\u011fun devlet adamlar\u0131n\u0131n mutlaka namazlar\u0131n\u0131 bu \u015fekilde k\u0131lmalar\u0131, aksi halde k\u00f6kten terk etmeleri gerekiyordu. Tabi kulluk sorumlulu\u011funa ve ibadet \u015fuuruna varamayanlar\u0131n bu titizli\u011fi kavramas\u0131 beklenmiyordu.<\/strong><\/span><\/p>\n<p><span style=\"font-family: arial,helvetica,sans-serif; font-size: 10pt;\"><strong>3.&nbsp;&nbsp; Erbakan Hoca\u2019n\u0131n k\u00fc\u00e7\u00fck ya\u015ftan itibaren namaz\u0131n\u0131 k\u0131lan, orucunu tutan ve haramlardan sak\u0131nan birisi oldu\u011funu dost d\u00fc\u015fman tan\u0131yan herkes takdir etmektedir. Yani sizin gibi zavall\u0131 z\u0131rtolara g\u00f6steri\u015f yapmaya ve yaranmaya tenezz\u00fcl edecek birisi de\u011fildir. Bu d\u00fc\u015f\u00fcnceler sizin basit kurgunuz ve kuruntunuzdu.<\/strong><\/span><\/p>\n<p><span style=\"font-family: arial,helvetica,sans-serif; font-size: 10pt;\"><strong>4.&nbsp;&nbsp; Bir \u00f6\u011fle abdestiyle, ikindi ve ak\u015fam\u0131 da k\u0131lmak, \u00e7ok \u00f6zel mazereti olmayan herkesin rahatl\u0131kla yapabilece\u011fi bir \u015feydir. Burhan Ayeri\u2019nin:<\/strong><\/span><\/p>\n<p><span style=\"font-family: arial,helvetica,sans-serif; font-size: 10pt;\"><strong>\u201cBravo, demek ki Hoca her taraf\u0131na hakim\u2026\u201d<\/strong><\/span><\/p>\n<p><span style=\"font-family: arial,helvetica,sans-serif; font-size: 10pt;\"><strong>gibi a\u015fa\u011f\u0131 ve baya\u011f\u0131 bir tav\u0131rla terbiyesizle\u015fmesine verilecek ve o sivri dilini d\u00fc\u011f\u00fcmleyecek tumturakl\u0131 yan\u0131tlar\u0131m\u0131z \u00e7oktu, ama Hocam\u0131z\u0131n s\u00f6z konusu edildi\u011fi bir yaz\u0131da m\u00fcnasip d\u00fc\u015fm\u00fcyordu.<\/strong><\/span><\/p>\n<p><span style=\"font-family: arial,helvetica,sans-serif; font-size: 10pt;\"><strong>5. Burhan Ayeri\u2019nin:<\/strong><\/span><\/p>\n<p><span style=\"font-family: arial,helvetica,sans-serif; font-size: 10pt;\"><strong>\u201cErbakan yerinden kalkam\u0131yor, buna ra\u011fmen 2011\u2019de iktidara geleceklerini s\u00f6yl\u00fcyor\u2026\u201d ele\u015ftirisine gelince:<\/strong><\/span><\/p>\n<p><span style=\"font-family: arial,helvetica,sans-serif; font-size: 10pt;\"><strong>a)&nbsp;&nbsp; \u00d6nce siyaset, bilek g\u00fcc\u00fcyle ve beden din\u00e7li\u011fiyle de\u011fil, satran\u00e7 gibi beyinle ve bilgelikle y\u00fcr\u00fct\u00fclen bir hizmet sahas\u0131d\u0131r. Bilmiyorsan sor, Mason \u00fcstatlar\u0131n\u0131z size 100 ya\u015f\u0131na gelmi\u015f Rockefeller ve Rotschild gibi Siyonist Yahudilerin bir torba ila\u00e7 yutarak ve yatakl\u0131 iskemle ile dola\u015farak, zalim s\u00f6m\u00fcr\u00fc siyasetleri i\u00e7in hala nas\u0131l \u00e7al\u0131\u015f\u0131p \u00e7\u0131rp\u0131nacaklar\u0131n\u0131 anlatacakt\u0131r.<\/strong><\/span><\/p>\n<p><span style=\"font-family: arial,helvetica,sans-serif; font-size: 10pt;\"><strong>b)&nbsp;&nbsp; K\u0131rk y\u0131ld\u0131r, Siyonist ve emperyalist destekli d\u00f6rt m\u00fcdahale ile partileri kapat\u0131lan ve lideri yasaklanan Milli G\u00f6r\u00fc\u015f\u2019\u00fcn, daha \u00f6nce nas\u0131l yeniden dirilip, derlenip koalisyonlar\u0131n kilidi ve nihayetinde iktidar partisi oldu ise, \u015fimdi de aynen \u00f6yle olacakt\u0131r. Mason Localar\u0131n\u0131z ve g\u00e2vur patronlar\u0131n\u0131z istemese de, hi\u00e7bir g\u00fc\u00e7 bu kutlu sona engel olamayacakt\u0131r. Ve bug\u00fcn s\u00f6ylediklerinizi bekleyin \u00e7ok yak\u0131nda birileri size hat\u0131rlat\u0131p y\u00fcz\u00fcn\u00fcz\u00fc k\u0131zartacakt\u0131r.<\/strong><\/span><\/p>\n<p><span style=\"font-family: arial,helvetica,sans-serif; font-size: 10pt;\"><strong>c)&nbsp;&nbsp; Erbakan\u2019la alay etmek, \u015fimdilik belki Mason patronlar\u0131n\u0131z ve Siyonist tanr\u0131lar\u0131n\u0131z yan\u0131nda size aferin ve ulufe kazand\u0131r\u0131r; ama sonunda \u00f6ylesine pi\u015fman ve peri\u015fan olursunuz ki\u2026\u2026<\/strong><\/span><\/p>\n<p><span style=\"font-family: arial,helvetica,sans-serif; font-size: 10pt;\"><strong>Ne demi\u015f \u015fair:<\/strong><\/span><\/p>\n<p><span style=\"font-family: arial,helvetica,sans-serif; font-size: 10pt;\"><strong>\u201cY\u00fckseklere t\u00fck\u00fcrme, d\u00f6n\u00fcp y\u00fcz\u00fcne d\u00fc\u015fer <\/strong><\/span><\/p>\n<p><span style=\"font-family: arial,helvetica,sans-serif; font-size: 10pt;\"><strong>Uyuz ve ucuz mahl\u00fbk, cami dibine i\u015fer\u2026\u201d<\/strong><\/span><\/p>\n<\/p><\/div>\n<p style=\"text-align: justify;\"><span style=\"font-family: arial,helvetica,sans-serif; font-size: 10pt;\"><strong>Oda TV solcular\u0131n\u0131n ve ulusalc\u0131lar\u0131n \u00e7ifte standard\u0131<\/strong><\/span><\/p>\n<p style=\"text-align: justify;\"><span style=\"font-family: arial,helvetica,sans-serif; font-size: 10pt;\"><strong>\u00c7ifte standart\u00e7\u0131l\u0131k, psikolojik bir hastal\u0131k ve sahtek\u00e2rl\u0131kt\u0131r.&nbsp; Eski tabirle iki y\u00fczl\u00fcl\u00fck ve m\u00fcnaf\u0131kl\u0131kt\u0131r. \u015eu Oda TV yazarlar\u0131n\u0131n ve ulusalc\u0131-ayd\u0131nl\u0131k\u00e7\u0131 tak\u0131m\u0131n\u0131n baz\u0131lar\u0131;<\/strong><\/span><\/p>\n<ul style=\"text-align: justify;\">\n<li><span style=\"font-family: arial,helvetica,sans-serif; font-size: 10pt;\"><strong>\u00b7 <\/strong><strong>27 May\u0131s ve 28 \u015eubat darbelerine alk\u0131\u015f tutar, ama 12 Mart\u2019a ve 12 Eyl\u00fcl\u2019e kar\u015f\u0131 \u00e7\u0131karlar.<\/strong><\/span><\/li>\n<li><span style=\"font-family: arial,helvetica,sans-serif; font-size: 10pt;\"><strong>\u00b7 <\/strong><strong>Ola\u011fan\u00fcst\u00fc d\u00f6nemlerinin \u00f6zel mahkemeleri kendi adamlar\u0131n\u0131 tutuklay\u0131p i\u00e7eri t\u0131kar ve \u00e7e\u015fitli cezalara \u00e7arp\u0131t\u0131r\u0131rsa: \u201cYarg\u0131 siyasalla\u015f\u0131yor, insanlar talimatla su\u00e7lu ilan ediliyor\u201d diye bas bas ba\u011f\u0131r\u0131rlar&#8230; <\/strong><\/span><\/li>\n<\/ul>\n<p style=\"text-align: justify;\"><span style=\"font-family: arial,helvetica,sans-serif; font-size: 10pt;\"><strong>Ama, siyasi partilerin hesap i\u015flerine Anayasa Mahkemesinin bakaca\u011f\u0131 konusundaki yasa h\u00fckm\u00fc \u00e7i\u011fnenerek ve Genel Ba\u015fkanlar\u0131n\u0131n gelir-gider i\u015fleriyle sorumlu olmad\u0131\u011f\u0131 biline biline ve ayn\u0131 t\u00fcr bir iddia kar\u015f\u0131s\u0131nda CHP Anayasa Mahkemesince denetlendi\u011fi ve sadece ilgi birim hesaba \u00e7ekildi\u011fi halde, haks\u0131z ve dayanaks\u0131z bi\u00e7imde su\u00e7lan\u0131p kay\u0131p trilyon bahanesiyle cezaland\u0131r\u0131lan Erbakan Hoca olunca, bu durumu \u201cEfendim hukukun karar\u0131na inan\u0131r\u0131z ve sayg\u0131 duyar\u0131z\u201d diye dillerine dolamaktan utanmazlar.<\/strong><\/span><\/p>\n<p style=\"text-align: justify;\"><span style=\"font-family: arial,helvetica,sans-serif; font-size: 10pt;\"><strong>Oysa biz, hukukilik kisvesi ge\u00e7irilen Ergenekon keyfili\u011fine de, ABD Yahudi Lobileri talimat\u0131yla i\u015fbirlik\u00e7i pa\u015fa ma\u015fa tak\u0131m\u0131n\u0131n tertipledi\u011fi 28 \u015eubat m\u00fcdahalesine ve Erbakan\u2019a y\u00f6nelik kahpeliklere de kar\u015f\u0131 \u00e7\u0131kar\u0131z. \u0130\u015fte fark\u0131m\u0131z\u2026<\/strong><\/span><\/p>\n<p style=\"text-align: justify;\"><span style=\"font-family: arial,helvetica,sans-serif; font-size: 10pt;\"><strong>Kuruntulu Numanlar\u0131n Arnavutk\u00f6y fiyaskolar\u0131:<\/strong><\/span><\/p>\n<p style=\"text-align: justify;\"><span style=\"font-family: arial,helvetica,sans-serif; font-size: 10pt;\"><strong>Saadet Partisi\u2019nin me\u015fruiyetini yitiren Genel Ba\u015fkan\u0131 Numan Kurtulmu\u015f&#8217;un \u0130stanbul\u2019u Facebook\u2019tan y\u00f6netece\u011fini zanneden \u0130l Ba\u015fkan\u0131 Erol Erdo\u011fan taraf\u0131ndan Prof Dr. Necmettin ERBAKAN&#8217;\u0131n Anadolu Gen\u00e7lik Derne\u011fi\u2019nin d\u00fczenledi\u011fi iftara kat\u0131laca\u011f\u0131 g\u00fcn d\u00fczenlemeye \u00e7al\u0131\u015ft\u0131\u011f\u0131 Arnavutk\u00f6y&#8217;de &#8220;Anayasaya Evet&#8221; mitingi tam bir fiyasko ile sonu\u00e7lanm\u0131\u015ft\u0131.<\/strong><\/span><\/p>\n<p style=\"text-align: justify;\"><span style=\"font-family: arial,helvetica,sans-serif; font-size: 10pt;\"><strong>Milli G\u00f6r\u00fc\u015f\u00e7\u00fclerin Say\u0131n Erbakan&#8217;\u0131n iftar\u0131nda bulu\u015ftu\u011fu bir s\u0131rada buraya kat\u0131lmamak i\u00e7in kendisine bahane \u00e7\u0131karmak amac\u0131yla Arnavutk\u00f6y\u2019de bir miting tertip etmeye \u00e7al\u0131\u015fan Facebook \u0130l Ba\u015fkan\u0131 Erol Erdo\u011fan, miting alan\u0131nda bir avu\u00e7 insanla kar\u015f\u0131la\u015fm\u0131\u015ft\u0131. Miting alan\u0131nda bulunan k\u00fc\u00e7\u00fck gurubun b\u00fcy\u00fck k\u0131sm\u0131n\u0131 da davet ettikleri sivil polisler olu\u015fturmaktayd\u0131. <\/strong><\/span><\/p>\n<p style=\"text-align: justify;\"><span style=\"font-family: arial,helvetica,sans-serif; font-size: 10pt;\"><strong>&#8220;Referanduma Evet&#8221; mitinginde alandan Numanistlerin korkulu r\u00fcyas\u0131 haline gelen &#8220;M\u00fccahid Erbakan&#8221; , &#8220;Hocaya sadakat \u015ferefimizdir&#8221;, sloganlar\u0131n\u0131n y\u00fckseldi\u011fi de gelen haberler aras\u0131ndayd\u0131.<\/strong><a href=\"#_ftn2\" name=\"_ftnref2\">[2]<\/a><strong>&nbsp;<\/strong><\/span><\/p>\n<p style=\"text-align: justify;\"><span style=\"font-family: arial,helvetica,sans-serif; font-size: 10pt;\"><strong>2 y\u0131ldan bu yana marazl\u0131 medyan\u0131n Kurtulmu\u015f\u2019a verdi\u011fi hava meydanlara yans\u0131mam\u0131\u015ft\u0131. Kurtulmu\u015f ekibinin \u0130stanbul\u2019un Arnavutk\u00f6y il\u00e7esinde d\u00fczenledi\u011fi referanduma destek amac\u0131yla \u201c\u015eimdilik Evet\u201d mitinginde \u015fok ya\u015fanm\u0131\u015f, medyada yer alan \u00f6vg\u00fcler Kurtulmu\u015f\u2019a yaramam\u0131\u015ft\u0131. Bu ekibin d\u00fczenledi\u011fi ilk mitinge kat\u0131l\u0131m say\u0131s\u0131 muhtarl\u0131k i\u00e7in yap\u0131lan se\u00e7imlerden daha azd\u0131. <\/strong><\/span><\/p>\n<p style=\"text-align: justify;\"><span style=\"font-family: arial,helvetica,sans-serif; font-size: 10pt;\"><strong>Ayn\u0131 gece Erbakan\u2019\u0131n kat\u0131ld\u0131\u011f\u0131 iftarda 6.500 Saadet partili haz\u0131rd\u0131<\/strong><\/span><\/p>\n<p style=\"text-align: justify;\"><span style=\"font-family: arial,helvetica,sans-serif; font-size: 10pt;\"><strong>Anadolu Gen\u00e7lik Derne\u011fi \u0130stanbul \u015fubesinin d\u00fczenledi\u011fi iftar program\u0131n\u0131n onur konu\u011fu Milli G\u00f6r\u00fc\u015f Lideri Necmettin Erbakan\u2019d\u0131. Miting ile ayn\u0131 g\u00fcn d\u00fczenlenen geleneksel iftar program\u0131na yakla\u015f\u0131k 6.500 ki\u015fi kat\u0131l\u0131rken Kurtulmu\u015f ve ekibinin d\u00fczenledi\u011fi mitinge sadece \u015fi\u015firme bir rakamla 200 civar\u0131nda insan toplanm\u0131\u015ft\u0131.<\/strong><\/span><\/p>\n<p style=\"text-align: justify;\"><span style=\"font-family: arial,helvetica,sans-serif; font-size: 10pt;\"><strong>Kurtulmu\u015f ve ekibine her yerde tepki vard\u0131<\/strong><strong>&nbsp;<\/strong><\/span><\/p>\n<p style=\"text-align: justify;\"><span style=\"font-family: arial,helvetica,sans-serif; font-size: 10pt;\"><strong>\u00d6zellikle SP\u2019nin olayl\u0131 kongresinin ard\u0131ndan Kurtulmu\u015f ve ekibinin d\u00fczenledi\u011fi b\u00fct\u00fcn organizasyonlarda protesto g\u00f6sterileri hat safhaya ula\u015ft\u0131. Ordu, Rize, Diyarbak\u0131r, Bursa, \u0130stanbul, Antalya, Eski\u015fehir, \u0130zmir, Yozgat, Kocaeli, Ankara ve Tokat\u2019\u0131n ard\u0131ndan \u0130stanbul\u2019da da Kurtulmu\u015f ve ekibi kat\u0131ld\u0131\u011f\u0131 her programda Milli G\u00f6r\u00fc\u015f taban\u0131 taraf\u0131ndan istifa sesleri ile kar\u015f\u0131lanmaktayd\u0131.<\/strong><\/span><\/p>\n<p style=\"text-align: justify;\"><span style=\"font-family: arial,helvetica,sans-serif; font-size: 10pt;\"><strong>Siyasi g\u00f6zlemciler bu tabloya bakarak Kurtulmu\u015f ve ekibinin istifalar\u0131n\u0131n art\u0131k an meselesi oldu\u011funu konu\u015fmaktayd\u0131.<\/strong><a href=\"#_ftn3\" name=\"_ftnref3\">[3]<\/a><strong>&nbsp;<\/strong><\/span><\/p>\n<p style=\"text-align: justify;\"><span style=\"font-family: arial,helvetica,sans-serif; font-size: 10pt;\"><strong>Bu arada Ramazan Bayram\u0131 kucakla\u015fmas\u0131n\u0131 \u0130l binas\u0131nda de\u011fil, Sultan Ahmet Camiinde ve bayram namaz\u0131n\u0131 m\u00fcteakiben yap\u0131lmas\u0131 karar\u0131 da, Numan Kurtulmu\u015f ve ekibinin, Milli G\u00f6r\u00fc\u015f\u00e7\u00fclerin partiye gelmeyecekleri korkusundan kaynaklanmaktayd\u0131. <\/strong><\/span><\/p>\n<p style=\"text-align: justify;\"><span style=\"font-family: arial,helvetica,sans-serif; font-size: 10pt;\"><strong>\u015eiir:<\/strong><\/span><\/p>\n<p style=\"text-align: justify;\"><span style=\"font-family: arial,helvetica,sans-serif; font-size: 10pt;\"><strong>HAD\u0130 ORDAN!<\/strong><\/span><\/p>\n<p style=\"text-align: justify;\"><span style=\"font-family: arial,helvetica,sans-serif; font-size: 10pt;\">Kur\u2019an\u0131n: <em><b>\u201cM\u00fcminleri (ve hak yolunda gayret edenleri kollay\u0131p kurtarmam\u0131z bizim \u00fczerimize hakt\u0131r.\u201d<\/b><\/em> (Yunus:103) Ferman\u0131n\u0131 duydu\u011fu halde<\/span><\/p>\n<p style=\"text-align: justify;\"><span style=\"font-family: arial,helvetica,sans-serif; font-size: 10pt;\">Hala zalimlerden korkan Yezittir!<\/span><\/p>\n<p style=\"text-align: justify;\"><span style=\"font-family: arial,helvetica,sans-serif; font-size: 10pt;\">Cenab\u0131 Hakka tevekk\u00fcl edece\u011fine<\/span><\/p>\n<p style=\"text-align: justify;\"><span style=\"font-family: arial,helvetica,sans-serif; font-size: 10pt;\">Mahl\u00fbka g\u00fcvenenler,<\/span><\/p>\n<p style=\"text-align: justify;\"><span style=\"font-family: arial,helvetica,sans-serif; font-size: 10pt;\">Aklen zavall\u0131, ahlaken zaiftir!<\/span><\/p>\n<p style=\"text-align: justify;\"><span style=\"font-family: arial,helvetica,sans-serif; font-size: 10pt;\">\u201cRealite\u201d diyerek g\u00fcce tap\u0131nanlar<\/span><\/p>\n<p style=\"text-align: justify;\"><span style=\"font-family: arial,helvetica,sans-serif; font-size: 10pt;\">Ve ya\u011fl\u0131 kemik u\u011fruna rantiyecilik yapanlar<\/span><\/p>\n<p style=\"text-align: justify;\"><span style=\"font-family: arial,helvetica,sans-serif; font-size: 10pt;\">Haysiyet ve cesaret ehlini k\u0131skan\u0131r, hasiddir!<\/span><\/p>\n<p style=\"text-align: justify;\"><span style=\"font-family: arial,helvetica,sans-serif; font-size: 10pt;\">Baz\u0131lar\u0131; H\u0131ristiyanlar gibi: \u201c\u00c7arm\u0131ha gerilip \u00f6ld\u00fcr\u00fclen.\u201d<\/span><\/p>\n<p style=\"text-align: justify;\"><span style=\"font-family: arial,helvetica,sans-serif; font-size: 10pt;\">Yahudiler gibi: \u201cG\u00fcre\u015filip s\u0131rt\u0131 yere getirilen\u201d<\/span><\/p>\n<p style=\"text-align: justify;\"><span style=\"font-family: arial,helvetica,sans-serif; font-size: 10pt;\">Aciz ilahlar uydurup sap\u0131tan<\/span><\/p>\n<p style=\"text-align: justify;\"><span style=\"font-family: arial,helvetica,sans-serif; font-size: 10pt;\">Vicdan\u0131 k\u0131t, iman\u0131 bat\u0131l Avrupa ve Amerika\u2019ya<\/span><\/p>\n<p style=\"text-align: justify;\"><span style=\"font-family: arial,helvetica,sans-serif; font-size: 10pt;\">S\u0131\u011f\u0131nacak kadar basittir!<\/span><\/p>\n<p style=\"text-align: justify;\"><span style=\"font-family: arial,helvetica,sans-serif; font-size: 10pt;\"><em><b>\u201cE\u011fer Allah\u2019a, peygambere ve Ona indirilene (Kur\u2019an\u0131 Kerim\u2019e) ger\u00e7ekten iman etselerdi, (Kitapl\u0131 ve kitaps\u0131z k\u00e2firleri) dost edinmez (Himayelerine s\u0131\u011f\u0131n\u0131p dine h\u0131yanet, zulme hizmet etmez)lerdi\u201d<\/b><\/em> (Maide:81)<\/span><\/p>\n<p style=\"text-align: justify;\"><span style=\"font-family: arial,helvetica,sans-serif; font-size: 10pt;\">Diyalogcu hocalar ve BOP\u2019\u00e7u top\u00e7ular<\/span><\/p>\n<p style=\"text-align: justify;\"><span style=\"font-family: arial,helvetica,sans-serif; font-size: 10pt;\">Ve k\u0131rk y\u0131l sonra Saadetin ba\u015f\u0131na oturtulan stopcular<\/span><\/p>\n<p style=\"text-align: justify;\"><span style=\"font-family: arial,helvetica,sans-serif; font-size: 10pt;\">Zemzem \u015fi\u015fesindeki asittir!<\/span><\/p>\n<p style=\"text-align: justify;\"><span style=\"font-family: arial,helvetica,sans-serif; font-size: 10pt;\">Bir yanda; \u201c<em><b>Vema tevfiyki illa billah<\/b><\/em>\u201d (Muvaffak\u0131yetim ancak Allah iledir) okuyacak<\/span><\/p>\n<p style=\"text-align: justify;\"><span style=\"font-family: arial,helvetica,sans-serif; font-size: 10pt;\">\u00d6te tarafta: \u201cAmerikas\u0131z hi\u00e7bir hay\u0131rl\u0131 giri\u015fim ba\u015far\u0131ya ula\u015famaz\u2026\u201d buyuracak\u2026<\/span><\/p>\n<p style=\"text-align: justify;\"><span style=\"font-family: arial,helvetica,sans-serif; font-size: 10pt;\">Bu d\u00fc\u015f\u00fcnce imana ve insanl\u0131\u011fa&nbsp; terstir!<\/span><\/p>\n<p style=\"text-align: justify;\"><span style=\"font-family: arial,helvetica,sans-serif; font-size: 10pt;\">\u00c7\u00fcnk\u00fc bu \u015firktir!..<\/span><\/p>\n<p style=\"text-align: justify;\"><span style=\"font-family: arial,helvetica,sans-serif; font-size: 10pt;\">Ve zalimlere za\u011farl\u0131k yapan terestir!<\/span><\/p>\n<p style=\"text-align: justify;\"><span style=\"font-family: arial,helvetica,sans-serif; font-size: 10pt;\">M\u00fc\u2019mine d\u00fc\u015fen:<\/span><\/p>\n<p style=\"text-align: justify;\"><span style=\"font-family: arial,helvetica,sans-serif; font-size: 10pt;\"><em><b>\u201cBenim iste\u011fim (ve g\u00f6revim) sadece g\u00fcc\u00fcm yetti\u011fince \u0131slah etmektir. BEN\u0130M BA\u015eARIM, ANCAK VE YALNIZ ALLAH(IN YARDIMI VE MURADI) \u0130LED\u0130R. (Bu nedenle) Ona tevekk\u00fcl ettim ve i\u00e7tenlikle Ona y\u00f6neldim\u201d<\/b><\/em> (Hud suresi ayet:88) demektir<\/span><\/p>\n<p style=\"text-align: justify;\"><span style=\"font-family: arial,helvetica,sans-serif; font-size: 10pt;\">Ya\u011fl\u0131 kemikleri ve mutfak d\u00f6k\u00fcnt\u00fcleri bol<\/span><\/p>\n<p style=\"text-align: justify;\"><span style=\"font-family: arial,helvetica,sans-serif; font-size: 10pt;\">Zalim ahlaks\u0131zlardan ayr\u0131l\u0131p<\/span><\/p>\n<p style=\"text-align: justify;\"><span style=\"font-family: arial,helvetica,sans-serif; font-size: 10pt;\">Ashab\u0131 Kehf\u2019in yan\u0131nda sadakatle, sefalete katlanan KITM\u0130R<\/span><\/p>\n<p style=\"text-align: justify;\"><span style=\"font-family: arial,helvetica,sans-serif; font-size: 10pt;\">Elbette \u015fereflidir\u2026<\/span><\/p>\n<p style=\"text-align: justify;\"><span style=\"font-family: arial,helvetica,sans-serif; font-size: 10pt;\">Ama para kar\u015f\u0131l\u0131\u011f\u0131 kiralan\u0131p<\/span><\/p>\n<p style=\"text-align: justify;\"><span style=\"font-family: arial,helvetica,sans-serif; font-size: 10pt;\">Zalimlerin gazete k\u00f6\u015felerine<\/span><\/p>\n<p style=\"text-align: justify;\"><span style=\"font-family: arial,helvetica,sans-serif; font-size: 10pt;\">Ve \u00e7iftlik evlerine ba\u011flan\u0131p<\/span><\/p>\n<p style=\"text-align: justify;\"><span style=\"font-family: arial,helvetica,sans-serif; font-size: 10pt;\">\u0130slam Birli\u011fine ve Adil D\u00fczene havlayanlar<\/span><\/p>\n<p style=\"text-align: justify;\"><span style=\"font-family: arial,helvetica,sans-serif; font-size: 10pt;\">Ve hay\u00e2s\u0131zca hak davan\u0131n liderine kafa tutanlar<\/span><\/p>\n<p style=\"text-align: justify;\"><span style=\"font-family: arial,helvetica,sans-serif; font-size: 10pt;\">Sadece ucuz ve uyuz bir \u0130TT\u0130R!<\/span><\/p>\n<p style=\"text-align: justify;\"><span style=\"font-family: arial,helvetica,sans-serif; font-size: 10pt;\">Milli G\u00f6r\u00fc\u015f\u2019te fesat\u00e7\u0131l\u0131k ve f\u0131rsat\u00e7\u0131l\u0131k yapanlar fa\u015fisttir!<\/span><\/p>\n<p style=\"text-align: justify;\"><span style=\"font-family: arial,helvetica,sans-serif; font-size: 10pt;\">Dolara ve madalyaya kuyruksallayan<\/span><\/p>\n<p style=\"text-align: justify;\"><span style=\"font-family: arial,helvetica,sans-serif; font-size: 10pt;\">\u201cAtoma kar\u015f\u0131 durulmaz\u201d sanan<\/span><\/p>\n<p style=\"text-align: justify;\"><span style=\"font-family: arial,helvetica,sans-serif; font-size: 10pt;\">Ve Mason Localar\u0131na za\u011farl\u0131k yapan<\/span><\/p>\n<p style=\"text-align: justify;\"><span style=\"font-family: arial,helvetica,sans-serif; font-size: 10pt;\">C\u00fcce beyinli ilahiyat\u00e7\u0131lar\u0131n fetvalar\u0131 fasittir!<\/span><\/p>\n<p style=\"text-align: justify;\"><span style=\"font-family: arial,helvetica,sans-serif; font-size: 10pt;\">Biz ger\u00e7eklerin diliyiz\u2026<\/span><\/p>\n<p style=\"text-align: justify;\"><span style=\"font-family: arial,helvetica,sans-serif; font-size: 10pt;\">\u00d6l\u00e7\u00fcm\u00fcz; \u00f6yle nefsani mant\u0131k ve mantalite de\u011fil<\/span><\/p>\n<p style=\"text-align: justify;\"><span style=\"font-family: arial,helvetica,sans-serif; font-size: 10pt;\">Her halde ayet ve hadistir\u2026<\/span><\/p>\n<p style=\"text-align: justify;\"><span style=\"font-family: arial,helvetica,sans-serif; font-size: 10pt;\">M\u00fcspet ilim ve akl\u0131selimdir.<\/span><\/p>\n<p style=\"text-align: justify;\"><span style=\"font-family: arial,helvetica,sans-serif; font-size: 10pt;\">Kur\u2019an\u0131 dinlemekteyiz:<\/span><\/p>\n<p style=\"text-align: justify;\"><span style=\"font-family: arial,helvetica,sans-serif; font-size: 10pt;\"><em><b>\u201cM\u00fc\u015frikler necistir!\u201d(<\/b><\/em>Tevbe:28)<\/span><\/p>\n<p style=\"text-align: justify;\"><span style=\"font-family: arial,helvetica,sans-serif; font-size: 10pt;\"><em><b>\u201cM\u00fcnaf\u0131klar habistir!\u201d<\/b><\/em> (Ali \u0130mran:179)<\/span><\/p>\n<div style=\"text-align: justify;\"><br clear=\"all\" \/>  <\/p>\n<hr size=\"1\" align=\"left\" width=\"33%\" \/>\n<div>\n<p><span style=\"font-family: arial,helvetica,sans-serif; font-size: 10pt;\"><a href=\"#_ftnref1\" name=\"_ftn1\">[1]<\/a> \u0130VED\u0130HABER.COM \/ 02 Eyl\u00fcl 2010<\/span><\/p>\n<\/p><\/div>\n<div>\n<p><span style=\"font-family: arial,helvetica,sans-serif; font-size: 10pt;\"><a href=\"#_ftnref2\" name=\"_ftn2\">[2]<\/a> \u00d6mer Faruk Ery\u0131lmaz \/ \u0130VED\u0130HABER.COM<\/span><\/p>\n<\/p><\/div>\n<div>\n<p><span style=\"font-family: arial,helvetica,sans-serif; font-size: 10pt;\"><a href=\"#_ftnref3\" name=\"_ftn3\">[3]<\/a> AJANS5.COM<\/span><\/p>\n<\/p><\/div>\n<\/p><\/div>\n","protected":false},"excerpt":{"rendered":"<p style=\"text-align: justify;\"><span style=\"font-family: arial,helvetica,sans-serif; font-size: 10pt;\">SP \u0130stanbul iftar\u0131ndaki karga\u015fay\u0131, dava sad\u0131klar\u0131na ve hatta Erbakan Hoca\u2019ya mal etmek i\u00e7in malum ve mel\u2019un medyadan AKP yanda\u015flar\u0131na, \u0130brahim Tenekeci gibi Milli Gazetedeki marazl\u0131lardan, Yeni \u015eafaktaki Hakan Albayrak karda\u015flar\u0131na kadar bir s\u00fcr\u00fc f\u0131rsat\u00e7\u0131, eylem ve s\u00f6ylem birli\u011fi etmi\u015f\u00e7esine, salyalar\u0131n\u0131 ak\u0131t\u0131p sald\u0131r\u0131yordu.<\/span><\/p>\n<p style=\"text-align: justify;\"><span style=\"font-family: arial,helvetica,sans-serif; font-size: 10pt;\">E\u015fek ar\u0131s\u0131n\u0131n arslana h\u00fccum etmesi cinsinden; \u201cHoca\u2019n\u0131n bug\u00fcnk\u00fc siyasetini basiret ve ferasetten uzak bulan\u201d k\u00fcstahl\u0131klar\u0131 okuyunca, \u201cAhseni takvime (en g\u00fczel ve en m\u00fckemmel ahlak y\u00fcceli\u011fine) mazhar ve m\u00fcsait kabiliyetlerle yarat\u0131lan insan\u0131n, nas\u0131l \u201cEsfeles-safiline\u201d (A\u015fa\u011f\u0131lar\u0131n a\u015fa\u011f\u0131s\u0131 derecelere) yuvarlan\u0131p yamukla\u015ft\u0131\u011f\u0131 (Bak: Tin suresi ayet 4-5) daha rahat anla\u015f\u0131l\u0131yordu.<\/span><\/p>\n<p> <span style=\"font-family: arial,helvetica,sans-serif; font-size: 10pt;\">  <\/p>\n","protected":false},"author":46,"featured_media":0,"comment_status":"open","ping_status":"closed","sticky":false,"template":"","format":"standard","meta":{"footnotes":""},"categories":[115],"tags":[],"class_list":["post-1894","post","type-post","status-publish","format-standard","hentry","category-ekim-2010"],"_links":{"self":[{"href":"https:\/\/www.millicozum.com\/mc\/wp-json\/wp\/v2\/posts\/1894","targetHints":{"allow":["GET"]}}],"collection":[{"href":"https:\/\/www.millicozum.com\/mc\/wp-json\/wp\/v2\/posts"}],"about":[{"href":"https:\/\/www.millicozum.com\/mc\/wp-json\/wp\/v2\/types\/post"}],"author":[{"embeddable":true,"href":"https:\/\/www.millicozum.com\/mc\/wp-json\/wp\/v2\/users\/46"}],"replies":[{"embeddable":true,"href":"https:\/\/www.millicozum.com\/mc\/wp-json\/wp\/v2\/comments?post=1894"}],"version-history":[{"count":0,"href":"https:\/\/www.millicozum.com\/mc\/wp-json\/wp\/v2\/posts\/1894\/revisions"}],"wp:attachment":[{"href":"https:\/\/www.millicozum.com\/mc\/wp-json\/wp\/v2\/media?parent=1894"}],"wp:term":[{"taxonomy":"category","embeddable":true,"href":"https:\/\/www.millicozum.com\/mc\/wp-json\/wp\/v2\/categories?post=1894"},{"taxonomy":"post_tag","embeddable":true,"href":"https:\/\/www.millicozum.com\/mc\/wp-json\/wp\/v2\/tags?post=1894"}],"curies":[{"name":"wp","href":"https:\/\/api.w.org\/{rel}","templated":true}]}}