{"id":1895,"date":"2010-09-21T12:34:22","date_gmt":"2010-09-21T12:34:22","guid":{"rendered":"https:\/\/www.millicozum.com\/mc\/2010\/09\/21\/erbakan-hocaya-goreturkiyedeki-insi-seytanlar-ve-sakirtleri\/"},"modified":"2010-09-21T12:34:22","modified_gmt":"2010-09-21T12:34:22","slug":"erbakan-hocaya-goreturkiyedeki-insi-seytanlar-ve-sakirtleri","status":"publish","type":"post","link":"https:\/\/www.millicozum.com\/mc\/2010\/ekim-2010\/erbakan-hocaya-goreturkiyedeki-insi-seytanlar-ve-sakirtleri\/","title":{"rendered":"ERBAKAN HOCA\u2019YA G\u00d6RE:T\u00dcRK\u0130YE\u2019DEK\u0130 \u0130NS\u0130 \u015eEYTANLAR VE \u015eAK\u0130RTLER\u0130!"},"content":{"rendered":"<p style=\"text-align: justify;\"><span style=\"font-family: arial,helvetica,sans-serif; font-size: 10pt;\">&nbsp;<b>\u201cT\u00fcrkiye\u2019de tehlikeli 3 \u015feytan bulunuyor\u201d<\/b><\/span><\/p>\n<div style=\"text-align: justify;\">\n<p><span style=\"font-family: arial,helvetica,sans-serif; font-size: 10pt;\"><b>Y\u0131llar \u00f6nce bir Hac d\u00f6nemiydi. S\u0131ra, Mina\u2019da \u015feytan ta\u015flamaya gelmi\u015fti. Erbakan Hoca: \u201cT\u00fcrkiye\u2019deki \u00fc\u00e7 \u015feytan\u0131 da ta\u015flamak gerek\u201d diyerek, yar\u0131 \u015faka yollu, \u00f6nemli bir ger\u00e7e\u011fe dikkat \u00e7ekmi\u015fti.<\/b><\/span><\/p>\n<p><span style=\"font-family: arial,helvetica,sans-serif; font-size: 10pt;\">Erbakan ve yan\u0131ndakiler Mina\u2019ya \u015feytan ta\u015flamak i\u00e7in gelmi\u015flerdi.<\/span><\/p>\n<p> <span style=\"font-family: arial,helvetica,sans-serif; font-size: 10pt;\">   <\/span> <\/p>\n<p><span style=\"font-family: arial,helvetica,sans-serif; font-size: 10pt;\">Mina\u2019da \u00fc\u00e7 simgesel \u015feytan vard\u0131. B\u00fcy\u00fck, orta ve k\u00fc\u00e7\u00fck \u015feytan. Hac\u0131lar Arafat\u2019tan sonra geceyi ge\u00e7irdikleri yer olan M\u00fczdelife\u2019de toplad\u0131klar\u0131 f\u0131nd\u0131k b\u00fcy\u00fckl\u00fc\u011f\u00fcndeki ta\u015flar\u0131 da yanlar\u0131nda getirmi\u015flerdi. Burada at\u0131lan ta\u015flar kafa-g\u00f6z yarmas\u0131n diye de \u015feytanlar\u0131 temsilen kal\u0131n beton s\u00fctunlar dikilmi\u015fti.<\/span><\/p>\n<p><span style=\"font-family: arial,helvetica,sans-serif; font-size: 10pt;\">Erbakan ve Heyeti \u201cHacc-\u0131 K\u0131ran\u2019a niyet ettikleri i\u00e7in M\u00fczdelife\u2019de herkes 49 ta\u015f toplam\u0131\u015ft\u0131. Bu ta\u015flardan ilk g\u00fcn bir \u015feytana yedi\u015fer defa, ikinci ve \u00fc\u00e7\u00fcnc\u00fc g\u00fcn ise \u00fc\u00e7 \u015feytana da yedi\u015fer defadan s\u0131rayla at\u0131l\u0131rd\u0131. Bu \u00fc\u00e7 \u015feytan\u0131n kimler oldu\u011fu soruldu\u011funda ise, Erbakan Hoca g\u00fcl\u00fcmseyerek: <b>\u201chi\u00e7 kimse a\u011fz\u0131mdan laf alamaz, s\u00f6ylemem. Hem bu \u00fc\u00e7 \u015feytan\u0131n kimler oldu\u011funu T\u00fcrkiye\u2019de herkes \u00e7ok iyi biliyor. Bundan hi\u00e7 \u015f\u00fcphem yok\u201d <\/b>diye cevap vermi\u015fti.<\/span><\/p>\n<p><span style=\"font-family: arial,helvetica,sans-serif; font-size: 10pt;\">\u015eeytan ta\u015flamak \u00f6yle g\u00f6r\u00fcnd\u00fc\u011f\u00fc gibi kolay bir i\u015f de\u011fildi. T\u00fcm hac\u0131 adaylar\u0131 o mah\u015feri kalabal\u0131kta \u015feytan ta\u015flanacak yere zar zor yakla\u015fabilmekteydi. Ve ta\u015flar\u0131n\u0131 teker teker f\u0131rlat\u0131p g\u00f6revlerini yerine getirmekteydi. O kadar \u00e7ok iti\u015fme kak\u0131\u015fma oluyordu ki bu \u015feytan ta\u015flama s\u0131ras\u0131nda bay\u0131lanlar\u0131n ve yaralananlar\u0131n say\u0131s\u0131 olduk\u00e7a fazla idi.<a name=\"_ftnref1\" href=\"#_ftn1\">[1]<\/a><\/span><\/p>\n<p><span style=\"font-family: arial,helvetica,sans-serif; font-size: 10pt;\"><b>Erbakan Hoca\u2019n\u0131n T\u00fcrkiye\u2019de de, hacdaki gibi manen ta\u015flamas\u0131 gereken \u00fc\u00e7 ki\u015fi veya kesim var&#8230; Bunlar\u0131 herkes \u00e7ok iyi biliyor\u201d tespiti ve benzetmesi bir \u201csehl-i m\u00fcmteni\u201ddir.<\/b><\/span><\/p>\n<p><span style=\"font-family: arial,helvetica,sans-serif; font-size: 10pt;\"><b>Sehl-i m\u00fcmteni:<\/b><b> <\/b><b>gayet kolay, basit ve sade zannedildi\u011fi halde, bulunup s\u00f6ylenmesi ve taklit edilmesi imk\u00e2ns\u0131z derecede \u00e7ok zor olan, geni\u015f anlaml\u0131 ve derin ama\u00e7l\u0131 s\u00f6zlerdir.<\/b><\/span><\/p>\n<p><span style=\"font-family: arial,helvetica,sans-serif; font-size: 10pt;\"><b>\u201cT\u00fcrkiye\u2019de de ta\u015flanmas\u0131, yani \u015ferlerinden sak\u0131n\u0131lmas\u0131 ve onlara kar\u015f\u0131 milli tav\u0131r al\u0131nmas\u0131 gereken \u00fc\u00e7 ki\u015fi ve kesim\u201d acaba kimlerdi?<\/b><\/span><\/p>\n<p><span style=\"font-family: arial,helvetica,sans-serif; font-size: 10pt;\"><b>Bunu sordu\u011fumuz dostlar\u0131m\u0131z \u00e7ok de\u011fi\u015fik, ama hepsi de m\u00fcmk\u00fcn ve m\u00fcnasip yan\u0131tlar vermi\u015flerdi.<\/b><\/span><\/p>\n<p><span style=\"font-family: arial,helvetica,sans-serif; font-size: 10pt;\"><b>Baz\u0131s\u0131: <\/b><\/span><\/p>\n<p><span style=\"font-family: arial,helvetica,sans-serif; font-size: 10pt;\"><b>\u201cO d\u00f6nemde siyaset y\u00fcr\u00fcten ve masonlar marifetiyle d\u0131\u015f g\u00fc\u00e7lere hizmet verip \u00fclkesine ve milletine h\u0131yanet eden \u00fc\u00e7 me\u015fhur \u015fahsiyettir\u201d demi\u015fti.<\/b><\/span><\/p>\n<p><span style=\"font-family: arial,helvetica,sans-serif; font-size: 10pt;\"><b>Bir k\u0131sm\u0131:<\/b><\/span><\/p>\n<p><span style=\"font-family: arial,helvetica,sans-serif; font-size: 10pt;\"><b>\u201cBunlar, o d\u00f6nemde devletin kilit noktalar\u0131ndaki malum ve mel\u2019un sabataistler ve mason biraderlerdir\u201d diye tahmin etmi\u015fti.<\/b><\/span><\/p>\n<p><span style=\"font-family: arial,helvetica,sans-serif; font-size: 10pt;\"><b>Bir tak\u0131mlar\u0131 ise:<\/b><\/span><\/p>\n<p><span style=\"font-family: arial,helvetica,sans-serif; font-size: 10pt;\"><b>\u201cO s\u00fcre\u00e7teki marazl\u0131 ve mason medyan\u0131n \u0130slam d\u00fc\u015fmanl\u0131\u011f\u0131nda ve Milli G\u00f6r\u00fc\u015f kar\u015f\u0131tl\u0131\u011f\u0131nda haddini a\u015fan \u015feytan\u0131n ba\u015f kalem\u015f\u00f6rleri\u201d olabilece\u011fini belirtmi\u015fti.<\/b><\/span><\/p>\n<p><span style=\"font-family: arial,helvetica,sans-serif; font-size: 10pt;\"><b>Bunlar\u0131n hepsi de do\u011fru olabilirdi, Hoca\u2019n\u0131n \u201c\u00fc\u00e7 \u015feytan\u201d tabirine uygun d\u00fc\u015ferdi\u2026 Daha do\u011frusu Hoca, \u015feytanlar\u0131 tarif etmi\u015fti, onlara m\u00fcnasip bir k\u0131l\u0131f bi\u00e7mi\u015fti, kime uygun d\u00fc\u015ferse ona giydirilmeliydi.<\/b><\/span><\/p>\n<\/p><\/div>\n<p style=\"text-align: justify;\"><span style=\"font-family: arial,helvetica,sans-serif; font-size: 10pt;\"><b>Zaten Kur\u2019an-\u0131 Kerim insanlar\u0131n kalbine vesvese verip \u00e7e\u015fitli ku\u015fku ve kuruntulara d\u00fc\u015f\u00fcren \u015feytanlar\u0131n hem C\u0130N\u2019lerden, hem de \u0130NSAN\u2019lardan olaca\u011f\u0131n\u0131 haber vermektedir. (Bak: Nas Suresi: 5-6)<\/b><\/span><\/p>\n<p style=\"text-align: justify;\"><span style=\"font-family: arial,helvetica,sans-serif; font-size: 10pt;\"><b>\u0130nsanlara vaatlerde bulunup bo\u015f hayal ve hevesler pe\u015finde ko\u015fturan, d\u00fcnyevi h\u0131rs ve arzularla haram ve haks\u0131zl\u0131k yolunda co\u015fturan, kof gurur ve kuruntularla aldat\u0131p h\u0131yanete kayd\u0131ran; haktan ve hay\u0131rdan sapt\u0131ran (Nisa: 120) \u015feytanlar ve insan suretli \u015fakirtlerini tan\u0131mak ve tedbir almak bir hidayet ve feraset i\u015fidir.<\/b><\/span><\/p>\n<p style=\"text-align: justify;\"><span style=\"font-family: arial,helvetica,sans-serif; font-size: 10pt;\"><b>Bug\u00fcn \u0130srail ve Yahudi Lobileri B\u00dcY\u00dcK \u015eEYTAN, ABD ve AB ORTA \u015eEYTAN, \u0130slam \u00fclkelerindeki i\u015fbirlik\u00e7i y\u00f6neticiler ve Masonik destek\u00e7ileri de K\u00dc\u00c7\u00dcK \u015eEYTAN yerindedir. Hak Davalar\u0131n hainleri de bunlar\u0131n \u015fakirtleridir.<\/b><\/span><\/p>\n<p style=\"text-align: justify;\"><span style=\"font-family: arial,helvetica,sans-serif; font-size: 10pt;\"><b>Bu \u015feytanlar\u0131n en tehlikeli taktikleri ve en sinsi tahripleri ise, kendi zul\u00fcm sistemlerini y\u0131k\u0131p, yerine Adil bir D\u00fczen getirecek hakl\u0131 ve hay\u0131rl\u0131 hareketi:<\/b><\/span><\/p>\n<ol style=\"text-align: justify; list-style-type: lower-alpha;\">\n<li><span style=\"font-family: arial,helvetica,sans-serif; font-size: 10pt;\"><b>Temel esaslar\u0131ndan, yani \u0130slami ve insani ama\u00e7lar\u0131ndan sapt\u0131rmak<\/b><\/span><\/li>\n<li><span style=\"font-family: arial,helvetica,sans-serif; font-size: 10pt;\"><b>O davan\u0131n \u015fahsi manevisi ve tabii lideri olan Zat\u2019\u0131n kontrol\u00fcnden \u00e7\u0131karmak<\/b><\/span><\/li>\n<li><span style=\"font-family: arial,helvetica,sans-serif; font-size: 10pt;\"><b>Sad\u0131k ve sa\u011flam hizmet erlerini saf d\u0131\u015f\u0131 b\u0131rakmak \u00fczere; ahlaki ZAAF\u0130YET ve sinsi h\u0131yanet ehli eliyle, gaflet ve safiyet sahiplerini y\u00f6nlendirmeleridir.<\/b><\/span><\/li>\n<\/ol>\n<p style=\"text-align: justify;\"><span style=\"font-family: arial,helvetica,sans-serif; font-size: 10pt;\"><b>\u0130\u015fte Erbakan Hoca\u2019n\u0131n 29 Temmuz 2010 TV5\u2019teki tarihi uyar\u0131lar\u0131 da, bu tehlikeyi hat\u0131rlatmak ve oyunlar\u0131 bozmak i\u00e7indir.<\/b><\/span><\/p>\n<p style=\"text-align: justify;\"><span style=\"font-family: arial,helvetica,sans-serif; font-size: 10pt;\"><b>Milli \u00c7\u00f6z\u00fcm olarak, iki y\u0131ld\u0131r Numan Kurtulmu\u015f ve ekibiyle ilgili b\u00fct\u00fcn tespit, tahlil ve tenkitlerimizde ne denli gerekli ve ger\u00e7ek\u00e7i oldu\u011fumuz da b\u00f6ylece tescil edilmi\u015ftir.<\/b><\/span><\/p>\n<p style=\"text-align: justify;\"><span style=\"font-family: arial,helvetica,sans-serif; font-size: 10pt;\"><b>Erbakan\u2019\u0131n siyaset ve hizmet y\u00f6ntemleri dikkat \u00e7ekiyor; hem de\u011ferleri, hem dengeleri g\u00f6zetiyor!<\/b><\/span><\/p>\n<p style=\"text-align: justify;\"><span style=\"font-family: arial,helvetica,sans-serif; font-size: 10pt;\"><b>Me\u015fhur Alim <\/b>\u0130bni Teymiyye bat\u0131l ve bozuk rejimlerle i\u015fbirli\u011fi yapmamakla (g\u00fcn\u00fcm\u00fczde buna pasif direni\u015f de deniliyor) isyan etmeyi birbirinden ay\u0131rm\u0131\u015ft\u0131r. <b>Bu noktada g\u00fcn\u00fcm\u00fczde bu prensibi ya\u015fatanlardan birisi Cevdet Said ve Halis \u00c7elebi\u2019dir. Yine Bedi\u00fczzaman gibi \u015fahsiyetler de hayatlar\u0131nda bu ilkeyi uygulam\u0131\u015f ve somutla\u015ft\u0131rarak ortaya koymu\u015flard\u0131r<\/b>. \u0130syan etmemi\u015fler, lakin tabi de olmam\u0131\u015flard\u0131r. Bilindi\u011fi gibi, \u201cisyan ahlak\u0131\u201d diye bir kavram vard\u0131r. \u0130bni Teymiyye\u2019nin tasvip etti\u011fi husus \u201cistink\u00e2f ahlak\u0131d\u0131r\u201d yani \u201cisyan de\u011fil, itaat etmeme\u201d tavr\u0131d\u0131r. Zaten \u2018Allah\u2019a isyanda kula itaat yoktur.\u2019 Prensibi bunu zorunlu k\u0131lmaktad\u0131r.<\/span><\/p>\n<p style=\"text-align: justify;\"><span style=\"font-family: arial,helvetica,sans-serif; font-size: 10pt;\">\u0130bni Teymiyye\u2019nin analizinden yola \u00e7\u0131kacak olursak; H\u00fcsn\u00fc M\u00fcbarek rejimine hatta o da yetmiyormu\u015f gibi Sarkozi rejimine bile: her noktada ve her olayda itaat eden ve teslimiyet g\u00f6steren Ezher \u015eeyhi Muhammed Seyit Tantavi g\u00fcn\u00fcm\u00fczde kimi veya hangi \u00e7izgiyi temsil etmektedir? <b>Ulu\u2019l emr ad\u0131na mutlak itaati benimseyen ve te\u015ffik eden T\u00fcrkiye\u2019den Zekeriya Beyaz ve M\u0131s\u0131r\u2019dan Ezher \u015eeyhi Tantavi anlay\u0131\u015f\u0131 kadim M\u00fcrcie \u00e7izgisinin g\u00fcn\u00fcm\u00fcze yans\u0131mas\u0131ndan ve uzanmas\u0131ndan ba\u015fka bir \u015fey de\u011fildir. (Il\u0131ml\u0131 \u0130slamc\u0131 ve Dinleraras\u0131 Diyalog kuklas\u0131 Fetullah G\u00fclen ise, \u0130srail\u2019i dahi \u201citaat olunacak otorite\u201d sayma gafletindedir)<\/b> Velhas\u0131l \u201csaltanat dalkavuklar\u0131 ve Firavun d\u00fczeninin Bel\u2019amlar\u0131\u201d g\u00fcn\u00fcm\u00fczde M\u00fcrcie anlay\u0131\u015f\u0131n\u0131 temsil etmektedir ki, o hangi y\u00f6netim olursa olsun mutlak itaati esas almaktad\u0131r. Onda isyan olmasa bile istink\u00e2f da yoktur. Her t\u00fcrl\u00fc i\u015f birli\u011fi ortam\u0131n\u0131n ucu a\u00e7\u0131kt\u0131r. Bu hususta, Nazif \u015eahino\u011flu, \u0130bni Teymiyye\u2019den \u015f\u00f6yle bir ibare nakletmektedir: \u201cAdil ve kanunlara tabi olan bir h\u00fck\u00fcmdara ve iktidara, emirlerinin gayr-\u0131 me\u015fru oldu\u011fu bilinmedi\u011fi s\u00fcrece; zalim bir h\u00fck\u00fcmdara ise \u201cemirlerinin me\u015frulu\u011fu bilindi\u011fi m\u00fcddet\u00e7e\u201d itaat etmek gerekir. M\u00fcrcie ve onlara tabi onlar\u0131n sand\u0131\u011f\u0131 gibi, k\u00f6t\u00fc ve zul\u00fcm de olsa h\u00fck\u00fcmete mutlak (k\u00f6r\u00fc k\u00f6r\u00fcne) itaat yoktur\u2026\u201d Demeki ki, mutlak itaat doktrini M\u00fcrcie\u2019nin fikir esaslar\u0131ndand\u0131r. Zira onlar g\u00fcnah\u0131 ve zulm\u00fc zarars\u0131z g\u00f6r\u00fcyorlar.<\/span><\/p>\n<p style=\"text-align: justify;\"><span style=\"font-family: arial,helvetica,sans-serif; font-size: 10pt;\">Bu arada M\u00fccazefe ile (geli\u015fig\u00fczel) isyan eden ve yapt\u0131klar\u0131n\u0131n nereye varaca\u011f\u0131n\u0131 bilmeyen ve hesap etmeyen Zeydiye anlay\u0131\u015f\u0131 vard\u0131r. Bug\u00fcn Yemen\u2019de Husiler, Zeydi anlay\u0131\u015f\u0131n\u0131 temsil ederken, El Kaide ise Harici anlay\u0131\u015f\u0131n\u0131 temsil etmektedir. \u0130bni Teymiyye bu anlay\u0131\u015f\u0131n da yanl\u0131\u015f oldu\u011funu \u015fu s\u00f6zleriyle ifade etmektedir: \u201cHarici, Mu\u2019tezilli ve Zeydi ve baz\u0131 S\u00fcnnilerin iddia ettikleri \u015fekilde, fas\u0131k ve cahil bir h\u00fck\u00fcmdar\u0131 sadece bu vas\u0131flar\u0131ndan dolay\u0131 makam\u0131n\u0131 terke davet ve tahttan inmedi\u011fi takdirde silah zoru ile onu indirmek de tehlikeli bir giri\u015fimdir. \u015eiilerin (Zeydiler kastediyorlar) d\u00fc\u015f\u00fcnd\u00fc\u011f\u00fc gibi b\u00f6yle idarecilere kar\u015f\u0131, memleketi anar\u015fiye s\u00fcr\u00fckleyecek tarzda mutlak bir itaatsizlik yersizdir. Yine bir ayr\u0131m yaparak kar\u0131\u015f\u0131kl\u0131\u011fa meydan verir d\u00fc\u015f\u00fcncesiyle, devlet ba\u015fkan\u0131n\u0131n azle k\u0131yam etmeme, fakat onun d\u0131\u015f\u0131ndaki b\u00fct\u00fcn yetkileri zorla azil yoluna gitmeyi planlamakta ge\u00e7ersizdir. Yap\u0131lacak ilk i\u015f, y\u00f6neticileri ikaz etmek, onlara yol g\u00f6stermek, itina ile ve usul\u00fcnce onlar\u0131 sorgulamak, yapt\u0131\u011f\u0131 ile yapmak istedi\u011fi halde yapamad\u0131\u011f\u0131n\u0131 hesaba katmak, sonra onun ve halk i\u00e7in en uygun olan yolu tercih etmektir.<a name=\"_ftnref2\" href=\"#_ftn2\">[2]<\/a><\/span><\/p>\n<p style=\"text-align: justify;\"><span style=\"font-family: arial,helvetica,sans-serif; font-size: 10pt;\"><b>Buradan \u00e7\u0131karaca\u011f\u0131m\u0131z ders \u015fudur: mutlak itaat yoktur ve mutlak itaatsizlik de yoktur. Biri realizm hastal\u0131\u011f\u0131d\u0131r ki, onu M\u00fcrcie temsil etmektedir. Di\u011feri ise idealizm hastal\u0131\u011f\u0131d\u0131r ki, onu Hariciler temsil etmektedir.\u201d<a name=\"_ftnref3\" href=\"#_ftn3\"><b>[3]<\/b><\/a> <\/b><\/span><\/p>\n<p style=\"text-align: justify;\"><span style=\"font-family: arial,helvetica,sans-serif; font-size: 10pt;\"><b>\u015eeytani d\u00fc\u015f\u00fcnce taraf\u0131ndan tarih boyunca geli\u015ftirilen; kaderin cilvesi ve imtihan gere\u011fi t\u00fcm d\u00fcnyada ve her sahada fiili hakimiyet f\u0131rsat\u0131na eri\u015fen Yahudi Siyonizm\u2019inin ve zul\u00fcm sisteminin zirvede oldu\u011fu bir s\u00fcre\u00e7te ortaya \u00e7\u0131kan Erbakan hoca ise, \u201cHastal\u0131k vir\u00fcs\u00fc ta\u015f\u0131yan b\u00f6cekleri \u00fcreten batakl\u0131\u011f\u0131 kurutmadan, sivrisinek avlamakla s\u0131k\u0131nt\u0131 ve sorunlar\u0131n a\u015f\u0131lamayaca\u011f\u0131n\u0131n\u201d bilinciyle harekete ge\u00e7mi\u015ftir.<\/b><\/span><\/p>\n<p style=\"text-align: justify;\"><span style=\"font-family: arial,helvetica,sans-serif; font-size: 10pt;\"><b>Hoca, ayn\u0131 zamanda: \u201cgloballe\u015fen bir d\u00fcnyada ve her hususta; ya etkin ve yetkin bir konuma gelmek gerekti\u011fini, aksi halde, de\u011fil bir \u00fclkede, hatta bir k\u00f6yde bile (Toplumun ezici \u00e7o\u011funlu\u011funun deste\u011fi ile iktidara gelmi\u015f olunsa dahi) tam olarak Adalet sisteminin y\u00fcr\u00fct\u00fclemeyece\u011finin ve s\u00f6z\u00fcn\u00fcn ge\u00e7meyece\u011finin fark\u0131nda ve \u015fuurunda ender bir liderdir.<\/b><\/span><\/p>\n<p style=\"text-align: justify;\"><span style=\"font-family: arial,helvetica,sans-serif; font-size: 10pt;\"><b>Bu nedenle, as\u0131rlar s\u00fcren \u015feytani bir cehd ve gayret sonucu; ekonomiden k\u00fclt\u00fcre, siyasetten b\u00fcrokrasiye, medyadan mafya \u00f6rg\u00fctlerine, sanayiden teknolojiye hemen her \u015feyi g\u00fcd\u00fcm\u00fcne almay\u0131 ba\u015farm\u0131\u015f; ABD ve AB \u00fclkelerini ve kalk\u0131nm\u0131\u015f Asya devletlerini kontrollerine alm\u0131\u015f bir Siyonizm canavar\u0131n\u0131n ve Deccalizm saltanat\u0131n\u0131n; kan damarlar\u0131n\u0131 kesecek, beynini ve sinir sistemini fel\u00e7 edecek haz\u0131rl\u0131klara giri\u015fmesi; basit kahramanl\u0131klara, fasit kavga ve karga\u015falara, resmi s\u0131fat\u0131 b\u00fcy\u00fck, ama h\u00fckmi ve hakiki yetki alan\u0131 d\u00fc\u015f\u00fck siyasi ba\u015far\u0131 ve iktidar havalar\u0131na ald\u0131rmay\u0131p, \u201cd\u00fcnyay\u0131 de\u011fi\u015ftirecek proje ve stratejilere\u201d y\u00f6nelmesi; hem akl\u0131n ve irfan\u0131n, hem Kur\u2019ani anlay\u0131\u015f\u0131n, hem de mevcut insani ihtiyac\u0131n bir neticesidir.<\/b><\/span><\/p>\n<p style=\"text-align: justify;\"><span style=\"font-family: arial,helvetica,sans-serif; font-size: 10pt;\"><b>Erbakan Hoca\u2019n\u0131n: \u201cde\u011fi\u015ferek d\u0131\u015f g\u00fc\u00e7lerin hizmetine girdi\u011fini\u201d belirtti\u011fi Ba\u015fbakan Erdo\u011fan\u2019a \u201cya Milli G\u00f6r\u00fc\u015f \u00e7izgisine d\u00f6neceksin, ya da hem kendini hem \u00fclkeni mahvedeceksin\u201d uyar\u0131s\u0131 geliyordu. Hoca, kendisiyle yap\u0131lan bir r\u00f6portajda y\u00f6netilen sorular\u0131 \u015f\u00f6yle yan\u0131tl\u0131yordu:<\/b><\/span><\/p>\n<p style=\"text-align: justify;\"><span style=\"font-family: arial,helvetica,sans-serif; font-size: 10pt;\"><b>Erbakan\u2019\u0131n g\u00fcnleri nas\u0131l ge\u00e7iyor?<\/b><\/span><\/p>\n<p style=\"text-align: justify;\"><span style=\"font-family: arial,helvetica,sans-serif; font-size: 10pt;\">\u201cBiz Elhamd\u00fclillah M\u00fcsl\u00fcman&#8217;\u0131z. Allah bizi dinimizden, davam\u0131zdan ve inanc\u0131m\u0131zdan ay\u0131rmas\u0131n. M\u00fcsl\u00fcman demek iyi insan demektir. \u0130nsanlar\u0131n hay\u0131rl\u0131s\u0131 ba\u015fkas\u0131na faydas\u0131 dokunand\u0131r. En b\u00fcy\u00fck fayda ise, b\u00fct\u00fcn insanlar\u0131n saadeti i\u00e7in yery\u00fcz\u00fcnde bir adil d\u00fczenin kurulmas\u0131 ve bir saadet d\u00fcnyas\u0131n\u0131n kurulmas\u0131d\u0131r. Bu yolda yap\u0131lan \u00e7al\u0131\u015fmalar en b\u00fcy\u00fck ibadettir. Ve insanl\u0131\u011fa yap\u0131lan en hay\u0131rl\u0131 hizmetlerdir. M\u00fcsl\u00fcman olarak bu hususta hepimiz m\u00fckellefiz, elimizden gelen gayretle \u00e7al\u0131\u015fmak mecburiyetindeyiz. Biz Ba\u015fbakanken bir yandan \u00fczerinde g\u00fcnl\u00fck g\u00f6revleri y\u00fcr\u00fctmek ve heyetleri kabul etmek gibi faaliyetleri s\u00fcrd\u00fcrd\u00fc\u011f\u00fcm\u00fcz bir \u00e7al\u0131\u015fma masam\u0131z vard\u0131, bir de arkada daha \u00f6nemli ve \u00f6ncelikli haz\u0131rl\u0131klar\u0131 yapmaya mahsus bir \u00e7al\u0131\u015fma odam\u0131z vard\u0131. S\u00fcrekli heyetler gelip gittik\u00e7e onlar \u00e7ok vakit almaktayd\u0131. Daima d\u00fc\u015f\u00fcnm\u00fc\u015f\u00fcmd\u00fcr ki, <b>\u201cben ke\u015fke iki ki\u015fi olsayd\u0131m da birisi bu heyetlerle me\u015fgul olsayd\u0131, birisi de i\u00e7erde as\u0131l temel meseleleri d\u00fc\u015f\u00fcn\u00fcp tanzim etseydi.\u201d<\/b><\/span><\/p>\n<p style=\"text-align: justify;\"><span style=\"font-family: arial,helvetica,sans-serif; font-size: 10pt;\"><b><i>\u201c\u015eimdi bu d\u00fc\u015f\u00fcncemizin \u0131\u015f\u0131\u011f\u0131 alt\u0131nda Allah&#8217;a \u015f\u00fck\u00fcrler olsun ki, temel meseleleri ve bunlara ait \u00e7\u00f6z\u00fcm, \u00e7are ve stratejileri d\u00fc\u015f\u00fcn\u00fcp tanzim i\u00e7in Cenab-\u0131 Allah l\u00fctfedip bize daha b\u00fcy\u00fck f\u0131rsat vermi\u015ftir. Bundan dolay\u0131 Rabbimize \u015f\u00fckrederiz. Ve \u015fuanda yapt\u0131\u011f\u0131m\u0131z \u00e7al\u0131\u015fmalar\u0131n da b\u00fct\u00fcn insanl\u0131\u011f\u0131n saadetine vesile olmas\u0131n\u0131 dileriz. Dolay\u0131s\u0131 ile \u015fu andaki \u00e7al\u0131\u015fmalar\u0131m\u0131z, daha \u00f6nceki \u00e7al\u0131\u015fmalar\u0131m\u0131zdan herhangi bir \u015fekilde daha \u00f6nemsiz de\u011fildir. Hatta daha \u00f6nemli ve daha yo\u011fundur.\u201d <\/i><\/b><\/span><\/p>\n<p style=\"text-align: justify;\"><span style=\"font-family: arial,helvetica,sans-serif; font-size: 10pt;\"><b>Ergenekon Operasyonlar\u0131n\u0131 Hoca nas\u0131l yorumluyor?<\/b><\/span><\/p>\n<p style=\"text-align: justify;\"><span style=\"font-family: arial,helvetica,sans-serif; font-size: 10pt;\"><b>\u00d6ncelikle bir defa T\u00fcrkiye&#8217;nin \u00e7ok \u00f6nemli temel meseleleri var. Halk\u0131m\u0131z gittik\u00e7e fakirle\u015fiyor. Sanayi yok olma noktas\u0131na gelmi\u015f. Tar\u0131m peri\u015fan, hayvanc\u0131l\u0131k zaten yok olmu\u015f. \u0130nsanlar\u0131m\u0131z ge\u00e7im derdi pe\u015finde, kredi kart\u0131n\u0131 nas\u0131l \u00f6deyecek bununla u\u011fra\u015f\u0131yor. \u0130\u015fsizlik korkun\u00e7 boyutlara ula\u015fm\u0131\u015f. Devlet ta\u015f\u0131yamayaca\u011f\u0131 kadar a\u011f\u0131r y\u00fcklerin alt\u0131na girmi\u015f. Ve her g\u00fcnde zam, vergi, bor\u00e7 ile gittik\u00e7e bir felakete do\u011fru s\u00fcr\u00fckleniyoruz. As\u0131l bu meselelerimizi g\u00fcndeme getirip, bunlar\u0131 nas\u0131l \u00e7\u00f6zece\u011fimizi konu\u015fmam\u0131z gerekirken, ne oldu\u011fu belirsiz bir tak\u0131m konularla vakit dolduruluyor. Bunlar elbette gerekli konular. Fakat g\u00fcndemi bunlarla doldurup, as\u0131l konular\u0131n hepsini bir kenara b\u0131rakmak yanl\u0131\u015f bir i\u015f. Bu \u00e7e\u015fitli isimler alt\u0131nda ortaya konmu\u015f olan senaryolar hakk\u0131nda kesin bir bilgimiz yok. Bunlar adalete intikal etmi\u015f olan konular. Herhangi bir \u015fekilde de bir sonuca ba\u011flanm\u0131\u015f de\u011fil. Bu itibarla bu konular\u0131n mahiyeti hakk\u0131nda bir \u015fey s\u00f6ylememiz m\u00fcmk\u00fcn de\u011fil. Yaln\u0131z s\u00f6yleyece\u011fimiz \u015fey odur ki, T\u00fcrkiye her bak\u0131mdan h\u00fcr ve huzurlu bir \u00fclke olmal\u0131d\u0131r.<\/b><\/span><\/p>\n<p style=\"text-align: justify;\"><span style=\"font-family: arial,helvetica,sans-serif; font-size: 10pt;\"><b>\u201cDemokratur\u201d de\u011fil Demokrasi gerekiyor!<\/b><\/span><\/p>\n<p style=\"text-align: justify;\"><span style=\"font-family: arial,helvetica,sans-serif; font-size: 10pt;\">Halk\u0131n arzusu yerine getirilmeli ve Demokratur de\u011fil demokrasi uygulanmal\u0131. Alman Ba\u015f Piskoposunun en \u00e7ok satan kitap olarak yazm\u0131\u015f oldu\u011fu kitapta, uzun uzun demokrasi nedir, demokratur nedir, anlatm\u0131\u015ft\u0131r. Diktat\u00f6r, diktatur; Latincedir. Diktat\u00f6rl\u00fc\u011f\u00fcn var oldu\u011fu her yerde diktatur rejimi h\u00e2kimdir manas\u0131nda diktatur kelimesi kullan\u0131l\u0131yor. Demokrasi demek halk\u0131n kendi kendini idare etmesi demektir. Demokratur ise halk\u0131n y\u00f6nlendirilip idareye alet edilmesi demektir. Bunlar\u0131n yapt\u0131\u011f\u0131 halk\u0131 aldat\u0131p, \u00e7e\u015fitli medya oyunlar\u0131yla, \u00e7e\u015fitli tertipler ve senaryolarla, halka \u201ci\u015fte siz se\u00e7iyorsunuz, daha ne istiyorsunuz? kendiniz getirdiniz!\u201d dedirttirmek suretiyle kendi zul\u00fcm ve s\u00f6m\u00fcr\u00fc d\u00fczenini y\u00fcr\u00fctmektedir. Bu itibarlad\u0131r ki biz Demokraturu yani halk\u0131n alet edilmesini de\u011fil, ger\u00e7ekten halk\u0131n istedi\u011finin h\u00fck\u00fcmran olmas\u0131n\u0131 istiyoruz. Halk\u0131m\u0131z tarihini istiyor. \u0130nanc\u0131n\u0131 istiyor. Tarihteki \u015ferefli yerini almak istiyor. H\u00e2lbuki bug\u00fcnk\u00fc y\u00f6neticiler tamamen halk\u0131n bu isteklerini b\u0131rakm\u0131\u015f, biz sizi zorla AB&#8217;ye sokaca\u011f\u0131z, \u0130slam medeniyetini b\u0131rak\u0131p, H\u0131ristiyan medeniyetinin par\u00e7as\u0131 olca\u011f\u0131z\u201d diye dayat\u0131yor. \u015eimdi dolay\u0131s\u0131yla s\u00f6ylemek istedi\u011fim \u015fey \u015fudur. T\u00fcrkiye&#8217;de adil bir d\u00fczen kurulmal\u0131. Halk\u0131n arzusuna, inanc\u0131na ve ihtiyac\u0131na uyulmal\u0131d\u0131r. Ve herhangi bir \u015fekilde bir tak\u0131m m\u00fcdahalelerle T\u00fcrkiye sekteye u\u011frat\u0131lmamal\u0131, hay\u0131rl\u0131 faaliyetler aksat\u0131lmamal\u0131d\u0131r. Ve d\u0131\u015f g\u00fc\u00e7lere alet olunmamal\u0131d\u0131r<\/span><\/p>\n<p style=\"text-align: justify;\"><span style=\"font-family: arial,helvetica,sans-serif; font-size: 10pt;\"><b>Erbakan AKP\u2019nin \u201ca\u00e7\u0131l\u0131m\u201dlar\u0131n\u0131 tehlikeli buluyor!<\/b><\/span><\/p>\n<p style=\"text-align: justify;\"><span style=\"font-family: arial,helvetica,sans-serif; font-size: 10pt;\"><b>Hi\u00e7 \u015f\u00fcphesiz ki bunlar tamamen d\u0131\u015far\u0131n\u0131n empoze etti\u011fi olaylar ve oyunlard\u0131r. Yani d\u0131\u015f g\u00fc\u00e7ler T\u00fcrkiye&#8217;yi zay\u0131flat\u0131p par\u00e7alamak i\u00e7in, bu hususta, h\u00fck\u00fcmeti s\u0131k\u0131\u015ft\u0131r\u0131p kullanmaktad\u0131r. Bunlar emperyalizmin planlar\u0131n\u0131n uygulamas\u0131 olarak ortaya \u00e7\u0131kmaktad\u0131r. T\u00fcrkiye&#8217;nin asl\u0131nda herhangi bir \u0131rk\u00e7\u0131l\u0131k, K\u00fcrt\u00e7\u00fcl\u00fck diye bir meselesi yoktur. \u00c7\u00fcnk\u00fc biz M\u00fcsl\u00fcman&#8217;\u0131z. Ve M\u00fcsl\u00fcmanl\u0131kta \u0131rk\u00e7\u0131l\u0131k olmaz. 72.5 milyon birbirimizin karde\u015fiyiz. B\u00fct\u00fcn m\u00fcminler birbirinin karde\u015fidir. Irk ayr\u0131m\u0131 dinimizde yasaklanm\u0131\u015ft\u0131r. Dinimizin temel esaslar\u0131na g\u00f6re ne Arab&#8217;\u0131n Acem&#8217;e, ne de Acem&#8217;in Arab&#8217;a \u00fcst\u00fcnl\u00fc\u011f\u00fc yoktur. \u00dcst\u00fcnl\u00fck sadece takvada ve itikattad\u0131r. Allah&#8217;tan korkudad\u0131r, insanlara faydal\u0131 olmaktad\u0131r. \u201cBiz insanlar\u0131 ayr\u0131 ayr\u0131 kabileler halinde yaratt\u0131k ki, aralar\u0131nda farkl\u0131l\u0131k olsun, birbirlerine ihtiya\u00e7 duyulsun, yard\u0131mla\u015fs\u0131nlar, dostluklar\u0131 ve dayan\u0131\u015fmalar\u0131 kuvvet bulsun diye\u201d buyrulmaktad\u0131r. Yoksa birbirlerine kar\u015f\u0131 b\u00f6b\u00fcrlensin diye de\u011fil. Onun i\u00e7in bizim inanc\u0131m\u0131zda \u0131rk\u00e7\u0131l\u0131k yoktur. <\/b><\/span><\/p>\n<p style=\"text-align: justify;\"><span style=\"font-family: arial,helvetica,sans-serif; font-size: 10pt;\"><b>Biz k\u0131rk y\u0131ld\u0131r milletimize diyoruz ki; bug\u00fcnk\u00fc d\u00fcnya, 300 seneden beri \u0131rk\u00e7\u0131 emperyalizmin kendisi i\u00e7in kurdu\u011fu bir s\u00f6m\u00fcr\u00fc, bir zul\u00fcm d\u00fcnyas\u0131d\u0131r. Bu d\u00fcnya kan ve g\u00f6zya\u015f\u0131ndan ba\u015fka bir \u015fey getirmez. Bu d\u00fcnyan\u0131n de\u011fi\u015fmesi laz\u0131md\u0131r. Yeni bir d\u00fcnyan\u0131n kurulmas\u0131 laz\u0131md\u0131r. Peki, bu yeni d\u00fcnyan\u0131n d\u00fczeni ne olacak? Bak\u0131n\u0131z, kom\u00fcnizm 70 sene zulmetti. \u0130flas etti gitti. Kom\u00fcnizmin iflas\u0131, kapitalizmin fayda sa\u011flayaca\u011f\u0131 manas\u0131na gelmez. Kom\u00fcnizm ve kapitalizm ikiz karde\u015ftirler. \u0130kisi de ezen ve ezilen d\u00fczenidir. Kom\u00fcnizmde ezen devlettir, kapitalizmde ezen bir avu\u00e7 \u0131rk\u00e7\u0131 Siyonist zihniyettir. Nas\u0131l kom\u00fcnizm y\u0131k\u0131ld\u0131ysa bu kapitalizm de y\u0131k\u0131lmaya mecburdur. \u00c7\u00fcnk\u00fc bu s\u00f6m\u00fcr\u00fc d\u00fczeni b\u00fcy\u00fck u\u00e7urumlar meydana getiriyor. Bu farkl\u0131l\u0131klar, bu haks\u0131zl\u0131klar felaket ve k\u0131yamet alametidir. Bir yerde ezilenler isyan edecek art\u0131k kimsenin huzuru kalmayacak demektir. Biz adil d\u00fczen \u00e7al\u0131\u015fmalar\u0131n\u0131 bat\u0131l\u0131 profes\u00f6rlerle beraber yapt\u0131k, on y\u0131l boyunca. <\/b><\/span><\/p>\n<p style=\"text-align: justify;\"><span style=\"font-family: arial,helvetica,sans-serif; font-size: 10pt;\"><b>Orwin Lazlo BM Yeni D\u00fcnya D\u00fczeni Komisyon Ba\u015fkan\u0131, NOBEL \u00f6d\u00fcl\u00fc sahibi bir bilim adam\u0131d\u0131r. Bizim \u00e7al\u0131\u015fmalar\u0131m\u0131za uzun bir m\u00fcddet kat\u0131lm\u0131\u015ft\u0131r. Bu \u00e7al\u0131\u015fmalar esnas\u0131nda; &#8216;Hayat\u0131m boyunca ne idealler d\u00fc\u015f\u00fcnd\u00fcysem, bunlar\u0131n hepsini bir sistem i\u00e7inde Adil D\u00fczen\u2019de g\u00f6rd\u00fcm. Bug\u00fcn sanki yeniden do\u011fdum. Ve ger\u00e7ekten insanl\u0131\u011f\u0131n saadeti ancak b\u00f6yle bir sistemle m\u00fcmk\u00fcnd\u00fcr. Herkese hakk\u0131n\u0131 veren, insanlar\u0131 ezmeyen, k\u00f6lelik ve hilecilik d\u00fc\u015f\u00fcnmeyen bir sistem\u201d diyerek takdirlerini belirtmi\u015ftir.<\/b><\/span><\/p>\n<p style=\"text-align: justify;\"><span style=\"font-family: arial,helvetica,sans-serif; font-size: 10pt;\"><b>Vatikan bile art\u0131k Adil D\u00fczen&#8217;i istiyor<\/b><\/span><\/p>\n<p style=\"text-align: justify;\"><span style=\"font-family: arial,helvetica,sans-serif; font-size: 10pt;\">\u015eimdi Vatikan \u0130slam otoritelerine m\u00fcracaat edip diyor ki, \u201cbiz eskiden faizin kar\u015f\u0131s\u0131ndayd\u0131k. Kom\u00fcnizm y\u0131k\u0131ld\u0131, \u015fimdi faizli nizam\u0131 tatbik ediyoruz. Bizim tebaam\u0131z bize soruyor, diyor ki eskiden s\u00f6yledikleriniz mi do\u011fru, yoksa \u015fimdi s\u00f6yledikleriniz mi do\u011fru?\u201d Biz bunlara cevap vermekte aciz kal\u0131yoruz. \u00c7\u00fcnk\u00fc kom\u00fcnizm gibi kapitalizm de insanlara saadet getirmemi\u015ftir.<\/span><\/p>\n<p style=\"text-align: justify;\"><span style=\"font-family: arial,helvetica,sans-serif; font-size: 10pt;\">Ancak bunlar\u0131n yerine nas\u0131l bir d\u00fczen kurmak laz\u0131m? Bizim kendi kitaplar\u0131m\u0131zda bunlar hakk\u0131nda temel esaslar\u0131 bulam\u0131yoruz. H\u00e2lbuki M\u00fcsl\u00fcmanl\u0131k bunlar\u0131n temel esaslar\u0131n\u0131 koymu\u015f, ilim adamlar\u0131 adil kurallar\u0131 bulmu\u015f. Bize yard\u0131mc\u0131 olun, yeni adil d\u00fczeni beraberce tanzim edelim. Bu bir zaruriyettir.<\/span><\/p>\n<p style=\"text-align: justify;\"><span style=\"font-family: arial,helvetica,sans-serif; font-size: 10pt;\"><b>Adil D\u00fczen&#8217;in kokusu dahi insanlar\u0131 bahtiyar etmeye yetiyor!<\/b><\/span><\/p>\n<p style=\"text-align: justify;\"><span style=\"font-family: arial,helvetica,sans-serif; font-size: 10pt;\">Bizim Refah-Yol d\u00f6neminde ortaya koydu\u011fumuz Adil D\u00fczen&#8217;in sadece kokusudur, kendisi de\u011fildir. Mevcut \u015fartlar alt\u0131nda kendisini koymam\u0131z m\u00fcmk\u00fcn de\u011fil, bari kokusunu koyal\u0131m dedik. O kokusu dahi insanlar\u0131 bahtiyar etmek i\u00e7in k\u00e2fi geldi. 100 alan memura 6 ayda 256 verdik. 100 alan BA\u011eKUR emeklisine 1000 verdik. \u015eimdi ben bug\u00fcn T\u00fcrkiye&#8217;nin neresine gitsem bir ya\u015fl\u0131 kad\u0131n geliyor. Erbakan gelmi\u015f diyorlar nerde bu? Duyuyorum. G\u00f6steriyorlar geliyor. Sen misin Erbakan diyor. Evet diyorum. \u0130ki elini birden havaya kald\u0131r\u0131yor. Birini de\u011fil ikisini birden. &#8216;Hay Allah senden raz\u0131 olsun. Senin zaman\u0131nda bir BA\u011eKUR emeklisi olarak 80 lira zam ald\u0131m. Bug\u00fcn onunla ekmek yiyiyorum. \u00c7\u00fcnk\u00fc ondan sonra hep y\u00fczde 2-3 zamlarla hi\u00e7bir \u015fey elimize ge\u00e7medi. A\u00e7 kald\u0131k diyor. Ondan dolay\u0131 o g\u00fcn yapm\u0131\u015f oldu\u011fumuz hizmetler hala 12 senedir, sadece te\u015fekk\u00fcr etmekle kalm\u0131yor, bug\u00fcnk\u00fc insanlar\u0131n ge\u00e7imi bak\u0131m\u0131ndan da bir nevi temel te\u015fkil ediyor.<\/span><\/p>\n<p style=\"text-align: justify;\"><span style=\"font-family: arial,helvetica,sans-serif; font-size: 10pt;\">Ancak ne var ki d\u0131\u015f g\u00fc\u00e7ler, T\u00fcrkiye&#8217;nin g\u00fc\u00e7lenmesini istemediklerinden; \u00e7e\u015fitli entrikalarla bu b\u00fcy\u00fck hamleyi engellemi\u015flerdir. Bizim arkam\u0131zdan T\u00fcrkiye&#8217;nin d\u0131\u015f borcu 125 milyar dolardan, 500 milyar dolar\u0131 ge\u00e7mi\u015ftir. Bizim arkam\u0131zdan i\u015f\u00e7i ve memur zam diye bir \u015fey g\u00f6rmemi\u015ftir, hepsi grevdedir. A\u00e7l\u0131k i\u00e7erisinde k\u0131vran\u0131yor. \u0130nsanlar \u015fimdi kredi kartlar\u0131n\u0131 \u00f6demekle bo\u011fu\u015fuyor. T\u00fcrkiye&#8217;nin \u00fc\u00e7te biri fakirdi, \u015fimdi \u00fc\u00e7te ikisi fakir hale geldi. Hayvanc\u0131l\u0131k yok oldu, sanayi yok oldu, tar\u0131m yok oldu. Maalesef T\u00fcrkiye sahipsizdir ve ger\u00e7ekler ac\u0131d\u0131r, T\u00fcrkiye b\u00f6ylece bir felakete do\u011fru s\u00fcr\u00fcklenmektedir. Bir an evvel yeniden Milli G\u00f6r\u00fc\u015f&#8217;\u00fc i\u015f ba\u015f\u0131na getirip, Adil D\u00fczen&#8217;i kurup, T\u00fcrkiye&#8217;yi lider \u00fclke yapmaktan T\u00fcrkiye&#8217;nin de insanl\u0131\u011f\u0131n da ba\u015fka kurtulu\u015f \u00e7aresi kalmam\u0131\u015ft\u0131r.<\/span><\/p>\n<p style=\"text-align: justify;\"><span style=\"font-family: arial,helvetica,sans-serif; font-size: 10pt;\"><b>Erdo\u011fan gibileri nas\u0131l ve neden de\u011fi\u015fiyor? AKP nereye s\u00fcr\u00fckleniyor?<\/b><\/span><\/p>\n<p style=\"text-align: justify;\"><span style=\"font-family: arial,helvetica,sans-serif; font-size: 10pt;\"><b>Bunlar, d\u0131\u015f g\u00fc\u00e7lerin k\u0131\u015fk\u0131rt\u0131p aldatmas\u0131yla, yolunu \u015fa\u015f\u0131rmakla, hidayet kararmas\u0131yla de\u011fi\u015fmi\u015ftir. Milli G\u00f6r\u00fc\u015f g\u00f6mle\u011fini \u00e7\u0131kar\u0131rsa insan bu hale gelir. Hidayeti karar\u0131r, hay\u0131rla \u015ferri ay\u0131ramaz, hay\u0131r diye \u015ferre hizmet eder ve b\u00f6ylece de faydal\u0131 i\u015f yapaca\u011f\u0131na zarar verir. Dolay\u0131s\u0131 ile AKP bizim zaman\u0131m\u0131zdaki d\u00fc\u015f\u00fcnceler \u00fczerinde y\u00fcr\u00fcyerek Milli G\u00f6r\u00fc\u015f&#8217;\u00fcn hay\u0131rl\u0131 hizmetlerini devam ettirece\u011fine, maalesef g\u00f6mle\u011fi \u00e7\u0131kar\u0131p asli kimli\u011fini reddetmi\u015ftir. Tamamen onun tersine hareket etmek suretiyle, T\u00fcrkiye&#8217;yi b\u00fcy\u00fck bir felaket i\u00e7ine s\u00fcr\u00fcklemi\u015ftir. <\/b><\/span><\/p>\n<p style=\"text-align: justify;\"><span style=\"font-family: arial,helvetica,sans-serif; font-size: 10pt;\"><b>Erbakan D\u0131\u015fi\u015fleri Bakan\u0131 Ahmet Davuto\u011flu\u2019nun giri\u015fimlerini nas\u0131l buluyor?<\/b><\/span><\/p>\n<p style=\"text-align: justify;\"><span style=\"font-family: arial,helvetica,sans-serif; font-size: 10pt;\">Hi\u00e7 \u015f\u00fcphesizdir ki insanlar\u0131n elbette bir\u00e7ok faaliyeti yaparken, hepsi ba\u015far\u0131s\u0131zd\u0131r demek m\u00fcmk\u00fcn de\u011fildir. D\u0131\u015fi\u015fleri Bakan\u0131 iyi niyetli, sevdi\u011fimiz bir evlad\u0131m\u0131z yerindedir. Ancak yapt\u0131klar\u0131 yeterli de\u011fildir. Yapt\u0131klar\u0131 maalesef yine d\u0131\u015f g\u00fc\u00e7lerin planlar\u0131 mucibince at\u0131lm\u0131\u015f olan ad\u0131mlardan ibarettir. Fakat herhalde kendisi iyi niyetli olabilir. Herhangi bir f\u0131rsat bulunup anlat\u0131lanlar\u0131 dinleyecek olursa o takdirde \u00e7ok daha \u015fuurlu, \u00e7ok daha faydal\u0131 hizmetler yapabilir. (Ama bu g\u00fcnk\u00fc g\u00f6stermelik icraatlar\u0131n\u0131 \u201ctarihli ve talihli de\u011fi\u015fimler\u201d diye yorumlamak safl\u0131k alametidir.)<\/span><\/p>\n<p style=\"text-align: justify;\"><span style=\"font-family: arial,helvetica,sans-serif; font-size: 10pt;\"><b>Hocam Konya neden \u0130lk Tercihiniz oldu?<\/b><\/span><\/p>\n<p style=\"text-align: justify;\"><span style=\"font-family: arial,helvetica,sans-serif; font-size: 10pt;\"><b>\u00c7\u00fcnk\u00fc Konya Anadolu\u2019daki ilk merkezdir. Sel\u00e7uklu merkezidir. Bizim davam\u0131z\u0131n sembol \u015fehri Belde-i muhayyere\u2019dir. Yani Efendimiz (s.a.v)\u2019e teklif edilen \u00fc\u00e7 \u015fehirden biridir. Manevi olarak: \u201cHabibim hangi \u015fehri istersin, Medine mi, \u015eam m\u0131, Konya m\u0131? dendi\u011fi zaman, Efendimiz (s.a.v) fakiri \u00e7ok oldu\u011fundan Medine\u2019yi se\u00e7mi\u015ftir. Ama hangisini istersin? teklifi aras\u0131nda Konya\u2019n\u0131n bulunmu\u015f olmas\u0131 da tabi\u00ee ki \u00e7ok b\u00fcy\u00fck bir \u015fereftir. B\u00fcy\u00fck Sel\u00e7uklu payitaht\u0131d\u0131r, Ha\u00e7l\u0131 seferlerini p\u00fcsk\u00fcrten merkezdir. Yani Siyonist i\u015fbirlik\u00e7ilere ge\u00e7it vermemi\u015ftir. Konya\u2019n\u0131n manas\u0131 \u00e7ok b\u00fcy\u00fckt\u00fcr. Mevlana\u2019n\u0131n \u015fehridir. Bu itibarla Besmeleyi Konya\u2019dan \u00e7ektik. Muhyiddin\u2019i Arab\u00ee Hazretleri 1000 sene \u00f6nce F\u00fctuhat\u0131 Mekkiye kitab\u0131nda, \u2018\u0130nsanl\u0131k fetret d\u00f6nemine girecek ve kurtulu\u015f Konya\u2019dan ba\u015flayacakt\u0131r\u2019 m\u00fcjdesini vermi\u015ftir. Bu itibarla Konya\u2019n\u0131n ayr\u0131 bir \u00f6zelli\u011fi vard\u0131r. Bu \u00f6zelli\u011fe dayanarak \u00e7al\u0131\u015fmalara oradan ba\u015flad\u0131k. <\/b><\/span><\/p>\n<div style=\"text-align: justify;\">\n<p><span style=\"font-family: arial,helvetica,sans-serif; font-size: 10pt;\"><b>Erbakan\u2019dan Demirel\u2019e cevap: \u201cKu\u015fun canl\u0131s\u0131n\u0131 istiyoruz!\u201d<\/b><\/span><\/p>\n<p><span style=\"font-family: arial,helvetica,sans-serif; font-size: 10pt;\">K\u0131sa bir zaman i\u00e7erisinde bu haberler gitti, Demirel \u00e7\u0131kt\u0131 geldi. Halk\u0131 toplad\u0131 ve bir miting d\u00fczenledi. \u00c7\u00fcnk\u00fc masonik merkezler Milli G\u00f6r\u00fc\u015f\u00fcn Meclise sokulmamas\u0131 talimat\u0131n\u0131 vermi\u015fti. Bu mitingde takriben s\u00f6yledikleri \u015f\u00f6yleydi: \u201cEy Konyal\u0131lar bu Erbakan benim s\u0131n\u0131f arkada\u015f\u0131md\u0131r. Ben kendisini severim. Ama buraya gelmi\u015f olmayacak \u015feyler anlat\u0131yor. Ben dine hizmet edece\u011fim\u201d diye sizi aldat\u0131yor. Dinin hizmet edilecek nesi var? Camileriniz a\u00e7\u0131k de\u011fil mi, mevlit okuyorsunuz kar\u0131\u015f\u0131yor muyuz, namaz k\u0131l\u0131yorsunuz oru\u00e7 tutuyorsunuz, Hacca gidiyorsunuz. Bundan ala M\u00fcsl\u00fcmanl\u0131k m\u0131 olur? Dinin hizmet edilecek bir \u015feyi olsa biz yapar\u0131z. Sorun kendisine bakal\u0131m ne yapacakm\u0131\u015f, ne istiyormu\u015f?\u201d diye kafalar\u0131 kar\u0131\u015ft\u0131r\u0131p gitmi\u015fti.<\/span><\/p>\n<p><span style=\"font-family: arial,helvetica,sans-serif; font-size: 10pt;\">Biz o g\u00fcn miting yapm\u0131\u015f d\u00f6nerken; O\u2019nun Konya ovas\u0131na gelip miting yapt\u0131\u011f\u0131ndan haberimiz yok. Yar\u0131 yolda arabayla geldiler, bunlar\u0131 bunlar\u0131 s\u00f6yledi\u201d dediler. Ve birde el ilan\u0131 da\u011f\u0131tm\u0131\u015flar. \u2018 Bu ak\u015fam \u015eeker Kahvesi\u2019nin \u00f6n\u00fcnde Erbakan Demirel\u2019e cevap verecek\u2019 diye. Emri vaki ile kar\u015f\u0131la\u015ft\u0131k. Geldik bir de bakt\u0131k ki, ooo, \u015eeker kahvesinin \u00f6n\u00fcnde bir kalabal\u0131k var, i\u011fne atsan yere d\u00fc\u015fm\u00fcyor. G\u00fcnd\u00fcz ki kalabal\u0131\u011f\u0131n \u00fc\u00e7 misli toplanm\u0131\u015f. Erbakan Demirel\u2019e ne cevab\u0131 verecek diye meraklanm\u0131\u015flar. Halk\u0131n \u00f6n\u00fcne \u00e7\u0131kt\u0131k ve dedik ki, ey ahali siz buraya neden topland\u0131n\u0131z? Demirel\u2019in sordu\u011fu sualin cevab\u0131n\u0131 \u00f6\u011frenmek i\u00e7in. Ne sordu? \u201cBu Erbakan \u0130slam diye ne istiyor diyor? \u015eimdi verece\u011fim cevab\u0131 dikkatle dinlemeniz gerekiyor. Bak\u0131n\u0131z, Demirel\u2019i avucumun i\u00e7i gibi bilirim. Her zamanki polemiklerinden birini yap\u0131yor. As\u0131l sizi o aldatmaya \u00e7al\u0131\u015f\u0131yor. \u00c7\u00fcnk\u00fc bug\u00fcn geldi size; \u2018Namaz k\u0131l\u0131yorsunuz kar\u0131\u015f\u0131yor muyuz, oru\u00e7 tutuyorsunuz kar\u0131\u015f\u0131yor muyuz, camiler a\u00e7\u0131k de\u011fil mi, daha ne istiyorsunuz?\u201d diye sordu. \u015eimdi ben ne istedi\u011fimizi bir misalle anlataca\u011f\u0131m. Avc\u0131lar \u00f6rdek, keklik gibi g\u00fczel bir ku\u015f avlad\u0131klar\u0131 vakit, onu muhafaza etmek i\u00e7in ne yaparlar? \u0130\u00e7ini temizlerler ve saman doldururlar. Misafir odas\u0131n\u0131n veya bir d\u00fckk\u00e2n\u0131n ba\u015fk\u00f6\u015fesine koyarlar. Okullarda, m\u00fczelerde vard\u0131r.<\/span><\/p>\n<p><span style=\"font-family: arial,helvetica,sans-serif; font-size: 10pt;\"><b>\u0130\u015fte, Demirel bug\u00fcn gelip size saman dolu bir ku\u015f g\u00f6sterdi. Bu ku\u015fun g\u00f6z\u00fc yok mu? Var. Gagas\u0131 yok mu? Var. Kula\u011f\u0131 yok mu? Var. Kuyru\u011fu yok mu? Var Kanad\u0131 yok mu? Var. Eh daha ne istiyormu\u015fuz? Tek kelime ile s\u00f6yleyeyim: Biz bunun canl\u0131s\u0131n\u0131 istiyoruz. Saman dolusunu de\u011fil! <\/b><\/span><\/p>\n<p><span style=\"font-family: arial,helvetica,sans-serif; font-size: 10pt;\"><b>Bu s\u00f6z bug\u00fcn daha b\u00fcy\u00fck bir \u00f6nem kesbediyor. Di\u011fer s\u00f6zler gibi. Neden? Efendim Suriye ile vizeleri kald\u0131rd\u0131k. Ticareti artt\u0131r\u0131yoruz. Ne bunlar yav? Bunlar saman dolu bir ku\u015f. ABD ve Siyonist Yahudi lobileri, \u201cT\u00fcrkiye\u2019de halk M\u00fcsl\u00fcmanl\u0131k ba\u011f\u0131ms\u0131zl\u0131k ve kalk\u0131nm\u0131\u015fl\u0131k istiyor. Aman Saadet Partisi\u2019ne kaymas\u0131n, AKP\u2019de kals\u0131n\u201d istedikleri i\u00e7in bunlara m\u00fcsaade ediyor. Sen Suriye\u2019de vizeleri kald\u0131rd\u0131n, ger\u00e7ekten \u0130slam karde\u015fli\u011fine dayanan bir birlik kurma a\u015fk\u0131nda m\u0131s\u0131n? Yoo. Peki, D-8\u2019lere sahip \u00e7\u0131kabilir misin? Bunlar ne, saman dolu ku\u015f. \u015eimdi, halk\u0131n bu ger\u00e7e\u011fi anlamas\u0131 gerekiyor. <\/b><\/span><\/p>\n<p><span style=\"font-family: arial,helvetica,sans-serif; font-size: 10pt;\">Ne konu\u015fuyoruz biz? \u0130\u015fte Konya\u2019da ba\u015flayan bu m\u00fccadele bug\u00fcn devam ediyor. Yani halk aldat\u0131lmayacak. Halk \u0130srail\u2019e vilayet olmayacak, ba\u011f\u0131ms\u0131z olacak, vatan millet b\u00fct\u00fcn olacak, d\u0131\u015f g\u00fc\u00e7lerin oyunlar\u0131 bozulacak ve ayn\u0131 zamanda T\u00fcrkiye \u00f6nder bir \u00fclke olacak, Yeni Bir D\u00fcnya\u2019y\u0131 kuracak. AB\u2019ye girmeyecek, \u0130slam birli\u011fine rehberlik yapacak. \u00c7\u00fcnk\u00fc AB bir H\u0131ristiyan medeniyetidir. \u0130slam medeniyeti ile mukayese bile edilemez. Bunlar\u0131n, AKP\u2019nin, CHP\u2019den bir fark\u0131 yoktur temelde. Ne diyorum? O teferruat\u0131 b\u0131rak\u0131n! KDV\u2019yi 11 yapacakm\u0131\u015f, 12 yapacakm\u0131\u015f. \u0130kisi de Avrupa Birli\u011fine girece\u011fim diye can at\u0131yor mu? \u201c\u0130slam medeniyetini b\u0131rakaca\u011f\u0131m, H\u0131ristiyan medeniyetine kat\u0131laca\u011f\u0131m\u201d diye \u00e7\u0131rp\u0131n\u0131yor mu? \u0130kisi de Siyonizm\u2019in faizci kapitalist sisteminin bek\u00e7ili\u011fini yap\u0131yor mu? Hi\u00e7 bu d\u00fczeni de\u011fi\u015ftirece\u011fim diye bir s\u00f6z, a\u011f\u0131zlar\u0131ndan \u00e7\u0131k\u0131yor mu? \u0130kisi de vergiyi, faizi halk\u0131m\u0131zdan toplay\u0131p g\u00f6t\u00fcr\u00fcp, faiz diye d\u0131\u015f g\u00fc\u00e7lere \u00f6d\u00fcyor mu? D\u0131\u015f g\u00fc\u00e7lerin, emperyalizmin tahsildar\u0131 gibi \u00e7al\u0131\u015f\u0131yor mu? Ne fark var aralar\u0131nda? 40 sene evvel Demirel\u2019e s\u00f6ylediklerimi hat\u0131rl\u0131yorum: \u015euur&#8230; Ku\u015fun canl\u0131s\u0131 demek; T\u00fcrkiye\u2019yi lider \u00fclke yapma \u015fuuru demek. Bu \u015fuur olmadan hi\u00e7bir hay\u0131rl\u0131 i\u015f ba\u015far\u0131lamaz. Bu g\u00fcn bu s\u00f6z her zamankinden daha fazla \u00f6nem ta\u015f\u0131maktad\u0131r. B\u00fct\u00fcn bunlarla neyi a\u00e7\u0131kl\u0131yorum size? Sualinizin cevab\u0131n\u0131 veriyorum: yani b\u00fct\u00fcn bu m\u00fccadelemizin amac\u0131n\u0131; T\u00fcrkiye\u2019yi lider \u00fclke yapmak sevdam\u0131z\u0131, Yeni Bir D\u00fcnya kurmak ve b\u00fct\u00fcn insanl\u0131\u011f\u0131 saadete ula\u015ft\u0131rmak davam\u0131z\u0131 \u00f6zetliyorum.<\/span><\/p>\n<\/p><\/div>\n<p style=\"text-align: justify;\"><span style=\"font-family: arial,helvetica,sans-serif; font-size: 10pt;\"><b>&nbsp;<\/b><\/span><\/p>\n<p style=\"text-align: justify;\"><span style=\"font-family: arial,helvetica,sans-serif; font-size: 10pt;\">&nbsp;<\/span><br clear=\"all\" \/> <\/p>\n<hr width=\"33%\" size=\"1\" align=\"left\" \/>\n<div>\n<div style=\"text-align: justify;\">\n<p><span style=\"font-family: arial,helvetica,sans-serif; font-size: 10pt;\"><a name=\"_ftn1\" href=\"#_ftnref1\">[1]<\/a> Son Gazetesi \/ sh:23<\/span><\/p>\n<\/p><\/div>\n<div style=\"text-align: justify;\">\n<p><span style=\"font-family: arial,helvetica,sans-serif; font-size: 10pt;\"><a name=\"_ftn2\" href=\"#_ftnref2\">[2]<\/a> Sa\u2019dii \u015eirazi ve \u0130bni Teymiyye\u2019de Fert ve Cemiyet \u0130li\u015fkileri, Nazif \u015eahino\u011flu, S:265, \u0130\u015faret Yay\u0131nlar\u0131<\/span><\/p>\n<\/p><\/div>\n<div>\n<p style=\"text-align: justify;\"><span style=\"font-family: arial,helvetica,sans-serif; font-size: 10pt;\"><a name=\"_ftn3\" href=\"#_ftnref3\">[3]<\/a> Milli Gazete \/ Mustafa \u00d6zcan<\/span><\/p>\n<\/p><\/div>\n<\/p><\/div>\n","protected":false},"excerpt":{"rendered":"<p style=\"text-align: justify;\"><span style=\"font-family: arial,helvetica,sans-serif; font-size: 10pt;\">&nbsp;<b>\u201cT\u00fcrkiye\u2019de tehlikeli 3 \u015feytan bulunuyor\u201d<\/b><\/span><\/p>\n<div style=\"text-align: justify;\">\n<p><span style=\"font-family: arial,helvetica,sans-serif; font-size: 10pt;\"><b>Y\u0131llar \u00f6nce bir Hac d\u00f6nemiydi. S\u0131ra, Mina\u2019da \u015feytan ta\u015flamaya gelmi\u015fti. Erbakan Hoca: \u201cT\u00fcrkiye\u2019deki \u00fc\u00e7 \u015feytan\u0131 da ta\u015flamak gerek\u201d diyerek, yar\u0131 \u015faka yollu, \u00f6nemli bir ger\u00e7e\u011fe dikkat \u00e7ekmi\u015fti.<\/b><\/span><\/p>\n<p><span style=\"font-family: arial,helvetica,sans-serif; font-size: 10pt;\">Erbakan ve yan\u0131ndakiler Mina\u2019ya \u015feytan ta\u015flamak i\u00e7in gelmi\u015flerdi.<\/span><\/p>\n<p> <span style=\"font-family: arial,helvetica,sans-serif; font-size: 10pt;\"> <\/p>\n","protected":false},"author":8,"featured_media":0,"comment_status":"open","ping_status":"closed","sticky":false,"template":"","format":"standard","meta":{"footnotes":""},"categories":[115],"tags":[],"class_list":["post-1895","post","type-post","status-publish","format-standard","hentry","category-ekim-2010"],"_links":{"self":[{"href":"https:\/\/www.millicozum.com\/mc\/wp-json\/wp\/v2\/posts\/1895","targetHints":{"allow":["GET"]}}],"collection":[{"href":"https:\/\/www.millicozum.com\/mc\/wp-json\/wp\/v2\/posts"}],"about":[{"href":"https:\/\/www.millicozum.com\/mc\/wp-json\/wp\/v2\/types\/post"}],"author":[{"embeddable":true,"href":"https:\/\/www.millicozum.com\/mc\/wp-json\/wp\/v2\/users\/8"}],"replies":[{"embeddable":true,"href":"https:\/\/www.millicozum.com\/mc\/wp-json\/wp\/v2\/comments?post=1895"}],"version-history":[{"count":0,"href":"https:\/\/www.millicozum.com\/mc\/wp-json\/wp\/v2\/posts\/1895\/revisions"}],"wp:attachment":[{"href":"https:\/\/www.millicozum.com\/mc\/wp-json\/wp\/v2\/media?parent=1895"}],"wp:term":[{"taxonomy":"category","embeddable":true,"href":"https:\/\/www.millicozum.com\/mc\/wp-json\/wp\/v2\/categories?post=1895"},{"taxonomy":"post_tag","embeddable":true,"href":"https:\/\/www.millicozum.com\/mc\/wp-json\/wp\/v2\/tags?post=1895"}],"curies":[{"name":"wp","href":"https:\/\/api.w.org\/{rel}","templated":true}]}}