{"id":1896,"date":"2010-09-21T12:35:42","date_gmt":"2010-09-21T12:35:42","guid":{"rendered":"https:\/\/www.millicozum.com\/mc\/2010\/09\/21\/hakka-degil-guce-taparlik-ve-ameri-kanciklik\/"},"modified":"2010-09-21T12:35:42","modified_gmt":"2010-09-21T12:35:42","slug":"hakka-degil-guce-taparlik-ve-ameri-kanciklik","status":"publish","type":"post","link":"https:\/\/www.millicozum.com\/mc\/2010\/ekim-2010\/hakka-degil-guce-taparlik-ve-ameri-kanciklik\/","title":{"rendered":"\u201cHAKK\u201dA DE\u011e\u0130L \u201cG\u00dc\u00c7\u201dE TAPARLIK VE AMER\u0130-KANCIKLIK!"},"content":{"rendered":"<p><b>ABD\u2019nin Afganistan\u2019daki komutan\u0131 General McChrystal, Ba\u015fkan Obama\u2019ya sald\u0131rarak kendini harc\u0131yordu. Ve bunu isteyerek yapt\u0131, \u00e7\u00fcnk\u00fc Afganistan\u2019da yeniliyordu. Yenilirken, Obama\u2019y\u0131 da dibe \u00e7ekiyordu.<\/b><\/p>\n<p><b>Afganistan\u2019daki ABD askerlerinin komutan\u0131 General McChrystal, ABD\u2019de tan\u0131nm\u0131\u015f ve etkisi bulunan Rolling Stone Dergisi\u2019ne verdi\u011fi bir r\u00f6portajda: \u201cABD\u2019nin Afganistan yenilgisinin ka\u00e7\u0131n\u0131lmazl\u0131\u011f\u0131n\u0131 ve Ba\u015fkan Obama\u2019dan hayal k\u0131r\u0131kl\u0131\u011f\u0131na u\u011frad\u0131\u011f\u0131n\u0131\u201d s\u00f6yl\u00fcyordu.<\/b><\/p>\n<p><b>Ve tabi hemen Washington\u2019a \u00e7a\u011fr\u0131lan d\u00f6rt y\u0131ld\u0131zl\u0131 general g\u00f6revden al\u0131n\u0131yordu.<\/b><\/p>\n<p><b>General McChrystal\u2019a g\u00f6re: Amerika yeniliyordu!<\/b><\/p>\n<p>Afganistan&#8217;dan gelen haberlerde &#8216;aksiliklerden&#8217; konu\u015fulmayan g\u00fcn yoktu. Oradaki sava\u015f\u0131n ABD ve m\u00fcttefikleri i\u00e7in 1967 sava\u015f\u0131ndaki Arap &#8216;aksili\u011fi&#8217; boyutunda bir &#8216;aksilikle&#8217; son bulaca\u011f\u0131 s\u00f6yleniyordu.<\/p>\n<p>Belki de General Stanley McChrystal&#8217;\u0131n istifas\u0131\/ g\u00f6revden al\u0131nmas\u0131 dikkatleri k\u0131sa s\u00fcreli\u011fine sava\u015f\u0131n seyrine \u00e7ekmi\u015fti, ancak ger\u00e7e\u011fin uzun s\u00fcre gizlenmesi m\u00fcmk\u00fcn g\u00f6r\u00fclm\u00fcyordu. ABD sava\u015f\u0131 hem Bush hem Obama y\u00f6netimlerinde iki kez kaybediyordu. H\u00e2lihaz\u0131rdaki y\u00f6netimin kayb\u0131 kabullenip gitmesi d\u0131\u015f\u0131nda yapaca\u011f\u0131 bir \u015fey kalm\u0131yordu.<\/p>\n<p>Ba\u015fkan Obama esas\u0131nda bu sava\u015f\u0131 istemiyordu, ancak Amerikan g\u00fc\u00e7lerini Irak&#8217;tan \u00e7ekme ve s\u00f6zde ter\u00f6rle sava\u015f\u0131 bitirme karar\u0131yla birlikte yenildi\u011fine dair su\u00e7lamalar\u0131 def etmeye \u00e7al\u0131\u015f\u0131yor ve Afganistan&#8217;daki Amerikan g\u00fc\u00e7lerinin say\u0131s\u0131n\u0131n 30 bin askerle art\u0131r\u0131lmas\u0131na bir \u015fartla onay veriyordu. O da \u201cgenerallerin vaat etti\u011fi \u00fczere g\u00f6revin tamamlanmas\u0131 ve 2011 Temmuz&#8217;unda \u00e7ekilmenin ba\u015flamas\u0131yd\u0131.\u201d<\/p>\n<p>Ama generaller sava\u015f\u0131 kaybediyor ve General McChrystal&#8217;\u0131n Rolling Stone dergisindeki s\u00f6yle\u015fisi bu ger\u00e7e\u011fi yans\u0131t\u0131yordu. Bu y\u00fczden general, yenilginin sorumlulu\u011funu sivillere y\u00fcklemeye \u00e7al\u0131\u015f\u0131yor ve Ba\u015fkan&#8217;dan ba\u015flayarak y\u00f6netimin \u00fcyelerini ele\u015ftiriyordu. Ba\u015fkan Yard\u0131mc\u0131s\u0131 Joe Biden ise; Afganistan ve Pakistan temsilcisi Richard Holbrooke, Kabil&#8217;deki Amerikan b\u00fcy\u00fckel\u00e7isi Karl W. Eikenberry\u2019e ve hatta ulusal g\u00fcvenlik dan\u0131\u015fman\u0131 emekli General James Jones&#8217;a y\u00fckleniyordu.<\/p>\n<p>Yaln\u0131z derginin yazar\u0131 Michael Hastings&#8217;in General McChrystal ve yard\u0131mc\u0131lar\u0131yla ilgili kaydettikleri korkun\u00e7tu: Yazar &#8216;Afganistan&#8217;daki m\u00fcttefik g\u00fc\u00e7ler komutan\u0131 bu sava\u015fa gayri insani y\u00f6ntemler bulmaya haz\u0131r&#8217; diyor ve &#8216;generalin yard\u0131mc\u0131lar\u0131 katillerden, casuslardan, dahilerden, vatanseverlerden ve siyaset uzmanlar\u0131ndan se\u00e7ilmi\u015f bir grup&#8217; diye ekliyordu.<\/p>\n<p><b>Amerika\u2019n\u0131n yenilece\u011fini, iflas etti\u011fini en yetkili generalleri a\u00e7\u0131klarken, maalesef bizdeki AKP iktidar\u0131, masonik b\u00fcrokratlar\u0131 ve Erbakan d\u0131\u015f\u0131ndaki sa\u011fc\u0131-solcu t\u00fcm parti kurmaylar\u0131 hala inatla Amerikantaparl\u0131\u011f\u0131n\u0131 s\u00fcrd\u00fcr\u00fcyor ve siyonist-emperyalist tanr\u0131lar\u0131yla ba\u015fa \u00e7\u0131k\u0131lamayaca\u011f\u0131n\u0131, putlar\u0131n ve ta\u011futlar\u0131n\u0131n asla y\u0131k\u0131lmayaca\u011f\u0131n\u0131 san\u0131yordu.<\/b><\/p>\n<p><b>31 May\u0131s\u2019ta Mavi Marmara Gemisi\u2019ne sald\u0131ran \u0130srail askerlerinin 9 T\u00fcrk\u2019\u00fc \u00f6ld\u00fcrmesinden sonra a\u011f\u0131r darbe alan \u0130srail-T\u00fcrkiye ili\u015fkileri, iki bakan\u0131n Br\u00fcksel\u2019de gizlice bulu\u015fmas\u0131 ile yeni bir d\u00f6neme ba\u015flam\u0131\u015ft\u0131.<\/b><\/p>\n<p><b>Ba\u015fbakan Erdo\u011fan, ABD Ba\u015fkan\u0131 Obama ile G-20 zirvesindeki bulu\u015fmas\u0131nda yol haritas\u0131n\u0131 g\u00f6r\u00fc\u015fm\u00fc\u015f, \u0130srail\u2019le ili\u015fkilerin d\u00fczelmesi i\u00e7in T\u00fcrkiye\u2019nin mazeretlerini s\u0131ralam\u0131\u015f ve gerekli talimatlar\u0131 alm\u0131\u015ft\u0131. Bu geli\u015fmeler sonras\u0131nda s\u00fcrpriz bulu\u015fma haberi, T\u00fcrkiye ve \u0130srail\u2019in d\u0131\u015fi\u015flerini \u015fa\u015f\u0131rtm\u0131\u015ft\u0131. Br\u00fcksel\u2019de AB\u2019nin T\u00fcrkiye ile yeniden ba\u015flatt\u0131\u011f\u0131 \u00fcyelik m\u00fczakerelerinde G\u0131da G\u00fcvenli\u011fi Fasl\u0131n\u0131 a\u00e7t\u0131\u011f\u0131 toplant\u0131ya kat\u0131lan Bakan Ahmet Davuto\u011flu\u2019nun, sonraki programlar\u0131n\u0131 iptal etti\u011fi anla\u015f\u0131lm\u0131\u015ft\u0131.<\/b><\/p>\n<p><b>\u0130stanbul\u2019a d\u00f6nmesi beklenirken ortadan kaybolan Davuto\u011flu\u2019nun, bir otel suitinde gizlice \u0130srail Ticaret Bakan\u0131 Binyamin Ben-Eliezer ile bulu\u015ftu\u011fu, Mavi Marmara sonras\u0131 ya\u015fanan krizi de\u011ferlendirdi\u011fi ortaya \u00e7\u0131km\u0131\u015ft\u0131. Davuto\u011flu; Eliezer\u2019e, Ba\u015fbakan Erdo\u011fan\u2019\u0131n ili\u015fkilerin d\u00fczelmesi i\u00e7in \u201c\u00f6z\u00fcr dileme, ailelere tazminat, uluslararas\u0131 soru\u015fturma komisyonu kurulmas\u0131 ve Gazze\u2019ye ablukan\u0131n kald\u0131r\u0131lmas\u0131\u201d \u015fartlar\u0131n\u0131 hat\u0131rlatt\u0131\u011f\u0131 yaz\u0131lm\u0131\u015ft\u0131. \u0130ki bakan, g\u00f6r\u00fc\u015fmeyi ba\u015fbakanlara aktarma ve tekrar bulu\u015fma karar\u0131yla ayr\u0131ld\u0131. G\u00f6r\u00fc\u015fme talebinin<\/b><b> <\/b><b>T\u00fcrk taraf\u0131ndan geldi\u011fi haberleri daha sonra \u201c\u0130srail istedi\u201d diye d\u00fczeltilmeye \u00e7al\u0131\u015f\u0131lm\u0131\u015ft\u0131.<\/b><\/p>\n<div>\n<p><b>Ahmet Davuto\u011flu\u2019na verilen Wilson \u00f6d\u00fcl\u00fc, Recep Beyin cesaret madalyas\u0131n\u0131 g\u00f6lgede b\u0131rak\u0131yordu!<\/b><\/p>\n<p>B\u00fcy\u00fck Ortado\u011fu Projesi ABD destekli B\u00fcy\u00fck \u0130srail\u2019i kurma hedefi ta\u015f\u0131yordu. Ge\u00e7en y\u00fczy\u0131lda da yine siyonist g\u00fcd\u00fcml\u00fc ABD\u2019nin k\u00fcresel liderlik hedefleri i\u00e7in vard\u0131 ama o \u00e7a\u011f\u0131n devletleri olan \u00e7ok-milletli devletleri hedef al\u0131yordu; en ba\u015fta da Osmanl\u0131 devletini\u2026<\/p>\n<p>Projenin uygulay\u0131c\u0131s\u0131 da ABD Ba\u015fkan\u0131 Yahudi Woodrow Wilson\u2019du. <b>Wilson, 21 Ocak 1918\u2019de, yani Osmanl\u0131 devletini payla\u015f\u0131m esas\u0131na dayal\u0131 1. D\u00fcnya Sava\u015f\u0131\u2019n\u0131n bitiminde, Paris Bar\u0131\u015f Konferans\u0131na giderken yan\u0131nda 14 maddelik bir program\u0131 ve bir haritay\u0131 g\u00f6t\u00fcr\u00fcyordu\u2026 Wilson\u2019un yan\u0131nda g\u00f6t\u00fcrd\u00fc\u011f\u00fc program, Konferanstan 13 g\u00fcn \u00f6nce, 8 Ocak 1918\u2019de a\u00e7\u0131klad\u0131\u011f\u0131 ve tarihe Wilson prensipleri olarak ge\u00e7en 14 maddeden olu\u015fuyordu.<\/b><\/p>\n<p>Prensiplerin 12. Maddesinde: \u201cOsmanl\u0131 \u0130mparatorlu\u011fu\u2019nun T\u00fcrk olan k\u0131s\u0131mlar\u0131na egemenlik hakk\u0131 tan\u0131nmal\u0131 fakat T\u00fcrk olmayan halkalara ba\u011f\u0131ms\u0131zl\u0131k verilmelidir\u201d deniyordu.<\/p>\n<p>Wilson\u2019un bizi yak\u0131ndan ilgilendiren bir ba\u015fka y\u00f6n\u00fc de \u0130stanbul\u2019da 4 Aral\u0131k 1918\u2019de kurulan \u201cWilson Prensipleri Cemiyeti\u201d oluyordu. <b>Pek \u00e7ok Osmanl\u0131 \u201cm\u00fcnevverinin\u201d kurdu\u011fu bu cemiyetin temel hedefi Amerikan Mandas\u0131 sa\u011flamakt\u0131! <\/b>\u00d6yle ki, Sultanahmet Mitingi sonras\u0131 Osmanl\u0131 m\u00fcnevverleri Wilson\u2019a telgraf \u00e7ekiyor ve \u201cbug\u00fcn bizi savunman\u0131z gerekiyor\u201d diyordu. \u0130smet \u0130n\u00f6n\u00fc de bu kafay\u0131 ta\u015f\u0131yordu.<\/p>\n<p><b><\/b>\u201cABD ile ili\u015fkilerimizde alt\u0131n bir i\u015fbirli\u011fi d\u00f6nemi var\u201d dedikten sonra D\u0131\u015fi\u015fleri Bakanl\u0131\u011f\u0131\u2019na atanan Ahmet Davuto\u011flu, <b>Wilson ad\u0131na kurulu bulunan Woodrow Wilson Uluslararas\u0131 D\u00fc\u015f\u00fcnce Merkezi\u2019nde, hem de \u201ceksen kayd\u0131\u201d denilen g\u00fcnlerde, masonik bir \u00f6d\u00fcl al\u0131yordu.<\/b><\/p>\n<p>Wilson Merkezi Ba\u015fkan\u0131 Hamilton \u00f6d\u00fcl a\u00e7\u0131klamas\u0131nda: \u201cD\u0131\u015fi\u015fleri Bakanl\u0131\u011f\u0131 g\u00f6revini \u00fcstlenmesinden bu yana, T\u00fcrkiye\u2019nin d\u0131\u015f ili\u015fkilerinin geli\u015fimini h\u0131zland\u0131rd\u0131, uluslararas\u0131 g\u00f6r\u00fc\u015fmelerdeki konumunu y\u00fckseltti. T\u00fcrkiye\u2019nin d\u00fcnyadaki ve b\u00f6lgesindeki \u00f6nemini artt\u0131rd\u0131 ve T\u00fcrkiye\u2019nin b\u00f6lgesi ile ili\u015fkilerini g\u00fc\u00e7lendirmesini destekledi. Do\u011fu ile bat\u0131 geleneklerini kucaklaman\u0131n \u00f6nemine dair keskin anlay\u0131\u015fla birle\u015fen ba\u015far\u0131lar\u0131, ona hat\u0131r\u0131 say\u0131l\u0131r \u00fcn kazand\u0131rd\u0131\u201d. S\u00f6zleriyle Ahmet Davuto\u011flu\u2019nu \u00f6v\u00fcyordu.<\/p>\n<p>Davuto\u011flu\u2019nun ba\u015far\u0131s\u0131 (!) her \u015feyden \u00f6nce Erdo\u011fan\u2019\u0131n e\u015fba\u015fkanl\u0131\u011f\u0131n\u0131 yapt\u0131\u011f\u0131 BOP\u2019un b\u00f6lge faaliyetlerini kotarmas\u0131ndan ge\u00e7iyordu. BOP\u2019un en \u00f6nemli b\u00f6lge faaliyeti de ku\u015fkusuz kimilerinin <b>\u201cyeni-Osmanl\u0131c\u0131l\u0131k\u201d dedikleri ama asl\u0131nda BOP\u2019un ta kendisi, sonradan \u0130srail\u2019in de kat\u0131laca\u011f\u0131 \u201cOrtado\u011fu Birli\u011fi\u201d oluyordu.<\/b><\/p>\n<p>Bildi\u011finiz gibi T\u00fcrkiye-Suriye-\u00dcrd\u00fcn-L\u00fcbnan d\u00f6rtl\u00fcs\u00fc, Davuto\u011flu\u2019nun ismini Ortado\u011fu Birli\u011fi koydu\u011fu, \u201cserbest ticaret b\u00f6lgesi\u201d kuruyordu. Birli\u011fin di\u011fer \u00fcyesi ise Kuzey Irak\u2019t\u0131. Davuto\u011flu Ortado\u011fu Birli\u011fi\u2019nin ilan\u0131ndan hemen \u00f6nce Barzani ile \u201ctam ekonomik entegrasyon\u201d anla\u015fmas\u0131 yap\u0131yordu. Hedef, siyasi entegrasyondu! <b>B\u00f6ylece BOP\u2019un temel hedefi olan \u201cT\u00fcrkiye himayesinde K\u00fcrdistan\u201d plan\u0131 hayata ge\u00e7iriliyordu.<\/b><\/p>\n<p>Davuto\u011flu, Ortado\u011fu Birli\u011fi\u2019nin \u00f6n haz\u0131rl\u0131\u011f\u0131 olarak <b>\u201c\u0130srail\u2019le kontroll\u00fc gerilim\u201d, \u201cAraplarla zoraki dostluk\u201d ve \u201c\u0130ran\u2019a manevra daraltma\u201d <\/b>plan\u0131n\u0131 uyguluyordu.<b><\/b><\/p>\n<p>Bu sacayak Obama\u2019n\u0131n Erdo\u011fan\u2019a 13 Nisan 2010 zirvesinde \u00e7izdi\u011fi hedefle uyumluydu: \u201cT\u00fcrkiye\u2019nin Ortado\u011fu\u2019da \u00f6nemli bir oyuncu olmas\u0131n\u0131 ve bu konuda i\u015fbirli\u011fi yapmas\u0131n\u0131 istiyoruz\u201d deniyordu.<\/p>\n<p>Bu sacayak, Davuto\u011flu\u2019nun alt\u0131n\u0131 \u00e7izdi\u011fi \u201cT\u00fcrkiye, k\u00fcresel yeni d\u00fczene, \u00e7evresinde alt b\u00f6lgesel d\u00fczenleri yeniden kurarak katk\u0131da bulunacak\u201d s\u00f6ylemiyle de uyu\u015fuyordu.<\/p>\n<p>T\u00fcrkiye\u2019de siyaseti tersten etkilemek i\u00e7in yeni bir plan yap\u0131lm\u0131\u015ft\u0131.<\/p>\n<p>Bu plana g\u00f6re, AKP h\u00fck\u00fcmetinin \u00f6n\u00fcm\u00fczdeki se\u00e7imde elini kuvvetlendirmek hedef al\u0131nm\u0131\u015ft\u0131. <b>Bunun i\u00e7in de Ba\u015fbakan Erdo\u011fan\u2019\u0131n \u0130srail\u2019e, hatta ara s\u0131ra ABD\u2019ye bile kafa tutmas\u0131 planlanm\u0131\u015ft\u0131.<\/b><\/p>\n<p>Ba\u015fbakan Erdo\u011fan\u2019\u0131n \u0130srail Cumhurba\u015fkan\u0131\u2019na \u2018Van minit\u2019 senaryosu ve Gazze\u2019ye yard\u0131m operasyonu bu plan\u0131n bir par\u00e7as\u0131yd\u0131.<\/p>\n<p>\u00c7\u00fcnk\u00fc; AKP\u2019nin \u00fc\u00e7\u00fcnc\u00fc kez se\u00e7imi kazanabilmesi i\u00e7in; elinde yerli bir dayanak bulunmamaktayd\u0131. Ekonomik kriz; halk katmanlar\u0131n\u0131 k\u0131skaca alm\u0131\u015f; i\u015fsizlik tarihimizin en y\u00fcksek boyutlar\u0131na \u00e7\u0131km\u0131\u015ft\u0131. Yolsuzluk artm\u0131\u015f; ter\u00f6r de iyice azg\u0131nla\u015fm\u0131\u015ft\u0131. Yani; bu h\u00fck\u00fcmetin halka verebilece\u011fi olumlu bir \u015fey kalmam\u0131\u015ft\u0131.<\/p>\n<p><b>Bu y\u00fczden; AKP\u2019yi halk\u0131n g\u00f6z\u00fcnde parlatacak ba\u015fka bir kald\u0131raca ihtiya\u00e7 vard\u0131<\/b>. O da d\u0131\u015far\u0131ya kar\u015f\u0131 posta atan bir ba\u015fbakan imaj\u0131 yaratmakt\u0131. Buna; AKP d\u00fcnden raz\u0131yd\u0131. \u00c7\u00fcnk\u00fc; ABD taraf\u0131; T\u00fcrkiye\u2019de AKP kadar rahatl\u0131kla kullanabilece\u011fi ba\u015fka bir parti olmad\u0131\u011f\u0131n\u0131n fark\u0131ndayd\u0131.<\/p>\n<\/p><\/div>\n<p><b>\u0130slam Mehdisine inanmayan AKP kurmaylar\u0131, ABD\u2019de Yahudi Mesih\u2019i(!) anma t\u00f6renine kat\u0131l\u0131yordu!<\/b><\/p>\n<p><b><i>BM&#8217;deki \u0130ran oylamas\u0131 ve \u0130srail&#8217;in Mavi Marmara sald\u0131r\u0131s\u0131ndan sonra AKP heyetinin apar topar ABD&#8217;ye gitmesi neyin nesiydi? AKP&#8217;nin D\u0131\u015f \u0130li\u015fkilerden Sorumlu Genel Ba\u015fkan Yard\u0131mc\u0131s\u0131 \u00d6mer \u00c7elik heyete ba\u015fkanl\u0131k etmi\u015fti. Ba\u015fbakan Ba\u015fdan\u0131\u015fman\u0131 \u0130brahim Kal\u0131n ile TBMM D\u0131\u015fi\u015fleri Komisyonu Ba\u015fkan\u0131 Murat Mercan da heyette idi.<\/i><\/b><\/p>\n<p><b><i>Washington&#8217;da kimler ziyaret edilmi\u015fti? \u0130srail-T\u00fcrkiye ili\u015fkilerinin hangi boyutlar\u0131 masaya getirilmi\u015fti? Heyet Amerika&#8217;ya neden gitmi\u015fti? G\u00fcvenlik Konseyi&#8217;ndeki \u0130ran oylamas\u0131 dolay\u0131s\u0131yla ABD&#8217;den \u00f6z\u00fcr m\u00fc dilenmi\u015fti? Sorulacak, izi s\u00fcr\u00fclecek soru \u00e7ok fazla. Ama biz Yahudi Lobisi ile temaslara dair detaylar aktaral\u0131m istiyoruz.<\/i><\/b><\/p>\n<p><b><i>AKP heyetini Amerikan Yahudi Komitesi (AJC) de kabul etmi\u015fti. Malum AJC, Tayyip Bey&#8217;e &#8216;cesaret \u00f6d\u00fcl\u00fc&#8217; vermi\u015fti. Hani Mavi Marmara ve dokuz \u015fehidimizden sonra herkesin Ba\u015fbakan&#8217;a &#8216;o \u00f6d\u00fcl\u00fc iade et&#8217; \u00e7a\u011fr\u0131s\u0131 yapt\u0131\u011f\u0131 \u00f6d\u00fclden bahsediyoruz. \u00d6d\u00fcl iade edilmemi\u015f; ama heyet AJC&#8217;yi ziyaret etmi\u015fti.<\/i><\/b><\/p>\n<p><b><i>Bir ba\u015fka detay da AKP heyetinin bir araya gelmek istedi\u011fi, ancak kap\u0131lar\u0131n heyete kilitlendi\u011fi Yahudi kurulu\u015flar\u0131yla ilgili verelim. \u00d6\u011freniyoruz ki, AKP heyeti Yahudi Lobisi&#8217;nin en \u00f6nemli kurulu\u015flar\u0131n\u0131n ba\u015f\u0131nda gelen ADL, AIPAC, ve B&#8217;nai B&#8217;rith&#8217;e de g\u00f6r\u00fc\u015fme talebinde bulunmu\u015f. Ancak bu kurulu\u015flar AKP heyetini bu kez geri \u00e7evirmi\u015flerdi! \u00c7ok \u015fahsiyetli (!) bir d\u0131\u015f politika de\u011fil mi?<\/i><\/b><\/p>\n<p><b><i>Son ilgin\u00e7 bilgi ise, AKP temsilcileri Haham Menahem M. Schneerson i\u00e7in d\u00fczenlenen anma t\u00f6renine de gitmi\u015flerdi. \u0130stanbul A\u015fkenaz Cemaati Haham\u0131 Rav Mendy Chitrik, Nobel \u00d6d\u00fcll\u00fc \u00fcnl\u00fc yazar Elie Wiesel, Habad Uluslararas\u0131 Ba\u015fkan\u0131 Rav Avraham Shemtov ve TBMM D\u0131\u015fi\u015fleri Komisyonu Ba\u015fkan\u0131 Murat Mercan birlikte poz vermi\u015flerdi. Maneham M. Schneerson isimli New York&#8217;lu bir haham; Ortodoks Yahudileri&#8217;nin (en radikal grup) &#8216;Mesih&#8217; oldu\u011funa inand\u0131\u011f\u0131 siyonistmi\u015f! \u0130srail&#8217;de \u015fiddet yanl\u0131s\u0131 b\u00fcy\u00fck kitlelere de h\u00fckmeden ve y\u00f6nlendiren grup imi\u015f. \u0130\u015fte AKP heyeti bu Yahudi Mesihiyle birlikteymi\u015f.<\/i><\/b><\/p>\n<p><b>\u0130srail\u2019e kar\u015f\u0131 kof kabaday\u0131l\u0131k sergileyenler \u201cHem millete a\u00e7\u0131klay\u0131n, Hem gere\u011fini yap\u0131n!\u201d \u00e7a\u011fr\u0131lar\u0131na kulak t\u0131k\u0131yordu!<\/b><\/p>\n<p>T\u00fcrkiye maalesef tekrar 1990&#8217;lar\u0131n ba\u015f\u0131na d\u00f6nmekteydi. Daha da beteri, o tarihlerde hen\u00fcz stratejik kurumlar\u0131 yabanc\u0131lara devredilmemi\u015fti. ABD-\u0130srail ikilisinden olu\u015fan yeni d\u00fcnya d\u00fczeninin b\u00f6lgemize, \u00f6zellikle de T\u00fcrkiye&#8217;ye bi\u00e7ti\u011fi elbise s\u0131r de\u011fildi. Sonradan b\u00fct\u00fcn Afrika&#8217;y\u0131 da i\u00e7ine alacak \u015fekilde revize edilen B\u00fcy\u00fck Ortado\u011fu Projesi kapsam\u0131nda T\u00fcrkiye&#8217;ye haz\u0131rlanan elbise, idam g\u00f6mle\u011finden ba\u015fka bir \u015fey miydi?<\/p>\n<p>Vaktiyle Washington&#8217;da g\u00f6rev yapan bir T\u00fcrk gazeteci, Pentagon salonlar\u0131nda a\u00e7\u0131lan haritalar\u0131n ba\u015f\u0131nda T\u00fcrkiye&#8217;nin nas\u0131l taksim edildi\u011fine \u015fahit olu\u015funu haber vermi\u015fti&#8230;<\/p>\n<p>Ondan y\u0131llar \u00f6nce, 1991 y\u0131l\u0131nda \u00d6zal&#8217;\u0131n &#8220;bir koyup \u00fc\u00e7 alma&#8221; \u015feklinde \u00f6zetlenecek \u00e7irkin ve yanl\u0131\u015f hesaplar\u0131yla Amerika&#8217;y\u0131 getirip Irak&#8217;\u0131n g\u00f6be\u011fine yerle\u015ftirme g\u00fcnleriydi. Yine \u00f6nemli bir T\u00fcrk gazetecinin de\u015fifre etti\u011fi, K\u00f6rfez sava\u015f\u0131n\u0131n hemen akabinde, Suudi Arabistan&#8217;da kurulan ABD karargah\u0131nda verilen brifingte ortaya konulan a\u00e7\u0131k niyeti hat\u0131rlay\u0131n. Duvardaki haritan\u0131n ba\u015f\u0131na ge\u00e7en ABD&#8217;li general, <b>&#8220;Buralar\u0131 \u015f\u00f6yle kesip, b\u00f6yle bi\u00e7ip, \u015f\u00f6yle kuraca\u011f\u0131z&#8221;<\/b> nutuklar\u0131 atarken, <b>&#8220;T\u00fcrkiye itiraz ederse&#8230;&#8221;<\/b> diyen T\u00fcrk gazeteciye, <b>&#8220;O zaman sava\u015f\u0131rs\u0131n\u0131z&#8230;&#8221;<\/b> demi\u015fti&#8230;<\/p>\n<p>Ondan on y\u0131l sonra ger\u00e7ekle\u015ftirilen Irak i\u015fgalinin akabinde de T\u00fcrk askerlerinin ba\u015f\u0131na \u00e7uval ge\u00e7irilmi\u015fti&#8230;<\/p>\n<p>PKK&#8217;n\u0131n Suriye&#8217;de ve \u0130srail\u2019in g\u00fcd\u00fcm\u00fcndeki Bekaa vadisinde \u00fcst kurdu\u011fu y\u0131llar\u0131, T\u00fcrkiye&#8217;nin var\u0131n\u0131 yo\u011funu ter\u00f6rle m\u00fccadelede heba etti\u011fi y\u0131llar\u0131, 1996&#8217;n\u0131n ba\u015f\u0131nda T\u00fcrkiye-\u0130srail ili\u015fkilerinin tavan yapt\u0131\u011f\u0131 bir ortamda, \u0130srail Genelkurmay\u0131&#8217;n\u0131n T\u00fcrk Genelkurmay\u0131&#8217;na yapt\u0131\u011f\u0131 k\u00fcstahl\u0131klar\u0131 hat\u0131rlay\u0131n.<\/p>\n<p>\u0130srail&#8217;e g\u00f6re, T\u00fcrkiye&#8217;nin takatini bitiren ter\u00f6r, Suriye&#8217;den gelmekteydi. Bu durumdan kurtulmak i\u00e7in \u00f6nerilen tek yol, \u0130srail&#8217;le daha \u00e7ok i\u015fbirli\u011fi ve ortakl\u0131klar kurmak ve \u00f6zellikle suyu, ba\u015fta Suriye olmak \u00fczere di\u011fer b\u00f6lge \u00fclkelerine kar\u015f\u0131 silah olarak kullanmak i\u00e7in \u0130srail&#8217;in eline teslim etmekti&#8230;<\/p>\n<p>Pe\u015finden, \u0130srail&#8217;le yap\u0131lan Manavgat pazarl\u0131klar\u0131n\u0131 ve AB&#8217;nin T\u00fcrkiye&#8217;ye dayatt\u0131\u011f\u0131 metinlerde &#8220;sular\u0131n\u0131z\u0131n y\u00f6netimini, \u0130srail&#8217;in kullanmas\u0131 i\u00e7in uluslar aras\u0131 bir konsorsiyuma vereceksiniz&#8221; emirlerini de tekrar hat\u0131rlay\u0131n.<\/p>\n<p>T\u00fcrkiye \u00e7oktan harap olup t\u00fckenmi\u015fti. Ne ki, 1996&#8217;n\u0131n ortalar\u0131nda <b>Refahyol <\/b>diye destanla\u015fan bir iktidar gelmi\u015fti. Suriye istihbarat\u0131n\u0131n b\u00fct\u00fcn\u00fcyle <b>\u0130srail<\/b> ve <b>MOSSAD<\/b>&#8216;a angaje oldu\u011funu iyi bilen bu iktidar, ter\u00f6r e\u011fitim merkezi g\u00f6revi yapan \u00c7eki\u00e7 G\u00fc\u00e7&#8217;\u00fc paket yap\u0131p T\u00fcrkiye&#8217;nin d\u0131\u015f\u0131na g\u00f6ndermi\u015fti. Bundand\u0131r ki, T\u00fcrkiye\u2019de 4-5 sene ter\u00f6r belas\u0131n\u0131n en az seviyeye indi\u011fi bir s\u00fcrece girilmi\u015fti.<\/p>\n<p>Ancak, <b>Refahyol<\/b>&#8216;dan sonra gelenler \u00f6z\u00fcr olarak hem \u0130srail&#8217;le, hem ABD&#8217;yle anla\u015fma \u00fczerine anla\u015fma yap\u0131p, taviz \u00fczerine taviz vermi\u015flerdi.<\/p>\n<p>Ve nihayet i\u015f \u00f6yle bir noktaya vard\u0131 ki, \u0130srail, uluslar aras\u0131 sularda bulunan sivil yard\u0131m g\u00f6n\u00fcll\u00fcs\u00fc T\u00fcrkleri vurmadan birka\u00e7 saat \u00f6nce ter\u00f6r \u00f6rg\u00fct\u00fc, tarihinde ilk kez Deniz Kuvvetleri&#8217;mize ait birimlere sald\u0131r\u0131p \u00e7ok say\u0131da vatan evlad\u0131n\u0131 katletmi\u015fti.<\/p>\n<p>T\u00fcrkiye h\u00e2l\u00e2, ABD ve \u0130srail&#8217;i &#8220;tarihi dost&#8221; ve &#8220;en b\u00fcy\u00fck m\u00fcttefik&#8221; kabul edip <b>&#8220;Aman dikkat, b\u00f6yle bir dostu kay\u0131p etmek \u00fczeresiniz&#8221;<\/b> diye nutuklar \u00e7ekilmekteydi.<\/p>\n<p>B\u00f6yle bir T\u00fcrkiye&#8217;nin gemileri h\u00e2l\u00e2 \u0130srail&#8217;in elinde rehindi&#8230;<\/p>\n<p>Ve o g\u00fcnden beri T\u00fcrkiye&#8217;nin da\u011flar\u0131ndan habire \u015fehid haberleri gelmekteydi.<\/p>\n<p><b>Bunlar\u0131n kimin ta\u015feronu oldu\u011funu biliyorsan\u0131z -ki, bilmelisiniz-, &#8220;millet biliyor&#8221; diyece\u011finize millete a\u00e7\u0131klaman\u0131z ve gere\u011fini yapman\u0131z beklenirken, tam aksine Ahmet Davuto\u011flu, ABD derin devleti Yahudi Lobilerinin genel sekreteri Obama\u2019n\u0131n talimat\u0131yla, katil \u0130srail\u2019in Ticaret Bakan\u0131 Ben-Elizer\u2019le Br\u00fcksel\u2019de gizli g\u00f6r\u00fc\u015fmeler i\u00e7in, siyonistlerin aya\u011f\u0131na gitmekte, tavizler verilmekteydi.<\/b><\/p>\n<p><b>&nbsp;<\/b><\/p>\n<p>\u00a0<\/p>\n","protected":false},"excerpt":{"rendered":"<p><b>ABD\u2019nin Afganistan\u2019daki komutan\u0131 General McChrystal, Ba\u015fkan Obama\u2019ya sald\u0131rarak kendini harc\u0131yordu. Ve bunu isteyerek yapt\u0131, \u00e7\u00fcnk\u00fc Afganistan\u2019da yeniliyordu. Yenilirken, Obama\u2019y\u0131 da dibe \u00e7ekiyordu.<\/b><\/p>\n<p><b>Afganistan\u2019daki ABD askerlerinin komutan\u0131 General McChrystal, ABD\u2019de tan\u0131nm\u0131\u015f ve etkisi bulunan Rolling Stone Dergisi\u2019ne verdi\u011fi bir r\u00f6portajda: \u201cABD\u2019nin Afganistan yenilgisinin ka\u00e7\u0131n\u0131lmazl\u0131\u011f\u0131n\u0131 ve Ba\u015fkan Obama\u2019dan hayal k\u0131r\u0131kl\u0131\u011f\u0131na u\u011frad\u0131\u011f\u0131n\u0131\u201d s\u00f6yl\u00fcyordu.<\/b><\/p>\n<p><b>Ve tabi hemen Washington\u2019a \u00e7a\u011fr\u0131lan d\u00f6rt y\u0131ld\u0131zl\u0131 general g\u00f6revden al\u0131n\u0131yordu.<\/b><\/p>\n<p><b>General McChrystal\u2019a g\u00f6re: Amerika yeniliyordu!<\/b><\/p>\n","protected":false},"author":19,"featured_media":0,"comment_status":"open","ping_status":"closed","sticky":false,"template":"","format":"standard","meta":{"footnotes":""},"categories":[115],"tags":[],"class_list":["post-1896","post","type-post","status-publish","format-standard","hentry","category-ekim-2010"],"_links":{"self":[{"href":"https:\/\/www.millicozum.com\/mc\/wp-json\/wp\/v2\/posts\/1896","targetHints":{"allow":["GET"]}}],"collection":[{"href":"https:\/\/www.millicozum.com\/mc\/wp-json\/wp\/v2\/posts"}],"about":[{"href":"https:\/\/www.millicozum.com\/mc\/wp-json\/wp\/v2\/types\/post"}],"author":[{"embeddable":true,"href":"https:\/\/www.millicozum.com\/mc\/wp-json\/wp\/v2\/users\/19"}],"replies":[{"embeddable":true,"href":"https:\/\/www.millicozum.com\/mc\/wp-json\/wp\/v2\/comments?post=1896"}],"version-history":[{"count":0,"href":"https:\/\/www.millicozum.com\/mc\/wp-json\/wp\/v2\/posts\/1896\/revisions"}],"wp:attachment":[{"href":"https:\/\/www.millicozum.com\/mc\/wp-json\/wp\/v2\/media?parent=1896"}],"wp:term":[{"taxonomy":"category","embeddable":true,"href":"https:\/\/www.millicozum.com\/mc\/wp-json\/wp\/v2\/categories?post=1896"},{"taxonomy":"post_tag","embeddable":true,"href":"https:\/\/www.millicozum.com\/mc\/wp-json\/wp\/v2\/tags?post=1896"}],"curies":[{"name":"wp","href":"https:\/\/api.w.org\/{rel}","templated":true}]}}