{"id":1897,"date":"2010-09-21T12:36:32","date_gmt":"2010-09-21T12:36:32","guid":{"rendered":"https:\/\/www.millicozum.com\/mc\/2010\/09\/21\/kuransiz-kibris-kime-yarar\/"},"modified":"2010-09-21T12:36:32","modified_gmt":"2010-09-21T12:36:32","slug":"kuransiz-kibris-kime-yarar","status":"publish","type":"post","link":"https:\/\/www.millicozum.com\/mc\/2010\/ekim-2010\/kuransiz-kibris-kime-yarar\/","title":{"rendered":"KUR\u2019AN\u2019SIZ KIBRIS K\u0130ME YARAR?"},"content":{"rendered":"<p><b>Mabedinde din \u00f6\u011fretilmeyen tek \u00fclke KKTC nereye kay\u0131yordu?<\/b><\/p>\n<p><b>Kuzey K\u0131br\u0131s T\u00fcrk Cumhuriyeti&#8217;nde (KKTC) Milli E\u011fitim Bakanl\u0131\u011f\u0131 ve Din \u0130\u015fleri Dairesi&#8217;nin birlikte koordine etti\u011fi \u201cyaz kuran kurslar\u0131\u201d yine sendikalar\u0131n bask\u0131n\u0131na u\u011fram\u0131\u015ft\u0131. <\/b><\/p>\n<p><b>Tamamen anayasal \u00e7er\u00e7evede d\u00fczenlenen, KKTC Milli E\u011fitim Bakanl\u0131\u011f\u0131 ve Din \u0130\u015fleri Dairesi taraf\u0131ndan kontrol edilen ve liyakat sahibi formasyonlu g\u00f6revlilerin ders verdi\u011fi Kur&#8217;an kurslar\u0131, KKTC&#8217;de yaz tatilinin ba\u015flamas\u0131yla yine g\u00fcndeme ta\u015f\u0131nm\u0131\u015ft\u0131. Lefko\u015fa&#8217;da eylem yapan K\u0131br\u0131sl\u0131 sendika g\u00f6revlileri, \u201cKur&#8217;an kurslar\u0131na asla izin vermeyeceklerini\u201d a\u00e7\u0131klam\u0131\u015ft\u0131.<\/b><\/p>\n<p><b>K\u0131br\u0131s T\u00fcrk Orta E\u011fitim \u00d6\u011fretmenler Sendikas\u0131 (KTOE\u00d6S) Ba\u015fkan\u0131 Ahmet Eraslan ve sendika \u00fcyesi \u00f6\u011fretmenlerin, yaz Kuran kurslar\u0131na bask\u0131n d\u00fczenlemesi kamuoyunda tepkiyle kar\u015f\u0131lanm\u0131\u015ft\u0131. KTOE\u00d6S Ba\u015fkan\u0131 Eraslan, \u201csendika olarak yaz Kur&#8217;an kurslar\u0131na asla izin vermeyeceklerini\u201d vurgulam\u0131\u015ft\u0131. Kurslar\u0131n siyasi bir amaca hizmet etti\u011fini iddia eden Eraslan, &#8220;Kur&#8217;an kursular\u0131n\u0131n yaz tatilinde \u00e7ocuklara verilmesine kar\u015f\u0131y\u0131z. Bunu engellemek i\u00e7in sendika olarak elimizden geleni yapaca\u011f\u0131z. Bu durumu Say\u0131n Milli E\u011fitim Bakan\u0131m\u0131za da ilettik\u201d diye \u00e7\u0131k\u0131\u015fm\u0131\u015ft\u0131.<\/b><\/p>\n<p><b>&#8220;Milli E\u011fitim Bakanl\u0131\u011f\u0131 okul kap\u0131lar\u0131na polis koymal\u0131&#8221;<\/b><\/p>\n<p>Demokratik Haklar ve \u0130nan\u00e7 Platformu s\u00f6zc\u00fcs\u00fc Mustafa T\u0131ng\u0131r ise istenmeyen olaylar\u0131n ortadan kalkmas\u0131 i\u00e7in KKTC Milli E\u011fitim Bakanl\u0131\u011f\u0131n\u0131n sendikalar\u0131 durdurmas\u0131 gerekti\u011fini hat\u0131rlatm\u0131\u015ft\u0131. Verilen kurslar\u0131n tamamen yasal oldu\u011funa dikkat \u00e7eken T\u0131ng\u0131r, &#8220;Milli E\u011fitim Bakanl\u0131\u011f\u0131 gerekirse okul kap\u0131lar\u0131na polis koyarak, olmas\u0131 muhtemel provokasyonlar\u0131 engellemeli&#8221; uyar\u0131s\u0131 yapm\u0131\u015ft\u0131.<\/p>\n<p><b>T\u00fcrkleri H\u0131ristiyanla\u015ft\u0131rma Kiliselerine ses \u00e7\u0131karmayan Mason Sendikalar niye Kur\u2019an Kurslar\u0131na sald\u0131r\u0131yordu?<\/b><\/p>\n<p><b>KKTC Din G\u00f6revlileri Birli\u011fi Ba\u015fkan\u0131 Hayri Ko\u00e7 ise KKTC&#8217;de ya\u015fanan kurs skandal\u0131yla alakal\u0131 olarak sendikalar\u0131n hadlerini a\u015ft\u0131\u011f\u0131n\u0131 belirtip yap\u0131lan e\u011fitimin tamamen yasal oldu\u011funu, Milli E\u011fitim Bakanl\u0131\u011f\u0131 ve Din \u0130\u015fleri Dairesi&#8217;nin kontrol etti\u011fi yasal bir olu\u015fumu sendikalar\u0131n sabote etti\u011fini ve anayasal su\u00e7 i\u015fledi\u011fini s\u00f6yl\u00fcyordu. MEB&#8217;in olaylar kar\u015f\u0131s\u0131nda sessiz kalmas\u0131n\u0131 da ele\u015ftiren Ko\u00e7, &#8220;Sanki tav\u015fana ka\u00e7, taz\u0131ya tut oyunu oynan\u0131yor. Tamamen yasal bir e\u011fitim verilirken, sendikalar gelip kurslar\u0131 engelliyor ve bu vatanda\u015flara hi\u00e7bir yasal i\u015flem yap\u0131lm\u0131yor. Bunun arkas\u0131n\u0131n ara\u015ft\u0131r\u0131lmas\u0131 gerekir&#8221; tespitleri dikkat \u00e7ekiyordu.<\/b><\/p>\n<p><b>\u0130stenmeyen olaylar\u0131n ya\u015fanmas\u0131ndan korkuluyordu.<\/b><\/p>\n<p>Ge\u00e7en sene de okullar\u0131n bas\u0131ld\u0131\u011f\u0131n\u0131 ve \u00f6\u011frencilerin taciz edildi\u011fini belirten Ko\u00e7, &#8220;Milli E\u011fitim Bakanl\u0131\u011f\u0131&#8217;n\u0131n tahsis etti\u011fi formasyonlu \u00f6\u011fretmenlere, yine bakanl\u0131\u011fa ba\u011fl\u0131 okullarda t\u00fcm yasal prosed\u00fcrler uygun oldu\u011fu halde polisle beraber bask\u0131n yap\u0131ld\u0131. \u00c7ocuklar\u0131n \u00f6zel e\u015fyalar\u0131, \u00e7antalar\u0131 didik didik arand\u0131. Flash belleklerine el koyuldu ama hi\u00e7bir su\u00e7 unsuru bulamad\u0131lar ve h\u00e2l\u00e2 sendikalar\u0131n bu tavr\u0131na bir dur diyen yok&#8221; de\u011ferlendirmesinde bulunup ayr\u0131 bir noktaya da dikkat \u00e7ekerek: &#8220;D\u00fcnyada mabedinde din e\u011fitimi alamayan tek \u00fclke Kuzey K\u0131br\u0131s T\u00fcrk Cumhuriyeti&#8217;dir. Sendikalar\u0131n yapt\u0131\u011f\u0131 bask\u0131nlarla vatanda\u015flar\u0131m\u0131z huzursuz edilmektedir. Sendikalar\u0131n bu tavr\u0131 devam ettik\u00e7e istenmeyen olaylar ya\u015fanabilir\u201d diyordu. Ge\u00e7en y\u0131l Alayk\u00f6y&#8217;de vatanda\u015flarla sendikal\u0131lar aras\u0131nda \u00e7\u0131kacak istenmeyen olaylar\u0131n halk\u0131n sa\u011fduyusuyla \u00e7\u00f6z\u00fcld\u00fc\u011f\u00fcne dikkat \u00e7eken Ko\u00e7, vatanda\u015flar\u0131n tahrik edildi\u011fini belirtiyordu.<\/p>\n<p><b>Girne Protestan Past\u00f6r\u00fcne g\u00f6re: Kuzey K\u0131br\u0131s\u2019ta \u015fu ana kadar 300 T\u00fcrk aile H\u0131ristiyanl\u0131\u011f\u0131 se\u00e7mi\u015f bulunuyordu!<\/b><\/p>\n<p>Kuzey K\u0131br\u0131s T\u00fcrk Cumhuriyeti&#8217;nde (KKTC) Dini Bilgiler Kurslar\u0131&#8217;n\u0131n bas\u0131lmas\u0131yla tart\u0131\u015f\u0131lmaya ba\u015flanan din e\u011fitimi ve din \u00f6zg\u00fcrl\u00fc\u011f\u00fc konusu, Ada&#8217;da son zamanlarda \u015fubelerini artt\u0131ran kilise evler ve di\u011fer dinlerin merkezleri konusunu da g\u00fcndeme ta\u015f\u0131m\u0131\u015ft\u0131.<\/p>\n<p>Kuzey K\u0131br\u0131s&#8217;ta son iki y\u0131l i\u00e7erisinde Yehova \u015eahitleri&#8217;ne ve Protestanlara ait iki\u015fer kilisenin yan\u0131 s\u0131ra bir de sinagog a\u00e7\u0131lm\u0131\u015ft\u0131. Bunlardan biri de Girne&#8217;de faaliyet g\u00f6steren \u201cL\u00fctuf Kilisesi\u201d olmaktayd\u0131. Kilisenin T\u00fcrk Past\u00f6r\u00fc (Protestan papazlar\u0131na &#8216;past\u00f6r&#8217; ad\u0131 veriliyor) Kemal Ba\u015faran, Cihan&#8217;a yapt\u0131\u011f\u0131 a\u00e7\u0131klamada Kuzey K\u0131br\u0131s&#8217;ta \u015fu ana kadar 300 ailenin H\u0131ristiyanl\u0131\u011f\u0131 se\u00e7ti\u011fi bilgisini a\u00e7\u0131klam\u0131\u015ft\u0131. &#8220;Benim annem babam da T\u00fcrk do\u011fdu. T\u00fcrkler; &#8216;Biz M\u00fcsl\u00fcman\u0131z Evelallah&#8217; d\u00fc\u015f\u00fcncesine sahip ama hakikatte yar\u0131m yanl\u0131\u015f bir Fatiha&#8217;dan \u00f6teye gidemeyen, ezan sesi duyup da tan\u0131mak d\u0131\u015f\u0131nda \u0130slam\u2019la ilgili hi\u00e7bir \u015fey bilmeyen insanlard\u0131 annem babam\u201d diyen T\u00fcrk k\u00f6kenli Papaz\u0131n anlatt\u0131klar\u0131 \u00e7ok ac\u0131 ger\u00e7ekleri yans\u0131tmaktayd\u0131.<\/p>\n<p>KKTC Din \u0130\u015fleri Dairesi Ba\u015fkan\u0131 Yusuf Sui\u00e7mez, M\u00fcsl\u00fcmanlar\u0131 bask\u0131 alt\u0131nda tutup di\u011fer dini olu\u015fumlar\u0131n denetlenmemesini M\u00fcsl\u00fcman K\u0131br\u0131s halk\u0131n\u0131n dinine kar\u015f\u0131 haks\u0131z bir rekabet ortam\u0131 olu\u015fturdu\u011funa dikkat \u00e7ekiyordu. Kamuoyunda \u0130slamiyet&#8217;le ilgili dezenformasyon ya\u015fand\u0131\u011f\u0131n\u0131 belirten Sui\u00e7mez, \u015funlar\u0131 s\u00f6yl\u00fcyordu: &#8220;\u0130slamiyet&#8217;i karalamaya, Kur&#8217;an ve \u0130slam \u00f6\u011fretimi \u00fczerinde bir bask\u0131 kurulmaya \u00e7al\u0131\u015f\u0131l\u0131yor. Kendi inanc\u0131m\u0131z toplumda bu \u015fekilde lanse edilirken di\u011fer din unsurlar\u0131n\u0131n saf g\u00f6sterilmesi ve istismar edilebilecek unsurlar\u0131n g\u00f6r\u00fclmemesi baz\u0131 kas\u0131tl\u0131 h\u0131yanetlerin gizlenmesine yar\u0131yor.&#8221;<\/p>\n<p>Hi\u00e7bir H\u0131ristiyan&#8217;\u0131n bulunmad\u0131\u011f\u0131 mahallelerde kiliseler a\u00e7\u0131ld\u0131\u011f\u0131n\u0131 ifade eden Sui\u00e7mez, baz\u0131 ki\u015fi ve gruplar\u0131n toplumu yozla\u015ft\u0131rmak i\u00e7in bilin\u00e7li giri\u015fimlerde bulundu\u011funu dile getiriyor ve &#8220;Bir yerde kilise a\u00e7\u0131lacaksa aynen Kur\u2019an Kursunda oldu\u011fu gibi uzmanl\u0131k e\u011fitimi istenmesi laz\u0131md\u0131r. \u0130nsanlar\u0131m\u0131z\u0131 istismardan korumak i\u00e7in devletin denetleme g\u00f6revini do\u011fru yapmas\u0131 \u015fartt\u0131r. Ama kilise ve havralara kolayl\u0131k sa\u011flay\u0131p Kur\u2019an Kurslar\u0131na zorluk \u00e7\u0131karmak kas\u0131tl\u0131 ve sakat bir kafa yap\u0131s\u0131n\u0131 yans\u0131tmaktad\u0131r\u201d diye yak\u0131n\u0131yordu.<\/p>\n<p><b>T\u00fcrk Protestan Past\u00f6r tam bir g\u00e2vurluk sergiliyordu! <\/b><\/p>\n<p><b>Girne&#8217;de faaliyet g\u00f6steren &#8216;Protestan T\u00fcrk Kilisesi&#8217; ya da di\u011fer ad\u0131yla &#8216;L\u00fctuf Kilisesi&#8217;nin Past\u00f6r\u00fc Kemal Ba\u015faran, \u00f6\u011fretmenler sendikas\u0131n\u0131n dini bilgiler kurslar\u0131na yapt\u0131\u011f\u0131 m\u00fcdahaleye destek veriyordu. \u201cT\u00fcrkiye ve Kuzey K\u0131br\u0131s&#8217;ta H\u0131ristiyan d\u00fc\u015fmanl\u0131\u011f\u0131 yap\u0131ld\u0131\u011f\u0131n\u0131 ve Kuran Kurslar\u0131nda di\u011fer din ve \u0131rklara kar\u015f\u0131 d\u00fc\u015fmanl\u0131k a\u015f\u0131land\u0131\u011f\u0131n\u0131\u201d \u00f6ne s\u00fcren Past\u00f6r Papaz Ba\u015faran, T\u00fcrkiye&#8217;deki H\u0131ristiyan din adamlar\u0131na ge\u00e7mi\u015fte yap\u0131lan baz\u0131 sald\u0131r\u0131lar\u0131 \u00f6rnek g\u00f6steriyordu. Ba\u015faran Gavurcu\u011fu: &#8220;Kur&#8217;an kurslar\u0131nda do\u011fru e\u011fitim verilmedi\u011fi i\u00e7in, Bat\u0131&#8217;ya ve H\u0131ristiyanl\u0131\u011fa kar\u015f\u0131 \u015f\u00fcphe ya\u015fan\u0131yor&#8221; iddias\u0131n\u0131 ortaya at\u0131yordu. B\u00f6ylece Ha\u00e7l\u0131 AB\u2019ye sahip \u00e7\u0131k\u0131yor ve AB\u2019ye \u00fcyelik giri\u015fimlerini destekliyordu. S\u00f6zde AB kar\u015f\u0131t\u0131 ulusalc\u0131lar\u0131n bu Papaz kafal\u0131 sendikac\u0131lara arka \u00e7\u0131kmas\u0131 ise dikkat \u00e7ekiyordu.<\/b><\/p>\n<p><b>KKTC&#8217;de Dini Bilgiler Kurslar\u0131&#8217;na yap\u0131lan m\u00fcdahaleleri &#8216;bask\u0131n&#8217; olarak de\u011ferlendirmeyen Papaz Kemal Ba\u015faran, &#8220;Bask\u0131n yapt\u0131lar da ne yapt\u0131lar, ellerindeki sopalarla birilerinin kafas\u0131n\u0131 m\u0131 k\u0131rd\u0131lar?\u201d diyerek tam bir g\u00e2vurluk sergiliyordu. Devletin S\u00fcnni \u0130slam&#8217;a ayr\u0131cal\u0131k tan\u0131d\u0131\u011f\u0131n\u0131 \u00f6ne s\u00fcren K\u0131br\u0131s T\u00fcrk\u00fc ve Protestan Past\u00f6r\u00fc, &#8220;Kurslar, S\u00fcnni olmayan ki\u015filerden taraf\u0131ndan denetlenmeli. Ben \u00f6\u011fretmenlerin denetlemesini destekliyorum\u201d diyordu. <\/b><\/p>\n<p><b>T\u00fcrkiye&#8217;den gelenler de H\u0131ristiyan oluyordu!<\/b><\/p>\n<p>Aileleri, &#8216;\u00c7ocuklar\u0131m\u0131z dinlerini \u00f6\u011frenmek istiyor&#8217; diyerek onlar\u0131 kurslara g\u00f6ndermekle ele\u015ftiren K\u0131br\u0131s t\u00fcrk\u00fc H\u0131ristiyan Papaz Kemal Ba\u015faran, &#8220;Zavall\u0131 yavrular\u0131n yaz tatillerini din dersi almakla ge\u00e7irme arzusunda olduklar\u0131na inanm\u0131yorum\u201d deyip kendi ailesinden \u00f6rnek veriyordu: &#8220;B\u00fct\u00fcn K\u0131br\u0131sl\u0131 T\u00fcrkler gibi M\u00fcsl\u00fcman&#8217;d\u0131k. Benim annem babam da M\u00fcsl\u00fcmand\u0131, g\u00fcya M\u00fcsl\u00fcmand\u0131. \u00c7\u00fcnk\u00fc \u0130slam&#8217;\u0131n be\u015f \u015fart\u0131 var, benim annem babam o be\u015f \u015fart\u0131n hi\u00e7birini yerine getirmedi. Bug\u00fcn K\u0131br\u0131s T\u00fcrkleri &#8216;y\u00fczde doksan dokuzu M\u00fcsl\u00fcman olan bir halk.&#8217; \u0130slam&#8217;\u0131n \u015fart\u0131 be\u015f ise halk y\u00fczde bir M\u00fcsl\u00fcmand\u0131r. Bu insanlar\u0131n y\u00fczde biri bile camiye gitmiyor. &#8216;Biz M\u00fcsl\u00fcman\u0131z Evelallah&#8217; d\u00fc\u015f\u00fcncesine sahip ama hakikatte belki Fatiha bile okuyamayan, ezan sesi duyup da t\u0131nmayan insanlard\u0131 annem babam.&#8221; 20 ya\u015f\u0131nda Protestanl\u0131\u011f\u0131 se\u00e7ti\u011fini belirten Ba\u015faran&#8217;a g\u00f6re KKTC&#8217;de H\u0131ristiyan olanlar aras\u0131nda K\u0131br\u0131sl\u0131 T\u00fcrklerin yan\u0131 s\u0131ra T\u00fcrkiye ve Bulgaristan&#8217;dan gelen T\u00fcrkler de bulunuyordu.<\/p>\n<div>\n<p><b>KKTC H\u00fck\u00fcmeti, Kur\u2019an Kursu sorununa el atm\u0131\u015ft\u0131: \u00c7\u00f6z\u00fcm kurumsalla\u015fmad\u0131r, <\/b><\/p>\n<p><b>Sendikalar halt ediyordu!<\/b><\/p>\n<p>KKTC Milli E\u011fitim Gen\u00e7lik ve Spor Bakan\u0131 Naz\u0131m \u00c7avu\u015fo\u011flu her yaz bask\u0131nlarla g\u00fcndeme gelen Dini Bilgiler Kurslar\u0131n\u0131 kurumsalla\u015ft\u0131rarak bu s\u0131k\u0131nt\u0131y\u0131 halledeceklerini s\u00f6yledi. Toplumun her kesiminden destek istediklerini belirten \u00c7avu\u015fo\u011flu, &#8220;Kurumsalla\u015fmaya do\u011fru \u00e7\u0131kt\u0131\u011f\u0131m\u0131z bu yolda herkesin bizi anlamas\u0131n\u0131 bekliyoruz ve ne yapt\u0131\u011f\u0131m\u0131z\u0131n bilinmesini istiyoruz. Kimse buna takoz koymaya \u00e7al\u0131\u015fmas\u0131n, \u00e7\u00fcnk\u00fc bu yap\u0131lmad\u0131\u011f\u0131 takdirde insanlar\u0131m\u0131z farkl\u0131 noktalardan bu e\u011fitimi almaya \u00e7al\u0131yor, i\u015fte as\u0131l tehlike oradad\u0131r\u201d diyordu. KKTC&#8217;de yaz tatilinin ba\u015flamas\u0131yla g\u00fcndeme gelen ve her y\u0131l oldu\u011fu gibi bu y\u0131l da bask\u0131nlarla kamuoyu olu\u015fturan dini bilgiler kurslar\u0131na h\u00fck\u00fcmet ve bakanl\u0131k taraf\u0131ndan sahip \u00e7\u0131k\u0131l\u0131yordu. Milli E\u011fitim Gen\u00e7lik ve Spor Bakan\u0131 Naz\u0131m \u00c7avu\u015fo\u011flu, kurslar konusunda ya\u015fanan s\u0131k\u0131nt\u0131lar\u0131 \u00e7\u00f6zmek i\u00e7in toplumsal mutabakat ama\u00e7lad\u0131klar\u0131n\u0131 belirterek h\u00fck\u00fcmet olarak bu sorunu, taraflar\u0131 memnun ederek \u00e7\u00f6zeceklerini belirtiyordu.<\/p>\n<p><b>E\u011fitmenler ilahiyat mezunu ve pedagojik formasyonlu<\/b><\/p>\n<p>Kurslarda e\u011fitmenlik yapan \u00f6\u011fretmenlerin tamamen liyakat sahibi oldu\u011funu vurgulayan Bakan \u00c7avu\u015fo\u011flu, \u00f6\u011fretmenleri \u00fc\u00e7 g\u00fcnl\u00fck hizmet i\u00e7i e\u011fitimle haz\u0131rlad\u0131klar\u0131n\u0131 ve kurs m\u00fcfredat\u0131n\u0131 doktoral\u0131 g\u00f6revlilerle birlikte olu\u015fturduklar\u0131n\u0131 hat\u0131rlat\u0131p, Kurslardaki e\u011fitimin tamamen uzman ki\u015filerce verildi\u011fini, \u00f6\u011fretmenlerin ilahiyat mezunu ve pedagojik formasyonlu kimselerden se\u00e7ildi\u011fini belirtiyordu. \u00c7avu\u015fo\u011flu, haz\u0131rlanan m\u00fcfredat\u0131n \u015fuanda okullardaki \u00f6\u011frencilerin ihtiyac\u0131n\u0131 kar\u015f\u0131layacak \u015fekilde oldu\u011funu da vurguluyordu.<\/p>\n<p><b>Sendikalar\u0131n kurslar\u0131 engellemeye haklar\u0131 yoktu<\/b><\/p>\n<p>Sendikalar\u0131n g\u00f6r\u00fc\u015flerini ortaya koymaya haklar\u0131n\u0131n oldu\u011fu gibi yasal \u00e7er\u00e7evede eylem yapma haklar\u0131n\u0131n da oldu\u011funu belirten \u00c7avu\u015fo\u011flu, ancak sendikalar\u0131n s\u0131n\u0131rlar\u0131n\u0131 \u00e7i\u011fneyerek kurslar\u0131n devam\u0131n\u0131 engellemeye haklar\u0131n\u0131n bulunmad\u0131\u011f\u0131n\u0131 belirtiyordu.<\/p>\n<p><b>\u00c7\u00f6z\u00fcm i\u00e7in toplumsal mutabakat aran\u0131yordu<\/b><\/p>\n<p>Kurumsalla\u015fma \u00e7er\u00e7evesinde belli bir noktaya gelindi\u011fini hat\u0131rlatan KKTC Gen\u00e7lik Bakan\u0131n\u0131n: &#8220;Geldi\u011fimiz nokta \u015fu anda kurslar\u0131n kurdu\u011fumuz sistem i\u00e7inde devam etmesi. \u0130lahiyat mezunu pedagojili hocalarla e\u011fitime devam edilmesi y\u00f6n\u00fcndeki tavr\u0131m\u0131z devam edecek. H\u00fck\u00fcmet ve bakanl\u0131k olarak bu sorunun ortadan kalkmas\u0131 i\u00e7in toplumsal mutabakat\u0131 hedefledik. Bizim buradaki gayretimizin amac\u0131 bunun her y\u0131l g\u00fcndem yapmaktan kurtarmak, istikrarl\u0131 bir \u015fekilde d\u00fczene getirip sa\u011fl\u0131kl\u0131 bir \u015fekilde kurslar\u0131n devam\u0131n\u0131 sa\u011flamakt\u0131r. Bu \u00e7er\u00e7evede baz\u0131 \u015fah\u0131slar kas\u0131tl\u0131 ve k\u0131\u015fk\u0131rt\u0131c\u0131 fikirler \u00f6ne s\u00fcr\u00fcyorlar, baz\u0131lar\u0131 kar\u015f\u0131d\u0131r, baz\u0131lar\u0131 taraft\u0131r, ama bu s\u0131k\u0131nt\u0131lar\u0131 a\u015faca\u011f\u0131z\u201d a\u00e7\u0131klamas\u0131 olumlu bulunuyordu.<\/p>\n<p>\u00c7\u00fcnk\u00fc toplumun talepleri konusunda kurslar\u0131n Milli E\u011fitim Bakanl\u0131\u011f\u0131&#8217;nca denetlenerek halka hizmet vermesi gerekiyordu. M\u00fcsl\u00fcman halk\u0131n talebini kar\u015f\u0131lamak zaten yasal ve anayasal olarak Milli E\u011fitim Bakanl\u0131\u011f\u0131&#8217;n\u0131n g\u00f6revi oluyordu.<\/p>\n<p><b>KKTC&#8217;de sendikalar iyice az\u0131t\u0131yordu<\/b><\/p>\n<p>Kuzey K\u0131br\u0131s T\u00fcrk Cumhuriyeti&#8217;nde bir okuldaki Kuran kursunu basan e\u011fitim sendikas\u0131 ve derne\u011fi yetkilileri, bir ba\u015fka Kuran kursu daha bas\u0131yordu.<\/p>\n<p>Sendika \u00fcyelerinin, G\u00f6nendere&#8217;de bir Kuran kursuna bask\u0131n d\u00fczenledikleri, \u00f6\u011fretmen ve \u00f6\u011frencileri d\u0131\u015far\u0131 \u00e7\u0131kard\u0131klar\u0131 anla\u015f\u0131l\u0131yordu.<\/p>\n<p>Yaz tatilinin ba\u015flamas\u0131yla beraber \u00e7ocuklar\u0131n\u0131n dini e\u011fitim almas\u0131n\u0131 isteyen velilerin talebi \u00fczerine harekete ge\u00e7en KKTC Milli E\u011fitim Bakanl\u0131\u011f\u0131 ve KKTC Din \u0130\u015fleri Dairesi, yaz kuran kurslar\u0131n\u0131n okullarda verilmesini kararla\u015ft\u0131r\u0131yordu. Ancak K\u0131br\u0131s T\u00fcrk Orta E\u011fitim \u00d6\u011fretmenler Sendikas\u0131 (KTOE\u00d6S), sendika \u00fcyeleriyle kurslar\u0131 basarak e\u011fitime engel olmaya \u00e7al\u0131\u015f\u0131yordu. <b><\/b><\/p>\n<p><b>KKTC E\u011fitim Bakan\u0131; \u201cKur&#8217;an Kurslar\u0131na bask\u0131n bir daha ya\u015fanmayacak\u201d teminat\u0131n\u0131 veriyordu <\/b><\/p>\n<p>KKTC Milli E\u011fitim Gen\u00e7lik ve Spor Bakan\u0131 Naz\u0131m \u00c7avu\u015fo\u011flu, sendikalar\u0131n Kur&#8217;an kurslar\u0131na yapt\u0131\u011f\u0131 bask\u0131nlara sert tepki g\u00f6stererek: Ki\u015filerin inan\u00e7 \u00f6zg\u00fcrl\u00fc\u011f\u00fcn\u00fc sonuna kadar koruyacaklar\u0131n\u0131 belirtiyor ve bir daha bask\u0131nlar\u0131n ya\u015fanmayaca\u011f\u0131 teminat\u0131n\u0131 veriyordu.<\/p>\n<p>\u00c7avu\u015fo\u011flu, sendikalar\u0131n siyasete bula\u015fmalar\u0131na ve kamuoyunda manip\u00fclasyonlar yapmalar\u0131na sonuna kadar kar\u015f\u0131 duracaklar\u0131n\u0131 ifade ederken KT\u00d6S Ba\u015fkan\u0131 G\u00fcven Varo\u011flu&#8217;nun, &#8220;K\u0131br\u0131sl\u0131 T\u00fcrkleri M\u00fcsl\u00fcmanla\u015ft\u0131rma politikas\u0131 g\u00fcd\u00fcl\u00fcyor. Ge\u00e7mi\u015fte T\u00fcrkle\u015ftirme konusunda ayn\u0131s\u0131 yap\u0131ld\u0131\u201d s\u00f6zlerine de &#8220;Buradan Say\u0131n Varo\u011flu&#8217;na s\u00f6yl\u00fcyorum, buradaki halk T\u00fcrk&#8217;t\u00fcr ve M\u00fcsl\u00fcman&#8217;d\u0131r. Biz de T\u00fcrk&#8217;\u00fcz ve M\u00fcsl\u00fcman&#8217;\u0131z\u201d kar\u015f\u0131l\u0131\u011f\u0131n\u0131 veriyordu.<\/p>\n<\/p><\/div>\n<p><b>Ge\u00e7mi\u015f h\u00fck\u00fcmetlerin ve AKP\u2019nin gaflet politikas\u0131 meyvesini veriyor, KKTC\u2019de ekonomi ve siyaset bat\u0131yordu!<\/b><\/p>\n<p><b><i>\u201cKKTC, malum, hen\u00fcz ba\u015fka \u00fclkeler taraf\u0131ndan tan\u0131nmamas\u0131 sebebiyle do\u011fru d\u00fcr\u00fcst bir gelir kayna\u011f\u0131 olmad\u0131\u011f\u0131 i\u00e7in, a\u011f\u0131rl\u0131kl\u0131 olarak T\u00fcrkiye&#8217;den g\u00f6nderilen yard\u0131mlarla ayakta duran bir \u00fclke konumundayd\u0131.<\/i><\/b><\/p>\n<p><b><i>T\u00fcrkiye&#8217;de ortalama memur maa\u015flar\u0131 1.300-2.000 TL d\u00fczeyinde iken, KKTC&#8217;de 2.500-5.000 TL aral\u0131\u011f\u0131ndayd\u0131.<\/i><\/b><\/p>\n<p><b><i>T\u00fcrkiye ve KKTC resmi kaynaklar\u0131ndan derlenen baz\u0131 rakamlar \u015funlard\u0131:<\/i><\/b><\/p>\n<p><b><i>KKTC&#8217;nin n\u00fcfusu 265 bin ki\u015fiye, Adadaki ta\u015f\u0131t say\u0131s\u0131 245 bine ula\u015f\u0131yordu. Nerdeyse ki\u015fi ba\u015f\u0131na bir ara\u00e7 d\u00fc\u015f\u00fcyordu.<\/i><\/b><\/p>\n<p><b><i>100 milyon n\u00fcfuslu Japonya&#8217;da 5 bin makam arac\u0131 varken, KKTC&#8217;deki resmi ara\u00e7 say\u0131s\u0131 2.400&#8217;\u00fc a\u015f\u0131yordu.<\/i><\/b><\/p>\n<p><b><i>Akaryak\u0131t fiyatlar\u0131 a\u015fa\u011f\u0131-yukar\u0131 bizdekinin yar\u0131s\u0131 kadar\u0131na sat\u0131l\u0131yordu.<\/i><\/b><\/p>\n<p><b><i>Adada asgari \u00fccret net 1.237 lira ama ortalama ayl\u0131klar 2 bin liran\u0131n \u00fczerinde bulunuyordu. Adadaki b\u00fct\u00fcn \u00fccretlilere bir de ikramiye niyetine 13. maa\u015f ek haklar\u0131 veriliyordu.<\/i><\/b><\/p>\n<p><b><i>Baz\u0131lar\u0131n\u0131n 10-15 sene \u00e7al\u0131\u015farak emekli oldu\u011fu ifade edilen toplam 37 bin emeklinin oldu\u011fu Adada, kamu emeklilerinin maa\u015flar\u0131 2-3 bin liradan ba\u015flay\u0131p, 5 hatta 6 bin liralara t\u0131rman\u0131yordu. Emekli olunurken al\u0131nan ikramiye rakamlar\u0131 ise T\u00fcrkiye ile mukayese edildi\u011finde, dudak u\u00e7uklatacak cinsten: Bizde devletten emekli olanlar\u0131n ikramiye miktarlar\u0131 25-70 bin lira aras\u0131nda iken, KKTC&#8217;de kamu emeklilerinin ikramiyeleri 200 bin lira ile 2 milyon lira aras\u0131nda de\u011fi\u015fiyordu.<\/i><\/b><\/p>\n<p><b><i>Haftal\u0131k \u00e7al\u0131\u015fma saatleri k\u0131\u015f\u0131n 40, yaz aylar\u0131nda ise 35 saati ge\u00e7miyordu.<\/i><\/b><\/p>\n<p><b><i>Adada devletten maa\u015f alanlar\u0131n say\u0131s\u0131 70 bin civar\u0131nda tahmin ediliyordu.<\/i><\/b><\/p>\n<p><b><i>T\u00fcrkiye&#8217;de 15 milyon \u00f6\u011frenciye kar\u015f\u0131l\u0131k 600 bin \u00f6\u011fretmen varken, KKTC&#8217;de 36 bin \u00f6\u011frenci i\u00e7in 6 bin \u00f6\u011fretmen mevcuttu. Yani 6 \u00f6\u011frenciye bir \u00f6\u011fretmen d\u00fc\u015f\u00fcyordu. (KKTC \u00f6\u011frencileri, \u00fcniversiteye giri\u015f ikinci a\u015fama s\u0131navlar\u0131nda, \u015e\u0131rnak&#8217;\u0131n ard\u0131ndan 82. olmu\u015ftu!\u201d<\/i><\/b><\/p>\n<p><b><i>Adan\u0131n var olan ekonomisi 10 kadar ailenin denetiminde idi ve birbirlerine rakip gibi g\u00f6z\u00fcken bu aileler, ayn\u0131 Rotary, Lions ve \u0130nner Wheel kurulu\u015flar\u0131nda birlikte hareket ediyordu!<\/i><\/b><\/p>\n<p><b><i>KKTC&#8217;lilerin T\u00fcrkiye&#8217;den gelenlere kar\u015f\u0131 davran\u0131\u015flar\u0131, hi\u00e7te insafl\u0131 ve insanc\u0131l g\u00f6r\u00fclm\u00fcyordu. <\/i><\/b><\/p>\n<p><b><i>Son olarak a\u00e7\u0131lan Kur&#8217;un kurslar\u0131na y\u00f6nelik baz\u0131 \u00f6\u011fretmenlerin sald\u0131r\u0131lar\u0131 ile T\u00fcrkiye g\u00fcndemine gelen adada, baz\u0131 \u015feylerin de\u011fi\u015fmesi i\u00e7in, biraz da T\u00fcrkiye&#8217;nin zoruyla, ekonomik tedbirler i\u00e7in d\u00fc\u011fmeye bas\u0131lmas\u0131 gerekiyordu.<\/i><\/b><\/p>\n<p><b>KKTC, \u0130flas\u0131n e\u015fi\u011finde bir devlet g\u00f6r\u00fcnt\u00fcs\u00fc veriyordu<\/b><\/p>\n<p>KKTC&#8217;de y\u00fcrekler ac\u0131s\u0131 olan sadece ekonomi de\u011fil, siyasi sistem de bat\u0131yordu Ekonomide d\u00f6nen paran\u0131n \u00e7o\u011fu elinden ge\u00e7ti\u011fi i\u00e7in politika bir da\u011f\u0131t\u0131m ve b\u00f6l\u00fc\u015ft\u00fcrme merkezine d\u00f6n\u00fc\u015f\u00fcyordu. R\u00fc\u015fvet ve yolsuzluk kol geziyor, baz\u0131 istisnalar d\u0131\u015f\u0131nda halk kolaya al\u0131\u015ft\u0131\u011f\u0131 i\u00e7in bu m\u00fcflis sistemi destekliyor, durum feci olmas\u0131na ra\u011fmen reform talebinde bulunmuyordu. &#8220;Toplum halinden memnun toparlanma ihtiyac\u0131 duymuyordu.&#8221;<\/p>\n<p>Siyasetin i\u015f yap\u0131c\u0131 kolu olan b\u00fcrokrasinin durumu da endi\u015fe veriyordu. \u00c7o\u011fu pis ve bak\u0131ms\u0131z olan devlet dairelerinde i\u015f bilmeme, bilgisizlik, disiplinsizlik h\u00fck\u00fcm s\u00fcr\u00fcyordu. &#8220;Bakanl\u0131klar \u00e7al\u0131\u015fmama \u00fczerine kurulmu\u015f&#8221; diyen eski bir bakan her \u015feyi \u00f6zetliyordu. Siyasi partiler durumu ters \u00e7evirecek entelekt\u00fcel altyap\u0131 ve yetenekten yoksundu. Hi\u00e7birinin di\u015fe dokunur ekonomik program\u0131, gelecek i\u00e7in vizyonu yoktu. &#8220;Siyaset\u00e7i \u00e7\u00f6z\u00fcm \u00fcretmiyor. Bundan dolay\u0131 herkes neye sahipse onu korumaya \u00e7al\u0131\u015f\u0131yor. Kamu \u00e7al\u0131\u015fanlar\u0131, emekliler maa\u015f\u0131na sar\u0131l\u0131yor. Sendikalar ele ge\u00e7irdikleri yasal yetkilere sar\u0131l\u0131yor. Turizm tesisleri kumar lisanslar\u0131na sar\u0131l\u0131yor. \u0130\u015fadamlar\u0131n\u0131n bir k\u0131sm\u0131 ya ithalatta tek, ya tek bayi. Onlar da bu durumlar\u0131na s\u0131\u011f\u0131n\u0131yorlar. Ba\u015fka akt\u00f6rleri devre d\u0131\u015f\u0131 b\u0131rakmaya \u00e7al\u0131\u015f\u0131yorlar.<\/p>\n<p>&#8220;Sendika y\u00f6neticileri, siyaset\u00e7iler, imtiyaz \u00fczerine i\u015f kurmu\u015f i\u015fadamlar\u0131 bu sistem de\u011fi\u015fmesin diye engelliyorlar desteklemek yerine. \u00dcst\u00fc kapal\u0131 mutabakat var KKTC&#8217;de: T\u00fcrkiye&#8217;den daha fazla para nas\u0131l al\u0131n\u0131r. Ba\u015fka hi\u00e7bir konuda mutabakat yok&#8221; diyenlere maalesef hak vermek gerekiyordu.<\/p>\n<p><b>Ayd\u0131nl\u0131k ise bu olay\u0131: \u201cAKP tehditle, okullarda Kur\u2019an Kurslar\u0131 a\u00e7t\u0131r\u0131yor\u201d diye \u00e7arp\u0131t\u0131yordu<\/b><\/p>\n<p>T\u00fcrkiye&#8217;de T\u00fcrk ile K\u00fcrd\u00fc ay\u0131rmaya \u00e7al\u0131\u015fan AKP&#8217;nin son birka\u00e7 ayd\u0131r Kuzey K\u0131br\u0131s&#8217;ta &#8220;K\u0131br\u0131s T\u00fcrk\u00fc&#8221; ile &#8220;T\u00fcrkiye T\u00fcrk\u00fc&#8221;n\u00fc ay\u0131rmaya \u00e7al\u0131\u015fan giri\u015fimleri \u015fa\u015fk\u0131nl\u0131k ve tedirginlikle izleniyor\u201d \u015feklinde \u00e7arp\u0131t\u0131yor ve \u201cK\u0131br\u0131s T\u00fcrk \u00d6\u011fretmenler Sendikas\u0131 (KT\u00d6S), kuran kursu veren okullar\u0131 i\u015fgal ederek, \u201cKuzey K\u0131br\u0131s Milli e\u011fitiminin laik bir e\u011fitim sistemi oldu\u011funu a\u00e7\u0131klayarak, okullar\u0131n Kur\u2019an Kursu i\u00e7in kullan\u0131lmas\u0131na izin vermeyeceklerini belirtiyor\u201d diyerek, K\u0131br\u0131s T\u00fcrk\u00fcn\u00fcn \u0130slam\u2019dan uzakla\u015fmas\u0131na ve H\u0131ristiyanla\u015fmas\u0131na dolayl\u0131 destek veriyordu. Sanki AKP de\u011fil de CHP veya DP K\u0131br\u0131s\u2019a Kur\u2019an Kursu a\u00e7sa buna sahip \u00e7\u0131kacaklarm\u0131\u015f gibi sahte bir tav\u0131r tak\u0131n\u0131l\u0131yordu.<\/p>\n<p>Baz\u0131 duyarl\u0131 M\u00fcsl\u00fcman konu\u015fmac\u0131lar\u0131n vurgulad\u0131\u011f\u0131 &#8216;Din e\u011fitiminin Rum Kesimi&#8217;ndeki gibi serbest b\u0131rak\u0131lmas\u0131n\u0131&#8217; arzulamalar\u0131n\u0131, en az\u0131ndan KKTC\u2019deki kiliseler ve havralar kadar Kur\u2019an Kurslar\u0131na da m\u00fcsamahal\u0131 davran\u0131lmas\u0131n\u0131 bile Ayd\u0131nl\u0131k\u00e7\u0131lar i\u00e7ine sindiremiyordu.<b><\/b><\/p>\n<p>Ayd\u0131nl\u0131k: \u201cT\u00fcrkiye&#8217;nin Lefko\u015fa B\u00fcy\u00fckel\u00e7ili\u011fi \u00f6n\u00fcndeki eylemde, KT\u00d6S Ba\u015fkan\u0131 G\u00fcven Varo\u011flu, KT\u00d6S Genel Sekreteri \u015eener Elcil ile KTOE\u00d6S Ba\u015fkan\u0131 Adnan Eraslan\u2019\u0131n: \u201cKuran kurslar\u0131n\u0131n \u00fclkede ayr\u0131mc\u0131l\u0131k ve ayr\u0131l\u0131k\u00e7\u0131 bir ortam yaratt\u0131\u011f\u0131, insanlar\u0131n \u00e7at\u0131\u015fma durumuna haz\u0131rland\u0131\u011f\u0131, T\u00fcrkiye h\u00fck\u00fcmetlerinin K\u0131br\u0131sl\u0131 T\u00fcrkleri K\u0131br\u0131s&#8217;ta az\u0131nl\u0131k durumuna d\u00fc\u015f\u00fcrmeye \u00e7al\u0131\u015ft\u0131\u011f\u0131\u201d iddialar\u0131n\u0131 hakl\u0131 bulmas\u0131 ise bizleri \u015fa\u015f\u0131rtm\u0131yordu. \u00c7\u00fcnk\u00fc bunlar\u0131n ulusalc\u0131l\u0131ktan, ayd\u0131nlanmac\u0131l\u0131ktan anlad\u0131klar\u0131 \u015feyin \u0130slam\u2019a d\u00fc\u015fmanl\u0131k oldu\u011fu taraf\u0131m\u0131zdan biliniyordu.<\/p>\n<p><b>Ayd\u0131nl\u0131k\u2019\u0131n:<\/b> <b><i>\u201cBu m\u00fcdahaleler sonucunda ortaya \u00e7\u0131kan sosyal tablo olduk\u00e7a tehlikeli. K\u0131br\u0131sl\u0131 T\u00fcrk&#8217;\u00fc T\u00fcrkiyeliye kar\u015f\u0131 ve T\u00fcrkiyeliyi de K\u0131br\u0131s T\u00fcrk&#8217;\u00fcne kar\u015f\u0131 konumland\u0131r\u0131l\u0131nca; K\u0131br\u0131s T\u00fcrk&#8217;\u00fcn\u00fcn tepkisi T\u00fcrkiye&#8217;ye d\u00f6n\u00fcyor, AKP&#8217;ye de\u011fil. Bu haliyle de sokaktaki sendikal hareket her an bir bir turuncu devrime d\u00f6n\u00fc\u015fme tehlikesi ta\u015f\u0131yor. &#8216;\u0130\u015fgalci T\u00fcrkiye&#8217; sesi \u00e7ok yak\u0131nda T\u00fcrk Ordusunun k\u0131\u015flalar\u0131 \u00f6n\u00fcne gelirse kimse \u015fa\u015f\u0131rmas\u0131n. Belki bu da Ergenekon komplosunun bir par\u00e7as\u0131 olarak \u00e7oktan planlanm\u0131\u015ft\u0131r. \u00c7\u00fcnk\u00fc T\u00fcrk Ordusu&#8217;nun belinin Kuzey K\u0131br\u0131s&#8217;tan k\u0131r\u0131lmas\u0131 gerekti\u011fini \u00e7ok iyi biliyorlar!\u201d<a name=\"_ftnref1\" href=\"https:\/\/www.millicozum.com\/mc\/#_ftn1\"><b>[1]<\/b><\/a><\/i><\/b> <b>yorumu ise, \u201cK\u0131br\u0131s T\u00fcrk\u2019\u00fc Kur\u2019an\u2019\u0131 \u00f6\u011frenmek ve \u0130slami bilince eri\u015fmektense, Rum g\u00e2vuruna k\u00f6lele\u015fmeyi tercih etmektedir. Hatta bunu engelleyen T\u00fcrk ordusunun, \u201ci\u015fgalci asker defolsun\u201d diye aday\u0131 terk etmesini bile isteyebilir ve bunun su\u00e7lusu da Kur\u2019an kursunu ve \u0130slami \u015fuuru verenlerdir\u201d k\u00fcstahl\u0131\u011f\u0131n\u0131n dolamba\u00e7l\u0131 anlat\u0131m\u0131 oluyordu.<\/b><\/p>\n<p><b>\u015eimdi insaf ve izanla s\u00f6yleyecek olursak; Ayd\u0131nl\u0131k\u00e7\u0131 ge\u00e7inen bu karanl\u0131k kafalar, bu dinsiz Masonlu\u011fa g\u00f6n\u00fcll\u00fc kalfalar bulunduk\u00e7a, b\u00fct\u00fcn akrepliklerine ra\u011fmen bu halk\u0131n niye AKP\u2019yi destekledi\u011fi de ortaya \u00e7\u0131k\u0131yordu.<\/b><\/p>\n<p><b>Bir zamanlar Kur\u2019an\u2019dan derledi\u011fi baz\u0131 ayet mealleriyle dindarl\u0131k taslayan Rauf Denkta\u015f, acaba \u015fimdi kimin taraf\u0131ndayd\u0131? Kur\u2019an Kurslar\u0131n\u0131n m\u0131, yoksa din d\u00fc\u015fman\u0131 sendikac\u0131lar\u0131n m\u0131?<\/b><\/p>\n<p><b>K\u00f6k\u00fc d\u0131\u015far\u0131da fesat yuvalar\u0131 oldu\u011fu i\u00e7in Atat\u00fcrk\u2019\u00fcn kapatt\u0131\u011f\u0131 mel\u2019un Mason Localar\u0131n\u0131n alt kurumlar\u0131 olan L\u0130ONS VE ROTARY KUL\u00dcPLER\u0130N\u0130N, KKTC\u2019nin en k\u0131ymetli yerlerinde ve \u015fatovari en g\u00f6rkemli k\u00f6\u015fklerde faaliyet yapmas\u0131na, \u201cK\u0131br\u0131s T\u00fcrk\u2019\u00fcn\u00fc\u201d H\u0131ristiyanla\u015ft\u0131rma \u00e7abalar\u0131na ve en m\u00fcmbit ve stratejik b\u00f6lgelere siteler ve semtler kuran Yahudilerin havralar\u0131na ve Kabala safsatalar\u0131n\u0131 yaymalar\u0131na sesini \u00e7\u0131karmayan bu asl\u0131 ve astar\u0131 karanl\u0131k tak\u0131m\u0131n\u0131n, Kur\u2019an Kurslar\u0131na ve \u0130slami kurallara \u015feytan gibi tepkili olmalar\u0131n\u0131n alt\u0131nda ne yatmaktayd\u0131?<\/b><\/p>\n<p><b>Bu g\u00e2vur \u00e2\u015f\u0131klar\u0131n\u0131n, K\u0131br\u0131s\u2019a yerle\u015ftirilen ve kendilerinin de varl\u0131k ve ba\u011f\u0131ms\u0131zl\u0131k sigortas\u0131 haline getirilen \u201cANADOLU T\u00dcRK\u00dcNDEN\u201d art\u0131k gizlenemeyen bir nefret ve husumetle bahsetmeleri, yoksa \u0130slam kaynakl\u0131 m\u0131yd\u0131? Y\u0131llard\u0131r Rum g\u00e2vurlar\u0131n\u0131n ve Yunan taraf\u0131n\u0131n dile getirdi\u011fi, \u201cAnadolu T\u00fcrklerinin geri g\u00f6nderilmesi\u201d tezine \u015fimdi \u201cK\u0131br\u0131s T\u00fcrkleri\u201dnin de b\u00f6ylece bir nevi destek vermesi, bunlar\u0131n sadece iman\u0131ndan de\u011fil, kan\u0131ndan da \u015f\u00fcphe edilmesi sonucunu do\u011furacakt\u0131.<\/b><\/p>\n<p><b>Ama \u015funu Rum g\u00e2vurlar\u0131 da, Kur\u2019an ve \u0130slam d\u00fc\u015fman\u0131 soysuzlar da iyice bilsinler ki, K\u0131br\u0131s onlar\u0131n hat\u0131r\u0131 ve keyfi i\u00e7in de\u011fil, T\u00fcrkiye\u2019nin Akdeniz\u2019deki son kalesi oldu\u011fu i\u00e7in savunulup sahip \u00e7\u0131k\u0131lm\u0131\u015ft\u0131 ve sonsuza kadar b\u00f6yle kalacakt\u0131!<\/b><\/p>\n<p><b>&nbsp;<\/b><\/p>\n<p><b>&nbsp;<\/b><\/p>\n<div><br clear=\"all\" \/> <\/p>\n<hr width=\"33%\" size=\"1\" align=\"left\" \/>\n<div>\n<p><a name=\"_ftn1\" href=\"https:\/\/www.millicozum.com\/mc\/#_ftnref1\">[1]<\/a> 8 A\u011fustos 2010 Ayd\u0131nl\u0131k Sh: 14-16<\/p>\n<\/p><\/div>\n<\/p><\/div>\n","protected":false},"excerpt":{"rendered":"<p><b>Mabedinde din \u00f6\u011fretilmeyen tek \u00fclke KKTC nereye kay\u0131yordu?<\/b><\/p>\n<p><b>Kuzey K\u0131br\u0131s T\u00fcrk Cumhuriyeti&#8217;nde (KKTC) Milli E\u011fitim Bakanl\u0131\u011f\u0131 ve Din \u0130\u015fleri Dairesi&#8217;nin birlikte koordine etti\u011fi \u201cyaz kuran kurslar\u0131\u201d yine sendikalar\u0131n bask\u0131n\u0131na u\u011fram\u0131\u015ft\u0131. <\/b><\/p>\n<p><b>Tamamen anayasal \u00e7er\u00e7evede d\u00fczenlenen, KKTC Milli E\u011fitim Bakanl\u0131\u011f\u0131 ve Din \u0130\u015fleri Dairesi taraf\u0131ndan kontrol edilen ve liyakat sahibi formasyonlu g\u00f6revlilerin ders verdi\u011fi Kur&#8217;an kurslar\u0131, KKTC&#8217;de yaz tatilinin ba\u015flamas\u0131yla yine g\u00fcndeme ta\u015f\u0131nm\u0131\u015ft\u0131. Lefko\u015fa&#8217;da eylem yapan K\u0131br\u0131sl\u0131 sendika g\u00f6revlileri, \u201cKur&#8217;an kurslar\u0131na asla izin vermeyeceklerini\u201d a\u00e7\u0131klam\u0131\u015ft\u0131.<\/b><\/p>\n","protected":false},"author":63,"featured_media":0,"comment_status":"open","ping_status":"closed","sticky":false,"template":"","format":"standard","meta":{"footnotes":""},"categories":[115],"tags":[],"class_list":["post-1897","post","type-post","status-publish","format-standard","hentry","category-ekim-2010"],"_links":{"self":[{"href":"https:\/\/www.millicozum.com\/mc\/wp-json\/wp\/v2\/posts\/1897","targetHints":{"allow":["GET"]}}],"collection":[{"href":"https:\/\/www.millicozum.com\/mc\/wp-json\/wp\/v2\/posts"}],"about":[{"href":"https:\/\/www.millicozum.com\/mc\/wp-json\/wp\/v2\/types\/post"}],"author":[{"embeddable":true,"href":"https:\/\/www.millicozum.com\/mc\/wp-json\/wp\/v2\/users\/63"}],"replies":[{"embeddable":true,"href":"https:\/\/www.millicozum.com\/mc\/wp-json\/wp\/v2\/comments?post=1897"}],"version-history":[{"count":0,"href":"https:\/\/www.millicozum.com\/mc\/wp-json\/wp\/v2\/posts\/1897\/revisions"}],"wp:attachment":[{"href":"https:\/\/www.millicozum.com\/mc\/wp-json\/wp\/v2\/media?parent=1897"}],"wp:term":[{"taxonomy":"category","embeddable":true,"href":"https:\/\/www.millicozum.com\/mc\/wp-json\/wp\/v2\/categories?post=1897"},{"taxonomy":"post_tag","embeddable":true,"href":"https:\/\/www.millicozum.com\/mc\/wp-json\/wp\/v2\/tags?post=1897"}],"curies":[{"name":"wp","href":"https:\/\/api.w.org\/{rel}","templated":true}]}}