{"id":1900,"date":"2010-09-21T12:40:39","date_gmt":"2010-09-21T12:40:39","guid":{"rendered":"https:\/\/www.millicozum.com\/mc\/2010\/09\/21\/alevi-sunni-kardestir\/"},"modified":"2010-09-21T12:40:39","modified_gmt":"2010-09-21T12:40:39","slug":"alevi-sunni-kardestir","status":"publish","type":"post","link":"https:\/\/www.millicozum.com\/mc\/2010\/ekim-2010\/alevi-sunni-kardestir\/","title":{"rendered":"ALEV\u0130-S\u00dcNN\u0130 KARDE\u015eT\u0130R"},"content":{"rendered":"<p>Hakka uygun g\u00f6r her i\u015fi<\/p>\n<p>\u00c7\u0131kar g\u00f6n\u00fclden te\u015fvi\u015fi<\/p>\n<p>Ehli Beyt\u2019i seven ki\u015fi<\/p>\n<p>Namertlere kul olur mu?<\/p>\n<p>\u00a0<\/p>\n<p>Kul, Y\u00fcce Mevla kuludur<\/p>\n<p>Yol, Muhammed\u2019in yoludur.<\/p>\n<p>\u00a0<\/p>\n<p>Kur\u2019an\u2019dan vard\u0131r haberim<\/p>\n<p>Resul\u00fcllah Peygamberim<\/p>\n<p>Aliy Veliydir rehberim<\/p>\n<p>Damlamayan g\u00f6l olur mu?<\/p>\n<p>\u00a0<\/p>\n<p>Kul, Y\u00fcce Mevla kuludur<\/p>\n<p>Yol, Muhammed\u2019in yoludur.<\/p>\n<p>\u00a0<\/p>\n<p>Hak \u00f6n\u00fcnde e\u011filmeyen<\/p>\n<p>Hasan H\u00fcseyin bilmeyen<\/p>\n<p>Mazlum kan\u0131n\u0131 silmeyen<\/p>\n<p>Menzile d\u00fcld\u00fcl olur mu?<\/p>\n<p>\u00a0<\/p>\n<p>Kul, Y\u00fcce Mevla kuludur<\/p>\n<p>Yol, Ehlibeyt\u2019in yoludur.<\/p>\n<p>\u00a0<\/p>\n<p>S\u00f6ze de\u011fil \u00f6ze bak\u0131n<\/p>\n<p>Kul hakk\u0131na girme sak\u0131n<\/p>\n<p>\u015eerden uzak, hayra yak\u0131n<\/p>\n<p>Gitmeyen yol, yol olur mu?<\/p>\n<p>\u00a0<\/p>\n<p>Kul, Y\u00fcce Mevla kuludur<\/p>\n<p>Yol, Muhammed\u2019in yoludur.<\/p>\n<p>\u00a0<\/p>\n<p>Al\u0131n terin, has a\u015f\u0131nla<\/p>\n<p>Y\u0131ka g\u00f6nl\u00fcn g\u00f6zya\u015f\u0131nla<\/p>\n<p>K\u00fcs durma can yolda\u015f\u0131nla<\/p>\n<p>Hi\u00e7 dikensiz g\u00fcl olur mu?<\/p>\n<p>\u00a0<\/p>\n<p>Kul, Y\u00fcce Mevla kuludur<\/p>\n<p>Yol, Muhammed\u2019in yoludur.<\/p>\n<p>\u00a0<\/p>\n<p>Alevi S\u00fcnni ay\u0131rmay\u0131n<\/p>\n<p>Do\u011fru tart\u0131n, kay\u0131rmay\u0131n<\/p>\n<p>\u00d6fkelenip ba\u011f\u0131rmay\u0131n<\/p>\n<p>Pasl\u0131 bak\u0131r pul olur mu?<\/p>\n<p>\u00a0<\/p>\n<p>Kul, Y\u00fcce Mevla kuludur<\/p>\n<p>Yol, Muhammed\u2019in yoludur.<\/p>\n<p>\u00a0<\/p>\n<p>Anadolu yi\u011fit yurdu<\/p>\n<p>Hep karda\u015ft\u0131r T\u00fcrk\u2019\u00fc K\u00fcrd\u00fc<\/p>\n<p>Bekta\u015f Yunus ne buyurdu:<\/p>\n<p>Sevgi yoksa, sulh olur mu?<\/p>\n<p>\u00a0<\/p>\n<p>Kul, Y\u00fcce Mevla kuludur<\/p>\n<p>Yol, Muhammed\u2019in yoludur.<\/p>\n<p>\u00a0<\/p>\n<p>Sahabeler ba\u015f tac\u0131m\u0131z<\/p>\n<p>Hepsi bizim \u00fcstad\u0131m\u0131z<\/p>\n<p>Kerbela b\u00fcy\u00fck ac\u0131m\u0131z<\/p>\n<p>Yanmay\u0131nca k\u00fcl olur mu?<\/p>\n<p>\u00a0<\/p>\n<p>Kul, Y\u00fcce Mevla kuludur<\/p>\n<p>Yol, Ehlibeyt\u2019in yoludur.<\/p>\n<p>\u00a0<\/p>\n<p>Hakka dost \u015feytana rakip<\/p>\n<p>Elen belen dilen sahip<\/p>\n<p>Erenleri eyle takip<\/p>\n<p>\u00c7i\u011fnenmeyen \u00e7ul olur mu?<\/p>\n<p>\u00a0<\/p>\n<p>Kul, Y\u00fcce Mevla kuludur<\/p>\n<p>Yol, Muhammed\u2019in yoludur.<\/p>\n<p>\u00a0<\/p>\n<p>\u0130\u00e7i kurttur, d\u0131\u015f\u0131 ahu<\/p>\n<p>Vicdan bozuk, kirli ruhu<\/p>\n<p>Nerde namus, edep ya hu<\/p>\n<p>Hi\u00e7 nik\u00e2hs\u0131z, d\u00f6l olur mu?<\/p>\n<p>\u00a0<\/p>\n<p>Kul, Y\u00fcce Mevla kuludur<\/p>\n<p>Yol, Muhammed\u2019in yoludur.<\/p>\n<p>\u00a0<\/p>\n<p>Sad\u0131k ki\u015fi Hakka ba\u011fl\u0131<\/p>\n<p>Dilim dertli, kalbim da\u011fl\u0131<\/p>\n<p>Haram yemi\u015f, g\u00f6bek ya\u011fl\u0131<\/p>\n<p>Kargadan b\u00fclb\u00fcl olur mu?<\/p>\n<p>\u00a0<\/p>\n<p>Kul, Y\u00fcce Mevla kuludur<\/p>\n<p>Yol, Ehlibeyt\u2019in yoludur.<\/p>\n","protected":false},"excerpt":{"rendered":"<p>Hakka uygun g\u00f6r her i\u015fi<\/p>\n<p>\u00c7\u0131kar g\u00f6n\u00fclden te\u015fvi\u015fi<\/p>\n<p>Ehli Beyt\u2019i seven ki\u015fi<\/p>\n<p>Namertlere kul olur mu?<\/p>\n<p>\u00a0<\/p>\n<p>Kul, Y\u00fcce Mevla kuludur<\/p>\n<p>Yol, Muhammed\u2019in yoludur.<\/p>\n","protected":false},"author":30,"featured_media":0,"comment_status":"open","ping_status":"closed","sticky":false,"template":"","format":"standard","meta":{"footnotes":""},"categories":[115],"tags":[],"class_list":["post-1900","post","type-post","status-publish","format-standard","hentry","category-ekim-2010"],"_links":{"self":[{"href":"https:\/\/www.millicozum.com\/mc\/wp-json\/wp\/v2\/posts\/1900","targetHints":{"allow":["GET"]}}],"collection":[{"href":"https:\/\/www.millicozum.com\/mc\/wp-json\/wp\/v2\/posts"}],"about":[{"href":"https:\/\/www.millicozum.com\/mc\/wp-json\/wp\/v2\/types\/post"}],"author":[{"embeddable":true,"href":"https:\/\/www.millicozum.com\/mc\/wp-json\/wp\/v2\/users\/30"}],"replies":[{"embeddable":true,"href":"https:\/\/www.millicozum.com\/mc\/wp-json\/wp\/v2\/comments?post=1900"}],"version-history":[{"count":0,"href":"https:\/\/www.millicozum.com\/mc\/wp-json\/wp\/v2\/posts\/1900\/revisions"}],"wp:attachment":[{"href":"https:\/\/www.millicozum.com\/mc\/wp-json\/wp\/v2\/media?parent=1900"}],"wp:term":[{"taxonomy":"category","embeddable":true,"href":"https:\/\/www.millicozum.com\/mc\/wp-json\/wp\/v2\/categories?post=1900"},{"taxonomy":"post_tag","embeddable":true,"href":"https:\/\/www.millicozum.com\/mc\/wp-json\/wp\/v2\/tags?post=1900"}],"curies":[{"name":"wp","href":"https:\/\/api.w.org\/{rel}","templated":true}]}}