{"id":1902,"date":"2010-09-21T12:42:14","date_gmt":"2010-09-21T12:42:14","guid":{"rendered":"https:\/\/www.millicozum.com\/mc\/2010\/09\/21\/bir-okurumuzun-yorumu\/"},"modified":"2010-09-21T12:42:14","modified_gmt":"2010-09-21T12:42:14","slug":"bir-okurumuzun-yorumu","status":"publish","type":"post","link":"https:\/\/www.millicozum.com\/mc\/2010\/ekim-2010\/bir-okurumuzun-yorumu\/","title":{"rendered":"B\u0130R OKURUMUZUN YORUMU!"},"content":{"rendered":"<p style=\"text-align: justify;\"><strong><span style=\"font-size: 12pt;\"><span style=\"font-family: arial,helvetica,sans-serif;\">&nbsp;Ahmet AKG\u00dcL Hocam\u0131za okundu\u011funda:<\/span><\/span><\/strong><\/p>\n<p style=\"text-align: justify;\"><strong><span style=\"font-size: 12pt;\"><span style=\"font-family: arial,helvetica,sans-serif;\">&#8220;(Allah&#8217;\u0131n inayetiyle ba\u015far\u0131p ortaya) getirdikleriyle ferahlan\u0131p \u015f\u0131maranlar\u0131 ve (hele) yapmad\u0131klar\u0131 \u015feyler nedeniyle \u00f6v\u00fclmekten sevinip-ho\u015flan\u0131p (gururlananlar\u0131 kazan\u00e7l\u0131) sanma..&#8221;(Ali \u0130mran:188) ayetini hat\u0131rlat\u0131verip:<\/span><\/span><\/strong><\/p>\n<p style=\"text-align: justify;\"><strong><span style=\"font-size: 12pt;\"><span style=\"font-family: arial,helvetica,sans-serif;\">&#8220;Bu h\u00fcsn\u00fc zanlara lay\u0131k olmaya \u00e7al\u0131\u015fmam\u0131z gerekir. Bu iltifatlar, tebrik bahanesiyle bizi bir nevi &#8220;\u00f6yle olmaya&#8221; te\u015fvik edici s\u00f6zlerdir. Haddimizi bilmemiz ve \u015ferefli bir hizmete y\u00f6neldi\u011fimiz i\u00e7in \u015f\u00fckretmemiz gerekti\u011fini belirtmektedir. Bize \u00f6zel ve g\u00fczel bir edep dersi veren karde\u015fimize te\u015fekk\u00fcr eder, dua ve desteklerini bekleriz&#8221; dedi\u011fi bir yorumu okurlar\u0131m\u0131zla payla\u015fmak istiyoruz.<\/span><\/span><\/strong><\/p>\n<p style=\"text-align: justify;\"><strong><span style=\"font-family: arial,helvetica,sans-serif; font-size: 10pt;\">&nbsp;<\/span><span style=\"font-family: arial,helvetica,sans-serif; font-size: 10pt;\">&nbsp;<\/span><\/strong><\/p>\n<p style=\"text-align: center;\"><strong><span style=\"font-family: arial black,avant garde; font-size: 12pt;\">TEBR\u0130KLER M\u0130LL\u0130 \u00c7\u00d6Z\u00dcM!<\/span><\/strong><\/p>\n<p style=\"text-align: justify;\"><strong><span style=\"font-family: arial,helvetica,sans-serif; font-size: 10pt;\">&nbsp;<\/span><\/strong><\/p>\n<p style=\"text-align: justify;\"><strong><span style=\"font-family: arial,helvetica,sans-serif; font-size: 10pt;\">Ahmet Akg\u00fcl Bey&#8217;in ve Milli \u00c7\u00f6z\u00fcm ekibinin kat\u0131lmad\u0131\u011f\u0131m\u0131z, fazla kat\u0131 sayd\u0131\u011f\u0131m\u0131z kanaat ve tav\u0131rlar\u0131 olabilir. Ama tam 35 sene \u00f6nceki yazd\u0131klar\u0131, konu\u015ftuklar\u0131 ve kitaplar\u0131yla bug\u00fcn hala savunduklar\u0131 konular aras\u0131nda hi\u00e7bir \u00e7eli\u015fki ve tutars\u0131zl\u0131k g\u00f6remezsiniz. \u00c7\u00fcnk\u00fc &#8220;de\u011fi\u015fmeyen do\u011frular\u0131&#8221; \u00f6l\u00e7\u00fc edinmi\u015flerdir. Bazen &#8220;ke\u015fke biraz daha yumu\u015fak ve sivrilikten uzak olsalard\u0131&#8221; diye d\u00fc\u015f\u00fcn\u00fcyorum, ama acaba \u00e7elik gibi olmasalard\u0131 bu kadar dik durabilirler miydi? Herhalde b\u00f6ylesine sert olmalar\u0131, netliklerinin ve mertliklerinin bir gere\u011fi ve g\u00f6stergesi idi&#8230;<\/span><\/strong><\/p>\n<p style=\"text-align: justify;\"><strong><span style=\"font-family: arial,helvetica,sans-serif; font-size: 10pt;\">Ben, Ahmet Hocan\u0131n sohbetlerine kat\u0131lm\u0131\u015f, kitaplar\u0131ndan ve yaz\u0131lar\u0131ndan olduk\u00e7a yararlanm\u0131\u015f, Onu yakinen tan\u0131ma f\u0131rsat\u0131 yakalam\u0131\u015f birisi olarak kendimi \u015fansl\u0131 g\u00f6rmekteyim. Bazen anlamad\u0131\u011f\u0131mdan veya a\u011fabey sand\u0131klar\u0131m\u0131za aldand\u0131\u011f\u0131mdan dolay\u0131 aleyhinde konu\u015ftuklar\u0131m i\u00e7in de, \u00f6z\u00fcr dilemekteyim.<\/span><\/strong><\/p>\n<p style=\"text-align: justify;\"><strong><span style=\"font-family: arial,helvetica,sans-serif; font-size: 10pt;\">\u015e\u00f6yle bir hat\u0131rlayal\u0131m:<\/span><\/strong><\/p>\n<p style=\"text-align: justify;\"><strong><span style=\"font-family: arial,helvetica,sans-serif; font-size: 10pt;\">\u00b7&nbsp;&nbsp; Rahmetli Necip Faz\u0131l&#8217;\u0131n nefsi ve fevri \u00e7\u0131k\u0131\u015flar\u0131na ve &#8220;Rapor&#8221;lardaki ifsat ve iftiralar\u0131na, herkesten \u00f6nce kar\u015f\u0131 durmu\u015flar, bu y\u00fczden haddini bilmemekle su\u00e7lanm\u0131\u015flar, ama sonunda onlar hakl\u0131 \u00e7\u0131km\u0131\u015flard\u0131.<\/span><\/strong><\/p>\n<p style=\"text-align: justify;\"><strong><span style=\"font-family: arial,helvetica,sans-serif; font-size: 10pt;\">\u00b7&nbsp;&nbsp; Rahmetli Esat Co\u015fan&#8217;\u0131n haks\u0131z itham ve inhiraflar\u0131na kar\u015f\u0131 \u00f6nce onlar camiay\u0131 uyarm\u0131\u015f, bu y\u00fczden nice hakaretlere u\u011fram\u0131\u015flar, ama sonunda onlar hakl\u0131 \u00e7\u0131km\u0131\u015flard\u0131.<\/span><\/strong><\/p>\n<p style=\"text-align: justify;\"><strong><span style=\"font-family: arial,helvetica,sans-serif; font-size: 10pt;\">\u00b7&nbsp;&nbsp; Korkut \u00d6zal&#8217;\u0131n sinsi kompleks ve komplolar\u0131n\u0131 \u00f6nce onlar te\u015fkilata ve tabana hat\u0131rlatm\u0131\u015f, bu nedenle ba\u015flar\u0131na gelmeyen kalmam\u0131\u015f, ama sonunda onlar hakl\u0131 \u00e7\u0131km\u0131\u015flard\u0131.<\/span><\/strong><\/p>\n<p style=\"text-align: justify;\"><strong><span style=\"font-family: arial,helvetica,sans-serif; font-size: 10pt;\">\u00b7&nbsp;&nbsp; Turgut \u00d6zal&#8217;\u0131n Milli G\u00f6r\u00fc\u015f&#8217;ten caymas\u0131na, camian\u0131n \u00f6nemli kesiminin Anavatan&#8217;a kaymas\u0131na \u00f6nce onlar direnip durmu\u015flar, hatta milletvekilli\u011fi, belediye reisli\u011fi ve bakanl\u0131k teklifi gibi siyasi r\u00fc\u015fvetlere asla tenezz\u00fcl buyurmam\u0131\u015flar ve sonunda yine onlar hakl\u0131 \u00e7\u0131km\u0131\u015flard\u0131.<\/span><\/strong><\/p>\n<p style=\"text-align: justify;\"><strong><span style=\"font-family: arial,helvetica,sans-serif; font-size: 10pt;\">\u00b7&nbsp;&nbsp; Cemalettin Kaplan&#8217;\u0131n nefsinin ve \u015fer g\u00fc\u00e7lerin tuza\u011f\u0131na kap\u0131ld\u0131\u011f\u0131n\u0131, bo\u015f kuruntular ve kuru kahramanl\u0131klarla camiay\u0131 par\u00e7alad\u0131\u011f\u0131n\u0131 \u00f6nce onlar hayk\u0131rm\u0131\u015f ve sonunda hakl\u0131 \u00e7\u0131km\u0131\u015flard\u0131.<\/span><\/strong><\/p>\n<p style=\"text-align: justify;\"><strong><span style=\"font-family: arial,helvetica,sans-serif; font-size: 10pt;\">\u00b7&nbsp;&nbsp; Fetullah G\u00fclen&#8217;in ihlas perdeli riyakarl\u0131\u011f\u0131n\u0131, karanl\u0131k merkezlere hizmetkarl\u0131\u011f\u0131n\u0131 \u00f6nce onlar ortaya atm\u0131\u015f, kendi camialar\u0131 ve te\u015fkilatlar\u0131 dahil, herkes h\u00fccuma kalkm\u0131\u015f, b\u00f6ylesi m\u00fcbarek bir zata iftira att\u0131klar\u0131n\u0131 s\u00f6yleyip sata\u015fm\u0131\u015f, ama sonunda yine onlar hakl\u0131 \u00e7\u0131km\u0131\u015flard\u0131. \u00c7\u00fcnk\u00fc herkesi ve her hadiseyi, Kur&#8217;an terazisiyle tart\u0131yor ve iman ferasetiyle bak\u0131yor ve hi\u00e7 kimseden korkmuyorlard\u0131.<\/span><\/strong><\/p>\n<p style=\"text-align: justify;\"><strong><span style=\"font-family: arial,helvetica,sans-serif; font-size: 10pt;\">\u00b7&nbsp;&nbsp; Milli G\u00f6r\u00fc\u015f mutfa\u011f\u0131nda palazlanan ve Milli Gazete&#8217;de reklam olup parlat\u0131lan Abdurrahman Dilipak gibilerin ve Vakit Gazetesinin, tamirat g\u00f6r\u00fcn\u00fcml\u00fc nas\u0131l bir tahribat ekibi oldu\u011funun \u00f6nce onlar fark\u0131na varm\u0131\u015f, bunu camias\u0131na anlatmaya \u00e7al\u0131\u015fm\u0131\u015f, bu nedenle nice h\u00fccumlara maruz kalm\u0131\u015f, ama sonunda onlar hakl\u0131 \u00e7\u0131km\u0131\u015flard\u0131.<\/span><\/strong><\/p>\n<p style=\"text-align: justify;\"><strong><span style=\"font-family: arial,helvetica,sans-serif; font-size: 10pt;\">\u00b7&nbsp;&nbsp; Eski Milli Gazete yazarlar\u0131n\u0131n ve Milli G\u00f6r\u00fc\u015f\u00e7\u00fc san\u0131lanlar\u0131n \u00e7\u0131kard\u0131\u011f\u0131 ZAMAN Gazetesinin, camiam\u0131z\u0131 hakl\u0131 yolundan cayd\u0131rmak ve dini duyarl\u0131l\u0131klar\u0131m\u0131z\u0131 yozla\u015ft\u0131rmak \u00fczere devreye sokuldu\u011funu, \u00f6nce onlar a\u00e7\u0131klay\u0131p anlatm\u0131\u015f, bu y\u00fczden nice s\u0131k\u0131nt\u0131lar ya\u015fam\u0131\u015f, ama sonunda onlar hakl\u0131 \u00e7\u0131km\u0131\u015flard\u0131.<\/span><\/strong><\/p>\n<p style=\"text-align: justify;\"><strong><span style=\"font-family: arial,helvetica,sans-serif; font-size: 10pt;\">\u00b7&nbsp;&nbsp; Milli G\u00f6r\u00fc\u015f&#8217;\u00fcn kurmaylar\u0131ndan say\u0131lan baz\u0131 beyinsizlerin bile m\u00fcridi ve temsilcisi olduklar\u0131 Ali Kalkanc\u0131 ve M\u00fcslim G\u00fcnd\u00fcz gibi bacadan inme tarikat\u00e7\u0131lar\u0131n; Ali Bula\u00e7, Mustafa \u0130slamo\u011flu, Fehmi Koru ve Mehmet Metiner gibi \u015fimdi tamam\u0131 ABD u\u015fa\u011f\u0131 ve AB a\u015f\u0131\u011f\u0131 olan \u0130slamc\u0131 yazarlar\u0131n; Hizbullah\u00e7\u0131lar, \u0130ranc\u0131lar ve \u0130BDA-C gibi sahte \u015feriat\u00e7\u0131lar\u0131n bozuk ayar\u0131n\u0131 ve d\u0131\u015f ba\u011flant\u0131lar\u0131n\u0131 \u00f6nce onlar ortaya koymu\u015flar, nice tepkiler ve tersliklerle kar\u015f\u0131la\u015fm\u0131\u015flar, ama sonunda onlar hakl\u0131 \u00e7\u0131km\u0131\u015flard\u0131.<\/span><\/strong><\/p>\n<p style=\"text-align: justify;\"><strong><span style=\"font-family: arial,helvetica,sans-serif; font-size: 10pt;\">\u00b7&nbsp;&nbsp; Ba\u015fta Recep T. Erdo\u011fan olmak \u00fczere \u015fu AKP&#8217;yi kurup ABD&#8217;ye ta\u015feronluk ve BOP&#8217;a k\u00e2hyal\u0131k yapanlar\u0131n karakter yap\u0131s\u0131n\u0131 ve nefsi hesaplar\u0131n\u0131, ta il\u00e7e ba\u015fkanl\u0131\u011f\u0131, il ba\u015fkanl\u0131\u011f\u0131 ve belediye ba\u015fkanl\u0131klar\u0131 d\u00f6neminden itibaren a\u00e7\u0131k\u00e7a konu\u015fup camias\u0131n\u0131 ve te\u015fkilat mensuplar\u0131n\u0131 dikkatli olmaya \u00e7a\u011f\u0131ran, bu y\u00fczden s\u00fcrekli d\u0131\u015flanan ve frengili muamelesine tabi tutulan yine onlard\u0131 ve i\u015fte sonunda yine onlar hakl\u0131 \u00e7\u0131km\u0131\u015flard\u0131.<\/span><\/strong><\/p>\n<p style=\"text-align: justify;\"><strong><span style=\"font-family: arial,helvetica,sans-serif; font-size: 10pt;\">\u00b7&nbsp;&nbsp; Bir zamanlar Selamet Partisi Trabzon il ba\u015fkan\u0131 olan ve gitti\u011fi her yerde Erbakan&#8217;\u0131n kerametlerini anlat\u0131p duran; sonra birden bire \u015feyhli\u011fe, ard\u0131ndan din istismar\u0131yla ticaret yap\u0131p dinar dev\u015firmeye, derken parti \u015fefli\u011fine y\u00fckselen \u015fu Haydar Ba\u015f&#8217;\u0131n, gizli niyetini ve kirli mahiyet ve marifetini \u00f6nce onlar dile getirip halk\u0131 ayd\u0131nlatmaya ve tuzaklar\u0131na kap\u0131lmamaya \u00e7a\u011f\u0131rm\u0131\u015f, ama bu sebeple aleyhlerinde karalama kampanyalar\u0131 ba\u015flat\u0131lm\u0131\u015f, sonunda ise onlar hakl\u0131 \u00e7\u0131km\u0131\u015ft\u0131.<\/span><\/strong><\/p>\n<p style=\"text-align: justify;\"><strong><span style=\"font-family: arial,helvetica,sans-serif; font-size: 10pt;\">\u00b7&nbsp;&nbsp; Hatta y\u0131llar \u00f6ncesinden; enaniyet damar\u0131 ve riyaset h\u0131rs\u0131yla \u00e7\u0131rp\u0131nan &#8220;Elaziz&#8221;cilerin, davadan ve Hoca&#8217;dan umutlar\u0131n\u0131 kestikleri i\u00e7in yine Erbakanc\u0131l\u0131k kisvesiyle Tayyip Erdo\u011fanc\u0131l\u0131k yapacaklar\u0131n\u0131 ve koyu bir AKP yalakas\u0131 ve \u015fak\u015fak\u00e7\u0131s\u0131 olacaklar\u0131n\u0131 s\u00f6yledi\u011fi zaman,<\/span><\/strong><\/p>\n<p style=\"text-align: justify;\"><strong><span style=\"font-family: arial,helvetica,sans-serif; font-size: 10pt;\">&#8220;Yok can\u0131m, bu kadar\u0131 da olmaz, Hoca&#8217;ya bu denli ba\u011fl\u0131 insanlar, yirmi sene aleyhine konu\u015ftuklar\u0131 ve hakaretler ya\u011fd\u0131rd\u0131klar\u0131 Recep Erdo\u011fan&#8217;\u0131n reklamc\u0131l\u0131\u011f\u0131n\u0131 yapmaz&#8221; san\u0131lm\u0131\u015ft\u0131, ama sonunda Ahmet Akg\u00fcl ve ekibi hakl\u0131 \u00e7\u0131km\u0131\u015ft\u0131.<\/span><\/strong><\/p>\n<p style=\"text-align: justify;\"><strong><span style=\"font-family: arial,helvetica,sans-serif; font-size: 10pt;\">\u00b7&nbsp;&nbsp; En son 2008&#8217;de SP Genel Ba\u015fkanl\u0131\u011f\u0131na haz\u0131rlanan Numan Kurtulmu\u015f&#8217;un kafa yap\u0131s\u0131n\u0131 ve karanl\u0131k kas\u0131tlar\u0131n\u0131 ve Genel Ba\u015fkanl\u0131k s\u00fcrecindeki tahribatlar\u0131n\u0131 s\u00fcrekli yazan, bu y\u00fczden azarlanan, h\u0131rpalanan ve horlanan yine onlard\u0131, ama sonunda bir kez daha onlar hakl\u0131 \u00e7\u0131km\u0131\u015flard\u0131 ve 50&#8217;den fazla Milli G\u00f6r\u00fc\u015f sayesinde milletvekili, bakan ve belediye ba\u015fkan\u0131 olmu\u015f nank\u00f6r, a\u00e7\u0131k\u00e7a Hoca&#8217;ya ve davaya isyan bayra\u011f\u0131 a\u00e7m\u0131\u015flard\u0131.<\/span><\/strong><\/p>\n<p style=\"text-align: justify;\"><strong><span style=\"font-family: arial,helvetica,sans-serif; font-size: 10pt;\">\u00b7&nbsp;&nbsp; \u015eimdi olumsuz itham ve iddialarda bulunduklar\u0131 en az y\u00fcz ki\u015fiden ve onlarca giri\u015fimden, % 95&#8217;i aynen \u00e7\u0131km\u0131\u015f ve hakl\u0131l\u0131\u011f\u0131 ispatlanm\u0131\u015f olan Ahmet Akg\u00fcl ve Milli \u00c7\u00f6z\u00fcm ekibinin: hala Hoca&#8217;n\u0131n etraf\u0131nda ve Milli G\u00f6r\u00fc\u015f&#8217;\u00fcn ba\u015f saf\u0131nda bulunan baz\u0131 marazl\u0131 ve m\u00fcnaf\u0131k tiplerle ilgili tespit ve tenkitlerinin de aynen \u00e7\u0131ka\u011f\u0131n\u0131 s\u00f6ylemek, akla ve vicdana uygun oland\u0131r. \u00c7\u00fcnk\u00fc onlar Erbakan&#8217;a ger\u00e7ekten inanm\u0131\u015f, Onu anlam\u0131\u015f ve sadakatle ba\u011flanm\u0131\u015f insanlard\u0131r. Evet, Milli G\u00f6r\u00fc\u015f \u00f6nc\u00fcl\u00fc\u011f\u00fcnde bir Adil D\u00fczen, hem \u00fclkemizde hem de yery\u00fcz\u00fcnde kesinlikle kurulacakt\u0131r. Bu hem Kur&#8217;an&#8217;\u0131n ve Resul\u00fcllah&#8217;\u0131n beyan\u0131, hem de insanl\u0131\u011f\u0131n ve mazlumlar\u0131n ihtiyac\u0131d\u0131r.\u00dcstelik Milli \u00c7\u00f6z\u00fcmc\u00fclerin arkalar\u0131nda; Amerikalar\u0131, Avrupalar\u0131, Siyonist Yahudi odaklar\u0131 ve Mason Localar\u0131 yoktu.. Bunlar\u0131n di\u011ferleri gibi medyalar\u0131, bankalar\u0131, fabrikalar\u0131 yoktu.. Yetmez, Milli G\u00f6r\u00fc\u015f&#8217;\u00fcn temel esaslar\u0131n\u0131 korumas\u0131 ve ba\u015far\u0131ya ula\u015fmas\u0131 i\u00e7in bir \u00f6m\u00fcr \u00e7\u0131rp\u0131nd\u0131klar\u0131 halde kendi te\u015fkilat ve camias\u0131n\u0131n bile destekleri yoktu, k\u00f6stekleri \u00e7oktu.. Ya Rab bu ne \u015fa\u015fmaz bir \u015fuur, bu ne sa\u011flam bir cihat ruhuydu!.. Bu elbette onlara, Allah&#8217;\u0131n bir l\u00fctfuydu, \u0130slam&#8217;\u0131n ve Kur&#8217;an&#8217;\u0131n verdi\u011fi huzurdu, imani ve insani bir onurdu&#8230; Elbette \u015f\u0131marmalar\u0131, \u015fa\u015f\u0131rmalar\u0131, yorulup usanmalar\u0131 onlar\u0131n da sonu olurdu&#8230;<\/span><\/strong><\/p>\n<p style=\"text-align: justify;\"><strong><span style=\"font-family: arial,helvetica,sans-serif; font-size: 10pt;\">Evet, T\u00fcrkiye&#8217;de \u015fu son 40 y\u0131l i\u00e7erisinde sa\u011fc\u0131lar de\u011fi\u015fti, solcular de\u011fi\u015fti, Milli G\u00f6r\u00fc\u015f\u00e7\u00fc ge\u00e7inenler de\u011fi\u015fti, \u00fclk\u00fcc\u00fcler de\u011fi\u015fti&#8230; \u015eeyhler de\u011fi\u015fti, m\u00fcr\u015fitler de\u011fi\u015fti, m\u00fcritler de\u011fi\u015fti, S\u00fcleymanc\u0131lar de\u011fi\u015fti, Fetullah\u00e7\u0131lar de\u011fi\u015fti&#8230; Hepsi r\u00fczgar\u0131n y\u00f6n\u00fcne ve konjonkt\u00fcrel s\u00fcre\u00e7lere g\u00f6re d\u00f6nekle\u015fti, ehlile\u015fti, pardon, demokratikle\u015fti!.. Bir zamanlar hiddetle ve \u015fiddetle itiraz ettikleri; PKK s\u00f6ylemlerini, \u0130srail&#8217;in projelerini, AB&#8217;nin Ha\u00e7l\u0131 isteklerini, \u015fimdi hep bir a\u011f\u0131zdan s\u00fcrekli kendileri tekrar etmekteydi.. Dini yozla\u015ft\u0131rman\u0131n, dejenerasyona u\u011framan\u0131n, milli de\u011fer ve duyarl\u0131l\u0131klar\u0131 ucuza satman\u0131n, k\u0131saca gavurla\u015fman\u0131n ad\u0131 art\u0131k DEMOKRAT\u0130KLE\u015eMEYD\u0130!.. Bu ne sihirli, bu ne sinsi kelimeydi ve bu ne Siyonist bir hileydi&#8230; Ama asla de\u011fi\u015fmeyen, dengesini yitirmeyen, milli de\u011ferlerinden ve haysiyetlerinden taviz vermeyen, \u0130slami ve insani kimli\u011finden vazge\u00e7meyen ve bu u\u011furda ezilmeyi, hakaret edilmeyi ve Allah i\u00e7in \u00fcz\u00fclmeyi, bir zarar de\u011fil en b\u00fcy\u00fck kar ve kazan\u0131m kabul eden Milli \u00c7\u00f6z\u00fcm ekibini, \u015fimdi y\u00fcrekten kutluyorum, onlara hayranl\u0131k duyuyorum ve sayg\u0131yla selaml\u0131yorum.<\/span><\/strong><\/p>\n<p style=\"text-align: justify;\"><strong><span style=\"font-family: arial,helvetica,sans-serif; font-size: 10pt;\">Ve Erbakan Hoca&#8217;n\u0131n her sohbetinin sonunda vurgulad\u0131\u011f\u0131:<\/span><\/strong><\/p>\n<p style=\"text-align: justify;\"><strong><span style=\"font-family: arial,helvetica,sans-serif; font-size: 10pt;\">&#8220;Vel akibet\u00fc lilmuttakin \u2013 en onurlu ve huzurlu ak\u0131bet, muttakilerin olacakt\u0131r&#8221; hakikatini hat\u0131rlatarak, son veriyorum.<\/span><\/strong><\/p>\n<p style=\"text-align: right;\"><strong><span style=\"font-family: arial,helvetica,sans-serif; font-size: 10pt;\">Do\u00e7. Dr. Muhittin Adnan \u00c7al\u0131ku\u015fu<\/span><\/strong><\/p>\n<p style=\"text-align: justify;\"><strong><span style=\"font-family: arial,helvetica,sans-serif; font-size: 10pt;\">&nbsp;<\/span><\/strong><\/p>\n","protected":false},"excerpt":{"rendered":"<p>&nbsp;Ahmet AKG\u00dcL Hocam\u0131za okundu\u011funda: &#8220;(Allah&#8217;\u0131n inayetiyle ba\u015far\u0131p ortaya) getirdikleriyle ferahlan\u0131p \u015f\u0131maranlar\u0131 ve (hele) yapmad\u0131klar\u0131 \u015feyler nedeniyle \u00f6v\u00fclmekten sevinip-ho\u015flan\u0131p (gururlananlar\u0131 kazan\u00e7l\u0131) sanma..&#8221;(Ali \u0130mran:188) ayetini hat\u0131rlat\u0131verip: &#8220;Bu h\u00fcsn\u00fc zanlara lay\u0131k olmaya \u00e7al\u0131\u015fmam\u0131z gerekir. Bu iltifatlar, tebrik bahanesiyle bizi bir nevi &#8220;\u00f6yle olmaya&#8221; te\u015fvik edici s\u00f6zlerdir. Haddimizi bilmemiz ve \u015ferefli bir hizmete y\u00f6neldi\u011fimiz i\u00e7in \u015f\u00fckretmemiz gerekti\u011fini belirtmektedir. Bize [&hellip;]<\/p>\n","protected":false},"author":35,"featured_media":0,"comment_status":"open","ping_status":"closed","sticky":false,"template":"","format":"standard","meta":{"footnotes":""},"categories":[115],"tags":[],"class_list":["post-1902","post","type-post","status-publish","format-standard","hentry","category-ekim-2010"],"_links":{"self":[{"href":"https:\/\/www.millicozum.com\/mc\/wp-json\/wp\/v2\/posts\/1902","targetHints":{"allow":["GET"]}}],"collection":[{"href":"https:\/\/www.millicozum.com\/mc\/wp-json\/wp\/v2\/posts"}],"about":[{"href":"https:\/\/www.millicozum.com\/mc\/wp-json\/wp\/v2\/types\/post"}],"author":[{"embeddable":true,"href":"https:\/\/www.millicozum.com\/mc\/wp-json\/wp\/v2\/users\/35"}],"replies":[{"embeddable":true,"href":"https:\/\/www.millicozum.com\/mc\/wp-json\/wp\/v2\/comments?post=1902"}],"version-history":[{"count":0,"href":"https:\/\/www.millicozum.com\/mc\/wp-json\/wp\/v2\/posts\/1902\/revisions"}],"wp:attachment":[{"href":"https:\/\/www.millicozum.com\/mc\/wp-json\/wp\/v2\/media?parent=1902"}],"wp:term":[{"taxonomy":"category","embeddable":true,"href":"https:\/\/www.millicozum.com\/mc\/wp-json\/wp\/v2\/categories?post=1902"},{"taxonomy":"post_tag","embeddable":true,"href":"https:\/\/www.millicozum.com\/mc\/wp-json\/wp\/v2\/tags?post=1902"}],"curies":[{"name":"wp","href":"https:\/\/api.w.org\/{rel}","templated":true}]}}