{"id":19288,"date":"2024-05-31T08:36:04","date_gmt":"2024-05-31T05:36:04","guid":{"rendered":"https:\/\/www.millicozum.com\/mc\/?p=19288"},"modified":"2024-10-20T21:47:57","modified_gmt":"2024-10-20T18:47:57","slug":"hamasi-suclayan-soysuzlara-siir-2","status":"publish","type":"post","link":"https:\/\/www.millicozum.com\/mc\/2024\/haziran-2024\/hamasi-suclayan-soysuzlara-siir-2\/","title":{"rendered":"HAMAS\u2019I SU\u00c7LAYAN SOYSUZLARA! <br>(\u015e\u0130\u0130R)"},"content":{"rendered":"\t\t<div data-elementor-type=\"wp-post\" data-elementor-id=\"19288\" class=\"elementor elementor-19288\" data-elementor-settings=\"{&quot;element_pack_global_tooltip_width&quot;:{&quot;unit&quot;:&quot;px&quot;,&quot;size&quot;:&quot;&quot;,&quot;sizes&quot;:[]},&quot;element_pack_global_tooltip_width_tablet&quot;:{&quot;unit&quot;:&quot;px&quot;,&quot;size&quot;:&quot;&quot;,&quot;sizes&quot;:[]},&quot;element_pack_global_tooltip_width_mobile&quot;:{&quot;unit&quot;:&quot;px&quot;,&quot;size&quot;:&quot;&quot;,&quot;sizes&quot;:[]},&quot;element_pack_global_tooltip_padding&quot;:{&quot;unit&quot;:&quot;px&quot;,&quot;top&quot;:&quot;&quot;,&quot;right&quot;:&quot;&quot;,&quot;bottom&quot;:&quot;&quot;,&quot;left&quot;:&quot;&quot;,&quot;isLinked&quot;:true},&quot;element_pack_global_tooltip_padding_tablet&quot;:{&quot;unit&quot;:&quot;px&quot;,&quot;top&quot;:&quot;&quot;,&quot;right&quot;:&quot;&quot;,&quot;bottom&quot;:&quot;&quot;,&quot;left&quot;:&quot;&quot;,&quot;isLinked&quot;:true},&quot;element_pack_global_tooltip_padding_mobile&quot;:{&quot;unit&quot;:&quot;px&quot;,&quot;top&quot;:&quot;&quot;,&quot;right&quot;:&quot;&quot;,&quot;bottom&quot;:&quot;&quot;,&quot;left&quot;:&quot;&quot;,&quot;isLinked&quot;:true},&quot;element_pack_global_tooltip_border_radius&quot;:{&quot;unit&quot;:&quot;px&quot;,&quot;top&quot;:&quot;&quot;,&quot;right&quot;:&quot;&quot;,&quot;bottom&quot;:&quot;&quot;,&quot;left&quot;:&quot;&quot;,&quot;isLinked&quot;:true},&quot;element_pack_global_tooltip_border_radius_tablet&quot;:{&quot;unit&quot;:&quot;px&quot;,&quot;top&quot;:&quot;&quot;,&quot;right&quot;:&quot;&quot;,&quot;bottom&quot;:&quot;&quot;,&quot;left&quot;:&quot;&quot;,&quot;isLinked&quot;:true},&quot;element_pack_global_tooltip_border_radius_mobile&quot;:{&quot;unit&quot;:&quot;px&quot;,&quot;top&quot;:&quot;&quot;,&quot;right&quot;:&quot;&quot;,&quot;bottom&quot;:&quot;&quot;,&quot;left&quot;:&quot;&quot;,&quot;isLinked&quot;:true}}\" data-elementor-post-type=\"post\">\n\t\t\t\t\t\t<section class=\"elementor-section elementor-top-section elementor-element elementor-element-46fc53a8 elementor-section-boxed elementor-section-height-default elementor-section-height-default\" data-id=\"46fc53a8\" data-element_type=\"section\">\n\t\t\t\t\t\t<div class=\"elementor-container elementor-column-gap-default\">\n\t\t\t\t\t<div class=\"elementor-column elementor-col-100 elementor-top-column elementor-element elementor-element-1fa1f91a\" data-id=\"1fa1f91a\" data-element_type=\"column\">\n\t\t\t<div class=\"elementor-widget-wrap elementor-element-populated\">\n\t\t\t\t\t\t<div class=\"elementor-element elementor-element-b8a40c7 elementor-widget elementor-widget-heading\" data-id=\"b8a40c7\" data-element_type=\"widget\" data-widget_type=\"heading.default\">\n\t\t\t\t<div class=\"elementor-widget-container\">\n\t\t\t\t\t<h3 class=\"elementor-heading-title elementor-size-default\">HAMAS\u2019I SU\u00c7LAYAN SOYSUZLARA!<\/h3>\t\t\t\t<\/div>\n\t\t\t\t<\/div>\n\t\t\t\t<div class=\"elementor-element elementor-element-473a6ef9 elementor-widget elementor-widget-text-editor\" data-id=\"473a6ef9\" data-element_type=\"widget\" data-widget_type=\"text-editor.default\">\n\t\t\t\t<div class=\"elementor-widget-container\">\n\t\t\t\t\t\t\t\t\t<p><strong>Hi\u00e7 sizin<br \/><\/strong><strong>On alt\u0131 ya\u015f\u0131nda k\u0131z\u0131n\u0131z<br \/><\/strong><strong>Yirmi g\u00fcn, geri d\u00f6nmeksizin<br \/><\/strong><strong>Sorgulanmak \u00fczere<br \/><\/strong><strong>\u0130\u015fgal karakollar\u0131na g\u00f6t\u00fcr\u00fcld\u00fc m\u00fc?<\/strong><\/p><p><strong>Hi\u00e7 sizin kocan\u0131z<br \/><\/strong><strong>\u00c7oluk \u00e7ocu\u011funuzun g\u00f6z\u00fc \u00f6n\u00fcnde<br \/><\/strong><strong>\u00c7\u0131r\u0131l\u00e7\u0131plak soyulup<br \/><\/strong><strong>Ve koltuklar\u0131n\u0131z\u0131n alt\u0131na k\u0131zg\u0131n demir koyulup<br \/><\/strong><strong>\u00d6lesiye d\u00f6v\u00fcld\u00fc m\u00fc?<\/strong><\/p><p><strong>Hi\u00e7 sizin<br \/><\/strong><strong>Hen\u00fcz on be\u015findeki Ra\u015fid\u2019iniz<br \/><\/strong><strong>Sabah namaz\u0131nda<br \/><\/strong><strong>Ve Mescid-i Aksa\u2019da<br \/><\/strong><strong>Beyni dip\u00e7ikle de\u015fildi<br \/><\/strong><strong>Ve kanl\u0131 elbisesiyle g\u00f6m\u00fcld\u00fc m\u00fc?..<\/strong><\/p><p><strong>Hi\u00e7 siz<br \/><\/strong><strong>Cuma namaz\u0131 k\u0131larken<br \/><\/strong><strong>Ve dua i\u00e7in elleriniz<br \/><\/strong><strong>Semaya kalkarken<br \/><\/strong><strong>\u00dczerinize \u00f6l\u00fcm kusan f\u00fczeler ya\u011fd\u0131r\u0131l\u0131p<br \/><\/strong><strong>Ci\u011ferleriniz s\u00f6k\u00fcld\u00fc m\u00fc?<\/strong><\/p><p><strong>Dozerlerle eviniz y\u0131k\u0131ld\u0131 m\u0131?<\/strong><br \/><strong>Babalar\u0131n\u0131z, analar\u0131n\u0131z<\/strong><br \/><strong>\u0130\u015fkence zindanlar\u0131na t\u0131k\u0131ld\u0131 m\u0131?<\/strong><br \/><strong>Ve tanklar<\/strong><br \/><strong>Tan\u0131d\u0131klar\u0131n\u0131z\u0131n \u00fcst\u00fcnden ge\u00e7ip<\/strong><br \/><strong>Ba\u015f\u0131n\u0131za kur\u015funlar s\u0131k\u0131ld\u0131 m\u0131?<\/strong><br \/><strong>Ve hi\u00e7 siz,<br \/><\/strong><strong>Sabah erken<br \/><\/strong><strong>\u00dcrkek ve korumas\u0131z<br \/><\/strong><strong>Ekmek almaya giderken<br \/><\/strong><strong>Makinal\u0131 namlular\u0131, y\u00fcz\u00fcn\u00fcze d\u00f6nd\u00fc m\u00fc?<br \/><\/strong><strong>Ve okul arkada\u015f\u0131n\u0131z<br \/><\/strong><strong>Yerlerde \u00e7\u0131rp\u0131n\u0131rken<br \/><\/strong><strong>Kalle\u015fler, sizin ac\u0131l\u0131 \u015fa\u015fk\u0131nl\u0131\u011f\u0131n\u0131za<br \/><\/strong><strong>Kahkahalarla g\u00fcld\u00fc m\u00fc?<\/strong><\/p><p><strong>Hi\u00e7 sizin<br \/><\/strong><strong>Gazze\u2019deki gibi<br \/><\/strong><strong>Yak\u0131nlar\u0131n\u0131z f\u00fczelerle par\u00e7alan\u0131p<br \/><\/strong><strong>Fosfor bombalar\u0131yla ci\u011ferleri patlayan<br \/><\/strong><strong>\u00d6l\u00fclerinizle birlikte yat\u0131p<br \/><\/strong><strong>Geceler boyu, uykusuz<br \/><\/strong><strong>A\u00e7 ve susuz, \u00fczerinize k\u00e2buslar \u00e7\u00f6kt\u00fc m\u00fc?<br \/><\/strong><strong>Siz hi\u00e7, g\u00fcnlerce<br \/><\/strong><strong>Ve \u00e7ocu\u011funuzu \u00f6ld\u00fcren canilerce<br \/><\/strong><strong>Tecav\u00fcze u\u011fray\u0131p<br \/><\/strong><strong>Teniniz tekmelerle \u00e7\u00fcr\u00fct\u00fcld\u00fc m\u00fc?<\/strong><\/p><p><strong>Hi\u00e7 sizin bir uzvunuz<br \/><\/strong><strong>Beynine silah dayat\u0131lan<br \/><\/strong><strong>\u00d6z yavrunuz taraf\u0131ndan kestirilip<br \/><\/strong><strong>\u00dczerine tuz d\u00f6k\u00fcld\u00fc m\u00fc?<br \/><\/strong><strong>Ve bu kahreden mahcubiyetten<br \/><\/strong><strong>Bu mahveden ma\u011fduriyetten<br \/><\/strong><strong>Boynunuz belinize kadar, b\u00fck\u00fcld\u00fc m\u00fc?<br \/><\/strong><strong>\u00d6yle ise, nereden bileceksiniz<br \/><\/strong><strong>\u00c7aresizlik nedir,<br \/><\/strong><strong>Kimsesizlik nedir?<br \/><\/strong><strong>Utan\u00e7 nedir, ac\u0131 nedir?<br \/><\/strong><strong>K\u0131vrand\u0131rd\u0131 m\u0131 sizi de<br \/><\/strong><strong>H\u00e2l\u00e2 \u00e7\u0131kar\u0131lmayan kur\u015fun sanc\u0131n\u0131z&#8230;<br \/><\/strong><strong>Ve hi\u00e7 d\u00fc\u015f\u00fcnd\u00fcn\u00fcz m\u00fc?<br \/><\/strong><strong>Ne \u00e7ekiyor \u0130srail zindanlar\u0131nda mahk\u00fbmlar<br \/><\/strong><strong>Ve nas\u0131l dayan\u0131yor<br \/><\/strong><strong>Filistinli mazlumlar, bunca senedir!..<br \/><\/strong><strong>Ve hi\u00e7 sizin<br \/><\/strong><strong>Ni\u015fanl\u0131 bac\u0131n\u0131z<br \/><\/strong><strong>Ar\u0131ndan intihar edip<br \/><\/strong><strong>Topra\u011fa g\u00f6m\u00fcld\u00fc m\u00fc?<\/strong><\/p><p><strong>Ne diyelim,<br \/><\/strong><strong>Bu soysuzlu\u011fa sessiz kalana, lanet!<br \/><\/strong><strong>Zalimleri hakl\u0131 bulana lanet!<br \/><\/strong><strong>\u0130nsan haklar\u0131 denen yalana lanet!<br \/><\/strong><strong>\u0130\u015fgalcilerle i\u015fbirlik\u00e7i y\u0131lana lanet!<br \/><\/strong><strong>Ve h\u00e2l\u00e2<br \/><\/strong><strong>Hamas\u2019\u0131 su\u00e7layan yalama<br \/><\/strong><strong>Ve yalaka \u00e7\u0131yana lanet!..<\/strong><\/p><p><strong>Daha \u00f6nce Irak\u2019ta da<br \/><\/strong><strong><em>\u201cSizi, diktat\u00f6rlerden kurtaraca\u011f\u0131z\u201d <\/em><\/strong><strong>diye<br \/><\/strong><strong>Bizi aldat\u0131p korkutan<br \/><\/strong><strong>\u00c7a\u011fda\u015f gladyat\u00f6rlere kurban edildik&#8230;<br \/><\/strong><strong>Ve Saddam\u2019a rahmet okutan<br \/><\/strong><strong>Bat\u0131l\u0131 barbarlar\u0131n eline verildik<br \/><\/strong><strong>Hani neredesiniz<br \/><\/strong><strong>Ey Bir-le\u015f-mi\u015f Milletler;<br \/><\/strong><strong>Ve neredesiniz ey, h\u00e2l\u00e2 birle\u015fmemi\u015f m\u00fc\u2019minler!?..<br \/><\/strong><strong>\u00c7ok bekledik<br \/><\/strong><strong>Gelmediniz&#8230;<br \/><\/strong><strong>Bilmem ki, b\u00f6yle vah\u015fet<br \/><\/strong><strong>Tarihte g\u00f6r\u00fcld\u00fc m\u00fc<br \/><\/strong><strong>B\u00f6yle tuzak, b\u00f6yle deh\u015fet<br \/><\/strong><strong>M\u00fcsl\u00fcman\u2019dan ba\u015fkas\u0131na \u00f6r\u00fcld\u00fc m\u00fc?<br \/><\/strong><strong>Ve acaba,<br \/><\/strong><strong>\u0130slaml\u0131k unutuldu<br \/><\/strong><strong>Ve insanl\u0131k \u00f6ld\u00fc m\u00fc?\u00a0 <\/strong><\/p><p><strong>Biz Filistin\u2019e \u00e7ok mu \u0131raktay\u0131z?..<br \/><\/strong><strong>Oysa hemen yan\u0131 ba\u015f\u0131n\u0131zda,<br \/><\/strong><strong>Gavsi Geylanilerin ota\u011f\u0131nda<br \/><\/strong><strong>\u0130mam-\u0131 Azamlar\u0131n topra\u011f\u0131nda<br \/><\/strong><strong>Ehl-i Beyt\u2019in \u015fahadet diyar\u0131nda<br \/><\/strong><strong>Yani Irak\u2019tay\u0131z!..<br \/><\/strong><strong>Ama gelin g\u00f6r\u00fcn ki, feryad\u00fc figanda<br \/><\/strong><strong>Her an firaktay\u0131z!<br \/><\/strong><strong>Her g\u00fcn\u00fcm\u00fcz \u0131st\u0131rap<br \/><\/strong><strong>Her saatimiz belad\u0131r\u2026<br \/><\/strong><strong>Ya Rab!..<br \/><\/strong><strong>Yeti\u015f imdad\u0131m\u0131za,<br \/><\/strong><strong>B\u00fct\u00fcn Filistin, Suriye, Irak ve Afganistan<br \/><\/strong><strong>\u0130slam co\u011frafyas\u0131n\u0131n tamam\u0131 Kerbel\u00e2\u2019d\u0131r!<\/strong><\/p>\t\t\t\t\t\t\t\t<\/div>\n\t\t\t\t<\/div>\n\t\t\t\t\t<\/div>\n\t\t<\/div>\n\t\t\t\t\t<\/div>\n\t\t<\/section>\n\t\t\t\t<\/div>\n\t\t","protected":false},"excerpt":{"rendered":"<p>HAMAS\u2019I SU\u00c7LAYAN SOYSUZLARA! Hi\u00e7 sizin On alt\u0131 ya\u015f\u0131nda k\u0131z\u0131n\u0131z Yirmi g\u00fcn, geri d\u00f6nmeksizin Sorgulanmak \u00fczere \u0130\u015fgal karakollar\u0131na g\u00f6t\u00fcr\u00fcld\u00fc m\u00fc? Hi\u00e7 sizin kocan\u0131z \u00c7oluk \u00e7ocu\u011funuzun g\u00f6z\u00fc \u00f6n\u00fcnde \u00c7\u0131r\u0131l\u00e7\u0131plak soyulup Ve koltuklar\u0131n\u0131z\u0131n alt\u0131na k\u0131zg\u0131n demir koyulup \u00d6lesiye d\u00f6v\u00fcld\u00fc m\u00fc? Hi\u00e7 sizin Hen\u00fcz on be\u015findeki Ra\u015fid\u2019iniz Sabah namaz\u0131nda Ve Mescid-i Aksa\u2019da Beyni dip\u00e7ikle de\u015fildi Ve kanl\u0131 elbisesiyle g\u00f6m\u00fcld\u00fc [&hellip;]<\/p>\n","protected":false},"author":87,"featured_media":0,"comment_status":"open","ping_status":"closed","sticky":false,"template":"","format":"standard","meta":{"footnotes":""},"categories":[6739],"tags":[],"class_list":["post-19288","post","type-post","status-publish","format-standard","hentry","category-haziran-2024"],"_links":{"self":[{"href":"https:\/\/www.millicozum.com\/mc\/wp-json\/wp\/v2\/posts\/19288","targetHints":{"allow":["GET"]}}],"collection":[{"href":"https:\/\/www.millicozum.com\/mc\/wp-json\/wp\/v2\/posts"}],"about":[{"href":"https:\/\/www.millicozum.com\/mc\/wp-json\/wp\/v2\/types\/post"}],"author":[{"embeddable":true,"href":"https:\/\/www.millicozum.com\/mc\/wp-json\/wp\/v2\/users\/87"}],"replies":[{"embeddable":true,"href":"https:\/\/www.millicozum.com\/mc\/wp-json\/wp\/v2\/comments?post=19288"}],"version-history":[{"count":0,"href":"https:\/\/www.millicozum.com\/mc\/wp-json\/wp\/v2\/posts\/19288\/revisions"}],"wp:attachment":[{"href":"https:\/\/www.millicozum.com\/mc\/wp-json\/wp\/v2\/media?parent=19288"}],"wp:term":[{"taxonomy":"category","embeddable":true,"href":"https:\/\/www.millicozum.com\/mc\/wp-json\/wp\/v2\/categories?post=19288"},{"taxonomy":"post_tag","embeddable":true,"href":"https:\/\/www.millicozum.com\/mc\/wp-json\/wp\/v2\/tags?post=19288"}],"curies":[{"name":"wp","href":"https:\/\/api.w.org\/{rel}","templated":true}]}}