{"id":19351,"date":"2024-05-31T09:29:29","date_gmt":"2024-05-31T06:29:29","guid":{"rendered":"https:\/\/www.millicozum.com\/mc\/?p=19351"},"modified":"2024-10-20T21:47:42","modified_gmt":"2024-10-20T18:47:42","slug":"erbakan-hocamizin-mana-aleminde-sarsici-filistin-uyarilari-2","status":"publish","type":"post","link":"https:\/\/www.millicozum.com\/mc\/2024\/haziran-2024\/erbakan-hocamizin-mana-aleminde-sarsici-filistin-uyarilari-2\/","title":{"rendered":"Erbakan Hocam\u0131z\u0131n Mana \u00c2leminde<br> SARSICI F\u0130L\u0130ST\u0130N UYARILARI"},"content":{"rendered":"\t\t<div data-elementor-type=\"wp-post\" data-elementor-id=\"19351\" class=\"elementor elementor-19351\" data-elementor-settings=\"{&quot;element_pack_global_tooltip_width&quot;:{&quot;unit&quot;:&quot;px&quot;,&quot;size&quot;:&quot;&quot;,&quot;sizes&quot;:[]},&quot;element_pack_global_tooltip_width_tablet&quot;:{&quot;unit&quot;:&quot;px&quot;,&quot;size&quot;:&quot;&quot;,&quot;sizes&quot;:[]},&quot;element_pack_global_tooltip_width_mobile&quot;:{&quot;unit&quot;:&quot;px&quot;,&quot;size&quot;:&quot;&quot;,&quot;sizes&quot;:[]},&quot;element_pack_global_tooltip_padding&quot;:{&quot;unit&quot;:&quot;px&quot;,&quot;top&quot;:&quot;&quot;,&quot;right&quot;:&quot;&quot;,&quot;bottom&quot;:&quot;&quot;,&quot;left&quot;:&quot;&quot;,&quot;isLinked&quot;:true},&quot;element_pack_global_tooltip_padding_tablet&quot;:{&quot;unit&quot;:&quot;px&quot;,&quot;top&quot;:&quot;&quot;,&quot;right&quot;:&quot;&quot;,&quot;bottom&quot;:&quot;&quot;,&quot;left&quot;:&quot;&quot;,&quot;isLinked&quot;:true},&quot;element_pack_global_tooltip_padding_mobile&quot;:{&quot;unit&quot;:&quot;px&quot;,&quot;top&quot;:&quot;&quot;,&quot;right&quot;:&quot;&quot;,&quot;bottom&quot;:&quot;&quot;,&quot;left&quot;:&quot;&quot;,&quot;isLinked&quot;:true},&quot;element_pack_global_tooltip_border_radius&quot;:{&quot;unit&quot;:&quot;px&quot;,&quot;top&quot;:&quot;&quot;,&quot;right&quot;:&quot;&quot;,&quot;bottom&quot;:&quot;&quot;,&quot;left&quot;:&quot;&quot;,&quot;isLinked&quot;:true},&quot;element_pack_global_tooltip_border_radius_tablet&quot;:{&quot;unit&quot;:&quot;px&quot;,&quot;top&quot;:&quot;&quot;,&quot;right&quot;:&quot;&quot;,&quot;bottom&quot;:&quot;&quot;,&quot;left&quot;:&quot;&quot;,&quot;isLinked&quot;:true},&quot;element_pack_global_tooltip_border_radius_mobile&quot;:{&quot;unit&quot;:&quot;px&quot;,&quot;top&quot;:&quot;&quot;,&quot;right&quot;:&quot;&quot;,&quot;bottom&quot;:&quot;&quot;,&quot;left&quot;:&quot;&quot;,&quot;isLinked&quot;:true}}\" data-elementor-post-type=\"post\">\n\t\t\t\t\t\t<section class=\"elementor-section elementor-top-section elementor-element elementor-element-64048a3b elementor-section-boxed elementor-section-height-default elementor-section-height-default\" data-id=\"64048a3b\" data-element_type=\"section\">\n\t\t\t\t\t\t<div class=\"elementor-container elementor-column-gap-default\">\n\t\t\t\t\t<div class=\"elementor-column elementor-col-100 elementor-top-column elementor-element elementor-element-729f2fc7\" data-id=\"729f2fc7\" data-element_type=\"column\">\n\t\t\t<div class=\"elementor-widget-wrap elementor-element-populated\">\n\t\t\t\t\t\t<div class=\"elementor-element elementor-element-575084c3 satir-basi siyah-link elementor-widget elementor-widget-heading\" data-id=\"575084c3\" data-element_type=\"widget\" data-widget_type=\"heading.default\">\n\t\t\t\t<div class=\"elementor-widget-container\">\n\t\t\t\t\t<h3 class=\"elementor-heading-title elementor-size-default\">Erbakan Hocam\u0131z\u0131n Mana \u00c2leminde<br>\nSARSICI F\u0130L\u0130ST\u0130N UYARILARI\n<\/h3>\t\t\t\t<\/div>\n\t\t\t\t<\/div>\n\t\t\t\t<div class=\"elementor-element elementor-element-30d9455 elementor-widget elementor-widget-shortcode\" data-id=\"30d9455\" data-element_type=\"widget\" data-widget_type=\"shortcode.default\">\n\t\t\t\t<div class=\"elementor-widget-container\">\n\t\t\t\t\t\t\t<div class=\"elementor-shortcode\"> <div class=\"lyte-wrapper-audio\" style=\"width:420px;max-width:100%;overflow:hidden;height:38px;margin:5px auto;\"><div class=\"lyMe lyte-audio\" id=\"WYL_jQX8UwjJEkw\"><div id=\"lyte_jQX8UwjJEkw\" data-src=\"https:\/\/www.millicozum.com\/mc\/wp-content\/plugins\/wp-youtube-lyte\/lyteCache.php?origThumbUrl=%2F%2Fi.ytimg.com%2Fvi%2FjQX8UwjJEkw%2Fhqdefault.jpg\" class=\"pL\"><div class=\"tC\"><div class=\"tT\"><\/div><\/div><div class=\"play\"><\/div><div class=\"ctrl\"><div class=\"Lctrl\"><\/div><div class=\"Rctrl\"><\/div><\/div><\/div><noscript><a href=\"https:\/\/youtu.be\/jQX8UwjJEkw\" rel=\"nofollow\"><img decoding=\"async\" src=\"https:\/\/www.millicozum.com\/mc\/wp-content\/plugins\/wp-youtube-lyte\/lyteCache.php?origThumbUrl=https%3A%2F%2Fi.ytimg.com%2Fvi%2FjQX8UwjJEkw%2F0.jpg\" alt=\"YouTube video thumbnail\" width=\"420\" height=\"18\" \/><br \/>Watch this video on YouTube<\/a><\/noscript><\/div><\/div><div class=\"lL\" style=\"max-width:100%;width:420px;margin:5px auto;\"><\/div><\/div>\n\t\t\t\t\t\t<\/div>\n\t\t\t\t<\/div>\n\t\t\t\t\t<\/div>\n\t\t<\/div>\n\t\t\t\t\t<\/div>\n\t\t<\/section>\n\t\t\t\t<section class=\"elementor-section elementor-top-section elementor-element elementor-element-3b9b570a elementor-section-boxed elementor-section-height-default elementor-section-height-default\" data-id=\"3b9b570a\" data-element_type=\"section\">\n\t\t\t\t\t\t<div class=\"elementor-container elementor-column-gap-default\">\n\t\t\t\t\t<div class=\"elementor-column elementor-col-100 elementor-top-column elementor-element elementor-element-19f1101c\" data-id=\"19f1101c\" data-element_type=\"column\">\n\t\t\t<div class=\"elementor-widget-wrap elementor-element-populated\">\n\t\t\t\t\t\t<div class=\"elementor-element elementor-element-27d42972 satir-basi siyah-link elementor-widget elementor-widget-text-editor\" data-id=\"27d42972\" data-element_type=\"widget\" data-widget_type=\"text-editor.default\">\n\t\t\t\t<div class=\"elementor-widget-container\">\n\t\t\t\t\t\t\t\t\t<p style=\"text-align: justify;\"><strong>Konya Han\u0131m Komisyonlar\u0131 Ba\u015fkan\u0131m\u0131z Fatma Bi\u015fkin karde\u015fimiz, olduk\u00e7a s\u0131rl\u0131 ve sars\u0131c\u0131 bir r\u00fcyas\u0131n\u0131 aktarm\u0131\u015ft\u0131. (13 May\u0131s 2024)<\/strong><\/p><p style=\"text-align: justify;\"><strong>R\u00fcyada; &#8220;Aziz Erbakan Hocam\u0131z, yo\u011fun bombard\u0131manlar sonras\u0131nda, Gazze ve Refah\u2019ta harabeye d\u00f6nm\u00fc\u015f b\u00fcy\u00fck\u00e7e bir caddede, enkaz halindeki bir binan\u0131n y\u0131k\u0131nt\u0131lar\u0131 yan\u0131ndayd\u0131&#8230; Son derece \u00fczg\u00fcn durumdayd\u0131 ve m\u00fcbarek g\u00f6zleri a\u011flamaktan k\u0131zarm\u0131\u015ft\u0131. Bir yandan Nasr Suresi okuyorlar, di\u011fer yandan m\u00fcbarek elleriyle alt\u0131ndan ses gelen beton duvarlar\u0131 ve b\u00fcy\u00fck kolonlar\u0131 kald\u0131rmaya \u00e7al\u0131\u015f\u0131yorlard\u0131. Hen\u00fcz bir bu\u00e7uk ya\u015flar\u0131nda bir erkek \u00e7ocu\u011funu enkaz\u0131n alt\u0131ndan \u00e7\u0131kard\u0131lar. \u00c7ocuk adeta donup kalm\u0131\u015ft\u0131, ne ses ne de bir tepki veremiyordu. Erbakan Hocam\u0131z yavrumuzu ba\u011fr\u0131na bast\u0131, m\u00fcbarek elleriyle yavrumuzun ba\u015f\u0131n\u0131n arkas\u0131ndan s\u0131vazlayarak \u015funlar\u0131 m\u0131r\u0131ldand\u0131: &#8220;Ya katledilen bu masum ve mazlum Filistinli yavrular\u0131m\u0131z\u0131n ak\u0131llar\u0131 yetse\u2026 Veya Cenab-\u0131 Hak onlar\u0131n bu aciz ve \u00e7aresiz vaziyetlerini lisan-\u0131 hal yalvar\u0131\u015f\u0131 kabul etse de;<em> \u201cYa Rabbi, bizi burada Siyonist \u0130srail\u2019in zul\u00fcm cehennemine terk edenlerin hi\u00e7birini cennetin kap\u0131s\u0131ndan i\u00e7eriye sokmayas\u0131n!.. Hi\u00e7birine hakk\u0131m\u0131z helal olmas\u0131n!.. Bizi b\u00f6yle sahipsiz b\u0131rakanlar ba\u011f\u0131\u015flanmas\u0131n, huzur bulmas\u0131n!.. Hi\u00e7biri mutlu ve mesut g\u00fcnler ya\u015famas\u0131n!.. Neler yapabiliriz? diyerek, gece g\u00fcnd\u00fcz k\u0131vran\u0131p ellerini ta\u015f\u0131n alt\u0131na sokmay\u0131p, bu peri\u015fan halimizi g\u00f6rmezden gelerek, bu karde\u015flerime bir damla suyu nas\u0131l g\u00f6nderirim? diye d\u00fc\u015f\u00fcnmekten midesine kramplar girmeyen hi\u00e7bir inanan rahata kavu\u015fmas\u0131n!.. Bizim a\u011flad\u0131\u011f\u0131m\u0131z\u0131n iki kat\u0131 a\u011flas\u0131nlar, k\u0131vrand\u0131\u011f\u0131m\u0131z\u0131n iki kat\u0131 k\u0131vrans\u0131nlar, \u00e7ekti\u011fimiz ac\u0131lar\u0131n iki kat\u0131na d\u00fcnyadayken u\u011fras\u0131nlar!.. Annesini, babas\u0131n\u0131, \u00e7ocuklar\u0131n\u0131, yak\u0131nlar\u0131n\u0131 kaybetsinler ki; ayn\u0131 yoklu\u011fu, ayn\u0131 \u00e7aresizli\u011fi, ayn\u0131 ac\u0131y\u0131 kat be kat ya\u015fas\u0131nlar!.. Aynen bizim gibi \u00e7alacak kap\u0131, s\u0131\u011f\u0131nacak \u00fclke, destek olacak hi\u00e7bir kalp bulamas\u0131nlar!..&#8221;<\/em> diyerek beddua etselerdi, \u00fcmmetin hali nas\u0131l olacakt\u0131?!.. diye g\u00f6zya\u015f\u0131 ak\u0131tt\u0131lar. Bir ara yavrumuz kendisine gelip g\u00fclen g\u00f6zlerle Aziz Hocam\u0131za bakt\u0131lar. Erbakan Hocam\u0131z; <em>&#8220;Sen b\u00f6yle g\u00fcl\u00fcmsersen, umar\u0131m ki Rabbim de bu \u00fcmmetin sad\u0131klar\u0131n\u0131 ba\u011f\u0131\u015flarlar!..\u201d<\/em> buyurdular. Sonra yanlar\u0131na gelen bir sa\u011fl\u0131k\u00e7\u0131ya yavrumuzu teslim edip ayr\u0131ld\u0131lar. Aziz Hocam\u0131z \u00f6nde, ben arkada \u0130srail\u2019in ele ge\u00e7irdikleri Refah s\u0131n\u0131r kap\u0131s\u0131na vard\u0131k. Erbakan Hocam\u0131z; &#8220;Y\u0131llard\u0131r Siyonistler bilin\u00e7li bir \u015fekilde t\u00fcm \u0130slam \u00fclkelerinin idaresini, ya kendilerinin se\u00e7ip yeti\u015ftirdikleri i\u015fbirlik\u00e7ilere teslim ettiler, ya da direkt kendilerinden olan ki\u015filere tek tek verdiler. Bak\u0131n\u0131z, \u015fu an s\u0131n\u0131r kap\u0131s\u0131na kadar dayanan Filistinli karde\u015flerine kap\u0131y\u0131 a\u00e7mayan M\u0131s\u0131r, bunun bir \u00f6rne\u011fidir. Filistin&#8217;in etraf\u0131n\u0131 \u00e7evreleyen devletlere bir bak\u0131n; hepsi \u0130slam \u00fclkesidir. Ne ac\u0131d\u0131r ki hepsi Filistin&#8217;i yaln\u0131z b\u0131rak\u0131vermi\u015flerdir. Sadece yaln\u0131z b\u0131rakmakla yetinselerdi, yine Filistin ve Hamas kendini kurtaracak, Siyonizm\u2019i \u00e7aresiz b\u0131rakacakt\u0131; fakat maalesef hem Filistin\u2019in etraf\u0131ndaki \u0130slam \u00fclkeleri hem de ba\u015fta T\u00fcrkiye olmak \u00fczere b\u00fct\u00fcn M\u00fcsl\u00fcman devletleri s\u00f6zde at\u0131p tutup, \u00f6zde \u0130srail ile birlikte hareket ederek, farkl\u0131 \u015fekillerde farkl\u0131 ihanetlerle Filistin soyk\u0131r\u0131m\u0131na dolayl\u0131 destek vermi\u015flerdir. \u00d6zellikle son g\u00fcnlerdeki ya\u015fananlara bak\u0131nca s\u00f6ylemeye \u00e7al\u0131\u015ft\u0131\u011f\u0131m\u0131z\u0131 daha iyi anlayacaks\u0131n\u0131z! \u0130\u015fte buna (Erdo\u011fan&#8217;a) ni\u00e7in; <em>&#8220;Hamas&#8217;\u0131n yapt\u0131\u011f\u0131 Kuvay-\u0131 Milliye hareketidir&#8221;<\/em> dedirttiler? Ne i\u00e7in Milli G\u00f6r\u00fc\u015f al\u0131\u015fkanl\u0131\u011f\u0131yla ve Milli \u00c7\u00f6z\u00fcm a\u011fz\u0131yla konu\u015fmas\u0131na m\u00fcsaade ettiler? Ne i\u00e7in g\u00fcya \u00f6ncesinde ticarete k\u0131s\u0131tlama getirmesine, sonras\u0131nda g\u00fcya ticareti sona erdirmesine izin verdiler?.. \u00c7\u00fcnk\u00fc Erdo\u011fan t\u00fcm bunlar\u0131 s\u00f6ylerken, yaparken, limanlar\u0131n\u0131zdan, \u00fczerinde \u0130srail bayra\u011f\u0131 olmadan, rotas\u0131 hen\u00fcz resmen \u00e7izilmemi\u015f gemiler ayn\u0131 y\u00fckle kalkmaktalard\u0131&#8230; Ama \u00dclke s\u0131n\u0131rlar\u0131m\u0131zdan \u00e7\u0131k\u0131nca \u0130srail bayraklar\u0131n\u0131 takmaktalard\u0131\u2026 Yani \u0130srail\u2019le ticaret hi\u00e7 kesilmeden son h\u0131zla devam edip, en hayati ihtiya\u00e7lar\u0131 T\u00fcrkiye\u2019den kar\u015f\u0131lanmaktayd\u0131!.. Hat\u0131rlay\u0131n, Erdo\u011fan bu a\u00e7\u0131klamalar\u0131 yapt\u0131ktan sonra; T\u00fcrkiye&#8217;de Filistin destekli g\u00f6steriler b\u0131\u00e7akla kesilir gibi bitip sonlanm\u0131\u015ft\u0131. \u00c7\u00fcnk\u00fc <\/strong><strong><em>art\u0131k \u00fclke yetkilileri g\u00fcya, olaya el atm\u0131\u015ft\u0131r<\/em><\/strong><strong> san\u0131larak halk\u0131m\u0131z\u0131n havas\u0131 al\u0131nm\u0131\u015ft\u0131\u2026 Yetmez; \u0130smail Haniye T\u00fcrkiye&#8217;ye \u00e7a\u011fr\u0131ld\u0131. Kapal\u0131 kap\u0131lar ard\u0131nda ve \u0130srail\u2019in talimatlar\u0131yla s\u00f6ylemesi ve yapmas\u0131 gerekenler kendisine aktar\u0131ld\u0131. <em>&#8220;\u00c7ok uzat\u0131yorsunuz!&#8221;<\/em> diye uyar\u0131ld\u0131. <em>&#8220;\u0130srail\u2019in \u00f6nerdi\u011fi uzla\u015fmaya, ate\u015fkese raz\u0131 olacaks\u0131n\u0131z! Hatta ate\u015fkes teklifini siz ortaya atacaks\u0131n\u0131z!&#8221;<\/em> diye dayat\u0131ld\u0131. Haniye, t\u00fcm bu zorlay\u0131c\u0131 ak\u0131l oyunlar\u0131na elinden geldi\u011fince diretti, fakat en sonunda pes etmek zorunda kald\u0131. Say\u0131n Erdo\u011fan&#8217;la kapal\u0131 kap\u0131lar ard\u0131nda yapt\u0131\u011f\u0131 toplant\u0131 ve g\u00f6r\u00fc\u015fmelerden sonra, Siyonist i\u015fgalci canilere; <em>&#8220;neredeyse t\u00fcm kazan\u0131m\u0131 \u0130srail ad\u0131na olacak bir ate\u015fkes teklifi&#8221;<\/em> sunmu\u015flard\u0131. Daha do\u011frusu kendilerine neyi nas\u0131l s\u00f6ylemesi ve hangi c\u00fcmlelerle ifade etmesi dayat\u0131lm\u0131\u015fsa o \u015fekilde davranm\u0131\u015flard\u0131. Fakat bunlar kapal\u0131 kap\u0131lar arkas\u0131nda Haniye\u2019yi, dolay\u0131s\u0131yla t\u00fcm Filistinli karde\u015flerimizi oyalarken, kuduz \u0130srail ise Siyonistli\u011finin gere\u011fini yapm\u0131\u015ft\u0131. Yani; her zaman iki ileri bir geri, \u00fc\u00e7 ileri bir geri hareket eden \u0130srail, bu sefer de <em>Erdo\u011fan&#8217;a Gazze&#8217;yi destekliyormu\u015f gibi laflar s\u0131ralat\u0131p ve kamuoyunu oyalay\u0131p, Filistin mazlumlar\u0131n\u0131 ate\u015fin tam da ortas\u0131na atm\u0131\u015ft\u0131. <\/em>Yani aylard\u0131r, Filistin&#8217;in farkl\u0131 b\u00f6lgelerinden, \u00f6zellikle Gazze&#8217;den bir\u00e7ok insan\u0131m\u0131z\u0131 g\u00fcvenli alan diyerek g\u00f6\u00e7e zorlad\u0131\u011f\u0131 Refah&#8217;ta vurmaya, bombalamaya ba\u015flam\u0131\u015ft\u0131. \u0130ki y\u00fcz k\u00fcsur g\u00fcnd\u00fcr \u015fehit edilen insan say\u0131s\u0131n\u0131n ilk \u00e7eyre\u011fine yak\u0131n\u0131, Refah&#8217;ta bir gecede katliama u\u011fram\u0131\u015ft\u0131. T\u00fcm d\u00fcnya aya\u011fa kalkm\u0131\u015ft\u0131. \u00dcniversiteler ard\u0131ndan, liseler etkin direni\u015fe ba\u015flam\u0131\u015ft\u0131, \u00f6nce okul y\u00f6netimlerine <em>&#8220;okullar\u0131nda \u0130srail destekli hi\u00e7bir \u00fcr\u00fcn kullanmamay\u0131&#8221;<\/em> kabul ettirmeyi ba\u015farm\u0131\u015flard\u0131. Ard\u0131ndan bir\u00e7o\u011fu \u00fclkelerinde \u0130srail&#8217;le ticareti ve her t\u00fcrl\u00fc normalle\u015fmeyi iptal etmeye mecbur b\u0131rakm\u0131\u015flard\u0131. <\/strong><strong>Biz d\u00f6rt g\u00f6zle bekledik; T\u00fcrkiye&#8217;de \u00fcniversite, lise, hatta ilk ve ortaokul d\u00fczeyinde, yetmez t\u00fcm sivil toplum \u00f6rg\u00fctlerinin ortakla\u015fa hareketi ile, hatta t\u00fcm siyasi partilerin destek vermesiyle:<\/strong> <strong><em>&#8220;Ya Filistin&#8217;de yap\u0131lan bu soyk\u0131r\u0131ma son verilecek veya T\u00fcrkiye harekete ge\u00e7ecek!&#8221;<\/em><\/strong><strong> slogan\u0131 ile sokaklara, caddelere d\u00f6k\u00fclecekler sand\u0131k&#8230;\u00a0 Ama ne yaz\u0131k ki Say\u0131n Erdo\u011fan \u00e7oktan halk\u0131n gaz\u0131n\u0131 alm\u0131\u015ft\u0131, ve maalesef neredeyse herkes Filistinli karde\u015fini Refah&#8217;ta kendi kaderine terk edip b\u0131rakm\u0131\u015ft\u0131!.. \u015eimdi karde\u015flerime s\u00f6yle; <em>&#8220;Zulm\u00fcn, kan ve g\u00f6zya\u015f\u0131n\u0131n sel olup akt\u0131\u011f\u0131, yeni do\u011fmu\u015f bebeklerin dahi katliama u\u011frad\u0131\u011f\u0131 bir d\u00fcnyada; bu zalim ve b\u00e2t\u0131l sistem y\u0131k\u0131l\u0131ncaya, adalet ve merhametin kayna\u011f\u0131 \u0130slam nizam\u0131 yery\u00fcz\u00fcne h\u00e2kim oluncaya, Feth-i M\u00fcbin ya\u015fan\u0131ncaya kadar kalpleri so\u011fumas\u0131n! Zalimlere ve i\u015fbirlik\u00e7ilere kar\u015f\u0131 kinleri ve gayretleri azalmas\u0131n!.. O Allah ki; zalimi mazlumun kan\u0131nda bo\u011fmaya K\u00e2dir oland\u0131r&#8230; Alevlerin etraf\u0131n\u0131 sard\u0131\u011f\u0131 \u0130brahim, Nemrut\u2019a nas\u0131l galip geldiyse, alevlerle sar\u0131lm\u0131\u015f Aksa&#8217;n\u0131n evlatlar\u0131 da Siyonizm\u2019e galip gelecekler, inan\u0131n!.. Hem de \u00e7ok yak\u0131n bir zamanda. O g\u00fcn bu s\u00f6zlerim zihninizde \u00e7\u0131nlayacak ve <\/em><\/strong><strong><em>\u201cHocam\u0131z demi\u015fti!\u201d<\/em><\/strong><strong><em> diye sevin\u00e7le dolacak ve co\u015facaks\u0131n\u0131z!..\u201d<\/em><\/strong><\/p><p style=\"text-align: justify;\"><strong>Can karde\u015flerim, tek bir amac\u0131n\u0131z olsun; \u201cAllah&#8217;\u0131n yolunda, Kur&#8217;an&#8217;\u0131n kurallar\u0131yla onurlu ve \u015fuurlu bir hayat ya\u015famak!\u201d Ba\u015f\u0131n\u0131z\u0131 koydu\u011funuz bu yolda, ya in\u015faallah zafere ula\u015f\u0131n, veyahut o yolda \u00f6mr\u00fcn\u00fcz\u00fc tamamlay\u0131n. Ama bir kere olsun geri ad\u0131m atmay\u0131n!<\/strong><\/p><p style=\"text-align: justify;\"><strong>Ya Rabbi; Yery\u00fcz\u00fc masum \u00e7ocuklar\u0131n kanlar\u0131yla boyand\u0131. G\u00f6ky\u00fcz\u00fc mazlumlar\u0131n ahlar\u0131yla karard\u0131\u2026 M\u00fcsl\u00fcmanlar bu zul\u00fcmleri \u00e7aresizmi\u015f\u00e7esine, mazlum karde\u015flerini ise sadece kederle ve ah-vah ederek izliyorlar, aylard\u0131r, y\u0131llard\u0131r. Y\u00f6neticilerini uyaracak ve kamuoyu bask\u0131s\u0131 olu\u015fturacak ad\u0131mlar bile atmam\u0131\u015flard\u0131r!.. Ey yerin, g\u00f6\u011f\u00fcn, an\u0131n, g\u00fcn\u00fcn sahibi olan Rabbimiz, g\u00f6r\u00fcyorsun \u00e7ocuklar peri\u015fand\u0131r, babalar \u00e7ok bunalm\u0131\u015ft\u0131r, analar\u0131n y\u00fcre\u011fi da\u011flanm\u0131\u015ft\u0131r!.. \u00dczerlerine \u00e7\u00f6ken bu kapkara g\u00fcnleri karde\u015flerime a\u011fart\u0131ver Allah\u2019\u0131m! (\u00c2min)<\/strong><\/p><p style=\"text-align: justify;\"><strong>Son olarak, size iki y\u00fcz k\u00fcsur g\u00fcn\u00fcn \u00f6zetini \u00e7\u0131karay\u0131m m\u0131? Net \u00f6zet \u015fu; \u201cRabbimiz 2 milyarl\u0131k 57 \u0130slam \u00fclkesini bir imtihana t\u00e2bi tutmu\u015flard\u0131. Kiminin hi\u00e7 umurunda bile olmad\u0131, kimisi yalandan k\u0131namalarla ge\u00e7i\u015ftirmeye \u00e7al\u0131\u015ft\u0131, kimisi k\u0131namaktan bile korkup sak\u0131nd\u0131\u2026 Kimisi bo\u015f arazilere f\u00fczeler f\u0131rlatt\u0131, kimisi <em>&#8220;D\u00fcnya be\u015ften b\u00fcy\u00fckt\u00fcr&#8221;<\/em> gibi laflarla ucuz kahramanl\u0131k taslam\u0131\u015ft\u0131, ama ard\u0131ndan ticarete ve normalle\u015fmeye devam etmekten geri ad\u0131m atmam\u0131\u015ft\u0131\u2026 En sonunda hem riyak\u00e2rlar hem t\u00fcm d\u00fcnya \u00f6\u011frendi ki <\/strong><strong>\u201cGazze ve Hamas 57\u2019den b\u00fcy\u00fckm\u00fc\u015f!..\u201d<\/strong><strong> ve O en kutlu \u015fehitler diyar\u0131 Gazi Gazze\u2019nin Rabbi, bu bir avu\u00e7 tam inan\u00e7l\u0131 ve ahiret sevdal\u0131 Gazzeli m\u00fccahitleri rol model yap\u0131p, b\u00fct\u00fcn d\u00fcnyay\u0131 fev\u00e7 fev\u00e7 \u0130slam\u2019a hayran b\u0131rak\u0131p; Filistin\u2019e destek ve kuduz \u0130srail\u2019e lanet protestolar\u0131na kat\u0131lmalar\u0131n\u0131 sa\u011flad\u0131 ve vicdan ehli giderek \u00e7o\u011fald\u0131 ve yayg\u0131nla\u015ft\u0131\u2026 Ve b\u00f6ylece Rabbi\u2019l-\u00e2lemin <\/strong><strong><em>\u201cHidayet ve adalet g\u00fcne\u015finin Bat\u0131\u2019dan do\u011fmaya ba\u015flad\u0131\u011f\u0131\u201d<\/em><\/strong><strong> hikmet ve hakikatini ortaya \u00e7\u0131kard\u0131.\u201d buyurdular, o halde iken uyand\u0131m.<\/strong><\/p><p style=\"text-align: justify;\"><strong>\u015eimdi ey \u0130man, iz\u2019an ve insaf ehli olanlar!<\/strong><\/p><p style=\"text-align: justify;\"><strong>L\u00fctfen cevab\u0131n\u0131 siz ara\u015ft\u0131r\u0131n\u0131z; Ter\u00f6rist \u0130srail&#8217;in Siyonist Bakan\u0131 <\/strong><strong><em>Yisrael Katz<\/em><\/strong><strong>, Suudi Arabistan yay\u0131n kurulu\u015fu \u0130LAF\u2019a yapt\u0131\u011f\u0131 a\u00e7\u0131klamada: <\/strong><strong><em>\u201cABD Eski Ba\u015fkan\u0131 Donald Trump&#8217;\u0131n Kud\u00fcs&#8217;\u00fc \u0130srail&#8217;in ba\u015fkenti tan\u0131mas\u0131ndan sonra, Sn. Recep T. Erdo\u011fan&#8217;\u0131n \u0130srail&#8217;e kar\u015f\u0131<\/em><\/strong><strong> \u2018<\/strong><strong>D\u00fc\u015fman Dost=Frenemy\u2019<\/strong> <strong><em>rol\u00fc oynamaya ba\u015flad\u0131\u011f\u0131n\u0131\u201d<\/em><\/strong><strong> vurgulamas\u0131 ni\u00e7in yan\u0131ts\u0131z b\u0131rak\u0131lm\u0131\u015ft\u0131? Oysa bu vahim iddia: <\/strong><strong><em>\u201cG\u00f6r\u00fcn\u00fc\u015fte bize at\u0131p tutuyor, \u0130srail&#8217;e \u00e7at\u0131p duruyor, ama ger\u00e7ekte bizim i\u015fimize yarayan davran\u0131\u015flarda bulunuyor!\u201d<\/em><\/strong><strong> anlam\u0131n\u0131 ta\u015f\u0131maktayd\u0131. (Bak: 13 Aral\u0131k 2017. filistin.info &#8211; Filistin Haber Ajans\u0131)<\/strong><\/p><p style=\"text-align: justify;\"><strong>Hat\u0131rlay\u0131n\u0131z; ABD E. Askeri \u0130stihbarat Ba\u015fkan\u0131 Yard\u0131mc\u0131s\u0131 bile: <\/strong><strong><em>\u201cDaha \u00f6nce \u0130srail\u2019e verdi\u011fim destek i\u00e7in \u015fimdi \u00e7ok pi\u015fman\u0131m. Daha yeni anlad\u0131m ki, \u0130srail Siyonizm\u2019ine destek \u00e7\u0131kmak, d\u00fcnya bar\u0131\u015f\u0131na ve insanl\u0131\u011f\u0131n huzuruna k\u00f6stek olmak anlam\u0131n\u0131 ta\u015f\u0131maktad\u0131r!\u201d<\/em><\/strong><strong> diyerek as\u0131rlard\u0131r gizlenen bir ger\u00e7e\u011fe terc\u00fcman olmu\u015flard\u0131. Evet, ya \u0130srail ortadan kald\u0131r\u0131lacakt\u0131 veya d\u00fcnyan\u0131n ba\u015f\u0131na b\u00fcy\u00fck bir bela sar\u0131lacakt\u0131\u2026 Anla\u015f\u0131lan o ki, Allah \u0130srail\u2019den intikam alacakt\u0131 ve Aksa\u2019ya sata\u015fan kuduz itin eceli yakla\u015fm\u0131\u015ft\u0131. Ama \u0130slam \u00fclkelerinin ba\u015f\u0131ndaki i\u015fbirlik\u00e7ilerde bu insafl\u0131 g\u00e2vurlar kadar bile vicdan kalmam\u0131\u015f m\u0131yd\u0131?..<\/strong><\/p><p style=\"text-align: justify;\"><strong>Ancak, \u0130srail Haaretz Gazetesi de \u015funlar\u0131 yazm\u0131\u015ft\u0131:<\/strong><\/p><p style=\"text-align: justify;\"><strong><em>\u201cNetanyahu H\u00fck\u00fcmeti, Gazze Sava\u015f\u0131nda \u0130srail\u2019in kaybetti\u011fi asker say\u0131s\u0131n\u0131 toplumdan saklamaktad\u0131r. Bu konuda Hamas\u2019\u0131n haberleri ger\u00e7e\u011fe daha yak\u0131nd\u0131r. 7 Ekim\u2019den bug\u00fcne h\u00fck\u00fcmet 55 g\u00fcnde 473 asker kaybetti\u011fimizi s\u00f6ylese de Hamas\u2019a g\u00f6re bu say\u0131 2000 civar\u0131ndad\u0131r. Bu say\u0131 1947\u2019den beri verdi\u011fimiz toplam kay\u0131plardan fazlad\u0131r!..\u201d<\/em><\/strong><strong> Evet, Ebu Ubeyde a\u00e7\u0131klam\u0131\u015f ve \u0130srail yalanlam\u0131\u015ft\u0131: <\/strong><strong>\u2022 <\/strong><strong>Binlerce \u0130srailli teknik personel\u2026<\/strong><strong> \u2022 <\/strong><strong>10 binleri a\u015fan asker ve subay\u2026<\/strong><strong> \u2022 <\/strong><strong>Bine yak\u0131n z\u0131rhl\u0131 ara\u00e7 imha edilip ortadan kald\u0131r\u0131lm\u0131\u015ft\u0131&#8230; \u0130srailli generaller <em>\u201cGazze\u2019ye y\u00f6nelik bu sald\u0131r\u0131lar\u0131 b\u0131rakmal\u0131y\u0131z, yoksa sonumuzu haz\u0131rlar\u0131z!\u201d<\/em> diye yak\u0131nmaktayd\u0131. \u0130\u015fte, \u0130srail Eski Gnkur. Ba\u015fkan\u0131: \u0130srail\u2019in Hamas\u2019a kar\u015f\u0131 sava\u015f\u0131 kaybetti\u011fini a\u00e7\u0131klam\u0131\u015ft\u0131!..<\/strong><\/p><p style=\"text-align: justify;\"><strong>\u0130srailli Tu\u011fgeneral Emir Avivi\u2019nin \u0130tiraflar\u0131\u2026<\/strong><\/p><p style=\"text-align: justify;\"><strong><em>\u201c\u00c7ok \u00fczg\u00fcn\u00fcm, bu sava\u015fta hedeflerimize ula\u015famad\u0131k\u2026 Hamas\u2019la \u00e7at\u0131\u015fmalar bize \u00e7ok pahal\u0131ya m\u00e2l olmaktad\u0131r ve askerlerimizin morali k\u0131r\u0131lm\u0131\u015ft\u0131r. Baz\u0131 rehinelerimizi kurtarmak i\u00e7in taviz vermeye ve ara form\u00fcle mecbur kalmam\u0131z onurumuza dokunsa da, \u00e7aresizli\u011fimizin sonu\u00e7lar\u0131d\u0131r!\u201d<\/em><\/strong><strong> diyerek s\u0131zlanm\u0131\u015ft\u0131. Halbuki 7 Ekim\u2019den bug\u00fcne, ABD ve \u0130ngiltere askeri kargo u\u00e7aklar\u0131, tam 300 sefer \u0130srail\u2019e u\u00e7u\u015f yapm\u0131\u015f, stratejik teknoloji ve m\u00fchimmat deste\u011fi ta\u015f\u0131m\u0131\u015flard\u0131. Ve i\u015fte buna ra\u011fmen HAMAS kar\u015f\u0131s\u0131nda bocalamaya ba\u015flam\u0131\u015flard\u0131. Evet, evet, Gazze\u2019de mucizeler ya\u015fanmaktayd\u0131\u2026 Y\u00fcce Allah Kudretinin ve va\u2019dinin ger\u00e7ek oldu\u011funu ortaya koymaktayd\u0131!..<\/strong><\/p><p style=\"text-align: justify;\"><strong>Ve art\u0131k en sonunda t\u00fcm d\u00fcnya \u00f6\u011frendi ki <\/strong><strong><em>\u201cGazze 57&#8217;den b\u00fcy\u00fckm\u00fc\u015f!..\u201d<\/em><\/strong><strong> Oysa ciddiyet, cesaret ve dirayetle, \u0130srail&#8217;e: <\/strong><strong><em>\u201cYa bu zulm\u00fc derhal durduracaks\u0131n veya T\u00fcrkiye duruma el koyacakt\u0131r!\u201d<\/em><\/strong><strong> deselerdi bile bu soyk\u0131r\u0131m soysuzlu\u011fu 8 ay \u00f6nce ba\u015flamadan bitmi\u015f olacakt\u0131. Ama \u0130srail, bunlar\u0131n di\u015flerini sayd\u0131klar\u0131 i\u00e7in kurus\u0131k\u0131 palavralar\u0131 hesaba kat\u0131lmayan ve h\u00e2l\u00e2 siyasi rant pe\u015finde ko\u015fan ucuz kahramanlar ne kadar k\u00fc\u00e7\u00fckm\u00fc\u015f!.. Hatta Yunan Ba\u015fbakan\u0131 Mi\u00e7otakis, tam bir k\u00fcstahl\u0131kla y\u00fczlerine kar\u015f\u0131: <\/strong><strong><em>\u201cHamas bir ter\u00f6r \u00f6rg\u00fct\u00fcd\u00fcr!\u201d<\/em><\/strong><strong> deyip kuduz \u0130srail&#8217;i kutsarken: <\/strong><strong><em>\u201cHadi oradan, Siyonist u\u015fa\u011f\u0131 ve 12 Ada\u2019y\u0131 silahland\u0131r\u0131p bize sald\u0131rmaya haz\u0131rlanan ve t\u00fcm ter\u00f6ristleri besleyip \u00fcst\u00fcm\u00fcze salan Ha\u00e7l\u0131 d\u0131\u011fas\u0131!..\u201d<\/em><\/strong><strong> diyemeyenlerin ve \u00f6zleri ile s\u00f6zleri ayr\u0131 d\u00fc\u015fenlerin ger\u00e7ek ayar\u0131 ne kadar d\u00fc\u015f\u00fckm\u00fc\u015f!..<\/strong><\/p><p style=\"text-align: justify;\"><strong>Sorumluluklar\u0131m\u0131z\u0131 ku\u015fanmak ve Allah&#8217;\u0131n inayetiyle zafere ko\u015fmak \u00fczere \u015fu ayetler dikkatle ve defaatle okunmal\u0131yd\u0131.<\/strong><\/p><p style=\"text-align: justify;\"><strong><em>\u201c(Ey M\u00fcsl\u00fcmanlar!) Size ne oluyor (ve nas\u0131l bir vicdani sorumsuzlu\u011fa kay\u0131yorsunuz) ki; \u2018Ya Rabbi, ehli (ve idarecileri) zalim olan \u015fu \u00fclkeden (ve \u015fu d\u00fczenden) bizi kurtar, bize Kendi kat\u0131ndan bir sahip g\u00f6nder ve bize Kendi rahmetinden bir yard\u0131mc\u0131 ver\u2019 diye yalvar\u0131p duran; erkek, kad\u0131n ve \u00e7ocuklardan olu\u015fan aciz ve \u00e7aresiz (nice mazlum m\u00fcstaz\u2019af) kimseleri kurtarmak i\u00e7in Allah yolunda (\u00e7al\u0131\u015f\u0131p) \u00e7arp\u0131\u015fm\u0131yorsunuz? (Bu duyars\u0131zl\u0131k ve nemel\u00e2z\u0131mc\u0131l\u0131k imani ve vicdani bir tav\u0131r de\u011fildir.) [Not: Bug\u00fcn Filistin topraklar\u0131nda soyk\u0131r\u0131ma u\u011frayan mazlumlar\u0131n; Afrika\u2019da, Asya\u2019da ve G\u00fcney Amerika\u2019daki milyonlarca a\u00e7, biila\u00e7, \u00e7\u0131plak ve muhta\u00e7 M\u00fcsl\u00fcmanlar\u0131n ve farkl\u0131 din ve kavimden nice mazlum ve ma\u011fdur insanlar\u0131n ezilmesine ve s\u00f6m\u00fcr\u00fclmesine yol a\u00e7an bu zalim ve Siyonist sistemi y\u0131kacak ve yery\u00fcz\u00fcnde Adil bir D\u00fczen\u2019i kuracak niyet ve gayreti ta\u015f\u0131mayanlar\u0131 Cenab-\u0131 Hakk bu ayetle ve \u015fiddetle ikaz etmektedir.]\u201d<\/em><\/strong><\/p><p style=\"text-align: justify;\"><strong><em>\u201c(Halbuki, ger\u00e7ekten) \u0130man edenler; Allah yolunda (Hakk ve adalet h\u00e2kim ve M\u00fcsl\u00fcmanlar galip olsun diye) \u00e7arp\u0131\u015f\u0131p \u00e7\u0131rp\u0131n\u0131rlar. \u0130nk\u00e2r edenler (ve m\u00fcnaf\u0131k kimseler) ise, ta\u011fut yolunda (\u015ferli ve \u015feytani odaklar\u0131n zul\u00fcm ve s\u00f6m\u00fcr\u00fc d\u00fczenleri s\u00fcrs\u00fcn diye) \u00e7\u0131rp\u0131n\u0131p \u00e7arp\u0131\u015f\u0131rlar. O halde siz (m\u00fc\u2019minler iseniz); \u015feytan\u0131n dostlar\u0131 olan (ink\u00e2rc\u0131lar ve m\u00fcnaf\u0131k)larla \u00e7arp\u0131\u015f\u0131n. Ve kesinlikle (bilin ki) \u015feytan\u0131n hile ve tuza\u011f\u0131 pek zay\u0131f (ve temelsizdir.)\u201d<\/em><\/strong><strong> (Nisa Suresi: 75- 76)<\/strong><\/p><p style=\"text-align: justify;\"><strong>Bug\u00fcn kimin sayg\u0131s\u0131; makama, \u015fana ve ihti\u015fama de\u011fil de insana ve insanl\u0131k onuruna!?<\/strong><\/p><p style=\"text-align: justify;\"><strong>Kim bir \u00e7\u00f6p\u00fc kald\u0131rmada acaba, menfaatine de\u011fil de hayr\u0131na ve Allah r\u0131zas\u0131na!?<\/strong><\/p><p style=\"text-align: justify;\"><strong>Hangi tok yatan kom\u015fu, a\u00e7 yatan kom\u015fusunu ortak etmede a\u015f\u0131na?<\/strong><\/p><p style=\"text-align: justify;\"><strong>Kim ciddi ve cesaretli bir c\u00fcmle kurmakta ve bir ad\u0131m atmakta, mazlum ve ma\u011fdurlar\u0131n yarar\u0131na ve huzuruna?<\/strong><\/p><p style=\"text-align: justify;\"><strong>Maalesef, de\u011fi\u015fmez bug\u00fcn mezar\u0131n\u0131 vicdanl\u0131 mevta, arz\u0131n alt\u0131n varakl\u0131 kona\u011f\u0131na\u2026<\/strong><\/p><p style=\"text-align: justify;\"><strong>Bencillik ve bele\u015f\u00e7ilik \u00f6yle \u00e7orak ve kurak bir mevsimdir ki, b\u00fct\u00fcn g\u00fczellikler ve iyilikler bu mevsimde \u00f6l\u00fcr, b\u00fct\u00fcn \u00e7irkinlikler bu mevsimde dirilip sa\u00e7\u0131l\u0131r.<\/strong><\/p><p style=\"text-align: justify;\"><strong>\u015eu d\u00fcnyada, sorumluluklar\u0131n\u0131 hat\u0131rlay\u0131p insanl\u0131\u011f\u0131ndan utanmayan ve bir nebze olsun vicdan\u0131 s\u0131zlay\u0131p ar duymayan s\u00fcper zalimler; makam ve \u00e7\u0131karla siyasileri kiralay\u0131p minneti menfaate gem edenler, ve \u00e7\u0131kar\u0131 i\u00e7in vakar\u0131n\u0131 tepeleyenler \u00f6n\u00fcnde zordur, ger\u00e7ekleri savunmak.<\/strong><\/p><p style=\"text-align: justify;\"><strong>Kuduz \u0130srail\u2019in, Kud\u00fcs \u00fclkesinde yapt\u0131\u011f\u0131 gibi; kan\u0131n \u00fczerine g\u00f6zya\u015f\u0131 d\u00fc\u015fer miydi hi\u00e7, \u00e7i\u00e7ek vermek kadar kolay olsayd\u0131, bu karakterleri e\u011frilere do\u011frular\u0131 sunmak.<\/strong><\/p><p style=\"text-align: justify;\"><strong>Irsi bir vasfa ve sirayet eden salg\u0131n bir hastal\u0131\u011fa d\u00f6n\u00fc\u015fm\u00fc\u015f eyyamc\u0131l\u0131k ve siyasi f\u0131rsat\u00e7\u0131l\u0131k, maalesef ger\u00e7ek\u00e7ilik san\u0131l\u0131r olmu\u015f hep, ger\u00e7ekleri ger\u00e7eklerin \u00f6tesinde aramak, ve bu bo\u015f kuruntularla avunmak.<\/strong><\/p><p style=\"text-align: justify;\"><strong>M\u00fcmk\u00fcn olsayd\u0131 mant\u0131\u011f\u0131 g\u00fcne\u015f yapmak bile, kolay olur muydu bilinmez, ayd\u0131n san\u0131lan \u015fu k\u00f6r rehberleri \u0131\u015f\u0131tmak, ve \u00e7ok zordur yalanla kirlenmi\u015f beyinleri \u00e7avunmak<a href=\"#_ftn1\" name=\"_ftnref1\">[1]<\/a>\u2026<\/strong><\/p><p style=\"text-align: justify;\"><strong>Ger\u00e7eklerin unutuldu\u011fu, uydurma yalan ve yanl\u0131\u015flar\u0131n do\u011fru diye sunuldu\u011fu ortamlarda ger\u00e7ekleri savunmak, G\u00fcne\u015f\u2019i tutmaktan ve Arz\u2019\u0131n y\u0131ld\u0131zlarla bezeli Ar\u015f\u2019\u0131n\u0131 ta\u015f\u0131maktan daha zordur. Selam olsun Hak sevdas\u0131na ve Filistin davas\u0131na sahip \u00e7\u0131kanlara!..<\/strong><\/p><p style=\"text-align: justify;\"><strong>Ama \u00fcmitlerinizi canland\u0131r\u0131n, korkmay\u0131n ve haz\u0131rlan\u0131n!..<\/strong><\/p><p style=\"text-align: justify;\"><strong>S\u00f6necek yak\u0131nda, iki kolu Kud\u00fcs\u2019te, iki kolu Moskova\u2019da ve \u00fc\u00e7 kolu Washington\u2019da olan <\/strong><strong><em>\u2018Yedi Kollu \u015famdan\u2019<\/em><\/strong><strong>!..<\/strong><\/p><p style=\"text-align: justify;\"><strong><em>Tallit<a href=\"#_ftn2\" name=\"_ftnref2\">[2]<\/a>, Arbakanfot<a href=\"#_ftn3\" name=\"_ftnref3\">[3]<\/a><\/em><\/strong><strong> \u00f6rterek, <\/strong><strong><em>Yahve<a href=\"#_ftn4\" name=\"_ftnref4\">[4]<\/a><\/em><\/strong><strong>\u2019ye yalvarsan\u0131z da <\/strong><strong><em>Bama<a href=\"#_ftn5\" name=\"_ftnref5\">[5]<\/a><\/em><\/strong><strong>\u2019dan; gene de Yedi\u2019nin ikisi \u00f6nce s\u00f6necek <\/strong><strong><em>mizrahdan<a href=\"#_ftn6\" name=\"_ftnref6\">[6]<\/a><\/em><\/strong><strong>.<\/strong><\/p><p style=\"text-align: justify;\"><strong>Ey Siyonist caniler, emperyalist zalimler ve i\u015fbirlik\u00e7i hainler!..<\/strong><\/p><p style=\"text-align: justify;\"><strong>Filistin\u2019de n\u00fckleer silahl\u0131 birer <\/strong><strong><em>\u015eim\u015fon<a href=\"#_ftn7\" name=\"_ftnref7\">[7]<\/a><\/em><\/strong><strong> olsan\u0131z da, yak\u0131nda <\/strong><strong><em>paroketler<a href=\"#_ftn8\" name=\"_ftnref8\">[8]<\/a><\/em><\/strong><strong> y\u0131rt\u0131lacak, nasibiniz kesilecek <\/strong><strong><em>massottan<a href=\"#_ftn9\" name=\"_ftnref9\">[9]<\/a><\/em><\/strong><strong>.<\/strong><\/p><p style=\"text-align: justify;\"><strong>A\u011flayacak yar\u0131n arz\u0131n \u015feytanlar\u0131 korkudan, Milli \u00c7\u00f6z\u00fcm fikriyle ve Hamasl\u0131 yi\u011fitlerin fiiliyle; Kud\u00fcs fethedilip, zafer tekbirleri y\u00fckselirken Mescid-i AKSA\u2019dan.<\/strong><\/p><p style=\"text-align: justify;\"><strong>Evet, zalimlerin kanlar\u0131n\u0131n, kendi d\u00f6kt\u00fckleri kanlar \u00fczerine d\u00f6k\u00fclmesi ka\u00e7\u0131n\u0131lmazd\u0131r.<\/strong><\/p><p style=\"text-align: justify;\"><strong>\u00c7\u00fcnk\u00fc kan ile kurulan, yine kan ile y\u0131k\u0131lacakt\u0131r!..<\/strong><\/p>\t\t\t\t\t\t\t\t<\/div>\n\t\t\t\t<\/div>\n\t\t\t\t\t<\/div>\n\t\t<\/div>\n\t\t\t\t\t<\/div>\n\t\t<\/section>\n\t\t\t\t<section class=\"elementor-section elementor-top-section elementor-element elementor-element-4fac159a elementor-section-boxed elementor-section-height-default elementor-section-height-default\" data-id=\"4fac159a\" data-element_type=\"section\">\n\t\t\t\t\t\t<div class=\"elementor-container elementor-column-gap-default\">\n\t\t\t\t\t<div class=\"elementor-column elementor-col-100 elementor-top-column elementor-element elementor-element-55464a4c\" data-id=\"55464a4c\" data-element_type=\"column\">\n\t\t\t<div class=\"elementor-widget-wrap elementor-element-populated\">\n\t\t\t\t\t\t<div class=\"elementor-element elementor-element-50f69520 siyah-link elementor-widget elementor-widget-text-editor\" data-id=\"50f69520\" data-element_type=\"widget\" data-widget_type=\"text-editor.default\">\n\t\t\t\t<div class=\"elementor-widget-container\">\n\t\t\t\t\t\t\t\t\t<p style=\"text-align: justify;\"><a href=\"#_ftnref1\" name=\"_ftn1\">[1]<\/a> \u00c7av: Hayvan derisinden yap\u0131lan k\u0131rba\u00e7.<\/p><p style=\"text-align: justify;\"><a href=\"#_ftnref2\" name=\"_ftn2\">[2]<\/a> Tallit: Yahudilerin duada sard\u0131klar\u0131 ba\u015f\u00f6rt\u00fcs\u00fc.<\/p><p style=\"text-align: justify;\"><a href=\"#_ftnref3\" name=\"_ftn3\">[3]<\/a> Arbakanfot: Yahudilerin duada kulland\u0131klar\u0131 boyun atk\u0131s\u0131.<\/p><p style=\"text-align: justify;\"><a href=\"#_ftnref4\" name=\"_ftn4\">[4]<\/a> Yahve: Yahudilerin \u00e7arp\u0131tarak inand\u0131klar\u0131 ALLAH.<\/p><p style=\"text-align: justify;\"><a href=\"#_ftnref5\" name=\"_ftn5\">[5]<\/a> Bama: Yahudi sinagoglar\u0131ndaki kutsal orta seki.<\/p><p style=\"text-align: justify;\"><a href=\"#_ftnref6\" name=\"_ftn6\">[6]<\/a> Mizrah: Yahudi krallar\u0131n ve y\u00f6netici tabakan\u0131n oturduklar\u0131 \u00f6zel b\u00f6l\u00fcm.<\/p><p style=\"text-align: justify;\"><a href=\"#_ftnref7\" name=\"_ftn7\">[7]<\/a> \u015eim\u015fon: \u0130srailli bir efsane kahraman\u0131.<\/p><p style=\"text-align: justify;\"><a href=\"#_ftnref8\" name=\"_ftn8\">[8]<\/a> Paroket: Tevrat tomarlar\u0131n\u0131n sakland\u0131\u011f\u0131 dolap \u00f6rt\u00fcs\u00fc.<\/p><p style=\"text-align: justify;\"><a href=\"#_ftnref9\" name=\"_ftn9\">[9]<\/a> Massot: Yahudilerin kutsad\u0131\u011f\u0131 mayas\u0131z ekmek.<\/p>\t\t\t\t\t\t\t\t<\/div>\n\t\t\t\t<\/div>\n\t\t\t\t\t<\/div>\n\t\t<\/div>\n\t\t\t\t\t<\/div>\n\t\t<\/section>\n\t\t\t\t<\/div>\n\t\t","protected":false},"excerpt":{"rendered":"<p>Erbakan Hocam\u0131z\u0131n Mana \u00c2leminde SARSICI F\u0130L\u0130ST\u0130N UYARILARI Konya Han\u0131m Komisyonlar\u0131 Ba\u015fkan\u0131m\u0131z Fatma Bi\u015fkin karde\u015fimiz, olduk\u00e7a s\u0131rl\u0131 ve sars\u0131c\u0131 bir r\u00fcyas\u0131n\u0131 aktarm\u0131\u015ft\u0131. (13 May\u0131s 2024) R\u00fcyada; &#8220;Aziz Erbakan Hocam\u0131z, yo\u011fun bombard\u0131manlar sonras\u0131nda, Gazze ve Refah\u2019ta harabeye d\u00f6nm\u00fc\u015f b\u00fcy\u00fck\u00e7e bir caddede, enkaz halindeki bir binan\u0131n y\u0131k\u0131nt\u0131lar\u0131 yan\u0131ndayd\u0131&#8230; Son derece \u00fczg\u00fcn durumdayd\u0131 ve m\u00fcbarek g\u00f6zleri a\u011flamaktan k\u0131zarm\u0131\u015ft\u0131. Bir [&hellip;]<\/p>\n","protected":false},"author":111,"featured_media":0,"comment_status":"open","ping_status":"closed","sticky":false,"template":"","format":"standard","meta":{"footnotes":""},"categories":[6739],"tags":[],"class_list":["post-19351","post","type-post","status-publish","format-standard","hentry","category-haziran-2024"],"_links":{"self":[{"href":"https:\/\/www.millicozum.com\/mc\/wp-json\/wp\/v2\/posts\/19351","targetHints":{"allow":["GET"]}}],"collection":[{"href":"https:\/\/www.millicozum.com\/mc\/wp-json\/wp\/v2\/posts"}],"about":[{"href":"https:\/\/www.millicozum.com\/mc\/wp-json\/wp\/v2\/types\/post"}],"author":[{"embeddable":true,"href":"https:\/\/www.millicozum.com\/mc\/wp-json\/wp\/v2\/users\/111"}],"replies":[{"embeddable":true,"href":"https:\/\/www.millicozum.com\/mc\/wp-json\/wp\/v2\/comments?post=19351"}],"version-history":[{"count":0,"href":"https:\/\/www.millicozum.com\/mc\/wp-json\/wp\/v2\/posts\/19351\/revisions"}],"wp:attachment":[{"href":"https:\/\/www.millicozum.com\/mc\/wp-json\/wp\/v2\/media?parent=19351"}],"wp:term":[{"taxonomy":"category","embeddable":true,"href":"https:\/\/www.millicozum.com\/mc\/wp-json\/wp\/v2\/categories?post=19351"},{"taxonomy":"post_tag","embeddable":true,"href":"https:\/\/www.millicozum.com\/mc\/wp-json\/wp\/v2\/tags?post=19351"}],"curies":[{"name":"wp","href":"https:\/\/api.w.org\/{rel}","templated":true}]}}