{"id":1939,"date":"2010-11-20T23:05:45","date_gmt":"2010-11-20T23:05:45","guid":{"rendered":"https:\/\/www.millicozum.com\/mc\/2010\/11\/20\/fasit-adamlar\/"},"modified":"2010-11-20T23:05:45","modified_gmt":"2010-11-20T23:05:45","slug":"fasit-adamlar","status":"publish","type":"post","link":"https:\/\/www.millicozum.com\/mc\/2010\/aralik-2010\/fasit-adamlar\/","title":{"rendered":"FAS\u0130T ADAMLAR"},"content":{"rendered":"<p><span style=\"font-family: arial,helvetica,sans-serif; font-size: 14pt;\">   <\/span><\/p>\n<p><span style=\"font-family: arial,helvetica,sans-serif; font-size: 12pt;\">Kar\u0131lar\u0131 k\u00fcst\u00fcr, inat yar\u0131\u015f\u0131r<\/span><br \/><span style=\"font-family: arial,helvetica,sans-serif; font-size: 12pt;\">K\u0131skan\u00e7l\u0131k y\u00fcz\u00fcnden, hasit adamlar!..<\/span><br \/><span style=\"font-family: arial,helvetica,sans-serif; font-size: 12pt;\">Sa\u011fnakta a\u011flayan, g\u00fclen kar\u0131\u015f\u0131r<\/span><br \/><span style=\"font-family: arial,helvetica,sans-serif; font-size: 12pt;\">\u00dclke y\u00f6netiyor, basit adamlar!.<\/span><\/p>\n<p><span style=\"font-family: arial,helvetica,sans-serif; font-size: 12pt;\">Ne e\u015fe s\u00f6z ge\u00e7er, ne ordusuna<\/span><br \/><span style=\"font-family: arial,helvetica,sans-serif; font-size: 12pt;\">Hi\u00e7biri kat\u0131lmaz, resepsiyona<\/span><br \/><span style=\"font-family: arial,helvetica,sans-serif; font-size: 12pt;\">Buda m\u0131 ders olmaz, Recep-siyona<\/span><br \/><span style=\"font-family: arial,helvetica,sans-serif; font-size: 12pt;\">Bak hala \u015fen \u015fakrak, na\u015fit* adamlar!.<\/span><\/p>\n<p><span style=\"font-family: arial,helvetica,sans-serif; font-size: 12pt;\">Din sat\u0131p d\u00fcnyay\u0131, almak h\u00fcner mi?<\/span><br \/><span style=\"font-family: arial,helvetica,sans-serif; font-size: 12pt;\">Sadaka h\u0131rs\u0131z\u0131, Deniz Fener mi?<\/span><br \/><span style=\"font-family: arial,helvetica,sans-serif; font-size: 12pt;\">Hain d\u00f6neklerin, y\u00fcz\u00fc g\u00fcler mi?<\/span><br \/><span style=\"font-family: arial,helvetica,sans-serif; font-size: 12pt;\">Hep fesat \u00e7\u0131kar\u0131r, fasit adamlar!&#8230;<\/span><\/p>\n<p><span style=\"font-family: arial,helvetica,sans-serif; font-size: 12pt;\">BOP&#8217;un e\u015f k\u00e2hyas\u0131, copla d\u00f6\u011f\u00fclmez<\/span><br \/><span style=\"font-family: arial,helvetica,sans-serif; font-size: 12pt;\">Beddua yap\u0131\u015fm\u0131\u015f, gayr\u0131 d\u00f6k\u00fclmez<\/span><br \/><span style=\"font-family: arial,helvetica,sans-serif; font-size: 12pt;\">Zalime yamanm\u0131\u015f, asla s\u00f6k\u00fclmez<\/span><br \/><span style=\"font-family: arial,helvetica,sans-serif; font-size: 12pt;\">Coni duac\u0131s\u0131, fa\u015fist adamlar!&#8230;<\/span><\/p>\n<p><span style=\"font-family: arial,helvetica,sans-serif; font-size: 12pt;\">\u0130craat yapm\u0131yor, sade \u00e7enedir<\/span><br \/><span style=\"font-family: arial,helvetica,sans-serif; font-size: 12pt;\">T\u00fcrban\u0131 \u00e7\u00f6zm\u00fcyor, sekiz senedir<\/span><br \/><span style=\"font-family: arial,helvetica,sans-serif; font-size: 12pt;\">Patronlar s\u00f6m\u00fcr\u00fcr, sanki kenedir<\/span><br \/><span style=\"font-family: arial,helvetica,sans-serif; font-size: 12pt;\">Zul\u00fcmden zevk al\u0131r, sadist adamlar!<\/span><\/p>\n<p><span style=\"font-family: arial,helvetica,sans-serif; font-size: 12pt;\">Irak, Afganistan; Kerbela olmu\u015f<\/span><br \/><span style=\"font-family: arial,helvetica,sans-serif; font-size: 12pt;\">Mahremimiz g\u00e2vura, karyola olmu\u015f<\/span><br \/><span style=\"font-family: arial,helvetica,sans-serif; font-size: 12pt;\">PKK halk\u0131ma, g\u00f6r bela olmu\u015f<\/span><br \/><span style=\"font-family: arial,helvetica,sans-serif; font-size: 12pt;\">A\u00e7\u0131l\u0131m yap\u0131yor, Yezit adamlar!..<\/span><\/p>\n<p><span style=\"font-family: arial,helvetica,sans-serif; font-size: 12pt;\">T\u00fcrbana h\u0131rlayan, s\u00fct\u00fc bozuklar<\/span><br \/><span style=\"font-family: arial,helvetica,sans-serif; font-size: 12pt;\">Size f\u0131rsat sunar, yuhlar yaz\u0131klar<\/span><br \/><span style=\"font-family: arial,helvetica,sans-serif; font-size: 12pt;\">Yetti att\u0131\u011f\u0131n\u0131z, bunca kaz\u0131klar<\/span><br \/><span style=\"font-family: arial,helvetica,sans-serif; font-size: 12pt;\">Ey zemzem san\u0131lan, asit adamlar!..<\/span><\/p>\n<p><span style=\"font-family: arial,helvetica,sans-serif; font-size: 12pt;\">Rabb\u0131n intikam\u0131, yava\u015f yava\u015ft\u0131r<\/span><br \/><span style=\"font-family: arial,helvetica,sans-serif; font-size: 12pt;\">\u201cMelheme-i K\u00fcbra\u201d, B\u00fcy\u00fck Sava\u015ft\u0131r<\/span><br \/><span style=\"font-family: arial,helvetica,sans-serif; font-size: 12pt;\">Ey Siyonist \u015eeytan, bu ne tela\u015ft\u0131r<\/span><br \/><span style=\"font-family: arial,helvetica,sans-serif; font-size: 12pt;\">Bak geliyor Hakk&#8217;a, \u015fahit adamlar!<\/span><\/p>\n<p>* Na\u015fit: Sevin\u00e7li, ferah, umursamaz<\/p>\n","protected":false},"excerpt":{"rendered":"<p><span style=\"font-family: arial,helvetica,sans-serif; font-size: 14pt;\"> <\/p>\n","protected":false},"author":98,"featured_media":0,"comment_status":"open","ping_status":"closed","sticky":false,"template":"","format":"standard","meta":{"footnotes":""},"categories":[118],"tags":[],"class_list":["post-1939","post","type-post","status-publish","format-standard","hentry","category-aralik-2010"],"_links":{"self":[{"href":"https:\/\/www.millicozum.com\/mc\/wp-json\/wp\/v2\/posts\/1939","targetHints":{"allow":["GET"]}}],"collection":[{"href":"https:\/\/www.millicozum.com\/mc\/wp-json\/wp\/v2\/posts"}],"about":[{"href":"https:\/\/www.millicozum.com\/mc\/wp-json\/wp\/v2\/types\/post"}],"author":[{"embeddable":true,"href":"https:\/\/www.millicozum.com\/mc\/wp-json\/wp\/v2\/users\/98"}],"replies":[{"embeddable":true,"href":"https:\/\/www.millicozum.com\/mc\/wp-json\/wp\/v2\/comments?post=1939"}],"version-history":[{"count":0,"href":"https:\/\/www.millicozum.com\/mc\/wp-json\/wp\/v2\/posts\/1939\/revisions"}],"wp:attachment":[{"href":"https:\/\/www.millicozum.com\/mc\/wp-json\/wp\/v2\/media?parent=1939"}],"wp:term":[{"taxonomy":"category","embeddable":true,"href":"https:\/\/www.millicozum.com\/mc\/wp-json\/wp\/v2\/categories?post=1939"},{"taxonomy":"post_tag","embeddable":true,"href":"https:\/\/www.millicozum.com\/mc\/wp-json\/wp\/v2\/tags?post=1939"}],"curies":[{"name":"wp","href":"https:\/\/api.w.org\/{rel}","templated":true}]}}