{"id":197,"date":"2006-11-23T05:39:15","date_gmt":"2006-11-23T05:39:15","guid":{"rendered":"https:\/\/www.millicozum.com\/mc\/2006\/11\/23\/ana-saldiri-hazirli-3-dya-sava-mi-ve-akp-sont-masi-mi\/"},"modified":"2006-11-23T05:39:15","modified_gmt":"2006-11-23T05:39:15","slug":"irana-saldiri-hazirligi-3-dunya-savasi-mi-ve-akp-siyonist-masasi-mi","status":"publish","type":"post","link":"https:\/\/www.millicozum.com\/mc\/2006\/nisan-2006\/irana-saldiri-hazirligi-3-dunya-savasi-mi-ve-akp-siyonist-masasi-mi\/","title":{"rendered":"\u0130RAN!A SALDIRI HAZIRLI\u011eI; 3. D\u00dcNYA SAVA\u015eI MI? VE AKP  S\u0130YON\u0130ST MA\u015eASI MI?"},"content":{"rendered":"<p>\u00a0  <\/p>\n<p> <strong><em>&quot;Acaba Ortado\u011fu veya ayn\u0131 nedenle d\u00fcnya, n\u00fck\u00adleer \u0131rk\u00e7\u0131l\u0131\u011f\u0131 normal mi kabul etmeli, yani se\u00e7il\u00admi\u015f bir grup devletin n\u00fckleer silahlara sahip ol\u00adma hakk\u0131 bulunurken bu t\u00fcr bir silahlanma ara\u00ady\u0131\u015f\u0131ndaki di\u011fer \u00fclkelere asker\u00ee m\u00fcdahaleyi hak eden &quot;yaramaz devletler&quot; olarak m\u0131 muamele edilmelidir?&quot; diye soran Prof. Falk, \u015fu de\u011ferlendirmeyi yap\u0131yor:<\/em><\/strong>  <\/p>\n<p> <strong><em>&quot;\u00d6zellikle \u0130srail, geni\u015f \u00f6l\u00e7\u00fcde sahip oldu\u011fu n\u00fckle\u00ader silah tekeline dayal\u0131 b\u00f6lgesel hakimiyetini de\u00advam ettirmek i\u00e7in hi\u00e7bir b\u00f6lgesel g\u00fcc\u00fcn n\u00fckleer silaha sahip olmamas\u0131 konusunda kararl\u0131d\u0131r. \u0130srail a\u00e7\u0131\u00ads\u0131ndan hikayenin asl\u0131, dikkatleri ger\u00e7ek endi\u015felerden uzakla\u015ft\u0131rarak gelecekteki muhtemel bir savunma zaaf\u0131ndan sak\u0131nmak \u00fczerine kurgulan\u00adm\u0131\u015ft\u0131r. B\u00fct\u00fcn bunlardan sonra, \u0130ran \u00f6n\u00fcm\u00fczdeki birka\u00e7 y\u0131lda bir n\u00fckleer silah edinecek olsa bile, onun bu imkan\u0131 \u015f\u00fcphesiz \u0130srail&#39;in n\u00fckleer haki\u00admiyetini s\u00fcrd\u00fcrmek i\u00e7in ataca\u011f\u0131 ilave ad\u0131mlar\u0131n yan\u0131nda g\u00f6lgede kalacakt\u0131r.<\/em><\/strong>  <\/p>\n<p>  \u00a0  <\/p>\n<p> 8 \u015eubat 2006 Star 19:30 ana haberde; G\u00f6ky\u00fcz\u00fcnde g\u00f6r\u00fclen, asker ve sivil ilgilileri tela\u015fa sevk edip tenakuza ge\u00e7iren u\u00e7ak; 6 \u015eubatta,\u00a0 Ba\u011fdat&#39;tan izinsiz ve habersiz olarak \u0130stanbul&#39;a do\u011fru yola \u00e7\u0131kt\u0131.  <\/p>\n<p> K\u00fcrdistan Hava Yollar\u0131na ait oldu\u011fu s\u00f6ylenen u\u00e7ak T\u00fcrkiye&#39;yi ba\u015ftanba\u015fa ge\u00e7ip ta \u0130stanbul&#39;a ula\u015ft\u0131.  <\/p>\n<p> Normalde s\u0131n\u0131rdan \u00fclkemize ge\u00e7er ge\u00e7mez d\u00fc\u015fer d\u00fc\u015fmez hemen fark edilip alarm sisteminin devreye sokulmas\u0131 gerekli uyar\u0131y\u0131 yapt\u0131ktan sonra saham\u0131z\u0131 terk etmemesi halinde hemen F-16&#39;lar\u0131n u\u00e7up takibe almas\u0131 ve tacizde bulunmas\u0131 gerekirken sivil ve askeri yetkililer ni\u00e7in bu yola ba\u015fvurmad\u0131?  <\/p>\n<p> Yoksa K\u00fcrd\u00fcstan\u0131 resmen tan\u0131d\u0131\u011f\u0131m\u0131z\u0131 g\u00f6stermenin bir nab\u0131z yoklamas\u0131m\u0131yd\u0131?  <\/p>\n<p> Gen\u00e7leri H\u0131ristiyanla\u015ft\u0131rmak ve \u00fclkesine d\u00fc\u015fman yapmak i\u00e7in s\u00fcrekli verdi\u011fi ayl\u0131klar\u0131 kesti\u011fi i\u00e7in 16 ya\u015f\u0131ndaki bir \u00e7ocuk taraf\u0131ndan \u00f6ld\u00fcr\u00fclen \u0130talyan papaz\u0131na kar\u015f\u0131l\u0131k \u0130talya&#39;da bir k\u0131sm\u0131 Hacdan d\u00f6nen 12 T\u00fcrk&#39;\u00fcn \u015f\u00fcpheli \u00f6l\u00fcm\u00fc trafik kazas\u0131 s\u00fcs\u00fc verilmi\u015f bir intikam tuza\u011f\u0131m\u0131yd\u0131?  <\/p>\n<p> Otob\u00fcs\u00fcn frenlerinin \u00f6nceden bo\u015falt\u0131ld\u0131\u011f\u0131 gibi iddialar niye yasaklanm\u0131\u015ft\u0131?  <\/p>\n<p> Papaz cinayetine hemen Avrupan\u0131n &quot;Karikat\u00fcr rezaletine a\u015f\u0131r\u0131 tepki g\u00f6sterenlerin sebep oldu\u011fu bir \u00e7\u0131lg\u0131nl\u0131k&quot; yak\u0131\u015ft\u0131rmas\u0131 yap\u0131\u015ft\u0131ran \u0131l\u0131ml\u0131 \u0130slamc\u0131 entel eneyilerle, Bat\u0131 \u015fak\u015fakc\u0131s\u0131 s\u00f6zde solcu ve 2.cumhuriyetciler 12 vatanda\u015f\u0131m\u0131z\u0131n can verdi\u011fi bu feci ve \u015faibeli kaza&#39;y\u0131, niye hi\u00e7 g\u00fcndemlerine alm\u0131yorlard\u0131?  <\/p>\n<p> <strong>Papaz\u0131 vurduk Papaz\u0131 bulduk<\/strong>  <\/p>\n<p> <strong>Sabah&#39;tan Y\u0131lmaz \u00d6zdil, bizim g\u00fcndeme ta\u015f\u0131d\u0131\u011f\u0131m\u0131z &quot;misilleme&quot; ku\u015f\u00adkusunu, cesurca dile getiren tek yazar oldu,,. \u00d6zdil \u0130talyan meslekta\u015f\u0131na kaza\u00ady\u0131 sorunca ald\u0131\u011fa cevap \u015fu olmu\u015f:<\/strong>  <\/p>\n<p> <strong>&quot;Otomobil icat edildi\u011finden beri, Roma \u015fehir merkezinde b\u00f6yle bir kazan\u0131n \u00f6r\u00adne\u011fi yok,&quot;<\/strong>  <\/p>\n<p> Yer, Trabzon. Bir papaz \u00f6ld\u00fcr\u00fcld\u00fc&#8230; Papaz i\u00e7in Roma&#39;da cenaze t\u00f6reni yap\u0131lacak&#8230; \u0130talya&#39;n\u0131n en \u00f6nemli devlet adamlar\u0131, askerleri, polisleri ve sa\u00adnat\u00e7\u0131lar\u0131 i\u00e7in bu katedralde cenaze t\u00f6reni yap\u0131l\u0131yor. Yani bir anlamda, &quot;devlet kilisesi&#8230;&quot;  <\/p>\n<p> Yer Roma&#8230; \u015eehrin g\u00f6be\u011finde bir trafik kazas\u0131 olu\u00adyor. \u0130talyan papaz \u00d6ld\u00fcr\u00fcld\u00fckten 24 saat sonra&#8230; Turist otob\u00fcs\u00fcn\u00fcn freni bo\u015fal\u0131yor, u\u00e7uyor.  <\/p>\n<p> 12 T\u00fcrk \u00f6l\u00fcyor. \u00c7o\u011fu a\u011f\u0131r, 18 T\u00fcrk yaral\u0131.  <\/p>\n<p> Merak ettim&#8230; Marcello Ugolini&#39;ye sordurdum&#8230; Kendisi, 60 k\u00fcsur ya\u015f\u0131nda, \u0130talya&#39;n\u0131n en tecr\u00fcbeli ve en sayg\u0131n gazetecilerinden biridir. &quot;Roma \u015fehir merkezinde bug\u00fcne kadar b\u00f6yle bir kaza oldu mu?&quot;  <\/p>\n<p> Cevap \u015fu: &quot;Otomobil icat edildi\u011finden beri, Roma \u015fehir merkezinde b\u00f6yle bir kazan\u0131n \u00f6rne\u011fi yok. En son 1980&#39;de bir trafik kazas\u0131 olmu\u015f ve 3 ki\u015fi \u00f6lm\u00fc\u015f\u00adt\u00fc. 3 \u00f6l\u00fcml\u00fc bu kaza Roma \u015fehir merkezinin en \u00f6nemli trafik kazas\u0131yd\u0131. 12 \u00f6l\u00fcml\u00fc kaza, Roma tarihinin rekoru&#8230;&quot;  <\/p>\n<p> Allah Allah? Enteresan&#8230; Peki, kaza neden olmu\u015f? Ba\u015fka bir otomobil ile mi \u00e7arp\u0131\u015fm\u0131\u015f mesela? &quot;Ha\u00ady\u0131r&#8230;&quot; Peki nas\u0131l olmu\u015f? &quot;Mekanik ar\u0131za gibi g\u00f6r\u00fc\u00adn\u00fcyor. Ya freni bo\u015falm\u0131\u015f, ya da lasti\u011fi f\u0131rlam\u0131\u015f ye\u00adrinden&#8230; Yol kenar\u0131ndaki duvar\u0131, y\u0131k\u0131p. 15 metrelik bo\u015flu\u011fa u\u00e7mu\u015f&#8230;&quot;  <\/p>\n<p> \u0130ki millet. \u0130ki \u00fclke. \u0130ki din. Arada sadece 24 saat var. Coincidenza&#8230; Yani tesad\u00fcft\u00fcr, tesad\u00fcf&#8230; (\u00f6ylemi ?!)<a name=\"_ftnref1\" href=\"#_ftn1\" title=\"_ftnref1\">[1]<\/a>  <\/p>\n<p> AB yetkilisi agendijk lejyonu: Ordu i\u00e7inde, PKK m\u00fccadelesinin s\u00fcrmesinden \u00e7\u0131kar sa\u011flayan baz\u0131 pa\u015falar \u015eemdinli olaylar\u0131n\u0131 \u00e7\u0131karm\u0131\u015ft\u0131r. Bu iddialar\u0131ndan pi\u015fman de\u011filim, yine s\u00f6yl\u00fcyorum, s\u00f6yleyece\u011fim.  <\/p>\n<p> Benim bu demokrat tespitlerime CHP&#39;den ve baz\u0131 milliyet\u00e7i h\u00e2kimlerden c\u0131l\u0131z tepkiler ald\u0131m, ama AKP h\u00fck\u00fcmetinden, resmi de\u011filse de, samimi ve destekleyici mesajlar ald\u0131\u011f\u0131m\u0131 belirtmeliyim.&quot;diyordu.  <\/p>\n<p> Ama ayn\u0131 g\u00fcn ajanslar Hakkari&#39;de kar y\u00fcz\u00fcnden yollar\u0131 kapanan iki k\u00f6y\u00fcm\u00fczdeki acil do\u011fum hastas\u0131 kad\u0131nlar\u0131m\u0131z\u0131n imdad\u0131na askeri helikopterlerle kahraman Mehmet\u00e7i\u011fin yeti\u015fti\u011fini yaz\u0131yor ve Lagendijk gavurunu yalanlam\u0131\u015f oluyordu.  <\/p>\n<p> <strong>Suriye-\u0130ran: Bat\u0131ya kar\u015f\u0131 ortak cephe<\/strong>  <\/p>\n<p> Konu \u0130srail&#39;in g\u00fcvenli\u011fiyle alakal\u0131 olunca Bat\u0131&#39;daki iktidar s\u0131n\u0131flan, ortak cep&#39;he olu\u015fturmaya h\u0131z vermek i\u00e7in \u00e7eli\u015fkilerini unutuveriyorlar. Dolay\u0131s\u0131yla \u00fc\u00e7\u00fcnc\u00fc d\u00fcnya \u00fclkelerinden m\u00fcte\u015fekkil kar\u015f\u0131 bir cephenin olu\u015ftu\u00adrulmas\u0131 zaman\u0131 geldi de ge\u00e7iyor bile.  <\/p>\n<p> Suriye ve \u0130ran&#39;a y\u00f6nelik artan Bat\u0131 kampan\u00adyas\u0131n\u0131n arka plan\u0131nda \u015eam ve Tahran&#39;\u0131n arala\u00adr\u0131nda stratejik ortakl\u0131k kurma konusunu isti\u015fare ettiklerine dair haberler geldi. Haber umut vaat etse de Bat\u0131 cephesiyle m\u00fccadele i\u00e7in iki \u00fclkelik bu koalisyon yeterli de\u011fil.  <\/p>\n<p> Fakat bu iki \u00fclke ni\u00e7in geni\u015f ve kapsaml\u0131 bir &#39;\u00fc\u00e7\u00fcnc\u00fc d\u00fcnya \u00fclkeleri cephesi&#39; olu\u015fturmay\u0131 d\u00fc\u00ad\u015f\u00fcnm\u00fcyor? Belki de b\u00f6yle bir d\u00fc\u015f\u00fcncenin \u00f6ncelenmesi yani bu konuda faydal\u0131 bir ara\u015ft\u0131rman\u0131n yap\u0131lmas\u0131 en hay\u0131rl\u0131 ba\u015flang\u0131\u00e7 olabilir.  <\/p>\n<p> Asl\u0131nda \u00d6yle ger\u00e7ek bir faydal\u0131 ara\u015ft\u0131rmaya da gerek duymamakta konu. Zira \u00fc\u00e7\u00fcnc\u00fc d\u00fcnya \u00fclkelerinde Arap Birli\u011fi&#39;nden ba\u015flayarak Latin Amerika \u00dclkeleri \u00d6rg\u00fct\u00fc&#39;nden Afrika Birli\u011fi ve \u0130slan\u0131 Konferans\u0131 \u00d6rg\u00fct\u00fc&#39;ne kadar b\u00f6lgesel or\u00adganizeler ve te\u015fkilatlar\u0131n tamam\u0131, tam bir ba\u015far\u0131\u00ads\u0131zl\u0131kla son bulmu\u015f durumdalar.  <\/p>\n<p> Fakat bununla birlikte baz\u0131 organize ve \u00f6rg\u00fct\u00adlerin tarihinin yemden okunmas\u0131, dersler \u00e7\u0131kar\u00admaya g\u00f6t\u00fcrebilir. Zira ge\u00e7en y\u00fczy\u0131l\u0131n altm\u0131\u015flar\u0131n\u00adda Arap Birli\u011fi varl\u0131\u011f\u0131n\u0131 ispatlarken Afrika Birli\u011fi \u00d6rg\u00fct\u00fc o zaman\u0131n iki emperyalist g\u00fcc\u00fc \u0130ngiltere ve Fransa&#39;ya kar\u015f\u0131 radikal bir y\u00f6ntem izliyordu. Hatta Bat\u0131&#39;n\u0131n &#39;ba\u011flant\u0131s\u0131zlar hareketine&#39; kar\u015f\u0131 bile bir hesab\u0131 vard\u0131. Cemal Abd\u00fcnnas\u0131r ve Fidel Castro gibi bir vizyona ve iradeye sahip ulusal li\u00adderler zaman\u0131nda ya\u015fan\u0131yordu bunlar.  <\/p>\n<p> Fakat bu liderler gibi modellerin sahneden \u00e7ekilmesine ra\u011fmen \u00fc\u00e7\u00fcnc\u00fc d\u00fcnya \u00fclkelerinde \u015fartlar tamamen umutsuz de\u011fil. \u0130\u015fte tam bu nok\u00adtada pratik faydal\u0131 ara\u015ft\u0131rman\u0131n ka\u00e7\u0131n\u0131lmazl\u0131\u011f\u0131 kendini g\u00f6stermektedir. Bu ara\u015ft\u0131rma, b\u00f6lgesel organizelerin faal pozisyonlar\u0131n\u0131n yoklu\u011fu i\u00e7inde Bat\u0131 cephesinin her zay\u0131f \u00fclkeyi sert bi\u00e7imde izo\u00adle etti\u011fini g\u00f6z\u00fcm\u00fcz\u00fcn \u00f6n\u00fcne serecektir.  <\/p>\n<p> Fakat di\u011fer taraftan Bat\u0131&#39;ya isyan eden \u00fclke\u00adlerin say\u0131s\u0131n\u0131n, isyan\u0131n farkl\u0131 derecelerine g\u00f6re ve \u00e7e\u015fitli kar\u015f\u0131 koyu\u015flar \u015feklinde art\u0131\u015f i\u00e7inde ol\u00addu\u011funu g\u00f6rece\u011fiz.  <\/p>\n<p> Suriye, Arap-\u0130srail \u00e7eki\u015fme denkleminden kopar\u0131lmas\u0131n\u0131 hedefleyen siyasi bir ablukayla m\u00fccadele ediyor. \u0130ran, n\u00fckleer program\u0131n\u0131 he\u00addef alan siyasi bir sava\u015fla bo\u011fu\u015fuyor. Sudan, Arap kimli\u011fini hedef alan G\u00fcvenlik Konseyi arac\u0131l\u0131\u011f\u0131yla bir Amerikan k\u0131\u015fk\u0131rtmas\u0131yla kar\u015f\u0131 kar\u015f\u0131ya.  <\/p>\n<p> Buna Asya&#39;daki isyan durumlar\u0131n\u0131 k\u0131yas ede\u00adbilirsiniz: Hindistan, Bat\u0131 ile ili\u015fkilerindeki y\u00f6n\u00adteminin ba\u011f\u0131ms\u0131z olmas\u0131n\u0131 savunuyor. Afrika&#39;da Zimbabwe, topraklar\u0131n\u0131 G\u00fcney Afrika Cumhuri\u00adyeti destekli yerle\u015fimci beyazlardan almak isti\u00adyor. Latin Amerika&#39;da pazar ekonomisinden ve zararlar\u0131ndan kurtulmak i\u00e7in sosyalist sol uzant\u0131 b\u00fcy\u00fcyor. Uzant\u0131 K\u00fcba&#39;dan Venez\u00fcella&#39;ya ve Bo\u00adlivya&#39;ya ta\u015f\u0131nd\u0131. Son haberler \u015eili&#39;deki ba\u015fkanl\u0131k se\u00e7imlerini sosyalist e\u011filime sahip Michelle Bachelet&#39;in kazand\u0131\u011f\u0131 y\u00f6nde.  <\/p>\n<p> \u015eam ve Tahran&#39;\u0131n dikkate almas\u0131 gerekli soru \u015fu: Her \u00fclkeye y\u00f6nelik sert Bat\u0131 izolasyonuna son noktay\u0131 koymak amac\u0131yla Bat\u0131l\u0131 cepheye kar\u015f\u0131 birle\u015fik bir \u00fc\u00e7\u00fcnc\u00fc d\u00fcnya \u00fclkeleri cephesinin sa\u011flam n\u00fcvelerinin olu\u015fturulmas\u0131 i\u00e7in bu kadar isyanc\u0131 \u00fclke yetmez mi? Ger\u00e7ekten de bu konu faydal\u0131 bir ara\u015ft\u0131rmay\u0131 hak etmiyor mu?<a name=\"_ftnref2\" href=\"#_ftn2\" title=\"_ftnref2\">[2]<\/a>  <\/p>\n<p> <strong>ABD, \u0130srail, \u0130ran<\/strong>  <\/p>\n<p> Princeton \u00dcniversitesi \u00d6\u011fretim \u00dcyesi ve Ulus\u00adlararas\u0131 \u0130li\u015fkiler Uzman\u0131 <strong>Prof. Dr, Richard Falk&#39;\u0131, <\/strong>bu k\u00f6seyi izleyenler yak\u0131ndan tan\u0131yacak\u00adt\u0131r, \u00f6zellikle <em>&quot;D\u00fcnya d\u00fczeni nereye&quot; <\/em>isimli kita\u00adb\u0131yla dikkat \u00e7eken <strong>Falk&#39;\u0131n <\/strong>Bush y\u00f6netiminin sa\u00adhip oldu\u011fu zihniyete vurgu yapan \u015fu analizi \u00e7ar\u00adp\u0131c\u0131d\u0131r;  <\/p>\n<p> &quot;ABD, oyunun kurallar\u0131n\u0131 koymay\u0131 da i\u00e7erecek bir k\u00fcresel egemenlik hakk\u0131 talep etmekle kalm\u0131\u00adyor ayn\u0131 zamanda toplumsal refah aray\u0131\u015flar\u0131n\u0131n nihai yan\u0131t\u0131na sahip oldu\u011funu da iddia ediyor. Bu \u0130ddiada bulunurken, kendi evsiz yurtta\u015flar\u0131n\u0131, kalabal\u0131k ve giderek say\u0131s\u0131 artan hapishanelerini, kentlerindeki \u00e7\u00fcr\u00fcmeyi ve say\u0131s\u0131z sorununu unutmu\u015f g\u00f6r\u00fcn\u00fcyor. Bush&#39;un d\u00fcnya g\u00f6r\u00fcs\u00fc, di\u00ad\u011fer k\u00fcsurlar\u0131n\u0131n yara\u015f\u0131ra, farkl\u0131l\u0131\u011f\u0131n ve deneyim\u00adlerin ge\u00e7erlili\u011fini yok say\u0131yor. Ayr\u0131ca s\u0131ra ABD&#39;nin d\u00fcnyadaki rol\u00fc konusunda di\u011ferlerinin me\u015fru yak\u0131nmalar\u0131n\u0131 kabullenmeye geldi\u011finde, koyu, karanl\u0131k bir inkarc\u0131l\u0131\u011fa ba\u015fvuruyor. Ken\u00addinden hi\u00e7 ku\u015fu duymayan bu yakla\u015f\u0131m, ABD ta\u00adraf\u0131ndan te\u015fvik edilen postmodern tutumu k\u00f6k\u00adtenci jeopolitikan\u0131n tehlikeli bir bi\u00e7imi haline de getiriyor. Bu postmodern jeopolitika vizyonu, g\u00fc\u00e7\u00adl\u00fc bir protestan ahlak\u00e7\u0131l\u0131k dozuyla desteklendi\u00ad\u011finden yine tehlike sinyalleri veriyor&#8230;&quot;  <\/p>\n<p> <strong>Prof. Falk&#39;\u0131n <\/strong>\u00f6nceki g\u00fcn <em>Zaman Gazetesinde <\/em>ya\u00ady\u0131nlanan <strong>&quot;\u0130ran&#39;a sald\u0131r\u0131 medeniyetler sava\u015f\u0131\u00adna d\u00f6n\u00fc\u015febilir&quot; <\/strong>ba\u015fl\u0131kl\u0131 makalesi de \u00f6nemli tesbitler i\u00e7eriyordu.  <\/p>\n<p> Bush y\u00f6netiminin son aylarda \u0130ran&#39;a y\u00f6nelik bas\u00adk\u0131lar\u0131n\u0131 ele alan <strong>Faik, <\/strong>bu arada g\u00f6zlerden ka\u00e7an <strong>&quot;\u0130srail fakt\u00f6r\u00fcne&quot; <\/strong>vurgu yap\u0131yor. <strong>Faik, <\/strong>\u0130srail&#39;in <strong>&quot;\u0130ran tehdidi&quot; <\/strong>g\u00f6r\u00fcnt\u00fcs\u00fcyle asl\u0131nda artan fakir\u00adlik. \u0130\u015fsizlik ve gelir da\u011f\u0131l\u0131m\u0131ndaki b\u00fcy\u00fck u\u00e7uru\u00admu g\u00f6zlerden ka\u00e7\u0131rd\u0131\u011f\u0131na dikkat \u00e7ekiyor. Faik; . &quot;\u0130srail&#39;de martta yap\u0131lmas\u0131 planlanan ulusal se\u00ad\u00e7imler \u00f6ncesinde \u0130srail halk\u0131 g\u00fcvenlik konusuyla me\u015fgul edilerek, \u00fclke i\u00e7indeki s\u0131k\u0131nt\u0131lar\u0131n unutturulmas\u0131 ve g\u00fcvenlik-ile d\u0131\u015f politika konular\u0131n\u00addaki dayan\u0131kl\u0131l\u0131\u011f\u0131n\u0131 ispat etmi\u015f bir liderin se\u00e7tirilmesi ama\u00e7lanmaktad\u0131r&#8230;&quot; yorumunu yap\u0131yor.  <\/p>\n<p> <strong>&quot;\u0130ran tehdidi&quot;, <\/strong>\u0130srail i\u00e7in adeta bir cankurtaran g\u00f6revi g\u00f6r\u00fcyor. \u0130srail, \u0130ran tehdidi bahanesinin arkas\u0131na saklanarak, kendi halk\u0131n\u0131n temel ihti\u00adya\u00e7lar\u0131 i\u00e7in harcayaca\u011f\u0131 kaynaklar\u0131 silahlanmaya y\u00f6nlendiriyor. \u0130srail&#39;de giderek derinle\u015fen ekono\u00admik ve sosyal krizin \u00fczeri, <strong>&quot;\u00fcretilen d\u00fc\u015fman\u00adlarla&quot; <\/strong>\u00f6rt\u00fclmek isteniyor.  <\/p>\n<p> <strong>Prof. Dr. Richard Falk&#39;\u0131n <\/strong>ABD&#39;nin \u0130ran&#39;a y\u00f6ne\u00adlik operasyon haz\u0131rl\u0131\u011f\u0131 ile ilgili g\u00f6r\u00fc\u015fleri de olduk\u00ad\u00e7a dikkat \u00e7ekici: &quot;\u0130ran&#39;a kar\u015f\u0131 asker\u00ee harek\u00e2t ihtimali, bu noktada korkutucudur. Belirsizlikler b\u00fc\u00ady\u00fckt\u00fcr ve ger\u00e7ek bir medeniyetler sava\u015f\u0131na yol a\u00e7abilecek bir dizi reaksiyona sebep olabilecektir. Bunun da \u00f6tesinde, bu derece y\u00fcksek riskli bir m\u00fcdahaleyi me\u015fru k\u0131lacak derecede ciddi bir \u0130ran tehdidi de s\u00f6z konusu de\u011fildir. Bu durumda bir sald\u0131r\u0131 sava\u015f\u0131 ba\u015flatmak, zaten savunmas\u0131z olan Irak&#39;taki tek tarafl\u0131 istila ve i\u015fgalle ciddi anlamda tahribata u\u011fram\u0131\u015f olan Birle\u015fmi\u015f Milletler ile uluslararas\u0131 hukuku daha da zay\u0131flatacakt\u0131r&#8230;&quot;  <\/p>\n<p> Falk&#39;\u0131n <strong>&quot;medeniyetler sava\u015f\u0131&quot; <\/strong>vurgusu, \u0130ran&#39;\u0131n ne kadar kilit konumda bir \u00fclke oldu\u011funu da or\u00adtaya koyuyor. \u0130ran&#39;a y\u00f6nelik bir Amerikan m\u00fcda\u00adhalesinin sonu\u00e7lar\u0131n\u0131n tahmin edilenden kat be kat daha b\u00fcy\u00fck olaca\u011f\u0131 tahmin ediliyor.  <\/p>\n<p> Falk&#39;\u0131n \u00fczerinde durdu\u011fu bir di\u011fer konu da, ulus\u00adlararas\u0131 d\u00fczenin \u0130ran&#39;\u0131n n\u00fckleer faaliyetlerine b\u00f6ylesine kar\u015f\u0131 \u00e7\u0131karken, <strong>\u0130srail&#39;in n\u00fckleer si\u00adlahlar\u0131na <\/strong>hi\u00e7bir tepki g\u00f6stermemesi&#8230;  <\/p>\n<p> &quot;Acaba Ortado\u011fu veya ayn\u0131 nedenle d\u00fcnya, n\u00fck\u00adleer \u0131rk\u00e7\u0131l\u0131\u011f\u0131 normal mi kabul etmeli, yani se\u00e7il\u00admi\u015f bir grup devletin n\u00fckleer silahlara sahip ol\u00adma hakk\u0131 bulunurken bu t\u00fcr bir silahlanma ara\u00ady\u0131\u015f\u0131ndaki di\u011fer \u00fclkelere asker\u00ee m\u00fcdahaleyi hak eden &quot;yaramaz devletler&quot; olarak m\u0131 muamele edilmelidir?&quot; diye soran Prof. <strong>Falk, <\/strong>\u015fu de\u011ferlendirmeyi yap\u0131yor:  <\/p>\n<p> &quot;\u00d6zellikle \u0130srail, geni\u015f \u00f6l\u00e7\u00fcde sahip oldu\u011fu n\u00fckle\u00ader silah tekeline dayal\u0131 b\u00f6lgesel hakimiyetini de\u00advam ettirmek i\u00e7in hi\u00e7bir b\u00f6lgesel g\u00fcc\u00fcn n\u00fckleer silaha sahip olmamas\u0131 konusunda kararl\u0131d\u0131r. \u0130srail a\u00e7\u0131\u00ads\u0131ndan hikayenin asl\u0131, dikkatleri ger\u00e7ek endi\u015felerden uzakla\u015ft\u0131rarak gelecekteki muhtemel bir savunma zaaf\u0131ndan sak\u0131nmak \u00fczerine kurgulan\u00adm\u0131\u015ft\u0131r. B\u00fct\u00fcn bunlardan sonra, \u0130ran \u00f6n\u00fcm\u00fczdeki birka\u00e7 y\u0131lda bir n\u00fckleer silah edinecek olsa bile, onun bu imkan\u0131 \u015f\u00fcphesiz \u0130srail&#39;in n\u00fckleer haki\u00admiyetini s\u00fcrd\u00fcrmek i\u00e7in ataca\u011f\u0131 ilave ad\u0131mlar\u0131n yan\u0131nda g\u00f6lgede kalacakt\u0131r. Bu \u015fartlarda, \u0130ran tam olarak sindirilemese bile kesinlikle vazge\u00e7irilecektir, her \u015feye ra\u011fmen nihayette Tahran&#39;\u0131n vazge\u00e7meye karar verebilme sinin nedenlerinden biri olabilecek husus silahs\u0131zlanma se\u00e7ene\u011fidir. \u0130srail i\u00e7in daha can s\u0131k\u0131c\u0131 olan \u015fey, \u0130ran&#39;\u0131n \u0130srail&#39;i tehdit etmek i\u00e7in de\u011fil, \u0130srail&#39;in b\u00f6lgede sava\u015f \u00e7\u0131\u00adkarma se\u00e7ene\u011fini elinde tutmas\u0131n\u0131 sona erdirmek i\u00e7in birka\u00e7 n\u00fckleer sava\u015f ba\u015fl\u0131\u011f\u0131 edinmeye karar vermesi ihtimalidir.&quot;  <\/p>\n<p> <strong>Falk&#39;\u0131n <\/strong>bu de\u011ferlendirmeleri, ABD&#39;nin \u0130ran&#39;a y\u00f6\u00adnelik politikalar\u0131n\u0131n i\u00e7y\u00fcz\u00fcn\u00fcn anla\u015f\u0131lmas\u0131nda ve \u0130srail fakt\u00f6r\u00fcn\u00fcn oynad\u0131\u011f\u0131 rol\u00fcn bilinmesinde b\u00fc\u00ady\u00fck \u00f6nem ta\u015f\u0131yor.  <\/p>\n<p> <strong>Prof. Dr. Richard Falk&#39;m <\/strong>yorumlar\u0131na bak\u0131ld\u0131\u00ad\u011f\u0131nda hi\u00e7bir \u015feyin asl\u0131nda hi\u00e7 de g\u00f6r\u00fcnd\u00fc\u011f\u00fc gibi olmad\u0131\u011f\u0131 anla\u015f\u0131l\u0131yor. Ve \u0130ran&#39;a y\u00f6nelik <strong>Ameri\u00adkan\/\u0130srail askeri m\u00fcdahalesinin <\/strong>san\u0131ld\u0131\u011f\u0131 gibi kolay ger\u00e7ekle\u015femeyece\u011fi.&#39;, Allah korusun ger\u00e7ek\u00adle\u015fse bile, sonu\u00e7lar\u0131n\u0131n ernperyal zorbalar\u0131 b\u00fcy\u00fck hayal k\u0131r\u0131kl\u0131\u011f\u0131na u\u011frataca\u011f\u0131 g\u00f6r\u00fcl\u00fcyor.  <\/p>\n<p> ABD resmen T\u00fcrkiye&#39;den \u0130ran&#39;a bask\u0131 yapmas\u0131n\u0131 bekliyor  <\/p>\n<p> <strong>T\u00fcrkiye&#39;yi de oyunlar\u0131na alet etmek istiyorlar <\/strong> <\/p>\n<p> \u0130ran&#39;\u0131n her f\u0131rsatta &#8216;k\u00f6t\u00fc ama\u00e7la&#39; yap\u0131lmad\u0131\u011f\u0131n\u0131 s\u00f6yledi\u011fi uranyum zenginle\u015ftirme \u00e7al\u0131\u015fmalar\u0131, paranoyak Washington y\u00f6netimince &#8216;\u0130ran&#39;\u0131n tek ba\u015f\u0131na atom bombas\u0131 yapabilece\u011fi&#39; \u015feklinde yorumlan\u0131yor. \u0130\u015fgalci ABD, \u0130ran&#39;a kar\u015f\u0131 bask\u0131lar\u0131n\u0131 art\u0131rarak, \u015fimdi de kirli oyunlar\u0131na T\u00fcrkiye&#39;ye alet etmek istiyor.  <\/p>\n<p> ABD&#39;nin, silahlar\u0131n kontrol\u00fc ve uluslararas\u0131 g\u00fcvenlik i\u015flerinden sorumlu D\u0131\u015fi\u015fleri Bakan Yard\u0131mc\u0131s\u0131 Robert Joseph, Washington&#39;\u0131n T\u00fcrkiye&#39;den, \u0130ran&#39;\u0131n n\u00fckleer silah sahibi olmas\u0131n\u0131 kabul etmeyece\u011fi y\u00f6n\u00fcnde Tahran&#39;a mesaj iletmesini bekledi\u011fini s\u00f6yledi.  <\/p>\n<p> ABD D\u0131\u015fi\u015fleri Bakanl\u0131\u011f\u0131&#39;n\u0131n uluslararas\u0131 n\u00fckleer konulardaki en \u00fcst d\u00fczeyde yetkilisi olan Joseph, \u0130ran konusundaki son geli\u015fmeleri, Washington&#39;da Yabanc\u0131 Bas\u0131n Merkezi&#39;nde d\u00fczenledi\u011fi bas\u0131n toplant\u0131s\u0131nda de\u011ferlendirirken, \u0130ran&#39;\u0131n n\u00fckleer silah imal etme ve bunu kullanma yetene\u011fine sahip oldu\u011funu s\u00f6yledi.  <\/p>\n<p> <strong>T\u00fcrkiye&#39;den destek bekliyorlar!<\/strong>  <\/p>\n<p> Joseph, \u0130ran&#39;\u0131n Uluslararas\u0131 Atom Enerjisi Ajans\u0131 (UAEA) taraf\u0131ndan BM G\u00fcvenlik Konseyi&#39;ne sevk edilmesinin ard\u0131ndan Washington&#39;\u0131n Ankara&#39;dan ne bekledi\u011finin sorulmas\u0131 \u00fczerine, T\u00fcrkiye&#39;nin \u00e7ok \u00f6nemli bir rol oynad\u0131\u011f\u0131n\u0131 ve UAEA&#39;n\u0131n karar\u0131n\u0131 g\u00fc\u00e7lendirici y\u00f6nde Tahran&#39;a mesaj verebilece\u011fini s\u00f6yledi.  <\/p>\n<p> Bakan Yard\u0131mc\u0131s\u0131 Joseph, &#39;&#39;T\u00fcrkiye, uluslararas\u0131 toplulu\u011fun di\u011fer \u00fcyeleri gibi \u0130ran&#39;\u0131n n\u00fckleer silah elde etmesine tolerans g\u00f6stermeyece\u011fini ve bunun Basra K\u00f6rfezi b\u00f6lgesinin \u00f6tesi i\u00e7in de \u00e7ok tehlikeli ve istikrar bozucu oldu\u011funu Tahran&#39;a a\u00e7\u0131k \u015fekilde iletebilir&#39;&#39; dedi.  <\/p>\n<p> Joseph, &#39;&#39;\u0130ran&#39;\u0131n giderek geli\u015fen balistik f\u00fczeler yoluyla n\u00fckleer silahlar\u0131 kullanma imkan ve kabiliyeti de g\u00f6z \u00f6n\u00fcne al\u0131nd\u0131\u011f\u0131nda, T\u00fcrkiye&#39;nin bu durumu not etmesi ve uluslararas\u0131 toplulu\u011fun di\u011fer \u00fcyeleriyle birlikte davranmay\u0131 s\u00fcrd\u00fcrmesi gerekiyor&#39;&#39; diye konu\u015ftu.  <\/p>\n<p> Uluslararas\u0131 Atom Enerjisi Kurumu (UAEK), \u0130ran&#39;\u0131n n\u00fckleer dosyas\u0131n\u0131 ge\u00e7en cumartesi BM G\u00fcvenlik Konseyi&#39;ne havale etmeyi kararla\u015ft\u0131rm\u0131\u015ft\u0131.  <\/p>\n<p> <strong>Washington&#39;a g\u00f6re, \u0130ran tek ba\u015f\u0131na\u00a0atom bombas\u0131 yapabilirmi\u015f<\/strong>  <\/p>\n<p> Amerikan y\u00f6netimi, \u0130ran&#39;\u0131n tek ba\u015f\u0131na n\u00fckleer bomba yapabilece\u011fini d\u00fc\u015f\u00fcn\u00fcyor. D\u0131\u015fi\u015fleri Bakan Yard\u0131mc\u0131s\u0131 Robert Joseph, &#39;&#39;\u0130ran m\u00fcthi\u015f kaynaklara, m\u00fcthi\u015f mali kayna\u011fa, bilimadamlar\u0131na ve teknik kadroya sahip. \u0130ran tek ba\u015f\u0131na n\u00fckleer silahlar \u00fcretip bunlar\u0131 kullanabilme kapasitesine sahip&#39;&#39; dedi.  <\/p>\n<p> Bas\u0131n toplant\u0131s\u0131nda konu\u015fan Joseph, &#39;&#39;Uluslararas\u0131 topluluk, \u0130ran&#39;\u0131 n\u00fckleer silah \u00fcretmeye \u00e7al\u0131\u015fman\u0131n yararl\u0131 olmayaca\u011f\u0131na ikna etmek i\u00e7in gereken tedbirleri almal\u0131&#39;&#39; ifadesini kulland\u0131. Joseph, \u0130ran&#39;\u0131n ne zaman atom bombas\u0131 yapabilece\u011fine ili\u015fkin bir \u015fey s\u00f6ylemedi.  <\/p>\n<p> <strong>Rusya: &quot;\u0130ran&#39;la g\u00f6r\u00fc\u015fmelerimiz t\u00fcm alanlar\u0131 kapsayacak&quot;<\/strong>  <\/p>\n<p> \u00d6te yandan, Rusya, \u0130ran ile 16 \u015eubat&#39;ta Moskova&#39;da yap\u0131lacak g\u00f6r\u00fc\u015fmelerin, iki \u00fclke aras\u0131ndaki ili\u015fkilerin t\u00fcm alanlar\u0131n\u0131 kapsayaca\u011f\u0131n\u0131 bildirdi. D\u0131\u015fi\u015fleri Bakan Yard\u0131mc\u0131s\u0131 Sergey Kislyak, \u0130ran ile 16 \u015eubat&#39;taki g\u00f6r\u00fc\u015fmelerinin yaln\u0131zca Moskova&#39;n\u0131n \u0130ran uranyumunun Rus topraklar\u0131nda zenginle\u015ftirilmesi teklifini de\u011fil, iki \u00fclke aras\u0131ndaki ili\u015fkileri ilgilendiren t\u00fcm alanlar\u0131 kapsayaca\u011f\u0131n\u0131 s\u00f6yledi.  <\/p>\n<p> Kislyak, Rusya&#39;n\u0131n uranyumun ortak zenginle\u015ftirilmesi teklifinin, \u0130ran&#39;\u0131n n\u00fckleer program\u0131yla ilgili t\u00fcm endi\u015feleri gidermeyi ama\u00e7lad\u0131\u011f\u0131n\u0131 belirtti.  <\/p>\n<p> <strong>Rusya da \u0130ran&#39;\u0131n i\u015fbirli\u011fi \u00e7a\u011fr\u0131s\u0131na uymas\u0131n\u0131 istedi<\/strong>  <\/p>\n<p> D\u0131\u015fi\u015fleri Bakan Yard\u0131mc\u0131s\u0131 Sergey Kislyak, yapt\u0131\u011f\u0131 a\u00e7\u0131klamada, bu \u00fclkeye uranyum zenginle\u015ftirme alan\u0131nda ortakl\u0131k \u00f6nerdiklerini an\u0131msatarak, &#39;&#39;Ancak \u0130ran, \u00f6ncelikle Uluslararas\u0131 Atom Enerjisi Kurumu&#39;nun (UAEK) i\u015fbirli\u011fi \u00e7a\u011fr\u0131s\u0131na uymal\u0131d\u0131r&#39;&#39; demi\u015fti. Zenginle\u015ftirilmi\u015f uranyum, n\u00fckleer enerji reakt\u00f6rlerinin yan\u0131 s\u0131ra n\u00fckleer sava\u015f ba\u015fl\u0131\u011f\u0131n\u0131n yap\u0131m\u0131nda kullan\u0131labiliyor.  <\/p>\n<p> UAEK&#39;n\u0131n \u0130ran konusunu BM G\u00fcvenlik Konseyi&#39;ne havale etmesinin ard\u0131ndan Tahran y\u00f6netimi, uranyum zenginle\u015ftirme \u00e7al\u0131\u015fmalar\u0131na yeniden ba\u015flayaca\u011f\u0131n\u0131 a\u00e7\u0131klam\u0131\u015ft\u0131.  <\/p>\n<p> <strong>\u0130ran T\u00fcrkiye \u0130\u00e7in Tehdit mi?<\/strong>  <\/p>\n<p> ABD gibi, d\u00fcnyan\u0131n en b\u00fcy\u00fck askeri g\u00fcc\u00fcn\u00fcn sald\u0131rmaya haz\u0131rland\u0131\u011f\u0131 bir \u00fclke, do\u011fal olarak yeni d\u00fc\u015fmanlar yaratmak i\u00e7in \u00e7al\u0131\u015fmayacak, tam tersine dostlar kazanmak i\u00e7in \u00e7aba g\u00f6sterecektir. Iran, bu durumdad\u0131r. Kald\u0131 ki T\u00fcrkiye, Iran a\u00e7\u0131s\u0131ndan dostlu\u011fu kazan\u0131lacak bir \u00fclke de\u011fil, 367 y\u0131ld\u0131r zaten dost olan bir \u00fclkedir.  <\/p>\n<p> \u0130ran&#39;\u0131n n\u00fckleer silah edinmesi bizi rahats\u0131z eder.&quot;  <\/p>\n<p> Bu s\u00f6zler, Milli G\u00fcvenlik Ku\u00adrulu Genel Sekreteri Yi\u011fit Alpogan&#39;a ait. Alpogan, hi\u00e7 \u015f\u00fcphe yok, AKP H\u00fck\u00fcmet\u0130&#39;nin g\u00f6r\u00fc\u015fle\u00adrini dile getirmektedir. CIA Ba\u015f\u00adkan\u0131 Porter Goss&#39;un T\u00fcrkiye zi\u00adyareti s\u0131ras\u0131nda Tayyip Erdo\u011fan&#39;\u0131n &quot;\u0130ran konusunda sizinle ayn\u0131 d\u00fc\u015f\u00fcn\u00fcyoruz. Ancak bir s\u00fc\u00adre verelim&quot;<a name=\"_ftnref3\" href=\"#_ftn3\" title=\"_ftnref3\">[3]<\/a> dedi\u011fini yazd\u0131lar.  <\/p>\n<p> Tayyip Erdo\u011fan y\u00f6netiminin Iran konusunda ABD ile ayn\u0131 g\u00f6\u00adr\u00fc\u015fte oldu\u011funu, bu \u00fclkenin An\u00adkara B\u00fcy\u00fckel\u00e7isi TBMM&#39;de ken\u00addisi i\u00e7in verilen bir yemekte, &quot;\u0130ran ve Suriye konusunda T\u00fcr\u00adkiye ile tamamen ayn\u0131 \u015fekilde d\u00fc\u00ad\u015f\u00fcn\u00fcyoruz&quot; diyerek a\u00e7\u0131klad\u0131.  <\/p>\n<p> Iran T\u00fcrkiye i\u00e7in tehdit mi ger\u00e7ekten?  <\/p>\n<p> <strong>Cumhuriyet Gazetesinin Ba\u015fl\u0131klar\u0131<\/strong>  <\/p>\n<p> \u0130ran&#39;\u0131n T\u00fcrkiye i\u00e7in bir tehdit oldu\u011fu konusunda Amerika ve AKP H\u00fck\u00fcmeti yaln\u0131z de\u011fil.  <\/p>\n<p> Cumhuriyet gazetesi; Musta\u00adfa Balbay&#39;\u0131n kaleminden 23 Ocak g\u00fcn\u00fc &quot;\u0130ran&#39;\u0131n n\u00fckleer yol\u00adculu\u011fu&quot; ba\u015fl\u0131kl\u0131 bir yaz\u0131 dizisi ba\u015flatt\u0131. Fazla s\u00f6ze gerek yok. Yaz\u0131 dizisinin sadece ba\u015fl\u0131klar\u0131na bakal\u0131m:  <\/p>\n<p> &quot;Molla \u015fah&#39;\u0131n izinde&quot;  <\/p>\n<p> &quot;\u0130ran ger\u00e7ekleri gizledi&quot;  <\/p>\n<p> &quot;\u0130ran&#39;\u0131n N\u00fckleer g\u00fcc\u00fc san\u0131la\u00adn\u0131n \u00e7ok \u00fczerinde&quot;  <\/p>\n<p> &quot;Tahran&#39;da yeralt\u0131 l\u00e2boratuarlar\u0131.&quot;  <\/p>\n<p> &quot;\u0130ran, Atom bombas\u0131n\u0131n e\u015fi\u00ad\u011finde&quot;  <\/p>\n<p> &quot;T\u00fcrkiye \u0130ran f\u00fczelerinin menzilinde&quot;  <\/p>\n<p> B\u00fct\u00fcn bu ba\u015fl\u0131klar, \u0130ran&#39;\u0131n ya\u00adn\u0131nda de\u011fil, kar\u015f\u0131s\u0131nda konu\u015flan\u00adm\u0131\u015f bir bak\u0131\u015f a\u00e7\u0131s\u0131n\u0131n eseri. Oku\u00adyucuya, bir felaketin ad\u0131m ad\u0131m T\u00fcrkiye&#39;ye yakla\u015ft\u0131\u011f\u0131 mesaj\u0131 veri\u00adliyor.  <\/p>\n<p> Balbay dostumuzun, yaz\u0131 di\u00adzisinin mesaj\u0131 \u00fczerinde d\u00fc\u015f\u00fcnme\u00adsi gerekiyor.  <\/p>\n<p> <strong>D\u00f6rt As\u0131rl\u0131k Bar\u0131\u015f<\/strong>  <\/p>\n<p> Ba\u011f\u0131ms\u0131zl\u0131k\u00e7\u0131 duru\u015fu ile \u0130ran, ABD&#39;nin B\u00fcy\u00fck Ortado\u011fu Projesi&#39;nin \u00f6n\u00fcnde \u00f6nemli bir engel durumunda. Ve bundan dolay\u0131 bu \u00fclkenin; askeri, ekonomik ve psikolojik sava\u015f\u0131n\u0131n hedefi haline gelmi\u015f bulunuyor.  <\/p>\n<p> ABD gibi d\u00fcnyan\u0131n en b\u00fcy\u00fck askeri g\u00fcc\u00fcn\u00fcn sald\u0131rmaya haz\u0131rland\u0131\u011f\u0131 bir \u00fclke, do\u011fal olarak yeni d\u00fc\u015fmanlar yaratmak i\u00e7in \u00e7al\u0131\u015fmayacak, tam ter\u00adsine dostlar kazanmak i\u00e7in \u00e7aba g\u00f6sterecektir. \u0130ran da, bunu yap\u00admaktad\u0131r. Kald\u0131 ki T\u00fcrkiye, \u0130ran a\u00e7\u0131s\u0131ndan dostlu\u011fu kazan\u0131lacak bir \u00fclke de\u011fil, 367 y\u0131ld\u0131r zaten dost oldu\u011fu bir \u00fclkedir.  <\/p>\n<p> Evet, 1639 Kasr\u0131 \u015eirin Antla\u015f\u00admas\u0131ndan bu yana tam 367 y\u0131l ge\u00e7ti. Yani neredeyse tam d\u00f6rt as\u0131rd\u0131r, T\u00fcrkiye ile \u0130ran aras\u0131nda hi\u00e7bir ciddi sorun s\u00f6z konusu ol\u00admad\u0131.  <\/p>\n<p> Onun i\u00e7in \u0130ran&#39;\u0131n elinde n\u00fck\u00adleer silah olsa bile, bunun T\u00fcrki\u00adye i\u00e7in bir tehdit olmas\u0131 s\u00f6z ko\u00adnusu olamaz.  <\/p>\n<p> \u0130ran tehdidinden bahsedenler, T\u00fcrkiye penceresinden de\u011fil, Amerika penceresinden Ortado\u00ad\u011fu&#39;ya bakanlard\u0131r.  <\/p>\n<p> <strong>B\u00f6lge Bar\u0131\u015f\u0131n\u0131n G\u00fcvencesi<\/strong>  <\/p>\n<p> Tam tersini s\u00f6ylemek kesin\u00adlikle daha do\u011frudur, \u0130ran&#39;\u0131n elin\u00adde n\u00fckleer silah olmas\u0131 b\u00f6lge ba\u00adr\u0131\u015f\u0131 i\u00e7in tehdit de\u011fil g\u00fcvence ola\u00adcakt\u0131r. Irak&#39;ta i\u00e7ine d\u00fc\u015ft\u00fc\u011f\u00fc \u00e7\u0131k\u00admazdan sonra ABD&#39;nin, \u0130ran&#39;a y\u00f6nelik bir kara harekat\u0131na giri\u015fmesi pek m\u00fcmk\u00fcn g\u00f6r\u00fcnm\u00fcyor. Ama hava sald\u0131r\u0131lar\u0131 veya \u00e7e\u015fitli provokasyonlar\u0131n sonucunda, \u00e7\u0131\u00adkabilecek bir sava\u015f \u0130htimalini ke\u00adsin olarak \u00f6nleyecek olan, \u0130ran&#39;\u0131n elinde n\u00fckleer silah olma\u00ads\u0131d\u0131r.  <\/p>\n<p> Kore Demokratik Halk Cumhuriyeti&#39;nin elinde n\u00fckleer silah var. Kore \u00fcstelik \u00fclkesine y\u00f6ne\u00adlik bir emperyalist sald\u0131r\u0131 duru\u00admunda n\u00fckleer silah kullanaca\u011f\u0131\u00adn\u0131 da<em>. <\/em>\u0130lan etti.  <\/p>\n<p> Ve Amerika ba\u015fta olmak \u00fcze\u00adre hi\u00e7bir emperyalist, Kore De\u00admokratik Halk Cumhuriyeti&#39;ne sald\u0131rmay\u0131 akl\u0131ndan ge\u00e7irmiyor.  <\/p>\n<p> Kom\u015fumuz \u0130ran&#39;la ilgili ola\u00adrak son zamanlarda ya\u015fanan ge\u00adli\u015fmeler, bir \u00fclkenin n\u00fckleer tek\u00adnolojiye sahip olmas\u0131n\u0131n ne kadar \u00f6nemli oldu\u011funu g\u00f6stermi\u015ftir.  <\/p>\n<p> <strong>Emperyalist \u00c7\u0131kar<\/strong>  <\/p>\n<p> \u0130ran Aral\u0131k 2003 tarihinde, Suriye, M\u0131s\u0131r ve \u00dcrd\u00fcn ile birlik\u00adte Birle\u015fmi\u015f Milletler G\u00fcvenlik Konseyi&#39;ne,\u00a0 t\u00fcm Ortado\u011fu&#39;nun n\u00fckleer silahlardan ar\u0131nd\u0131r\u0131lmas\u0131 y\u00f6n\u00fcnde bir karar tasar\u0131s\u0131 verdi Tasar\u0131, ABD taraf\u0131ndan reddedildi  <\/p>\n<p> \u00c7\u00fcnk\u00fc b\u00f6lgede n\u00fckleer silah sahibi olan ABD&#39;nin sad\u0131k m\u00fcttefi\u00adki \u0130srail&#39;dir. Ayr\u0131ca b\u00f6lgedeki ABD filolar\u0131nda ve \u00fcslerinde, n\u00fckleer si\u00adlah bulundu\u011fu bilinmektedir.  <\/p>\n<p> K\u0131sacas\u0131 ABD, n\u00fckleer silah te\u00adkelinin hi\u00e7bir \u015fekilde bozulmas\u0131n\u0131 istememektedir. D\u00fcnya \u00e7ap\u0131nda askeri g\u00fcc\u00fcne ve n\u00fckleer \u00fcst\u00fcnl\u00fc\u00ad\u011f\u00fcne dayanarak s\u00fcrd\u00fcrd\u00fc\u011f\u00fc zor\u00adbal\u0131k ve s\u00f6m\u00fcr\u00fcn\u00fcn, ancak bu te\u00adkelin devam\u0131na ba\u011fl\u0131 oldu\u011funu bil\u00admektedir.  <\/p>\n<p> <strong>Ger\u00e7ek Tehdit<\/strong>  <\/p>\n<p> T\u00fcrkiye&#39;ye y\u00f6nelik tehdidin nereden kaynakland\u0131\u011f\u0131m sapta\u00admak i\u00e7in nereye bakaca\u011f\u0131z? ABD&#39;nin psikolojik sava\u015f maki\u00adnesinin yalan bombard\u0131man\u0131na m\u0131 itibar edece\u011fiz?  <\/p>\n<p> Yoksa olgular\u0131 m\u0131 dikkate ala\u00adca\u011f\u0131z.  <\/p>\n<p> Elbette \u00f6nemli olan olgular\u00add\u0131r.  <\/p>\n<p> &quot;Millenium Challenge&quot; tatbi\u00adkatlar\u0131 ile T\u00fcrkiye&#39;yi i\u015fgal prova\u00ads\u0131n\u0131, ABD yapt\u0131.  <\/p>\n<p> Daha iki y\u0131l \u00f6nce S\u00fcieymani-ye&#39;de, T\u00fcrk askerinin ba\u015f\u0131na \u00e7u\u00adval ge\u00e7ireni hat\u0131rlay\u0131n!  <\/p>\n<p> T\u00fcrkiye&#39;yi hedef alan ayr\u0131l\u0131k\u00e7\u0131 \u015fiddeti; koruyan, kollayan ve y\u00f6nlendirenin kim oldu\u011fu konu\u00adsunda bir \u015f\u00fcphe var m\u0131?  <\/p>\n<p> Kerk\u00fck ve Musul&#39;u, Irak&#39;\u0131n kuzeyinde kurdu\u011fu kukla devlete dahil ederek yan\u0131ba\u015f\u0131m\u0131zda T\u00fcrkiye&#39;nin toprak b\u00fct\u00fcnl\u00fc\u011f\u00fcn\u00fc l tehdit eden bir olu\u015fumu bug\u00fcn, art\u0131k hayata ge\u00e7irmi\u015f olan da \u00a0&quot;b\u00fcy\u00fck m\u00fcttefikimiz.&quot;  <\/p>\n<p> 17 Bat\u0131l\u0131 \u00fclkenin parlamentosunda kabul edilen s\u00f6zde Ermeni soyk\u0131r\u0131m\u0131 karar\u0131n\u0131n as\u0131l sahibinin kim oldu\u011funu da biliyoruz.  <\/p>\n<p> Condolezza Rice&#39;\u0131n &quot;s\u0131n\u0131rlar\u0131 de\u011fi\u015fecek&quot; dedi\u011fi 22 \u00fclkeden birisi de bizim \u00fclkemiz.  <\/p>\n<p> Alt\u0131 olgu sayd\u0131k. 16 olgu daha sayabiliriz.\u00a0\u00a0 Hepsinin arkas\u0131nda ABD var.  <\/p>\n<p> Bu durumda bile ABD&#39;nin i\u015fa\u00adret parma\u011f\u0131na bakarak dost ve karde\u015f \u0130ran&#39;\u0131 tehdit olarak g\u00f6sterenler, sadece ve sadece, T\u00fcrkiye&#39;ye kars\u0131 su\u00e7 i\u015flemektedirler.  <\/p>\n<p> <\/p>\n<hr \/>\n<p> <a name=\"_ftn1\" href=\"#_ftnref1\" title=\"_ftn1\">[1]<\/a> Y\u0131lmaz \u00d6zdil \/ Sabah \/ 08.02.2006  <\/p>\n<p> <a name=\"_ftn2\" href=\"#_ftnref2\" title=\"_ftn2\">[2]<\/a> Katar&#39;da yay\u0131mlanan El Vatan gazetesi \/ 20 Ocak 2006  <\/p>\n<p> <a name=\"_ftn3\" href=\"#_ftnref3\" title=\"_ftn3\">[3]<\/a> Cumhuriyet \/ 05.01.2006  <\/p>\n","protected":false},"excerpt":{"rendered":"<p>\u00a0  <\/p>\n<p> <strong><em>&quot;Acaba Ortado\u011fu veya ayn\u0131 nedenle d\u00fcnya, n\u00fck\u00adleer \u0131rk\u00e7\u0131l\u0131\u011f\u0131 normal mi kabul etmeli, yani se\u00e7il\u00admi\u015f bir grup devletin n\u00fckleer silahlara sahip ol\u00adma hakk\u0131 bulunurken bu t\u00fcr bir silahlanma ara\u00ady\u0131\u015f\u0131ndaki di\u011fer \u00fclkelere asker\u00ee m\u00fcdahaleyi hak eden &quot;yaramaz devletler&quot; olarak m\u0131 muamele edilmelidir?&quot; diye soran Prof. Falk, \u015fu de\u011ferlendirmeyi yap\u0131yor:<\/em><\/strong>  <\/p>\n<p> <strong><em>&quot;\u00d6zellikle \u0130srail, geni\u015f \u00f6l\u00e7\u00fcde sahip oldu\u011fu n\u00fckle\u00ader silah tekeline dayal\u0131 b\u00f6lgesel hakimiyetini de\u00advam ettirmek i\u00e7in hi\u00e7bir b\u00f6lgesel g\u00fcc\u00fcn n\u00fckleer silaha sahip olmamas\u0131 konusunda kararl\u0131d\u0131r. \u0130srail a\u00e7\u0131\u00ads\u0131ndan hikayenin asl\u0131, dikkatleri ger\u00e7ek endi\u015felerden uzakla\u015ft\u0131rarak gelecekteki muhtemel bir savunma zaaf\u0131ndan sak\u0131nmak \u00fczerine kurgulan\u00adm\u0131\u015ft\u0131r. B\u00fct\u00fcn bunlardan sonra, \u0130ran \u00f6n\u00fcm\u00fczdeki birka\u00e7 y\u0131lda bir n\u00fckleer silah edinecek olsa bile, onun bu imkan\u0131 \u015f\u00fcphesiz \u0130srail&#39;in n\u00fckleer haki\u00admiyetini s\u00fcrd\u00fcrmek i\u00e7in ataca\u011f\u0131 ilave ad\u0131mlar\u0131n yan\u0131nda g\u00f6lgede kalacakt\u0131r.<\/em><\/strong>  <\/p>\n","protected":false},"author":3,"featured_media":0,"comment_status":"open","ping_status":"closed","sticky":false,"template":"","format":"standard","meta":{"footnotes":""},"categories":[36],"tags":[],"class_list":["post-197","post","type-post","status-publish","format-standard","hentry","category-nisan-2006"],"_links":{"self":[{"href":"https:\/\/www.millicozum.com\/mc\/wp-json\/wp\/v2\/posts\/197","targetHints":{"allow":["GET"]}}],"collection":[{"href":"https:\/\/www.millicozum.com\/mc\/wp-json\/wp\/v2\/posts"}],"about":[{"href":"https:\/\/www.millicozum.com\/mc\/wp-json\/wp\/v2\/types\/post"}],"author":[{"embeddable":true,"href":"https:\/\/www.millicozum.com\/mc\/wp-json\/wp\/v2\/users\/3"}],"replies":[{"embeddable":true,"href":"https:\/\/www.millicozum.com\/mc\/wp-json\/wp\/v2\/comments?post=197"}],"version-history":[{"count":0,"href":"https:\/\/www.millicozum.com\/mc\/wp-json\/wp\/v2\/posts\/197\/revisions"}],"wp:attachment":[{"href":"https:\/\/www.millicozum.com\/mc\/wp-json\/wp\/v2\/media?parent=197"}],"wp:term":[{"taxonomy":"category","embeddable":true,"href":"https:\/\/www.millicozum.com\/mc\/wp-json\/wp\/v2\/categories?post=197"},{"taxonomy":"post_tag","embeddable":true,"href":"https:\/\/www.millicozum.com\/mc\/wp-json\/wp\/v2\/tags?post=197"}],"curies":[{"name":"wp","href":"https:\/\/api.w.org\/{rel}","templated":true}]}}