{"id":198,"date":"2006-11-23T05:40:10","date_gmt":"2006-11-23T05:40:10","guid":{"rendered":"https:\/\/www.millicozum.com\/mc\/2006\/11\/23\/karat-ktahli-ve-akpn-tarsizli\/"},"modified":"2006-11-23T05:40:10","modified_gmt":"2006-11-23T05:40:10","slug":"karikatur-kustahligi-ve-akpnin-iktidarsizligi","status":"publish","type":"post","link":"https:\/\/www.millicozum.com\/mc\/2006\/nisan-2006\/karikatur-kustahligi-ve-akpnin-iktidarsizligi\/","title":{"rendered":"KAR\u0130KAT\u00dcR K\u00dcSTAHLI\u011eI VE AKP&#8217;N\u0130N \u0130KT\u0130DARSIZLI\u011eI"},"content":{"rendered":"<p>\u00a0  <\/p>\n<p> <strong><em>&quot;D\u00e2r\u00fclaceze&#39;nin bah\u00e7esine, Abd\u00fclhamit Han taraf\u0131ndan yapt\u0131r\u0131lm\u0131\u015f kilise ve havra onlara cesaret vermek i\u00e7in de\u011fil ibadet etmeleri i\u00e7indi&quot; dedi\u011fimiz vakit zorunuza gitmi\u015fti.\u00a0 Abd\u00fclhamit Han b\u00f6yle bir durumda ne yapard\u0131 \u00f6yleyse? B\u00f6yle durumlar onu da \u00e7ok taciz etmi\u015fti. \u0130ngiltere&#39;de Peygamber Efendimizi hedef alan bir\u00e7ok piyes oynat\u0131lmaya ba\u015flad\u0131\u011f\u0131nda, \u0130ngilizlere haber yollayarak b\u00fct\u00fcn \u0130sl\u00e2m \u00e2lemini harekete ge\u00e7irece\u011fini s\u00f6yleyen de Abd\u00fclhamit&#39;tir. Piyesler derhal sahneden kald\u0131r\u0131lm\u0131\u015ft\u0131. Ziyad Eb\u00fczziya&#39;n\u0131n bu konuda bir incelemesi vard\u0131r. \u0130\u015f bununla bitmez. \u00d6mer Faruk Y\u0131lmaz&#39;\u0131n Abd\u00fclhamit Han kitab\u0131nda anlat\u0131ld\u0131\u011f\u0131na g\u00f6re, Abd\u00fclhamit, Avrupa&#39;da \u0130sl\u00e2m aleyhine yazan gazeteleri sat\u0131n alarak onlara \u0130sl\u00e2m lehinde yaz\u0131lar yazd\u0131rm\u0131\u015ft\u0131r. Rus ve Ermenilerin yapt\u0131\u011f\u0131 mezalime kar\u015f\u0131 oralarda ya\u015fayan M\u00fcsl\u00fcman ahaliye de silah da\u011f\u0131tt\u0131rm\u0131\u015ft\u0131r.<\/em><\/strong>  <\/p>\n<p> <strong><em>Abd\u00fclhamit Han&#39;\u0131n b\u00fct\u00fcn \u0130sl\u00e2m d\u00fcnyas\u0131n\u0131 aya\u011fa kald\u0131rma fikri, bug\u00fcn Atat\u00fcrk ve Erbakan&#39;\u0131n ayn\u0131 fikrin takip\u00e7ileri olarak izledikleri haysiyetli d\u0131\u015f siyasetle ger\u00e7ekle\u015fme yolundad\u0131r. \u0130sl\u00e2m d\u00fcnyas\u0131nda siyonizme ve Bat\u0131&#39;n\u0131n sald\u0131rganl\u0131\u011f\u0131na kar\u015f\u0131 Cumhuriyet liderleri i\u00e7inde sesini y\u00fckselten ilk ve tek lider Erbakan&#39;d\u0131r&quot;.<\/em><\/strong>  <\/p>\n<p>  \u00a0  <\/p>\n<p> <strong>Abd\u00fclhamit Han olsayd\u0131 ne yapard\u0131?<\/strong>  <\/p>\n<p> Peygamberimize y\u00f6nelik k\u00fcstahl\u0131klar b\u00fct\u00fcn \u0130sl\u00e2m d\u00fcnyas\u0131n\u0131 harekete ge\u00e7irdi, gazetelerin yazd\u0131\u011f\u0131 gibi, sadece T\u00fcrkiye d\u0131\u015f\u0131nda!&#8230; Ve sadece AKP iktidar\u0131 sanki k\u00f6r sa\u011f\u0131r ve dilsizdi.  <\/p>\n<p> Peki, biz niye harekete ge\u00e7miyoruz? \u00c7\u00fcnk\u00fc biz bu edepsizli\u011fi yapanlarla AB ili\u015fkileri &quot;\u00e7er\u00e7evesinde&quot;, &quot;g\u00f6zalt\u0131nday\u0131z.&quot; Rasmussen&#39;in ad\u0131n\u0131 ne zaman duyard\u0131k? AB m\u00fczakereleri s\u0131ras\u0131nda de\u011fil mi?  <\/p>\n<p> M\u00fcsl\u00fcmanlar, AB&#39;ye girmeyi neden istiyorlard\u0131? Dini inan\u00e7lar\u0131n\u0131 daha \u00f6zg\u00fcrce ya\u015fayacaklar\u0131n\u0131 \u00fcmit ediyorlard\u0131 da ondan. \u015eimdi anla\u015f\u0131ld\u0131 ki o AB, M\u00fcsl\u00fcmanlar\u0131n dinine b\u0131rak sayg\u0131y\u0131, insan haklar\u0131 olarak da kay\u0131ts\u0131zd\u0131r. Bunu daha \u00f6nce A\u0130HM&#39;nin \u00e7e\u015fitli davalar\u0131 s\u0131ras\u0131nda ve &quot;Lihgt \u0130sl\u00e2m&quot; dedikleri \u0130sl\u00e2mi yeti de\u011fi\u015ftirme projesinde de g\u00f6rm\u00fc\u015ft\u00fcm. &quot;Onlar bu i\u015fi insan haklar\u0131 ve ifade \u00f6zg\u00fcrl\u00fc\u011f\u00fc sorunu olarak g\u00f6r\u00fcyor,&quot; demeyin. Antalya&#39;daki dinler bah\u00e7esi yap\u0131lar\u0131, yani \u00fc\u00e7 dinin yeni in\u015fa edilen mabetleri bu i\u015fi bir &quot;din&quot; i\u015fi olarak g\u00f6rd\u00fcklerini g\u00f6sterir. Ayr\u0131ca sokaklar\u0131nda yabanc\u0131 dilin konu\u015fulmas\u0131n\u0131 yasak eden bir Avrupa&#39;n\u0131n ifade \u00f6zg\u00fcrl\u00fc\u011f\u00fcnden ve insan haklar\u0131ndan bahsetme hakk\u0131 yoktur.  <\/p>\n<p> &quot;D\u00e2r\u00fclaceze&#39;nin bah\u00e7esine, Abd\u00fclhamit Han taraf\u0131ndan yapt\u0131r\u0131lm\u0131\u015f kilise ve havra onlara cesaret vermek i\u00e7in de\u011fil ibadet etmeleri i\u00e7indi&quot; dedi\u011fimiz vakit zorunuza gitmi\u015fti. \u00a0Abd\u00fclhamit Han b\u00f6yle bir durumda ne yapard\u0131 \u00f6yleyse? B\u00f6yle durumlar onu da \u00e7ok taciz etmi\u015fti. \u0130ngiltere&#39;de Peygamber Efendimizi hedef alan bir\u00e7ok piyes oynat\u0131lmaya ba\u015flad\u0131\u011f\u0131nda, \u0130ngilizlere haber yollayarak b\u00fct\u00fcn \u0130sl\u00e2m \u00e2lemini harekete ge\u00e7irece\u011fini s\u00f6yleyen de Abd\u00fclhamit&#39;tir. Piyesler derhal sahneden kald\u0131r\u0131lm\u0131\u015ft\u0131. Ziyad Eb\u00fczziya&#39;n\u0131n bu konuda bir incelemesi vard\u0131r. \u0130\u015f bununla bitmez. \u00d6mer Faruk Y\u0131lmaz&#39;\u0131n Abd\u00fclhamit Han kitab\u0131nda anlat\u0131ld\u0131\u011f\u0131na g\u00f6re, Abd\u00fclhamit, Avrupa&#39;da \u0130sl\u00e2m aleyhine yazan gazeteleri sat\u0131n alarak onlara \u0130sl\u00e2m lehinde yaz\u0131lar yazd\u0131rm\u0131\u015ft\u0131r. Rus ve Ermenilerin yapt\u0131\u011f\u0131 mezalime kar\u015f\u0131 oralarda ya\u015fayan M\u00fcsl\u00fcman ahaliye de silah da\u011f\u0131tt\u0131rm\u0131\u015ft\u0131r.  <\/p>\n<p> Abd\u00fclhamit Han&#39;\u0131n b\u00fct\u00fcn \u0130sl\u00e2m d\u00fcnyas\u0131n\u0131 aya\u011fa kald\u0131rma fikri, bug\u00fcn Atat\u00fcrk ve Erbakan&#39;\u0131n ayn\u0131 fikrin takip\u00e7ileri olarak izledikleri haysiyetli d\u0131\u015f siyasetle ger\u00e7ekle\u015fme yolundad\u0131r. \u0130sl\u00e2m d\u00fcnyas\u0131nda siyonizme ve Bat\u0131&#39;n\u0131n sald\u0131rganl\u0131\u011f\u0131na kar\u015f\u0131 Cumhuriyet liderleri i\u00e7inde sesini y\u00fckselten ilk ve tek lider Erbakan&#39;d\u0131r&quot;. Erbakan o zaman T\u00fcrkiye&#39;de anla\u015f\u0131lmam\u0131\u015ft\u0131. \u015eimdi anla\u015f\u0131ld\u0131 m\u0131, yeteri kadar, bilmiyorum. Ama \u0130sl\u00e2m d\u00fcnyas\u0131 onu bizden iyi anlad\u0131. \u0130\u015fte \u0130ran&#39;dan, Filistin&#39;den, Sudan&#39;a Libya&#39;ya kadar, Peygamberimize yap\u0131lan edepsizli\u011fe kar\u015f\u0131 el\u00e7ilerini geri \u00e7eken, mallar\u0131 boykot eden, y\u00fcr\u00fcy\u00fc\u015fler yapan \u0130sl\u00e2m \u00fclkeleri bu haysiyetli ve cesur politikalar\u0131n bir takip\u00e7isidir. Hatta bu politikalar\u0131n G\u00fcney Amerika&#39;ya kadar uzan\u0131p Venezuela&#39;n\u0131n ba\u015f\u0131n\u0131 \u00e7ekti\u011fi bir mill\u00ee ba\u011f\u0131ms\u0131zl\u0131k hareketine d\u00f6n\u00fc\u015fmesi, her \u00fclkenin kendi mill\u00ee g\u00f6r\u00fc\u015f\u00fcn\u00fcn \u015fahlan\u0131\u015f\u0131n\u0131 g\u00f6steriyordu. Art\u0131k uluslararas\u0131 siyasette kazananlar, Mill\u00ee G\u00f6r\u00fc\u015f g\u00f6mle\u011fini \u00e7\u0131karanlar de\u011fil, giyinenler oluyordu. \u00c7at\u0131rdayan zul\u00fcm rejimleri kuyru\u011fu dik tutmaya \u00e7al\u0131\u015f\u0131yorlar. HALAS&#39;A ba\u011f\u0131r\u0131yorlar, \u0130ran&#39;a \u00e7a\u011f\u0131r\u0131yorlar, Avrupa&#39;da Peygamberimize edepsizlikler ediyorlar ama nafile! Mill\u00ee G\u00f6r\u00fc\u015fler, \u015fahlanma s\u00fcrecine girmi\u015ftir. \u0130\u00e7erdeki T\u00dcPRA\u015e \u00f6zelle\u015ftirmesini de bu s\u00fcrece d\u00e2hil edebilirsiniz.  <\/p>\n<p> B\u00f6yle bir durumda, Abd\u00fclhamit Han olsayd\u0131 ne yapard\u0131? Atat\u00fcrk olsa derhal &quot;misilleme&quot; yapard\u0131. Bu, nas\u0131l ger\u00e7ekle\u015firdi bilmiyorum ama Dinler Bah\u00e7esindeki kilisenin ge\u00e7ici bir s\u00fcre kapat\u0131lmas\u0131 akl\u0131ma geliyor. AB&#39;nin talimat\u0131yla ba\u015flat\u0131lan eski kiliselerin restorasyonu durdurulurdu. B\u00fct\u00fcn misyoner faaliyetlerini durdurmak ve misyonerleri kap\u0131 d\u0131\u015far\u0131 etmek de akl\u0131ma geliyor. Bunlar &quot;Lihgt \u0130sl\u00e2m&quot; tarifine uymaz m\u0131 diyorsunuz, evet ama onlar olsalar, b\u00f6yle yaparlard\u0131.  <\/p>\n<p> <strong>Diyalogcular neredesiniz?<\/strong>  <\/p>\n<p> Peygamberimiz Hz. Muhammed&#39;e y\u00f6nelik \u00e7irkin sald\u0131r\u0131lar Bat\u0131 d\u00fcnyas\u0131nda h\u0131zla yay\u0131l\u0131yor. \u0130slam&#39;a hakaret kampanyas\u0131na d\u00f6n\u00fc\u015fen bu rezalete kar\u015f\u0131 &quot;Dinler aras\u0131 diyalog ve ho\u015fg\u00f6r\u00fcn\u00fcn hamileri&quot; sessizliklerini koruyorlar.  <\/p>\n<p> Ba\u015fta Papa olmak \u00fczere H\u0131ristiyan Bat\u0131 d\u00fcnyas\u0131n\u0131n b\u00fct\u00fcn \u00fcst d\u00fczey yetkilileri bu rezaleti, bu al\u00e7akl\u0131\u011f\u0131, bu \u015ferefsizli\u011fi \u00f6nlemek i\u00e7in k\u0131l\u0131n\u0131 bile k\u0131p\u0131rdatm\u0131yor. &quot;\u00dczg\u00fcn\u00fcz ya da M\u00fcsl\u00fcmanlar\u0131n hassasiyetlerini anl\u0131yoruz&quot; gibi beyanatlarda bulunarak, bu al\u00e7aklar\u0131 destekliyorlar. &quot;\u0130stemem yan cebime koy &quot; diyorlar. Ni\u00e7in mi b\u00f6yle davran\u0131yorlar!? \u00c7\u00fcnk\u00fc bu al\u00e7akl\u0131k, \u0130slam&#39;a kar\u015f\u0131 ba\u015flat\u0131lan &quot;K\u00fcresel Ha\u00e7l\u0131 Seferi&quot;nin bir par\u00e7as\u0131 da ondan.  <\/p>\n<p> Ayn\u0131 \u015fekilde T\u00fcrkiye&#39;deki diyalog yanl\u0131lar\u0131n\u0131 da ortada g\u00f6remiyoruz! \u00dc\u00e7 dinin temsilcileri(!) neredesiniz? Toplum \u00f6nderleri, gazeteciler, yazarlar, ayd\u0131nlar, \u00fcst d\u00fczey devlet yetkilileri, ilahiyat\u00e7\u0131lar! Neredesiniz? T\u00fcrk kamuoyuna &quot;dinler aras\u0131 diyalog&quot; ad\u0131 alt\u0131nda empoze etmeye \u00e7al\u0131\u015ft\u0131\u011f\u0131n\u0131z \u015feyler kadar, bu kepazeli\u011fin durdurulmas\u0131 i\u00e7in neden ciddi bir tepki g\u00f6stermiyorsunuz?! Zevahiri kurtarmak ad\u0131na yap\u0131lan c\u0131l\u0131z tepkilerinizi kimse duymuyor&#8230;  <\/p>\n<p> Size, ailenize kar\u015f\u0131, mensubu oldu\u011funuz cemaat, kul\u00fcp, parti, kanaat ve milli \u00f6nderlerinize hakaret edilseydi, k\u00fcfredilseydi, a\u015fa\u011f\u0131lansayd\u0131 yine ayn\u0131 \u015fekilde mi tepki g\u00f6sterirdiniz? M\u00fcsl\u00fcmanlar\u0131n peygamberi, iki cihan serveri, Y\u00fcce Allah&#39;\u0131n habibi Hazreti Muhammed&#39;e yap\u0131lan bu hakarete kar\u015f\u0131 bu kadar bile tepki g\u00f6stermiyorsunuz!  <\/p>\n<p> Dinler aras\u0131 Ho\u015fg\u00f6r\u00fc yaftas\u0131n\u0131 t\u00fcm d\u00fcnyaya gere\u011fi gibi yayamad\u0131\u011f\u0131n\u0131z i\u00e7in mi bu a\u015fa\u011f\u0131l\u0131k propagandalar yap\u0131l\u0131yor, yoksa (!) Bu, rezaleti, bu \u00e7irkinli\u011fi nas\u0131l izah edeceksiniz?  <\/p>\n<p> Kol kola, omuz omuza, tatl\u0131 g\u00fcl\u00fcc\u00fcklerle, s\u00fcsl\u00fc p\u00fcsl\u00fc s\u00f6zlerle kamuoyuna anlatt\u0131\u011f\u0131n\u0131z ho\u015fg\u00f6r\u00fcyle, &quot;\u0130slam&#39;a s\u00f6v\u00fclmesini, hakaret edilmesi&quot;ni makul kar\u015f\u0131lamam\u0131z\u0131 m\u0131 istiyordunuz?  <\/p>\n<p> Yok e\u011fer bunu kastetmiyorsan\u0131z, hi\u00e7 bir gerek\u00e7enin ard\u0131na s\u0131\u011f\u0131nmadan dostlar\u0131n\u0131zla birlikte bu k\u00fcstahl\u0131\u011fa son verilmesi i\u00e7in giri\u015fimlerde bulunun!  <\/p>\n<p> Evet, bu tutumuyla Bat\u0131, dine sayg\u0131dan neyi anlad\u0131\u011f\u0131n\u0131 ortaya koydu. \u0130n\u015fallah bizim diyalogcular da bundan sonra &quot; iman ile k\u00fcfr\u00fcn, tevhit ile \u015firkin&quot; bir arada olamayaca\u011f\u0131n\u0131 g\u00f6r\u00fcrler ve &quot; kilise, cami ve havra&quot;dan olu\u015fan &quot;Dinler Bah\u00e7esi&quot; ad\u0131 alt\u0131nda oynanan oyunun bir par\u00e7as\u0131 olmazlar!  <\/p>\n<p> Aldananlara sesleniyorum; kom\u00fcnizmin \u00e7\u00f6k\u00fc\u015f\u00fcyle birlikte \u0130ngiltere eski Ba\u015fbakan\u0131 Thatcher&#39;\u0131n ve NATO eski Genel Sekreteri Clark&#39;\u0131n, 11 Eyl\u00fcl sald\u0131r\u0131lar\u0131n\u0131n ard\u0131ndan ABD Devlet Ba\u015fkan\u0131 Buh&#39;un, \u0130talya Ba\u015fbakan\u0131 Berlusconi&#39;nin ve Amerikal\u0131 Korgeneral Boykin&#39;in &quot;\u0130slam&#39;a sava\u015f a\u00e7t\u0131klar\u0131&quot; y\u00f6n\u00fcndeki beyanatlar\u0131n\u0131 ni\u00e7in unutuyorsunuz?\u00a0  <\/p>\n<p> \u00c7ok de\u011fil \u00f6nceki g\u00fcn, ABD D\u0131\u015fi\u015fleri Bakan\u0131 Donald Rumsfeld&#39;in &quot;ABD&#39;nin radikal g\u00fc\u00e7lere kar\u015f\u0131 sava\u015f\u0131n\u0131n ne zaman bitece\u011fi belli de\u011fil, uzun bir sava\u015fa haz\u0131rlan\u0131yoruz, sonunda bar\u0131\u015f olmayacak&quot; \u015feklindeki s\u00f6zlerini duymad\u0131n\u0131z m\u0131?  <\/p>\n<p> Rumsfeld&#39;in radikal g\u00fc\u00e7lerden kast\u0131n\u0131n \u0130slam d\u00fcnyas\u0131 oldu\u011fu konusunda \u015f\u00fcpheniz mi var?  <\/p>\n<p> L\u00fctfen, art\u0131k bu r\u00fcyadan uyan\u0131n!  <\/p>\n<p> <strong>Euro-Dolar sava\u015f\u0131 olabilir mi?\u00a0 <\/strong> <\/p>\n<p> \u0130lk k\u0131v\u0131lc\u0131m Danimarka&#39;da yand\u0131. Jyllands posten gazetesi Peygamberimiz (sav) tasvir eden karikat\u00fcr yay\u0131nlad\u0131. Sonra b\u00fct\u00fcn ayn\u0131 al\u00e7akl\u0131\u011f\u0131, g\u00f6sterilen tepkiye ra\u011fmen di\u011fer baz\u0131 Avrupa \u00fclkelerindeki baz\u0131 medya organlar\u0131 s\u00fcrd\u00fcrd\u00fc.  <\/p>\n<p> Hz. Muhammed&#39;in tasvir edilmesi \u0130slam D\u00fcnyas\u0131n\u0131n en hassas oldu\u011fu konulardan biridir. Bu y\u00fczden yay\u0131nlanan karikat\u00fcrlere ne kadar b\u00fcy\u00fck tepki g\u00f6sterilse azd\u0131r.  <\/p>\n<p> Ancak \u015fu soruya da cevap verilmelidir? Bu gazeteler \u0130slam d\u00fcnyas\u0131n\u0131n bu konudaki hassasiyetini bilmelerine ra\u011fmen neden bu al\u00e7ak\u00e7a yay\u0131nlara ba\u015flanm\u0131\u015ft\u0131r. Mesela Fransa. Daha d\u00fcn ma\u011fribli \u00e7ocuklar\u0131n sokaklar\u0131n\u0131 cehenneme \u00e7evirmi\u015fken hangi ak\u0131lla bunu yapabilmi\u015ftir.  <\/p>\n<p> Sanki \u0130slam d\u00fcnyas\u0131 \u00f6zellikle tahrik edilmek istenmektedir.  <\/p>\n<p> Nitekim ya\u015fanan skandal Devletleraras\u0131 krize d\u00f6n\u00fc\u015fm\u00fc\u015ft\u00fcr. Daha sarih bir ifade ile \u0130slam d\u00fcnyas\u0131 ile Avrupa belki bug\u00fcne kadar hi\u00e7 olmad\u0131\u011f\u0131 bir \u015fekilde kar\u015f\u0131 kar\u015f\u0131ya gelmi\u015ftir.  <\/p>\n<p> Oysa AB-ABD ikileminde \u0130slam d\u00fcnyas\u0131n\u0131n AB&#39;ye daha yak\u0131n durdu\u011fu a\u00e7\u0131k\u00e7a ortadad\u0131r. Bu ekonomik ili\u015fkilerde daha \u00e7ok kendini g\u00f6stermektedir. \u0130slam \u00fclkelerinin ticari ili\u015fkileri dikkate al\u0131nd\u0131\u011f\u0131nda AB ile olan ekonomik ili\u015fkilerinin ABD&#39;ye oranla k\u0131yaslanamayacak a\u011f\u0131rl\u0131kta oldu\u011fu g\u00f6r\u00fcl\u00fcr. Sadece bir \u00f6rnek. Mesela ABD&#39;nin yak\u0131n hedefindeki \u0130ran&#39;\u0131n ithalat\u0131nda Almanya y\u00fczde 12,8&#39;le ilk s\u0131rada yer al\u0131rken bu \u00fclkeyi y\u00fczde 8,3&#39;le Fransa, y\u00fczde 7,7 ile \u0130talya, y\u00fczde 7,2 ile \u00c7in, y\u00fczde 5,4 ile Rusya var.  <\/p>\n<p> O zaman olaya birde Avrupa para birimi Euro (avro) penceresinden bakal\u0131m. Irak OPEC (Petrol ihrac eden \u00fclkeler birli\u011fi) \u00fcyesiydi. Saddam d\u00f6neminde kendi petrollerini Euro referans alarak satmay\u0131 kararla\u015ft\u0131ran ilk \u00fclke oldu. D\u00f6nem a\u00e7\u0131s\u0131ndan bak\u0131ld\u0131\u011f\u0131nda olduk\u00e7a cesur bir karard\u0131. Ard\u0131ndan Saddam devrildi, Irak i\u015fgal edildi. Benzer bir karar\u0131 \u0130ran ald\u0131. T\u0131pk\u0131 Irak gibi petrol ticaretinde Euro&#39;yu referans almay\u0131 kararla\u015ft\u0131rd\u0131. Suriye ayn\u0131 \u015feyi tart\u0131\u015f\u0131yor. \u0130ran D\u00fcnya petrol rezervine sahip en b\u00fcy\u00fck \u00fclkelerden biri. OPEC \u00fcyesi \u00fclkelerde Euro referansl\u0131 sat\u0131\u015f giderek art\u0131yor. Petrol ihra\u00e7 eden \u00fclkelerin Euro&#39;ya ge\u00e7mesi ise zaten \u00e7\u00f6km\u00fc\u015f olan ABD ekonomisinin tamamen iflas\u0131 demek.  <\/p>\n<p> Avrupa medyas\u0131n\u0131n yapt\u0131\u011f\u0131 al\u00e7akl\u0131\u011f\u0131n affedilir yan\u0131 yok. Ama bu olay\u0131n perde arkas\u0131n\u0131 anlamak i\u00e7in san\u0131r\u0131z bu i\u011fren\u00e7 karikat\u00fcrleri yay\u0131nlayarak AB ve \u0130slam d\u00fcnyas\u0131n\u0131n devletler d\u00fczeyinde kar\u015f\u0131 kar\u015f\u0131ya getiren medya organlar\u0131n\u0131n kimli\u011fine iyi bakmak laz\u0131m.  <\/p>\n<p> Tabii bir de bu g\u00f6zle&#8230;  <\/p>\n<p> Taha K\u0131van\u00e7 (malum ve me\u015fhur Fehmi Koru):  <\/p>\n<p> Karikat\u00fcr krizini &quot;Global Derin Devlet &quot; yapt\u0131 diyor:  <\/p>\n<p> <strong>T\u0131pk\u0131s\u0131n\u0131n ayn\u0131s\u0131<\/strong>  <\/p>\n<p> Benim ku\u015fkum yok, sizin de olmas\u0131n: \u015eu anda kar\u015f\u0131 kar\u015f\u0131ya oldu\u011fumuz bir &#8216;global derin devlet&#39; operasyonudur&#8230; Korkum, derin devlet operasyonlar\u0131nda oldu\u011fu gibi, bunun da amac\u0131na ula\u015fmas\u0131&#8230;  <\/p>\n<p> \u0130tiraf edeyim de rahatlayay\u0131m: Karikat\u00fcr krizinde &#8216;global derin devlet&#39; parma\u011f\u0131n\u0131 fark etmemi televizyonlar sa\u011flad\u0131. Hangi uluslararas\u0131 kanala baksam kar\u015f\u0131ma \u00e7\u0131kan &#8216;gazeteci&#39; k\u0131l\u0131kl\u0131 bir Danimarkal\u0131n\u0131n, hep ayn\u0131 \u015feyleri birbirinden farks\u0131z ifadelerle tekrarlad\u0131\u011f\u0131n\u0131 g\u00f6r\u00fcnce, &quot;Acaba?&quot; sorusunu sordum \u00f6nce, arkas\u0131 kolay geldi. Karikat\u00fcrleri Danimarka&#39;da ilk yay\u0131mlayan gazete ile Norve\u00e7&#39;teki derginin &#8216;sa\u011fc\u0131&#39; kimlikleri de paralellik kurmama yard\u0131m etti.  <\/p>\n<p> Danimarka merkezli karikat\u00fcr krizini y\u00f6nlendiren adam\u0131n yapt\u0131\u011f\u0131 da o. Ne sorulursa sorulsun hep ayn\u0131 cevaplar\u0131 veriyor adam. Zihinlere kaz\u0131mak istedi\u011fi d\u00fc\u015f\u00fcnce &quot;Bu bir ifade \u00f6zg\u00fcrl\u00fc\u011f\u00fc m\u00fccadelesidir.&quot; \u0130yi de, &quot;M\u00fccadele bir \u015feyi kazanmak i\u00e7in verilir, i\u011fren\u00e7 karikat\u00fcrlerin yay\u0131nlanmas\u0131 neye yarad\u0131?&quot; sorusunun cevab\u0131 havada&#8230;  <\/p>\n<p> Danimarka ve Norve\u00e7 &#8216;global derin devlet&#39; de denilebilecek &#8216;Gladio&#39; t\u00fcr\u00fc yap\u0131lanmalar\u0131n ola\u011fan\u00fcst\u00fc g\u00fc\u00e7l\u00fc oldu\u011fu iki \u0130skandinav \u00fclkesi. Daha sonra cesedi Potomac nehrinde bulunacak CIA eski ba\u015fkan\u0131 William Colby, &quot;Danimarka ve Norve\u00e7&#39;teki gizli yap\u0131lanmay\u0131 ben kurdum&quot; diye yazm\u0131\u015ft\u0131<a name=\"_ftnref1\" href=\"#_ftn1\" title=\"_ftnref1\">[1]<\/a> zaten &#8216;Honorable Men&#39; (Onurlu Adamlar) adl\u0131 an\u0131 kitab\u0131nda.<a name=\"_ftnref2\" href=\"#_ftn2\" title=\"_ftnref2\">[2]<\/a>  <\/p>\n<p> Ama ABD D\u0131\u015f Bakan\u0131 Condoleeza Rice: Bu hakaretlerin, Amerikan\u0131n \u0130ran ve Suriye sald\u0131r\u0131s\u0131 \u00f6ncesi; \u0130slam Alemini k\u0131\u015fk\u0131rt\u0131p ABD&#39;nin i\u015fini zorla\u015ft\u0131rd\u0131\u011f\u0131n\u0131 s\u00f6yl\u00fcyor.  <\/p>\n<p> Rice, \u0130slam \u00e2leminin, Hz. Muhammed&#39;e yap\u0131lan hakarete tepkisi devam ederken, \u0130ran ve Suriye&#39;nin bu s\u00fcre\u00e7te kendi ama\u00e7lar\u0131 i\u00e7in \u015fiddeti k\u0131\u015fk\u0131rtt\u0131\u011f\u0131 ve Bat\u0131 d\u00fc\u015fmanl\u0131\u011f\u0131n\u0131 alevlendirdi\u011fini \u00f6ne s\u00fcrd\u00fc.  <\/p>\n<p> ABD D\u0131\u015fi\u015fleri Bakan\u0131 Condoleezza Rice, Suriye ve \u0130ran&#39;\u0131, Bat\u0131 kar\u015f\u0131t\u0131 d\u00fc\u015f\u00fcnceleri k\u0131\u015fk\u0131rtmak ve kendi ama\u00e7lar\u0131 do\u011frultusunda \u015fiddeti alevlendirmekle su\u00e7lad\u0131.\u00a0 Rice, \u0130slam \u00e2leminin, Hz. Muhammed&#39;e yap\u0131lan hakarete tepkisi devam ederken, \u0130ran ve Suriye&#39;nin bu s\u00fcre\u00e7te kendi ama\u00e7lar\u0131 i\u00e7in \u015fiddeti k\u0131\u015fk\u0131rtt\u0131\u011f\u0131 ve Bat\u0131 d\u00fc\u015fmanl\u0131\u011f\u0131n\u0131 alevlendirdi\u011fini \u00f6ne s\u00fcrd\u00fc.\u00a0  <\/p>\n<p> Uluslararas\u0131 bir nitelik kazanan karikat\u00fcr krizinde baz\u0131 \u00fclkelerin \u00f6nemli mesuliyetler y\u00fcklendi\u011fini ifade eden Rice, buna kar\u015f\u0131n baz\u0131 \u00fclkelerin bu durumu f\u0131rsat olarak g\u00f6rerek, \u015fiddeti k\u00f6r\u00fckledi\u011fini ileri s\u00fcrd\u00fc. Rice, &quot;\u0130ran ve Suriye, kendi \u00e7\u0131karlar\u0131 do\u011frultusunda Bat\u0131 d\u00fc\u015fmanl\u0131\u011f\u0131n\u0131 alevlendiriyor. D\u00fcnya bu konuda bu \u00fclkelere bir \u00e7a\u011fr\u0131da bulunmal\u0131&quot; dedi.  <\/p>\n<p> Hain tahrikin amac\u0131, \u015fer cephesi olu\u015fturmakt\u0131r  <\/p>\n<p> Eyl\u00fcl 2005 tarihinde Danimarka&#39;da ve arkas\u0131ndan da Norve\u00e7, \u0130sve\u00e7 ve son olarak da Fransa ve bir\u00e7ok Avrupa \u00fclkesinde yay\u0131nlanan, Peygamber Efendimizi (s.a.v) &quot;ter\u00f6rist&quot; olarak g\u00f6steren, \u00e7irkin ve hain tahrik olarak de\u011ferlendirilen karikat\u00fcrler nedeniyle; \u0130sl\u00e2m \u00e2leminde ve Bat\u0131 merkezlerindeki din karde\u015flerimiz taraf\u0131ndan ba\u015flat\u0131lan tepkiler ve g\u00f6steriler, b\u00fcy\u00fcyerek ve yayg\u0131nla\u015farak devam etmektedir.  <\/p>\n<p> 11 Eyl\u00fcl 2001 tarihinden bu g\u00fcne kadar, y\u00fcce dinimizi ve kutsallar\u0131m\u0131z\u0131 \u00f6ne \u00e7\u0131kararak, Bat\u0131n\u0131n, M\u00fcsl\u00fcmanlar\u0131 &quot;ter\u00f6rist&quot; ilan etmeleri ve bunu da bahane ederek, ABD&#39;nin liderli\u011finde M\u00fcsl\u00fcman \u00fclkeleri i\u015fgal etmeleri, i\u015fgali yayg\u0131nla\u015ft\u0131rma e\u011filimleri, i\u015fgal b\u00f6lgelerindeki zul\u00fcm ve tahribat\u0131n vicdanlar\u0131 s\u0131zlatmas\u0131, b\u00fct\u00fcn bu geli\u015fmeler kar\u015f\u0131s\u0131nda M\u00fcsl\u00fcman milletlerin h\u00fck\u00fcmetlerince de yeterli ve aktif tepkilerin g\u00f6sterilmemesi, M\u00fcsl\u00fcmanlar\u0131n sabr\u0131n\u0131n ta\u015fmas\u0131n\u0131n ba\u015fl\u0131ca sebeplerinden say\u0131lmal\u0131d\u0131r.  <\/p>\n<p> &quot;M\u00fcsl\u00fcman&#39;\u0131m&quot; diyen kimse, \u0130sl\u00e2m Peygamberi Muhammed Mustafa Efendimizi, sahip oldu\u011fu her \u015feyden (ana, baba, e\u015f, \u00e7ocuk d\u00e2hil) daha \u00e7ok sevmezse k\u00e2mil m\u00fcmin say\u0131lmaz. M\u00fcsl\u00fcman&#39;\u0131n Allah(cc)&#39;den sonra i\u00e7i titreyerek korumas\u0131 gereken kutsal\u0131, Peygamber Efendimizdir. Tepkiler hakl\u0131 ve normaldir. M\u00fcsl\u00fcman olmayanlar\u0131n da bu tepkilerin olu\u015faca\u011f\u0131n\u0131 tahmin edememeleri d\u00fc\u015f\u00fcn\u00fclemez.  <\/p>\n<p> Bu nedenlerle, Bat\u0131 bas\u0131n\u0131ndaki hakaret i\u00e7eren yay\u0131nlar\u0131n &quot;bas\u0131n \u00f6zg\u00fcrl\u00fc\u011f\u00fc&quot; maskesinin arkas\u0131na gizlenerek h\u00fck\u00fcmetler taraf\u0131ndan da savunulmas\u0131,\u00a0 tepkilerin artarak yayg\u0131nla\u015fmas\u0131n\u0131 ve b\u00fcy\u00fcmesini tahrik etmek iste\u011fi olarak de\u011ferlendirilmelidir.  <\/p>\n<p> Geli\u015fmeler, AB-T\u00fcrkiye ili\u015fkileri ve Bat\u0131-\u0130slam \u00e2lemi ili\u015fkileri a\u00e7\u0131lar\u0131ndan de\u011ferlendirilmelidir.  <\/p>\n<p> AB-T\u00fcrkiye ili\u015fkileri a\u00e7\u0131s\u0131ndan d\u00fc\u015f\u00fcnd\u00fc\u011f\u00fcm\u00fcz zaman; kutsallar\u0131m\u0131za hakareti al\u0131\u015fkanl\u0131k haline getiren milletlerle, ayn\u0131 \u00e7at\u0131 alt\u0131nda, de\u011ferlerimizi kaybetmeden, nas\u0131l bir arada bulunabilece\u011fimizi, vakit daha fazla ge\u00e7meden d\u00fc\u015f\u00fcnmeliyiz. Bir an \u00f6nce ger\u00e7ek dost ve d\u00fc\u015fmanlar\u0131m\u0131z\u0131 belirleyerek, ili\u015fki ve ittifaklar\u0131m\u0131z\u0131 yeniden olu\u015fturmal\u0131y\u0131z.  <\/p>\n<p> Bat\u0131-\u0130sl\u00e2m \u00e2lemi ili\u015fkileri a\u00e7\u0131s\u0131ndan d\u00fc\u015f\u00fcnd\u00fc\u011f\u00fcm\u00fcz zaman; tahrikin zamanlamas\u0131 dikkatimizi \u00e7ekmektedir. Bir taraftan Filistin&#39;de se\u00e7imleri Hamas&#39;\u0131n kazanmas\u0131 sonucunda, \u0130srail&#39;in b\u00f6lgede kontrol sa\u011flamas\u0131n\u0131n eskiye nazaran daha g\u00fc\u00e7le\u015fmesi; di\u011fer taraftan se\u00e7imlere ra\u011fmen Irak&#39;ta ABD yanl\u0131s\u0131 bir h\u00fck\u00fcmetin kurulamamas\u0131 ve i\u015fgale kar\u015f\u0131 direni\u015fin g\u00fcn ge\u00e7tik\u00e7e etkisinin artmas\u0131; bunlara ilave olarak, \u0130ran ve Suriye&#39;nin kontrol edilememesi; ABD, \u0130srail ve \u0130ngiltere \u00fc\u00e7l\u00fcs\u00fcn\u00fc d\u00fcnya ve kendi kamuoylar\u0131 kar\u015f\u0131s\u0131nda zor durumda kalmalar\u0131na sebep olmu\u015ftur.  <\/p>\n<p> ABD y\u00f6netimi, \u0130sl\u00e2m co\u011frafyas\u0131nda giri\u015fti\u011fi istil\u00e2 harek\u00e2t\u0131nda, Bat\u0131n\u0131n bir b\u00fct\u00fcn olarak kendi yan\u0131nda bulunmas\u0131na her zamankinden daha fazla ihtiya\u00e7 duymaktad\u0131r. Avrupa kamuoyu ise \u00fclkelerinin ABD ile birlikte, Ortado\u011fu&#39;da bir maceraya girmesini istememektedir. Irak&#39;\u0131n istilas\u0131 s\u0131ras\u0131nda m\u00fc\u015fterek hareket edenler de koalisyondan birer birer ayr\u0131lmaktad\u0131rlar. Bu gidi\u015fle ABD ve yanda\u015flar\u0131 ma\u011flup olarak Irak&#39;tan \u00e7ekilmek zorunda kalacaklar; bu da \u0130srail&#39;in sonunun ba\u015flang\u0131c\u0131, ABD&#39;nin ise d\u00fcnya h\u00e2kimiyet projesinin sonu olacakt\u0131r.  <\/p>\n<p> ABD-\u0130srail ikilisi b\u00fct\u00fcn H\u0131ristiyan \u00e2lemini, \u0130sl\u00e2m alemine kar\u015f\u0131 bir cephede toplama gayretlerini 11 Eyl\u00fcl 2001 tarihinden bu yana s\u00fcrd\u00fcrmektedir. Bu amac\u0131na ula\u015fmak i\u00e7in, Fas&#39;\u0131n Kazabilanka, \u0130spanya&#39;n\u0131n Madrid, T\u00fcrkiye&#39;nin \u0130stanbul, Rusya&#39;n\u0131n Moskova, \u0130ngiltere&#39;nin Londra \u015fehirlerinde facia olarak nitelenebilecek sonu\u00e7lar do\u011furan sabotajlar ger\u00e7ekle\u015ftirildi. Ancak arzu etti\u011fi ittifak\u0131 sa\u011flayamad\u0131.  <\/p>\n<p> \u015eimdi, \u0130ran&#39;\u0131n n\u00fckleer program uygulamas\u0131 nedeniyle, uluslararas\u0131 yapt\u0131r\u0131m i\u00e7in, \u0130sl\u00e2m alemine kar\u015f\u0131 Bat\u0131 kamuoyunun tahrik edilerek, \u015eer cephesinin olu\u015fturulmas\u0131 senaryosu devreye sokuldu. Hain tahrik sonucu, M\u00fcsl\u00fcman milletlerin hakl\u0131 tepkisi kar\u015f\u0131s\u0131nda, Bat\u0131 kamuoyu, ABD ile birlikte hareket edecek h\u00fck\u00fcmetlerine tepki g\u00f6stermeyeceklerdir. B\u00f6ylece, ABD-\u0130srail ikilisi Ortado\u011fu bata\u011f\u0131na ve \u0130ran&#39;a kar\u015f\u0131 giri\u015filecek yapt\u0131r\u0131mlara, Avrupa \u00fclkelerini de \u00e7ekebilecektir. Bu gerilimin kontroll\u00fc olarak \u00e7\u0131kar\u0131ld\u0131\u011f\u0131 d\u00fc\u015f\u00fcn\u00fclmelidir.  <\/p>\n<p> Hain tahrikin, bu a\u00e7\u0131dan da de\u011ferlendirilerek, tepkilerin ve tedbirlerin dozu ve etkinli\u011fi hesaplanmal\u0131d\u0131r. Bat\u0131n\u0131n tecav\u00fczlerini hangi seviyeye ula\u015ft\u0131rd\u0131\u011f\u0131,\u00a0 \u00fczerinde d\u00fc\u015f\u00fcn\u00fclmesi gereken \u00f6nemli bir husustur. Onlar bizim inan\u00e7lar\u0131m\u0131za ve inanc\u0131m\u0131z\u0131n kutsallar\u0131na d\u00fc\u015fmand\u0131r. Sahip oldu\u011fumuz her \u015feyin kendilerine helal oldu\u011funu d\u00fc\u015f\u00fcnmektedirler. Uzun y\u0131llara dayanan hatalar sonucunda h\u00fck\u00fcmetlerimiz Bat\u0131ya ba\u011f\u0131ml\u0131 hale getirilmi\u015ftir. Bu ba\u011f\u0131ml\u0131l\u0131k, milletlerimizi k\u00f6lele\u015ftirerek ve maddi manevi b\u00fct\u00fcn de\u011ferlerimizi kaybederek, varl\u0131\u011f\u0131m\u0131z\u0131n sona erdirilmesi a\u015famas\u0131na yakla\u015fmaktad\u0131r.  <\/p>\n<p> M\u00fcsl\u00fcman devletler taraf\u0131ndan; ba\u011f\u0131ml\u0131l\u0131ktan kurtulma cesareti g\u00f6sterilemedi\u011fi i\u00e7in ve husumet \u00e7ekme korkusu ile hedef se\u00e7ilen devletler yaln\u0131z b\u0131rak\u0131larak, \u015fer g\u00fc\u00e7ler taraf\u0131ndan tek tek yok edilmesine izin verilmektedir. Filistin, Afganistan ve Irak&#39;ta b\u00f6yle yap\u0131ld\u0131. \u015eimdi \u0130ran k\u0131skaca al\u0131nma a\u015famas\u0131nda. T\u00fcrk milletini \u0130ran&#39;a d\u00fc\u015fman etmenin gayretleri s\u00fcrd\u00fcr\u00fcl\u00fcyor. \u0130ran&#39;\u0131n T\u00fcrkiye&#39;ye kar\u015f\u0131 kullanmak \u00fczere n\u00fckleer silah geli\u015ftirdi\u011fi yalan\u0131 yay\u0131lmaya \u00e7al\u0131\u015f\u0131l\u0131yor. Bu propaganda ile T\u00fcrkiye&#39;nin de Bat\u0131 devletleri ile birlikte hareket etmesi sa\u011flanmaya \u00e7al\u0131\u015f\u0131l\u0131yor.  <\/p>\n<p> &quot;\u0130ran&#39;da \u00fcretilen n\u00fckleer sil\u00e2hlar\u0131n hedefi T\u00fcrkiye&#39;dir&quot; fitnesinin amac\u0131n\u0131n; NATO anla\u015fmas\u0131n\u0131n 5. maddesi veya ABD-T\u00fcrkiye Savunma \u0130\u015fbirli\u011fi anla\u015fmalar\u0131n\u0131 devreye sokarak,\u00a0 \u0130ran&#39;a yap\u0131lacak sald\u0131r\u0131da T\u00fcrkiye&#39;yi \u00fcst olarak kullanmak oldu\u011fu de\u011ferlendirilmelidir. B\u00f6yle bir sald\u0131r\u0131da T\u00fcrkiye topraklar\u0131n\u0131 kulland\u0131rmazsa, kesinlikle \u0130ran bize tehdit olmaz. Silahlar d\u00fc\u015fmanlar i\u00e7in haz\u0131rlan\u0131r. D\u00fc\u015fmanl\u0131k eden hedef olur.  <\/p>\n<p> M\u00fcsl\u00fcman milletler, Peygamber Efendimize yap\u0131lan karikat\u00fcrl\u00fc hakaret ve bunun bat\u0131l\u0131 h\u00fck\u00fcmetlerce desteklemesi kar\u015f\u0131s\u0131nda, hakl\u0131 olarak aya\u011fa kalkm\u0131\u015flard\u0131r. H\u00fck\u00fcmetlerimiz bu galeyan\u0131 dikkate almal\u0131d\u0131r. M\u00fcsl\u00fcman milletlerin bu ortak duygusunu faydal\u0131 bir birlikteli\u011fe d\u00f6nd\u00fcrmelidirler.  <\/p>\n<p> \u015eer cephesi kar\u015f\u0131s\u0131nda, i\u015fgal edilen topraklardan ba\u015flamak \u00fczere direni\u015f platformu olu\u015fturulmal\u0131 ve mukavemet g\u00fc\u00e7lerinin ihtiyac\u0131 olan maddi ve manevi destek sa\u011flanmal\u0131d\u0131r. Irak direni\u015f\u00e7ilerinin ve kurulacak Filistin H\u00fck\u00fcmeti&#39;nin ihtiyac\u0131 olan parasal kaynak, M\u00fcsl\u00fcman devletlerce olu\u015fturulacak bir fondan sa\u011flanmal\u0131d\u0131r.  <\/p>\n<p> Co\u011frafyam\u0131zda kan ve g\u00f6zya\u015f\u0131n\u0131 durdurmak ve b\u00f6lgemizde bar\u0131\u015f\u0131n tesisini istiyorsak, Bat\u0131ya kar\u015f\u0131 g\u00fc\u00e7lerimizi birle\u015ftirerek, sald\u0131r\u0131lara birlikte mukavemet etmeliyiz. Bu sonuca ula\u015fabilirsek, Peygamber Efendimize hakaret etmek isteyenlere en iyi cevab\u0131 vermi\u015f oluruz.  <\/p>\n<p> Din d\u00fc\u015fmanl\u0131\u011f\u0131 m\u0131, kas\u0131tl\u0131 ve planl\u0131 bir sald\u0131r\u0131 m\u0131?\u00a0  <\/p>\n<p> Olay\u0131n Geli\u015fimi:  <\/p>\n<p> Bilinen olaylar\u0131 tekrarlamaya l\u00fczum yok. Herkes zaten infial i\u00e7erisinde. Lakin baz\u0131 noktalar\u0131n alt\u0131n\u0131 \u00e7izmekte yarar var. Bunlar bize \u00f6nemli ipu\u00e7lar\u0131 vermektedir.  <\/p>\n<p> Danimarka&#39;da bir karikat\u00fcr yar\u0131\u015fmas\u0131 yap\u0131l\u0131yor ve birincili\u011fi kazanan karikat\u00fcr dizisi (12 adet ) gazetede yay\u0131nlan\u0131yor. Danimarka&#39;daki M\u00fcsl\u00fcmanlar Birli\u011fi&#39;nin buna kar\u015f\u0131 \u00e7\u0131kmas\u0131 ile olay alevleniyor, d\u00fcnyada tepkiler b\u00fcy\u00fcyor ve durum herkesin bildi\u011fi noktaya ula\u015f\u0131yor.  <\/p>\n<p> Veriler ve Sorular:  <\/p>\n<ul>\n<li>Birileri b\u00f6ylesine acaip, dine, terbiyeye ve olgunlu\u011fa ayk\u0131r\u0131 bir yar\u0131\u015fma i\u00e7in sipari\u015f veriyor ve para \u00f6d\u00fcl\u00fc vaad ediyor. O halde bu &quot;azmettiren kim veya kimler?&quot; Buna bak\u0131lmal\u0131d\u0131r.<\/li>\n<li>Para u\u011fruna veya din d\u00fc\u015fmanl\u0131\u011f\u0131 saiki ile bir\u00e7ok ki\u015fi bu yar\u0131\u015fmaya kat\u0131l\u0131yor. Zaten bundan birka\u00e7 ay \u00f6nce de Hollanda&#39;da bir film yap\u0131mc\u0131s\u0131 yine \u0130sl\u00e2m&#39;\u0131 ve Peygamberini a\u015fa\u011f\u0131lay\u0131c\u0131 bir film yaparak g\u00fcndeme gelmi\u015fti. Bu \u0130sl\u00e2m d\u00fc\u015fmanl\u0131\u011f\u0131 nas\u0131l olup da aniden kabarmaya ba\u015flad\u0131\u011f\u0131 ara\u015ft\u0131r\u0131lmal\u0131d\u0131r.<\/li>\n<li>Karikat\u00fcrleri basmak karar\u0131 gazete yaz\u0131 i\u015fleri m\u00fcd\u00fcr\u00fcn\u00fcn i\u015fidir. O zaman i\u015fe bir\u00e7ok ki\u015fi kar\u0131\u015fm\u0131\u015f demektir. Bu durumda \u015fahsi bir hatadan bahsedilebilir mi, yoksa kas\u0131tl\u0131 ve organize bir durum mu mevcuttur?<\/li>\n<li>Gazetenin bunu &quot;d\u00fc\u015f\u00fcnce ve ifade \u00f6zg\u00fcrl\u00fc\u011f\u00fcne&quot; yani insan haklar\u0131 beyannamesine dayand\u0131rmas\u0131, garip ve g\u00fcl\u00fcn\u00e7t\u00fcr. Lakin bunda \u0131srar etmekte ve kendilerini hakl\u0131 g\u00f6rmektedirler.<\/li>\n<li>Ba\u015fbakan Rasmussen&#39;in \u0131srarla bunun bir hak oldu\u011funu, bas\u0131n\u0131n h\u00fcr oldu\u011funu s\u00f6ylemesi ve en ufak bir nezaket ve &quot;diplomatik do\u011fruluk&quot; g\u00f6stermeden t\u00fcm \u0130sl\u00e2m \u00fclkeleri b\u00fcy\u00fckel\u00e7ilerini g\u00f6rmeyi red etmesi, tam bir k\u00fcstahl\u0131k ve sayg\u0131s\u0131zl\u0131k \u00f6rne\u011fidir.<\/li>\n<\/ul>\n<p> B\u00fct\u00fcn bunlar alt alta konunca ortaya vahim bir tablo ve kas\u0131t \u00e7\u0131kmaktad\u0131r. Avrupa gazetelerinin &quot;dayan\u0131\u015fma cabalar\u0131 i\u00e7inde&quot; bu karikat\u00fcrleri tekrar, tekrar basmalar\u0131 ve h\u00fck\u00fcmetlerin asla \u00f6z\u00fcr dilemeye yana\u015fmamalar\u0131 g\u00f6zden ka\u00e7mamal\u0131d\u0131r. Hakaret \u0131srarla ve inatla yap\u0131lmakta ve tekrarlanmaktad\u0131r. Bunlar kesin ve net i\u015faretlerdir. Do\u011fru okunmal\u0131d\u0131r. K\u0131sacas\u0131 burada kim, neden d\u00fc\u011fmeye bast\u0131 sualleri \u00f6nemlidir.  <\/p>\n<p> Eski K\u00f6kler ve Yeni Hedefler:  <\/p>\n<p> Bat\u0131 bundan \u00f6nce tam iki defa d\u00fcnyan\u0131n \u00e7e\u015fitli b\u00f6lgelerine sald\u0131rm\u0131\u015ft\u0131r. 18&#39;inci y\u00fczy\u0131lda ba\u015flayan s\u00f6m\u00fcrgecilik furyas\u0131 ile Afrika k\u0131tas\u0131, Asya k\u0131tas\u0131, Avustralya ve Yeni Zelanda, Kanada ve G\u00fcney Amerika&#39;da bir\u00e7ok yer ve millet, \u00e7e\u015fitli Avrupal\u0131 devletlerin sald\u0131r\u0131s\u0131na u\u011fram\u0131\u015ft\u0131r. Silah \u00fcst\u00fcnl\u00fc\u011f\u00fc ve sald\u0131rgan yarad\u0131l\u0131\u015flar\u0131 ile Avrupa devletleri bu \u00fclkeleri ele ge\u00e7irmi\u015f, halklar\u0131n\u0131 \u00f6ld\u00fcrm\u00fc\u015f ve oralar\u0131n tabii zenginliklerini s\u00f6m\u00fcr\u00fcp, bu zenginlikleri kendi \u00fclkelerine ta\u015f\u0131yarak, kendileri i\u00e7in zengin ve rahat bir hayat kurmu\u015flard\u0131r. Bu birinci dalgad\u0131r. \u00dcstelik bir de &quot;Beyaz Adam\u0131n Vicdan Borcu ve Y\u00fck\u00fc&quot; gibisinden bir tarif yaparak, bu sald\u0131rganl\u0131klar\u0131n\u0131 hakl\u0131 \u00e7\u0131kartmaya \u00e7al\u0131\u015fm\u0131\u015flard\u0131r.  <\/p>\n<p> \u0130kinci dalga, Birinci D\u00fcnya Sava\u015f\u0131ndan sonra ve \u00f6zellikle de Orta Do\u011fu&#39;ya yani M\u00fcsl\u00fcmanlar\u0131n topraklar\u0131na y\u00f6nelik olmu\u015ftur.\u00a0  <\/p>\n<p> \u00dc\u00e7\u00fcnc\u00fc dalga ise 1990&#39;lardan sonra ve 21. y\u00fczy\u0131l ile birlikte ba\u015flam\u0131\u015ft\u0131r. Bu sefer de hedef d\u00fcnyan\u0131n en zengin petrol ve do\u011falgaz kaynaklar\u0131n\u0131n kontrol\u00fcn\u00fc ele ge\u00e7irmek ve elde tutmak \u00e7abas\u0131 olmu\u015ftur. Kendi ya\u015fam durumunu devam ettirmek i\u00e7in b\u00fcy\u00fck enerji kaynaklar\u0131na muhta\u00e7 olan Bat\u0131, tekrar harekete ge\u00e7mi\u015ftir. Afganistan&#39;\u0131n ve Irak&#39;\u0131n i\u015fgali, \u00c7e\u00e7enistan olaylar\u0131, \u0130ran ve Suriye&#39;nin tehdit alt\u0131nda olmas\u0131 katiyen bir tesad\u00fcf de\u011fildir. Kopart\u0131lan k\u0131yametler sadece bir k\u0131l\u0131f haz\u0131rlama \u00e7abalar\u0131d\u0131r.  <\/p>\n<p> Bu hedeflere haz\u0131rlan\u0131rken, Bat\u0131 yeni teknikler kullanmaktad\u0131r. Sald\u0131rmadan \u00f6nce haz\u0131rla, yumu\u015fat, ez ve sonra yut metodu ad\u0131m ad\u0131m uygulanmaktad\u0131r. Bunlar\u0131n da ba\u015f\u0131nda psikolojik sava\u015f gelmektedir: Kitleleri psikolojik olarak ezerek, k\u00fc\u00e7\u00fcmseyerek, provoke ederek ve hakaret ederek olaylar\u0131 ba\u015flatmak, i\u015f \u00e7\u0131\u011f\u0131r\u0131ndan \u00e7\u0131k\u0131nca da kaba g\u00fc\u00e7 ve \u00fcst\u00fcn teknoloji ile bire kar\u015f\u0131l\u0131k y\u00fcz \u00f6ld\u00fcrerek olaylara h\u00e2kim olma yoluna gitmek. Bu arada da bol, bol &quot;sakin olal\u0131m, tolerans\u0131 elden b\u0131rakmayal\u0131m&quot; \u00e7a\u011fr\u0131s\u0131 yaparak kitleleri uyutmak yolu se\u00e7ilmektedir. Bu metotlar\u0131n sonu\u00e7lar\u0131n\u0131n neler oldu\u011fu Afganistan ve Irak&#39;ta g\u00f6r\u00fclm\u00fc\u015ft\u00fcr.  <\/p>\n<p> \u015eimdi bir paralel \u00e7izmek gerekirse, tarihte 11&#39;inci ve 12&#39;nci y\u00fczy\u0131llarda kendi aralar\u0131ndaki sava\u015flardan ve i\u00e7 sava\u015flardan iyice fakir d\u00fc\u015fen Avrupa&#39;n\u0131n, Do\u011fu&#39;nun ihti\u015fam ve zenginliklerini ele ge\u00e7irmek i\u00e7in as\u0131rlarca s\u00fcrecek Ha\u00e7l\u0131 Seferlerini ba\u015flatmas\u0131 hat\u0131rlanmal\u0131d\u0131r. Avrupa krall\u0131klar\u0131 ve Papal\u0131k, bu gizli h\u0131rs\u0131, dini \u00f6\u011felerle s\u00fcsleyerek ve s\u00f6zde &quot;Kutsal Topraklar\u0131n Kurtar\u0131lmas\u0131&quot; gibi s\u00fcsl\u00fc ve k\u0131\u015fk\u0131rt\u0131c\u0131 ifadelerle ordular\u0131 Orta Do\u011fu&#39;ya g\u00f6t\u00fcrm\u00fc\u015ft\u00fcr. Oraya vard\u0131klar\u0131nda, Orta Do\u011fu&#39;daki M\u00fcsl\u00fcmanlara yapmad\u0131klar\u0131 eziyet, cinayet ve zul\u00fcm kalmam\u0131\u015ft\u0131r. As\u0131rlar sonra bile, hi\u00e7bir zaman &quot;bu yapt\u0131klar\u0131m\u0131z hata idi&quot; dememi\u015fler ve ta ki M\u00fcsl\u00fcman ordular\u0131 kendi g\u00fc\u00e7leri ve diren\u00e7leri ile Avrupal\u0131lar\u0131 oradan at\u0131ncaya kadar Orta Do\u011fu&#39;yu s\u00f6m\u00fcrm\u00fc\u015flerdir.  <\/p>\n<p> \u015eimdi Hedefleri Ne Olabilir?:  <\/p>\n<p> 21&#39;inci y\u00fczy\u0131l Bat\u0131&#39;n\u0131n sald\u0131rganl\u0131\u011f\u0131 ve yeni i\u015fgalleri ile ba\u015flam\u0131\u015ft\u0131r. Bu arada &quot;Dinler Aras\u0131 Diyalog&quot; ve &quot;Ho\u015fg\u00f6r\u00fc&quot; aldatmacalar\u0131 ile M\u00fcsl\u00fcman \u00fclkeler sakin ve pasif tutulmaya \u00e7al\u0131\u015f\u0131lmaktad\u0131r. Bunun yan\u0131 s\u0131ra M\u00fcsl\u00fcmanlardan, \u0130sl\u00e2m dininin baz\u0131 hususlar\u0131n\u0131 de\u011fi\u015ftirmeleri, hatta baz\u0131 ayetleri kullan\u0131mdan \u00e7\u0131kartmalar\u0131, &quot;\u0131l\u0131ml\u0131 ve light&quot; hale gelmeleri istenmektedir. Bu s\u00fcre, kitleleri ikna etme, &quot;kabullendirme d\u00f6nemidir.&quot; Buna &quot;Teslim olma&quot; d\u00f6nemi de denebilir.  <\/p>\n<p> \u00d6rnek vermek gerekirse: Mesela, T\u00fcrkiye \u00fcst\u00fcnde yeni bask\u0131lar olu\u015fturulmaktad\u0131r. S\u00f6zde &quot;Ermeni soyk\u0131r\u0131m\u0131n\u0131&quot; yapt\u0131\u011f\u0131n\u0131z\u0131 kabul edin ve \u00f6z\u00fcr dileyin, hatta, tazminat \u00f6deyin yoksa AB&#39;ye giremezsiniz gibi. Daha sonra da, T\u00fcrkiye&#39;den hi\u00e7bir cevap ve bilgi beklemeden t\u00fcm Avrupa parlamentolar\u0131nda Ermeni Soyk\u0131r\u0131m\u0131n\u0131n yap\u0131lm\u0131\u015f oldu\u011funu kabul etmek gibi. Avrupal\u0131lar, bununla da yetinmeyip, \u015fimdi bir de &quot;S\u00fcryani soyk\u0131r\u0131m\u0131&quot; yapt\u0131n\u0131z diye bast\u0131rmaya ba\u015flam\u0131\u015flard\u0131r. \u0130laveten, T\u00fcrkiye i\u00e7inden baz\u0131 s\u00f6zde &quot;ayd\u0131nlar&quot; bulup, onlara bu davay\u0131 kabul ve m\u00fcdafaa ettirmektedirler. Orhan Pamuk gibi birisine Avrupa mecmualar\u0131nda m\u00fcl\u00e2katlar yapt\u0131r\u0131p, \u00f6d\u00fcller vermekte ve halktan tepki gelince de T\u00fcrkleri &quot;insan haklar\u0131n\u0131 ve \u00f6zg\u00fcrl\u00fcklerini anlamamakla&quot; su\u00e7lay\u0131p, &quot;toleranss\u0131z&quot; \u015feklinde nitelemektedirler.  <\/p>\n<p> Bu seferki sald\u0131r\u0131 bamba\u015fka yollarla devam ettirilmektedir.  <\/p>\n<ul>\n<li>Bunlar\u0131n ba\u015f\u0131nda, gizlice misyonerlik yapan yabanc\u0131 okullar\u0131n\u0131, <\/li>\n<li>Yurt i\u00e7ine da\u011f\u0131lm\u0131\u015f en az 15 de\u011fi\u015fik tarikata ait Misyonerlerin \u0130ncil ve para da\u011f\u0131tarak yapt\u0131klar\u0131 \u00e7al\u0131\u015fmalar\u0131n\u0131, <\/li>\n<li>Yerli H\u0131ristiyan kiliselerinin yapt\u0131\u011f\u0131 gizli tahribatlar\u0131n\u0131, <\/li>\n<li>Resmi kanallarla \u0130sl\u00e2m&#39;\u0131n \u00f6\u011fretiminin engellenmesi \u015feytanl\u0131klar\u0131n\u0131, <\/li>\n<li>Resmi izinlerle a\u00e7\u0131l\u0131p, AB&#39;den veya yurtd\u0131\u015f\u0131 ba\u015fka kaynaklardan ald\u0131klar\u0131 paralarla \u00e7al\u0131\u015fan Sivil Toplum \u00d6rg\u00fctlerinin fesatl\u0131klar\u0131n\u0131,<\/li>\n<li>AB&#39;ye girece\u011fiz \u00fcmidi (yalanc\u0131 serap&#39;\u0131 ile) kendini aldatan, ama bu arada \u00fclke i\u00e7in tamiri imk\u00e2ns\u0131z tahribat yapan baz\u0131 ayd\u0131n ve yazar kesiminin \u00e7al\u0131\u015fmalar\u0131n\u0131 saymak m\u00fcmk\u00fcnd\u00fcr.<\/li>\n<\/ul>\n<p> Kullan\u0131lan metod, toplumda psikoljik olarak bir &quot;su\u00e7luluk duygusu&quot; olu\u015fturmak, toplum fertlerinde &quot;kendini k\u00fc\u00e7\u00fck ve aciz g\u00f6rme&quot; hissini peki\u015ftirmek ve &quot;\u00fcmitsizlik ve \u00e7aresizlik duygusu ile d\u0131\u015far\u0131dan medet ummak&quot; halinin olu\u015fturulmas\u0131n\u0131 sa\u011flamak olarak \u00f6zetlenebilir.  <\/p>\n<p> Yine hat\u0131rlanmas\u0131 gereken \u00f6nemli bir husus da, d\u00fcnyadaki belli ba\u015fl\u0131 g\u00fc\u00e7 m\u00fccadelelerinde, Bat\u0131n\u0131n daima \u0130sl\u00e2m kar\u015f\u0131t\u0131 bir pozisyon ald\u0131\u011f\u0131n\u0131n bilinmesidir. Mesela Bat\u0131, Ke\u015fmir&#39;de Hindular\u0131, \u00c7e\u00e7enistan&#39;da Ruslar\u0131, Filistin&#39;de Yahudileri, K\u0131br\u0131s&#39;ta Rumlar\u0131 tutmu\u015ftur. Bosna Hersek ve Kosova&#39;da Hristiyanlar\u0131n can yakmas\u0131na, soy k\u0131r\u0131m\u0131 ger\u00e7ekle\u015ftirmesine g\u00f6z yumulurken, M\u00fcsl\u00fcmanlar lehindeki geli\u015fmelere izin verilmemi\u015ftir.  <\/p>\n<p> Yani k\u0131sacas\u0131, ba\u015far\u0131 kendimize ba\u011fl\u0131d\u0131r. \u0130nan\u00e7lar\u0131m\u0131z\u0131n g\u00fcc\u00fcne, kendimize olan g\u00fcvenimize, do\u011frular\u0131 m\u00fcdafaa etmekten ve do\u011frulara inanmaktan asla vazge\u00e7mememize ba\u011fl\u0131d\u0131r. Bug\u00fcn karikat\u00fcrlerle ba\u015flat\u0131lan bu psikolojik sava\u015f\u0131n tetik\u00e7ileri arkalarda saklanmakta ve uygun zamanda sald\u0131r\u0131ya ge\u00e7meyi beklemektedirler. Konuyu mutlaka geni\u015f perspektiften anlamak ve gerekli tedbirleri almak zorunday\u0131z.  <\/p>\n<p> &#160; <\/p>\n<p align=\"center\"> &#160; <\/p>\n<p align=\"center\"> &#160; <\/p>\n<p align=\"center\"> &#160; <\/p>\n<p align=\"center\"> &#160; <\/p>\n<p align=\"center\"> &#160; <\/p>\n<p> <\/p>\n<hr \/>\n<p> <a name=\"_ftn1\" href=\"#_ftnref1\" title=\"_ftn1\">[1]<\/a> sf. 82  <\/p>\n<p> <a name=\"_ftn2\" href=\"#_ftnref2\" title=\"_ftn2\">[2]<\/a> Taha K\u0131van\u00e7 \/ Yeni \u015eafak \/ 08.02.2006  <\/p>\n","protected":false},"excerpt":{"rendered":"<p>\u00a0  <\/p>\n<p> <strong><em>&quot;D\u00e2r\u00fclaceze&#39;nin bah\u00e7esine, Abd\u00fclhamit Han taraf\u0131ndan yapt\u0131r\u0131lm\u0131\u015f kilise ve havra onlara cesaret vermek i\u00e7in de\u011fil ibadet etmeleri i\u00e7indi&quot; dedi\u011fimiz vakit zorunuza gitmi\u015fti.\u00a0 Abd\u00fclhamit Han b\u00f6yle bir durumda ne yapard\u0131 \u00f6yleyse? B\u00f6yle durumlar onu da \u00e7ok taciz etmi\u015fti. \u0130ngiltere&#39;de Peygamber Efendimizi hedef alan bir\u00e7ok piyes oynat\u0131lmaya ba\u015flad\u0131\u011f\u0131nda, \u0130ngilizlere haber yollayarak b\u00fct\u00fcn \u0130sl\u00e2m \u00e2lemini harekete ge\u00e7irece\u011fini s\u00f6yleyen de Abd\u00fclhamit&#39;tir. Piyesler derhal sahneden kald\u0131r\u0131lm\u0131\u015ft\u0131. Ziyad Eb\u00fczziya&#39;n\u0131n bu konuda bir incelemesi vard\u0131r. \u0130\u015f bununla bitmez. \u00d6mer Faruk Y\u0131lmaz&#39;\u0131n Abd\u00fclhamit Han kitab\u0131nda anlat\u0131ld\u0131\u011f\u0131na g\u00f6re, Abd\u00fclhamit, Avrupa&#39;da \u0130sl\u00e2m aleyhine yazan gazeteleri sat\u0131n alarak onlara \u0130sl\u00e2m lehinde yaz\u0131lar yazd\u0131rm\u0131\u015ft\u0131r. Rus ve Ermenilerin yapt\u0131\u011f\u0131 mezalime kar\u015f\u0131 oralarda ya\u015fayan M\u00fcsl\u00fcman ahaliye de silah da\u011f\u0131tt\u0131rm\u0131\u015ft\u0131r.<\/em><\/strong>  <\/p>\n<p> <strong><em>Abd\u00fclhamit Han&#39;\u0131n b\u00fct\u00fcn \u0130sl\u00e2m d\u00fcnyas\u0131n\u0131 aya\u011fa kald\u0131rma fikri, bug\u00fcn Atat\u00fcrk ve Erbakan&#39;\u0131n ayn\u0131 fikrin takip\u00e7ileri olarak izledikleri haysiyetli d\u0131\u015f siyasetle ger\u00e7ekle\u015fme yolundad\u0131r. \u0130sl\u00e2m d\u00fcnyas\u0131nda siyonizme ve Bat\u0131&#39;n\u0131n sald\u0131rganl\u0131\u011f\u0131na kar\u015f\u0131 Cumhuriyet liderleri i\u00e7inde sesini y\u00fckselten ilk ve tek lider Erbakan&#39;d\u0131r&quot;.<\/em><\/strong>  <\/p>\n","protected":false},"author":6,"featured_media":0,"comment_status":"open","ping_status":"closed","sticky":false,"template":"","format":"standard","meta":{"footnotes":""},"categories":[36],"tags":[],"class_list":["post-198","post","type-post","status-publish","format-standard","hentry","category-nisan-2006"],"_links":{"self":[{"href":"https:\/\/www.millicozum.com\/mc\/wp-json\/wp\/v2\/posts\/198","targetHints":{"allow":["GET"]}}],"collection":[{"href":"https:\/\/www.millicozum.com\/mc\/wp-json\/wp\/v2\/posts"}],"about":[{"href":"https:\/\/www.millicozum.com\/mc\/wp-json\/wp\/v2\/types\/post"}],"author":[{"embeddable":true,"href":"https:\/\/www.millicozum.com\/mc\/wp-json\/wp\/v2\/users\/6"}],"replies":[{"embeddable":true,"href":"https:\/\/www.millicozum.com\/mc\/wp-json\/wp\/v2\/comments?post=198"}],"version-history":[{"count":0,"href":"https:\/\/www.millicozum.com\/mc\/wp-json\/wp\/v2\/posts\/198\/revisions"}],"wp:attachment":[{"href":"https:\/\/www.millicozum.com\/mc\/wp-json\/wp\/v2\/media?parent=198"}],"wp:term":[{"taxonomy":"category","embeddable":true,"href":"https:\/\/www.millicozum.com\/mc\/wp-json\/wp\/v2\/categories?post=198"},{"taxonomy":"post_tag","embeddable":true,"href":"https:\/\/www.millicozum.com\/mc\/wp-json\/wp\/v2\/tags?post=198"}],"curies":[{"name":"wp","href":"https:\/\/api.w.org\/{rel}","templated":true}]}}