{"id":200,"date":"2006-11-23T05:42:03","date_gmt":"2006-11-23T05:42:03","guid":{"rendered":"https:\/\/www.millicozum.com\/mc\/2006\/11\/23\/tke-kaosa-slenor\/"},"modified":"2006-11-23T05:42:03","modified_gmt":"2006-11-23T05:42:03","slug":"turkiye-kaosa-surukleniyor","status":"publish","type":"post","link":"https:\/\/www.millicozum.com\/mc\/2006\/nisan-2006\/turkiye-kaosa-surukleniyor\/","title":{"rendered":"T\u00dcRK\u0130YE KAOSA S\u00dcR\u00dcKLEN\u0130YOR!"},"content":{"rendered":"<p>\u00a0  <\/p>\n<p> <strong><em>Fener Rum Patrik&#39;i Bartholomeos, ayin i\u00e7in Amerika&#39;ya; hem de ek\u00fcmenik s\u0131fat\u0131yla \u00e7a\u011f\u0131r\u0131ld\u0131.<\/em><\/strong>  <\/p>\n<p> <strong>ABD&#39;nin, Patrik&#39;i BOP i\u00e7in haz\u0131rlad\u0131\u011f\u0131 kesinlik kazand\u0131 <\/strong> <\/p>\n<p> <strong><em>Fener Rum Patrik&#39;i Batrholemeos, Amerika Ba\u015fpiskoposlu\u011fu&#39;nun davetlisi olarak vaftiz bayram\u0131 ayinini y\u00f6netmek i\u00e7in Amerika&#39;ya gitti. Her y\u0131l T\u00fcrkiye&#39;de ger\u00e7ekle\u015ftirilen \u0130sa Mesih&#39;in vaftiz g\u00fcn\u00fc kutlamas\u0131n\u0131n bu y\u0131l Patrik Bartholemeos&#39;un y\u00f6netece\u011fi bir ayinle Amerika&#39;n\u0131n Florida sahilinde kutlanacak olmas\u0131 ku\u015fkuyla kar\u015f\u0131land\u0131.<\/em><\/strong>  <\/p>\n<p> <strong><em>Patrikhane konusunda kapsaml\u0131 ara\u015ft\u0131rmalar\u0131yla g\u00fcndeme gelen Ara\u015ft\u0131rmac\u0131-Yazar Aytun\u00e7 Alt\u0131ndal ise: &quot;ayinin Amerika&#39;da yap\u0131lacak olmas\u0131n\u0131 Amerikan-Rus kap\u0131\u015fmas\u0131 \u015feklinde yorumlayarak, &quot;T\u00fcrkiye ile bunun ba\u011flant\u0131s\u0131 ise Amerika&#39;n\u0131n BOP \u00e7er\u00e7evesinde bu patrikhaneyi Rusya&#39;ya kar\u015f\u0131 kullanmak istemesidir&quot;g\u00f6r\u00fc\u015f\u00fcn\u00fc a\u00e7\u0131klad\u0131.<\/em><\/strong>  <\/p>\n<p>  \u00a0  <\/p>\n<p> Fener Rum Patrikhanesi Patrik&#39;i Barthelemeous, Ortodokslar taraf\u0131ndan 6 Ocak&#39;\u0131n Mesih \u0130sa&#39;n\u0131n vaftiz g\u00fcn\u00fc olarak kabul edilmesi dolay\u0131s\u0131yla d\u00fczenlenecek t\u00f6reni y\u00f6netmek i\u00e7in Amerika&#39;ya gitti.  <\/p>\n<p> Mesih \u0130sa&#39;n\u0131n vaftiz g\u00fcn\u00fc Ortodoks kilisesi taraf\u0131ndan her sene 6 Ocak&#39;ta ayinlerle kutlan\u0131yor. Ortodoks inanc\u0131nda yer alan, Mesih&#39;in \u00dcrd\u00fcn nehrinde vaftiz oldu\u011fu g\u00fcn\u00fcn an\u0131s\u0131na ve onu temsilen g\u00f6l ve nehirlere yak\u0131n olan kiliselerde kutsal ha\u00e7 suya at\u0131l\u0131r ve orada haz\u0131r bulunan gen\u00e7ler ha\u00e7\u0131 sudan \u00e7\u0131karmak i\u00e7in yar\u0131\u015f\u0131rlar.  <\/p>\n<p> Amerika Ba\u015fpiskoposlu\u011fu ve cemaati patrik Barthelemeous&#39;u Mesih \u0130sa&#39;n\u0131n vaftiz bayram\u0131 i\u00e7in Amerika&#39;ya davet etmi\u015fti. Patrik bu davete uyarak ABD&#39;ye hareket etti. Patrik&#39;in 6 Ocak&#39;ta y\u00f6netece\u011fi b\u00fcy\u00fck ayinin akabinde kutsal ha\u00e7 Florida sahilinden denize at\u0131lacak. Ancak her y\u0131l T\u00fcrkiye&#39;de ger\u00e7ekle\u015fen bu ayinin bu y\u0131l ABD&#39;de yap\u0131lacak olmas\u0131 \u00e7e\u015fitli ku\u015fkulara neden oldu.  <\/p>\n<p> <strong><em>Rusya&#39;ya g\u00f6zda\u011f\u0131 m\u0131?<\/em><\/strong>  <\/p>\n<p> Patrikhane ve H\u0131ristiyanl\u0131k inanc\u0131 konular\u0131nda kapsaml\u0131 ara\u015ft\u0131rmalara imza atan Ara\u015ft\u0131rmac\u0131-Yazar Aytun\u00e7 Alt\u0131ndal ise bu olay\u0131n Amerika&#39;n\u0131n Rusya&#39;ya verdi\u011fi bir g\u00f6zda\u011f\u0131 olarak anla\u015f\u0131lmas\u0131 gerekti\u011fini belirtiyor.  <\/p>\n<p> Alt\u0131ndal, dinen Patrik&#39;in istedi\u011fi yerde bu g\u00fcn\u00fc kutlayabilece\u011fini, bu ayinin bin y\u0131ldan beri tekrarlanan bir ayin oldu\u011funu kaydederek, &quot;Amerika bu ayini Florida&#39;da yapt\u0131rarak Rusya&#39;ya bir g\u00f6zda\u011f\u0131 veriyor. Bunun T\u00fcrkiye ile do\u011frudan bir ba\u011flant\u0131s\u0131 yok. \u00d6zellikle de son do\u011falgaz krizinden dolay\u0131 Amerika b\u00f6yle bir giri\u015fimde bulundu. Patrikhanenin Rusya&#39;ya kar\u015f\u0131 kullan\u0131lmas\u0131 BOP&#39;UN bir par\u00e7as\u0131. 6 Ocak Protestanlar, Katolikler veya Anglikanlar taraf\u0131ndan de\u011fil, yaln\u0131zca Ortodokslar taraf\u0131ndan kutlan\u0131r. T\u00fcrkiye ile bunun ba\u011flant\u0131s\u0131 ise Amerika&#39;n\u0131n BOP \u00e7er\u00e7evesinde bu patrikhaneyi Rusya&#39;ya kar\u015f\u0131 kullanmak istemesidir. \u00c7\u00fcnk\u00fc T\u00fcrkiye&#39;de ki Ortodoks say\u0131s\u0131 2 bin, Rusya&#39;daki Ortodoks say\u0131s\u0131 220 milyon.&quot;  <\/p>\n<p> <strong>Teslimiyet devlet politikas\u0131 olabilir mi?<\/strong>  <\/p>\n<p> <strong><em>&quot;T\u00fcrkiye&#39;nin Avrupa Birli\u011fi maceras\u0131 ile ilgili stratejik karar, 1999 y\u0131l\u0131nda Cumhurba\u015fkan\u0131 S\u00fcleyman Demirel, Ba\u015fbakan B\u00fclent Ecevit ve Ba\u015fbakan Yard\u0131mc\u0131s\u0131 Mesut Y\u0131lmaz taraf\u0131ndan verildi. Bu karar, d\u00f6nemin Genelkurmay Ba\u015fkan\u0131 Org. H\u00fcseyin K\u0131vr\u0131ko\u011flu taraf\u0131ndan da payla\u015f\u0131ld\u0131 ve desteklendi.&quot;<\/em><\/strong>  <\/p>\n<p> Foreign Affairs dergisinde T\u00fcrk Silahl\u0131 Kuvvetleri&#39;nin Avrupa Birli\u011fi&#39;&#39;ne bak\u0131\u015f\u0131yla ilgili konu ile ortak bir makaleleri yay\u0131nlanan <strong><em>Ersin Ayd\u0131nl\u0131, Nihat Ali \u00d6zcan, Do\u011fan Akyaz&#39;<\/em><\/strong>\u0131n tespitlerine g\u00f6re, T\u00fcrk Silahl\u0131 Kuvvetleri, uzun s\u00fcredir m\u00fccadele verdi\u011fi \u0130slamc\u0131 ve K\u00fcrt ayr\u0131l\u0131k\u00e7\u0131 hareketleriyle ba\u015fa \u00e7\u0131kma konusunda, T\u00fcrkiye&#39;nin AB \u00fcyeli\u011fini en iyi strateji olarak g\u00f6r\u00fcyordu.  <\/p>\n<p> <strong><em>Fikret Bila<\/em><\/strong>&#39;n\u0131n makaleden \u00e7\u0131kard\u0131\u011f\u0131 \u00f6zete g\u00f6re, T\u00fcrk Silahl\u0131 Kuvvetleri&#39;nin <strong><em>&quot;Neden AB?&quot;<\/em><\/strong> sorusuna bak\u0131\u015f\u0131 \u015f\u00f6yleydi:  <\/p>\n<p> <strong><em>&quot;TSK&#39;nin bu karar\u0131, ordunun bir as\u0131r boyunca destekledi\u011fi modernizasyon s\u00fcrecinin son a\u015famas\u0131n\u0131n AB \u00fcyeli\u011fi oldu\u011fu d\u00fc\u015f\u00fcncesiyle uyumluydu.<\/em><\/strong>  <\/p>\n<p> <strong><em>Genelkurmay Ba\u015fkanl\u0131\u011f\u0131, belirsiz ve tehlikeli de olsa AB \u00fcyeli\u011fine giden yolun T\u00fcrkiye&#39;nin b\u00fcy\u00fck sorunlar\u0131ndan baz\u0131lar\u0131na \u00e7\u00f6z\u00fcm olabilece\u011fi g\u00f6r\u00fc\u015f\u00fcndeydi. (K\u00fcrt sorunu, y\u00fckselen \u0130slamc\u0131l\u0131k, Yunanistan&#39;la k\u00f6t\u00fcle\u015fen ili\u015fkiler. Kronik ekonomik sorunlar, Irak&#39;&#39;ta ABD politikalar\u0131 konusundaki anla\u015fmazl\u0131klar, T\u00fcrkiye&#39;nin Avrupa G\u00fcvenlik ve Savunma Politikas\u0131n\u0131n d\u0131\u015f\u0131nda tutulmas\u0131 olas\u0131l\u0131\u011f\u0131 gibi sorunlar) TSK&#39;&#39;da, K\u00fcrt ayr\u0131l\u0131k\u00e7\u0131l\u0131\u011f\u0131, Marksist eylemler, radikal \u0130slamc\u0131l\u0131k, ultra milliyet\u00e7ilik gibi tehditlerin onlarca y\u0131l ge\u00e7mesine kar\u015f\u0131n yok edilememi\u015f olmas\u0131 nedeniyle do\u011fan yorgunluk.&quot; <\/em><\/strong> <\/p>\n<p> Oysa T\u00fcrk Silahl\u0131 Kuvvetleri&#39;nin AB \u00fcyeli\u011finin devlet politikas\u0131 haline getirilmesine dayanak olarak g\u00f6sterdi\u011fi iddia edilen gerek\u00e7elerin hi\u00e7biri ge\u00e7erli de\u011fildir.  <\/p>\n<p> Zira modernizasyon s\u00fcrecinin dayand\u0131\u011f\u0131 noktan\u0131n, egemenli\u011fi Avrupa&#39;&#39;ya teslim etmek oldu\u011fu, ba\u011f\u0131ms\u0131z bir \u00fclkenin silahl\u0131 kuvvetlerinin d\u00fc\u015f\u00fcncesi olamaz. Zaten bu karar demokratik bir karar de de\u011fildir, apa\u00e7\u0131k bir dayatmad\u0131r!  <\/p>\n<p> Ayr\u0131ca, modernizasyonun g\u00f6t\u00fcrd\u00fc\u011f\u00fc noktan\u0131n teslimiyet oldu\u011funu \u00f6ng\u00f6ren bir anlay\u0131\u015ftan medeniyet diye s\u00f6z edilemez!  <\/p>\n<p> Bizce bu karar, T\u00fcrkiye&#39;&#39;de, T\u00fcrkiye&#39;nin karar mekanizmalar\u0131 taraf\u0131ndan verilmedi! T\u00fcrkiye&#39;nin karar mekanizmalar\u0131, kendilerine \u00f6nerilen ve hatta dayat\u0131lan bu s\u00f6zde stratejiyi, T\u00fcrk halk\u0131na ra\u011fmen uygulamak karar\u0131 ald\u0131 sadece!  <\/p>\n<p> S\u00f6zde strateji diyorum, \u00e7\u00fcnk\u00fc milli egemenli\u011fi sona erdirmek karar\u0131ndan strateji diye s\u00f6z edilemez. Olsa olsa buna teslimiyet karar\u0131 denilebilir!  <\/p>\n<p> T\u00fcrkiye&#39;nin iradesi demek, T\u00fcrk halk\u0131n\u0131n iradesi demektir ve bu iradenin eksik ve hatta yalan-yanl\u0131\u015f verilerle olu\u015fmas\u0131, iradenin de sakatlanmas\u0131 demektir. K\u0131sacas\u0131, T\u00fcrkiye&#39;nin AB&#39;&#39;ye kat\u0131l\u0131m konusunda net bir iradesi olu\u015fmam\u0131\u015ft\u0131r.  <\/p>\n<p> Atat\u00fcrk&#39;&#39;\u00fcn kurucusu oldu\u011fu T\u00fcrkiye Cumhuriyeti&#39;&#39;ne kazand\u0131rd\u0131\u011f\u0131 kurulu\u015f felsefesinin, AB&#39;&#39;ye giri\u015fle birlikte de\u011fi\u015ftirilmek istendi\u011fi, ancak, &quot;Egemenlik kay\u0131ts\u0131z \u015farts\u0131z T\u00fcrk Milleti&#39;nindir&quot; ilkesi ile yeti\u015fmi\u015f T\u00fcrk subaylar\u0131n\u0131n ve T\u00fcrk gen\u00e7li\u011finin, egemenli\u011fin AB&#39;&#39;ye teslim edilmesine \u015fiddetle kar\u015f\u0131 \u00e7\u0131kt\u0131\u011f\u0131 ortadad\u0131r.  <\/p>\n<p> Suat \u0130lhan&#39;\u0131n belirtti\u011fi gibi, &quot;Atat\u00fcrk\u00e7\u00fcl\u00fck; alt\u0131 ilkesine taban olu\u015fturan tam ba\u011f\u0131ms\u0131zl\u0131k, millet egemenli\u011fi, hukukun \u00fcst\u00fcnl\u00fc\u011f\u00fc ve ulus devlet genel ilkelerine dayan\u0131r.&quot;  <\/p>\n<p> Emekli orgeneral ve eski Jandarma Genel Komutan\u0131 \u015eener Eruygur, konuyla ilgili olarak bize \u015fu a\u00e7\u0131klamalar\u0131 yapm\u0131\u015ft\u0131r:  <\/p>\n<p> &quot;AB&#39;&#39;ye kat\u0131lmak teorik olarak bir devlet politikas\u0131 olabilir. Ancak, TC&#39;nin kurulu\u015f felsefesine ayk\u0131r\u0131, TC&#39;yi asli dayanaklar\u0131ndan, hayat damarlar\u0131ndan kopar\u0131c\u0131 bir yolda ilerledi\u011fi a\u00e7\u0131k olan bir maceran\u0131n devlet politikas\u0131 olarak kabul\u00fc uygun olamaz. AB&#39;nin dayatmac\u0131 talepleri sebebiyle T\u00fcrkiye&#39;nin AB&#39;&#39;ye kat\u0131l\u0131m politikas\u0131 y\u00fcr\u00fct\u00fclemez hale gelmi\u015ftir. AB&#39;nin talepleri sebebiyle, ba\u015flang\u0131\u00e7ta kurgulanan \u00e7a\u011fda\u015fla\u015fma projesi uygulama alan\u0131nda esaret projesi haline getirilmi\u015ftir. B\u00fcy\u00fck T\u00fcrk ulusunun tek se\u00e7ene\u011fi bu olamaz.  <\/p>\n<p> D\u00fc\u015f\u00fcncelerimizi bu \u015fekilde ifade ederken, Atat\u00fcrk\u00e7\u00fc d\u00fcnya g\u00f6r\u00fc\u015f\u00fcn\u00fcn \u00e7ok \u00f6nemli bir yan\u0131n\u0131n do\u011frulu\u011funu da teyit etmi\u015f bulunuyoruz. Bu \u00f6nemli yan &#39;&#39;Tam Ba\u011f\u0131ms\u0131zl\u0131k&#39;&#39; \u00fclk\u00fcs\u00fcd\u00fcr.  <\/p>\n<p> &#39;&#39;\u00c7a\u011f\u0131n de\u011fi\u015fimi&#39;nin tam ba\u011f\u0131ms\u0131zl\u0131k \u00fclk\u00fcs\u00fcnde de\u011fi\u015fiklik gerektirdi\u011fi d\u00fc\u015f\u00fcncesine kat\u0131lm\u0131yorum. Atat\u00fcrk&#39;&#39;\u00fcn ifade etti\u011fi gibi, &#39;&#39;ba\u011f\u0131ms\u0131zl\u0131k bizim karakterimizdir.&#39;&#39;  <\/p>\n<p> Anla\u015f\u0131l\u0131yor ki, AB \u00fcyeli\u011fini devlet politikas\u0131 olarak belirlemek ve bu d\u00fc\u015f\u00fcnceyi d\u0131\u015f politikan\u0131n merkezine oturtmak yanl\u0131\u015f olmu\u015ftur.&quot;  <\/p>\n<p> <strong>Amerika&#39;n\u0131n ambargo uygulad\u0131\u011f\u0131 K\u00fcba ile Bolivya i\u015fbirli\u011fi anla\u015fmas\u0131 imzalad\u0131 ABD&#39;ye ilk darbe Latin Amerika&#39;da sol ve merkez-sol partilerin iktidara gelmesi ABD&#39;nin K\u00fcba&#39;y\u0131 izole etme politikas\u0131na darbe vuruyor. Uruguay, Brezilya ve Arjantin h\u00fck\u00fcmetleri Castro&#39;ya s\u0131rt \u00e7evirmezken, Venez\u00fcella lideri Hugo Chavez Castro&#39;nun en \u00f6nemli m\u00fcttefiki haline geldi.<\/strong>  <\/p>\n<p> HAVANA <br \/> Bolivya&#39;da iki hafta \u00f6nce yap\u0131lan se\u00e7imlerden zaferle ayr\u0131lan sosyalist Evo Morales, ilk yurt d\u0131\u015f\u0131 gezisi i\u00e7in K\u00fcba&#39;y\u0131 tercih etti.  <\/p>\n<p> K\u00fcba Devlet Ba\u015fkan\u0131 Fidel Castro ve Bolivya&#39;n\u0131n yeni Devlet Ba\u015fkan\u0131 Evo Morales, K\u00fcba&#39;n\u0131n ba\u015fkenti Havana&#39;da \u00f6nceki g\u00fcn yapt\u0131klar\u0131 g\u00f6r\u00fc\u015fmeden sonra iki \u00fclke aras\u0131ndaki i\u015fbirli\u011finin artt\u0131r\u0131lmas\u0131n\u0131 planlad\u0131klar\u0131n\u0131 duyurdu. Bolivya&#39;n\u0131n 49 ya\u015f\u0131ndaki lideri bas\u0131n toplant\u0131s\u0131nda 79&#39;undaki Castro&#39;ya bakarak, &quot;Bu g\u00f6r\u00fc\u015fme haysiyet ve istiklal sava\u015f\u00e7\u0131s\u0131 iki nesil aras\u0131nda ger\u00e7ekle\u015fti&quot; dedi.  <\/p>\n<p> Liderler; Bolivya ve K\u00fcba aras\u0131nda e\u011fitim, enerji ve sa\u011fl\u0131k alan\u0131nda i\u015fbirli\u011fini i\u00e7eren bir bildiri imzalad\u0131.  <\/p>\n<p> Morales, ocak ay\u0131nda Avrupa, \u00c7in, G\u00fcney Afrika Cumhuriyeti ve Brezilya&#39;y\u0131 ziyaret edecek.<br \/> Latin Amerika&#39;da sol ve merkez-sol partilerin iktidara gelmesi ABD&#39;nin kom\u00fcnist K\u00fcba&#39;y\u0131 izole etme politikas\u0131na darbe vuruyor. Uruguay, Brezilya ve Arjantin h\u00fck\u00fcmetleri Castro&#39;ya s\u0131rt \u00e7evirmezken, Venez\u00fcella lideri Hugo Chavez Castro&#39;nun en \u00f6nemli m\u00fcttefiki haline geldi. Karay ip&#39;teki k\u00fc\u00e7\u00fck ada \u00fclkeleri de K\u00fcba&#39;yla siyasi ve ekonomik ili\u015fkilerini geli\u015ftirdi.<a name=\"_ftnref1\" href=\"#_ftn1\" title=\"_ftnref1\">[1]<\/a>  <\/p>\n<p> <strong>AB&#39;nin K\u0131br\u0131s &#8216;askeri&#39; tatbikat\u0131&#8230; <\/strong> <\/p>\n<p> MILEX 2005, 22 Kas\u0131m-1 Aral\u0131k 2005 tarihleri aras\u0131nda, Br\u00fcksel&#39;den y\u00fcr\u00fct\u00fclen bir masa ba\u015f\u0131 askeri tatbikat. Tatbikat senaryosu gere\u011fi, harek\u00e2t\u0131n operasyon kararg\u00e2h\u0131 Fransa&#39;daki Mont Valerien k\u0131\u015flas\u0131, kuvvet kararg\u00e2h\u0131 da Almanya&#39;n\u0131n Ulm k\u0131\u015flas\u0131 olarak belirlenmi\u015f&#8230; Avrupa Birli\u011fi&#39;nin G\u00fcvenlik Komitesi&#39;nin talimatlar\u0131 do\u011frultusunda hareket edecek AB Askeri Komitesi&#39;nin \u00e7ekirdek \u00fclkeleri zaten, Fransa, Almanya, \u0130talya ve \u0130ngiltere olarak s\u0131ralan\u0131yor. \u015eimdi s\u0131k\u0131 durun, e\u011fer haz\u0131rl\u0131klar\u0131n\u0131 tamamlarsa, Yunanistan da 2008 y\u0131l\u0131nda, AB ordusunun \u00e7ekirdek \u00fclkesi olacak. Di\u011fer AB \u00fcyesi \u00fclkelerin ordular\u0131, k\u0131sa bir zaman i\u00e7inde NATO&#39;suz Avrupa Ordusu olu\u015fturmaya d\u00f6n\u00fck bu projede \u00e7ekirdek \u00fclkeler ile e\u015fg\u00fcd\u00fcml\u00fc olarak operasyonlara kat\u0131l\u0131yorlar&#8230;  <\/p>\n<p> Bu senaryo size bir yerlerden tan\u0131d\u0131k geldi mi&#8230; Hedef K\u0131br\u0131s&#8230;\u00a0 Asl\u0131nda senaryoda ad\u0131 ge\u00e7irilen Atlantia adas\u0131 K\u0131br\u0131s&#39;tan ba\u015fka bir yer de\u011fil&#8230; Bu t\u00fcr bir senaryonun K\u0131br\u0131s benzeri sorunlu bir b\u00f6lgeye d\u00f6n\u00fck olmas\u0131, bir tesad\u00fcf olarak de\u011ferlendirilebilir mi&#8230; Demek&#8230; Avrupa Birli\u011fi&#39;nin, K\u0131br\u0131s Rum y\u00f6netimini, t\u00fcm K\u0131br\u0131s&#39;\u0131n yasal h\u00fck\u00fcmeti olarak tan\u0131y\u0131p AB \u00fcyeli\u011fine almas\u0131 da planl\u0131 bir giri\u015fim&#8230; Bug\u00fcne kadar s\u00f6ylenenler, K\u0131br\u0131s&#39;\u0131n AB \u00fcyeli\u011finin adadaki sorunu h\u0131zland\u0131r\u0131c\u0131 bir etki yapaca\u011f\u0131 y\u00f6n\u00fcndeydi&#8230;\u00a0 Bunun b\u00f6yle olmad\u0131\u011f\u0131n\u0131, aradan ge\u00e7en s\u00fcre i\u00e7inde anlam\u0131\u015f bulunmaktay\u0131z. Arkas\u0131na AB&#39;yi alan Rum y\u00f6netiminin, KKTC&#39;den gelen t\u00fcm uzla\u015fma giri\u015fimlerini reddediyor olmas\u0131, Mehmet Ali Talat gibi Rumlarla yak\u0131n i\u015fbirli\u011fine \u00e7ok yatk\u0131n bir politikac\u0131y\u0131 bile \u00e7ileden \u00e7\u0131kart\u0131yorsa var\u0131n, durumu siz anlay\u0131n&#8230;<a name=\"_ftnref2\" href=\"#_ftn2\" title=\"_ftnref2\">[2]<\/a>  <\/p>\n<p> <strong>Siyaset ve asalet<\/strong>  <\/p>\n<p> \u015eu soruya verilecek pek \u00e7ok cevap olmal\u0131: T\u00fcrkiye&#39;de siyaset neyi kaybetmi\u015ftir ki, bu denli s\u0131radanla\u015fm\u0131\u015f ve \u00e7orak bir tarlaya d\u00f6n\u00fc\u015fm\u00fc\u015ft\u00fcr.  <\/p>\n<p> Modern tarihin ak\u0131\u015f\u0131nda iki \u00f6nemli geli\u015fmenin alt\u0131 \u00e7izilir; Frans\u0131z ve Rus devrimleri. Aralar\u0131nda ne t\u00fcr yak\u0131nl\u0131k ve farkl\u0131l\u0131klar oldu\u011fu konumuz de\u011fil. Ama her ikisinin de \u00e7ok \u00f6nemli bir sonucu vard\u0131r: Asaletin tasfiye edilmesi. Burada kastedilen, basit\u00e7e hanedanlar\u0131n iktidardan indirilmesi de\u011fil; bug\u00fcn\u00fcn d\u00fcnyas\u0131n\u0131 \u015fekillendiren bir zihinsel de\u011fi\u015fim ve d\u00f6n\u00fc\u015f\u00fcmd\u00fcr.  <\/p>\n<p> Ku\u015fku yok ki \u00e7\u00fcr\u00fcm\u00fc\u015f ve i\u00e7i bo\u015falt\u0131lm\u0131\u015f, \u00fczerinde &quot;kadim gelenek&quot;ten hi\u00e7bir esinti ta\u015f\u0131mayan, zaman\u0131n \u00fczerinde b\u0131rakt\u0131\u011f\u0131 tortulardan ibaret bir asaletin b\u00f6yle bir sonu ya\u015famas\u0131 mukadderdi. Ama bu durum, tarihi &quot;asalet ve ona sava\u015f a\u00e7an g\u00fc\u00e7ler&quot; ekseninde okumam\u0131za engel de\u011fil.  <\/p>\n<p> Cumhuriyetin kurulu\u015funu da T\u00fcrk Devrimi olarak tan\u0131mlayanlar vard\u0131r. Bu tan\u0131m tart\u0131\u015fmaya a\u00e7\u0131k olsa bile, burada da di\u011fer devrimlere benzer bir tasfiyenin varl\u0131\u011f\u0131 a\u00e7\u0131kt\u0131r. Ancak imparatorluk zihniyle kavranabilecek bir var olu\u015fun, ulus devlet b\u00fcnyesinde merkezi konuma sahip olmas\u0131 zaten m\u00fcmk\u00fcn olamazd\u0131.  <\/p>\n<p> Cumhuriyetin ilk y\u0131llar\u0131, dima\u011f\u0131nda en az\u0131ndan &quot;asalet&quot;ten bir par\u00e7a ta\u015f\u0131yanlar\u0131n oldu\u011fu bir d\u00f6nemdi. Ancak zihinleri &quot;ge\u00e7mi\u015f&quot;ten ar\u0131nd\u0131rma projeleri h\u0131zl\u0131 i\u015fledi, zaten k\u0131r\u0131k d\u00f6k\u00fck olan kaleleri birer birer devirdi.  <\/p>\n<p> Bug\u00fcn \u00e7aresizlik i\u00e7indeki devlet ricali, baz\u0131 &quot;sorunlar&quot; \u0131n varl\u0131\u011f\u0131n\u0131 kabul etti\u011fini ilan ediyor. Oysa t\u0131pk\u0131 Abdullah \u00d6calan&#39;\u0131n \u00f6yk\u00fcnd\u00fc\u011f\u00fc devrimlerde oldu\u011fu gibi, PKK&#39;n\u0131n varl\u0131k sebebi de ayn\u0131 sava\u015f\u0131n bir ba\u015fka cephede ilan\u0131ndan ba\u015fka bir \u015fey de\u011fildi. T\u00fcrkiye&#39;yi y\u00f6netme iddias\u0131nda olanlar bunu anlamad\u0131lar, anlayamad\u0131lar. Onlar\u0131n, kendi \u00fcrettikleri s\u00f6zde asalete h\u00fcrmet edeceklerini, ona ba\u011fl\u0131 kalacaklar\u0131n\u0131 ger\u00e7ekten d\u00fc\u015f\u00fcnd\u00fcler mi bilmiyoruz. Ama \u015fundan eminiz ki, kendi kulland\u0131klar\u0131 bir silah\u0131n, zaman\u0131n ak\u0131\u015f\u0131nda bu kadar h\u0131zla geriye d\u00f6n\u00fcp kendilerini vuraca\u011f\u0131n\u0131 belki de hi\u00e7 d\u00fc\u015f\u00fcnmemi\u015flerdi. O y\u00fczden PKK&#39;n\u0131n kendi etkinlik alan\u0131nda elde kalan birka\u00e7 \u00e7\u00fcr\u00fcm\u00fc\u015f kaleyi nas\u0131l yerle bir etti\u011fini elleri kollar\u0131 ba\u011fl\u0131 seyrettiler. \u015eimdi &quot;sorun&quot;un varl\u0131\u011f\u0131n\u0131 kabullenmeyi marifet diye yutturmaya \u00e7al\u0131\u015f\u0131yorlar.  <\/p>\n<p> PKK sadece bir \u00f6rnek. Ortada b\u00f6yle bir anlay\u0131\u015f\u0131n asla kavrayamayaca\u011f\u0131 derinlikte bir b\u00fcy\u00fck mesele var. Her \u015feyden \u00f6nce giderek k\u0131skac\u0131na daha \u00e7ok girdi\u011fimiz \u00e7at\u0131\u015fma; san\u0131ld\u0131\u011f\u0131 \u00fczere k\u00fcreselcilikle ulus\u00e7uluk aras\u0131nda cereyan etmiyor.  <\/p>\n<p> Bu \u00e7at\u0131\u015fma, tarih boyunca asaleti yok etmek \u00fczere hareket eden g\u00fc\u00e7lerin, kendi zihinsel bozukluklar\u0131yla olu\u015fturduklar\u0131 &quot;sahte se\u00e7kinler&quot; i daha da egemen k\u0131lma aray\u0131\u015f\u0131.  <\/p>\n<p> Ulus\u00e7ulu\u011fun ya da ulus devlet modelinin buna kar\u015f\u0131 direnecek g\u00fcc\u00fc yoktur, olamaz da. \u00c7\u00fcnk\u00fc o da bir d\u00f6nem bu &quot;sahte se\u00e7kinler&quot; in kulland\u0131\u011f\u0131 bir ara\u00e7tan ba\u015fka bir \u015fey de\u011fildi.  <\/p>\n<p> \u015eimdi \u00f6nce Afganistan&#39;\u0131, ard\u0131ndan Irak&#39;\u0131 ve bug\u00fcn \u0130ran&#39;\u0131 konu\u015furken, bu s\u00f6zlerin ne anlam\u0131 var diyenler olabilir.  <\/p>\n<p> Sadece \u015fu s\u00f6ylenebilir. Asaletini kaybeden bir siyasetten neler bekleyebilece\u011finizi bir kez daha g\u00f6zden ge\u00e7irin. \u00c7\u00fcnk\u00fc asalet; as\u0131ld\u0131r, bir i\u015fin ruhudur, \u00f6z\u00fcd\u00fcr, safiyetidir.  <\/p>\n<p> Etraf\u0131n\u0131za bir bak\u0131n. Bunlardan bir eser var m\u0131?  <\/p>\n<p> Bizim g\u00f6z\u00fcm\u00fcze sadece i\u015f bitirici, kotar\u0131c\u0131, becerikli, babalar gibi sat\u0131c\u0131 birtak\u0131m adamlar \u00e7arp\u0131yor. Siz ne g\u00f6r\u00fcyorsunuz?  <\/p>\n<p> <strong>AKP-CHP KAOS koalisyonu<\/strong>  <\/p>\n<p> Siz daha \u00f6nce b\u00f6yle bir \u00f6rnek g\u00f6rd\u00fcn\u00fcz m\u00fc bilmiyorum. Ama galiba CHP&#39;nin yapt\u0131\u011f\u0131 muhalefetin muhtevas\u0131, en \u00e7ok Ba\u015fbakan Erdo\u011fan&#39;\u0131 memnun ediyor olmal\u0131.  <\/p>\n<p> Uzun bir b\u00fct\u00e7e maratonu sona erdi. Hemen herkes b\u00fct\u00e7e tart\u0131\u015fmalar\u0131n\u0131n \u00e7ok sert ge\u00e7ti\u011fini s\u00f6yl\u00fcyor. Peki bu tart\u0131\u015fmalardan ak\u0131llarda kalan ne? El-kol hareketleri \u00fczerinden bir zamanlar\u0131n en \u00e7ok seyredilen dizisi Bizimkiler&#39; in &quot;Katil&quot; tiplemesini and\u0131ran diyaloglar. Bir de onlar\u0131 \u00e7\u0131lg\u0131nca alk\u0131\u015flayan milletvekilleri. Peki T\u00fcrkiye&#39;de olup bitenle ilgili ne s\u00f6ylendi, \u00fczerimize ad\u0131m ad\u0131m giydirilen &quot;ekonomik operasyon&quot;un kodlar\u0131 \u00fczerinde neler konu\u015fuldu. Kocaman bir hi\u00e7.  <\/p>\n<p> CHP, kendisine g\u00f6sterilen alanda muhalefet yap\u0131yormu\u015f gibi g\u00f6r\u00fcnmekten \u00e7ok memnun. \u00c7\u00fcnk\u00fc Deniz Baykal \u00e7ok iyi biliyor ki, bug\u00fcn uygulanan programa temelde kar\u015f\u0131 \u00e7\u0131kma ya da ele\u015ftirebilme \u015fans\u0131 yok. Bu program\u0131n sahipleri, AKP&#39;nin h\u00fck\u00fcmet olmas\u0131 kadar, CHP&#39;nin muhalefet olmas\u0131n\u0131 da tasarlad\u0131. Ne Erdo\u011fan&#39;\u0131n, ne de Baykal&#39;\u0131n bu s\u0131n\u0131rlar\u0131n d\u0131\u015f\u0131na \u00e7\u0131kabilmesi m\u00fcmk\u00fcn de\u011fil.  <\/p>\n<p> Bir yandan &quot;kadehli&quot; g\u00f6r\u00fcnt\u00fclerle &quot;geli\u015ferek de\u011fi\u015fen&quot; \u00e7a\u011fda\u015f y\u00fcz\u00fcn\u00fc g\u00f6steren AKP; di\u011fer yandan CHP&#39;nin din-laiklik ekseni \u00fczerinden att\u0131\u011f\u0131 e\u015fsiz paslarla \u015fovunu s\u00fcrd\u00fcr\u00fcyor. Elbette s\u00fcrecek. \u00c7\u00fcnk\u00fc payla\u015f\u0131m b\u00f6yle. Kemal Dervi\u015f&#39;in olu\u015fturdu\u011fu \u00e7at\u0131y\u0131 korumak iki taraf\u0131n da g\u00f6revi. AKP, toplumun geleneksel ekonomik diren\u00e7 noktalar\u0131n\u0131 k\u0131rmak, &quot;borsa&quot; ve benzeri ara\u00e7lar \u00fczerinden sisteme entegre etmek i\u00e7in e\u015fsiz bir koridor. CHP ise bu duruma kar\u015f\u0131 \u00e7\u0131kmas\u0131 muhtemel kesimlerin tepkilerinin y\u00fckselece\u011fi zemini i\u015fgal ediyor. Muhalifmi\u015f gibi, \u00f6fkeliymi\u015f gibi yap\u0131yor. Hepsi bu kadar.  <\/p>\n<p> \u0130ki taraf\u0131n da kendi tabanlar\u0131na ya da destek veren kesimlere mesaj yollamas\u0131n\u0131n yolu da bu. Birisi laikli\u011fin, \u00f6teki dindarlar\u0131n savunucusu. Bu aldatmacan\u0131n arkas\u0131na, birlikte y\u00fcr\u00fctt\u00fckleri program\u0131 saklamalar\u0131 hi\u00e7 te zor olmuyor. Aksini d\u00fc\u015f\u00fcnenler, ana muhalefet partisinin b\u00fct\u00e7e g\u00f6r\u00fc\u015fmelerinde ya da \u00f6ncesinde h\u00fck\u00fcmetin ekonomik politikas\u0131na y\u00f6nelik bir tek ele\u015ftirisini g\u00f6stersinler. S\u00f6ylenenler, meselenin \u00f6z\u00fcne de\u011fil, uygulamadaki baz\u0131 &quot;aksakl\u0131klar&quot;a y\u00f6nelik. \u015eu halde h\u00fck\u00fcmet, Erdo\u011fan&#39;\u0131n ifadesinden uyarlarsak, b\u00fcnyesinde daha profesyonel adamlar \u00e7al\u0131\u015ft\u0131rsayd\u0131, bu s\u00f6zde ele\u015ftirilerin muhatab\u0131 da olmayacakt\u0131.  <\/p>\n<p> K\u00fcreselle\u015fme, T\u00fcrkiye&#39;yi her ge\u00e7en g\u00fcn biraz daha h\u0131rpal\u0131yor. D\u00fcnyan\u0131n ba\u015fka bir b\u00f6lgesinde olsayd\u0131k, buna kar\u015f\u0131 direnecek bir anlay\u0131\u015f\u0131n farkl\u0131 bir temelde y\u00fckselebilece\u011finden bahsedebilirdik. Soldan ya da \u015fartlara g\u00f6re yeni bir dil olu\u015fturan bir sosyalist ak\u0131mdan s\u00f6z a\u00e7abilirdik. Nitekim d\u00fcnyada yeniden b\u00f6yle g\u00fc\u00e7l\u00fc bir y\u00f6neli\u015f var.  <\/p>\n<p> Fakat bizim \u00fclkemiz s\u00f6z konusu olunca, bu b\u00fcy\u00fck sald\u0131r\u0131 kar\u015f\u0131s\u0131nda \u0130slam&#39;\u0131n d\u0131\u015f\u0131nda bir ruhun harekete ge\u00e7irici olmas\u0131 m\u00fcmk\u00fcn de\u011fil. B\u00f6yle bir ba\u015fkald\u0131r\u0131n\u0131n \u00f6n\u00fcne ge\u00e7ilmesi i\u00e7in, sanki bu ruha sahipmi\u015f gibi davranan bir iktidara ihtiya\u00e7 vard\u0131; i\u015fte o da kar\u015f\u0131m\u0131zda. Mesela milletin &quot;yast\u0131k alt\u0131&quot; diye tan\u0131mlanan birikimlerini &quot;sistem&quot;e kazand\u0131rma konusunda CHP, AKP kadar inand\u0131r\u0131c\u0131 olabilir miydi? Elbette hay\u0131r. Ancak ve ancak &quot;sistem&quot;e inanc\u0131 tam, &quot;borsa&quot;ya iman\u0131 kay\u0131ts\u0131z \u015farts\u0131z olan ve hamburgeri lahmacunla yenece\u011fini d\u00fc\u015f\u00fcnen bir hareket bu i\u015f i\u00e7in bi\u00e7ilmi\u015f kaftan olabilirdi; oldu da.  <\/p>\n<p> Dervi\u015f&#39;le Unak\u0131tan&#39;\u0131n tek ortak noktalar\u0131n\u0131n isimleri olmad\u0131\u011f\u0131n\u0131 art\u0131k kabul edelim.  <\/p>\n<p align=\"center\"> &#160; <\/p>\n<p align=\"center\"> &#160; <\/p>\n<p align=\"center\"> &#160; <\/p>\n<p align=\"center\"> &#160; <\/p>\n<p align=\"center\"> &#160; <\/p>\n<p align=\"center\"> &#160; <\/p>\n<p align=\"center\"> &#160; <\/p>\n<p align=\"center\"> &#160; <\/p>\n<p> <\/p>\n<hr \/>\n<p> <a name=\"_ftn1\" href=\"#_ftnref1\" title=\"_ftn1\">[1]<\/a> Arslan Bulut \/ Yeni \u00c7a\u011f Gazetesi \/ 01.01.2006  <\/p>\n<p> <a name=\"_ftn2\" href=\"#_ftnref2\" title=\"_ftn2\">[2]<\/a> Ardan Zent\u00fcrk \/ Star Gazetesi \/ 02.01.2006  <\/p>\n","protected":false},"excerpt":{"rendered":"<p>\u00a0  <\/p>\n<p> <strong><em>Fener Rum Patrik&#39;i Bartholomeos, ayin i\u00e7in Amerika&#39;ya; hem de ek\u00fcmenik s\u0131fat\u0131yla \u00e7a\u011f\u0131r\u0131ld\u0131.<\/em><\/strong>  <\/p>\n<p> <strong>ABD&#39;nin, Patrik&#39;i BOP i\u00e7in haz\u0131rlad\u0131\u011f\u0131 kesinlik kazand\u0131 <\/strong> <\/p>\n<p> <strong><em>Fener Rum Patrik&#39;i Batrholemeos, Amerika Ba\u015fpiskoposlu\u011fu&#39;nun davetlisi olarak vaftiz bayram\u0131 ayinini y\u00f6netmek i\u00e7in Amerika&#39;ya gitti. Her y\u0131l T\u00fcrkiye&#39;de ger\u00e7ekle\u015ftirilen \u0130sa Mesih&#39;in vaftiz g\u00fcn\u00fc kutlamas\u0131n\u0131n bu y\u0131l Patrik Bartholemeos&#39;un y\u00f6netece\u011fi bir ayinle Amerika&#39;n\u0131n Florida sahilinde kutlanacak olmas\u0131 ku\u015fkuyla kar\u015f\u0131land\u0131.<\/em><\/strong>  <\/p>\n<p> <strong><em>Patrikhane konusunda kapsaml\u0131 ara\u015ft\u0131rmalar\u0131yla g\u00fcndeme gelen Ara\u015ft\u0131rmac\u0131-Yazar Aytun\u00e7 Alt\u0131ndal ise: &quot;ayinin Amerika&#39;da yap\u0131lacak olmas\u0131n\u0131 Amerikan-Rus kap\u0131\u015fmas\u0131 \u015feklinde yorumlayarak, &quot;T\u00fcrkiye ile bunun ba\u011flant\u0131s\u0131 ise Amerika&#39;n\u0131n BOP \u00e7er\u00e7evesinde bu patrikhaneyi Rusya&#39;ya kar\u015f\u0131 kullanmak istemesidir&quot;g\u00f6r\u00fc\u015f\u00fcn\u00fc a\u00e7\u0131klad\u0131.<\/em><\/strong>  <\/p>\n","protected":false},"author":9,"featured_media":0,"comment_status":"open","ping_status":"closed","sticky":false,"template":"","format":"standard","meta":{"footnotes":""},"categories":[36],"tags":[],"class_list":["post-200","post","type-post","status-publish","format-standard","hentry","category-nisan-2006"],"_links":{"self":[{"href":"https:\/\/www.millicozum.com\/mc\/wp-json\/wp\/v2\/posts\/200","targetHints":{"allow":["GET"]}}],"collection":[{"href":"https:\/\/www.millicozum.com\/mc\/wp-json\/wp\/v2\/posts"}],"about":[{"href":"https:\/\/www.millicozum.com\/mc\/wp-json\/wp\/v2\/types\/post"}],"author":[{"embeddable":true,"href":"https:\/\/www.millicozum.com\/mc\/wp-json\/wp\/v2\/users\/9"}],"replies":[{"embeddable":true,"href":"https:\/\/www.millicozum.com\/mc\/wp-json\/wp\/v2\/comments?post=200"}],"version-history":[{"count":0,"href":"https:\/\/www.millicozum.com\/mc\/wp-json\/wp\/v2\/posts\/200\/revisions"}],"wp:attachment":[{"href":"https:\/\/www.millicozum.com\/mc\/wp-json\/wp\/v2\/media?parent=200"}],"wp:term":[{"taxonomy":"category","embeddable":true,"href":"https:\/\/www.millicozum.com\/mc\/wp-json\/wp\/v2\/categories?post=200"},{"taxonomy":"post_tag","embeddable":true,"href":"https:\/\/www.millicozum.com\/mc\/wp-json\/wp\/v2\/tags?post=200"}],"curies":[{"name":"wp","href":"https:\/\/api.w.org\/{rel}","templated":true}]}}