{"id":2023,"date":"2011-04-26T09:02:10","date_gmt":"2011-04-26T09:02:10","guid":{"rendered":"https:\/\/www.millicozum.com\/mc\/2011\/04\/26\/recep-beyin-hacli-hizmetciligi-ve-muhalefetin-dolayli-destegi\/"},"modified":"2011-04-26T09:02:10","modified_gmt":"2011-04-26T09:02:10","slug":"recep-beyin-hacli-hizmetciligi-ve-muhalefetin-dolayli-destegi","status":"publish","type":"post","link":"https:\/\/www.millicozum.com\/mc\/2011\/mayis-2011\/recep-beyin-hacli-hizmetciligi-ve-muhalefetin-dolayli-destegi\/","title":{"rendered":"RECEP BEY\u2019\u0130N HA\u00c7LI H\u0130ZMET\u00c7\u0130L\u0130\u011e\u0130 VE MUHALEFET\u0130N DOLAYLI DESTE\u011e\u0130"},"content":{"rendered":"<p><span style=\"font-family: arial,helvetica,sans-serif;\">   <\/span> <\/p>\n<p><span style=\"font-family: arial,helvetica,sans-serif;\"><b>\u0130ktidar muhalefet kol kola giriyordu!<\/b><\/span><\/p>\n<p><span style=\"font-family: arial,helvetica,sans-serif;\"><b>Libya m\u00fcdahalesine T\u00fcrk askeri ve gemilerinin kat\u0131lmas\u0131na ili\u015fkin tezkere; iktidar partisi AKP ile muhalefet partileri CHP ve MHP\u2019yi yan yana getirip kucakla\u015ft\u0131rm\u0131\u015ft\u0131.<\/b><\/span><\/p>\n<p><span style=\"font-family: arial,helvetica,sans-serif;\">AKP h\u00fck\u00fcmeti taraf\u0131ndan TBMM\u2019ye sunulan tezkere, AKP i\u00e7inde az da olsa bir s\u0131k\u0131nt\u0131 yaratm\u0131\u015ft\u0131. Ancak Tezkereye CHP\u2019nin kar\u015f\u0131 \u00e7\u0131kmayaca\u011f\u0131n\u0131n \u00f6\u011frenilmesi \u00fczerine AKP rahatlam\u0131\u015ft\u0131. Muhalefet etmesi beklenen milletvekillerinin kontrol alt\u0131na al\u0131nmas\u0131na art\u0131k gerek duyulmam\u0131\u015ft\u0131. Hatta baz\u0131lar\u0131na \u201cRet verecekseniz oylamaya kat\u0131lmay\u0131n\u201d uyar\u0131s\u0131 yap\u0131lm\u0131\u015ft\u0131.<\/span><\/p>\n<p><span style=\"font-family: arial,helvetica,sans-serif;\"><b>Oylama s\u0131ras\u0131nda K\u0131l\u0131\u00e7daro\u011flu \u0130stanbul\u2019dayd\u0131<\/b><\/span><\/p>\n<p><span style=\"font-family: arial,helvetica,sans-serif;\">TBMM\u2019de d\u00fcn Libya\u2019ya asker g\u00f6ndermeyi i\u00e7eren tezkere g\u00f6r\u00fc\u015f\u00fcl\u00fcrken CHP\u2019nin ne tutum alaca\u011f\u0131 merak ediliyordu. CHP grup y\u00f6netimi g\u00f6r\u00fc\u015fme \u00f6ncesinde 2 saat s\u00fcren bir toplant\u0131 yapm\u0131\u015ft\u0131. Zaman zaman sert tart\u0131\u015fmalar\u0131n yap\u0131ld\u0131\u011f\u0131 toplant\u0131da, K\u0131l\u0131\u00e7daro\u011flu\u2019nun talimat\u0131yla tezkerede \u201ckabul\u201d oyu verilmesi kararla\u015ft\u0131r\u0131lm\u0131\u015ft\u0131. TBMM\u2019de T\u00fcrkiye a\u00e7\u0131s\u0131ndan kritik \u00f6neme sahip karar al\u0131n\u0131rken, CHP Genel Ba\u015fkan\u0131 K\u0131l\u0131\u00e7daro\u011flu \u0130stanbul\u2019da Sabanc\u0131 M\u00fczesi\u2019ni gezmi\u015f, Sar\u0131yer\u2019de \u00e7ay yudumlam\u0131\u015ft\u0131.<\/span><\/p>\n<p><span style=\"font-family: arial,helvetica,sans-serif;\">CHP eski Genel Ba\u015fkan\u0131 Deniz Baykal ise Antalya\u2019dayd\u0131. CHP y\u00f6netiminin Tezkereye Kabul oyu verilmesi karar\u0131 almas\u0131 milletvekilleri aras\u0131nda hayal k\u0131r\u0131kl\u0131\u011f\u0131 yaratm\u0131\u015ft\u0131. Milletvekilli\u011fi aday listesinin karara ba\u011flanaca\u011f\u0131 11 Nisan\u2019a az bir s\u00fcre kald\u0131\u011f\u0131 i\u00e7in a\u00e7\u0131ktan tutum almayan baz\u0131 milletvekilleri, tepkilerini kulislerde a\u00e7\u0131klam\u0131\u015ft\u0131. Bir milletvekili. \u201cMalum nedenlerle a\u00e7\u0131k konu\u015fam\u0131yoruz. Ama parti patlamak \u00fczere. Partinin yeni y\u00f6netimindeki baz\u0131 ki\u015filer CHP\u2019nin felsefesine ayk\u0131r\u0131 davran\u0131\u015flar sergiliyor. Kimi \u2018meclis\u2019e t\u00fcrbanl\u0131 milletvekili gelebilir\u2019 diyor, kimi Amerika\u2019ya gidiyor. Yeni CHP de\u011fil, yeni AKP olduk. B\u00fcy\u00fck hesapla\u015fmalar ya\u015fanaca\u011f\u0131 a\u00e7\u0131k\u201d \u015feklinde yak\u0131nmaktayd\u0131.<\/span><\/p>\n<p><span style=\"font-family: arial,helvetica,sans-serif;\">Tezkere TBMM\u2019ye gelmeden \u00f6nce ABD b\u00fcy\u00fckel\u00e7isi Ricciardone\u2019nin CHP\u2019yi ziyaret etti\u011fi hat\u0131rlanmal\u0131yd\u0131. Arkas\u0131ndan D\u0131\u015fi\u015fleri Bakan\u0131 Davuto\u011flu, K\u0131l\u0131\u00e7daro\u011flu ile bulu\u015fmu\u015flard\u0131. K\u0131l\u0131\u00e7daro\u011flu bu g\u00f6r\u00fc\u015fmelerden sonra h\u00fck\u00fcmetin Libya politikas\u0131n\u0131 do\u011fru buldu\u011funu a\u00e7\u0131klam\u0131\u015ft\u0131.\u201d <b>Yani, AKP, CHP ve MHP temel konularda d\u0131\u015f g\u00fc\u00e7lerin talimat\u0131 do\u011frultusunda hareket ediyorlard\u0131. Birbirlerine at\u0131p tutmalar\u0131, sadece teferruatt\u0131..<\/b><\/span><\/p>\n<p><span style=\"font-family: arial,helvetica,sans-serif;\"><b>Obama Erdo\u011fan&#8217;a niye te\u015fekk\u00fcr ediyordu?<\/b><\/span><\/p>\n<p><span style=\"font-family: arial,helvetica,sans-serif;\"><b>Ba\u015fbakan Recep Tayyip Erdo\u011fan ile ABD Ba\u015fkan\u0131 Barack Obama&#8217;n\u0131n Libya konusunda yapt\u0131klar\u0131 telefon g\u00f6r\u00fc\u015fmesinde, Obama T\u00fcrkiye&#8217;ye; Amerika\u2019ya yard\u0131mlar\u0131ndan dolay\u0131 te\u015fekk\u00fcr\u00fcn\u00fc aktarm\u0131\u015f ve liderler Libya&#8217;da NATO d\u00e2hil &#8216;geni\u015f tabanl\u0131 uluslararas\u0131 gayret&#8217;in gere\u011finde mutab\u0131k kalm\u0131\u015ft\u0131.<\/b><\/span><\/p>\n<p><span style=\"font-family: arial,helvetica,sans-serif;\">Ba\u015fkan Obama&#8217;n\u0131n Ba\u015fbakan Erdo\u011fan&#8217;a T\u00fcrkiye&#8217;nin Libya&#8217;da d\u00f6rt New York Times muhabirinin serbest b\u0131rak\u0131lmas\u0131 ve Tunus&#8217;a sa\u011f salim ula\u015fmas\u0131 d\u00e2hil, devam eden insani yard\u0131mlar\u0131 konusunda &#8216;\u015f\u00fckran&#8217;lar\u0131n\u0131 ifade etti\u011fi a\u00e7\u0131klanm\u0131\u015ft\u0131. Erdo\u011fan ve Obama, Libyal\u0131lara halk\u0131n iradesine sayg\u0131l\u0131 bir demokratik sistem kurarak &#8216;\u00fclkelerini d\u00f6n\u00fc\u015ft\u00fcrme f\u0131rsat\u0131&#8217; sa\u011flama hedefinde yard\u0131ma &#8216;m\u00fc\u015fterek ba\u011fl\u0131l\u0131klar\u0131 da \u00f6zellikle vurgulanm\u0131\u015ft\u0131.\u201d<a href=\"#_ftn1\" name=\"_ftnref1\">[1]<\/a> Bunun anlam\u0131, Libya\u2019n\u0131n BOP \u00e7er\u00e7evesinde par\u00e7alanmas\u0131yd\u0131.<\/span><\/p>\n<p><span style=\"font-family: arial,helvetica,sans-serif;\"><b>Libya&#8217;da Irak Bata\u011f\u0131 korkusu ya\u015fan\u0131yordu<\/b><\/span><\/p>\n<p><span style=\"font-family: arial,helvetica,sans-serif;\">Bat\u0131l\u0131 g\u00fc\u00e7lerin Libya&#8217;da ba\u015flatt\u0131\u011f\u0131 operasyonun komutas\u0131n\u0131 kimin devralaca\u011f\u0131 konusunda fikir ayr\u0131l\u0131klar\u0131 ya\u015fan\u0131rken, sava\u015f\u0131n Irak ve Afganistan\u2019daki gibi bir a\u00e7maza d\u00f6n\u00fc\u015fece\u011fi y\u00f6n\u00fcndeki endi\u015feleri giderek artm\u0131\u015ft\u0131. G\u00fcvenlik uzmanlar\u0131na g\u00f6re, BM tarafs\u0131z olur, sivil katliam\u0131n\u0131 \u00f6nlemeye \u00e7al\u0131\u015f\u0131rsa \u00e7\u00f6z\u00fcm sa\u011flan\u0131rd\u0131. Kara operasyonu ise \u00fclkeyi kaosa ve karde\u015f kavgas\u0131na ta\u015f\u0131rd\u0131. Ve zaten b\u00f6yle olmas\u0131 ama\u00e7lanm\u0131\u015ft\u0131<\/span><\/p>\n<p><span style=\"font-family: arial,helvetica,sans-serif;\">Ancak T\u00fcrkiye, ne Fransa ne de Amerika taraf\u0131ndan yeterince dikkate al\u0131nmam\u0131\u015f, sadece fig\u00fcran olarak kullan\u0131lm\u0131\u015ft\u0131. \u0130ngiltere Savunma Bakan Yard\u0131mc\u0131s\u0131 Nick Harvey&#8217;in Libya&#8217;ya kara birli\u011fi konu\u015fland\u0131rma se\u00e7ene\u011finin ihtimal d\u0131\u015f\u0131 tutulamayaca\u011f\u0131n\u0131 s\u00f6ylemesi, Irak senaryosu konusundaki endi\u015feleri art\u0131rm\u0131\u015ft\u0131. Rusya, \u00c7in, Almanya ve Arap Birli\u011fi&#8217;nden de operasyona ili\u015fkin ayk\u0131r\u0131 sesler \u00e7\u0131kmaya ba\u015flam\u0131\u015ft\u0131. \u00c7in y\u00f6netimi, m\u00fcdahalenin sivillerin \u00f6lmesinden duydu\u011fu &#8220;derin kayg\u0131y\u0131&#8221; dile getirerek, &#8220;insani felaket&#8221; olabilece\u011fi uyar\u0131s\u0131nda bulunup bu \u00fclkedeki \u00e7at\u0131\u015fmalar\u0131n sona erdirilmesi \u00e7a\u011fr\u0131s\u0131n\u0131 yapm\u0131\u015ft\u0131. Hindistan, uluslararas\u0131 koalisyonun Libya&#8217;n\u0131n i\u015flerine kar\u0131\u015fma hakk\u0131 bulunmad\u0131\u011f\u0131n\u0131 a\u00e7\u0131klam\u0131\u015ft\u0131. Kuzey Afrika \u00fclkesi Cezayir de uluslararas\u0131 koalisyonun Libya&#8217;ya hava bombard\u0131man\u0131n\u0131n BM karar\u0131na g\u00f6re orant\u0131s\u0131z oldu\u011funu belirterek, \u00e7at\u0131\u015fmalar\u0131n derhal durdurulmas\u0131 \u00e7a\u011fr\u0131s\u0131 yapm\u0131\u015ft\u0131.<a href=\"#_ftn2\" name=\"_ftnref2\">[2]<\/a><\/span><\/p>\n<p><span style=\"font-family: arial,helvetica,sans-serif;\"><b>Erdo\u011fan iki g\u00fcnde ni\u00e7in \u00e7ark ediyordu?<\/b><\/span><\/p>\n<p><span style=\"font-family: arial,helvetica,sans-serif;\"><b>Daha \u00f6nce Libya&#8217;ya m\u00fcdahaleye kar\u015f\u0131 oldu\u011funu a\u00e7\u0131klayan Ba\u015fbakan Erdo\u011fan, birdenbire Libya&#8217;ya sava\u015f gemileri ile denizalt\u0131 g\u00f6nderecek noktaya geliyordu. T\u00fcrkiye&#8217;nin bu kadar \u00f6nemli bir konuda k\u0131sa s\u00fcrede karar de\u011fi\u015ftirmesinin sebebi kamuoyu taraf\u0131ndan merak ediliyordu.<\/b><\/span><\/p>\n<p><span style=\"font-family: arial,helvetica,sans-serif;\">Ba\u015fbakan Recep Tayyip Erdo\u011fan&#8217;\u0131n Davos&#8217;ta \u0130srail Cumhurba\u015fkan\u0131 \u015eimon Peres&#8217;e Gazze&#8217;de yapt\u0131klar\u0131 sald\u0131r\u0131lar sonras\u0131 s\u00f6ylemi\u015f oldu\u011fu &#8216;One minute&#8217; s\u00f6z\u00fc sonras\u0131 \u0130slam \u00fclkelerindeki imaj\u0131 birden y\u00fckseliyordu. Son d\u00f6nemdeki T\u00fcrkiye&#8217;nin \u00f6zellikle Ortado\u011fu&#8217;da yapm\u0131\u015f oldu\u011fu etkili d\u0131\u015f politik a\u00e7\u0131l\u0131mlar sonras\u0131 d\u00fcnyada edindi\u011fimiz imaj bu g\u00fcnlerde ise giderek azal\u0131yordu.<\/span><\/p>\n<p><span style=\"font-family: arial,helvetica,sans-serif;\"><b>\u00d6nce \u201cLibya&#8217;da NATO&#8217;nun ne i\u015fi var\u201d diye horozlan\u0131yordu!?<\/b><\/span><\/p>\n<p><span style=\"font-family: arial,helvetica,sans-serif;\">Tunus ile ba\u015flay\u0131p M\u0131s\u0131r ve Libya ile devam eden halk ayaklanmalar\u0131 sonras\u0131 T\u00fcrkiye&#8217;nin ortaya koydu\u011fu tav\u0131r, daha \u00f6nceki tavr\u0131ndan neredeyse ters bir istikamette devam ediyordu. Son olarak Libya konusunda yakla\u015f\u0131k bir ay \u00f6nce Ba\u015fbakan Erdo\u011fan, T\u00fcrk Alman Ticaret ve Sanayi Odas\u0131 taraf\u0131ndan d\u00fczenlenen Ekonomi Bulu\u015fmas\u0131 adl\u0131 toplant\u0131da Ortado\u011fu&#8217;daki halk hareketlerine de\u011finerek, \u00f6nemli a\u00e7\u0131klamalarda bulunmu\u015ftu.<\/span><\/p>\n<p><span style=\"font-family: arial,helvetica,sans-serif;\">NATO&#8217;nun Libya&#8217;ya m\u00fcdahale taleplerinin kar\u015f\u0131s\u0131nda olduklar\u0131n\u0131 bir ay \u00f6nce a\u00e7\u0131klayan Erdo\u011fan, Almanya&#8217;da \u015fu ifadeleri kullan\u0131yordu:&nbsp; <b><i>&#8220;NATO&#8217;nun ne i\u015fi var Libya&#8217;da? NATO, mensubu olan \u00fclkelerden birine herhangi bir m\u00fcdahale yap\u0131lmas\u0131 halinde b\u00f6yle bir \u015feyi g\u00fcndeme getirebilir. Bunun d\u0131\u015f\u0131nda Libya&#8217;ya nas\u0131l m\u00fcdahale edebilir? Bak\u0131n T\u00fcrkiye olarak biz dedik ki bunun kar\u015f\u0131s\u0131nday\u0131z. B\u00f6yle bir \u015fey konu\u015fulamaz, b\u00f6yle bir \u015fey d\u00fc\u015f\u00fcn\u00fclemez. Ve \u015funu bilmeliyiz. Kendi mukadderatlar\u0131n\u0131 o \u00fclkelerin halklar\u0131 belirlemelidir. Kimse de\u011fil. Kimse kalk\u0131p da o \u00fclkelerdeki petrol kuyular\u0131n\u0131n hesab\u0131n\u0131 yapmas\u0131n. S\u0131k\u0131nt\u0131 burada. Demokrasi ad\u0131na, temel hak ve \u00f6zg\u00fcrl\u00fckler ad\u0131na tavsiyelerde bulunal\u0131m ama petrol\u00fcn hesab\u0131n\u0131 yapmayal\u0131m. \u00c7\u00fcnk\u00fc bunun faturas\u0131, bunun bedeli \u00e7ok a\u011f\u0131r olur. Burada, Libya halk\u0131n\u0131 ve yabanc\u0131 \u00fclkelerin vatanda\u015flar\u0131n\u0131 s\u0131k\u0131nt\u0131ya sokacak her t\u00fcrl\u00fc giri\u015fimden sak\u0131n\u0131lmas\u0131 gerekiyor.&#8221;<\/i><\/b><\/span><\/p>\n<p><span style=\"font-family: arial,helvetica,sans-serif;\">Libya&#8217;ya askeri sald\u0131r\u0131 yap\u0131lmadan \u00f6nce Erdo\u011fan&#8217;\u0131n yapm\u0131\u015f oldu\u011fu bu \u00e7\u0131k\u0131\u015fa ra\u011fmen, BM karar\u0131 do\u011frultusunda ger\u00e7ekle\u015fen m\u00fcdahale sonras\u0131 yapt\u0131\u011f\u0131 a\u00e7\u0131klama herkesi \u015fa\u015f\u0131rt\u0131yordu. Erdo\u011fan&#8217;\u0131n AK Parti Grup Toplant\u0131s\u0131&#8217;nda yapt\u0131\u011f\u0131 konu\u015fmadaki \u015fu s\u00f6zleri d\u00f6nekli\u011fin yeni bir versiyonuydu: <b><i>&#8220;Libya halk\u0131n\u0131n esenli\u011fini, huzurunu, Libya&#8217;n\u0131n i\u00e7 bar\u0131\u015f\u0131n\u0131 temel hedef olarak g\u00f6r\u00fcyoruz. Bunu sa\u011flayacak \u015fekilde ad\u0131mlar at\u0131lmas\u0131 i\u00e7in temaslar\u0131m\u0131z\u0131 yo\u011fun bir \u015fekilde s\u00fcrd\u00fcr\u00fcyoruz. T\u00fcrkiye asla ve asla Libya halk\u0131na silah do\u011frultan taraf olmayacak. Sonu\u00e7 getirecek, Libya&#8217;n\u0131n i\u00e7 bar\u0131\u015f\u0131n\u0131 tesis edecek \u00e7abalara da T\u00fcrkiye her zaman destek olmaya devam edecek&#8221;<\/i> Yani Erdo\u011fan Libya\u2019ya askeri m\u00fcdahaleye ye\u015fil \u0131\u015f\u0131k yak\u0131yordu.<\/b><\/span><\/p>\n<p><span style=\"font-family: arial,helvetica,sans-serif;\">\u00d6nce &#8220;NATO&#8217;nun Libya&#8217;da ne i\u015fi var?&#8221; diye soran Ba\u015fbakan Erdo\u011fan\u2019\u0131n, k\u0131sa bir s\u00fcre sonra TBMM&#8217;ye kendi imzas\u0131 ile g\u00f6nderdi\u011fi tezkere ile NATO&#8217;nun emrine sava\u015f gemilerini vermek istemesi dikkat \u00e7ekiyordu. Libya konusunda h\u00fck\u00fcmet tezkeresi daha TBMM&#8217;de g\u00f6r\u00fc\u015f\u00fcl\u00fcp oylanmadan Deniz Kuvvetlerine ba\u011fl\u0131 sava\u015f gemileri \u00e7oktan yola \u00e7\u0131kar\u0131l\u0131yordu. TBMM&#8217;den onay al\u0131nmadan hangi emir ve yetki ile bu karar\u0131n al\u0131nd\u0131\u011f\u0131 bilinmiyordu.<\/span><\/p>\n<p><span style=\"font-family: arial,helvetica,sans-serif;\"><b>Tezkere, 3 saatte ve CHP ile MHP\u2019nin katk\u0131s\u0131yla ge\u00e7iyordu!<\/b><\/span><\/p>\n<p><span style=\"font-family: arial,helvetica,sans-serif;\">TBBM Genel Kurulu\u2019nda \u201cLibya\u2019da istikrar ve g\u00fcvenli\u011fin yeniden sa\u011flanmas\u0131 i\u00e7in uluslar aras\u0131 \u00e7abalara \u00e7ok boyutlu katk\u0131da bulunmak \u00fczere yabanc\u0131 \u00fclkelere g\u00f6nderilmesine ili\u015fkin\u201d ba\u015fbakanl\u0131k tezkeresi kabul ediliyordu. Genel Kurulda tezkerenin kapal\u0131 oturumdaki g\u00f6r\u00fc\u015fmeleri, yakla\u015f\u0131k 3 saat s\u00fcr\u00fcyordu. Tezkerenin gerek\u00e7esinde; \u201c\u00dclkemizin b\u00f6lgeyle siyasi, ekonomik, tarihi ve k\u00fclt\u00fcrel ili\u015fkileri \u00e7er\u00e7evesinde al\u0131nan BM G\u00fcvenlik Konseyi kararlar\u0131n\u0131n uygulanmas\u0131na askeri katk\u0131 da d\u00e2hil destek vermesi ve uluslar aras\u0131 \u00e7abalara etkin \u015fekilde kat\u0131lmas\u0131 ayn\u0131 zamanda ulusal \u00e7\u0131karlar\u0131m\u0131z\u0131n bir gere\u011fidir\u201d mazeretlerine yer veriliyordu.<a href=\"#_ftn3\" name=\"_ftnref3\">[3]<\/a><\/span><\/p>\n<p><span style=\"font-family: arial,helvetica,sans-serif;\"><b>Recep Bey, BOP e\u015fba\u015fkanl\u0131\u011f\u0131n\u0131n gere\u011fini yap\u0131yordu!<\/b><\/span><\/p>\n<p><span style=\"font-family: arial,helvetica,sans-serif;\">Recep Erdo\u011fan\u2019\u0131n iki y\u00fcz\u00fc ortaya \u00e7\u0131km\u0131\u015ft\u0131! Bir y\u00fcz\u00fcnde &#8220;Libyal\u0131 karde\u015flerimize silah do\u011frultan taraf olmayaca\u011f\u0131z&#8221; s\u00f6z\u00fc vard\u0131. \u00d6teki y\u00fcz\u00fcnde ise &#8220;T\u00fcrkiye Libya&#8217;da ABD&#8217;nin hamisi, koruyucu g\u00fcc\u00fc olacak&#8221; iddias\u0131 yer almaktayd\u0131! &#8220;Libyal\u0131 karde\u015flerimize silah do\u011frultmamak&#8221; ne kadar do\u011fru ise, &#8220;Libyal\u0131 karde\u015flerimize silah do\u011frultan ABD&#8217;nin koruyucu g\u00fcc\u00fc olmak\u201d o denli yanl\u0131\u015ft\u0131!<\/span><\/p>\n<p><span style=\"font-family: arial,helvetica,sans-serif;\">ABD&#8217;nin hamisi olmak gibi bir laf ilk etapta kula\u011fa \u00e7ok ho\u015f geliyordu! &#8220;Amerika s\u0131k\u0131\u015ft\u0131, biz de onlar\u0131n yard\u0131m\u0131na ko\u015fuyoruz&#8221; gibisinden bir hava estiriliyordu! Ancak &#8220;Amerika neden s\u0131k\u0131\u015ft\u0131, ba\u015f\u0131 niye derde girdi?&#8221; gibi sorulara cevap aray\u0131nca estirilen havan\u0131n arkas\u0131ndaki ger\u00e7ek ortaya \u00e7\u0131k\u0131veriyordu! Amerika, Libya&#8217;ya silah do\u011frultunca, Libya\u2019da \u00fclkesindeki Amerikal\u0131lara kar\u015f\u0131 tavr\u0131n\u0131 sertle\u015ftiriyordu!<\/span><\/p>\n<p><span style=\"font-family: arial,helvetica,sans-serif;\">\u015eimdi Recep Bey, ABD&#8217;nin Libya&#8217;daki hamisi olarak, orada s\u0131k\u0131\u015f\u0131p kalan Amerikan vatanda\u015flar\u0131na el\u00e7ilik hizmetleri vaat ediyordu.<\/span><\/p>\n<p><span style=\"font-family: arial,helvetica,sans-serif;\">Baz\u0131lar\u0131m\u0131z Erdo\u011fan\u2019\u0131n: &#8220;Silah do\u011frultan taraf olmayaca\u011f\u0131z&#8221; laf\u0131n\u0131 &#8220;Silah do\u011frultanlara da arka \u00e7\u0131kmayaca\u011f\u0131m\u0131z&#8221; \u015feklinde alg\u0131lay\u0131p yan\u0131l\u0131yordu. Bu arada AKP\u2019nin NATO operasyonlar\u0131na Arap d\u00fcnyas\u0131n\u0131n kat\u0131lmas\u0131 yolunda yap\u0131lan \u00e7al\u0131\u015fmalar\u0131n mant\u0131\u011f\u0131n\u0131 da kimse \u00e7\u00f6zemiyordu.<\/span><\/p>\n<p><span style=\"font-family: arial,helvetica,sans-serif;\">NATO&#8217;nun operasyon yapmas\u0131n\u0131n \u00f6n\u00fcne ge\u00e7mek yerine bu operasyonlara Arap d\u00fcnyas\u0131n\u0131n kat\u0131lmas\u0131n\u0131 \u00f6nermek BOP e\u015fba\u015fkan\u0131na d\u00fc\u015f\u00fcyordu.<\/span><\/p>\n<p><span style=\"font-family: arial,helvetica,sans-serif;\"><b>Libya&#8217;ya h\u0131zl\u0131 m\u00fcdahale Bo\u015fnaklar\u0131 \u015fa\u015f\u0131rt\u0131yordu<\/b><\/span><\/p>\n<p><span style=\"font-family: arial,helvetica,sans-serif;\"><b>Bosna-Hersek&#8217;te 1992-1995 y\u0131llar\u0131 aras\u0131nda s\u00fcren sava\u015fta i\u015flenen cinayetlere, sistematik tecav\u00fczlere, hatta &#8221;g\u00fcvenli b\u00f6lge&#8221; ilan etti\u011fi Srebrenitsa&#8217;da daha sonra &#8221;soyk\u0131r\u0131m&#8221; olarak tan\u0131mak zorunda kald\u0131\u011f\u0131 trajediye kar\u015f\u0131 m\u00fcdahalede bulunmayan BM&#8217;nin, Libya&#8217;ya kar\u015f\u0131 hava sald\u0131r\u0131s\u0131 ba\u015flatmas\u0131, ba\u015fta Bo\u015fnaklar\u0131 ve di\u011fer halklar\u0131 \u015fa\u015f\u0131rtm\u0131\u015ft\u0131.<\/b><\/span><\/p>\n<p><span style=\"font-family: arial,helvetica,sans-serif;\">Avrupa&#8217;n\u0131n tam ortas\u0131ndaki Bosna-Hersek&#8217;te ya\u015fanan sava\u015fta y\u00fcz binin \u00fczerinde sivil katledildi, 50 bine yak\u0131n kad\u0131n ise toplama kamplar\u0131nda sistematik tecav\u00fcze u\u011fram\u0131\u015ft\u0131. Sava\u015f\u0131n ba\u015flad\u0131\u011f\u0131 1992 y\u0131l\u0131ndan sona erdi\u011fi 1995 y\u0131l\u0131na kadar defalarca toplanan BM ve NATO&#8217;dan, S\u0131rp sald\u0131r\u0131lar\u0131n\u0131 ve \u00c7entiklerin katliamlar\u0131n\u0131 durdurmak i\u00e7in bir t\u00fcrl\u00fc askeri m\u00fcdahale karar\u0131 \u00e7\u0131kmam\u0131\u015ft\u0131. Bo\u015fnaklar, bu karar\u0131n \u00e7\u0131kmamas\u0131nda en b\u00fcy\u00fck engelin d\u00f6nemin Fransa Cumhurba\u015fkan\u0131 Fran\u00e7ois Mitterrand oldu\u011funun fark\u0131ndayd\u0131. Sava\u015f\u0131 ya\u015fayan Bo\u015fnak yetkililer, BM ve NATO&#8217;nun sava\u015f zaman\u0131nda \u00c7entiklere m\u00fcdahalesinin s\u00fcrekli Mitterrand taraf\u0131ndan engellendi\u011fini belirtiyor ve bug\u00fcn ayn\u0131 Fransa&#8217;n\u0131n Libya&#8217;ya kar\u015f\u0131 sald\u0131r\u0131da \u00f6nc\u00fc rol oynamas\u0131n\u0131n alt\u0131ndaki gerek\u00e7eyi merak ediyordu.<\/span><\/p>\n<p><span style=\"font-family: arial,helvetica,sans-serif;\">Sava\u015f zaman\u0131nda Bosna-Hersek ordusunda Genelkurmay Ba\u015fkan\u0131 olarak g\u00f6rev yapan, halen Travnik \u00dcniversitesi Hukuk Fak\u00fcltesi \u00f6\u011fretim \u00fcyesi Emekli Korgeneral Do\u00e7. Dr. Cemal Nayetovi\u00e7, Libya&#8217;ya kar\u015f\u0131 yap\u0131lan hava sald\u0131r\u0131s\u0131n\u0131 de\u011ferlendirirken: \u201cBosna&#8217;daki sava\u015f s\u0131ras\u0131nda NATO birliklerinin \u00c7etniklerin askeri hedeflerini vurmas\u0131 gerekirken, d\u00f6nemin Fransa Cumhurba\u015fkan\u0131 Mitterrand&#8217;\u0131n, &#8221;Bosna&#8217;ya askeri m\u00fcdahaleye gerek olmad\u0131\u011f\u0131, sadece insani yard\u0131ma ihtiya\u00e7 oldu\u011fu&#8221; y\u00f6n\u00fcndeki s\u00f6zlerinin bu harek\u00e2t\u0131 do\u011frudan engelledi\u011fini s\u00f6yl\u00fcyordu.<\/span><\/p>\n<p><span style=\"font-family: arial,helvetica,sans-serif;\">Fransa&#8217;n\u0131n \u015fimdiki Cumhurba\u015fkan\u0131 Nicolas Sarkozy&#8217;nin Libya&#8217;ya kar\u015f\u0131 &#8221;alelacele&#8221; Paris&#8217;te bir toplant\u0131 d\u00fczenledi\u011fine i\u015faret eden Nayetovi\u00e7, bu toplant\u0131ya b\u00f6lgenin \u00f6nemli bir \u00fclkesi konumundaki T\u00fcrkiye&#8217;yi \u00e7a\u011f\u0131rmamas\u0131n\u0131 ve Ba\u015fbakan Recep Tayyip Erdo\u011fan&#8217;\u0131n &#8221;acele m\u00fcdahalenin zararlar\u0131&#8221; y\u00f6n\u00fcndeki c\u0131l\u0131z uyar\u0131lar\u0131n\u0131 ise \u015fa\u015f\u0131rt\u0131c\u0131 buldu\u011funu ifade ediyordu.<\/span><\/p>\n<p><span style=\"font-family: arial,helvetica,sans-serif;\">Bosna-Hersek i\u00e7in 3,5 y\u0131lda hava sald\u0131r\u0131s\u0131 karar\u0131 alamayan bir BM&#8217;nin Libya i\u00e7in bir g\u00fcnde karar \u00e7\u0131karma h\u0131z\u0131 kar\u015f\u0131s\u0131nda \u015fa\u015fk\u0131na u\u011frad\u0131\u011f\u0131n\u0131 ifade eden Nayetovi\u00e7, \u015funlar\u0131 kaydediyordu:<\/span><\/p>\n<p><span style=\"font-family: arial,helvetica,sans-serif;\">&#8221;Ben (Libya lideri Muammer) Kaddafi&#8217;nin avukat\u0131 de\u011filim, fakat devrilme zaman\u0131 geldiyse bunu Libya halk\u0131 yapmal\u0131d\u0131r. Devlet politikalar\u0131nda devaml\u0131l\u0131k esast\u0131r. D\u00fcn Bosna&#8217;ya kar\u015f\u0131 engelleyici tutum sergileyen Fransa, bug\u00fcn Libya&#8217;da neden \u00f6nc\u00fc. Sarkozy&#8217;nin bu kadar acele etmesinin alt\u0131ndaki sebep nedir?&#8221;<a href=\"#_ftn4\" name=\"_ftnref4\">[4]<\/a><\/span><\/p>\n<p><span style=\"font-family: arial,helvetica,sans-serif;\"><b>Ha\u00e7l\u0131 Seferlerinden hay\u0131r bekleyenler aldan\u0131yordu<\/b><\/span><\/p>\n<p><span style=\"font-family: arial,helvetica,sans-serif;\">Birle\u015fmi\u015f Milletler kararlar\u0131n\u0131 hi\u00e7bir zaman uygulamayan, i\u015fgal etti\u011fi \u00fclkede ter\u00f6r devleti olu\u015fturan, Gazze&#8217;yi d\u00fcnyan\u0131n g\u00f6zleri \u00f6n\u00fcnde bombalayan ve bin be\u015f y\u00fcz\u00fcn \u00fczerinde sivil halk\u0131 katletmekten sak\u0131nmayan Siyonist \u0130srail konusunda k\u0131l\u0131 k\u0131p\u0131rdamayan, \u201cBirle\u015fmi\u015f Milletlerden\u201d AKP ve yanda\u015flar\u0131 bar\u0131\u015f ve demokrasi bekliyordu..<\/span><\/p>\n<p><span style=\"font-family: arial,helvetica,sans-serif;\">Irak&#8217;ta otuz y\u0131lda otuz bin insan \u00f6ld\u00fcren bir zalimden sizi kurtaraca\u011f\u0131m diyerek gelen ve iki senede bir bu\u00e7uk milyon insan \u00f6ld\u00fcren, ellerindeki ekme\u011fi de al\u0131p a\u00e7l\u0131\u011fa terk eden Amerika&#8217;n\u0131n getirece\u011fi Demokrasinin ne oldu\u011funu Recep Erdo\u011fan ve yalakalar\u0131 herkesten iyi biliyordu.<b><\/b><\/span><\/p>\n<p><span style=\"font-family: arial,helvetica,sans-serif;\"><b>AKP T\u00fcrkiyesi hangi safta bulunuyordu?<\/b><\/span><\/p>\n<p><span style=\"font-family: arial,helvetica,sans-serif;\"><b>T\u00fcrkiye&#8217;de \u00e7oklar\u0131 hatta d\u0131\u015f politika ile u\u011fra\u015fanlar bile alg\u0131lamakta zorlan\u0131yordu: Neden Bingazili kad\u0131nlar Sarkozy lehinde y\u00fcr\u00fcyor da T\u00fcrkiye aleyhinde sloganlar at\u0131yor ve T\u00fcrk bayra\u011f\u0131n\u0131 indiriyordu? Cevab\u0131 basit: \u00d6zensizlik ve pragmatik politikalar y\u00fcz\u00fcnden neredeyse T\u00fcrkiye, Arap alemindeki b\u00fct\u00fcn kazan\u0131mlar\u0131n\u0131 tehlikeye at\u0131yordu. Libya&#8217;da meydana gelen d\u0131\u015f politika \u00e7atla\u011f\u0131 nedeniyle Arap d\u00fcnyas\u0131nda da h\u00fck\u00fcmet aleyhindeki \u015f\u00fcphe bulutlar\u0131 \u00e7o\u011fal\u0131yordu. Selman Avde ve Yusuf Kardavi gibi \u0130slam d\u00fcnyas\u0131n\u0131n kanaat \u00f6nderi mesabesindeki ulemas\u0131, AKP&#8217;nin saf\u0131n\u0131 sorguluyor ve &#8216;Kaddafi&#8217;nin yan\u0131nda m\u0131s\u0131n yoksa halk\u0131n yan\u0131nda m\u0131s\u0131n, saf\u0131n\u0131 belli et&#8217; diye soruyordu. Yani Libya&#8217;da AKP\u2019nin talihleri d\u00f6n\u00fcyor, g\u00fcnd\u00f6n\u00fcm\u00fc ya\u015fan\u0131yordu. Bat\u0131&#8217;dan sonra Do\u011fu&#8217;da da h\u00fck\u00fcmetin itibar\u0131 sars\u0131l\u0131yordu. H\u00fck\u00fcmet aleyhinde y\u00fcr\u00fcyen sadece Bingazililer de\u011fil, M\u0131s\u0131r&#8217;daki Libyal\u0131lar da Erdo\u011fan h\u00fck\u00fcmeti aleyhinde y\u00fcr\u00fcyordu. <\/b><\/span><\/p>\n<p><span style=\"font-family: arial,helvetica,sans-serif;\"><b>Operasyonu f\u0131rsat\u00e7\u0131 ve narsist Sarkozy&#8217;nin elinden alarak NATO&#8217;ya devrederek iyi mi yapt\u0131k k\u00f6t\u00fc m\u00fc yapt\u0131k? Sorusunun yan\u0131t\u0131 hala verilemiyordu. Halk, &#8216;Sarkozy olmasayd\u0131 Kaddafi \u00e7oktan Bingazi&#8217;de can\u0131m\u0131za od t\u0131kam\u0131\u015ft\u0131&#8217; minnetini payla\u015f\u0131yor ve NATO operasyonlar\u0131 Sarkozy&#8217;ye rahmet okutuyordu. \u015eimdi muhalifler NATO ve T\u00fcrkiye&#8217;ye ate\u015f p\u00fcsk\u00fcr\u00fcyordu. <\/b><\/span><\/p>\n<p><span style=\"font-family: arial,helvetica,sans-serif;\"><b>Azmi Bi\u015fare gibi solculardan Al Misruyyun yazar\u0131 \u0130slamc\u0131 Cemal Sultan&#8217;a kadar herkes T\u00fcrkiye&#8217;nin Libya politikas\u0131n\u0131 ele\u015ftiriyordu. Sanki AKP&#8217;nin d\u0131\u015f politikas\u0131 Libya \u00e7\u00f6l\u00fcne saplanm\u0131\u015f g\u00f6r\u00fcn\u00fcyordu. S\u00f6zgelimi, Cemal Sultan bir makalesinde: &#8220;Ba\u015fbakan Erdo\u011fan milyonlarca Arab\u0131n g\u00f6nl\u00fcne taht kurmu\u015ftu \u015fimdi bu rezervini harc\u0131yor, t\u00fcketiyor&#8217; diye yaz\u0131yordu. <\/b>(5\/4\/2011, Al Misriyyun)<b> <\/b><b>Ve \u00fcstelik ayn\u0131 hatalar Suriye\u2019de tekrarlan\u0131yordu.<\/b><a href=\"#_ftn5\" name=\"_ftnref5\"><b><b>[5]<\/b><\/b><\/a><b><\/b><\/span><\/p>\n<div><br clear=\"all\" \/>  <\/p>\n<hr width=\"33%\" size=\"1\" align=\"left\" \/>\n<div>\n<p><span style=\"font-family: arial,helvetica,sans-serif;\"><a href=\"#_ftnref1\" name=\"_ftn1\">[1]<\/a> Ali H. Aslan \/ Zaman \/ 23.03.2011<\/span><\/p>\n<\/p><\/div>\n<div>\n<p><span style=\"font-family: arial,helvetica,sans-serif;\"><a href=\"#_ftnref2\" name=\"_ftn2\">[2]<\/a> Zaman \/ 23.03.2011<\/span><\/p>\n<\/p><\/div>\n<div>\n<p><span style=\"font-family: arial,helvetica,sans-serif;\"><a href=\"#_ftnref3\" name=\"_ftn3\">[3]<\/a> Milli Gazete \/ 25.03.2011<\/span><\/p>\n<\/p><\/div>\n<div>\n<p><span style=\"font-family: arial,helvetica,sans-serif;\"><a href=\"#_ftnref4\" name=\"_ftn4\">[4]<\/a> Milli Gazete \/ 23.03.2011<\/span><\/p>\n<\/p><\/div>\n<div>\n<p><span style=\"font-family: arial,helvetica,sans-serif;\"><a href=\"#_ftnref5\" name=\"_ftn5\">[5]<\/a> Milli Gazete \/ Mustafa \u00d6zcan<\/span><\/p>\n<\/p><\/div>\n<\/p><\/div>\n","protected":false},"excerpt":{"rendered":"<p><span style=\"font-family: arial,helvetica,sans-serif;\"> <\/p>\n","protected":false},"author":4,"featured_media":0,"comment_status":"open","ping_status":"closed","sticky":false,"template":"","format":"standard","meta":{"footnotes":""},"categories":[123],"tags":[],"class_list":["post-2023","post","type-post","status-publish","format-standard","hentry","category-mayis-2011"],"_links":{"self":[{"href":"https:\/\/www.millicozum.com\/mc\/wp-json\/wp\/v2\/posts\/2023","targetHints":{"allow":["GET"]}}],"collection":[{"href":"https:\/\/www.millicozum.com\/mc\/wp-json\/wp\/v2\/posts"}],"about":[{"href":"https:\/\/www.millicozum.com\/mc\/wp-json\/wp\/v2\/types\/post"}],"author":[{"embeddable":true,"href":"https:\/\/www.millicozum.com\/mc\/wp-json\/wp\/v2\/users\/4"}],"replies":[{"embeddable":true,"href":"https:\/\/www.millicozum.com\/mc\/wp-json\/wp\/v2\/comments?post=2023"}],"version-history":[{"count":0,"href":"https:\/\/www.millicozum.com\/mc\/wp-json\/wp\/v2\/posts\/2023\/revisions"}],"wp:attachment":[{"href":"https:\/\/www.millicozum.com\/mc\/wp-json\/wp\/v2\/media?parent=2023"}],"wp:term":[{"taxonomy":"category","embeddable":true,"href":"https:\/\/www.millicozum.com\/mc\/wp-json\/wp\/v2\/categories?post=2023"},{"taxonomy":"post_tag","embeddable":true,"href":"https:\/\/www.millicozum.com\/mc\/wp-json\/wp\/v2\/tags?post=2023"}],"curies":[{"name":"wp","href":"https:\/\/api.w.org\/{rel}","templated":true}]}}