{"id":2025,"date":"2011-04-26T10:05:06","date_gmt":"2011-04-26T10:05:06","guid":{"rendered":"https:\/\/www.millicozum.com\/mc\/2011\/04\/26\/tusiad-anayasa-taslagi-sevrin-hortlatilmasi\/"},"modified":"2011-04-26T10:05:06","modified_gmt":"2011-04-26T10:05:06","slug":"tusiad-anayasa-taslagi-sevrin-hortlatilmasi","status":"publish","type":"post","link":"https:\/\/www.millicozum.com\/mc\/2011\/mayis-2011\/tusiad-anayasa-taslagi-sevrin-hortlatilmasi\/","title":{"rendered":"T\u00dcS\u0130AD ANAYASA TASLA\u011eI SEVR\u2019\u0130N HORTLATILMASI"},"content":{"rendered":"<p><span style=\"font-family: arial,helvetica,sans-serif;\">   <\/span> <\/p>\n<p style=\"text-align: justify;\"><span style=\"font-family: arial,helvetica,sans-serif;\">AK Parti&#8217;nin sivil anayasa tasla\u011f\u0131n\u0131 haz\u0131rlayan Prof. Dr. Ergun \u00d6zbudun ve Prof. Dr. Serap Yaz\u0131c\u0131&#8217;n\u0131n da aralar\u0131nda bulundu\u011fu toplam 22 akademisyen ve kanaat \u00f6nderini bir araya getiren \u00e7al\u0131\u015fman\u0131n konu ba\u015fl\u0131klar\u0131 ve ana hatlar\u0131 \u015f\u00f6yleydi:<\/span><\/p>\n<p style=\"text-align: justify;\"><span style=\"font-family: arial,helvetica,sans-serif;\"><b> \u201cYeni anayasa devlet de\u011fil, birey odakl\u0131 felsefeyle haz\u0131rlanmal\u0131. \u0130deoloji bak\u0131m\u0131ndan tarafs\u0131z olmal\u0131. Vatanda\u015fl\u0131k, \u2018T\u00fcrkl\u00fck\u2019 kavram\u0131na yer verilmeden, vatanda\u015fl\u0131k ba\u011f\u0131 devletle birey aras\u0131ndaki anayasal bir ili\u015fki olarak tan\u0131mlanmal\u0131.\u201d<\/b><\/span><\/p>\n<p style=\"text-align: justify;\"><span style=\"font-family: arial,helvetica,sans-serif;\"><b>\u201cT\u00fcrkiye\u2019deki laiklik anlay\u0131\u015f\u0131, m\u00fcdahaleci karakteriyle Bat\u0131 tipi laiklikten ayr\u0131\u015f\u0131yor. \u00dcniversite \u00f6\u011frencilerinin, milletvekillerinin, \u00f6\u011fretim \u00fcyelerinin ve belli kurallar dahilinde kamu g\u00f6revlilerinin ba\u015f\u00f6rt\u00fcs\u00fc kullanmalar\u0131na engel bir gerek\u00e7e bulunmuyor.\u201d<\/b><\/span><\/p>\n<p style=\"text-align: justify;\"><span style=\"font-family: arial,helvetica,sans-serif;\"><b>\u201cAskeri Y\u00fcksek \u0130dare Mahkemesi ve Askeri Yarg\u0131tay kald\u0131r\u0131lmal\u0131. Genelkurmay, Milli Savunma Bakanl\u0131\u011f\u0131\u2019na ba\u011flanmal\u0131. Savunma harcamalar\u0131 Say\u0131\u015ftay taraf\u0131ndan etkin bir \u015fekilde denetlenmeli. Y\u00fcksek komuta kademesini sivil otorite atamal\u0131.\u201d<\/b><\/span><\/p>\n<p style=\"text-align: justify;\"><span style=\"font-family: arial,helvetica,sans-serif;\">\u201cYeni anayasada parlamenter sistem benimsenmelidir. Cumhurba\u015fkan\u0131, bug\u00fcn parlamenter sistemin \u00f6zelliklerine uygun olmayan bir bi\u00e7imde geni\u015f yetkilere sahiptir; bu yetkiler s\u0131n\u0131rland\u0131r\u0131lmal\u0131d\u0131r. Cumhurba\u015fkan\u0131n\u0131n rol\u00fcn\u00fcn parlamenter sisteme uyarlanmas\u0131 \u00e7er\u00e7evesinde, Devlet Denetleme Kurulu kald\u0131r\u0131lmal\u0131d\u0131r.\u201d<\/span><\/p>\n<p style=\"text-align: justify;\"><span style=\"font-family: arial,helvetica,sans-serif;\">\u201cDemokrasinin yerel d\u00fczeyde g\u00fc\u00e7lendirilmesi gerekmektedir. Bu yakla\u015f\u0131m, yerel y\u00f6netimlerin etkinlik ve verimlili\u011fini art\u0131raca\u011f\u0131 gibi, \u00f6zellikle G\u00fcneydo\u011fu&#8217;ya h\u00e2kim olan K\u00fcrt sorununun ve di\u011fer kimlik sorunlar\u0131n\u0131n \u00e7\u00f6z\u00fcm\u00fcne katk\u0131 sa\u011flayabilecektir. Yerelle\u015fmenin art\u0131r\u0131lmas\u0131 ko\u015fuluyla \u00fcniter yap\u0131n\u0131n g\u00fcncel ihtiya\u00e7lara cevap verebilmesi m\u00fcmk\u00fcn olsa da \u00fcniter devlet ilkesinin esnetilmesi ile ortaya \u00e7\u0131kan b\u00f6lgeli devlet yap\u0131s\u0131 da tart\u0131\u015f\u0131labilir.\u201d<\/span><\/p>\n<p style=\"text-align: justify;\"><span style=\"font-family: arial,helvetica,sans-serif;\"><b>T\u00fcrkiye\u2019ye BATI T\u0130P\u0130 LA\u0130KL\u0130K getirilmeliymi\u015f!?<\/b><\/span><\/p>\n<p style=\"text-align: justify;\"><span style=\"font-family: arial,helvetica,sans-serif;\">T\u00fcrkiye&#8217;deki laiklik anlay\u0131\u015f\u0131, m\u00fcdahaleci karakteri ve devletin dinlere, mezheplere ve inan\u00e7s\u0131zl\u0131\u011fa e\u015fit mesafede konumlanmam\u0131\u015f olmas\u0131 dolay\u0131s\u0131yla Bat\u0131 tipi laiklikten ayr\u0131\u015fmaktad\u0131r. Bu kapsamda 1982 Anayasas\u0131&#8217;n\u0131n din ve vicdan \u00f6zg\u00fcrl\u00fc\u011f\u00fcn\u00fcn k\u00f6t\u00fcye kullan\u0131lmas\u0131 yasa\u011f\u0131n\u0131 d\u00fczenleyen 24. maddesinin son f\u0131kras\u0131, dini inanc\u0131n her t\u00fcrl\u00fc sosyal g\u00f6r\u00fcn\u00fcm\u00fcn\u00fc yasaklamaya m\u00fcsait olmas\u0131 nedeniyle yeni anayasada yer almamal\u0131d\u0131r. Bu h\u00fckm\u00fcn yerine \u0130nsan Haklar\u0131 Avrupa S\u00f6zle\u015fmesi&#8217;nin 9. maddesinde yer alan inan\u00e7 \u00f6zg\u00fcrl\u00fc\u011f\u00fcne ili\u015fkin s\u0131n\u0131rlama nedenleri kabul edilebilir.<\/span><\/p>\n<p style=\"text-align: justify;\"><span style=\"font-family: arial,helvetica,sans-serif;\"><b>N\u00fcfus<\/b> k\u00e2\u011f\u0131tlar\u0131nda din hanesi bulunmamal\u0131d\u0131r. Bunun uygulamada ger\u00e7ekle\u015fmesi i\u00e7in Anayasa&#8217;daki mevcut h\u00fckm\u00fcn do\u011fru olarak yorumlanmas\u0131 yeterli oldu\u011fu halde, yasama ve yarg\u0131 organlar\u0131 taraf\u0131ndan bu \u015fekilde yorumlanmamaktad\u0131r.<\/span><\/p>\n<p style=\"text-align: justify;\"><span style=\"font-family: arial,helvetica,sans-serif;\"><b>Diyanet<\/b> \u0130\u015fleri Ba\u015fkanl\u0131\u011f\u0131&#8217;n\u0131n varl\u0131\u011f\u0131na ve yap\u0131s\u0131na ili\u015fkin g\u00f6r\u00fc\u015fler farkl\u0131l\u0131k g\u00f6stermekle birlikte, kat\u0131l\u0131mc\u0131lar\u0131n tamam\u0131 Diyanet \u0130\u015fleri Ba\u015fkanl\u0131\u011f\u0131&#8217;n\u0131n mevcut konumunu, laiklik ilkesine ve din ve vicdan \u00f6zg\u00fcrl\u00fc\u011f\u00fcne ayk\u0131r\u0131 bulmaktad\u0131r.<\/span><\/p>\n<p style=\"text-align: justify;\"><span style=\"font-family: arial,helvetica,sans-serif;\"><b>Din<\/b> k\u00fclt\u00fcr\u00fc ve ahlak bilgisi dersinin ilk\u00f6\u011fretim okullar\u0131nda zorunlu ders olarak yer almas\u0131 h\u00fckm\u00fc yeni anayasada yer almamal\u0131d\u0131r.<\/span><\/p>\n<p style=\"text-align: justify;\"><span style=\"font-family: arial,helvetica,sans-serif;\"><b>Ulus <\/b>kavram\u0131 hukuki nitelik ta\u015f\u0131mad\u0131\u011f\u0131ndan, Anayasa&#8217;da &#8220;T\u00fcrk milleti&#8221; veya milliyet\u00e7ili\u011fe at\u0131f yapan ifadeler ve etnik \u00e7a\u011fr\u0131\u015f\u0131m\u0131 olan vurgular yer almamal\u0131d\u0131r.<\/span><\/p>\n<p style=\"text-align: justify;\"><span style=\"font-family: arial,helvetica,sans-serif;\"><b>Anadilinde<\/b> e\u011fitim ve anadilin \u00f6\u011frenimi konular\u0131nda ad\u0131m at\u0131lmas\u0131 i\u00e7in gerekli toplumsal ve pedagojik (\u00f6\u011fretmen yeti\u015ftirilmesi, m\u00fcfredat haz\u0131rlanmas\u0131 vb.) altyap\u0131n\u0131n olu\u015fturulmas\u0131na ili\u015fkin tedbirler al\u0131nmal\u0131d\u0131r.<\/span><\/p>\n<p style=\"text-align: justify;\"><span style=\"font-family: arial,helvetica,sans-serif;\"><b>Kuvvetli <\/b>bir kimlik boyutu da bulunan temsilde adalet sorununun giderilebilmesi i\u00e7in y\u00fczde 10&#8217;luk se\u00e7im baraj\u0131n\u0131n d\u00fc\u015f\u00fcr\u00fclmesi gerekmektedir. (BDP\u2019yi g\u00fc\u00e7lendirmek ve federatif b\u00f6l\u00fcnmeyi ger\u00e7ekle\u015ftirmek i\u00e7in)<\/span><\/p>\n<p style=\"text-align: justify;\"><span style=\"font-family: arial,helvetica,sans-serif;\"><b>Savunma harcamalar\u0131na s\u0131k\u0131 denetim ve kesinti gerekliymi\u015f!<\/b><\/span><\/p>\n<p style=\"text-align: justify;\"><span style=\"font-family: arial,helvetica,sans-serif;\"><b>Ba\u015fkanl\u0131k<\/b> sistemine ge\u00e7i\u015f, idarenin ve y\u00fcr\u00fctme organ\u0131n\u0131n yap\u0131s\u0131n\u0131n bu sisteme uyarlanmas\u0131n\u0131 gerektirmektedir. Bu, kapsaml\u0131 ve y\u0131llar alacak bir s\u00fcre\u00e7tir. Yeni anayasa, parlamenter sistemi benimsemelidir.<\/span><\/p>\n<p style=\"text-align: justify;\"><span style=\"font-family: arial,helvetica,sans-serif;\"><b>Milli <\/b>G\u00fcvenlik Kurulu, anayasal bir kurum olmaktan \u00e7\u0131kar\u0131lmal\u0131, yeniden yap\u0131land\u0131r\u0131lmal\u0131, \u00fcye kompozisyonu de\u011fi\u015ftirilmeli ve g\u00f6rev alan\u0131 net \u00e7izgilerle belirlenmelidir.<\/span><\/p>\n<p style=\"text-align: justify;\"><span style=\"font-family: arial,helvetica,sans-serif;\"><b>Genelkurmay<\/b> Ba\u015fkanl\u0131\u011f\u0131, Milli Savunma Bakanl\u0131\u011f\u0131&#8217;na ba\u011flanmal\u0131d\u0131r.<\/span><\/p>\n<p style=\"text-align: justify;\"><span style=\"font-family: arial,helvetica,sans-serif;\"><b>Savunma<\/b> harcamalar\u0131n\u0131n denetimi Say\u0131\u015ftay taraf\u0131ndan etkin bir bi\u00e7imde yerine getirilmelidir.<\/span><\/p>\n<p style=\"text-align: justify;\"><span style=\"font-family: arial,helvetica,sans-serif;\"><b>Askeri<\/b> Y\u00fcksek \u0130dare Mahkemesi ve Askeri Yarg\u0131tay kald\u0131r\u0131lmal\u0131d\u0131r. Askeri mahkemelerin g\u00f6revleri sadece disiplin su\u00e7lar\u0131 ve m\u00fcnhas\u0131ran askerlik g\u00f6rev ve hizmetleriyle ilgili su\u00e7larla s\u0131n\u0131rland\u0131r\u0131lmal\u0131d\u0131r.<\/span><\/p>\n<p style=\"text-align: justify;\"><span style=\"font-family: arial,helvetica,sans-serif;\"><b>Y\u00fcksek<\/b> komuta kademesine atamalar T\u00fcrk Silahl\u0131 Kuvvetleri&#8217;nin g\u00f6sterece\u011fi belli say\u0131da aday aras\u0131ndan sivil otorite taraf\u0131ndan ger\u00e7ekle\u015ftirilmelidir. Kat\u0131l\u0131mc\u0131lar\u0131n bir k\u0131sm\u0131, Y\u00fcksek Asker\u00ee \u015e\u00fbra&#8217;n\u0131n anayasal bir organ olmaktan \u00e7\u0131kar\u0131lmas\u0131n\u0131 \u00f6nermi\u015ftir.<\/span><\/p>\n<p style=\"text-align: justify;\"><span style=\"font-family: arial,helvetica,sans-serif;\"><b>Y\u00d6K<\/b> yerine, \u00fcniversiteler aras\u0131 planlama ve koordinasyondan sorumlu yeni bir yap\u0131 kurulmal\u0131d\u0131r. Akademik \u00f6zg\u00fcrl\u00fckler ve \u00fcniversitelerin \u00f6zerkli\u011fi g\u00fcvence alt\u0131na al\u0131nmal\u0131d\u0131r.<\/span><\/p>\n<p style=\"text-align: justify;\"><span style=\"font-family: arial,helvetica,sans-serif;\"><b>KAMUDA BA\u015e\u00d6RT\u00dcS\u00dc s\u0131n\u0131rl\u0131 sahada tak\u0131labilirmi\u015f!<\/b><\/span><\/p>\n<p style=\"text-align: justify;\"><span style=\"font-family: arial,helvetica,sans-serif;\">\u201cYeni anayasa, ba\u015f\u00f6rt\u00fcs\u00fc ile ilgili g\u00f6r\u00fc\u015f ayr\u0131l\u0131klar\u0131n\u0131n \u00e7\u00f6z\u00fcme kavu\u015fturulmas\u0131nda bir f\u0131rsat olarak de\u011ferlendirilmelidir. \u00dcniversite \u00f6\u011frencilerinin, milletvekillerinin, \u00f6\u011fretim \u00fcyelerinin ve belli kurallar d\u00e2hilinde kamu g\u00f6revlilerinin ba\u015f\u00f6rt\u00fcs\u00fc kullanmalar\u0131na engel bir gerek\u00e7e bulunmuyor. Bununla birlikte h\u00e2kim, savc\u0131, polis, asker gibi devletin egemenlik yetkisini do\u011frudan kullanan ve tarafs\u0131zl\u0131\u011f\u0131n \u00f6ne \u00e7\u0131kt\u0131\u011f\u0131 meslekleri icra eden kamu g\u00f6revlilerinin; \u00e7ocuklar\u0131n etkiye a\u00e7\u0131k olmalar\u0131 nedeniyle okul\u00f6ncesi e\u011fitim, ilk ve orta\u00f6\u011fretimde g\u00f6rev yapan e\u011fitimcilerin; re\u015fit olmamalar\u0131 sebebiyle \u00fcniversite \u00f6ncesi e\u011fitim alan \u00f6\u011frencilerin din veya inanc\u0131 belli eden simgeler ta\u015f\u0131mas\u0131 uygun de\u011fil.\u201d <b>(Yani ger\u00e7ekle ba\u015f\u00f6rt\u00fcs\u00fc zulm\u00fc ve yasa\u011f\u0131 devam edecek, g\u00f6r\u00fcn\u00fc\u015fte mesele halledilmi\u015f g\u00f6sterilip AKP\u2019nin devleti tahribine dolayl\u0131 destek verilecek.)<\/b><\/span><\/p>\n<p style=\"text-align: justify;\"><span style=\"font-family: arial,helvetica,sans-serif;\">T\u00dcS\u0130AD\u2019\u0131n Anayasa tan\u0131t\u0131m toplant\u0131s\u0131n\u0131n soru-cevap b\u00f6l\u00fcm\u00fcnde s\u00f6z alan Boyner Holding Y\u00f6netim Kurulu Ba\u015fkan\u0131 Cem Boyner demokratikle\u015fme ad\u0131mlar\u0131n\u0131 engellemek i\u00e7in \u00f6ne s\u00fcr\u00fclen stat\u00fckocu s\u00f6yleme at\u0131f yaparak: &#8220;Evrensel do\u011frular, ilkeler tamam da hocam, bunlar bize uyar m\u0131? Diyenlere kulak verilmemelidir. T\u00fcrkiye\u2019de \u0130ngilizce, Almanca, Frans\u0131zca, \u0130talyanca kendi dillerinde e\u011fitim veren okullar var, ama K\u00fcrtlere yok. Kim onlar? Kendi vatanda\u015f\u0131n. Bireyin hak ve \u00f6zg\u00fcrl\u00fckleri devletin b\u00f6l\u00fcnmesinden \u00f6nemlidir\u201d Diyecek kadar k\u00fcstahla\u015fm\u0131\u015f ve Fetullah\u00e7\u0131 Zaman Gazetesi Onun bu tavr\u0131na sahip \u00e7\u0131km\u0131\u015ft\u0131. <a href=\"#_ftn1\" name=\"_ftnref1\">[1]<\/a><\/span><\/p>\n<p style=\"text-align: justify;\"><span style=\"font-family: arial,helvetica,sans-serif;\">Daha \u00f6nce \u201cMason Localar\u0131n\u0131 kapatan Atat\u00fcrk\u2019ten intikam alaca\u011f\u0131z\u201d diyen ve AKP\u2019yi hararetle destekleyen Yahudi-Mason \u0130shak Alaton, Cem Boyner&#8217;in yapt\u0131\u011f\u0131 konu\u015fman\u0131n ard\u0131ndan aya\u011fa kalkarak Boyner&#8217;in yan\u0131na gidip onu \u00f6perek tebrik etmi\u015fti.<\/span><\/p>\n<p style=\"text-align: justify;\"><span style=\"font-family: arial,helvetica,sans-serif;\"><b>AKP\u2019nin emriyle T\u00dcS\u0130AD\u2019dan eyalet modeli teklifi!<\/b><\/span><\/p>\n<p style=\"text-align: justify;\"><span style=\"font-family: arial,helvetica,sans-serif;\">\u0130nsanlar\u0131m\u0131z\u0131n \u00f6zg\u00fcrl\u00fc\u011f\u00fc \u00fclkenin b\u00f6l\u00fcnmesi ve hatta devleti kendisinden bile daha \u00f6nemli imi\u015f!<\/span><\/p>\n<p style=\"text-align: justify;\"><span style=\"font-family: arial,helvetica,sans-serif;\">Kim diyor bunu? Cem Boyner! T\u00dcS\u0130AD Ba\u015fkan\u0131 \u00dcmit Boyner\u2019in kocas\u0131 ve sufl\u00f6r\u00fc. 1995 genel se\u00e7iminde y\u00fczde yar\u0131m bile oy alamayan bu adam \u015fimdi AKP ile el ele vererek b\u00f6l\u00fcnmeye ta\u015feronluk yap\u0131yordu.<\/span><\/p>\n<p style=\"text-align: justify;\"><span style=\"font-family: arial,helvetica,sans-serif;\">Hay\u0131r, Cem Boyner yukar\u0131da sundu\u011fumuz ifadeleri ulu orta etmiyor, T\u00dcS\u0130AD\u2019\u0131n yeni Anayasa toplant\u0131s\u0131nda dile getiriyordu. Ve o toplant\u0131da Anayasam\u0131zda yer alan ve de de\u011fi\u015ftirilmesi teklif dahi edilemeyecek olan maddelere kar\u015f\u0131 h\u00fccum emri veriliyordu.<\/span><\/p>\n<p style=\"text-align: justify;\"><span style=\"font-family: arial,helvetica,sans-serif;\">Oysa o maddeler \u00fclkenin bayra\u011f\u0131, dili, ba\u015fkenti ve \u00fclkenin milletiyle b\u00f6l\u00fcnmez b\u00fct\u00fcnl\u00fc\u011f\u00fcn\u00fcn sigortas\u0131 say\u0131l\u0131yordu. Hem bu T\u00dcS\u0130AD de\u011fil midir, Tayyip Erdo\u011fan\u2019\u0131n referandum s\u00fcrecinde \u201cBitaraf olan bertaraf olur\u201d tehdidine sus-pus olan! D\u00fcn p\u0131san ve tarafs\u0131z olmay\u0131 bile savunamayan T\u00dcS\u0130AD \u015fimdi ne oldu de \u00fclkeyi topyek\u00fbn sarsacak bir projenin alt\u0131na giriyordu! K\u00fcresel odaklar ve Recep Erdo\u011fan \u00f6yle istiyor diye mi T\u00dcS\u0130AD\u2019\u00e7\u0131lar galeyana geliyordu?<\/span><\/p>\n<p style=\"text-align: justify;\"><span style=\"font-family: arial,helvetica,sans-serif;\">Evet, her \u015fey a\u00e7\u0131k ve net, T\u00dcS\u0130AD, k\u00fcresel g\u00fc\u00e7lerin ve AKP\u2019nin ta\u015feronlu\u011funu yap\u0131yor ve federatif sistem i\u00e7in zemin in\u015fa ediyordu. \u00d6yle olmasayd\u0131 AKP\u2019nin, T\u00dcS\u0130AD\u2019\u0131n yapt\u0131\u011f\u0131 bu densizli\u011fe kar\u015f\u0131 k\u0131yameti koparmas\u0131 gerekiyordu.<\/span><\/p>\n<p style=\"text-align: justify;\"><span style=\"font-family: arial,helvetica,sans-serif;\">Oysa AKP \u201cs\u00fck\u00fbt ikrardan gelir\u201d cinsinden suskundu!<\/span><\/p>\n<p style=\"text-align: justify;\"><span style=\"font-family: arial,helvetica,sans-serif;\">Bu suskunluk, T\u00fcrk\u00e7enin tek dil, T\u00fcrk bayra\u011f\u0131n\u0131n tek bayrak, Ankara\u2019n\u0131n ba\u015fkent olmas\u0131na isyan anlam\u0131 ta\u015f\u0131yordu! Bunlar\u0131 a\u00e7\u0131ktan dile getiremeyenler, T\u00dcS\u0130AD\u2019a s\u00f6yletiyordu! Hay\u0131r, \u00f6yle de\u011filse neden feveran edilmiyor, T\u00dcS\u0130AD\u2019a haddi bildirilmiyordu?\u201d diye soranlar haks\u0131z m\u0131yd\u0131?<\/span><\/p>\n<p style=\"text-align: justify;\"><span style=\"font-family: arial,helvetica,sans-serif;\">T\u00dcS\u0130AD bir sivil toplum kurulu\u015fuydu. Paras\u0131 da oldu\u011fu i\u00e7in 22 akademisyen ve uzmana&nbsp; \u201cAnayasa de\u011fi\u015fikli\u011fi\u201d haz\u0131rlat\u0131yordu. Bu \u00e7al\u0131\u015fmay\u0131 a\u00e7\u0131klayan T\u00dcS\u0130AD; \u0130kinci Cumhuriyet taleplerine ve b\u00f6l\u00fcnme heveslilerine rahmet okutacak bir yakla\u015f\u0131m sergiliyordu. E\u015fi T\u00dcS\u0130AD ba\u015fkan\u0131 olarak, b\u00f6l\u00fcnmenin re\u00e7etelerini verirken, Cem Boyner&nbsp; de \u201c\u0130nsanlar\u0131n \u00f6zg\u00fcrl\u00fc\u011f\u00fc ve mutlulu\u011fu \u00fclkenin b\u00f6l\u00fcnmesinden \u00f6nemlidir\u201d diyordu. \u00dclke b\u00f6l\u00fcn\u00fcrse insanlar daha m\u0131 mutlu olurdu? Oysa T\u00fcrkiye, devleti ve milletiyle b\u00f6l\u00fcnmez b\u00fct\u00fcn oldu\u011fu s\u00fcrece, g\u00fc\u00e7l\u00fc T\u00fcrkiye\u2019dir. Devleti ve milletiyle b\u00f6l\u00fcnen bir \u00fclke olursak, g\u00fcc\u00fcm\u00fcz kal\u0131r m\u0131 san\u0131l\u0131yordu?<\/span><\/p>\n<p style=\"text-align: justify;\"><span style=\"font-family: arial,helvetica,sans-serif;\">T\u00fcrkiye, Orta Do\u011fu \u00fclkelerinde, di\u011fer \u0130slam \u00fclkelerinde oynanan oyunlara a\u00e7\u0131k hale getirilmeye mi \u00e7al\u0131\u015f\u0131l\u0131yordu?<\/span><\/p>\n<p style=\"text-align: justify;\"><span style=\"font-family: arial,helvetica,sans-serif;\"><strong>T\u00fcrkiye s\u00f6m\u00fcr\u00fcye pe\u015fke\u015f \u00e7ekilmekteydi<\/strong><\/span><\/p>\n<p style=\"text-align: justify;\"><span style=\"font-family: arial,helvetica,sans-serif;\">D\u00fc\u015f\u00fck kur, a\u00e7\u0131k pazar olarak T\u00fcrkiye ekonomik s\u00f6m\u00fcr\u00fcye pe\u015fke\u015f \u00e7ekiliyordu. Bu pe\u015fke\u015fte bir\u00e7ok sanayici, \u00fcretimini b\u0131rak\u0131p, d\u00fc\u015f\u00fck kurla ithalat yap\u0131yor, d\u0131\u015f bor\u00e7 al\u0131yordu. Bankalar\u0131n\u0131 yabanc\u0131ya sat\u0131yordu. Bunlar\u0131n ve bu nedenle ortaya \u00e7\u0131kan cari a\u00e7\u0131\u011f\u0131n maliyetine bu toplum katlan\u0131yordu. T\u00dcS\u0130AD\u2019\u00e7\u0131lar\u0131n ve AKP iktidar\u0131n\u0131n ekonomiyi yabanc\u0131 tutsakl\u0131\u011f\u0131na sokmalar\u0131 yetmiyor muydu? \u015eimdi de \u00fclkesi par\u00e7alanm\u0131\u015f ve ordusu zay\u0131flat\u0131lm\u0131\u015f bir T\u00fcrkiye isteniyordu!<\/span><\/p>\n<p style=\"text-align: justify;\"><span style=\"font-family: arial,helvetica,sans-serif;\">Boyner T\u00fcrk milletine k\u0131zg\u0131nd\u0131. Kuyruk ac\u0131s\u0131 vard\u0131. Zira kendisi Can Paker, Etyen Mah\u00e7upyan, Kemal Dervi\u015f gibi isimlerle 1994 y\u0131l\u0131nda&nbsp; \u201cYeni Demokrasi Hareketi\u201d&nbsp; ad\u0131yla bir parti kurmu\u015flard\u0131. Kuruldu\u011fundan itibaren medyadan b\u00fcy\u00fck destek g\u00f6ren YDH bu ilgiye ra\u011fmen kat\u0131ld\u0131\u011f\u0131 1995 Genel Se\u00e7imleri\u2019nde b\u00fcy\u00fck bir hezimete u\u011fram\u0131\u015ft\u0131. Ald\u0131\u011f\u0131 %0.48\u2019lik oy oran\u0131ndan sonra, parti 1997 y\u0131l\u0131nda feshedilip kapat\u0131lm\u0131\u015ft\u0131.<\/span><\/p>\n<p style=\"text-align: justify;\"><span style=\"font-family: arial,helvetica,sans-serif;\">T\u00dcS\u0130AD\u2019\u0131n yapt\u0131\u011f\u0131 Siyonist plan\u0131n bir par\u00e7as\u0131yd\u0131. \u00d6nce, Nevruz nedeniyle bir BDP milletvekili polise ta\u015flar f\u0131rlatm\u0131\u015f, Sonra ba\u015fka bir BDP milletvekili polise tokat atm\u0131\u015ft\u0131. Meclis Ba\u015fkan\u0131 \u015eahin ve Ba\u015fbakan Erdo\u011fan olaya s\u00f6zde sert \u00e7\u0131km\u0131\u015flard\u0131. Ancak bu tepkilerin milleti aldatmak i\u00e7in yap\u0131ld\u0131\u011f\u0131 a\u00e7\u0131kt\u0131. \u00c7\u00fcnk\u00fc Ba\u015fbakan isterse, Meclis bu iki milletvekilinin dokunulmazl\u0131\u011f\u0131n\u0131 hemen kald\u0131r\u0131rd\u0131. Anayasan\u0131n 83\u2019\u00fcnc\u00fc maddesine g\u00f6re, Meclis karar al\u0131rsa, bu iki milletvekili tutuklan\u0131r ve yarg\u0131lan\u0131rd\u0131. Bireysel \u00f6zg\u00fcrl\u00fc\u011f\u00fcn en y\u00fcksek d\u00fczeyde oldu\u011fu \u00fclke Amerika\u2019yd\u0131. ABD\u2019de polise kar\u015f\u0131 gelmek \u00e7ok b\u00fcy\u00fck su\u00e7 say\u0131l\u0131rd\u0131. \u00d6zg\u00fcrl\u00fc\u011f\u00fc bahane ederek devleti zay\u0131flatmak yaln\u0131zca T\u00fcrkiye\u2019de oynanan bir cambazl\u0131kt\u0131.<\/span><\/p>\n<p style=\"text-align: justify;\"><span style=\"font-family: arial,helvetica,sans-serif;\"><b>Bu ba\u015flang\u0131\u00e7tan sonra, T\u00dcS\u0130AD ikinci a\u015famay\u0131 getiriyordu. Anayasada yer alan laik devlet ve b\u00f6l\u00fcnmez devletin kald\u0131r\u0131lmas\u0131n\u0131 istiyordu. Ordu\u2019yu yeniden dizayn ediyordu. Bu devlet ve bu devletin polisi olmazsa,&nbsp;T\u00dcS\u0130AD\u2019\u00e7\u0131lar\u0131 kim koruyacakt\u0131? Devlet milletten ayr\u0131 bir organizasyon de\u011fildir. Milletin olu\u015fturdu\u011fu bir organizasyondur. Polise tokat atmak, millete kar\u015f\u0131 bir su\u00e7tur. AKP, T\u00dcS\u0130AD ve polise tokat atanlar sosyal dengeleri bozmu\u015ftur. Bu dengelerin bozulmas\u0131, aynen deprem enerjisinde oldu\u011fu gibi negatif enerji birikimine neden oluyordu.<a href=\"#_ftn2\" name=\"_ftnref2\"><b>[2]<\/b><\/a><\/b><\/span><\/p>\n<p style=\"text-align: justify;\"><span style=\"font-family: arial,helvetica,sans-serif;\"><b>T\u00dcS\u0130AD\u2019\u0131n haz\u0131rlad\u0131\u011f\u0131 50 sayfal\u0131k \u00f6neriye g\u00f6re, \u2018T\u00fcrk Milleti\u2019 kavram\u0131 kald\u0131r\u0131lmal\u0131ym\u0131\u015f!<\/b><\/span><\/p>\n<p style=\"text-align: justify;\"><span style=\"font-family: arial,helvetica,sans-serif;\">T\u00dcS\u0130AD taraf\u0131ndan yap\u0131lan 50 sayfal\u0131k \u00e7al\u0131\u015fmada ele al\u0131nan baz\u0131 \u00f6neriler \u015f\u00f6yle:<\/span><\/p>\n<p style=\"text-align: justify;\"><span style=\"font-family: arial,helvetica,sans-serif;\">\u2014Yeni anayasada parlamenter sistem benimsenmelidir. Cumhurba\u015fkan\u0131 bug\u00fcn parlamenter sistemin \u00f6zelliklerine uygun olmayan bir bi\u00e7imde geni\u015f yetkilere sahiptir; bu yetkiler s\u0131n\u0131rland\u0131r\u0131lmal\u0131d\u0131r.<\/span><\/p>\n<p style=\"text-align: justify;\"><span style=\"font-family: arial,helvetica,sans-serif;\">\u2014Demokrasinin yerel d\u00fczeyde g\u00fc\u00e7lendirilmesi gerekmektedir. Bu yakla\u015f\u0131m, yerel y\u00f6netimlerin etkinlik ve verimlili\u011fini artt\u0131raca\u011f\u0131 gibi, \u00f6zellikle G\u00fcneydo\u011fu\u2019ya h\u00e2kim olan K\u00fcrt sorununun ve di\u011fer kimlik sorunlar\u0131n\u0131n \u00e7\u00f6z\u00fcm\u00fcne katk\u0131 sa\u011flayabilecektir.<\/span><\/p>\n<p style=\"text-align: justify;\"><span style=\"font-family: arial,helvetica,sans-serif;\">\u2014N\u00fcfus k\u00e2\u011f\u0131tlar\u0131nda din hanesi bulunmamal\u0131d\u0131r.<\/span><\/p>\n<p style=\"text-align: justify;\"><span style=\"font-family: arial,helvetica,sans-serif;\">\u2014Din k\u00fclt\u00fcr\u00fc ve ahlak bilgi dersinin ilk\u00f6\u011fretim okullar\u0131nda zorunlu ders olarak yer almas\u0131 h\u00fckm\u00fc yeni anayasada yer almamal\u0131d\u0131r.<\/span><\/p>\n<p style=\"text-align: justify;\"><span style=\"font-family: arial,helvetica,sans-serif;\">\u2014Ulus kavram\u0131 hukuki nitelik ta\u015f\u0131mad\u0131\u011f\u0131ndan, anayasa\u2019da \u201cT\u00fcrk Millet\u201d veya milliyet\u00e7ili\u011fe at\u0131f yapan ifadeler ve etnik \u00e7a\u011fr\u0131\u015f\u0131m\u0131 olan vurgular yer almamal\u0131d\u0131r.<\/span><\/p>\n<p style=\"text-align: justify;\"><span style=\"font-family: arial,helvetica,sans-serif;\">\u2014Ana dilinde e\u011fitim ve ana dilin \u00f6\u011frenimi konular\u0131nda ad\u0131m at\u0131lmas\u0131 i\u00e7in gerekli toplumsal ve pedagojik (\u00f6\u011fretmen yeti\u015ftirilmesi, m\u00fcfredat haz\u0131rlanmas\u0131 vb.) alt yap\u0131n\u0131n olu\u015fturulmas\u0131na ili\u015fkin tedbirler al\u0131nmal\u0131d\u0131r.<\/span><\/p>\n<p style=\"text-align: justify;\"><span style=\"font-family: arial,helvetica,sans-serif;\"><b>Genelkurmay MSB\u2019ye ba\u011flanmal\u0131ym\u0131\u015f!<\/b><\/span><\/p>\n<p style=\"text-align: justify;\"><span style=\"font-family: arial,helvetica,sans-serif;\">\u2014Kuvvetli bir kimlik boyutu da bulunan temsilde adalet sorunun giderilebilmesi i\u00e7in %10\u2019luk se\u00e7im baraj\u0131n\u0131n d\u00fc\u015f\u00fcr\u00fclmesi gerekmektedir.<\/span><\/p>\n<p style=\"text-align: justify;\"><span style=\"font-family: arial,helvetica,sans-serif;\">\u2014Milli G\u00fcvenlik Kurulu, anayasal bir kurum olmaktan \u00e7\u0131kar\u0131lmal\u0131, yeniden yap\u0131land\u0131r\u0131lmal\u0131d\u0131r.<\/span><\/p>\n<p style=\"text-align: justify;\"><span style=\"font-family: arial,helvetica,sans-serif;\">\u2014Genelkurmay Ba\u015fkanl\u0131\u011f\u0131, Milli Savunma Bakanl\u0131\u011f\u0131\u2019na (MSB) ba\u011flanmal\u0131d\u0131r.<\/span><\/p>\n<p style=\"text-align: justify;\"><span style=\"font-family: arial,helvetica,sans-serif;\">\u2014Savunma harcamalar\u0131n\u0131n denetimi Say\u0131\u015ftay taraf\u0131ndan etkin bir bi\u00e7imde yerine getirilmelidir.<\/span><\/p>\n<p style=\"text-align: justify;\"><span style=\"font-family: arial,helvetica,sans-serif;\">\u2014Y\u00fcksek komuta kademesinde atamalar T\u00fcrk Silahl\u0131 Kuvvetlerinin g\u00f6sterece\u011fi belli say\u0131da aday aras\u0131ndan sivil otorite taraf\u0131ndan ger\u00e7ekle\u015ftirilmelidir.<\/span><\/p>\n<p style=\"text-align: justify;\"><span style=\"font-family: arial,helvetica,sans-serif;\">\u2014Cumhurba\u015fkan\u0131 rol\u00fcn\u00fcn parlamenter sisteme uyarlanmas\u0131 \u00e7er\u00e7evesinde, Devlet Denetleme Kurulu kald\u0131r\u0131lmal\u0131d\u0131r.<\/span><\/p>\n<p style=\"text-align: justify;\"><span style=\"font-family: arial,helvetica,sans-serif;\">\u2014Y\u00fcksek \u00d6\u011fretim Kurulu yerine, \u00fcniversiteler aras\u0131 planlama ve koordinasyondan sorumlu yeni bir yap\u0131 kurulmal\u0131d\u0131r.<\/span><\/p>\n<p style=\"text-align: justify;\"><span style=\"font-family: arial,helvetica,sans-serif;\"><b>Zaman Gazetesinin T\u00dcS\u0130AD deste\u011fi!<\/b><\/span><\/p>\n<p style=\"text-align: justify;\"><span style=\"font-family: arial,helvetica,sans-serif;\">1950 do\u011fumlu olan Brian Currin, G\u00fcney Afrikal\u0131 bir avukat ve &#8216;uzla\u015fma&#8217; uzman\u0131ym\u0131\u015f.<\/span><\/p>\n<p style=\"text-align: justify;\"><span style=\"font-family: arial,helvetica,sans-serif;\">T\u00dcS\u0130AD&#8217;\u0131n davetlisi olarak T\u00fcrkiye&#8217;ye \u00e7a\u011fr\u0131lm\u0131\u015f. T\u00dcS\u0130AD&#8217;\u0131n ger\u00e7ekle\u015ftirece\u011fi &#8220;Yeni Anayasa&#8221; oturumunda konu\u015fma yapan Brian Currin, adl\u0131 Yahudi ve Mason \u015fu anda d\u00fcnyan\u0131n en \u00fcnl\u00fc arabulucusu say\u0131lmaktaym\u0131\u015f. G\u00fcney Afrika&#8217;da siyahlara y\u00f6nelik \u0131rk\u00e7\u0131 uygulamalar kar\u015f\u0131s\u0131nda Mandela&#8217;dan yana tav\u0131r alm\u0131\u015fm\u0131\u015f. Daha sonra Hakikat ve Uzla\u015fma komisyonlar\u0131n\u0131n kurulu\u015funa kat\u0131lm\u0131\u015f. G\u00fcney Afrika&#8217;da edindi\u011fi tecr\u00fcbeyi, d\u00fcnyan\u0131n \u00e7e\u015fitli yerlerindeki sorunlar\u0131 \u00e7\u00f6zmek i\u00e7in kullanmaya ba\u015flam\u0131\u015f. Ruanda, Sri Lanka, Malavi, Namibya, Ortado\u011fu ve Kuzey \u0130rlanda&#8217;daki politik sorunlarda arabulucu olarak g\u00f6rev yapm\u0131\u015f ve tamam\u0131nda \u0130srail\u2019in lehine sonu\u00e7lar \u00e7\u0131karm\u0131\u015f&#8230; Brian Currin, h\u00e2len ETA&#8217;yla \u0130spanya aras\u0131nda &#8216;ba\u011f\u0131ms\u0131z arabulucu&#8217; olarak \u00e7al\u0131\u015fmaktaym\u0131\u015f. \u0130\u015fte bu me\u015fhur Siyonist Currin, ya\u015fad\u0131\u011f\u0131 tecr\u00fcbeleri ve bar\u0131\u015f s\u00fcre\u00e7lerini, Fetullah\u00e7\u0131 Zaman&#8217;a anlatm\u0131\u015f.<\/span><\/p>\n<p style=\"text-align: justify;\"><span style=\"font-family: arial,helvetica,sans-serif;\"><b>T\u00fcrkiye&#8217;yi yak\u0131ndan tan\u0131yorsunuz, ter\u00f6r\u00fcn \u00e7\u00f6z\u00fcm\u00fc i\u00e7in bir \u00f6neriniz var m\u0131? <\/b><\/span><\/p>\n<p style=\"text-align: justify;\"><span style=\"font-family: arial,helvetica,sans-serif;\"><b><i>\u201cT\u00fcrkiye&#8217;de bu sorun \u00e7\u00f6z\u00fclmek isteniyorsa her iki taraf\u0131n da \u00f6nce \u015funu \u00f6\u011frenmesi gerek: Ba\u015fka bir se\u00e7enek yok! Sadece bar\u0131\u015f konu\u015fulmal\u0131. PKK bomba atmaktan, \u015fiddet kullanmaktan vazge\u00e7meli. Devlet de \u00f6yle silah\u0131 terk etmeli. Maalesef bu b\u00f6yle olmuyor her zaman. Her iki taraf da \u015funu anlam\u0131yor: Bu durum b\u00f6yle devam etti\u011fi s\u00fcrece, ekonomi s\u0131k\u0131nt\u0131ya giriyor, \u00fclke zarar ediyor. Geni\u015f d\u00fc\u015f\u00fcnm\u00fcyorlar. Bunun bir \u00fclke meselesi oldu\u011funu g\u00f6rmek gerekir.\u201d<a href=\"#_ftn3\" name=\"_ftnref3\"><b>[3]<\/b><\/a><\/i><\/b><\/span><\/p>\n<p style=\"text-align: justify;\"><span style=\"font-family: arial,helvetica,sans-serif;\"><b>Evet, T\u00dcS\u0130AD davetlisi Yahudi uzla\u015fma uzman\u0131 a\u00e7\u0131k\u00e7a PKK ile devleti ayn\u0131 kefeye koyuyor ve kar\u015f\u0131l\u0131kl\u0131 silahlar\u0131 b\u0131rakmalar\u0131n\u0131 ve Federatif K\u00fcrdistan\u2019\u0131 kurmalar\u0131n\u0131 \u00f6neriyor, Zaman Gazetesi de buna sahip \u00e7\u0131k\u0131yordu.<\/b><\/span><\/p>\n<p style=\"text-align: justify;\">\u00a0<\/p>\n<p style=\"text-align: justify;\">\u00a0<\/p>\n<div style=\"text-align: justify;\"><br clear=\"all\" \/>  <\/p>\n<hr width=\"33%\" size=\"1\" align=\"left\" \/>\n<div>\n<p><span style=\"font-family: arial,helvetica,sans-serif;\"><a href=\"#_ftnref1\" name=\"_ftn1\">[1]<\/a> Zaman \/ 23.03.2011<\/span><\/p>\n<\/p><\/div>\n<div>\n<p><span style=\"font-family: arial,helvetica,sans-serif;\"><a href=\"#_ftnref2\" name=\"_ftn2\">[2]<\/a> Esfender Korkmaz \/Yeni\u00e7a\u011f \/24.03.2011<\/span><\/p>\n<\/p><\/div>\n<div>\n<p><span style=\"font-family: arial,helvetica,sans-serif;\"><a href=\"#_ftnref3\" name=\"_ftn3\">[3]<\/a> Zaman \/ 23.03.2011<\/span><\/p>\n<\/p><\/div>\n<\/p><\/div>\n","protected":false},"excerpt":{"rendered":"<p><span style=\"font-family: arial,helvetica,sans-serif;\"> <\/p>\n","protected":false},"author":9,"featured_media":0,"comment_status":"open","ping_status":"closed","sticky":false,"template":"","format":"standard","meta":{"footnotes":""},"categories":[123],"tags":[],"class_list":["post-2025","post","type-post","status-publish","format-standard","hentry","category-mayis-2011"],"_links":{"self":[{"href":"https:\/\/www.millicozum.com\/mc\/wp-json\/wp\/v2\/posts\/2025","targetHints":{"allow":["GET"]}}],"collection":[{"href":"https:\/\/www.millicozum.com\/mc\/wp-json\/wp\/v2\/posts"}],"about":[{"href":"https:\/\/www.millicozum.com\/mc\/wp-json\/wp\/v2\/types\/post"}],"author":[{"embeddable":true,"href":"https:\/\/www.millicozum.com\/mc\/wp-json\/wp\/v2\/users\/9"}],"replies":[{"embeddable":true,"href":"https:\/\/www.millicozum.com\/mc\/wp-json\/wp\/v2\/comments?post=2025"}],"version-history":[{"count":0,"href":"https:\/\/www.millicozum.com\/mc\/wp-json\/wp\/v2\/posts\/2025\/revisions"}],"wp:attachment":[{"href":"https:\/\/www.millicozum.com\/mc\/wp-json\/wp\/v2\/media?parent=2025"}],"wp:term":[{"taxonomy":"category","embeddable":true,"href":"https:\/\/www.millicozum.com\/mc\/wp-json\/wp\/v2\/categories?post=2025"},{"taxonomy":"post_tag","embeddable":true,"href":"https:\/\/www.millicozum.com\/mc\/wp-json\/wp\/v2\/tags?post=2025"}],"curies":[{"name":"wp","href":"https:\/\/api.w.org\/{rel}","templated":true}]}}