{"id":2028,"date":"2011-04-26T10:09:00","date_gmt":"2011-04-26T10:09:00","guid":{"rendered":"https:\/\/www.millicozum.com\/mc\/2011\/04\/26\/fetullahcilar-yol-ayriminda\/"},"modified":"2011-04-26T10:09:00","modified_gmt":"2011-04-26T10:09:00","slug":"fetullahcilar-yol-ayriminda","status":"publish","type":"post","link":"https:\/\/www.millicozum.com\/mc\/2011\/mayis-2011\/fetullahcilar-yol-ayriminda\/","title":{"rendered":"FETULLAHCILAR YOL AYRIMINDA"},"content":{"rendered":"<p><span style=\"font-family: arial,helvetica,sans-serif;\">   <\/span> <\/p>\n<p style=\"text-align: justify;\"><span style=\"font-family: arial,helvetica,sans-serif;\"><b>Wikileaks\u2019\u0131n T\u00fcrkiye Belgelerindeki Fetullah G\u00fclen ve cemaatiyle ilgili b\u00f6l\u00fcmler TARAF Gazetesine s\u0131zd\u0131r\u0131l\u0131p yay\u0131nland\u0131. Dikkatimizi \u00e7eken hususlar \u015funlard\u0131:<\/b><\/span><\/p>\n<p style=\"text-align: justify;\"><span style=\"font-family: arial,helvetica,sans-serif;\"><b>1- <\/b><b>\u201cABD\u2019nin Fetullah G\u00fclen\u2019e pek g\u00fcvenmedi\u011fi ve Cemaatin Amerika\u2019y\u0131 kullan\u0131p kutsal ama\u00e7lar\u0131 i\u00e7in istifade etti\u011fi\u201d Kanaati olu\u015fturulmak ve b\u00f6ylece masumla\u015ft\u0131r\u0131l\u0131p me\u015frula\u015ft\u0131rmak isteniyordu. Bu durumda ABD emperyalizmi ve \u0130srail Siyonizm\u2019i do\u011frultusunda kullan\u0131lmas\u0131 daha kolay hale geliyordu.<\/b><\/span><\/p>\n<p style=\"text-align: justify;\"><span style=\"font-family: arial,helvetica,sans-serif;\"><b>2- <\/b><b>G\u00fclen\u2019in T\u00fcrkiye\u2019ye d\u00f6n\u00fc\u015f\u00fcn\u00fcn \u00f6n\u00fc a\u00e7\u0131lmaya ve belki de Abdullah G\u00fcl liderli\u011finde, iyice y\u0131pranan Recep Erdo\u011fan AKP\u2019sine alternatif yeni siyasi yap\u0131lara zemin haz\u0131rlanmaya \u00e7al\u0131\u015f\u0131l\u0131yordu. H\u00fcseyin G\u00fclerce\u2019nin Ba\u015fbakana \u00fcslup ve AB konusundaki uyar\u0131lar\u0131 da bunu g\u00f6steriyordu. (18 Mart 2011 \u2013 Zaman)<\/b><\/span><\/p>\n<p style=\"text-align: justify;\"><span style=\"font-family: arial,helvetica,sans-serif;\"><b>3- <\/b><b>Ama yakla\u015fan 12 Haziran se\u00e7imlerinde, \u015fimdilik b\u00fct\u00fcn oylar\u0131n AKP\u2019ye ak\u0131t\u0131lmas\u0131 sa\u011flan\u0131yordu.<\/b><\/span><\/p>\n<p style=\"text-align: justify;\"><span style=\"font-family: arial,helvetica,sans-serif;\"><b>4- <\/b><b>Birbirine tamamen z\u0131t zannedilen TARAF ve AYDINLIK Gazetelerine, CIA\u2019n\u0131n ayn\u0131 oranda s\u0131cak bakt\u0131\u011f\u0131 ve yararland\u0131\u011f\u0131 ortaya \u00e7\u0131k\u0131yordu. \u00c7\u00fcnk\u00fc bizzat Ayd\u0131nl\u0131k\u2019\u0131n itiraflar\u0131yla, \u00f6nce kendilerine s\u0131zd\u0131r\u0131lmak istenen belgeler, sonra Tarafa aktar\u0131l\u0131yordu. CIA, daha \u00f6nce Ayd\u0131nl\u0131k\u00e7\u0131lar\u0131n ne oldu\u011funu bilmiyor muydu?<\/b><\/span><\/p>\n<p style=\"text-align: justify;\"><span style=\"font-family: arial,helvetica,sans-serif;\"><b>Ayd\u0131nl\u0131k\u2019\u0131n yazd\u0131klar\u0131:<\/b><\/span><\/p>\n<p style=\"text-align: justify;\"><span style=\"font-family: arial,helvetica,sans-serif;\"><b><i>\u201cAyd\u0131nl\u0131k\u2019\u0131n haberlerinden s\u0131k\u0131\u015fan CIA, etkisini kullanarak Wikileaks belgelerinin Taraf gazetesine gitmesini sa\u011flad\u0131. Wikileaks belgelerinin Taraf gazetesine ula\u015ft\u0131r\u0131lmas\u0131yla ilgili dikkat \u00e7ekici de\u011ferlendirmeler yap\u0131lm\u0131\u015ft\u0131. Bunlardan birincisi, Amerikan istihbarat \u00e7evrelerine yak\u0131nl\u0131\u011f\u0131yla bilinen yabanc\u0131 bir kaynakt\u0131. Bu kayna\u011f\u0131n de\u011ferlendirmesi \u015f\u00f6yle:<\/i><\/b><\/span><\/p>\n<p style=\"text-align: justify;\"><span style=\"font-family: arial,helvetica,sans-serif;\"><b><i>\u201cWikileaks belgelerinin Ayd\u0131nl\u0131k\u2019a verilmesi d\u00fc\u015f\u00fcn\u00fcl\u00fcyordu. Ancak Ayd\u0131nl\u0131k\u2019\u0131n CIA yay\u0131n\u0131 \u00fczerine vazge\u00e7iliyordu ve belgeler, CIA tesiriyle Taraf\u2019a y\u00f6nlendiriliyordu. \u015eimdi Wikileaks belgeleri, Ayd\u0131nl\u0131k\u2019\u0131n yay\u0131n\u0131na kar\u015f\u0131 kullanacakt\u0131\u201d T\u00fcrkiye\u2019deki istihbarat \u00e7evrelerine yak\u0131nl\u0131\u011f\u0131 ile bilinen gazeteci Avni \u00d6zg\u00fcrel de, kat\u0131ld\u0131\u011f\u0131 CNN T\u00fcrk\u2019teki Medya Mahallesi program\u0131nda, Wikileaks belgelerinin ba\u015flang\u0131\u00e7ta Ayd\u0131nl\u0131k gazetesine veya Odatv\u2019ye verilmesinin d\u00fc\u015f\u00fcn\u00fcld\u00fc\u011f\u00fcn\u00fc kendi kaynaklar\u0131na dayanarak a\u00e7\u0131kl\u0131yordu. \u00d6zg\u00fcrel, belgelerin Ayd\u0131nl\u0131k\u2019a verilmesinden neden vazge\u00e7ildi\u011fi hakk\u0131nda bilgi vermiyordu. \u00d6zg\u00fcrel\u2019in vurgulad\u0131\u011f\u0131 bir di\u011fer husus da Ergenekon operasyonlar\u0131yla ilgiliydi. <\/i><\/b><\/span><\/p>\n<p style=\"text-align: justify;\"><span style=\"font-family: arial,helvetica,sans-serif;\"><b><i>Avni \u00d6zg\u00fcrel: \u201cT\u00fcrkiye\u2019de medya ve i\u015f d\u00fcnyas\u0131na da daha geni\u015f operasyonlar yap\u0131laca\u011f\u0131n\u0131n, bug\u00fcne kadar yap\u0131lanlar\u0131n sadece ba\u015flang\u0131\u00e7 say\u0131laca\u011f\u0131n\u0131n\u201d alt\u0131n\u0131 \u00e7iziyordu. (17 Mart 2011 Ayd\u0131nl\u0131k Sh.8)<\/i><\/b><\/span><\/p>\n<p style=\"text-align: justify;\"><span style=\"font-family: arial,helvetica,sans-serif;\"><b>5- <\/b><b>B\u00fcy\u00fck k\u0131sm\u0131n\u0131n iyi niyetli, istikametli ve hizmet ehli olduklar\u0131na inand\u0131\u011f\u0131m\u0131z cemaat ba\u011fl\u0131lar\u0131n\u0131n da, art\u0131k ac\u0131 ger\u00e7ekleri g\u00f6r\u00fcp, Fetullah Hocay\u0131 da, mensuplar\u0131n\u0131 da bu Siyonist-Ha\u00e7l\u0131 tezg\u00e2h\u0131ndan \u00e7ekip kurtarmalar\u0131 gerekiyordu. \u00c7\u00fcnk\u00fc Yahudi hahamba\u015f\u0131lar\u0131n\u0131n, farkl\u0131 mezhepteki H\u0131ristiyan Din adamlar\u0131n\u0131n ve Papa\u2019l\u0131\u011f\u0131n, \u00f6yle babalar\u0131n\u0131n hayr\u0131na ve \u0130slam\u2019\u0131n hat\u0131r\u0131na cemaate yard\u0131m etmeyeceklerini art\u0131k anlamalar\u0131 bekleniyordu.<\/b><\/span><\/p>\n<p style=\"text-align: justify;\"><span style=\"font-family: arial,helvetica,sans-serif;\"><b>6- <\/b><b>Siyonist Yahudi Lobilerinin ve Ha\u00e7l\u0131 emperyalist mahfillerin g\u00fcd\u00fcm\u00fcnden \u00e7\u0131kan hareketin; Milli, \u0130lmi, \u0130slami ve \u0130nsani hedefler istikametinde b\u00fcy\u00fck hizmetlere vesile olaca\u011f\u0131 umuluyordu.<\/b><\/span><\/p>\n<p style=\"text-align: justify;\"><span style=\"font-family: arial,helvetica,sans-serif;\"><b>7- <\/b><b>Hi\u00e7bir kesimin endi\u015fe etmesine ve paniklemesine gerek yoktu. T\u00fcrkiye\u2019deki Milli derin devlet, ABD\u2019nin kirli ve gizli merkezlerinden daha g\u00fc\u00e7l\u00fc bulunuyordu. Bunun en b\u00fcy\u00fck ispat\u0131, Erbakan Hoca\u2019n\u0131n cenazesinde ya\u015fan\u0131yordu.<\/b><\/span><\/p>\n<p style=\"text-align: justify;\"><span style=\"font-family: arial,helvetica,sans-serif;\"><b>8- <\/b><b>Zaman Gazetesinin TSK\u2019y\u0131 y\u0131prat\u0131c\u0131 yay\u0131nlar\u0131 ve \u201cTai\u2019nin u\u00e7a\u011f\u0131 deneme u\u00e7u\u015funda ters d\u00f6nd\u00fc, pilot camdan f\u0131rlad\u0131\u201d (Bak. 18 Mart 2011 Zaman 1. sayfadan resimli) \u015feklinde, milli ve yerli harp sanayini k\u00f6t\u00fcleyip k\u00f6rle\u015ftirmeye ve her bak\u0131mdan Bat\u0131\u2019ya ba\u011f\u0131ml\u0131l\u0131\u011f\u0131m\u0131z\u0131 s\u00fcrd\u00fcrmeye y\u00f6nelik tav\u0131rlar\u0131na kar\u015f\u0131, cemaatin ciddi ve cesaretli bir bask\u0131 olu\u015fturmas\u0131 laz\u0131m geliyordu. <\/b><\/span><\/p>\n<p style=\"text-align: justify;\"><span style=\"font-family: arial,helvetica,sans-serif;\"><b>\u0130\u015fte WikiLeaks belgelerinde Fetullah\u00e7\u0131l\u0131k ger\u00e7ekleri<\/b><\/span><\/p>\n<p style=\"text-align: justify;\"><span style=\"font-family: arial,helvetica,sans-serif;\"><b>ABD, \u201cOla\u011fan\u00fcst\u00fc yetenekli yabanc\u0131 stat\u00fcs\u00fc\u201d veriyor!<\/b><\/span><\/p>\n<p style=\"text-align: justify;\"><span style=\"font-family: arial,helvetica,sans-serif;\">Fetullah G\u00fclen halen Amerika\u2019da \u201cs\u00fcrekli mukim\u201d stat\u00fcs\u00fcnde ya\u015f\u0131yor. Ama bu stat\u00fcy\u00fc elde etmesi kolay olmad\u0131. 1999\u2019da \u201cturist\u201d vizesiyle ABD\u2019ye giden G\u00fclen, bu vizeyi daha fazla uzatmas\u0131n\u0131n m\u00fcmk\u00fcn olmad\u0131\u011f\u0131 noktada, bu kez farkl\u0131 bir stat\u00fcyle, din adamlar\u0131na verilen \u201cR\u201d vizesi ile ikametini s\u00fcrd\u00fcrd\u00fc. \u201cR\u201d vizesinin de s\u0131n\u0131r\u0131na dayan\u0131nca, G\u00fclen\u2019in avukatlar\u0131, s\u00fcrekli oturma izni (Ye\u015fil Kart) i\u00e7in ba\u015fvuruda bulundular. Bu ba\u015fvuru, \u00f6nce Amerikan Vatanda\u015fl\u0131k ve G\u00f6\u00e7menlik Hizmetleri B\u00fcrosu taraf\u0131ndan reddedildi. Daha sonra, yine G\u00fclen\u2019in avukatlar\u0131, Amerikan h\u00fck\u00fcmetinin \u201cret\u201d karar\u0131na kar\u015f\u0131 Amerikan mahkemelerine itirazda bulundular ve davay\u0131 kazanarak m\u00fcvekkillerinin 2008\u2019den itibaren \u201cYe\u015fil Kart\u201d sahibi olmas\u0131n\u0131 sa\u011flad\u0131lar.<\/span><\/p>\n<p style=\"text-align: justify;\"><span style=\"font-family: arial,helvetica,sans-serif;\">ABD\u2019nin eski Ankara B\u00fcy\u00fckel\u00e7isi James Jeffrey, WikiLeaks belgelerine yans\u0131yan bir bas\u0131n de\u011ferlendirmesinde bu durumu, \u201cG\u00fclen, Ye\u015fil Kart\u2019\u0131n\u0131 h\u00fck\u00fcmet karar\u0131yla de\u011fil, ABD mahkemelerinin karar\u0131yla ald\u0131. ABD h\u00fck\u00fcmeti onu korumad\u0131. ABD h\u00fck\u00fcmeti, G\u00fclen\u2019in Ye\u015fil Kart talebini reddedince, o ki\u015fisel olarak ABD mahkemesine ba\u015fvurdu ve mahkeme karar\u0131yla Ye\u015fil Kart\u2019\u0131n\u0131 elde etti\u201d diye \u00f6zetliyor.<\/span><\/p>\n<p style=\"text-align: justify;\"><span style=\"font-family: arial,helvetica,sans-serif;\">Yine Jeffrey, 4 Aral\u0131k 2009 tarihli \u201cK\u0130\u015e\u0130YE \u00d6ZEL\u201d stat\u00fcl\u00fc bir telgrafla, Washington\u2019a, \u201cABD, G\u00fclen\u2019i niye himaye ediyor\u201d sorusuna kar\u015f\u0131l\u0131k olarak, gazetecilere resmen \u015fu cevab\u0131n verilmesi tavsiyesinde bulunmu\u015f:<\/span><\/p>\n<p style=\"text-align: justify;\"><span style=\"font-family: arial,helvetica,sans-serif;\"><b><i>\u201cABD, Bay G\u00fclen\u2019i himaye etmemektedir ve kendisinin ABD\u2019de bulunmas\u0131 bir siyasi karara dayanmamaktad\u0131r. Bay G\u00fclen, ABD\u2019de s\u00fcrekli oturum i\u00e7in ba\u015fvuruda bulunmu\u015f ve 2008\u2019de sonu\u00e7lanan uzun bir hukuki s\u00fcre\u00e7 sonunda, Federal Mahkeme\u2019nin, kendisinin \u00e7ok say\u0131da yaz\u0131l\u0131 eserin sahibi ve d\u00fcnya \u00e7ap\u0131nda bir din\u00ee \u00f6rg\u00fct\u00fcn lideri s\u0131fat\u0131yla, \u2018ola\u011fan\u00fcst\u00fc yetenekli yabanc\u0131\u2019 olarak g\u00f6r\u00fclmeyi hak etti\u011fi y\u00f6n\u00fcndeki karar\u0131 \u00fczerine bu hakk\u0131 elde etmi\u015ftir. Bir Ye\u015fil Kart sahibi olarak, Bay G\u00fclen bu stat\u00fcn\u00fcn getirdi\u011fi b\u00fct\u00fcn imtiyazlara sahiptir. ABD\u2019de bulunu\u015fu, ABD\u2019nin T\u00fcrkiye\u2019ye y\u00f6nelik politikas\u0131n\u0131n bir g\u00f6stergesi olarak g\u00f6r\u00fclmemelidir.\u201d<\/i><\/b><\/span><\/p>\n<p style=\"text-align: justify;\"><span style=\"font-family: arial,helvetica,sans-serif;\"><b>T\u00fcrkiye Hahamba\u015f\u0131 referans mektubu yaz\u0131yor!<\/b><\/span><\/p>\n<p style=\"text-align: justify;\"><span style=\"font-family: arial,helvetica,sans-serif;\">Jeffrey\u2019in G\u00fclen\u2019le ilgili 2009 tarihli telgraf\u0131na d\u00f6nece\u011fiz. Ama \u00f6nce biraz geriye, G\u00fclen\u2019in ABD oturma izni alabilmesi i\u00e7in ba\u015flat\u0131lan kampanyan\u0131n ABD\u2019nin T\u00fcrkiye\u2019deki diplomatlar\u0131nca nas\u0131l kar\u015f\u0131land\u0131\u011f\u0131na bakal\u0131m.<\/span><\/p>\n<p style=\"text-align: justify;\"><span style=\"font-family: arial,helvetica,sans-serif;\">4 A\u011fustos 2005 tarihinde, ABD\u2019nin \u0130stanbul Ba\u015fkonsolos Vekili Stuart Smith taraf\u0131ndan Washington\u2019a g\u00f6nderilen \u201cG\u0130ZL\u0130\u201d stat\u00fcl\u00fc telgraf\u0131n ba\u015fl\u0131\u011f\u0131: \u201cHoca\u2019ya destek i\u00e7in seferber olmak.\u201d<\/span><\/p>\n<p style=\"text-align: justify;\"><span style=\"font-family: arial,helvetica,sans-serif;\">Orijinal metnini bug\u00fcnden itibaren WikiLeaks\u2019in sitesinde de bulabilece\u011finiz telgraf\u0131n giri\u015f b\u00f6l\u00fcm\u00fcnde, Hahamba\u015f\u0131 \u0130shak Haleva\u2019n\u0131n ABD\u2019nin \u0130stanbul\u2019daki diplomatlar\u0131na anlatt\u0131klar\u0131 yer al\u0131yor:<\/span><\/p>\n<p style=\"text-align: justify;\"><span style=\"font-family: arial,helvetica,sans-serif;\"><b><i>\u201cHaleva kendisiyle ili\u015fkiye ge\u00e7en ki\u015filerin, G\u00fclen\u2019in yak\u0131nda ABD\u2019deki g\u00f6\u00e7menlik stat\u00fcs\u00fcn\u00fc de\u011fi\u015ftirmek i\u00e7in ba\u015fvuruda bulunaca\u011f\u0131n\u0131 ve ABD h\u00fck\u00fcmetinin baz\u0131 birimlerinde var olan \u2018G\u00fclen, \u0131l\u0131ml\u0131 mesaj\u0131yla, daha sinsi ve radikal bir g\u00fcndemi gizleyen bir radikal \u0130slamc\u0131d\u0131r\u2019 inanc\u0131na kar\u015f\u0131 bir tavsiye mektubuna ihtiyac\u0131 oldu\u011funu s\u00f6ylediklerini aktard\u0131.\u201d<\/i><\/b><\/span><\/p>\n<p style=\"text-align: justify;\"><span style=\"font-family: arial,helvetica,sans-serif;\">S\u00f6z konusu telgraf\u0131n kapsam\u0131nda, imzalay\u0131p Amerikan h\u00fck\u00fcmetine g\u00f6ndermesi i\u00e7in G\u00fclen yanda\u015flar\u0131nca Haleva\u2019ya verilen mektubun tam metni de var. Haleva\u2019n\u0131n telgrafa yans\u0131yan ifadelerinden, bu mektubu haz\u0131rlay\u0131p kendisine getirenlerin T\u00fcrkiye Gazeteciler ve Yazarlar Vakf\u0131 ad\u0131na hareket ettikleri anla\u015f\u0131l\u0131yor.<\/span><\/p>\n<p style=\"text-align: justify;\"><span style=\"font-family: arial,helvetica,sans-serif;\">Telgraf\u0131 okumaya devam edelim:<\/span><\/p>\n<p style=\"text-align: justify;\"><span style=\"font-family: arial,helvetica,sans-serif;\"><b><i>\u201c\u0130shak Haleva G\u00fclen\u2019in ge\u00e7mi\u015fte T\u00fcrkiye\u2019nin Yahudi Cemaati\u2019ne verdi\u011fi destek nedeniyle, bu talebi \u00f6ylece geri \u00e7evirmemi\u015fti.\u201d<\/i><\/b><\/span><\/p>\n<p style=\"text-align: justify;\"><span style=\"font-family: arial,helvetica,sans-serif;\">Nitekim Ye\u015fil Kart ba\u015fvurusunun reddi y\u00f6n\u00fcndeki karar\u0131n d\u00fczeltilmesi i\u00e7in a\u00e7\u0131lan davan\u0131n iki bin sayfal\u0131k belgeleri aras\u0131na giren destek mektuplar\u0131n\u0131n yazarlar\u0131 aras\u0131nda Amerikan Merkezi \u0130stihbarat Te\u015fkilat\u0131 (CIA) eski \u00e7al\u0131\u015fanlar\u0131 George Fidas ve Graham Fuller, ABD\u2019nin eski Ankara B\u00fcy\u00fckel\u00e7isi Morton Abramowitz gibi isimler var ama \u0130shak Haleva yok.<\/span><\/p>\n<p style=\"text-align: justify;\"><span style=\"font-family: arial,helvetica,sans-serif;\"><b>Hocaefendi\u2019yi Vatikan destekliyor<\/b><\/span><\/p>\n<p style=\"text-align: justify;\"><span style=\"font-family: arial,helvetica,sans-serif;\">Gerek Haleva\u2019ya imzalamas\u0131 i\u00e7in verilen tavsiye mektubu tasla\u011f\u0131nda, gerekse G\u00fclen\u2019i mahkemede savunan avukatlar\u0131n\u0131n tezleri aras\u0131nda, kendisinin 9 \u015eubat 1998\u2019de Vatikan\u2019da d\u00fcnyadaki bir milyar Katoli\u011fin ruhani lideri olan Papa \u0130kinci John Paul\u2019la bir araya gelmi\u015f olmas\u0131 da vurgulanm\u0131\u015ft\u0131.<\/span><\/p>\n<p style=\"text-align: justify;\"><span style=\"font-family: arial,helvetica,sans-serif;\">ABD\u2019nin Ba\u015fkonsolos Vekili Smith ise, 4 A\u011fustos 2005 tarihli \u201cgizli\u201d telgrafta, Vatikan\u2019\u0131n G\u00fclen\u2019e deste\u011fine ili\u015fkin farkl\u0131 bir g\u00f6zlem aktar\u0131yor:<\/span><\/p>\n<p style=\"text-align: justify;\"><span style=\"font-family: arial,helvetica,sans-serif;\"><b><i>Burada (ba\u015fkonsolosluk kastediliyor) d\u00fczenlenen kahvalt\u0131l\u0131 bir toplant\u0131da, Vatikan Temsilcisi\u2019nin, G\u00fclen\u2019i sadece co\u015fkulu bir \u015fekilde \u00f6vmekle yetinmeyip, o s\u0131rada T\u00fcrkiye\u2019yi ziyaret etmekte olan Kongre heyetinin ba\u015fkan\u0131na G\u00fclen hakk\u0131nda yaz\u0131lm\u0131\u015f bir kitab\u0131 da takdim ederek, heyeti \u015fa\u015f\u0131rtm\u0131\u015ft\u0131. G\u00fclen\u2019in y\u0131llar \u00f6nce Papa \u0130kinci John Paul\u2019la g\u00f6r\u00fc\u015fmesi T\u00fcrkiye\u2019de b\u00fcy\u00fck tart\u0131\u015fma yaratm\u0131\u015f, baz\u0131 rakip cemaat ve tarikatlar G\u00fclen\u2019i sat\u0131lm\u0131\u015fl\u0131kla su\u00e7larken, bizim en iyi irtibatlar\u0131m\u0131z aras\u0131nda olan ba\u015fka baz\u0131 m\u00fctedeyyin T\u00fcrkler de, bu hareketi ikiy\u00fczl\u00fcl\u00fc\u011f\u00fcn en son noktas\u0131 olarak de\u011ferlendirmi\u015fti.\u201d<\/i><\/b><\/span><\/p>\n<p style=\"text-align: justify;\"><span style=\"font-family: arial,helvetica,sans-serif;\"><b>Garih \u00f6ld\u00fcr\u00fcl\u00fcyor, Marovitch\u2019e suikast d\u00fczenleniyor!<\/b><\/span><\/p>\n<p style=\"text-align: justify;\"><span style=\"font-family: arial,helvetica,sans-serif;\">\u00dczeyir Garih ve Georges Marovitch&#8230; Fetullah G\u00fclen\u2019le dostluklar\u0131 bilinen iki isim. \u0130kisinin de, G\u00fclen\u2019i Papa \u0130kinci John Paul\u2019le bulu\u015fturmakta ayr\u0131 ayr\u0131 rol oynad\u0131\u011f\u0131, \u201cWikiLeaks T\u00fcrkiye Belgeleri\u201dne yans\u0131yan bilgiler aras\u0131nda.<\/span><\/p>\n<p style=\"text-align: justify;\"><span style=\"font-family: arial,helvetica,sans-serif;\">Fetullah G\u00fclen, Papa \u0130kinci John Paul\u2019le 9 \u015eubat 1998\u2019de Vatikan\u2019da g\u00f6r\u00fc\u015ft\u00fc. G\u00fclen, ayn\u0131 g\u00fcn Roma\u2019ya gitmek i\u00e7in \u0130stanbul\u2019dan ayr\u0131l\u0131rken, Vatikan\u2019\u0131n Ankara B\u00fcy\u00fckel\u00e7isi Pier Luigi Celata ile \u0130stanbul Temsilcisi Georges Marovitch arac\u0131l\u0131\u011f\u0131yla, 1997\u2019de kendisine iletilen bir davete icabet etti\u011fini s\u00f6ylemi\u015fti. Yani davet Papa\u2019dand\u0131. Peki, davet fikrini Papa\u2019n\u0131n akl\u0131na sokan kimdi ya da kimlerdi?<\/span><\/p>\n<p style=\"text-align: justify;\"><span style=\"font-family: arial,helvetica,sans-serif;\">\u201cWikiLeaks T\u00fcrkiye Belgeleri\u201dnde, Monseny\u00f6r Marovitch\u2019in bu g\u00f6r\u00fc\u015fmenin ayarlanmas\u0131nda oynad\u0131\u011f\u0131 belirleyici rol\u00fc, bizzat kendi a\u011fz\u0131ndan ifadelerle yans\u0131tan bir Amerikan telgraf\u0131 da var. Bu sayfalarda sundu\u011fumuz telgrafta, ayn\u0131 zamanda, Amerikal\u0131 diplomatlar\u0131n Papa-G\u00fclen g\u00f6r\u00fc\u015fmesinin sa\u011flanmas\u0131nda \u00dczeyir Garih\u2019in de dolayl\u0131 rol oynad\u0131\u011f\u0131na ili\u015fkin bir notu yer al\u0131yor.<\/span><\/p>\n<p style=\"text-align: justify;\"><span style=\"font-family: arial,helvetica,sans-serif;\">1929 \u0130stanbul do\u011fumlu \u00dczeyir Garih, tam k\u0131rk yedi y\u0131l \u0130shak Alaton\u2019la birlikte Alarko \u015eirketler Grubu\u2019nun ba\u015fkanl\u0131\u011f\u0131n\u0131 y\u00fcr\u00fctt\u00fckten sonra, 25 A\u011fustos 2001\u2019de Ey\u00fcp Mezarl\u0131\u011f\u0131\u2019nda b\u0131\u00e7aklanarak \u00f6ld\u00fcr\u00fcld\u00fc. Cinayet zanl\u0131s\u0131n\u0131 olarak Yener Yermez adl\u0131 bir asker firarisi yakaland\u0131 ve su\u00e7u \u201citiraf etti\u011fi\u201d a\u00e7\u0131kland\u0131. Yermez m\u00fcebbet hapse mahk\u00fbm edildi ama 2008\u2019de cezaevinden <i>Yeni \u015eafak <\/i>gazetesine g\u00f6nderdi\u011fi mektuplarda, \u201cBana cinayeti \u00fcstlenmem kar\u015f\u0131l\u0131\u011f\u0131 vaat edilen miktar 1 milyon 500 bin dolar olup, kabul etmedi\u011fim taktirde \u00f6l\u00fcmle tehdit edildim. Gerek ailemi gerekse kendi g\u00fcvenli\u011fimi d\u00fc\u015f\u00fcnerek, cinayeti \u00fcstlenmek zorunda b\u0131rak\u0131ld\u0131m. Ba\u015fka da \u00e7arem yoktu\u201d dedi. Yermez, o mektuplarda ayr\u0131ca eski Adli T\u0131p g\u00f6revlisi, \u015fimdinin Ergenekon san\u0131\u011f\u0131 \u00dcmit Say\u0131n\u2019\u0131n da cinayetle ilgili bir\u00e7ok sorunun cevab\u0131n\u0131 bildi\u011fini \u00f6ne s\u00fcrd\u00fc.<\/span><\/p>\n<p style=\"text-align: justify;\"><span style=\"font-family: arial,helvetica,sans-serif;\">T\u00fcrkiye Katolik Cemaatleri Ruhaniler Kurulu S\u00f6zc\u00fcs\u00fc Monsenyor Georges Marovitch ise, Garih\u2019ten iki y\u0131l sonra, 1931\u2019de yine \u0130stanbul\u2019da do\u011fdu. Vatikan B\u00fcy\u00fckel\u00e7ili\u011fi\u2019nin \u0130stanbul Temsilcisi de olan Marovitch\u2019in ad\u0131n\u0131, geni\u015f kamuoyunun duymas\u0131 ise 2007\u2019de Roma\u2019da ge\u00e7irdi\u011fi esrarengiz kazayla \u00f6ld\u00fc.<\/span><\/p>\n<p style=\"text-align: justify;\"><span style=\"font-family: arial,helvetica,sans-serif;\">Termini Tren \u0130stasyonu\u2019nda beklerken, biri Marovitch\u2019i raylara itti. Yakla\u015fan tren son anda durdu. Marovitch\u2019in kaburgalar\u0131 k\u0131r\u0131ld\u0131, i\u00e7 organlar\u0131 hasar g\u00f6rd\u00fc. T\u00fcrkiye\u2019ye d\u00f6n\u00fcp Ermeni Hastanesi\u2019nde tedavi g\u00f6rd\u00fc ve yatalak kald\u0131.<\/span><\/p>\n<p style=\"text-align: justify;\"><span style=\"font-family: arial,helvetica,sans-serif;\">Yine Marovitch\u2019e g\u00f6re, \u0130talyan makamlar k\u0131sa s\u00fcre sonra kazayla ilgili soru\u015fturma dosyas\u0131n\u0131 kapatt\u0131. Bunu \u00fczerine Marovitch, olay\u0131n ayd\u0131nlat\u0131lmas\u0131 i\u00e7in ikinci kez dava a\u00e7t\u0131. Termini\u2019deki kamera kay\u0131tlar\u0131 esrarengiz \u015fekilde ortadan kaybolmu\u015ftu ve \u0130stanbul\u2019da telefonla \u00f6l\u00fcm tehditleri de alan Marovitch, olay\u0131n basit bir kaza oldu\u011funa hi\u00e7 inanmam\u0131\u015ft\u0131.&nbsp;&nbsp; <b><\/b><\/span><\/p>\n<p style=\"text-align: justify;\"><span style=\"font-family: arial,helvetica,sans-serif;\"><b>ABD Polisi, G\u00fclen i\u00e7in FBI\u2019dan ricac\u0131 oluyor!<\/b><\/span><\/p>\n<p style=\"text-align: justify;\"><span style=\"font-family: arial,helvetica,sans-serif;\">Fetullah G\u00fclen\u2019in ABD\u2019de yasal ko\u015fullarda ve s\u0131k s\u0131k \u00fclkeyi terk etme zorunlulu\u011fu olmadan ya\u015fayabilmek i\u00e7in verdi\u011fi hukuk m\u00fccadelesinde \u00f6n\u00fcne \u00e7\u0131kan en b\u00fcy\u00fck engel Federal Soru\u015fturma B\u00fcrosu\u2019ydu (FBI). Nitekim G\u00fclen\u2019in avukatlar\u0131 \u201cYe\u015fil Kart\u201d i\u00e7in a\u00e7t\u0131klar\u0131 davada, bu talebi reddeden G\u00f6\u00e7menlik B\u00fcrosu\u2019nun yan\u0131 s\u0131ra d\u00f6nemin ABD Yurti\u00e7i G\u00fcvenlik Bakan\u0131 Michael Chertoff ve FBI Direkt\u00f6r\u00fc Robert S. Mueller\u2019dan da \u015fik\u00e2yet\u00e7i oldular.<\/span><\/p>\n<p style=\"text-align: justify;\"><span style=\"font-family: arial,helvetica,sans-serif;\">\u015eimdi, bu bilgiyi de ak\u0131lda tutarak, ABD\u2019nin \u0130stanbul Ba\u015fkonsolos Vekili Smith\u2019in telgraf\u0131n\u0131n devam\u0131n\u0131 okuyal\u0131m:<\/span><\/p>\n<p style=\"text-align: justify;\"><span style=\"font-family: arial,helvetica,sans-serif;\">\u201cG\u00fclencilerin ABD\u2019nin G\u00fclen\u2019e kar\u015f\u0131 olumsuz tav\u0131rlar\u0131 konusundaki spesifik endi\u015fesinin, G\u00fclen\u2019in avukat\u0131n\u0131n \u2018Bilgi Edinme \u00d6zg\u00fcrl\u00fc\u011f\u00fc Yasas\u0131\u2019ndan yararlanarak elde etti\u011fi 2004 tarihli bir FBI raporundan kaynakland\u0131\u011f\u0131 anla\u015f\u0131l\u0131yor. T\u00fcrk Ulusal Polis Te\u015fkilat\u0131\u2019nda irtibatl\u0131 oldu\u011fumuz \u00fc\u00e7 \u00fcst d\u00fczey yetkili, k\u0131sa s\u00fcre \u00f6nce bu konuyu \u0130stanbul\u2019daki \u2018legat\u2019\u0131n (\u0130stanbul Ba\u015fkonsoloslu\u011fu\u2019nda FBI\u2019\u0131 temsil eden diplomat kastediliyor) dikkatine getirdiler ve bu g\u00f6r\u00fc\u015fmede ayn\u0131 zamanda G\u00fclen\u2019le ilgili bas\u0131l\u0131 malzemeler sunarak, FBI\u2019\u0131n, kendisi hakk\u0131nda bir t\u00fcr \u2018temiz ka\u011f\u0131d\u0131\u2019 verip veremeyece\u011fini sordular. (Not: Legat, bu tip bir k\u00e2\u011f\u0131d\u0131 bir PR kampanyas\u0131 ba\u015flatmakta kullanma niyetini g\u00f6z \u00f6n\u00fcnde tuttu\u011fu i\u00e7in, buna yana\u015fmad\u0131.)\u201d<\/span><\/p>\n<p style=\"text-align: justify;\"><span style=\"font-family: arial,helvetica,sans-serif;\"><b>ABD, Fetullah\u2019\u0131 aklamak ve taraftarlar\u0131n\u0131 rahatlatmak i\u00e7in \u201cOna tam g\u00fcvenmiyor\u201d tavr\u0131 tak\u0131n\u0131yor!<\/b><\/span><\/p>\n<p style=\"text-align: justify;\"><span style=\"font-family: arial,helvetica,sans-serif;\">Bu telgraf\u0131n sonundaki \u201cyorum\u201d b\u00f6l\u00fcm\u00fcn\u00fc, hem ABD\u2019nin 2005 y\u0131l\u0131nda G\u00fclen\u2019e nas\u0131l bakt\u0131\u011f\u0131na ili\u015fkin bir belge hem de bu bak\u0131\u015f\u0131n daha sonraki y\u0131llarda nas\u0131l de\u011fi\u015fti\u011fini g\u00f6rmek i\u00e7in \u201cbaz\u201d olarak aynen aktar\u0131yoruz:<\/span><\/p>\n<p style=\"text-align: justify;\"><span style=\"font-family: arial,helvetica,sans-serif;\"><strong><i>\u201cG\u00fclen\u2019in kamuoyuna verdi\u011fi ho\u015fg\u00f6r\u00fc ve diyalog mesaj\u0131n\u0131 ve buna paralel olan \u0130slam\u2019\u0131 bilim ve moderniteyle uzla\u015ft\u0131rma \u00e7abas\u0131n\u0131 hesaba katan baz\u0131 Bat\u0131l\u0131 g\u00f6zlemciler, onu M\u00fcsl\u00fcman bir e\u011fitimci (ya da \u201choca\u201d) olarak benimsiyor ve onu \u201c\u0131l\u0131ml\u0131 \u0130slam\u201d\u0131n sesi olarak g\u00f6rmeyi tercih ediyorlar. G\u00fclen, s\u0131kl\u0131kla ter\u00f6rizme kar\u015f\u0131 konu\u015fuyor (Kur\u2019an\u2019\u0131n baz\u0131 tefsirleriyle \u0130slam ad\u0131na uygulanan ter\u00f6rist \u015fiddet aras\u0131ndaki ba\u011flant\u0131y\u0131 irdelememek konusunda dikkatli davranmas\u0131na ra\u011fmen&#8230;) G\u00fclen ayr\u0131ca, Yahudi cemaatince kendi varl\u0131\u011f\u0131na destek olarak alg\u0131lanan tav\u0131rlar da sergiliyor.<\/i><\/strong><\/span><\/p>\n<p style=\"text-align: justify;\"><span style=\"font-family: arial,helvetica,sans-serif;\"><strong><i>Bu ger\u00e7ekler, G\u00fclencilerin T\u00fcrk Milli Polis Te\u015fkilat\u0131 d\u00e2hil (\u0130stanbul\u2019daki \u2018legat\u2019la yapt\u0131klar\u0131 toplant\u0131da ortaya \u00e7\u0131kt\u0131\u011f\u0131 gibi Ankara bu geli\u015fmenin polisin ter\u00f6rizmle m\u00fccadele \u00e7abalar\u0131na etkisini ayr\u0131ca ele alacak) bir\u00e7ok devlet kurumuna s\u0131zmalar\u0131yla birle\u015fti\u011finde, y\u00fczeyin alt\u0131nda \u00e7ok daha kat\u0131 bir \u00e7izginin, d\u00fcnya \u00e7ap\u0131nda bir \u0130slamc\u0131 yay\u0131lma propagandas\u0131 misyonunun yatt\u0131\u011f\u0131na i\u015faret ediyor. K\u0131sacas\u0131, G\u00fclencilerin sahip olduklar\u0131 uluslararas\u0131 okullar a\u011f\u0131 ile gelecek nesillere \u015fekil verme \u00e7abalar\u0131 ve sadece T\u00fcrk i\u015f d\u00fcnyas\u0131na de\u011fil, resmi kurumlara da s\u0131zma konusundaki belgeli gayretleri, T\u00fcrk \u0130slam\u0131 i\u00e7inde bask\u0131n bir ses haline gelmeleri halinde, \u0131l\u0131ml\u0131 tav\u0131rlar\u0131n\u0131n s\u00fcr\u00fcp s\u00fcrmeyece\u011fi konusunda soru i\u015faretleri do\u011fmas\u0131na yol a\u00e7t\u0131. Bu nedenle Haleva\u2019n\u0131n temkinli tutumu do\u011fru bir tav\u0131r gibi g\u00f6r\u00fcn\u00fcyor.\u201d<\/i><\/strong><\/span><\/p>\n<p style=\"text-align: justify;\"><span style=\"font-family: arial,helvetica,sans-serif;\"><b>Yedik i\u00e7tik ve hep cemaat konu\u015ftuk<\/b><\/span><\/p>\n<p style=\"text-align: justify;\"><span style=\"font-family: arial,helvetica,sans-serif;\">Bu \u201cprofil\u201d telgraf\u0131ndan bir y\u0131l sonra, 27 Nisan 2007\u2019de, yine Ba\u015fkonsolos Deborah K. Jones, bu kez G\u00fclen cemaatini anlay\u0131p anlatmaya y\u00f6nelik daha samimi bir \u00e7abay\u0131 yans\u0131tan bir telgraf yazm\u0131\u015f.<\/span><\/p>\n<p style=\"text-align: justify;\"><span style=\"font-family: arial,helvetica,sans-serif;\">\u201cG\u00fclencilerle az viskili bir toplant\u0131\u201d ba\u015fl\u0131\u011f\u0131n\u0131 ta\u015f\u0131yan telgraf, 17 Nisan 2007\u2019de ABD\u2019nin \u0130stanbul Ba\u015fkonsoloslu\u011fu\u2019nda verilen ak\u015fam yeme\u011fini konu al\u0131yor. \u201cDin\u00ee lider Fetullah G\u00fclen\u2019e sempati duyan ve\/veya onun hakk\u0131nda bilgi sahibi T\u00fcrklerden olu\u015fan eklektik bir grup\u201d diye tarif edilen misafirlerin listesine Nazl\u0131 Il\u0131cak\u2019\u0131n karar verdi\u011fi de telgrafta belirtilmi\u015f. Davetliler ise <strong>\u201cgazeteci-yazarlar Fehmi Koru, Ali Bula\u00e7 ve Mustafa Akyol, Bilgi \u00dcniversitesi Sosyoloji Profes\u00f6r\u00fc Niyazi \u00d6ktem ve Galatasaray \u00dcniversitesi\u2019nde ders veren o\u011flu Emre, Marmara \u00dcniversitesi\u2019nde ilahiyat dersi veren Mahmut K\u0131l\u0131\u00e7, sosyolog (T\u00fcrk yazar Cemil Meri\u00e7\u2019in k\u0131z\u0131) \u00dcmit Meri\u00e7, Fatih \u00dcniversitesi Edebiyat Fak\u00fcltesi Dekan\u0131 Alparslan A\u00e7\u0131kgen\u00e7, T\u00fcrkiye Katolik Cemaatleri Ruhaniler Kurulu S\u00f6zc\u00fcs\u00fc Georges Marovitch ve T\u00fcrkiye Gazeteciler ve Yazarlar Vakf\u0131 Ba\u015fkan\u0131 Harun Tokak\u201d<\/strong> diye s\u0131ralan\u0131yor.<\/span><\/p>\n<p style=\"text-align: justify;\"><span style=\"font-family: arial,helvetica,sans-serif;\">Ba\u015fkonsolos Jones, konuklar\u0131n yemekte G\u00fclen\u2019i 1960 ve 1970\u2019lerde \u0130zmir\u2019deki bir camide imaml\u0131k yapt\u0131\u011f\u0131 g\u00fcnlerden itibaren anlatt\u0131klar\u0131n\u0131, onun ilahiyat\u00e7\u0131 y\u00f6n\u00fc ve e\u011fitime verdi\u011fi \u00f6nem \u00fczerinde durduklar\u0131n\u0131 aktar\u0131yor.<\/span><\/p>\n<p style=\"text-align: justify;\"><span style=\"font-family: arial,helvetica,sans-serif;\"><strong>Washington\u2019un bak\u0131\u015f\u0131 de\u011fi\u015fiyor<\/strong><\/span><\/p>\n<p style=\"text-align: justify;\"><span style=\"font-family: arial,helvetica,sans-serif;\"><strong>Jones\u2019un telgraf\u0131n\u0131n en sonundaki \u201cYORUM\u201d b\u00f6l\u00fcm\u00fc de, G\u00fclen hakk\u0131nda \u201claik\u00e7i\u201d kesimin ku\u015fkular\u0131n\u0131 dinlemeye al\u0131\u015fm\u0131\u015f bir Amerikal\u0131 diplomat\u0131n, farkl\u0131 yakla\u015f\u0131mlar i\u015fittikten sonraki yeni de\u011ferlendirmesini yans\u0131t\u0131yor:<\/strong><\/span><\/p>\n<p style=\"text-align: justify;\"><span style=\"font-family: arial,helvetica,sans-serif;\"><strong><i>\u201cG\u00fclen\u2019e akademik, mesleki ve din\u00ee a\u00e7\u0131dan hayranl\u0131k duyan ya da onun takip\u00e7isi olanlar\u0131n olu\u015fturdu\u011fu bu etkileyici grubun ortaya koydu\u011fu Fetullah G\u00fclen portresi ile, G\u00fclen\u2019i, entrikalar \u00e7eviren, T\u00fcrkiye\u2019yi \u0130ran\u2019dan pek de fark\u0131 olmayan \u015feriata dayal\u0131 bir \u0130slam\u00ee devlete d\u00f6n\u00fc\u015ft\u00fcrme plan\u0131 yapan bir kripto-Molla olarak g\u00f6ren laik\u00e7i alg\u0131lamalar aras\u0131nda \u0131\u015f\u0131k y\u0131llar\u0131 var. Bu konuklar, G\u00fclen\u2019in g\u00fcn\u00fcm\u00fcz T\u00fcrk hayat\u0131yla ve modern d\u00fcnyayla uyumlu ve ba\u011fda\u015f\u0131k bir ayd\u0131nlanm\u0131\u015f \u0130slam i\u00e7in model ve hatta T\u00fcrkiye\u2019nin her iki taraftaki radikalle\u015fmi\u015f unsurlar taraf\u0131ndan da istismar\u0131n\u0131 \u00f6nlemek i\u00e7in bir ihtiya\u00e7 oldu\u011funa a\u00e7\u0131k\u00e7a inan\u0131yorlar.\u201d<\/i><\/strong><\/span><\/p>\n<p style=\"text-align: justify;\"><span style=\"font-family: arial,helvetica,sans-serif;\"><strong>\u201cHoca, Humeyni gibi de\u011fil, Amerika\u2019n\u0131n i\u015fine yarar\u201d deniyor!<\/strong><\/span><\/p>\n<p style=\"text-align: justify;\"><span style=\"font-family: arial,helvetica,sans-serif;\"><strong>Amerikal\u0131 diplomatlar\u0131n G\u00fclen\u2019e olan ilgisi, 2008 sonras\u0131nda birka\u00e7 konu ba\u015fl\u0131\u011f\u0131nda yo\u011funla\u015fm\u0131\u015f; G\u00fclen cemaatinin siyasi g\u00fcndemi, AKP h\u00fck\u00fcmetiyle ili\u015fkileri, Ergenekon soru\u015fturmas\u0131ndaki rol\u00fc ve K\u00fcrt meselesinin \u00e7\u00f6z\u00fcm\u00fcnde bir i\u015flev \u00fcstlenip \u00fcstlenemeyece\u011fi bu konu ba\u015fl\u0131klar\u0131 aras\u0131nda yer al\u0131yor. Tabii, G\u00fclen hareketinin d\u00fcnyan\u0131n d\u00f6rt yan\u0131ndaki faaliyetlerinin incelenmesi, T\u00fcrkmenistan\u2019dan Avusturya\u2019ya kadar bir\u00e7ok \u00fclkedeki okullar\u0131n gezilerek rapor tutulmas\u0131 da Amerikan diplomatik mesaisinin par\u00e7as\u0131. Di\u011fer konularla ilgili belgelere ge\u00e7meden \u00f6nce, 25 Temmuz 2008 tarihinde, d\u00f6nemin Ankara B\u00fcy\u00fckel\u00e7isi Ross Wilson\u2019un ortaya onay\u0131yla Washington\u2019a g\u00f6nderilen \u201cT\u00fcrk G\u00fclenci okullar: Ya her yerde ol, ya hi\u00e7bir yerde olma\u201d ba\u015fl\u0131kl\u0131 telgrafa bakal\u0131m.<\/strong><\/span><\/p>\n<p style=\"text-align: justify;\"><span style=\"font-family: arial,helvetica,sans-serif;\"><strong>Bu telgrafta Amerikal\u0131 diplomatlar\u0131n Ankara\u2019daki Samanyolu Lisesi\u2019ne yapt\u0131klar\u0131 ziyarette edindikleri izlenimler ve gerek okul \u00e7al\u0131\u015fanlar\u0131n\u0131n, gerekse T\u00fcrkiye ve di\u011fer \u00fclkelerdeki cemaat okullar\u0131 hakk\u0131nda bilgi sahibi di\u011fer ki\u015filerin Amerikal\u0131lara anlatt\u0131klar\u0131 geni\u015f yer tutuyor.<\/strong><\/span><\/p>\n<p style=\"text-align: justify;\"><span style=\"font-family: arial,helvetica,sans-serif;\"><strong>Telgraf\u0131n en sonundaki \u201cYORUM\u201d b\u00f6l\u00fcm\u00fc, Amerika\u2019n\u0131n bu okullara ve cemaate bak\u0131\u015f\u0131 konusunda ipucu veriyor. \u201cSadece tek bir kitap okuyan adama g\u00fcvenmeyin\u201d ba\u015fl\u0131kl\u0131 o b\u00f6l\u00fcm\u00fc aynen aktar\u0131yoruz:<\/strong><\/span><\/p>\n<p style=\"text-align: justify;\"><span style=\"font-family: arial,helvetica,sans-serif;\"><strong><i>\u201cKu\u015fkusuz Samanyolu Lisesi\u2019nin \u00f6\u011frencilerinin ve idarecilerinin gurur duyacaklar\u0131 \u00e7ok \u015fey var. \u00d6\u011frencileri \u00e7ok ba\u015far\u0131l\u0131; okullar\u0131, ortalama bir T\u00fcrk devlet okuluyla k\u0131yasland\u0131\u011f\u0131nda birinci s\u0131n\u0131f; ve T\u00fcrklerle d\u00fcnyan\u0131n geri kalan b\u00f6l\u00fcm\u00fc, \u00f6zelliklede geli\u015fmekte olan d\u00fcnya aras\u0131nda de\u011ferli ve nadir nitelikte k\u00fclt\u00fcrel de\u011fi\u015fim programlar\u0131 ger\u00e7ekle\u015ftiriyorlar. Bu ve di\u011fer G\u00fclenci okullar\u0131n somut, m\u00fcspet kazan\u0131mlar\u0131na bak\u0131ld\u0131\u011f\u0131nda, bu okullar\u0131n ya da bu okullar\u0131n \u00f6nc\u00fcl\u00fck yapt\u0131\u011f\u0131 G\u00fclenci hareketin T\u00fcrkiye\u2019nin demokratik laik sistemine nas\u0131l tehdit olu\u015fturabilece\u011fini anlamak g\u00fc\u00e7.\u201d<\/i><\/strong><\/span><\/p>\n<p style=\"text-align: justify;\"><span style=\"font-family: arial,helvetica,sans-serif;\"><strong>\u201cG\u00fclenciler, Polis te\u015fkilat\u0131na h\u00e2kim\u201d tespiti yap\u0131l\u0131yor!<\/strong><b><\/b><\/span><\/p>\n<p style=\"text-align: justify;\"><span style=\"font-family: arial,helvetica,sans-serif;\">\u015eimdi en ba\u015fa 4 Aral\u0131k 2009 tarihinde B\u00fcy\u00fckel\u00e7i James Jeffrey\u2019nin Washington\u2019a yazd\u0131\u011f\u0131 ve g\u00fclen hakk\u0131ndaki sorulara nas\u0131l cevap verilece\u011fi konusunda tavsiyelerde bulundu\u011fu telgrafa d\u00f6nelim.<\/span><\/p>\n<p style=\"text-align: justify;\"><span style=\"font-family: arial,helvetica,sans-serif;\">\u201cG\u00fclen T\u00fcrkiye\u2019nin g\u00f6r\u00fcnmez adam\u0131n\u0131n uzun bir g\u00f6lgesi var\u201d ba\u015fl\u0131kl\u0131 bu telgraf\u0131n b\u00fcy\u00fck bir b\u00f6l\u00fcm\u00fcn\u00fc, Washington\u2019un Fetullah G\u00fclen\u2019in \u015fahs\u0131na ve cemaatine g\u00fcncel bak\u0131\u015f\u0131n\u0131 yans\u0131tt\u0131\u011f\u0131 inanc\u0131yla aktar\u0131yoruz:<\/span><\/p>\n<p style=\"text-align: justify;\"><span style=\"font-family: arial,helvetica,sans-serif;\"><b><i>\u201c1) \u00d6ZET: Fetullah G\u00fclen T\u00fcrkiye\u2019de h\u00e2l\u00e2 siyasi bir fenomen. Son on y\u0131l boyunca Pennsylvania\u2019da \u2018s\u00fcrg\u00fcnde\u2019 olsa da, G\u00fclen\u2019in etkisi, sad\u0131k destek\u00e7ilerinden olu\u015fan t\u00fcmenler ve elit bir okullar a\u011f\u0131 sayesinde devam ediyor. G\u00fclen Hareketi\u2019nin \u00f6ne s\u00fcr\u00fclen hedefleri dinleraras\u0131 diyalog ve ho\u015fg\u00f6r\u00fc ama mevcut \u2018AKP-laik\u00e7iler\u2019 b\u00f6l\u00fcnmesinde, pek \u00e7ok T\u00fcrk, G\u00fclen\u2019in daha derin ve muhtemelen sinsi bir siyasi g\u00fcndemi oldu\u011funa inan\u0131yor; hatta baz\u0131 \u0130slami gruplar bile G\u00fclen\u2019in \u015feffafl\u0131ktan yoksun olu\u015funu ele\u015ftiriyor ve bunun kendisinin ama\u00e7lar\u0131 konusunda \u015f\u00fcphe yaratt\u0131\u011f\u0131n\u0131 s\u00f6yl\u00fcyorlar.<\/i><\/b><\/span><\/p>\n<p style=\"text-align: justify;\"><span style=\"font-family: arial,helvetica,sans-serif;\"><b><i>2) G\u00fclen 1938 ile 1942 aras\u0131ndaki bir tarihte (de\u011fi\u015fik tarihler veriliyor) do\u011fdu ve ba\u015flang\u0131\u00e7ta \u0130mam ve Diyanet \u0130\u015fleri Ba\u015fkanl\u0131\u011f\u0131\u2019n\u0131n memuru olarak \u00e7al\u0131\u015ft\u0131. Hareketini, 1970\u2019li y\u0131llarda, takip\u00e7ileri \u2018Nurcu\u2019 olarak bilinen, K\u00fcrt k\u00f6kenli \u0130slami d\u00fc\u015f\u00fcn\u00fcr Said Nursi\u2019nin \u00f6\u011fretilerini temel alarak kurdu. G\u00fclen daha sonra Nursi\u2019nin \u00e7er\u00e7evesinin d\u0131\u015f\u0131na \u00e7\u0131kt\u0131. G\u00fclen\u2019in kendi felsefesi \u0130slam\u2019da bilimin rol\u00fcn\u00fc vurguluyor. O, dinleraras\u0131 diyalogu destekliyor ve ter\u00f6rizmi lanetliyor. Son yirmi y\u0131lda ise, G\u00fclen sadece T\u00fcrkiye\u2019de de\u011fil, d\u00fcnyada da a\u011f\u0131rl\u0131kl\u0131 olarak e\u011fitim \u00fczerine odakland\u0131. Onun okullar\u0131 \u00f6zellikle Orta ve G\u00fcney Asya\u2019da, akademik m\u00fckemmeliyetleri ve \u0131l\u0131ml\u0131 \u0130slami g\u00f6r\u00fc\u015fleri savunmalar\u0131 nedeniyle itibar kazand\u0131.<\/i><\/b><\/span><\/p>\n<p style=\"text-align: justify;\"><span style=\"font-family: arial,helvetica,sans-serif;\"><b><i>3) Zaman gibi G\u00fclenci gazeteler Atat\u00fcrk\u2019\u00fcn miras\u0131n\u0131n ge\u00e7erlili\u011fini b\u0131kmadan sorguluyor ve AB heveslisi bir \u00fclke olarak T\u00fcrkiye\u2019nin siyasi konularda T\u00fcrk ordusunun sesinin k\u0131s\u0131lmas\u0131n\u0131 sa\u011flamas\u0131 gerekti\u011fini savunuyorlar. Bu gazeteler, Ergenekon soru\u015fturmas\u0131n\u0131n bayraktarl\u0131\u011f\u0131n\u0131 yap\u0131yor ve T\u00fcrk ordusunun geleneksel h\u00e2kimiyetinin T\u00fcrkiye\u2019nin tarihinde olumsuz bir etken oldu\u011funu s\u00fcrekli olarak vurguluyorlar. \u015ea\u015f\u0131rt\u0131c\u0131 olmayan bir \u015fekilde, T\u00fcrk Genelkurmay\u0131\u2019na yak\u0131n kaynaklar G\u00fclen\u2019den a\u00e7\u0131k\u00e7a nefret ediyor; onun ve onun destek\u00e7ilerinin sadece T\u00fcrk ordusunu y\u0131pratmak de\u011fil, ayn\u0131 zamanda T\u00fcrkiye\u2019yi \u0130ran benzeri bir \u0130slami cumhuriyete d\u00f6n\u00fc\u015ft\u00fcrmek i\u00e7in de amans\u0131z bir m\u00fccadeleye giri\u015ftiklerini savunuyorlar.<\/i><\/b><\/span><\/p>\n<p style=\"text-align: justify;\"><span style=\"font-family: arial,helvetica,sans-serif;\"><b><i>4) Hatta baz\u0131 \u0130slamc\u0131 \u00f6rg\u00fctler nezdinde bile, Fetullah G\u00fclen Hareketi\u2019nin karanl\u0131k bir imaj\u0131 var.<\/i><\/b><\/span><\/p>\n<p style=\"text-align: justify;\"><span style=\"font-family: arial,helvetica,sans-serif;\"><b><i>5) G\u00fclen Hareketi, S\u00fcnni Hanefi \u0130slam\u2019\u0131n modernle\u015fmi\u015f bir versiyonu olarak tarif ediliyor. Bu e\u011filimi, eski Ba\u015fbakan Necmettin Erbakan\u2019\u0131n Milli G\u00f6r\u00fc\u015f grubuyla uyu\u015fsa da, Milli G\u00f6r\u00fc\u015f, T\u00fcrkiye merkezli yeni bir d\u00fcnyay\u0131 hedeflerken, G\u00fclen Hareketi\u2019nin k\u00fcresel sistemle uyumlu ve \u0131l\u0131ml\u0131 bir kapsam\u0131 var ve amaca ula\u015fmaya yard\u0131mc\u0131 her arac\u0131 mubah g\u00f6ren bir yakla\u015f\u0131mdan rahats\u0131zl\u0131k duymuyor; mesela, gerekti\u011finde ba\u015f\u00f6rt\u00fcs\u00fcn\u00fc de \u00e7\u0131kartabiliyor. Yine de, ba\u015fka baz\u0131 ortak paydalar s\u00f6z konusu: AKP\u2019nin kurucular\u0131n\u0131n \u00e7o\u011fu Milli G\u00f6r\u00fc\u015f\u2019ten gelirken, AKP\u2019nin bir\u00e7ok yetkilisinin de G\u00fclen Hareketi\u2019ne yak\u0131n oldu\u011fu biliniyor.<\/i><\/b><\/span><\/p>\n<p style=\"text-align: justify;\"><span style=\"font-family: arial,helvetica,sans-serif;\"><b><i>6) Zira Cumhurba\u015fkan\u0131 G\u00fcl, bizim ili\u015fkide oldu\u011fumuz ki\u015filerin hemen hepsi taraf\u0131ndan G\u00fclenci olarak g\u00f6r\u00fcl\u00fcyor ama Ba\u015fbakan Erdo\u011fan \u00f6yle g\u00f6r\u00fclm\u00fcyor. Esasen, g\u00f6r\u00fc\u015ft\u00fc\u011f\u00fcm\u00fcz baz\u0131 ki\u015filerin iddias\u0131na g\u00f6re, Erdo\u011fan, o kadar kararl\u0131 bi\u00e7imde G\u00fclen cephesinin d\u0131\u015f\u0131nda duruyor ki, G\u00fclen\u2019in sad\u0131k \u00e7evresi onu bir y\u00fck (liability) gibi g\u00f6r\u00fcyor. Bu arada, Cumhuriyet Halk Partisi ve AKP\u2019nin di\u011fer muhalifleri ABD\u2019yi, s\u00f6z\u00fcm ona T\u00fcrkiye\u2019nin laik temellerini zay\u0131flatarak bir \u0131l\u0131ml\u0131 \u0130slami devlet \u201cmodeli\u201d yaratmak amac\u0131yla, gizliden gizliye G\u00fclen\u2019i desteklemekle itham etmekte pek aceleci.<\/i><\/b><\/span><\/p>\n<p style=\"text-align: justify;\"><span style=\"font-family: arial,helvetica,sans-serif;\"><b><i>7) G\u00fclen\u2019in \u0130slami olamayan destek\u00e7ileri de var ve \u0130stanbul\u2019daki Ek\u00fcmenik Patrik bunlardan biri. Patrik, k\u0131sa s\u00fcre \u00f6nce B\u00fcy\u00fckel\u00e7i ile yapt\u0131\u011f\u0131 bir konu\u015fmada, ABD\u2019ye yapt\u0131\u011f\u0131 son gezi s\u0131ras\u0131nda G\u00fclen\u2019i ziyaret etti\u011fini ve bir saatten fazla ba\u015f ba\u015fa g\u00f6r\u00fc\u015ft\u00fcklerini anlatt\u0131. New York\u2019a yapt\u0131\u011f\u0131 ziyarette de G\u00fclen\u2019i yeniden g\u00f6rmeyi planlad\u0131\u011f\u0131n\u0131 s\u00f6yledi. Patrik, B\u00fcy\u00fckel\u00e7i\u2019ye G\u00fclen\u2019den \u201c\u00e7ok etkilendi\u011fini\u201d anlatt\u0131 ve Kazakistan\u2019da S\u00fcleyman Demirel\u2019in ad\u0131 verilen bir \u00fcniversite d\u00e2hil olmak \u00fczere G\u00fclen okullar\u0131n\u0131 kalitesini \u00f6vd\u00fc.<\/i><\/b><\/span><\/p>\n<p style=\"text-align: justify;\"><span style=\"font-family: arial,helvetica,sans-serif;\"><b><i>8) T\u00fcrkiye\u2019de mevcut AKP-laik b\u00f6l\u00fcnmesi veri al\u0131nd\u0131\u011f\u0131nda, herhangi bir \u0130slami hareketin kendi ama\u00e7lar\u0131 konusunda temkinli konu\u015fmas\u0131 \u015fa\u015f\u0131rt\u0131c\u0131 olmamal\u0131. Ne yaz\u0131k ki bu durum, T\u00fcrk toplumunda adeta bir refleks olan komplo teorilerine inanma e\u011filimini besliyor ve G\u00fclen Hareketi\u2019ne ili\u015fkin ku\u015fkular\u0131n \u00fczerine de b\u00fcy\u00fcte\u00e7 tutuyor. G\u00fclen\u2019in ama\u00e7 edindi\u011fi \u00f6ne s\u00fcr\u00fclen dinleraras\u0131 diyalog ve ho\u015fg\u00f6r\u00fcye s\u00f6ylenecek s\u00f6z yok ama G\u00fclen Hareketi\u2019nin arkas\u0131nda ABD h\u00fck\u00fcmetinin (ve Yahudi Lobilerinin) oldu\u011fu iddialar\u0131nda kayg\u0131 verici baz\u0131 y\u00f6nler g\u00f6r\u00fcyoruz.\u201d <\/i><\/b><\/span><\/p>\n<p style=\"text-align: justify;\"><span style=\"font-family: arial,helvetica,sans-serif;\"><b>\u201cCemaat devlet i\u00e7in a\u00e7\u0131k ve yak\u0131n bir tehlike\u201d say\u0131lm\u0131yor<\/b><\/span><\/p>\n<p style=\"text-align: justify;\"><span style=\"font-family: arial,helvetica,sans-serif;\">ABD\u2019nin Fetullah G\u00fclen\u2019e bak\u0131\u015f\u0131n\u0131 genel hatlar\u0131yla yans\u0131tan \u201cK\u0130\u015e\u0130YE \u00d6ZEL\u201d bir di\u011fer telgraf 11 Kas\u0131m 2003 tarihini ta\u015f\u0131yor. Bu tarihte Ankara 2 nolu devlet G\u00fcvenlik mahkemesi, Fetullah G\u00fclen Davas\u0131\u2019n\u0131n kesin h\u00fckme ba\u011flanmas\u0131n\u0131 4616 say\u0131l\u0131 \u015eartla Sal\u0131verme ve Dava ve Cezalar\u0131n Ertelenmesi Yasas\u0131 Kapsam\u0131nda be\u015f y\u0131l s\u00fcre ile ertelemi\u015fti. Zaten d\u00f6nemin Ankara B\u00fcy\u00fckel\u00e7isi W. Robert Pearson\u2019\u0131n yazd\u0131\u011f\u0131 telgraf\u0131n ba\u015fl\u0131\u011f\u0131 da, \u201cT\u00fcrk Sivil Toplumu: \u0130slami lider Fetullah G\u00fclen aleyhindeki h\u00fck\u00fcm ertelendi.\u201d Pearson, G\u00fclen\u2019i \u015f\u00f6yle tarif etmi\u015fti.<\/span><\/p>\n<p style=\"text-align: justify;\"><span style=\"font-family: arial,helvetica,sans-serif;\"><b>\u201c1970\u2019lerde i\u015fe ba\u015flad\u0131\u011f\u0131nda \u00e7ok daha radikal olan G\u00fclen, ek\u00fcmenlik (evrensel) bir anlay\u0131\u015fla ilgilendi\u011fini iddia eden ama k\u00f6kleri yo\u011fun bi\u00e7imde \u0130slami olan bir ruhani liderdir. Bu hareket di\u011fer \u0130slami tarikatlar gibi \u00e7al\u0131\u015f\u0131yor ama nispeten daha hiyerar\u015fik ve daha disiplinli. G\u00fclen ve takip\u00e7ileri, eski Cumhurba\u015fkan\u0131 Demirel ve ba\u015f-laik\u00e7i-milliyet\u00e7i eski ba\u015fbakan Ecevit d\u00e2hil olmak \u00fczere kendi i\u00e7inde \u00e7ok geni\u015f bir yelpazedeki T\u00fcrk siyaset\u00e7ileriyle ileti\u015fim halinde ve onlardan kamuoyu \u00f6n\u00fcnde destek alm\u0131\u015f durumda\u201d<\/b><\/span><\/p>\n<p style=\"text-align: justify;\"><span style=\"font-family: arial,helvetica,sans-serif;\"><b>Bu telgraf\u0131n sonundaki \u201cYORUM\u201d b\u00f6l\u00fcm\u00fcn\u00fc ise aynen aktar\u0131yoruz.<\/b><\/span><\/p>\n<p style=\"text-align: justify;\"><span style=\"font-family: arial,helvetica,sans-serif;\"><b>Her ne kadar, tecr\u00fcbelerimize g\u00f6re, bu hareket (G\u00fclen Hareketi) Devlet\u2019in bask\u0131s\u0131 alt\u0131nda gizemli bir hale geldiyse, temsilcileri bize kar\u015f\u0131 daha temkinli davran\u0131yorsa ve dolay\u0131s\u0131yla hedeflerini okumak daha zor oluyorsa da devletin G\u00fclen\u2019e y\u00f6nelik tacizi, bize bulan\u0131k ve keyfi \u015fekilde yorumlanm\u0131\u015f bir dizi delile dayal\u0131ym\u0131\u015f gibi g\u00f6r\u00fcn\u00fcyor. Ayr\u0131ca daha militan, \u0130slamc\u0131lar\u0131n T\u00fcrkiye\u2018deki baz\u0131 G\u00fclen yap\u0131lanmalar\u0131na girdiklerini de tecr\u00fcbe ettik. Ama G\u00fclencilerle kapsaml\u0131 ve s\u00fcrekli temaslar\u0131m\u0131za dayanarak \u015fu sonuca var\u0131yoruz: G\u00fclen\u2019in yakla\u015f\u0131m\u0131 \u00f6ylesine tedrici ve onun kurmaylar\u0131 militan olarak karalanmamak konusunda \u00f6ylesine sak\u0131ngan ki, bu hareket Devlet\u2019e kar\u015f\u0131 a\u00e7\u0131k ve yak\u0131n bir tehlike olu\u015fturmamaktad\u0131r.\u201d<\/b><\/span><\/p>\n<p style=\"text-align: justify;\"><span style=\"font-family: arial,helvetica,sans-serif;\"><strong>2009 y\u0131l\u0131nda Washington; T\u00fcrkiye\u2019de Il\u0131ml\u0131 \u0130slam\u2019\u0131 ve Fetullah\u00e7\u0131l\u0131\u011f\u0131 me\u015frula\u015ft\u0131r\u0131p yayg\u0131nla\u015ft\u0131rmak \u00fczere a\u015fa\u011f\u0131daki sorular\u0131n yan\u0131t\u0131n\u0131 istiyor:<\/strong><\/span><\/p>\n<p style=\"text-align: justify;\"><span style=\"font-family: arial,helvetica,sans-serif;\">Ve g\u00fcn\u00fcm\u00fcze iyice yakla\u015f\u0131yoruz&#8230; Aleviler ve gayrim\u00fcslimlerle ilgili Amerikan gizli belgelerini yay\u0131mlamay\u0131 sonraya b\u0131rakarak , \u201c\u0130slam ve Laiklik\u201d dosyas\u0131n\u0131 ve T\u00fcrkiye \u00fczerindeki hesaplar\u0131n\u0131 ABD D\u0131\u015fi\u015fleri Bakan\u0131 Hillary Clinton\u2019\u0131n sordu\u011fu sorulardan anlamaya \u00e7al\u0131\u015fal\u0131m:<\/span><\/p>\n<p style=\"text-align: justify;\"><span style=\"font-family: arial,helvetica,sans-serif;\">22 Temmuz 2009\u2019da Clinton\u2019\u0131n onay\u0131yla Washington\u2019dan Ankara B\u00fcy\u00fckel\u00e7ili\u011fi\u2019ne g\u00f6nderilen telgraf , \u201cTarikatlar, K\u00fcrtler ve \u0130slam ve T\u00fcrkiye\u2019de az\u0131nl\u0131k dinleri konusunda bilgi talebi\u201d ba\u015fl\u0131\u011f\u0131n\u0131 ta\u015f\u0131yor.<\/span><\/p>\n<p style=\"text-align: justify;\"><span style=\"font-family: arial,helvetica,sans-serif;\">Sorular \u00f6\u011freticidir ve ipucu vericidir. S\u00f6z konusu telgrafta, Bakan Clinton\u2019\u0131n, d\u00f6nemin Ankara B\u00fcy\u00fckel\u00e7isi James Jeffrey\u2019nin \u201cacilen\u201d cevaplamas\u0131n\u0131 istedi\u011fi sorular da, Washington\u2019un T\u00fcrkiye\u2019ye bakarken neleri g\u00f6rd\u00fc\u011f\u00fc hakk\u0131nda bizce \u00e7ok \u015fey anlat\u0131yor:<\/span><\/p>\n<p style=\"text-align: justify;\"><span style=\"font-family: arial,helvetica,sans-serif;\"><strong>Tarikatlar\u0131n yap\u0131s\u0131 ve tavr\u0131<\/strong><\/span><\/p>\n<p style=\"text-align: justify;\"><span style=\"font-family: arial,helvetica,sans-serif;\"><strong>1)<\/strong> Bug\u00fcn T\u00fcrkiye\u2019de \u00fcye say\u0131lar\u0131 ve siyasi kudretleri bak\u0131m\u0131ndan en g\u00fc\u00e7l\u00fc \u0130slam\u00ee cemaatler ya da tarikatlar hangileri oluyor?<\/span><\/p>\n<p style=\"text-align: justify;\"><span style=\"font-family: arial,helvetica,sans-serif;\"><strong>2)<\/strong> Tarikat \u00fcyeli\u011finin, mesela oy kullanma tercihleri gibi siyasi eylemlerle aras\u0131ndaki ili\u015fki ne? Tarikatlar hangi i\u015flevleri g\u00f6r\u00fcyor?<\/span><\/p>\n<p style=\"text-align: justify;\"><span style=\"font-family: arial,helvetica,sans-serif;\"><strong>3)<\/strong> Bu gruplara \u00fcyelik nas\u0131l i\u015fliyor? D\u0131\u015far\u0131dan birileri de bir gruba yakla\u015f\u0131p kat\u0131lmak isteyebilir mi, yoksa \u00fcyeler taraf\u0131ndan davet edilmeleri mi gerekiyor? \u0130nsanlar hi\u00e7 tarikatlar\u0131ndan ayr\u0131l\u0131rlar m\u0131? Tarikatlar birbirleriyle nas\u0131l ge\u00e7iniyor ya da ili\u015fki kuruyor ve bunlar ni\u00e7in yap\u0131l\u0131yor?<\/span><\/p>\n<p style=\"text-align: justify;\"><span style=\"font-family: arial,helvetica,sans-serif;\"><strong>4)<\/strong> Bir tarikat\u0131n b\u00fcnyesinde, \u0130slam\u00ee kurallar\u0131n farkl\u0131 geleneklerine ya da ekollerine mensup olmak cemaatin genel dinami\u011fini nas\u0131l etkiliyor? Tarikatlar\u0131n \u00f6nde gelen \u00fcyeleri, hamilik ili\u015fkisi d\u0131\u015f\u0131nda da, \u00f6zellikle g\u00fcndem belirlemek a\u00e7\u0131s\u0131ndan bu gruplara g\u00f6re mi hareket ediyor?<\/span><\/p>\n<p style=\"text-align: justify;\">\u00a0<\/p>\n<p style=\"text-align: justify;\"><span style=\"font-family: arial,helvetica,sans-serif;\"><strong>K\u00fcrtler ve \u0130slam kavram\u0131<\/strong><\/span><\/p>\n<p style=\"text-align: justify;\"><span style=\"font-family: arial,helvetica,sans-serif;\"><strong>1<\/strong><strong>)<\/strong> T\u00fcrkiye\u2019deki tarikatlar\u0131n \u00fcyelerinin ne kadar\u0131 <b>K\u00fcrtlerden <\/b>olu\u015fuyor?<\/span><\/p>\n<p style=\"text-align: justify;\"><span style=\"font-family: arial,helvetica,sans-serif;\"><strong>2)<\/strong> Fetullah G\u00fclen\u2019in takip\u00e7ileri de d\u00e2hil olmak \u00fczere, Nurcu Hareketi\u2019ne K\u00fcrtlerin kat\u0131l\u0131m\u0131 ne d\u00fczeyde? K\u00fcrtler genel olarak G\u00fclen\u2019e nas\u0131l bak\u0131yor?<\/span><\/p>\n<p style=\"text-align: justify;\"><span style=\"font-family: arial,helvetica,sans-serif;\"><strong>3)<\/strong> Nak\u015fibend\u00ee ve di\u011fer geleneksel tasavvuf\u00ee gruplar, \u00f6zellikle G\u00fclen Hareketi ile nas\u0131l bir ili\u015fki ve\/veya rekabet i\u00e7inde bulunuyor?<\/span><\/p>\n<p style=\"text-align: justify;\"><span style=\"font-family: arial,helvetica,sans-serif;\"><strong>4)<\/strong> Tarikatlar\/Nurcu \u00f6rg\u00fctler dindar T\u00fcrklerle dindar K\u00fcrtler aras\u0131nda ne \u00f6l\u00e7\u00fcde k\u00f6pr\u00fc olu\u015fturuyor? \u00d6te yandan, tarikatlar\/Nurcu \u00f6rg\u00fctler, Diyanet\u2019in geleneksel Hanefi d\u0131\u015flay\u0131c\u0131l\u0131\u011f\u0131na k\u0131zarak ve k\u0131smen de K\u00fcrt kimlik bilincinin\/etnik K\u00fcrt ayr\u0131l\u0131k\u00e7\u0131l\u0131\u011f\u0131n\u0131n k\u00f6r\u00fcklemesiyle, ne \u00f6l\u00e7\u00fcde ret\u00e7i , \u201cayr\u0131l\u0131k\u00e7\u0131\u201d bir \u0130slam\u2019\u0131n \u00fcretildi\u011fi yerler haline geliyor? Kongra-Gel (KGK) ve Demokratik Toplum Partisi (DTP) gibi laik \u00f6rg\u00fctler bu e\u011filimlerin ne kadar fark\u0131nda ve ne \u00f6l\u00e7\u00fcde bunlar\u0131 istismar etmeye ya da bunlara kar\u015f\u0131 harekete ge\u00e7meye \u00e7al\u0131\u015f\u0131yor?<\/span><\/p>\n<p style=\"text-align: justify;\"><span style=\"font-family: arial,helvetica,sans-serif;\"><strong>5)<\/strong> <b>Hizbullah\u2019\u0131n <\/b>\u00e7e\u015fitli cephelerde yeniden ortaya \u00e7\u0131kmas\u0131, ne \u00f6l\u00e7\u00fcde G\u00fclen\u2019in ve\/veya AKP h\u00fck\u00fcmetinin \u201creformist\u201d tacizlerine kar\u015f\u0131 bir <b>\u0130slam\u00ee K\u00fcrt reddedi\u015fi<\/b> temsil ediyor ya da yans\u0131t\u0131yor? Hizbullah\u2019\u0131n \u201c\u0130lim\u201d ve (geleneksel olarak \u015fiddet uygulamayan) \u201cMenzil\u201d kollar\u0131n\u0131n y\u00fckseli\u015finin nedeni ne? K\u00fcrtler, Ergenekon\/Derin Devlet \u00f6rg\u00fctlenmeleriyle m\u00fccadele \u00e7abalar\u0131 kapsam\u0131nda Hizbullah\u2019\u0131n ve \u00e7e\u015fitli unsurlar\u0131n\u0131n geri d\u00f6n\u00fc\u015f\u00fcn\u00fc nas\u0131l g\u00f6r\u00fcyor?<\/span><\/p>\n<p style=\"text-align: justify;\"><span style=\"font-family: arial,helvetica,sans-serif;\"><strong>T\u00fcrk M\u00fcsl\u00fcmanlar\u0131 d\u00fcnya \u0130slam \u00fcmmetine ba\u011fl\u0131 m\u0131?<\/strong><\/span><\/p>\n<p style=\"text-align: justify;\"><span style=\"font-family: arial,helvetica,sans-serif;\"><strong>D\u0131\u015f etkiler<\/strong><\/span><\/p>\n<p style=\"text-align: justify;\"><span style=\"font-family: arial,helvetica,sans-serif;\"><strong>1)<\/strong> T\u00fcrk M\u00fcsl\u00fcmanlar, din\u00ee rehberlik i\u00e7in T\u00fcrkiye d\u0131\u015f\u0131na bak\u0131yorlar m\u0131 ve hangi kaynaklara ya da ki\u015filere \u00f6zeniliyor?<\/span><\/p>\n<p style=\"text-align: justify;\"><span style=\"font-family: arial,helvetica,sans-serif;\"><strong>2)<\/strong> D\u0131\u015far\u0131daki din\u00ee etkilerin T\u00fcrkiye\u2019ye n\u00fcfuz etmesine imk\u00e2n veren ne gibi mekanizmalar mevcut? \u0130slam\u2019\u0131n T\u00fcrk tipi olmayan bi\u00e7imleri ve tezah\u00fcrleri T\u00fcrkiye\u2019deki geli\u015fmeleri ve din\u00ee tart\u0131\u015fmalar\u0131 nas\u0131l etkileyebilir? T\u00fcrk \u0130slam\u00ee kanaat \u00f6nderleri d\u0131\u015f n\u00fcfuza ve tecr\u00fcbelere ne \u00f6l\u00e7\u00fcde a\u00e7\u0131k ve bu n\u00fcfuz nas\u0131l sa\u011flan\u0131yor?<\/span><\/p>\n<p style=\"text-align: justify;\"><span style=\"font-family: arial,helvetica,sans-serif;\"><strong>3)<\/strong> T\u00fcrk M\u00fcsl\u00fcmanlar\u0131 g\u00fcn\u00fcm\u00fczdeki S\u00fcnni\/\u0130slam \u00fcmmete ne kadar entegre g\u00f6r\u00fcn\u00fcyor? T\u00fcrk M\u00fcsl\u00fcmanlar\u0131, M\u00fcsl\u00fcman d\u00fcnyan\u0131n di\u011fer yerlerindeki \u0130slam\u00ee geli\u015fmelerden (teolojik, sosyal ya da siyasi tart\u0131\u015fmalardan) ne kadar haberdar ya da ne kadar uzak davran\u0131yor?<\/span><\/p>\n<p style=\"text-align: justify;\"><span style=\"font-family: arial,helvetica,sans-serif;\"><strong>Az\u0131nl\u0131k dinleri<\/strong><\/span><\/p>\n<p style=\"text-align: justify;\"><span style=\"font-family: arial,helvetica,sans-serif;\"><strong>1)<\/strong> <b>Anti-Semitizm<\/b> ve H\u0131ristiyanlara kar\u015f\u0131 husumetin tabandaki ifadeleri, siyasetin ve medyan\u0131n \u00f6nderlerince ne kadar cesaretlendiriliyor ya da cayd\u0131r\u0131l\u0131yor?<\/span><\/p>\n<p style=\"text-align: justify;\"><span style=\"font-family: arial,helvetica,sans-serif;\"><strong>2)<\/strong> L\u00fctfen bu sorulara, konu sat\u0131r\u0131na C-RE9-01283 yazarak cevap vermeniz bekleniyor.<\/span><\/p>\n<p style=\"text-align: justify;\"><span style=\"font-family: arial,helvetica,sans-serif;\"><b>Ankara\u2019daki Amerikal\u0131 diplomatlar bu sorular\u0131 elbette cevaps\u0131z b\u0131rakmam\u0131\u015ft\u0131r. Ama s\u00f6z konusu cevaplar\u0131 i\u00e7eren telgraf maalesef \u201cWikiLeaks T\u00fcrkiye Belgeleri\u201d aras\u0131nda yer alm\u0131yor. <strong>\u00c7\u00fcnk\u00fc Wikileaks belgeleri, hem \u015fantaj hem manip\u00fclasyon amac\u0131 ta\u015f\u0131yor ve ABD\u2019ye (Siyonist Lobilere) zarar verecek k\u0131s\u0131mlar \u00f6zellikle ay\u0131klan\u0131yor.<\/strong><\/b><\/span><\/p>\n<p style=\"text-align: justify;\"><span style=\"font-family: arial,helvetica,sans-serif;\"><strong>ABD; Kemalist \u0130slam\u2019a kar\u015f\u0131, Siyonist (Il\u0131ml\u0131 ve Protestan) \u0130slam \u00fcretiyor<\/strong><\/span><\/p>\n<p style=\"text-align: justify;\"><span style=\"font-family: arial,helvetica,sans-serif;\"><strong>2003: Diyanet, dinin ba\u011f\u0131ms\u0131zl\u0131\u011f\u0131na kar\u015f\u0131<\/strong><\/span><\/p>\n<p style=\"text-align: justify;\"><span style=\"font-family: arial,helvetica,sans-serif;\">Taraf\u2019\u0131n elde etti\u011fi 11 bin civar\u0131ndaki WikiLeaks belgesi 2000\u2019li y\u0131llar a\u011f\u0131rl\u0131kl\u0131 ve bunlar i\u00e7inde nedense 28 \u015eubat d\u00f6nemine ili\u015fkin fazla telgraf bulunmuyor. Bununla birlikte, Marc Grossman\u2019\u0131n b\u00fcy\u00fckel\u00e7ili\u011fi d\u00f6neminde Ankara\u2019daki ABD diplomatlar\u0131n\u0131n Washington\u2019a Refah\u2019\u0131n y\u00fckseli\u015fine paralel olarak D\u00fcnya \u0130slam Birli\u011fi endi\u015fesinin de y\u00fckseli\u015fe ge\u00e7ti\u011fini rapor ettikleri bir \u00f6nceki telgraftan anla\u015f\u0131l\u0131yor. 28 \u015eubat\u2019\u0131 izleyen d\u00f6nemin gizli Amerikan yaz\u0131\u015fmalar\u0131nda ise bu m\u00fcdahaleden hemen her seferinde \u201cpostmodern darbe\u201d olarak ve belli bir ele\u015ftirel mesafeyle s\u00f6z edilmesi dikkat \u00e7ekiyor.<\/span><\/p>\n<p style=\"text-align: justify;\"><span style=\"font-family: arial,helvetica,sans-serif;\">27 Haziran 2003\u2019te, ABD\u2019nin Ankara B\u00fcy\u00fckel\u00e7ili\u011fi\u2019nde Maslahatg\u00fczar konumunda bulunan Robert S. Deutsch\u2019un onaylayarak Washington\u2019a g\u00f6nderdi\u011fi \u201cDiyanet\u2019in Denetlenmesi Sava\u015f\u0131\u201d ba\u015fl\u0131kl\u0131 telgraf, hem bu a\u00e7\u0131dan hem de T\u00fcrkiye\u2019deki \u201claik\u201d sistemin ABD\u2019de nas\u0131l alg\u0131land\u0131\u011f\u0131n\u0131 yans\u0131tmas\u0131 bak\u0131m\u0131ndan dikkat \u00e7ekici. Orijinalinin tam metnini bug\u00fcnden itibaren internet sitemizde de bulabilece\u011finiz telgraf\u0131n baz\u0131 b\u00f6l\u00fcmlerini aktar\u0131yoruz:<\/span><\/p>\n<p style=\"text-align: justify;\"><span style=\"font-family: arial,helvetica,sans-serif;\"><strong>\u201c\u00d6zet:<\/strong> <em>AKP h\u00fck\u00fcmetinin T\u00fcrk camilerine 15 bin ek imam al\u0131nmas\u0131 y\u00f6n\u00fcndeki \u00f6nerisinin yaratt\u0131\u011f\u0131 yeni tart\u0131\u015fma, dinin T\u00fcrk kamusal hayat\u0131ndaki rol\u00fcne ili\u015fkin eski tart\u0131\u015fmay\u0131 yeniden canland\u0131rd\u0131. Bu tart\u0131\u015fma ayn\u0131 zamanda: 1) hem kat\u0131 laik\u00e7ilerin hem de dindar muhafazak\u00e2rlar\u0131n \u201c\u0130slam\u201d kart\u0131n\u0131 kendi \u00e7\u0131karlar\u0131 i\u00e7in kullanmaya \u00e7al\u0131\u015ft\u0131klar\u0131n\u0131, 2) T\u00fcrkiye\u2019de monolitik ve siyasi birle\u015fmi\u015flikten uzak olan \u0130slam\u2019\u0131n, bir\u00e7ok laik\u00e7inin itiraf etti\u011finden daha esnek bulundu\u011funu, ana ak\u0131m toplumun i\u00e7indeki k\u00f6klerinin de daha derin oldu\u011funu g\u00f6sterdi.\u201d<\/em><em><\/em><\/span><\/p>\n<p style=\"text-align: justify;\"><span style=\"font-family: arial,helvetica,sans-serif;\"><em><b>Yani Erbakan\u2019\u0131n \u0130slam anlay\u0131\u015f\u0131na sava\u015f a\u00e7an Amerika, Erdo\u011fan\u2019\u0131n \u0130slam anlay\u0131\u015f\u0131na destek veriyor!<\/b><\/em><b><\/b><\/span><\/p>\n<p style=\"text-align: justify;\"><span style=\"font-family: arial,helvetica,sans-serif;\"><strong>Cami ve devlet: birle\u015fik, ayr\u0131 de\u011fil<\/strong><\/span><\/p>\n<p style=\"text-align: justify;\"><span style=\"font-family: arial,helvetica,sans-serif;\">Belgelerden: \u201cBat\u0131l\u0131la\u015fman\u0131n en az\u0131ndan taklidini yapan T\u00fcrk elitler ve yetkililer, Atat\u00fcrk\u2019\u00fcn d\u00f6neminden beri T\u00fcrkiye\u2019de laikli\u011fin niteli\u011fini belirleyen \u015feyin , \u201ccami ile Devlet\u201din kurumsal olarak birbirinden kesin bi\u00e7imde ayr\u0131lmas\u0131 oldu\u011funu yabanc\u0131lara anlat\u0131p dururlar. Asl\u0131nda, laikli\u011fin \u201cT\u00fcrk\u201d versiyonu ABD\u2019dekine y\u00fcz seksen derece z\u0131tt\u0131r; dokulara derinlemesine n\u00fcfuz etmi\u015f ve anayasa taraf\u0131ndan korunan bir al\u0131\u015fkanl\u0131k de\u011fil, anayasayla kutsalla\u015ft\u0131r\u0131lm\u0131\u015f ve zorla kabul ettirilmi\u015f bir Devlet ideolojisidir. T\u00fcrk yasalar\u0131 din\u00ee d\u00fc\u015f\u00fcnce ve duygular\u0131n kamusal alanda yer almas\u0131n\u0131 a\u00e7\u0131k\u00e7a yasaklasa da, din\u00ee kurumlar sadece kat\u0131 bir devlet denetimi alt\u0131nda de\u011fil, ayn\u0131 zamanda T\u00fcrk Devlet ayg\u0131t\u0131n\u0131n ayr\u0131lmaz bir par\u00e7as\u0131 halindedirler.<\/span><\/p>\n<p style=\"text-align: justify;\"><span style=\"font-family: arial,helvetica,sans-serif;\">Diyanet \u0130\u015fleri Ba\u015fkanl\u0131\u011f\u0131 yakla\u015f\u0131k doksan bin personeliyle T\u00fcrk Devleti\u2019nin en b\u00fcy\u00fck organlar\u0131ndan biridir. Cami in\u015faat\u0131\/tefti\u015fi, imamlar gibi din\u00ee memurlar\u0131n i\u015fe al\u0131nmas\u0131 ve her t\u00fcrl\u00fc din\u00ee tavsiyenin yap\u0131lmas\u0131ndan resmen sorumludur. Bu i\u015flevler, Diyanet\u2019in as\u0131l amac\u0131n\u0131n yan\u0131nda ikinci \u00f6nemdedir. Bu ama\u00e7, Cumhuriyet\u2019in ilk g\u00fcnlerinden bu yana oldu\u011fu gibi , \u201c\u0130slam\u00ee\u201d fikirlerin ve ba\u011f\u0131ms\u0131z din\u00ee kurumlar\u0131n Atat\u00fcrk\u2019\u00fcn laik devrimine kar\u015f\u0131 tehdit olu\u015fturmas\u0131n\u0131 engellemektir.<\/span><\/p>\n<p style=\"text-align: justify;\"><span style=\"font-family: arial,helvetica,sans-serif;\">Dolay\u0131s\u0131yla da, bu kurumu k\u00f6t\u00fcleyenlerin \u2013ki buna \u0130slamc\u0131lar, merkezdeki muhafazak\u00e2rlar ve liberaller d\u00e2hil\u2013 g\u00f6z\u00fcnde Diyanet, bir u\u00e7tan bir uca Anadolu\u2019da ve \u0130stanbul ile Cumhuriyet\u00e7i Ankara\u2019n\u0131n daha az elit k\u00f6\u015felerinde ya\u015fanan \u00e7ok \u00e7e\u015fitli inan\u00e7larla pek az ilgisi olan bir \u201cKemalist \u0130slam\u201d\u0131n \u00fcreticisidir. Bu kurum, T\u00fcrkiye\u2019nin hat\u0131r\u0131 say\u0131l\u0131r b\u00fcy\u00fckl\u00fckteki Alevi (laik Devlet\u2019i kuvvetle savunsa da, Diyanet\u2019in T\u00fcrkiye\u2019nin S\u00fcnni \u00e7o\u011funlu\u011funun h\u00e2kimiyetini g\u00fc\u00e7lendirmesinden uzun s\u00fcredir kayg\u0131 duyan heterodoks \u015eii az\u0131nl\u0131k) toplulu\u011fu taraf\u0131ndan bile ele\u015ftiriliyor.\u201d<a href=\"#_ftn1\" name=\"_ftnref1\">[1]<\/a><b><\/b><\/span><\/p>\n<p style=\"text-align: justify;\"><span style=\"font-family: arial,helvetica,sans-serif;\"><b>Yani ABD, Diyanet\u2019in kald\u0131r\u0131lmas\u0131n\u0131, en az\u0131ndan mevcut yap\u0131s\u0131n\u0131n de\u011fi\u015ftirilip suland\u0131r\u0131lmas\u0131n\u0131 ve \u0130slam\u2019\u0131n daha kolay dejenerasyona u\u011frat\u0131lmas\u0131n\u0131 \u00f6neriyor!.<\/b><\/span><\/p>\n<div style=\"text-align: justify;\"><br clear=\"all\" \/>  <\/p>\n<hr width=\"33%\" size=\"1\" align=\"left\" \/>\n<div>\n<p><span style=\"font-family: arial,helvetica,sans-serif;\"><a href=\"#_ftnref1\" name=\"_ftn1\">[1]<\/a> Taraf \/ 23 03 2011<\/span><\/p>\n<\/p><\/div>\n<\/p><\/div>\n","protected":false},"excerpt":{"rendered":"<p><span style=\"font-family: arial,helvetica,sans-serif;\"> <\/p>\n","protected":false},"author":46,"featured_media":0,"comment_status":"open","ping_status":"closed","sticky":false,"template":"","format":"standard","meta":{"footnotes":""},"categories":[123],"tags":[],"class_list":["post-2028","post","type-post","status-publish","format-standard","hentry","category-mayis-2011"],"_links":{"self":[{"href":"https:\/\/www.millicozum.com\/mc\/wp-json\/wp\/v2\/posts\/2028","targetHints":{"allow":["GET"]}}],"collection":[{"href":"https:\/\/www.millicozum.com\/mc\/wp-json\/wp\/v2\/posts"}],"about":[{"href":"https:\/\/www.millicozum.com\/mc\/wp-json\/wp\/v2\/types\/post"}],"author":[{"embeddable":true,"href":"https:\/\/www.millicozum.com\/mc\/wp-json\/wp\/v2\/users\/46"}],"replies":[{"embeddable":true,"href":"https:\/\/www.millicozum.com\/mc\/wp-json\/wp\/v2\/comments?post=2028"}],"version-history":[{"count":0,"href":"https:\/\/www.millicozum.com\/mc\/wp-json\/wp\/v2\/posts\/2028\/revisions"}],"wp:attachment":[{"href":"https:\/\/www.millicozum.com\/mc\/wp-json\/wp\/v2\/media?parent=2028"}],"wp:term":[{"taxonomy":"category","embeddable":true,"href":"https:\/\/www.millicozum.com\/mc\/wp-json\/wp\/v2\/categories?post=2028"},{"taxonomy":"post_tag","embeddable":true,"href":"https:\/\/www.millicozum.com\/mc\/wp-json\/wp\/v2\/tags?post=2028"}],"curies":[{"name":"wp","href":"https:\/\/api.w.org\/{rel}","templated":true}]}}