{"id":2029,"date":"2011-04-26T10:11:07","date_gmt":"2011-04-26T10:11:07","guid":{"rendered":"https:\/\/www.millicozum.com\/mc\/2011\/04\/26\/ayin-aynasi-34\/"},"modified":"2011-04-26T10:11:07","modified_gmt":"2011-04-26T10:11:07","slug":"ayin-aynasi-34","status":"publish","type":"post","link":"https:\/\/www.millicozum.com\/mc\/2011\/mayis-2011\/ayin-aynasi\/","title":{"rendered":"AYIN AYNASI"},"content":{"rendered":"<p><span style=\"font-family: arial,helvetica,sans-serif;\">    <\/span> <\/p>\n<p style=\"text-align: justify;\"><span style=\"font-family: arial,helvetica,sans-serif;\"><b>\u0130NSAFLI B\u0130R B\u0130L\u0130M ADAMININ ERBAKAN TESP\u0130TLER\u0130!<\/b><\/span><\/p>\n<p style=\"text-align: justify;\"><span style=\"font-family: arial,helvetica,sans-serif;\"><b>Sava\u015f\u0131 G\u00f6ze Alacak Kadar Vatan\u0131na ve Davas\u0131na Ba\u011fl\u0131yd\u0131<\/b><\/span><\/p>\n<p style=\"text-align: justify;\"><span style=\"font-family: arial,helvetica,sans-serif;\">Ba\u011f\u0131ms\u0131z Cumhuriyet Partisi Genel Ba\u015fkan\u0131 Prof. Dr. M\u00fcmtaz Soysal, Milli G\u00f6r\u00fc\u015f Lideri Necmettin Erbakan&#8217;\u0131n kendine \u00f6zg\u00fc bir\u00e7ok nitelik ve erdemleriyle unutulmayaca\u011f\u0131n\u0131 s\u00f6yleyerek, \u00f6zellikle K\u0131br\u0131s davas\u0131na olan ba\u011fl\u0131l\u0131\u011f\u0131n\u0131, &#8220;Erbakan, ulusalc\u0131 g\u00f6r\u00fc\u015f\u00fcyle, hakl\u0131 ve g\u00fc\u00e7l\u00fc oldu\u011funa inan\u0131lan \u00f6yle bir davaya sonuna kadar ba\u011fl\u0131 kalm\u0131\u015f, hatta sava\u015f\u0131 g\u00f6ze almakta \u0131srarc\u0131 olmu\u015f&#8221; ifadeleriyle dile getirmi\u015fti.<\/span><\/p>\n<p style=\"text-align: justify;\"><span style=\"font-family: arial,helvetica,sans-serif;\"><strong>Erbakan unutulmayacak<\/strong><\/span><\/p>\n<p style=\"text-align: justify;\"><span style=\"font-family: arial,helvetica,sans-serif;\">Erbakan&#8217;a ili\u015fkin g\u00f6r\u00fc\u015flerini a\u00e7\u0131klayan Prof. Soysal; inanc\u0131n\u0131n derinli\u011fi, azminin s\u00fcreklili\u011fi, zek\u00e2s\u0131n\u0131n keskinli\u011fi, m\u00fccadele dayan\u0131kl\u0131l\u0131\u011f\u0131, bilgi sa\u011flaml\u0131\u011f\u0131, a\u011f\u0131r sanayi tutkunlu\u011fu, teknoloji yatk\u0131nl\u0131\u011f\u0131, \u00fcslup renklili\u011fi, nezaket inceli\u011fi, k\u0131sacas\u0131 onu o yapan kendine \u00f6zg\u00fc bir y\u0131\u011f\u0131n \u00f6zelli\u011fiyle Erbakan&#8217;\u0131n unutulmayaca\u011f\u0131n\u0131 belirtmi\u015fti.<\/span><\/p>\n<p style=\"text-align: justify;\"><span style=\"font-family: arial,helvetica,sans-serif;\">Erbakan Hoca ise, AKP\u2019nin T\u00fcrkiye\u2019yi ve 22 \u0130slam \u00fclkesini par\u00e7alamak isteyen \u0131rk\u00e7\u0131 emperyalizmin i\u015fbirlik\u00e7isi oldu\u011funu defalarca s\u00f6ylemi\u015fti.<\/span><\/p>\n<p style=\"text-align: justify;\"><span style=\"font-family: arial,helvetica,sans-serif;\"><b>Recep T. Erdo\u011fan\u2019\u0131n Barzani\u2019ye Devlet stat\u00fcs\u00fc kazand\u0131ran Irak ziyaretini ve ba\u011fr\u0131m\u0131za fitne tohumlar\u0131 serpilsin diye AKP\u2019nin tahribat giri\u015fimlerini g\u00f6r\u00fcnce \u015fu f\u0131kray\u0131 hat\u0131rlam\u0131\u015ft\u0131k.<\/b><\/span><\/p>\n<p style=\"text-align: justify;\"><span style=\"font-family: arial,helvetica,sans-serif;\">Temel askere gitmi\u015ftir.<\/span><\/p>\n<p style=\"text-align: justify;\"><span style=\"font-family: arial,helvetica,sans-serif;\">Yakla\u015f\u0131k 5 ay sonra Fadime\u2019den Temel\u2019e mektup gelir. \u201cTemel \u00f6k\u00fcz\u00fcm\u00fcz \u00f6ld\u00fc, saban\u0131 \u00e7ekip tarlay\u0131 s\u00fcrecek ba\u015fka \u00f6k\u00fcz\u00fcm\u00fcz olmad\u0131\u011f\u0131ndan bu sene, ekin ekemeyece\u011fiz haberin ola\u201d demektedir.<\/span><\/p>\n<p style=\"text-align: justify;\"><span style=\"font-family: arial,helvetica,sans-serif;\">Er mektuplar\u0131n\u0131n okundu\u011funu bilen Temel Fadime\u2019ye \u015fu cevab\u0131 g\u00f6nderir: \u201cFadime tarlay\u0131 kazmad\u0131\u011f\u0131n iyi olmu\u015f. Benim Rusya\u2019dan getirdi\u011fim ka\u00e7ak silahlar\u0131 o tarlaya g\u00f6mm\u00fc\u015ft\u00fcm. Sen onlar\u0131n nereye g\u00f6m\u00fcld\u00fc\u011f\u00fcn\u00fc bilmedi\u011finden, kazarken onlar\u0131 a\u00e7\u0131\u011fa \u00e7\u0131kart\u0131rd\u0131n. Bu sene tarlan\u0131n kaz\u0131lmamas\u0131 iyi oldu.\u201d<\/span><\/p>\n<p style=\"text-align: justify;\"><span style=\"font-family: arial,helvetica,sans-serif;\">Temel\u2019in mektubunu okuyan komutanlar\u0131 sessizce Jandarmaya durumu ihbar etmi\u015flerdir. Ertesi g\u00fcn Temel\u2019in tarlas\u0131n\u0131n her taraf\u0131 ka\u00e7ak silahlar\u0131 bulaca\u011f\u0131z diye kaz\u0131l\u0131vermi\u015ftir.<\/span><\/p>\n<p style=\"text-align: justify;\"><span style=\"font-family: arial,helvetica,sans-serif;\">Bir m\u00fcddet aradan sonra Fadime\u2019den Temel\u2019e bir mektup daha gelir. \u201cTemel tarlaya Jandarma geldi ve her taraf\u0131 kaz\u0131p gitti. Hi\u00e7bir \u015fey \u00e7\u0131kmad\u0131, \u015fimdi ne yapay\u0131m?<\/span><\/p>\n<p style=\"text-align: justify;\"><span style=\"font-family: arial,helvetica,sans-serif;\">Temel Fadime\u2019ye cevap olarak; \u201cFadime haz\u0131r kaz\u0131lan tarlan\u0131n yar\u0131s\u0131na m\u0131s\u0131r, di\u011fer yar\u0131s\u0131na patates ek\u2026\u201d \u015feklinde \u00f6\u011f\u00fct vermektedir.<\/span><\/p>\n<p style=\"text-align: justify;\">\u00a0<\/p>\n<p style=\"text-align: justify;\"><span style=\"font-family: arial,helvetica,sans-serif;\"><b>ERBAKAN \u0130\u00c7\u0130N VAT\u0130KAN&#8217;DA \u00c7ANLAR MI \u00c7ALDI?<\/b><\/span><\/p>\n<p style=\"text-align: justify;\"><span style=\"font-family: arial,helvetica,sans-serif;\">27 \u015eubat 2011, Pazar g\u00fcn\u00fc hayata g\u00f6zlerini yuman ve 1 Mart 2011 g\u00fcn\u00fc milyonlar\u0131n u\u011furlamas\u0131 ile topra\u011fa verilen Eski Ba\u015fbakan ve Saadet Partisi Genel Ba\u015fkan\u0131 Merhum Necmettin Erbakan Hoca i\u00e7in Vatikan\u2019da \u00e7an \u00e7al\u0131nd\u0131\u011f\u0131 ortaya \u00e7\u0131km\u0131\u015ft\u0131.<\/span><\/p>\n<p style=\"text-align: justify;\"><span style=\"font-family: arial,helvetica,sans-serif;\">16yildiz.com haber sitesinin haberine g\u00f6re, Milli G\u00f6r\u00fc\u015f lideri Merhum Necmeddin Erbakan\u2019\u0131n vefat haberinin hemen ard\u0131ndan, rutinin d\u0131\u015f\u0131nda, Vatikan\u2019da 3 dakika kadar \u00e7an sesleri yay\u0131lm\u0131\u015f; ahalinin dikkatini \u00e7eken bu olay sonras\u0131, \u00e7anlar\u0131n neden \u00e7al\u0131nd\u0131\u011f\u0131n\u0131 soranlara, Vatikan\u2019\u0131n ilgili biriminin \u201czango\u00e7lar\u0131n \u00e7anlar\u0131 tamir etti\u011fi\u201d bilgisinin verildi\u011fi a\u00e7\u0131klanm\u0131\u015ft\u0131.<\/span><\/p>\n<p style=\"text-align: justify;\"><span style=\"font-family: arial,helvetica,sans-serif;\"><b>Fatih Sultan Mehmet&#8217;in Vefat\u0131nda da Sevin\u00e7 \u00c7anlar\u0131 \u00c7alm\u0131\u015ft\u0131<\/b><\/span><\/p>\n<p style=\"text-align: justify;\"><span style=\"font-family: arial,helvetica,sans-serif;\">Haber sitesi; Osmanl\u0131 Devleti&#8217;nin m\u00fcjdelenmi\u015f padi\u015fah\u0131 Fatih Sultan Mehmet Han&#8217;\u0131n vefat etmesi \u00fczerine Vatikan&#8217;da sevin\u00e7 \u00e7anlar\u0131 \u00e7ald\u0131\u011f\u0131n\u0131 ve Vatikan&#8217;\u0131n T\u00fcrkiye\u2019deki, Orta Do\u011fu\u2019daki ve Asya\u2019daki misyonerlik faaliyetleri ve Ha\u00e7l\u0131 hedefleri i\u00e7in, Merhum Necmeddin Erbakan Hoca&#8217;y\u0131 b\u00fcy\u00fck engel olarak g\u00f6rd\u00fc\u011f\u00fcn\u00fc hat\u0131rlatm\u0131\u015ft\u0131.<a href=\"#_ftn1\" name=\"_ftnref1\">[1]<\/a> Baz\u0131 Hocalara destek \u00e7\u0131kan ve \u00f6d\u00fcl takan Ha\u00e7l\u0131 Vatikan\u2019\u0131n, Erbakan Hoca\u2019n\u0131n vefat\u0131n\u0131 bayram havas\u0131 i\u00e7inde kar\u015f\u0131lay\u0131p sevin\u00e7 \u00e7anlar\u0131 \u00e7ald\u0131rtmas\u0131, art\u0131k baz\u0131 kesimlerin g\u00f6zlerini a\u00e7mal\u0131yd\u0131.<\/span><\/p>\n<p style=\"text-align: justify;\"><span style=\"font-family: arial,helvetica,sans-serif;\"><b>\u00d6yle ya, Fetullah G\u00fclen\u2019e ve AKP h\u00fck\u00fcmetine sahip \u00e7\u0131kan Vatikan Erbakan\u2019\u0131n \u00f6l\u00fcm\u00fcne niye bu kadar sevinmi\u015f ve rahatlam\u0131\u015ft\u0131?<\/b><\/span><\/p>\n<p style=\"text-align: justify;\">\u00a0<\/p>\n<p style=\"text-align: justify;\"><span style=\"font-family: arial,helvetica,sans-serif;\"><b>\u0130\u015eTE AKP\u2019N\u0130N \u00c7AKMA PROFES\u00d6RLER\u0130<\/b><\/span><\/p>\n<p style=\"text-align: justify;\"><span style=\"font-family: arial,helvetica,sans-serif;\"><b>ATO, usuls\u00fcz yoldan Prof. olan 51 isim a\u00e7\u0131klad\u0131. Profes\u00f6rl\u00fc\u011f\u00fcn\u00fc hem\u015firelik okulundan alan genel cerrah ve \u00fcrolog, sa\u011fl\u0131k meslek okulundan alan kad\u0131n do\u011fum uzman\u0131 var.<\/b><\/span><\/p>\n<p style=\"text-align: justify;\"><span style=\"font-family: arial,helvetica,sans-serif;\">Ankara Tabip Odas\u0131 (ATO), do\u00e7entlikte 5 y\u0131l\u0131n\u0131 tamamlayan \u00e7e\u015fitli hastanelerden 51 hekim yeni kurulan \u00fcniversitelere atan\u0131p bir g\u00fcnde profes\u00f6r yap\u0131ld\u0131klar\u0131n\u0131 iddia ederek, bu ki\u015filerin isim listelerini ve g\u00f6rev yapt\u0131klar\u0131 hastanelerin adlar\u0131n\u0131 a\u00e7\u0131klad\u0131<\/span><\/p>\n<p style=\"text-align: justify;\"><span style=\"font-family: arial,helvetica,sans-serif;\">ATO Ba\u015fkan\u0131 Dr. Beyaz\u0131t \u0130lhan, yapt\u0131\u011f\u0131 bas\u0131n toplant\u0131s\u0131nda, bu y\u00f6ntemi do\u00e7ent unvan\u0131yla klinik \u015fefli\u011fi yapan bir\u00e7ok hekimin kullanm\u0131\u015f durumda oldu\u011funu vurgulad\u0131.<\/span><\/p>\n<p style=\"text-align: justify;\"><span style=\"font-family: arial,helvetica,sans-serif;\"><b>\u201cSay\u0131lar\u0131 100\u2019\u00fcn \u00fczerinde\u201d<\/b><\/span><\/p>\n<p style=\"text-align: justify;\"><span style=\"font-family: arial,helvetica,sans-serif;\">Beyaz\u0131t \u0130lhan, son 5 y\u0131lda bu \u015fekilde profes\u00f6r olan ki\u015fi say\u0131s\u0131n\u0131n 100\u2019\u00fcn \u00fczerinde oldu\u011funu d\u00fc\u015f\u00fcnd\u00fcklerini ancak kendilerinin hen\u00fcz 51 ismi tespit ettiklerini hat\u0131rlatt\u0131.<\/span><\/p>\n<p style=\"text-align: justify;\"><span style=\"font-family: arial,helvetica,sans-serif;\"><br \/><\/span><\/p>\n<p style=\"text-align: justify;\"><span style=\"font-family: arial,helvetica,sans-serif;\"><strong>BAH\u00c7EL\u0130N\u0130N S\u00d6ZLER\u0130 AMER\u0130KANCI \u00dcLK\u00dcC\u00dcLER\u0130 AYA\u011eA KALDIRDI<\/strong><\/span><\/p>\n<p style=\"text-align: justify;\"><span style=\"font-family: arial,helvetica,sans-serif;\"><b>\u201cG\u00fclen, hayallerimizi ger\u00e7ekle\u015ftirdi, Alparslan T\u00fcrke\u015f Fetullah Hoca\u2019y\u0131 takdir ederdi!\u201d<\/b><\/span><\/p>\n<p style=\"text-align: justify;\"><span style=\"font-family: arial,helvetica,sans-serif;\"><b> <\/b><\/span><\/p>\n<p style=\"text-align: justify;\"><span style=\"font-family: arial,helvetica,sans-serif;\"><b>Yal\u00e7\u0131n TOP\u00c7U (BBP Genel Ba\u015fkan\u0131):<\/b><\/span><\/p>\n<p style=\"text-align: justify;\"><span style=\"font-family: arial,helvetica,sans-serif;\">Bah\u00e7eli\u2019nin s\u00f6zlerinden \u00fcz\u00fcnt\u00fc duydum. \u0130deolojik d\u00fc\u015fmanl\u0131k \u00fcr\u00fcn\u00fc senaryolar\u0131 millet g\u00f6r\u00fcyor. Bunlara itibar etmemiz s\u00f6z konusu olamaz.<\/span><\/p>\n<p style=\"text-align: justify;\"><span style=\"font-family: arial,helvetica,sans-serif;\"><b>M\u00fcmtazaer T\u00dcRK\u00d6NE (Siyaset Bilimci):<\/b><\/span><\/p>\n<p style=\"text-align: justify;\"><span style=\"font-family: arial,helvetica,sans-serif;\">Bah\u00e7eli\u2019nin se\u00e7im \u00f6ncesi Ergenekon taktiklerini kullanmas\u0131 MHP\u2019ye oy kaybettirir. Bunlar referandumdaki yanl\u0131\u015f politikan\u0131n devam\u0131.<\/span><\/p>\n<p style=\"text-align: justify;\"><span style=\"font-family: arial,helvetica,sans-serif;\"><b>\u00d6kke\u015f \u015eEND\u0130LLER (Eski Kahramanmara\u015f Milletvekili):<\/b><\/span><\/p>\n<p style=\"text-align: justify;\"><span style=\"font-family: arial,helvetica,sans-serif;\">MHP lideri, CHP gibi mi d\u00fc\u015f\u00fcn\u00fcyor? Cemaati bir siyasi parti gibi mi g\u00f6r\u00fcyor da b\u00f6yle bir telkinde bulunuyor? Bunlar MHP\u2019nin konusu olmaz. Talihsizlik.<\/span><\/p>\n<p style=\"text-align: justify;\"><span style=\"font-family: arial,helvetica,sans-serif;\"><b>Musa Serdar \u00c7ELEB\u0130 (Avrupa T\u00fcrk \u0130slam Birli\u011fi Kurucu Genel B\u015fk.):<\/b><\/span><\/p>\n<p style=\"text-align: justify;\"><span style=\"font-family: arial,helvetica,sans-serif;\">Ad\u0131n\u0131 bile telaffuz edemedi\u011fimiz \u00fclkelerde bayra\u011f\u0131m\u0131z dalgalan\u0131yor. \u00c7al\u0131\u015fmalar\u0131n\u0131 durdurmak istemek mant\u0131k d\u0131\u015f\u0131d\u0131r. Hizmetler kesintisiz s\u00fcrmeli.<\/span><\/p>\n<p style=\"text-align: justify;\"><span style=\"font-family: arial,helvetica,sans-serif;\"><b>Baki KARABI\u00c7AK (Ba\u011f\u0131ms\u0131z \u00dclk\u00fcc\u00fc Hareket Platformu Genel Ba\u015fkan\u0131):<\/b><\/span><\/p>\n<p style=\"text-align: justify;\"><span style=\"font-family: arial,helvetica,sans-serif;\">T\u00fcrk okullar\u0131, milliyet\u00e7i hareketin en b\u00fcy\u00fck hedeflerindendi. Bah\u00e7eli, T\u00fcrk milletinin d\u00fcnyaya a\u00e7\u0131lan penceresini kapatmaya \u00e7al\u0131\u015f\u0131yor. Buna hakk\u0131 yok.<\/span><\/p>\n<p style=\"text-align: justify;\"><span style=\"font-family: arial,helvetica,sans-serif;\"><b>Ahmet AYDIN (Eski MHP Samsun Milletvekili):<\/b><\/span><\/p>\n<p style=\"text-align: justify;\"><span style=\"font-family: arial,helvetica,sans-serif;\">Bah\u00e7eli\u2019nin CHP\u2019li \u0130sa G\u00f6k ile ayn\u0131 seviyeye d\u00fc\u015fmesi bir\u00e7oklar\u0131n\u0131 \u015fa\u015f\u0131rt\u0131r ama beni \u015fa\u015f\u0131rtmad\u0131. Art\u0131k niyetlerini gizleyemez duruma geldiler.<\/span><\/p>\n<p style=\"text-align: justify;\">\u00a0<\/p>\n<p style=\"text-align: justify;\"><span style=\"font-family: arial,helvetica,sans-serif;\"><b>Baz\u0131 eski \u00fclk\u00fcc\u00fcler, MHP lideri Devlet Bah\u00e7eli&#8217;nin Fetullah G\u00fclen hakk\u0131nda yapt\u0131\u011f\u0131 a\u00e7\u0131klamalar\u0131na sert \u00e7\u0131km\u0131\u015ft\u0131. Bah\u00e7eli&#8217;nin &#8220;Cemaat, faaliyetlerini durdursun.&#8221; s\u00f6zlerine \u00e7ok k\u0131r\u0131lm\u0131\u015flard\u0131.<\/b><\/span><\/p>\n<p style=\"text-align: justify;\"><span style=\"font-family: arial,helvetica,sans-serif;\"><b>&#8220;Hoca efendi\u2019nin yapt\u0131klar\u0131, MHP&#8217;nin ve biz \u00fclk\u00fcc\u00fclerin yapmak isteyip de yapamad\u0131klar\u0131d\u0131r. O, bizim hayallerimizi ger\u00e7ekle\u015ftiriyor.&#8221; g\u00f6r\u00fc\u015f\u00fc dile getirilirken, iddialar\u0131n MHP misyonuyla \u00e7eli\u015fti\u011fi vurgulanm\u0131\u015ft\u0131. \u00dclk\u00fcc\u00fclerin efsane isimlerinden Avrupa T\u00fcrk \u0130slam Birli\u011fi Kurucu Genel Ba\u015fkan\u0131 Musa Serdar \u00c7elebi, faaliyetlerin durdurulmas\u0131 \u00e7a\u011fr\u0131s\u0131n\u0131 mant\u0131k d\u0131\u015f\u0131 bularak &#8220;Ad\u0131n\u0131 bile telaffuz edemedi\u011fimiz \u00fclkelerde okullar sayesinde bayra\u011f\u0131m\u0131z dalgalan\u0131yor&#8221; a\u00e7\u0131klamas\u0131n\u0131 yapm\u0131\u015ft\u0131. BBP lideri Yal\u00e7\u0131n Top\u00e7u da \u00fcz\u00fcnt\u00fcs\u00fcn\u00fc, &#8220;Say\u0131n G\u00fclen&#8217;in devlete ve millete ba\u011fl\u0131l\u0131\u011f\u0131n\u0131 b\u00fct\u00fcn \u00fclk\u00fcc\u00fcler bilir.&#8221; s\u00f6zleriyle aktarm\u0131\u015ft\u0131. 12 Eyl\u00fcl d\u00f6neminde Adana \u00dclk\u00fc Ocaklar\u0131 ba\u015fkanl\u0131\u011f\u0131 yapan \u015eahin Bilgi\u00e7 ise Bah\u00e7eli&#8217;ye &#8220;G\u00fclen, okullardaki \u0130stiklal Mar\u015f\u0131&#8217;n\u0131 m\u0131 durdursun?&#8221; diye sormaktayd\u0131!<\/b><\/span><\/p>\n<p style=\"text-align: justify;\"><span style=\"font-family: arial,helvetica,sans-serif;\"><strong>Acaba, Devlet Bah\u00e7eli\u2019nin Fetullah G\u00fclen\u2019e teklifi; baz\u0131 Amerikanc\u0131 \u00dclk\u00fcc\u00fcleri niye bu denli tela\u015fland\u0131rm\u0131\u015ft\u0131?<\/strong><\/span><\/p>\n<p style=\"text-align: justify;\"><span style=\"font-family: arial,helvetica,sans-serif;\"><strong><br \/><\/strong><\/span><\/p>\n<p style=\"text-align: justify;\"><span style=\"font-family: arial,helvetica,sans-serif;\"><strong>S\u0130YASETTE TAC\u0130Z SKANDALLARI<\/strong><\/span><\/p>\n<p style=\"text-align: justify;\"><span style=\"font-family: arial,helvetica,sans-serif;\">Bizde, 1979 y\u0131l\u0131nda eski \u0130\u00e7i\u015fleri Bakan\u0131 CHP&#8217;li Hasan Fehmi G\u00fcne\u015f, sinema oyuncusu Aynur Aydan&#8217;\u0131n evine girerken gazetecilere yakalanm\u0131\u015ft\u0131 ve hat\u0131rlarsan\u0131z G\u00fcne\u015f bakanl\u0131ktan istifa etmi\u015fti.<\/span><\/p>\n<p style=\"text-align: justify;\"><span style=\"font-family: arial,helvetica,sans-serif;\">Meclisin ba\u011f\u0131ms\u0131z vekili Kamer Gen\u00e7&#8217;in de buna benzer &#8220;yaramazl\u0131klar\u0131&#8221; g\u00fcndemi uzun s\u00fcre me\u015fgul etmi\u015fti.<\/span><\/p>\n<p style=\"text-align: justify;\"><span style=\"font-family: arial,helvetica,sans-serif;\">CHP&#8217;den bir d\u00f6nem milletvekili se\u00e7ilen daha sonra kendi partisini kuran Ya\u015far Nuri \u00d6zt\u00fcrk&#8217;\u00fcn ad\u0131 dan\u0131\u015fman\u0131 olan bir bayanla an\u0131lm\u0131\u015f ve e\u015fi ekran ekran dola\u015farak bunu do\u011frulam\u0131\u015ft\u0131.<\/span><\/p>\n<p style=\"text-align: justify;\"><span style=\"font-family: arial,helvetica,sans-serif;\">&#8220;1960&#8217;larda Gladio&#8217;nun \u00f6nemli isimlerinden \u0130talyan askeri istihbarat generali De Lorenzo, g\u00f6revi boyunca parlamenterlerin d\u00fczenli veya d\u00fczensiz olarak kad\u0131n veya erkek fahi\u015felerle girdikleri ili\u015fkileri veya skandal temaslar\u0131 foto\u011fraflatm\u0131\u015f ve kayda alm\u0131\u015f, elindeki bu &#8216;istihbari hazine&#8217;yle parlamenterleri diledi\u011fi gibi idare etmi\u015ftir. Tam 157.000 ki\u015fiyi&#8230;&#8221;<\/span><\/p>\n<p style=\"text-align: justify;\"><span style=\"font-family: arial,helvetica,sans-serif;\">Ne kadar &#8220;bizim y\u00f6ntem&#8221;e benziyor de\u011fil mi?<\/span><\/p>\n<p style=\"text-align: justify;\"><span style=\"font-family: arial,helvetica,sans-serif;\">Bir \u00f6rnek ABD&#8217;den:<\/span><\/p>\n<p style=\"text-align: justify;\"><span style=\"font-family: arial,helvetica,sans-serif;\">&#8220;ABD&#8217;nin en hayati ve mahrem kurumlar\u0131ndan biri olan FBI&#8217;\u0131n &#8216;efsane&#8217; ba\u015fkan\u0131 Edgar Hoover&#8217;in 48 y\u0131l s\u00fcreyle ba\u015fkanl\u0131k yapabilmesinin tek sebebi \u00f6nemli isimlerin &#8216;skandal&#8217; potansiyeli ta\u015f\u0131yan seks maceralar\u0131n\u0131n kay\u0131tlar\u0131n\u0131 tutmas\u0131d\u0131r. Hoover, ABD Ba\u015fkanl\u0131k koltu\u011funda Calvin Coolidge oturuyorken ba\u015fl\u0131yor ve sonraki ba\u015fkanlar Robert Hoover, Franklin D. Roosevelt, Henry Truman, Dwight Eisenhower, John F. Keneddy, Lyndon Johnson ve Richard Nixon d\u00f6neminde bile hala FBI Ba\u015fkan\u0131 olarak g\u00f6revini s\u00fcrd\u00fcr\u00fcyor. Babalar\u0131n babas\u0131 Meyer Lansky ise ayn\u0131 y\u00f6ntemle FBI ba\u015fkan\u0131 Hoover&#8217;in mafyayla m\u00fccadelesini durdurmu\u015ftu. Nas\u0131l? FBI Ba\u015fkan\u0131 Hoover&#8217;in kad\u0131n elbiseleriyle girdi\u011fi homoseks\u00fcel ili\u015fkileri foto\u011fraflayarak.&#8221; (G\u00fcltekin Avc\u0131)<\/span><\/p>\n<p style=\"text-align: justify;\"><span style=\"font-family: arial,helvetica,sans-serif;\">Ancak Beyaz Saray &#8220;yasak ili\u015fkiler skandallar\u0131ndan&#8221; kendini kurtaramam\u0131\u015ft\u0131r. Ba\u015fkan Truman&#8217;dan, Eisenhower&#8217;e&#8230; Ba\u015fkan John F. Kennedy&#8217;den Bill Clinton&#8217;a kadar bir\u00e7ok ba\u015fkan ya taciz etmi\u015f yahut u\u00e7kurunu tutamam\u0131\u015ft\u0131r.<\/span><\/p>\n<p style=\"text-align: justify;\"><span style=\"font-family: arial,helvetica,sans-serif;\">Ya \u0130talyan Ba\u015fbakan\u0131 Silvio Berlusconi&#8217;nin kad\u0131nlara olan ilgisine ne demeli? 18 ya\u015f\u0131ndan k\u00fc\u00e7\u00fck bir k\u0131zla ya\u015fad\u0131\u011f\u0131 g\u00f6n\u00fcl maceras\u0131 t\u00fcm \u0130talya&#8217;y\u0131 \u015fok etti. Hatta Berlusconi&#8217;nin gen\u00e7 k\u0131z\u0131 polisin elinden kurtarmak i\u00e7in H\u00fcsn\u00fc Mabarek&#8217;in k\u0131z\u0131 oldu\u011funu s\u00f6ylemesi skandala ayr\u0131 bir boyut katt\u0131.<\/span><\/p>\n<p style=\"text-align: justify;\"><span style=\"font-family: arial,helvetica,sans-serif;\">Fransa&#8217;da ayn\u0131 \u00f6rnekler var. Nicholas Sarkozy demek skandal demek. A\u015fk mektuplar\u0131ndan, m\u00fcstehcen foto\u011fraflara, elle tacizden aldatmalara kadar ne ararsan\u0131z Sarkozy&#8217;de var.<\/span><\/p>\n<p style=\"text-align: justify;\"><span style=\"font-family: arial,helvetica,sans-serif;\">\u0130ngiltere&#8217;yi &#8220;es&#8221; ge\u00e7memek laz\u0131m. Hatta onlar &#8220;skandallara&#8221; kabinece imza at\u0131yor. E\u015fini aldatan Ba\u015fbakan Yard\u0131mc\u0131s\u0131 John Prescott, eski Ba\u015fbakanlardan John Major&#8217;a kadar \u015fu an ad\u0131n\u0131 yazsak bile bu s\u00fctunlar\u0131n alamayaca\u011f\u0131 kadar siyasilerin oldu\u011funu s\u00f6ylemek m\u00fcbala\u011fa olmaz&#8230; Belki de 16&#8217;nc\u0131 y\u00fczy\u0131lda \u0130ngiltere Kral\u0131 8&#8217;inci Henry&#8217;nin alt\u0131 evlilik ve 8&#8217;inci Edward&#8217;\u0131n Walls Simpson ile ya\u015fad\u0131\u011f\u0131 skandallar genlerine i\u015flemi\u015f olabilir.\u201d<a href=\"#_ftn2\" name=\"_ftnref2\">[2]<\/a><\/span><\/p>\n<p style=\"text-align: justify;\"><span style=\"font-family: arial,helvetica,sans-serif;\"><br \/><\/span><\/p>\n<p style=\"text-align: justify;\"><span style=\"font-family: arial,helvetica,sans-serif;\"><b> <\/b><\/span><\/p>\n<p style=\"text-align: justify;\"><span style=\"font-family: arial,helvetica,sans-serif;\"><b>SN. ABDULLAH G\u00dcL\u2019\u00dcN \u0130SRA\u0130L A\u015eKI VE \u0130SLAMCI M\u00dcNAFIKLARIN \u015eA\u015eKINLI\u011eI!<\/b><\/span><\/p>\n<p style=\"text-align: justify;\"><span style=\"font-family: arial,helvetica,sans-serif;\"><b>Katil ter\u00f6ristba\u015f\u0131 \u015eimon Peres\u2019i BM\u2019nin 9\u201313 May\u0131sta \u0130stanbul\u2019da yapaca\u011f\u0131 toplant\u0131ya davetiye \u00e7\u0131karmas\u0131 ve yine Meclis Ba\u015fkan\u0131 Mehmet Ali \u015eahin\u2019in \u0130srail parlamento Ba\u015fkan\u0131 Reuven Rivlin\u2019i ayn\u0131 toplant\u0131 i\u00e7in T\u00fcrkiye\u2019ye \u00e7a\u011f\u0131rmas\u0131; Davos\u2019taki \u201cVan M\u00fcnit\u201d horozlanmas\u0131n\u0131n nedenli kof oldu\u011funu, Mavi Marmara katliam\u0131n\u0131n ne \u00e7abuk unutuldu\u011funu ve \u015fu AKP\u2019lilerin \u0130srail\u2019e kullu\u011funu a\u00e7\u0131k\u00e7a ortaya koyuyordu.<\/b><\/span><\/p>\n<p style=\"text-align: justify;\"><span style=\"font-family: arial,helvetica,sans-serif;\"><b>\u0130srail\u2019in Siyonist ve ter\u00f6rist liderlerini T\u00fcrkiye\u2019de a\u011f\u0131rlama haz\u0131rl\u0131klar\u0131 \u00e7er\u00e7evesinde, biliyorsunuz daha \u00f6nce Ba\u015fbakan Yard\u0131mc\u0131s\u0131 B\u00fclent Ar\u0131n\u00e7\u2019ta Ankara B\u00fcy\u00fckel\u00e7isi Gabby Levi ile gizlice bulu\u015fuyordu. <\/b><\/span><\/p>\n<p style=\"text-align: justify;\"><span style=\"font-family: arial,helvetica,sans-serif;\"><b>Sizi gibi Siyonist u\u015faklar\u0131 ve g\u00e2vur \u00e2\u015f\u0131klar\u0131!<\/b><\/span><\/p>\n<p style=\"text-align: justify;\"><span style=\"font-family: arial,helvetica,sans-serif;\"><b><br \/><\/b><\/span><\/p>\n<p style=\"text-align: justify;\"><span style=\"font-family: arial,helvetica,sans-serif;\"><b> <\/b><\/span><\/p>\n<p style=\"text-align: justify;\"><span style=\"font-family: arial,helvetica,sans-serif;\"><b>\u0130NG\u0130L\u0130Z MEHMET \u015e\u0130M\u015eEK\u2019\u0130N \u015eA\u015eKINLI\u011eI<\/b><\/span><\/p>\n<p style=\"text-align: justify;\"><span style=\"font-family: arial,helvetica,sans-serif;\">Maliye Bakan\u0131 Mehmet \u015eimsek, 5. b\u00f6lgesel Kamu Al\u0131mlar\u0131 Konferans\u0131\u2019nda Milli G\u00f6r\u00fc\u015f iktidar\u0131n\u0131n koalisyon orta\u011f\u0131 olarak ger\u00e7ekle\u015ftirdiklerinin \u201cHayal\u201d oldu\u011funu ileri s\u00fcrerek y\u00fczde 50 zam verilemeyece\u011fini iddia etmi\u015fti.<\/span><\/p>\n<p style=\"text-align: justify;\"><span style=\"font-family: arial,helvetica,sans-serif;\">\u015eim\u015fek, \u201cSaadet Partisi biz geldi\u011fimizde i\u015f\u00e7i ve memura y\u00fczde 50 zam yapaca\u011f\u0131z\u201d demi\u015f. Bu ilgin\u00e7 bir \u015fey tabii\u201d diye konu\u015furken, merhum Erbakan\u2019\u0131n Ba\u015fbakan oldu\u011fu 54. h\u00fck\u00fcmet\u2019in icraatlar\u0131ndan tamamen habersiz oldu\u011funu g\u00f6stermi\u015fti.<\/span><\/p>\n<p style=\"text-align: justify;\"><span style=\"font-family: arial,helvetica,sans-serif;\"><b>\u00d6\u011fren de Konu\u015f<\/b><\/span><\/p>\n<p style=\"text-align: justify;\"><span style=\"font-family: arial,helvetica,sans-serif;\">Maliye Bakan\u0131\u2019n\u0131n bilmedi\u011fi REFAHYOL H\u00fck\u00fcmeti taraf\u0131ndan ger\u00e7ekle\u015ftirilen icraatlardan baz\u0131lar\u0131 \u015f\u00f6yle:<\/span><\/p>\n<p style=\"text-align: justify;\"><span style=\"font-family: arial,helvetica,sans-serif;\"><strong>\u0130\u015fte REFAHYOL d\u00f6neminde ger\u00e7ekle\u015ftirilen icraatlardan baz\u0131lar\u0131:<\/strong><\/span><\/p>\n<p style=\"text-align: justify;\"><span style=\"font-family: arial,helvetica,sans-serif;\"><strong>1- Memurlar \u0130\u00e7in Yap\u0131lanlar:<\/strong><\/span><\/p>\n<p style=\"text-align: justify;\"><span style=\"font-family: arial,helvetica,sans-serif;\">Temmuz  96: Maa\u015flara y\u00fczde 50 zam<\/span><\/p>\n<p style=\"text-align: justify;\"><span style=\"font-family: arial,helvetica,sans-serif;\">Her Ay: Ayl\u0131k enflasyon oran\u0131nda maa\u015f art\u0131\u015f\u0131<\/span><\/p>\n<p style=\"text-align: justify;\"><span style=\"font-family: arial,helvetica,sans-serif;\">Ocak 97: Maa\u015flara Y\u00fczde 30 zam<\/span><\/p>\n<p style=\"text-align: justify;\"><span style=\"font-family: arial,helvetica,sans-serif;\">Bir y\u0131lda toplam y\u00fczde 130 zam (Yani Erbakan geldi\u011finde 100 alan memur bir y\u0131l sonra 230 al\u0131r oldu.)<\/span><\/p>\n<p style=\"text-align: justify;\"><span style=\"font-family: arial,helvetica,sans-serif;\"><strong>2- \u0130\u015f\u00e7iler \u0130\u00e7in Yap\u0131lanlar<\/strong><\/span><\/p>\n<p style=\"text-align: justify;\"><span style=\"font-family: arial,helvetica,sans-serif;\">Temmuz 96: Asgari \u00fccrette y\u00fczde 101 art\u0131\u015f sa\u011fland\u0131.<\/span><\/p>\n<p style=\"text-align: justify;\"><span style=\"font-family: arial,helvetica,sans-serif;\">\u00dc\u00e7 ay gibi rekor bir s\u00fcrede Toplu \u0130\u015f g\u00f6r\u00fc\u015fmelerinin i\u015f\u00e7inin istedi\u011fi gibi neticelenmesi ile maa\u015flara y\u00fczde 102 art\u0131\u015f ger\u00e7ekle\u015ftirildi.<\/span><\/p>\n<p style=\"text-align: justify;\"><span style=\"font-family: arial,helvetica,sans-serif;\">E\u015fel-Mobil Sistemi ile enflasyon oran\u0131nda y\u0131l\u0131k maa\u015f art\u0131\u015f\u0131 sa\u011fland\u0131.<\/span><\/p>\n<p style=\"text-align: justify;\"><span style=\"font-family: arial,helvetica,sans-serif;\">Zorunlu tasarruf kesintileri kald\u0131r\u0131ld\u0131.<\/span><\/p>\n<p style=\"text-align: justify;\"><span style=\"font-family: arial,helvetica,sans-serif;\"><strong>3- \u00c7ift\u00e7iler \u0130\u00e7in Yap\u0131lanlar<\/strong><\/span><\/p>\n<p style=\"text-align: justify;\"><span style=\"font-family: arial,helvetica,sans-serif;\">B\u00fct\u00e7eden tar\u0131msal desteklemeye ayr\u0131lan fon y\u00fczde 150 art\u0131r\u0131ld\u0131<\/span><\/p>\n<p style=\"text-align: justify;\"><span style=\"font-family: arial,helvetica,sans-serif;\">Bu\u011fday, f\u0131nd\u0131k, pancar, t\u00fct\u00fcn ve t\u00fcm taban fiyatlarda y\u00fczde 312&#8217;ye varan art\u0131\u015flar yap\u0131ld\u0131<\/span><\/p>\n<p style=\"text-align: justify;\"><span style=\"font-family: arial,helvetica,sans-serif;\">G\u00fcbre deste\u011finde y\u00fczde 100 art\u0131\u015f sa\u011fland\u0131.<\/span><\/p>\n<p style=\"text-align: justify;\"><span style=\"font-family: arial,helvetica,sans-serif;\">Yap\u0131lan tar\u0131msal al\u0131mlar\u0131n bedelleri \u00e7ift\u00e7iye k\u0131sa vadede \u00f6dendi<\/span><\/p>\n<p style=\"text-align: justify;\"><span style=\"font-family: arial,helvetica,sans-serif;\"><strong>4- Esnaf ve KOB\u0130&#8217;ler \u0130\u00e7in yap\u0131lanlar<\/strong><\/span><\/p>\n<p style=\"text-align: justify;\"><span style=\"font-family: arial,helvetica,sans-serif;\">Memur, i\u015f\u00e7i, emekli ve \u00e7ift\u00e7inin cebi para g\u00f6rd\u00fc ve esnaf\u0131n y\u00fcz\u00fc g\u00fcld\u00fc.<\/span><\/p>\n<p style=\"text-align: justify;\"><span style=\"font-family: arial,helvetica,sans-serif;\">Esnaf kredi limitleri iki kat\u0131na \u00e7\u0131kar\u0131ld\u0131.<\/span><\/p>\n<p style=\"text-align: justify;\"><span style=\"font-family: arial,helvetica,sans-serif;\">Prim bor\u00e7lar\u0131na (\u015fimdiki gibi de\u011fil; \u00fczerine faiz eklemeden) \u00f6deme kolayl\u0131\u011f\u0131 getirildi.<\/span><\/p>\n<p style=\"text-align: justify;\"><span style=\"font-family: arial,helvetica,sans-serif;\">Bavul ticaretinin \u00f6n\u00fcndeki b\u00fcrokratik engeller kald\u0131r\u0131ld\u0131.<\/span><\/p>\n<p style=\"text-align: justify;\"><span style=\"font-family: arial,helvetica,sans-serif;\">Sanayi \u00fcretimi y\u00fczde 30&#8217;dan y\u00fczde 90&#8217;a \u00e7\u0131kar\u0131ld\u0131.<\/span><\/p>\n<p style=\"text-align: justify;\"><span style=\"font-family: arial,helvetica,sans-serif;\">S\u0131n\u0131r ticareti geli\u015ftirildi.<\/span><\/p>\n<p style=\"text-align: justify;\"><span style=\"font-family: arial,helvetica,sans-serif;\"><strong>5- Emekliler \u0130\u00e7in Yap\u0131lanlar<\/strong><\/span><\/p>\n<p style=\"text-align: justify;\"><span style=\"font-family: arial,helvetica,sans-serif;\">Temmuz 96: Maa\u015flara y\u00fczde elli zam yap\u0131ld\u0131.<\/span><\/p>\n<p style=\"text-align: justify;\"><span style=\"font-family: arial,helvetica,sans-serif;\">Ocak 97: Maa\u015flara y\u00fczde otuz ilave zam yap\u0131ld\u0131.<\/span><\/p>\n<p style=\"text-align: justify;\"><span style=\"font-family: arial,helvetica,sans-serif;\">Ayl\u0131k ek zamlar ile al\u0131m g\u00fcc\u00fc art\u0131r\u0131ld\u0131.<\/span><\/p>\n<p style=\"text-align: justify;\"><span style=\"font-family: arial,helvetica,sans-serif;\">Memur emeklilerine bir y\u0131lda y\u00fczde 116 reel zam yap\u0131lm\u0131\u015f oldu.<\/span><\/p>\n<p style=\"text-align: justify;\"><span style=\"font-family: arial,helvetica,sans-serif;\">\u0130\u015f\u00e7i emeklilerine bir y\u0131lda y\u00fczde 121 reel zam ger\u00e7ekle\u015ftirildi.<\/span><\/p>\n<p style=\"text-align: justify;\"><span style=\"font-family: arial,helvetica,sans-serif;\">Ba\u011f-Kur emeklilerine bir y\u0131lda y\u00fczde 221 reel maa\u015f zamm\u0131 verildi.<\/span><\/p>\n<p style=\"text-align: justify;\"><span style=\"font-family: arial,helvetica,sans-serif;\"><strong>6- Yoksullar \u0130\u00e7in Yap\u0131lanlar<\/strong><\/span><\/p>\n<p style=\"text-align: justify;\"><span style=\"font-family: arial,helvetica,sans-serif;\">Ramazan ve kurban bayramlar\u0131nda yoksul ailelere 20 milyon Dolar de\u011ferinde g\u0131da ve giyecek yard\u0131m\u0131 sa\u011fland\u0131.<\/span><\/p>\n<p style=\"text-align: justify;\"><span style=\"font-family: arial,helvetica,sans-serif;\">Ayda 400 bin aileye hitap eden a\u015fevleri kuruldu.<\/span><\/p>\n<p style=\"text-align: justify;\"><span style=\"font-family: arial,helvetica,sans-serif;\">15 bin sokak \u00e7ocu\u011fu i\u00e7in &#8220;Aileye D\u00f6n\u00fc\u015f Projesi&#8221; ba\u015flat\u0131ld\u0131.<\/span><\/p>\n<p style=\"text-align: justify;\"><span style=\"font-family: arial,helvetica,sans-serif;\">\u015eehit ailelerine i\u015f, maa\u015f, ev ve arsa temini \u00e7al\u0131\u015fmalar\u0131 ba\u015flat\u0131ld\u0131.<\/span><\/p>\n<p style=\"text-align: justify;\"><span style=\"font-family: arial,helvetica,sans-serif;\">Fak-Fuk-Fon (Fakir Fukara Fonu) tarihinde ilk defa tamamen amac\u0131na y\u00f6nelik olarak kullan\u0131ld\u0131. Daha \u00f6nceki h\u00fck\u00fcmetler ve \u015fimdiki AKP ise bu fondaki paran\u0131n y\u00fczde 78&#8217;ini b\u00fct\u00e7e a\u00e7\u0131klar\u0131na, y\u00fczde 11&#8217;ini fiyat istihdam fonuna da\u011f\u0131t\u0131rken sadece y\u00fczde 11&#8217;ini amac\u0131na y\u00f6nelik kulland\u0131lar.<\/span><\/p>\n<p style=\"text-align: justify;\"><span style=\"font-family: arial,helvetica,sans-serif;\"><strong>7- \u00d6z\u00fcrl\u00fcler \u0130\u00e7in Yap\u0131lanlar<\/strong><\/span><\/p>\n<p style=\"text-align: justify;\"><span style=\"font-family: arial,helvetica,sans-serif;\">Ba\u015fbakanl\u0131k \u00f6z\u00fcrl\u00fcler idaresi ba\u015fkanl\u0131\u011f\u0131 kuruldu.<\/span><\/p>\n<p style=\"text-align: justify;\"><span style=\"font-family: arial,helvetica,sans-serif;\">D\u00fcnya \u00d6z\u00fcrl\u00fcler G\u00fcn\u00fc&#8217;ne T\u00fcrkiye olarak kat\u0131l\u0131m ilk defa talep edildi.<\/span><\/p>\n<p style=\"text-align: justify;\"><span style=\"font-family: arial,helvetica,sans-serif;\">\u00d6z\u00fcrl\u00fc insan\u0131m\u0131z i\u00e7in 1 Milyar Dolar ayr\u0131ld\u0131 ki bu para ile rehabilitasyon merkezleri in\u015faatlar\u0131 ba\u015flat\u0131ld\u0131.<\/span><\/p>\n<p style=\"text-align: justify;\"><span style=\"font-family: arial,helvetica,sans-serif;\"><strong>8- \u00dcniversite \u00d6\u011frencileri \u0130\u00e7in Yap\u0131lanlar<\/strong><\/span><\/p>\n<p style=\"text-align: justify;\"><span style=\"font-family: arial,helvetica,sans-serif;\">Burs verilen \u00f6\u011frenci say\u0131s\u0131 iki kat\u0131na \u00e7\u0131kar\u0131ld\u0131. 200 bin \u00f6\u011frenci bu burslardan faydaland\u0131.<\/span><\/p>\n<p style=\"text-align: justify;\"><span style=\"font-family: arial,helvetica,sans-serif;\">Burs yard\u0131m miktar\u0131 y\u00fczde 300&#8217;l\u00fck art\u0131\u015fla ayl\u0131k 40&#8217;ar dolara \u00e7\u0131kar\u0131ld\u0131.<\/span><\/p>\n<p style=\"text-align: justify;\"><span style=\"font-family: arial,helvetica,sans-serif;\"><strong>9- Yurt D\u0131\u015f\u0131ndaki \u0130\u015f\u00e7iler \u0130\u00e7in Yap\u0131lanlar<\/strong><\/span><\/p>\n<p style=\"text-align: justify;\"><span style=\"font-family: arial,helvetica,sans-serif;\">G\u00fcmr\u00fck kap\u0131lar\u0131nda \u00e7ileye son vermek i\u00e7in &#8220;Alo G\u00fcmr\u00fck&#8221; hatt\u0131 kuruldu.<\/span><\/p>\n<p style=\"text-align: justify;\"><span style=\"font-family: arial,helvetica,sans-serif;\">\u00c7ifte vatanda\u015fl\u0131k izinleri \u00e7\u0131kar\u0131ld\u0131.<\/span><\/p>\n<p style=\"text-align: justify;\"><span style=\"font-family: arial,helvetica,sans-serif;\">Pasaport s\u00fcreleri on y\u0131la \u00e7\u0131kar\u0131ld\u0131.<\/span><\/p>\n<p style=\"text-align: justify;\"><span style=\"font-family: arial,helvetica,sans-serif;\">Yabanc\u0131 \u00fclkelerde i\u015f\u00e7i olarak \u00e7al\u0131\u015fan ve o \u00fclke taraf\u0131ndan ailelerinin yan\u0131ndan al\u0131nan \u00e7ocuklar ailelerine teslim edildi.<a href=\"#_ftn3\" name=\"_ftnref3\">[3]<\/a><\/span><\/p>\n<p style=\"text-align: justify;\"><span style=\"font-family: arial,helvetica,sans-serif;\"><br \/><\/span><\/p>\n<p style=\"text-align: justify;\"><span style=\"font-family: arial,helvetica,sans-serif;\"><b> <\/b><\/span><\/p>\n<p style=\"text-align: justify;\"><span style=\"font-family: arial,helvetica,sans-serif;\"><b>Sn. ABDULLAH G\u00dcL DI\u015e\u0130\u015eLER\u0130 BAKANI \u0130KEN, ABD DI\u015e\u0130\u015eLER\u0130 BAKANI POWEL\u2019LA \u0130MZALADI\u011eI 9 MADDEL\u0130K ANLA\u015eMAYI HALKIMIZDAN G\u0130ZL\u0130YOR MUYDU?<\/b><\/span><\/p>\n<p style=\"text-align: justify;\"><span style=\"font-family: arial,helvetica,sans-serif;\">Abdullah G\u00fcl, D\u0131\u015fi\u015fleri Bakan\u0131 ilken, 2 Nisan 2003 g\u00fcn\u00fc, ABD D\u0131\u015fi\u015fleri Bakan\u0131 Powell ile \u201c2 sayfa 9 maddelik\u201d bir anla\u015fma yapm\u0131\u015ft\u0131. 2 ay sonra 24 May\u0131s 2003 g\u00fcn\u00fc, Vatan Gazetesi\u2019nden Sedat Serto\u011flu\u2019na itiraf edip a\u00e7\u0131klam\u0131\u015ft\u0131. Vatan Gazetesi bu r\u00f6portaj\u0131 \u201cOrtado\u011fu\u2019da b\u00fct\u00fcn rejimler de\u011fi\u015fecek\u201d man\u015fetiyle duyurmu\u015ftu. (24 May\u0131s 2003)<\/span><\/p>\n<p style=\"text-align: justify;\"><span style=\"font-family: arial,helvetica,sans-serif;\"><b>Baz\u0131 kaynaklara g\u00f6re o 9 madde:<\/b><\/span><\/p>\n<ol style=\"text-align: justify;\">\n<li><span style=\"font-family: arial,helvetica,sans-serif;\">\u201cT\u00fcrk askeri Irak\u2019\u0131n kuzeyinden \u00e7ekilecek, s\u0131n\u0131r harek\u00e2t\u0131na son verilecek ve PKK\u2019ya askeri harek\u00e2t i\u00e7in ABD\u2019den izin istenecek.\u201d<\/span><\/li>\n<li><span style=\"font-family: arial,helvetica,sans-serif;\">\u201cTSK, PKK\u2019ya kar\u015f\u0131 ABD askeri makamlar\u0131na bilgi vermeden ve izin almadan harek\u00e2t yapacak olursa ABD h\u00fck\u00fcmeti, K\u00fcrt halk\u0131na kar\u015f\u0131 \u015fiddet kulland\u0131\u011f\u0131 ve soyk\u0131r\u0131m uyguland\u0131\u011f\u0131 \u00e7er\u00e7evesi i\u00e7inde uyar\u0131da bulunma hakk\u0131n\u0131 kullanabilecek. Bu durumda ABD, gerekli g\u00f6rd\u00fc\u011f\u00fc ambargo ve silahl\u0131 m\u00fcdahale gibi siyasal ve askeri yapt\u0131r\u0131mlar\u0131 g\u00fcndeme getirecek.\u201d<\/span><\/li>\n<li><span style=\"font-family: arial,helvetica,sans-serif;\">\u201cT\u00fcrkiye, ABD\u2019nin \u0130ran\u2019a ve di\u011fer Ortado\u011fu \u00fclkelerine kar\u015f\u0131 uygulayaca\u011f\u0131 s\u0131n\u0131rl\u0131 askeri harek\u00e2tlara, ABD\u2019nin talep etmesi halinde \u015farts\u0131z olarak \u00fcs ve ta\u015f\u0131ma kolayl\u0131klar\u0131 sa\u011flayacak, askeri birlik verecek.\u201d<\/span><\/li>\n<li><span style=\"font-family: arial,helvetica,sans-serif;\">\u201cT\u00fcrk ordusunun asker say\u0131s\u0131 ve silah kuvveti, ABD\u2019nin uygun buldu\u011fu say\u0131 ve kabiliyete indirilecek. T\u00fcrkiye\u2019de bulunan ABD ve NATO irtibat subaylar\u0131n\u0131n g\u00f6rev alanlar\u0131 ve yetkileri geni\u015fletilecek.\u201d<\/span><\/li>\n<li><span style=\"font-family: arial,helvetica,sans-serif;\">\u201cIrak\u2019\u0131n kuzeyinde kurulan kukla devlet T\u00fcrkiye taraf\u0131ndan resmen tan\u0131n\u0131p kabul edilecek. T\u00fcrkiye\u2019nin, kukla devletin kurulu\u015funu \u201csava\u015f nedeni\u201d sayan Milli G\u00fcvenlik Siyaset Belgesi ve bu y\u00f6ndeki politika ve kararlar\u0131 de\u011fi\u015ftirilecek\u201d<\/span><\/li>\n<li><span style=\"font-family: arial,helvetica,sans-serif;\">\u201cPKK elemanlar\u0131na geni\u015f kapsaml\u0131 af g\u00fcndeme getirilecek. Etnik gruplar\u0131n siyasete kat\u0131lmalar\u0131 \u00f6n\u00fcndeki b\u00fct\u00fcn yasal k\u0131s\u0131tlamalar ve engeller giderilecek\u201d<\/span><\/li>\n<li><span style=\"font-family: arial,helvetica,sans-serif;\">\u201cG\u00fcneydo\u011fu belediyelerine \u00f6zerklik verilecek ve federasyona ge\u00e7ilecek. Kamu reformu Yasas\u0131 ve yeni yerel y\u00f6netim yasalar\u0131 h\u0131zla meclisten ge\u00e7irilecek\u201d<\/span><\/li>\n<li><span style=\"font-family: arial,helvetica,sans-serif;\">\u201cK\u0131br\u0131s\u2019ta Annan Plan\u0131 k\u00fc\u00e7\u00fck de\u011fi\u015fikliklerle y\u00fcr\u00fct\u00fclecek ve Ege\u2019de Yunanistan\u2019\u0131n taleplerine esnek tav\u0131r g\u00f6sterilecek.\u201d<\/span><\/li>\n<li><span style=\"font-family: arial,helvetica,sans-serif;\">\u201cErmenistan\u2019a y\u00f6nelik k\u0131s\u0131tlamalar kald\u0131r\u0131lacak, T\u00fcrkiye\u2019nin Ermenistan ile ili\u015fkileri normalle\u015ftirilecek.<\/span><\/li>\n<\/ol>\n<p style=\"text-align: justify;\"><span style=\"font-family: arial,helvetica,sans-serif;\"><b>\u015eimdi ey en yetkili ve en r\u00fctbeli Sn. \u015eahsiyetler! Bu maddeler ger\u00e7ekse ve hala y\u00fcr\u00fcrl\u00fckteyse soruyoruz: T\u00fcrkiye\u2019yi T\u00fcrkler mi, yoksa ABD\u2019mi y\u00f6netiyordu?<\/b><\/span><\/p>\n<p style=\"text-align: justify;\"><span style=\"font-family: arial,helvetica,sans-serif;\"><b><br \/><\/b><\/span><\/p>\n<p style=\"text-align: justify;\"><span style=\"font-family: arial,helvetica,sans-serif;\"><b> <\/b><\/span><\/p>\n<p style=\"text-align: justify;\"><span style=\"font-family: arial,helvetica,sans-serif;\"><b>FETULLAH\u00c7ILARIN FIRSATCILI\u011eINI HATIRLATANLAR \u0130MANSIZ MI?<\/b><\/span><\/p>\n<p style=\"text-align: justify;\"><span style=\"font-family: arial,helvetica,sans-serif;\"><b>H\u00fcseyin G\u00fclerce Anlat\u0131yor.<\/b><\/span><\/p>\n<p style=\"text-align: justify;\"><span style=\"font-family: arial,helvetica,sans-serif;\"><i>\u201cMuhterem Fetullah G\u00fclen Hocaefendi&#8217;nin bir haftad\u0131r misafiriyim. &#8220;Ben, sizin \u00fczerinize gelenlere, komplolar kuranlara bile dua ediyorum. &#8216;Onlar\u0131n kalbine de iman koy (niye imans\u0131zlar m\u0131?) Allah&#8217;\u0131m&#8217; diyorum. Sabrederseniz, di\u015finizi s\u0131kar, centilmenlikten vazge\u00e7mezseniz, siz kazan\u0131rs\u0131n\u0131z&#8230; Yap\u0131lan her g\u00fczel \u015feyi ille de sorgulaman\u0131n, her meselede tenkit etmenin, objektif g\u00f6r\u00fcnmek i\u00e7in aleyhte konu\u015fman\u0131n da mant\u0131\u011f\u0131 yoktur. Bu tav\u0131rlar\u0131n, dinle telif etme yan\u0131 da yoktur. Bu meselenin bir izah\u0131 varsa, o da o \u015fah\u0131slar\u0131n enaniyetiyle alakal\u0131d\u0131r. Onlar\u0131n bencillikleriyle, egoizmalar\u0131yla alakal\u0131d\u0131r.&#8221;<\/i><a href=\"#_ftn4\" name=\"_ftnref4\"><i><b>[4]<\/b><\/i><\/a><i>&nbsp;<\/i><\/span><\/p>\n<p style=\"text-align: justify;\"><span style=\"font-family: arial,helvetica,sans-serif;\"><b>Yani Fetullah G\u00fclen, kendilerini ele\u015ftirenleri \u201cimans\u0131z\u201d g\u00f6r\u00fcyor ki, onlar\u0131n kalbine iman koymas\u0131 i\u00e7in Allah\u2019a dua ediyor. Ne ho\u015fg\u00f6r\u00fc mant\u0131\u011f\u0131!?<\/b><\/span><\/p>\n<p style=\"text-align: justify;\">\u00a0<\/p>\n<p style=\"text-align: justify;\"><span style=\"font-family: arial,helvetica,sans-serif;\"><b>ERMEN\u0130 K\u00d6KENL\u0130 ABD VATANDA\u015eINA B\u00dcY\u00dcKEL\u00c7\u0130L\u0130K TEKL\u0130F\u0130!<\/b><\/span><\/p>\n<p style=\"text-align: justify;\"><span style=\"font-family: arial,helvetica,sans-serif;\"><b>Zaman gazetesinin \u00f6vg\u00fcyle anlatt\u0131\u011f\u0131na g\u00f6re:<\/b><\/span><\/p>\n<p style=\"text-align: justify;\"><span style=\"font-family: arial,helvetica,sans-serif;\"><b>AKP T\u00fcrkiye\u2019si, gayrim\u00fcslim vatanda\u015flar\u0131n\u0131 \u00fcst d\u00fczey devlet g\u00f6revlerine atama konusunda son d\u00f6nemlerde \u00f6nemli ad\u0131mlar at\u0131yordu.<\/b><\/span><\/p>\n<p style=\"text-align: justify;\"><span style=\"font-family: arial,helvetica,sans-serif;\">Ermeni k\u00f6kenli Leo S\u00fcren Halepli&#8217;nin Avrupa Birli\u011fi Genel Sekreterli\u011fi&#8217;ne uzman olarak al\u0131nmas\u0131n\u0131n ard\u0131ndan Amerikan \u00fcniversitesi MIT&#8217;de de ekonomi profes\u00f6r\u00fc olarak g\u00f6rev yapan \u0130stanbul do\u011fumlu, Ermeni as\u0131ll\u0131 Amerikan vatanda\u015f\u0131 Dr. Daron Acemo\u011flu&#8217;na b\u00fcy\u00fckel\u00e7ilik teklif ediliyordu. Ancak 44 ya\u015f\u0131ndaki ba\u015far\u0131l\u0131 akademisyen bilim hayat\u0131na devam etmek istedi\u011fini belirterek teklifi nazik\u00e7e geri \u00e7eviriyordu. Teklifi do\u011frulayan D\u0131\u015fi\u015fleri Bakan\u0131 Ahmet Davuto\u011flu, profes\u00f6re T\u00fcrkiye&#8217;nin Avrupa Ekonomik \u0130\u015fbirli\u011fi ve Kalk\u0131nma \u00d6rg\u00fct\u00fc (OECD) Nezdindeki Daimi Temsilcilik g\u00f6revi \u00f6nerdiklerini s\u00f6yl\u00fcyordu.<a href=\"#_ftn5\" name=\"_ftnref5\">[5]<\/a><\/span><\/p>\n<p style=\"text-align: justify;\">\u00a0<\/p>\n<p style=\"text-align: justify;\"><span style=\"font-family: arial,helvetica,sans-serif;\"><b>CHP&#8217;YE, &#8216;EMR\u0130N\u0130ZDEY\u0130M&#8217; D\u0130YEN C\u0130NDORUK MORR\u0130SON S\u00dcLEYMAN\u2019IN KALFASIDIR<\/b><\/span><\/p>\n<p style=\"text-align: justify;\"><span style=\"font-family: arial,helvetica,sans-serif;\">12 Haziran se\u00e7imleri yakla\u015f\u0131rken Demokrat Parti&#8217;de (DP) ilgin\u00e7 geli\u015fmeler ya\u015fan\u0131yor. Eski Genel Ba\u015fkan H\u00fcsamettin Cindoruk, CHP lideri Kemal K\u0131l\u0131\u00e7daro\u011flu&#8217;nu ziyaret edip, &#8220;Emrinizdeyim.&#8221; dedi. Yakla\u015f\u0131k bir bu\u00e7uk saat s\u00fcren g\u00f6r\u00fc\u015fmede, Cindoruk&#8217;un, &#8220;Partinizin g\u00f6n\u00fcll\u00fc g\u00f6revlisiyim. Merkez sa\u011f se\u00e7menin CHP&#8217;ye oy vermesi i\u00e7in kap\u0131 kap\u0131 dola\u015fmaya haz\u0131r\u0131m.&#8221; dedi\u011fi belirtilmi\u015fti. Bu a\u00e7\u0131klamalar, DP&#8217;nin eski lideri S\u00fcleyman Soylu&#8217;nun tepkisini \u00e7ekti. Soylu, Cindoruk&#8217;un tavr\u0131n\u0131, &#8220;Y\u0131llarca sakland\u0131klar\u0131 maskelerinin alt\u0131nda milletimizi oyalad\u0131lar. \u015eimdi de maskeleri d\u00fc\u015ft\u00fc. Bunlar ge\u00e7mi\u015f d\u00f6nemlerde DP&#8217;nin i\u00e7indeki k\u00f6t\u00fc huylu habislerdir. Art\u0131k yuvalar\u0131na d\u00f6n\u00fcyorlar. Zaten bunlar\u0131n temel hedefleri DP&#8217;yi CHP&#8217;ye monte etmekti. Foyalar\u0131 ve niyetleri \u00e7abuk ortaya \u00e7\u0131kt\u0131.&#8221; s\u00f6zleriyle de\u011ferlendirmi\u015fti.<a href=\"#_ftn6\" name=\"_ftnref6\">[6]<\/a><\/span><\/p>\n<p style=\"text-align: justify;\"><span style=\"font-family: arial,helvetica,sans-serif;\"><b>Ve i\u015fte Nurcular, S\u00fcleymanc\u0131lar ve Fetullah\u00e7\u0131lar y\u0131llar boyu Nurlu S\u00fcleyman dedikleri bir masonun ve onun \u00e7\u0131ra\u011f\u0131 Cindoruk\u2019un pe\u015finden gitmi\u015flerdi.<\/b><\/span><\/p>\n<p style=\"text-align: justify;\">\u00a0<\/p>\n<p style=\"text-align: justify;\"><span style=\"font-family: arial,helvetica,sans-serif;\"><b>AYDINLIK\u2019IN D\u0130N GICIKLI\u011eI<\/b><\/span><\/p>\n<p style=\"text-align: justify;\"><span style=\"font-family: arial,helvetica,sans-serif;\"><b>\u201cLiseliyi \u201cDini\u201d dar yapacaklar\u201d m\u0131\u015f!?<\/b><\/span><\/p>\n<p style=\"text-align: justify;\"><span style=\"font-family: arial,helvetica,sans-serif;\"><b>\u201cMEB\u2019in liselerde uygulamaya koydu\u011fu \u201cDe\u011ferler E\u011fitimi Projesi\u201d \u00f6\u011fretmenleri adeta vaizlik yapmaya zorluyor. \u00d6\u011fretmenler \u00f6\u011frencilere Allah yolunda sava\u015fman\u0131n ayr\u0131nt\u0131lar\u0131n\u0131 anlatacak.\u201d <\/b>Diyen Ayd\u0131nl\u0131k, karanl\u0131k bir yakla\u015f\u0131m sergilemi\u015fti.<\/span><\/p>\n<p style=\"text-align: justify;\"><span style=\"font-family: arial,helvetica,sans-serif;\"><i>\u201cMilli E\u011fitim Bakanl\u0131\u011f\u0131\u2019n\u0131n (MEB), liselerde uygulamaya koydu\u011fu \u201cDe\u011ferler E\u011fitimi Projesi\u201d ile \u00f6\u011fretmenleri adeta \u201cVaizlik\u201d yapmaya zorlad\u0131\u011f\u0131 ortaya \u00e7\u0131k\u0131yor. Her ay belirlenen bir de\u011ferin okullarda tart\u0131\u015f\u0131lmas\u0131n\u0131 \u00f6ng\u00f6ren projede, her konu din ekseninde ele al\u0131n\u0131yor. \u00d6n\u00fcm\u00fczdeki ay i\u015flenmesi \u00f6ng\u00f6r\u00fclen \u201csevgi\u201d konusunda Milli E\u011fitim M\u00fcd\u00fcrl\u00fc\u011f\u00fc\u2019nce derste anlat\u0131lmak \u00fczere \u00f6\u011fretmenlere g\u00f6nderilen dok\u00fcmanlarda, adeta vaaza benzeyen ifadeler yer al\u0131yor. \u201cHepiniz birer \u00e7atlak kovay\u0131z.\u201d Adl\u0131 etkinlikte, ama\u00e7 \u201ckendini sevme\u201d olarak belirtilmi\u015f. Etkinlik plan\u0131na g\u00f6re, \u00f6\u011fretmen s\u0131n\u0131fa \u201c\u00c7atlak kova\u201d adl\u0131 bir hik\u00e2ye ve \u201cYery\u00fcz\u00fcn\u00fcn Yarat\u0131l\u0131\u015f, Ya\u015fam\u0131n Var Olu\u015f sebebidir Sevgi\u201d adl\u0131 bir deneme okuyor. \u00c7atlak kova hik\u00e2yesinde, \u201cAllah\u2019\u0131n b\u00fcy\u00fck plan\u0131nda hi\u00e7bir \u015fey ziyan edilmez. Kusurlar\u0131n\u0131zdan korkmay\u0131n. Unutmay\u0131n ki hi\u00e7 kimse kusursuz de\u011fildir\u201d ifadesi yer al\u0131yor. MEB\u2019dan g\u00f6nderilen deneme yaz\u0131s\u0131nda ise \u00f6\u011frencilere adeta cihat \u00e7a\u011fr\u0131s\u0131 yap\u0131l\u0131yor. \u201cYarat\u0131c\u0131n\u0131n sevgisinin ahretteki ad\u0131 cennet olmu\u015f\u201d denilen denemede \u00f6\u011frencilere Allah i\u00e7in canlar\u0131n\u0131 vermekten \u00e7ekinmemeleri gerekti\u011fi \u00f6\u011f\u00fctleniyor.\u201d <\/i><b>S\u00f6zleriyle, asl\u0131nda AKP ile de\u011fil \u0130SLAM\u2019la sava\u015ft\u0131klar\u0131n\u0131 belli etmi\u015flerdi.<\/b><\/span><\/p>\n<p style=\"text-align: justify;\"><span style=\"font-family: arial,helvetica,sans-serif;\"><b><br \/><\/b><\/span><\/p>\n<p style=\"text-align: justify;\"><span style=\"font-family: arial,helvetica,sans-serif;\"><i> <\/i><\/span><\/p>\n<p style=\"text-align: justify;\"><span style=\"font-family: arial,helvetica,sans-serif;\"><b>CEM BOYNER: \u00d6ZG\u00dcRL\u00dcK B\u00d6L\u00dcNMEDEN \u00d6NEML\u0130!<\/b><\/span><\/p>\n<p style=\"text-align: justify;\"><span style=\"font-family: arial,helvetica,sans-serif;\">T\u00dcS\u0130AD\u2019\u0131n eski ba\u015fkanlar\u0131ndan Cem Boyner, insanlar\u0131n hak ve \u00f6zg\u00fcrl\u00fcklerinin \u00fclkenin b\u00f6l\u00fcnmesinden ve devletin kendisinden daha \u00f6nemli oldu\u011funu belirterek, \u015f\u00f6yle konu\u015fmu\u015ftu: \u201cEvrensel do\u011frular ve kurumlar tamam da, bunlar bize uyar m\u0131?\u201d Bunca \u00f6zg\u00fcrl\u00fckler bizi bozmaz m\u0131? \u0130ngilizce, Almanca, Frans\u0131zca, \u0130talyanca dillerinde e\u011fitim veren okullar var, ama K\u00fcrtlere yok. Kim onlar? Kendi vatanda\u015f\u0131n. Niye verilmez? T\u00fcrkiye b\u00f6l\u00fcn\u00fcrm\u00fc\u015f!? \u2018\u0130nsanlar\u0131n onuru \u00fclkenin b\u00f6l\u00fcnmesinden daha \u00f6nemlidir\u2019 diyebiliyorsan\u0131z, do\u011fru yolday\u0131z, bu i\u015fin sonunda g\u00fczel bir \u015fey \u00e7\u0131kar. E\u011fer, \u2018Bu bize fazla gelir diyorsan\u0131z\u2019 benim tavsiyem, bu i\u015fi k\u0131sa yoldan kesin, alt\u0131ndan kalkamazs\u0131n\u0131z.\u201d<a href=\"#_ftn7\" name=\"_ftnref7\"><sup><sup>[7]<\/sup><\/sup><\/a><\/span><\/p>\n<p style=\"text-align: justify;\"><span style=\"font-family: arial,helvetica,sans-serif;\"><b>Evet, Sabataist ve kapitalist T\u00dcS\u0130AD\u2019\u00e7\u0131lar T\u00fcrkiye\u2019nin b\u00f6l\u00fcnmesine \u00e7oktan haz\u0131rlanm\u0131\u015f g\u00f6r\u00fcn\u00fcyor.<\/b><\/span><\/p>\n<p style=\"text-align: justify;\"><span style=\"font-family: arial,helvetica,sans-serif;\"><b><br \/><\/b><\/span><\/p>\n<p style=\"text-align: justify;\"><span style=\"font-family: arial,helvetica,sans-serif;\"><b> <\/b><\/span><\/p>\n<p style=\"text-align: justify;\"><span style=\"font-family: arial,helvetica,sans-serif;\"><b>FETULLAHCI ZAMAN YAZARI BEJAN MATUR, CEM BOYNER\u2019\u0130 \u015e\u00d6YLE DESTEKL\u0130YORDU:<\/b><\/span><\/p>\n<p style=\"text-align: justify;\"><span style=\"font-family: arial,helvetica,sans-serif;\"><b>T\u00fcrkiye&#8217;nin se\u00e7imi<\/b><\/span><\/p>\n<p style=\"text-align: justify;\"><span style=\"font-family: arial,helvetica,sans-serif;\">\u201cKaliteden anlayan bir toplumun, birinci s\u0131n\u0131f bir demokrasiyi, en do\u011fru \u00f6l\u00e7\u00fclerle in\u015fa edece\u011fi bir yasama organ\u0131na kal\u0131yor i\u015f. \u00d6n\u00fcm\u00fczdeki se\u00e7im bunun se\u00e7imi olacak. T\u00dcS\u0130AD toplant\u0131s\u0131nda Cem Boyner&#8217;in onur ve \u00f6zg\u00fcrl\u00fc\u011fe yapt\u0131\u011f\u0131 vurguyu bile do\u011fru anlamaktan aciz olanlar\u0131n itiraz\u0131na ra\u011fmen, yeni T\u00fcrkiye&#8217;nin de\u011fi\u015fim isteyen sesi bask\u0131n geliyor. Kabul edin etmeyin, T\u00dcS\u0130AD&#8217;\u0131n anayasa tart\u0131\u015fmalar\u0131 ile ilgili olarak koydu\u011fu demokratik standart, h\u00e2lihaz\u0131rda T\u00fcrkiye&#8217;deki t\u00fcm siyasi partileri zorlayacak nitelikte.\u201d <b>Yani bu se\u00e7imler T\u00fcrkiye\u2019yi b\u00f6lme se\u00e7imi olacak!.<\/b><\/span><\/p>\n<p style=\"text-align: justify;\"><span style=\"font-family: arial,helvetica,sans-serif;\"><b><br \/><\/b><\/span><\/p>\n<p style=\"text-align: justify;\"><span style=\"font-family: arial,helvetica,sans-serif;\"><b> <\/b><\/span><\/p>\n<p style=\"text-align: justify;\"><span style=\"font-family: arial,helvetica,sans-serif;\"><b>\u0130\u015eTE, ABD BELGELER\u0130NDE FETULLAH G\u00dcLEN<\/b><\/span><\/p>\n<p style=\"text-align: justify;\"><span style=\"font-family: arial,helvetica,sans-serif;\">Gizli yaz\u0131\u015fmalar\u0131nda, G\u00fclen i\u00e7in \u201cT\u00fcrk devletine kar\u015f\u0131 a\u00e7\u0131k ve yak\u0131n bir tehlike de\u011fil\u201d diyen ABD yine de uyar\u0131yor: \u201cNihai niyeti ku\u015fkulu, bu nedenle kontrol alt\u0131nda tutulmal\u0131. G\u00fclenciler, laik d\u00fczeni dramatik bi\u00e7imde y\u0131kmak istemiyorlar, onlar i\u00e7eriden de\u011fi\u015fim pe\u015finde. Tedrici yakla\u015f\u0131m\u0131yla G\u00fclen, Devlete kar\u015f\u0131 a\u00e7\u0131k tehlike de\u011fil.\u201d<\/span><\/p>\n<p style=\"text-align: justify;\"><span style=\"font-family: arial,helvetica,sans-serif;\">G\u00fclen&#8217;in ABD&#8217;de oturma izni alabilmesi i\u00e7in devreye giren 3 \u00fcst d\u00fczey polis FBI&#8217;dan temiz k\u00e2\u011f\u0131d\u0131 istemi\u015f.<\/span><\/p>\n<p style=\"text-align: justify;\"><span style=\"font-family: arial,helvetica,sans-serif;\">Amerikan gizli yaz\u0131\u015fmalar\u0131nda G\u00fclencilerin T\u00fcrk Polis Te\u015fkilat\u0131&#8217;na egemen oldu\u011fu izlenimi aktar\u0131l\u0131yor. 2005 tarihli bir belgeden: \u00dc\u00e7 \u00fcst d\u00fczey polis \u0130stanbul&#8217;daki FBI temsilcisiyle g\u00f6r\u00fc\u015f\u00fcp, G\u00fclen hakk\u0131ndaki olumsuz raporun de\u011fi\u015fmesi i\u00e7in temiz k\u00e2\u011f\u0131d\u0131 talep etti.\u201d Deniyor.<\/span><\/p>\n<p style=\"text-align: justify;\"><span style=\"font-family: arial,helvetica,sans-serif;\">\u00dczeyir Garih ve Georges Marovitch\u2019in G\u00fclen\u2019i Papa ile bulu\u015fturma gayreti de belgelerde yer al\u0131yor.<\/span><\/p>\n<p style=\"text-align: justify;\"><span style=\"font-family: arial,helvetica,sans-serif;\">ABD eski b\u00fcy\u00fckel\u00e7isi Jeffrey, Aral\u0131k 2009`da merkezini uyarm\u0131\u015f. \u201cCumhurba\u015fkan\u0131 hakk\u0131nda herkes G\u00fclenci diyor ama Erdo\u011fan \u00f6yle g\u00f6r\u00fcnm\u00fcyor. Hatta Ba\u015fbakan G\u00fclenci cephenin o kadar d\u0131\u015f\u0131nda ki, G\u00fclenciler onu bir y\u00fck olarak g\u00f6r\u00fcyor.\u201d<\/span><\/p>\n<p style=\"text-align: justify;\"><span style=\"font-family: arial,helvetica,sans-serif;\"><b> <\/b><\/span><\/p>\n<p style=\"text-align: justify;\">\u00a0<\/p>\n<p style=\"text-align: justify;\"><span style=\"font-family: arial,helvetica,sans-serif;\"><b>ABD\u2019N\u0130N YEN\u0130 K\u00d6LELE\u015eT\u0130RME MANTI\u011eI!<\/b><\/span><\/p>\n<p style=\"text-align: justify;\"><span style=\"font-family: arial,helvetica,sans-serif;\">Bug\u00fcn tarih kitaplar\u0131nda ve \u00fclkelerin anayasalar\u0131nda \u201ck\u00f6lelik\u201c yasaklanm\u0131\u015f yaz\u0131lmaktad\u0131r. Oysa g\u00fcn\u00fcm\u00fczde k\u00f6lelik \u201cinsan ticaretine\u201d ve \u00fclke i\u015fgaline d\u00f6n\u00fc\u015fm\u00fc\u015f bulunmaktad\u0131r.<\/span><\/p>\n<p style=\"text-align: justify;\"><span style=\"font-family: arial,helvetica,sans-serif;\">ABD\u2019nin 44. Ba\u015fkan\u0131 olan Barac Obama, ABD\u2019nin ilk \u201csiyahi\u201d devlet ba\u015fkan\u0131d\u0131r. Obama bu devlet ba\u015fkanl\u0131\u011f\u0131n\u0131, ABD\u2019nin 16. Ba\u015fkan\u0131 olan ve k\u00f6leli\u011fi 1863\u2019te \u201cresmen\u201d kald\u0131ran Abraham Lincoln\u2019a bor\u00e7ludur.<\/span><\/p>\n<p style=\"text-align: justify;\"><span style=\"font-family: arial,helvetica,sans-serif;\">Lincoln k\u00f6leli\u011fin ismen ve resmen kald\u0131r\u0131lmas\u0131 ama demokratik bir stat\u00fc kazanmas\u0131 i\u00e7in b\u00fcy\u00fck \u00e7aba g\u00f6stermi\u015f ABD\u2019nin Yahudi bir devlet ba\u015fkan\u0131 olarak tan\u0131nmaktad\u0131r.<\/span><\/p>\n<p style=\"text-align: justify;\"><span style=\"font-family: arial,helvetica,sans-serif;\">1926 y\u0131l\u0131nda, Cemiyeti Akvam (1945\u2019te da\u011f\u0131lm\u0131\u015f ve yerini Birle\u015fmi\u015f Milletler alm\u0131\u015ft\u0131r) b\u00fct\u00fcn d\u00fcnyada k\u00f6leli\u011fi s\u00f6zde yasaklam\u0131\u015ft\u0131r. Ama Amerika\u2019n\u0131n, Irak\u2019ta, Afganistan\u2019da ve \u015fimdi Libya\u2019da yapt\u0131\u011f\u0131 \u00e7a\u011fda\u015f k\u00f6lele\u015ftirme operasyonlar\u0131d\u0131r.<\/span><\/p>\n<p style=\"text-align: justify;\"><span style=\"font-family: arial,helvetica,sans-serif;\"><b> <\/b><\/span><\/p>\n<p style=\"text-align: justify;\">\u00a0<\/p>\n<p style=\"text-align: justify;\"><span style=\"font-family: arial,helvetica,sans-serif;\"><b>YALOVA\/TA\u015eK\u00d6PR\u00dc&#8217;DE VOPAK&#8217;IN KURACA\u011eI D\u00dcNYANIN EN B\u00dcY\u00dcK TEHL\u0130KEL\u0130 ATIK DEPOLAMA TES\u0130S\u0130NE, H\u0130\u00c7B\u0130R RUHSAT VE \u0130ZN\u0130 OLMADI\u011eI HALDE, BA\u015eBAKAN ERDO\u011eAN \u201cOLUR\u201d VERD\u0130 M\u0130?<\/b><\/span><\/p>\n<p style=\"text-align: justify;\"><span style=\"font-family: arial,helvetica,sans-serif;\">CIA&#8217;n\u0131n paravan \u00f6rg\u00fct\u00fc Regus arac\u0131l\u0131\u011f\u0131yla T\u00fcrkiye&#8217;ye gelen Royal Vopak firmas\u0131n\u0131n Yalova\/Ta\u015fk\u00f6pr\u00fc&#8217;de kuraca\u011f\u0131 tehlikeli kimyasal at\u0131k tesisiyle ilgili geli\u015fmeler kamuoyundan gizleniyor. Hi\u00e7 bir ruhsat ve izni olmad\u0131\u011f\u0131 halde sondaj \u00e7al\u0131\u015fmalar\u0131n\u0131n ba\u015flad\u0131\u011f\u0131 tesise, Ba\u015fbakan Tayyip? Erdo\u011fan\u2019\u0131n &#8220;olur&#8221; verilmesini emretti\u011fi konu\u015fuluyor. Erdo\u011fan bu konudaki talimat\u0131n\u0131 Sanayi ve \u00c7evre bakanl\u0131klar\u0131 ile AKP&#8217;li Ta\u015fk\u00f6pr\u00fc Belediye Ba\u015fkan\u0131 \u015eaban Ertan&#8217;a iletti\u011fi s\u00f6yleniyor. \u00d6te yandan Erdo\u011fan 9 Eyl\u00fcl 2010\u2019da yasal tesis olmas\u0131 i\u00e7in gereken hi\u00e7bir belge ve izne sahip olmayan Aksa\u2019ya ait Karbon Elyaf\u0131 tesisinin a\u00e7\u0131l\u0131\u015f\u0131n\u0131 yapm\u0131\u015ft\u0131. Karbon Elyaf\u0131&#8217;n\u0131n i\u00e7inde yer alan Termik santralin \u00e7al\u0131\u015fmalar\u0131na ise, ka\u00e7ak in\u015faat oldu\u011fu mahkemece saptan\u0131p y\u0131k\u0131lmas\u0131na karar verilmesine ra\u011fmen g\u00f6z yumuluyor. Bu tesis dolay\u0131s\u0131yla Ta\u015fk\u00f6pr\u00fc Belediye Ba\u015fkan\u0131 ile fabrikan\u0131n eski genel m\u00fcd\u00fcr\u00fc Mustafa Y\u0131lmaz hakk\u0131nda kamu davas\u0131 a\u00e7\u0131lm\u0131\u015ft\u0131.<\/span><\/p>\n<p style=\"text-align: justify;\"><span style=\"font-family: arial,helvetica,sans-serif;\"><b>Japonya benzeri bir felaket olabilir!<\/b><\/span><\/p>\n<p style=\"text-align: justify;\"><span style=\"font-family: arial,helvetica,sans-serif;\">Tesis 26 d\u00f6n\u00fcm arazide kurulacak. 150 adet b\u00fcy\u00fck depolama tank\u0131 in\u015fa edilecek. Tesiste sadece T\u00fcrkiye&#8217;den de\u011fil, b\u00fct\u00fcn d\u00fcnyadan, \u00f6zellikle geli\u015fmi\u015f \u00fclkelerden, onlar\u0131n kurtulmak istedi\u011fi tehlikeli kimyasal at\u0131klar depolanacak. Royal Vopak firmas\u0131 s\u00f6zc\u00fcleri, tesis i\u00e7in 300 milyon Avro yat\u0131r\u0131m yap\u0131laca\u011f\u0131 ve 80 ki\u015fiye i\u015f imk\u00e2n\u0131 sa\u011flanaca\u011f\u0131n\u0131 \u00f6ne s\u00fcrerek Yaloval\u0131lar\u0131 ikna etmeye \u00e7al\u0131\u015ft\u0131.<\/span><\/p>\n<p style=\"text-align: justify;\"><span style=\"font-family: arial,helvetica,sans-serif;\">Ancak, gerek Royal Vopak&#8217;\u0131n, gerekse AKP&#8217;li belediyenin \u00fczerinde durmak istemedi\u011fi bir konu var: Tesisin kurulaca\u011f\u0131 arazinin alt\u0131ndan aktif fay hatt\u0131 ge\u00e7iyor. Yani 2030&#8217;a kadar olaca\u011f\u0131na kesin g\u00f6z\u00fcyle bak\u0131lan Marmara depremi buray\u0131 da vuracak. B\u00fct\u00fcn Marmara b\u00f6lgesi b\u00fcy\u00fck bir kimyasal tehdit alt\u0131na girecek. Bu ihtimal y\u00fcz\u00fcnden 19 Ekim 2010 y\u0131l\u0131nda ilk \u00c7ED toplant\u0131s\u0131 yap\u0131lmas\u0131na ra\u011fmen, raporu h\u00e2l\u00e2 \u00e7\u0131kmad\u0131. Zira ilgili kurulu\u015flar bu b\u00fcy\u00fck riskin sorumlulu\u011funu almakta g\u00f6n\u00fcls\u00fcz davran\u0131yor. Depremin yarataca\u011f\u0131 tehlike i\u00e7in somut bir \u00f6rnek var. 1999 G\u00f6lc\u00fck depreminde, Vopak&#8217;\u0131n biti\u015fi\u011finde bulunan Aksa&#8217;n\u0131n siyan\u00fcr tanklar\u0131ndan binlerce litre siyan\u00fcr topra\u011fa ve denize s\u0131zd\u0131. Bu \u00e7evre felaketi \u00fczerine 189 ki\u015fi Aksa aleyhine dava a\u00e7\u0131p tazminat kazand\u0131. Bu davalarda Ta\u015fk\u00f6pr\u00fcl\u00fclerin avukatl\u0131\u011f\u0131n\u0131 yapan Ay\u015fe Aydemir, \u015fu uyar\u0131da bulundu: &#8220;Bir deprem halinde b\u00fct\u00fcn Marmara B\u00f6lgesi, Japonya benzeri bir felaketle kar\u015f\u0131 kar\u015f\u0131ya kalabilir.&#8221;<\/span><\/p>\n<p style=\"text-align: justify;\"><span style=\"font-family: arial,helvetica,sans-serif;\"><b> <\/b><\/span><\/p>\n<p style=\"text-align: justify;\">\u00a0<\/p>\n<p style=\"text-align: justify;\"><span style=\"font-family: arial,helvetica,sans-serif;\"><b>G\u00dcLEN DESTEKL\u0130 \u201cASYA D\u0130L\u201d, CIA\u2019CI REGUS\u2019A BA\u011eLI YATIRIMCILARIN TERC\u00dcME \u0130HT\u0130YACINI KAR\u015eILIYOR!<\/b><\/span><\/p>\n<p style=\"text-align: justify;\"><span style=\"font-family: arial,helvetica,sans-serif;\">Regus Group, yurt d\u0131\u015f\u0131nda ofis a\u00e7mak isteyen \u015firketlere ofis alanlar\u0131, Telekom, internet ve asistanl\u0131k hizmetleri sunuyor. Firmalar\u0131n uluslararas\u0131 alanda y\u00fcr\u00fctt\u00fc\u011f\u00fc faaliyet gere\u011fi dok\u00fcman, s\u00f6zle\u015fme, ihracat mektuplar\u0131n\u0131n \u00e7eviri i\u015fini ise Asya Dil ve E\u011fitim Hizmetleri Ltd \u015eti \u00fcstleniyor. Ayn\u0131 zamanda Regus&#8217;un uluslararas\u0131 konferans, kongre, seminer ve bir\u00e7ok \u00f6nemli \u00e7al\u0131\u015ftay\u0131nda da g\u00f6rev alan Asya Dil; Ba\u015fbakanl\u0131k, KOB\u0130 \u0130daresi, \u0130stanbul B\u00fcy\u00fck\u015fehir Belediyesi ile \u0130stanbul, Marmara \u00fcniversitelerinin de terc\u00fcmanl\u0131k faaliyetlerini y\u00fcr\u00fct\u00fcyor.<\/span><\/p>\n<p style=\"text-align: justify;\"><span style=\"font-family: arial,helvetica,sans-serif;\"><b>Kurucu, AKP&#8217;den \u00f6d\u00fcl alm\u0131\u015ft\u0131<\/b><\/span><\/p>\n<p style=\"text-align: justify;\"><span style=\"font-family: arial,helvetica,sans-serif;\">CIA ba\u011flant\u0131s\u0131 ortaya \u00e7\u0131kan Regus ile ortak paydada bulu\u015fan Asya Dil ve E\u011fitim Hizmetleri&#8217;nin kurucusu ise Fetullah G\u00fclen&#8217;e yak\u0131nl\u0131\u011f\u0131yla bilinen Halil \u00c7al\u0131\u015fkan \u00e7\u0131kt\u0131. 1982 Van Erci\u015f do\u011fumlu \u00c7al\u0131\u015fkan, referandum s\u00fcrecinde AKP&#8217;nin d\u00fczenledi\u011fi &#8216;I\u015f\u0131\u011f\u0131 Yak&#8217; isimli yar\u0131\u015fmada, &#8216;Neden Evet Diyoruz&#8217; ba\u015fl\u0131kl\u0131 yaz\u0131s\u0131 ile birinci olmu\u015ftu. &#8220;Ac\u0131lar\u0131m\u0131z ortak. Yar\u0131nlar\u0131m\u0131z ortak. Daha g\u00fczel yar\u0131nlar i\u00e7in cevab\u0131m\u0131z da ortak olsun&#8221; diyerek yar\u0131\u015fmay\u0131 kazanan \u00c7al\u0131\u015fkan, CIA ba\u011flant\u0131s\u0131yla Amerikan \u00e7\u0131karlar\u0131na ortakla\u015ft\u0131\u011f\u0131n\u0131 g\u00f6stermi\u015f oldu.<\/span><\/p>\n<p style=\"text-align: justify;\">\u00a0<\/p>\n<p style=\"text-align: justify;\"><span style=\"font-family: arial,helvetica,sans-serif;\"><b>KAHRAMAN RECEB\u2019\u0130N L\u0130BYA TUTARSIZLI\u011eI!<\/b><\/span><\/p>\n<p style=\"text-align: justify;\"><span style=\"font-family: arial,helvetica,sans-serif;\"><i>\u201cYok, e\u011fer Libya operasyonunun ba\u015f\u0131n\u0131 Sarkozy gibi birinin \u00e7ekmesinden rahats\u0131zsan\u0131z, o zaman da &#8220;sen niye ba\u015f\u0131 \u00e7ekmedin&#8221; diye sorarlar adama. E\u011fer T\u00fcrkiye gibi &#8220;hem M\u00fcsl\u00fcmanl\u0131kta hem demokratl\u0131kta&#8221; iddial\u0131 bir \u00fclke, Kaddafi&#8217;yi de\u011fil de ger\u00e7ekten Libya halk\u0131n\u0131 d\u00fc\u015f\u00fcn\u00fcp, d\u00fcnyaya &#8220;katliam\u0131 durdural\u0131m, Kaddafi&#8217;den petrol alaca\u011f\u0131z diye bu faciaya sessiz kalamazs\u0131n\u0131z&#8221; diye seslenseydi, bunu becerebilseydi, bug\u00fcn yery\u00fcz\u00fcn\u00fcn ve &#8220;ezilen&#8221; insanlar\u0131n ger\u00e7ek y\u0131ld\u0131z\u0131 olurdu. Do\u011fu da, Bat\u0131 da sayg\u0131yla selamlard\u0131 T\u00fcrkiye&#8217;yi. Ezileni de\u011fil ezeni tuttuk. Putin gibi birinin &#8220;ha\u00e7l\u0131 seferleri&#8221; laf\u0131n\u0131n pe\u015fine tak\u0131ld\u0131k.<\/i><\/span><\/p>\n<p style=\"text-align: justify;\"><span style=\"font-family: arial,helvetica,sans-serif;\"><i>Ne oldu peki sonunda? Daha teskere Meclis&#8217;ten ge\u00e7meden NATO, T\u00fcrkiye&#8217;nin Libya&#8217;ya uygulanan deniz ambargosuna alt\u0131 gemiyle kat\u0131laca\u011f\u0131n\u0131 a\u00e7\u0131klad\u0131.<\/i><\/span><\/p>\n<p style=\"text-align: justify;\"><span style=\"font-family: arial,helvetica,sans-serif;\"><i>Tayyip Erdo\u011fan, d\u00fcnya liderlerinden biri olacak karizmaya sahip ama \u0130srail zulm\u00fcne kar\u015f\u0131 g\u00f6sterdi\u011fi cesur ve kararl\u0131 tavr\u0131 &#8220;M\u00fcsl\u00fcman&#8221; diktat\u00f6rlere kar\u015f\u0131 g\u00f6steremiyor, e\u011fer bu &#8220;dinda\u015fl\u0131k gayretinden&#8221; kaynaklan\u0131yorsa, dan\u0131\u015fmanlar\u0131n\u0131n ona, &#8220;sadece diktat\u00f6rlerin de\u011fil, o diktat\u00f6rlerin \u00f6ld\u00fcrd\u00fc\u011f\u00fc insanlar\u0131n da M\u00fcsl\u00fcman oldu\u011funu&#8221; hat\u0131rlatmas\u0131 gerek. Sadece &#8220;ezenlerle&#8221; mi dinda\u015f\u0131z, &#8220;ezilenler&#8221; dinda\u015f\u0131m\u0131z de\u011fil mi?<\/i><\/span><\/p>\n<p style=\"text-align: justify;\"><span style=\"font-family: arial,helvetica,sans-serif;\"><i>Bu \u00fclkenin dindarlar\u0131 ellerini vicdanlar\u0131na koyup cevap versinler, Libya&#8217;n\u0131n M\u00fcsl\u00fcman halk\u0131n\u0131 \u00f6ld\u00fcren Kaddafi, Yahudi ya da H\u0131ristiyan olsayd\u0131 b\u00f6yle mi davran\u0131rlard\u0131? Erdo\u011fan ve onun medyadaki yak\u0131nlar\u0131 her t\u00fcrl\u00fc ele\u015ftiriyi &#8220;art niyetli bir d\u00fc\u015fmanl\u0131k&#8221; olarak de\u011ferlendiriyor. B\u00f6yle bir inan\u00e7 ancak &#8220;Erdo\u011fan&#8217;\u0131n her yapt\u0131\u011f\u0131 do\u011frudur&#8221; diyen bir anlay\u0131\u015ftan kaynaklan\u0131r. Erdo\u011fan&#8217;\u0131n her yapt\u0131\u011f\u0131 do\u011fru de\u011fil, \u00f6zellikle se\u00e7imler yakla\u015f\u0131rken \u00e7ok hata yap\u0131yor. Bir bak\u0131n, bug\u00fcn Libya konusunda Sarkozy&#8217;nin, bedelli askerlik konusunda K\u0131l\u0131\u00e7daro\u011flu&#8217;nun, anayasa konusunda \u0130se T\u00dcS\u0130AD&#8217;\u0131n gerisinde kalm\u0131\u015f bir lider g\u00f6r\u00fcnt\u00fcs\u00fc veriyor. \u0130stedi\u011fi bu mu? \u00c7ok yak\u0131n bir zamana kadar Erdo\u011fan, &#8220;mazlumlar&#8221; konusunda Sarkozy&#8217;den, askerlik konusunda K\u0131l\u0131\u00e7daro\u011flu&#8217;ndan, anayasa konusunda T\u00dcS\u0130AD&#8217;dan \u00e7ok ilerdeydi. Yeminli Erdo\u011fan d\u00fc\u015fmanlar\u0131n\u0131 bir kenara b\u0131rak\u0131n ama hakl\u0131 oldu\u011fu her yerde Erdo\u011fan&#8217;\u0131 desteklemi\u015f olan insanlar bug\u00fcn Erdo\u011fan&#8217;\u0131 ele\u015ftiriyorsa, bunun nedeni, onun eski haline d\u00f6nmesini istemelerindendir.\u201d<\/i> <b>Diyen Ahmet Altan acaba neyi anlatmaya \u00e7al\u0131\u015f\u0131yordu?<\/b><\/span><\/p>\n<p style=\"text-align: justify;\">\u00a0<\/p>\n<p style=\"text-align: justify;\"><span style=\"font-family: arial,helvetica,sans-serif;\"><b>FETULLAH M\u00dcSL\u00dcMANLI\u011eI!<\/b><\/span><\/p>\n<p style=\"text-align: justify;\"><span style=\"font-family: arial,helvetica,sans-serif;\">Emperyalistler Kaddafi bahanesiyle Libya\u2019da masum insanlara bomba ya\u011fd\u0131r\u0131rken M\u00fcsl\u00fcman ge\u00e7inen gazeteler Ha\u00e7l\u0131lar\u0131n s\u00f6zc\u00fcl\u00fc\u011f\u00fcn\u00fc \u00fcstlenmi\u015fti.<\/span><\/p>\n<p style=\"text-align: justify;\"><span style=\"font-family: arial,helvetica,sans-serif;\">BOP kapsam\u0131nda ABD ve AB Libya\u2019y\u0131 i\u015fgal plan\u0131n\u0131 devreye sokarken T\u00fcrkiye\u2019de M\u00fcsl\u00fcman ge\u00e7inen gazeteler de bu plan\u0131n destekleyicili\u011fini \u00fcstlendi. 2003\u2019te ABD\u2019nin kitle imha silahlar\u0131n\u0131 bahane g\u00f6stererek Irak\u2019\u0131 i\u015fgaline alk\u0131\u015f tutan Fetullahc\u0131 yanda\u015f bas\u0131n bug\u00fcn de benzer yay\u0131nlar\u0131 Libya\u2019daki i\u015fgal \u00fczerine yap\u0131yor. ABD\u2019nin Irak\u2019\u0131n i\u015fgalinde bu gazeteler, Bat\u0131 Kuklas\u0131 Saddam H\u00fcseyin\u2019i \u201cDiktat\u00f6r\u201d ilan etmi\u015f, masum insanlar\u0131n \u00fczerine ya\u011fan bombalar\u0131 g\u00f6rmezden gelerek emperyalist g\u00fc\u00e7lerin planlar\u0131n\u0131 hakl\u0131 g\u00f6stermeye \u00e7al\u0131\u015fm\u0131\u015ft\u0131. <b>Fetullahc\u0131lara hat\u0131rlatmak laz\u0131md\u0131: Mavi Marmara\u2019daki yard\u0131m g\u00f6n\u00fcll\u00fclerinin \u0130srail otoritesini hesaba katmamas\u0131 G\u00dcNAH, ama Ha\u00e7l\u0131 NATO\u2019nun Libya\u2019daki otoriteyi y\u0131kmas\u0131 M\u00dcBAH m\u0131yd\u0131?<\/b><\/span><\/p>\n<p style=\"text-align: justify;\"><span style=\"font-family: arial,helvetica,sans-serif;\"><b> <\/b><\/span><\/p>\n<p style=\"text-align: justify;\">\u00a0<\/p>\n<p style=\"text-align: justify;\"><span style=\"font-family: arial,helvetica,sans-serif;\"><b>\u0130RAN U\u00c7A\u011eINI DE\u011e\u0130L, \u0130NC\u0130RL\u0130K HAVAALANINI ARAYIN!<\/b><\/span><\/p>\n<p style=\"text-align: justify;\"><span style=\"font-family: arial,helvetica,sans-serif;\">Gizli tan\u0131k ifadeleriyle ve CIA-MOSSAD-M\u0130T i\u015fbirli\u011fi ile elde edilen istihbarata g\u00f6re, \u0130ran u\u00e7a\u011f\u0131nda Saddam H\u00fcseyin\u2019in \u201cCehennem Toplar\u0131\u201d bulundu\u011fu z\u0131rvas\u0131 AKP\u2019yi harekete ge\u00e7iriyordu. Gizli tan\u0131klar ise u\u00e7a\u011fa Tahran\u2019da n\u00fckleer silahl\u0131 denizalt\u0131lar\u0131n y\u00fcklendi\u011fini s\u00f6yl\u00fcyordu. Suriye limanlar\u0131ndan a\u00e7\u0131l\u0131p Akdeniz\u2019i havaya u\u00e7uracaklarm\u0131\u015f. Art\u0131k ihbar mektuplar\u0131 ve gizli tan\u0131k ifadeleriyle yaln\u0131z evler aranm\u0131yor; u\u00e7aklar da aran\u0131yordu.. \u0130ran u\u00e7a\u011f\u0131n\u0131n bir \u201cihbar\u201d \u00fczerine iki F-16 taraf\u0131ndan Diyarbak\u0131r havaalan\u0131na indirilmesi \u0130ran\u2019\u0131 a\u00e7\u0131k\u00e7a k\u0131\u015fk\u0131rtmay\u0131 ama\u00e7l\u0131yordu. AKP iktidar\u0131, BOP E\u015fba\u015fkanl\u0131\u011f\u0131 s\u0131fat\u0131yla, ABD\u2019ye ta\u015feronluk yap\u0131yordu. N\u00fckleer silah arayanlar, ni\u00e7in \u0130ran u\u00e7a\u011f\u0131n\u0131 indiriyordu? Havada arad\u0131klar\u0131 n\u00fckleer silah; Adana \u0130ncirlik\u2019te yat\u0131yordu!<\/span><\/p>\n<p style=\"text-align: justify;\"><span style=\"font-family: arial,helvetica,sans-serif;\"><b> <\/b><\/span><\/p>\n<p style=\"text-align: justify;\">\u00a0<\/p>\n<p style=\"text-align: justify;\"><span style=\"font-family: arial,helvetica,sans-serif;\"><b>YAHUD\u0130LER\u0130N ETK\u0130N OLDU\u011eU DOKUZ \u00dcLKEDE D\u0130NLER YOK OLUYOR<\/b><\/span><\/p>\n<p style=\"text-align: justify;\"><span style=\"font-family: arial,helvetica,sans-serif;\">BBC&#8217;nin haberine g\u00f6re, yeni bir ara\u015ft\u0131rma, gelecek y\u0131llarda din kavram\u0131n\u0131n dokuz ayr\u0131 \u00fclkede ortadan kalkaca\u011f\u0131n\u0131 ortaya koyuyordu. Dokuz \u00fclkenin n\u00fcfus say\u0131m verileri kullan\u0131larak yap\u0131lan ara\u015ft\u0131rman\u0131n sonucu, buralarda din&#8217;in yok olmaya y\u00fcz tuttu\u011funu g\u00f6steriyordu. American Physical Society&#8217;nin Dallas&#8217;taki toplant\u0131s\u0131nda a\u00e7\u0131klanan raporda, s\u00f6z konusu \u00fclkelerin t\u00fcm\u00fcnde, &#8216;herhangi bir dine mensup olanlar&#8217;\u0131n yok olmaya y\u00fcz tuttu\u011fu belirtiliyordu..<\/span><\/p>\n<p style=\"text-align: justify;\"><span style=\"font-family: arial,helvetica,sans-serif;\">\u0130ddiaya g\u00f6re, dindarlar\u0131n yok olaca\u011f\u0131 \u00fclkeler: Avustralya, Avusturya, Kanada, \u00c7ek Cumhuriyeti, Finlandiya, \u0130rlanda, Hollanda, Yeni Zelanda ve \u0130svi\u00e7re oluyordu. Yakla\u015f\u0131k y\u00fcz y\u0131ll\u0131k verilere dayan\u0131larak yap\u0131lan ara\u015ft\u0131rmay\u0131 ger\u00e7ekle\u015ftiren ekipten Northwestem \u00dcniversitesi \u00f6\u011fretim \u00fcyesi Daniel Abrams. Kendisi bir Yahudi\u2019ydi ve dinsizle\u015fen \u00fclkelerin siyasi, ekonomik ve k\u00fclt\u00fcrel hayat\u0131nda Yahudilerin etkin oldu\u011funu nedense gizliyordu!<\/span><\/p>\n<p style=\"text-align: justify;\"><span style=\"font-family: arial,helvetica,sans-serif;\"><br \/><\/span><\/p>\n<p style=\"text-align: justify;\"><span style=\"font-family: arial,helvetica,sans-serif;\"><b> <\/b><\/span><\/p>\n<p style=\"text-align: justify;\"><span style=\"font-family: arial,helvetica,sans-serif;\"><b>L\u0130BYA\u2019YA KAR\u015eI OMUZ OMUZA<\/b><\/span><\/p>\n<p style=\"text-align: justify;\"><span style=\"font-family: arial,helvetica,sans-serif;\">Libya operasyonunun \u201csivil\u201d bilan\u00e7osu y\u00fczlerce \u00f6l\u00fc, binlerce yaral\u0131\u2026 \u201cHa\u00e7l\u0131 d\u00fc\u015fman\u201d\u0131n sald\u0131r\u0131s\u0131 s\u00fcrerken AKP\u2019nin bombalamay\u0131 me\u015fru g\u00f6ren tezkeresine CHP\u2019den ve MHP\u2019den onay geliyordu.<\/span><\/p>\n<p style=\"text-align: justify;\"><span style=\"font-family: arial,helvetica,sans-serif;\">CHP genel ba\u015fkan\u0131 Kemal K\u0131l\u0131\u00e7daro\u011flu da Libya\u2019ya y\u00f6nelik operasyonla ilgili Erdo\u011fan ile ayn\u0131 \u00e7izgide bulu\u015fmu\u015ftu. T\u00fcrkiye\u2019nin operasyona y\u00f6nelik tavr\u0131n\u0131n yanl\u0131\u015f olmad\u0131\u011f\u0131n\u0131 s\u00f6yleyen K\u0131l\u0131\u00e7daro\u011flu, \u201cBM e\u011fer b\u00f6yle bir karar ald\u0131ysa\u2019 bu olay uluslararas\u0131 me\u015fruiyet kazanm\u0131\u015f\u2019 demektir\u201d diyordu. Daha sonra AKP, CHP ve MHP Libya tezkeresini meclisten ge\u00e7iriyordu.<\/span><\/p>\n<p style=\"text-align: justify;\"><span style=\"font-family: arial,helvetica,sans-serif;\"><br \/><\/span><\/p>\n<p style=\"text-align: justify;\"><span style=\"font-family: arial,helvetica,sans-serif;\"><b> <\/b><\/span><\/p>\n<p style=\"text-align: justify;\"><span style=\"font-family: arial,helvetica,sans-serif;\"><b>BAHREYN D\u00dc\u015eERSE, SUUD\u0130LER DE G\u0130DER<\/b><\/span><\/p>\n<p style=\"text-align: justify;\"><span style=\"font-family: arial,helvetica,sans-serif;\">Katar&#8217;da g\u00f6revli Yrd. Do\u00e7. Dr. Birol Ba\u015fkan: &#8220;ABD, zaten Arap d\u00fcnyas\u0131n\u0131n ne olaca\u011f\u0131n\u0131 kestiremiyor. Bahreyn giderse Suudi Arabistan&#8217;daki \u015eiilerin, &#8216;Biz niye otonomi istemiyoruz?\u201d diyeceklerini belirtmi\u015fti.<\/span><\/p>\n<p style=\"text-align: justify;\"><span style=\"font-family: arial,helvetica,sans-serif;\">Georgetown \u00dcniversitesinden Birol Ba\u015fkan, k\u00fc\u00e7\u00fck bir ada \u00fclkesi olmas\u0131na ra\u011fmen Bahreyn&#8217;de iktidar\u0131n el de\u011fi\u015ftirmesinin b\u00fct\u00fcn b\u00f6lgede k\u00f6kl\u00fc de\u011fi\u015fikliklere ve ABD&#8217;nin kayb\u0131na yol a\u00e7aca\u011f\u0131n\u0131 s\u00f6ylemi\u015fti. \u00dcniversitenin Katar Kamp\u00fcs\u00fc Siyaset Bilimi b\u00f6l\u00fcm\u00fc \u00f6\u011fretim \u00fcyesi olan Ba\u015fkan, \u015eiilerin n\u00fcfusun y\u00fczde 70&#8217;ini olu\u015fturdu\u011fu Bahreyn&#8217;de kaynaklar\u0131n S\u00fcnnilere akt\u0131\u011f\u0131n\u0131 dolay\u0131s\u0131yla \u015eiilerin \u00e7ok fakir, S\u00fcnnilerin \u00e7ok daha zengin ya\u015fad\u0131\u011f\u0131n\u0131 hat\u0131rlat\u0131p \u015funlar\u0131 eklemi\u015fti:<\/span><\/p>\n<p style=\"text-align: justify;\"><span style=\"font-family: arial,helvetica,sans-serif;\"><b>Suudi petrol\u00fc \u015eii b\u00f6lgesinde<\/b><\/span><\/p>\n<p style=\"text-align: justify;\"><span style=\"font-family: arial,helvetica,sans-serif;\">&#8220;Bahreyn \u00e7ok k\u00fc\u00e7\u00fck bir ada, k\u00fc\u00e7\u00fck bir \u00fclke. \u00d6nemsiz gibi g\u00f6z\u00fck\u00fcyor, ama asl\u0131nda \u00e7ok \u00e7ok \u00f6nemli. Bahreyn, Suudi Arabistan ve K\u00f6rfez \u00fclkeleri hatta ABD i\u00e7in Tunus&#8217;tan da, M\u0131s\u0131r&#8217;dan da, Libya&#8217;dan da \u00f6nemli. Bahreyn&#8217;de krall\u0131k y\u0131k\u0131l\u0131rsa \u00e7ok b\u00fcy\u00fck siyasi depremler meydana gelecektir. Suudi Arabistan&#8217;\u0131n do\u011fusunda petrol yataklar\u0131n\u0131n oldu\u011fu k\u0131sm\u0131n b\u00fcy\u00fck oranda \u015eiilerin ya\u015fad\u0131\u011f\u0131 b\u00f6lgelerdir. &#8220;Bunlar ayn\u0131 Bahreyn&#8217;deki gibi Suudi Arabistan&#8217;\u0131n zenginli\u011finden istifade edemeyen \u015eiilerdir. Dolay\u0131s\u0131yla Bahreyn&#8217;deki isyan\u0131n ba\u015far\u0131ya ula\u015fmas\u0131 buradakileri de etkileyecektir. Ayr\u0131ca Bahreyn&#8217;de monar\u015finin y\u0131k\u0131lmas\u0131, di\u011fer monar\u015filerin de sorgulanmas\u0131n\u0131 beraberinde getirecektir. .<\/span><\/p>\n<p style=\"text-align: justify;\"><span style=\"font-family: arial,helvetica,sans-serif;\"><b>ABD&#8217;nin kayb\u0131 olur<\/b><\/span><\/p>\n<p style=\"text-align: justify;\"><span style=\"font-family: arial,helvetica,sans-serif;\">ABD&#8217;nin Bahreyn&#8217;de deniz \u00fcss\u00fc bulundu\u011funu hat\u0131rlatan Ba\u015fkan, Bahreyn&#8217;de \u015eiilerin zaferinin ABD&#8217;nin \u0130ran\u2019a kar\u015f\u0131 bir kayb\u0131 olarak kabul edilece\u011fini belirtmi\u015fti.<\/span><\/p>\n<p style=\"text-align: justify;\"><span style=\"font-family: arial,helvetica,sans-serif;\">&#8220;Suudi Arabistan ABD&#8217;nin \u00e7ok \u00f6nemli bir m\u00fcttefiki. Suudi Arabistan&#8217;daki bir kar\u0131\u015f\u0131kl\u0131k, d\u00fcnya petrol fiyatlar\u0131n\u0131 \u00e7ok \u00e7ok art\u0131racak. ABD, zaten Arap d\u00fcnyas\u0131n\u0131n ne olaca\u011f\u0131n\u0131 kestiremiyor. M\u0131s\u0131r&#8217;da H\u00fcsn\u00fc M\u00fcbarek&#8217;le mutlulard\u0131. \u0130srail&#8217;le sorun olmuyordu. \u015eimdi ne olaca\u011f\u0131n\u0131 kimse kestiremiyor. Bahreyn giderse pe\u015finden ne gelecek? Ard\u0131ndan Yemen&#8217;deki \u015eiiler, &#8216;Bunlar yapt\u0131 biz niye yapm\u0131yoruz&#8217; diyecekler. Suudi Arabistan&#8217;\u0131n do\u011fusundaki \u015eiiler, &#8216;Biz niye otonomi istemiyoruz, niye petrolden pay alm\u0131yoruz&#8217; diyecekler ve b\u00fct\u00fcn ta\u015flar\u0131n yerinden oynamas\u0131 ihtimali do\u011facak. Bahreyn k\u00fc\u00e7\u00fckt\u00fcr, ama asl\u0131nda bu anlamda b\u00fcy\u00fckt\u00fcr. K\u00f6rfez&#8217;in mihenk ta\u015f\u0131d\u0131r. Oras\u0131 bir salland\u0131\u011f\u0131 zaman ciddi anlamda dengeler sars\u0131l\u0131r.&#8221;<\/span><\/p>\n<p style=\"text-align: justify;\"><span style=\"font-family: arial,helvetica,sans-serif;\"><br \/><\/span><\/p>\n<p style=\"text-align: justify;\"><span style=\"font-family: arial,helvetica,sans-serif;\"><b> <\/b><\/span><\/p>\n<p style=\"text-align: justify;\"><span style=\"font-family: arial,helvetica,sans-serif;\"><b>AKP\u2019L\u0130LER CAM\u0130LER\u0130 K\u0130L\u0130SEYE BENZET\u0130YOR!<\/b><\/span><\/p>\n<p style=\"text-align: justify;\"><span style=\"font-family: arial,helvetica,sans-serif;\">Gurbet\u00e7i bir i\u015fadam\u0131, Giresun&#8217;un Ke\u015fap \u0130l\u00e7esi&#8217;ne ba\u011fl\u0131 Tepek\u00f6y&#8217;de hay\u0131r i\u00e7in bir cami dikmi\u015fti.<\/span><\/p>\n<p style=\"text-align: justify;\"><span style=\"font-family: arial,helvetica,sans-serif;\">Baytemur Camii bittikten sonra ortaya \u00e7\u0131kan g\u00f6r\u00fcnt\u00fc m\u00fcft\u00fcleri kar\u015f\u0131 kar\u015f\u0131ya getirmi\u015fti. Trabzon M\u00fcft\u00fcs\u00fc Veysel \u00c7ak\u0131, modern mimari eseri camiler i\u00e7in, &#8216;\u00c7ok \u015f\u0131k bulmuyorum&#8217; demi\u015fti. \u00c7ak\u0131 \u015f\u00f6yle konu\u015ftu; Sel\u00e7uklu&#8217;dan, Osmanl\u0131&#8217;dan gelen mimariyle yap\u0131lan camilerimiz her a\u00e7\u0131dan g\u00f6rkemli. Bu tarz yeni mimari kullan\u0131lmas\u0131ndan rahats\u0131z\u0131z. \u00dczerinde yaz\u0131 ve hoparl\u00f6r yoksa camii oldu\u011funu bile anlayamazs\u0131n\u0131z. Cami, cami gibi olmal\u0131.&#8217; Giresun M\u00fcft\u00fcs\u00fc Necati Akku\u015f da klasik \u0130slami mimarinin \u00e7ok \u00f6zel ve \u00f6nemli oldu\u011funu belirtirken, yeniliklere de a\u00e7\u0131k olmak gerekti\u011finin alt\u0131n\u0131 \u00e7izmi\u015fti.<\/span><\/p>\n<p style=\"text-align: justify;\"><span style=\"font-family: arial,helvetica,sans-serif;\"><b>\u0130lgin\u00e7 bir sentez<\/b><\/span><\/p>\n<p style=\"text-align: justify;\"><span style=\"font-family: arial,helvetica,sans-serif;\">Caminin mimar\u0131 Giresun Mimarlar Odas\u0131 eski Ba\u015fkan\u0131 Mimar Ahmet Yusuf A\u011fao\u011flu\u2019nun &#8216;Herkesin cesaret edemeyece\u011fi bir durum oldu\u011funu biliyordum. Benimki bir sentezdir, daha \u00e7a\u011fda\u015f bir cami olmas\u0131n\u0131 istedim. \u00dcstelik hesapl\u0131 ve planl\u0131 bir tercihtir.\u201d<\/span><\/p>\n<p style=\"text-align: justify;\"><span style=\"font-family: arial,helvetica,sans-serif;\"><b>A\u00e7\u0131klama ilgin\u00e7ti. Yani Il\u0131ml\u0131 \u0130slamc\u0131 AKP\u2019liler Dinleraras\u0131 diyalog safsatas\u0131yla Hem Kiliseye, hem Havraya benzeyen ama ad\u0131na Cami denilen yeni bir mimari geli\u015ftirmekteydi. Ayn\u0131 tarz bir Caminin Gebze \u00c7ay\u0131rova sanayi giri\u015fine yap\u0131lmas\u0131 da dikkat \u00e7ekiciydi.<\/b><\/span><\/p>\n<p style=\"text-align: justify;\"><span style=\"font-family: arial,helvetica,sans-serif;\"><b><br \/><\/b><\/span><\/p>\n<p style=\"text-align: justify;\"><span style=\"font-family: arial,helvetica,sans-serif;\"><b> <\/b><\/span><\/p>\n<p style=\"text-align: justify;\"><span style=\"font-family: arial,helvetica,sans-serif;\"><b>TAYY\u0130P&#8217;E KR\u0130T\u0130K SORULAR!<\/b><\/span><\/p>\n<p style=\"text-align: justify;\"><span style=\"font-family: arial,helvetica,sans-serif;\">CHP&#8217;li Muharrem \u0130nce, Ba\u015fbakan Erdo\u011fan&#8217;a soruyor: &#8220;Soner Yal\u00e7\u0131n, o\u011flunuz Burak&#8217;\u0131n \u015firketi i\u00e7in sat\u0131n al\u0131nan l\u00fcks villa haberinden dolay\u0131 m\u0131 tutukland\u0131?&#8221;<\/span><\/p>\n<p style=\"text-align: justify;\"><span style=\"font-family: arial,helvetica,sans-serif;\">CHP Grup Ba\u015fkanvekili Muharrem \u0130nce, Ayd\u0131nl\u0131k&#8217;a yapt\u0131\u011f\u0131 a\u00e7\u0131klamada, Soner Yal\u00e7\u0131n ve yan\u0131nda \u00e7al\u0131\u015fan iki gazetecinin tutuklanmas\u0131 ile ilgili olarak, &#8220;Ba\u015fbakan Erdo\u011fan bir konu\u015fmas\u0131nda &#8216;Oda TV yarg\u0131lananlar\u0131 yazd\u0131klar\u0131ndan de\u011fil, ba\u015fka bir eylemden dolay\u0131 takip alt\u0131ndad\u0131r&#8217; demi\u015fti. Acaba bu tutuklamalar Akyan Sokak 10 numara ile ilgili olabilir mi?&#8221; diye sormu\u015ftu.<\/span><\/p>\n<p style=\"text-align: justify;\"><span style=\"font-family: arial,helvetica,sans-serif;\"><b>&#8216;Bir milyon 700 bin dolar \u00f6dendi&#8217;<\/b><\/span><\/p>\n<p style=\"text-align: justify;\"><span style=\"font-family: arial,helvetica,sans-serif;\">Oda TV&#8217;de, 17 \u015eubat 2009 tarihinde yay\u0131nlanan haberde, &#8220;\u0130stanbul, Re\u015fit Pa\u015fa, Akyan Sk. 10 numarada g\u00fczel bir villa vard\u0131r. Bir gen\u00e7 adam, bir g\u00fcn villay\u0131 gezer ve be\u011fenir. Bir s\u00fcre sonra bir ba\u015fka adam gelir ve sahibine &#8216;ka\u00e7a satars\u0131n\u0131z?&#8217; denildi\u011fini kaydeden \u0130nce \u015funlar\u0131 aktar\u0131yordu:<\/span><\/p>\n<p style=\"text-align: justify;\"><span style=\"font-family: arial,helvetica,sans-serif;\">&#8220;Villan\u0131n sahibi bir Avustralyal\u0131d\u0131r. M\u00fclk\u00fcn\u00fc satmak istemedi\u011fi i\u00e7in u\u00e7uk bir fiyat s\u00f6yler. &#8220;Bir milyon yedi y\u00fcz bin dolara satar\u0131m.&#8221; Al\u0131c\u0131 hi\u00e7 pazarl\u0131k yapmaz, &#8220;tamam&#8221; der. 500 bin dolar nakit bir \u00f6deme yapar. Devir esnas\u0131nda bakiyesi, yani bir milyon 200 bin dolar \u00f6denir. Dikkat edin \u00f6demeler hep nakit yap\u0131lmaktad\u0131r! Gen\u00e7 adam \u00e7ok mutlu olur ve orta\u011f\u0131 oldu\u011fu \u015firket, villaya ta\u015f\u0131n\u0131r. Bu gen\u00e7 adam Tayyip Erdo\u011fan&#8217;\u0131n b\u00fcy\u00fck o\u011flu Ahmet Burak&#8217;t\u0131r. Villan\u0131n sat\u0131n al\u0131nma hik\u00e2yesini muhatab\u0131ndan yani Ahmet Burak Erdo\u011fan&#8217;dan teyit etme imk\u00e2n\u0131m\u0131z olmad\u0131 ancak kaynaklar g\u00fcvenilirdir. Ahmet Burak Erdo\u011fan&#8217;\u0131n orta\u011f\u0131 oldu\u011fu \u015firket Akyan Sk. 10 numaraya ta\u015f\u0131n\u0131r. \u015eirketin ad\u0131: Bumerz Denizcilik ve Ticaret Anomin \u015eirketi. \u0130stanbul Ticaret odas\u0131 kay\u0131tlar\u0131nda Ahmet Burak Erdo\u011fan bu \u015firketin y\u00f6netim kurulu \u00fcyesi. \u015eimdi ben Ba\u015fbakan&#8217;a soruyorum:<\/span><\/p>\n<p style=\"text-align: justify;\"><span style=\"font-family: arial,helvetica,sans-serif;\">\u2022&nbsp; Yal\u00e7\u0131n ve arkada\u015flar\u0131, bu villa i\u00e7in yazd\u0131klar\u0131 yaz\u0131dan dolay\u0131 m\u0131 tutukland\u0131lar?<\/span><\/p>\n<p style=\"text-align: justify;\"><span style=\"font-family: arial,helvetica,sans-serif;\">\u2022&nbsp; E\u011fer, bu villa o\u011flunuza ait de\u011filse, Ahmet Burak Erdo\u011fan&#8217;\u0131n y\u00f6netim kurulu \u00fcyesi oldu\u011fu bu \u015firket, burada ka\u00e7 lira kira \u00f6deyerek oturuyor?&#8221;<\/span><\/p>\n<div style=\"text-align: justify;\"><br clear=\"all\" \/>  <\/p>\n<hr width=\"33%\" size=\"1\" align=\"left\" \/>\n<div>\n<p><span style=\"font-family: arial,helvetica,sans-serif;\"><a href=\"http:\/\/www.timeturk.com\/tr\/2011\/03\/03\/erbakan-icin-vatikan-da-canlar-caldi.html\">http:\/\/www.timeturk.com\/tr\/2011\/03\/03\/erbakan-icin-vatikan-da-canlar-caldi.html<\/a><\/span><\/p>\n<\/p><\/div>\n<div>\n<p><span style=\"font-family: arial,helvetica,sans-serif;\"><a href=\"#_ftnref2\" name=\"_ftn2\">[2]<\/a> Milli Gazete \/ Davut \u015eahin \/ 12 03 2011<\/span><\/p>\n<\/p><\/div>\n<div>\n<p><span style=\"font-family: arial,helvetica,sans-serif;\"><a href=\"#_ftnref3\" name=\"_ftn3\">[3]<\/a> Milli Gazete \/ 30 03 2011<\/span><\/p>\n<\/p><\/div>\n<div>\n<p><span style=\"font-family: arial,helvetica,sans-serif;\"><a href=\"#_ftnref4\" name=\"_ftn4\">[4]<\/a> Zaman \/ 30 03 2011<\/span><\/p>\n<\/p><\/div>\n<div>\n<p><span style=\"font-family: arial,helvetica,sans-serif;\"><a href=\"#_ftnref5\" name=\"_ftn5\">[5]<\/a> Zaman \/ 30 03 2011<\/span><\/p>\n<\/p><\/div>\n<div>\n<p><span style=\"font-family: arial,helvetica,sans-serif;\"><a href=\"#_ftnref6\" name=\"_ftn6\">[6]<\/a> Zaman \/ 30 03 2011<\/span><\/p>\n<\/p><\/div>\n<div>\n<p><span style=\"font-family: arial,helvetica,sans-serif;\"><a href=\"#_ftnref7\" name=\"_ftn7\">[7]<\/a> Taraf \/ 23 Mart \/ Sh. 6<\/span><\/p>\n<\/p><\/div>\n<\/p><\/div>\n","protected":false},"excerpt":{"rendered":"<p><span style=\"font-family: arial,helvetica,sans-serif;\">  <\/p>\n","protected":false},"author":1,"featured_media":0,"comment_status":"open","ping_status":"closed","sticky":false,"template":"","format":"standard","meta":{"footnotes":""},"categories":[123],"tags":[],"class_list":["post-2029","post","type-post","status-publish","format-standard","hentry","category-mayis-2011"],"_links":{"self":[{"href":"https:\/\/www.millicozum.com\/mc\/wp-json\/wp\/v2\/posts\/2029","targetHints":{"allow":["GET"]}}],"collection":[{"href":"https:\/\/www.millicozum.com\/mc\/wp-json\/wp\/v2\/posts"}],"about":[{"href":"https:\/\/www.millicozum.com\/mc\/wp-json\/wp\/v2\/types\/post"}],"author":[{"embeddable":true,"href":"https:\/\/www.millicozum.com\/mc\/wp-json\/wp\/v2\/users\/1"}],"replies":[{"embeddable":true,"href":"https:\/\/www.millicozum.com\/mc\/wp-json\/wp\/v2\/comments?post=2029"}],"version-history":[{"count":0,"href":"https:\/\/www.millicozum.com\/mc\/wp-json\/wp\/v2\/posts\/2029\/revisions"}],"wp:attachment":[{"href":"https:\/\/www.millicozum.com\/mc\/wp-json\/wp\/v2\/media?parent=2029"}],"wp:term":[{"taxonomy":"category","embeddable":true,"href":"https:\/\/www.millicozum.com\/mc\/wp-json\/wp\/v2\/categories?post=2029"},{"taxonomy":"post_tag","embeddable":true,"href":"https:\/\/www.millicozum.com\/mc\/wp-json\/wp\/v2\/tags?post=2029"}],"curies":[{"name":"wp","href":"https:\/\/api.w.org\/{rel}","templated":true}]}}