{"id":203,"date":"2006-11-23T05:49:17","date_gmt":"2006-11-23T05:49:17","guid":{"rendered":"https:\/\/www.millicozum.com\/mc\/2006\/11\/23\/tke-ere-karanlik-oyunlar-ve-kalik-ponlar\/"},"modified":"2006-11-23T05:49:17","modified_gmt":"2006-11-23T05:49:17","slug":"turkiye-uzerine-karanlik-oyunlar-ve-kiralik-piyonlar","status":"publish","type":"post","link":"https:\/\/www.millicozum.com\/mc\/2006\/nisan-2006\/turkiye-uzerine-karanlik-oyunlar-ve-kiralik-piyonlar\/","title":{"rendered":"T\u00dcRK\u0130YE \u00dcZER\u0130NE KARANLIK OYUNLAR  VE  K\u0130RALIK P\u0130YONLAR"},"content":{"rendered":"<p>\u00a0  <\/p>\n<p> <strong><em>&quot;AB ile uyum safsatalar\u0131, Demokratikle\u015fme salatalar\u0131, K\u00fcreselle\u015fme yutturmacalar\u0131, Dinleraras\u0131 Diyalog numaralar\u0131, Medeniyetler bulu\u015fmas\u0131 balonlar\u0131&quot; gibi jelatinli k\u0131l\u0131flar alt\u0131nda, T\u00fcrkiye resmen ve ismen de\u011filse bile, fikren ve fiilen eyaletlere b\u00f6l\u00fcnmeye haz\u0131rlan\u0131yor.<\/em><\/strong>  <\/p>\n<p> <strong><em>ABD&#39;li ve AB&#39;li patronlar planl\u0131yor, AKP gibi piyonlar pazarl\u0131yor.<\/em><\/strong>  <\/p>\n<p> <strong><em>\u00dclkemiz karanl\u0131k ve karma\u015f\u0131k bir ortama do\u011fru s\u00fcr\u00fckleniyor.<\/em><\/strong>  <\/p>\n<p> <strong><em>Art\u0131k k\u00f6kl\u00fc bir devrim ka\u00e7\u0131n\u0131lmaz g\u00f6z\u00fck\u00fcyor. Bu konuda Milli olu\u015fumlara, yerli ve haysiyetli ayd\u0131nlar\u0131m\u0131za \u00e7ok i\u015f d\u00fc\u015f\u00fcyor.<\/em><\/strong>  <\/p>\n<p>  \u00a0  <\/p>\n<p> <strong>ABD&#39; deki heyet ve ilgin\u00e7 ihanet<\/strong>  <\/p>\n<p> 22-29 Ocak tarihleri aras\u0131nda T\u00fcrkiye&#39;den ABD&#39;ye bir heyet gitti. Heyetin ba\u015f\u0131nda NATO Parlamenterler Asamblesi Ba\u015fkanvekili s\u0131fat\u0131yla AKP&#39;li Vahit Erdem vard\u0131. \u0130ran&#39;la ilgili geli\u015fmeler nedeniyle bu s\u0131ralar T\u00fcrkiye&#39;den ABD&#39;ye giden her heyet \u00f6zel bir \u00f6nem kazan\u0131yor. \u00c7\u00fcnk\u00fc ger\u00e7ekten hassas bir d\u00f6nem. ABD&#39;nin Mart&#39;ta \u0130ran&#39;a muhtemel bir sald\u0131r\u0131s\u0131 bile konu\u015fuluyor.  <\/p>\n<p> B\u00f6yle bir d\u00f6nemde Beyaz Saray yetkilileriyle, Pentagon&#39;la ya da ABD&#39;deki lobilerle yap\u0131lan g\u00f6r\u00fc\u015fmelerde elde edilecek izlenimler \u00e7ok \u00f6nemli.  <\/p>\n<p> Vahit Erdem NATO Parlamenterler Asamblesi Ba\u015fkanvekili. Eski B\u00fcy\u00fckel\u00e7i, y\u0131llar\u0131n siyaset\u00e7isi.. Legion De Honour Ni\u015fan\u0131 sahibi.. B\u00f6yle bir ismin Washington izlenimleri ve buradaki g\u00f6r\u00fc\u015fmelere ili\u015fkin tespitleri ise ayr\u0131ca \u00f6nemli.  <\/p>\n<p> Mesela bu aralar \u00e7ok ilgin\u00e7 geli\u015fmeler oluyor. Mu\u015f Havaalan\u0131 sivil u\u00e7u\u015flara kapat\u0131l\u0131yor. Gerek\u00e7e tamirat ve pist uzatma \u00e7al\u0131\u015fmas\u0131 olarak g\u00f6steriliyor. Ama askeri u\u00e7u\u015flar istisna tutuluyor. Mu\u015f Havaliman\u0131 Ortado\u011fu&#39;nun en b\u00fcy\u00fck havaalan\u0131. Ve daha ilginci Mu\u015f Havaalan\u0131 NATO&#39;nun askeri u\u00e7u\u015flar i\u00e7in kullan\u0131labilecek havaalanlar\u0131 listesinde yer al\u0131yor.  <\/p>\n<p> Washington&#39;a giden heyetler bu konularda acaba ne gibi izlenimlerle d\u00f6n\u00fcyor \u00f6nemli. Mesela Pentagon&#39;un havaalanlar\u0131yla ilgili beklentileri neler! Mu\u015f Havaliman\u0131&#39;n\u0131 ABD mi istiyor? \u0130ran i\u00e7in mi istiyor? Ve daha bir \u00e7ok soru..  <\/p>\n<p> Bu y\u00fczden Vahit Erdem&#39;le Washington izlenimlerini konu\u015fmay\u0131 \u00e7ok istedik, arzulad\u0131k. Ama olmad\u0131. \u00c7ok u\u011fra\u015fmam\u0131za ra\u011fmen kendisiyle g\u00f6r\u00fc\u015femedik.. Sekreteryas\u0131na b\u0131rakt\u0131\u011f\u0131m\u0131z notlara ra\u011fmen geri d\u00f6n\u00fclmedi.  <\/p>\n<p> B\u00f6yle olunca milletvekili arkada\u015flar\u0131yla payla\u015ft\u0131\u011f\u0131 baz\u0131 k\u00fc\u00e7\u00fck bilgi k\u0131r\u0131nt\u0131lar\u0131yla yetinmek zorunda kald\u0131k. Vahit Bey&#39;in Washington&#39;dan edindi\u011fi ve milletvekili arkada\u015flar\u0131yla payla\u015ft\u0131\u011f\u0131 izlenimlere g\u00f6re &quot;ABD&#39;nin \u0130ran konusunda da \u015fakas\u0131 yokmu\u015f&quot;.. Yani &quot;\u0130ran&#39;\u0131n n\u00fckleer silahlanmas\u0131n\u0131 \u00f6nlemeye kararl\u0131ym\u0131\u015f!&quot; Ama bize g\u00f6re Vahit Erdem&#39;in bizim duydu\u011fumuz tesbitlerinden en ilginci \u015fu: &quot;ABD bu sefer Avrupa&#39;n\u0131n deste\u011fini almak konusunda da kararl\u0131ym\u0131\u015f!&quot;  <\/p>\n<p> \u0130lgin\u00e7 \u00e7\u00fcnk\u00fc bu izlenim \u0130slam D\u00fcnyas\u0131 ile Avrupa \u00fclkeleri aras\u0131ndaki Karikat\u00fcr krizindeki neo-con parma\u011f\u0131n\u0131 do\u011frular nitelikte. Bu krizden sonra Avrupa ile \u0130slam \u00fclkeleri birbirinden nefret eder hale geldi. Belki de hi\u00e7 bu kadar keskin bir d\u00fc\u015fmanl\u0131k ortaya \u00e7\u0131kmam\u0131\u015ft\u0131. Biliyorsunuz bu karikat\u00fcr krizinin perde arkas\u0131nda da zaten Neo-Con&#39;lar\u0131n b\u0131rakt\u0131\u011f\u0131 parmak izleri a\u00e7\u0131k\u00e7a g\u00f6r\u00fclm\u00fc\u015ft\u00fc.<a name=\"_ftnref1\" href=\"#_ftn1\" title=\"_ftnref1\">[1]<\/a>  <\/p>\n<p> \u0130\u015fte iki emekli generalimizin tarihi saptamalar\u0131 ve uyarlamalar\u0131:  <\/p>\n<p> 2945 Say\u0131l\u0131 MGK. ve MGK. Genel Sek\u00adreterli\u011fi yasas\u0131 Milli G\u00fcvenli\u011fi\u00a0 (Ulusal G\u00fcvenli\u011fi) a\u015fa\u011f\u0131daki \u015fekilde tan\u0131mlamaktad\u0131r:  <\/p>\n<p> &quot;Milli G\u00fcvenlik; devletin anayasal d\u00fczeni\u00adnin, milli varl\u0131\u011f\u0131n\u0131n, b\u00fct\u00fcnl\u00fc\u011f\u00fcn\u00fcn, milletleraras\u0131 alanda siyasi, sosyal, k\u00fclt\u00fcrel ve ekonomik d\u00e2hil b\u00fct\u00fcn menfaatlerinin ve ahdi hukukunun her t\u00fcrl\u00fc d\u0131\u015f ve i\u00e7 tehditlere kar\u015f\u0131 korunmas\u0131 ve kollanmas\u0131n\u0131 ifade eder&quot;  <\/p>\n<p> Kamuoyunda \u00e7ok tart\u0131\u015f\u0131lan bir konu ola\u00adrak, ayn\u0131 maddenin devam\u0131nda, b f\u0131kras\u0131; milli g\u00fcvenli\u011fin sa\u011flanmas\u0131 ve milli hedeflere ula\u015f\u0131l\u00admas\u0131 amac\u0131yla Milli G\u00fcvenlik Kurulunun belirle\u00addi\u011fi g\u00f6r\u00fc\u015fler d\u00e2hilinde. Bakanlar Kurulu taraf\u0131n\u00addan tespit edilen i\u00e7, d\u0131\u015f ve savunma hareket tarzlar\u0131na ait esaslar\u0131 kapsayan siyaseti, Milli G\u00fcvenlik Siyaseti olarak tan\u0131mlamaktad\u0131r.  <\/p>\n<p> Burada yap\u0131lmas\u0131 gereken ilk saptama, Ulusal G\u00fcvenlik kavram\u0131n\u0131n anayasal d\u00fczenle i\u00e7i\u00e7eli\u011fi olmal\u0131d\u0131r. Yani anayasal d\u00fczenin kap\u00adsam\u0131n\u0131 a\u00e7\u0131kl\u0131\u011fa kavu\u015fturmadan &quot;Ulusal G\u00fcvenlik nedir, ulusal g\u00f6r\u00fc\u015f a\u00e7\u0131s\u0131ndan neyi ifade etmek\u00adtedir&quot; konusunda do\u011fru bir tan\u0131m yapmak ola\u00adnakl\u0131 de\u011fildir. \u00d6te yandan, ulusal taban\u0131ndan ayr\u0131lm\u0131\u015f bir g\u00fcvenlik alg\u0131lamas\u0131, olsa olsa aka\u00addemik d\u00fczeyde bir anlam ifade eder.  <\/p>\n<p> Konuyu hukuksal a\u00e7\u0131dan de\u011ferlendiren Anayasa Mahkemesi eski Ba\u015fkan\u0131 Yekta G\u00fcng\u00f6r \u00d6zden, her ger\u00e7ek ve t\u00fczel ki\u015finin, Anayasa&#39;ya ba\u011fl\u0131 kalmaya ve ayk\u0131r\u0131 d\u00fc\u015f\u00fcnmemeye \u00f6zen g\u00f6stermesi gerekti\u011fini belirtiyor ve &quot;de\u011fi\u015finceye kadar Anayasaya ba\u011fl\u0131 kalmak sayg\u0131n\u0131n gere\u011fi\u00addir&quot; diyor.  <\/p>\n<p> Yukar\u0131da \u00f6zetlenen genel yakla\u015f\u0131m\u0131n do\u00ad\u011fal bir uzant\u0131s\u0131 olarak, bu a\u015famada &quot;T\u00fcrkiye&#39;de anayasal d\u00fczenin \u00f6z\u00fc nedir?&quot; sorusunun a\u00e7\u0131kl\u0131\u00ad\u011fa kavu\u015fturulmas\u0131n\u0131n gerekti\u011fi kendili\u011finden ortaya \u00e7\u0131kmaktad\u0131r.  <\/p>\n<p> Anayasa&#39;nm devletin y\u00fck\u00fcml\u00fcl\u00fcklerini, yap\u0131s\u0131n\u0131 belirleyen, yurtta\u015flar\u0131n hak ve \u00f6zg\u00fcr\u00adl\u00fcklerini g\u00fcvenceye ba\u011flayan temel hukuki bel\u00adge oldu\u011fu tan\u0131mlamas\u0131 bilinmektedir.<a name=\"_ftnref2\" href=\"#_ftn2\" title=\"_ftnref2\">[2]<\/a>  <\/p>\n<p> Anayasalar\u0131n ya\u015fayan varl\u0131klar konumun\u00adda oldu\u011fu ve belli ko\u015fullar d\u00e2hilinde de\u011fi\u015ftirile\u00adbilece\u011fi a\u00e7\u0131kt\u0131r. Ancak, bizim anayasal d\u00fczenimiz a\u00e7\u0131s\u0131ndan belli \u00f6zelliklerin varl\u0131\u011f\u0131n\u0131 da unutma\u00admal\u0131y\u0131z. Anayasam\u0131z\u0131n 4&#39;\u00fcnc\u00fc maddesi de\u011fi\u015fti\u00adrilemeyecek h\u00fck\u00fcmleri belirlemi\u015ftir. Yani, de\u011fi\u00ad\u015fikliklerle ilgili belli s\u0131n\u0131rlamalar\u0131 vard\u0131r. Anaya\u00adsan\u0131n l&#39;inci ve 3&#39;\u00fcnc\u00fc maddeleri ile 2&#39;nci mad\u00addesindeki nitelikler de\u011fi\u015ftirilemez h\u00fck\u00fcmler kapsam\u0131ndad\u0131r.  <\/p>\n<p> Cumhuriyetimizin nitelikleri nelerdir? Bu konuda 2&#39;nci madde a\u015fa\u011f\u0131daki esaslar\u0131 koy\u00admaktad\u0131r:  <\/p>\n<p> &#8211;\u00a0 \u0130nsan haklar\u0131na sayg\u0131,  <\/p>\n<p> &#8211;\u00a0 Atat\u00fcrk milliyet\u00e7ili\u011fine ba\u011fl\u0131l\u0131k,  <\/p>\n<p> &#8211;\u00a0 Ba\u015flang\u0131\u00e7ta belirtilen temel ilkelere da\u00adyanma (ba\u011fl\u0131l\u0131k)  <\/p>\n<p> &#8211;\u00a0 Demokratik, laik ve sosyal hukuk devleti olma kural\u0131na ba\u011fl\u0131l\u0131k.  <\/p>\n<p> Anayasan\u0131n ba\u015flang\u0131\u00e7 h\u00fck\u00fcmlerinde be\u00adlirtilen temel niteliklere de at\u0131fta bulunulmas\u0131 nedeniyle, ba\u015flang\u0131\u00e7 h\u00fck\u00fcmlerini de de\u011fi\u015ftirile\u00admez h\u00fck\u00fcmler kapsam\u0131nda saymak gerekmek\u00adtedir.  <\/p>\n<p> Anayasam\u0131z\u0131n ba\u015flang\u0131c\u0131nda belirtilen t\u00fcm hususlar ayn\u0131 de\u011ferde olmakla birlikte, 2001 y\u0131l\u0131nda de\u011fi\u015fikli\u011fe u\u011frayan \u015fekli ile \u00f6zellikle a\u015fa\u011f\u0131daki b\u00f6l\u00fcm\u00fc hat\u0131rlamakta yarar vard\u0131r. Bu b\u00f6l\u00fcm \u015f\u00f6yledir:  <\/p>\n<p> &quot;Hi\u00e7bir faaliyetin T\u00fcrk milli menfaatleri\u00adnin, T\u00fcrk varl\u0131\u011f\u0131n\u0131n, Devleti ve \u00fclkesiyle b\u00f6l\u00fcn\u00admezli\u011fi esas\u0131n\u0131n, T\u00fcrkl\u00fc\u011f\u00fcn tarihi ve manevi de\u011ferlerinin, Atat\u00fcrk milliyet\u00e7ili\u011fi, ilke ve ink\u0131\u00adlaplar\u0131 ve medeniyet\u00e7ili\u011finin kar\u015f\u0131s\u0131nda korunma g\u00f6remeyece\u011fi ve laiklik ilkesinin gere\u011fi olarak kutsal din duygular\u0131n\u0131n, Devlet i\u015flerine ve politi\u00adkaya kesinlikle kar\u0131\u015ft\u0131r\u0131lamayaca\u011f\u0131&#8230;&quot;  <\/p>\n<p> Bu a\u00e7\u0131klamalar do\u011frultusunda ulusal g\u00fc\u00advenli\u011fin en \u00f6nemli unsuru olan anayasal d\u00fcze\u00adnimizin temel esaslar\u0131 genel \u00e7izgileriyle de olsa ortaya konulmu\u015f bulunmaktad\u0131r. Bunun anlam\u0131 \u015fudur: Ulusal G\u00fcvenlik kavram\u0131n\u0131n \u00f6nemli un\u00adsurlar\u0131ndan biri olarak anayasal d\u00fczeni say\u0131yorsak ki saymal\u0131y\u0131z, d\u00fczenin olmazsa olmazlar\u0131 ya da teme! esaslar\u0131 olarak da ba\u015flang\u0131\u00e7 h\u00fc\u00adk\u00fcmlerini ve ilk \u00fc\u00e7 maddeyi \u00f6nemsemek, tar\u00adt\u0131\u015fma d\u0131\u015f\u0131 saymak ve bu h\u00fck\u00fcmlerin korunmas\u0131\u00adn\u0131 ulusal g\u00fcvenlik kapsam\u0131 i\u00e7inde d\u00fc\u015f\u00fcnmek ve kabul etmek zorunday\u0131z.  <\/p>\n<p> Bu d\u00fc\u015f\u00fcncenin bir devam\u0131 olarak denile\u00adbilir ki; ben milli iradeyi temsil ediyorum, ben ne istersem o olur, laiklik de nedir millet \u0130sterse o da de\u011fi\u015fir, Atat\u00fcrk T\u00fcrkiye&#39;nin \u00f6n\u00fcn\u00fc t\u0131kamak\u00adtad\u0131r, Atat\u00fcrk\u00e7\u00fcl\u00fck eskimi\u015ftir, \u00e7ok k\u00fclt\u00fcrl\u00fcl\u00fck anlay\u0131\u015f\u0131 sorunlar\u0131m\u0131z\u0131 \u00e7\u00f6zer vb. gibi g\u00fcya \u00e7a\u011f\u00adda\u015fl\u0131k, ulusal irade, \u00f6zg\u00fcrl\u00fck temsilcili\u011fi kisvesi alt\u0131nda \u00f6ne s\u00fcr\u00fclen \u00e7arp\u0131k savlar; ulusal g\u00fcven\u00adlik kavram\u0131yla \u00e7eli\u015fmekte ve bu kavrama kar\u015f\u0131 bir tehdit olu\u015fturmaktad\u0131rlar.  <\/p>\n<p> 2945 say\u0131l\u0131 yasa&#39;da belirtilen tan\u0131ma tek\u00adrar d\u00f6nersek, burada belirtilen unsurlar\u0131; ulusal varl\u0131k, b\u00fct\u00fcnl\u00fck,, milletleraras\u0131 alandaki b\u00fct\u00fcn menfaatlerinin ve ahdi hukukunun her t\u00fcrl\u00fc d\u0131\u015f ve i\u00e7 tehditlere kar\u015f\u0131 korunmas\u0131n\u0131 ve kollanma\u00ads\u0131n\u0131 ulusal g\u00fcvenli\u011fin tamamlay\u0131c\u0131 di\u011fer unsur\u00adlar\u0131 olarak saymak zorunday\u0131z. Yani, T\u00fcrk Ulusal varl\u0131\u011f\u0131n\u0131n savunulmas\u0131, ulusal birli\u011fimize ve dayan\u0131\u015fma duygular\u0131m\u0131za y\u00f6nelik sald\u0131r\u0131lar\u0131n def edilmesi, T\u00fcrk Ulusu&#39;nun siyasal, sosyal, k\u00fclt\u00fcrel ve ekonomik ve di\u011fer t\u00fcm \u00e7\u0131karlar\u0131n\u0131n korunma\u00ads\u0131, kurulu\u015funa ve varl\u0131\u011f\u0131na dayanak t\u00fcm ulus\u00adlararas\u0131 hukukunun savunulmas\u0131 ulusal g\u00fcvenli\u00ad\u011finin ayr\u0131lmaz par\u00e7alar\u0131d\u0131r. Bu esaslar\u0131n g\u00fcncel ko\u015fullara g\u00f6re sunum \u015fekillen de\u011fi\u015febilir, ancak \u00f6z\u00fc de\u011fi\u015femez. Bu \u00f6z de\u011fi\u015firse, ulusal g\u00fcvenli\u00ad\u011fimiz tehlikeye girer.  <\/p>\n<p> Bu noktada ya\u015fanmakta olan k\u00fcreselle\u015f\u00adme olgusu nedeniyle, ulusal g\u00fcvenli\u011fe y\u00f6nelik tehditlerin \u00e7ok iyi analiz edilmesi, ulus-devlet yap\u0131s\u0131n\u0131n tahribine engel olacak koruyucu, uy\u00adgulanabilir esaslar\u0131n geli\u015ftirilmesi b\u00fcy\u00fck \u00f6neme sahiptir. \u00c7\u00fcnk\u00fc ac\u0131mas\u0131z bir dayatma \u015feklinde zenginlerin, g\u00fc\u00e7l\u00fclerinki d\u0131\u015f\u0131nda hi\u00e7bir \u00e7\u0131kara ve duyguya de\u011fer vermeyen bir d\u00fczenin, di\u011fer bir ifade ile yenid\u00fcnya d\u00fczeninin sald\u0131rganl\u0131\u011f\u0131n\u0131n \u00f6nlenmesi ba\u015fka \u015fekilde m\u00fcmk\u00fcn olamayacak\u00adt\u0131r.  <\/p>\n<p> Bu g\u00fcn d\u00fcnya, kurallar\u0131 ABD&#39;nin bug\u00fcnk\u00fc y\u00f6neticileri taraf\u0131ndan belirlenen ve kar\u015f\u0131 g\u00f6r\u00fc\u015f\u00fc yasa d\u0131\u015f\u0131 ve ezilmesi gerekir olarak d\u00fc\u015f\u00fcnen Amerikan tarz\u0131 bir demokrasi g\u00f6r\u00fc\u015f\u00fc ve Amerikan \u00e7\u0131karlar\u0131 d\u0131\u015f\u0131ndaki \u00e7\u0131karlar\u0131 ge\u00e7ersiz sayan bir ekonomik d\u00fczen dayatmas\u0131 ile kar\u015f\u0131 kar\u015f\u0131ya bulunmaktad\u0131r.  <\/p>\n<p> Burada yap\u0131lan ele\u015ftirilerin \u00f6zellikle y\u00f6ne\u00adticilere y\u00f6nelik oldu\u011fu; ABD d\u00e2hil, d\u00fcnya&#39;n\u0131n neresinde olursa olsun insanl\u0131k idealinden yana olan insanlar i\u00e7in dost\u00e7a duygular beslenmesi gerekti\u011finin alt\u0131n\u0131 \u00e7izmeliyiz. \u00c7\u00fcnk\u00fc biliyoruz ki uygulanan d\u0131\u015f politika \u00e7\u0131kmaz\u0131 ABD kamuoyunda da ele\u015ftirilmeye ba\u015flanm\u0131\u015ft\u0131r.  <\/p>\n<p> T\u00fcrkiye a\u00e7\u0131s\u0131ndan sorun, kendi i\u00e7inde b\u00fc\u00ady\u00fck a\u00e7mazlar\u0131 bar\u0131nd\u0131ran bu anlay\u0131\u015fa kar\u015f\u0131 \u00e7\u0131\u00adkarlar\u0131m\u0131z\u0131 koruyacak bir dik duru\u015f i\u00e7in uygun strateji geli\u015ftirme sorunudur. Bu stratejinin belirlenmesi T\u00fcrkiye&#39;nin ulusal g\u00fcvenli\u011fini sa\u011f\u00adlamas\u0131na ek olarak b\u00f6lge bar\u0131\u015f\u0131na ve ge\u00e7ici g\u00fc\u00adc\u00fcn\u00fc vehmedenlere de katk\u0131 sa\u011flayabilir.  <\/p>\n<p> D\u00fcnya&#39;y\u0131 ve \u00f6zellikle \u00fclkemizi de \u00e7ok ya\u00adk\u0131ndan \u0130lgilendiren Ortado\u011fu, Kafkaslar ve Orta Asya \u00fclkelerinin \u00e7\u0131karlar\u0131na y\u00f6nelik sald\u0131r\u0131lar \u00f6ylesine ac\u0131mas\u0131z bir konuma gelmi\u015ftir ki, ilgin\u00e7 ve \u00e7ok anlaml\u0131 bir K\u0131z\u0131lderili de\u011fi\u015fini an\u0131msama\u00admak olas\u0131 de\u011fildir:  <\/p>\n<p> <em>&quot;Son \u0131rmak kurudu\u011funda, Son a\u011fa\u00e7 yok oldu\u011funda,<\/em>  <\/p>\n<p> <em>Son bal\u0131k \u00f6ld\u00fc\u011f\u00fcnde;<\/em>  <\/p>\n<p> <em>beyaz adam<\/em>  <\/p>\n<p> <em>pa\u00e7an\u0131n yenmeyen bir \u015fey oldu\u011funu anlayacak &quot;<\/em>  <\/p>\n<p> &quot;Milli G\u00fcvenlik ve T\u00fcrkiye&quot; adl\u0131 eserinde Tuncer Topur, ABD&#39;nin beyaz adam tarz\u0131n\u0131 a-n\u0131msat\u0131rcas\u0131na \u015f\u00f6yle diyor:  <\/p>\n<p> &quot;Etraf\u0131 k\u0131rmakta, d\u00f6k\u00fcp sa\u00e7maktad\u0131r. A-merika bu haliyle cam e\u015fya d\u00fckk\u00e2n\u0131na girmi\u015f file benzemektedir. Amerika&#39;n\u0131n g\u00fcc\u00fc ekonomik varl\u0131\u011f\u0131ndan ve \u00f6zellikle Sovyet \u0130mparatorlu\u011fu\u00adnun y\u0131k\u0131lmas\u0131ndan sonra ortaya \u00e7\u0131kan (tek ku\u00adtuplu) d\u00fczen ile bu d\u00fczenin i\u00e7ine girmeye ba\u015f\u00adlad\u0131\u011f\u0131 (k\u00fcreselle\u015fme) s\u00fcrecinden kaynaklan\u00admaktad\u0131r.&quot;  <\/p>\n<p> Ayr\u0131nt\u0131lar\u0131 an\u0131lan eserde verilen ve 2002&#39;de haz\u0131rlanan ABD G\u00fcvenlik Doktrini, d\u00fcn\u00adyan\u0131n kalan\u0131n\u0131 itaat etmesi gerekenler s\u0131n\u0131f\u0131nda g\u00f6rme arzusunun bir belgesi durumundad\u0131r.  <\/p>\n<p> Prof. Dr. Mustafa Ayd\u0131n bu ger\u00e7e\u011fi, kar\u015f\u0131 \u00f6nlem geli\u015ftirme amac\u0131 i\u00e7inde \u015f\u00f6yle dile getiri\u00adyor:  <\/p>\n<p> &quot;K\u00fcreselle\u015fmenin insanl\u0131k a\u00e7\u0131s\u0131ndan i-yi\/k\u00f6t\u00fc, olumlu\/olumsuz, yararl\u0131\/zararl\u0131 oldu\u011fu tart\u0131\u015fmalar\u0131 bir yana, ulus devletlerin k\u00fcresel\u00adle\u015fme kar\u015f\u0131s\u0131nda tepkisiz kalmalar\u0131, pozisyon almamalar\u0131 ku\u015fkusuz m\u00fcmk\u00fcn de\u011fildir.&quot;  <\/p>\n<p> Sn. Ayd\u0131n&#39;\u0131n da ifade etti\u011fi gibi, bu sa\u00advunma mekanizmalar\u0131n\u0131n geli\u015ftirilmesi kapsa\u00adm\u0131nda demokratikle\u015fme gereksinimlerinin kar\u00ad\u015f\u0131lanmas\u0131 \u00f6nemli bir rol oynamal\u0131d\u0131r. \u00c7\u00fcnk\u00fc yenid\u00fcnya d\u00fczenini \u00f6zg\u00fcrl\u00fckler g\u00f6r\u00fcn\u00fcm\u00fcnde sun\u00admak isteyenlerin oyunlar\u0131n\u0131n ba\u015fka \u015fekilde bo\u00adzulmas\u0131 zordur. Ayr\u0131ca takdim edilenden daha ge\u00e7erli, daha mutlu bir \u00e7\u00f6z\u00fcm bulmadan da\u00adyatman\u0131n haks\u0131zl\u0131\u011f\u0131n\u0131 g\u00f6stermek de m\u00fcmk\u00fcn de\u011fildir.  <\/p>\n<p> Prof. Ayd\u0131n yenid\u00fcnya d\u00fczeni uygulamas\u0131 ile ilgili &quot;A\u015f\u0131r\u0131 g\u00fcvenlikle\u015ftirme&quot;,&quot;G\u00fcvenli\u011fin ide-alle\u015ftirilmesi&quot;, &quot;g\u00fcvenli\u011fi sa\u011flaman\u0131n me\u015fru olmayan y\u00f6ntemleri&quot; gibi tan\u0131mlar getiriyor.  <\/p>\n<p> Prof. Ayd\u0131n k\u00fcreselle\u015fmenin etkileri kap\u00adsam\u0131nda \u015f\u00f6yle diyor:  <\/p>\n<p> &quot;Devletlerin \u00f6ncelikle iktisadi, siyasi, g\u00fc\u00advenlik, \u00e7evre, bilim ve teknoloji alanlar\u0131yla karar verme birimleri aras\u0131nda daha yak\u0131n ve etkili bir e\u015f g\u00fcd\u00fcs\u00fcne gitmeleri gerekmektedir.&quot;  <\/p>\n<p> Belirtilen alanlarda uluslararas\u0131 alanda i\u015f\u00adbirli\u011fi olanaklar\u0131n\u0131 art\u0131rma yollar\u0131n\u0131 ara\u015ft\u0131rmak varken, d\u00fcnya&#39;y\u0131 kaosa itmeyi anlamak m\u00fcmk\u00fcn de\u011fildir.  <\/p>\n<p> Prof. Dr. Mustafa Erkal &quot;K\u00fcreselle\u015fme Et\u00adkinlik, \u00c7ok K\u00fclt\u00fcrl\u00fcl\u00fck&quot; adl\u0131 eserinde, k\u00fcresel\u00adle\u015fmenin olumsuz etkilerinden bahsediyor ve T\u00fcrkiye&#39;nin kaderci tutumu hakk\u0131nda \u015fu yorumu yap\u0131yor: &quot;K\u00fcreselle\u015fme yeni tip istilayla milli devletleri ku\u015fatmakta, \u00fclkeler s\u0131cak \u00e7at\u0131\u015fma olmadan ve fark edilmeden teslim al\u0131nabilmek\u00adtedir. Hi\u00e7bir ciddi \u00fclke &#8211; AB \u00fcyeli\u011fine aday T\u00fcr\u00adkiye hari\u00e7, menfaatlerinden kolay kolay vaz\u00adge\u00e7memektedir.&quot;  <\/p>\n<p> Ortado\u011fu&#39;da, Orta Asya&#39;da, Balkanlarda ve Kafkaslardaki bar\u0131\u015f\u00e7\u0131l i\u015f ve g\u00f6n\u00fcl birli\u011fi po\u00adtansiyeli ile T\u00fcrkiye \u00e7ok etkin roller \u00fcstlenebilir. Yeter ki, \u00fczerimize \u00e7\u00f6reklenen \u00f6l\u00fc topra\u011f\u0131n\u0131 at\u0131p ba\u011f\u0131ms\u0131z ve bir politika \u00e7izme iradesini sergile\u00adyelim.  <\/p>\n<p> Bize bu y\u00f6ntemi y\u00fcce Atat\u00fcrk ya\u015fayarak \u00f6\u011fretmi\u015fti.<a name=\"_ftnref3\" href=\"#_ftn3\" title=\"_ftnref3\">[3]<\/a>  <\/p>\n<p> <strong>Ulusal \u00c7\u0131karlar Ve S\u00f6zde Ayd\u0131nlar<\/strong>  <\/p>\n<p> TC. Devleti&#39;nin ulusal \u00e7\u0131karlar\u0131 ve &#8226; devletin \u00e7\u0131karlar\u0131n\u0131 savunanlar sis\u00adtematik bir sald\u0131r\u0131 alt\u0131nda. Medyan\u0131n k\u00f6\u015felerini kapm\u0131\u015f bir k\u0131s\u0131m s\u00f6zde ayd\u0131n, T\u00fcrkiye&#39;nin AB ile ili\u015fkileri geli\u015ftik\u00e7e ve bu geli\u015fim kendileri i\u00e7in bir f\u0131rsata d\u00f6n\u00fc\u015ft\u00fck\u00e7e, sonu\u00e7ta ama\u00e7lar\u0131na ula\u015f\u00admalar\u0131 m\u00fcmk\u00fcn olmasa bile, ulusal \u00e7\u0131karlara sistematik bir \u015fekilde sald\u0131r\u0131yorlar. Ulusal \u00e7\u0131kar\u00adlara sald\u0131r\u0131, Devlet&#39;i y\u0131pratman\u0131n arac\u0131na d\u00f6n\u00fc\u00ad\u015f\u00fcrken, belki d\u0131\u015f g\u00fc\u00e7lerin T\u00fcrkiye \u00fczerindeki \u00e7\u0131karlar\u0131 i\u00e7in ortam haz\u0131rlamakla g\u00f6revli olan s\u00f6zde ayd\u0131nlar, bu g\u00fc\u00e7lerin uzant\u0131lar\u0131 i\u00e7indeki misyonlar\u0131n\u0131 yerine getirebilmek i\u00e7in ulusal \u00e7\u0131\u00adkarlar\u0131 savunanlara da sald\u0131r\u0131yorlar. Asl\u0131nda, bu s\u00f6zde ayd\u0131nlar, ulusal \u00e7\u0131karlar\u0131 savunanlara sal\u00add\u0131r\u0131rken, bilin\u00e7li bir \u015fekilde Devlet&#39;i hedef yap\u0131\u00adyorlar. Bu ki\u015filer, belki evrensel de\u011ferleri savu\u00adnuyor gibi g\u00f6r\u00fcnt\u00fc verirken, Devlet&#39;in de\u011ferlen \u0130le uzla\u015fmayan kendi de\u011ferleri gere\u011fi, belki de Devlet&#39;i sevmedikleri i\u00e7in b\u00f6yle davran\u0131yorlar; bu nedenle de Devlet&#39;i s\u00fcrekli kar\u015f\u0131lar\u0131na al\u0131yor\u00adlar; belki de bu ki\u015filer, tarihten kaynaklanan ki\u015fisel yarg\u0131lar\u0131 nedeni ile devletle hesapla\u015fabileceklerini sanma yan\u0131lg\u0131s\u0131na d\u00fc\u015f\u00fcyorlar.  <\/p>\n<p> Ulusal \u00e7\u0131karlara ve ulusal \u00e7\u0131karlara sald\u0131\u00adran s\u00f6zde ayd\u0131nlar, ulusal \u00e7\u0131karlar\u0131n, bir devle\u00adtin, uluslararas\u0131 ili\u015fkilerine y\u00f6n veren temel a-ma\u00e7lar\u0131 oldu\u011funu; \u00e7\u0131karlar\u0131n\u0131 korumay\u0131 ve geli\u015f\u00adtirmeyi ama\u00e7laman\u0131n ise Devlet&#39;in felsefesinin temelini olu\u015fturdu\u011funu; bu ama\u00e7lara y\u00f6netme\u00adyen bir devletin ise devlet olma \u00f6zelli\u011fini kay\u00adbedece\u011fini bilmez gibi g\u00f6r\u00fcn\u00fcyorlar.  <\/p>\n<p> Oysa ulusal \u00e7\u0131karlar, uluslar aras\u0131 ortamda, Devlet&#39;in temel g\u00fcvenlik ve refah ihtiya\u00e7lar\u0131n\u0131 olu\u015fturmaktad\u0131rlar; ulusal \u00e7\u0131karlar, ayn\u0131 zaman\u00adda Devlet&#39;in politika hedefleridir. Ulusal \u00e7\u0131karlar, Devlet&#39;in gayretlerinin istikametini belirleyen \u00f6ncelikli ama\u00e7lar\u0131d\u0131r. Politik hedefleri ve politika\u00ads\u0131 olmayan bir devlet nas\u0131l d\u00fc\u015f\u00fcn\u00fclemez ise ulusal \u00e7\u0131karlar\u0131n! korumay\u0131 ve geli\u015ftirmeyi ama\u00e7lamayan bir devlet d\u00fc\u015f\u00fcnmek de m\u00fcmk\u00fcn de\u011fildir. \u00c7\u00fcnk\u00fc, ulusal de\u011ferlerini ve \u00e7\u0131karlar\u0131n\u0131 korumay\u0131 ve geli\u015ftirmeyi ama\u00e7lamayan bir dev\u00adletin pusulas\u0131 olmayan bir gemiden fark\u0131 yok gibidir.  <\/p>\n<p> Yurt savunmas\u0131 (ulusal g\u00fcvenlik), refah\u0131n geli\u015ftirilmesi, b\u00f6lgesel istikrar (uluslararas\u0131 g\u00fc\u00advenlik) ve ulusal de\u011ferlerin korunmas\u0131 ve geli\u015ftirilmesi, devletin korumay\u0131 ve geli\u015ftirmeyi ama\u00e7lad\u0131\u011f\u0131 temel \u00e7\u0131karlar\u0131d\u0131r; bu ama\u00e7lar\u0131 ger\u00ad\u00e7ekle\u015ftirmeyi sa\u011flayan gayeler ise Devlet&#39;in politika hedefleridir.  <\/p>\n<p> Ba\u011f\u0131ms\u0131zl\u0131k, egemenlik, s\u0131n\u0131rlar\u0131n\u0131n ve halk\u0131n\u0131n g\u00fcvenli\u011fi, birli\u011finin, b\u00fct\u00fcnl\u00fc\u011f\u00fcn\u00fcn, \u00fcniter yap\u0131n\u0131n korunmas\u0131 Devlet&#39;in g\u00fcvenlik \u00e7\u0131karlar\u0131n\u0131 olu\u015ftururlar. \u00dclke halk\u0131n\u0131n ya\u015fam kalitesinin geli\u015ftirilmesi ve Devlet&#39;in daha da zenginle\u015ftirilmesi ise ama\u00e7lanan temel refah \u00e7\u0131karlar\u0131d\u0131r. T\u00fcrkiye&#39;nin ilgi ve etki alan\u0131ndaki b\u00f6lgelerde ve \u00fclkelerde daha avantajl\u0131 politik, ekonomik ve g\u00fcvenlik \u015fartlar\u0131n\u0131n sa\u011flanmas\u0131n\u0131 ama\u00e7layan \u00e7\u0131karlar\u0131 ise b\u00f6lgesel istikrar (ulus\u00adlararas\u0131 g\u00fcvenlik) \u00e7\u0131karlar\u0131d\u0131r. Uluslararas\u0131 g\u00fc\u00advenlik \u00e7\u0131karlar\u0131 genelde, avantajl\u0131 b\u00f6lgesel bar\u0131\u015f ve istikrar \u015fartlar\u0131n\u0131 olu\u015fturmay\u0131 ve bu \u015fartlar\u0131 geli\u015ftirmeyi ama\u00e7larlar.  <\/p>\n<p> Devlet, ulusal de\u011ferlerinin korunmas\u0131n\u0131 ve geli\u015ftirilmesini de ama\u00e7lar. T.C. Devleti&#39;nin ulusal de\u011ferleri, Devlet&#39;in karakterini belirleyen, politik sistemine ve sosyal d\u00fczenine y\u00f6n veren sosyal, hukuki, moral ve ekonomik de\u011ferleridir ve bu de\u011ferler ulusal \u00e7\u0131karlar\u0131n \u00f6z\u00fcn\u00fc, ulusal politikan\u0131n ise de\u011fi\u015fmeyen hedeflerini olu\u015ftu\u00adrurlar. T.C Devleti&#39;nin ulusal de\u011ferlen Anayasa&#39;da +belirtilmi\u015ftir ve bu de\u011ferlerin baz\u0131lar\u0131 de\u011fi\u015ftirilemez mahiyettedir. Ba\u011f\u0131ms\u0131zl\u0131k, ege\u00admenlik, b\u00f6l\u00fcnmezlik, demokrasi, sosyal hukuk devleti, Atat\u00fcrk\u00e7\u00fc milliyet\u00e7ilik, laiklik, halk\u0131n refah\u0131 ve mutlulu\u011fu, \u00e7a\u011fda\u015fla\u015fma, ulusal daya\u00adn\u0131\u015fma, insan haklar\u0131 ve e\u015fitlik Devlet&#39;in koruma\u00ady\u0131 ve geli\u015ftirmeyi ama\u00e7lad\u0131\u011f\u0131 temel de\u011ferleridir. T.C. Devleti&#39;nin bu temel de\u011ferleri topluca, &#39;Cumhuriyetin vazge\u00e7ilmez &#39;amac\u0131&#39;n\u0131 da olu\u015f\u00adtururlar.  <\/p>\n<p> S\u00f6zde ayd\u0131nlar, bilin\u00e7li olarak sadece ev\u00adrensel de\u011ferler olarak tan\u0131mlad\u0131klar\u0131 demokrasi ve insan haklar\u0131 de\u011ferlerini \u00d6ne \u00e7\u0131karmakta, Devlet&#39;in di\u011fer de\u011ferlerini yok saymakta veya ama\u00e7lar\u0131 i\u00e7in ba\u011f\u0131ms\u0131zl\u0131k, egemenlik, b\u00f6l\u00fcnmez\u00adlik ve Atat\u00fcrk milliyet\u00e7ili\u011fi de\u011ferlerini y\u0131pratma\u00adya \u00e7al\u0131\u015fmaktad\u0131rlar. Ulusal \u00e7\u0131karlar\u0131 ve Cumhuri\u00adyeti savunanlar ise Devlet&#39;in Anayasa&#39;da yer alan t\u00fcm de\u011ferlerine sahip \u00e7\u0131kmaktad\u0131rlar. Bu durum, Devlet&#39;in de\u011ferlerinin sadece baz\u0131lar\u0131n\u0131 benimseyen ve di\u011ferlerine kar\u015f\u0131 hasmane tav\u0131r i\u00e7ine giren s\u00f6zde ayd\u0131nlarla, ulusai de\u011ferlerin t\u00fcm\u00fcn\u00fc ve ulusal \u00e7\u0131karlar\u0131 savunanlar aras\u0131ndaki temel farkl\u0131l\u0131kla birlikte, Cumhuriyet de\u011ferlerini savunanlar ile Devlet kar\u015f\u0131t\u0131 olanlar aras\u0131ndaki gittik\u00e7e enerji toplayan fay hatt\u0131n\u0131 da olu\u015ftur\u00admaktad\u0131r.  <\/p>\n<p> Ulusal \u00e7\u0131karlara, ulusal \u00e7\u0131kartan savunan\u00adlara sald\u0131ranlar, evrensel de\u011ferler olarak ta\u00adn\u0131mlad\u0131klar\u0131 bireycili\u011fin, \u00e7o\u011fulculu\u011fun yani de\u00admokrasi de\u011ferlerinin Devletin di\u011fer de\u011ferlerine ve \u00e7\u0131karlar\u0131na \u00fcst\u00fcn olmas\u0131 gerekti\u011fini savunur\u00adken de Devlet&#39;i hedef yapmaktad\u0131rlar. Asl\u0131nda bu talep bir sapt\u0131rman\u0131n g\u00f6r\u00fcnt\u00fcs\u00fcn\u00fc de olu\u015f\u00adturmaktad\u0131r; \u00e7\u00fcnk\u00fc, Devlet&#39;in amac\u0131, devletin de\u011ferlerini ve \u00e7\u0131karlar\u0131n\u0131 koruma ve geli\u015ftirme gayretlerini s\u00fcrd\u00fcrmekle birlikte, dengeleri de g\u00f6zeterek, \u00f6zg\u00fcrl\u00fckleri, bireysel ve \u00e7o\u011fulcu de\u011ferleri de korumak ve geli\u015ftirmektir ve Dev\u00adlet&#39;i y\u00f6netenler bu ama\u00e7 i\u00e7in Anayasa ile g\u00f6rev\u00adlendirilmi\u015flerdir. Uygulamadaki yanl\u0131\u015fl\u0131klar ve noksanl\u0131klar ise Devlet&#39;in temel felsefesinden de\u011fil, uygulamalardaki sapmalardan kaynak\u00adlanmaktad\u0131rlar.  <\/p>\n<p> Ulusal politikalar\u0131n ve stratejilerin uygu\u00adlanmas\u0131ndan a ma\u00e7, bireylerden olu\u015fan ulusa ve Devlete y\u00f6nelmi\u015f tehlikelere ve tehditlere kar\u015f\u0131 tedbirler geli\u015ftirmek ve bu tedbirleri uygulamak; ortaya \u00e7\u0131kan f\u0131rsatlarla de\u011ferleri ve \u00e7\u0131karlar\u0131 geli\u015ftirmektir. De\u011ferlerin ve \u00e7\u0131karlar\u0131n etkilenme \u015fiddet ise tedbirlerin mahiyetini ve seviyesini belirlemektedir. Ulusal de\u011ferleri Anayasa belir\u00adlemi\u015ftir. Anayasa&#39;da yer alan ulusal de\u011ferlerin korunmas\u0131n\u0131 ve geli\u015ftirilmesini esas alan ulusal \u00e7\u0131karlar\u0131 ise i\u00e7inde bulunulan politik ortam da dikkate al\u0131narak, Devlet&#39;in ilgili kurumlan tespit etmektedir ve bu y\u00f6ntem, \u00e7a\u011fda\u015f t\u00fcm ulus devletler i\u00e7in ge\u00e7erlidir.  <\/p>\n<p> K\u00fcreselle\u015fmenin etkili oldu\u011fu s\u00fcre\u00e7\u00adte\/devlet kar\u015f\u0131tlar\u0131nca, ulus devletin modas\u0131n\u0131n ge\u00e7ti\u011fi de iddia edilmektedir. Bu tezi savunan\u00adlar, k\u00fcresellestirenierin ulus devlet \u00f6zelliklerini ve niteliklerini titizlikle korumaya \u00e7al\u0131\u015ft\u0131klar\u0131n\u0131; asl\u0131nda k\u00fcreselle\u015fme denilen olgunun, k\u00fcresel-le\u015ftirme gayreti i\u00e7inde olanlar\u0131n ulusal \u00e7\u0131karlar\u0131 i\u00e7in bir politik ara\u00e7 oldu\u011funu; yeni y\u00fczy\u0131l\u0131n en ciddi \u00e7at\u0131\u015fmas\u0131n\u0131n ise k\u00fcreselle\u015ftirenlerle k\u00fcre\u00adselle\u015fmeye kar\u015f\u0131 direnenler arsas\u0131nda geli\u015f\u00admekte oldu\u011funu c\u00f6rrnez gibi davranarak da Devleri hedef yapmaktad\u0131rlar,  <\/p>\n<p> Ulusal de\u011ferlerin ve \u00e7\u0131karlar\u0131n korunmas\u0131\u00adn\u0131 ve geli\u015ftirilmesini ama\u00e7lamak, geli\u015ftirilen politikalar\u0131 ve stratejileri ulusal de\u011ferlere g\u00f6re ve \u00e7\u0131karlara g\u00f6re y\u00f6nlendirmek, devlet olman\u0131n vazge\u00e7ilmez gere\u011fidir ve bu ger\u00e7e\u011fi anlamadan &#39;ger\u00e7ek ayd\u0131n&#39; olmak m\u00fcmk\u00fcn de\u011fildir. Bu sis\u00adtemati\u011fin \u00e7a\u011fda\u015f b\u00fct\u00fcn devletler taraf\u0131ndan benimsendi\u011fini ve uyguland\u0131\u011f\u0131n\u0131 biliniyorken, ulusal \u00e7\u0131karlara, ulusal \u00e7\u0131karlar\u0131 savunanlara, Devlet&#39;i savunanlara sald\u0131ranlar\u0131\/T\u00fcrk ayd\u0131n\u0131&#39; olarak benimsemek de m\u00fcmk\u00fcn de\u011fildir.<a name=\"_ftnref4\" href=\"#_ftn4\" title=\"_ftnref4\">[4]<\/a>  <\/p>\n<p> &#160; <\/p>\n<p align=\"center\"> &#160; <\/p>\n<p align=\"center\"> &#160; <\/p>\n<p align=\"center\"> &#160; <\/p>\n<p> <\/p>\n<hr \/>\n<p> <a name=\"_ftn1\" href=\"#_ftnref1\" title=\"_ftn1\">[1]<\/a> Milli Gazete \/ 23.02.2006  <\/p>\n<p> <a name=\"_ftn2\" href=\"#_ftnref2\" title=\"_ftn2\">[2]<\/a> Yekta G. \u00d6zden  <\/p>\n<p> <a name=\"_ftn3\" href=\"#_ftnref3\" title=\"_ftn3\">[3]<\/a> (E) Org. \u015eener Eruygur \/ Jeopolitik &#8211; Aral\u0131k 2005  <\/p>\n<p> <a name=\"_ftn4\" href=\"#_ftnref4\" title=\"_ftn4\">[4]<\/a> (E) Tu\u011fgeneral Nejat Eslen \/ Jeopolitik say\u0131:23  <\/p>\n","protected":false},"excerpt":{"rendered":"<p>\u00a0  <\/p>\n<p> <strong><em>&quot;AB ile uyum safsatalar\u0131, Demokratikle\u015fme salatalar\u0131, K\u00fcreselle\u015fme yutturmacalar\u0131, Dinleraras\u0131 Diyalog numaralar\u0131, Medeniyetler bulu\u015fmas\u0131 balonlar\u0131&quot; gibi jelatinli k\u0131l\u0131flar alt\u0131nda, T\u00fcrkiye resmen ve ismen de\u011filse bile, fikren ve fiilen eyaletlere b\u00f6l\u00fcnmeye haz\u0131rlan\u0131yor.<\/em><\/strong>  <\/p>\n<p> <strong><em>ABD&#39;li ve AB&#39;li patronlar planl\u0131yor, AKP gibi piyonlar pazarl\u0131yor.<\/em><\/strong>  <\/p>\n<p> <strong><em>\u00dclkemiz karanl\u0131k ve karma\u015f\u0131k bir ortama do\u011fru s\u00fcr\u00fckleniyor.<\/em><\/strong>  <\/p>\n<p> <strong><em>Art\u0131k k\u00f6kl\u00fc bir devrim ka\u00e7\u0131n\u0131lmaz g\u00f6z\u00fck\u00fcyor. Bu konuda Milli olu\u015fumlara, yerli ve haysiyetli ayd\u0131nlar\u0131m\u0131za \u00e7ok i\u015f d\u00fc\u015f\u00fcyor.<\/em><\/strong>  <\/p>\n","protected":false},"author":15,"featured_media":0,"comment_status":"open","ping_status":"closed","sticky":false,"template":"","format":"standard","meta":{"footnotes":""},"categories":[36],"tags":[],"class_list":["post-203","post","type-post","status-publish","format-standard","hentry","category-nisan-2006"],"_links":{"self":[{"href":"https:\/\/www.millicozum.com\/mc\/wp-json\/wp\/v2\/posts\/203","targetHints":{"allow":["GET"]}}],"collection":[{"href":"https:\/\/www.millicozum.com\/mc\/wp-json\/wp\/v2\/posts"}],"about":[{"href":"https:\/\/www.millicozum.com\/mc\/wp-json\/wp\/v2\/types\/post"}],"author":[{"embeddable":true,"href":"https:\/\/www.millicozum.com\/mc\/wp-json\/wp\/v2\/users\/15"}],"replies":[{"embeddable":true,"href":"https:\/\/www.millicozum.com\/mc\/wp-json\/wp\/v2\/comments?post=203"}],"version-history":[{"count":0,"href":"https:\/\/www.millicozum.com\/mc\/wp-json\/wp\/v2\/posts\/203\/revisions"}],"wp:attachment":[{"href":"https:\/\/www.millicozum.com\/mc\/wp-json\/wp\/v2\/media?parent=203"}],"wp:term":[{"taxonomy":"category","embeddable":true,"href":"https:\/\/www.millicozum.com\/mc\/wp-json\/wp\/v2\/categories?post=203"},{"taxonomy":"post_tag","embeddable":true,"href":"https:\/\/www.millicozum.com\/mc\/wp-json\/wp\/v2\/tags?post=203"}],"curies":[{"name":"wp","href":"https:\/\/api.w.org\/{rel}","templated":true}]}}