{"id":2081,"date":"2011-07-28T15:15:37","date_gmt":"2011-07-28T15:15:37","guid":{"rendered":"https:\/\/www.millicozum.com\/mc\/2011\/07\/28\/suriyeden-sonra-sira-turkiyede\/"},"modified":"2011-07-28T15:15:37","modified_gmt":"2011-07-28T15:15:37","slug":"suriyeden-sonra-sira-turkiyede","status":"publish","type":"post","link":"https:\/\/www.millicozum.com\/mc\/2011\/agustos-2011\/suriyeden-sonra-sira-turkiyede\/","title":{"rendered":"SUR\u0130YE\u2019DEN SONRA, SIRA T\u00dcRK\u0130YE\u2019DE"},"content":{"rendered":"<div>   <\/div>\n<div><span style=\"color: #000000; font-family: Times New Roman; font-size: small;\"> <\/span><\/div>\n<div style=\"margin: 0cm 0cm 0pt; text-align: justify; line-height: 150%; text-indent: 1cm; mso-pagination: none;\" class=\"MsoNormal\"><span style=\"font-family: &quot;Arial&quot;,&quot;sans-serif&quot;;\"><span style=\"font-size: small;\"><span style=\"color: #000000;\">BOP \u00e7er\u00e7evesinde 27 \u0130slam \u00fclkesi (harita \u00fczerinde resmen olmasa da) fiilen par\u00e7alan\u0131rken ve Tunus\u2019ta ba\u015flayan Arap Bahar\u0131 halk k\u0131yamlar\u0131 bu y\u00f6nde manip\u00fcle edilip, son olarak Libya ve \u015fimdi Suriye d\u0131\u015f m\u00fcdahalelerle yeniden dizayn edilirken, art\u0131k s\u0131ra T\u00fcrkiye\u2019ye gelmekteydi. 14 Haziran 2011 Kanal 7 haberlerinde, Suriye\u2019den ka\u00e7\u0131p Hatay\u2019a s\u0131\u011f\u0131nan bir m\u00fcltecinin:<o:o:o:o:p><\/o:o:o:o:p><\/span><\/span><\/span><\/div>\n<div><span style=\"color: #000000; font-family: Times New Roman; font-size: small;\"> <\/span><\/div>\n<div style=\"margin: 0cm 0cm 0pt; text-align: justify; line-height: 150%; text-indent: 1cm; mso-pagination: none;\" class=\"MsoNormal\"><span style=\"font-size: small;\"><span style=\"color: #000000;\"><b style=\"mso-bidi-font-weight: normal;\"><i style=\"mso-bidi-font-style: normal;\"><span style=\"font-family: &quot;Arial&quot;,&quot;sans-serif&quot;;\">\u201c\u00dclkemizi d\u0131\u015far\u0131dan gelenler kar\u0131\u015ft\u0131r\u0131p k\u0131\u015fk\u0131rt\u0131yor\u201d<\/span><\/i><\/b><span style=\"font-family: &quot;Arial&quot;,&quot;sans-serif&quot;;\"> s\u00f6zleri olduk\u00e7a \u00f6nemli ipu\u00e7lar\u0131 vermekteydi. MOSSAD g\u00fcd\u00fcml\u00fc organ mafyas\u0131n\u0131n melanetleri ise olaylardaki \u0130srail parma\u011f\u0131n\u0131 de\u015fifre etmekteydi.<\/span><span style=\"line-height: 150%; font-family: &quot;Arial&quot;,&quot;sans-serif&quot;; font-size: 11pt; mso-bidi-font-size: 14.0pt;\"><o:o:o:o:p><\/o:o:o:o:p><\/span><\/span><\/span><\/div>\n<div><span style=\"color: #000000; font-family: Times New Roman; font-size: small;\"> <\/span><\/div>\n<div style=\"margin: 0cm 0cm 0pt; text-align: justify; line-height: 150%; text-indent: 1cm; mso-pagination: none;\" class=\"MsoNormal\"><b style=\"mso-bidi-font-weight: normal;\"><span style=\"line-height: 150%; font-family: &quot;Arial&quot;,&quot;sans-serif&quot;; font-size: 11pt; mso-bidi-font-size: 14.0pt;\"><span style=\"color: #000000;\">Bat\u0131, Suriye&#8217;yi de b\u00f6lmek istiyor!<o:o:o:o:p><\/o:o:o:o:p><\/span><\/span><\/b><\/div>\n<div><span style=\"color: #000000; font-family: Times New Roman; font-size: small;\"> <\/span><\/div>\n<div style=\"margin: 0cm 0cm 0pt; text-align: justify; line-height: 150%; text-indent: 1cm; mso-pagination: none;\" class=\"MsoNormal\"><span style=\"line-height: 150%; font-family: &quot;Arial&quot;,&quot;sans-serif&quot;; font-size: 10pt; mso-bidi-font-size: 12.0pt;\"><span style=\"color: #000000;\">Suriye&#8217;nin \u00f6nde gelen insan haklar\u0131 grubu \u015eam Deklarasyonu T\u00fcrkiye Temsilcisi Halit Hoca: <o:o:o:o:p><\/o:o:o:o:p><\/span><\/span><\/div>\n<div><span style=\"color: #000000; font-family: Times New Roman; font-size: small;\"> <\/span><\/div>\n<div style=\"margin: 0cm 0cm 0pt; text-align: justify; line-height: 150%; text-indent: 1cm; mso-pagination: none;\" class=\"MsoNormal\"><span style=\"line-height: 150%; font-family: &quot;Arial&quot;,&quot;sans-serif&quot;; font-size: 10pt; mso-bidi-font-size: 12.0pt;\"><span style=\"color: #000000;\">T\u00fcrkiye ile Suriye&#8217;nin b\u00f6lgenin iki \u00f6nemli karde\u015f \u00fclkesi oldu\u011funu hat\u0131rlatarak: &#8220;54. h\u00fck\u00fcmetin Ba\u015fbakan\u0131 merhum Prof. Dr. Necmettin Erbakan Hocam\u0131z bir r\u00f6portaj\u0131nda \u201cSuriye&#8217;yle kucakla\u015f\u0131p kayna\u015faca\u011f\u0131z\u201d demi\u015fti. Suriye halk\u0131 da b\u00f6ylesi mutlu geli\u015fmeleri beklemekteydi\u201d diyordu.<o:o:o:o:p><\/o:o:o:o:p><\/span><\/span><\/div>\n<div><span style=\"color: #000000; font-family: Times New Roman; font-size: small;\"> <\/span><\/div>\n<div style=\"margin: 0cm 0cm 0pt; text-align: justify; line-height: 150%; text-indent: 1cm; mso-pagination: none;\" class=\"MsoNormal\"><span style=\"line-height: 150%; font-family: &quot;Arial&quot;,&quot;sans-serif&quot;; font-size: 10pt; mso-bidi-font-size: 12.0pt;\"><span style=\"color: #000000;\">Bat\u0131 \u00fclkelerinin Suriye \u00fczerinde de b\u00f6lme planlar\u0131 oldu\u011funu kaydediyordu. &#8220;Bat\u0131 Suriye&#8217;yi de \u00fc\u00e7e b\u00f6lmek istiyor. N\u00fcfus yap\u0131s\u0131yla b\u00f6lmek istiyor. Suriye&#8217;de Ermeni&#8217;si, K\u00fcrd\u00fc, T\u00fcrk&#8217;\u00fc, Alevi&#8217;si, S\u00fcnni&#8217;si, D\u00fcrz\u00fc&#8217;s\u00fc var. Biraz L\u00fcbnan&#8217;a benzer, fakat L\u00fcbnan gibi bir y\u00f6netimi yok. Halk tek toprak \u00fczerinde bu reformlar\u0131n yap\u0131lmas\u0131n\u0131 istiyor. Vatanda\u015f toprak b\u00fct\u00fcnl\u00fc\u011f\u00fcn\u00fc koruyarak, vatanda\u015fl\u0131k \u00fczerine reformlar\u0131 istiyor. \u0130stedi\u011fi reform, sadece ola\u011fan \u00fcst\u00fc halin kald\u0131r\u0131lmas\u0131 de\u011fil, bir reform paketidir. O paketin i\u00e7erisinde partililerin mecliste temsili hakk\u0131 da var, ekonominin \u015feffaf olmas\u0131 da var.&#8221;<\/span><a style=\"mso-footnote-id: ftn1;\" name=\"_ftnref1\" href=\"#_ftn1\"><span class=\"MsoFootnoteReference\"><span style=\"mso-special-character: footnote;\"><span class=\"MsoFootnoteReference\"><span style=\"font-family: &quot;Arial&quot;,&quot;sans-serif&quot;; font-size: 10pt; mso-bidi-font-size: 12.0pt; mso-fareast-font-family: &quot;Times New Roman&quot;; mso-ansi-language: TR; mso-fareast-language: TR; mso-bidi-language: AR-SA;\"><span style=\"text-decoration: underline;\"><span style=\"color: #0066cc;\">[1]<\/span><\/span><\/span><\/span><\/span><\/span><\/a><o:o:o:o:p><\/o:o:o:o:p><\/span><\/div>\n<div><span style=\"color: #000000; font-family: Times New Roman; font-size: small;\"> <\/span><\/div>\n<div style=\"margin: 0cm 0cm 0pt; text-align: justify; line-height: 150%; text-indent: 1cm; mso-pagination: none;\" class=\"MsoNormal\"><b style=\"mso-bidi-font-weight: normal;\"><span style=\"font-family: &quot;Arial&quot;,&quot;sans-serif&quot;;\"><span style=\"font-size: small;\"><span style=\"color: #000000;\">Suriye\u2019deki zalim ve hain Baas gibi rejimlerin ve <span style=\"background: #ffffff; mso-highlight: yellow;\">diktat\u00f6rlerin <\/span>elbette y\u0131k\u0131lmas\u0131 ve \u0130slam \u00fclkelerinde bar\u0131\u015f, huzur ve h\u00fcrriyetin sa\u011flanmas\u0131 gerekiyordu. Ama bu y\u00f6ndeki ayaklanmalar\u0131, ABD ve \u0130srail\u2019in ve i\u015fbirlik\u00e7ilerinin organize etmesi bizi ku\u015fkuland\u0131r\u0131yor ve kafalar\u0131 kar\u0131\u015ft\u0131r\u0131yordu.<o:o:o:o:p><\/o:o:o:o:p><\/span><\/span><\/span><\/b><\/div>\n<div><span style=\"color: #000000; font-family: Times New Roman; font-size: small;\"> <\/span><\/div>\n<div style=\"margin: 0cm 0cm 0pt; text-align: justify; line-height: 150%; text-indent: 1cm; mso-pagination: none;\" class=\"MsoNormal\"><span style=\"font-size: small;\"><span style=\"color: #000000;\"><b style=\"mso-bidi-font-weight: normal;\"><span style=\"font-family: &quot;Arial&quot;,&quot;sans-serif&quot;;\">ABD, BOP operasyonlar\u0131nda T\u00fcrkiye&#8217;yi kararg\u00e2h olarak kullan\u0131yor!<\/span><\/b><b style=\"mso-bidi-font-weight: normal;\"><span style=\"line-height: 150%; font-family: &quot;Arial&quot;,&quot;sans-serif&quot;; font-size: 11pt; mso-bidi-font-size: 14.0pt;\"><o:o:o:o:p><\/o:o:o:o:p><\/span><\/b><\/span><\/span><\/div>\n<div><span style=\"color: #000000; font-family: Times New Roman; font-size: small;\"> <\/span><\/div>\n<div style=\"margin: 0cm 0cm 0pt; text-align: justify; line-height: 150%; text-indent: 1cm; mso-pagination: none;\" class=\"MsoNormal\"><span style=\"line-height: 150%; font-family: &quot;Arial&quot;,&quot;sans-serif&quot;; font-size: 10pt; mso-bidi-font-size: 12.0pt;\"><span style=\"color: #000000;\">Maalesef ABD, b\u00f6lge operasyonlar\u0131nda T\u00fcrkiye&#8217;yi kararg\u00e2h olarak kullan\u0131yordu. \u2018E\u015fg\u00fcd\u00fcm\u2019, Erdo\u011fan-Obama telefon trafi\u011fiyle sa\u011flan\u0131yordu. Geni\u015fletilmi\u015f B\u00fcy\u00fck Ortado\u011fu ve Kuzey Afrika Projesi \u00e7er\u00e7evesinde \u00fclkelerin b\u00f6l\u00fcnmesi operasyonlar\u0131 h\u0131zla s\u00fcrerken, ABD&#8217;nin T\u00fcrkiye&#8217;deki faaliyetleri art\u0131yordu. <o:o:o:o:p><\/o:o:o:o:p><\/span><\/span><\/div>\n<div><span style=\"color: #000000; font-family: Times New Roman; font-size: small;\"> <\/span><\/div>\n<div style=\"margin: 0cm 0cm 0pt; text-align: justify; line-height: 150%; text-indent: 1cm; mso-pagination: none;\" class=\"MsoNormal\"><span style=\"line-height: 150%; font-family: &quot;Arial&quot;,&quot;sans-serif&quot;; font-size: 10pt; mso-bidi-font-size: 12.0pt;\"><span style=\"color: #000000;\">Daha \u00f6nce Suriye Lideri Esad&#8217;\u0131 hedef alan eylemlerde \u00f6ne \u00e7\u0131kan ve MOSSAD\u2019la ilgileri saptanan bir heyet 25 \u015eubat&#8217;ta T\u00fcrkiye&#8217;ye geliyor ve \u00e7e\u015fitli g\u00f6r\u00fc\u015fmelere kat\u0131l\u0131yordu. Los Angeles Times gazetesi de 2008 y\u0131l\u0131ndan beri 5 binden fazla siyasi eylemcinin L\u00fcbnan, T\u00fcrkiye ve Irak gibi \u00fclkelerde d\u00fczenlenen 100&#8217;den fazla kursa g\u00f6nderildi\u011fini a\u00e7\u0131kl\u0131yordu. Son olarak CIA Ba\u015fkan\u0131 Leon Panetta&#8217;n\u0131n Mart ay\u0131 sonunda T\u00fcrkiye&#8217;ye geldi\u011fi \u00f6\u011freniliyordu. NATO&#8217;nun Libya operasyonunun s\u00fcrd\u00fc\u011f\u00fc bir d\u00f6nemde ger\u00e7ekle\u015fen bu ziyaretin Suriye&#8217;de olaylar\u0131n ba\u015flad\u0131\u011f\u0131 g\u00fcnlere denk gelmesi de dikkat \u00e7ekiyordu.<o:o:o:o:p><\/o:o:o:o:p><\/span><\/span><\/div>\n<div><span style=\"color: #000000; font-family: Times New Roman; font-size: small;\"> <\/span><\/div>\n<div style=\"margin: 0cm 0cm 0pt; text-align: justify; line-height: 150%; text-indent: 1cm; mso-pagination: none;\" class=\"MsoNormal\"><b style=\"mso-bidi-font-weight: normal;\"><span style=\"line-height: 150%; font-family: &quot;Arial&quot;,&quot;sans-serif&quot;; font-size: 10pt; mso-bidi-font-size: 12.0pt;\"><span style=\"color: #000000;\">5 g\u00fcn s\u00fcren s\u0131r dolu ziyaret, turistik ama\u00e7l\u0131 m\u0131 yap\u0131l\u0131yordu?<o:o:o:o:p><\/o:o:o:o:p><\/span><\/span><\/b><\/div>\n<div><span style=\"color: #000000; font-family: Times New Roman; font-size: small;\"> <\/span><\/div>\n<div style=\"margin: 0cm 0cm 0pt; text-align: justify; line-height: 150%; text-indent: 1cm; mso-pagination: none;\" class=\"MsoNormal\"><span style=\"line-height: 150%; font-family: &quot;Arial&quot;,&quot;sans-serif&quot;; font-size: 10pt; mso-bidi-font-size: 12.0pt;\"><span style=\"color: #000000;\">\u00dcst \u00fcste ya\u015fanan geli\u015fmeler, ABD&#8217;nin b\u00f6lgeye ili\u015fkin ad\u0131mlan\u0131n T\u00fcrkiye \u00fczerinden planland\u0131\u011f\u0131 g\u00f6r\u00fc\u015f\u00fcn\u00fc destekliyordu. Sabah gazetesinde yay\u0131nlanan &#8220;CIA Ba\u015fkan\u0131n\u0131n gizli T\u00fcrkiye ziyareti&#8221; haberi de bunu g\u00f6steriyordu. Gazetede haber \u015f\u00f6yle sunuldu: &#8220;ABD Merkezi Haberalma Te\u015fkilat\u0131 (CIA) Ba\u015fkan\u0131 Leon Panetta Mart ay\u0131 sonunda T\u00fcrkiye&#8217;ye s\u00fcrpriz bir ziyaret yapt\u0131. Panetta&#8217;n\u0131n 5 g\u00fcn s\u00fcren Ankara ziyareti kamuoyundan s\u0131r gibi sakland\u0131. &#8216;Gizli Gizli&#8217; koduyla yap\u0131lan g\u00f6r\u00fc\u015fmelerde CIA Ba\u015fkan\u0131 ve heyeti kay\u0131tlara &#8216;\u00c7ok \u00d6nemli Konuk&#8217; olarak yaz\u0131ld\u0131. Panetta, M\u0130T M\u00fcste\u015far\u0131 Hakan Fidan&#8217;\u0131n yan\u0131 s\u0131ra H\u00fck\u00fcmet ve Genelkurmay yetkilileri ile de bulu\u015fmu\u015flard\u0131. CIA Ba\u015fkan\u0131 Panetta&#8217;n\u0131n Ankara temaslar\u0131nda Arap isyanlar\u0131 konusu ilk s\u0131rada yer ald\u0131. Daha \u00f6nce FBI Ba\u015fkan\u0131 Robert Mueller de Kas\u0131m 2009&#8217;da T\u00fcrkiye&#8217;ye gelmi\u015f ve h\u00fck\u00fcmete yol haritas\u0131 sunmu\u015flard\u0131. Gizli y\u00fcr\u00fct\u00fclen g\u00f6r\u00fc\u015fmelerde Amerikal\u0131lara T\u00fcrkiye&#8217;de Ortado\u011fu b\u00f6lgesinin en kapsaml\u0131 istihbarat istasyonunu kurmas\u0131 i\u00e7in gerekli iznin verildi\u011fi ortaya \u00e7\u0131km\u0131\u015ft\u0131. Bu ziyaretten hemen sonra i\u00e7inde yabanc\u0131 istihbarat\u00e7\u0131lar\u0131n da istihdam edilece\u011fi \u201cKamu G\u00fcvenli\u011fi M\u00fcste\u015farl\u0131\u011f\u0131\u201d kurulmas\u0131 i\u00e7in haz\u0131rl\u0131klar h\u0131zland\u0131r\u0131lm\u0131\u015f ve ilgili yasa tasar\u0131s\u0131 TBMM&#8217;ye ta\u015f\u0131nm\u0131\u015ft\u0131.<o:o:o:o:p><\/o:o:o:o:p><\/span><\/span><\/div>\n<div><span style=\"color: #000000; font-family: Times New Roman; font-size: small;\"> <\/span><\/div>\n<div style=\"margin: 0cm 0cm 0pt; text-align: justify; line-height: 150%; text-indent: 1cm; mso-pagination: none;\" class=\"MsoNormal\"><b style=\"mso-bidi-font-weight: normal;\"><span style=\"line-height: 150%; font-family: &quot;Arial&quot;,&quot;sans-serif&quot;; font-size: 10pt; mso-bidi-font-size: 12.0pt;\"><span style=\"color: #000000;\">Obama-Erdo\u011fan telefon g\u00f6r\u00fc\u015fmeleri s\u0131kla\u015f\u0131yor!<o:o:o:o:p><\/o:o:o:o:p><\/span><\/span><\/b><\/div>\n<div><span style=\"color: #000000; font-family: Times New Roman; font-size: small;\"> <\/span><\/div>\n<div style=\"margin: 0cm 0cm 0pt; text-align: justify; line-height: 150%; text-indent: 1cm; mso-pagination: none;\" class=\"MsoNormal\"><span style=\"line-height: 150%; font-family: &quot;Arial&quot;,&quot;sans-serif&quot;; font-size: 10pt; mso-bidi-font-size: 12.0pt;\"><span style=\"color: #000000;\">Obama-Erdo\u011fan g\u00f6r\u00fc\u015fmelerinin bu kadar s\u0131k ger\u00e7ekle\u015fmesi siyasi g\u00f6zlemciler taraf\u0131ndan &#8220;operasyonlarda e\u015fg\u00fcd\u00fcm sa\u011flan\u0131yor&#8221; \u015feklinde de\u011ferlendiriliyordu. Son Obama-Erdo\u011fan g\u00f6r\u00fc\u015fmesinden sonra Beyaz Saray&#8217;dan yap\u0131lan resmi a\u00e7\u0131klama da bunu do\u011fruluyordu.<o:o:o:o:p><\/o:o:o:o:p><\/span><\/span><\/div>\n<div><span style=\"color: #000000; font-family: Times New Roman; font-size: small;\"> <\/span><\/div>\n<div style=\"margin: 0cm 0cm 0pt; text-align: justify; line-height: 150%; text-indent: 1cm; mso-pagination: none;\" class=\"MsoNormal\"><b style=\"mso-bidi-font-weight: normal;\"><span style=\"line-height: 150%; font-family: &quot;Arial&quot;,&quot;sans-serif&quot;; font-size: 10pt; mso-bidi-font-size: 12.0pt;\"><span style=\"color: #000000;\">Suriye\u2019ye m\u00fcdahale k\u0131l\u0131f\u0131: K\u00fcrt m\u00fcltecilere Suriye\u2019de barikat kuruluyor!<o:o:o:o:p><\/o:o:o:o:p><\/span><\/span><\/b><\/div>\n<div><span style=\"color: #000000; font-family: Times New Roman; font-size: small;\"> <\/span><\/div>\n<div style=\"margin: 0cm 0cm 0pt; text-align: justify; line-height: 150%; text-indent: 1cm; mso-pagination: none;\" class=\"MsoNormal\"><span style=\"line-height: 150%; font-family: &quot;Arial&quot;,&quot;sans-serif&quot;; font-size: 10pt; mso-bidi-font-size: 12.0pt;\"><span style=\"color: #000000;\">Independent T\u00fcrkiye\u2019nin m\u00fclteci ak\u0131n\u0131na kar\u015f\u0131 Suriye s\u0131n\u0131rlar\u0131 i\u00e7inde \u2018g\u00fcvenli b\u00f6lge\u2019 olu\u015fturaca\u011f\u0131n\u0131 yazm\u0131\u015ft\u0131. \u0130ngiliz gazetesi Independent\u2019\u0131n deneyimli Ortado\u011fu muhabiri Robert Fisk, Suriye\u2019den y\u00f6nelebilecek bir m\u00fclteci ak\u0131n\u0131ndan kayg\u0131lanan T\u00fcrkiye\u2019nin \u2018gizli plan\u2019 yapt\u0131\u011f\u0131n\u0131, T\u00fcrk generallerin Suriye topraklar\u0131 i\u00e7inde \u2018g\u00fcvenli b\u00f6lge\u2019 olu\u015fturmaya y\u00f6nelik bir operasyon haz\u0131rlad\u0131klar\u0131n\u0131 g\u00fcndeme ta\u015f\u0131m\u0131\u015ft\u0131. Oysa bu durum, resmen Suriye\u2019ye m\u00fcdahale anlam\u0131ndayd\u0131 ve T\u00fcrkiye\u2019nin ba\u015f\u0131n\u0131 belaya sokacakt\u0131. Asl\u0131nda bunu Kuzey Irak\u2019ta ve PKK\u2019ya kar\u015f\u0131 yapmam\u0131z gerekirken, bundan ka\u00e7\u0131nan AKP\u2019nin \u015fimdi Suriye i\u015fine s\u0131cak bakmas\u0131, kafa kar\u0131\u015ft\u0131r\u0131c\u0131yd\u0131.<o:o:o:o:p><\/o:o:o:o:p><\/span><\/span><\/div>\n<div><span style=\"color: #000000; font-family: Times New Roman; font-size: small;\"> <\/span><\/div>\n<div style=\"margin: 0cm 0cm 0pt; text-align: justify; line-height: 150%; text-indent: 1cm; mso-pagination: none;\" class=\"MsoNormal\"><span style=\"line-height: 150%; font-family: &quot;Arial&quot;,&quot;sans-serif&quot;; font-size: 10pt; mso-bidi-font-size: 12.0pt;\"><span style=\"color: #000000;\">Independent\u2019in: \u201cT\u00fcrk generaller de Suriye\u2019ye birka\u00e7 tabur g\u00f6ndererek, Suriyeli m\u00fclteciler i\u00e7in g\u00fcvenli b\u00f6lge olu\u015fturacak bir operasyon planlad\u0131. T\u00fcrkler, katliamdan ka\u00e7anlara Suriye\u2019nin i\u00e7inde g\u00fcvenli b\u00f6lge sa\u011flayacak. T\u00fcrkler bu ama\u00e7 do\u011frultusunda s\u0131n\u0131rdaki Kam\u0131\u015fl\u0131 kentinin \u00e7ok \u00f6tesine ge\u00e7meye haz\u0131r\u201d Haberi acaba kendi kamuoyumuzdan niye gizlenmeye \u00e7al\u0131\u015f\u0131lmaktayd\u0131?<o:o:o:o:p><\/o:o:o:o:p><\/span><\/span><\/div>\n<div><span style=\"color: #000000; font-family: Times New Roman; font-size: small;\"> <\/span><\/div>\n<div style=\"margin: 0cm 0cm 0pt; text-align: justify; line-height: 150%; text-indent: 1cm; mso-pagination: none;\" class=\"MsoNormal\"><b style=\"mso-bidi-font-weight: normal;\"><span style=\"font-family: &quot;Arial&quot;,&quot;sans-serif&quot;;\"><span style=\"font-size: small;\"><span style=\"color: #000000;\">Suriye&#8217;ye m\u00fcdahale s\u0131n\u0131rdan y\u00f6netilecek: Hatay operasyon merkezi yap\u0131l\u0131yor <o:o:o:o:p><\/o:o:o:o:p><\/span><\/span><\/span><\/b><\/div>\n<div><span style=\"color: #000000; font-family: Times New Roman; font-size: small;\"> <\/span><\/div>\n<div style=\"margin: 0cm 0cm 0pt; text-align: justify; line-height: 150%; text-indent: 1cm; mso-pagination: none;\" class=\"MsoNormal\"><span style=\"font-family: &quot;Arial&quot;,&quot;sans-serif&quot;; mso-bidi-font-weight: bold;\"><span style=\"font-size: small;\"><span style=\"color: #000000;\">T\u00fcrkiyemiz dahil 27 \u0130slam \u00fclkesini par\u00e7alamay\u0131 hedefleyen Siyonist plan olan BOP \u00e7er\u00e7evesinde Libya&#8217;ya yap\u0131lan NATO m\u00fcdahalesinin \u015fimdi Suriye&#8217;ye de yap\u0131lmas\u0131 isteniyordu. M\u00fcdahalede s\u0131n\u0131r ilimiz Hatay&#8217;a kritik rol bi\u00e7iliyordu.<o:o:o:o:p><\/o:o:o:o:p><\/span><\/span><\/span><\/div>\n<div><span style=\"color: #000000; font-family: Times New Roman; font-size: small;\"> <\/span><\/div>\n<div style=\"margin: 0cm 0cm 0pt; text-align: justify; line-height: 150%; text-indent: 1cm; mso-pagination: none;\" class=\"MsoNormal\"><span style=\"font-family: &quot;Arial&quot;,&quot;sans-serif&quot;; mso-bidi-font-weight: bold;\"><span style=\"font-size: small;\"><span style=\"color: #000000;\">Hatay&#8217;daki NATO \u00fcss\u00fcn\u00fcn etraf\u0131nda yo\u011fun hareketlilik g\u00f6zleniyordu. Suriye muhalifleri Antalya&#8217;da toplan\u0131rken, Hatay sokaklar\u0131nda ve otellerde de \u00e7ok say\u0131da yabanc\u0131 g\u00f6r\u00fclmesi dikkat \u00e7ekiyordu.<o:o:o:o:p><\/o:o:o:o:p><\/span><\/span><\/span><\/div>\n<div><span style=\"color: #000000; font-family: Times New Roman; font-size: small;\"> <\/span><\/div>\n<div style=\"margin: 0cm 0cm 0pt; text-align: justify; line-height: 150%; text-indent: 1cm; mso-pagination: none;\" class=\"MsoNormal\"><span style=\"font-family: &quot;Arial&quot;,&quot;sans-serif&quot;; mso-bidi-font-weight: bold;\"><span style=\"font-size: small;\"><span style=\"color: #000000;\">B\u00f6lge halk\u0131 aras\u0131nda &#8220;NATO tesislerinin etraf\u0131n\u0131n bo\u015falt\u0131laca\u011f\u0131&#8221; konu\u015fuluyor, \u0130srail\u2019in Amik ovas\u0131nda \u00e7e\u015fitli ki\u015fi ve kurumlar \u00fczerinden tar\u0131m arazisi ald\u0131\u011f\u0131 ve kiralad\u0131\u011f\u0131 ifade ediliyordu.<o:o:o:o:p><\/o:o:o:o:p><\/span><\/span><\/span><\/div>\n<div><span style=\"color: #000000; font-family: Times New Roman; font-size: small;\"> <\/span><\/div>\n<div style=\"margin: 0cm 0cm 0pt; text-align: justify; line-height: 150%; text-indent: 1cm; mso-pagination: none;\" class=\"MsoNormal\"><span style=\"font-family: &quot;Arial&quot;,&quot;sans-serif&quot;; mso-bidi-font-weight: bold;\"><span style=\"font-size: small;\"><span style=\"color: #000000;\">Amerikal\u0131 ve \u0130ngiliz diplomatlar ile ajanlar b\u00f6lgede inceleme yap\u0131yordu. Yabanc\u0131 istihbarat\u00e7\u0131lar\u0131n b\u00f6lgeden ayr\u0131lmad\u0131klar\u0131, incirlik ba\u011flant\u0131l\u0131 faaliyet yapt\u0131klar\u0131 bildiriliyordu.<o:o:o:o:p><\/o:o:o:o:p><\/span><\/span><\/span><\/div>\n<div><span style=\"color: #000000; font-family: Times New Roman; font-size: small;\"> <\/span><\/div>\n<div style=\"margin: 0cm 0cm 0pt; text-align: justify; line-height: 150%; text-indent: 1cm; mso-pagination: none;\" class=\"MsoNormal\"><span style=\"font-size: small;\"><span style=\"color: #000000;\"><b><span style=\"font-family: &quot;Arial&quot;,&quot;sans-serif&quot;;\">\u0130syan Suriye&#8217;nin kalbinde uyuyor!<\/span><\/b><b><span style=\"line-height: 150%; font-family: &quot;Arial&quot;,&quot;sans-serif&quot;; font-size: 11pt; mso-bidi-font-size: 14.0pt;\"><o:o:o:o:p><\/o:o:o:o:p><\/span><\/b><\/span><\/span><\/div>\n<div><span style=\"color: #000000; font-family: Times New Roman; font-size: small;\"> <\/span><\/div>\n<div style=\"margin: 0cm 0cm 0pt; text-align: justify; line-height: 150%; text-indent: 1cm; mso-pagination: none;\" class=\"MsoNormal\"><i style=\"mso-bidi-font-style: normal;\"><span style=\"line-height: 150%; font-family: &quot;Arial&quot;,&quot;sans-serif&quot;; font-size: 10pt; mso-bidi-font-weight: bold; mso-bidi-font-size: 12.0pt;\"><span style=\"color: #000000;\">Baas kadrolar\u0131, so\u011fuk sava\u015f refleksiyle demir yumru\u011funu ac\u0131mas\u0131zca sallarken uygulad\u0131\u011f\u0131 karartma hi\u00e7bir i\u015fe yaram\u0131yor hatta ters tepiyordu. Sivil yerle\u015fim yerine tank yollaman\u0131n, ileti\u015fimi koparman\u0131n, kas\u0131tl\u0131 medya bombard\u0131man\u0131na beylik ve beceriksiz yan\u0131tlar haz\u0131rlaman\u0131n ve reformlar\u0131 derin dondurucuya atman\u0131n iki sonucu oluyordu:<o:o:o:o:p><\/o:o:o:o:p><\/span><\/span><\/i><\/div>\n<div><span style=\"color: #000000; font-family: Times New Roman; font-size: small;\"> <\/span><\/div>\n<div style=\"margin: 0cm 0cm 0pt; text-align: justify; line-height: 150%; text-indent: 1cm; mso-pagination: none;\" class=\"MsoNormal\"><i style=\"mso-bidi-font-style: normal;\"><span style=\"line-height: 150%; font-family: &quot;Arial&quot;,&quot;sans-serif&quot;; font-size: 10pt; mso-bidi-font-weight: bold; mso-bidi-font-size: 12.0pt;\"><span style=\"color: #000000;\">\u0130lki, \u00fclke i\u00e7inde&#8230; Suriye&#8217;de mezarl\u0131ktan ge\u00e7erken \u0131sl\u0131k \u00e7alan ciddi bir S\u00fcnni orta s\u0131n\u0131f bulunuyordu. Olan biteni trib\u00fcnden izleyip, bu s\u00fcrecin bir mezhep \u00e7at\u0131\u015fmas\u0131na evrilmemesi i\u00e7in dua ediliyordu.<span style=\"mso-spacerun: yes;\"> <\/span>Keza kuzeydeki K\u00fcrtler, H\u0131ristiyanlar ve T\u00fcrkmenler de asl\u0131nda, farkl\u0131 gerek\u00e7elerle olsa da bu trib\u00fcnde yer al\u0131yordu. \u00d6teki trib\u00fcnde ise her cuma can\u0131n\u0131 ortaya koyarak sahaya inip oyunu de\u011fi\u015ftirmek isteyen y\u0131\u011f\u0131nlar g\u00f6r\u00fcl\u00fcyordu. Aralar\u0131na provokat\u00f6rler s\u0131zm\u0131\u015f olsa da inanm\u0131\u015f ve adanm\u0131\u015f davran\u0131l\u0131yordu. Bu insanlar\u0131n \u00f6ld\u00fcr\u00fclerek susturulamayaca\u011f\u0131 her ge\u00e7en g\u00fcn daha da somutla\u015f\u0131yordu. \u0130kincisi, \u00fclke d\u0131\u015f\u0131nda&#8230; Suriye rejimi h\u0131zla yaln\u0131zla\u015f\u0131yordu (Siyonist ve emperyalist odaklar, BOP kapsam\u0131nda Suriye\u2019yi resmen de\u011filse bile fiilen da\u011f\u0131tmaya \u00e7al\u0131\u015f\u0131yordu. O.E.)  \u015eam sokaklar\u0131 bir ba\u015fka gergin cumay\u0131 endi\u015feyle beklerken Ankara k\u00f6pr\u00fcs\u00fcn\u00fcn palamarlar\u0131 a\u011f\u0131r a\u011f\u0131r \u00e7\u00f6z\u00fcl\u00fcyordu.<o:o:o:o:p><\/o:o:o:o:p><\/span><\/span><\/i><\/div>\n<div><span style=\"color: #000000; font-family: Times New Roman; font-size: small;\"> <\/span><\/div>\n<div style=\"margin: 0cm 0cm 0pt; text-align: justify; line-height: 150%; text-indent: 1cm; mso-pagination: none;\" class=\"MsoNormal\"><i style=\"mso-bidi-font-style: normal;\"><span style=\"line-height: 150%; font-family: &quot;Arial&quot;,&quot;sans-serif&quot;; font-size: 10pt; mso-bidi-font-weight: bold; mso-bidi-font-size: 12.0pt;\"><span style=\"color: #000000;\">Ba\u015fbakan Erdo\u011fan&#8217;\u0131n Kaddafi&#8217;ye, &#8216;\u0130n a\u015fa\u011f\u0131&#8221; demesiyle e\u015fzamanl\u0131, Esad&#8217;a &#8216;Hama katliam\u0131&#8217; g\u00f6ndermesi yapmas\u0131 ili\u015fkilerin, otobandan sonu u\u00e7urum olan dikenli ve \u00e7ak\u0131ll\u0131 bir patikaya d\u00fcmen k\u0131rd\u0131\u011f\u0131n\u0131 g\u00f6steriyordu. (Daha \u00f6nce defalarca kucakla\u015ft\u0131\u011f\u0131 ve ellerinden \u00f6d\u00fcller ald\u0131\u011f\u0131 Kaddafi ve Esad\u2019\u0131, Erdo\u011fan bir \u00e7\u0131rp\u0131da sat\u0131yordu. O.E.)  ABD ve AB&#8217;nin Suriye&#8217;ye ili\u015fkin planlar\u0131nda sadece sosyal ekonomik ve siyasal yap\u0131y\u0131 de\u011fil haritalar\u0131 da tasarlamaya ba\u015flad\u0131\u011f\u0131n\u0131 g\u00f6rmek gerekiyordu. Bu noktadan hareketle T\u00fcrkiye&#8217;ye de &#8216;aktif&#8217; bir rol bi\u00e7ildi\u011finin emareleri g\u00fcn y\u00fcz\u00fcne \u00e7\u0131k\u0131yordu. Henri Barkey&#8217;in Los Angeles Times&#8217;ta yay\u0131nlanan yaz\u0131s\u0131 her \u015feyi a\u00e7\u0131kl\u0131yordu. Ve Erdo\u011fan tercihini, ka\u00e7\u0131n\u0131lmaz olarak (ABD ve \u0130srail\u2019den taraf) yapm\u0131\u015f g\u00f6z\u00fck\u00fcyordu. Bu denklemde \u0130ran konusunda Ankara&#8217;n\u0131n nas\u0131l bir risk ald\u0131\u011f\u0131n\u0131 bilmek bence T\u00fcrk kamuoyunun hakk\u0131yd\u0131.<o:o:o:o:p><\/o:o:o:o:p><\/span><\/span><\/i><\/div>\n<div><span style=\"color: #000000; font-family: Times New Roman; font-size: small;\"> <\/span><\/div>\n<div style=\"margin: 0cm 0cm 0pt; text-align: justify; line-height: 150%; text-indent: 1cm; mso-pagination: none;\" class=\"MsoNormal\"><i style=\"mso-bidi-font-style: normal;\"><span style=\"line-height: 150%; font-family: &quot;Arial&quot;,&quot;sans-serif&quot;; font-size: 10pt; mso-bidi-font-weight: bold; mso-bidi-font-size: 12.0pt;\"><span style=\"color: #000000;\">\u0130tiraf etmeliyiz ki Baas rejimi \u00e7\u00f6k\u00fcyordu. Esad Ailesi ve belli bir kesim olaylar\u0131 tamamen ezip bast\u0131rsa da art\u0131k yola bu hasarla devam edemeyece\u011fi biliniyordu. Bu heyet kendini \u00e7ok k\u00f6kl\u00fc bir \u015fekilde yenilemek; Baas g\u00f6mle\u011fini de\u011fi\u015ftirmek ve \u00fclkeyi \u00e7ok partili sisteme d\u00f6nd\u00fcrmek zorundayd\u0131, ama bu y\u00f6nde ciddi ve ger\u00e7ek\u00e7i ad\u0131mlar atm\u0131yordu. Nihayetinde bu r\u00fczg\u00e2r \u00f6n\u00fcnde durulamayacak bir f\u0131rt\u0131naya d\u00f6n\u00fc\u015f\u00fcyordu. Ve Bat\u0131, Erdo\u011fan&#8217;\u0131 ikna etmi\u015fe benziyordu. &#8216;Kom\u015fularla s\u0131f\u0131r sorun politikas\u0131&#8221; da b\u00f6ylelikle \u00e7\u00f6km\u00fc\u015f oldu. \u00d6nce mezhep sonra payla\u015f\u0131m sava\u015f\u0131 kap\u0131da g\u00f6z\u00fck\u00fcyordu. Bu arada not edin&#8230; \u0130ran, Hizbullah \u00fczerinden L\u00fcbnan topraklar\u0131nda ve Filistin&#8217;de dengeleri sarsacak bir b\u00fcy\u00fck hamle yapmaya haz\u0131rlan\u0131yordu.\u201d<\/span><a style=\"mso-footnote-id: ftn2;\" name=\"_ftnref2\" href=\"#_ftn2\"><span class=\"MsoFootnoteReference\"><span style=\"mso-special-character: footnote;\"><span class=\"MsoFootnoteReference\"><b style=\"mso-bidi-font-weight: normal;\"><span style=\"font-family: &quot;Arial&quot;,&quot;sans-serif&quot;; font-size: 10pt; mso-bidi-font-size: 12.0pt; mso-fareast-font-family: &quot;Times New Roman&quot;; mso-ansi-language: TR; mso-fareast-language: TR; mso-bidi-language: AR-SA;\"><span style=\"text-decoration: underline;\"><span style=\"color: #0066cc;\">[2]<\/span><\/span><\/span><\/b><\/span><\/span><\/span><\/a><span style=\"color: #000000;\"> <o:o:o:o:p><\/o:o:o:o:p><\/span><\/span><\/i><\/div>\n<div><span style=\"color: #000000; font-family: Times New Roman; font-size: small;\"> <\/span><\/div>\n<div style=\"margin: 0cm 0cm 0pt; text-align: justify; line-height: 150%; text-indent: 1cm; mso-pagination: none;\" class=\"MsoNormal\"><b><span style=\"line-height: 150%; font-family: &quot;Arial&quot;,&quot;sans-serif&quot;; font-size: 11pt; mso-bidi-font-size: 14.0pt;\"><span style=\"color: #000000;\">Esad&#8217;a kar\u015f\u0131 AKP, ABD, \u0130srail, Barzani ortakl\u0131\u011f\u0131 kuruluyor!<span style=\"mso-spacerun: yes;\"> <\/span><o:o:o:o:p><\/o:o:o:o:p><\/span><\/span><\/b><\/div>\n<div><span style=\"color: #000000; font-family: Times New Roman; font-size: small;\"> <\/span><\/div>\n<div style=\"padding: 1pt 4pt; border: 1pt solid windowtext; mso-element: para-border-div; mso-border-alt: solid windowtext .5pt;\"><span style=\"color: #000000; font-family: Times New Roman; font-size: small;\"> <\/span> <\/p>\n<div style=\"margin: 0cm 0cm 0pt; padding: 0cm; border: currentColor; text-align: justify; line-height: 150%; text-indent: 1cm; mso-pagination: none; mso-border-alt: solid windowtext .5pt; mso-padding-alt: 1.0pt 4.0pt 1.0pt 4.0pt;\" class=\"MsoNormal\"><span style=\"line-height: 150%; font-family: &quot;Arial&quot;,&quot;sans-serif&quot;; font-size: 10pt; mso-bidi-font-weight: bold; mso-bidi-font-size: 12.0pt;\"><span style=\"color: #000000;\">Esad y\u00f6netimindeki BAAS&#8217;\u0131 devirmek bahanesiyle Suriye\u2019yi b\u00f6lmek ve kontrollerine ge\u00e7irmek isteyen emperyalist g\u00fc\u00e7lerin; AKP, ABD, \u0130srail ve Barzani&#8217;nin ortak hareket etti\u011fi anla\u015f\u0131l\u0131yordu.<span style=\"mso-spacerun: yes;\"> <\/span><o:o:o:o:p><\/o:o:o:o:p><\/span><\/span><\/div>\n<p> <span style=\"color: #000000; font-family: Times New Roman; font-size: small;\"> <\/span> <\/p>\n<div style=\"margin: 0cm 0cm 0pt; padding: 0cm; border: currentColor; text-align: justify; line-height: 150%; text-indent: 1cm; mso-pagination: none; mso-border-alt: solid windowtext .5pt; mso-padding-alt: 1.0pt 4.0pt 1.0pt 4.0pt;\" class=\"MsoNormal\"><span style=\"line-height: 150%; font-family: &quot;Arial&quot;,&quot;sans-serif&quot;; font-size: 10pt; mso-bidi-font-weight: bold; mso-bidi-font-size: 12.0pt;\"><span style=\"color: #000000;\">Libya&#8217;dan sonra Suriye&#8217;de de AKP&#8217;nin ABD ve Bat\u0131 \u00fclkeleriyle i\u015fbirli\u011fi yapmas\u0131 milli vicdan\u0131 rahats\u0131z ediyordu. AKP iktidar\u0131 NATO&#8217;nun destekledi\u011fi Suriye muhalefetine Antalya&#8217;da ev sahipli\u011fi yap\u0131yor, D\u0131\u015fi\u015fleri Bakanl\u0131\u011f\u0131 gayr\u0131 resmi toplant\u0131y\u0131 desteklerken yeni ba\u011flant\u0131lar ortaya \u00e7\u0131k\u0131yordu. <b><o:o:o:o:p><\/o:o:o:o:p><\/b><\/span><\/span><\/div>\n<p> <span style=\"color: #000000; font-family: Times New Roman; font-size: small;\"> <\/span> <\/p>\n<div style=\"margin: 0cm 0cm 0pt; padding: 0cm; border: currentColor; text-align: justify; line-height: 150%; text-indent: 1cm; mso-pagination: none; mso-border-alt: solid windowtext .5pt; mso-padding-alt: 1.0pt 4.0pt 1.0pt 4.0pt;\" class=\"MsoNormal\"><span style=\"line-height: 150%; font-family: &quot;Arial&quot;,&quot;sans-serif&quot;; font-size: 10pt; mso-bidi-font-weight: bold; mso-bidi-font-size: 12.0pt;\"><span style=\"color: #000000;\">Suriye&#8217;nin Ankara B\u00fcy\u00fckel\u00e7isi Nidal Kabalan, 17 May\u0131s&#8217;ta H\u00fcrriyet Daily News&#8217;e yapt\u0131\u011f\u0131 a\u00e7\u0131lamada ilgin\u00e7 bilgiler veriyordu. Kabalan, geli\u015fmelerden Suriye h\u00fck\u00fcmetinin duydu\u011fu rahats\u0131zl\u0131\u011f\u0131 a\u00e7\u0131k\u00e7a dile getiriyor ve &#8220;PKK T\u00fcrkiye i\u00e7in neyse, bizim i\u00e7in isyanc\u0131lar odur\u201d diyordu.<o:o:o:o:p><\/o:o:o:o:p><\/span><\/span><\/div>\n<p> <span style=\"color: #000000; font-family: Times New Roman; font-size: small;\"> <\/span> <\/p>\n<div style=\"margin: 0cm 0cm 0pt; padding: 0cm; border: currentColor; text-align: justify; line-height: 150%; text-indent: 1cm; mso-pagination: none; mso-border-alt: solid windowtext .5pt; mso-padding-alt: 1.0pt 4.0pt 1.0pt 4.0pt;\" class=\"MsoNormal\"><span style=\"line-height: 150%; font-family: &quot;Arial&quot;,&quot;sans-serif&quot;; font-size: 10pt; mso-bidi-font-weight: bold; mso-bidi-font-size: 12.0pt;\"><span style=\"color: #000000;\">Kabalan, \u0130stanbul&#8217;daki toplant\u0131n\u0131n M\u00dcS\u0130AD&#8217;\u0131n himayesinde yap\u0131ld\u0131\u011f\u0131n\u0131, ancak as\u0131l finans\u00f6r\u00fcn T\u00fcrkiye&#8217;de ya\u015fayan ve T\u00fcrk vatanda\u015fl\u0131\u011f\u0131na sahip olan Suriyeli Gazi M\u0131s\u0131rl\u0131 oldu\u011funu vurguluyordu. \u201cToplant\u0131n\u0131n as\u0131l d\u00fczenleyicisi Gazi M\u0131s\u0131rl\u0131 (as\u0131l ad\u0131 Gazwan Masri), ABD g\u00fcd\u00fcm\u00fcne giren M\u00fcsl\u00fcman Karde\u015flerin bir grubunun liderlerinden biri\u201d oluyordu. Kabalan yapt\u0131\u011f\u0131 a\u00e7\u0131klamada Ba\u015fbakan Erdo\u011fan\u2019<st1:st1:st1:st1:personname productid=\"la Gazi M\u0131s\u0131rl\u0131\" xmlns:NS1=\"\" NS1:ns1:ns1:w:st=\"on\"><st1:st1:st1:st1:personname productid=\"la Gazi\" xmlns:NS2=\"\" NS2:ns2:ns2:w:st=\"on\">la Gazi<\/st1:st1:st1:st1:personname> M\u0131s\u0131rl\u0131<\/st1:st1:st1:st1:personname> aras\u0131ndaki ili\u015fki konusunda da \u015fu bilgileri veriyordu:<o:o:o:o:p><\/o:o:o:o:p><\/span><\/span><\/div>\n<p> <span style=\"color: #000000; font-family: Times New Roman; font-size: small;\"> <\/span> <\/p>\n<div style=\"margin: 0cm 0cm 0pt; padding: 0cm; border: currentColor; text-align: justify; line-height: 150%; text-indent: 1cm; mso-pagination: none; mso-border-alt: solid windowtext .5pt; mso-padding-alt: 1.0pt 4.0pt 1.0pt 4.0pt;\" class=\"MsoNormal\"><span style=\"line-height: 150%; font-family: &quot;Arial&quot;,&quot;sans-serif&quot;; font-size: 10pt; mso-bidi-font-weight: bold; mso-bidi-font-size: 12.0pt;\"><span style=\"color: #000000;\">&#8220;Esad 2009 y\u0131l\u0131nda \u0130stanbul&#8217;a geldi\u011finde, Say\u0131n Erdo\u011fan bu adam\u0131 kendisiyle tan\u0131\u015ft\u0131rd\u0131 ve &#8216;l\u00fctfen, karde\u015fim Esad, bu adama yard\u0131m edin&#8217; dedi. \u015eimdi eylemlerin \u00e7o\u011funu i\u015fte bu M\u0131s\u0131rl\u0131 organize ediyor. Bizzat Esad taraf\u0131ndan Suriye&#8217;ye d\u00f6nmesi \u00e7a\u011fr\u0131s\u0131 yap\u0131larak, ho\u015f kar\u015f\u0131lanm\u0131\u015f ve kendilerine her t\u00fcrl\u00fc yard\u0131m s\u00f6z\u00fc verilmi\u015fti. Bu bir bu\u00e7uk sene \u00f6nceydi ve bu \u00e7a\u011fr\u0131ya tek bir yan\u0131t vermedi.&#8221;<o:o:o:o:p><\/o:o:o:o:p><\/span><\/span><\/div>\n<p> <span style=\"color: #000000; font-family: Times New Roman; font-size: small;\"> <\/span> <\/p>\n<div style=\"margin: 0cm 0cm 0pt; padding: 0cm; border: currentColor; text-align: justify; line-height: 150%; text-indent: 1cm; mso-pagination: none; mso-border-alt: solid windowtext .5pt; mso-padding-alt: 1.0pt 4.0pt 1.0pt 4.0pt;\" class=\"MsoNormal\"><span style=\"line-height: 150%; font-family: &quot;Arial&quot;,&quot;sans-serif&quot;; font-size: 10pt; mso-bidi-font-weight: bold; mso-bidi-font-size: 12.0pt;\"><span style=\"color: #000000;\">Suriye B\u00fcy\u00fckel\u00e7isinin \u201c\u0130hvan\u0131 M\u00fcslimin\u2019in bir kolunun liderlerinden\u201d dedi\u011fi Gazi M\u0131s\u0131rl\u0131 M\u00dcS\u0130AD\u2019\u0131n Y\u00fcksek \u0130sti\u015fare Heyeti \u00fcyesi ve Ortado\u011fu koordinat\u00f6r\u00fc \u00e7\u0131k\u0131yordu. M\u00dcS\u0130AD&#8217;\u0131n b\u00f6lgede yapt\u0131\u011f\u0131 \u00e7ok say\u0131da organizasyonun y\u00f6neticisi oluyordu. Bu \u00f6rg\u00fct\u00fcn T\u00fcrkiye&#8217;deki di\u011fer bir \u00f6nemli adam\u0131 olan Cemalettin Kerim, D\u0131\u015f Ticaretle u\u011fra\u015f\u0131yor ve Mazlum-Der ve \u0130HH\u2019n\u0131n sponsorlar\u0131ndan biri oldu\u011fu anla\u015f\u0131l\u0131yordu. \u015euras\u0131n\u0131 da unutmayal\u0131m ki, AKP\u2019nin kaytar\u0131p ayr\u0131ld\u0131\u011f\u0131 Milli G\u00f6r\u00fc\u015f\u2019le ne kadar alakas\u0131 kalm\u0131\u015fsa, M\u0131s\u0131r ve Suriye\u2019deki baz\u0131 gruplar\u0131n ger\u00e7ek \u201c\u0130hvan\u0131 M\u00fcslimin\u201dle alakalar\u0131 sadece isimden ibaret ve istismar niyetli oluyordu.<b><o:o:o:o:p><\/o:o:o:o:p><\/b><\/span><\/span><\/div>\n<p> <span style=\"color: #000000; font-family: Times New Roman; font-size: small;\"> <\/span> <\/p>\n<div style=\"margin: 0cm 0cm 0pt; padding: 0cm; border: currentColor; text-align: justify; line-height: 150%; text-indent: 1cm; mso-pagination: none; mso-border-alt: solid windowtext .5pt; mso-padding-alt: 1.0pt 4.0pt 1.0pt 4.0pt;\" class=\"MsoNormal\"><b><span style=\"line-height: 150%; font-family: &quot;Arial&quot;,&quot;sans-serif&quot;; font-size: 10pt; mso-bidi-font-size: 12.0pt;\"><span style=\"color: #000000;\">Barzani, \u0130srail- MOSSAD<o:o:o:o:p><\/o:o:o:o:p><\/span><\/span><\/b><\/div>\n<p> <span style=\"color: #000000; font-family: Times New Roman; font-size: small;\"> <\/span> <\/p>\n<div style=\"margin: 0cm 0cm 0pt; padding: 0cm; border: currentColor; text-align: justify; line-height: 150%; text-indent: 1cm; mso-pagination: none; mso-border-alt: solid windowtext .5pt; mso-padding-alt: 1.0pt 4.0pt 1.0pt 4.0pt;\" class=\"MsoNormal\"><span style=\"line-height: 150%; font-family: &quot;Arial&quot;,&quot;sans-serif&quot;; font-size: 10pt; mso-bidi-font-weight: bold; mso-bidi-font-size: 12.0pt;\"><span style=\"color: #000000;\">Suriye&#8217;ye yap\u0131lan operasyonda \u00f6nemli rol oynayan bir ba\u015fka kesim de \u0130srail- Barzani ortakl\u0131\u011f\u0131yd\u0131. Suriye y\u00f6netimi \u0130srail ve \u00dcrd\u00fcn s\u0131n\u0131r\u0131na yak\u0131n Dera olaylar\u0131n\u0131n arkas\u0131nda \u0130srail&#8217;in oldu\u011funu a\u00e7\u0131\u011fa \u00e7\u0131karm\u0131\u015ft\u0131. \u0130srail Dera&#8217;da ba\u015far\u0131l\u0131 olamay\u0131nca K\u00fcrtlerin ya\u015fad\u0131\u011f\u0131 b\u00f6lgelerde faaliyete ba\u015flam\u0131\u015ft\u0131. Haseki ve Kam\u0131\u015fl\u0131 b\u00f6lgesine Barzani b\u00f6lgesinden ajanla\u015ft\u0131rd\u0131klar\u0131 K\u00fcrt k\u00f6kenli ki\u015fileri g\u00f6ndererek k\u0131\u015fk\u0131rtmalar\u0131 yo\u011funla\u015ft\u0131rm\u0131\u015ft\u0131. Bir s\u00fcre \u00f6nce Esad&#8217;\u0131n K\u00fcrt a\u015firet reisleriyle Haseki&#8217;de yapt\u0131\u011f\u0131 toplant\u0131da al\u0131nan kararlar bozulmaya \u00e7al\u0131\u015f\u0131lmaktayd\u0131. MOSSAD ba\u011flant\u0131l\u0131 ki\u015filerin b\u00f6lgedeki faaliyetlerinden sonra Suriye&#8217;de K\u00fcrtlerin ya\u015fad\u0131\u011f\u0131 kentlerde eylemler ba\u015flam\u0131\u015ft\u0131.<o:o:o:o:p><\/o:o:o:o:p><\/span><\/span><\/div>\n<p> <span style=\"color: #000000; font-family: Times New Roman; font-size: small;\"> <\/span> <\/p>\n<div style=\"margin: 0cm 0cm 0pt; padding: 0cm; border: currentColor; text-align: justify; line-height: 150%; text-indent: 1cm; mso-pagination: none; mso-border-alt: solid windowtext .5pt; mso-padding-alt: 1.0pt 4.0pt 1.0pt 4.0pt;\" class=\"MsoNormal\"><span style=\"line-height: 150%; font-family: &quot;Arial&quot;,&quot;sans-serif&quot;; font-size: 10pt; mso-bidi-font-weight: bold; mso-bidi-font-size: 12.0pt;\"><span style=\"color: #000000;\">Bu arada d\u0131\u015f bas\u0131nda; Suriye&#8217;deki muhalif gruplar\u0131n \u0130srail\u2019den yard\u0131m istedikleri yolunda haberler yer alm\u0131\u015ft\u0131. Suriyeli muhaliflerin Avusturya&#8217;da \u0130sraillilerle yapmay\u0131 planlad\u0131klar\u0131 toplant\u0131 bilinmeyen bir nedenle iptal edildikten sonra Antalya toplant\u0131s\u0131 yap\u0131lm\u0131\u015ft\u0131.<o:o:o:o:p><\/o:o:o:o:p><\/span><\/span><\/div>\n<p> <span style=\"color: #000000; font-family: Times New Roman; font-size: small;\"> <\/span> <\/p>\n<div style=\"margin: 0cm 0cm 0pt; padding: 0cm; border: currentColor; text-align: justify; line-height: 150%; text-indent: 1cm; mso-pagination: none; mso-border-alt: solid windowtext .5pt; mso-padding-alt: 1.0pt 4.0pt 1.0pt 4.0pt;\" class=\"MsoNormal\"><span style=\"line-height: 150%; font-family: &quot;Arial&quot;,&quot;sans-serif&quot;; font-size: 10pt; mso-bidi-font-weight: bold; mso-bidi-font-size: 12.0pt;\"><span style=\"color: #000000;\">\u00d6te yandan \u0130ran&#8217;\u0131n Arap\u00e7a yay\u0131n yapan Al Alam televizyonunda, g\u00f6stericiler aras\u0131nda yer alan CIA e\u011fitimli Suudi &#8220;sniper&#8221;lerin (yani keskin ni\u015fanc\u0131lar\u0131n), g\u00f6r\u00fcnt\u00fcleri yay\u0131nlanm\u0131\u015ft\u0131. Yine g\u00f6stericiler \u00fczerinde Suriye&#8217;de kullan\u0131lmayan sim kart\u0131 ta\u015f\u0131yan cep telefonlar\u0131 yakalanm\u0131\u015ft\u0131. Cep telefonlar\u0131nda yer belirleme yaz\u0131l\u0131m\u0131 ve \u00f6nceden \u00fcretilmi\u015f g\u00f6steri g\u00f6r\u00fcnt\u00fcleri saptanm\u0131\u015ft\u0131.<o:o:o:o:p><\/o:o:o:o:p><\/span><\/span><\/div>\n<p> <span style=\"color: #000000; font-family: Times New Roman; font-size: small;\"> <\/span><\/div>\n<div><span style=\"color: #000000; font-family: Times New Roman; font-size: small;\"> <\/span><\/div>\n<div style=\"margin: 0cm 0cm 0pt; text-align: justify; line-height: 150%; text-indent: 1cm; mso-pagination: none;\" class=\"MsoNormal\"><b><span style=\"line-height: 150%; font-family: &quot;Arial&quot;,&quot;sans-serif&quot;; font-size: 10pt; mso-bidi-font-size: 12.0pt;\"><span style=\"color: #000000;\">Suriyeli NATO\u2019cular\u0131n Antalya toplant\u0131s\u0131n\u0131 Amerikal\u0131lar organize ediyor<o:o:o:o:p><\/o:o:o:o:p><\/span><\/span><\/b><\/div>\n<div><span style=\"color: #000000; font-family: Times New Roman; font-size: small;\"> <\/span><\/div>\n<div style=\"margin: 0cm 0cm 0pt; text-align: justify; line-height: 150%; text-indent: 1cm; mso-pagination: none;\" class=\"MsoNormal\"><span style=\"line-height: 150%; font-family: &quot;Arial&quot;,&quot;sans-serif&quot;; font-size: 10pt; mso-bidi-font-weight: bold; mso-bidi-font-size: 12.0pt;\"><span style=\"color: #000000;\">Suriyeli isyanc\u0131 gruplardan Adalet ve Kalk\u0131nma Hareketi&#8217;nin de kat\u0131ld\u0131\u011f\u0131 toplant\u0131ya T\u00fcrkiye ev sahipli\u011fi yapm\u0131\u015ft\u0131.<o:o:o:o:p><\/o:o:o:o:p><\/span><\/span><\/div>\n<div><span style=\"color: #000000; font-family: Times New Roman; font-size: small;\"> <\/span><\/div>\n<div style=\"margin: 0cm 0cm 0pt; text-align: justify; line-height: 150%; text-indent: 1cm; mso-pagination: none;\" class=\"MsoNormal\"><span style=\"line-height: 150%; font-family: &quot;Arial&quot;,&quot;sans-serif&quot;; font-size: 10pt; mso-bidi-font-weight: bold; mso-bidi-font-size: 12.0pt;\"><span style=\"color: #000000;\">Suriye Cumhurba\u015fkan\u0131 Be\u015far Esad\u2019a kar\u015f\u0131 d\u0131\u015far\u0131dan bir muhalefet hareketi olu\u015fturmak amac\u0131yla Antalya&#8217;da Falez Otelde bir konferans toplamaya giri\u015fen gruplar\u0131 ABD&#8217;nin ve \u0130ngiltere\u2019nin perde arkas\u0131ndan destekledi\u011fi anla\u015f\u0131lm\u0131\u015ft\u0131.<o:o:o:o:p><\/o:o:o:o:p><\/span><\/span><\/div>\n<div><span style=\"color: #000000; font-family: Times New Roman; font-size: small;\"> <\/span><\/div>\n<div style=\"margin: 0cm 0cm 0pt; text-align: justify; line-height: 150%; text-indent: 1cm; mso-pagination: none;\" class=\"MsoNormal\"><span style=\"line-height: 150%; font-family: &quot;Arial&quot;,&quot;sans-serif&quot;; font-size: 10pt; mso-bidi-font-weight: bold; mso-bidi-font-size: 12.0pt;\"><span style=\"color: #000000;\">Konferans\u0131 d\u00fczenleyen grup i\u00e7inde, Adalet ve Kalk\u0131nma Hareketi (AKH) \u00e7evresi Haf\u0131z Esad d\u00f6neminde cumhurba\u015fkan\u0131 yard\u0131mc\u0131s\u0131 olan Abd\u00fclhalim Haddam \u00e7evresi ve Suudi Arabistan Hariri Ailesi ittifak\u0131na mensup ki\u015filer bulunmaktayd\u0131 ve bunlar CIA ve MOSSAD\u2019la ba\u011flant\u0131l\u0131yd\u0131.<o:o:o:o:p><\/o:o:o:o:p><\/span><\/span><\/div>\n<div><span style=\"color: #000000; font-family: Times New Roman; font-size: small;\"> <\/span><\/div>\n<div style=\"margin: 0cm 0cm 0pt; text-align: justify; line-height: 150%; text-indent: 1cm; mso-pagination: none;\" class=\"MsoNormal\"><span style=\"line-height: 150%; font-family: &quot;Arial&quot;,&quot;sans-serif&quot;; font-size: 10pt; mso-bidi-font-weight: bold; mso-bidi-font-size: 12.0pt;\"><span style=\"color: #000000;\">Konferans d\u00fczenleyicileri, kapal\u0131 toplant\u0131larda 31 ki\u015filik bir konsey olu\u015fturma \u00e7al\u0131\u015fmas\u0131 yapacaklar\u0131n\u0131 ve toplu kat\u0131l\u0131ml\u0131 tart\u0131\u015fmalara ba\u015flanaca\u011f\u0131n\u0131 a\u00e7\u0131klam\u0131\u015ft\u0131.<o:o:o:o:p><\/o:o:o:o:p><\/span><\/span><\/div>\n<div><span style=\"color: #000000; font-family: Times New Roman; font-size: small;\"> <\/span><\/div>\n<div style=\"margin: 0cm 0cm 0pt; text-align: justify; line-height: 150%; text-indent: 1cm; mso-pagination: none;\" class=\"MsoNormal\"><span style=\"line-height: 150%; font-family: &quot;Arial&quot;,&quot;sans-serif&quot;; font-size: 10pt; mso-bidi-font-weight: bold; mso-bidi-font-size: 12.0pt;\"><span style=\"color: #000000;\">Bu konseyde, Esad y\u00f6netimine kar\u015f\u0131 olan herkesi kapsama g\u00f6r\u00fcnt\u00fcs\u00fc yarat\u0131lmas\u0131na \u00e7al\u0131\u015f\u0131lmaktayd\u0131.<o:o:o:o:p><\/o:o:o:o:p><\/span><\/span><\/div>\n<div><span style=\"color: #000000; font-family: Times New Roman; font-size: small;\"> <\/span><\/div>\n<div style=\"margin: 0cm 0cm 0pt; text-align: justify; line-height: 150%; text-indent: 1cm; mso-pagination: none;\" class=\"MsoNormal\"><span style=\"line-height: 150%; font-family: &quot;Arial&quot;,&quot;sans-serif&quot;; font-size: 10pt; mso-bidi-font-weight: bold; mso-bidi-font-size: 12.0pt;\"><span style=\"color: #000000;\">D\u00fczenleyicilerin tamam\u0131 uzun y\u0131llardan beri Suriye d\u0131\u015f\u0131nda ya\u015famaktayd\u0131. Kat\u0131l\u0131mc\u0131lar \u0130ngiltere, ABD, Avrupa \u00fclkeleri ile Suudi Arabistan, \u00dcrd\u00fcn ve L\u00fcbnan gibi Arap \u00fclkelerinden ta\u015f\u0131nm\u0131\u015ft\u0131. Toplant\u0131n\u0131n ba\u015f d\u00fczenleyicisi g\u00f6r\u00fcn\u00fcm\u00fcndeki R\u0131dvan Ziydeh, Suriye as\u0131ll\u0131 bir i\u015fadam\u0131yd\u0131 ve Suudi Krall\u0131\u011f\u0131n\u0131n ve Amerika\u2019n\u0131n kuklas\u0131yd\u0131. Suudi Kraliyet Ailesi&#8217;nin d\u00fcn\u00fcr\u00fc olmas\u0131 dolay\u0131s\u0131yla, Hariri Ailesi&#8217;yle de ba\u011flant\u0131l\u0131yd\u0131.<o:o:o:o:p><\/o:o:o:o:p><\/span><\/span><\/div>\n<div><span style=\"color: #000000; font-family: Times New Roman; font-size: small;\"> <\/span><\/div>\n<div style=\"margin: 0cm 0cm 0pt; text-align: justify; line-height: 150%; text-indent: 1cm; mso-pagination: none;\" class=\"MsoNormal\"><b><span style=\"line-height: 150%; font-family: &quot;Arial&quot;,&quot;sans-serif&quot;; font-size: 10pt; mso-bidi-font-size: 12.0pt;\"><span style=\"color: #000000;\">NATO\u2019cu \u0130syanc\u0131lar T\u00fcrk h\u00fck\u00fcmetini yalanl\u0131yor!<o:o:o:o:p><\/o:o:o:o:p><\/span><\/span><\/b><\/div>\n<div><span style=\"color: #000000; font-family: Times New Roman; font-size: small;\"> <\/span><\/div>\n<div style=\"margin: 0cm 0cm 0pt; text-align: justify; line-height: 150%; text-indent: 1cm; mso-pagination: none;\" class=\"MsoNormal\"><span style=\"line-height: 150%; font-family: &quot;Arial&quot;,&quot;sans-serif&quot;; font-size: 10pt; mso-bidi-font-weight: bold; mso-bidi-font-size: 12.0pt;\"><span style=\"color: #000000;\">MOSSAD ve NATO destekli Suriyeliler, Antalya Falez Otel&#8217;inde yap\u0131lan konferansla \u201chi\u00e7bir ilgimiz yok\u201d diyen T\u00fcrk D\u0131\u015fi\u015fleri Bakanl\u0131\u011f\u0131n\u0131 yalanlam\u0131\u015ft\u0131. \u0130syanc\u0131 Suriyelilerin toplant\u0131 koordinat\u00f6rlerinden Wael Muhammed Farac, konferansa T\u00fcrkiye&#8217;nin izin verdi\u011fini a\u00e7\u0131klam\u0131\u015ft\u0131. <o:o:o:o:p><\/o:o:o:o:p><\/span><\/span><\/div>\n<div><span style=\"color: #000000; font-family: Times New Roman; font-size: small;\"> <\/span><\/div>\n<div style=\"margin: 0cm 0cm 0pt; text-align: justify; line-height: 150%; text-indent: 1cm; mso-pagination: none;\" class=\"MsoNormal\"><span style=\"line-height: 150%; font-family: &quot;Arial&quot;,&quot;sans-serif&quot;; font-size: 10pt; mso-bidi-font-weight: bold; mso-bidi-font-size: 12.0pt;\"><span style=\"color: #000000;\">Antalya&#8217;da ger\u00e7ekle\u015fen ve \u00fc\u00e7 g\u00fcn s\u00fcren, MOSSAD VE NATO destekli Suriyeli muhalif destek\u00e7ilerin<span style=\"mso-spacerun: yes;\"> <\/span>konferans\u0131 hala tart\u0131\u015f\u0131lmaktayd\u0131. \u0130syanc\u0131lar\u0131n konferans\u0131na ev sahipli\u011fi yapan T\u00fcrkiye&#8217;nin, bu toplant\u0131n\u0131n yap\u0131lmas\u0131nda izin verdi\u011finin ileri s\u00fcr\u00fclmesinin ard\u0131ndan T\u00fcrk D\u0131\u015fi\u015fleri Bakanl\u0131\u011f\u0131ndan bir yetkili, toplant\u0131yla hi\u00e7bir ili\u015fkilerinin olmad\u0131\u011f\u0131n\u0131 a\u00e7\u0131klam\u0131\u015ft\u0131. Kulis i\u00e7inde D\u0131\u015fi\u015fleri taraf\u0131ndan gayr\u0131 resmi olarak organize edildi\u011fi konu\u015fulmaktayd\u0131. Bu tart\u0131\u015fmalar s\u00fcrerken toplant\u0131n\u0131n koordinat\u00f6rlerinden Wael Muhammed Farac, gazetecilerin &#8220;Sizi buraya T\u00fcrk H\u00fck\u00fcmeti mi \u00e7a\u011f\u0131rd\u0131?&#8221; sorusuna &#8220;Biz T\u00fcrk h\u00fck\u00fcmetinden toplant\u0131 i\u00e7in izin istedik, verdiler. Erdo\u011fan insani olarak elbette bize destek veriyor ama bu siyasal ve resmi bir destek de\u011fil&#8221; \u015feklinde yan\u0131tlam\u0131\u015ft\u0131.<o:o:o:o:p><\/o:o:o:o:p><\/span><\/span><\/div>\n<div><span style=\"color: #000000; font-family: Times New Roman; font-size: small;\"> <\/span><\/div>\n<div style=\"margin: 0cm 0cm 0pt; text-align: justify; line-height: 150%; text-indent: 1cm; mso-pagination: none;\" class=\"MsoNormal\"><b><span style=\"font-family: &quot;Arial&quot;,&quot;sans-serif&quot;;\"><span style=\"font-size: small;\"><span style=\"color: #000000;\">Avrupa Birli\u011fi Recep Erdo\u011fan sayesinde Bingazi\u2019ye yerle\u015fiyor!<o:o:o:o:p><\/o:o:o:o:p><\/span><\/span><\/span><\/b><\/div>\n<div><span style=\"color: #000000; font-family: Times New Roman; font-size: small;\"> <\/span><\/div>\n<div style=\"margin: 0cm 0cm 0pt; text-align: justify; line-height: 150%; text-indent: 1cm; mso-pagination: none;\" class=\"MsoNormal\"><span style=\"line-height: 150%; font-family: &quot;Arial&quot;,&quot;sans-serif&quot;; font-size: 10pt; mso-bidi-font-weight: bold; mso-bidi-font-size: 12.0pt;\"><span style=\"color: #000000;\">Recep T. Erdo\u011fan iktidar\u0131n\u0131n deste\u011fi ile ba\u015flat\u0131lan NATO\u2019nun Libya i\u015fgali, korkun\u00e7 katliam ve tahribatlardan sonra, \u015fimdi \u015feytani amac\u0131na yakla\u015f\u0131yor; Libya fiilen b\u00f6l\u00fcn\u00fcyor ve Bat\u0131n\u0131n g\u00fcd\u00fcm\u00fcne sokuluyor.<o:o:o:o:p><\/o:o:o:o:p><\/span><\/span><\/div>\n<div><span style=\"color: #000000; font-family: Times New Roman; font-size: small;\"> <\/span><\/div>\n<div style=\"margin: 0cm 0cm 0pt; text-align: justify; line-height: 150%; text-indent: 1cm; mso-pagination: none;\" class=\"MsoNormal\"><span style=\"line-height: 150%; font-family: &quot;Arial&quot;,&quot;sans-serif&quot;; font-size: 10pt; mso-bidi-font-weight: bold; mso-bidi-font-size: 12.0pt;\"><span style=\"color: #000000;\">AB D\u0131\u015fi\u015fleri Y\u00fcksek Temsilcisi Catherine Ashton, Kaddafi\u2019ye kar\u015f\u0131 isyan\u0131n merkezinde ofis a\u00e7m\u0131\u015f ve Libyal\u0131 muhaliflerle ilk resmi temas\u0131 sa\u011flam\u0131\u015f bulunuyor!?<o:o:o:o:p><\/o:o:o:o:p><\/span><\/span><\/div>\n<div><span style=\"color: #000000; font-family: Times New Roman; font-size: small;\"> <\/span><\/div>\n<div style=\"margin: 0cm 0cm 0pt; text-align: justify; line-height: 150%; text-indent: 1cm; mso-pagination: none;\" class=\"MsoNormal\"><b><span style=\"line-height: 150%; font-family: &quot;Arial&quot;,&quot;sans-serif&quot;; font-size: 10pt; mso-bidi-font-size: 12.0pt;\"><span style=\"color: #000000;\">Libya\u2019n\u0131n milyarlar\u0131 finans devlerinin eline ge\u00e7iyor<o:o:o:o:p><\/o:o:o:o:p><\/span><\/span><\/b><\/div>\n<div><span style=\"color: #000000; font-family: Times New Roman; font-size: small;\"> <\/span><\/div>\n<div style=\"margin: 0cm 0cm 0pt; text-align: justify; line-height: 150%; text-indent: 1cm; mso-pagination: none;\" class=\"MsoNormal\"><span style=\"line-height: 150%; font-family: &quot;Arial&quot;,&quot;sans-serif&quot;; font-size: 10pt; mso-bidi-font-weight: bold; mso-bidi-font-size: 12.0pt;\"><span style=\"color: #000000;\">Yolsuzlukla m\u00fccadele eden Global Witness&#8217;e (K\u00fcresel Tan\u0131k) s\u0131zd\u0131r\u0131lan belgeye g\u00f6re, bu fonlar\u0131 s\u00f6m\u00fcrenler aras\u0131nda HSBC, Royal Bank of Scotland, Goldman Sachs, JP Morgan Chase, Nomura ve Societe General gibi b\u00fcy\u00fck finansal kurulu\u015flar\u0131 milyarlarca dolar tutar\u0131nda Libya devlet fonlar\u0131n\u0131 elinde tutuyor.<o:o:o:o:p><\/o:o:o:o:p><\/span><\/span><\/div>\n<div><span style=\"color: #000000; font-family: Times New Roman; font-size: small;\"> <\/span><\/div>\n<div style=\"margin: 0cm 0cm 0pt; text-align: justify; line-height: 150%; text-indent: 1cm; mso-pagination: none;\" class=\"MsoNormal\"><span style=\"line-height: 150%; font-family: &quot;Arial&quot;,&quot;sans-serif&quot;; font-size: 10pt; mso-bidi-font-weight: bold; mso-bidi-font-size: 12.0pt;\"><span style=\"color: #000000;\">Libya Yat\u0131r\u0131m \u0130daresi&#8217;nin (LIA) 30 Haziran 2010 tarihli belgesi, HSBC&#8217;nin 10 nakit hesapta 292,7 milyon dolar, Goldman Sachs&#8217;\u0131n da \u00fc\u00e7 hesapta 43 milyon dolar tutar\u0131nda Libya h\u00fck\u00fcmetine ait fon bulundu\u011funu g\u00f6steriyor.<o:o:o:o:p><\/o:o:o:o:p><\/span><\/span><\/div>\n<div><span style=\"color: #000000; font-family: Times New Roman; font-size: small;\"> <\/span><\/div>\n<div style=\"margin: 0cm 0cm 0pt; text-align: justify; line-height: 150%; text-indent: 1cm; mso-pagination: none;\" class=\"MsoNormal\"><span style=\"line-height: 150%; font-family: &quot;Arial&quot;,&quot;sans-serif&quot;; font-size: 10pt; mso-bidi-font-weight: bold; mso-bidi-font-size: 12.0pt;\"><span style=\"color: #000000;\">Sadece Societe Generale&#8217;de 1 milyar dolar, JP Morgan&#8217;da 171 milyon dolar ve OCHZIFF&#8217;de 329 milyon dolar olmak \u00fczere, yat\u0131r\u0131m fonlar\u0131nda, hedge fonlar\u0131nda ve yap\u0131land\u0131r\u0131lm\u0131\u015f finansal \u00fcr\u00fcnlerde yakla\u015f\u0131k 4 milyar dolar\u0131n tutuldu\u011funu g\u00f6steren belgeye g\u00f6re, Japon Nomura bankas\u0131 ve Bank of New York&#8217;un her biri, Libya&#8217;ya ait 500&#8217;er milyon dolar tutar\u0131nda fonu kontrol ediyor.<o:o:o:o:p><\/o:o:o:o:p><\/span><\/span><\/div>\n<div><span style=\"color: #000000; font-family: Times New Roman; font-size: small;\"> <\/span><\/div>\n<div style=\"margin: 0cm 0cm 0pt; text-align: justify; line-height: 150%; text-indent: 1cm; mso-pagination: none;\" class=\"MsoNormal\"><span style=\"line-height: 150%; font-family: &quot;Arial&quot;,&quot;sans-serif&quot;; font-size: 10pt; mso-bidi-font-weight: bold; mso-bidi-font-size: 12.0pt;\"><span style=\"color: #000000;\">Belgenin Libya devletinin petrol gelirlerinin nerede oldu\u011funu g\u00f6sterdi\u011fini, bankalar\u0131n elinde bulundurduklar\u0131 devlet varl\u0131klar\u0131n\u0131 a\u00e7\u0131klama y\u00fck\u00fcml\u00fcl\u00fc\u011f\u00fc bulunmad\u0131\u011f\u0131 i\u00e7in Libya halk\u0131n\u0131n petrol gelirlerinin nerelere yat\u0131r\u0131ld\u0131\u011f\u0131n\u0131 ya da ne kadar oldu\u011funu bilemeyece\u011fini bildiren Global Witriess, y\u00f6nettikleri b\u00fct\u00fcn devlet fonlar\u0131n\u0131 a\u00e7\u0131klamas\u0131 i\u00e7in bankalara ve yat\u0131r\u0131m fonlar\u0131na \u00e7a\u011fr\u0131da bulunuyor.<o:o:o:o:p><\/o:o:o:o:p><\/span><\/span><\/div>\n<div><span style=\"color: #000000; font-family: Times New Roman; font-size: small;\"> <\/span><\/div>\n<div style=\"margin: 0cm 0cm 0pt; text-align: justify; line-height: 150%; text-indent: 1cm; mso-pagination: none;\" class=\"MsoNormal\"><span style=\"line-height: 150%; font-family: &quot;Arial&quot;,&quot;sans-serif&quot;; font-size: 10pt; mso-bidi-font-weight: bold; mso-bidi-font-size: 12.0pt;\"><span style=\"color: #000000;\">Bankalardan, LIA&#8217;ya ait fonlar\u0131 ellerinde bulundurdu\u011funu teyit etmesini ve halen bu fonlar\u0131 kontrol edip etmediklerini istedi\u011fini, ancak cevap alamad\u0131\u011f\u0131n\u0131 bildiren Global Witness, HSBC&#8217;nin m\u00fc\u015fteri isminin gizlili\u011fini gerek\u00e7e g\u00f6sterdi\u011fini kaydediyor.<o:o:o:o:p><\/o:o:o:o:p><\/span><\/span><\/div>\n<div><span style=\"color: #000000; font-family: Times New Roman; font-size: small;\"> <\/span><\/div>\n<div style=\"margin: 0cm 0cm 0pt; text-align: justify; line-height: 150%; text-indent: 1cm; mso-pagination: none;\" class=\"MsoNormal\"><span style=\"line-height: 150%; font-family: &quot;Arial&quot;,&quot;sans-serif&quot;; font-size: 10pt; mso-bidi-font-weight: bold; mso-bidi-font-size: 12.0pt;\"><span style=\"color: #000000;\">Global Witness Direkt\u00f6r\u00fc Charmian Gooch: &#8220;HSBC ve Goldman Sachs gibi bankalar\u0131n bu t\u00fcr bir vakada m\u00fc\u015fteri gizlili\u011finin arkas\u0131na saklanmas\u0131ndaki sahtek\u00e2rl\u0131k s\u0131r\u0131t\u0131yor. Bunlar devlet hesaplar\u0131, bu y\u00fczden m\u00fc\u015fteri etkin olarak Libya halk\u0131 ve bu bankalar Libya halk\u0131n\u0131 \u00f6nemli bir bilgiden al\u0131koyuyor&#8221; diyerek Siyonist vampirlerin s\u00f6m\u00fcr\u00fc hortumlar\u0131na dikkat \u00e7ekiyor.<o:o:o:o:p><\/o:o:o:o:p><\/span><\/span><\/div>\n<div><span style=\"color: #000000; font-family: Times New Roman; font-size: small;\"> <\/span><\/div>\n<div style=\"margin: 0cm 0cm 0pt; text-align: justify; line-height: 150%; text-indent: 1cm; mso-pagination: none;\" class=\"MsoNormal\"><b><span style=\"font-family: &quot;Arial&quot;,&quot;sans-serif&quot;;\"><span style=\"font-size: small;\"><span style=\"color: #000000;\">Recep Bey\u2019in sayesinde Ha\u00e7l\u0131 Birli\u011fi \u0130stanbul\u2019da imzalan\u0131yor!<o:o:o:o:p><\/o:o:o:o:p><\/span><\/span><\/span><\/b><\/div>\n<div><span style=\"color: #000000; font-family: Times New Roman; font-size: small;\"> <\/span><\/div>\n<div style=\"margin: 0cm 0cm 0pt; text-align: justify; line-height: 150%; text-indent: 1cm; mso-pagination: none;\" class=\"MsoNormal\"><span style=\"line-height: 150%; font-family: &quot;Arial&quot;,&quot;sans-serif&quot;; font-size: 10pt; mso-bidi-font-weight: bold; mso-bidi-font-size: 12.0pt;\"><span style=\"color: #000000;\">Hat\u0131rlay\u0131n\u0131z: S\u00fcmela Manast\u0131r\u0131&#8217;ndaki ayin \u00e7ok tart\u0131\u015f\u0131lm\u0131\u015f, ancak o noktaya gelininceye kadar daha \u00f6nemli geli\u015fmeler ya\u015fanm\u0131\u015ft\u0131. Katoliklerin dini lideri Alman Papa Ratzinger, Fener Kilisesi Papaz\u0131 Bartholomeos&#8217;un davetiyle T\u00fcrkiye&#8217;de a\u011f\u0131rlanm\u0131\u015ft\u0131. Bu ziyaret s\u0131ras\u0131nda \u00f6yle bir anla\u015fma imzalanm\u0131\u015ft\u0131 ki T\u00fcrkiye&#8217;nin s\u0131n\u0131rlar\u0131 i\u00e7inde T\u00fcrkiye Cumhuriyeti Devletinin h\u00fck\u00fcmranl\u0131k haklar\u0131 ayaklar alt\u0131na al\u0131nm\u0131\u015ft\u0131.<o:o:o:o:p><\/o:o:o:o:p><\/span><\/span><\/div>\n<div><span style=\"color: #000000; font-family: Times New Roman; font-size: small;\"> <\/span><\/div>\n<div style=\"margin: 0cm 0cm 0pt; text-align: justify; line-height: 150%; text-indent: 1cm; mso-pagination: none;\" class=\"MsoNormal\"><b><span style=\"line-height: 150%; font-family: &quot;Arial&quot;,&quot;sans-serif&quot;; font-size: 10pt; mso-bidi-font-size: 12.0pt;\"><span style=\"color: #000000;\">H\u0131ristiyan \u015feriat mahkemesi kuruluyor!<o:o:o:o:p><\/o:o:o:o:p><\/span><\/span><\/b><\/div>\n<div><span style=\"color: #000000; font-family: Times New Roman; font-size: small;\"> <\/span><\/div>\n<div style=\"margin: 0cm 0cm 0pt; text-align: justify; line-height: 150%; text-indent: 1cm; mso-pagination: none;\" class=\"MsoNormal\"><span style=\"line-height: 150%; font-family: &quot;Arial&quot;,&quot;sans-serif&quot;; font-size: 10pt; mso-bidi-font-weight: bold; mso-bidi-font-size: 12.0pt;\"><span style=\"color: #000000;\">Fener Kilisesi Papaz\u0131 Bartholomeos sanki T\u00fcrkiye i\u00e7indeki ayr\u0131 bir Ortodoks din devletinin lideriymi\u015f gibi hareket ederek Vatikan Devleti Ba\u015fkan\u0131 ve Katolik d\u00fcnyas\u0131n\u0131n ruhani lideriyle uluslararas\u0131 &#8220;Ravenna S\u00f6zle\u015fmesi&#8221;ni imzalam\u0131\u015ft\u0131. 45 maddelik &#8220;Ravenna S\u00f6zle\u015fmesi&#8221;, H\u0131ristiyan d\u00fcnyas\u0131n\u0131n en \u00f6nemli belgesi oldu\u011fu vurgulanm\u0131\u015ft\u0131. \u00dcstelik s\u00f6zle\u015fmede Rus Patrikli\u011fi&#8217;nin de imzas\u0131 vard\u0131. Yani uzun y\u0131llar Fener Kilisesi&#8217;ni ek\u00fcmenik olarak tan\u0131mayan Rus Kilisesi de s\u00f6zle\u015fmeyi tan\u0131yarak Bartholomeos&#8217;un \u00f6n\u00fcn\u00fc a\u00e7m\u0131\u015ft\u0131. Tarih boyunca birbirleriyle sava\u015fan Katolik ve Ortodokslar, s\u00f6z konusu \u0130stanbul&#8217;da bir H\u0131ristiyan birli\u011fi toplant\u0131s\u0131 olunca bir anda aralar\u0131ndaki sorunlar\u0131 unutmu\u015flard\u0131. Oysa \u00e7ok yak\u0131n bir zamanda, 1992&#8217;de Yugoslavya&#8217;da Katolik H\u0131rvatlarla Ortodoks S\u0131rplar sava\u015fm\u0131\u015flard\u0131. Tabii Katoliklerle Ortodokslar\u0131, \u201cortak dini ve siyasi kararlar almaya\u201d y\u00f6nlendiren \u0130stanbul&#8217;daki toplant\u0131, E\u015fba\u015fkan Tayyip Erdo\u011fan&#8217;\u0131n iktidar\u0131 sayesinde yap\u0131lmaktayd\u0131.<o:o:o:o:p><\/o:o:o:o:p><\/span><\/span><\/div>\n<div><span style=\"color: #000000; font-family: Times New Roman; font-size: small;\"> <\/span><\/div>\n<div style=\"margin: 0cm 0cm 0pt; text-align: justify; line-height: 150%; text-indent: 1cm; mso-pagination: none;\" class=\"MsoNormal\"><b><span style=\"line-height: 150%; font-family: &quot;Arial&quot;,&quot;sans-serif&quot;; font-size: 10pt; mso-bidi-font-size: 12.0pt;\"><span style=\"color: #000000;\">Libya\u2019daki isyanc\u0131lar\u0131 Bat\u0131l\u0131 komandolar y\u00f6netiyor!<o:o:o:o:p><\/o:o:o:o:p><\/span><\/span><\/b><\/div>\n<div><span style=\"color: #000000; font-family: Times New Roman; font-size: small;\"> <\/span><\/div>\n<div style=\"margin: 0cm 0cm 0pt; text-align: justify; line-height: 150%; text-indent: 1cm; mso-pagination: none;\" class=\"MsoNormal\"><span style=\"line-height: 150%; font-family: &quot;Arial&quot;,&quot;sans-serif&quot;; font-size: 10pt; mso-bidi-font-weight: bold; mso-bidi-font-size: 12.0pt;\"><span style=\"color: #000000;\">El Cezire Televizyonu, Libya&#8217;da isyanc\u0131lar\u0131n elinde olan Misrata&#8217;da yapt\u0131\u011fa \u00e7ekimlerde Bat\u0131l\u0131 \u00f6zel kuvvet askerlerinin g\u00f6r\u00fcnt\u00fclerini yay\u0131nlam\u0131\u015ft\u0131.<o:o:o:o:p><\/o:o:o:o:p><\/span><\/span><\/div>\n<div><span style=\"color: #000000; font-family: Times New Roman; font-size: small;\"> <\/span><\/div>\n<div style=\"margin: 0cm 0cm 0pt; text-align: justify; line-height: 150%; text-indent: 1cm; mso-pagination: none;\" class=\"MsoNormal\"><span style=\"line-height: 150%; font-family: &quot;Arial&quot;,&quot;sans-serif&quot;; font-size: 10pt; mso-bidi-font-weight: bold; mso-bidi-font-size: 12.0pt;\"><span style=\"color: #000000;\">Misrata yak\u0131nlar\u0131ndaki cephede bulunan bir mevzide \u00e7ekilen g\u00f6r\u00fcnt\u00fclerde, Bat\u0131l\u0131 oldu\u011fu ilk bak\u0131\u015fta anla\u015f\u0131lan 6 erkekten olu\u015fan grup muhaliflerle konu\u015furken g\u00f6r\u00fcl\u00fcyordu. Sivri kepleri, g\u00fcne\u015f g\u00f6zl\u00fckleri ve taarruz t\u00fcfekleriyle muhaliflerden ayr\u0131lan gruptan 5 ki\u015finin \u00fczerinde resmi olmayan renksiz k\u0131yafet ve kefiye bulunuyordu. Grubun lideri oldu\u011fu san\u0131lan 6&#8217;nc\u0131 ki\u015fi ise silah ta\u015f\u0131m\u0131yor ve k\u0131sa kollu pembe bir ti\u015f\u00f6rt giyiyordu. \u0130ngiltere&#8217;nin deneyimli sava\u015f muhabirlerinden Tony Birtley, bu yabanc\u0131 silahl\u0131lar\u0131n k\u0131yafetlerinden de anla\u015f\u0131laca\u011f\u0131 \u00fczere b\u00fcy\u00fck olas\u0131l\u0131kla &#8216;\u0130ngiliz&#8221; olduklar\u0131n\u0131 belirtiyordu. Birtley, bu ki\u015filerin eski komando olduklar\u0131n\u0131 ve muhaliflerin yan\u0131nda \u00f6zel olarak \u00e7al\u0131\u015ft\u0131klar\u0131n\u0131 vurguluyordu. \u0130ngiliz Savunma Bakanl\u0131\u011f\u0131 ise \u201cLibya&#8217;da arazide \u0130ngiliz askeri bulunmad\u0131\u011f\u0131\u201d a\u00e7\u0131klamas\u0131n\u0131 yap\u0131yor, b\u00f6ylece kararg\u00e2hlarda adamlar\u0131n\u0131n bulundu\u011funu dolayl\u0131 itiraf ediyordu.<o:o:o:o:p><\/o:o:o:o:p><\/span><\/span><\/div>\n<div><span style=\"color: #000000; font-family: Times New Roman; font-size: small;\"> <\/span><\/div>\n<div style=\"margin: 0cm 0cm 0pt; text-align: justify; line-height: 150%; text-indent: 1cm; mso-pagination: none;\" class=\"MsoNormal\"><span style=\"line-height: 150%; font-family: &quot;Arial&quot;,&quot;sans-serif&quot;; font-size: 10pt; mso-bidi-font-weight: bold; mso-bidi-font-size: 12.0pt;\"><span style=\"color: #000000;\">Ayr\u0131ca \u0130talya D\u0131\u015fi\u015fleri Bakan\u0131 Franco Frattini&#8217;nin, Libyal\u0131 isyanc\u0131lar\u0131n merkezi olan Bingazi kentine vard\u0131\u011f\u0131, burada isyanc\u0131 lider Mustafa Abd\u00fclcelil ile ortak bas\u0131n toplant\u0131s\u0131 yapt\u0131\u011f\u0131 ve ard\u0131ndan konsolosluk a\u00e7t\u0131\u011f\u0131 belirtiliyordu. Frattini, yapt\u0131\u011f\u0131 a\u00e7\u0131klamada, isyanc\u0131lara y\u00fcz milyonlarca Euro&#8217;luk kredi a\u00e7ma konusunda anla\u015fma imzalad\u0131klar\u0131n\u0131 s\u00f6yl\u00fcyordu. Yani Recep T. Erdo\u011fan AKP\u2019si Libya\u2019da Ha\u00e7l\u0131-Siyonist emperyalizme ta\u015feronluk yap\u0131yordu.<o:o:o:o:p><\/o:o:o:o:p><\/span><\/span><\/div>\n<div><span style=\"color: #000000; font-family: Times New Roman; font-size: small;\"> <\/span><\/div>\n<div style=\"margin: 0cm 0cm 0pt; text-align: justify; line-height: 150%; text-indent: 1cm; mso-pagination: none;\" class=\"MsoNormal\"><b><span style=\"line-height: 150%; font-family: &quot;Arial&quot;,&quot;sans-serif&quot;; font-size: 10pt; mso-bidi-font-size: 12.0pt;\"><span style=\"color: #000000;\">AKP yanl\u0131s\u0131 ve Yani \u015eafak Yazar\u0131 \u0130brahim Karag\u00fcl \u015funlar\u0131 itiraf ediyor: (25 May\u0131s 2011 Tehlikeli Savrulma)<o:o:o:o:p><\/o:o:o:o:p><\/span><\/span><\/b><\/div>\n<div><span style=\"color: #000000; font-family: Times New Roman; font-size: small;\"> <\/span><\/div>\n<div style=\"margin: 0cm 0cm 0pt; text-align: justify; line-height: 150%; text-indent: 1cm; mso-pagination: none;\" class=\"MsoNormal\"><b><i style=\"mso-bidi-font-style: normal;\"><span style=\"line-height: 150%; font-family: &quot;Arial&quot;,&quot;sans-serif&quot;; font-size: 10pt; mso-bidi-font-size: 12.0pt;\"><span style=\"color: #000000;\">\u201cBu yap\u0131lar kimler \u00fczerinden yap\u0131l\u0131rsa yap\u0131ls\u0131n, M\u0131s\u0131r ve Tunus&#8217;ta liderler kolay de\u011fi\u015fti ama \u00fclkeler, y\u00f6netimler de\u011fi\u015fmedi. Libya&#8217;da kanl\u0131 bir i\u00e7 sava\u015f ba\u015flat\u0131ld\u0131, NATO bir M\u00fcsl\u00fcman \u00fclkeye her g\u00fcn \u00f6l\u00fcm ya\u011fd\u0131r\u0131yor. \u015eehirler, limanlar, havaalanlar\u0131, gemiler bombalan\u0131yor kimse bunun anlam\u0131n\u0131 d\u00fc\u015f\u00fcnm\u00fcyor. Kaddafi&#8217;nin de\u011fil Libya&#8217;n\u0131n zenginlikleri yok ediliyor.<o:o:o:o:p><\/o:o:o:o:p><\/span><\/span><\/i><\/b><\/div>\n<div><span style=\"color: #000000; font-family: Times New Roman; font-size: small;\"> <\/span><\/div>\n<div style=\"margin: 0cm 0cm 0pt; text-align: justify; line-height: 150%; text-indent: 1cm; mso-pagination: none;\" class=\"MsoNormal\"><b><i style=\"mso-bidi-font-style: normal;\"><span style=\"line-height: 150%; font-family: &quot;Arial&quot;,&quot;sans-serif&quot;; font-size: 10pt; mso-bidi-font-size: 12.0pt;\"><span style=\"color: #000000;\">Kaddafi de bitti. Silahla ayakta durmas\u0131 m\u00fcmk\u00fcn de\u011fil. Fransa helikopterler g\u00f6nderirken, NATO Akdeniz&#8217;den vururken, ABD askeri m\u00fcdahalede yeni destekler a\u00e7\u0131klarken, \u015fimdi muhalefet \u00fclke \u00fclke dola\u015f\u0131yor. ABD muhalefeti, Libya&#8217;n\u0131n temsilcisi olarak tan\u0131yor. Avrupa Birli\u011fi de tan\u0131m\u0131\u015f ve Bingazi&#8217;de temsilcilik a\u00e7m\u0131\u015f bulunuyor. Ge\u00e7i\u015f d\u00f6neminin temsilcileri T\u00fcrkiye&#8217;ye geliyor ve en \u00fcst d\u00fczeyde a\u011f\u0131rlan\u0131yor. T\u00fcrkiye&#8217;ye y\u00f6nelik diplomatik \u00e7\u0131karman\u0131n benzeri Rusya&#8217;ya yap\u0131l\u0131yor. Muhalefet Bingazi&#8217;de merkez bankas\u0131n\u0131 kuruyor, Avrupa \u00fclkelerinde temsilcilik a\u00e7\u0131yor. <o:o:o:o:p><\/o:o:o:o:p><\/span><\/span><\/i><\/b><\/div>\n<div><span style=\"color: #000000; font-family: Times New Roman; font-size: small;\"> <\/span><\/div>\n<div style=\"margin: 0cm 0cm 0pt; text-align: justify; line-height: 150%; text-indent: 1cm; mso-pagination: none;\" class=\"MsoNormal\"><span style=\"color: #000000;\"><b><i style=\"mso-bidi-font-style: normal;\"><span style=\"line-height: 150%; font-family: &quot;Arial&quot;,&quot;sans-serif&quot;; font-size: 10pt; mso-bidi-font-size: 12.0pt;\">Kaddafi i\u015fte \u015fimdi fiilen devrilmi\u015f g\u00f6r\u00fcn\u00fcyor. Yeni y\u00f6netim i\u015fba\u015f\u0131nda. San\u0131yoruz Libya dosyas\u0131 bir s\u00fcre sonra kapat\u0131lacak. \u0130\u015fte o zaman Suriye dosyas\u0131n\u0131n nas\u0131l a\u00e7\u0131laca\u011f\u0131n\u0131 g\u00f6rece\u011fiz.\u201d <\/span><\/i><\/b><b><span style=\"line-height: 150%; font-family: &quot;Arial&quot;,&quot;sans-serif&quot;; font-size: 10pt; mso-bidi-font-size: 12.0pt;\">Bu s\u00f6zler, AKP\u2019nin Libya ve Suriye\u2019de emperyalizme hizmet ve T\u00fcrkiye\u2019nin milli menfaat ve hedeflerine h\u0131yanet etti\u011finin, hem de yanda\u015f\u0131 bir yazar taraf\u0131ndan itiraf\u0131 oluyordu. <o:o:o:o:p><\/o:o:o:o:p><\/span><\/b><\/span><\/div>\n<div><span style=\"color: #000000; font-family: Times New Roman; font-size: small;\"> <\/span><\/div>\n<div style=\"padding: 1pt 4pt; border: 1pt solid windowtext; mso-element: para-border-div; mso-border-alt: solid windowtext .5pt;\"><span style=\"color: #000000; font-family: Times New Roman; font-size: small;\"> <\/span> <\/p>\n<div style=\"margin: 0cm 0cm 0pt; padding: 0cm; border: currentColor; text-align: justify; line-height: 150%; text-indent: 1cm; mso-pagination: none; mso-border-alt: solid windowtext .5pt; mso-padding-alt: 1.0pt 4.0pt 1.0pt 4.0pt;\" class=\"MsoNormal\"><b><span style=\"font-family: &quot;Arial&quot;,&quot;sans-serif&quot;;\"><span style=\"font-size: small;\"><span style=\"color: #000000;\">Suriye\u2019de MOSSAD ajanlar\u0131 orduyu kar\u0131\u015ft\u0131r\u0131yor!<o:o:o:o:p><\/o:o:o:o:p><\/span><\/span><\/span><\/b><\/div>\n<p> <span style=\"color: #000000; font-family: Times New Roman; font-size: small;\"> <\/span> <\/p>\n<div style=\"margin: 0cm 0cm 0pt; padding: 0cm; border: currentColor; text-align: justify; line-height: 150%; text-indent: 1cm; mso-pagination: none; mso-border-alt: solid windowtext .5pt; mso-padding-alt: 1.0pt 4.0pt 1.0pt 4.0pt;\" class=\"MsoNormal\"><span style=\"line-height: 150%; font-family: &quot;Arial&quot;,&quot;sans-serif&quot;; font-size: 10pt; mso-bidi-font-weight: bold; mso-bidi-font-size: 12.0pt;\"><span style=\"color: #000000;\">Suriye&#8217;deki &#8216;saha ajan\u0131ndan&#8217; MOSSAD ba\u015fkan\u0131na verilen raporda, bu \u00fclke ile ba\u015fa \u00e7\u0131kmak i\u00e7in \u00f6nce Suriye ordusunun etkisiz hale getirilmesi gerekti\u011fi ifade ediliyor ve bu do\u011frultuda ayr\u0131nt\u0131l\u0131 bir plan \u00f6neriliyordu.<o:o:o:o:p><\/o:o:o:o:p><\/span><\/span><\/div>\n<p> <span style=\"color: #000000; font-family: Times New Roman; font-size: small;\"> <\/span> <\/p>\n<div style=\"margin: 0cm 0cm 0pt; padding: 0cm; border: currentColor; text-align: justify; line-height: 150%; text-indent: 1cm; mso-pagination: none; mso-border-alt: solid windowtext .5pt; mso-padding-alt: 1.0pt 4.0pt 1.0pt 4.0pt;\" class=\"MsoNormal\"><span style=\"line-height: 150%; font-family: &quot;Arial&quot;,&quot;sans-serif&quot;; font-size: 10pt; mso-bidi-font-weight: bold; mso-bidi-font-size: 12.0pt;\"><span style=\"color: #000000;\">Hayret, \u0130srail \u0130stihbarat \u00d6rg\u00fct\u00fc MOSSAD\u2019\u0131n Suriye\u2019yi par\u00e7alama plan\u0131, T\u00fcrkiye&#8217;yi par\u00e7alama plan\u0131yla t\u0131pat\u0131p \u00f6rt\u00fc\u015f\u00fcyordu.<o:o:o:o:p><\/o:o:o:o:p><\/span><\/span><\/div>\n<p> <span style=\"color: #000000; font-family: Times New Roman; font-size: small;\"> <\/span> <\/p>\n<div style=\"margin: 0cm 0cm 0pt; padding: 0cm; border: currentColor; text-align: justify; line-height: 150%; text-indent: 1cm; mso-pagination: none; mso-border-alt: solid windowtext .5pt; mso-padding-alt: 1.0pt 4.0pt 1.0pt 4.0pt;\" class=\"MsoNormal\"><span style=\"line-height: 150%; font-family: &quot;Arial&quot;,&quot;sans-serif&quot;; font-size: 10pt; mso-bidi-font-weight: bold; mso-bidi-font-size: 12.0pt;\"><span style=\"color: #000000;\">D\u0131\u015f bas\u0131na s\u0131zan: Suriye&#8217;deki &#8220;saha ajan\u0131ndan&#8221; MOSSAD ba\u015fkan\u0131na verilen raporda: 1- Ordunun zay\u0131flat\u0131l\u0131p Suriye&#8217;nin istikrars\u0131zla\u015ft\u0131rmas\u0131 2- T\u00fcrkiye&#8217;deki gibi \u0131l\u0131ml\u0131 \u0130slam\u2019\u0131n g\u00fcndeme ta\u015f\u0131nmas\u0131 3- K\u00fcrtlerin ba\u011f\u0131ms\u0131zl\u0131k vaadiyle k\u0131\u015fk\u0131rt\u0131lmas\u0131 4- B\u00f6ylece Arap-\u0130srail \u00e7at\u0131\u015fmas\u0131n\u0131n yerini Arap-K\u00fcrt \u00e7at\u0131\u015fmas\u0131n\u0131n almas\u0131 ve \u0130srail\u2019in rahatlamas\u0131. <o:o:o:o:p><\/o:o:o:o:p><\/span><\/span><\/div>\n<p> <span style=\"color: #000000; font-family: Times New Roman; font-size: small;\"> <\/span> <\/p>\n<div style=\"margin: 0cm 0cm 0pt; padding: 0cm; border: currentColor; text-align: justify; line-height: 150%; text-indent: 1cm; mso-pagination: none; mso-border-alt: solid windowtext .5pt; mso-padding-alt: 1.0pt 4.0pt 1.0pt 4.0pt;\" class=\"MsoNormal\"><span style=\"line-height: 150%; font-family: &quot;Arial&quot;,&quot;sans-serif&quot;; font-size: 10pt; mso-bidi-font-weight: bold; mso-bidi-font-size: 12.0pt;\"><span style=\"color: #000000;\">&#8220;Suriye y\u00f6netiminin en \u00f6nemli kozu \u015fu: Halk orduya g\u00fcveniyor, ordu da Be\u015far Esad&#8217;a g\u00fcveniyor. E\u011fer halk ile ordu aras\u0131ndaki ba\u011f\u0131 \u00e7\u00f6zersek, ordu ile Esad aras\u0131n\u0131 bozmam\u0131za gerek kalmayacakt\u0131r. Bizim ajanlar\u0131m\u0131z bu g\u00fcne kadar hep k\u00fc\u00e7\u00fcklerle u\u011fra\u015ft\u0131. Oysa b\u00fcy\u00fckler Esad&#8217;\u0131n yan\u0131nda hareket ederse hedef ba\u015far\u0131s\u0131z olacakt\u0131r. Bunu k\u0131rmam\u0131z gerekiyor&#8221; denilen raporda, Suriye ordusunu zay\u0131flatmak i\u00e7in izlenmesini \u00f6nerdi\u011fi yol, T\u00fcrkiye&#8217;deki uygulamalara benziyor. \u0130\u015fte raporun Suriye ordusunu zay\u0131flatma plan\u0131:<o:o:o:o:p><\/o:o:o:o:p><\/span><\/span><\/div>\n<p> <span style=\"color: #000000; font-family: Times New Roman; font-size: small;\"> <\/span> <\/p>\n<div style=\"margin: 0cm 0cm 0pt; padding: 0cm; border: currentColor; text-align: justify; line-height: 150%; text-indent: 1cm; mso-pagination: none; mso-border-alt: solid windowtext .5pt; mso-padding-alt: 1.0pt 4.0pt 1.0pt 4.0pt;\" class=\"MsoNormal\"><b><span style=\"line-height: 150%; font-family: &quot;Arial&quot;,&quot;sans-serif&quot;; font-size: 10pt; mso-bidi-font-size: 12.0pt;\"><span style=\"color: #000000;\">Hedef Suriye g\u00fcvenlik g\u00fc\u00e7leri<o:o:o:o:p><\/o:o:o:o:p><\/span><\/span><\/b><\/div>\n<p> <span style=\"color: #000000; font-family: Times New Roman; font-size: small;\"> <\/span> <\/p>\n<div style=\"margin: 0cm 0cm 0pt; padding: 0cm; border: currentColor; text-align: justify; line-height: 150%; text-indent: 1cm; mso-pagination: none; mso-border-alt: solid windowtext .5pt; mso-padding-alt: 1.0pt 4.0pt 1.0pt 4.0pt;\" class=\"MsoNormal\"><span style=\"line-height: 150%; font-family: &quot;Arial&quot;,&quot;sans-serif&quot;; font-size: 10pt; mso-bidi-font-weight: bold; mso-bidi-font-size: 12.0pt;\"><span style=\"color: #000000;\">&#8220;Biliyoruz ki y\u00f6netim g\u00fcvenlik g\u00fc\u00e7lerine ate\u015f emri vermeyecek. &#8220;Bunun i\u00e7in bizim adamlar\u0131m\u0131z sivil giysilerle g\u00fcvenlik g\u00fc\u00e7lerinin ortas\u0131ndan ya da gizli yerlerden sivil y\u00fcr\u00fcy\u00fc\u015f\u00e7\u00fclere ate\u015f edecek ve biz bunlar\u0131 g\u00f6r\u00fcnt\u00fcleyip medyaya s\u0131zd\u0131raca\u011f\u0131z. Bunlar\u0131 sistemin sivil adamlar\u0131 diye tan\u0131taca\u011f\u0131z. \u015eu an eylemlere m\u00fcdahale eden g\u00fcvenlik g\u00fc\u00e7leri silahl\u0131 de\u011fil. Bu bizim i\u00e7in bir avantaj. Bu noktada \u00e7ok rahat bir \u015fekilde teorilerimizi uygular\u0131z. Ayn\u0131 zamanda maskeli adamlarla g\u00fcvenlik g\u00fc\u00e7lerine ate\u015f a\u00e7aca\u011f\u0131z.\u201d<o:o:o:o:p><\/o:o:o:o:p><\/span><\/span><\/div>\n<p> <span style=\"color: #000000; font-family: Times New Roman; font-size: small;\"> <\/span> <\/p>\n<div style=\"margin: 0cm 0cm 0pt; padding: 0cm; border: currentColor; text-align: justify; line-height: 150%; text-indent: 1cm; mso-pagination: none; mso-border-alt: solid windowtext .5pt; mso-padding-alt: 1.0pt 4.0pt 1.0pt 4.0pt;\" class=\"MsoNormal\"><b><span style=\"line-height: 150%; font-family: &quot;Arial&quot;,&quot;sans-serif&quot;; font-size: 10pt; mso-bidi-font-size: 12.0pt;\"><span style=\"color: #000000;\">Orduyu b\u00f6lme stratejisi!<o:o:o:o:p><\/o:o:o:o:p><\/span><\/span><\/b><\/div>\n<p> <span style=\"color: #000000; font-family: Times New Roman; font-size: small;\"> <\/span> <\/p>\n<div style=\"margin: 0cm 0cm 0pt; padding: 0cm; border: currentColor; text-align: justify; line-height: 150%; text-indent: 1cm; mso-pagination: none; mso-border-alt: solid windowtext .5pt; mso-padding-alt: 1.0pt 4.0pt 1.0pt 4.0pt;\" class=\"MsoNormal\"><span style=\"line-height: 150%; font-family: &quot;Arial&quot;,&quot;sans-serif&quot;; font-size: 10pt; mso-bidi-font-weight: bold; mso-bidi-font-size: 12.0pt;\"><span style=\"color: #000000;\">&#8220;Suriye ordusu ideolojik bir ordudur. \u00dcst d\u00fczeydekiler Baas Partisi&#8217;ne mensuptur. Bunlar\u0131 iki kanada ay\u0131raca\u011f\u0131z. Bir kanat reformcu, \u00f6teki kanat sertlik yanl\u0131s\u0131 olacak. \u00c7at\u0131\u015fmalar s\u00fcrerken \u00f6zellikle etnik fitneyi ve siyasi ayr\u0131l\u0131klar\u0131 da elimizden geldi\u011fi kadar alevlendirmeye \u00e7al\u0131\u015faca\u011f\u0131z. Askerler aras\u0131nda sevilen ki\u015filer, etnik kimlikleri olan ki\u015filer hedef al\u0131n\u0131p tasfiye edilecek. B\u00f6ylece ordunun b\u00fcy\u00fck bir b\u00f6l\u00fcm\u00fc, Arap \u00fclkelerinin deste\u011fi ve sistemin g\u00fcc\u00fc muhalefet taraf\u0131na ge\u00e7ecek.<o:o:o:o:p><\/o:o:o:o:p><\/span><\/span><\/div>\n<p> <span style=\"color: #000000; font-family: Times New Roman; font-size: small;\"> <\/span> <\/p>\n<div style=\"margin: 0cm 0cm 0pt; padding: 0cm; border: currentColor; text-align: justify; line-height: 150%; text-indent: 1cm; mso-pagination: none; mso-border-alt: solid windowtext .5pt; mso-padding-alt: 1.0pt 4.0pt 1.0pt 4.0pt;\" class=\"MsoNormal\"><b><span style=\"line-height: 150%; font-family: &quot;Arial&quot;,&quot;sans-serif&quot;; font-size: 10pt; mso-bidi-font-size: 12.0pt;\"><span style=\"color: #000000;\">\u0130srail i\u00e7in en tehlikeli \u015fey: \u0130ran-Suriye i\u015fbirli\u011fi!<o:o:o:o:p><\/o:o:o:o:p><\/span><\/span><\/b><\/div>\n<p> <span style=\"color: #000000; font-family: Times New Roman; font-size: small;\"> <\/span> <\/p>\n<div style=\"margin: 0cm 0cm 0pt; padding: 0cm; border: currentColor; text-align: justify; line-height: 150%; text-indent: 1cm; mso-pagination: none; mso-border-alt: solid windowtext .5pt; mso-padding-alt: 1.0pt 4.0pt 1.0pt 4.0pt;\" class=\"MsoNormal\"><span style=\"line-height: 150%; font-family: &quot;Arial&quot;,&quot;sans-serif&quot;; font-size: 10pt; mso-bidi-font-weight: bold; mso-bidi-font-size: 12.0pt;\"><span style=\"color: #000000;\">&#8220;\u0130srail devleti olarak en ufak hatay\u0131 kabul etmeyece\u011fiz. \u00c7\u00fcnk\u00fc bu durumda Esad rejimi \u0130ran deste\u011fiyle bize sava\u015f a\u00e7abilir. Hi\u00e7bir \u00fclke bu sava\u015f\u0131 durdurma g\u00fcc\u00fcne sahip de\u011fil. Bu sava\u015fta hem n\u00fckleer santralleri, hem silah depolar\u0131n\u0131 hedef alabilirler. Bu kaosa yol a\u00e7ar, \u00e7ok zarar verebilir. B\u00fct\u00fcn d\u00fcnyadaki yat\u0131r\u0131mlar\u0131m\u0131z, \u0130ran, Hizbullah ve Suriye tehdidi alt\u0131nda kalabilir. O nedenle, b\u00f6yle bir kaos \u00e7\u0131kar\u0131lmas\u0131n\u0131 \u00f6nlemek i\u00e7in en \u00f6nemli \u015fey, Suriye ordusunu i\u015flevsiz hale getirmektir.\u201d<o:o:o:o:p><\/o:o:o:o:p><\/span><\/span><\/div>\n<p> <span style=\"color: #000000; font-family: Times New Roman; font-size: small;\"> <\/span> <\/p>\n<div style=\"margin: 0cm 0cm 0pt; padding: 0cm; border: currentColor; text-align: justify; line-height: 150%; text-indent: 1cm; mso-pagination: none; mso-border-alt: solid windowtext .5pt; mso-padding-alt: 1.0pt 4.0pt 1.0pt 4.0pt;\" class=\"MsoNormal\"><span style=\"color: #000000;\"><b><span style=\"line-height: 150%; font-family: &quot;Arial&quot;,&quot;sans-serif&quot;; font-size: 10pt; mso-bidi-font-size: 12.0pt;\">Bunun i\u00e7in hangi yol takip edilmeli?<span style=\"mso-spacerun: yes;\"> <\/span><\/span><\/b><span style=\"line-height: 150%; font-family: &quot;Arial&quot;,&quot;sans-serif&quot;; font-size: 10pt; mso-bidi-font-weight: bold; mso-bidi-font-size: 12.0pt;\"><span style=\"mso-spacerun: yes;\"> <\/span><o:o:o:o:p><\/o:o:o:o:p><\/span><\/span><\/div>\n<p> <span style=\"color: #000000; font-family: Times New Roman; font-size: small;\"> <\/span> <\/p>\n<div style=\"margin: 0cm 0cm 0pt; padding: 0cm; border: currentColor; text-align: justify; line-height: 150%; text-indent: 1cm; mso-pagination: none; mso-border-alt: solid windowtext .5pt; mso-padding-alt: 1.0pt 4.0pt 1.0pt 4.0pt;\" class=\"MsoNormal\"><span style=\"line-height: 150%; font-family: &quot;Arial&quot;,&quot;sans-serif&quot;; font-size: 10pt; mso-bidi-font-weight: bold; mso-bidi-font-size: 12.0pt;\"><span style=\"color: #000000;\">&#8220;En ba\u015fta bas\u0131n ve medyay\u0131 kullanarak, Suriye ordusunun sivilleri evlerinden ka\u00e7\u0131rd\u0131\u011f\u0131 propagandas\u0131n\u0131 yapaca\u011f\u0131z. Her kentte gizli hapishaneler oldu\u011funu yayaca\u011f\u0131z. G\u00f6zalt\u0131na al\u0131nan ki\u015filer, Suriye ordusu elbiseleri giymi\u015f ki\u015filerce kameralar \u00f6n\u00fcnde d\u00f6v\u00fclecek, gerekirse \u00f6ld\u00fcr\u00fclecek. B\u00f6ylelikle halkla ordu aras\u0131ndaki ba\u011flar\u0131 \u00e7\u00f6zm\u00fc\u015f olaca\u011f\u0131z. Ordu mensuplar\u0131 Baas\u00e7\u0131 olduklar\u0131 i\u00e7in halk orduyu d\u0131\u015flayacakt\u0131r. E\u011fer bunu ger\u00e7ekle\u015ftirirsek b\u00fct\u00fcn hedeflerimize ula\u015fabiliriz.&#8221;<o:o:o:o:p><\/o:o:o:o:p><\/span><\/span><\/div>\n<p> <span style=\"color: #000000; font-family: Times New Roman; font-size: small;\"> <\/span><\/div>\n<div><span style=\"color: #000000; font-family: Times New Roman; font-size: small;\"> <\/span><\/div>\n<div style=\"margin: 0cm 0cm 0pt; text-align: justify; line-height: 150%; text-indent: 1cm; mso-pagination: none;\" class=\"MsoNormal\"><b><span style=\"line-height: 150%; font-family: &quot;Arial&quot;,&quot;sans-serif&quot;; font-size: 10pt; mso-bidi-font-size: 12.0pt;\"><span style=\"color: #000000;\">Polise pusu: 120 ki\u015fi \u00f6l\u00fcyor!<o:o:o:o:p><\/o:o:o:o:p><\/span><\/span><\/b><\/div>\n<div><span style=\"color: #000000; font-family: Times New Roman; font-size: small;\"> <\/span><\/div>\n<div style=\"margin: 0cm 0cm 0pt; text-align: justify; line-height: 150%; text-indent: 1cm; mso-pagination: none;\" class=\"MsoNormal\"><span style=\"line-height: 150%; font-family: &quot;Arial&quot;,&quot;sans-serif&quot;; font-size: 10pt; mso-bidi-font-weight: bold; mso-bidi-font-size: 12.0pt;\"><span style=\"color: #000000;\">Tam bu s\u0131rada, Suriye devlet televizyonu, g\u00fcvenlik g\u00fc\u00e7lerinin g\u00fcnlerdir operasyon d\u00fczenledi\u011fi Cisr El \u015euku kasabas\u0131nda d\u00fcn y\u00fczlerce silahla ki\u015fiyle \u00e7at\u0131\u015ft\u0131\u011f\u0131n\u0131 duyurmaktayd\u0131. Televizyonda yap\u0131lan a\u00e7\u0131klamada, Cisr El \u015eukur&#8217;da silahl\u0131 ki\u015filerin elindeki semtlerden birine uygulanan ablukay\u0131 k\u0131rd\u0131\u011f\u0131, burada g\u00fcvenlik g\u00fc\u00e7lerine kurulan pusuda 120 polisin \u00f6ld\u00fc\u011f\u00fc a\u00e7\u0131klanm\u0131\u015ft\u0131. Sald\u0131r\u0131ya u\u011frayan polis merkezindeki \u00e7ok say\u0131da sivilin de \u00e7at\u0131\u015fma s\u0131ras\u0131nda ya\u015fam\u0131n\u0131 yitirdi\u011fi ve b\u00f6lgede bug\u00fcn meydana gelen olaylarda 38 sivilin \u00f6ld\u00fc\u011f\u00fc vurgulanm\u0131\u015ft\u0131.<o:o:o:o:p><\/o:o:o:o:p><\/span><\/span><\/div>\n<div><span style=\"color: #000000; font-family: Times New Roman; font-size: small;\"> <\/span><\/div>\n<div style=\"margin: 0cm 0cm 0pt; text-align: justify; line-height: 150%; text-indent: 1cm; mso-pagination: none;\" class=\"MsoNormal\"><b><span style=\"line-height: 150%; font-family: &quot;Arial&quot;,&quot;sans-serif&quot;; font-size: 10pt; mso-bidi-font-size: 12.0pt;\"><span style=\"color: #000000;\">Nak\u015fa katliam\u0131nda can kayb\u0131 art\u0131yor<o:o:o:o:p><\/o:o:o:o:p><\/span><\/span><\/b><\/div>\n<div><span style=\"color: #000000; font-family: Times New Roman; font-size: small;\"> <\/span><\/div>\n<div style=\"margin: 0cm 0cm 0pt; text-align: justify; line-height: 150%; text-indent: 1cm; mso-pagination: none;\" class=\"MsoNormal\"><span style=\"line-height: 150%; font-family: &quot;Arial&quot;,&quot;sans-serif&quot;; font-size: 10pt; mso-bidi-font-weight: bold; mso-bidi-font-size: 12.0pt;\"><span style=\"color: #000000;\">Bu f\u0131rsat ortam\u0131nda \u0130srail&#8217;in Golan Tepeleri&#8217;nde ate\u015f a\u00e7mas\u0131 sonucu \u00f6len Suriyeli ve Filistinlilerin say\u0131s\u0131 23&#8217;e y\u00fckseliyor, 325 ki\u015fi de yaralan\u0131yor, \u00f6lenler aras\u0131nda k\u00fc\u00e7\u00fck bir k\u0131z \u00e7ocu\u011fu, bir kad\u0131n ve bir gazeteci de bulunuyordu.<o:o:o:o:p><\/o:o:o:o:p><\/span><\/span><\/div>\n<div><span style=\"color: #000000; font-family: Times New Roman; font-size: small;\"> <\/span><\/div>\n<div style=\"margin: 0cm 0cm 0pt; text-align: justify; line-height: 150%; text-indent: 1cm; mso-pagination: none;\" class=\"MsoNormal\"><span style=\"line-height: 150%; font-family: &quot;Arial&quot;,&quot;sans-serif&quot;; font-size: 10pt; mso-bidi-font-weight: bold; mso-bidi-font-size: 12.0pt;\"><span style=\"color: #000000;\">L\u00fcbnan Hizbullah&#8217;\u0131 lideri \u015eeyh Hasan Nasrallah, olaylar nedeniyle \u0130srail&#8217;i su\u00e7layarak: &#8220;Amerika&#8217;n\u0131n b\u00f6lgedeki Araplar\u0131n zenginli\u011fini \u00e7alma \u00e7abalar\u0131n\u0131n yeni bir ad\u0131m\u0131 oldu\u011funu&#8221; hat\u0131rlat\u0131yor: &#8220;Bu operasyon, Amerika&#8217;n\u0131n \u0130srail&#8217;in g\u00fcvenli\u011fi i\u00e7in her \u015feye kay\u0131ts\u0131z \u015farts\u0131z g\u00f6z yummas\u0131n\u0131n bir g\u00f6stergesidir. Filistinli gen\u00e7lerin, kendi vatanlar\u0131na d\u00f6nmek i\u00e7in yapt\u0131\u011f\u0131 bu yeni eylemler, onlar\u0131n ne kadar kararl\u0131 olduklar\u0131n\u0131n ifadesidir&#8221; diyordu.<o:o:o:o:p><\/o:o:o:o:p><\/span><\/span><\/div>\n<div><span style=\"color: #000000; font-family: Times New Roman; font-size: small;\"> <\/span><\/div>\n<div style=\"margin: 0cm 0cm 0pt; text-align: justify; line-height: 150%; mso-pagination: none;\" class=\"MsoNormal\"><span style=\"line-height: 150%; font-family: &quot;Arial&quot;,&quot;sans-serif&quot;; font-size: 10pt; mso-bidi-font-weight: bold; mso-bidi-font-size: 12.0pt;\"><o:o:o:o:p><span style=\"color: #000000;\"> <\/span><\/o:o:o:o:p><\/span><\/div>\n<div><span style=\"color: #000000; font-family: Times New Roman; font-size: small;\"> <\/span><\/div>\n<div style=\"margin: 0cm 0cm 0pt; text-align: justify; line-height: 150%; mso-pagination: none;\" class=\"MsoNormal\"><span style=\"line-height: 150%; font-family: &quot;Arial&quot;,&quot;sans-serif&quot;; font-size: 10pt; mso-bidi-font-weight: bold; mso-bidi-font-size: 12.0pt;\"><o:o:o:o:p><span style=\"color: #000000;\"> <\/span><\/o:o:o:o:p><\/span><\/div>\n<div><span style=\"color: #000000; font-family: Times New Roman; font-size: small;\"> <\/span><\/div>\n<div style=\"mso-element: footnote-list;\"><br clear=\"all\" \/><span style=\"color: #000000; font-family: Times New Roman; font-size: small;\">  <\/p>\n<hr width=\"33%\" size=\"1\" align=\"left\" \/> <\/span> <\/p>\n<div id=\"ftn1\" style=\"mso-element: footnote;\"><span style=\"color: #000000; font-family: Times New Roman; font-size: small;\"> <\/span> <\/p>\n<div style=\"margin: 0cm 0cm 0pt;\" class=\"MsoFootnoteText\"><a style=\"mso-footnote-id: ftn1;\" name=\"_ftn1\" href=\"#_ftnref1\"><span class=\"MsoFootnoteReference\"><span lang=\"X-NONE\" style=\"font-family: &quot;Arial&quot;,&quot;sans-serif&quot;; font-size: 9pt;\"><span style=\"mso-special-character: footnote;\"><span class=\"MsoFootnoteReference\"><span lang=\"X-NONE\" style=\"font-family: &quot;Arial&quot;,&quot;sans-serif&quot;; font-size: 9pt; mso-fareast-font-family: Calibri; mso-ansi-language: X-NONE; mso-fareast-language: X-NONE; mso-bidi-language: AR-SA;\"><span style=\"text-decoration: underline;\"><span style=\"color: #0066cc;\">[1]<\/span><\/span><\/span><\/span><\/span><\/span><\/span><\/a><span lang=\"X-NONE\" style=\"font-family: &quot;Arial&quot;,&quot;sans-serif&quot;; font-size: 9pt;\"><span style=\"color: #000000;\"> Milli Gazete Haber Merkezi<o:o:o:o:p><\/o:o:o:o:p><\/span><\/span><\/div>\n<p> <span style=\"color: #000000; font-family: Times New Roman; font-size: small;\"> <\/span><\/div>\n<p> <span style=\"color: #000000; font-family: Times New Roman; font-size: small;\"> <\/span> <\/p>\n<div id=\"ftn2\" style=\"mso-element: footnote;\"><span style=\"color: #000000; font-family: Times New Roman; font-size: small;\"> <\/span> <\/p>\n<div style=\"margin: 0cm 0cm 0pt;\" class=\"MsoFootnoteText\"><a style=\"mso-footnote-id: ftn2;\" name=\"_ftn2\" href=\"#_ftnref2\"><span class=\"MsoFootnoteReference\"><span lang=\"X-NONE\" style=\"font-family: &quot;Arial&quot;,&quot;sans-serif&quot;; font-size: 9pt;\"><span style=\"mso-special-character: footnote;\"><span class=\"MsoFootnoteReference\"><span lang=\"X-NONE\" style=\"font-family: &quot;Arial&quot;,&quot;sans-serif&quot;; font-size: 9pt; mso-fareast-font-family: Calibri; mso-ansi-language: X-NONE; mso-fareast-language: X-NONE; mso-bidi-language: AR-SA;\"><span style=\"text-decoration: underline;\"><span style=\"color: #0066cc;\">[2]<\/span><\/span><\/span><\/span><\/span><\/span><\/span><\/a><span lang=\"X-NONE\" style=\"font-family: &quot;Arial&quot;,&quot;sans-serif&quot;; font-size: 9pt;\"><span style=\"color: #000000;\"> <span style=\"mso-bidi-font-weight: bold;\">Serdar Akinan \/ Ak\u015fam<\/span><o:o:o:o:p><\/o:o:o:o:p><\/span><\/span><\/div>\n<p> <span style=\"color: #000000; font-family: Times New Roman; font-size: small;\"> <\/span><\/div>\n<p> <span style=\"color: #000000; font-family: Times New Roman; font-size: small;\"> <\/span><\/div>\n<div><span style=\"color: #000000; font-family: Times New Roman; font-size: small;\"> <\/span><\/div>\n","protected":false},"excerpt":{"rendered":"<div>\n","protected":false},"author":9,"featured_media":0,"comment_status":"open","ping_status":"closed","sticky":false,"template":"","format":"standard","meta":{"footnotes":""},"categories":[126],"tags":[],"class_list":["post-2081","post","type-post","status-publish","format-standard","hentry","category-agustos-2011"],"_links":{"self":[{"href":"https:\/\/www.millicozum.com\/mc\/wp-json\/wp\/v2\/posts\/2081","targetHints":{"allow":["GET"]}}],"collection":[{"href":"https:\/\/www.millicozum.com\/mc\/wp-json\/wp\/v2\/posts"}],"about":[{"href":"https:\/\/www.millicozum.com\/mc\/wp-json\/wp\/v2\/types\/post"}],"author":[{"embeddable":true,"href":"https:\/\/www.millicozum.com\/mc\/wp-json\/wp\/v2\/users\/9"}],"replies":[{"embeddable":true,"href":"https:\/\/www.millicozum.com\/mc\/wp-json\/wp\/v2\/comments?post=2081"}],"version-history":[{"count":0,"href":"https:\/\/www.millicozum.com\/mc\/wp-json\/wp\/v2\/posts\/2081\/revisions"}],"wp:attachment":[{"href":"https:\/\/www.millicozum.com\/mc\/wp-json\/wp\/v2\/media?parent=2081"}],"wp:term":[{"taxonomy":"category","embeddable":true,"href":"https:\/\/www.millicozum.com\/mc\/wp-json\/wp\/v2\/categories?post=2081"},{"taxonomy":"post_tag","embeddable":true,"href":"https:\/\/www.millicozum.com\/mc\/wp-json\/wp\/v2\/tags?post=2081"}],"curies":[{"name":"wp","href":"https:\/\/api.w.org\/{rel}","templated":true}]}}