{"id":2083,"date":"2011-07-28T15:17:30","date_gmt":"2011-07-28T15:17:30","guid":{"rendered":"https:\/\/www.millicozum.com\/mc\/2011\/07\/28\/turkiye-parcalanirken-parsa-gozleyen-soysuzlar\/"},"modified":"2011-07-28T15:17:30","modified_gmt":"2011-07-28T15:17:30","slug":"turkiye-parcalanirken-parsa-gozleyen-soysuzlar","status":"publish","type":"post","link":"https:\/\/www.millicozum.com\/mc\/2011\/agustos-2011\/turkiye-parcalanirken-parsa-gozleyen-soysuzlar\/","title":{"rendered":"T\u00dcRK\u0130YE PAR\u00c7ALANIRKEN PARSA G\u00d6ZLEYEN SOYSUZLAR!"},"content":{"rendered":"<div><span style=\"background-color: #ffffff;\">    <\/span><\/div>\n<div><span style=\"color: #000000; font-family: Times New Roman; font-size: small; background-color: #ffffff;\"> <\/span><\/div>\n<div style=\"margin: 0cm 0cm 0pt; text-align: justify; line-height: 150%; text-indent: 27pt; mso-pagination: none;\" class=\"MsoNormal\"><span style=\"background-color: #ffffff;\"><span style=\"line-height: 150%; font-family: &quot;Arial&quot;,&quot;sans-serif&quot;; font-size: 10pt;\"><span style=\"color: #000000;\">Taraf Gazetesini man\u015fetine g\u00f6re, \u201cABD Diyarbak\u0131r\u2019\u0131 \u00fcs yapmak istiyordu\u201d<\/span><\/span><a style=\"mso-footnote-id: ftn1;\" name=\"_ftnref1\" href=\"#_ftn1\"><span class=\"MsoFootnoteReference\"><span style=\"line-height: 150%; font-family: &quot;Arial&quot;,&quot;sans-serif&quot;; font-size: 10pt; mso-fareast-font-family: Calibri; mso-bidi-font-family: &quot;Times New Roman&quot;;\"><span style=\"mso-special-character: footnote;\"><span class=\"MsoFootnoteReference\"><span style=\"font-family: &quot;Arial&quot;,&quot;sans-serif&quot;; font-size: 10pt; mso-fareast-font-family: Calibri; mso-ansi-language: TR; mso-fareast-language: TR; mso-bidi-language: AR-SA; mso-bidi-font-family: &quot;Times New Roman&quot;;\"><span style=\"text-decoration: underline;\"><span style=\"color: #0066cc;\">[1]<\/span><\/span><\/span><\/span><\/span><\/span><\/span><\/a><span style=\"line-height: 150%; font-family: &quot;Arial&quot;,&quot;sans-serif&quot;; font-size: 10pt;\"><span style=\"color: #000000;\"> <o:o:o:p><\/o:o:o:p><\/span><\/span><\/span><\/div>\n<div><span style=\"color: #000000; font-family: Times New Roman; font-size: small; background-color: #ffffff;\"> <\/span><\/div>\n<div style=\"margin: 0cm 0cm 0pt; text-align: justify; line-height: 150%; text-indent: 27pt; mso-pagination: none;\" class=\"MsoNormal\"><span style=\"line-height: 150%; font-family: &quot;Arial&quot;,&quot;sans-serif&quot;; font-size: 10pt; background-color: #ffffff;\"><span style=\"color: #000000;\">Abdullah \u00d6calan, Recep Tayyip Erdo\u011fan\u2019\u0131n a\u00e7\u0131l\u0131mlar\u0131ndan ve onunla birlikte kendisinin ba\u011fl\u0131 oldu\u011fu Siyonist odaklardan cesaret alarak:<o:o:o:p><\/o:o:o:p><\/span><\/span><\/div>\n<div><span style=\"color: #000000; font-family: Times New Roman; font-size: small; background-color: #ffffff;\"> <\/span><\/div>\n<div style=\"margin: 0cm 0cm 0pt; text-align: justify; line-height: 150%; text-indent: 27pt; mso-pagination: none;\" class=\"MsoNormal\"><span style=\"line-height: 150%; font-family: &quot;Arial&quot;,&quot;sans-serif&quot;; font-size: 10pt; background-color: #ffffff;\"><span style=\"color: #000000;\">&#8220;Bir s\u00f6z s\u00f6ylesin sava\u015f\u0131 bitireyim&#8221; diyordu. Tek bir s\u00f6z&#8230; Ne kadar kolay g\u00f6r\u00fcn\u00fcyordu.<o:o:o:p><\/o:o:o:p><\/span><\/span><\/div>\n<div><span style=\"color: #000000; font-family: Times New Roman; font-size: small; background-color: #ffffff;\"> <\/span><\/div>\n<div style=\"margin: 0cm 0cm 0pt; text-align: justify; line-height: 150%; text-indent: 27pt; mso-pagination: none;\" class=\"MsoNormal\"><span style=\"line-height: 150%; font-family: &quot;Arial&quot;,&quot;sans-serif&quot;; font-size: 10pt; background-color: #ffffff;\"><span style=\"color: #000000;\">Peki, b\u00fct\u00fcn kilitleri a\u00e7acak olan o s\u00f6z ne imi\u015f? K\u00fcrt halk\u0131na, yeni anayasayla yeni bir stat\u00fc belirlenmesi&#8230; Yani Sevr\u2019in gere\u011finin yerine getirilmesi. Recep T. Erdo\u011fan yalvar\u0131r gibi itiraf ediyor. \u201cRet noktas\u0131n\u0131 a\u015ft\u0131k, ink\u00e2r \u0131srar\u0131n\u0131 a\u015ft\u0131k, asimilasyon politikas\u0131n\u0131 a\u015ft\u0131k. Ve \u015fu anda gelip &#8220;stat\u00fc&#8221; noktas\u0131nda s\u0131k\u0131\u015ft\u0131k.\u201d!?<o:o:o:p><\/o:o:o:p><\/span><\/span><\/div>\n<div><span style=\"color: #000000; font-family: Times New Roman; font-size: small; background-color: #ffffff;\"> <\/span><\/div>\n<div style=\"margin: 0cm 0cm 0pt; text-align: justify; line-height: 150%; text-indent: 27pt; mso-pagination: none;\" class=\"MsoNormal\"><span style=\"line-height: 150%; font-family: &quot;Arial&quot;,&quot;sans-serif&quot;; font-size: 10pt; background-color: #ffffff;\"><span style=\"color: #000000;\">Leyla Zana&#8217;n\u0131n Can D\u00fcndar&#8217;a s\u00f6yledi\u011fi \u015fu tarz s\u00f6zleri tam bir meydan okumayd\u0131:<o:o:o:p><\/o:o:o:p><\/span><\/span><\/div>\n<div><span style=\"color: #000000; font-family: Times New Roman; font-size: small; background-color: #ffffff;\"> <\/span><\/div>\n<div style=\"margin: 0cm 0cm 0pt; text-align: justify; line-height: 150%; text-indent: 27pt; mso-pagination: none;\" class=\"MsoNormal\"><span style=\"background-color: #ffffff;\"><b style=\"mso-bidi-font-weight: normal;\"><i style=\"mso-bidi-font-style: normal;\"><span style=\"line-height: 150%; font-family: &quot;Arial&quot;,&quot;sans-serif&quot;; font-size: 10pt;\"><span style=\"color: #000000;\">&#8220;Nefreti g\u00f6rm\u00fc\u015f, \u00f6fkeli bir ku\u015fak geliyor. Onlara &#8216;f\u0131rt\u0131na \u00e7ocuklar\u0131&#8217; deniyor. Devlet elini \u00e7abuk tutup bug\u00fcn bu sorunu bizimle \u00e7\u00f6zmezse, arkam\u0131zdan gelenlerle bar\u0131\u015fmas\u0131 \u00e7ok zor olacak. Bu f\u0131rsat ka\u00e7\u0131r\u0131lmamal\u0131&#8230;&#8221;<o:o:o:p><\/o:o:o:p><\/span><\/span><\/i><\/b><\/span><\/div>\n<div><span style=\"color: #000000; font-family: Times New Roman; font-size: small; background-color: #ffffff;\"> <\/span><\/div>\n<div style=\"margin: 0cm 0cm 0pt; text-align: justify; line-height: 150%; text-indent: 27pt; mso-pagination: none;\" class=\"MsoNormal\"><span style=\"line-height: 150%; font-family: &quot;Arial&quot;,&quot;sans-serif&quot;; font-size: 10pt; background-color: #ffffff;\"><span style=\"color: #000000;\">AKP yalakas\u0131 ve Yeni\u015fafak yazar\u0131 Ali Bayramo\u011flu <b style=\"mso-bidi-font-weight: normal;\"><i style=\"mso-bidi-font-style: normal;\">\u201cBu, hafife al\u0131nmayacak bir tespittir.\u201d<\/i><\/b> Diyerek Leyla Zana\u2019ya arka \u00e7\u0131k\u0131yordu.<o:o:o:p><\/o:o:o:p><\/span><\/span><\/div>\n<div><span style=\"color: #000000; font-family: Times New Roman; font-size: small; background-color: #ffffff;\"> <\/span><\/div>\n<div style=\"margin: 0cm 0cm 0pt; text-align: justify; line-height: 150%; text-indent: 27pt; mso-pagination: none;\" class=\"MsoNormal\"><span style=\"color: #000000; background-color: #ffffff;\"><span style=\"line-height: 150%; font-family: &quot;Arial&quot;,&quot;sans-serif&quot;; font-size: 10pt;\">Demokratik Toplum Kongresi\u2019nin Barzani y\u00f6netimini ziyaretinin anlam\u0131:<\/span><span style=\"font-family: &quot;Arial&quot;,&quot;sans-serif&quot;;\"><o:o:o:p><\/o:o:o:p><\/span><\/span><\/div>\n<div><span style=\"color: #000000; font-family: Times New Roman; font-size: small; background-color: #ffffff;\"> <\/span><\/div>\n<div style=\"margin: 0cm 0cm 0pt; text-align: justify; line-height: 150%; text-indent: 27pt; mso-pagination: none;\" class=\"MsoNormal\"><span style=\"background-color: #ffffff;\"><b style=\"mso-bidi-font-weight: normal;\"><span style=\"font-family: &quot;Arial&quot;,&quot;sans-serif&quot;;\"><span style=\"font-size: small;\"><span style=\"color: #000000;\">T\u00fcrkiye himayesinde K\u00fcrdistan<o:o:o:p><\/o:o:o:p><\/span><\/span><\/span><\/b><\/span><\/div>\n<div><span style=\"color: #000000; font-family: Times New Roman; font-size: small; background-color: #ffffff;\"> <\/span><\/div>\n<div style=\"margin: 0cm 0cm 0pt; text-align: justify; line-height: 150%; text-indent: 27pt; mso-pagination: none;\" class=\"MsoNormal\"><span style=\"line-height: 150%; font-family: &quot;Arial&quot;,&quot;sans-serif&quot;; font-size: 10pt; background-color: #ffffff;\"><span style=\"color: #000000;\">Ekim\u2019de Erbil\u2019de toplanmas\u0131 kararla\u015ft\u0131r\u0131lan K\u00fcrt Ulusal Konferans\u0131\u2019n\u0131n hedefi \u201c4 par\u00e7a 1 \u00e7at\u0131\u201d olarak a\u00e7\u0131klan\u0131yordu. Uzmanlara g\u00f6re, ABD tasar\u0131m\u0131 \u201cT\u00fcrkiye himayesinde K\u00fcrdistan\u201d form\u00fcl\u00fc AKP iktidar\u0131 deste\u011fiyle i\u015fliyordu.<o:o:o:p><\/o:o:o:p><\/span><\/span><\/div>\n<div><span style=\"color: #000000; font-family: Times New Roman; font-size: small; background-color: #ffffff;\"> <\/span><\/div>\n<div style=\"margin: 0cm 0cm 0pt; text-align: justify; line-height: 150%; text-indent: 27pt; mso-pagination: none;\" class=\"MsoNormal\"><span style=\"color: #000000; background-color: #ffffff;\"><span style=\"line-height: 150%; font-family: &quot;Arial&quot;,&quot;sans-serif&quot;; font-size: 10pt;\">Demokratik Toplum Kongresi (DTK) E\u015fba\u015fkan\u0131 Ahmet T\u00fcrk, BDP E\u015fba\u015fkan\u0131 Hadip Geylani, HAKPAR Genel Ba\u015fkan\u0131 Bayram Bozyel, KADEP eski Genel Ba\u015fkan\u0131 \u015eerafettin El\u00e7i ve beraberindeki heyetin \u201cK\u00fcrt Ulusal Konferans\u0131\u201d i\u00e7in kukla K\u00fcrt devletine (Kuzey Irak B\u00f6lgesel K\u00fcrt Y\u00f6netimi) yapt\u0131klar\u0131 ziyaretin ayr\u0131nt\u0131lar\u0131 ortaya \u00e7\u0131km\u0131\u015ft\u0131. Ziyaret s\u0131ras\u0131nda ba\u015fkan Mesut Barzani ve Ba\u015fbakan Behram Salih\u2019le de g\u00f6r\u00fc\u015fen heyet, hedeflerini \u201c4 par\u00e7a 1 \u00e7at\u0131\u201d olarak a\u00e7\u0131klad\u0131. Bu hedef \u00d6zg\u00fcr G\u00fcndem\u2019in man\u015fetine ta\u015f\u0131nm\u0131\u015ft\u0131. Heyete kat\u0131lanlar ziyaretle ilgili olarak resmen de\u011fil ama fiilen b\u00f6l\u00fcnme mesajlar\u0131 i\u00e7eren a\u00e7\u0131klamalarda bulunmu\u015flard\u0131:<\/span><span style=\"font-family: &quot;Arial&quot;,&quot;sans-serif&quot;;\"><o:o:o:p><\/o:o:o:p><\/span><\/span><\/div>\n<div><span style=\"color: #000000; font-family: Times New Roman; font-size: small; background-color: #ffffff;\"> <\/span><\/div>\n<div style=\"margin: 0cm 0cm 0pt; text-align: justify; line-height: 150%; text-indent: 27pt; mso-pagination: none;\" class=\"MsoNormal\"><span style=\"background-color: #ffffff;\"><b style=\"mso-bidi-font-weight: normal;\"><span style=\"font-family: &quot;Arial&quot;,&quot;sans-serif&quot;;\"><span style=\"font-size: small;\"><span style=\"color: #000000;\">Uzmanlar yorumlad\u0131: \u201cAKP de Amerika\u2019n\u0131n yan\u0131nda\u201d<o:o:o:p><\/o:o:o:p><\/span><\/span><\/span><\/b><\/span><\/div>\n<div><span style=\"color: #000000; font-family: Times New Roman; font-size: small; background-color: #ffffff;\"> <\/span><\/div>\n<div style=\"margin: 0cm 0cm 0pt; text-align: justify; line-height: 150%; text-indent: 27pt; mso-pagination: none;\" class=\"MsoNormal\"><span style=\"line-height: 150%; font-family: &quot;Arial&quot;,&quot;sans-serif&quot;; font-size: 10pt; background-color: #ffffff;\"><span style=\"color: #000000;\">Erbil\u2019de Barzani ile yap\u0131lan g\u00f6r\u00fc\u015fmeleri ve al\u0131nan kararlar\u0131 de\u011ferlendiren b\u00f6lge uzmanlar\u0131, geli\u015fmelerin tamamen ABD\u2019nin istedi\u011fi bi\u00e7imde seyretti\u011fini vurgulam\u0131\u015flard\u0131. ABD-PKK at\u0131\u015fmalar\u0131n\u0131n \u201cbilgi d\u00e2hilinde\u201d ve dan\u0131\u015f\u0131kl\u0131 d\u00f6v\u00fc\u015f \u015feklinde oldu\u011funu kaydeden uzmanlar, \u015fu g\u00f6r\u00fc\u015fleri savunmu\u015flard\u0131:<o:o:o:p><\/o:o:o:p><\/span><\/span><\/div>\n<div><span style=\"color: #000000; font-family: Times New Roman; font-size: small; background-color: #ffffff;\"> <\/span><\/div>\n<div style=\"margin: 0cm 0cm 0pt; text-align: justify; line-height: 150%; text-indent: 27pt; mso-pagination: none;\" class=\"MsoNormal\"><span style=\"line-height: 150%; font-family: &quot;Arial&quot;,&quot;sans-serif&quot;; font-size: 10pt; background-color: #ffffff;\"><span style=\"color: #000000;\">\u201cB\u00fcy\u00fck K\u00fcrdistan i\u00e7in son a\u015famaya gelindi.\u201d<o:o:o:p><\/o:o:o:p><\/span><\/span><\/div>\n<div><span style=\"color: #000000; font-family: Times New Roman; font-size: small; background-color: #ffffff;\"> <\/span><\/div>\n<div style=\"margin: 0cm 0cm 0pt; text-align: justify; line-height: 150%; text-indent: 27pt; mso-pagination: none;\" class=\"MsoNormal\"><span style=\"line-height: 150%; font-family: &quot;Arial&quot;,&quot;sans-serif&quot;; font-size: 10pt; background-color: #ffffff;\"><span style=\"color: #000000;\">\u201cABD\u2019nin y\u0131llar \u00f6nce b\u00f6lge i\u00e7in tasarlad\u0131\u011f\u0131 \u201cT\u00fcrkiye himayesinde K\u00fcrdistan\u201d form\u00fcl\u00fc ge\u00e7erli. Federasyonun sa\u011flanmas\u0131 ama\u00e7lan\u0131yor. B\u00fcy\u00fck K\u00fcrdistan son a\u015fama\u2026 Zaten Irak ve T\u00fcrkiye taraf\u0131 birle\u015ftirilirse gerisi kolay. Amerika da bunu bildi\u011fi i\u00e7in \u015fimdi esas i\u015fle u\u011fra\u015f\u0131yor. Burada kritik olan bu olu\u015fumun maddi kayna\u011f\u0131n\u0131n sa\u011flanmas\u0131. Yani b\u00f6lgede \u00e7\u0131kan petrol\u00fcn K\u00fcrtler hesab\u0131na d\u00fcnyaya pazarlanmas\u0131. Bu konuda gizli \u00e7al\u0131\u015fmalar y\u00fcr\u00fcyor.<o:o:o:p><\/o:o:o:p><\/span><\/span><\/div>\n<div><span style=\"color: #000000; font-family: Times New Roman; font-size: small; background-color: #ffffff;\"> <\/span><\/div>\n<div style=\"margin: 0cm 0cm 0pt; text-align: justify; line-height: 150%; text-indent: 27pt; mso-pagination: none;\" class=\"MsoNormal\"><span style=\"line-height: 150%; font-family: &quot;Arial&quot;,&quot;sans-serif&quot;; font-size: 10pt; background-color: #ffffff;\"><span style=\"color: #000000;\">AKP\u2019de bu konuda Amerika\u2019n\u0131n yan\u0131nda. Se\u00e7imden sonra yeni geli\u015fmeler ortaya \u00e7\u0131kar. Irak merkezi h\u00fck\u00fcmetinin tepkisi de bundan.\u201d<o:o:o:p><\/o:o:o:p><\/span><\/span><\/div>\n<div><span style=\"color: #000000; font-family: Times New Roman; font-size: small; background-color: #ffffff;\"> <\/span><\/div>\n<div style=\"margin: 0cm 0cm 0pt; text-align: justify; line-height: 150%; text-indent: 27pt; mso-pagination: none;\" class=\"MsoNormal\"><span style=\"background-color: #ffffff;\"><b style=\"mso-bidi-font-weight: normal;\"><span style=\"font-family: &quot;Arial&quot;,&quot;sans-serif&quot;;\"><span style=\"font-size: small;\"><span style=\"color: #000000;\">T\u00fcrkiye\u2019yi i\u00e7 sava\u015fla korkutmak!<o:o:o:p><\/o:o:o:p><\/span><\/span><\/span><\/b><\/span><\/div>\n<div><span style=\"color: #000000; font-family: Times New Roman; font-size: small; background-color: #ffffff;\"> <\/span><\/div>\n<div style=\"margin: 0cm 0cm 0pt; text-align: justify; line-height: 150%; text-indent: 27pt; mso-pagination: none;\" class=\"MsoNormal\"><span style=\"line-height: 150%; font-family: &quot;Arial&quot;,&quot;sans-serif&quot;; font-size: 10pt; background-color: #ffffff;\"><span style=\"color: #000000;\">Leyla Zana\u2019n\u0131n G\u00fcneydo\u011funun k\u00fc\u00e7\u00fck bir k\u00f6y\u00fcnde yapt\u0131\u011f\u0131 konu\u015fma herhalde T\u00fcrk-K\u00fcrt ili\u015fkilerinin d\u00f6n\u00fcm noktalar\u0131ndan biri olarak okunmal\u0131yd\u0131.<o:o:o:p><\/o:o:o:p><\/span><\/span><\/div>\n<div><span style=\"color: #000000; font-family: Times New Roman; font-size: small; background-color: #ffffff;\"> <\/span><\/div>\n<div style=\"margin: 0cm 0cm 0pt; text-align: justify; line-height: 150%; text-indent: 27pt; mso-pagination: none;\" class=\"MsoNormal\"><span style=\"background-color: #ffffff;\"><b style=\"mso-bidi-font-weight: normal;\"><i style=\"mso-bidi-font-style: normal;\"><span style=\"font-family: &quot;Arial&quot;,&quot;sans-serif&quot;;\"><span style=\"font-size: small;\"><span style=\"color: #000000;\">\u201cOylar\u0131n\u0131z\u0131 K\u00fcrdistan\u2019a, bar\u0131\u015fa, karde\u015fli\u011fe ve gerilla i\u00e7in verin\u201d<o:o:o:p><\/o:o:o:p><\/span><\/span><\/span><\/i><\/b><\/span><\/div>\n<div><span style=\"color: #000000; font-family: Times New Roman; font-size: small; background-color: #ffffff;\"> <\/span><\/div>\n<div style=\"margin: 0cm 0cm 0pt; text-align: justify; line-height: 150%; text-indent: 27pt; mso-pagination: none;\" class=\"MsoNormal\"><span style=\"line-height: 150%; font-family: &quot;Arial&quot;,&quot;sans-serif&quot;; font-size: 10pt; background-color: #ffffff;\"><span style=\"color: #000000;\">Bu s\u00f6zler, asl\u0131nda kand\u0131r\u0131l\u0131p k\u0131\u015fk\u0131rt\u0131lan K\u00fcrtlerin akl\u0131n\u0131n bir yerinde duran bir iste\u011fi nihayet ayd\u0131nl\u0131\u011fa \u00e7\u0131kart\u0131yordu.<o:o:o:p><\/o:o:o:p><\/span><\/span><\/div>\n<div><span style=\"color: #000000; font-family: Times New Roman; font-size: small; background-color: #ffffff;\"> <\/span><\/div>\n<div style=\"margin: 0cm 0cm 0pt; text-align: justify; line-height: 150%; text-indent: 27pt; mso-pagination: none;\" class=\"MsoNormal\"><span style=\"line-height: 150%; font-family: &quot;Arial&quot;,&quot;sans-serif&quot;; font-size: 10pt; background-color: #ffffff;\"><span style=\"color: #000000;\">K\u00fcrtlerin y\u00f6netti\u011fi bir K\u00fcrdistan isteniyordu.<o:o:o:p><\/o:o:o:p><\/span><\/span><\/div>\n<div><span style=\"color: #000000; font-family: Times New Roman; font-size: small; background-color: #ffffff;\"> <\/span><\/div>\n<div style=\"margin: 0cm 0cm 0pt; text-align: justify; line-height: 150%; text-indent: 27pt; mso-pagination: none;\" class=\"MsoNormal\"><span style=\"line-height: 150%; font-family: &quot;Arial&quot;,&quot;sans-serif&quot;; font-size: 10pt; background-color: #ffffff;\"><span style=\"color: #000000;\">Ne\u015fe D\u00fczel\u2019le yapt\u0131\u011f\u0131 r\u00f6portajda <b style=\"mso-bidi-font-weight: normal;\"><i style=\"mso-bidi-font-style: normal;\">\u201cK\u00fcrtlerin hedefi de\u011filse de ufku ba\u011f\u0131ms\u0131zl\u0131kt\u0131r\u201d<\/i><\/b> diyen Cihan Tu\u011fal\u2019\u0131n <b style=\"mso-bidi-font-weight: normal;\">\u201cufuk\u201d<\/b> olarak de\u011ferlendirdi\u011fi iste\u011fin art\u0131k bir <b style=\"mso-bidi-font-weight: normal;\">\u201chedef\u201d<\/b> haline geldi\u011fini Leyla Zana a\u00e7\u0131kl\u0131yordu.<o:o:o:p><\/o:o:o:p><\/span><\/span><\/div>\n<div><span style=\"color: #000000; font-family: Times New Roman; font-size: small; background-color: #ffffff;\"> <\/span><\/div>\n<div style=\"margin: 0cm 0cm 0pt; text-align: justify; line-height: 150%; text-indent: 27pt; mso-pagination: none;\" class=\"MsoNormal\"><span style=\"color: #000000; background-color: #ffffff;\"><span style=\"line-height: 150%; font-family: &quot;Arial&quot;,&quot;sans-serif&quot;; font-size: 10pt;\">Ard\u0131ndan Aysel Tu\u011fluk, Kurtulu\u015f Tayiz\u2019e <b style=\"mso-bidi-font-weight: normal;\"><i style=\"mso-bidi-font-style: normal;\">\u201cAnayasal e\u015fitlik bize yetmez, bize stat\u00fc gerekir\u201d<\/i><\/b> diyordu.<\/span><span style=\"font-family: &quot;Arial&quot;,&quot;sans-serif&quot;;\"><o:o:o:p><\/o:o:o:p><\/span><\/span><\/div>\n<div><span style=\"color: #000000; font-family: Times New Roman; font-size: small; background-color: #ffffff;\"> <\/span><\/div>\n<div style=\"margin: 0cm 0cm 0pt; text-align: justify; line-height: 150%; text-indent: 27pt; mso-pagination: none;\" class=\"MsoNormal\"><span style=\"color: #000000; background-color: #ffffff;\"><b style=\"mso-bidi-font-weight: normal;\"><i style=\"mso-bidi-font-style: normal;\"><span style=\"line-height: 150%; font-family: &quot;Arial&quot;,&quot;sans-serif&quot;; font-size: 10pt;\">\u201cK\u00fcrtler bir b\u00fct\u00fcn de\u011fil elbette, T\u00fcrkler nas\u0131l \u00e7e\u015fitli fikirler ve \u00e7\u0131karlar etraf\u0131nda k\u00fcmelenmi\u015fse K\u00fcrtler de de\u011fi\u015fik fikirler etraf\u0131nda toplanm\u0131\u015flar ama \u201c\u00f6zerk\u201d ya da \u201cba\u011f\u0131ms\u0131z\u201d bir K\u00fcrdistan fikri san\u0131r\u0131m hepsinin ortak paydas\u0131n\u0131 olu\u015fturuyor. K\u00fcrdistan\u2019la ilgili farkl\u0131 hayalleri var ama K\u00fcrdistan ortak hayalleri. Bu a\u015famada san\u0131r\u0131m \u201cba\u011f\u0131ms\u0131zl\u0131k\u201d de\u011fil de \u201c\u00f6zerklik\u201d talep ediyorlar. Tam tarif edilmese de \u201c\u00f6zerklikten\u201d bir t\u00fcr konfederasyon ima ediliyor herhalde. Kendi y\u00f6neticilerini kendilerinin se\u00e7ti\u011fi, kendi \u201cg\u00fcvenlik g\u00fc\u00e7lerini\u201d kendilerinin olu\u015fturaca\u011f\u0131 bir siyasi yap\u0131. \u015eimdilik ba\u011f\u0131ms\u0131zl\u0131k istememelerinin baz\u0131 nedenleri var\u201d<\/span><\/i><\/b><span style=\"line-height: 150%; font-family: &quot;Arial&quot;,&quot;sans-serif&quot;; font-size: 10pt;\"> diyen Taraf yazar\u0131 Ahmet Altan Sabatayisti bu s\u00f6zleriyle ba\u011f\u0131ms\u0131z K\u00fcrdistana arka \u00e7\u0131k\u0131yordu.<o:o:o:p><\/o:o:o:p><\/span><\/span><\/div>\n<div><span style=\"color: #000000; font-family: Times New Roman; font-size: small; background-color: #ffffff;\"> <\/span><\/div>\n<div style=\"margin: 0cm 0cm 0pt; text-align: justify; line-height: 150%; text-indent: 27pt; mso-pagination: none;\" class=\"MsoNormal\"><span style=\"background-color: #ffffff;\"><b style=\"mso-bidi-font-weight: normal;\"><i style=\"mso-bidi-font-style: normal;\"><span style=\"line-height: 150%; font-family: &quot;Arial&quot;,&quot;sans-serif&quot;; font-size: 10pt;\"><span style=\"color: #000000;\">\u201cKafalar\u0131nda nas\u0131l bir devlet var, sorusunu Zana\u2019n\u0131n bir c\u00fcmlesi bunu a\u00e7\u0131kl\u0131\u011fa kavu\u015fturuyordu.<o:o:o:p><\/o:o:o:p><\/span><\/span><\/i><\/b><\/span><\/div>\n<div><span style=\"color: #000000; font-family: Times New Roman; font-size: small; background-color: #ffffff;\"> <\/span><\/div>\n<div style=\"margin: 0cm 0cm 0pt; text-align: justify; line-height: 150%; text-indent: 27pt; mso-pagination: none;\" class=\"MsoNormal\"><span style=\"background-color: #ffffff;\"><b style=\"mso-bidi-font-weight: normal;\"><i style=\"mso-bidi-font-style: normal;\"><span style=\"line-height: 150%; font-family: &quot;Arial&quot;,&quot;sans-serif&quot;; font-size: 10pt;\"><span style=\"color: #000000;\">\u201cG\u00fcn gelecek, \u00d6calan kendi halk\u0131n\u0131n aras\u0131nda bu halk\u0131n \u00e7ocuklar\u0131na \u00f6\u011fretmen olacak.\u201d<o:o:o:p><\/o:o:o:p><\/span><\/span><\/i><\/b><\/span><\/div>\n<div><span style=\"color: #000000; font-family: Times New Roman; font-size: small; background-color: #ffffff;\"> <\/span><\/div>\n<div style=\"margin: 0cm 0cm 0pt; text-align: justify; line-height: 150%; text-indent: 27pt; mso-pagination: none;\" class=\"MsoNormal\"><span style=\"background-color: #ffffff;\"><b style=\"mso-bidi-font-weight: normal;\"><i style=\"mso-bidi-font-style: normal;\"><span style=\"line-height: 150%; font-family: &quot;Arial&quot;,&quot;sans-serif&quot;; font-size: 10pt;\"><span style=\"color: #000000;\">Bu c\u00fcmleyi duyup da Atat\u00fcrk\u2019\u00fcn karatahta ba\u015f\u0131nda \u00e7ocuklara \u201c\u00f6\u011fretmenlik\u201d yapt\u0131\u011f\u0131 sahneyi hat\u0131rlamayacak bir T\u00fcrkiye Cumhuriyeti vatanda\u015f\u0131 bulmak zordur herhalde.<o:o:o:p><\/o:o:o:p><\/span><\/span><\/i><\/b><\/span><\/div>\n<div><span style=\"color: #000000; font-family: Times New Roman; font-size: small; background-color: #ffffff;\"> <\/span><\/div>\n<div style=\"margin: 0cm 0cm 0pt; text-align: justify; line-height: 150%; text-indent: 27pt; mso-pagination: none;\" class=\"MsoNormal\"><span style=\"background-color: #ffffff;\"><b style=\"mso-bidi-font-weight: normal;\"><i style=\"mso-bidi-font-style: normal;\"><span style=\"line-height: 150%; font-family: &quot;Arial&quot;,&quot;sans-serif&quot;; font-size: 10pt;\"><span style=\"color: #000000;\">Benim anlayabildi\u011fim kadar\u0131yla Atat\u00fcrk\u2019\u00fcn yerine \u00d6calan\u2019\u0131, T\u00fcrk ordusunun yerine de PKK\u2019y\u0131 koyan 1923 modeli Kemalist bir devlet istiyorlar.<o:o:o:p><\/o:o:o:p><\/span><\/span><\/i><\/b><\/span><\/div>\n<div><span style=\"color: #000000; font-family: Times New Roman; font-size: small; background-color: #ffffff;\"> <\/span><\/div>\n<div style=\"margin: 0cm 0cm 0pt; text-align: justify; line-height: 150%; text-indent: 27pt; mso-pagination: none;\" class=\"MsoNormal\"><span style=\"background-color: #ffffff;\"><b style=\"mso-bidi-font-weight: normal;\"><i style=\"mso-bidi-font-style: normal;\"><span style=\"line-height: 150%; font-family: &quot;Arial&quot;,&quot;sans-serif&quot;; font-size: 10pt;\"><span style=\"color: #000000;\">K\u00fcrtlerin istekleri netle\u015fiyor, tav\u0131rlar\u0131 ve pozisyonlar\u0131 da \u00f6yle.<o:o:o:p><\/o:o:o:p><\/span><\/span><\/i><\/b><\/span><\/div>\n<div><span style=\"color: #000000; font-family: Times New Roman; font-size: small; background-color: #ffffff;\"> <\/span><\/div>\n<div style=\"margin: 0cm 0cm 0pt; text-align: justify; line-height: 150%; text-indent: 27pt; mso-pagination: none;\" class=\"MsoNormal\"><span style=\"background-color: #ffffff;\"><b style=\"mso-bidi-font-weight: normal;\"><i style=\"mso-bidi-font-style: normal;\"><span style=\"line-height: 150%; font-family: &quot;Arial&quot;,&quot;sans-serif&quot;; font-size: 10pt;\"><span style=\"color: #000000;\">Peki, T\u00fcrkler bu iste\u011fe ne diyecek?<o:o:o:p><\/o:o:o:p><\/span><\/span><\/i><\/b><\/span><\/div>\n<div><span style=\"color: #000000; font-family: Times New Roman; font-size: small; background-color: #ffffff;\"> <\/span><\/div>\n<div style=\"margin: 0cm 0cm 0pt; text-align: justify; line-height: 150%; text-indent: 27pt; mso-pagination: none;\" class=\"MsoNormal\"><span style=\"background-color: #ffffff;\"><b style=\"mso-bidi-font-weight: normal;\"><i style=\"mso-bidi-font-style: normal;\"><span style=\"line-height: 150%; font-family: &quot;Arial&quot;,&quot;sans-serif&quot;; font-size: 10pt;\"><span style=\"color: #000000;\">\u00dc\u00e7 \u015f\u0131k var, \u201cHay\u0131r, idari yap\u0131y\u0131 hi\u00e7bir \u015fekilde de\u011fi\u015ftiremezsiniz\u201d derler ve i\u00e7 sava\u015f \u00e7\u0131kar, \u201cOlur, zaten biz de \u00f6zerk eyaletler sistemine ge\u00e7ece\u011fiz, b\u00fct\u00fcn b\u00f6lgeler kendilerini y\u00f6netsinler\u201d derler ve mesele hallolur ya da \u201cK\u00fcrdistan\u2019\u0131 y\u00f6netin ama bu K\u00fcrdistan\u2019\u0131 biz finanse etmeyiz, siz ba\u011f\u0131ms\u0131z olun\u201d derler ve ayr\u0131l\u0131r\u0131z.<o:o:o:p><\/o:o:o:p><\/span><\/span><\/i><\/b><\/span><\/div>\n<div><span style=\"color: #000000; font-family: Times New Roman; font-size: small; background-color: #ffffff;\"> <\/span><\/div>\n<div style=\"margin: 0cm 0cm 0pt; text-align: justify; line-height: 150%; text-indent: 27pt; mso-pagination: none;\" class=\"MsoNormal\"><span style=\"background-color: #ffffff;\"><b style=\"mso-bidi-font-weight: normal;\"><i style=\"mso-bidi-font-style: normal;\"><span style=\"line-height: 150%; font-family: &quot;Arial&quot;,&quot;sans-serif&quot;; font-size: 10pt;\"><span style=\"color: #000000;\">Art\u0131k kendini kand\u0131rman\u0131n anlam\u0131 yok, talep net ve a\u00e7\u0131k.<o:o:o:p><\/o:o:o:p><\/span><\/span><\/i><\/b><\/span><\/div>\n<div><span style=\"color: #000000; font-family: Times New Roman; font-size: small; background-color: #ffffff;\"> <\/span><\/div>\n<div style=\"margin: 0cm 0cm 0pt; text-align: justify; line-height: 150%; text-indent: 27pt; mso-pagination: none;\" class=\"MsoNormal\"><span style=\"background-color: #ffffff;\"><b style=\"mso-bidi-font-weight: normal;\"><i style=\"mso-bidi-font-style: normal;\"><span style=\"line-height: 150%; font-family: &quot;Arial&quot;,&quot;sans-serif&quot;; font-size: 10pt;\"><span style=\"color: #000000;\">T\u00fcrkler de ne istediklerini s\u00f6ylesinler, bir tercih yaps\u0131nlar, bu bulan\u0131k belirsizlikten \u00e7\u0131kal\u0131m.<o:o:o:p><\/o:o:o:p><\/span><\/span><\/i><\/b><\/span><\/div>\n<div><span style=\"color: #000000; font-family: Times New Roman; font-size: small; background-color: #ffffff;\"> <\/span><\/div>\n<div style=\"margin: 0cm 0cm 0pt; text-align: justify; line-height: 150%; text-indent: 27pt; mso-pagination: none;\" class=\"MsoNormal\"><span style=\"background-color: #ffffff;\"><b style=\"mso-bidi-font-weight: normal;\"><i style=\"mso-bidi-font-style: normal;\"><span style=\"line-height: 150%; font-family: &quot;Arial&quot;,&quot;sans-serif&quot;; font-size: 10pt;\"><span style=\"color: #000000;\">Bir i\u00e7 sava\u015f herkes i\u00e7in felaket olur, buna gerek de yok, K\u00fcrtlerin isteklerini k\u00fclliyen reddetmek herkese pahal\u0131ya patlar.<o:o:o:p><\/o:o:o:p><\/span><\/span><\/i><\/b><\/span><\/div>\n<div><span style=\"color: #000000; font-family: Times New Roman; font-size: small; background-color: #ffffff;\"> <\/span><\/div>\n<div style=\"margin: 0cm 0cm 0pt; text-align: justify; line-height: 150%; text-indent: 27pt; mso-pagination: none;\" class=\"MsoNormal\"><span style=\"background-color: #ffffff;\"><b style=\"mso-bidi-font-weight: normal;\"><i style=\"mso-bidi-font-style: normal;\"><span style=\"line-height: 150%; font-family: &quot;Arial&quot;,&quot;sans-serif&quot;; font-size: 10pt;\"><span style=\"color: #000000;\">T\u00fcrkler \u00f6zerklikle ayr\u0131l\u0131k aras\u0131nda bir se\u00e7im yaps\u0131nlar.<o:o:o:p><\/o:o:o:p><\/span><\/span><\/i><\/b><\/span><\/div>\n<div><span style=\"color: #000000; font-family: Times New Roman; font-size: small; background-color: #ffffff;\"> <\/span><\/div>\n<div style=\"margin: 0cm 0cm 0pt; text-align: justify; line-height: 150%; text-indent: 27pt; mso-pagination: none;\" class=\"MsoNormal\"><span style=\"background-color: #ffffff;\"><b style=\"mso-bidi-font-weight: normal;\"><i style=\"mso-bidi-font-style: normal;\"><span style=\"line-height: 150%; font-family: &quot;Arial&quot;,&quot;sans-serif&quot;; font-size: 10pt;\"><span style=\"color: #000000;\">Bu i\u015fi bir \u00e7\u00f6z\u00fcme kavu\u015ftural\u0131m, ondan sonra da ya birlikte ya da ayr\u0131 ayr\u0131 daha \u00f6zg\u00fcr, daha zengin ve daha mutlu ya\u015faman\u0131n yollar\u0131n\u0131 arayal\u0131m.\u201d<\/span><\/span><\/i><\/b><a style=\"mso-footnote-id: ftn2;\" name=\"_ftnref2\" href=\"#_ftn2\"><span class=\"MsoFootnoteReference\"><b style=\"mso-bidi-font-weight: normal;\"><i style=\"mso-bidi-font-style: normal;\"><span style=\"line-height: 150%; font-family: &quot;Arial&quot;,&quot;sans-serif&quot;; font-size: 10pt; mso-fareast-font-family: Calibri;\"><span style=\"mso-special-character: footnote;\"><span class=\"MsoFootnoteReference\"><b style=\"mso-bidi-font-weight: normal;\"><span style=\"font-family: &quot;Arial&quot;,&quot;sans-serif&quot;; font-size: 10pt; mso-fareast-font-family: Calibri; mso-ansi-language: TR; mso-fareast-language: TR; mso-bidi-language: AR-SA;\"><span style=\"text-decoration: underline;\"><span style=\"color: #0066cc;\">[2]<\/span><\/span><\/span><\/b><\/span><\/span><\/span><\/i><\/b><\/span><\/a><b style=\"mso-bidi-font-weight: normal;\"><i style=\"mso-bidi-font-style: normal;\"><span style=\"line-height: 150%; font-family: &quot;Arial&quot;,&quot;sans-serif&quot;; font-size: 10pt;\"><o:o:o:p><\/o:o:o:p><\/span><\/i><\/b><\/span><\/div>\n<div><span style=\"color: #000000; font-family: Times New Roman; font-size: small; background-color: #ffffff;\"> <\/span><\/div>\n<div style=\"margin: 0cm 0cm 0pt; text-align: justify; line-height: 150%; text-indent: 27pt; mso-pagination: none;\" class=\"MsoNormal\"><span style=\"line-height: 150%; font-family: &quot;Arial&quot;,&quot;sans-serif&quot;; font-size: 10pt; background-color: #ffffff;\"><span style=\"color: #000000;\">Diyen Ahmet Altan, asl\u0131nda siyonist Yahudilerin, Emperyalist ABD ve AB\u2019nin ve i\u015fbirlik\u00e7i hainlerin ortak g\u00f6r\u00fc\u015flerini yans\u0131tmaktayd\u0131.<o:o:o:p><\/o:o:o:p><\/span><\/span><\/div>\n<div><span style=\"color: #000000; font-family: Times New Roman; font-size: small; background-color: #ffffff;\"> <\/span><\/div>\n<div style=\"margin: 0cm 0cm 0pt; text-align: justify; line-height: 150%; text-indent: 27pt; mso-pagination: none;\" class=\"MsoNormal\"><span style=\"background-color: #ffffff;\"><b style=\"mso-bidi-font-weight: normal;\"><span style=\"font-family: &quot;Arial&quot;,&quot;sans-serif&quot;;\"><span style=\"font-size: small;\"><span style=\"color: #000000;\">Orijinal Misak\u0131 Milli kay\u0131p m\u0131 oluyordu?<o:o:o:p><\/o:o:o:p><\/span><\/span><\/span><\/b><\/span><\/div>\n<div><span style=\"color: #000000; font-family: Times New Roman; font-size: small; background-color: #ffffff;\"> <\/span><\/div>\n<div style=\"margin: 0cm 0cm 0pt; text-align: justify; line-height: 150%; text-indent: 27pt; mso-pagination: none;\" class=\"MsoNormal\"><span style=\"line-height: 150%; font-family: &quot;Arial&quot;,&quot;sans-serif&quot;; font-size: 10pt; background-color: #ffffff;\"><span style=\"color: #000000;\">T\u00fcrkiye Cumhuriyeti&#8217;nin kurulu\u015f belgesi olarak kabul edilen Misak-\u0131 Milli (Milli Yemin) orijinal belgesi kay\u0131plara m\u0131 kar\u0131\u015fm\u0131\u015ft\u0131?<o:o:o:p><\/o:o:o:p><\/span><\/span><\/div>\n<div><span style=\"color: #000000; font-family: Times New Roman; font-size: small; background-color: #ffffff;\"> <\/span><\/div>\n<div style=\"margin: 0cm 0cm 0pt; text-align: justify; line-height: 150%; text-indent: 27pt; mso-pagination: none;\" class=\"MsoNormal\"><span style=\"line-height: 150%; font-family: &quot;Arial&quot;,&quot;sans-serif&quot;; font-size: 10pt; background-color: #ffffff;\"><span style=\"color: #000000;\">Milli Yemin belgesinin Devlet Ar\u015fivleri Genel M\u00fcd\u00fcrl\u00fc\u011f\u00fc, TBMM, T\u00fcrk \u0130nk\u0131l\u00e2p Tarihi Enstit\u00fcs\u00fc, Genelkurmay Tarihi ve Stratejik Et\u00fct Ba\u015fkanl\u0131\u011f\u0131&#8217;nda olmad\u0131\u011f\u0131 ortaya \u00e7\u0131km\u0131\u015ft\u0131. Misak-\u0131 Milli&#8217;nin 12 Eyl\u00fcl 1980 Darbesi&#8217;ni ger\u00e7ekle\u015ftiren Kenan Evren ve arkada\u015flar\u0131 taraf\u0131ndan k\u00e2\u011f\u0131t \u00fcretiminde kullan\u0131lmak \u00fczere SEKA&#8217;ya devredilen siyasi parti evraklar\u0131 i\u00e7inde yok edilmi\u015f olabilece\u011fi konu\u015fulmaktayd\u0131.<o:o:o:p><\/o:o:o:p><\/span><\/span><\/div>\n<div><span style=\"color: #000000; font-family: Times New Roman; font-size: small; background-color: #ffffff;\"> <\/span><\/div>\n<div style=\"margin: 0cm 0cm 0pt; text-align: justify; line-height: 150%; text-indent: 27pt; mso-pagination: none;\" class=\"MsoNormal\"><span style=\"line-height: 150%; font-family: &quot;Arial&quot;,&quot;sans-serif&quot;; font-size: 10pt; background-color: #ffffff;\"><span style=\"color: #000000;\">T\u00fcrkiye B\u00fcy\u00fck Millet Meclisi Adalet Komisyonu Ba\u015fkan\u0131 ve Milletvekili Ahmet \u0130yimaya, 15 y\u0131ldan beri pe\u015fine d\u00fc\u015ft\u00fc\u011f\u00fc Misak-\u0131 Milli(Milli Yemin) belgesinin devlet ar\u015fivlerinde olmad\u0131\u011f\u0131n\u0131 a\u00e7\u0131klam\u0131\u015ft\u0131<o:o:o:p><\/o:o:o:p><\/span><\/span><\/div>\n<div><span style=\"color: #000000; font-family: Times New Roman; font-size: small; background-color: #ffffff;\"> <\/span><\/div>\n<div style=\"margin: 0cm 0cm 0pt; text-align: justify; line-height: 150%; text-indent: 27pt; mso-pagination: none;\" class=\"MsoNormal\"><span style=\"line-height: 150%; font-family: &quot;Arial&quot;,&quot;sans-serif&quot;; font-size: 10pt; background-color: #ffffff;\"><span style=\"color: #000000;\">\u0130yimaya &#8220;Siyaset Kurumu&#8217;nun Ortak G\u00fcnah\u0131 Yasama Reformu&#8221; ad\u0131yla kaleme ald\u0131\u011f\u0131 kitab\u0131nda, Misak-\u0131 Milli belgesinin devlet ar\u015fivlerinde olmad\u0131\u011f\u0131n\u0131 belgeleri ile ortaya koymaktayd\u0131.<o:o:o:p><\/o:o:o:p><\/span><\/span><\/div>\n<div><span style=\"color: #000000; font-family: Times New Roman; font-size: small; background-color: #ffffff;\"> <\/span><\/div>\n<div style=\"margin: 0cm 0cm 0pt; text-align: justify; line-height: 150%; text-indent: 27pt; mso-pagination: none;\" class=\"MsoNormal\"><span style=\"line-height: 150%; font-family: &quot;Arial&quot;,&quot;sans-serif&quot;; font-size: 10pt; background-color: #ffffff;\"><span style=\"color: #000000;\">Belgenin T\u00fcrkiye Cumhuriyeti&#8217;nin &#8216;Magna Carta&#8217;s\u0131 oldu\u011funu anlat\u0131rken, T\u00fcrkiye Cumhuriyeti&#8217;nin temellerini olu\u015fturan bir belgenin korunamam\u0131\u015f olmas\u0131n\u0131n b\u00fcy\u00fck bir ay\u0131p oldu\u011funu vurgulam\u0131\u015ft\u0131. \u0130yimaya, &#8220;Bu belge T\u00fcrkiye Cumhuriyeti&#8217;nin co\u011frafi s\u0131n\u0131rlar\u0131n\u0131 belirlemesi bak\u0131m\u0131ndan Magna Carta&#8217;dan fark\u0131 yok. \u00dcstelik bu belge t\u00fcm d\u00fcnyaya ilan edilmi\u015f bir belgedir. Ulus devletine ge\u00e7i\u015fin en \u00f6nemli belgesidir. E\u011fer yok edilmemi\u015f ise bu belgenin mutlaka devletin ar\u015fivlerinde yerini almas\u0131 gerekir.&#8221; ifadelerini kullanm\u0131\u015ft\u0131.<o:o:o:p><\/o:o:o:p><\/span><\/span><\/div>\n<div><span style=\"color: #000000; font-family: Times New Roman; font-size: small; background-color: #ffffff;\"> <\/span><\/div>\n<div style=\"margin: 0cm 0cm 0pt; text-align: justify; line-height: 150%; text-indent: 27pt; mso-pagination: none;\" class=\"MsoNormal\"><span style=\"background-color: #ffffff;\"><b style=\"mso-bidi-font-weight: normal;\"><span style=\"line-height: 150%; font-family: &quot;Arial&quot;,&quot;sans-serif&quot;; font-size: 10pt;\"><span style=\"color: #000000;\">Misak-\u0131 Milli (Milli Yemin) belgesi nedir?<o:o:o:p><\/o:o:o:p><\/span><\/span><\/b><\/span><\/div>\n<div><span style=\"color: #000000; font-family: Times New Roman; font-size: small; background-color: #ffffff;\"> <\/span><\/div>\n<div style=\"margin: 0cm 0cm 0pt; text-align: justify; line-height: 150%; text-indent: 27pt; mso-pagination: none;\" class=\"MsoNormal\"><span style=\"line-height: 150%; font-family: &quot;Arial&quot;,&quot;sans-serif&quot;; font-size: 10pt; background-color: #ffffff;\"><span style=\"color: #000000;\">Misak-\u0131 Mill\u00ee (Mill\u00ee Yemin ya da Ulusal Ant), T\u00fcrk Kurtulu\u015f Sava\u015f\u0131&#8217;n\u0131n siyas\u00ee manifestosu olan alt\u0131 maddelik bildirinin ad\u0131 idi. \u0130stanbul&#8217;da toplanan son Osmanl\u0131 Mebusan Meclisi taraf\u0131ndan 28 Ocak 1920&#8217;de oybirli\u011fi ile kabul edilerek 17 \u015eubat 1920&#8217;de kamuoyuna a\u00e7\u0131klanm\u0131\u015ft\u0131.<o:o:o:p><\/o:o:o:p><\/span><\/span><\/div>\n<div><span style=\"color: #000000; font-family: Times New Roman; font-size: small; background-color: #ffffff;\"> <\/span><\/div>\n<div style=\"margin: 0cm 0cm 0pt; text-align: justify; line-height: 150%; text-indent: 27pt; mso-pagination: none;\" class=\"MsoNormal\"><span style=\"line-height: 150%; font-family: &quot;Arial&quot;,&quot;sans-serif&quot;; font-size: 10pt; background-color: #ffffff;\"><span style=\"color: #000000;\">12 Ocak 1920&#8217;de \u0130stanbul&#8217;da \u00e7al\u0131\u015fmalar\u0131na ba\u015flayan Meclis, y\u00f6netim organlar\u0131n\u0131 se\u00e7tikten sonra ilk olarak 28 Ocak&#8217;ta ger\u00e7ekle\u015ftirdi\u011fi kapal\u0131 oturumda &#8220;Ahd-\u0131 Mill\u00ee Beyannamesi&#8221; ad\u0131yla Misak-\u0131 Milli&#8217;yi kabul edip esas alm\u0131\u015ft\u0131. 12 \u015eubat&#8217;ta Edirne Milletvekili \u015eeref Bey&#8217;in \u00f6nerisi \u00fczerine, beyannamenin b\u00fct\u00fcn d\u00fcnya parlamentolar\u0131na ve bas\u0131na a\u00e7\u0131klanmas\u0131 kararla\u015ft\u0131r\u0131lm\u0131\u015ft\u0131. T\u00fcrkiye Cumhuriyeti&#8217;nin varolu\u015f felsefesini ve co\u011frafi s\u0131n\u0131rlar\u0131n\u0131 d\u00fcnyaya ilan eden belge, ulusal devlet b\u00fcnyesinde hangi etnik unsurlar\u0131n yer alaca\u011f\u0131n\u0131 da a\u00e7\u0131klam\u0131\u015ft\u0131.<o:o:o:p><\/o:o:o:p><\/span><\/span><\/div>\n<div><span style=\"color: #000000; font-family: Times New Roman; font-size: small; background-color: #ffffff;\"> <\/span><\/div>\n<div style=\"margin: 0cm 0cm 0pt; text-align: justify; line-height: 150%; text-indent: 27pt; mso-pagination: none;\" class=\"MsoNormal\"><span style=\"background-color: #ffffff;\"><b style=\"mso-bidi-font-weight: normal;\"><span style=\"line-height: 150%; font-family: &quot;Arial&quot;,&quot;sans-serif&quot;; font-size: 11pt; mso-bidi-font-size: 10.0pt;\"><span style=\"color: #000000;\">Milli Duyarl\u0131 ve tutarl\u0131 bir yazar\u0131m\u0131z\u0131n tespitleriyle:<o:o:o:p><\/o:o:o:p><\/span><\/span><\/b><\/span><\/div>\n<div><span style=\"color: #000000; font-family: Times New Roman; font-size: small; background-color: #ffffff;\"> <\/span><\/div>\n<div style=\"margin: 0cm 0cm 0pt; text-align: justify; line-height: 150%; text-indent: 27pt; mso-pagination: none;\" class=\"MsoNormal\"><span style=\"background-color: #ffffff;\"><i style=\"mso-bidi-font-style: normal;\"><span style=\"line-height: 150%; font-family: &quot;Arial&quot;,&quot;sans-serif&quot;; font-size: 10pt;\"><span style=\"color: #000000;\">Asl\u0131nda bu gidi\u015fat \u00e7ok \u00f6nceden belirlenmi\u015fti! 100 y\u0131l \u00f6nce bug\u00fcn hedeflenmi\u015fti!<o:o:o:p><\/o:o:o:p><\/span><\/span><\/i><\/span><\/div>\n<div><span style=\"color: #000000; font-family: Times New Roman; font-size: small; background-color: #ffffff;\"> <\/span><\/div>\n<div style=\"margin: 0cm 0cm 0pt; text-align: justify; line-height: 150%; text-indent: 27pt; mso-pagination: none;\" class=\"MsoNormal\"><span style=\"background-color: #ffffff;\"><i style=\"mso-bidi-font-style: normal;\"><span style=\"line-height: 150%; font-family: &quot;Arial&quot;,&quot;sans-serif&quot;; font-size: 10pt;\"><span style=\"color: #000000;\">Y\u0131l 1912 Amerikan ba\u015fkan\u0131 Woodrow Wilson.. T\u00fcrkiye\u2019yi param par\u00e7a eden \u00fcnl\u00fc Wilson ilkelerine ad\u0131n\u0131 veren ki\u015fiydi. T\u00fcrkiye s\u0131n\u0131rlar\u0131 i\u00e7ine bir K\u00fcrdistan ve bir Ermenistan haritalar\u0131 \u00e7izen Amerikan ba\u015fkan\u0131 idi. Bak\u0131n ne diyordu:<o:o:o:p><\/o:o:o:p><\/span><\/span><\/i><\/span><\/div>\n<div><span style=\"color: #000000; font-family: Times New Roman; font-size: small; background-color: #ffffff;\"> <\/span><\/div>\n<div style=\"margin: 0cm 0cm 0pt; text-align: justify; line-height: 150%; text-indent: 27pt; mso-pagination: none;\" class=\"MsoNormal\"><span style=\"color: #000000; background-color: #ffffff;\"><b><i style=\"mso-bidi-font-style: normal;\"><span style=\"line-height: 150%; font-family: &quot;Arial&quot;,&quot;sans-serif&quot;; font-size: 10pt;\">\u2018Amerikan kapitalizminin temel hedefi, zay\u0131f \u00fclkelerin hammaddelerini ve ulusal pazarlar\u0131n\u0131 a\u00e7\u0131k birer kap\u0131 olarak tutmakt\u0131r. Bunun i\u00e7in diplomasi ve gerekirse zor kullan\u0131lmal\u0131d\u0131r\u2026\u2019<\/span><\/i><\/b><i style=\"mso-bidi-font-style: normal;\"><span style=\"line-height: 150%; font-family: &quot;Arial&quot;,&quot;sans-serif&quot;; font-size: 10pt;\"><o:o:o:p><\/o:o:o:p><\/span><\/i><\/span><\/div>\n<div><span style=\"color: #000000; font-family: Times New Roman; font-size: small; background-color: #ffffff;\"> <\/span><\/div>\n<div style=\"margin: 0cm 0cm 0pt; text-align: justify; line-height: 150%; text-indent: 27pt; mso-pagination: none;\" class=\"MsoNormal\"><span style=\"background-color: #ffffff;\"><i style=\"mso-bidi-font-style: normal;\"><span style=\"line-height: 150%; font-family: &quot;Arial&quot;,&quot;sans-serif&quot;; font-size: 10pt;\"><span style=\"color: #000000;\">Ge\u00e7enlerde D\u0131\u015fi\u015fleri Bakan\u0131 Ahmet Davuto\u011flu\u2019na i\u015fte bu Wilson\u2019\u0131n ad\u0131yla an\u0131lan \u00f6d\u00fcl\u00fc verilmi\u015fti. Peki, <b>Wilson\u2019\u0131n 100 y\u0131l \u00f6nceki plan\u0131 neydi? Petrol co\u011frafyas\u0131na bir K\u00fcrt ve bir Ermeni Devleti oturtmak onun projesiydi. <o:o:o:p><\/o:o:o:p><\/b><\/span><\/span><\/i><\/span><\/div>\n<div><span style=\"color: #000000; font-family: Times New Roman; font-size: small; background-color: #ffffff;\"> <\/span><\/div>\n<div style=\"margin: 0cm 0cm 0pt; text-align: justify; line-height: 150%; text-indent: 27pt; mso-pagination: none;\" class=\"MsoNormal\"><span style=\"background-color: #ffffff;\"><i style=\"mso-bidi-font-style: normal;\"><span style=\"line-height: 150%; font-family: &quot;Arial&quot;,&quot;sans-serif&quot;; font-size: 10pt;\"><span style=\"color: #000000;\">O zaman ince ince hesaplad\u0131klar\u0131, T\u00fcrkiye\u2019yi b\u00f6lme ve yutma hayalleri Atat\u00fcrk\u2019\u00fcn \u00f6nderli\u011findeki Milli m\u00fccadelemiz sayesinde ger\u00e7ekle\u015fememi\u015fti. Kuyruklar\u0131n\u0131 artlar\u0131na k\u0131st\u0131r\u0131p ilk f\u0131rsatta gelmek \u00fczere gitmi\u015flerdi. Milletimiz inan\u0131lmaz \u015fartlarda yapt\u0131klar\u0131 sava\u015f\u0131 galip bitirmi\u015flerdi. Yedi D\u00fcvel buna a\u011f\u0131zlar\u0131 k\u00f6p\u00fcrerek \u2018T\u00fcrk Mucizesi\u2019 demi\u015flerdi.<o:o:o:p><\/o:o:o:p><\/span><\/span><\/i><\/span><\/div>\n<div><span style=\"color: #000000; font-family: Times New Roman; font-size: small; background-color: #ffffff;\"> <\/span><\/div>\n<div style=\"margin: 0cm 0cm 0pt; text-align: justify; line-height: 150%; text-indent: 27pt; mso-pagination: none;\" class=\"MsoNormal\"><span style=\"background-color: #ffffff;\"><i style=\"mso-bidi-font-style: normal;\"><span style=\"line-height: 150%; font-family: &quot;Arial&quot;,&quot;sans-serif&quot;; font-size: 10pt;\"><span style=\"color: #000000;\">Ard\u0131ndan yepyeni bir \u00fclke kurmu\u015flard\u0131. T\u00fcrkler ulusal kaynaklar\u0131na sahip \u00e7\u0131k\u0131yorlard\u0131. Ard\u0131 ard\u0131na fabrikalar a\u00e7m\u0131\u015f hatta u\u00e7aklar, arabalar yapm\u0131\u015flard\u0131. Madenlerini i\u015flemeye ba\u015flam\u0131\u015f, petrol aram\u0131\u015flard\u0131. Tar\u0131m ve sanayi kalk\u0131nmas\u0131n\u0131 ba\u015flatm\u0131\u015flard\u0131, \u015fuurlu ve sorumlu insanlar ve huzurlu bir \u00fclke ama\u00e7lanm\u0131\u015ft\u0131.<o:o:o:p><\/o:o:o:p><\/span><\/span><\/i><\/span><\/div>\n<div><span style=\"color: #000000; font-family: Times New Roman; font-size: small; background-color: #ffffff;\"> <\/span><\/div>\n<div style=\"margin: 0cm 0cm 0pt; text-align: justify; line-height: 150%; text-indent: 27pt; mso-pagination: none;\" class=\"MsoNormal\"><span style=\"background-color: #ffffff;\"><i style=\"mso-bidi-font-style: normal;\"><span style=\"line-height: 150%; font-family: &quot;Arial&quot;,&quot;sans-serif&quot;; font-size: 10pt;\"><span style=\"color: #000000;\">Ama i\u00e7erde i\u015fi bozulanlar vard\u0131. Localar\u0131 kapat\u0131lacak masonlar, sabataist cunta ve az\u0131nl\u0131k tak\u0131m\u0131. Onlar kullan\u0131ma haz\u0131rd\u0131. K\u00fcrt Sait isyan\u0131 Lozan\u2019da Musul meselesi masadayken, Dersim \u0130syan\u0131, Hatay i\u00e7in direnilirken tezg\u00e2hlanm\u0131\u015ft\u0131.<o:o:o:p><\/o:o:o:p><\/span><\/span><\/i><\/span><\/div>\n<div><span style=\"color: #000000; font-family: Times New Roman; font-size: small; background-color: #ffffff;\"> <\/span><\/div>\n<div style=\"margin: 0cm 0cm 0pt; text-align: justify; line-height: 150%; text-indent: 27pt; mso-pagination: none;\" class=\"MsoNormal\"><span style=\"background-color: #ffffff;\"><i style=\"mso-bidi-font-style: normal;\"><span style=\"line-height: 150%; font-family: &quot;Arial&quot;,&quot;sans-serif&quot;; font-size: 10pt;\"><span style=\"color: #000000;\">1930\u2019lardan itibaren koyun postlar\u0131na b\u00fcr\u00fcnm\u00fc\u015f \u2018yabanc\u0131 uzmanlar\u2019 gen\u00e7 cumhuriyeti ziyaret etmeye yo\u011funla\u015fm\u0131\u015ft\u0131. Her \u015fey yeniden kurulurken maskeli s\u0131rtlanlar Ankara\u2019ya ko\u015fmaktayd\u0131. Tanzimat kafal\u0131 Bat\u0131ya ayran budalas\u0131 gibi hayran \u2018m\u00fcnevverler\u2019, yabanc\u0131 emeller i\u00e7in uygun arazi \u015fartlar\u0131 sa\u011flad\u0131. 1938\u2019de milletin \u00f6nderi \u015faibeli \u015fekilde \u00f6ld\u00fc ve geride kalanlar hemen Bat\u0131\u2019ya ba\u011fland\u0131.. \u0130ngiliz ve Frans\u0131zlarla \u00fc\u00e7l\u00fc anla\u015fma imzaland\u0131\u011f\u0131nda, Gazi Pa\u015fa\u2019n\u0131n \u00f6l\u00fcm\u00fcn\u00fcn \u00fczerinden 5 ay dolmam\u0131\u015ft\u0131. Gazi pa\u015fa\u2019y\u0131 \u2018anlamay\u0131p sadece, mecburen uyanlar\u2019 as\u0131llar\u0131na d\u00f6nm\u00fc\u015f, sinsi tahribatlar\u0131na f\u0131rsat yakalam\u0131\u015flard\u0131.<o:o:o:p><\/o:o:o:p><\/span><\/span><\/i><\/span><\/div>\n<div><span style=\"color: #000000; font-family: Times New Roman; font-size: small; background-color: #ffffff;\"> <\/span><\/div>\n<div style=\"margin: 0cm 0cm 0pt; text-align: justify; line-height: 150%; text-indent: 27pt; mso-pagination: none;\" class=\"MsoNormal\"><span style=\"background-color: #ffffff;\"><i style=\"mso-bidi-font-style: normal;\"><span style=\"line-height: 150%; font-family: &quot;Arial&quot;,&quot;sans-serif&quot;; font-size: 10pt;\"><span style=\"color: #000000;\">2. payla\u015f\u0131m Sava\u015f\u0131na kadar \u2018ecnebi uzmanlar\u2019 yurdun t\u00fcm a\u00e7\u0131k yaralar\u0131na dair raporlar\u0131n\u0131 haz\u0131rlam\u0131\u015ft\u0131.<o:o:o:p><\/o:o:o:p><\/span><\/span><\/i><\/span><\/div>\n<div><span style=\"color: #000000; font-family: Times New Roman; font-size: small; background-color: #ffffff;\"> <\/span><\/div>\n<div style=\"margin: 0cm 0cm 0pt; text-align: justify; line-height: 150%; text-indent: 27pt; mso-pagination: none;\" class=\"MsoNormal\"><span style=\"background-color: #ffffff;\"><i style=\"mso-bidi-font-style: normal;\"><span style=\"line-height: 150%; font-family: &quot;Arial&quot;,&quot;sans-serif&quot;; font-size: 10pt;\"><span style=\"color: #000000;\">2. D\u00fcnya sava\u015f\u0131 ile bir s\u00fcre ask\u0131ya alm\u0131\u015flard\u0131. Yalta\u2019da yeni bir d\u00fczen kuruldu art\u0131k Avrupa\u2019n\u0131n m\u00fchr\u00fcn\u00fc (Siyonist Yahudi sermayesi g\u00fcd\u00fcml\u00fc) Amerika alacakt\u0131.<o:o:o:p><\/o:o:o:p><\/span><\/span><\/i><\/span><\/div>\n<div><span style=\"color: #000000; font-family: Times New Roman; font-size: small; background-color: #ffffff;\"> <\/span><\/div>\n<div style=\"margin: 0cm 0cm 0pt; text-align: justify; line-height: 150%; text-indent: 27pt; mso-pagination: none;\" class=\"MsoNormal\"><span style=\"color: #000000; background-color: #ffffff;\"><i style=\"mso-bidi-font-style: normal;\"><span style=\"line-height: 150%; font-family: &quot;Arial&quot;,&quot;sans-serif&quot;; font-size: 10pt;\">Sava\u015f\u0131n sonunda \u2018yenid\u00fcnya\u2019 s\u0131rtlanlar\u0131 \u0130smet \u0130n\u00f6n\u00fc\u2019ye bir s\u00f6m\u00fcrge anla\u015fmas\u0131 dayat\u0131lm\u0131\u015ft\u0131. <b>Marshall yard\u0131m\u0131 \u00e7er\u00e7evesinde imzalanan anla\u015fma, Kurtulu\u015f\u2019tan 24 y\u0131l sonra T\u00fcrkiye\u2019yi esir alm\u0131\u015ft\u0131. <\/b><\/span><\/i><b><span style=\"line-height: 150%; font-family: &quot;Arial&quot;,&quot;sans-serif&quot;; font-size: 10pt;\">(Zaten \u0130n\u00f6n\u00fc \u00f6teden beri Amerikan mandac\u0131l\u0131\u011f\u0131na yatk\u0131nd\u0131. <span style=\"background-image: none; background-attachment: scroll; background-repeat: repeat; background-size: auto; background-origin: padding-box; background-clip: border-box; mso-highlight: aqua;\">\u00d6.\u00c7<\/span>.)<i style=\"mso-bidi-font-style: normal;\"> <\/i><\/span><\/b><i style=\"mso-bidi-font-style: normal;\"><span style=\"line-height: 150%; font-family: &quot;Arial&quot;,&quot;sans-serif&quot;; font-size: 10pt;\">\u00d6nce D\u00fcnya Bankas\u0131 ve \u0130MF denetimine girdik. Sonra NATO\u2019ya al\u0131nd\u0131k Bedelini Kore\u2019de kanla \u00f6deyecektik. \u00dcst\u00fcne \u00fcstl\u00fck \u2018Can\u0131m Amerika!\u2019 diye \u015fark\u0131lar s\u00f6yledik!<\/span><\/i><i style=\"mso-bidi-font-style: normal;\"><span style=\"font-family: &quot;Arial&quot;,&quot;sans-serif&quot;;\"><o:o:o:p><\/o:o:o:p><\/span><\/i><\/span><\/div>\n<div><span style=\"color: #000000; font-family: Times New Roman; font-size: small; background-color: #ffffff;\"> <\/span><\/div>\n<div style=\"margin: 0cm 0cm 0pt; text-align: justify; line-height: 150%; text-indent: 27pt; mso-pagination: none;\" class=\"MsoNormal\"><span style=\"font-size: small; background-color: #ffffff;\"><span style=\"color: #000000;\"><b><i style=\"mso-bidi-font-style: normal;\"><span style=\"font-family: &quot;Arial&quot;,&quot;sans-serif&quot;;\">Hollywood filmleri seyrettik, Dean Martin, Frank Sinatra dinledik..<\/span><\/i><\/b><i style=\"mso-bidi-font-style: normal;\"><span style=\"font-family: &quot;Arial&quot;,&quot;sans-serif&quot;;\"><o:o:o:p><\/o:o:o:p><\/span><\/i><\/span><\/span><\/div>\n<div><span style=\"color: #000000; font-family: Times New Roman; font-size: small; background-color: #ffffff;\"> <\/span><\/div>\n<div style=\"margin: 0cm 0cm 0pt; text-align: justify; line-height: 150%; text-indent: 27pt; mso-pagination: none;\" class=\"MsoNormal\"><span style=\"background-color: #ffffff;\"><i style=\"mso-bidi-font-style: normal;\"><span style=\"line-height: 150%; font-family: &quot;Arial&quot;,&quot;sans-serif&quot;; font-size: 10pt;\"><span style=\"color: #000000;\">1956\u2019da k\u00fcresel elitin \u00f6nde gelen ismi, (Siyonist Yahudi) Rockefeller, ABD ba\u015fkan\u0131 Eisenhower\u2019a: \u2018T\u00fcrkler oltada bal\u0131k! Yeme ihtiya\u00e7lar\u0131 yok!\u2019 diyordu.. Sonra Ortado\u011fu\u2019daki y\u00fcksek idealleri i\u00e7in, i\u015flerine gelen h\u00fck\u00fcmetleri iktidara getirmek i\u015flerine gelmeyenleri devirmek amac\u0131yla yard\u0131m fonlar\u0131n\u0131n kullan\u0131laca\u011f\u0131\u2019 karara ba\u011flan\u0131yordu..<o:o:o:p><\/o:o:o:p><\/span><\/span><\/i><\/span><\/div>\n<div><span style=\"color: #000000; font-family: Times New Roman; font-size: small; background-color: #ffffff;\"> <\/span><\/div>\n<div style=\"margin: 0cm 0cm 0pt; text-align: justify; line-height: 150%; text-indent: 27pt; mso-pagination: none;\" class=\"MsoNormal\"><span style=\"color: #000000; background-color: #ffffff;\"><b><i style=\"mso-bidi-font-style: normal;\"><span style=\"line-height: 150%; font-family: &quot;Arial&quot;,&quot;sans-serif&quot;; font-size: 10pt;\">1966\u2019da NATO haber alma tesislerine kap\u0131y\u0131 a\u00e7t\u0131k. T\u00fcm istihbarat\u0131m\u0131z\u0131 ABD\u2019ye devrettik. <\/span><\/i><\/b><i style=\"mso-bidi-font-style: normal;\"><span style=\"line-height: 150%; font-family: &quot;Arial&quot;,&quot;sans-serif&quot;; font-size: 10pt;\">1971\u2019de \u2018B\u00fcy\u00fck T\u00fcrkiye\u2019 hayallerimizin bedelini birbirimizi k\u0131rd\u0131rarak \u00f6dettiler Ard\u0131ndan bir darbeyle i\u015fi bitirdiler!<o:o:o:p><\/o:o:o:p><\/span><\/i><\/span><\/div>\n<div><span style=\"color: #000000; font-family: Times New Roman; font-size: small; background-color: #ffffff;\"> <\/span><\/div>\n<div style=\"margin: 0cm 0cm 0pt; text-align: justify; line-height: 150%; text-indent: 27pt; mso-pagination: none;\" class=\"MsoNormal\"><span style=\"background-color: #ffffff;\"><i style=\"mso-bidi-font-style: normal;\"><span style=\"line-height: 150%; font-family: &quot;Arial&quot;,&quot;sans-serif&quot;; font-size: 10pt;\"><span style=\"color: #000000;\">Uslanmay\u0131p 1974\u2019de (Erbakan\u2019\u0131n \u00f6zel gayretiyle \u00d6.\u00c7<span style=\"background-image: none; background-attachment: scroll; background-repeat: repeat; background-size: auto; background-origin: padding-box; background-clip: border-box; mso-highlight: aqua;\">.)<\/span> K\u0131br\u0131s bar\u0131\u015f harek\u00e2t\u0131n\u0131 yap\u0131nca ASALA ter\u00f6r\u00fcn\u00fc ba\u015f\u0131m\u0131za bela ettiler! Ama biz y\u0131lmad\u0131k, m\u00fcttefikimize daha s\u0131k\u0131 sar\u0131ld\u0131k..<o:o:o:p><\/o:o:o:p><\/span><\/span><\/i><\/span><\/div>\n<div><span style=\"color: #000000; font-family: Times New Roman; font-size: small; background-color: #ffffff;\"> <\/span><\/div>\n<div style=\"margin: 0cm 0cm 0pt; text-align: justify; line-height: 150%; text-indent: 27pt; mso-pagination: none;\" class=\"MsoNormal\"><span style=\"background-color: #ffffff;\"><b><i style=\"mso-bidi-font-style: normal;\"><span style=\"line-height: 150%; font-family: &quot;Arial&quot;,&quot;sans-serif&quot;; font-size: 10pt;\"><span style=\"color: #000000;\">1980\u2019de Sovyetlerle sanayi i\u015fbirli\u011fi, h\u0131zl\u0131 sanayi at\u0131l\u0131mlar\u0131 s\u00fcrerken bir CIA darbesiyle daha sars\u0131ld\u0131k..<o:o:o:p><\/o:o:o:p><\/span><\/span><\/i><\/b><\/span><\/div>\n<div><span style=\"color: #000000; font-family: Times New Roman; font-size: small; background-color: #ffffff;\"> <\/span><\/div>\n<div style=\"margin: 0cm 0cm 0pt; text-align: justify; line-height: 150%; text-indent: 27pt; mso-pagination: none;\" class=\"MsoNormal\"><span style=\"color: #000000; background-color: #ffffff;\"><i style=\"mso-bidi-font-style: normal;\"><span style=\"line-height: 150%; font-family: &quot;Arial&quot;,&quot;sans-serif&quot;; font-size: 10pt;\">1984\u2019de <\/span><\/i><span style=\"line-height: 150%; font-family: &quot;Arial&quot;,&quot;sans-serif&quot;; font-size: 10pt;\">(Erbakan\u2019\u0131n ba\u015flatt\u0131\u011f\u0131)<i style=\"mso-bidi-font-style: normal;\"> a\u011f\u0131r sanayi hamlelerine G\u00fcneydo\u011fu Anadolu Projesini ekleyince bu sefer PKK ile \u00f6d\u00fcllendirildik!<o:o:o:p><\/o:o:o:p><\/i><\/span><\/span><\/div>\n<div><span style=\"color: #000000; font-family: Times New Roman; font-size: small; background-color: #ffffff;\"> <\/span><\/div>\n<div style=\"margin: 0cm 0cm 0pt; text-align: justify; line-height: 150%; text-indent: 27pt; mso-pagination: none;\" class=\"MsoNormal\"><span style=\"background-color: #ffffff;\"><i style=\"mso-bidi-font-style: normal;\"><span style=\"line-height: 150%; font-family: &quot;Arial&quot;,&quot;sans-serif&quot;; font-size: 10pt;\"><span style=\"color: #000000;\">Sonunda, 100 y\u0131ll\u0131k K\u00fcrt devleti hayali paketlenip T\u00fcrkiye\u2019nin \u00f6n\u00fcne konuyordu. Ve SEVR HORTLATILIP yeni kabusumuz oluyordu..<o:o:o:p><\/o:o:o:p><\/span><\/span><\/i><\/span><\/div>\n<div><span style=\"color: #000000; font-family: Times New Roman; font-size: small; background-color: #ffffff;\"> <\/span><\/div>\n<div style=\"margin: 0cm 0cm 0pt; text-align: justify; line-height: 150%; text-indent: 27pt; mso-pagination: none;\" class=\"MsoNormal\"><span style=\"background-color: #ffffff;\"><i style=\"mso-bidi-font-style: normal;\"><span style=\"line-height: 150%; font-family: &quot;Arial&quot;,&quot;sans-serif&quot;; font-size: 10pt;\"><span style=\"color: #000000;\">Fulbright burslar\u0131yla yeti\u015ftirdikleri liderleri getirip \u00fclkemizin ba\u015f\u0131na koydular\u2026 <o:o:o:p><\/o:o:o:p><\/span><\/span><\/i><\/span><\/div>\n<div><span style=\"color: #000000; font-family: Times New Roman; font-size: small; background-color: #ffffff;\"> <\/span><\/div>\n<div style=\"margin: 0cm 0cm 0pt; text-align: justify; line-height: 150%; text-indent: 27pt; mso-pagination: none;\" class=\"MsoNormal\"><span style=\"color: #000000; background-color: #ffffff;\"><b style=\"mso-bidi-font-weight: normal;\"><i style=\"mso-bidi-font-style: normal;\"><span style=\"line-height: 150%; font-family: &quot;Arial&quot;,&quot;sans-serif&quot;; font-size: 10pt;\">1991\u2019de<\/span><\/i><\/b><i style=\"mso-bidi-font-style: normal;\"><span style=\"line-height: 150%; font-family: &quot;Arial&quot;,&quot;sans-serif&quot;; font-size: 10pt;\"> ba\u015fa ge\u00e7irdikleri Turgut \u00d6zal\u2019a kukla bir K\u00fcrt devleti i\u00e7in ilk ad\u0131mlar\u0131 att\u0131rd\u0131lar. <b>\u00c7eki\u00e7 G\u00fc\u00e7 kontrol\u00fcnde bir K\u00fcrdistan devletinin alt yap\u0131s\u0131n\u0131 haz\u0131rlad\u0131lar.. <\/b>Irak\u2019\u0131n kuzeyi g\u00fcvenli b\u00f6lge ilan edildi ve PKK \u00c7eki\u00e7 G\u00fc\u00e7 kontrol\u00fcnde pamuklar i\u00e7inde yeti\u015ftirildi! Derken \u00d6zal, \u2018Bir T\u00fcrk-K\u00fcrt Federasyonu\u2019ndan\u2019 bahsediverdi! Bu arada on binlerce vatan evlad\u0131 yitirilmi\u015fti\u2026.<o:o:o:p><\/o:o:o:p><\/span><\/i><\/span><\/div>\n<div><span style=\"color: #000000; font-family: Times New Roman; font-size: small; background-color: #ffffff;\"> <\/span><\/div>\n<div style=\"margin: 0cm 0cm 0pt; text-align: justify; line-height: 150%; text-indent: 27pt; mso-pagination: none;\" class=\"MsoNormal\"><span style=\"color: #000000; background-color: #ffffff;\"><b style=\"mso-bidi-font-weight: normal;\"><i style=\"mso-bidi-font-style: normal;\"><span style=\"line-height: 150%; font-family: &quot;Arial&quot;,&quot;sans-serif&quot;; font-size: 10pt;\">1995\u2019de<\/span><\/i><\/b><i style=\"mso-bidi-font-style: normal;\"><span style=\"line-height: 150%; font-family: &quot;Arial&quot;,&quot;sans-serif&quot;; font-size: 10pt;\"> Avrupa Birli\u011fi \u2018K\u00fcrt Sorununu askeri tedbirlerle ortadan kald\u0131ramazs\u0131n\u0131z!\u2019 diyordu. \u0130\u00e7erdeki besleme koro bunu onayl\u0131yordu. Bu \u00fclkenin has vatanda\u015flar\u0131 Az\u0131nl\u0131k konumuna sokuluyordu\u2026 Ayn\u0131 anda T\u00fcrkiye\u2019nin G\u00fcmr\u00fck Birli\u011fi ile eli kolu ba\u011fland\u0131! Yani t\u00fcm gelirlerine el konuluyor, \u00fcretimi durduruluyor, ter\u00f6rle m\u00fccadelede deli g\u00f6mle\u011fine sokuluyordu.<o:o:o:p><\/o:o:o:p><\/span><\/i><\/span><\/div>\n<div><span style=\"color: #000000; font-family: Times New Roman; font-size: small; background-color: #ffffff;\"> <\/span><\/div>\n<div style=\"margin: 0cm 0cm 0pt; text-align: justify; line-height: 150%; text-indent: 27pt; mso-pagination: none;\" class=\"MsoNormal\"><span style=\"line-height: 150%; font-family: &quot;Arial&quot;,&quot;sans-serif&quot;; font-size: 10pt; background-color: #ffffff;\"><span style=\"color: #000000;\">(Bu arada Erbakan\u2019\u0131n Refah-Yol h\u00fck\u00fcmeti \u00c7eki\u00e7 G\u00fcc\u00fc kovdu\u011fu, D-8\u2019leri kurdu\u011fu, yerli ve milli kalk\u0131nma \u00e7abalar\u0131na koyuldu\u011fu i\u00e7in 28 \u015eubat \u015farlatanl\u0131klar\u0131yla y\u0131kt\u0131r\u0131l\u0131yordu. \u00d6<span style=\"background-image: none; background-attachment: scroll; background-repeat: repeat; background-size: auto; background-origin: padding-box; background-clip: border-box; mso-highlight: aqua;\">.\u00c7<\/span>.)<o:o:o:p><\/o:o:o:p><\/span><\/span><\/div>\n<div><span style=\"color: #000000; font-family: Times New Roman; font-size: small; background-color: #ffffff;\"> <\/span><\/div>\n<div style=\"margin: 0cm 0cm 0pt; text-align: justify; line-height: 150%; text-indent: 27pt; mso-pagination: none;\" class=\"MsoNormal\"><span style=\"color: #000000; background-color: #ffffff;\"><b style=\"mso-bidi-font-weight: normal;\"><i style=\"mso-bidi-font-style: normal;\"><span style=\"line-height: 150%; font-family: &quot;Arial&quot;,&quot;sans-serif&quot;; font-size: 10pt;\">1999\u2019da<\/span><\/i><\/b><i style=\"mso-bidi-font-style: normal;\"><span style=\"line-height: 150%; font-family: &quot;Arial&quot;,&quot;sans-serif&quot;; font-size: 10pt;\"> Apo T\u00fcrkiye\u2019ye verildi. Art\u0131k \u0130mral\u0131\u2019dan ter\u00f6r\u00fc y\u00f6netecekti! Vatan evlad\u0131 \u00f6lmeye devam etti!<o:o:o:p><\/o:o:o:p><\/span><\/i><\/span><\/div>\n<div><span style=\"color: #000000; font-family: Times New Roman; font-size: small; background-color: #ffffff;\"> <\/span><\/div>\n<div style=\"margin: 0cm 0cm 0pt; text-align: justify; line-height: 150%; text-indent: 27pt; mso-pagination: none;\" class=\"MsoNormal\"><span style=\"background-color: #ffffff;\"><b><i style=\"mso-bidi-font-style: normal;\"><span style=\"line-height: 150%; font-family: &quot;Arial&quot;,&quot;sans-serif&quot;; font-size: 10pt;\"><span style=\"color: #000000;\">2002 de T\u00fcrkiye\u2019ye bir sessiz darbe yap\u0131lacak, oyunun son perdesi sahnelenecekti.. K\u00fcresel elit, Sevr h\u00fck\u00fcmlerini yerine getirme kar\u015f\u0131l\u0131\u011f\u0131nda AKP\u2019ye iktidar koltu\u011funu verdi!<o:o:o:p><\/o:o:o:p><\/span><\/span><\/i><\/b><\/span><\/div>\n<div><span style=\"color: #000000; font-family: Times New Roman; font-size: small; background-color: #ffffff;\"> <\/span><\/div>\n<div style=\"margin: 0cm 0cm 0pt; text-align: justify; line-height: 150%; text-indent: 27pt; mso-pagination: none;\" class=\"MsoNormal\"><span style=\"color: #000000; background-color: #ffffff;\"><b style=\"mso-bidi-font-weight: normal;\"><i style=\"mso-bidi-font-style: normal;\"><span style=\"line-height: 150%; font-family: &quot;Arial&quot;,&quot;sans-serif&quot;; font-size: 10pt;\">2004\u2019de <\/span><\/i><\/b><i style=\"mso-bidi-font-style: normal;\"><span style=\"line-height: 150%; font-family: &quot;Arial&quot;,&quot;sans-serif&quot;; font-size: 10pt;\">Avrupa Birli\u011fi Uyum Yasalar\u0131 \u00f6n\u00fcm\u00fcze geldi\u2026 Bu yasalarla ellerimiz arkadan ba\u011flan\u0131yor, ter\u00f6riste ise \u2018VUR!\u2019 deniyordu. Vurmalar\u0131 i\u00e7in gerekli t\u00fcm silahlar, Irak ve G\u00fcneydo\u011fuya NATO u\u00e7aklar\u0131yla ta\u015f\u0131nm\u0131\u015ft\u0131. Ordunun s\u0131n\u0131r \u00f6tesi harekat\u0131 s\u0131n\u0131rland\u0131r\u0131lm\u0131\u015ft\u0131. \u0130stihbarat\u0131m\u0131z ABD ve \u0130srail istihbarat\u0131n\u0131n i\u00e7ine kat\u0131lm\u0131\u015f ve kay\u0131plar\u0131m\u0131z, 10 y\u0131l i\u00e7inde 50 kat artm\u0131\u015ft\u0131.<o:o:o:p><\/o:o:o:p><\/span><\/i><\/span><\/div>\n<div><span style=\"color: #000000; font-family: Times New Roman; font-size: small; background-color: #ffffff;\"> <\/span><\/div>\n<div style=\"margin: 0cm 0cm 0pt; text-align: justify; line-height: 150%; text-indent: 27pt; mso-pagination: none;\" class=\"MsoNormal\"><span style=\"background-color: #ffffff;\"><i style=\"mso-bidi-font-style: normal;\"><span style=\"line-height: 150%; font-family: &quot;Arial&quot;,&quot;sans-serif&quot;; font-size: 10pt;\"><span style=\"color: #000000;\">E\u015fzamanl\u0131 olarak B\u00f6lgesel Kalk\u0131nma ajanslar\u0131, ikiz yasalar ve yerel \u2018iktidar\u2019 giri\u015fimleri ter\u00f6re zemin haz\u0131rlam\u0131\u015ft\u0131.<o:o:o:p><\/o:o:o:p><\/span><\/span><\/i><\/span><\/div>\n<div><span style=\"color: #000000; font-family: Times New Roman; font-size: small; background-color: #ffffff;\"> <\/span><\/div>\n<div style=\"margin: 0cm 0cm 0pt; text-align: justify; line-height: 150%; text-indent: 27pt; mso-pagination: none;\" class=\"MsoNormal\"><span style=\"background-color: #ffffff;\"><b><i style=\"mso-bidi-font-style: normal;\"><span style=\"line-height: 150%; font-family: &quot;Arial&quot;,&quot;sans-serif&quot;; font-size: 10pt;\"><span style=\"color: #000000;\">Medya vas\u0131tas\u0131yla zehir enjeksiyonu had safhadayd\u0131. Bas\u0131n t\u00fcm\u00fcyle i\u015fgal alt\u0131nda ve k\u00f6\u015fe ba\u015flar\u0131n\u0131 tutanlar. \u2018Sahiplerinin sesi\u2019 olmaya can atmaktayd\u0131!<o:o:o:p><\/o:o:o:p><\/span><\/span><\/i><\/b><\/span><\/div>\n<div><span style=\"color: #000000; font-family: Times New Roman; font-size: small; background-color: #ffffff;\"> <\/span><\/div>\n<div style=\"margin: 0cm 0cm 0pt; text-align: justify; line-height: 150%; text-indent: 27pt; mso-pagination: none;\" class=\"MsoNormal\"><span style=\"background-color: #ffffff;\"><i style=\"mso-bidi-font-style: normal;\"><span style=\"line-height: 150%; font-family: &quot;Arial&quot;,&quot;sans-serif&quot;; font-size: 10pt;\"><span style=\"color: #000000;\">\u00dcniversiteler \u015firketle\u015fmeyi tamaml\u0131yorlard\u0131. \u0130\u015fbirli\u011fi yapan akademisyenler r\u00fcyalar\u0131nda g\u00f6remeyece\u011fi imk\u00e2nlarla donat\u0131ld\u0131.<o:o:o:p><\/o:o:o:p><\/span><\/span><\/i><\/span><\/div>\n<div><span style=\"color: #000000; font-family: Times New Roman; font-size: small; background-color: #ffffff;\"> <\/span><\/div>\n<div style=\"margin: 0cm 0cm 0pt; text-align: justify; line-height: 150%; text-indent: 27pt; mso-pagination: none;\" class=\"MsoNormal\"><span style=\"color: #000000; background-color: #ffffff;\"><b style=\"mso-bidi-font-weight: normal;\"><i style=\"mso-bidi-font-style: normal;\"><span style=\"line-height: 150%; font-family: &quot;Arial&quot;,&quot;sans-serif&quot;; font-size: 10pt;\">2007\u2019de<\/span><\/i><\/b><i style=\"mso-bidi-font-style: normal;\"><span style=\"line-height: 150%; font-family: &quot;Arial&quot;,&quot;sans-serif&quot;; font-size: 10pt;\"> Amerikan istihbarat\u00e7\u0131lar\u0131ndan olu\u015fan bir ekip Ankara\u2019ya yuvalanm\u0131\u015ft\u0131. <b>G\u00f6zleri g\u00f6ren, kulaklar\u0131 duyan, burnu koku alan helal s\u00fct emmi\u015f vatan evlatlar\u0131 kral\u0131n \u00e7\u0131plak oldu\u011funu yaz\u0131p \u00e7izmeye ba\u015flay\u0131nca d\u0131\u015f g\u00fc\u00e7ler ve i\u015fbirlik\u00e7ileri tela\u015flanm\u0131\u015ft\u0131. Konu\u015fmaya ba\u015flayanlar dinleniyor, ter\u00f6rle m\u00fccadelede \u00fcst\u00fcn hizmeti olanlar Silivri\u2019ye davet ediliyordu(!)<o:o:o:p><\/o:o:o:p><\/b><\/span><\/i><\/span><\/div>\n<div><span style=\"color: #000000; font-family: Times New Roman; font-size: small; background-color: #ffffff;\"> <\/span><\/div>\n<div style=\"margin: 0cm 0cm 0pt; text-align: justify; line-height: 150%; text-indent: 27pt; mso-pagination: none;\" class=\"MsoNormal\"><span style=\"color: #000000; background-color: #ffffff;\"><i style=\"mso-bidi-font-style: normal;\"><span style=\"line-height: 150%; font-family: &quot;Arial&quot;,&quot;sans-serif&quot;; font-size: 10pt;\">\u015eimdi geldi\u011fimiz noktada her \u015fey apa\u00e7\u0131k ortada! D\u00fc\u015fman belliydi. Hem de 100 y\u0131ldan beri, hi\u00e7 de\u011fi\u015fmemi\u015fti.<\/span><\/i><span style=\"line-height: 150%; font-family: &quot;Arial&quot;,&quot;sans-serif&quot;; font-size: 10pt;\"> (B\u00fcy\u00fck \u0130srail hedefi BOP k\u0131l\u0131f\u0131yla sahnedeydi)<i style=\"mso-bidi-font-style: normal;\"><o:o:o:p><\/o:o:o:p><\/i><\/span><\/span><\/div>\n<div><span style=\"color: #000000; font-family: Times New Roman; font-size: small; background-color: #ffffff;\"> <\/span><\/div>\n<div style=\"margin: 0cm 0cm 0pt; text-align: justify; line-height: 150%; text-indent: 27pt; mso-pagination: none;\" class=\"MsoNormal\"><span style=\"background-color: #ffffff;\"><i style=\"mso-bidi-font-style: normal;\"><span style=\"line-height: 150%; font-family: &quot;Arial&quot;,&quot;sans-serif&quot;; font-size: 10pt;\"><span style=\"color: #000000;\"><span style=\"mso-spacerun: yes;\"> <\/span>\u00c7okuluslu \u015firketlerin kontrol\u00fcnde ABD ve Avrupa Birli\u011finin elitleri, ve onlar\u0131n denetimindeki mali ve siyasi kurumlar, \u0130MF, D\u00fcnya bankas\u0131, NATO! Ve tabii i\u00e7erde onlar\u0131n planlar\u0131n\u0131 y\u00fcr\u00fcrl\u00fc\u011fe koyan i\u015fbirlik\u00e7i h\u00fck\u00fcmetler !. Art\u0131 Sivil Toplum diye alt\u0131m\u0131z\u0131 oyan ajanlar ve onlar\u0131n ma\u015falar\u0131n\u0131n ucunda sallananlar. Hepsini toplasan\u0131z 10 bin ki\u015fiyi bulmayacak \u00e7\u00f6mezler, harekete ge\u00e7irilmi\u015fti. <o:o:o:p><\/o:o:o:p><\/span><\/span><\/i><\/span><\/div>\n<div><span style=\"color: #000000; font-family: Times New Roman; font-size: small; background-color: #ffffff;\"> <\/span><\/div>\n<div style=\"margin: 0cm 0cm 0pt; text-align: justify; line-height: 150%; text-indent: 27pt; mso-pagination: none;\" class=\"MsoNormal\"><span style=\"background-color: #ffffff;\"><b><i style=\"mso-bidi-font-style: normal;\"><span style=\"line-height: 150%; font-family: &quot;Arial&quot;,&quot;sans-serif&quot;; font-size: 10pt;\"><span style=\"color: #000000;\">Geride 72 milyon var. \u0130\u015fsiz ve yoksul b\u0131rak\u0131lm\u0131\u015f, dini ve etnik olarak istismar edilip k\u0131\u015fk\u0131rt\u0131lm\u0131\u015f, \u015fehit d\u00fc\u015fm\u00fc\u015f, gazi olmu\u015f, kan kusan, g\u00f6z p\u0131narlar\u0131 akan 72 milyon..<o:o:o:p><\/o:o:o:p><\/span><\/span><\/i><\/b><\/span><\/div>\n<div><span style=\"color: #000000; font-family: Times New Roman; font-size: small; background-color: #ffffff;\"> <\/span><\/div>\n<div style=\"margin: 0cm 0cm 0pt; text-align: justify; line-height: 150%; text-indent: 27pt; mso-pagination: none;\" class=\"MsoNormal\"><span style=\"background-color: #ffffff;\"><i style=\"mso-bidi-font-style: normal;\"><span style=\"line-height: 150%; font-family: &quot;Arial&quot;,&quot;sans-serif&quot;; font-size: 10pt;\"><span style=\"color: #000000;\">Psikolojik sava\u015f\u0131n her t\u00fcrl\u00fcs\u00fcyle kar\u015f\u0131la\u015fm\u0131\u015f, \u00e7ok h\u0131rpalanm\u0131\u015f, ama sa\u011fduyusunu kaybetmemi\u015f, sabr\u0131 defalarca denenmi\u015f bir millet\u2026 Sessiz ama derinden, son anda \u2018YETER\u2019 diyen\u2026 \u0130\u015fte bu nedenle \u201cZAL\u0130M\u201dler bu milletten korkuyor ve oyun \u00fczerine oyun kuruyordu.<o:o:o:p><\/o:o:o:p><\/span><\/span><\/i><\/span><\/div>\n<div><span style=\"color: #000000; font-family: Times New Roman; font-size: small; background-color: #ffffff;\"> <\/span><\/div>\n<div style=\"margin: 0cm 0cm 0pt; text-align: justify; line-height: 150%; text-indent: 27pt; mso-pagination: none;\" class=\"MsoNormal\"><span style=\"color: #000000; background-color: #ffffff;\"><i style=\"mso-bidi-font-style: normal;\"><span style=\"line-height: 150%; font-family: &quot;Arial&quot;,&quot;sans-serif&quot;; font-size: 10pt;\">Bu millet art\u0131k Ter\u00f6r\u00fcn Washington ve Br\u00fcksel\u2019den f\u0131\u015fk\u0131rd\u0131\u011f\u0131n\u0131 (<\/span><\/i><span style=\"line-height: 150%; font-family: &quot;Arial&quot;,&quot;sans-serif&quot;; font-size: 10pt;\">ve Telaviv\u2019den k\u0131\u015fk\u0131rt\u0131ld\u0131\u011f\u0131n\u0131<i style=\"mso-bidi-font-style: normal;\">) biliyordu. Bat\u0131yla ittifak yapanlar\u0131n, e\u015fba\u015fkan olanlar\u0131n bu kan kayb\u0131n\u0131 durduramayaca\u011f\u0131n\u0131 da g\u00f6r\u00fcp anl\u0131yordu. Eyl\u00fcldeki referandum halk\u0131n bu bilincinin keskin bir g\u00f6stergesi olacakt\u0131r. Halk g\u00fcc\u00fcn\u00fcn fark\u0131na vard\u0131\u011f\u0131 zaman ba\u015fka bir d\u00f6nem ba\u015flayacakt\u0131r!<o:o:o:p><\/o:o:o:p><\/i><\/span><\/span><\/div>\n<div><span style=\"color: #000000; font-family: Times New Roman; font-size: small; background-color: #ffffff;\"> <\/span><\/div>\n<div style=\"margin: 0cm 0cm 0pt; text-align: justify; line-height: 150%; text-indent: 27pt; mso-pagination: none;\" class=\"MsoNormal\"><span style=\"background-color: #ffffff;\"><i style=\"mso-bidi-font-style: normal;\"><span style=\"line-height: 150%; font-family: &quot;Arial&quot;,&quot;sans-serif&quot;; font-size: 10pt;\"><span style=\"color: #000000;\">Allah t\u00fcm \u015fehitlerimize RAHMET eylesin!!! Elbette Onlar\u0131n kan\u0131 yerde kalmayacakt\u0131!<o:o:o:p><\/o:o:o:p><\/span><\/span><\/i><\/span><\/div>\n<div><span style=\"color: #000000; font-family: Times New Roman; font-size: small; background-color: #ffffff;\"> <\/span><\/div>\n<div style=\"margin: 0cm 0cm 0pt; text-align: justify; line-height: 150%; text-indent: 27pt; mso-pagination: none;\" class=\"MsoNormal\"><span style=\"background-color: #ffffff;\"><b style=\"mso-bidi-font-weight: normal;\"><span style=\"line-height: 150%; font-family: &quot;Arial&quot;,&quot;sans-serif&quot;; font-size: 10pt;\"><span style=\"color: #000000;\">Recep Ba\u015fbakan do\u011fru s\u00f6yl\u00fcyordu. Evet, PKK da, BDP de ta\u015ferondu. Ama unutmayal\u0131m as\u0131l ta\u015feronlu\u011fu AKP yap\u0131yordu.<o:o:o:p><\/o:o:o:p><\/span><\/span><\/b><\/span><\/div>\n<div><span style=\"color: #000000; font-family: Times New Roman; font-size: small; background-color: #ffffff;\"> <\/span><\/div>\n<div style=\"margin: 0cm 0cm 0pt; text-align: justify; line-height: 150%; text-indent: 27pt; mso-pagination: none;\" class=\"MsoNormal\"><span style=\"line-height: 150%; font-family: &quot;Arial&quot;,&quot;sans-serif&quot;; font-size: 10pt; background-color: #ffffff;\"><span style=\"color: #000000;\">\u201cT\u00fcrkiye \u015fehitlerine a\u011flarken, <b>\u201cuzmanlar\u201d <\/b>da \u00e7\u0131k\u0131p \u015eemdinli ve di\u011fer b\u00f6lgelerdeki sald\u0131r\u0131lar\u0131, PKK&#8217;n\u0131n ne yapmaya \u00e7al\u0131\u015ft\u0131\u011f\u0131n\u0131 yorumluyor, ne yap\u0131lma(ma)s\u0131 gerekti\u011fini anlat\u0131yorlard\u0131. Kafalar, Ba\u015fbakan Recep Erdo\u011fan&#8217;\u0131n da iki g\u00fcn \u00fcst \u00fcste PKK i\u00e7in kulland\u0131\u011f\u0131 <b>\u201cta\u015feron\u201d <\/b>ifadesine tak\u0131l\u0131yordu. Hakl\u0131 olarak kamuoyu PKK&#8217;n\u0131n kimin ya da kimlerin ta\u015feronu oldu\u011funu Ba\u015fbakan&#8217;dan a\u00e7\u0131klamas\u0131n\u0131 bekliyordu. Elbette Erdo\u011fan bo\u015fa konu\u015fmuyordu. Bunu ilk defa bu kadar vurgulu yapmas\u0131 da, PKK&#8217;y\u0131 harekete ge\u00e7iren merkezlere bir mesaj niteli\u011fi ta\u015f\u0131yordu. Ancak Ba\u015fbakan d\u0131\u015f\u0131nda bir isim daha bu merkezleri \u00e7ok iyi biliyordu. O isim kim derseniz, siyasi yasakl\u0131 olan ve kapat\u0131lan <b>DTP&#8217;nin bir d\u00f6nem e\u015fba\u015fkanl\u0131\u011f\u0131n\u0131 yapm\u0131\u015f olan Aysel Tu\u011fluk\u2019tu!<o:o:o:p><\/o:o:o:p><\/b><\/span><\/span><\/div>\n<div><span style=\"color: #000000; font-family: Times New Roman; font-size: small; background-color: #ffffff;\"> <\/span><\/div>\n<div style=\"margin: 0cm 0cm 0pt; text-align: justify; line-height: 150%; text-indent: 27pt; mso-pagination: none;\" class=\"MsoNormal\"><span style=\"font-size: small; background-color: #ffffff;\"><span style=\"color: #000000;\"><b><span style=\"font-family: &quot;Arial&quot;,&quot;sans-serif&quot;;\">Nas\u0131l m\u0131?<\/span><\/b><span style=\"font-family: &quot;Arial&quot;,&quot;sans-serif&quot;;\"><o:o:o:p><\/o:o:o:p><\/span><\/span><\/span><\/div>\n<div><span style=\"color: #000000; font-family: Times New Roman; font-size: small; background-color: #ffffff;\"> <\/span><\/div>\n<div style=\"margin: 0cm 0cm 0pt; text-align: justify; line-height: 150%; text-indent: 27pt; mso-pagination: none;\" class=\"MsoNormal\"><span style=\"line-height: 150%; font-family: &quot;Arial&quot;,&quot;sans-serif&quot;; font-size: 10pt; background-color: #ffffff;\"><span style=\"color: #000000;\">Hat\u0131rlayal\u0131m, Da\u011fl\u0131ca bask\u0131n\u0131ndan birka\u00e7 g\u00fcn sonras\u0131yd\u0131. 8 askerin ka\u00e7\u0131r\u0131ld\u0131\u011f\u0131 ortaya \u00e7\u0131km\u0131\u015f, DTP&#8217;nin vekilleri Kandil&#8217;e giderek PKK&#8217;l\u0131lar\u0131n \u015fovuyla o askerleri <b>\u201cteslim\u201d <\/b>alm\u0131\u015ft\u0131. Milletvekillerinin de bulundu\u011fu heyete Aysel Tu\u011fluk ba\u015fkanl\u0131k ediyordu. Sonras\u0131nda T\u00fcrkiye&#8217;ye d\u00f6n\u00fcld\u00fc. 28 Kas\u0131m 2007 tarihli Yeni \u015eafak gazetesinde Tu\u011fluk&#8217;un aynen \u015fu demeci yay\u0131nland\u0131:<o:o:o:p><\/o:o:o:p><\/span><\/span><\/div>\n<div><span style=\"color: #000000; font-family: Times New Roman; font-size: small; background-color: #ffffff;\"> <\/span><\/div>\n<div style=\"margin: 0cm 0cm 0pt; text-align: justify; line-height: 150%; text-indent: 27pt; mso-pagination: none;\" class=\"MsoNormal\"><span style=\"color: #000000; background-color: #ffffff;\"><b><span style=\"line-height: 150%; font-family: &quot;Arial&quot;,&quot;sans-serif&quot;; font-size: 10pt;\">\u201cTamamen o gen\u00e7lerin hayat\u0131yla ilgili kayg\u0131 duydu\u011fum i\u00e7in gitmek gerekti\u011fini d\u00fc\u015f\u00fcnd\u00fcm. \u0130nsani bir refleksti. Ancak giderken duydu\u011fum bu heyecan\u0131, orada uluslararas\u0131 bir kurgu oldu\u011funu fark etti\u011fimde yitirdim. Ne ABD&#8217;nin ne de bu i\u015fe kar\u0131\u015fm\u0131\u015f di\u011fer g\u00fc\u00e7lerin uluslararas\u0131 \u00e7\u0131karlar\u0131na bula\u015fmak istemezdim.\u201d<\/span><\/b><span style=\"line-height: 150%; font-family: &quot;Arial&quot;,&quot;sans-serif&quot;; font-size: 10pt;\"><o:o:o:p><\/o:o:o:p><\/span><\/span><\/div>\n<div><span style=\"color: #000000; font-family: Times New Roman; font-size: small; background-color: #ffffff;\"> <\/span><\/div>\n<div style=\"margin: 0cm 0cm 0pt; text-align: justify; line-height: 150%; text-indent: 27pt; mso-pagination: none;\" class=\"MsoNormal\"><span style=\"line-height: 150%; font-family: &quot;Arial&quot;,&quot;sans-serif&quot;; font-size: 10pt; background-color: #ffffff;\"><span style=\"color: #000000;\">Aysel Tu\u011fluk daha sonra susmu\u015ftu. Ne <b>\u201culuslararas\u0131 kurgu\u201d <\/b>meselesini, ne de <b>\u201cABD ve di\u011fer g\u00fc\u00e7lerin uluslararas\u0131 \u00e7\u0131karlar\u0131\u201d <\/b>konusunun perde arkas\u0131n\u0131 nedense unutmu\u015ftu.<o:o:o:p><\/o:o:o:p><\/span><\/span><\/div>\n<div><span style=\"color: #000000; font-family: Times New Roman; font-size: small; background-color: #ffffff;\"> <\/span><\/div>\n<div style=\"margin: 0cm 0cm 0pt; text-align: justify; line-height: 150%; text-indent: 27pt; mso-pagination: none;\" class=\"MsoNormal\"><span style=\"line-height: 150%; font-family: &quot;Arial&quot;,&quot;sans-serif&quot;; font-size: 10pt; background-color: #ffffff;\"><span style=\"color: #000000;\">Belki de \u00f6n\u00fcm\u00fcz\u00fc g\u00f6rmemizi sa\u011flayacak, ter\u00f6rle m\u00fccadele bilin\u00e7leri ayd\u0131nlatacak \u015fifreler, bu s\u00f6zlerde sakl\u0131yd\u0131.<o:o:o:p><\/o:o:o:p><\/span><\/span><\/div>\n<div><span style=\"color: #000000; font-family: Times New Roman; font-size: small; background-color: #ffffff;\"> <\/span><\/div>\n<div style=\"margin: 0cm 0cm 0pt; text-align: justify; line-height: 150%; text-indent: 27pt; mso-pagination: none;\" class=\"MsoNormal\"><span style=\"font-size: small; background-color: #ffffff;\"><span style=\"color: #000000;\"><b><span style=\"font-family: &quot;Arial&quot;,&quot;sans-serif&quot;;\">Neydi bu uluslararas\u0131 kurgu? <\/span><\/b><span style=\"font-family: &quot;Arial&quot;,&quot;sans-serif&quot;;\"><o:o:o:p><\/o:o:o:p><\/span><\/span><\/span><\/div>\n<div><span style=\"color: #000000; font-family: Times New Roman; font-size: small; background-color: #ffffff;\"> <\/span><\/div>\n<div style=\"margin: 0cm 0cm 0pt; text-align: justify; line-height: 150%; text-indent: 27pt; mso-pagination: none;\" class=\"MsoNormal\"><span style=\"line-height: 150%; font-family: &quot;Arial&quot;,&quot;sans-serif&quot;; font-size: 10pt; background-color: #ffffff;\"><span style=\"color: #000000;\">Bu s\u00f6zlerden yakla\u015f\u0131k 2 sene sonras\u0131yd\u0131. Devlet Bakan\u0131 ve Ba\u015fbakan Yard\u0131mc\u0131s\u0131 Ali Babacan&#8217;\u0131n yapt\u0131\u011f\u0131 bir a\u00e7\u0131klama, asl\u0131nda bu uluslararas\u0131 kurgunun i\u015faretlerini veriyordu. Ali Babacan, 24 Ekim 2009&#8217;da kat\u0131ld\u0131\u011f\u0131 bir televizyon program\u0131nda a\u00e7\u0131l\u0131m s\u00fcreci ile ilgili bir soruya \u015fu yan\u0131t\u0131 veriyordu:<o:o:o:p><\/o:o:o:p><\/span><\/span><\/div>\n<div><span style=\"color: #000000; font-family: Times New Roman; font-size: small; background-color: #ffffff;\"> <\/span><\/div>\n<div style=\"margin: 0cm 0cm 0pt; text-align: justify; line-height: 150%; text-indent: 27pt; mso-pagination: none;\" class=\"MsoNormal\"><span style=\"color: #000000; background-color: #ffffff;\"><b><span style=\"line-height: 150%; font-family: &quot;Arial&quot;,&quot;sans-serif&quot;; font-size: 10pt;\">\u201cBunun (yani a\u00e7\u0131l\u0131m\u0131n) altyap\u0131s\u0131 2007 y\u0131l\u0131ndaki Da\u011fl\u0131ca bask\u0131n\u0131ndan sonra yap\u0131lan diplomatik \u00e7al\u0131\u015fmalarla ba\u015flad\u0131.\u201d<\/span><\/b><span style=\"line-height: 150%; font-family: &quot;Arial&quot;,&quot;sans-serif&quot;; font-size: 10pt;\"><o:o:o:p><\/o:o:o:p><\/span><\/span><\/div>\n<div><span style=\"color: #000000; font-family: Times New Roman; font-size: small; background-color: #ffffff;\"> <\/span><\/div>\n<div style=\"margin: 0cm 0cm 0pt; text-align: justify; line-height: 150%; text-indent: 27pt; mso-pagination: none;\" class=\"MsoNormal\"><span style=\"line-height: 150%; font-family: &quot;Arial&quot;,&quot;sans-serif&quot;; font-size: 10pt; background-color: #ffffff;\"><span style=\"color: #000000;\">Yani bir anlamda, a\u00e7\u0131l\u0131m Da\u011fl\u0131ca sald\u0131r\u0131s\u0131 ile ba\u015fl\u0131yordu. \u0130\u015fte uluslararas\u0131 kurgunun siyasi boyutu buydu. Peki askeri boyutu var m\u0131yd\u0131?<o:o:o:p><\/o:o:o:p><\/span><\/span><\/div>\n<div><span style=\"color: #000000; font-family: Times New Roman; font-size: small; background-color: #ffffff;\"> <\/span><\/div>\n<div style=\"margin: 0cm 0cm 0pt; text-align: justify; line-height: 150%; text-indent: 27pt; mso-pagination: none;\" class=\"MsoNormal\"><span style=\"line-height: 150%; font-family: &quot;Arial&quot;,&quot;sans-serif&quot;; font-size: 10pt; background-color: #ffffff;\"><span style=\"color: #000000;\">Y\u0131llar\u0131n gazetecisi Fatih \u00c7ekirge, o sald\u0131r\u0131dan sadece bir g\u00fcn sonra (22 Ekim 2007) H\u00fcrriyet Gazetesi\u2019ndeki k\u00f6\u015fesinde, \u00fcst d\u00fczey bir isimle yapt\u0131\u011f\u0131 g\u00f6r\u00fc\u015fmeyi yaz\u0131yordu. Muhtemelen d\u00f6nemin \u00fcst d\u00fczey bir askeri yetkilisi olan o isim, bak\u0131n \u00c7ekirge\u2019ye sald\u0131r\u0131 ile ilgili neler s\u00f6yl\u00fcyordu:<o:o:o:p><\/o:o:o:p><\/span><\/span><\/div>\n<div><span style=\"color: #000000; font-family: Times New Roman; font-size: small; background-color: #ffffff;\"> <\/span><\/div>\n<div style=\"margin: 0cm 0cm 0pt; text-align: justify; line-height: 150%; text-indent: 27pt; mso-pagination: none;\" class=\"MsoNormal\"><span style=\"line-height: 150%; font-family: &quot;Arial&quot;,&quot;sans-serif&quot;; font-size: 10pt; background-color: #ffffff;\"><span style=\"color: #000000;\">\u201c<b>Bunlar d\u00fczenli orduya kar\u015f\u0131 gayri nizami harp taktikleri uygulayan ve gerilla y\u00f6ntemlerini iyi bilen ter\u00f6ristler. Bunlara gerilla diyemiyoruz. \u00c7\u00fcnk\u00fc siyasi bir kimlik al\u0131yorlar. Uygulad\u0131klar\u0131 b\u00fct\u00fcn taktikler gerilla takti\u011fidir. Siste sald\u0131rma, k\u00f6pr\u00fcde k\u0131st\u0131rma, hedef \u00e7evirip yok olma. Kamuflaj ve karanl\u0131ktan yararlanma&#8230; Da\u011fda ya\u015famak kolay de\u011fildir. Bunlar \u00f6zel e\u011fitim alm\u0131\u015flar. Belki de i\u00e7lerinde ba\u015fka uluslara ait \u00f6zel unsurlar var.\u201d<\/b><o:o:o:p><\/o:o:o:p><\/span><\/span><\/div>\n<div><span style=\"color: #000000; font-family: Times New Roman; font-size: small; background-color: #ffffff;\"> <\/span><\/div>\n<div style=\"margin: 0cm 0cm 0pt; text-align: justify; line-height: 150%; text-indent: 27pt; mso-pagination: none;\" class=\"MsoNormal\"><span style=\"line-height: 150%; font-family: &quot;Arial&quot;,&quot;sans-serif&quot;; font-size: 10pt; background-color: #ffffff;\"><span style=\"color: #000000;\">Ayn\u0131 isim, sald\u0131r\u0131y\u0131 ger\u00e7ekle\u015ftiren ter\u00f6rist grup i\u00e7inde \u201cABD&#8217;nin e\u011fitti\u011fi pe\u015fmerge unsurlar\u0131n\u0131n oldu\u011fu\u201dnu da a\u00e7\u0131k bir dille ifade ediyordu.<o:o:o:p><\/o:o:o:p><\/span><\/span><\/div>\n<div><span style=\"color: #000000; font-family: Times New Roman; font-size: small; background-color: #ffffff;\"> <\/span><\/div>\n<div style=\"margin: 0cm 0cm 0pt; text-align: justify; line-height: 150%; text-indent: 27pt; mso-pagination: none;\" class=\"MsoNormal\"><span style=\"background-color: #ffffff;\"><b style=\"mso-bidi-font-weight: normal;\"><span style=\"line-height: 150%; font-family: &quot;Arial&quot;,&quot;sans-serif&quot;; font-size: 10pt;\"><span style=\"color: #000000;\">Bask\u0131n\u0131n ard\u0131ndan 5 Kas\u0131m 2007&#8217;de ABD&#8217;de d\u00f6nemin ABD Ba\u015fkan\u0131 George Bush ile Ba\u015fbakan Recep Tayyip Erdo\u011fan bir araya geliyor, bulu\u015fma ile ilgili haberlerde Erdo\u011fan ile Bush aras\u0131nda \u015fu maddeler \u00fczerinde anla\u015fma sa\u011fland\u0131\u011f\u0131 belirtiyordu.<o:o:o:p><\/o:o:o:p><\/span><\/span><\/b><\/span><\/div>\n<div><span style=\"color: #000000; font-family: Times New Roman; font-size: small; background-color: #ffffff;\"> <\/span><\/div>\n<div style=\"margin: 0cm 0cm 0pt; text-align: justify; line-height: 150%; text-indent: 27pt; mso-pagination: none; mso-list: l0 level1 lfo1; tab-stops: 42.55pt;\" class=\"MsoNormal\"><span style=\"color: #000000; background-color: #ffffff;\"><b style=\"mso-bidi-font-weight: normal;\"><span style=\"line-height: 150%; font-family: &quot;Arial&quot;,&quot;sans-serif&quot;; font-size: 10pt; mso-fareast-font-family: Arial;\"><span style=\"mso-list: Ignore;\">1.<span style=\"font: 7pt\/normal &quot;Times New Roman&quot;; font-size-adjust: none; font-stretch: normal;\"> <\/span><\/span><\/span><\/b><b style=\"mso-bidi-font-weight: normal;\"><span style=\"line-height: 150%; font-family: &quot;Arial&quot;,&quot;sans-serif&quot;; font-size: 10pt;\">Kandil\u2019deki PKK kontrol noktalar\u0131n\u0131n yerine B\u00f6lgesel K\u00fcrt Y\u00f6netimi\u2019ninkilerin kurulmas\u0131,<o:o:o:p><\/o:o:o:p><\/span><\/b><\/span><\/div>\n<div><span style=\"color: #000000; font-family: Times New Roman; font-size: small; background-color: #ffffff;\"> <\/span><\/div>\n<div style=\"margin: 0cm 0cm 0pt; text-align: justify; line-height: 150%; text-indent: 27pt; mso-pagination: none; mso-list: l0 level1 lfo1; tab-stops: 42.55pt;\" class=\"MsoNormal\"><span style=\"color: #000000; background-color: #ffffff;\"><b style=\"mso-bidi-font-weight: normal;\"><span style=\"line-height: 150%; font-family: &quot;Arial&quot;,&quot;sans-serif&quot;; font-size: 10pt; mso-fareast-font-family: Arial;\"><span style=\"mso-list: Ignore;\">2.<span style=\"font: 7pt\/normal &quot;Times New Roman&quot;; font-size-adjust: none; font-stretch: normal;\"> <\/span><\/span><\/span><\/b><b style=\"mso-bidi-font-weight: normal;\"><span style=\"line-height: 150%; font-family: &quot;Arial&quot;,&quot;sans-serif&quot;; font-size: 10pt;\">Erbil \u00fczerinden gelen yolcular\u0131n PKK\u2019ya para transferinin engel olunmas\u0131.<o:o:o:p><\/o:o:o:p><\/span><\/b><\/span><\/div>\n<div><span style=\"color: #000000; font-family: Times New Roman; font-size: small; background-color: #ffffff;\"> <\/span><\/div>\n<div style=\"margin: 0cm 0cm 0pt; text-align: justify; line-height: 150%; text-indent: 27pt; mso-pagination: none; mso-list: l0 level1 lfo1; tab-stops: 42.55pt;\" class=\"MsoNormal\"><span style=\"color: #000000; background-color: #ffffff;\"><b style=\"mso-bidi-font-weight: normal;\"><span style=\"line-height: 150%; font-family: &quot;Arial&quot;,&quot;sans-serif&quot;; font-size: 10pt; mso-fareast-font-family: Arial;\"><span style=\"mso-list: Ignore;\">3.<span style=\"font: 7pt\/normal &quot;Times New Roman&quot;; font-size-adjust: none; font-stretch: normal;\"> <\/span><\/span><\/span><\/b><b style=\"mso-bidi-font-weight: normal;\"><span style=\"line-height: 150%; font-family: &quot;Arial&quot;,&quot;sans-serif&quot;; font-size: 10pt;\">Mahmur Kamp\u0131\u2019nda kalanlar\u0131n T\u00fcrkiye\u2019ye geri yollanmas\u0131<o:o:o:p><\/o:o:o:p><\/span><\/b><\/span><\/div>\n<div><span style=\"color: #000000; font-family: Times New Roman; font-size: small; background-color: #ffffff;\"> <\/span><\/div>\n<div style=\"margin: 0cm 0cm 0pt; text-align: justify; line-height: 150%; text-indent: 27pt; mso-pagination: none; mso-list: l0 level1 lfo1; tab-stops: 42.55pt;\" class=\"MsoNormal\"><span style=\"color: #000000; background-color: #ffffff;\"><b style=\"mso-bidi-font-weight: normal;\"><span style=\"line-height: 150%; font-family: &quot;Arial&quot;,&quot;sans-serif&quot;; font-size: 10pt; mso-fareast-font-family: Arial;\"><span style=\"mso-list: Ignore;\">4.<span style=\"font: 7pt\/normal &quot;Times New Roman&quot;; font-size-adjust: none; font-stretch: normal;\"> <\/span><\/span><\/span><\/b><b style=\"mso-bidi-font-weight: normal;\"><span style=\"line-height: 150%; font-family: &quot;Arial&quot;,&quot;sans-serif&quot;; font-size: 10pt;\">Demokratik \u00c7\u00f6z\u00fcm Partisi gibi PKK \u015fiddetine g\u00f6z yuman Kuzey Irak\u2019taki gruplar\u0131n faaliyetlerinin s\u0131n\u0131rland\u0131r\u0131lmas\u0131,<o:o:o:p><\/o:o:o:p><\/span><\/b><\/span><\/div>\n<div><span style=\"color: #000000; font-family: Times New Roman; font-size: small; background-color: #ffffff;\"> <\/span><\/div>\n<div style=\"margin: 0cm 0cm 0pt; text-align: justify; line-height: 150%; text-indent: 27pt; mso-pagination: none; mso-list: l0 level1 lfo1; tab-stops: 42.55pt;\" class=\"MsoNormal\"><span style=\"color: #000000; background-color: #ffffff;\"><b style=\"mso-bidi-font-weight: normal;\"><span style=\"line-height: 150%; font-family: &quot;Arial&quot;,&quot;sans-serif&quot;; font-size: 10pt; mso-fareast-font-family: Arial;\"><span style=\"mso-list: Ignore;\">5.<span style=\"font: 7pt\/normal &quot;Times New Roman&quot;; font-size-adjust: none; font-stretch: normal;\"> <\/span><\/span><\/span><\/b><b style=\"mso-bidi-font-weight: normal;\"><span style=\"line-height: 150%; font-family: &quot;Arial&quot;,&quot;sans-serif&quot;; font-size: 10pt;\">Bunlar\u0131n yap\u0131lmas\u0131na kar\u015f\u0131l\u0131k T\u00fcrkiye\u2019nin b\u00f6lgesel K\u00fcrt Y\u00f6netimi Ba\u015fkan\u0131 Mesut Barzani\u2019yi k\u00f6t\u00fclemekten vazge\u00e7erek do\u011frudan diplomatik g\u00f6r\u00fc\u015fme kanal\u0131n\u0131n a\u00e7\u0131lmas\u0131 i\u00e7in \u00f6zel bir el\u00e7i g\u00f6nderilmesi; Habur\u2019daki prosed\u00fcrleri h\u0131zland\u0131rmas\u0131 ve yeni s\u0131n\u0131r kap\u0131lar\u0131n\u0131 a\u00e7mas\u0131,<o:o:o:p><\/o:o:o:p><\/span><\/b><\/span><\/div>\n<div><span style=\"color: #000000; font-family: Times New Roman; font-size: small; background-color: #ffffff;\"> <\/span><\/div>\n<div style=\"margin: 0cm 0cm 0pt; text-align: justify; line-height: 150%; text-indent: 27pt; mso-pagination: none; mso-list: l0 level1 lfo1; tab-stops: 42.55pt;\" class=\"MsoNormal\"><span style=\"color: #000000; background-color: #ffffff;\"><b style=\"mso-bidi-font-weight: normal;\"><span style=\"line-height: 150%; font-family: &quot;Arial&quot;,&quot;sans-serif&quot;; font-size: 10pt; mso-fareast-font-family: Arial;\"><span style=\"mso-list: Ignore;\">6.<span style=\"font: 7pt\/normal &quot;Times New Roman&quot;; font-size-adjust: none; font-stretch: normal;\"> <\/span><\/span><\/span><\/b><b style=\"mso-bidi-font-weight: normal;\"><span style=\"line-height: 150%; font-family: &quot;Arial&quot;,&quot;sans-serif&quot;; font-size: 10pt;\">Mesut Barzani ve Celal Talabani\u2019nin n\u00fcfuzunu kullanarak PKK\u2019n\u0131n 12 ayl\u0131k bir ate\u015fkes ilan etmesini sa\u011flamas\u0131,<o:o:o:p><\/o:o:o:p><\/span><\/b><\/span><\/div>\n<div><span style=\"color: #000000; font-family: Times New Roman; font-size: small; background-color: #ffffff;\"> <\/span><\/div>\n<div style=\"margin: 0cm 0cm 0pt; text-align: justify; line-height: 150%; text-indent: 27pt; mso-pagination: none; mso-list: l0 level1 lfo1; tab-stops: 42.55pt;\" class=\"MsoNormal\"><span style=\"color: #000000; background-color: #ffffff;\"><b style=\"mso-bidi-font-weight: normal;\"><span style=\"line-height: 150%; font-family: &quot;Arial&quot;,&quot;sans-serif&quot;; font-size: 10pt; mso-fareast-font-family: Arial;\"><span style=\"mso-list: Ignore;\">7.<span style=\"font: 7pt\/normal &quot;Times New Roman&quot;; font-size-adjust: none; font-stretch: normal;\"> <\/span><\/span><\/span><\/b><b style=\"mso-bidi-font-weight: normal;\"><span style=\"line-height: 150%; font-family: &quot;Arial&quot;,&quot;sans-serif&quot;; font-size: 10pt;\">PKK\u2019n\u0131n bar\u0131\u015f iste\u011fine dair stratejik bir karar almas\u0131,<o:o:o:p><\/o:o:o:p><\/span><\/b><\/span><\/div>\n<div><span style=\"color: #000000; font-family: Times New Roman; font-size: small; background-color: #ffffff;\"> <\/span><\/div>\n<div style=\"margin: 0cm 0cm 0pt; text-align: justify; line-height: 150%; text-indent: 27pt; mso-pagination: none; mso-list: l0 level1 lfo1; tab-stops: 42.55pt;\" class=\"MsoNormal\"><span style=\"color: #000000; background-color: #ffffff;\"><b style=\"mso-bidi-font-weight: normal;\"><span style=\"line-height: 150%; font-family: &quot;Arial&quot;,&quot;sans-serif&quot;; font-size: 10pt; mso-fareast-font-family: Arial;\"><span style=\"mso-list: Ignore;\">8.<span style=\"font: 7pt\/normal &quot;Times New Roman&quot;; font-size-adjust: none; font-stretch: normal;\"> <\/span><\/span><\/span><\/b><b style=\"mso-bidi-font-weight: normal;\"><span style=\"line-height: 150%; font-family: &quot;Arial&quot;,&quot;sans-serif&quot;; font-size: 10pt;\">Bunun kar\u015f\u0131l\u0131\u011f\u0131nda 2002 y\u0131l\u0131nda \u00f6rg\u00fcte kat\u0131lanlar\u0131n ilk etapta, komuta sorumlulu\u011fu olmayan kadrolar\u0131n ikinci etapta affedilmesi i\u00e7in yasa \u00e7\u0131kar\u0131lmas\u0131, K\u0131rm\u0131z\u0131 b\u00fclten ile aranan 134 \u00fcst d\u00fczey y\u00f6neticiye bulunduklar\u0131 \u00fclkelere s\u0131\u011f\u0131nmalar\u0131n\u0131n kolayla\u015ft\u0131r\u0131lmas\u0131<o:o:o:p><\/o:o:o:p><\/span><\/b><\/span><\/div>\n<div><span style=\"color: #000000; font-family: Times New Roman; font-size: small; background-color: #ffffff;\"> <\/span><\/div>\n<div style=\"margin: 0cm 0cm 0pt; text-align: justify; line-height: 150%; text-indent: 27pt; mso-pagination: none; mso-list: l0 level1 lfo1; tab-stops: 42.55pt;\" class=\"MsoNormal\"><span style=\"color: #000000; background-color: #ffffff;\"><b style=\"mso-bidi-font-weight: normal;\"><span style=\"line-height: 150%; font-family: &quot;Arial&quot;,&quot;sans-serif&quot;; font-size: 10pt; mso-fareast-font-family: Arial;\"><span style=\"mso-list: Ignore;\">9.<span style=\"font: 7pt\/normal &quot;Times New Roman&quot;; font-size-adjust: none; font-stretch: normal;\"> <\/span><\/span><\/span><\/b><b style=\"mso-bidi-font-weight: normal;\"><span style=\"line-height: 150%; font-family: &quot;Arial&quot;,&quot;sans-serif&quot;; font-size: 10pt;\">T\u00fcrkiye\u2019nin PKK ile m\u00fczakere etmeyi reddetti\u011fi i\u00e7in, bu s\u00fcre\u00e7te, \u00fcniter yap\u0131ya ba\u011fl\u0131l\u0131\u011f\u0131n\u0131 ve ter\u00f6rizmi k\u0131nad\u0131\u011f\u0131n\u0131 ilan etmesi halinde DTP\u2019nin me\u015fru ve kabul edilebilir bir muhatap say\u0131lmas\u0131<o:o:o:p><\/o:o:o:p><\/span><\/b><\/span><\/div>\n<div><span style=\"color: #000000; font-family: Times New Roman; font-size: small; background-color: #ffffff;\"> <\/span><\/div>\n<div style=\"margin: 0cm 0cm 0pt; text-align: justify; line-height: 150%; text-indent: 27pt; mso-pagination: none; mso-list: l0 level1 lfo1; tab-stops: 42.55pt;\" class=\"MsoNormal\"><span style=\"color: #000000; background-color: #ffffff;\"><b style=\"mso-bidi-font-weight: normal;\"><span style=\"line-height: 150%; font-family: &quot;Arial&quot;,&quot;sans-serif&quot;; font-size: 10pt; mso-fareast-font-family: Arial;\"><span style=\"mso-list: Ignore;\">10.<span style=\"font: 7pt\/normal &quot;Times New Roman&quot;; font-size-adjust: none; font-stretch: normal;\"> <\/span><\/span><\/span><\/b><b style=\"mso-bidi-font-weight: normal;\"><span style=\"line-height: 150%; font-family: &quot;Arial&quot;,&quot;sans-serif&quot;; font-size: 10pt;\"><span style=\"mso-spacerun: yes;\"> <\/span>ABD\u2019nin Irak ve B\u00f6lgesel K\u00fcrt Y\u00f6netimi\u2019nin PKK \u00fczerinde etkilerini kullanmalar\u0131 i\u00e7in bask\u0131 yapmas\u0131 ve T\u00fcrkiye\u2019nin siyasi, ekonomik ve g\u00fcvenlik \u00e7\u0131karlar\u0131n\u0131 g\u00f6z \u00f6n\u00fcnde bulundurmas\u0131. (Not: Zafer \u00c7a\u011flayan ba\u015fkanl\u0131\u011f\u0131ndaki T\u00fcrk \u0130\u015fadamlar\u0131n\u0131n Kuzey Irak \u00e7\u0131karmas\u0131 bu anla\u015fma gere\u011fi yap\u0131l\u0131yordu. \u00d6.\u00c7.)<o:o:o:p><\/o:o:o:p><\/span><\/b><\/span><\/div>\n<div><span style=\"color: #000000; font-family: Times New Roman; font-size: small; background-color: #ffffff;\"> <\/span><\/div>\n<div style=\"margin: 0cm 0cm 0pt; text-align: justify; line-height: 150%; text-indent: 27pt; mso-pagination: none; tab-stops: 42.55pt;\" class=\"MsoNormal\"><span style=\"line-height: 150%; font-family: &quot;Arial&quot;,&quot;sans-serif&quot;; font-size: 10pt; background-color: #ffffff;\"><span style=\"color: #000000;\">G\u00fcn\u00fcm\u00fcze kadar bu plan, PKK&#8217;n\u0131n tasfiyesi ve zay\u0131flat\u0131lmas\u0131 d\u0131\u015f\u0131nda ger\u00e7ekle\u015fiyordu. Zaten plan iki ana unsurdan olu\u015fuyordu. Bunlar Barzani ve Talabani ikilisini tan\u0131nmas\u0131, PKK&#8217;y\u0131 beraber tasfiye edip siyasi kimlik ve resmiyet kazand\u0131r\u0131lmas\u0131\u201d oluyordu.<o:o:o:p><\/o:o:o:p><\/span><\/span><\/div>\n<div><span style=\"color: #000000; font-family: Times New Roman; font-size: small; background-color: #ffffff;\"> <\/span><\/div>\n<div style=\"margin: 0cm 0cm 0pt; text-align: justify; line-height: 150%; text-indent: 27pt; mso-pagination: none;\" class=\"MsoNormal\"><span style=\"line-height: 150%; font-family: &quot;Arial&quot;,&quot;sans-serif&quot;; font-size: 10pt; background-color: #ffffff;\"><span style=\"color: #000000;\"><span style=\"mso-spacerun: yes;\"> <\/span>Plan yar\u0131 yar\u0131ya ger\u00e7ekle\u015fmi\u015f bulunuyordu. Irak&#8217;\u0131n kuzeyi ile diplomatik ili\u015fkiler kuruluyor, Talabani ve Barzani T\u00fcrkiye&#8217;ye geliyor, \u00fcst d\u00fczeyde a\u011f\u0131rlan\u0131yordu. Ancak plan\u0131n as\u0131l unsuru olan PKK&#8217;n\u0131n tasfiyesi ger\u00e7ekle\u015fmiyordu. \u00c7\u00fcnk\u00fc, ABD&#8217;nin planlad\u0131\u011f\u0131 <b>\u201ca\u00e7\u0131l\u0131m\u201d,<\/b> \u00f6zellikle <b>\u201cHabur rezaleti\u201d<\/b>nden sonra kamuoyunun direnciyle kar\u015f\u0131la\u015f\u0131yordu. O zaman da a\u00e7\u0131l\u0131m t\u0131kan\u0131yor. PKK&#8217;ya ihtiya\u00e7 duyuluyordu. G\u00fcn\u00fcm\u00fczdeki sald\u0131r\u0131 da belki bu nedenle planlan\u0131yordu. Yeni bir Da\u011fl\u0131ca yaratmak amac\u0131 ta\u015f\u0131yordu. <o:o:o:p><\/o:o:o:p><\/span><\/span><\/div>\n<div><span style=\"color: #000000; font-family: Times New Roman; font-size: small; background-color: #ffffff;\"> <\/span><\/div>\n<div style=\"margin: 0cm 0cm 0pt; text-align: justify; line-height: 150%; text-indent: 27pt; mso-pagination: none;\" class=\"MsoNormal\"><span style=\"line-height: 150%; font-family: &quot;Arial&quot;,&quot;sans-serif&quot;; font-size: 10pt; background-color: #ffffff;\"><span style=\"color: #000000;\">\u015eifrelerin devam\u0131n\u0131 en iyi bilenlerden biri olan Aysel Tu\u011fluk&#8217;a gelmemiz gerekiyordu. Tu\u011fluk o a\u00e7\u0131klamadan sonra bir daha bu y\u00f6nde hi\u00e7bir konu\u015fma yapm\u0131yordu. Birileri mi susturdu, yoksa Tu\u011fluk bunlar\u0131 a\u00e7\u0131klamay\u0131 zararl\u0131 m\u0131 buldu bilinmiyordu. Ancak Tu\u011fluk konu\u015fursa, sorun \u00e7ok daha iyi anla\u015f\u0131laca\u011fa benziyordu.<\/span><a style=\"mso-footnote-id: ftn3;\" name=\"_ftnref3\" href=\"#_ftn3\"><sup><span style=\"mso-special-character: footnote;\"><sup><span style=\"font-family: &quot;Arial&quot;,&quot;sans-serif&quot;; font-size: 10pt; mso-fareast-font-family: &quot;Times New Roman&quot;; mso-ansi-language: TR; mso-fareast-language: TR; mso-bidi-language: AR-SA;\"><span style=\"text-decoration: underline;\"><span style=\"color: #0066cc;\">[3]<\/span><\/span><\/span><\/sup><\/span><\/sup><\/a><o:o:o:p><\/o:o:o:p><\/span><\/div>\n<div><span style=\"color: #000000; font-family: Times New Roman; font-size: small; background-color: #ffffff;\"> <\/span><\/div>\n<div style=\"margin: 0cm 0cm 0pt; text-align: justify; line-height: 150%; text-indent: 27pt; mso-pagination: none;\" class=\"MsoNormal\"><span style=\"background-color: #ffffff;\"><b style=\"mso-bidi-font-weight: normal;\"><i style=\"mso-bidi-font-style: normal;\"><span style=\"line-height: 150%; font-family: &quot;Arial&quot;,&quot;sans-serif&quot;; font-size: 10pt;\"><span style=\"color: #000000;\">Bu arada askere yap\u0131lan h\u00fccumlar kar\u015f\u0131s\u0131nda &#8216;Peygamber Oca\u011f\u0131 bu kadar sert ele\u015ftirilmemeli&#8217;  yakla\u015f\u0131m\u0131na kar\u015f\u0131 \u00e7\u0131kan Zaman Gazetesi yazar\u0131 Ali Bula\u00e7, \u201cPeygamber Oca\u011f\u0131\u201d tan\u0131mlamas\u0131n\u0131n ittihat\u00e7\u0131lar\u0131n en \u00e7ok kulland\u0131\u011f\u0131 retorik metaforu oldu\u011funu ileri s\u00fcr\u00fcyordu. <o:o:o:p><\/o:o:o:p><\/span><\/span><\/i><\/b><\/span><\/div>\n<div><span style=\"color: #000000; font-family: Times New Roman; font-size: small; background-color: #ffffff;\"> <\/span><\/div>\n<div style=\"margin: 0cm 0cm 0pt; text-align: justify; line-height: 150%; text-indent: 27pt; mso-pagination: none;\" class=\"MsoNormal\"><span style=\"color: #000000; background-color: #ffffff;\"><b style=\"mso-bidi-font-weight: normal;\"><i style=\"mso-bidi-font-style: normal;\"><span style=\"line-height: 150%; font-family: &quot;Arial&quot;,&quot;sans-serif&quot;; font-size: 10pt;\">Hz. Muhammed&#8217;in ordusu olmad\u0131\u011f\u0131na i\u015faret eden Bula\u00e7, &#8216;ll. Mahmut&#8217;un Asakir-i Mansure-i Muhammediyye&#8217;yi kurarken geli\u015fen s\u00f6ylem ve \u0130ttihat\u00e7\u0131lar\u0131n bunu peki\u015ftiren retori\u011fi &#8220;peygamber oca\u011f\u0131&#8221;n\u0131 kutsal bir metafor olarak t\u00fcretti&#8217;, &#8216;belirtmek gerekir ki, Hz. Peygamber (sas)&#8217;in ne asker\u00ee birli\u011fi, ne nizam\u00ee bir ordusu ne de asker\u00ee k\u0131\u015flas\u0131 ve kararg\u00e2h\u0131 ve oca\u011f\u0131 vard\u0131&#8217; <\/span><\/i><\/b><span style=\"line-height: 150%; font-family: &quot;Arial&quot;,&quot;sans-serif&quot;; font-size: 10pt;\">diyerek, hem ger\u00e7ekleri \u00e7arp\u0131t\u0131yor, hem de cehaletini sergiliyordu.<o:o:o:p><\/o:o:o:p><\/span><\/span><\/div>\n<div><span style=\"color: #000000; font-family: Times New Roman; font-size: small; background-color: #ffffff;\"> <\/span><\/div>\n<div style=\"margin: 0cm 0cm 0pt; text-align: justify; line-height: 150%; text-indent: 27pt; mso-pagination: none;\" class=\"MsoNormal\"><span style=\"background-color: #ffffff;\"><b style=\"mso-bidi-font-weight: normal;\"><span style=\"line-height: 150%; font-family: &quot;Arial&quot;,&quot;sans-serif&quot;; font-size: 10pt;\"><span style=\"color: #000000;\">\u201cHz. Peygamberin ne askeri bir te\u015fkilat\u0131, ne nizami bir karargah\u0131 ve k\u0131\u015flas\u0131 vard\u0131..\u201d diyenlere sormazlar m\u0131?<o:o:o:p><\/o:o:o:p><\/span><\/span><\/b><\/span><\/div>\n<div><span style=\"color: #000000; font-family: Times New Roman; font-size: small; background-color: #ffffff;\"> <\/span><\/div>\n<div style=\"margin: 0cm 0cm 0pt; text-align: justify; line-height: 150%; text-indent: 27pt; mso-pagination: none;\" class=\"MsoNormal\"><span style=\"background-color: #ffffff;\"><b style=\"mso-bidi-font-weight: normal;\"><span style=\"line-height: 150%; font-family: &quot;Arial&quot;,&quot;sans-serif&quot;; font-size: 10pt;\"><span style=\"color: #000000;\">Peki o zaman Bedir\u2019in Arslanlar\u0131, Uhud\u2019un Kahramanlar\u0131, Mekke Fethi\u2019nin \u015fansl\u0131lar\u0131, ha\u015fa, ordu de\u011fil de \u00e7apulcu alaylar\u0131 m\u0131yd\u0131?<o:o:o:p><\/o:o:o:p><\/span><\/span><\/b><\/span><\/div>\n<div><span style=\"color: #000000; font-family: Times New Roman; font-size: small; background-color: #ffffff;\"> <\/span><\/div>\n<div style=\"margin: 0cm 0cm 0pt; text-align: justify; line-height: 150%; text-indent: 27pt; mso-pagination: none;\" class=\"MsoNormal\"><span style=\"background-color: #ffffff;\"><b style=\"mso-bidi-font-weight: normal;\"><span style=\"line-height: 150%; font-family: &quot;Arial&quot;,&quot;sans-serif&quot;; font-size: 10pt;\"><span style=\"color: #000000;\">Elbette Hz. Peygamber Efendimiz d\u00f6neminde ve \u00f6ncesinde, k\u0131\u015flalarda beslenen resmi askeri birlikler bulunmamaktayd\u0131. Ancak herhangi bir sald\u0131r\u0131 kar\u015f\u0131s\u0131nda sava\u015f ve savunma taktiklerini bilen, bununla ilgili \u00f6zel talimlerle yeti\u015fen ki\u015filerin listelerinin bulundu\u011fu k\u00fct\u00fcklerin ve ilgili g\u00f6revlilerin haz\u0131rland\u0131\u011f\u0131 bir nevi sivil ve g\u00f6n\u00fcll\u00fc ordunun varl\u0131\u011f\u0131 da ink\u00e2r edilmez tarihi bir hakikatti. Ve zaten o d\u00f6nemlerde bir\u00e7ok devlet ve millet de, zaten k\u0131\u015flalarda beslenip e\u011fitilen resmi asker uygulamas\u0131na ba\u015flamam\u0131\u015ft\u0131.<o:o:o:p><\/o:o:o:p><\/span><\/span><\/b><\/span><\/div>\n<div><span style=\"color: #000000; font-family: Times New Roman; font-size: small; background-color: #ffffff;\"> <\/span><\/div>\n<div style=\"margin: 0cm 0cm 0pt; text-align: justify; line-height: 150%; text-indent: 27pt; mso-pagination: none;\" class=\"MsoNormal\"><span style=\"background-color: #ffffff;\"><b style=\"mso-bidi-font-weight: normal;\"><span style=\"line-height: 150%; font-family: &quot;Arial&quot;,&quot;sans-serif&quot;; font-size: 10pt;\"><span style=\"color: #000000;\">TSK\u2019y\u0131 karalamak ve manevi ba\u011flar\u0131n\u0131 koparmak i\u00e7in \u00e7\u0131rp\u0131nan ve yalakal\u0131\u011f\u0131n\u0131 yapt\u0131\u011f\u0131 Recep Bey\u2019in Kuzey \u0131rak\u2019a \u0130slam d\u00fc\u015fman\u0131 NATO\u2019yu \u00e7a\u011f\u0131rmas\u0131na ses \u00e7\u0131karmayan Amerikan tapar zaman yazar\u0131 Ali Bula\u00e7, Mustafa Kemal Atat\u00fcrk\u2019\u00fcn hayranl\u0131kla anlatt\u0131\u011f\u0131: \u201cHz. Muhammed\u2019in A.S. Bedir ve Uhud gibi sava\u015flarda uygulad\u0131\u011f\u0131 \u00e7ok y\u00fcksek askeri stratejileri, \u00fcst\u00fcn sava\u015f taktiklerini\u201d okuyup utanmas\u0131 laz\u0131md\u0131. \u0130slam\u2019daki cihat ruhunu k\u00f6rletmek i\u00e7in \u0130bni Teymiyenin, sald\u0131rgan Mo\u011follara kar\u015f\u0131 verdi\u011fi Mardin fetvas\u0131n\u0131 ge\u00e7ersiz k\u0131lmaya \u00e7al\u0131\u015fan, ama Bedi\u00fczzaman Said Nursi\u2019nin de destekledi\u011fi ve \u201cKutsal cihatt\u0131r\u201d dedi\u011fi, Ankara M\u00fcft\u00fcs\u00fc R\u0131fat B\u00f6rekci\u2019nin tarihi fetvas\u0131na \u015fimdilik ses \u00e7\u0131karamayan \u0131l\u0131ml\u0131 \u0130slamc\u0131 zalim Amerikan kuklalar\u0131n\u0131n, demokrasi k\u0131l\u0131fl\u0131 bu ordu d\u00fc\u015fmanl\u0131klar\u0131 kimlerin u\u015faklar\u0131 olduklar\u0131n\u0131n da ispat\u0131yd\u0131.<o:o:o:p><\/o:o:o:p><\/span><\/span><\/b><\/span><\/div>\n<div><span style=\"color: #000000; font-family: Times New Roman; font-size: small; background-color: #ffffff;\"> <\/span><\/div>\n<div style=\"margin: 0cm 0cm 0pt; text-align: justify; line-height: 150%; text-indent: 27pt; mso-pagination: none;\" class=\"MsoNormal\"><span style=\"line-height: 150%; font-family: &quot;Arial&quot;,&quot;sans-serif&quot;; font-size: 10pt; background-color: #ffffff;\"><span style=\"color: #000000;\">Umar\u0131z, Ege Denizindeki yap\u0131lacak Deniz Kurdu ve Efes tatbikatlar\u0131n\u0131n, Cumhurba\u015fkan\u0131n\u0131 ve Ba\u015fbakan\u0131 \u015fok eden bir kararla, Genelkurmay taraf\u0131ndan iptal edilmesindeki uyar\u0131 mesaj\u0131n\u0131, muhataplar\u0131 \u00e7ok iyi okumu\u015flard\u0131!<o:o:o:p><\/o:o:o:p><\/span><\/span><\/div>\n<div><span style=\"color: #000000; font-family: Times New Roman; font-size: small; background-color: #ffffff;\"> <\/span><\/div>\n<div style=\"margin: 0cm 0cm 0pt; text-align: justify; line-height: 150%; mso-pagination: none;\" class=\"MsoNormal\"><span style=\"line-height: 150%; font-family: &quot;Arial&quot;,&quot;sans-serif&quot;; font-size: 11pt; background-color: #ffffff;\"><o:o:o:p><span style=\"color: #000000;\"> <\/span><\/o:o:o:p><\/span><\/div>\n<div><span style=\"color: #000000; font-family: Times New Roman; font-size: small; background-color: #ffffff;\"> <\/span><\/div>\n<div style=\"margin: 0cm 0cm 0pt; text-align: center; line-height: 150%; mso-pagination: none;\" class=\"MsoNormal\" align=\"center\"><span style=\"line-height: 150%; font-family: &quot;Arial&quot;,&quot;sans-serif&quot;; font-size: 11pt; background-color: #ffffff;\"><o:o:o:p><span style=\"color: #000000;\"> <\/span><\/o:o:o:p><\/span><\/div>\n<div><span style=\"color: #000000; font-family: Times New Roman; font-size: small; background-color: #ffffff;\"> <\/span><\/div>\n<div style=\"mso-element: footnote-list;\"><br clear=\"all\" \/><span style=\"color: #000000; font-family: Times New Roman; font-size: small; background-color: #ffffff;\">  <\/p>\n<hr width=\"33%\" size=\"1\" align=\"left\" \/> <\/span> <\/p>\n<div id=\"ftn1\" style=\"mso-element: footnote;\"><span style=\"color: #000000; font-family: Times New Roman; font-size: small; background-color: #ffffff;\"> <\/span> <\/p>\n<div style=\"margin: 0cm 0cm 0pt;\" class=\"MsoFootnoteText\"><span style=\"background-color: #ffffff;\"><a style=\"mso-footnote-id: ftn1;\" name=\"_ftn1\" href=\"#_ftnref1\"><span class=\"MsoFootnoteReference\"><span lang=\"X-NONE\" style=\"font-family: &quot;Arial&quot;,&quot;sans-serif&quot;; font-size: 9pt;\"><span style=\"mso-special-character: footnote;\"><span class=\"MsoFootnoteReference\"><span lang=\"X-NONE\" style=\"font-family: &quot;Arial&quot;,&quot;sans-serif&quot;; font-size: 9pt; mso-fareast-font-family: Calibri; mso-ansi-language: X-NONE; mso-fareast-language: X-NONE; mso-bidi-language: AR-SA;\"><span style=\"text-decoration: underline;\"><span style=\"color: #0066cc;\">[1]<\/span><\/span><\/span><\/span><\/span><\/span><\/span><\/a><span style=\"color: #000000;\"><span lang=\"X-NONE\" style=\"font-family: &quot;Arial&quot;,&quot;sans-serif&quot;; font-size: 9pt;\"> 23 May\u0131s 2011<\/span><span style=\"font-family: &quot;Arial&quot;,&quot;sans-serif&quot;; font-size: 9pt; mso-ansi-language: TR;\"><o:o:o:p><\/o:o:o:p><\/span><\/span><\/span><\/div>\n<p> <span style=\"color: #000000; font-family: Times New Roman; font-size: small; background-color: #ffffff;\"> <\/span><\/div>\n<p> <span style=\"color: #000000; font-family: Times New Roman; font-size: small; background-color: #ffffff;\"> <\/span> <\/p>\n<div id=\"ftn2\" style=\"mso-element: footnote;\"><span style=\"color: #000000; font-family: Times New Roman; font-size: small; background-color: #ffffff;\"> <\/span> <\/p>\n<div style=\"margin: 0cm 0cm 0pt;\" class=\"MsoFootnoteText\"><span style=\"background-color: #ffffff;\"><a style=\"mso-footnote-id: ftn2;\" name=\"_ftn2\" href=\"#_ftnref2\"><span class=\"MsoFootnoteReference\"><span lang=\"X-NONE\" style=\"font-family: &quot;Arial&quot;,&quot;sans-serif&quot;; font-size: 9pt;\"><span style=\"mso-special-character: footnote;\"><span class=\"MsoFootnoteReference\"><span lang=\"X-NONE\" style=\"font-family: &quot;Arial&quot;,&quot;sans-serif&quot;; font-size: 9pt; mso-fareast-font-family: Calibri; mso-ansi-language: X-NONE; mso-fareast-language: X-NONE; mso-bidi-language: AR-SA;\"><span style=\"text-decoration: underline;\"><span style=\"color: #0066cc;\">[2]<\/span><\/span><\/span><\/span><\/span><\/span><\/span><\/a><span lang=\"X-NONE\" style=\"font-family: &quot;Arial&quot;,&quot;sans-serif&quot;; font-size: 9pt;\"><span style=\"color: #000000;\"> 25 May\u0131s 2011 \/ Taraf<o:o:o:p><\/o:o:o:p><\/span><\/span><\/span><\/div>\n<p> <span style=\"color: #000000; font-family: Times New Roman; font-size: small; background-color: #ffffff;\"> <\/span><\/div>\n<p> <span style=\"color: #000000; font-family: Times New Roman; font-size: small; background-color: #ffffff;\"> <\/span> <\/p>\n<div id=\"ftn3\" style=\"mso-element: footnote;\"><span style=\"color: #000000; font-family: Times New Roman; font-size: small; background-color: #ffffff;\"> <\/span> <\/p>\n<div style=\"margin: 0cm 0cm 0pt;\" class=\"MsoFootnoteText\"><span style=\"background-color: #ffffff;\"><a style=\"mso-footnote-id: ftn3;\" name=\"_ftn3\" href=\"#_ftnref3\"><span class=\"MsoFootnoteReference\"><span lang=\"X-NONE\" style=\"font-family: &quot;Arial&quot;,&quot;sans-serif&quot;; font-size: 9pt;\"><span style=\"mso-special-character: footnote;\"><span class=\"MsoFootnoteReference\"><span lang=\"X-NONE\" style=\"font-family: &quot;Arial&quot;,&quot;sans-serif&quot;; font-size: 9pt; mso-fareast-font-family: Calibri; mso-ansi-language: X-NONE; mso-fareast-language: X-NONE; mso-bidi-language: AR-SA;\"><span style=\"text-decoration: underline;\"><span style=\"color: #0066cc;\">[3]<\/span><\/span><\/span><\/span><\/span><\/span><\/span><\/a><span lang=\"X-NONE\" style=\"font-family: &quot;Arial&quot;,&quot;sans-serif&quot;; font-size: 9pt;\"><span style=\"color: #000000;\"> Odatv, 22.06.2010<o:o:o:p><\/o:o:o:p><\/span><\/span><\/span><\/div>\n<p> <span style=\"color: #000000; font-family: Times New Roman; font-size: small; background-color: #ffffff;\"> <\/span><\/div>\n<p> <span style=\"color: #000000; font-family: Times New Roman; font-size: small; background-color: #ffffff;\"> <\/span><\/div>\n<div><span style=\"color: #000000; font-family: Times New Roman; font-size: small; background-color: #ffffff;\"> <\/span><\/div>\n","protected":false},"excerpt":{"rendered":"<div><span style=\"background-color: #ffffff;\">  <\/p>\n","protected":false},"author":64,"featured_media":0,"comment_status":"open","ping_status":"closed","sticky":false,"template":"","format":"standard","meta":{"footnotes":""},"categories":[126],"tags":[],"class_list":["post-2083","post","type-post","status-publish","format-standard","hentry","category-agustos-2011"],"_links":{"self":[{"href":"https:\/\/www.millicozum.com\/mc\/wp-json\/wp\/v2\/posts\/2083","targetHints":{"allow":["GET"]}}],"collection":[{"href":"https:\/\/www.millicozum.com\/mc\/wp-json\/wp\/v2\/posts"}],"about":[{"href":"https:\/\/www.millicozum.com\/mc\/wp-json\/wp\/v2\/types\/post"}],"author":[{"embeddable":true,"href":"https:\/\/www.millicozum.com\/mc\/wp-json\/wp\/v2\/users\/64"}],"replies":[{"embeddable":true,"href":"https:\/\/www.millicozum.com\/mc\/wp-json\/wp\/v2\/comments?post=2083"}],"version-history":[{"count":0,"href":"https:\/\/www.millicozum.com\/mc\/wp-json\/wp\/v2\/posts\/2083\/revisions"}],"wp:attachment":[{"href":"https:\/\/www.millicozum.com\/mc\/wp-json\/wp\/v2\/media?parent=2083"}],"wp:term":[{"taxonomy":"category","embeddable":true,"href":"https:\/\/www.millicozum.com\/mc\/wp-json\/wp\/v2\/categories?post=2083"},{"taxonomy":"post_tag","embeddable":true,"href":"https:\/\/www.millicozum.com\/mc\/wp-json\/wp\/v2\/tags?post=2083"}],"curies":[{"name":"wp","href":"https:\/\/api.w.org\/{rel}","templated":true}]}}