{"id":2087,"date":"2011-07-28T15:34:27","date_gmt":"2011-07-28T15:34:27","guid":{"rendered":"https:\/\/www.millicozum.com\/mc\/2011\/07\/28\/akpnin-art-niyeti-ve-mukadder-akibeti\/"},"modified":"2011-07-28T15:34:27","modified_gmt":"2011-07-28T15:34:27","slug":"akpnin-art-niyeti-ve-mukadder-akibeti","status":"publish","type":"post","link":"https:\/\/www.millicozum.com\/mc\/2011\/agustos-2011\/akpnin-art-niyeti-ve-mukadder-akibeti\/","title":{"rendered":"AKP\u2019N\u0130N ART N\u0130YET\u0130 VE MUKADDER AKIBET\u0130"},"content":{"rendered":"<div><span>    <\/span><\/div>\n<div><span><span style=\"color: #000000; font-family: Times New Roman; font-size: small;\"> <\/span><\/span><\/div>\n<div class=\"MsoNormal\" style=\"margin: 0cm 0cm 0pt; text-align: justify; line-height: 150%; text-indent: 1cm; mso-pagination: none;\"><span><b style=\"mso-bidi-font-weight: normal;\"><span style=\"font-family: &quot;Arial&quot;,&quot;sans-serif&quot;;\"><span style=\"font-size: small;\"><span style=\"color: #000000;\">ABD\u2019nin de PKK\u2019s\u0131 ve \u00d6calan\u2019\u0131 vard\u0131 ve \u201cTexas A\u00e7\u0131l\u0131m\u0131\u201d niye yap\u0131lamazd\u0131?<o:o:o:o:o:p><\/o:o:o:o:o:p><\/span><\/span><\/span><\/b><\/span><\/div>\n<div><span><span style=\"color: #000000; font-family: Times New Roman; font-size: small;\"> <\/span><\/span><\/div>\n<div class=\"MsoNormal\" style=\"margin: 0cm 0cm 0pt; text-align: justify; line-height: 150%; text-indent: 1cm; mso-pagination: none;\"><span><b style=\"mso-bidi-font-weight: normal;\"><span style=\"line-height: 150%; font-family: &quot;Arial&quot;,&quot;sans-serif&quot;; font-size: 10pt;\"><span style=\"color: #000000;\">Amerika\u2019n\u0131n aziz misafiri Fetullah G\u00fclen, Acaba Obama Hazretlerinden, niye Texas A\u00e7\u0131l\u0131m\u0131 istemiyordu?<o:o:o:o:o:p><\/o:o:o:o:o:p><\/span><\/span><\/b><\/span><\/div>\n<div><span><span style=\"color: #000000; font-family: Times New Roman; font-size: small;\"> <\/span><\/span><\/div>\n<div class=\"MsoNormal\" style=\"margin: 0cm 0cm 0pt; text-align: justify; line-height: 150%; text-indent: 1cm; mso-pagination: none;\"><span><b style=\"mso-bidi-font-weight: normal;\"><span style=\"line-height: 150%; font-family: &quot;Arial&quot;,&quot;sans-serif&quot;; font-size: 10pt;\"><span style=\"color: #000000;\">ABD\u2019de Republic of Texas (Texas Cumhuriyeti) diye bir \u00f6rg\u00fct bilinmektedir. Lideri ise Richard McLaren ad\u0131nda birisidir.<o:o:o:o:o:p><\/o:o:o:o:o:p><\/span><\/span><\/b><\/span><\/div>\n<div><span><span style=\"color: #000000; font-family: Times New Roman; font-size: small;\"> <\/span><\/span><\/div>\n<div class=\"MsoNormal\" style=\"margin: 0cm 0cm 0pt; text-align: justify; line-height: 150%; text-indent: 1cm; mso-pagination: none;\"><span><b style=\"mso-bidi-font-weight: normal;\"><span style=\"line-height: 150%; font-family: &quot;Arial&quot;,&quot;sans-serif&quot;; font-size: 10pt;\"><span style=\"color: #000000;\">B\u00fct\u00fcn d\u00fcnya ve bizdeki Fetullah\u00e7\u0131lar; K\u00fcrt \u00f6rg\u00fctlerini ve liderlerini ezbere sayarlar, ama Teksas ayr\u0131l\u0131k\u00e7\u0131 hareketlerden hi\u00e7 haberdar de\u011fildir.<o:o:o:o:o:p><\/o:o:o:o:o:p><\/span><\/span><\/b><\/span><\/div>\n<div><span><span style=\"color: #000000; font-family: Times New Roman; font-size: small;\"> <\/span><\/span><\/div>\n<div class=\"MsoNormal\" style=\"margin: 0cm 0cm 0pt; text-align: justify; line-height: 150%; text-indent: 1cm; mso-pagination: none;\"><span><b style=\"mso-bidi-font-weight: normal;\"><span style=\"line-height: 150%; font-family: &quot;Arial&quot;,&quot;sans-serif&quot;; font-size: 10pt;\"><span style=\"color: #000000;\">Texas, ABD\u2019nin g\u00fcneyinde bir eyalettir. T\u00fcrkiye\u2019ye yak\u0131n b\u00fcy\u00fckl\u00fckte topra\u011f\u0131 vard\u0131r, n\u00fcfusu 24 milyona eri\u015fmi\u015ftir. Bunun y\u00fczde 83\u2019\u00fc beyaz, y\u00fczde 17\u2019si siyah\u00eedir.<o:o:o:o:o:p><\/o:o:o:o:o:p><\/span><\/span><\/b><\/span><\/div>\n<div><span><span style=\"color: #000000; font-family: Times New Roman; font-size: small;\"> <\/span><\/span><\/div>\n<div class=\"MsoNormal\" style=\"margin: 0cm 0cm 0pt; text-align: justify; line-height: 150%; text-indent: 1cm; mso-pagination: none;\"><span><b style=\"mso-bidi-font-weight: normal;\"><span style=\"line-height: 150%; font-family: &quot;Arial&quot;,&quot;sans-serif&quot;; font-size: 10pt;\"><span style=\"color: #000000;\">ABD\u2019nin en zengin eyaletlerindendir. \u00dclke petrol\u00fcn\u00fcn y\u00fczde 40\u2019\u0131n\u0131 Texas \u00fcretir. Hayvanc\u0131l\u0131k ve tar\u0131mda olduk\u00e7a ileridir.<o:o:o:o:o:p><\/o:o:o:o:o:p><\/span><\/span><\/b><\/span><\/div>\n<div><span><span style=\"color: #000000; font-family: Times New Roman; font-size: small;\"> <\/span><\/span><\/div>\n<div class=\"MsoNormal\" style=\"margin: 0cm 0cm 0pt; text-align: justify; line-height: 150%; text-indent: 1cm; mso-pagination: none;\"><span><b style=\"mso-bidi-font-weight: normal;\"><span style=\"line-height: 150%; font-family: &quot;Arial&quot;,&quot;sans-serif&quot;; font-size: 10pt;\"><span style=\"color: #000000;\">Texas tarihi boyunca hep ba\u011f\u0131ms\u0131z olmak istemi\u015ftir. Bazen ba\u015farm\u0131\u015ft\u0131r da; 1836 y\u0131l\u0131nda, ba\u011f\u0131ms\u0131zl\u0131k sava\u015f\u0131n\u0131 vererek Meksika\u2019dan ayr\u0131ld\u0131. Ancak bu durum 9 y\u0131l s\u00fcrebildi. 1845\u2019de ABD\u2019nin istilas\u0131na u\u011frad\u0131.<o:o:o:o:o:p><\/o:o:o:o:o:p><\/span><\/span><\/b><\/span><\/div>\n<div><span><span style=\"color: #000000; font-family: Times New Roman; font-size: small;\"> <\/span><\/span><\/div>\n<div class=\"MsoNormal\" style=\"margin: 0cm 0cm 0pt; text-align: justify; line-height: 150%; text-indent: 1cm; mso-pagination: none;\"><span><b style=\"mso-bidi-font-weight: normal;\"><span style=\"line-height: 150%; font-family: &quot;Arial&quot;,&quot;sans-serif&quot;; font-size: 10pt;\"><span style=\"color: #000000;\">ABD\u2019nin ilhak\u0131 Texas\u2019\u0131 b\u00f6ld\u00fc. Baz\u0131lar\u0131 federasyon i\u00e7inde kalmay\u0131 desteklerken bir grup ise ba\u011f\u0131ms\u0131zl\u0131ktan yanayd\u0131. Bu tart\u0131\u015fmalar 150 y\u0131ld\u0131r s\u00fcr\u00fcyor. Ayr\u0131l\u0131k fikri baz\u0131 y\u0131llarda art\u0131yor; gizli \u00f6rg\u00fctler kuruluyor.<o:o:o:o:o:p><\/o:o:o:o:o:p><\/span><\/span><\/b><\/span><\/div>\n<div><span><span style=\"color: #000000; font-family: Times New Roman; font-size: small;\"> <\/span><\/span><\/div>\n<div class=\"MsoNormal\" style=\"margin: 0cm 0cm 0pt; text-align: justify; line-height: 150%; text-indent: 1cm; mso-pagination: none;\"><span><b style=\"mso-bidi-font-weight: normal;\"><span style=\"line-height: 150%; font-family: &quot;Arial&quot;,&quot;sans-serif&quot;; font-size: 10pt;\"><span style=\"color: #000000;\">Son y\u0131llarda Texas\u2019\u0131n ba\u011f\u0131ms\u0131zl\u0131\u011f\u0131 i\u00e7in m\u00fccadele veren bir \u00f6rg\u00fct olduk\u00e7a \u00f6nemlidir:<o:o:o:o:o:p><\/o:o:o:o:o:p><\/span><\/span><\/b><\/span><\/div>\n<div><span><span style=\"color: #000000; font-family: Times New Roman; font-size: small;\"> <\/span><\/span><\/div>\n<div class=\"MsoNormal\" style=\"margin: 0cm 0cm 0pt; text-align: justify; line-height: 150%; text-indent: 1cm; mso-pagination: none;\"><span><b style=\"mso-bidi-font-weight: normal;\"><span style=\"font-family: &quot;Arial&quot;,&quot;sans-serif&quot;;\"><span style=\"font-size: small;\"><span style=\"color: #000000;\">Republic of Texas (Texas Cumhuriyeti)\u2026<o:o:o:o:o:p><\/o:o:o:o:o:p><\/span><\/span><\/span><\/b><\/span><\/div>\n<div><span><span style=\"color: #000000; font-family: Times New Roman; font-size: small;\"> <\/span><\/span><\/div>\n<div class=\"MsoNormal\" style=\"margin: 0cm 0cm 0pt; text-align: justify; line-height: 150%; text-indent: 1cm; mso-pagination: none;\"><span><b style=\"mso-bidi-font-weight: normal;\"><span style=\"line-height: 150%; font-family: &quot;Arial&quot;,&quot;sans-serif&quot;; font-size: 10pt;\"><span style=\"color: #000000;\">Lideri ise Richard McLaren\u2019dir.<o:o:o:o:o:p><\/o:o:o:o:o:p><\/span><\/span><\/b><\/span><\/div>\n<div><span><span style=\"color: #000000; font-family: Times New Roman; font-size: small;\"> <\/span><\/span><\/div>\n<div class=\"MsoNormal\" style=\"margin: 0cm 0cm 0pt; text-align: justify; line-height: 150%; text-indent: 1cm; mso-pagination: none;\"><span><b style=\"mso-bidi-font-weight: normal;\"><span style=\"line-height: 150%; font-family: &quot;Arial&quot;,&quot;sans-serif&quot;; font-size: 10pt;\"><span style=\"color: #000000;\">Texas halk\u0131n\u0131n esir tutuldu\u011fu gibi tezlere sahip olan Republic of Texas 1995 y\u0131l\u0131nda ge\u00e7ici bir h\u00fck\u00fcmet te\u015fkil edildi. Texas ba\u011f\u0131ms\u0131zl\u0131\u011f\u0131n\u0131n sembol\u00fc olan 1836 Anayasas\u0131\u2019na ba\u011fl\u0131l\u0131klar\u0131 yinelendi.<o:o:o:o:o:p><\/o:o:o:o:o:p><\/span><\/span><\/b><\/span><\/div>\n<div><span><span style=\"color: #000000; font-family: Times New Roman; font-size: small;\"> <\/span><\/span><\/div>\n<div class=\"MsoNormal\" style=\"margin: 0cm 0cm 0pt; text-align: justify; line-height: 150%; text-indent: 1cm; mso-pagination: none;\"><span><b style=\"mso-bidi-font-weight: normal;\"><span style=\"line-height: 150%; font-family: &quot;Arial&quot;,&quot;sans-serif&quot;; font-size: 10pt;\"><span style=\"color: #000000;\">\u00d6rg\u00fct \u00fcyeleri hayli aktifti. Amerikan polisinin \u015fiddet yanl\u0131s\u0131 tav\u0131rlar\u0131 kar\u015f\u0131s\u0131nda mecburen silahlan\u0131p da\u011fa \u00e7\u0131kt\u0131lar! Kendileri i\u00e7in \u201cTexas Cumhuriyeti\u2019nin Askerleriyiz\u201d s\u0131fat\u0131n\u0131 kulland\u0131lar. 1997 y\u0131l\u0131nda Joe ve Margaret Ann Rowe isimli iki Amerikan vatanda\u015f\u0131n\u0131 esir ald\u0131lar; kar\u015f\u0131l\u0131\u011f\u0131nda ise hapisteki arkada\u015flar\u0131n\u0131n serbest b\u0131rak\u0131lmas\u0131n\u0131 \u015fart ko\u015ftular.<o:o:o:o:o:p><\/o:o:o:o:o:p><\/span><\/span><\/b><\/span><\/div>\n<div><span><span style=\"color: #000000; font-family: Times New Roman; font-size: small;\"> <\/span><\/span><\/div>\n<div class=\"MsoNormal\" style=\"margin: 0cm 0cm 0pt; text-align: justify; line-height: 150%; text-indent: 1cm; mso-pagination: none;\"><span><b style=\"mso-bidi-font-weight: normal;\"><span style=\"line-height: 150%; font-family: &quot;Arial&quot;,&quot;sans-serif&quot;; font-size: 10pt;\"><span style=\"color: #000000;\">\u0130\u015fte bizdeki a\u00e7\u0131l\u0131mlar\u0131n tap\u0131nd\u0131\u011f\u0131 ve s\u0131\u011f\u0131nd\u0131\u011f\u0131 ABD, b\u00f6yle bir kalk\u0131\u015fmaya \u201cdemokratik a\u00e7\u0131l\u0131m\u201dla kar\u015f\u0131l\u0131k vermedi. \u00c7ok sert g\u00fc\u00e7 kullan\u0131m\u0131yla Texas Cumhuriyeti Askerleri\u2019ni yakalay\u0131p cezaevine t\u0131kt\u0131. \u00d6rg\u00fct militanlar\u0131n\u0131n hepsi \u201cb\u00f6l\u00fcc\u00fcl\u00fckten\u201d yarg\u0131land\u0131 ve \u00e7ok a\u011f\u0131r \u015fartlardaki cezaevlerine yolland\u0131.<o:o:o:o:o:p><\/o:o:o:o:o:p><\/span><\/span><\/b><\/span><\/div>\n<div><span><span style=\"color: #000000; font-family: Times New Roman; font-size: small;\"> <\/span><\/span><\/div>\n<div class=\"MsoNormal\" style=\"margin: 0cm 0cm 0pt; text-align: justify; line-height: 150%; text-indent: 1cm; mso-pagination: none;\"><span><b style=\"mso-bidi-font-weight: normal;\"><span style=\"line-height: 150%; font-family: &quot;Arial&quot;,&quot;sans-serif&quot;; font-size: 10pt;\"><span style=\"color: #000000;\">\u00d6rg\u00fct\u00fcn lideri Mc Laren ise tam, 99 y\u0131l hapis cezas\u0131na \u00e7apt\u0131r\u0131ld\u0131. Yard\u0131mc\u0131s\u0131 Robert Otto \u015fansl\u0131yd\u0131; 50 y\u0131l hapis cezas\u0131yla s\u0131y\u0131rd\u0131!<o:o:o:o:o:p><\/o:o:o:o:o:p><\/span><\/span><\/b><\/span><\/div>\n<div><span><span style=\"color: #000000; font-family: Times New Roman; font-size: small;\"> <\/span><\/span><\/div>\n<div class=\"MsoNormal\" style=\"margin: 0cm 0cm 0pt; text-align: justify; line-height: 150%; text-indent: 1cm; mso-pagination: none;\"><span><b style=\"mso-bidi-font-weight: normal;\"><span style=\"line-height: 150%; font-family: &quot;Arial&quot;,&quot;sans-serif&quot;; font-size: 10pt;\"><span style=\"color: #000000;\">Mc Laren\u2019in cezaevi ko\u015fullar\u0131<o:o:o:o:o:p><\/o:o:o:o:o:p><\/span><\/span><\/b><\/span><\/div>\n<div><span><span style=\"color: #000000; font-family: Times New Roman; font-size: small;\"> <\/span><\/span><\/div>\n<div class=\"MsoNormal\" style=\"margin: 0cm 0cm 0pt; text-align: justify; line-height: 150%; text-indent: 1cm; mso-pagination: none;\"><span><b style=\"mso-bidi-font-weight: normal;\"><span style=\"line-height: 150%; font-family: &quot;Arial&quot;,&quot;sans-serif&quot;; font-size: 10pt;\"><span style=\"color: #000000;\">Texas Cumhuriyeti \u00f6rg\u00fct\u00fc eleba\u015f\u0131s\u0131, militanlar\u0131 cezaevine at\u0131ld\u0131 ve sorun bitti sanmay\u0131n\u0131z.<o:o:o:o:o:p><\/o:o:o:o:o:p><\/span><\/span><\/b><\/span><\/div>\n<div><span><span style=\"color: #000000; font-family: Times New Roman; font-size: small;\"> <\/span><\/span><\/div>\n<div class=\"MsoNormal\" style=\"margin: 0cm 0cm 0pt; text-align: justify; line-height: 150%; text-indent: 1cm; mso-pagination: none;\"><span><b style=\"mso-bidi-font-weight: normal;\"><span style=\"line-height: 150%; font-family: &quot;Arial&quot;,&quot;sans-serif&quot;; font-size: 10pt;\"><span style=\"color: #000000;\">Texas\u2019ta bu y\u0131l yap\u0131lan anketlerde Ba\u015fkan Obama h\u00fck\u00fcmetini \u00fczecek sonu\u00e7lar \u00e7\u0131kt\u0131: Texas halk\u0131n\u0131n y\u00fczde 35\u2019i ba\u011f\u0131ms\u0131z Texas Cumhuriyeti\u2019nde ya\u015famay\u0131 tercih ederken, bu oran Cumhuriyet\u00e7iler aras\u0131nda y\u00fczde 48\u2019e kadar f\u0131rlam\u0131\u015ft\u0131.<o:o:o:o:o:p><\/o:o:o:o:o:p><\/span><\/span><\/b><\/span><\/div>\n<div><span><span style=\"color: #000000; font-family: Times New Roman; font-size: small;\"> <\/span><\/span><\/div>\n<div class=\"MsoNormal\" style=\"margin: 0cm 0cm 0pt; text-align: justify; line-height: 150%; text-indent: 1cm; mso-pagination: none;\"><span><b style=\"mso-bidi-font-weight: normal;\"><span style=\"line-height: 150%; font-family: &quot;Arial&quot;,&quot;sans-serif&quot;; font-size: 10pt;\"><span style=\"color: #000000;\">Uzatmayal\u0131m\u2026 T\u00fcrkiye\u2019deki \u201cK\u00fcrt Sorunu\u201d gibi ABD\u2019nin de bir \u201cTexas Sorunu\u201d vard\u0131.<o:o:o:o:o:p><\/o:o:o:o:o:p><\/span><\/span><\/b><\/span><\/div>\n<div><span><span style=\"color: #000000; font-family: Times New Roman; font-size: small;\"> <\/span><\/span><\/div>\n<div class=\"MsoNormal\" style=\"margin: 0cm 0cm 0pt; text-align: justify; line-height: 150%; text-indent: 1cm; mso-pagination: none;\"><span><b style=\"mso-bidi-font-weight: normal;\"><span style=\"line-height: 150%; font-family: &quot;Arial&quot;,&quot;sans-serif&quot;; font-size: 10pt;\"><span style=\"color: #000000;\">Gerek Ermeni gerekse K\u00fcrt a\u00e7\u0131l\u0131m\u0131 konusunda \u00e7ok talepkar olan ABD, kendi topra\u011f\u0131ndaki Texas A\u00e7\u0131l\u0131m\u0131\u2019na nedense hi\u00e7 yana\u015fmamaktayd\u0131!<o:o:o:o:o:p><\/o:o:o:o:o:p><\/span><\/span><\/b><\/span><\/div>\n<div><span><span style=\"color: #000000; font-family: Times New Roman; font-size: small;\"> <\/span><\/span><\/div>\n<div class=\"MsoNormal\" style=\"margin: 0cm 0cm 0pt; text-align: justify; line-height: 150%; text-indent: 1cm; mso-pagination: none;\"><span><b style=\"mso-bidi-font-weight: normal;\"><span style=\"line-height: 150%; font-family: &quot;Arial&quot;,&quot;sans-serif&quot;; font-size: 10pt;\"><span style=\"color: #000000;\">Ve ke\u015fke Ba\u015fbakan Erdo\u011fan ABD\u2019ye gitmi\u015fken, Mc Laren\u2019in cezaevi ko\u015fullar\u0131na da bir baksayd\u0131; \u00d6calan m\u0131 rahat, Mc Laren mi rahat, kar\u015f\u0131la\u015ft\u0131rma olana\u011f\u0131 bulacakt\u0131!..<\/span><\/span><\/b><a name=\"_ftnref1\" href=\"#_ftn1\" style=\"mso-footnote-id: ftn1;\"><span class=\"MsoFootnoteReference\"><b style=\"mso-bidi-font-weight: normal;\"><span style=\"line-height: 150%; font-family: &quot;Arial&quot;,&quot;sans-serif&quot;; mso-bidi-font-size: 10.0pt; mso-fareast-font-family: Calibri;\"><span style=\"mso-special-character: footnote;\"><span class=\"MsoFootnoteReference\"><b style=\"mso-bidi-font-weight: normal;\"><span style=\"font-family: &quot;Arial&quot;,&quot;sans-serif&quot;; font-size: 12pt; mso-bidi-font-size: 10.0pt; mso-fareast-font-family: Calibri; mso-ansi-language: TR; mso-fareast-language: TR; mso-bidi-language: AR-SA;\"><span style=\"text-decoration: underline;\"><span style=\"color: #0066cc;\">[1]<\/span><\/span><\/span><\/b><\/span><\/span><\/span><\/b><\/span><\/a><b style=\"mso-bidi-font-weight: normal;\"><span style=\"line-height: 150%; font-family: &quot;Arial&quot;,&quot;sans-serif&quot;; font-size: 10pt;\"><o:o:o:o:o:p><\/o:o:o:o:o:p><\/span><\/b><\/span><\/div>\n<div><span><span style=\"color: #000000; font-family: Times New Roman; font-size: small;\"> <\/span><\/span><\/div>\n<div class=\"MsoNormal\" style=\"margin: 0cm 0cm 0pt; text-align: justify; line-height: 150%; text-indent: 1cm; mso-pagination: none;\"><span><span style=\"color: #000000;\"><b style=\"mso-bidi-font-weight: normal;\"><span style=\"line-height: 150%; font-family: &quot;Arial&quot;,&quot;sans-serif&quot;; font-size: 14pt; background-image: none; background-attachment: scroll; background-repeat: repeat; background-size: auto; background-origin: padding-box; background-clip: border-box; mso-bidi-font-size: 10.0pt; mso-highlight: yellow;\">Suikast senaryosunun sahtek\u00e2rl\u0131\u011f\u0131 s\u0131r\u0131tmaktayd\u0131!<\/span><\/b><b style=\"mso-bidi-font-weight: normal;\"><span style=\"line-height: 150%; font-family: &quot;Arial&quot;,&quot;sans-serif&quot;; font-size: 14pt; mso-bidi-font-size: 10.0pt;\"><o:o:o:o:o:p><\/o:o:o:o:o:p><\/span><\/b><\/span><\/span><\/div>\n<div><span><span style=\"color: #000000; font-family: Times New Roman; font-size: small;\"> <\/span><\/span><\/div>\n<div class=\"MsoNormal\" style=\"margin: 0cm 0cm 0pt; text-align: justify; line-height: 150%; text-indent: 1cm; mso-pagination: none;\"><span><b style=\"mso-bidi-font-weight: normal;\"><span style=\"line-height: 150%; font-family: &quot;Arial&quot;,&quot;sans-serif&quot;; font-size: 10pt;\"><span style=\"color: #000000;\">Vahim olan \u2018suikast\u2019 iddias\u0131ndan \u00e7ok, Ba\u015fbakan\u0131n bunu do\u011fruymu\u015f gibi <span style=\"background-image: none; background-attachment: scroll; background-repeat: repeat; background-size: auto; background-origin: padding-box; background-clip: border-box; mso-highlight: yellow;\">yans\u0131tmas\u0131yd\u0131<\/span>!<o:o:o:o:o:p><\/o:o:o:o:o:p><\/span><\/span><\/b><\/span><\/div>\n<div><span><span style=\"color: #000000; font-family: Times New Roman; font-size: small;\"> <\/span><\/span><\/div>\n<div class=\"MsoNormal\" style=\"margin: 0cm 0cm 0pt; text-align: justify; line-height: 150%; text-indent: 1cm; mso-pagination: none;\"><span><span style=\"font-size: small;\"><span style=\"color: #000000;\"><b style=\"mso-bidi-font-weight: normal;\"><span style=\"font-family: &quot;Arial&quot;,&quot;sans-serif&quot;; background-image: none; background-attachment: scroll; background-repeat: repeat; background-size: auto; background-origin: padding-box; background-clip: border-box; mso-highlight: yellow;\">Her \u015fey a\u00e7\u0131kt\u0131:<\/span><\/b><b style=\"mso-bidi-font-weight: normal;\"><span style=\"font-family: &quot;Arial&quot;,&quot;sans-serif&quot;;\"> \u0130ddia edildi\u011fi gibi \u00f6zel kuvvetlere mensup subaylar, B\u00fclent Ar\u0131n\u00e7\u2019a y\u00f6nelik bir suikast timi kurmu\u015f olsalar, ald\u0131klar\u0131 e\u011fitim gere\u011fi, ama\u00e7lar\u0131na varmalar\u0131 olduk\u00e7a kolayd\u0131 ve b\u00f6yle basit ve g\u00fcl\u00fcn\u00e7 durumlara asla d\u00fc\u015fmeden bu i\u015fi ba\u015far\u0131rlard\u0131. Yani, karar verirler ve yaparlard\u0131. Ve emin olun, ellerinde tutup aceleyle yedikleri k\u00e2\u011f\u0131t e\u015fli\u011finde yola \u00e7\u0131kmazlard\u0131!?<o:o:o:o:o:p><\/o:o:o:o:o:p><\/span><\/b><\/span><\/span><\/span><\/div>\n<div><span><span style=\"color: #000000; font-family: Times New Roman; font-size: small;\"> <\/span><\/span><\/div>\n<div class=\"MsoNormal\" style=\"margin: 0cm 0cm 0pt; text-align: justify; line-height: 150%; text-indent: 1cm; mso-pagination: none;\"><span><b style=\"mso-bidi-font-weight: normal;\"><span style=\"font-family: &quot;Arial&quot;,&quot;sans-serif&quot;;\"><span style=\"font-size: small;\"><span style=\"color: #000000;\">\u0130\u015fin \u00f6nemli ayr\u0131nt\u0131s\u0131 da buradayd\u0131. \u00d6zel kuvvetlerden &#8220;baz\u0131 personelin&#8221; Ar\u0131n\u00e7&#8217;a suikast giri\u015fiminde olduklar\u0131 bizce tart\u0131\u015f\u0131lmayacak kadar &#8220;as\u0131ls\u0131z&#8221;, komik ve sadece cahillerin ve hainlerin iddias\u0131 olabilecek kadar i\u00e7i bo\u015f iddia ve iftiralard\u0131\u2026 Fakat \u00e7ok ciddi sorgulanmas\u0131 gereken ba\u015fka bir detay vard\u0131: <o:o:o:o:o:p><\/o:o:o:o:o:p><\/span><\/span><\/span><\/b><\/span><\/div>\n<div><span><span style=\"color: #000000; font-family: Times New Roman; font-size: small;\"> <\/span><\/span><\/div>\n<div class=\"MsoNormal\" style=\"margin: 0cm 0cm 0pt; text-align: justify; line-height: 150%; text-indent: 1cm; mso-pagination: none;\"><span><b style=\"mso-bidi-font-weight: normal;\"><span style=\"font-family: &quot;Arial&quot;,&quot;sans-serif&quot;;\"><span style=\"font-size: small;\"><span style=\"color: #000000;\">Recep Erdo\u011fan bu hadiseyi duyar duymaz, neden ger\u00e7ekmi\u015f gibi orduyu su\u00e7lu ve sorumlu g\u00f6stermeye \u00e7al\u0131\u015fm\u0131\u015ft\u0131? <o:o:o:o:o:p><\/o:o:o:o:o:p><\/span><\/span><\/span><\/b><\/span><\/div>\n<div><span><span style=\"color: #000000; font-family: Times New Roman; font-size: small;\"> <\/span><\/span><\/div>\n<div class=\"MsoNormal\" style=\"margin: 0cm 0cm 0pt; text-align: justify; line-height: 150%; text-indent: 1cm; mso-pagination: none;\"><span><b style=\"mso-bidi-font-weight: normal;\"><span style=\"line-height: 150%; font-family: &quot;Arial&quot;,&quot;sans-serif&quot;; font-size: 10pt;\"><span style=\"color: #000000;\">A\u00e7\u0131l\u0131m safsatalar\u0131 ve kamuoyu aldatmalar\u0131!<o:o:o:o:o:p><\/o:o:o:o:o:p><\/span><\/span><\/b><\/span><\/div>\n<div><span><span style=\"color: #000000; font-family: Times New Roman; font-size: small;\"> <\/span><\/span><\/div>\n<div class=\"MsoNormal\" style=\"margin: 0cm 0cm 0pt; text-align: justify; line-height: 150%; text-indent: 1cm; mso-pagination: none;\"><span style=\"line-height: 150%; font-family: &quot;Arial&quot;,&quot;sans-serif&quot;; font-size: 10pt;\"><span style=\"color: #000000;\">AKP H\u00fck\u00fcmeti aylar \u00f6nce &#8220;K\u00fcrt A\u00e7\u0131l\u0131m\u0131&#8221; i\u00e7in &#8220;elini ta\u015f\u0131n alt\u0131na koyunca&#8221;, nihayet bunca iktidarlar\u0131 boyunca &#8220;tarihe not d\u00fc\u015f\u00fclecek bir meseleyi halledecekler&#8221; diye sevinenler yan\u0131lm\u0131\u015ft\u0131. Fakat Kandil ve Mahmur&#8217;dan gelen 34 ter\u00f6r \u00f6rg\u00fct\u00fc \u00fcyesinin \u015fehre inmesiyle i\u015fin vahameti ortaya \u00e7\u0131kt\u0131. Madem h\u00fck\u00fcmet bu i\u015fi bir &#8220;projeyle&#8221; de\u011fil, duygusal olarak \u00e7\u00f6zmeyi ama\u00e7lam\u0131\u015ft\u0131. Ortaya \u00e7\u0131kan bu tabloya sayg\u0131l\u0131 ve sab\u0131rl\u0131 davranmal\u0131yd\u0131!<o:o:o:o:o:p><\/o:o:o:o:o:p><\/span><\/span><\/div>\n<div><span><span style=\"color: #000000; font-family: Times New Roman; font-size: small;\"> <\/span><\/span><\/div>\n<div class=\"MsoNormal\" style=\"margin: 0cm 0cm 0pt; text-align: justify; line-height: 150%; text-indent: 1cm; mso-pagination: none;\"><span style=\"line-height: 150%; font-family: &quot;Arial&quot;,&quot;sans-serif&quot;; font-size: 10pt;\"><span style=\"color: #000000;\">DTP kanad\u0131na gelince; \u00f6nce Emine Ayna&#8217;n\u0131n pi\u015fkin pi\u015fkin s\u0131r\u0131tarak, &#8220;A\u00e7\u0131l\u0131m bittiii, bittiii&#8230;&#8221; a\u00e7\u0131klamas\u0131yla olmayan a\u00e7\u0131l\u0131ma \u00e7elme tak\u0131ld\u0131. Sonra DTP kapat\u0131ld\u0131. Daha sonra partileri kapat\u0131lan DTP&#8217;liler, &#8220;Abdullah \u00d6calan&#8217;\u0131n talimat\u0131yla&#8221; BDP&#8217;ye kat\u0131larak siyasete devam edeceklerini, Ahmet T\u00fcrk&#8217;\u00fcn a\u011fz\u0131ndan hayk\u0131rm\u0131\u015flard\u0131\u2026<o:o:o:o:o:p><\/o:o:o:o:o:p><\/span><\/span><\/div>\n<div><span><span style=\"color: #000000; font-family: Times New Roman; font-size: small;\"> <\/span><\/span><\/div>\n<div class=\"MsoNormal\" style=\"margin: 0cm 0cm 0pt; text-align: justify; line-height: 150%; text-indent: 1cm; mso-pagination: none;\"><span style=\"line-height: 150%; font-family: &quot;Arial&quot;,&quot;sans-serif&quot;; font-size: 10pt;\"><span style=\"color: #000000;\">Gelinen nokta!.. 9 ilde e\u015f zamanl\u0131 olarak yap\u0131lan KCK Operasyonu sonucu g\u00f6zalt\u0131na al\u0131nmalara k\u0131zan Diyarbak\u0131r Belediye Ba\u015fkan\u0131 Osman Baydemir, a\u00e7t\u0131 a\u011fz\u0131n\u0131 yumdu g\u00f6z\u00fcn\u00fc!.. &#8220;Has&#8230;tir diyorum, has&#8230;tir&#8221; diyerek, h\u00fck\u00fcmete ve dahi devlete restini \u00e7ekip meydan okumaktayd\u0131. H\u0131z\u0131n\u0131 alamad\u0131 BDP&#8217;nin amblemindeki &#8220;Me\u015fe a\u011fac\u0131n\u0131n hangi dallar\u0131 nerenize batt\u0131?..&#8221; diyerek &#8220;bip&#8221;li hezeyanlar\u0131na yenilerini katm\u0131\u015ft\u0131. <o:o:o:o:o:p><\/o:o:o:o:o:p><\/span><\/span><\/div>\n<div><span><span style=\"color: #000000; font-family: Times New Roman; font-size: small;\"> <\/span><\/span><\/div>\n<div class=\"MsoNormal\" style=\"margin: 0cm 0cm 0pt; text-align: justify; line-height: 150%; text-indent: 1cm; mso-pagination: none;\"><span style=\"line-height: 150%; font-family: &quot;Arial&quot;,&quot;sans-serif&quot;; font-size: 10pt;\"><span style=\"color: #000000;\">Anlayaca\u011f\u0131n\u0131z, &#8220;A\u00e7\u0131l\u0131m&#8221; meselesi, taraflar\u0131n da gayretleriyle \u00e7\u00f6z\u00fcms\u00fczl\u00fck raf\u0131na kald\u0131r\u0131lm\u0131\u015ft\u0131. 2 d\u00f6nemdir tek ba\u015f\u0131na iktidar olan AKP H\u00fck\u00fcmeti; milli ve haysiyetli icraatlara imza atamam\u0131\u015f, fakat olu\u015fturdu\u011fu medyatik g\u00fcndemlerle \u00e7ok g\u00fczel &#8220;curt-cart&#8221; yapm\u0131\u015ft\u0131&#8230; Haklar\u0131n\u0131 yemeyelim, tahribatlar\u0131n\u0131 kahramanl\u0131k gibi sunmada, gayet ba\u015far\u0131l\u0131yd\u0131.<o:o:o:o:o:p><\/o:o:o:o:o:p><\/span><\/span><\/div>\n<div><span><span style=\"color: #000000; font-family: Times New Roman; font-size: small;\"> <\/span><\/span><\/div>\n<div class=\"MsoNormal\" style=\"margin: 0cm 0cm 0pt; text-align: justify; line-height: 150%; text-indent: 1cm; mso-pagination: none;\"><span><b style=\"mso-bidi-font-weight: normal;\"><span style=\"line-height: 150%; font-family: &quot;Arial&quot;,&quot;sans-serif&quot;; font-size: 10pt;\"><span style=\"color: #000000;\">Patrikhane a\u00e7\u0131l\u0131m\u0131<o:o:o:o:o:p><\/o:o:o:o:o:p><\/span><\/span><\/b><\/span><\/div>\n<div><span><span style=\"color: #000000; font-family: Times New Roman; font-size: small;\"> <\/span><\/span><\/div>\n<div class=\"MsoNormal\" style=\"margin: 0cm 0cm 0pt; text-align: justify; line-height: 150%; text-indent: 1cm; mso-pagination: none;\"><span style=\"line-height: 150%; font-family: &quot;Arial&quot;,&quot;sans-serif&quot;; font-size: 10pt;\"><span style=\"color: #000000;\">Atat\u00fcrk 25 Aral\u0131k 1922&#8217;de Lozan&#8217;da izlenecek politikay\u0131 anlat\u0131rken, Patrikhane&#8217;nin \u201cfesat oca\u011f\u0131\u201d oldu\u011funu s\u00f6yl\u00fcyordu:<o:o:o:o:o:p><\/o:o:o:o:o:p><\/span><\/span><\/div>\n<div><span><span style=\"color: #000000; font-family: Times New Roman; font-size: small;\"> <\/span><\/span><\/div>\n<div class=\"MsoNormal\" style=\"margin: 0cm 0cm 0pt; text-align: justify; line-height: 150%; text-indent: 1cm; mso-pagination: none;\"><span style=\"line-height: 150%; font-family: &quot;Arial&quot;,&quot;sans-serif&quot;; font-size: 10pt;\"><span style=\"color: #000000;\">\u201cRum Patrikhanesi i\u00e7in T\u00fcrkiye&#8217;nin kendi arazisi \u00fczerinde bir s\u0131\u011f\u0131nak g\u00f6stermeye ne mecburiyeti var?! Bu fesat oca\u011f\u0131n\u0131n hakiki yeri Yunanistan&#8217;da de\u011fil midir?..\u201d diye soruyordu. Ama \u015fimdi AKP demokratik a\u00e7\u0131l\u0131m safsatas\u0131, Avrupa ve Amerika\u2019n\u0131n dayatmas\u0131yla Patrikhanenin 2. Vatikan olmas\u0131na yol a\u00e7acak \u201cek\u00fcmenlik\u201d s\u0131fat\u0131n\u0131 tan\u0131maya haz\u0131rlan\u0131yordu!<o:o:o:o:o:p><\/o:o:o:o:o:p><\/span><\/span><\/div>\n<div><span><span style=\"color: #000000; font-family: Times New Roman; font-size: small;\"> <\/span><\/span><\/div>\n<div class=\"MsoNormal\" style=\"margin: 0cm 0cm 0pt; text-align: justify; line-height: 150%; text-indent: 1cm; mso-pagination: none;\"><span style=\"line-height: 150%; font-family: &quot;Arial&quot;,&quot;sans-serif&quot;; font-size: 10pt;\"><span style=\"color: #000000;\">Necati Do\u011fru gibi sormadan edemiyoruz: Yoksa Postall\u0131lar ortal\u0131yor, Makosenliler voleliyor muydu?. Amigolar niye sevin\u00e7 \u00e7\u0131\u011fl\u0131klar\u0131 at\u0131yordu? Baz\u0131 postall\u0131 ayaklar, siyah makosenli ayaklara &#8220;top ortalam\u0131yor&#8221; olsalard\u0131; bug\u00fcne kadar 4 defa kalk\u0131\u015f\u0131ld\u0131\u011f\u0131 iddia edilen &#8220;AKP iktidar\u0131n\u0131 devirme te\u015febb\u00fcs\u00fcnden&#8221; hi\u00e7 de\u011filse birinin ete-kemi\u011fe b\u00fcr\u00fcnm\u00fc\u015f belirtisine tan\u0131k olunurdu!<o:o:o:o:o:p><\/o:o:o:o:o:p><\/span><\/span><\/div>\n<div><span><span style=\"color: #000000; font-family: Times New Roman; font-size: small;\"> <\/span><\/span><\/div>\n<div class=\"MsoNormal\" style=\"margin: 0cm 0cm 0pt; text-align: justify; line-height: 150%; text-indent: 1cm; mso-pagination: none;\"><span style=\"line-height: 150%; font-family: &quot;Arial&quot;,&quot;sans-serif&quot;; font-size: 10pt;\"><span style=\"color: #000000;\">Baz\u0131 postall\u0131lar, makosen demokratlar\u0131na top ortalamam\u0131\u015f olsalard\u0131; &#8220;\u0130stihk\u00e2m binba\u015f\u0131 ile top\u00e7u Albay\u0131m\u0131z, acaba B\u00fclent Ar\u0131n\u00e7&#8217;\u0131n soka\u011f\u0131nda yakalanm\u0131\u015f olur muydu? TSK\u2019ya y\u00f6nelik ithamlar ve \u00e7amur atmalar Trabzon&#8217;da sava\u015f gemisi s\u0131rt\u0131nda de\u011fil, T\u00fcrkiye&#8217;nin Anayasas\u0131 ile kurulmu\u015f Milli G\u00fcvenlik Kurulu toplant\u0131lar\u0131nda &#8220;Ne yapmaya \u00e7al\u0131\u015f\u0131yorsunuz&#8221; diye, hesab\u0131-kitab\u0131 niye sorulmuyordu? Makosenli ayaklar da ger\u00e7ekten demokrasi volesi at\u0131yor olsalard\u0131 &#8220;Ma\u011fdur edildik&#8221;<span style=\"mso-spacerun: yes;\"> <\/span>edebiyat\u0131n\u0131 ve baz\u0131 kirli ve gizli yap\u0131lanmalar bahanesiyle b\u00fct\u00fcn orduyu y\u0131pratma kampanyas\u0131n\u0131 b\u0131rak\u0131p niye \u201cMason\u201dlar\u0131n ve mafyan\u0131n \u00fczerine gitmiyordu?<o:o:o:o:o:p><\/o:o:o:o:o:p><\/span><\/span><\/div>\n<div><span><span style=\"color: #000000; font-family: Times New Roman; font-size: small;\"> <\/span><\/span><\/div>\n<div class=\"MsoNormal\" style=\"margin: 0cm 0cm 0pt; text-align: justify; line-height: 150%; text-indent: 1cm; mso-pagination: none;\"><span style=\"line-height: 150%; font-family: &quot;Arial&quot;,&quot;sans-serif&quot;; font-size: 10pt;\"><span style=\"color: #000000;\">Maalesef: \u201cbaz\u0131 postallar top ortal\u0131yor. Makosenler voleyi \u00e7ak\u0131yor. Amigolar da makosenli ayaklar\u0131n her topa \u00e7\u0131k\u0131\u015f\u0131n\u0131; &#8220;darbecili\u011fe kar\u015f\u0131 demokrasi volesi&#8221; diyen alk\u0131\u015fl\u0131 yanda\u015f yaz\u0131larla s\u00fcsl\u00fcyordu. T\u00fcm\u00f6rl\u00fc, k\u00fcfl\u00fc bir oyun s\u00fcr\u00fcp gidiyor ve ne yaz\u0131k ki, ordumuz da Milli onurumuz da yara al\u0131yordu.<o:o:o:o:o:p><\/o:o:o:o:o:p><\/span><\/span><\/div>\n<div><span><span style=\"color: #000000; font-family: Times New Roman; font-size: small;\"> <\/span><\/span><\/div>\n<div class=\"MsoNormal\" style=\"margin: 0cm 0cm 0pt; text-align: justify; line-height: 150%; text-indent: 1cm; mso-pagination: none;\"><span><b style=\"mso-bidi-font-weight: normal;\"><span style=\"color: black; line-height: 150%; font-family: &quot;Arial&quot;,&quot;sans-serif&quot;; font-size: 10pt;\">\u201cTek D\u00fcnya Devleti ve ERDO\u011eAN\u201d ba\u015fl\u0131kl\u0131 yaz\u0131s\u0131nda olduk\u00e7a \u00f6nemli tespitler ve ger\u00e7ek\u00e7i tahliller yapan Zahide U\u00e7ar\u2019\u0131n bu yorumlar\u0131n\u0131, baz\u0131 ekleme ve d\u00fczeltmelerle, okurlar\u0131m\u0131zla payla\u015fmak istiyorum.<o:o:o:o:o:p><\/o:o:o:o:o:p><\/span><\/b><\/span><\/div>\n<div><span><span style=\"color: #000000; font-family: Times New Roman; font-size: small;\"> <\/span><\/span><\/div>\n<div class=\"MsoNormal\" style=\"margin: 0cm 0cm 0pt; text-align: justify; line-height: 150%; text-indent: 1cm; mso-pagination: none;\"><span style=\"color: black; line-height: 150%; font-family: &quot;Arial&quot;,&quot;sans-serif&quot;; font-size: 10pt;\">\u201cK\u00fcresel baronlar\u0131n acelesi vard\u0131r, \u00e7\u00fcnk\u00fc D\u00fcnyan\u0131n kaynaklar\u0131 s\u0131n\u0131rl\u0131d\u0131r. Ve Siyonist Patronlar bu k\u0131t kaynaklar\u0131 \u201cde\u011fersiz ve basit varl\u0131klar\u201d olarak g\u00f6rd\u00fc\u011f\u00fc insanlarla payla\u015fmak istemiyorlar. <o:o:o:o:o:p><\/o:o:o:o:o:p><\/span><\/div>\n<div><span><span style=\"color: #000000; font-family: Times New Roman; font-size: small;\"> <\/span><\/span><\/div>\n<div class=\"MsoNormal\" style=\"margin: 0cm 0cm 0pt; text-align: justify; line-height: 150%; text-indent: 1cm; mso-pagination: none;\"><span style=\"color: black; line-height: 150%; font-family: &quot;Arial&quot;,&quot;sans-serif&quot;; font-size: 10pt;\">D\u00fcnyan\u0131n efendileri(!) oldu\u011funu d\u00fc\u015f\u00fcnen k\u00fcresel baronlar, yery\u00fcz\u00fcn\u00fc k\u0131sa s\u00fcrede \u201ck\u00fcresel bir k\u00f6y\u201d haline getirmek istiyorlar. <o:o:o:o:o:p><\/o:o:o:o:o:p><\/span><\/div>\n<div><span><span style=\"color: #000000; font-family: Times New Roman; font-size: small;\"> <\/span><\/span><\/div>\n<div class=\"MsoNormal\" style=\"margin: 0cm 0cm 0pt; text-align: justify; line-height: 150%; text-indent: 1cm; mso-pagination: none;\"><span><b><span style=\"color: black; line-height: 150%; font-family: &quot;Arial&quot;,&quot;sans-serif&quot;; font-size: 10pt;\">AB, Kuzey Amerika Birli\u011fi, Afrika Birli\u011fi, Asya Birli\u011fi ve BOP (B\u00fcy\u00fck Ortado\u011fu) projeleri ile b\u00fct\u00fcn ulus devletleri eritip, milli bilinci k\u00f6reltip d\u00f6rt devlet haline sokmay\u0131, en sonunda da d\u00f6rt devletten tek devlet \u00e7\u0131karmay\u0131 planlayan k\u00fcresel Siyonist g\u00fc\u00e7, bu birlikler eliyle b\u00fct\u00fcn devletleri kontrol\u00fcne ge\u00e7irmeyi planl\u0131yor. Birliklere kat\u0131lan devletler \u00f6nce paras\u0131n\u0131, sonra ordular\u0131n\u0131 kaybedecek, NATO benzeri birlik ordular\u0131 yutturmacas\u0131 ile yutulmalar\u0131 daha kolay hale geliyor. <o:o:o:o:o:p><\/o:o:o:o:o:p><\/span><\/b><\/span><\/div>\n<div><span><span style=\"color: #000000; font-family: Times New Roman; font-size: small;\"> <\/span><\/span><\/div>\n<div class=\"MsoNormal\" style=\"margin: 0cm 0cm 0pt; text-align: justify; line-height: 150%; text-indent: 1cm; mso-pagination: none;\"><span style=\"color: black; line-height: 150%; font-family: &quot;Arial&quot;,&quot;sans-serif&quot;; font-size: 10pt;\">Ambalaj \u00e7ok iyi; \u00f6yle ya, s\u0131n\u0131rlar\u0131n kalkt\u0131\u011f\u0131 sava\u015fs\u0131z bir d\u00fcnya kuruluyor! Kula\u011fa ne ho\u015f geliyor de\u011fil mi? <o:o:o:o:o:p><\/o:o:o:o:o:p><\/span><\/div>\n<div><span><span style=\"color: #000000; font-family: Times New Roman; font-size: small;\"> <\/span><\/span><\/div>\n<div class=\"MsoNormal\" style=\"margin: 0cm 0cm 0pt; text-align: justify; line-height: 150%; text-indent: 1cm; mso-pagination: none;\"><span><b><span style=\"color: black; line-height: 150%; font-family: &quot;Arial&quot;,&quot;sans-serif&quot;; font-size: 10pt;\">Oysa tek dil, tek din, tek banka sistemi ile g\u00fcc\u00fc tek merkezde toplamay\u0131 hedefleyen k\u00fcresel e\u015fk\u0131ya, ya da \u015eeytan\u0131n temsilcileri olan Siyonist odaklar, tek g\u00fc\u00e7 merkezi olarak insano\u011fluna d\u00fcnyay\u0131 a\u00e7\u0131k hava hapishanesi yapmay\u0131 planl\u0131yor. <o:o:o:o:o:p><\/o:o:o:o:o:p><\/span><\/b><\/span><\/div>\n<div><span><span style=\"color: #000000; font-family: Times New Roman; font-size: small;\"> <\/span><\/span><\/div>\n<div class=\"MsoNormal\" style=\"margin: 0cm 0cm 0pt; text-align: justify; line-height: 150%; text-indent: 1cm; mso-pagination: none;\"><span><b><span style=\"color: black; line-height: 150%; font-family: &quot;Arial&quot;,&quot;sans-serif&quot;; font-size: 10pt;\">Proje h\u0131zl\u0131 y\u00fcr\u00fcyor. D\u00fcnya n\u00fcfusunu yar\u0131 yar\u0131ya azaltmay\u0131 ama\u00e7layanlar, insanlar\u0131 bu \u00f6l\u00fcmlere al\u0131\u015ft\u0131r\u0131yor. Son y\u0131llarda ki b\u00fct\u00fcn toplu \u00f6l\u00fcmlere d\u00fcnya kay\u0131ts\u0131z kal\u0131yor fark\u0131nda m\u0131s\u0131n\u0131z? Uzak do\u011fu, Endonezya, Pakistan, Japonya\u2026 Oralarda ya\u015fanan toplu \u00f6l\u00fcmlere d\u00fcnyan\u0131n ne kadar k\u00f6r ve vurdumduymaz kald\u0131\u011f\u0131n\u0131 hat\u0131rlay\u0131n! \u0130\u015fte bu tepkisizlik y\u00fcr\u00fct\u00fclen proje gere\u011fidir. D\u00fcnya insanlar\u0131 \u00f6l\u00fcmlere, toplu yok olu\u015flara al\u0131\u015ft\u0131r\u0131l\u0131yor. Toplu katliamlar yap\u0131ld\u0131\u011f\u0131nda, laboratuvarlarda \u00f6l\u00fcmc\u00fcl mikroplar \u00fcretilip insan \u0131rk\u0131 k\u0131r\u0131ld\u0131\u011f\u0131nda da maalesef duyars\u0131z kalabal\u0131klar b\u00f6yle umursamazca seyredece\u011fe benziyor! <o:o:o:o:o:p><\/o:o:o:o:o:p><\/span><\/b><\/span><\/div>\n<div><span><span style=\"color: #000000; font-family: Times New Roman; font-size: small;\"> <\/span><\/span><\/div>\n<div class=\"MsoNormal\" style=\"margin: 0cm 0cm 0pt; text-align: justify; line-height: 150%; text-indent: 1cm; mso-pagination: none;\"><span><b><span style=\"color: black; line-height: 150%; font-family: &quot;Arial&quot;,&quot;sans-serif&quot;; font-size: 10pt;\">\u201c\u00c7ipli n\u00fcfus c\u00fczdan\u0131\u201d da tek d\u00fcnya devleti i\u00e7in gerekli projenin bir \u00fcr\u00fcn\u00fc olarak y\u00fcr\u00fct\u00fcl\u00fcyor.<\/span><\/b><span style=\"color: black; line-height: 150%; font-family: &quot;Arial&quot;,&quot;sans-serif&quot;; font-size: 10pt;\"> AKP bu projeyi Bolu\u2019da uygulamaya koydu. \u0130leriki zamanlarda bu \u00e7iplere ki\u015filerin b\u00fct\u00fcn bilgileri kopyalanacak. Tek d\u00fcnya devleti oldu\u011funda ise tek banka sistemine ge\u00e7ecek olan federal rezerv banka sahipleri para yerine bu \u00e7iplerin kullan\u0131lmas\u0131n\u0131 sa\u011flayacak. <b>Her birey \u00fccreti kadar bu \u00e7iplerle al\u0131\u015fveri\u015f yapacak. Bu \u00e7ipler sayesinde insanlar\u0131n her davran\u0131\u015f\u0131 kontrol alt\u0131na al\u0131nacak; zulme ve Siyonist sermaye hakimiyetine isyan etmeye kalkan ki\u015filerin \u00e7ipi kapat\u0131ld\u0131\u011f\u0131 i\u00e7in yolculuk bile yapamayacak. \u201cKaybolan \u00e7ocuklara \u00e7ip takal\u0131m\u201d \u00f6nerileri ne kadar masum geliyor de\u011fil mi? Oysa insanlar al\u0131\u015ft\u0131r\u0131l\u0131yor. Kendi k\u00f6lelikleri \u00f6nce zihinlerde onaylat\u0131l\u0131yor. <o:o:o:o:o:p><\/o:o:o:o:o:p><\/b><\/span><\/span><\/div>\n<div><span><span style=\"color: #000000; font-family: Times New Roman; font-size: small;\"> <\/span><\/span><\/div>\n<div class=\"MsoNormal\" style=\"margin: 0cm 0cm 0pt; text-align: justify; line-height: 150%; text-indent: 1cm; mso-pagination: none;\"><span><b><span style=\"color: black; line-height: 150%; font-family: &quot;Arial&quot;,&quot;sans-serif&quot;; font-size: 10pt;\">GDO <\/span><\/b><span style=\"color: black; line-height: 150%; font-family: &quot;Arial&quot;,&quot;sans-serif&quot;; font-size: 10pt;\">vas\u0131tas\u0131 ile insanlar g\u0131rtlaklar\u0131ndan yakalan\u0131rken bir kelep\u00e7e de \u00e7ip\u2019lerle tak\u0131lm\u0131\u015f oluyor. GDO insanlar\u0131n geneti\u011fini bozarken k\u0131s\u0131rla\u015ft\u0131rmaya, yani n\u00fcfusu azaltmaya da yar\u0131yor!?<o:o:o:o:o:p><\/o:o:o:o:o:p><\/span><\/span><\/div>\n<div><span><span style=\"color: #000000; font-family: Times New Roman; font-size: small;\"> <\/span><\/span><\/div>\n<div class=\"MsoNormal\" style=\"margin: 0cm 0cm 0pt; text-align: justify; line-height: 150%; text-indent: 1cm; mso-pagination: none;\"><span style=\"color: black; line-height: 150%; font-family: &quot;Arial&quot;,&quot;sans-serif&quot;; font-size: 10pt;\">\u015eu anda \u00fclkemizde olan her faaliyet, baronlar\u0131n y\u00f6netiminde k\u00f6lele\u015ftirilmi\u015f insanlardan olu\u015fan <b>\u201ctek d\u00fcnya devleti\u201d<\/b> hedefi i\u00e7in y\u00fcr\u00fct\u00fcl\u00fcyor. Rahmetli Erbakan\u2019\u0131n \u0131srarla vurgulad\u0131\u011f\u0131 gibi: <b>Erdo\u011fan \u201ctek d\u00fcnya devletinin kurulmas\u0131na\u201d hizmet etmek ve kendi \u00fclkesini pazarlamak i\u00e7in se\u00e7ilmi\u015f bir akt\u00f6rd\u00fcr. O sadece kendine verilen rol\u00fc oynuyor. Bu rol\u00fcn kar\u015f\u0131l\u0131\u011f\u0131n\u0131 da, makam, menfaat ve madalya olarak al\u0131yor.<o:o:o:o:o:p><\/o:o:o:o:o:p><\/b><\/span><\/div>\n<div><span><span style=\"color: #000000; font-family: Times New Roman; font-size: small;\"> <\/span><\/span><\/div>\n<div class=\"MsoNormal\" style=\"margin: 0cm 0cm 0pt; text-align: justify; line-height: 150%; text-indent: 1cm; mso-pagination: none;\"><span style=\"color: black; line-height: 150%; font-family: &quot;Arial&quot;,&quot;sans-serif&quot;; font-size: 10pt;\">Tek d\u00fcnya devletinin \u201ctek dinli\u201d bir devlet olmas\u0131 hesaplan\u0131yor. Erdo\u011fan \u201c<b>dinler aras\u0131 diyalog\u201d<\/b> un e\u015f ba\u015fkan\u0131 olarak <b>Kabala \u00f6\u011fretisi ile harmanlanm\u0131\u015f evangelist Protestan M\u00fcsl\u00fcmanl\u0131k dinini yerle\u015ftirmeye u\u011fra\u015f\u0131yor. <o:o:o:o:o:p><\/o:o:o:o:o:p><\/b><\/span><\/div>\n<div><span><span style=\"color: #000000; font-family: Times New Roman; font-size: small;\"> <\/span><\/span><\/div>\n<div class=\"MsoNormal\" style=\"margin: 0cm 0cm 0pt; text-align: justify; line-height: 150%; text-indent: 1cm; mso-pagination: none;\"><span><b><span style=\"color: black; line-height: 150%; font-family: &quot;Arial&quot;,&quot;sans-serif&quot;; font-size: 10pt;\">Kelime-i \u015eehadet\u2019ten Peygamberimizin ad\u0131 bu y\u00fczden \u00e7\u0131kar\u0131l\u0131yor. Lucifer\u2019in (\u015eeytan iblisin) \u00e7ocuklar\u0131n\u0131n kurmak istedi\u011fi tek dinli, asl\u0131nda dinsiz devletin kurulmas\u0131na yard\u0131m ediliyor!<o:o:o:o:o:p><\/o:o:o:o:o:p><\/span><\/b><\/span><\/div>\n<div><span><span style=\"color: #000000; font-family: Times New Roman; font-size: small;\"> <\/span><\/span><\/div>\n<div class=\"MsoNormal\" style=\"margin: 0cm 0cm 0pt; text-align: justify; line-height: 150%; text-indent: 1cm; mso-pagination: none;\"><span style=\"color: black; line-height: 150%; font-family: &quot;Arial&quot;,&quot;sans-serif&quot;; font-size: 10pt;\">Dinler aras\u0131 diyalogun e\u015f ba\u015fkanlar\u0131ndan biri de \u0130spanya ba\u015fbakan\u0131d\u0131r. <b>\u0130spanya\u2019da dinler aras\u0131 diyalog i\u00e7in yap\u0131lan heykel her \u015feyi \u00e7ok a\u00e7\u0131k anlat\u0131yor. Secdede olan M\u00fcsl\u00fcman\u2019\u0131n yan\u0131nda \u0130ncil bulunuyor, M\u00fcsl\u00fcman\u2018\u0131n s\u0131rt\u0131nda elinde Tevrat olan bir H\u0131ristiyan oturuyor, H\u0131ristiyan\u2019\u0131n s\u0131rt\u0131nda ise elinde Kuran olan bir Yahudi s\u0131r\u0131t\u0131yor!? <o:o:o:o:o:p><\/o:o:o:o:o:p><\/b><\/span><\/div>\n<div><span><span style=\"color: #000000; font-family: Times New Roman; font-size: small;\"> <\/span><\/span><\/div>\n<div class=\"MsoNormal\" style=\"margin: 0cm 0cm 0pt; text-align: justify; line-height: 150%; text-indent: 1cm; mso-pagination: none;\"><span><b><span style=\"color: black; line-height: 150%; font-family: &quot;Arial&quot;,&quot;sans-serif&quot;; font-size: 10pt;\">M\u00fcsl\u00fcman en altta g\u00f6r\u00fcl\u00fcyor. B\u00fct\u00fcn d\u00fcnyaya gelmi\u015f son k\u00e2mil ve Hak bir dinin mensubu en altta ve ayaklar alt\u0131nda resmediliyor. \u0130\u015fte bu heykelin temsil etti\u011fi hedefin E\u015f Ba\u015fkan\u0131d\u0131r Erdo\u011fan!.. <o:o:o:o:o:p><\/o:o:o:o:o:p><\/span><\/b><\/span><\/div>\n<div><span><span style=\"color: #000000; font-family: Times New Roman; font-size: small;\"> <\/span><\/span><\/div>\n<div class=\"MsoNormal\" style=\"margin: 0cm 0cm 0pt; text-align: justify; line-height: 150%; text-indent: 1cm; mso-pagination: none;\"><span><b><span style=\"color: black; line-height: 150%; font-family: &quot;Arial&quot;,&quot;sans-serif&quot;; font-size: 10pt;\">Erdo\u011fanizm dini haline gelen bu Erdo\u011fan M\u00fcsl\u00fcmanl\u0131\u011f\u0131n\u0131n ve \u0131l\u0131ml\u0131 \u0130slam sahtek\u00e2rl\u0131\u011f\u0131n\u0131n mensuplar\u0131, Allah Ve Resul\u00fcne elbette hesap verecekler; ama \u00f6nce istismar ettikleri mazlum halklarca hesaba \u00e7ekilmeleri gerekiyor!<o:o:o:o:o:p><\/o:o:o:o:o:p><\/span><\/b><\/span><\/div>\n<div><span><span style=\"color: #000000; font-family: Times New Roman; font-size: small;\"> <\/span><\/span><\/div>\n<div class=\"MsoNormal\" style=\"margin: 0cm 0cm 0pt; text-align: justify; line-height: 150%; text-indent: 1cm; mso-pagination: none;\"><span><b><span style=\"color: black; line-height: 150%; font-family: &quot;Arial&quot;,&quot;sans-serif&quot;; font-size: 10pt;\">Diyalogcular \u015feytan\u0131n ate\u015fine odun ta\u015f\u0131rken, insanl\u0131\u011fa en b\u00fcy\u00fck ihaneti yapmaya da devam ediyor. <o:o:o:o:o:p><\/o:o:o:o:o:p><\/span><\/b><\/span><\/div>\n<div><span><span style=\"color: #000000; font-family: Times New Roman; font-size: small;\"> <\/span><\/span><\/div>\n<div class=\"MsoNormal\" style=\"margin: 0cm 0cm 0pt; text-align: justify; line-height: 150%; text-indent: 1cm; mso-pagination: none;\"><span style=\"color: black; line-height: 150%; font-family: &quot;Arial&quot;,&quot;sans-serif&quot;; font-size: 10pt;\">Erdo\u011fan\u2019\u0131n geli\u015fini hat\u0131rlay\u0131n. Siirt se\u00e7imlerinden h\u00fclle ile vekil se\u00e7ilirken a\u011f\u0131z birli\u011fi etmi\u015f\u00e7esine herkes, her kurum susmu\u015ftu. ABD B\u00fcy\u00fckel\u00e7isi Siyonist Yahudi Edelman; Baykal\u2019dan ba\u015flayarak YSK\u2019ya kadar ziyaret edip her birini de \u201csihirli g\u00fcc\u00fc ile\u201d tatmin etmeyi ba\u015far\u0131yordu! <span style=\"mso-spacerun: yes;\"> <\/span>B\u00f6ylece ikna olan her kurum ve \u015fah\u0131\u015f asl\u0131nda kendi canavar\u0131na onay vermi\u015f oluyordu. O g\u00fcnden beri de &#8220;tatmin&#8221; olma seanslar\u0131 devam ediyordu!.. <o:o:o:o:o:p><\/o:o:o:o:o:p><\/span><\/div>\n<div><span><span style=\"color: #000000; font-family: Times New Roman; font-size: small;\"> <\/span><\/span><\/div>\n<div class=\"MsoNormal\" style=\"margin: 0cm 0cm 0pt; text-align: justify; line-height: 150%; text-indent: 1cm; mso-pagination: none;\"><span style=\"color: black; line-height: 150%; font-family: &quot;Arial&quot;,&quot;sans-serif&quot;; font-size: 10pt;\">Atat\u00fcrk\u2019\u00fcn \u015faibeli \u00f6l\u00fcm\u00fc \u00fczerine karanl\u0131k ellerde masonik ve m\u00fcnaf\u0131k mahfillerce haz\u0131rlanan \u201c<b>Yec\u00fcc-Mec\u00fcc<\/b>\u201d\u00fcn kapa\u011f\u0131 da b\u00f6ylece a\u00e7\u0131lm\u0131\u015f bulunuyordu. <o:o:o:o:o:p><\/o:o:o:o:o:p><\/span><\/div>\n<div><span><span style=\"color: #000000; font-family: Times New Roman; font-size: small;\"> <\/span><\/span><\/div>\n<div class=\"MsoNormal\" style=\"margin: 0cm 0cm 0pt; text-align: justify; line-height: 150%; text-indent: 1cm; mso-pagination: none;\"><span><b><span style=\"color: black; line-height: 150%; font-family: &quot;Arial&quot;,&quot;sans-serif&quot;; font-size: 10pt;\">Hat\u0131rlay\u0131n; ba\u015f\u0131nda ABD\u2019nin \u00e7uval\u0131 ile gezen, milletin vicdan\u0131nda \u00e7oktan mahk\u00fbm edilen Hilmi \u00d6zk\u00f6k, Genel Kurmay Ba\u015fkan\u0131 oldu\u011fu d\u00f6nemde KKK br\u00f6vesinden Atat\u00fcrk resmini \u00e7\u0131karmaya kalk\u0131\u015f\u0131yordu ve asl\u0131nda bu bile ortak bir projeyi haber veriyordu. <o:o:o:o:o:p><\/o:o:o:o:o:p><\/span><\/b><\/span><\/div>\n<div><span><span style=\"color: #000000; font-family: Times New Roman; font-size: small;\"> <\/span><\/span><\/div>\n<div class=\"MsoNormal\" style=\"margin: 0cm 0cm 0pt; text-align: justify; line-height: 150%; text-indent: 1cm; mso-pagination: none;\"><span><b><span style=\"color: black; line-height: 150%; font-family: &quot;Arial&quot;,&quot;sans-serif&quot;; font-size: 10pt;\">Atat\u00fcrk ba\u011f\u0131ms\u0131z bir ulus devleti milli haysiyeti ve h\u00fcrriyeti temsil ediyordu. Atat\u00fcrk emperyalizmin yenilebilece\u011fini b\u00fct\u00fcn d\u00fcnyaya ispatlayan, mazlum milletlere direnme azmi kazand\u0131ran, ba\u011f\u0131ms\u0131zl\u0131k \u015fuurunu uyand\u0131ran bir lider olarak hat\u0131rlan\u0131yordu. O zaman, bu simgenin de\u011fersizle\u015ftirilmesi, zihinlerden silinmesi gerekiyordu.<\/span><\/b><span style=\"color: black; line-height: 150%; font-family: &quot;Arial&quot;,&quot;sans-serif&quot;; font-size: 10pt;\"> <o:o:o:o:o:p><\/o:o:o:o:o:p><\/span><\/span><\/div>\n<div><span><span style=\"color: #000000; font-family: Times New Roman; font-size: small;\"> <\/span><\/span><\/div>\n<div class=\"MsoNormal\" style=\"margin: 0cm 0cm 0pt; text-align: justify; line-height: 150%; text-indent: 1cm; mso-pagination: none;\"><span><b><span style=\"color: black; line-height: 150%; font-family: &quot;Arial&quot;,&quot;sans-serif&quot;; font-size: 10pt;\">Erdo\u011fan Dersim kalk\u0131\u015fmas\u0131n\u0131 dillendirirken Atat\u00fcrk\u2019\u00fc san\u0131k sandalyesine oturtmay\u0131 i\u015fte bu y\u00fczden istiyordu! <o:o:o:o:o:p><\/o:o:o:o:o:p><\/span><\/b><\/span><\/div>\n<div><span><span style=\"color: #000000; font-family: Times New Roman; font-size: small;\"> <\/span><\/span><\/div>\n<div class=\"MsoNormal\" style=\"margin: 0cm 0cm 0pt; text-align: justify; line-height: 150%; text-indent: 1cm; mso-pagination: none;\"><span><b><span style=\"color: black; line-height: 150%; font-family: &quot;Arial&quot;,&quot;sans-serif&quot;; font-size: 10pt;\">ABD Donanmas\u0131 Haber alma Servisinin 1979 y\u0131l\u0131nda ele ge\u00e7irilen raporundan beyin y\u0131kama teknikleri hakk\u0131nda \u015funlar yaz\u0131l\u0131yordu: <o:o:o:o:o:p><\/o:o:o:o:o:p><\/span><\/b><\/span><\/div>\n<div><span><span style=\"color: #000000; font-family: Times New Roman; font-size: small;\"> <\/span><\/span><\/div>\n<div class=\"MsoNormal\" style=\"margin: 0cm 0cm 0pt; text-align: justify; line-height: 150%; text-indent: 1cm; mso-pagination: none;\"><span><b><span style=\"color: black; line-height: 150%; font-family: &quot;Arial&quot;,&quot;sans-serif&quot;; font-size: 10pt;\">\u201cTarih ve hukuku bozup yeniden yazmak ve halk\u0131 sa\u011flam inanc\u0131ndan kopar\u0131p sapk\u0131n yarad\u0131l\u0131\u015f safsatalar\u0131n\u0131n ve inkarc\u0131l\u0131\u011f\u0131n h\u00fckm\u00fc alt\u0131na sokmak&#8230;\u201d <o:o:o:o:o:p><\/o:o:o:o:o:p><\/span><\/b><\/span><\/div>\n<div><span><span style=\"color: #000000; font-family: Times New Roman; font-size: small;\"> <\/span><\/span><\/div>\n<div class=\"MsoNormal\" style=\"margin: 0cm 0cm 0pt; text-align: justify; line-height: 150%; text-indent: 1cm; mso-pagination: none;\"><span><b><span style=\"color: black; line-height: 150%; font-family: &quot;Arial&quot;,&quot;sans-serif&quot;; font-size: 10pt;\">Erdo\u011fan ve ekibi tarihi ger\u00e7ekleri s\u00fcrekli sapt\u0131rarak bu projeyi y\u00fcr\u00fct\u00fcyor. Se\u00e7imde kazan\u0131rlarsa hukuku yeniden yazmaya haz\u0131rlan\u0131yor. Asl\u0131nda Silivri senaryolar\u0131 ile GUANTENAMO hukuku zaten uygulan\u0131yor. TSK\u2019ya ve Milli d\u00fc\u015f\u00fcnen kafalara \u00f6l\u00fcmc\u00fcl darbe ise se\u00e7imden sonraya b\u0131rak\u0131l\u0131yor!..<o:o:o:o:o:p><\/o:o:o:o:o:p><\/span><\/b><\/span><\/div>\n<div><span><span style=\"color: #000000; font-family: Times New Roman; font-size: small;\"> <\/span><\/span><\/div>\n<div class=\"MsoNormal\" style=\"margin: 0cm 0cm 0pt; text-align: justify; line-height: 150%; text-indent: 1cm; mso-pagination: none;\"><span><b><span style=\"color: black; line-height: 150%; font-family: &quot;Arial&quot;,&quot;sans-serif&quot;; font-size: 10pt;\">Gallipoli <\/span><\/b><span style=\"color: black; line-height: 150%; font-family: &quot;Arial&quot;,&quot;sans-serif&quot;; font-size: 10pt;\">diye film yapanlar, s\u00f6zde \u201c<b>insan Mustafa\u201d <\/b>diye belgesel yap\u0131p <b>Mustafa\u2019y\u0131 Atat\u00fcrks\u00fcz hale getirenler<\/b> de y\u00fcr\u00fct\u00fclen <b>psikolojik sava\u015f\u0131n birer fig\u00fcranlar\u0131 oluyor.<\/b> Atat\u00fcrk Silivri davalar\u0131na \u00f6yle sehven bir numara olarak girmiyor&#8230; Atat\u00fcrk\u2019\u00fc zihinlerde d\u00f6n\u00fc\u015ft\u00fcr\u00fcp silmek isteyenler: \u201cT.C. Devletinin kurucusunu tart\u0131\u015fmal\u0131 hale getirip yok edersen T.C. diye bir devletin me\u015frulu\u011fu da tart\u0131\u015fmal\u0131 hale getirilebilir.\u201d Ger\u00e7e\u011fini \u00e7ok iyi biliyor. <o:o:o:o:o:p><\/o:o:o:o:o:p><\/span><\/span><\/div>\n<div><span><span style=\"color: #000000; font-family: Times New Roman; font-size: small;\"> <\/span><\/span><\/div>\n<div class=\"MsoNormal\" style=\"margin: 0cm 0cm 0pt; text-align: justify; line-height: 150%; text-indent: 1cm; mso-pagination: none;\"><span style=\"color: black; line-height: 150%; font-family: &quot;Arial&quot;,&quot;sans-serif&quot;; font-size: 10pt;\">\u00c7anakkale ve Kurtulu\u015f Sava\u015f\u0131n\u0131 tart\u0131\u015farak de\u011fersizle\u015ftirmeye \u00e7al\u0131\u015fanlar da, tek d\u00fcnya devletini planlayanlar\u0131n ta\u015feronlu\u011funu y\u00fcr\u00fct\u00fcyor.<o:o:o:o:o:p><\/o:o:o:o:o:p><\/span><\/div>\n<div><span><span style=\"color: #000000; font-family: Times New Roman; font-size: small;\"> <\/span><\/span><\/div>\n<div class=\"MsoNormal\" style=\"margin: 0cm 0cm 0pt; text-align: justify; line-height: 150%; text-indent: 1cm; mso-pagination: none;\"><span style=\"color: black; line-height: 150%; font-family: &quot;Arial&quot;,&quot;sans-serif&quot;; font-size: 10pt;\">2006 y\u0131l\u0131nda \u0130talya\u2019dan T\u00fcrkiye\u2019ye gelen T\u00fcrk Hava yollar\u0131 u\u00e7a\u011f\u0131ndaki bir yay\u0131nda T\u00fcrkiye haritas\u0131nda G\u00fcneydo\u011fu \u201cK\u00fcrdistan\u201d olarak g\u00f6steriliyor. Tepki \u00fczerine \u201csehven oldu\u201d deniyor. Siirt\u2019ten <b>Edelman\u2019\u0131n tevecc\u00fch\u00fc<\/b> ile \u201c<b>sehven\u201d<\/b> se\u00e7ilen <b>Erdo\u011fan<\/b>, sehven yarg\u0131lamalar\u0131n da ba\u015fbakan\u0131 olarak tarih ve vicdanlardaki yerini al\u0131yor!<o:o:o:o:o:p><\/o:o:o:o:o:p><\/span><\/div>\n<div><span><span style=\"color: #000000; font-family: Times New Roman; font-size: small;\"> <\/span><\/span><\/div>\n<div class=\"MsoNormal\" style=\"margin: 0cm 0cm 0pt; text-align: justify; line-height: 150%; text-indent: 1cm; mso-pagination: none;\"><span style=\"color: black; line-height: 150%; font-family: &quot;Arial&quot;,&quot;sans-serif&quot;; font-size: 10pt;\">Erdo\u011fan\u2019\u0131n; tasada ve k\u0131van\u00e7ta kayna\u015fm\u0131\u015f; ortak inan\u00e7, ama\u00e7 ve ihtiya\u00e7 etraf\u0131nda kenetlenip kucakla\u015fm\u0131\u015f, ayn\u0131 \u00fclke ve \u00fclk\u00fc birli\u011fini ba\u015farm\u0131\u015f T\u00fcrk Halk\u0131n\u0131 etnik ka\u015f\u0131mayla provoke etmesi de g\u00f6revi gere\u011fi yap\u0131l\u0131yor. Gene Alevi-S\u00fcnni ka\u015f\u0131mas\u0131, Alevili\u011fi se\u00e7im meydan\u0131nda yuhalatmas\u0131 da etnik ve dinsel bo\u011fazla\u015fmay\u0131 planlayan k\u00fcresel g\u00fc\u00e7lerin projesine hizmeti hat\u0131rlat\u0131yor.<o:o:o:o:o:p><\/o:o:o:o:o:p><\/span><\/div>\n<div><span><span style=\"color: #000000; font-family: Times New Roman; font-size: small;\"> <\/span><\/span><\/div>\n<div class=\"MsoNormal\" style=\"margin: 0cm 0cm 0pt; text-align: justify; line-height: 150%; text-indent: 1cm; mso-pagination: none;\"><span><b><span style=\"color: black; line-height: 150%; font-family: &quot;Arial&quot;,&quot;sans-serif&quot;; font-size: 10pt;\">\u015e\u00f6yle diyordu David Rockefeller: <o:o:o:o:o:p><\/o:o:o:o:o:p><\/span><\/b><\/span><\/div>\n<div><span><span style=\"color: #000000; font-family: Times New Roman; font-size: small;\"> <\/span><\/span><\/div>\n<div class=\"MsoNormal\" style=\"margin: 0cm 0cm 0pt; text-align: justify; line-height: 150%; text-indent: 1cm; mso-pagination: none;\"><span><b><span style=\"color: black; line-height: 150%; font-family: &quot;Arial&quot;,&quot;sans-serif&quot;; font-size: 10pt;\">\u201cD\u00fc\u015fman\u0131 yok etmenin yolu onlar\u0131n birbirini \u00f6ld\u00fcrmesini sa\u011flamakt\u0131r. Ordusunu ikiye b\u00f6lersin, iki tarafa da yard\u0131m edersin. Sonra \u00fclkeyi ele ge\u00e7irirsin.\u201d \u0130\u015fte Recep T. Erdo\u011fan hem \u00fclkemizde, hem de \u00f6rne\u011fin Libya i\u015fgalinde ayn\u0131 Siyonist projelere piyonluk ediyor.<o:o:o:o:o:p><\/o:o:o:o:o:p><\/span><\/b><\/span><\/div>\n<div><span><span style=\"color: #000000; font-family: Times New Roman; font-size: small;\"> <\/span><\/span><\/div>\n<div class=\"MsoNormal\" style=\"margin: 0cm 0cm 0pt; text-align: justify; line-height: 150%; text-indent: 1cm; mso-pagination: none;\"><span style=\"color: black; line-height: 150%; font-family: &quot;Arial&quot;,&quot;sans-serif&quot;; font-size: 10pt;\">T\u00fcrkiye&#8217;de asker polis birbirine k\u0131\u015fk\u0131rt\u0131l\u0131yor. \u00dclkemizde planlanan bo\u011fazla\u015fma ise K\u00fcrt-T\u00fcrk \u00e7at\u0131\u015fmas\u0131 oluyor. Bu \u00e7at\u0131\u015fman\u0131n zeminini \u00e7\u0131kard\u0131\u011f\u0131 yasalarla AKP h\u00fck\u00fcmeti olu\u015fturuyor. K\u00fcrt-T\u00fcrk \u00e7at\u0131\u015fmas\u0131 \u00e7\u0131karsa BM-NATO tezgah\u0131 ile \u00fclkenin \u00fczerine \u00e7\u00f6kmeye haz\u0131rlan\u0131yor. <o:o:o:o:o:p><\/o:o:o:o:o:p><\/span><\/div>\n<div><span><span style=\"color: #000000; font-family: Times New Roman; font-size: small;\"> <\/span><\/span><\/div>\n<div class=\"MsoNormal\" style=\"margin: 0cm 0cm 0pt; text-align: justify; line-height: 150%; text-indent: 1cm; mso-pagination: none;\"><span style=\"color: black; line-height: 150%; font-family: &quot;Arial&quot;,&quot;sans-serif&quot;; font-size: 10pt;\">Polis ve Orduyu kar\u015f\u0131 kar\u015f\u0131ya getiren Erdo\u011fan h\u00fck\u00fcmeti, b\u00fct\u00fcn kurumlara olan g\u00fcveni bitirip b\u00fct\u00fcn kavramlar\u0131n i\u00e7ini bo\u015faltma g\u00f6revi de yap\u0131yor.<b> D\u00fcn s\u00f6yledi\u011fini hi\u00e7 s\u0131k\u0131lmadan bug\u00fcn inkar eden, yalan satmaktan hayali projelerle HAYAL satmaya terfi eden bir Erdo\u011fan ekranlarda dola\u015f\u0131yor.<\/b> <b>Erdo\u011fan sadece milli g\u00fc\u00e7lere sald\u0131rm\u0131yor, ayn\u0131 zamanda &#8220;MUHAMMED\u0130 AHLAK&#8221; prensiplerine de sald\u0131r\u0131yor. Bu c\u00fcmlemi sak\u0131n unutmay\u0131n!<o:o:o:o:o:p><\/o:o:o:o:o:p><\/b><\/span><\/div>\n<div><span><span style=\"color: #000000; font-family: Times New Roman; font-size: small;\"> <\/span><\/span><\/div>\n<div class=\"MsoNormal\" style=\"margin: 0cm 0cm 0pt; text-align: justify; line-height: 150%; text-indent: 1cm; mso-pagination: none;\"><span><b><span style=\"color: black; line-height: 150%; font-family: &quot;Arial&quot;,&quot;sans-serif&quot;; font-size: 10pt;\">B\u00fct\u00fcn kurumlar\u0131n \u00e7\u00f6kertilmesi asl\u0131nda Cumhuriyetin \u00e7\u00f6z\u00fclmesinin alt yap\u0131s\u0131n\u0131 olu\u015fturuyor. Devlete Kandilden gelen katiller \u00f6n\u00fcnde diz \u00e7\u00f6kt\u00fcren ve \u00fclkenin bayra\u011f\u0131n\u0131 ter\u00f6riste k\u0131yak olsun diye indiren ve YSK\u2019n\u0131n veto kararlar\u0131n\u0131, PKK\u2019dan zoru g\u00f6r\u00fcnce iki saatte toplan\u0131p karar\u0131n\u0131 de\u011fi\u015ftiren yarg\u0131n\u0131n ba\u015fbakan\u0131 olma \u015ferefine(!) nail olan Erdo\u011fan. Mukadder ak\u0131betine do\u011fru h\u0131zla ko\u015fuyor!<o:o:o:o:o:p><\/o:o:o:o:o:p><\/span><\/b><\/span><\/div>\n<div><span><span style=\"color: #000000; font-family: Times New Roman; font-size: small;\"> <\/span><\/span><\/div>\n<div class=\"MsoNormal\" style=\"margin: 0cm 0cm 0pt; text-align: justify; line-height: 150%; text-indent: 1cm; mso-pagination: none;\"><span><b><span style=\"color: black; line-height: 150%; font-family: &quot;Arial&quot;,&quot;sans-serif&quot;; font-size: 10pt;\">K\u00fcresel Sermaye ad\u0131na b\u00fct\u00fcn \u00fclkeyi Hasdal-Silivri hatt\u0131na hapseden Erdo\u011fan\u2026 <o:o:o:o:o:p><\/o:o:o:o:o:p><\/span><\/b><\/span><\/div>\n<div><span><span style=\"color: #000000; font-family: Times New Roman; font-size: small;\"> <\/span><\/span><\/div>\n<div class=\"MsoNormal\" style=\"margin: 0cm 0cm 0pt; text-align: justify; line-height: 150%; text-indent: 1cm; mso-pagination: none;\"><span><b><span style=\"color: black; line-height: 150%; font-family: &quot;Arial&quot;,&quot;sans-serif&quot;; font-size: 10pt;\">9 y\u0131ld\u0131r herkesle kavga ediyor. K\u0131\u015fk\u0131rt\u0131yor, b\u00f6l\u00fcyor, ayr\u0131\u015ft\u0131r\u0131yor. S\u00fcrekli kaos \u00e7\u0131kart\u0131yor. S\u00fcrekli suni g\u00fcndemler yarat\u0131p toplumu ger\u00e7eklikten kopar\u0131p sanal bir d\u00fcnyaya hapsediyor. <o:o:o:o:o:p><\/o:o:o:o:o:p><\/span><\/b><\/span><\/div>\n<div><span><span style=\"color: #000000; font-family: Times New Roman; font-size: small;\"> <\/span><\/span><\/div>\n<div class=\"MsoNormal\" style=\"margin: 0cm 0cm 0pt; text-align: justify; line-height: 150%; text-indent: 1cm; mso-pagination: none;\"><span><b><span style=\"color: black; line-height: 150%; font-family: &quot;Arial&quot;,&quot;sans-serif&quot;; font-size: 10pt;\">Gene ABD Donanmas\u0131 Haber Alma Servisinin raporundaki 3 maddeyi hat\u0131rlatal\u0131m: <o:o:o:o:o:p><\/o:o:o:o:o:p><\/span><\/b><\/span><\/div>\n<div><span><span style=\"color: #000000; font-family: Times New Roman; font-size: small;\"> <\/span><\/span><\/div>\n<div class=\"MsoNormal\" style=\"margin: 0cm 0cm 0pt; text-align: justify; line-height: 150%; text-indent: 1cm; mso-pagination: none;\"><span style=\"color: black; line-height: 150%; font-family: &quot;Arial&quot;,&quot;sans-serif&quot;; font-size: 10pt;\">\u201cGenel Kural <o:o:o:o:o:p><\/o:o:o:o:o:p><\/span><\/div>\n<div><span><span style=\"color: #000000; font-family: Times New Roman; font-size: small;\"> <\/span><\/span><\/div>\n<div class=\"MsoListParagraph\" style=\"margin: 0cm 0cm 0pt; text-align: justify; line-height: 150%; text-indent: 1cm; mso-pagination: none; mso-list: l0 level1 lfo1; tab-stops: 36.0pt 45.0pt; mso-add-space: auto;\"><span><b style=\"mso-bidi-font-weight: normal;\"><span style=\"color: black; line-height: 150%; font-family: &quot;Arial&quot;,&quot;sans-serif&quot;; font-size: 10pt; mso-fareast-font-family: Arial; mso-fareast-language: TR;\"><span style=\"mso-list: Ignore;\">1-<span style=\"font: 7pt\/normal &quot;Times New Roman&quot;; font-size-adjust: none; font-stretch: normal;\"> <\/span><\/span><\/span><\/b><b><span style=\"color: black; line-height: 150%; font-family: &quot;Arial&quot;,&quot;sans-serif&quot;; font-size: 10pt; mso-fareast-font-family: &quot;Times New Roman&quot;; mso-fareast-language: TR;\">D\u00fczensizlik ve belirsizlik olu\u015fturmak:<\/span><\/b><span style=\"color: black; line-height: 150%; font-family: &quot;Arial&quot;,&quot;sans-serif&quot;; font-size: 10pt; mso-fareast-font-family: &quot;Times New Roman&quot;; mso-fareast-language: TR;\"><o:o:o:o:o:p><\/o:o:o:o:o:p><\/span><\/span><\/div>\n<div><span><span style=\"color: #000000; font-family: Times New Roman; font-size: small;\"> <\/span><\/span><\/div>\n<div class=\"MsoNormal\" style=\"margin: 0cm 0cm 0pt; text-align: justify; line-height: 150%; text-indent: 1cm; mso-pagination: none;\"><span><b><span style=\"color: black; line-height: 150%; font-family: &quot;Arial&quot;,&quot;sans-serif&quot;; font-size: 10pt;\">\u00dclkelerde d\u00fczensiz \u00e7\u0131karmakta yarar vard\u0131r. Daha fazla kar\u0131\u015f\u0131kl\u0131k ABD hesab\u0131na daha fazla kar sa\u011flayacakt\u0131r. Bu nedenle en iyi yakla\u015f\u0131m, \u00f6nce problem yaratmak ve sonrada kendimize uygun \u00e7\u00f6z\u00fcmler sunmakt\u0131r.\u201d <\/span><\/b><span style=\"color: black; line-height: 150%; font-family: &quot;Arial&quot;,&quot;sans-serif&quot;; font-size: 10pt;\"><o:o:o:o:o:p><\/o:o:o:o:o:p><\/span><\/span><\/div>\n<div><span><span style=\"color: #000000; font-family: Times New Roman; font-size: small;\"> <\/span><\/span><\/div>\n<div class=\"MsoNormal\" style=\"margin: 0cm 0cm 0pt; text-align: justify; line-height: 150%; text-indent: 1cm; mso-pagination: none;\"><span><b><span style=\"color: black; line-height: 150%; font-family: &quot;Arial&quot;,&quot;sans-serif&quot;; font-size: 10pt;\">Erdo\u011fan bu maddeyi 9 y\u0131ld\u0131r ba\u015far\u0131 ile uyguluyor. Yani g\u00f6revini iyi yap\u0131yor(!)..\u201d <\/span><\/b><span style=\"color: black; line-height: 150%; font-family: &quot;Arial&quot;,&quot;sans-serif&quot;; font-size: 10pt;\"><o:o:o:o:o:p><\/o:o:o:o:o:p><\/span><\/span><\/div>\n<div><span><span style=\"color: #000000; font-family: Times New Roman; font-size: small;\"> <\/span><\/span><\/div>\n<div class=\"MsoNormal\" style=\"margin: 0cm 0cm 0pt; text-align: justify; line-height: 150%; text-indent: 1cm; mso-pagination: none;\"><span><b><span style=\"color: black; line-height: 150%; font-family: &quot;Arial&quot;,&quot;sans-serif&quot;; font-size: 10pt;\">2-Medya marifetiyle kafalar\u0131 buland\u0131rmak: Yeti\u015fkin n\u00fcfusun dikkatini da\u011f\u0131t\u0131p sosyal sorunlardan uzak tutarak ger\u00e7ekte hi\u00e7te \u00f6nemli olmayan meselelerle toplumu oyalay\u0131p avutacakt\u0131r.<o:o:o:o:o:p><\/o:o:o:o:o:p><\/span><\/b><\/span><\/div>\n<div><span><span style=\"color: #000000; font-family: Times New Roman; font-size: small;\"> <\/span><\/span><\/div>\n<div class=\"MsoNormal\" style=\"margin: 0cm 0cm 0pt; text-align: justify; line-height: 150%; text-indent: 1cm; mso-pagination: none;\"><span><b><span style=\"color: black; line-height: 150%; font-family: &quot;Arial&quot;,&quot;sans-serif&quot;; font-size: 10pt;\">AKP medyas\u0131 9 y\u0131ld\u0131r bu maddeyi de ba\u015far\u0131l\u0131 bir \u015fekilde uyguluyor.<o:o:o:o:o:p><\/o:o:o:o:o:p><\/span><\/b><\/span><\/div>\n<div><span><span style=\"color: #000000; font-family: Times New Roman; font-size: small;\"> <\/span><\/span><\/div>\n<div class=\"MsoNormal\" style=\"margin: 0cm 0cm 0pt; text-align: justify; line-height: 150%; text-indent: 1cm; mso-pagination: none;\"><span><b><span style=\"color: black; line-height: 150%; font-family: &quot;Arial&quot;,&quot;sans-serif&quot;; font-size: 10pt;\">3-Okullar\u0131 k\u0131s\u0131rla\u015ft\u0131rmak: Gen\u00e7 n\u00fcfusu ger\u00e7ek matematikten, ger\u00e7ek ekonomiden, ger\u00e7ek hukuktan ve ger\u00e7ek tarihten habersiz tutmakt\u0131r.\u201d <o:o:o:o:o:p><\/o:o:o:o:o:p><\/span><\/b><\/span><\/div>\n<div><span><span style=\"color: #000000; font-family: Times New Roman; font-size: small;\"> <\/span><\/span><\/div>\n<div class=\"MsoNormal\" style=\"margin: 0cm 0cm 0pt; text-align: justify; line-height: 150%; text-indent: 1cm; mso-pagination: none;\"><span><b><span style=\"color: black; line-height: 150%; font-family: &quot;Arial&quot;,&quot;sans-serif&quot;; font-size: 10pt;\">Bu madde y\u0131llard\u0131r a\u011f\u0131rla\u015ft\u0131r\u0131larak bir\u00e7ok h\u00fck\u00fcmet taraf\u0131ndan uyguland\u0131, uygulan\u0131yor. <br \/> D\u00fcnyan\u0131n \u00e7oktan terk etti\u011fi modern matematik okutularak matematik akl\u0131 yok ediliyor. Okul ve dershane k\u0131skac\u0131na hapsedilen \u00f6\u011frencinin verilen ders d\u0131\u015f\u0131ndaki konular\u0131 ara\u015ft\u0131rma imkan\u0131 b\u0131rak\u0131lm\u0131yor ve ba\u011f\u0131ms\u0131z d\u00fc\u015f\u00fcnme yetene\u011fi k\u0131s\u0131rla\u015ft\u0131r\u0131l\u0131yor. Koyu bir beyin kirlenmesi ve k\u00f6rlenmesi ya\u015fan\u0131yor. &#8220;<o:o:o:o:o:p><\/o:o:o:o:o:p><\/span><\/b><\/span><\/div>\n<div><span><span style=\"color: #000000; font-family: Times New Roman; font-size: small;\"> <\/span><\/span><\/div>\n<div class=\"MsoNormal\" style=\"margin: 0cm 0cm 0pt; text-align: justify; line-height: 150%; text-indent: 1cm; mso-pagination: none;\"><span style=\"color: black; line-height: 150%; font-family: &quot;Arial&quot;,&quot;sans-serif&quot;; font-size: 10pt;\">T\u00fcrkiye\u2019de olanlara i\u00e7eriden bakarsak, kavram karga\u015fas\u0131 ile ger\u00e7ekleri g\u00f6zden ka\u00e7\u0131r\u0131r\u0131z. Ger\u00e7ek olansa; tek d\u00fcnya devletine giden yolda T\u00fcrkiye\u2019nin nas\u0131l dizayn edildi\u011fini g\u00f6rmek ve millet olarak art\u0131k kendimize gelmektir. <o:o:o:o:o:p><\/o:o:o:o:o:p><\/span><\/div>\n<div><span><span style=\"color: #000000; font-family: Times New Roman; font-size: small;\"> <\/span><\/span><\/div>\n<div class=\"MsoNormal\" style=\"margin: 0cm 0cm 0pt; text-align: justify; line-height: 150%; text-indent: 1cm; mso-pagination: none;\"><span><b><span style=\"color: black; line-height: 150%; font-family: &quot;Arial&quot;,&quot;sans-serif&quot;; font-size: 10pt;\">T\u00fcrkiye\u2019nin dizayn edilmesi ve k\u00fcreselle\u015fme ad\u0131na Siyonist s\u00f6m\u00fcr\u00fc d\u00fczenine demokrat k\u00f6le haline getirilmesi i\u00e7in de Erdo\u011fan g\u00f6revlendirilmi\u015ftir. <o:o:o:o:o:p><\/o:o:o:o:o:p><\/span><\/b><\/span><\/div>\n<div><span><span style=\"color: #000000; font-family: Times New Roman; font-size: small;\"> <\/span><\/span><\/div>\n<div class=\"MsoNormal\" style=\"margin: 0cm 0cm 0pt; text-align: justify; line-height: 150%; text-indent: 1cm; mso-pagination: none;\"><span><b><span style=\"color: black; line-height: 150%; font-family: &quot;Arial&quot;,&quot;sans-serif&quot;; font-size: 10pt;\">BOP, GOP ve Dinler aras\u0131 diyalog E\u015eBA\u015eKANI olmay\u0131 kabul ederek Lucifer\u2019in \u00e7ocuklar\u0131n\u0131n \u201cTEK D\u00dcNYA DEVLET\u0130\u201d ni kurma projesinde fig\u00fcranl\u0131k etmektedir. <o:o:o:o:o:p><\/o:o:o:o:o:p><\/span><\/b><\/span><\/div>\n<div><span><span style=\"color: #000000; font-family: Times New Roman; font-size: small;\"> <\/span><\/span><\/div>\n<div class=\"MsoNormal\" style=\"margin: 0cm 0cm 0pt; text-align: justify; line-height: 150%; text-indent: 1cm; mso-pagination: none;\"><span><b><span style=\"color: black; line-height: 150%; font-family: &quot;Arial&quot;,&quot;sans-serif&quot;; font-size: 10pt;\">\u015eeytani g\u00fc\u00e7lerin insana h\u00fckmedebilmesini sa\u011flayacak olan Tek D\u00fcnya Devleti olsa olsa Nemrut\u2019un Firavun\u2019un ve Karun\u2019un \u00fclkesi haline gelir ve \u0131l\u0131ml\u0131 \u0130slamc\u0131 din hocalar\u0131 da BEL\u2019AM gibi bu zul\u00fcm ve esaret d\u00fczenine fetva verir.<o:o:o:o:o:p><\/o:o:o:o:o:p><\/span><\/b><\/span><\/div>\n<div><span><span style=\"color: #000000; font-family: Times New Roman; font-size: small;\"> <\/span><\/span><\/div>\n<div class=\"MsoNormal\" style=\"margin: 0cm 0cm 0pt; text-align: justify; line-height: 150%; text-indent: 1cm; mso-pagination: none;\"><span><b><span style=\"color: black; line-height: 150%; font-family: &quot;Arial&quot;,&quot;sans-serif&quot;; font-size: 10pt;\">G\u00fcn, Nemrut\u2019un yakt\u0131\u011f\u0131 ate\u015fe odun ta\u015f\u0131yanlarla, bu ate\u015fi s\u00f6nd\u00fcrmek i\u00e7in su ta\u015f\u0131yanlar\u0131n saflar\u0131n\u0131 se\u00e7ti\u011fi g\u00fcnd\u00fcr. \u0130nsan olmakla k\u00f6le olmak aras\u0131nda yap\u0131lan tercih ki\u015filerin kedi kaderini de belirleyecektir.\u201d<o:o:o:o:o:p><\/o:o:o:o:o:p><\/span><\/b><\/span><\/div>\n<div><span><span style=\"color: #000000; font-family: Times New Roman; font-size: small;\"> <\/span><\/span><\/div>\n<div class=\"MsoNormal\" style=\"margin: 0cm 0cm 0pt; text-align: justify; line-height: 150%; text-indent: 1cm; mso-pagination: none;\"><span><b><span style=\"color: black; line-height: 150%; font-family: &quot;Arial&quot;,&quot;sans-serif&quot;; font-size: 10pt;\">H\u00fcrriyetin havarisi Ertu\u011frul \u00d6zk\u00f6k, k\u00f6k\u00fcnden kopan Recep T. Erdo\u011fan\u2019la, ayn\u0131 hedefleri, ama farkl\u0131 beklentilerle savunmaktad\u0131r. H\u00fcrriyet yazar\u0131 \u00d6zk\u00f6k \u00f6zlemlerini \u015f\u00f6yle s\u0131ralamaktad\u0131r:<o:o:o:o:o:p><\/o:o:o:o:o:p><\/span><\/b><\/span><\/div>\n<div><span><span style=\"color: #000000; font-family: Times New Roman; font-size: small;\"> <\/span><\/span><\/div>\n<div class=\"MsoNormal\" style=\"margin: 0cm 0cm 0pt; text-align: justify; line-height: 150%; text-indent: 1cm; mso-pagination: none;\"><span><b><span style=\"color: black; line-height: 150%; font-family: &quot;Arial&quot;,&quot;sans-serif&quot;; font-size: 10pt;\">Mini etekle namaz k\u0131l\u0131ns\u0131n!<o:o:o:o:o:p><\/o:o:o:o:o:p><\/span><\/b><\/span><\/div>\n<div><span><span style=\"color: #000000; font-family: Times New Roman; font-size: small;\"> <\/span><\/span><\/div>\n<div class=\"MsoNormal\" style=\"margin: 0cm 0cm 0pt; text-align: justify; line-height: 150%; text-indent: 1cm; mso-pagination: none;\"><span><b><span style=\"color: black; line-height: 150%; font-family: &quot;Arial&quot;,&quot;sans-serif&quot;; font-size: 10pt;\">Ba\u015f\u00f6rt\u00fcs\u00fc ile \u015farap i\u00e7ilip \u015fampanya patlat\u0131ls\u0131n!<o:o:o:o:o:p><\/o:o:o:o:o:p><\/span><\/b><\/span><\/div>\n<div><span><span style=\"color: #000000; font-family: Times New Roman; font-size: small;\"> <\/span><\/span><\/div>\n<div class=\"MsoNormal\" style=\"margin: 0cm 0cm 0pt; text-align: justify; line-height: 150%; text-indent: 1cm; mso-pagination: none;\"><span><b><span style=\"color: black; line-height: 150%; font-family: &quot;Arial&quot;,&quot;sans-serif&quot;; font-size: 10pt;\">Kilisede cenaze merasimi yap\u0131ls\u0131n!<o:o:o:o:o:p><\/o:o:o:o:o:p><\/span><\/b><\/span><\/div>\n<div><span><span style=\"color: #000000; font-family: Times New Roman; font-size: small;\"> <\/span><\/span><\/div>\n<div class=\"MsoNormal\" style=\"margin: 0cm 0cm 0pt; text-align: justify; line-height: 150%; text-indent: 1cm; mso-pagination: none;\"><span><b><span style=\"color: black; line-height: 150%; font-family: &quot;Arial&quot;,&quot;sans-serif&quot;; font-size: 10pt;\">Kilisedeki cenaze t\u00f6renini de bir imam y\u00f6netip g\u00fcnah \u00e7\u0131karts\u0131n!..<o:o:o:o:o:p><\/o:o:o:o:o:p><\/span><\/b><\/span><\/div>\n<div><span><span style=\"color: #000000; font-family: Times New Roman; font-size: small;\"> <\/span><\/span><\/div>\n<div class=\"MsoNormal\" style=\"margin: 0cm 0cm 0pt; text-align: justify; line-height: 150%; text-indent: 1cm; mso-pagination: none;\"><span style=\"color: black; line-height: 150%; font-family: &quot;Arial&quot;,&quot;sans-serif&quot;; font-size: 10pt; mso-bidi-font-weight: bold;\">Evet, seyrine ve keyfine doyum olmaz de\u011fil mi? \u0130\u015fte \u0131l\u0131ml\u0131 \u0130slamc\u0131lar\u0131n ve Dinler Aras\u0131 Diyalogcular\u0131n sonunda varmak istedikleri nokta buras\u0131d\u0131r. \u00d6z(Sabatay)k\u00f6k, bunu kestirmeden a\u00e7\u0131klam\u0131\u015ft\u0131r. Recep Erdo\u011fan ve Fetullah G\u00fclen gibi dola\u015ft\u0131r\u0131p durmaya gerek duymam\u0131\u015ft\u0131r.<o:o:o:o:o:p><\/o:o:o:o:o:p><\/span><\/div>\n<div><span><span style=\"color: #000000; font-family: Times New Roman; font-size: small;\"> <\/span><\/span><\/div>\n<div class=\"MsoNormal\" style=\"margin: 0cm 0cm 0pt; text-align: justify; line-height: 150%; text-indent: 1cm; mso-pagination: none;\"><span><b><span style=\"color: black; line-height: 150%; font-family: &quot;Arial&quot;,&quot;sans-serif&quot;; mso-bidi-font-size: 10.0pt;\"><span style=\"font-size: small;\">B\u00fct\u00fcn bu ac\u0131 ger\u00e7eklere ve sanc\u0131l\u0131 geli\u015fmelere ra\u011fmen, hala \u201cbizi CHP zihniyetinden kurtaracak\u201d diye AKP\u2019ye can simidi gibi sar\u0131lanlar\u2026 Hatta daha da beteri, Siyonist s\u00f6m\u00fcr\u00fc \u015febekesinin ve k\u00fcresel \u00e7etenin madalyal\u0131 ta\u015feronu ve tahsildar\u0131 olan Recep T. Erdo\u011fan Bey\u2019i ve AKP\u2019yi \u201cErbakan\u2019\u0131n devam\u0131, Milli G\u00f6r\u00fc\u015f\u00fcn ayn\u0131s\u0131\u201d san\u0131p savunanlar, bu gafletlerinin \u00fclkemizi hangi felaketlere s\u00fcr\u00fckledi\u011fini art\u0131k g\u00f6rmeleri laz\u0131md\u0131r. \u00c7\u00fcnk\u00fc yar\u0131nlar \u00e7ok ge\u00e7 kal\u0131nm\u0131\u015f olacakt\u0131r ve \u00e7ok daha a\u011f\u0131r bedeller \u00f6demek durumunda kal\u0131nacakt\u0131r. Bu arada, laiklik ve Kemalizm ad\u0131na hala imam hatiplilere, ba\u015f\u00f6rt\u00fcl\u00fclere ve dindar kesimlere sata\u015fmak i\u00e7in \u00e7\u0131rp\u0131nanlar da, toplumu \u00fcrk\u00fct\u00fcp AKP\u2019ye s\u0131\u011f\u0131nmalar\u0131n\u0131 sa\u011flamaktad\u0131r ve AKP\u2019ye mazeret ve me\u015fruiyet kazand\u0131rmaktad\u0131r. Yani kat\u0131 ulusalc\u0131larla \u0131l\u0131ml\u0131 \u0130slamc\u0131lar, s\u00f6zde kar\u015f\u0131t cephelerde, ama ayn\u0131 \u015feytani odaklara hizmet sunmaktad\u0131r.<o:o:o:o:o:p><\/o:o:o:o:o:p><\/span><\/span><\/b><\/span><\/div>\n<div><span><span style=\"color: #000000; font-family: Times New Roman; font-size: small;\"> <\/span><\/span><\/div>\n<div class=\"MsoNormal\" style=\"margin: 0cm 0cm 0pt; text-align: justify; line-height: 150%; text-indent: 1cm; mso-pagination: none;\"><span><b><span style=\"color: black; line-height: 150%; font-family: &quot;Arial&quot;,&quot;sans-serif&quot;; mso-bidi-font-size: 10.0pt;\"><span style=\"font-size: small;\">Ey AKP\u2019liler ve t\u00fcm dinlerini \u0131l\u0131mla\u015ft\u0131r\u0131p dejenere etmi\u015f kesimler ve onlara mazeret kazand\u0131ran Kemalist ge\u00e7inenler!<o:o:o:o:o:p><\/o:o:o:o:o:p><\/span><\/span><\/b><\/span><\/div>\n<div><span><span style=\"color: #000000; font-family: Times New Roman; font-size: small;\"> <\/span><\/span><\/div>\n<div class=\"MsoNormal\" style=\"margin: 0cm 0cm 0pt; text-align: justify; line-height: 150%; text-indent: 1cm; mso-pagination: none;\"><span><b><span style=\"color: black; line-height: 150%; font-family: &quot;Arial&quot;,&quot;sans-serif&quot;; mso-bidi-font-size: 10.0pt;\"><span style=\"font-size: small;\">Sizlerin Bat\u0131lda, yanl\u0131\u015fta, haks\u0131z ve dayanaks\u0131z bir yolda oldu\u011funuz ve \u015feytani g\u00fc\u00e7lere kullu\u011funuz, \u00f6yle kafadan de\u011fil, Kur\u2019an\u2019la ortaya konulmakta ve uyar\u0131lmaktad\u0131r.<o:o:o:o:o:p><\/o:o:o:o:o:p><\/span><\/span><\/b><\/span><\/div>\n<div><span><span style=\"color: #000000; font-family: Times New Roman; font-size: small;\"> <\/span><\/span><\/div>\n<div class=\"MsoNormal\" style=\"margin: 0cm 0cm 0pt; text-align: justify; line-height: 150%; text-indent: 1cm; mso-pagination: none;\"><span><b><i style=\"mso-bidi-font-style: normal;\"><span style=\"color: black; line-height: 150%; font-family: &quot;Arial&quot;,&quot;sans-serif&quot;; mso-bidi-font-size: 10.0pt;\"><span style=\"font-size: small;\">\u201cO (Kur\u2019an ki) b\u00fct\u00fcn alemler i\u00e7in bir zikir (ve hat\u0131rlatmad\u0131r). Onun haberinin (ve h\u00fck\u00fcmlerinin ger\u00e7ek ve ge\u00e7erli oldu\u011funu) bir zaman sonra kesinlikle bilip anlayacaks\u0131n\u0131z (Ama i\u015f i\u015ften ge\u00e7mi\u015f olacakt\u0131r)\u201d (Sad: 87-88)<o:o:o:o:o:p><\/o:o:o:o:o:p><\/span><\/span><\/i><\/b><\/span><\/div>\n<div><span><span style=\"color: #000000; font-family: Times New Roman; font-size: small;\"> <\/span><\/span><\/div>\n<div class=\"MsoNormal\" style=\"margin: 0cm 0cm 0pt; text-align: justify; line-height: 150%; text-indent: 1cm; mso-pagination: none;\"><span style=\"color: black; line-height: 150%; font-family: &quot;Arial&quot;,&quot;sans-serif&quot;; mso-bidi-font-weight: bold; mso-bidi-font-size: 10.0pt;\"><o:o:o:o:o:p><span style=\"font-size: small;\"> <\/span><\/o:o:o:o:o:p><\/span><\/div>\n<div><span><span style=\"color: #000000; font-family: Times New Roman; font-size: small;\"> <\/span><\/span><\/div>\n<div style=\"mso-element: footnote-list;\"><br clear=\"all\" \/><span><span style=\"color: #000000; font-family: Times New Roman; font-size: small;\">  <\/p>\n<hr width=\"33%\" size=\"1\" align=\"left\" \/> <\/span><\/span> <\/p>\n<div id=\"ftn1\" style=\"mso-element: footnote;\"><span><span style=\"color: #000000; font-family: Times New Roman; font-size: small;\"> <\/span><\/span> <\/p>\n<div class=\"MsoFootnoteText\" style=\"margin: 0cm 0cm 0pt; text-align: justify;\"><span><a name=\"_ftn1\" href=\"#_ftnref1\" style=\"mso-footnote-id: ftn1;\"><span class=\"MsoFootnoteReference\"><span lang=\"X-NONE\" style=\"font-family: &quot;Arial&quot;,&quot;sans-serif&quot;; font-size: 9pt;\"><span style=\"mso-special-character: footnote;\"><span class=\"MsoFootnoteReference\"><span lang=\"X-NONE\" style=\"font-family: &quot;Arial&quot;,&quot;sans-serif&quot;; font-size: 9pt; mso-fareast-font-family: Calibri; mso-ansi-language: X-NONE; mso-fareast-language: X-NONE; mso-bidi-language: AR-SA;\"><span style=\"text-decoration: underline;\"><span style=\"color: #0066cc;\">[1]<\/span><\/span><\/span><\/span><\/span><\/span><\/span><\/a><span lang=\"X-NONE\" style=\"font-family: &quot;Arial&quot;,&quot;sans-serif&quot;; font-size: 9pt;\"><span style=\"color: #000000;\"> odatv.com \/ S. Yal\u00e7\u0131n<o:o:o:o:o:p><\/o:o:o:o:o:p><\/span><\/span><\/span><\/div>\n<p> <span><span style=\"color: #000000; font-family: Times New Roman; font-size: small;\"> <\/span><\/span><\/div>\n<p> <span><span style=\"color: #000000; font-family: Times New Roman; font-size: small;\"> <\/span><\/span><\/div>\n<div><span><span style=\"color: #000000; font-family: Times New Roman; font-size: small;\"> <\/span><\/span><\/div>\n","protected":false},"excerpt":{"rendered":"<div><span>  <\/p>\n","protected":false},"author":12,"featured_media":0,"comment_status":"open","ping_status":"closed","sticky":false,"template":"","format":"standard","meta":{"footnotes":""},"categories":[126],"tags":[],"class_list":["post-2087","post","type-post","status-publish","format-standard","hentry","category-agustos-2011"],"_links":{"self":[{"href":"https:\/\/www.millicozum.com\/mc\/wp-json\/wp\/v2\/posts\/2087","targetHints":{"allow":["GET"]}}],"collection":[{"href":"https:\/\/www.millicozum.com\/mc\/wp-json\/wp\/v2\/posts"}],"about":[{"href":"https:\/\/www.millicozum.com\/mc\/wp-json\/wp\/v2\/types\/post"}],"author":[{"embeddable":true,"href":"https:\/\/www.millicozum.com\/mc\/wp-json\/wp\/v2\/users\/12"}],"replies":[{"embeddable":true,"href":"https:\/\/www.millicozum.com\/mc\/wp-json\/wp\/v2\/comments?post=2087"}],"version-history":[{"count":0,"href":"https:\/\/www.millicozum.com\/mc\/wp-json\/wp\/v2\/posts\/2087\/revisions"}],"wp:attachment":[{"href":"https:\/\/www.millicozum.com\/mc\/wp-json\/wp\/v2\/media?parent=2087"}],"wp:term":[{"taxonomy":"category","embeddable":true,"href":"https:\/\/www.millicozum.com\/mc\/wp-json\/wp\/v2\/categories?post=2087"},{"taxonomy":"post_tag","embeddable":true,"href":"https:\/\/www.millicozum.com\/mc\/wp-json\/wp\/v2\/tags?post=2087"}],"curies":[{"name":"wp","href":"https:\/\/api.w.org\/{rel}","templated":true}]}}