{"id":2092,"date":"2011-07-29T10:58:23","date_gmt":"2011-07-29T10:58:23","guid":{"rendered":"https:\/\/www.millicozum.com\/mc\/2011\/07\/29\/sabahattin-onkibarin-ve-sinan-meydanin-saptirmalari\/"},"modified":"2011-07-29T10:58:23","modified_gmt":"2011-07-29T10:58:23","slug":"sabahattin-onkibarin-ve-sinan-meydanin-saptirmalari","status":"publish","type":"post","link":"https:\/\/www.millicozum.com\/mc\/ozel-yazilar\/sabahattin-onkibarin-ve-sinan-meydanin-saptirmalari\/","title":{"rendered":"SABAHATT\u0130N \u00d6NK\u0130BAR\u2019IN VE S\u0130NAN MEYDAN\u2019IN SAPTIRMALARI"},"content":{"rendered":"<div>   <\/div>\n<div><span style=\"color: #000000; font-family: Times New Roman; font-size: small;\"> <\/span><\/div>\n<div align=\"center\" class=\"MsoNormal\" style=\"margin: 0cm 0cm 0pt; text-align: center; line-height: 150%; text-indent: 1cm;\"><b style=\"mso-bidi-font-weight: normal;\"><span style=\"line-height: 150%; font-family: &quot;Arial&quot;,&quot;sans-serif&quot;; font-size: 10pt; mso-bidi-font-size: 12.0pt;\"> <\/span><\/b><span style=\"color: #000000; font-family: Times New Roman; font-size: small;\"> <\/span><\/div>\n<div class=\"MsoNormal\" style=\"margin: 0cm 0cm 0pt; text-align: justify; line-height: 150%; text-indent: 1cm;\"><span style=\"color: #000000;\"><b style=\"mso-bidi-font-weight: normal;\"><i style=\"mso-bidi-font-style: normal;\"><span style=\"line-height: 150%; font-family: &quot;Arial&quot;,&quot;sans-serif&quot;; font-size: 11pt; mso-bidi-font-size: 14.0pt;\">\u201cK\u00f6k\u00fc d\u0131\u015far\u0131da bulunan h\u0131yanet ocaklar\u0131\u201d<\/span><\/i><\/b><span style=\"line-height: 150%; font-family: &quot;Arial&quot;,&quot;sans-serif&quot;; font-size: 11pt; mso-bidi-font-size: 14.0pt;\"> oldu\u011fu gerek\u00e7esiyle, Atat\u00fcrk\u2019\u00fcn kapatt\u0131\u011f\u0131, ama maalesef \u0130smet \u0130n\u00f6n\u00fc\u2019n\u00fcn \u00f6n\u00fcn\u00fc a\u00e7t\u0131\u011f\u0131 ve sonraki sa\u011fc\u0131 ve solcu malum siyasilerin u\u015fakl\u0131\u011f\u0131n\u0131 yapt\u0131\u011f\u0131 MASON LOCALARI eliyle, Gizli D\u00fcnya Devletini kurup y\u00fcr\u00fcten S\u0130YON\u0130ST YAHUD\u0130 odaklar\u0131n; \u00e7ok partili Cumhuriyet T\u00fcrkiyesinde ger\u00e7ekten korktuklar\u0131 ve s\u00fcrekli kurtulmaya \u00e7al\u0131\u015ft\u0131klar\u0131 bir tek Lider vard\u0131; o da Prof. Dr. Necmettin ERBAKAN\u2019d\u0131\u2026<o:o:o:p><\/o:o:o:p><\/span><\/span><\/div>\n<div><span style=\"color: #000000; font-family: Times New Roman; font-size: small;\"> <\/span><\/div>\n<div class=\"MsoNormal\" style=\"margin: 0cm 0cm 0pt; text-align: justify; line-height: 150%; text-indent: 1cm;\"><span style=\"line-height: 150%; font-family: &quot;Arial&quot;,&quot;sans-serif&quot;; font-size: 11pt; mso-bidi-font-size: 14.0pt;\"><span style=\"color: #000000;\">Toplumu oyalamak ve oy almak i\u00e7in horoz d\u00f6v\u00fc\u015f\u00fc yapt\u0131rd\u0131klar\u0131 sa\u011fc\u0131lar\u0131 ve solcular\u0131, \u0130slamc\u0131lar\u0131 ve ulusalc\u0131lar\u0131 besleyen ve yerine g\u00f6re destekleyen ve son kullanma tarihi bitince emekliye sevk eden bu \u015feytani odaklar\u0131n, sadece ERBAKAN\u2019dan g\u0131c\u0131k almalar\u0131 ve ba\u015far\u0131s\u0131z k\u0131lmak i\u00e7in her yola ba\u015fvurmalar\u0131, milli haysiyet ve cesaret sahibi tek Liderin ERBAKAN oldu\u011funun en a\u00e7\u0131k ispat\u0131yd\u0131! Bu nedenle Erbakan\u2019\u0131 anlamak, yan\u0131nda olmak ve sad\u0131k kalmak, bir insan\u0131n izan ve insaf ayar\u0131n\u0131 ortaya \u00e7\u0131karan bir k\u0131stas aynas\u0131yd\u0131.<o:o:o:p><\/o:o:o:p><\/span><\/span><\/div>\n<div><span style=\"color: #000000; font-family: Times New Roman; font-size: small;\"> <\/span><\/div>\n<div class=\"MsoNormal\" style=\"margin: 0cm 0cm 0pt; text-align: justify; line-height: 150%; text-indent: 1cm;\"><span style=\"line-height: 150%; font-family: &quot;Arial&quot;,&quot;sans-serif&quot;; font-size: 11pt; mso-bidi-font-size: 14.0pt;\"><span style=\"color: #000000;\">\u00c7\u00fcnk\u00fc Erbakan Siyonizmin ve g\u00fcd\u00fcm\u00fcndeki emperyalizmin, kapitalist ve kom\u00fcnist s\u00f6m\u00fcr\u00fc ve zul\u00fcm sistemlerine alternatif, ge\u00e7erli ve gerekli ilmi bir proje olan Adil D\u00fczen\u2019i ve bunu hayata ge\u00e7irecek D-8\u2019ler gibi siyasi ve evrensel organizeyi ortaya koymay\u0131 ba\u015faran tek insand\u0131.<o:o:o:p><\/o:o:o:p><\/span><\/span><\/div>\n<div><span style=\"color: #000000; font-family: Times New Roman; font-size: small;\"> <\/span><\/div>\n<div class=\"MsoNormal\" style=\"margin: 0cm 0cm 0pt; text-align: justify; line-height: 150%; text-indent: 1cm;\"><span style=\"line-height: 150%; font-family: &quot;Arial&quot;,&quot;sans-serif&quot;; font-size: 11pt; mso-bidi-font-size: 14.0pt;\"><span style=\"color: #000000;\">AKP\u2019nin bile, Erbakan\u2019a h\u0131yanet yap\u0131p ayr\u0131lmak ve Milli G\u00f6r\u00fc\u015f g\u00f6mle\u011fini \u00e7\u0131kar\u0131p atmak kar\u015f\u0131l\u0131\u011f\u0131 iktidara ta\u015f\u0131nd\u0131\u011f\u0131n\u0131 hala anlamamak i\u00e7in herhalde zek\u00e2 \u00f6z\u00fcrl\u00fc olmak laz\u0131md\u0131.<o:o:o:p><\/o:o:o:p><\/span><\/span><\/div>\n<div><span style=\"color: #000000; font-family: Times New Roman; font-size: small;\"> <\/span><\/div>\n<div class=\"MsoNormal\" style=\"margin: 0cm 0cm 0pt; text-align: justify; line-height: 150%; text-indent: 1cm;\"><span style=\"line-height: 150%; font-family: &quot;Arial&quot;,&quot;sans-serif&quot;; font-size: 11pt; mso-bidi-font-size: 14.0pt;\"><span style=\"color: #000000;\">\u015eu yeni Osmanl\u0131 misyonu palavras\u0131yla, elde kalan son s\u0131\u011f\u0131na\u011f\u0131m\u0131z ve vatan\u0131m\u0131z T\u00fcrkiye\u2019yi bile federasyonlara ay\u0131r\u0131p par\u00e7alaman\u0131n k\u00e2hyal\u0131\u011f\u0131n\u0131 ve 27 \u0130slam \u00fclkesini b\u00f6lmeyi ama\u00e7layan BOP\u2019un e\u015fba\u015fkanl\u0131\u011f\u0131n\u0131 y\u00fcr\u00fcten Recep T. Erdo\u011fan AKP\u2019siyle, Ona mazeret ve me\u015fruiyet \u00fcretmekten, hatta sahte bir cesaret ve yi\u011fitlik pozisyonu edinmesine sebebiyet vermekten ba\u015fka bir marifet ve meziyeti g\u00f6r\u00fclmeyen, g\u00fcya sert muhalefet yap\u0131yormu\u015f gibi horozlan\u0131p, sonunda teslimiyet g\u00f6steren CHP ve MHP\u2019nin, ayn\u0131 kom\u00fcnist ve ink\u00e2rc\u0131 felsefeyi benimseyen BDP ile Masonik Kemalistlerin ve ulusalc\u0131 kesimlerin, hepsinin ayn\u0131 BATI zihniyetinin ve ayn\u0131 Siyonist merkezlerin fig\u00fcranlar\u0131 oldu\u011funu idrak etmek, kurtulu\u015fun ilk ad\u0131m\u0131 ve anahtar\u0131d\u0131r.<o:o:o:p><\/o:o:o:p><\/span><\/span><\/div>\n<div><span style=\"color: #000000; font-family: Times New Roman; font-size: small;\"> <\/span><\/div>\n<div class=\"MsoNormal\" style=\"margin: 0cm 0cm 0pt; text-align: justify; line-height: 150%; text-indent: 1cm;\"><b style=\"mso-bidi-font-weight: normal;\"><span style=\"line-height: 150%; font-family: &quot;Arial&quot;,&quot;sans-serif&quot;; font-size: 10pt; mso-bidi-font-size: 12.0pt;\"><span style=\"color: #000000;\">D\u0131\u015fi\u015fleri Eski Bakan\u0131 ve Anayasa Hukuku Profes\u00f6r\u00fc M\u00fcmtaz Soysal K\u0131br\u0131s Bar\u0131\u015f Harek\u00e2t\u0131\u2019n\u0131n temelindeki ismin Necmettin Erbakan oldu\u011funu vurgulam\u0131\u015ft\u0131.<o:o:o:p><\/o:o:o:p><\/span><\/span><\/b><\/div>\n<div><span style=\"color: #000000; font-family: Times New Roman; font-size: small;\"> <\/span><\/div>\n<div class=\"MsoNormal\" style=\"margin: 0cm 0cm 0pt; text-align: justify; line-height: 150%; text-indent: 1cm;\"><span style=\"line-height: 150%; font-family: &quot;Arial&quot;,&quot;sans-serif&quot;; font-size: 10pt; mso-bidi-font-size: 12.0pt;\"><span style=\"color: #000000;\">D\u0131\u015fi\u015fleri Eski Bakan\u0131 ve Anayasa Hukuku Profes\u00f6r\u00fc M\u00fcmtaz Soysal K\u0131br\u0131s Bar\u0131\u015f Harek\u00e2t\u0131\u2019n\u0131n 37&#8217;nci y\u0131ld\u00f6n\u00fcm\u00fc ile ilgili Milli Gazeteye de\u011ferlendirmelerde bulunarak, harek\u00e2t\u0131n temelinde Erbakan&#8217;\u0131n oldu\u011funu vurgulam\u0131\u015ft\u0131.<o:o:o:p><\/o:o:o:p><\/span><\/span><\/div>\n<div><span style=\"color: #000000; font-family: Times New Roman; font-size: small;\"> <\/span><\/div>\n<div class=\"MsoNormal\" style=\"margin: 0cm 0cm 0pt; text-align: justify; line-height: 150%; text-indent: 1cm;\"><span style=\"line-height: 150%; font-family: &quot;Arial&quot;,&quot;sans-serif&quot;; font-size: 10pt; mso-bidi-font-size: 12.0pt;\"><span style=\"color: #000000;\">K\u0131br\u0131s Bar\u0131\u015f Harek\u00e2t\u0131\u2019n\u0131n y\u0131ld\u00f6n\u00fcm\u00fcnde Milli Gazete ar\u015fivinde ortaya \u00e7\u0131kard\u0131\u011f\u0131m\u0131z o g\u00fcnlerin man\u015fetleri de olaylar\u0131 apa\u00e7\u0131k ortaya koymaktayd\u0131. D\u00f6nemin Ba\u015fbakan Yard\u0131mc\u0131s\u0131 ve Mili G\u00f6r\u00fc\u015f Lideri Merhum Prof. Dr. Necmettin Erbakan&#8217;\u0131n 19 Temmuz g\u00fcn\u00fc TBMM&#8217;ye gizli oturumda bilgi verildi\u011fini duyurduktan bir sonraki g\u00fcn olan 20 Temmuzda ise &#8216;\u00c7\u0131karma Gemilerimiz Akdeniz&#8217;e a\u00e7\u0131ld\u0131&#8217; man\u015fetini atm\u0131\u015ft\u0131. 21 Temmuz g\u00fcn\u00fc ise Milli Gazete&#8217;nin s\u00fcrman\u015fetinden Erbakan \u015funlar\u0131 a\u00e7\u0131klam\u0131\u015ft\u0131:<o:o:o:p><\/o:o:o:p><\/span><\/span><\/div>\n<div><span style=\"color: #000000; font-family: Times New Roman; font-size: small;\"> <\/span><\/div>\n<div class=\"MsoNormal\" style=\"margin: 0cm 0cm 0pt; text-align: justify; line-height: 150%; text-indent: 1cm;\"><b style=\"mso-bidi-font-weight: normal;\"><i style=\"mso-bidi-font-style: normal;\"><span style=\"line-height: 150%; font-family: &quot;Arial&quot;,&quot;sans-serif&quot;; font-size: 10pt; mso-bidi-font-size: 12.0pt;\"><span style=\"color: #000000;\">\u201cKahraman Ordumuz d\u00fcn K\u0131br\u0131s&#8217;a yapt\u0131\u011f\u0131 \u00e7\u0131karma ve indirme harek\u00e2t\u0131 yapt\u0131. Cenab-\u0131 Hak bu harek\u00e2ttan dolay\u0131 milletimize ve b\u00fct\u00fcn insanl\u0131\u011fa hay\u0131rl\u0131 neticeler versin.\u201d<o:o:o:p><\/o:o:o:p><\/span><\/span><\/i><\/b><\/div>\n<div><span style=\"color: #000000; font-family: Times New Roman; font-size: small;\"> <\/span><\/div>\n<div class=\"MsoNormal\" style=\"margin: 0cm 0cm 0pt; text-align: justify; line-height: 150%; text-indent: 1cm;\"><span style=\"line-height: 150%; font-family: &quot;Arial&quot;,&quot;sans-serif&quot;; font-size: 10pt; mso-bidi-font-size: 12.0pt;\"><span style=\"color: #000000;\">Ayn\u0131 g\u00fcn MSP&#8217;li vekillerin de birer maa\u015flar\u0131n\u0131 T\u00fcrk Silahl\u0131 Kuvvetleri&#8217;ne ba\u011f\u0131\u015flad\u0131klar\u0131 bildirilmi\u015f, 22 Temmuz g\u00fcn\u00fc ise gazete &#8216;Ordu Zafere Ula\u015ft\u0131&#8217; c\u00fcmlesine yer verdi\u011fi man\u015fetinde Yunan Birliklerinin de geri p\u00fcsk\u00fcrt\u00fcld\u00fc\u011f\u00fc detayl\u0131 bir \u015fekilde anlat\u0131lm\u0131\u015ft\u0131. 26 Temmuz Cuma g\u00fcnk\u00fc gazete de ise Erbakan ve beraberindeki d\u00f6nemin MSP&#8217;li bakanlar\u0131 ile yine d\u00f6nemin Genel Kurmay Ba\u015fkan\u0131 olan Orgeneral Semih Sancar&#8217;\u0131 ziyaret ederek, orduya te\u015fekk\u00fcr ziyaretinde bulundu\u011fu yer alm\u0131\u015ft\u0131. K\u0131br\u0131s Bar\u0131\u015f Harek\u00e2t\u0131 sonras\u0131 kazan\u0131lan zaferi oya d\u00f6n\u00fc\u015ft\u00fcrmek isteyen Ecevit\u2019in ald\u0131\u011f\u0131 se\u00e7im karar\u0131n\u0131 21 Eyl\u00fcl g\u00fcnk\u00fc man\u015fetinden duyuran Milli Gazete, TV&#8217;de h\u00fck\u00fcmet bunal\u0131m\u0131 konusunda konu\u015fan Zafer Gazetesi Muhabiri H\u00fcda B\u0131y\u0131k, &#8216;Erbakan 3 g\u00fcn vekil kald\u0131 K\u0131br\u0131s&#8217;\u0131n yar\u0131s\u0131n\u0131 ald\u0131k, 13 g\u00fcn vekil kalsayd\u0131 tamam\u0131n\u0131 al\u0131rd\u0131k&#8217; diyerek tarihi bir ger\u00e7e\u011fe terc\u00fcman olmaktayd\u0131.<o:o:o:p><\/o:o:o:p><\/span><\/span><\/div>\n<div><span style=\"color: #000000; font-family: Times New Roman; font-size: small;\"> <\/span><\/div>\n<div class=\"MsoNormal\" style=\"margin: 0cm 0cm 0pt; text-align: justify; line-height: 150%; text-indent: 1cm;\"><b style=\"mso-bidi-font-weight: normal;\"><span style=\"line-height: 150%; font-family: &quot;Arial&quot;,&quot;sans-serif&quot;; font-size: 10pt; mso-bidi-font-size: 12.0pt;\"><span style=\"color: #000000;\">Prof. M\u00fcmtaz Soysal da do\u011frulam\u0131\u015ft\u0131:<o:o:o:p><\/o:o:o:p><\/span><\/span><\/b><\/div>\n<div><span style=\"color: #000000; font-family: Times New Roman; font-size: small;\"> <\/span><\/div>\n<div class=\"MsoNormal\" style=\"margin: 0cm 0cm 0pt; text-align: justify; line-height: 150%; text-indent: 1cm;\"><span style=\"line-height: 150%; font-family: &quot;Arial&quot;,&quot;sans-serif&quot;; font-size: 10pt; mso-bidi-font-size: 12.0pt;\"><span style=\"color: #000000;\">D\u0131\u015fi\u015fleri Eski Bakan\u0131 ve Anayasa Hukuku Profes\u00f6r\u00fc M\u00fcmtaz Soysal K\u0131br\u0131s Bar\u0131\u015f Harek\u00e2t\u0131\u2019n\u0131n 37&#8217;inci y\u0131ld\u00f6n\u00fcm\u00fc ile ilgili Milli Gazeteye de\u011ferlendirmelerde bulunarak, harek\u00e2t\u0131n temelinde Ecevit\u2019in de\u011fil Erbakan&#8217;\u0131n oldu\u011funu \u015fu s\u00f6zlerle hat\u0131rlatm\u0131\u015ft\u0131:<o:o:o:p><\/o:o:o:p><\/span><\/span><\/div>\n<div><span style=\"color: #000000; font-family: Times New Roman; font-size: small;\"> <\/span><\/div>\n<div class=\"MsoNormal\" style=\"margin: 0cm 0cm 0pt; text-align: justify; line-height: 150%; text-indent: 1cm;\"><b style=\"mso-bidi-font-weight: normal;\"><i style=\"mso-bidi-font-style: normal;\"><span style=\"line-height: 150%; font-family: &quot;Arial&quot;,&quot;sans-serif&quot;; font-size: 10pt; mso-bidi-font-size: 12.0pt;\"><span style=\"color: #000000;\">\u201cK\u0131br\u0131s Sorunu T\u00fcrkiye i\u00e7in \u00e7ok \u00f6nemli olan bir uzla\u015fmay\u0131 sa\u011flam\u0131\u015ft\u0131. \u201cNe Cumhuriyet din d\u00fc\u015fman\u0131d\u0131r ne de din cumhuriyet d\u00fc\u015fman\u0131d\u0131r\u201d ger\u00e7e\u011fi ortaya \u00e7\u0131km\u0131\u015ft\u0131. Bunlar\u0131n bir araya geli\u015finde Erbakan&#8217;\u0131n K\u0131br\u0131s\u2019a bir harek\u00e2t yap\u0131lmas\u0131 konusundaki ciddi ve cesaretli tavr\u0131n\u0131n b\u00fcy\u00fck pay\u0131 vard\u0131. Sadece d\u0131\u015f politika bak\u0131m\u0131ndan de\u011fil i\u00e7 politika bak\u0131m\u0131ndan da Cumhuriyetin ve toplumun temel nitelikleri bak\u0131m\u0131ndan \u00e7ok \u00f6nemli bir ad\u0131md\u0131. Say\u0131n Erbakan ki\u015filik yap\u0131s\u0131, a\u011f\u0131rba\u015fl\u0131l\u0131\u011f\u0131, sa\u011fduyusu, bilgisi ve milli duyarl\u0131l\u0131\u011f\u0131yla zaten ge\u00e7mi\u015fimize damgas\u0131n\u0131 vurmu\u015f olan ender yeti\u015ftirdi\u011fimiz bir insand\u0131r.\u201d<\/span><a name=\"_ftnref1\" href=\"#_ftn1\" style=\"mso-footnote-id: ftn1;\"><span class=\"MsoFootnoteReference\"><span style=\"mso-special-character: footnote;\"><span class=\"MsoFootnoteReference\"><b style=\"mso-bidi-font-weight: normal;\"><span style=\"font-family: &quot;Arial&quot;,&quot;sans-serif&quot;; font-size: 10pt; mso-bidi-font-size: 12.0pt; mso-fareast-font-family: &quot;Times New Roman&quot;; mso-ansi-language: TR; mso-fareast-language: TR; mso-bidi-language: AR-SA;\"><span style=\"text-decoration: underline;\"><span style=\"color: #0066cc;\">[1]<\/span><\/span><\/span><\/b><\/span><\/span><\/span><\/a><o:o:o:p><\/o:o:o:p><\/span><\/i><\/b><\/div>\n<div><span style=\"color: #000000; font-family: Times New Roman; font-size: small;\"> <\/span><\/div>\n<div class=\"MsoNormal\" style=\"margin: 0cm 0cm 0pt; text-align: justify; line-height: 150%; text-indent: 1cm;\"><b style=\"mso-bidi-font-weight: normal;\"><span style=\"line-height: 150%; font-family: &quot;Arial&quot;,&quot;sans-serif&quot;; font-size: 11pt; mso-bidi-font-size: 14.0pt;\"><span style=\"color: #000000;\">B\u00fct\u00fcn bu ger\u00e7eklere ra\u011fmen Kanal 99 (Sa\u011fl\u0131k TV)de Sabahattin \u00d6nkibar\u2019\u0131n program\u0131na konuk al\u0131nan Abdullah Terzi\u2019nin, tam bir terslik ve tereslikle:<o:o:o:p><\/o:o:o:p><\/span><\/span><\/b><\/div>\n<div><span style=\"color: #000000; font-family: Times New Roman; font-size: small;\"> <\/span><\/div>\n<div class=\"MsoNormal\" style=\"margin: 0cm 0cm 0pt; text-align: justify; line-height: 150%; text-indent: 1cm;\"><b style=\"mso-bidi-font-weight: normal;\"><span style=\"line-height: 150%; font-family: &quot;Arial&quot;,&quot;sans-serif&quot;; font-size: 10pt; mso-bidi-font-size: 12.0pt;\"><span style=\"color: #000000;\">\u201cDinleraras\u0131 diyalog safsatalar\u0131n\u0131, Kelime-i Tevhitten \u201cMuhammed\u00fcn Resul\u00fcllah\u201d\u0131 \u00e7\u0131karma sapk\u0131nl\u0131\u011f\u0131n\u0131 ve AKP\u2019nin b\u00fct\u00fcn tahribatlar\u0131n\u0131 Erbakan\u2019a ve Milli G\u00f6r\u00fc\u015f\u2019e yamamak i\u00e7in IGMG\u2019nin baz\u0131 ferdi ve fevri yanl\u0131\u015fl\u0131klar\u0131n\u0131 \u00f6ne \u00e7\u0131karma, ama Fetullah\u00e7\u0131lar\u0131 hi\u00e7 a\u011fz\u0131na almama sahtek\u00e2rl\u0131\u011f\u0131n\u0131 ve Sabahattin \u00d6nkibar\u2019\u0131n bu vartalar\u0131 i\u015ftahla dinleyip \u00e7anak tutan sorularla \u00f6n\u00fcn\u00fc a\u00e7ma tavr\u0131n\u0131 izlerken \u015fa\u015f\u0131rm\u0131\u015ft\u0131k, (9 Temmuz 2011 Cumartesi saat: 24-01) hakl\u0131 ve hay\u0131rl\u0131 yolda olman\u0131n onurunu ve huzurunu bir kez daha duyup ferahlam\u0131\u015ft\u0131k. Ve zaten aynen AKP\u2019liler misali Haydar Ba\u015f gibi eski Milli G\u00f6r\u00fc\u015f d\u00f6ne\u011fi olan \u00e7akma proflar\u0131n pohpohlay\u0131c\u0131lar\u0131n konu\u015fturup-kusturup Erbakan ve Milli G\u00f6r\u00fc\u015f h\u0131nc\u0131n\u0131 tatmine \u00e7al\u0131\u015fan tav\u0131rlar\u0131 ciddiyet ve milli haysiyetle ba\u011fda\u015ft\u0131ramam\u0131\u015ft\u0131k. <o:o:o:p><\/o:o:o:p><\/span><\/span><\/b><\/div>\n<div><span style=\"color: #000000; font-family: Times New Roman; font-size: small;\"> <\/span><\/div>\n<div class=\"MsoNormal\" style=\"margin: 0cm 0cm 0pt; text-align: justify; line-height: 150%; text-indent: 1cm; tab-stops: list 0cm left 54.0pt 63.0pt;\"><b style=\"mso-bidi-font-weight: normal;\"><span style=\"line-height: 150%; font-family: &quot;Arial&quot;,&quot;sans-serif&quot;; font-size: 10pt; mso-bidi-font-size: 12.0pt;\"><span style=\"color: #000000;\">Hem bu Sn. Sabahattin \u00d6nkibar bir zamanlar\u0131n \u00e7ok h\u0131zl\u0131 ve az\u0131l\u0131 \u00fclk\u00fcc\u00fclerinin, hatta Rahmetli T\u00fcrke\u015f\u2019in prensinin bug\u00fcn Recep T. Erdo\u011fan\u2019a yalakal\u0131k ve yana\u015fmal\u0131k yapt\u0131klar\u0131n\u0131 ve kar\u015f\u0131l\u0131\u011f\u0131nda milletvekilli\u011fi, belediye reisli\u011fi ve y\u00fcksek b\u00fcrokrasi kazand\u0131klar\u0131n\u0131 niye hi\u00e7 konu\u015fmamaktad\u0131r? AKP\u2019nin haydi % 20\u2019si eski Milli G\u00f6r\u00fc\u015f\u00e7\u00fc ise, di\u011fer % 30\u2019un eski sa\u011fc\u0131 ve solculardan geldi\u011fini niye hesaba katmamakta ve onlar\u0131 su\u00e7lamamaktad\u0131r?<o:o:o:p><\/o:o:o:p><\/span><\/span><\/b><\/div>\n<div><span style=\"color: #000000; font-family: Times New Roman; font-size: small;\"> <\/span><\/div>\n<div class=\"MsoNormal\" style=\"margin: 0cm 0cm 0pt; text-align: justify; line-height: 150%; text-indent: 1cm;\"><b style=\"mso-bidi-font-weight: normal;\"><span style=\"line-height: 150%; font-family: &quot;Arial&quot;,&quot;sans-serif&quot;; font-size: 10pt; mso-bidi-font-size: 12.0pt;\"><span style=\"color: #000000;\">Recep Erdo\u011fan\u2019\u0131 Erbakan\u2019\u0131n devam\u0131 saymak;<o:o:o:p><\/o:o:o:p><\/span><\/span><\/b><\/div>\n<div><span style=\"color: #000000; font-family: Times New Roman; font-size: small;\"> <\/span><\/div>\n<div class=\"MsoNormal\" style=\"margin: 0cm 0cm 0pt; text-align: justify; line-height: 150%; text-indent: 1cm; tab-stops: list 0cm left 54.0pt 63.0pt; mso-list: l1 level1 lfo1;\"><span style=\"color: #000000;\"><b style=\"mso-bidi-font-weight: normal;\"><span style=\"line-height: 150%; font-family: &quot;Arial&quot;,&quot;sans-serif&quot;; font-size: 10pt; mso-bidi-font-size: 12.0pt; mso-fareast-font-family: Arial;\"><span style=\"mso-list: Ignore;\">a)<span style=\"font: 7pt\/normal &quot;Times New Roman&quot;; font-size-adjust: none; font-stretch: normal;\"> <\/span><\/span><\/span><\/b><b style=\"mso-bidi-font-weight: normal;\"><span style=\"line-height: 150%; font-family: &quot;Arial&quot;,&quot;sans-serif&quot;; font-size: 10pt; mso-bidi-font-size: 12.0pt;\">Erbakan\u2019\u0131 ve Milli G\u00f6r\u00fc\u015f\u2019\u00fc karalay\u0131p k\u00f6k\u00fcn\u00fc kurutmak<o:o:o:p><\/o:o:o:p><\/span><\/b><\/span><\/div>\n<div><span style=\"color: #000000; font-family: Times New Roman; font-size: small;\"> <\/span><\/div>\n<div class=\"MsoNormal\" style=\"margin: 0cm 0cm 0pt; text-align: justify; line-height: 150%; text-indent: 1cm; tab-stops: list 0cm left 54.0pt 63.0pt; mso-list: l1 level1 lfo1;\"><span style=\"color: #000000;\"><b style=\"mso-bidi-font-weight: normal;\"><span style=\"line-height: 150%; font-family: &quot;Arial&quot;,&quot;sans-serif&quot;; font-size: 10pt; mso-bidi-font-size: 12.0pt; mso-fareast-font-family: Arial;\"><span style=\"mso-list: Ignore;\">b)<span style=\"font: 7pt\/normal &quot;Times New Roman&quot;; font-size-adjust: none; font-stretch: normal;\"> <\/span><\/span><\/span><\/b><b style=\"mso-bidi-font-weight: normal;\"><span style=\"line-height: 150%; font-family: &quot;Arial&quot;,&quot;sans-serif&quot;; font-size: 10pt; mso-bidi-font-size: 12.0pt;\">AKP\u2019yi aklay\u0131p temize \u00e7\u0131karmak ve Ona me\u015fruiyet kazand\u0131rmak isteyen Siyonist merkezlerin ve yerli hizmet\u00e7ilerinin as\u0131ls\u0131z bir \u00e7arp\u0131tmas\u0131d\u0131r. Acaba bunlar, bir tek Milli G\u00f6r\u00fc\u015f\u00e7\u00fc ve Saadet Partili bile b\u0131rakmay\u0131p, hepsini zorla AKP\u2019li ve Siyonizm i\u015fbirlik\u00e7isi yapmak \u00fczere, \u00f6zel bir talimat m\u0131 alm\u0131\u015flard\u0131r?<o:o:o:p><\/o:o:o:p><\/span><\/b><\/span><\/div>\n<div><span style=\"color: #000000; font-family: Times New Roman; font-size: small;\"> <\/span><\/div>\n<div class=\"MsoNormal\" style=\"margin: 0cm 0cm 0pt; text-align: justify; line-height: 150%; text-indent: 1cm;\"><b style=\"mso-bidi-font-weight: normal;\"><span style=\"line-height: 150%; font-family: &quot;Arial&quot;,&quot;sans-serif&quot;; font-size: 11pt; mso-bidi-font-size: 14.0pt;\"><span style=\"color: #000000;\">Bunun gibi: <o:o:o:p><\/o:o:o:p><\/span><\/span><\/b><\/div>\n<div><span style=\"color: #000000; font-family: Times New Roman; font-size: small;\"> <\/span><\/div>\n<div class=\"MsoNormal\" style=\"margin: 0cm 0cm 0pt; text-align: justify; line-height: 150%; text-indent: 1cm;\"><i style=\"mso-bidi-font-style: normal;\"><span style=\"line-height: 150%; font-family: &quot;Arial&quot;,&quot;sans-serif&quot;; font-size: 10pt; mso-bidi-font-size: 12.0pt;\"><span style=\"color: #000000;\">\u201cAKP Genel Ba\u015fkan\u0131 Ba\u015fbakan Recep Tayyip Erdo\u011fan, bir se\u00e7im zaferinden sonra yapt\u0131\u011f\u0131 balkon konu\u015fmas\u0131n\u0131n sat\u0131r aralar\u0131nda \u00e7ok sinsi, ama s\u0131r\u0131tan mesajlar vard\u0131.<o:o:o:p><\/o:o:o:p><\/span><\/span><\/i><\/div>\n<div><span style=\"color: #000000; font-family: Times New Roman; font-size: small;\"> <\/span><\/div>\n<div class=\"MsoNormal\" style=\"margin: 0cm 0cm 0pt; text-align: justify; line-height: 150%; text-indent: 1cm;\"><i style=\"mso-bidi-font-style: normal;\"><span style=\"line-height: 150%; font-family: &quot;Arial&quot;,&quot;sans-serif&quot;; font-size: 10pt; mso-bidi-font-size: 12.0pt;\"><span style=\"color: #000000;\">Ba\u015fbakan\u2019\u0131n, balkon konu\u015fmas\u0131ndaki baz\u0131 s\u00f6zleri; Ba\u015fbakan\u2019\u0131n art\u0131k kendisini sadece T\u00fcrkiye Cumhuriyeti\u2019nin bir ba\u015fbakan\u0131 olarak de\u011fil de Yeni Osmanl\u0131\u2019n\u0131n bir padi\u015fah\u0131 olarak g\u00f6rd\u00fc\u011f\u00fcn\u00fc ortaya koymaktayd\u0131.<o:o:o:p><\/o:o:o:p><\/span><\/span><\/i><\/div>\n<div><span style=\"color: #000000; font-family: Times New Roman; font-size: small;\"> <\/span><\/div>\n<div class=\"MsoNormal\" style=\"margin: 0cm 0cm 0pt; text-align: justify; line-height: 150%; text-indent: 1cm;\"><i style=\"mso-bidi-font-style: normal;\"><span style=\"line-height: 150%; font-family: &quot;Arial&quot;,&quot;sans-serif&quot;; font-size: 10pt; mso-bidi-font-size: 12.0pt;\"><span style=\"color: #000000;\">\u201c\u2026G\u00f6zlerini T\u00fcrkiye\u2019ye \u00e7evirmi\u015f, gelen haberleri b\u00fcy\u00fck bir heyecanla takip eden, \u015eam, Kahire, Tunus, Saraybosna, Lefko\u015fe\u2019yi dost ve karde\u015f \u00fclkeleri muhabbetle selaml\u0131yorum\u2026 <o:o:o:p><\/o:o:o:p><\/span><\/span><\/i><\/div>\n<div><span style=\"color: #000000; font-family: Times New Roman; font-size: small;\"> <\/span><\/div>\n<div class=\"MsoNormal\" style=\"margin: 0cm 0cm 0pt; text-align: justify; line-height: 150%; text-indent: 1cm;\"><i style=\"mso-bidi-font-style: normal;\"><span style=\"line-height: 150%; font-family: &quot;Arial&quot;,&quot;sans-serif&quot;; font-size: 10pt; mso-bidi-font-size: 12.0pt;\"><span style=\"color: #000000;\">\u2026.\u0130zmir kadar, \u015eam kazanm\u0131\u015ft\u0131r, Diyarbak\u0131r kadar Ramallah, Nablus, Cenin, Kud\u00fcs, Gazze kazanm\u0131\u015ft\u0131r.\u201d <o:o:o:p><\/o:o:o:p><\/span><\/span><\/i><\/div>\n<div><span style=\"color: #000000; font-family: Times New Roman; font-size: small;\"> <\/span><\/div>\n<div class=\"MsoNormal\" style=\"margin: 0cm 0cm 0pt; text-align: justify; line-height: 150%; text-indent: 1cm;\"><i style=\"mso-bidi-font-style: normal;\"><span style=\"line-height: 150%; font-family: &quot;Arial&quot;,&quot;sans-serif&quot;; font-size: 10pt; mso-bidi-font-size: 12.0pt;\"><span style=\"color: #000000;\">Diyen Ba\u015fbakan\u2019a kimse sormam\u0131\u015ft\u0131:<o:o:o:p><\/o:o:o:p><\/span><\/span><\/i><\/div>\n<div><span style=\"color: #000000; font-family: Times New Roman; font-size: small;\"> <\/span><\/div>\n<div class=\"MsoNormal\" style=\"margin: 0cm 0cm 0pt; text-align: justify; line-height: 150%; text-indent: 1cm;\"><i style=\"mso-bidi-font-style: normal;\"><span style=\"line-height: 150%; font-family: &quot;Arial&quot;,&quot;sans-serif&quot;; font-size: 10pt; mso-bidi-font-size: 12.0pt;\"><span style=\"color: #000000;\">Neden, \u015eam, Kahire, Tunus, Saraybosna g\u00f6zlerini T\u00fcrkiye\u2019ye \u00e7evirip AKP\u2019nin zafer haberlerini bekleyip durmu\u015flard\u0131?<o:o:o:p><\/o:o:o:p><\/span><\/span><\/i><\/div>\n<div><span style=\"color: #000000; font-family: Times New Roman; font-size: small;\"> <\/span><\/div>\n<div class=\"MsoNormal\" style=\"margin: 0cm 0cm 0pt; text-align: justify; line-height: 150%; text-indent: 1cm;\"><i style=\"mso-bidi-font-style: normal;\"><span style=\"line-height: 150%; font-family: &quot;Arial&quot;,&quot;sans-serif&quot;; font-size: 10pt; mso-bidi-font-size: 12.0pt;\"><span style=\"color: #000000;\">Neden, AKP\u2019nin se\u00e7imi kazanmas\u0131yla \u015eam, Ramallah, Nablus, Cenin, K\u00fcd\u00fcs, Gazze kazanm\u0131\u015ft\u0131?<o:o:o:p><\/o:o:o:p><\/span><\/span><\/i><\/div>\n<div><span style=\"color: #000000; font-family: Times New Roman; font-size: small;\"> <\/span><\/div>\n<div class=\"MsoNormal\" style=\"margin: 0cm 0cm 0pt; text-align: justify; line-height: 150%; text-indent: 1cm;\"><i style=\"mso-bidi-font-style: normal;\"><span style=\"line-height: 150%; font-family: &quot;Arial&quot;,&quot;sans-serif&quot;; font-size: 10pt; mso-bidi-font-size: 12.0pt;\"><span style=\"color: #000000;\">Sonu\u00e7ta bu se\u00e7im ba\u015far\u0131s\u0131 \u201culuslararas\u0131 bir ba\u015far\u0131\u201d de\u011fil \u201culusal\u201d bir ba\u015far\u0131d\u0131r. Bu se\u00e7im, T\u00fcrkiye\u2019de yap\u0131lm\u0131\u015ft\u0131 ve AKP\u2019ye de sadece \u201cT\u00fcrkiye Cumhuriyeti\u201d vatanda\u015flar\u0131 oy atm\u0131\u015ft\u0131. AKP, ne \u015eam\u2019dan ne Kahire\u2019den, ne Tunus\u2019tan, ne Ramallah\u2019tan, ne Nablus\u2019tan, ne Saraybosna\u2019dan, ne de Cenin, K\u00fcd\u00fcs ve Gazze\u2019den oy almam\u0131\u015ft\u0131.<o:o:o:p><\/o:o:o:p><\/span><\/span><\/i><\/div>\n<div><span style=\"color: #000000; font-family: Times New Roman; font-size: small;\"> <\/span><\/div>\n<div class=\"MsoNormal\" style=\"margin: 0cm 0cm 0pt; text-align: justify; line-height: 150%; text-indent: 1cm;\"><i style=\"mso-bidi-font-style: normal;\"><span style=\"line-height: 150%; font-family: &quot;Arial&quot;,&quot;sans-serif&quot;; font-size: 10pt; mso-bidi-font-size: 12.0pt;\"><span style=\"color: #000000;\">\u00d6yle anla\u015f\u0131l\u0131yor ki, Say\u0131n Ba\u015fbakan art\u0131k kendisini T\u00fcrkiye Cumhuriyeti\u2019nin de\u011fil, bir Amerikan \u00fctopyas\u0131 olan Yeni Osmanl\u0131\u2019n\u0131n yeni lideri havas\u0131na kapt\u0131rm\u0131\u015ft\u0131. O art\u0131k kendisini Saraybosna\u2019dan Gazze\u2019ye uzanan \u0130slam co\u011frafyas\u0131na h\u00fckmeden Yeni Osmanl\u0131\u2019n\u0131n padi\u015fah\u0131 sanmaktayd\u0131.<o:o:o:p><\/o:o:o:p><\/span><\/span><\/i><\/div>\n<div><span style=\"color: #000000; font-family: Times New Roman; font-size: small;\"> <\/span><\/div>\n<div class=\"MsoNormal\" style=\"margin: 0cm 0cm 0pt; text-align: justify; line-height: 150%; text-indent: 1cm;\"><i style=\"mso-bidi-font-style: normal;\"><span style=\"line-height: 150%; font-family: &quot;Arial&quot;,&quot;sans-serif&quot;; font-size: 10pt; mso-bidi-font-size: 12.0pt;\"><span style=\"color: #000000;\">Balkondaki Ba\u015fbakan\u2019\u0131n s\u00f6zlerinin sat\u0131r aralar\u0131nda Yeni Osmanl\u0131c\u0131l\u0131\u011f\u0131n y\u00f6netim bi\u00e7imi olarak d\u00fc\u015f\u00fcn\u00fclen \u201cfederasyona\u201d yinelik de ipu\u00e7lar\u0131 vard\u0131r.<span style=\"mso-spacerun: yes;\"> <\/span><o:o:o:p><\/o:o:o:p><\/span><\/span><\/i><\/div>\n<div><span style=\"color: #000000; font-family: Times New Roman; font-size: small;\"> <\/span><\/div>\n<div class=\"MsoNormal\" style=\"margin: 0cm 0cm 0pt; text-align: justify; line-height: 150%; text-indent: 1cm;\"><i style=\"mso-bidi-font-style: normal;\"><span style=\"line-height: 150%; font-family: &quot;Arial&quot;,&quot;sans-serif&quot;; font-size: 10pt; mso-bidi-font-size: 12.0pt;\"><span style=\"color: #000000;\">\u201cBug\u00fcn benim T\u00fcrk karde\u015fim, K\u00fcrt karde\u015fim, Zaza, Laz, Romen, G\u00fcrc\u00fc t\u00fcm karde\u015flerim 74 milyon karde\u015fim kazanm\u0131\u015ft\u0131r\u2026 \u201c diyerek, her zaman yapt\u0131\u011f\u0131 gibi bir kere daha T\u00fcrkiye Cumhuriyeti\u2019ndeki \u201cetnik unsurlar\u0131\u201d teker teker say\u0131p ortaya d\u00f6ken Say\u0131n Ba\u015fbakan, T\u00fcrkiye Cumhuriyeti\u2019nin temel felsefesi olan, Atat\u00fcrk\u2019\u00fcn, \u201cT\u00fcrkiye Cumhuriyeti\u2019ni kuran T\u00fcrkiye halk\u0131na T\u00fcrk milleti denir\u201d tan\u0131m\u0131n\u0131 da bir kere daha tart\u0131\u015fmaya a\u00e7m\u0131\u015ft\u0131r.<span style=\"mso-spacerun: yes;\"> <\/span><o:o:o:p><\/o:o:o:p><\/span><\/span><\/i><\/div>\n<div><span style=\"color: #000000; font-family: Times New Roman; font-size: small;\"> <\/span><\/div>\n<div class=\"MsoNormal\" style=\"margin: 0cm 0cm 0pt; text-align: justify; line-height: 150%; text-indent: 1cm;\"><i style=\"mso-bidi-font-style: normal;\"><span style=\"line-height: 150%; font-family: &quot;Arial&quot;,&quot;sans-serif&quot;; font-size: 10pt; mso-bidi-font-size: 12.0pt;\"><span style=\"color: #000000;\">Sosyolog Orhan T\u00fcrkdo\u011fan\u2019\u0131n belirtti\u011fi gibi, Ba\u015fbakan, T\u00fcrkiye Cumhuriyeti\u2019ndeki \u201cetnik unsurlar\u0131 tek tek s\u0131ralayarak T\u00fcrkleri \u201c\u00f6teki\u201d konumuna ta\u015f\u0131maktad\u0131r. Bu durum etnik b\u00f6l\u00fcnmeyi artt\u0131raca\u011f\u0131 gibi i\u00e7 ve d\u0131\u015f g\u00fc\u00e7lere kar\u015f\u0131 vatan\u0131n ba\u011f\u0131ms\u0131zl\u0131\u011f\u0131n\u0131 korumaya \u00e7al\u0131\u015fan g\u00fc\u00e7lerin ulusal diren\u00e7lerini de k\u0131racakt\u0131r.<o:o:o:p><\/o:o:o:p><\/span><\/span><\/i><\/div>\n<div><span style=\"color: #000000; font-family: Times New Roman; font-size: small;\"> <\/span><\/div>\n<div class=\"MsoNormal\" style=\"margin: 0cm 0cm 0pt; text-align: justify; line-height: 150%; text-indent: 1cm;\"><i style=\"mso-bidi-font-style: normal;\"><span style=\"line-height: 150%; font-family: &quot;Arial&quot;,&quot;sans-serif&quot;; font-size: 10pt; mso-bidi-font-size: 12.0pt;\"><span style=\"color: #000000;\">Atat\u00fcrk\u2019\u00fcn Cumhuriyeti kurarken, \u201cT\u00fcrkiye Cumhuriyetini kuran T\u00fcrkiye halk\u0131na T\u00fcrk milleti denir\u201d tan\u0131m\u0131yla sa\u011flad\u0131\u011f\u0131 \u201cbirlik beraberlik\u201d ve bu birlik ve beraberlik \u00fczerine oturttu\u011fu \u201c\u00fcniter yap\u0131\u201dy\u0131 da\u011f\u0131tmak i\u00e7in Cumhuriyetin kurulu\u015f felsefesindeki bu \u201cT\u00fcrk milleti\u201d tan\u0131m\u0131 \u015fimdi alt\u00fcst edilmeye \u00e7al\u0131\u015f\u0131lmaktad\u0131r. <span style=\"mso-spacerun: yes;\"> <\/span><o:o:o:p><\/o:o:o:p><\/span><\/span><\/i><\/div>\n<div><span style=\"color: #000000; font-family: Times New Roman; font-size: small;\"> <\/span><\/div>\n<div class=\"MsoNormal\" style=\"margin: 0cm 0cm 0pt; text-align: justify; line-height: 150%; text-indent: 1cm;\"><i style=\"mso-bidi-font-style: normal;\"><span style=\"line-height: 150%; font-family: &quot;Arial&quot;,&quot;sans-serif&quot;; font-size: 10pt; mso-bidi-font-size: 12.0pt;\"><span style=\"color: #000000;\">Balkondaki Ba\u015fbakan\u2019\u0131n se\u00e7im zaferini, Ortado\u011fu\u2019dan Balkanlara \u201cb\u00fct\u00fcn M\u00fcsl\u00fcmanlar\u0131n zaferi\u201d olarak adland\u0131rmas\u0131 ve \u201cetnik unsurlar\u201d vurgusu yapmas\u0131, \u201c\u00fcniter\u201d T\u00fcrkiye Cumhuriyeti\u2019nin yerini \u201cfederal\u201d Yeni Osmanl\u0131\u2019ya b\u0131rakmak \u00fczere oldu\u011funun en belirgin i\u015faretlerinden biri say\u0131lmal\u0131d\u0131r.<o:o:o:p><\/o:o:o:p><\/span><\/span><\/i><\/div>\n<div><span style=\"color: #000000; font-family: Times New Roman; font-size: small;\"> <\/span><\/div>\n<div class=\"MsoNormal\" style=\"margin: 0cm 0cm 0pt; text-align: justify; line-height: 150%; text-indent: 1cm;\"><i style=\"mso-bidi-font-style: normal;\"><span style=\"line-height: 150%; font-family: &quot;Arial&quot;,&quot;sans-serif&quot;; font-size: 10pt; mso-bidi-font-size: 12.0pt;\"><span style=\"color: #000000;\">Bu sorunun yan\u0131t\u0131n\u0131 vermeden \u00f6nce, balkondaki Ba\u015fbakan\u2019\u0131n Adnan Menderes\u2019e ve Turgut \u00d6zal\u2019a neden g\u00f6nderme yapt\u0131\u011f\u0131n\u0131; \u201cMerhum Turgut \u00d6zal\u2019\u0131n hayalleri, \u00f6zlemleri, art\u0131k yerini bulmu\u015ftur\u201d diyen Ba\u015fbakan\u2019\u0131n, asl\u0131nda ne demek istedi\u011fini iyi analiz etmek laz\u0131md\u0131. Neydi \u00d6zal\u2019\u0131n hayali? T\u00fcrk-K\u00fcrt Federasyonu ve Yeni Osmanl\u0131\u2019yd\u0131!<o:o:o:p><\/o:o:o:p><\/span><\/span><\/i><\/div>\n<div><span style=\"color: #000000; font-family: Times New Roman; font-size: small;\"> <\/span><\/div>\n<div class=\"MsoNormal\" style=\"margin: 0cm 0cm 0pt; text-align: justify; line-height: 150%; text-indent: 1cm;\"><i style=\"mso-bidi-font-style: normal;\"><span style=\"line-height: 150%; font-family: &quot;Arial&quot;,&quot;sans-serif&quot;; font-size: 10pt; mso-bidi-font-size: 12.0pt;\"><span style=\"color: #000000;\"><span style=\"mso-spacerun: yes;\"> <\/span>\u015eimdi gelin tarihe k\u0131sa bir yolculuk yapal\u0131m:<o:o:o:p><\/o:o:o:p><\/span><\/span><\/i><\/div>\n<div><span style=\"color: #000000; font-family: Times New Roman; font-size: small;\"> <\/span><\/div>\n<div class=\"MsoNormal\" style=\"margin: 0cm 0cm 0pt; text-align: justify; line-height: 150%; text-indent: 1cm;\"><b style=\"mso-bidi-font-weight: normal;\"><i style=\"mso-bidi-font-style: normal;\"><span style=\"line-height: 150%; font-family: &quot;Arial&quot;,&quot;sans-serif&quot;; font-size: 10pt; mso-bidi-font-size: 12.0pt;\"><span style=\"color: #000000;\"><span style=\"mso-spacerun: yes;\"> <\/span>\u0130stanbul Devleti <o:o:o:p><\/o:o:o:p><\/span><\/span><\/i><\/b><\/div>\n<div><span style=\"color: #000000; font-family: Times New Roman; font-size: small;\"> <\/span><\/div>\n<div class=\"MsoNormal\" style=\"margin: 0cm 0cm 0pt; text-align: justify; line-height: 150%; text-indent: 1cm;\"><i style=\"mso-bidi-font-style: normal;\"><span style=\"line-height: 150%; font-family: &quot;Arial&quot;,&quot;sans-serif&quot;; font-size: 10pt; mso-bidi-font-size: 12.0pt;\"><span style=\"color: #000000;\"><span style=\"mso-spacerun: yes;\"> <\/span>T\u00fcrkiye\u2019nin \u201cidam ferman\u0131\u201d Sevr Antla\u015fmas\u0131\u2019na (10 A\u011fustos 1920) g\u00f6re \u0130stanbul, ba\u015f\u0131nda \u201ckukla\u201d bir Padi\u015fah\u2019\u0131n bulundu\u011fu \u201ck\u0131smen ba\u011f\u0131ms\u0131z\u201d bir b\u00f6lge olacakt\u0131r.<o:o:o:p><\/o:o:o:p><\/span><\/span><\/i><\/div>\n<div><span style=\"color: #000000; font-family: Times New Roman; font-size: small;\"> <\/span><\/div>\n<div class=\"MsoNormal\" style=\"margin: 0cm 0cm 0pt; text-align: justify; line-height: 150%; text-indent: 1cm;\"><i style=\"mso-bidi-font-style: normal;\"><span style=\"line-height: 150%; font-family: &quot;Arial&quot;,&quot;sans-serif&quot;; font-size: 10pt; mso-bidi-font-size: 12.0pt;\"><span style=\"color: #000000;\"><span style=\"mso-spacerun: yes;\"> <\/span>Ancak M\u00fcttefik Devletler, bu anla\u015fma imzalanmadan \u00f6nce \u0130stanbul\u2019un gelece\u011fi ile ilgili \u00e7ok gizli planlar yapm\u0131\u015ft\u0131r. \u00d6rne\u011fin, \u0130ngiliz ar\u015fivlerinde CAB\/23\/35 numarayla kay\u0131tl\u0131 bir belgeye g\u00f6re \u0130ngilizler, \u201c\u0130stanbul\u2019un ayr\u0131 bir devlet olarak yeniden yap\u0131lanmas\u0131n\u0131\u201d d\u00fc\u015f\u00fcnm\u00fc\u015ft\u00fcr, ama sonradan bu d\u00fc\u015f\u00fcnceden vazge\u00e7mi\u015ftir. Bu belgeye g\u00f6re Paris\u2019te, \u0130ngiliz Ba\u015fbakan\u0131 Lloyd George\u2019un otel odas\u0131nda yap\u0131lan ve aralar\u0131nda D\u0131\u015fi\u015fleri Bakan\u0131 Earl Curzon, Bonar Law, Lord Birkenhead ve Hindistan\u2019taki \u0130ngiliz y\u00f6netiminin D\u0131\u015fi\u015fleri bakan\u0131 E. S. Montagu\u2019nun da oldu\u011fu bir grup, Osmanl\u0131 Devleti\u2019nin Avrupa topraklar\u0131ndan \u00e7\u0131kar\u0131lmas\u0131 ihtimaline kar\u015f\u0131 bir \u201cproje\u201d \u00fcreterek \u0130stanbul\u2019un ayr\u0131 bir devlet olmas\u0131n\u0131 tart\u0131\u015fm\u0131\u015ft\u0131r.<o:o:o:p><\/o:o:o:p><\/span><\/span><\/i><\/div>\n<div><span style=\"color: #000000; font-family: Times New Roman; font-size: small;\"> <\/span><\/div>\n<div class=\"MsoNormal\" style=\"margin: 0cm 0cm 0pt; text-align: justify; line-height: 150%; text-indent: 1cm;\"><i style=\"mso-bidi-font-style: normal;\"><span style=\"line-height: 150%; font-family: &quot;Arial&quot;,&quot;sans-serif&quot;; font-size: 10pt; mso-bidi-font-size: 12.0pt;\"><span style=\"color: #000000;\"><span style=\"mso-spacerun: yes;\"> <\/span>Belgeye g\u00f6re \u0130stanbul Devleti\u2019nin Osmanl\u0131 Devleti\u2019nden tamamen, M\u00fcttefik Devletlerden ise k\u0131smen ba\u011f\u0131ms\u0131z olmas\u0131 kararla\u015ft\u0131r\u0131lm\u0131\u015ft\u0131. \u0130stanbul\u2019un M\u00fcttefiklerden ba\u011f\u0131ms\u0131z oldu\u011fu konular sadece finans, adalet ve jandarma olacakt\u0131.<o:o:o:p><\/o:o:o:p><\/span><\/span><\/i><\/div>\n<div><span style=\"color: #000000; font-family: Times New Roman; font-size: small;\"> <\/span><\/div>\n<div class=\"MsoNormal\" style=\"margin: 0cm 0cm 0pt; text-align: justify; line-height: 150%; text-indent: 1cm;\"><i style=\"mso-bidi-font-style: normal;\"><span style=\"line-height: 150%; font-family: &quot;Arial&quot;,&quot;sans-serif&quot;; font-size: 10pt; mso-bidi-font-size: 12.0pt;\"><span style=\"color: #000000;\">I. D\u00fcnya Sava\u015f\u0131\u2019ndan sonra \u0130ngiltere\u2019nin Orta Do\u011fu\u2019yu, s\u0131n\u0131rlar\u0131 cetvelle \u00e7izilen k\u00fc\u00e7\u00fck devletlere b\u00f6l\u00fcp y\u00f6netme arzusuna \u0130stanbul\u2019u da katmas\u0131, M\u00fcttefiklerin \u0130stanbul\u2019u ve bo\u011fazlar\u0131 uluslararas\u0131 bir komisyonun arac\u0131l\u0131\u011f\u0131yla y\u00f6netme arzusu, (k\u0131smen Lozan\u2019a da yans\u0131m\u0131\u015ft\u0131r. U.E.)<o:o:o:p><\/o:o:o:p><\/span><\/span><\/i><\/div>\n<div><span style=\"color: #000000; font-family: Times New Roman; font-size: small;\"> <\/span><\/div>\n<div class=\"MsoNormal\" style=\"margin: 0cm 0cm 0pt; text-align: justify; line-height: 150%; text-indent: 1cm;\"><i style=\"mso-bidi-font-style: normal;\"><span style=\"line-height: 150%; font-family: &quot;Arial&quot;,&quot;sans-serif&quot;; font-size: 10pt; mso-bidi-font-size: 12.0pt;\"><span style=\"color: #000000;\">I. D\u00fcnya Sava\u015f\u0131 sonlar\u0131nda, 1920\u2019de \u0130ngiltere\u2019nin \u201cb\u00f6l\u201d ve \u201cy\u00f6net\u201d stratejisi \u00e7er\u00e7evesinde kurmay\u0131 planlad\u0131\u011f\u0131 \u201c\u0130stanbul Devleti\u201d, II. D\u00fcnya Sava\u015f\u0131 sonlar\u0131nda 1946\u2019da ABD\u2019nin \u201cTek D\u00fcnya Devleti\u201d stratejisi \u00e7er\u00e7evesinde kurmay\u0131 planlad\u0131\u011f\u0131 \u201c\u0130stanbul Federe Devleti\u201d olarak kar\u015f\u0131m\u0131za \u00e7\u0131km\u0131\u015ft\u0131r. (\u0130smet \u0130n\u00f6n\u00fc Siyonist Yahudi Lobileri g\u00fcd\u00fcml\u00fc bu ABD projesine resmiyet kazand\u0131ran kahraman(!)d\u0131r. U.E.)<o:o:o:p><\/o:o:o:p><\/span><\/span><\/i><\/div>\n<div><span style=\"color: #000000; font-family: Times New Roman; font-size: small;\"> <\/span><\/div>\n<div class=\"MsoNormal\" style=\"margin: 0cm 0cm 0pt; text-align: justify; line-height: 150%; text-indent: 1cm;\"><b style=\"mso-bidi-font-weight: normal;\"><i style=\"mso-bidi-font-style: normal;\"><span style=\"line-height: 150%; font-family: &quot;Arial&quot;,&quot;sans-serif&quot;; font-size: 10pt; mso-bidi-font-size: 12.0pt;\"><span style=\"color: #000000;\">Tek D\u00fcnya Devleti ve Federasyonculuk<o:o:o:p><\/o:o:o:p><\/span><\/span><\/i><\/b><\/div>\n<div><span style=\"color: #000000; font-family: Times New Roman; font-size: small;\"> <\/span><\/div>\n<div class=\"MsoNormal\" style=\"margin: 0cm 0cm 0pt; text-align: justify; line-height: 150%; text-indent: 1cm;\"><i style=\"mso-bidi-font-style: normal;\"><span style=\"line-height: 150%; font-family: &quot;Arial&quot;,&quot;sans-serif&quot;; font-size: 10pt; mso-bidi-font-size: 12.0pt;\"><span style=\"color: #000000;\">William C. Bullitt, ABD\u2019nin 1946\u2019dan sonraki So\u011fuk Sava\u015f stratejisini \u201cYaln\u0131zca Sovyetleri y\u0131kmak i\u00e7in de\u011fil ayn\u0131 zamanda Amerika \u00f6nderli\u011finde Tek D\u00fcnya Devleti kurmak i\u00e7in geli\u015ftirilmi\u015f bir strateji\u201d olarak tan\u0131mlam\u0131\u015ft\u0131r.<o:o:o:p><\/o:o:o:p><\/span><\/span><\/i><\/div>\n<div><span style=\"color: #000000; font-family: Times New Roman; font-size: small;\"> <\/span><\/div>\n<div class=\"MsoNormal\" style=\"margin: 0cm 0cm 0pt; text-align: justify; line-height: 150%; text-indent: 1cm;\"><i style=\"mso-bidi-font-style: normal;\"><span style=\"line-height: 150%; font-family: &quot;Arial&quot;,&quot;sans-serif&quot;; font-size: 10pt; mso-bidi-font-size: 12.0pt;\"><span style=\"color: #000000;\">Bu ba\u011flamda ABD taraf\u0131ndan kurulan \u201cAvrupa Birli\u011fi\u201d gibi, yine ABD taraf\u0131ndan bir \u201cOrtado\u011fu Federasyonu\u201d olu\u015fturulmaya \u00e7al\u0131\u015fm\u0131\u015ft\u0131r. Osmanl\u0131 \u00f6rne\u011fine dayal\u0131 olarak kurulmak istenen \u201cOrtado\u011fu Federasyonu\u201d da yaln\u0131za Sovyetler Birli\u011fi\u2019ni y\u0131kmak i\u00e7in de\u011fil, ayn\u0131 zamanda \u201cTek D\u00fcnya Devleti\u201d kurmak i\u00e7in gerekli say\u0131lm\u0131\u015ft\u0131r.<o:o:o:p><\/o:o:o:p><\/span><\/span><\/i><\/div>\n<div><span style=\"color: #000000; font-family: Times New Roman; font-size: small;\"> <\/span><\/div>\n<div class=\"MsoNormal\" style=\"margin: 0cm 0cm 0pt; text-align: justify; line-height: 150%; text-indent: 1cm;\"><i style=\"mso-bidi-font-style: normal;\"><span style=\"line-height: 150%; font-family: &quot;Arial&quot;,&quot;sans-serif&quot;; font-size: 10pt; mso-bidi-font-size: 12.0pt;\"><span style=\"color: #000000;\">1946\u2019da Bullitt\u2019in ifade etti\u011fi, \u201cAmerika\u2019ya ba\u011fl\u0131 ve dine dayal\u0131 b\u00f6lgesel federasyonlar\u201d kurma stratejisi bug\u00fcn uygulanmaktad\u0131r.<o:o:o:p><\/o:o:o:p><\/span><\/span><\/i><\/div>\n<div><span style=\"color: #000000; font-family: Times New Roman; font-size: small;\"> <\/span><\/div>\n<div class=\"MsoNormal\" style=\"margin: 0cm 0cm 0pt; text-align: justify; line-height: 150%; text-indent: 1cm;\"><i style=\"mso-bidi-font-style: normal;\"><span style=\"line-height: 150%; font-family: &quot;Arial&quot;,&quot;sans-serif&quot;; font-size: 10pt; mso-bidi-font-size: 12.0pt;\"><span style=\"color: #000000;\">So\u011fuk Sava\u015f d\u00f6neminde kurulacak federasyonlar (Avrupa Federasyonu, Ortado\u011fu Federasyonu, Asya Federasyonu) Sovyetler Birli\u011fi y\u0131k\u0131ld\u0131ktan sonra \u201cTek D\u00fcnya Devleti\u201d \u00e7at\u0131s\u0131 alt\u0131nda birle\u015ftirilmek \u00fczere planlanm\u0131\u015ft\u0131r.<o:o:o:p><\/o:o:o:p><\/span><\/span><\/i><\/div>\n<div><span style=\"color: #000000; font-family: Times New Roman; font-size: small;\"> <\/span><\/div>\n<div class=\"MsoNormal\" style=\"margin: 0cm 0cm 0pt; text-align: justify; line-height: 150%; text-indent: 1cm;\"><span style=\"color: #000000;\"><i style=\"mso-bidi-font-style: normal;\"><span style=\"line-height: 150%; font-family: &quot;Arial&quot;,&quot;sans-serif&quot;; font-size: 10pt; mso-bidi-font-size: 12.0pt;\">Tek D\u00fcnya Devleti\u2019ne giden yolda \u00f6nce Avrupa Birli\u011fi kurulmu\u015f, sonra Sovyetler Birli\u011fi y\u0131k\u0131lm\u0131\u015ft\u0131r, ama Ortado\u011fu veya Yak\u0131ndo\u011fu Federasyonu hala ba\u015far\u0131lamam\u0131\u015ft\u0131r. Bu nedenle ABD bug\u00fcn canla ba\u015fla Ortado\u011fu-Yak\u0131ndo\u011fu Federasyonu\u2019nu kurmak i\u00e7in \u00e7al\u0131\u015fmaktad\u0131r. Ortado\u011fu Federasyonu\u2019nun tarihsel dayanak noktas\u0131 y\u00fczy\u0131llarca Ortado\u011fu\u2019yu y\u00f6neten Osmanl\u0131\u2019d\u0131r. Bu esinlenmeden dolay\u0131 Ortado\u011fu Federasyonu\u2019na giden yolda \u201cYeni Osmanl\u0131c\u0131l\u0131k\u201d ak\u0131m\u0131ndan yararlan\u0131lmaktad\u0131r. Bu plan\u0131n harek\u00e2t \u00fcss\u00fc de Osmanl\u0131 miras\u0131 \u00fczerinde y\u00fckselen T\u00fcrkiye Cumhuriyeti ve Ortado\u011fu\u2019daki \u0130slam co\u011frafyas\u0131d\u0131r. Ortado\u011fu Federasyonu\u2019nu kurmak i\u00e7in her \u015feyden \u00f6nce \u201cyeniden Osmanl\u0131la\u015fmaya\u201d, yeniden Osmanl\u0131la\u015fmak i\u00e7in de \u201cT\u00fcrk Ulus Devleti\u201dnden kurtulmaya ihtiya\u00e7 vard\u0131r.\u201d<span style=\"mso-spacerun: yes;\"> <\/span><\/span><\/i><b style=\"mso-bidi-font-weight: normal;\"><span style=\"line-height: 150%; font-family: &quot;Arial&quot;,&quot;sans-serif&quot;; font-size: 10pt; mso-bidi-font-size: 12.0pt;\">\u015eeklinde \u00f6nemli ve isabetli saptamalar yapan ve milli bir duyarl\u0131l\u0131k ortaya koyan Sinan Meydan\u2019\u0131n, birden bire klasik solculuk saplant\u0131s\u0131yla, sapla saman\u0131 kar\u0131\u015ft\u0131ran ve Erbakan\u2019\u0131 karalamay\u0131 hedefledi\u011fi s\u0131r\u0131tan iddialar ortaya atmas\u0131 hi\u00e7 yak\u0131\u015f\u0131k olmamaktad\u0131r. (Bak: odatv.com 14.06.2011 Ba\u015fbakan\u0131n Balkon)<o:o:o:p><\/o:o:o:p><\/span><\/b><\/span><\/div>\n<div><span style=\"color: #000000; font-family: Times New Roman; font-size: small;\"> <\/span><\/div>\n<div class=\"MsoNormal\" style=\"margin: 0cm 0cm 0pt; text-align: justify; line-height: 150%; text-indent: 1cm;\"><i style=\"mso-bidi-font-style: normal;\"><span style=\"line-height: 150%; font-family: &quot;Arial&quot;,&quot;sans-serif&quot;; font-size: 11pt; mso-bidi-font-size: 14.0pt;\"><span style=\"color: #000000;\">\u201c\u0130\u015fte, 1946\u2019da ba\u015flayan, 12 Eyl\u00fcl 1980\u2019den sonra h\u0131zlanarak devam eden \u201cKar\u015f\u0131 Devrimi\u201d bu \u00e7er\u00e7evede de\u011ferlendirmek gerekir. B\u00fct\u00fcn ama\u00e7, y\u00fczy\u0131l\u0131n ba\u015f\u0131nda Atat\u00fcrk\u2019\u00fcn kurdu\u011fu \u201cba\u011f\u0131ms\u0131z, \u00e7a\u011fda\u015f ve laik\u201d T\u00fcrk Ulus Devleti\u2019ni yeniden Osmanl\u0131\u2019ya d\u00f6n\u00fc\u015ft\u00fcrmektir. 1950\u2019den itibaren T\u00fcrkiye\u2019yi y\u00f6neten veya T\u00fcrk siyasetinde etkili olan nerdeyse b\u00fct\u00fcn liderler; Adnan Menderes, S\u00fcleyman Demirel, Necmettin Erbakan, Alparslan T\u00fcrke\u015f, Turgut \u00d6zal ve Recep Tayyip Erdo\u011fan, bu d\u00f6n\u00fc\u015f\u00fcm\u00fcn \u201czoraki\u201d veya \u201cg\u00f6n\u00fcll\u00fc\u201d akt\u00f6rleridir. Anlayaca\u011f\u0131n\u0131z, son altm\u0131\u015f y\u0131lda T\u00fcrkiye\u2019yi y\u00f6neten b\u00fct\u00fcn bu liderlerin birer \u201cOsmanl\u0131 sevicisi\u201d olmas\u0131 kuru bir tesad\u00fcf de\u011fildir!\u201d<o:o:o:p><\/o:o:o:p><\/span><\/span><\/i><\/div>\n<div><span style=\"color: #000000; font-family: Times New Roman; font-size: small;\"> <\/span><\/div>\n<div class=\"MsoNormal\" style=\"margin: 0cm 0cm 0pt; text-align: justify; line-height: 150%; text-indent: 1cm;\"><i style=\"mso-bidi-font-style: normal;\"><span style=\"line-height: 150%; font-family: &quot;Arial&quot;,&quot;sans-serif&quot;; font-size: 11pt; mso-bidi-font-size: 14.0pt;\"><span style=\"color: #000000;\">\u201c1993\u2019te \u00d6zal\u2019\u0131n \u00f6l\u00fcm\u00fcnden sonra \u201cOsmanl\u0131c\u0131\u201d, \u201ceyalet\u00e7i\u201d, \u201cfederasyoncu\u201d ve \u201culus devlet kar\u015f\u0131t\u0131\u201d s\u00f6ylemlerin bayraktarl\u0131\u011f\u0131n\u0131 Refah Partisi Genel Ba\u015fkan\u0131 Necmettin Erbakan yapmaya ba\u015flam\u0131\u015ft\u0131r.\u201d<o:o:o:p><\/o:o:o:p><\/span><\/span><\/i><\/div>\n<div><span style=\"color: #000000; font-family: Times New Roman; font-size: small;\"> <\/span><\/div>\n<div class=\"MsoNormal\" style=\"margin: 0cm 0cm 0pt; text-align: justify; line-height: 150%; text-indent: 1cm;\"><i style=\"mso-bidi-font-style: normal;\"><span style=\"line-height: 150%; font-family: &quot;Arial&quot;,&quot;sans-serif&quot;; font-size: 11pt; mso-bidi-font-size: 14.0pt;\"><span style=\"color: #000000;\">Necmettin Erbakan\u2019dan sonra bayra\u011f\u0131 Erbakan\u2019\u0131n kadrolar\u0131ndan yeti\u015fen Recep Tayyip Erdo\u011fan devralm\u0131\u015ft\u0131r.<o:o:o:p><\/o:o:o:p><\/span><\/span><\/i><\/div>\n<div><span style=\"color: #000000; font-family: Times New Roman; font-size: small;\"> <\/span><\/div>\n<div class=\"MsoNormal\" style=\"margin: 0cm 0cm 0pt; text-align: justify; line-height: 150%; text-indent: 1cm;\"><i style=\"mso-bidi-font-style: normal;\"><span style=\"line-height: 150%; font-family: &quot;Arial&quot;,&quot;sans-serif&quot;; font-size: 11pt; mso-bidi-font-size: 14.0pt;\"><span style=\"color: #000000;\">Menderes\u2019in Demirel\u2019in, \u00d6zal\u2019\u0131n ve Erbakan\u2019\u0131n \u201cgenetik miras\u00e7\u0131s\u0131\u201d olan Erdo\u011fan, ABD deste\u011fi do\u011frultusunda 2002 genel se\u00e7imlerinden \u00f6nce AKP\u2019yi kurarak \u201cokyanus \u00f6tesinden esen sert bir r\u00fczg\u00e2rla\u201d T\u00fcrkiye\u2019de iktidara ta\u015f\u0131nm\u0131\u015ft\u0131r.\u201d<o:o:o:p><\/o:o:o:p><\/span><\/span><\/i><\/div>\n<div><span style=\"color: #000000; font-family: Times New Roman; font-size: small;\"> <\/span><\/div>\n<div class=\"MsoNormal\" style=\"margin: 0cm 0cm 0pt; text-align: justify; line-height: 150%; text-indent: 1cm;\"><b style=\"mso-bidi-font-weight: normal;\"><span style=\"line-height: 150%; font-family: &quot;Arial&quot;,&quot;sans-serif&quot;; font-size: 11pt; mso-bidi-font-size: 14.0pt;\"><span style=\"color: #000000;\">Diyen Sn. Yazara \u015funlar\u0131 hat\u0131rlatal\u0131m:<o:o:o:p><\/o:o:o:p><\/span><\/span><\/b><\/div>\n<div><span style=\"color: #000000; font-family: Times New Roman; font-size: small;\"> <\/span><\/div>\n<div class=\"MsoNormal\" style=\"margin: 0cm 0cm 0pt; text-align: justify; line-height: 150%; text-indent: 1cm;\"><b style=\"mso-bidi-font-weight: normal;\"><span style=\"line-height: 150%; font-family: &quot;Arial&quot;,&quot;sans-serif&quot;; font-size: 11pt; mso-bidi-font-size: 14.0pt;\"><span style=\"color: #000000;\">1- \u00d6nce \u201cKar\u015f\u0131 Devrim\u201d veya Amerika\u2019ya teslimiyet s\u00fcreci, 1946\u2019da de\u011fil, 10 Kas\u0131m 1938\u2019den sonra ba\u015flat\u0131lm\u0131\u015ft\u0131r ve ba\u015f akt\u00f6r\u00fc \u0130smet Pa\u015fa\u2019d\u0131r.<o:o:o:p><\/o:o:o:p><\/span><\/span><\/b><\/div>\n<div><span style=\"color: #000000; font-family: Times New Roman; font-size: small;\"> <\/span><\/div>\n<div class=\"MsoNormal\" style=\"margin: 0cm 0cm 0pt; text-align: justify; line-height: 150%; text-indent: 1cm;\"><b style=\"mso-bidi-font-weight: normal;\"><span style=\"line-height: 150%; font-family: &quot;Arial&quot;,&quot;sans-serif&quot;; font-size: 11pt; mso-bidi-font-size: 14.0pt;\"><span style=\"color: #000000;\">2- Necmettin Erbakan\u2019\u0131, Adnan Menderes, S\u00fcleyman Demirel ve Turgut \u00d6zal\u2019la ayn\u0131 kefeye koymak ve Recep T. Erdo\u011fan\u2019\u0131 Erbakan\u2019\u0131n devam\u0131 saymak, tam bir sapt\u0131rma ve safsatad\u0131r. \u00c7\u00fcnk\u00fc bu sayd\u0131klar\u0131na iktidar yolunu a\u00e7an ABD ve malum merkezler, s\u00fcrekli Erbakan\u2019\u0131 iktidara getirmemek i\u00e7in \u00e7\u0131rp\u0131nm\u0131\u015f, her engele ra\u011fmen kurmay\u0131 ba\u015fard\u0131\u011f\u0131 koalisyon ortakl\u0131klar\u0131n\u0131n hepsini de darbe t\u00fcr\u00fc zorbal\u0131klarla y\u0131kt\u0131rm\u0131\u015ft\u0131r.<o:o:o:p><\/o:o:o:p><\/span><\/span><\/b><\/div>\n<div><span style=\"color: #000000; font-family: Times New Roman; font-size: small;\"> <\/span><\/div>\n<div class=\"MsoNormal\" style=\"margin: 0cm 0cm 0pt; text-align: justify; line-height: 150%; text-indent: 1cm;\"><b style=\"mso-bidi-font-weight: normal;\"><span style=\"line-height: 150%; font-family: &quot;Arial&quot;,&quot;sans-serif&quot;; font-size: 11pt; mso-bidi-font-size: 14.0pt;\"><span style=\"color: #000000;\">3- Erbakan Hoca\u2019n\u0131n D-8\u2019ler at\u0131l\u0131m\u0131 ve Adil D\u00fczen program\u0131yla, Recep T. Erdo\u011fanlar\u0131n \u201cYeni Osmanl\u0131\u201d palavras\u0131 aras\u0131nda hi\u00e7bir benzerlik ve yak\u0131nl\u0131k bulunmamaktad\u0131r. Bat\u0131l\u0131 merkezlerin dayatt\u0131\u011f\u0131 ve AKP\u2019nin getirmeye \u00e7al\u0131\u015ft\u0131\u011f\u0131 \u201cfederatif \u00d6zerklik\u201dle, Adil D\u00fczen\u2019deki \u201cB\u00f6lge Valilikleri\u201d sistemi tamamen farkl\u0131 ve ayk\u0131r\u0131 \u015feylerdir; bizimki b\u00fct\u00fcnle\u015ftirmeyi ve milli birli\u011fi peki\u015ftirmeyi, bunlar\u0131nki b\u00f6l\u00fcnmeyi ve \u00e7\u00f6z\u00fclmeyi ama\u00e7lamaktad\u0131r.<o:o:o:p><\/o:o:o:p><\/span><\/span><\/b><\/div>\n<div><span style=\"color: #000000; font-family: Times New Roman; font-size: small;\"> <\/span><\/div>\n<div class=\"MsoNormal\" style=\"margin: 0cm 0cm 0pt; text-align: justify; line-height: 150%; text-indent: 1cm;\"><b style=\"mso-bidi-font-weight: normal;\"><span style=\"line-height: 150%; font-family: &quot;Arial&quot;,&quot;sans-serif&quot;; font-size: 11pt; mso-bidi-font-size: 14.0pt;\"><span style=\"color: #000000;\">\u00dcstelik ABD k\u00e2hyas\u0131 S\u00fcleyman Demirel, bug\u00fcn solcu k\u0131r\u0131nt\u0131s\u0131 ve Masonik ulusalc\u0131 tak\u0131m\u0131n\u0131n fikir babas\u0131 ve son s\u0131\u011f\u0131na\u011f\u0131 olup \u00e7\u0131km\u0131\u015ft\u0131r.<o:o:o:p><\/o:o:o:p><\/span><\/span><\/b><\/div>\n<div><span style=\"color: #000000; font-family: Times New Roman; font-size: small;\"> <\/span><\/div>\n<div class=\"MsoNormal\" style=\"margin: 0cm 0cm 0pt; text-align: justify; line-height: 150%; text-indent: 1cm;\"><b style=\"mso-bidi-font-weight: normal;\"><span style=\"line-height: 150%; font-family: &quot;Arial&quot;,&quot;sans-serif&quot;; font-size: 11pt; mso-bidi-font-size: 14.0pt;\"><span style=\"color: #000000;\">4- Genellikle Erbakan g\u0131c\u0131kl\u0131\u011f\u0131, e\u011fer \u0130slam\u2019a olan so\u011fukluktan ve bilgi noksanl\u0131\u011f\u0131ndan kaynaklanm\u0131yorsa, yani bunlar tutsa\u011f\u0131 bulunduklar\u0131 \u00f6nyarg\u0131lar\u0131n\u0131n ve saplant\u0131lar\u0131n\u0131n bir yans\u0131mas\u0131 olarak yaz\u0131lm\u0131yorsa; o zaman ya anlama ve alg\u0131lama k\u0131s\u0131rl\u0131\u011f\u0131 vard\u0131r.. Veya kas\u0131tl\u0131 bir sapt\u0131rma ve \u00e7arp\u0131tma sahtek\u00e2rl\u0131\u011f\u0131d\u0131r.<o:o:o:p><\/o:o:o:p><\/span><\/span><\/b><\/div>\n<div><span style=\"color: #000000; font-family: Times New Roman; font-size: small;\"> <\/span><\/div>\n<div class=\"MsoNormal\" style=\"margin: 0cm 0cm 0pt; text-align: justify; line-height: 150%; text-indent: 1cm;\"><b style=\"mso-bidi-font-weight: normal;\"><span style=\"line-height: 150%; font-family: &quot;Arial&quot;,&quot;sans-serif&quot;; font-size: 11pt; mso-bidi-font-size: 14.0pt;\"><span style=\"color: #000000;\">Sinan Y\u0131ld\u0131r\u0131m\u2019\u0131n Cumhuriyet Tarihi Yalanlar\u0131 Kitab\u0131nda: <i style=\"mso-bidi-font-style: normal;\">\u201cNecmettin Erbakan\u2019\u0131n kapat\u0131lan Refah ve Fazilet Partileri d\u00f6neminde siyasi \u00e7evrelerde b\u00fcy\u00fck destek g\u00f6ren Cumhuriyet tarihi yalanc\u0131lar\u0131, \u00f6ncelikle b\u00fct\u00fcn g\u00fc\u00e7leriyle Atat\u00fcrk\u2019e y\u00fcklenmi\u015flerdir.\u201d<\/i> (Bak: \u0130nk\u0131l\u00e2p yy. sh. 26) <o:o:o:p><\/o:o:o:p><\/span><\/span><\/b><\/div>\n<div><span style=\"color: #000000; font-family: Times New Roman; font-size: small;\"> <\/span><\/div>\n<div class=\"MsoNormal\" style=\"margin: 0cm 0cm 0pt; text-align: justify; line-height: 150%; text-indent: 1cm;\"><b style=\"mso-bidi-font-weight: normal;\"><span style=\"line-height: 150%; font-family: &quot;Arial&quot;,&quot;sans-serif&quot;; font-size: 11pt; mso-bidi-font-size: 14.0pt;\"><span style=\"color: #000000;\">\u0130ddialar\u0131 da, bug\u00fcn tamam\u0131 AKP\u2019ye kayan ve Milli G\u00f6r\u00fc\u015f\u2019e sava\u015f a\u00e7\u0131p Yahudi Lobilerine yaranmaya \u00e7al\u0131\u015fan m\u00fcnaf\u0131klar\u0131n g\u00fcnah\u0131n\u0131 Erbakan\u2019a y\u00fckleme \u00e7abalar\u0131d\u0131r.<o:o:o:p><\/o:o:o:p><\/span><\/span><\/b><\/div>\n<div><span style=\"color: #000000; font-family: Times New Roman; font-size: small;\"> <\/span><\/div>\n<div class=\"MsoNormal\" style=\"margin: 0cm 0cm 0pt; text-align: justify; line-height: 150%; text-indent: 1cm;\"><b style=\"mso-bidi-font-weight: normal;\"><span style=\"line-height: 150%; font-family: &quot;Arial&quot;,&quot;sans-serif&quot;; font-size: 10pt; mso-bidi-font-size: 12.0pt;\"><span style=\"color: #000000;\">\u015e\u00f6yle devam ediyordu: <o:o:o:p><\/o:o:o:p><\/span><\/span><\/b><\/div>\n<div><span style=\"color: #000000; font-family: Times New Roman; font-size: small;\"> <\/span><\/div>\n<div class=\"MsoNormal\" style=\"margin: 0cm 0cm 0pt; text-align: justify; line-height: 150%; text-indent: 1cm;\"><i style=\"mso-bidi-font-style: normal;\"><span style=\"line-height: 150%; font-family: &quot;Arial&quot;,&quot;sans-serif&quot;; font-size: 10pt; mso-bidi-font-size: 12.0pt;\"><span style=\"color: #000000;\">\u201cHaziran 1996\u2019da Habitat II Toplant\u0131s\u0131n\u0131n a\u00e7\u0131l\u0131\u015f ba\u015fkan\u0131 olan Birle\u015fmi\u015f Milletler Genel Sekreteri Butros Gali, Cumhurba\u015fkan\u0131 S\u00fcleyman Demirel\u2019i k\u00fcrs\u00fcye, \u201cT\u00fcrkiye Federal Cumhuriyeti Cumhurba\u015fkan\u0131\u201d olarak \u00e7a\u011f\u0131rm\u0131\u015ft\u0131r. \u015ea\u015f\u0131rt\u0131c\u0131 bir \u015fekilde Demirel bu \u201cunvan\u0131n\u201d yanl\u0131\u015f oldu\u011funu belirtmemi\u015f, hi\u00e7bir d\u00fczeltme yapmam\u0131\u015ft\u0131r.<o:o:o:p><\/o:o:o:p><\/span><\/span><\/i><\/div>\n<div><span style=\"color: #000000; font-family: Times New Roman; font-size: small;\"> <\/span><\/div>\n<div class=\"MsoNormal\" style=\"margin: 0cm 0cm 0pt; text-align: justify; line-height: 150%; text-indent: 1cm;\"><i style=\"mso-bidi-font-style: normal;\"><span style=\"line-height: 150%; font-family: &quot;Arial&quot;,&quot;sans-serif&quot;; font-size: 10pt; mso-bidi-font-size: 12.0pt;\"><span style=\"color: #000000;\">Butros Gali konu\u015fmas\u0131nda, \u201cinsanl\u0131\u011f\u0131n ve kentlerin gelece\u011fine y\u00f6ne vermesi gereken \u2018\u0130stanbul Ruhu\u2019nun adil, g\u00fcvenli, ya\u015fanabilir kasabalar ve \u015fehirler yaratabilmek i\u00e7in h\u00fck\u00fcmetlerle devlet d\u0131\u015f\u0131 sivil kesimler aras\u0131nda i\u015fbirli\u011fi ve dostluk anlam\u0131na geldi\u011fini\u201d vurgulay\u0131p \u201c\u0130stanbul Federe Devleti\u201d de\u011fimini kullanm\u0131\u015ft\u0131. O toplant\u0131da bu de\u011fime de ses \u00e7\u0131kartan olmam\u0131\u015ft\u0131. Gali konu\u015fmas\u0131nda ayr\u0131ca, \u201cD\u00fcnya, 200 devletli olmaktan 2000 devletli olmaya gidiyor\u201d yorumunu yapm\u0131\u015ft\u0131.<o:o:o:p><\/o:o:o:p><\/span><\/span><\/i><\/div>\n<div><span style=\"color: #000000; font-family: Times New Roman; font-size: small;\"> <\/span><\/div>\n<div class=\"MsoNormal\" style=\"margin: 0cm 0cm 0pt; text-align: justify; line-height: 150%; text-indent: 1cm;\"><i style=\"mso-bidi-font-style: normal;\"><span style=\"line-height: 150%; font-family: &quot;Arial&quot;,&quot;sans-serif&quot;; font-size: 10pt; mso-bidi-font-size: 12.0pt;\"><span style=\"color: #000000;\">Asl\u0131nda Butros Gali\u2019nin konu\u015fmas\u0131n\u0131n aras\u0131na serpi\u015ftirdi\u011fi b\u00fct\u00fcn bu ifadeler, 1987 UNESCO toplant\u0131s\u0131nda al\u0131nan, \u201culus devletleri\u201d, etnik ve dinsel k\u00fc\u00e7\u00fck \u015fehir devlet\u00e7iklerine b\u00f6lmeye yol a\u00e7acak kararlar\u0131n ad\u0131m ad\u0131m uygulanmas\u0131yd\u0131. <o:o:o:p><\/o:o:o:p><\/span><\/span><\/i><\/div>\n<div><span style=\"color: #000000; font-family: Times New Roman; font-size: small;\"> <\/span><\/div>\n<div class=\"MsoNormal\" style=\"margin: 0cm 0cm 0pt; text-align: justify; line-height: 150%; text-indent: 1cm;\"><b style=\"mso-bidi-font-weight: normal;\"><i style=\"mso-bidi-font-style: normal;\"><span style=\"line-height: 150%; font-family: &quot;Arial&quot;,&quot;sans-serif&quot;; font-size: 10pt; mso-bidi-font-size: 12.0pt;\"><span style=\"color: #000000;\">\u0130stanbul Ba\u015fkentli Yak\u0131ndo\u011fu Federasyonu<o:o:o:p><\/o:o:o:p><\/span><\/span><\/i><\/b><\/div>\n<div><span style=\"color: #000000; font-family: Times New Roman; font-size: small;\"> <\/span><\/div>\n<div class=\"MsoNormal\" style=\"margin: 0cm 0cm 0pt; text-align: justify; line-height: 150%; text-indent: 1cm;\"><i style=\"mso-bidi-font-style: normal;\"><span style=\"line-height: 150%; font-family: &quot;Arial&quot;,&quot;sans-serif&quot;; font-size: 10pt; mso-bidi-font-size: 12.0pt;\"><span style=\"color: #000000;\">1994 y\u0131l\u0131na gelindi\u011finde T\u00fcrk bas\u0131n\u0131nda bir taraftan \u201c\u0130stanbul Merkezli Bizans Devleti\u201d tart\u0131\u015f\u0131l\u0131rken, di\u011fer taraftan \u201c\u0130stanbul Ba\u015fkentli Yak\u0131ndo\u011fu Federasyonu\u201d tart\u0131\u015f\u0131lmaya ba\u015flanm\u0131\u015ft\u0131r.<o:o:o:p><\/o:o:o:p><\/span><\/span><\/i><\/div>\n<div><span style=\"color: #000000; font-family: Times New Roman; font-size: small;\"> <\/span><\/div>\n<div class=\"MsoNormal\" style=\"margin: 0cm 0cm 0pt; text-align: justify; line-height: 150%; text-indent: 1cm;\"><i style=\"mso-bidi-font-style: normal;\"><span style=\"line-height: 150%; font-family: &quot;Arial&quot;,&quot;sans-serif&quot;; font-size: 10pt; mso-bidi-font-size: 12.0pt;\"><span style=\"color: #000000;\">Esguire Dergisi\u2019nin 1 \u015eubat 1994 tarihli say\u0131s\u0131nda ortaya at\u0131lan \u201c\u0130stanbul Merkezli Yak\u0131ndo\u011fu Federasyonu\u201d, \u201cbir entelekt\u00fcel \u00fctopya\u201d alt ba\u015fl\u0131\u011f\u0131yla \u201cayd\u0131nlar\u0131n tatl\u0131 d\u00fc\u015f\u00fc\u201d olarak kamuoyuna sunulmaktayd\u0131.<o:o:o:p><\/o:o:o:p><\/span><\/span><\/i><\/div>\n<div><span style=\"color: #000000; font-family: Times New Roman; font-size: small;\"> <\/span><\/div>\n<div class=\"MsoNormal\" style=\"margin: 0cm 0cm 0pt; text-align: justify; line-height: 150%; text-indent: 1cm;\"><i style=\"mso-bidi-font-style: normal;\"><span style=\"line-height: 150%; font-family: &quot;Arial&quot;,&quot;sans-serif&quot;; font-size: 10pt; mso-bidi-font-size: 12.0pt;\"><span style=\"color: #000000;\">\u201cSanki Mete Tun\u00e7ay, Cengiz \u00c7andar gibi ayd\u0131nlar bunu kendi kendilerine d\u00fc\u015f\u00fcn\u00fcp ak\u0131l etmi\u015fler ve bu i\u00e7tenlikli d\u00fc\u015f\u00fcncelerini toplumla payla\u015f\u0131yorlard\u0131.\u201d Oysaki her \u015fey daha \u00f6nce ba\u015fkalar\u0131 taraf\u0131ndan d\u00fc\u015f\u00fcn\u00fclm\u00fc\u015f ve planlanm\u0131\u015ft\u0131. Nitekim Genelkurmay ATASE Ba\u015fkanl\u0131\u011f\u0131\u2019n\u0131n 10 Mart 1981 tarihli \u201c\u00d6zel Askeri Rapor Denemesi\u201dnde \u201cT\u00fcrk-Yunan Federasyonu\u201d anlat\u0131lm\u0131\u015ft\u0131.<o:o:o:p><\/o:o:o:p><\/span><\/span><\/i><\/div>\n<div><span style=\"color: #000000; font-family: Times New Roman; font-size: small;\"> <\/span><\/div>\n<div class=\"MsoNormal\" style=\"margin: 0cm 0cm 0pt; text-align: justify; line-height: 150%; text-indent: 1cm;\"><i style=\"mso-bidi-font-style: normal;\"><span style=\"line-height: 150%; font-family: &quot;Arial&quot;,&quot;sans-serif&quot;; font-size: 10pt; mso-bidi-font-size: 12.0pt;\"><span style=\"color: #000000;\">1 \u015eubat 1994 tarihli Esquaire dergisinde yay\u0131nlanan \u201cYak\u0131ndo\u011fu Federasyonu\u201d plan\u0131n\u0131n 12 Eyl\u00fcl\u2019\u00fcn ATASE damgal\u0131 \u201cT\u00fcrk-Yunan Federasyonu\u201d tasar\u0131s\u0131n\u0131n kayna\u011f\u0131 Robert D. Kaplan\u2019\u0131n k\u0131sa s\u00fcre \u00f6nce The New York Times Magazin\u2019de yay\u0131mlanan, \u201cT\u00fcrkiye Balkanlar ve Ortado\u011fu Birle\u015fiyor\u201d adl\u0131 yaz\u0131s\u0131n\u0131n \u00e7evirisi 28 \u015eubat 1994 tarihli Milliyet gazetesinde yay\u0131mlanm\u0131\u015ft\u0131r. <o:o:o:p><\/o:o:o:p><\/span><\/span><\/i><\/div>\n<div><span style=\"color: #000000; font-family: Times New Roman; font-size: small;\"> <\/span><\/div>\n<div class=\"MsoNormal\" style=\"margin: 0cm 0cm 0pt; text-align: justify; line-height: 150%; text-indent: 1cm;\"><i style=\"mso-bidi-font-style: normal;\"><span style=\"line-height: 150%; font-family: &quot;Arial&quot;,&quot;sans-serif&quot;; font-size: 10pt; mso-bidi-font-size: 12.0pt;\"><span style=\"color: #000000;\"><span style=\"mso-spacerun: yes;\"> <\/span>Yahudi k\u00f6kenli Amerikal\u0131 gazeteci yazar Robert D. Kaplan yaz\u0131s\u0131nda:<o:o:o:p><\/o:o:o:p><\/span><\/span><\/i><\/div>\n<div><span style=\"color: #000000; font-family: Times New Roman; font-size: small;\"> <\/span><\/div>\n<div class=\"MsoNormal\" style=\"margin: 0cm 0cm 0pt; text-align: justify; line-height: 150%; text-indent: 1cm;\"><i style=\"mso-bidi-font-style: normal;\"><span style=\"line-height: 150%; font-family: &quot;Arial&quot;,&quot;sans-serif&quot;; font-size: 10pt; mso-bidi-font-size: 12.0pt;\"><span style=\"color: #000000;\">\u201cTarih B\u00f6lge Uzmanlar\u0131 taraf\u0131ndan belirlenen yanl\u0131\u015f s\u0131n\u0131rlar\u0131 yeniden \u015fekillendiriyor\u2026 T\u00fcrkiye, Balkanlar ve Ortado\u011fu olarak adland\u0131r\u0131lan yer, tek bir b\u00f6lge olarak ortaya \u00e7\u0131k\u0131yor. Avrupal\u0131lar buray\u0131 her zaman \u2018B\u00fcy\u00fck Yak\u0131ndo\u011fu\u2019 olarak tan\u0131ml\u0131yor\u2026 T\u00fcrkler yakla\u015f\u0131k 850 y\u0131l \u0130slam d\u00fcnyas\u0131n\u0131n liderli\u011fini y\u00fcr\u00fctt\u00fc\u2026 B\u00fct\u00fcn Arap devletleri, Yugoslavya gibi Osmanl\u0131 \u0130mparatorlu\u011fu\u2019nun \u00e7\u00f6k\u00fc\u015f\u00fcn\u00fc izleyen kaos kar\u015f\u0131s\u0131nda\u2026 B\u00fcy\u00fck \u0130srail, Akdeniz\u2019de Bat\u0131 \u015eeria ve Gazze\u2019yi kendine \u00e7ekecek b\u00f6lgesel bir ekonomik m\u0131knat\u0131s olarak ortaya \u00e7\u0131kacak.\u201d kehanetinde bulunmaktad\u0131r.<o:o:o:p><\/o:o:o:p><\/span><\/span><\/i><\/div>\n<div><span style=\"color: #000000; font-family: Times New Roman; font-size: small;\"> <\/span><\/div>\n<div class=\"MsoNormal\" style=\"margin: 0cm 0cm 0pt; text-align: justify; line-height: 150%; text-indent: 1cm;\"><b style=\"mso-bidi-font-weight: normal;\"><i style=\"mso-bidi-font-style: normal;\"><span style=\"line-height: 150%; font-family: &quot;Arial&quot;,&quot;sans-serif&quot;; font-size: 10pt; mso-bidi-font-size: 12.0pt;\"><span style=\"color: #000000;\">T\u00fcrk-K\u00fcrt Federasyonu ve Yeni Osmanl\u0131c\u0131l\u0131k<o:o:o:p><\/o:o:o:p><\/span><\/span><\/i><\/b><\/div>\n<div><span style=\"color: #000000; font-family: Times New Roman; font-size: small;\"> <\/span><\/div>\n<div class=\"MsoNormal\" style=\"margin: 0cm 0cm 0pt; text-align: justify; line-height: 150%; text-indent: 1cm;\"><i style=\"mso-bidi-font-style: normal;\"><span style=\"line-height: 150%; font-family: &quot;Arial&quot;,&quot;sans-serif&quot;; font-size: 10pt; mso-bidi-font-size: 12.0pt;\"><span style=\"color: #000000;\">ABD, T\u00fcrkiye\u2019ye, bir taraftan Osmanl\u0131 co\u011frafyas\u0131n\u0131 kapsayan alanda \u201c\u0130stanbul Merkezli Yak\u0131ndo\u011fu Federasyonu\u201d \u00f6nerirken, di\u011fer yandan \u201cT\u00fcrk-K\u00fcrt Federasyonu\u201d dayatmaktad\u0131r.<o:o:o:p><\/o:o:o:p><\/span><\/span><\/i><\/div>\n<div><span style=\"color: #000000; font-family: Times New Roman; font-size: small;\"> <\/span><\/div>\n<div class=\"MsoNormal\" style=\"margin: 0cm 0cm 0pt; text-align: justify; line-height: 150%; text-indent: 1cm;\"><i style=\"mso-bidi-font-style: normal;\"><span style=\"line-height: 150%; font-family: &quot;Arial&quot;,&quot;sans-serif&quot;; font-size: 10pt; mso-bidi-font-size: 12.0pt;\"><span style=\"color: #000000;\">Turgut \u00d6zal \u00f6ld\u00fckten sonra Cumhurba\u015fkan\u0131 olan S\u00fcleyman Demirel, daha \u00f6nce 1965\u2019te Ba\u015fbakan olur olmaz ABD taraf\u0131ndan kendisine dayat\u0131lan \u201cT\u00fcrk-K\u00fcrt Federasyonu\u201d kurma \u00f6nerisini 30 y\u0131l sonra Cumhurba\u015fkan\u0131 olunca yeniden masas\u0131nda bulacakt\u0131. \u00d6neri, bu kez ABD Hava Kuvvetleri\u2019nin RAND ara\u015ft\u0131rma kurulu\u015funca sunulmaktayd\u0131. Raporun savunucusu uzun y\u0131llar CIA T\u00fcrkiye masas\u0131 \u015fefli\u011fi yapan Paul Henze adl\u0131 Yahudi Stratejist olacakt\u0131.<o:o:o:p><\/o:o:o:p><\/span><\/span><\/i><\/div>\n<div><span style=\"color: #000000; font-family: Times New Roman; font-size: small;\"> <\/span><\/div>\n<div class=\"MsoNormal\" style=\"margin: 0cm 0cm 0pt; text-align: justify; line-height: 150%; text-indent: 1cm;\"><i style=\"mso-bidi-font-style: normal;\"><span style=\"line-height: 150%; font-family: &quot;Arial&quot;,&quot;sans-serif&quot;; font-size: 10pt; mso-bidi-font-size: 12.0pt;\"><span style=\"color: #000000;\">Demirel\u2019in \u201cT\u00fcrk-K\u00fcrt Federasyonu\u201d raporuna herhangi bir rapor vermemesi \u00fczerine Henze, \u201cgizli\u201d damgal\u0131 bu ABD raporunu Akt\u00fcel dergisine s\u0131zd\u0131r\u0131p kamuoyunda tart\u0131\u015f\u0131lmas\u0131n\u0131 sa\u011flam\u0131\u015ft\u0131. Nitekim rapor, 15 Haziran 1994 tarihinde Akt\u00fcel dergisinde \u201cT\u00fcrkiye\u2019yi Feodalizm B\u00fcy\u00fctecek\u201d ba\u015fl\u0131\u011f\u0131yla yay\u0131mlanm\u0131\u015ft\u0131r. Bunun \u00fczerine Demirel de, \u201cBat\u0131 Sevr\u2019i istiyor!\u201d diye deme\u00e7ler vermeye ba\u015flam\u0131\u015ft\u0131r. <o:o:o:p><\/o:o:o:p><\/span><\/span><\/i><\/div>\n<div><span style=\"color: #000000; font-family: Times New Roman; font-size: small;\"> <\/span><\/div>\n<div class=\"MsoNormal\" style=\"margin: 0cm 0cm 0pt; text-align: justify; line-height: 150%; text-indent: 1cm;\"><i style=\"mso-bidi-font-style: normal;\"><span style=\"line-height: 150%; font-family: &quot;Arial&quot;,&quot;sans-serif&quot;; font-size: 10pt; mso-bidi-font-size: 12.0pt;\"><span style=\"color: #000000;\">ABD, \u201cT\u00fcrk-K\u00fcrt Federasyonu\u201d ve \u201cYak\u0131ndo\u011fu Federasyonu\u201d projelerinden hi\u00e7 vazge\u00e7memi\u015ftir. Bu projeleri hayata ge\u00e7irmek i\u00e7in de Yeni Osmanl\u0131c\u0131l\u0131k ak\u0131m\u0131na sar\u0131lm\u0131\u015ft\u0131r. <o:o:o:p><\/o:o:o:p><\/span><\/span><\/i><\/div>\n<div><span style=\"color: #000000; font-family: Times New Roman; font-size: small;\"> <\/span><\/div>\n<div class=\"MsoNormal\" style=\"margin: 0cm 0cm 0pt; text-align: justify; line-height: 150%; text-indent: 1cm;\"><i style=\"mso-bidi-font-style: normal;\"><span style=\"line-height: 150%; font-family: &quot;Arial&quot;,&quot;sans-serif&quot;; font-size: 10pt; mso-bidi-font-size: 12.0pt;\"><span style=\"color: #000000;\">Asl\u0131nda, \u201cYeni Osmanl\u0131c\u0131l\u0131k\u201d s\u00f6ylemi B\u00fcy\u00fck Ortado\u011fu Projesi\u2019nin hayata ge\u00e7irilmesi i\u00e7in bir k\u0131l\u0131ft\u0131. Amerikal\u0131 Yahudi Yazar Noam Chomsky, \u201cyeniden Osmanl\u0131\u201d haz\u0131rl\u0131klar\u0131n\u0131n y\u0131llar \u00f6ncesinden ba\u015flad\u0131\u011f\u0131n\u0131n belirtenlerden biridir. 90\u2019l\u0131 y\u0131llar\u0131n ba\u015f\u0131nda T\u00fcrk\u00e7eye terc\u00fcme edilen kitab\u0131nda \u015fu \u00f6nerilerde bulunmu\u015ftur: &#8220;Orta Do\u011fu\u2019da ulusall\u0131k ve ulusal kimlik yok edilmeli. Bunun i\u00e7in de Orta Do\u011fu Osmanl\u0131la\u015ft\u0131r\u0131lmal\u0131d\u0131r. B\u00f6ylece b\u00f6lgede Bat\u0131 \u00e7\u0131karlar\u0131na kar\u015f\u0131 \u00e7\u0131kacak ulusal g\u00fc\u00e7 ve diren\u00e7 kalmayacak, sistemin \u00e7arklar\u0131 rahatl\u0131kla i\u015fleyecektir. ABD i\u00e7in en tehlikeli d\u00fc\u015fman ve tehdit Ba\u011f\u0131ms\u0131zl\u0131k tehdidi. Asla ho\u015f g\u00f6r\u00fclemez.&#8221; <o:o:o:p><\/o:o:o:p><\/span><\/span><\/i><\/div>\n<div><span style=\"color: #000000; font-family: Times New Roman; font-size: small;\"> <\/span><\/div>\n<div class=\"MsoNormal\" style=\"margin: 0cm 0cm 0pt; text-align: justify; line-height: 150%; text-indent: 1cm;\"><i style=\"mso-bidi-font-style: normal;\"><span style=\"line-height: 150%; font-family: &quot;Arial&quot;,&quot;sans-serif&quot;; font-size: 10pt; mso-bidi-font-size: 12.0pt;\"><span style=\"color: #000000;\">\u0130srail y\u00f6netimi derinden etkileyen Kud\u00fcs Federal Ara\u015ft\u0131rmalar Enstit\u00fcs\u00fc Ba\u015fkan\u0131 Daniel Elazar da Osmanl\u0131\u2019ya d\u00f6n\u00fc\u015f\u00fcn ate\u015fli taraftarlar\u0131ndand\u0131.<span style=\"mso-spacerun: yes;\"> <\/span><o:o:o:p><\/o:o:o:p><\/span><\/span><\/i><\/div>\n<div><span style=\"color: #000000; font-family: Times New Roman; font-size: small;\"> <\/span><\/div>\n<div class=\"MsoNormal\" style=\"margin: 0cm 0cm 0pt; text-align: justify; line-height: 150%; text-indent: 1cm;\"><i style=\"mso-bidi-font-style: normal;\"><span style=\"line-height: 150%; font-family: &quot;Arial&quot;,&quot;sans-serif&quot;; font-size: 10pt; mso-bidi-font-size: 12.0pt;\"><span style=\"color: #000000;\">Abdullah G\u00fcl, Refah Partisi milletvekili oldu\u011fu d\u00f6nemde, 19 Aral\u0131k 1992\u2019de T\u00fcrkiye G\u00f6n\u00fcll\u00fc K\u00fclt\u00fcr Te\u015fekk\u00fclleri 3\u2019\u00fcnc\u00fc \u0130sti\u015fare Toplant\u0131s\u0131\u2019nda yapt\u0131\u011f\u0131 konu\u015fmada \u201cOsmanl\u0131\u201d vurgusu yapm\u0131\u015ft\u0131 ve Siyonist merkezlerin g\u00f6z\u00fcne girmeye \u00e7al\u0131\u015fm\u0131\u015ft\u0131.<o:o:o:p><\/o:o:o:p><\/span><\/span><\/i><\/div>\n<div><span style=\"color: #000000; font-family: Times New Roman; font-size: small;\"> <\/span><\/div>\n<div class=\"MsoNormal\" style=\"margin: 0cm 0cm 0pt; text-align: justify; line-height: 150%; text-indent: 1cm;\"><i style=\"mso-bidi-font-style: normal;\"><span style=\"line-height: 150%; font-family: &quot;Arial&quot;,&quot;sans-serif&quot;; font-size: 10pt; mso-bidi-font-size: 12.0pt;\"><span style=\"color: #000000;\">1996 y\u0131l\u0131nda CIA g\u00f6revlisi ve CFR \u00fcyesi Samuel Huntington, \u201cT\u00fcrkiye \u0131l\u0131ml\u0131 \u0130slam\u2019\u0131n lideri olmal\u0131!\u201d diye talimatlar ya\u011fd\u0131rm\u0131\u015f,<o:o:o:p><\/o:o:o:p><\/span><\/span><\/i><\/div>\n<div><span style=\"color: #000000; font-family: Times New Roman; font-size: small;\"> <\/span><\/div>\n<div class=\"MsoNormal\" style=\"margin: 0cm 0cm 0pt; text-align: justify; line-height: 150%; text-indent: 1cm;\"><i style=\"mso-bidi-font-style: normal;\"><span style=\"line-height: 150%; font-family: &quot;Arial&quot;,&quot;sans-serif&quot;; font-size: 10pt; mso-bidi-font-size: 12.0pt;\"><span style=\"color: #000000;\">1997 y\u0131l\u0131nda CIA ajan\u0131 Paul Henze, \u201cAtat\u00fcrk\u00e7\u00fcl\u00fck \u00f6ld\u00fc; Nak\u015f\u00eeler, Nurcular ilericidir!\u201d diye deme\u00e7ler patlatm\u0131\u015f,<o:o:o:p><\/o:o:o:p><\/span><\/span><\/i><\/div>\n<div><span style=\"color: #000000; font-family: Times New Roman; font-size: small;\"> <\/span><\/div>\n<div class=\"MsoNormal\" style=\"margin: 0cm 0cm 0pt; text-align: justify; line-height: 150%; text-indent: 1cm;\"><i style=\"mso-bidi-font-style: normal;\"><span style=\"line-height: 150%; font-family: &quot;Arial&quot;,&quot;sans-serif&quot;; font-size: 10pt; mso-bidi-font-size: 12.0pt;\"><span style=\"color: #000000;\">1998 y\u0131l\u0131nda CIA\u2019n\u0131n eski Ortado\u011fu Masas\u0131 \u015eefi Graham Fuller, \u201cKemalizm\u2019e son; Osmanl\u0131\u2019yla \u00f6v\u00fcn\u00fcn, Fetullah\u00e7\u0131 olun!\u201d \u015feklinde tarihi hat\u0131rlatmalar yapm\u0131\u015ft\u0131.<o:o:o:p><\/o:o:o:p><\/span><\/span><\/i><\/div>\n<div><span style=\"color: #000000; font-family: Times New Roman; font-size: small;\"> <\/span><\/div>\n<div class=\"MsoNormal\" style=\"margin: 0cm 0cm 0pt; text-align: justify; line-height: 150%; text-indent: 1cm;\"><i style=\"mso-bidi-font-style: normal;\"><span style=\"line-height: 150%; font-family: &quot;Arial&quot;,&quot;sans-serif&quot;; font-size: 10pt; mso-bidi-font-size: 12.0pt;\"><span style=\"color: #000000;\">Cumhurba\u015fkan\u0131 Abdullah G\u00fcl 1992\u2019de, eski GKB B\u00fcy\u00fckan\u0131t 2008\u2019de ve Ba\u015fbakan Erdo\u011fan 2010 y\u0131l\u0131nda, \u201cOsmanl\u0131 modelini\u201d \u00f6vmeye ba\u015flam\u0131\u015flard\u0131. ABD el\u00e7isi Edelman da g\u00f6reve geldi\u011finde &#8220;Yeni Osmanl\u0131&#8221; brifingi d\u00fczenleyerek konuya sahip \u00e7\u0131km\u0131\u015ft\u0131.<o:o:o:p><\/o:o:o:p><\/span><\/span><\/i><\/div>\n<div><span style=\"color: #000000; font-family: Times New Roman; font-size: small;\"> <\/span><\/div>\n<div class=\"MsoNormal\" style=\"margin: 0cm 0cm 0pt; text-align: justify; line-height: 150%; text-indent: 1cm;\"><i style=\"mso-bidi-font-style: normal;\"><span style=\"line-height: 150%; font-family: &quot;Arial&quot;,&quot;sans-serif&quot;; font-size: 10pt; mso-bidi-font-size: 12.0pt;\"><span style=\"color: #000000;\">AKP bir yandan kom\u015fularla &#8220;s\u0131f\u0131r sorun&#8221; slogan\u0131yla b\u00f6lge \u00fclkelerine \u201c\u015firin\u201d g\u00f6z\u00fckmek i\u00e7in her yol denerken, di\u011fer yandan yasalar \u00e7\u0131kararak \u201c\u00fcniter devletin\u201d sonu anlam\u0131na gelen B\u00fcy\u00fck Ortado\u011fu Projesi\u2019nin \u00f6n\u00fcn\u00fc a\u00e7m\u0131\u015ft\u0131r.<o:o:o:p><\/o:o:o:p><\/span><\/span><\/i><\/div>\n<div><span style=\"color: #000000; font-family: Times New Roman; font-size: small;\"> <\/span><\/div>\n<div class=\"MsoNormal\" style=\"margin: 0cm 0cm 0pt; text-align: justify; line-height: 150%; text-indent: 1cm;\"><span style=\"color: #000000;\"><i style=\"mso-bidi-font-style: normal;\"><span style=\"line-height: 150%; font-family: &quot;Arial&quot;,&quot;sans-serif&quot;; font-size: 10pt; mso-bidi-font-size: 12.0pt;\">T\u00fcrkiye yeni bir s\u00fcrece do\u011fru h\u0131zla ilerlemektedir: Bir yandan, \u201cK\u00fcrt a\u00e7\u0131l\u0131m\u0131\u201d ad\u0131 alt\u0131nda ba\u015flat\u0131lan tart\u0131\u015fmalarla \u201c\u00fcniter yap\u0131\u201d ve \u201culus devlet\u201d a\u015f\u0131nd\u0131r\u0131l\u0131rken, &#8220;T\u00fcrk kimli\u011fi&#8221; vurgusu \u201canti demokratik\u201d bulunup, \u201c\u00e7ok kimliklilik\u201d ve \u201cmozaik\u201d s\u00f6ylemi \u00f6n plana \u00e7\u0131kart\u0131lmakta; di\u011fer yandan ise kom\u015fularla \u201cs\u0131f\u0131r sorun\u201d ad\u0131 alt\u0131nda s\u0131n\u0131rlar kald\u0131r\u0131lmaktad\u0131r; T\u00fcrkiye s\u0131n\u0131rlar\u0131n\u0131 tan\u0131mayan Ermenistan\u2019la protokoller imzalanmaktad\u0131r. ABD taraf\u0131ndan \u00e7izilen, T\u00fcrkiye\u2019nin de baz\u0131 k\u0131s\u0131mlar\u0131n\u0131 i\u00e7ine alan Sevr ve B\u00fcy\u00fck Ortado\u011fu Projesi haritalar\u0131 yeniden elden ele dola\u015fmaktad\u0131r.\u201d <\/span><\/i><b style=\"mso-bidi-font-weight: normal;\"><span style=\"line-height: 150%; font-family: &quot;Arial&quot;,&quot;sans-serif&quot;; font-size: 10pt; mso-bidi-font-size: 12.0pt;\">Diyen ve ger\u00e7ekleri dile getiren yazar, hemen ard\u0131ndan: <i style=\"mso-bidi-font-style: normal;\">\u201cBu ya\u015fananlara paralel olarak, her ge\u00e7en g\u00fcn artan bi\u00e7imde Osmanl\u0131, \u201casr-\u0131 saadet d\u00f6nemi\u201d olarak parlat\u0131lmaktad\u0131r. Televizyon ekranlar\u0131nda ve gazete k\u00f6\u015felerinde \u201ctarihimiz\u201d diye \u201cv\u0131c\u0131k v\u0131c\u0131k Osmanl\u0131 sevicili\u011fi\u201d yap\u0131lmaktad\u0131r.\u201d<o:o:o:p><\/o:o:o:p><\/i><\/span><\/b><\/span><\/div>\n<div><span style=\"color: #000000; font-family: Times New Roman; font-size: small;\"> <\/span><\/div>\n<div class=\"MsoNormal\" style=\"margin: 0cm 0cm 0pt; text-align: justify; line-height: 150%; text-indent: 1cm;\"><b style=\"mso-bidi-font-weight: normal;\"><span style=\"line-height: 150%; font-family: &quot;Arial&quot;,&quot;sans-serif&quot;; font-size: 11pt; mso-bidi-font-size: 14.0pt;\"><span style=\"color: #000000;\">S\u00f6zleriyle milli duyarl\u0131l\u0131kla ba\u011fda\u015fmayan duygular\u0131n\u0131 d\u0131\u015far\u0131 vurmaktad\u0131r. \u015eimdi bunlara sormak laz\u0131md\u0131r:<o:o:o:p><\/o:o:o:p><\/span><\/span><\/b><\/div>\n<div><span style=\"color: #000000; font-family: Times New Roman; font-size: small;\"> <\/span><\/div>\n<div class=\"MsoNormal\" style=\"margin: 0cm 0cm 0pt; text-align: justify; line-height: 150%; text-indent: 1cm;\"><b style=\"mso-bidi-font-weight: normal;\"><span style=\"line-height: 150%; font-family: &quot;Arial&quot;,&quot;sans-serif&quot;; font-size: 11pt; mso-bidi-font-size: 14.0pt;\"><span style=\"color: #000000;\">Sevab\u0131yla, hatas\u0131yla, Osmanl\u0131 bizim tarihimiz ve ceddimiz de\u011fil midir?<o:o:o:p><\/o:o:o:p><\/span><\/span><\/b><\/div>\n<div><span style=\"color: #000000; font-family: Times New Roman; font-size: small;\"> <\/span><\/div>\n<div class=\"MsoNormal\" style=\"margin: 0cm 0cm 0pt; text-align: justify; line-height: 150%; text-indent: 1cm; tab-stops: list 0cm left 54.0pt 63.0pt; mso-list: l0 level1 lfo2;\"><span style=\"color: #000000;\"><b style=\"mso-bidi-font-weight: normal;\"><span style=\"line-height: 150%; font-family: &quot;Arial&quot;,&quot;sans-serif&quot;; font-size: 11pt; mso-bidi-font-size: 14.0pt; mso-fareast-font-family: Arial;\"><span style=\"mso-list: Ignore;\">1-<span style=\"font: 7pt\/normal &quot;Times New Roman&quot;; font-size-adjust: none; font-stretch: normal;\"> <\/span><\/span><\/span><\/b><b style=\"mso-bidi-font-weight: normal;\"><span style=\"line-height: 150%; font-family: &quot;Arial&quot;,&quot;sans-serif&quot;; font-size: 11pt; mso-bidi-font-size: 14.0pt;\">T\u00fcrklerin \u0130slamla\u015ft\u0131ktan ve bu din ve dinamizmle cihan medeniyetleri kurmaya ba\u015flad\u0131ktan sonraki \u015fanl\u0131 d\u00f6nemi, kendi tarihi ve ge\u00e7mi\u015fi saymayan soysuz bir yakla\u015f\u0131ma bu millet nas\u0131l itibar edecektir?<o:o:o:p><\/o:o:o:p><\/span><\/b><\/span><\/div>\n<div><span style=\"color: #000000; font-family: Times New Roman; font-size: small;\"> <\/span><\/div>\n<div class=\"MsoNormal\" style=\"margin: 0cm 0cm 0pt; text-align: justify; line-height: 150%; text-indent: 1cm; tab-stops: list 0cm left 54.0pt 63.0pt; mso-list: l0 level1 lfo2;\"><span style=\"color: #000000;\"><b style=\"mso-bidi-font-weight: normal;\"><span style=\"line-height: 150%; font-family: &quot;Arial&quot;,&quot;sans-serif&quot;; font-size: 11pt; mso-bidi-font-size: 14.0pt; mso-fareast-font-family: Arial;\"><span style=\"mso-list: Ignore;\">2-<span style=\"font: 7pt\/normal &quot;Times New Roman&quot;; font-size-adjust: none; font-stretch: normal;\"> <\/span><\/span><\/span><\/b><b style=\"mso-bidi-font-weight: normal;\"><span style=\"line-height: 150%; font-family: &quot;Arial&quot;,&quot;sans-serif&quot;; font-size: 11pt; mso-bidi-font-size: 14.0pt;\">Elbette Osmanl\u0131 bizim sahiplenmemiz ve sayg\u0131 g\u00f6stermemiz gereken tarihimizdir; ama ne Osmanl\u0131 sistemini, ne de tarihte kalm\u0131\u015f ve as\u0131rlar \u00f6ncesi \u015fartlara g\u00f6re haz\u0131rlanm\u0131\u015f devlet modellerini g\u00fcn\u00fcm\u00fczde tekrar diriltmek m\u00fcmk\u00fcn de de\u011fildir, <span style=\"mso-spacerun: yes;\"> <\/span>m\u00fcnasip de de\u011fildir. Milli ve ahlaki yap\u0131m\u0131za ve \u00e7a\u011fda\u015f ihtiya\u00e7lara ve standartlara uygun yeni ve ilmi projeler \u00fcretilmelidir.<o:o:o:p><\/o:o:o:p><\/span><\/b><\/span><\/div>\n<div><span style=\"color: #000000; font-family: Times New Roman; font-size: small;\"> <\/span><\/div>\n<div class=\"MsoNormal\" style=\"margin: 0cm 0cm 0pt; text-align: justify; line-height: 150%; text-indent: 1cm; tab-stops: list 0cm left 54.0pt 63.0pt; mso-list: l0 level1 lfo2;\"><span style=\"color: #000000;\"><b style=\"mso-bidi-font-weight: normal;\"><span style=\"line-height: 150%; font-family: &quot;Arial&quot;,&quot;sans-serif&quot;; font-size: 11pt; mso-bidi-font-size: 14.0pt; mso-fareast-font-family: Arial;\"><span style=\"mso-list: Ignore;\">3-<span style=\"font: 7pt\/normal &quot;Times New Roman&quot;; font-size-adjust: none; font-stretch: normal;\"> <\/span><\/span><\/span><\/b><b style=\"mso-bidi-font-weight: normal;\"><span style=\"line-height: 150%; font-family: &quot;Arial&quot;,&quot;sans-serif&quot;; font-size: 11pt; mso-bidi-font-size: 14.0pt;\">Ancak, \u0130slam kokusu ald\u0131\u011f\u0131 her \u015feye, \u015eeytan gibi h\u00fccuma yeltenen ve Osmanl\u0131 gibi \u015fanl\u0131 tarihini bu y\u00fczden ink\u00e2r eden bir zehirli zihniyet y\u00fcz\u00fcnden, maalesef M\u00fcsl\u00fcman halk\u0131m\u0131z AKP\u2019yi kurtulu\u015f \u00fcmidi ve can simidi g\u00f6rmektedir. Yani bunca tahribat\u0131na ra\u011fmen AKP\u2019nin hala % 50 oy almas\u0131, i\u015fte bu sakat ve ink\u00e2rc\u0131 d\u00fc\u015f\u00fcncelere duyulan tepkinin bir neticesidir.<o:o:o:p><\/o:o:o:p><\/span><\/b><\/span><\/div>\n<div><span style=\"color: #000000; font-family: Times New Roman; font-size: small;\"> <\/span><\/div>\n<div class=\"MsoNormal\" style=\"margin: 0cm 0cm 0pt 45pt; text-align: justify; line-height: 150%; text-indent: 1cm;\"><b style=\"mso-bidi-font-weight: normal;\"><span style=\"line-height: 150%; font-family: &quot;Arial&quot;,&quot;sans-serif&quot;; font-size: 11pt; mso-bidi-font-size: 14.0pt;\"><o:o:o:p><span style=\"color: #000000;\"> <\/span><\/o:o:o:p><\/span><\/b><\/div>\n<div><span style=\"color: #000000; font-family: Times New Roman; font-size: small;\"> <\/span><\/div>\n<div style=\"mso-element: footnote-list;\"><br clear=\"all\" \/><span style=\"color: #000000; font-family: Times New Roman; font-size: small;\">  <\/p>\n<hr width=\"33%\" align=\"left\" size=\"1\" \/> <\/span> <\/p>\n<div id=\"ftn1\" style=\"mso-element: footnote;\"><span style=\"color: #000000; font-family: Times New Roman; font-size: small;\"> <\/span> <\/p>\n<div class=\"MsoFootnoteText\" style=\"margin: 0cm 0cm 0pt;\"><a name=\"_ftn1\" href=\"#_ftnref1\" style=\"mso-footnote-id: ftn1;\"><span class=\"MsoFootnoteReference\"><span style=\"mso-special-character: footnote;\"><span class=\"MsoFootnoteReference\"><span style=\"font-family: &quot;Times New Roman&quot;,&quot;serif&quot;; font-size: 10pt; mso-fareast-font-family: &quot;Times New Roman&quot;; mso-ansi-language: TR; mso-fareast-language: TR; mso-bidi-language: AR-SA;\"><span style=\"text-decoration: underline;\"><span style=\"color: #0066cc;\">[1]<\/span><\/span><\/span><\/span><\/span><\/span><\/a><span style=\"font-size: x-small;\"><span style=\"color: #000000;\"><span style=\"font-family: Times New Roman;\"> 20 Temmuz 2011 \/ www.internethaber.com<o:o:o:p><\/o:o:o:p><\/span><\/span><\/span><\/div>\n<p> <span style=\"color: #000000; font-family: Times New Roman; font-size: small;\"> <\/span><\/div>\n<p> <span style=\"color: #000000; font-family: Times New Roman; font-size: small;\"> <\/span><\/div>\n<div><span style=\"color: #000000; font-family: Times New Roman; font-size: small;\"> <\/span><\/div>\n","protected":false},"excerpt":{"rendered":"<div>\n","protected":false},"author":1,"featured_media":0,"comment_status":"open","ping_status":"closed","sticky":false,"template":"","format":"standard","meta":{"footnotes":""},"categories":[98],"tags":[],"class_list":["post-2092","post","type-post","status-publish","format-standard","hentry","category-ozel-yazilar"],"_links":{"self":[{"href":"https:\/\/www.millicozum.com\/mc\/wp-json\/wp\/v2\/posts\/2092","targetHints":{"allow":["GET"]}}],"collection":[{"href":"https:\/\/www.millicozum.com\/mc\/wp-json\/wp\/v2\/posts"}],"about":[{"href":"https:\/\/www.millicozum.com\/mc\/wp-json\/wp\/v2\/types\/post"}],"author":[{"embeddable":true,"href":"https:\/\/www.millicozum.com\/mc\/wp-json\/wp\/v2\/users\/1"}],"replies":[{"embeddable":true,"href":"https:\/\/www.millicozum.com\/mc\/wp-json\/wp\/v2\/comments?post=2092"}],"version-history":[{"count":0,"href":"https:\/\/www.millicozum.com\/mc\/wp-json\/wp\/v2\/posts\/2092\/revisions"}],"wp:attachment":[{"href":"https:\/\/www.millicozum.com\/mc\/wp-json\/wp\/v2\/media?parent=2092"}],"wp:term":[{"taxonomy":"category","embeddable":true,"href":"https:\/\/www.millicozum.com\/mc\/wp-json\/wp\/v2\/categories?post=2092"},{"taxonomy":"post_tag","embeddable":true,"href":"https:\/\/www.millicozum.com\/mc\/wp-json\/wp\/v2\/tags?post=2092"}],"curies":[{"name":"wp","href":"https:\/\/api.w.org\/{rel}","templated":true}]}}