{"id":2132,"date":"2011-09-29T09:57:34","date_gmt":"2011-09-29T09:57:34","guid":{"rendered":"https:\/\/www.millicozum.com\/mc\/2011\/09\/29\/akpfecri-kazip-2\/"},"modified":"2011-09-29T09:57:34","modified_gmt":"2011-09-29T09:57:34","slug":"akpfecri-kazip-2","status":"publish","type":"post","link":"https:\/\/www.millicozum.com\/mc\/2011\/ekim-2011\/akpfecri-kazip\/","title":{"rendered":"AKP,FECR\u0130 KAZ\u0130P"},"content":{"rendered":"\n<div><\/div>\n<p><b>Bela oldu \u00fclkemin, bu talihsiz ba\u015f\u0131na<\/b><\/p>\n<p><b>Milli G\u00f6r\u00fc\u015f ka\u00e7k\u0131n\u0131, i\u015fbirlik\u00e7i bir hizip!<\/b><\/p>\n<p><b>Zehir katt\u0131 milletin, zaten fakir a\u015f\u0131na<\/b><\/p>\n<p><b>Hala umut ba\u011flan\u0131r, AKP fecr-i kazip!<\/b><\/p>\n<p><b> <\/b><\/p>\n<p>\u00a0<\/p>\n<p><b>Bunlar\u0131 iyi bilen, rahmetli Erbalan\u2019d\u0131<\/b><\/p>\n<p><b>\u201cD\u00f6nek i\u015fbirlik\u00e7iler\u201d, diye isim takand\u0131<\/b><\/p>\n<p><b>Lobiler bayram edip, ele k\u0131na yakard\u0131<\/b><\/p>\n<p><b>Sa\u011fc\u0131dan solcudan sa, \u0130slamc\u0131 daha cazip!<\/b><\/p>\n<p><b> <\/b><\/p>\n<p>\u00a0<\/p>\n<p><b>Zina serbest bina bol, AB e\u015fi\u011findeyiz<\/b><\/p>\n<p><b>Demokratik uykuda, gavur be\u015fi\u011findeyiz<\/b><\/p>\n<p><b>Faizli krediyle, Hac Umre pe\u015findeyiz<\/b><\/p>\n<p><b>Cennete erdim san\u0131r, sofi sakall\u0131 Hasip!<\/b><\/p>\n<p><b> <\/b><\/p>\n<p>\u00a0<\/p>\n<p><b>Derler ki: \u201cAdil D\u00fczen, Milli G\u00f6r\u00fc\u015f gaflar\u0131<\/b><\/p>\n<p><b>Cihat \u015feriat art\u0131k, gericilik laflar\u0131\u201d<\/b><\/p>\n<p><b>Ho\u015fg\u00f6r\u00fc zaman\u0131d\u0131r, Ha\u00e7l\u0131larla saflar\u0131<\/b><\/p>\n<p><b>S\u0131kla\u015ft\u0131r\u0131r salaklar, hayal k\u00f6y\u00fcnde gezip!<\/b><\/p>\n<p><b> <\/b><\/p>\n<p>\u00a0<\/p>\n<p><b>Mehmet Metiner denen, \u015farlatandan yan\u0131tm\u0131\u015f<\/b><\/p>\n<p><b>Bo\u015fbakan\u0131; \u201cyetersiz, yeteneksiz\u201d tan\u0131tm\u0131\u015f<\/b><\/p>\n<p><b>\u201cG\u00fcvenilmez biriymi\u015f\u201d, kendi buna kan\u0131tm\u0131\u015f<\/b><\/p>\n<p><b>Sonda do\u011fru s\u00f6ylemi\u015f, y\u0131llarca yalan dizip!<\/b><\/p>\n<p><b> <\/b><\/p>\n<p>\u00a0<\/p>\n<p><b>Zalimlere kahyal\u0131k, kahramanl\u0131k san\u0131l\u0131r<\/b><\/p>\n<p><b>BOP\u2019un e\u015f ba\u015fkanlar\u0131, salavatla an\u0131l\u0131r<\/b><\/p>\n<p><b>\u0130z\u2019an \u015fuur olmazsa, kof kaba\u011fa kan\u0131l\u0131r<\/b><\/p>\n<p><b>Artm\u0131\u015f gaflet cehalet, Kur\u2019andan ba\u011f\u0131 kesip!<\/b><\/p>\n<p><b> <\/b><\/p>\n<p>\u00a0<\/p>\n<p><b>Bunlara dindar diye, sald\u0131rd\u0131k\u00e7a dinsizler<\/b><\/p>\n<p><b>Daha bir sahiplenir, bak \u0131l\u0131ml\u0131 densizler<\/b><\/p>\n<p><b>\u201cAdil D\u00fczen dengedir\u201d, ey sa\u011f-sol dengesizlerr<\/b><\/p>\n<p><b>\u0130slam\u2019a sar\u0131lmadan, huzur olur mu nasip?<\/b><\/p>\n<p><b> <\/b><\/p>\n<p>\u00a0<\/p>\n<p><b>Yeter be Ali \u00c7a\u011f\u0131l, anlam\u0131yor avanak<\/b><\/p>\n<p><b>Feraset damla damla, ahmakl\u0131ksa sa\u011fanak<\/b><\/p>\n<p><b>Fetullah Amerka\u2019ya, biz Allah\u2019a s\u0131\u011f\u0131nak<\/b><\/p>\n<p><b>Hak dilerse Newyork\u2019a, galip gelirmi\u015f Nizip!<\/b><\/p>\n<p>\u00a0<\/p>\n","protected":false},"excerpt":{"rendered":"<p>Bela oldu \u00fclkemin, bu talihsiz ba\u015f\u0131na Milli G\u00f6r\u00fc\u015f ka\u00e7k\u0131n\u0131, i\u015fbirlik\u00e7i bir hizip! Zehir katt\u0131 milletin, zaten fakir a\u015f\u0131na Hala umut ba\u011flan\u0131r, AKP fecr-i kazip! \u00a0 Bunlar\u0131 iyi bilen, rahmetli Erbalan\u2019d\u0131 \u201cD\u00f6nek i\u015fbirlik\u00e7iler\u201d, diye isim takand\u0131 Lobiler bayram edip, ele k\u0131na yakard\u0131 Sa\u011fc\u0131dan solcudan sa, \u0130slamc\u0131 daha cazip! \u00a0 Zina serbest bina bol, AB e\u015fi\u011findeyiz Demokratik [&hellip;]<\/p>\n","protected":false},"author":98,"featured_media":0,"comment_status":"open","ping_status":"closed","sticky":false,"template":"","format":"standard","meta":{"footnotes":""},"categories":[129],"tags":[],"class_list":["post-2132","post","type-post","status-publish","format-standard","hentry","category-ekim-2011"],"_links":{"self":[{"href":"https:\/\/www.millicozum.com\/mc\/wp-json\/wp\/v2\/posts\/2132","targetHints":{"allow":["GET"]}}],"collection":[{"href":"https:\/\/www.millicozum.com\/mc\/wp-json\/wp\/v2\/posts"}],"about":[{"href":"https:\/\/www.millicozum.com\/mc\/wp-json\/wp\/v2\/types\/post"}],"author":[{"embeddable":true,"href":"https:\/\/www.millicozum.com\/mc\/wp-json\/wp\/v2\/users\/98"}],"replies":[{"embeddable":true,"href":"https:\/\/www.millicozum.com\/mc\/wp-json\/wp\/v2\/comments?post=2132"}],"version-history":[{"count":0,"href":"https:\/\/www.millicozum.com\/mc\/wp-json\/wp\/v2\/posts\/2132\/revisions"}],"wp:attachment":[{"href":"https:\/\/www.millicozum.com\/mc\/wp-json\/wp\/v2\/media?parent=2132"}],"wp:term":[{"taxonomy":"category","embeddable":true,"href":"https:\/\/www.millicozum.com\/mc\/wp-json\/wp\/v2\/categories?post=2132"},{"taxonomy":"post_tag","embeddable":true,"href":"https:\/\/www.millicozum.com\/mc\/wp-json\/wp\/v2\/tags?post=2132"}],"curies":[{"name":"wp","href":"https:\/\/api.w.org\/{rel}","templated":true}]}}