{"id":2142,"date":"2011-10-27T08:15:28","date_gmt":"2011-10-27T08:15:28","guid":{"rendered":"https:\/\/www.millicozum.com\/mc\/2011\/10\/27\/sn-tayyip-erdogan-niye-sikintili\/"},"modified":"2011-10-27T08:15:28","modified_gmt":"2011-10-27T08:15:28","slug":"sn-tayyip-erdogan-niye-sikintili","status":"publish","type":"post","link":"https:\/\/www.millicozum.com\/mc\/2011\/kasim-2011\/sn-tayyip-erdogan-niye-sikintili\/","title":{"rendered":"SN. TAYY\u0130P ERDO\u011eAN N\u0130YE SIKINTILI?"},"content":{"rendered":"\n<p>Milli G\u00f6r\u00fc\u015fteki karanl\u0131k g\u00fc\u00e7lerin temsilcileri olan O\u011fuzhan Asilt\u00fcrk ve \u015eevket Kazan ekibinin partide rekl\u00e2m\u0131n\u0131 yaparak \u00fcst makamlara ve \u0130stanbul Belediye Ba\u015fkanl\u0131\u011f\u0131na ta\u015f\u0131y\u0131p Erbakan\u2019a kar\u015f\u0131 \u015f\u0131martt\u0131klar\u0131; ard\u0131ndan kendileri Hoca\u2019ya ba\u011fl\u0131l\u0131k rol\u00fcyle, bu sefer s\u00fcrekli d\u0131\u015flay\u0131p k\u0131\u015fk\u0131rtarak Milli G\u00f6r\u00fc\u015ften kopmalar\u0131n\u0131 kolayla\u015ft\u0131rd\u0131klar\u0131 Recep Tayyip Erdo\u011fan, davas\u0131na ve camias\u0131na h\u0131yanetinin kar\u015f\u0131l\u0131\u011f\u0131 olarak, madalya ald\u0131\u011f\u0131 Siyonist mahfillerce iktidara ta\u015f\u0131nm\u0131\u015ft\u0131r. Ancak kendisine ayn\u0131 odaklarca ruhsat ve f\u0131rsat verilerek ve \u0130slamc\u0131 rol\u00fcyle toplumdaki tahribat\u0131n\u0131 daha kolay y\u00fcr\u00fctmesi g\u00f6zetilerek m\u00fcsaade edilen; \u201cDavos horozlanmas\u0131 ve \u0130srail\u2019e kafa tutmas\u0131\u201d gibi kof kabaday\u0131l\u0131klar\u0131n\u0131n bile, \u015fimdi hesab\u0131n\u0131n sorulaca\u011f\u0131n\u0131 ve pabucunun dama at\u0131laca\u011f\u0131n\u0131 sezmi\u015f olman\u0131n tela\u015f\u0131 i\u00e7inde h\u0131r\u00e7\u0131nla\u015fm\u0131\u015ft\u0131r.<\/p>\n<p><b>Bu tav\u0131rlar\u0131 bize \u015fu f\u0131kray\u0131 hat\u0131rlatm\u0131\u015ft\u0131r:<\/b><\/p>\n<p>Kasaban\u0131n bilge ihtiyar\u0131 d\u00fc\u011f\u00fcn haz\u0131rl\u0131\u011f\u0131 yapan gence \u015fu \u00f6\u011f\u00fctleri anlat\u0131r. <b><i>\u201cAlaca\u011f\u0131n gelin, biraz \u015f\u0131mar\u0131k yerin k\u0131z\u0131d\u0131r. Daha ilk geceden kendi sertli\u011fini ve mertli\u011fini g\u00f6stermezsen, sonunda seni hi\u00e7 takmayacakt\u0131r. Bu nedenle, kap\u0131 aral\u0131\u011f\u0131ndan odaya b\u0131rak\u0131lacak bir kediyi \u201cBre hayvan niye huzurumuzu bozuyorsun!\u201d diyerek bacaklar\u0131ndan tutup \u00f6fkeyle pencereden d\u0131\u015far\u0131 f\u0131rlat ki, senin titizli\u011fini ve cesaretini anlay\u0131p ona g\u00f6re davrans\u0131n\u201d<\/i><\/b><\/p>\n<p>Ancak ilk gecenin heyecan\u0131yla, gen\u00e7 damat bu tavsiyeyi hi\u00e7 hat\u0131rlamam\u0131\u015ft\u0131r. Bir m\u00fcddet sonra gelin han\u0131m huysuzla\u015fmaya ve kocas\u0131n\u0131 horlamaya ba\u015flam\u0131\u015ft\u0131r. Bunun \u00fczerine bilge ihtiyar\u0131n tavsiyesini hat\u0131rlayan damat, hemen odaya giren bir kediyi h\u0131\u015f\u0131mla yakalay\u0131p d\u0131\u015far\u0131 f\u0131rlat\u0131nca, gelin han\u0131m:<\/p>\n<p><b><i>\u201cBeyim, bo\u015funa hava atma, bu yapt\u0131\u011f\u0131n ilk gece laz\u0131md\u0131.. Art\u0131k senin di\u015flerini saym\u0131\u015f, karakterini anlam\u0131\u015f bulunmaktay\u0131m!..\u201d<\/i><\/b><\/p>\n<p><b><i>\u201cYa Netenyahu h\u00fck\u00fcmeti gidecek ya da AKP!\u201d <\/i><\/b><b>Hay\u0131r, bu s\u00f6z bana ait de\u011fil, AKP\u2019nin \u00e7ok \u00f6nemli bir isminin ifadesidir ve bunu 32. G\u00fcn Program\u0131nda aktaran da AKP\u2019nin de\u011fer verdi\u011fi bir isim olan Prof. Do\u011fu Ergil\u2019dir.<\/b><\/p>\n<p><b>Recep Bey\u2019in \u00f6yle bilgi sahibi olmadan fikir sahibi olanlardan say\u0131lmad\u0131\u011f\u0131 ve duygularla de\u011fil \u00e7\u0131karlar\u0131 ve bilgi kaynaklar\u0131 do\u011frultusunda davrand\u0131\u011f\u0131, Siyonistlerden ald\u0131\u011f\u0131 madalyalarla sabittir.<\/b><\/p>\n<p><b>D\u00fcn Yahudilerden madalyalar alan biri bug\u00fcn onlara cihat ilan ediyorsa, belli ki Erdo\u011fan\u2019\u0131n hepimizin bildiklerinin d\u0131\u015f\u0131nda \u00f6zel bilgileri ve tedirginlikleri var demektir.<\/b><\/p>\n<p><b>C\u00fcneyt Zapsu\u2019yu Washingtonlara g\u00f6nderip Musevi Lobilerine&nbsp; \u201cBa\u015fbakan\u0131m\u0131z\u0131 deli\u011fe s\u00fcp\u00fcrmeyin, kullan\u0131n\u201d dedirten ya da \u00f6yle demesine ses etmeyen biri, bug\u00fcn \u0130srail\u2019e ve Yahudilere kin kusma noktas\u0131nda ise, bunun a\u00e7\u0131klamas\u0131, olsa olsa \u201ckaleminin k\u0131r\u0131lmas\u0131 karar\u0131na isyan\u201d alametidir.<\/b><\/p>\n<p><b>Evet, Tayyip Erdo\u011fan\u2019\u0131n verdi\u011fi son eksen kaymas\u0131 ve Yahudi d\u00fc\u015fmanl\u0131\u011f\u0131 foto\u011fraf\u0131, denize d\u00fc\u015fenin y\u0131lana sar\u0131lmas\u0131 gibi bir \u015feydir!<\/b><\/p>\n<p><b>Acaba, \u201ck\u00fcresel devlet taraf\u0131ndan \u00fcst\u00fcn\u00fcn \u00e7izildi\u011fini herkesten iyi g\u00f6ren Erdo\u011fan, son bir hamle ile kar\u015f\u0131 tarafa maliyet hat\u0131rlatmalar\u0131 yaparak kendini kurtarman\u0131n aray\u0131\u015f\u0131nda(m\u0131)d\u0131r? (Yoksa, \u0130srail\u2019e daha b\u00fcy\u00fck yararlar sa\u011flamak i\u00e7in, toplumun ve taban\u0131n havas\u0131n\u0131 almak tela\u015f\u0131nda m\u0131d\u0131r?)<\/b><\/p>\n<p><b>\u00c7\u00fcnk\u00fc T\u00fcrkiye bug\u00fcn bir kasetle y\u0131llar\u0131n karizmatik genel ba\u015fkan\u0131n\u0131 (Baykal\u2019\u0131) g\u00f6mebilen bir \u00fclke konumundad\u0131r ve dolay\u0131s\u0131yla benzer \u015feylerin Sn. R. T. Erdo\u011fan\u2019a yap\u0131lmayaca\u011f\u0131n\u0131n garantisi yoktur.<\/b><\/p>\n<p><b>Ho\u015fumuza gitsin gitmesin, T\u00fcrkiye,&nbsp; Irak\u2019taki PKK \u00fcslerini bile ABD ve Heron olay\u0131 ile \u0130srail sayesinde vurmaktad\u0131r. Dolay\u0131s\u0131yla b\u00f6yle teknolojiye sahip \u00fclkelerin Ortado\u011fu\u2019nun merkezi say\u0131lan T\u00fcrkiye ve y\u00f6netenleri ile alakal\u0131 olarak uydular vas\u0131tas\u0131 ile \u00f6zel ar\u015fivler tutmad\u0131klar\u0131n\u0131 d\u00fc\u015f\u00fcnmek yanl\u0131\u015ft\u0131r.<\/b><\/p>\n<p><b>MOSSAD gibi, \u201cb\u00f6lge liderlerinin sa\u011fl\u0131\u011f\u0131 hakk\u0131nda bilgi sahibi olmak i\u00e7in, kaka avc\u0131l\u0131\u011f\u0131n\u0131 bile yapan bir yap\u0131n\u0131n\u201d siyasal \u0130sl\u00e2m referansl\u0131 T\u00fcrkiye Ba\u015fbakan\u0131 Erdo\u011fan\u2019\u0131 takibe almamas\u0131 ve ar\u015fiv stoku yapmamas\u0131 ihtimal d\u0131\u015f\u0131d\u0131r.<a href=\"#_ftn1\" name=\"_ftnref1\"><b>[1]<\/b><\/a><\/b><\/p>\n<p>Evet, D\u00fcnya Yahudi Konseyi taraf\u0131ndan, Musevi olmad\u0131\u011f\u0131 halde madalya verilen tek adam o!<\/p>\n<p>Suriye s\u0131n\u0131r\u0131nda may\u0131nl\u0131 araziyi Yahudi\u2019ye pe\u015fke\u015f i\u00e7in Meclis\u2019te y\u0131rt\u0131nan o, -ki hat\u0131rlay\u0131n o yasay\u0131 CHP Anayasa Mahkemesinde iptal ettirdi.-<\/p>\n<p>AKP\u2019yi kurarken ADL Ba\u015fkan\u0131 Abraham Foksman\u2019dan icazet alan o!<\/p>\n<p>C\u00fcneyt Zapsu\u2019nun ABD\u2019ye gitti\u011finde Yahudi Lobilerine yalvar\u0131rcas\u0131na \u201cAman onu deli\u011fe s\u00fcp\u00fcrmeyin, kullan\u0131n\u201d demesi kar\u015f\u0131s\u0131nda sesini \u00e7\u0131karamayan o!<\/p>\n<p>\u0130srail\u2019i devreye koyup Bush\u2019dan randevu alan o!<\/p>\n<p>Ve \u015fimdi, K\u0131l\u0131\u00e7daro\u011flu\u2019nu \u0130srail\u2019ci diye su\u00e7layan da o!<\/p>\n<p>Oysa ikisi de ayn\u0131 odaklar\u0131n tiyatrosunda oyuncuydu!<\/p>\n<p><b>Peki, bu durumda hangi Erdo\u011fan\u2019a inanaca\u011f\u0131z?<\/b><\/p>\n<p>Hat\u0131rlay\u0131n\u0131z, 28 \u015eubat krizini tetikleyerek AKP\u2019nin iktidara gelmesinde belirleyici unsur olan odaklar, verdikleri \u2018ge\u00e7ici\u2019 icazete ra\u011fmen, ge\u00e7mi\u015fteki birtak\u0131m \u2018\u0130slamc\u0131\u2019 s\u00f6ylemleri ve \u00e7\u0131kar\u0131p att\u0131\u011f\u0131 Milli G\u00f6r\u00fc\u015f g\u00f6mle\u011fi y\u00fcz\u00fcnden Tayyip Erdo\u011fan\u2019a bir t\u00fcrl\u00fc g\u00fcvenemiyorlard\u0131. Bu g\u00fcven sorununu a\u015fmak i\u00e7in se\u00e7imlerin hemen ard\u0131ndan, C\u00fcneyd Zapsu\u2019nun \u00f6nc\u00fcl\u00fck etti\u011fi bir T\u00dcS\u0130AD heyeti, ABD\u2019ye \u00e7\u0131karma yapm\u0131\u015ft\u0131.<\/p>\n<p>Heyet, Beyaz Saray Ulusal G\u00fcvenlik Konseyi \u00fcyesi Dan Freid, CIA \u00fcst d\u00fczey y\u00f6neticisi Marc Grossman ve Karanl\u0131klar Prensi olarak bilinen Richard Perle ile yemekte bulu\u015fmu\u015flard\u0131. ABD y\u00f6netiminin \u00fcst d\u00fczey y\u00f6neticileri T\u00dcS\u0130AD \u00fcyelerine ve onlar\u0131n \u00fczerinden AKP ileri gelenlerine \u015fu mesaj\u0131 g\u00f6nderiyorlard\u0131:<\/p>\n<p><b><i>\u201cUmar\u0131z AKP, Refah Partisi\u2019nin yapm\u0131\u015f oldu\u011fu hatalar\u0131 tekrarlamaz ve Erbakan\u2019\u0131n ba\u015f\u0131na gelenleri unutmaz!\u201d <\/i><\/b><\/p>\n<p>Ayn\u0131 tarihlerde ABD\u2019de bulunan Tayyip Erdo\u011fan, 10 Aral\u0131k 2002\u2019de d\u00f6nemin ABD D\u0131\u015fi\u015fleri Bakan\u0131 Colin Powell ile g\u00f6r\u00fc\u015ft\u00fckten sonra Monarch Oteli\u2019nde Musevi \u00f6rg\u00fctlerinin temsilcilerine tan\u0131t\u0131lm\u0131\u015ft\u0131.<\/p>\n<p>Erdo\u011fan, g\u00f6r\u00fc\u015fmede kendisini \u015f\u00f6yle aklamaya \u00e7al\u0131\u015fm\u0131\u015ft\u0131:<\/p>\n<p><b><i>\u201c\u0130slamc\u0131 oldu\u011fumuz yolundaki s\u00f6ylemler do\u011fru de\u011fildir, bunlara kat\u0131lm\u0131yoruz. Devlet i\u015fleri ile devletleraras\u0131 ili\u015fkilerde ancak laiklik temeli \u00fczerinden bir araya gelinebilece\u011fine inan\u0131yoruz. \u015eu andaki T\u00fcrk-\u0130srail ili\u015fkilerini yeterli bulmuyorum. Biz bu ili\u015fkilerin \u00e7ok daha ileri gitmesini istiyoruz. Bizim iktidar\u0131m\u0131z d\u00f6neminde \u00e7ok daha ileri gitti\u011fini g\u00f6receksiniz, bunun garantisini veriyorum.\u201d <\/i><\/b><\/p>\n<p>Ve ekliyordu:<\/p>\n<p><b><i>\u201cBiz \u015fahsen Yahudilerden \u00e7ok \u015fey \u00f6\u011frendik, beni \u0130stanbul\u2019daki dostlar\u0131n\u0131zdan sorabilirsiniz.\u201d <\/i><\/b><\/p>\n<p>Cenab-\u0131 Allah (c.c.), Kur\u2019an-\u0131 Kerim\u2019in Maide s\u00fcresinin 51\u2019nci ayetinde \u015f\u00f6yle buyuruyor:<\/p>\n<p><b><i>\u201cEy inananlar! Yahudi ve H\u0131ristiyanlar\u0131 dost edinmeyin. Onlar birbirlerinin dostlar\u0131d\u0131rlar. Sizden kim onlar\u0131 dost edinirse ku\u015fkusuz o da onlardand\u0131r.\u201d<\/i><\/b><\/p>\n<p>\u0130ktidar koltu\u011funa oturabilmek i\u00e7in Allah\u2019\u0131n ayetlerini hi\u00e7e sayan Tayyip Erdo\u011fan, kapal\u0131 kap\u0131lar arkas\u0131nda verdi\u011fi taahh\u00fctlerden dolay\u0131 Amerika\u2019daki Yahudi lobileri AJC ve ADL taraf\u0131ndan \u2018cesaret\u2019 ve \u2018ebedi dost\u2019 madalyalar\u0131 ile \u00f6d\u00fcllendirilen insand\u0131!<\/p>\n<p>Kendisine umut ba\u011flayan kitleleri s\u00fcrekli bir \u015fekilde \u2018narkoz\u2019 vererek uyutan Erdo\u011fan da, bug\u00fcne kadar \u2018ABD\/AB\/\u0130srail\u2019 ekseninde ortaya koydu\u011fu icraatlar ile ald\u0131\u011f\u0131 \u00f6d\u00fcllerin bedelini \u2018fazlas\u0131\u2019 ile \u00f6deyip Siyonistlerin g\u00f6z\u00fcne girmeye \u00e7abalam\u0131\u015ft\u0131. Peki, halen omuzlar\u0131nda par\u0131ldamakta olan \u2018siyon y\u0131ld\u0131zl\u0131\u2019 madalyalara ra\u011fmen, Erdo\u011fan\u2019dan \u0130srail\u2019e kar\u015f\u0131 \u2018ciddi\u2019 bir hareket bekleyenler, Allah\u2019\u0131n ayetinin \u2018ne anlama\u2019 geldi\u011fini bilmiyorlar m\u0131yd\u0131?<a href=\"#_ftn2\" name=\"_ftnref2\">[2]<\/a><\/p>\n<p><b>AKP, CFR Partisi mi?<\/b><b>&nbsp;<\/b><\/p>\n<p><i>T\u00fcrkiye\u2019de halk\u0131 kand\u0131rmak i\u00e7in basit ama etkili y\u00f6ntemler uygulan\u0131yordu. Mesela, 57\u2019nci H\u00fck\u00fcmet d\u00f6neminde, egemenli\u011fi AB\u2019ye teslim etme program\u0131na&nbsp; \u201cUlusal Program\u201d ad\u0131 veriliyordu. AKP h\u00fck\u00fcmeti de T\u00fcrkiye\u2019yi ayr\u0131\u015ft\u0131rmaya ba\u015flayan&nbsp; \u201ca\u00e7\u0131l\u0131m\u201da h\u00e2l\u00e2 \u201cMilli birlik ve karde\u015flik projesi\u201d diyebiliyordu. Ve \u0131srarla \u201cBu proje, bu s\u00fcre\u00e7 AK Parti\u2019nin de\u011fildir. Bu proje, bu s\u00fcre\u00e7 devletindir\u201d vurgusu yap\u0131l\u0131yordu. <\/i><\/p>\n<p><i>Peki, Devlet kim oluyordu? Projenin uygulay\u0131c\u0131s\u0131 olan M\u0130T M\u00fcste\u015far\u0131 Emre Taner mi? Genelkurmay Ba\u015fkan\u0131 Orgeneral \u0130lker Ba\u015fbu\u011f mu? Emniyet Genel M\u00fcd\u00fcr\u00fc O\u011fuz Ka\u011fan K\u00f6ksal m\u0131?<\/i><\/p>\n<p><i>Birileri \u201cdevlet ki\u015filer de\u011fildir\u201d diyebilirdi, ama sonu\u00e7ta ki\u015filer taraf\u0131ndan temsil ediliyordu. Yoksa devlet, bu \u00fc\u00e7 kurum mu? \u0130yi ama bu \u00fc\u00e7 kurum ve ba\u015f\u0131ndaki ki\u015filer H\u00fck\u00fcmetin emrinde \u00e7al\u0131\u015f\u0131yordu! Veya devlet, Cumhurba\u015fkan\u0131 m\u0131 say\u0131l\u0131yordu?<\/i><\/p>\n<p><i>Kald\u0131 ki, bir projenin sahibinin devlet olmas\u0131 bile, o projeyi aklamazd\u0131. \u00c7\u00fcnk\u00fc T\u00fcrkiye Cumhuriyeti Devleti, NATO\u2019ya giri\u015ften itibaren g\u00fcvenlikle ilgili projelerini, do\u011frudan ABD\u2019den almaktayd\u0131. \u0130\u015fte s\u00fcrekli g\u00fcndeme gelen Gladio, NATO\u2019nun bir uzant\u0131s\u0131yd\u0131. Demek ki bir proje devletin ise arkas\u0131nda ABD olup olmad\u0131\u011f\u0131na mutlaka bakmak laz\u0131md\u0131.<\/i><\/p>\n<p><i>Ayr\u0131ca AKP\u2019nin kendisi bir CFR projesiydi ve Parti program\u0131, 2001\u2019in Temmuz ay\u0131nda ABD\u2019den yollanm\u0131\u015ft\u0131. Bunu 26 A\u011fustos 2001 tarihinde belgesiyle ispat edip yazm\u0131\u015ft\u0131k. O g\u00fcnden beri Tayyip Erdo\u011fan bu konuda hi\u00e7bir a\u00e7\u0131klama yapamam\u0131\u015ft\u0131.<\/i><\/p>\n<p><i>O belgede Tayyip Erdo\u011fan\u2019a \u201cAnkara, yerel y\u00f6netimlere otonomi sa\u011flamak ve milli h\u00fck\u00fcmetin fonksiyonlar\u0131n\u0131 yerel d\u00fczeyde merkezi olmaktan \u00e7\u0131karmak zorundad\u0131r. D\u00fcnya, b\u00fct\u00fcn h\u00fck\u00fcmetlerden bunu isteyip durmaktad\u0131r. Bu memoranduma g\u00f6sterece\u011finiz ilgiden dolay\u0131 takdirlerimizi sunar\u0131z&#8230;\u201d deniliyordu.<\/i><\/p>\n<p><i>\u0130\u015fte Erdo\u011fan\u2019\u0131n \u201cMilli birlik ve karde\u015flik projesi\u201d dedi\u011fi proje, bunun bir par\u00e7as\u0131yd\u0131. Erdo\u011fan, k\u00fcresel \u00f6rg\u00fctlerin taleplerini Ak Parti Program ve t\u00fcz\u00fc\u011f\u00fcne yerle\u015ftirmi\u015f insand\u0131:<\/i><\/p>\n<p><i>&#8211; Kurucular Kurulu kitab\u0131n\u0131n 8\u2019inci sayfas\u0131nda&nbsp; \u201cPartimiz merkeziyet\u00e7i devlet anlay\u0131\u015f\u0131ndan vazge\u00e7ilmesini \u00f6ng\u00f6r\u00fcr\u201d deniliyordu.<\/i><\/p>\n<p><i>&#8211; Program\u0131n 35\u2019inci sayfas\u0131nda, \u201c\u00c7a\u011f\u0131m\u0131z bir y\u00f6n\u00fcyle k\u00fcreselle\u015fme \u00e7a\u011f\u0131, di\u011fer y\u00f6n\u00fcyle yerelle\u015fme ve yerel y\u00f6netimlerin devlet sistemleri i\u00e7indeki a\u011f\u0131rl\u0131klar\u0131n\u0131n artt\u0131\u011f\u0131 bir \u00e7a\u011fd\u0131r\u201d ifadeleri yer al\u0131yordu.<\/i><\/p>\n<p><i>Bu nedenle, AKP\u2019nin kendisi bir CFR partisi mi, yoksa T\u00fcrkiye partisi mi oldu\u011fu tart\u0131\u015fmaya a\u00e7\u0131kt\u0131!<\/i><a href=\"#_ftn3\" name=\"_ftnref3\">[3]<\/a> diyenler elbette hakl\u0131yd\u0131.<\/p>\n<p><b>(Eski) Milliyet, bu konuda herhangi bir yanl\u0131\u015f anlamaya yer vermemek \u00fczere Washington muhabiri Yasemin \u00c7ongar&#8217;\u0131n elindeki teyp kayd\u0131ndan C\u00fcneyt Zapsu&#8217;nun bu konudaki s\u00f6zlerinin \u0130ngilizce orijinali ile T\u00fcrk\u00e7e \u00e7evirisini okurlar\u0131n\u0131n dikkatine sunuyordu:<\/b><\/p>\n<p><b>\u0130ngilizce teyp kayd\u0131:<\/b><\/p>\n<p>This man is an honest man. And he has his own beliefs and he is true to his beliefs. Please try to&#8230; I&#8217;d say &#8220;exploit&#8221; is a bad word, but kullanmak or use&#8230; (Zapsu burada T\u00fcrk\u00e7e kullanmak s\u00f6zc\u00fc\u011f\u00fcn\u00fc telaffuz ediyor ve \u0130ngilizce nas\u0131l denir anlam\u0131nda dinleyicilere bak\u0131yor ve bir T\u00fcrk dinleyicinin hat\u0131rlatmas\u0131 \u00fczerine s\u00f6zlerine devam ediyor) take advantage of this man. Because this person has so much credibility, because of his own beliefs in the Muslim world and he believes in the Western style democracy. I think instead of pushing him down, putting him to the drain, use&#8230; Here and in Europe you should take advantage of that. This is my offer&#8230;<\/p>\n<p><b>T\u00fcrk\u00e7e \u00e7evirisi<\/b><\/p>\n<p>Bu adam d\u00fcr\u00fcst bir adam. Kendi inan\u00e7lar\u0131na sahip ve bu inan\u00e7lar\u0131nda samimi. L\u00fctfen \u015funu yapmaya \u00e7al\u0131\u015f\u0131n&#8230; &#8220;S\u00f6m\u00fcrmek&#8221; k\u00f6t\u00fc bir kelime, ama kullanmak (yerinde)&#8230; Bu adamdan yararlan\u0131n. \u00c7\u00fcnk\u00fc bu ki\u015finin \u00e7ok itibar\u0131 var, hem kendi inan\u00e7lar\u0131 nedeniyle M\u00fcsl\u00fcman d\u00fcnyas\u0131nda, hem de Bat\u0131 tipi demokrasiye inan\u0131yor. Bence onu devirmeye \u00e7al\u0131\u015fmak, delikten a\u015fa\u011f\u0131 s\u00fcp\u00fcr\u00fcp atmak yerine onu kullan\u0131n&#8230; Burada ve Avrupa&#8217;da bundan yararlanmal\u0131s\u0131n\u0131z. Teklifim budur.\u201d<a href=\"#_ftn4\" name=\"_ftnref4\">[4]<\/a><\/p>\n<p><b>AKP H\u00fck\u00fcmeti ve CHP muhalefeti, halk\u0131m\u0131z\u0131n de\u011fil Yahudi odaklar\u0131n g\u00f6z\u00fcne girmeye \u00e7al\u0131\u015f\u0131yordu!<\/b><\/p>\n<p><b>Arslan Bulut olduk\u00e7a \u00f6nemli ve tarihi tespitlerde bulunuyordu:<\/b><\/p>\n<p>WikiLeaks belgelerinde, Hilmi \u00d6zk\u00f6k ile Tayyip Erdo\u011fan\u2019\u0131n, Genelkurmay\u2019daki milliyet\u00e7i ve Avrasyac\u0131 ittifak\u0131na kar\u015f\u0131 Atlantik\u00e7i eksende kader birli\u011fi yapt\u0131klar\u0131ndan s\u00f6z ediliyordu ya, bug\u00fcnlerde ayn\u0131 do\u011frultuda bak\u0131n\u0131z kimler, nas\u0131l \u00e7al\u0131\u015f\u0131yordu.<\/p>\n<p>CHP heyeti ABD\u2019de temaslar yaparken, i\u015fadam\u0131 Mustafa Ko\u00e7, AKP-T\u00dcS\u0130AD, AKP-ABD ili\u015fkilerini geli\u015ftirmesi ve&nbsp; \u201cone minute\u201d&nbsp; adl\u0131 tiyatro eserini sahnelemesiyle \u00fcnl\u00fc C\u00fcneyt Zapsu ile birlikte Washington\u2019da bulunuyordu.<\/p>\n<p>Vatan gazetesinde \u00e7\u0131kan habere g\u00f6re T\u00fcrk-Amerikan \u0130\u015f Konseyi Heyeti, bakan yard\u0131mc\u0131s\u0131 d\u00fczeyinde g\u00f6revlilerle g\u00f6r\u00fc\u015ft\u00fckten sonra D\u00fcnya Yahudi Kongresi Amerika B\u00f6l\u00fcm\u00fc\u2019n\u00fcn Ba\u015fkan\u0131 Rabbi Marc Schneier, CSIS, CFR ve \u0130srail yanl\u0131s\u0131 lobi kurulu\u015fu AIPAC yetkilileriyle de bir araya geliyordu.<\/p>\n<p>Haluk Din\u00e7er, C\u00fcneyt Zapsu, Nuri \u00c7olako\u011flu ve Mustafa Ko\u00e7\u2019dan olu\u015fan heyet, Henry Kissinger ile de bulu\u015fmu\u015ftu.<\/p>\n<p>D\u0131\u015fi\u015fleri Bakan\u0131 Ahmet Davuto\u011flu ise Kaddafi\u2019ye ba\u011fl\u0131 g\u00fc\u00e7lerin sivillere sald\u0131r\u0131s\u0131n\u0131 durdurmas\u0131n\u0131 sa\u011flamak ve ate\u015fkes uygulanmas\u0131 i\u00e7in NATO\u2019nun g\u00fcc\u00fcn\u00fc kullanmas\u0131 gerekti\u011fini s\u00f6yl\u00fcyordu!<\/p>\n<p>CHP Genel Ba\u015fkan Yard\u0131mc\u0131s\u0131 Osman Korut\u00fcrk ise parti heyeti olarak ABD\u2019nin ba\u015fkenti Washington\u2019daki temaslar\u0131nda,&nbsp; \u201cG\u00f6r\u00fc\u015fmelerimizde, Orta Do\u011fu\u2019daki halk hareketleri konusunda T\u00fcrkiye\u2019nin daha aktif ve lider rol\u00fc oynamas\u0131 bekleniyormu\u015f, ama o rol\u00fcn tam oynand\u0131\u011f\u0131 hen\u00fcz g\u00f6r\u00fclm\u00fcyormu\u015f kanaatini g\u00f6zlemledik. T\u00fcrkiye\u2019nin bu olaylar\u0131n gerisinde kald\u0131\u011f\u0131 izlenimini edindik\u201d diyordu.<\/p>\n<p>Genel Ba\u015fkan Yard\u0131mc\u0131lar\u0131 Osman Korut\u00fcrk, G\u00fcls\u00fcn Bilgehan, Umut Oran ve Faik \u00d6ztrak ile Genel Ba\u015fkan Dan\u0131\u015fman\u0131 Faruk Lo\u011fo\u011flu\u2019dan olu\u015fan CHP heyeti, ABD\u2019nin \u00fc\u00e7\u00fcnc\u00fc derecedeki devlet yetkilileri ve Cumhuriyet\u00e7ilerin ba\u015fkan aday\u0131 John McCain ile g\u00f6r\u00fc\u015f\u00fcyordu. Heyet,&nbsp; \u201ckar\u015f\u0131 taraf\u0131n talebi \u00fczerine\u201d baz\u0131 Yahudi kurulu\u015flar\u0131n\u0131n temsilcileriyle de bir araya geliyordu.<\/p>\n<p><b>\u201cBaz\u0131 Yahudi kurulu\u015flar\u0131\u201dndan biri de, her halde \u201cRabbi\u201dnin kurulu\u015fu oluyordu! <\/b><\/p>\n<p><b>CHP Genel Ba\u015fkan\u0131 Kemal K\u0131l\u0131\u00e7daro\u011flu ise Turkish Policy Quarterly dergisine konu\u015fuyor ve&nbsp; \u201cAKP, T\u00fcrk halk\u0131n\u0131 Amerika\u2019ya kar\u015f\u0131 k\u0131\u015fk\u0131rt\u0131yor\u201d diye \u015fik\u00e2yet ediyordu. CHP lideri, T\u00fcrkiye\u2019ye y\u00f6nelik tehdidin kom\u015fu \u00fclkelerden beklenmesi gerekti\u011fini iddia ederek, Suriye\u2019yi hedef g\u00f6steriyordu.<\/b><\/p>\n<p><b>K\u0131l\u0131\u00e7daro\u011flu,&nbsp; \u201cAsl\u0131nda AKP, Avro-Atlantik camias\u0131 \u00fcyeli\u011finde kendini \u2019evinde\u2019 gibi g\u00f6rmemektedir. AKP kendini ba\u015fka co\u011frafyalarda, \u00f6rne\u011fin Orta Do\u011fu\u2019da daha rahat hissetmektedir. \u00d6te yandan bu co\u011frafyalarda izledi\u011fi politikalarla ve s\u00fcrekli yapt\u0131\u011f\u0131 Osmanl\u0131 referanslar\u0131yla rahats\u0131zl\u0131k vermektedir. <\/b><\/p>\n<p><b>AKP, kapal\u0131 kap\u0131lar arkas\u0131nda ABD makamlar\u0131yla her konuda mutab\u0131k olur ve buna g\u00f6re davran\u0131rken, kamuoyuna y\u00f6nelik olarak en \u00fcst yetkililerinin a\u011fz\u0131ndan ABD\u2019nin politikalar\u0131n\u0131 a\u00e7\u0131k\u00e7a ele\u015ftirmektedir.<\/b><\/p>\n<p><b>T\u00fcrk-Amerikan ili\u015fkileri yeniden, e\u015fitlik, kar\u015f\u0131l\u0131kl\u0131 g\u00fcven ve sayg\u0131 ile birbirinin me\u015fru \u00e7\u0131karlar\u0131n\u0131 g\u00f6zetmeye dayal\u0131 i\u015flevsel bir konuma getirilmelidir\u201d (diyerek ABD ve Yahudi Lobilerine: \u201cAKP ve Erdo\u011fan yerine, biraz da CHP\u2019yi ve beni kullan\u0131n\u201d demeye getiriyordu. M.\u00c7.)<\/b><\/p>\n<p><b>Bu tablo a\u00e7\u0131k\u00e7a \u015fu anlama geliyordu: <\/b><\/p>\n<p><b>CHP, Washington\u2019da&nbsp; \u201cRabbi\u201d yi ikna etmeye \u00e7al\u0131\u015f\u0131yor, bu sebeple AKP\u2019nin ger\u00e7ekte Amerikan kar\u015f\u0131t\u0131 oldu\u011funu iddia ederek, \u201cBiz sizin projelerinize daha iyi hizmet sunar\u0131z. B\u00fcy\u00fck Orta Do\u011fu Projesi\u2019nin e\u015f ba\u015fkanl\u0131\u011f\u0131n\u0131 da devralmaya haz\u0131r\u0131z. Kom\u015fular\u0131m\u0131z \u00fczerinde siz ne emrederseniz biz gere\u011fini hemen yapar\u0131z, yeter ki iktidara gelmemiz i\u00e7in bize yard\u0131m edin\u201d&nbsp; demi\u015f oluyordu. <\/b><\/p>\n<p><b>AKP de tehdidi alg\u0131lad\u0131\u011f\u0131ndan \u00fczerine&nbsp; \u201csifon\u201d&nbsp; \u00e7ekilmesin diye&nbsp; \u201cAs\u0131l Amerikanc\u0131 biziz\u201d i g\u00f6stermek i\u00e7in C\u00fcneyt Zapsu\u2019nun \u00f6nderli\u011finde Ko\u00e7 gibi m\u00fccadele ediyordu! <\/b><\/p>\n<p><b>Demek ki iki lider de ger\u00e7ek se\u00e7men olarak T\u00fcrk halk\u0131n\u0131 de\u011fil&nbsp; \u201cRabbi\u201dyi yani Yahudi Lobilerini g\u00f6r\u00fcyordu!\u201d<a href=\"#_ftn5\" name=\"_ftnref5\"><b>[5]<\/b><\/a><\/b><\/p>\n<p><b>Evet, bunlar\u0131n h\u00fck\u00fcmeti de m\u00fchalefeti de liberelisti de sosyalisti de \u0130slamc\u0131 Recebi de Gandi Kemali de; hi\u00e7 biri millete ve milli dinamiklere dayanm\u0131yor, ABD\u2019ye ve Yahudi lobilerine g\u00fcvenip yaslan\u0131yordu. Bunlar\u0131n kar\u015f\u0131l\u0131kl\u0131 horozlanmalar\u0131 ve bazen k\u00f6pr\u00fc alt\u0131n\u0131 utand\u0131ran k\u00fcf\u00fcrl\u00fc&nbsp; at\u0131\u015fmalar\u0131 ise, art\u0131k iyice kabak tad\u0131 veriyordu.<\/b><\/p>\n<div><br clear=\"all\" \/>  <\/p>\n<hr align=\"left\" size=\"1\" width=\"33%\" \/>\n<div>\n<p><a href=\"#_ftnref1\" name=\"_ftn1\">[1]<\/a> Bilgi i\u00e7in: S. \u00d6nkibar \/ Yeni\u00e7a\u011f&nbsp; \/ 12.06.2010<\/p>\n<\/p><\/div>\n<div>\n<p><a href=\"#_ftnref2\" name=\"_ftn2\">[2]<\/a> 10.03.2011 \/ \u0130srafil Kumbasar<\/p>\n<\/p><\/div>\n<div>\n<p><a href=\"#_ftnref3\" name=\"_ftn3\">[3]<\/a> Yeni\u00e7a\u011f \/ 09.01.2010 \/ A. Bulut<\/p>\n<\/p><\/div>\n<div>\n<p><a href=\"#_ftnref4\" name=\"_ftn4\">[4]<\/a> 12.04.2006 \/ Milliyet<\/p>\n<\/p><\/div>\n<div>\n<p><a href=\"#_ftnref5\" name=\"_ftn5\">[5]<\/a> 30.03.2011 \/ Yeni \u00c7a\u011f<\/p>\n<\/p><\/div>\n<\/p><\/div>\n","protected":false},"excerpt":{"rendered":"<p>Milli G\u00f6r\u00fc\u015fteki karanl\u0131k g\u00fc\u00e7lerin temsilcileri olan O\u011fuzhan Asilt\u00fcrk ve \u015eevket Kazan ekibinin partide rekl\u00e2m\u0131n\u0131 yaparak \u00fcst makamlara ve \u0130stanbul Belediye Ba\u015fkanl\u0131\u011f\u0131na ta\u015f\u0131y\u0131p Erbakan\u2019a kar\u015f\u0131 \u015f\u0131martt\u0131klar\u0131; ard\u0131ndan kendileri Hoca\u2019ya ba\u011fl\u0131l\u0131k rol\u00fcyle, bu sefer s\u00fcrekli d\u0131\u015flay\u0131p k\u0131\u015fk\u0131rtarak Milli G\u00f6r\u00fc\u015ften kopmalar\u0131n\u0131 kolayla\u015ft\u0131rd\u0131klar\u0131 Recep Tayyip Erdo\u011fan, davas\u0131na ve camias\u0131na h\u0131yanetinin kar\u015f\u0131l\u0131\u011f\u0131 olarak, madalya ald\u0131\u011f\u0131 Siyonist mahfillerce iktidara ta\u015f\u0131nm\u0131\u015ft\u0131r. Ancak [&hellip;]<\/p>\n","protected":false},"author":8,"featured_media":0,"comment_status":"open","ping_status":"closed","sticky":false,"template":"","format":"standard","meta":{"footnotes":""},"categories":[130],"tags":[],"class_list":["post-2142","post","type-post","status-publish","format-standard","hentry","category-kasim-2011"],"_links":{"self":[{"href":"https:\/\/www.millicozum.com\/mc\/wp-json\/wp\/v2\/posts\/2142","targetHints":{"allow":["GET"]}}],"collection":[{"href":"https:\/\/www.millicozum.com\/mc\/wp-json\/wp\/v2\/posts"}],"about":[{"href":"https:\/\/www.millicozum.com\/mc\/wp-json\/wp\/v2\/types\/post"}],"author":[{"embeddable":true,"href":"https:\/\/www.millicozum.com\/mc\/wp-json\/wp\/v2\/users\/8"}],"replies":[{"embeddable":true,"href":"https:\/\/www.millicozum.com\/mc\/wp-json\/wp\/v2\/comments?post=2142"}],"version-history":[{"count":0,"href":"https:\/\/www.millicozum.com\/mc\/wp-json\/wp\/v2\/posts\/2142\/revisions"}],"wp:attachment":[{"href":"https:\/\/www.millicozum.com\/mc\/wp-json\/wp\/v2\/media?parent=2142"}],"wp:term":[{"taxonomy":"category","embeddable":true,"href":"https:\/\/www.millicozum.com\/mc\/wp-json\/wp\/v2\/categories?post=2142"},{"taxonomy":"post_tag","embeddable":true,"href":"https:\/\/www.millicozum.com\/mc\/wp-json\/wp\/v2\/tags?post=2142"}],"curies":[{"name":"wp","href":"https:\/\/api.w.org\/{rel}","templated":true}]}}