{"id":2143,"date":"2011-10-27T08:16:10","date_gmt":"2011-10-27T08:16:10","guid":{"rendered":"https:\/\/www.millicozum.com\/mc\/2011\/10\/27\/akdeniz-kizisiyor-tarihi-hesaplasma-yaklasiyor\/"},"modified":"2011-10-27T08:16:10","modified_gmt":"2011-10-27T08:16:10","slug":"akdeniz-kizisiyor-tarihi-hesaplasma-yaklasiyor","status":"publish","type":"post","link":"https:\/\/www.millicozum.com\/mc\/2011\/kasim-2011\/akdeniz-kizisiyor-tarihi-hesaplasma-yaklasiyor\/","title":{"rendered":"AKDEN\u0130Z KIZI\u015eIYOR, TAR\u0130H\u0130 HESAPLA\u015eMA YAKLA\u015eIYOR!"},"content":{"rendered":"\n<p>Yahudi Lobilerinin g\u00fcd\u00fcm\u00fcndeki ABD ve Siyonist \u0130srail, Malatya\u2019ya yerle\u015ftirdi\u011fi F\u00fcze Kalkan\u0131 sistemiyle bizi \u0130ran\u2019la kar\u015f\u0131 kar\u015f\u0131ya getirirken, bir yandan da K\u0131br\u0131s Rum Kesimini, Akdeniz\u2019de petrol aramak i\u00e7in k\u0131\u015fk\u0131rt\u0131p Yunanistan\u2019<st1:personname productid=\"la T\ufffcrkiye\">la T\u00fcrkiye<\/st1:personname>\u2019yi vuru\u015fturma pe\u015findedir. Tam da b\u00f6yle kritik bir s\u00fcre\u00e7te, Deniz Kuvvetlerindeki amirallerin \u00f6nemli k\u0131sm\u0131n\u0131n \u00e7e\u015fitli gerek\u00e7elerle tutuklu bulunmas\u0131 ise endi\u015fe vericidir.<\/p>\n<p>\u015eimdi tutuklanan bu general ve amiraller; \u015fayet milli iradeye ve onun temsilcisi h\u00fck\u00fcmete, ger\u00e7ekten h\u0131yanet pe\u015findeyse ve \u0130slam g\u0131c\u0131kl\u0131\u011f\u0131 nedeniyle AKP kar\u015f\u0131tl\u0131\u011f\u0131 g\u00fctmekteyse, bunlar\u0131n ABD ve \u0130srail\u2019le hesapla\u015fma gerektirecek bir s\u00fcre\u00e7te cezaevinde olmalar\u0131 hay\u0131rl\u0131 g\u00f6r\u00fclebilir. Ancak, ya bu general ve amiraller, ABD emperyalizmine ve i\u015fbirlik\u00e7ilerine kar\u015f\u0131 milli ve haysiyetli bir tav\u0131r ald\u0131klar\u0131 ve ayak ba\u011f\u0131 olmamalar\u0131 i\u00e7in tezg\u00e2hlanan senaryolar sonucu tutuklanm\u0131\u015f ve fiilen devre d\u0131\u015f\u0131 b\u0131rak\u0131lm\u0131\u015f iseler, o takdirde bu tablo olduk\u00e7a vahimdir. Veya \u015f\u00f6yle soral\u0131m, T\u00fcrkiye\u2019miz d\u00e2hil 27 \u0130slam \u00fclkesinin par\u00e7alanmas\u0131n\u0131 hedefleyen BOP gibi yabanc\u0131 ve y\u0131k\u0131c\u0131 bir projenin e\u015fba\u015fkanl\u0131\u011f\u0131na, hem de Yahudi Lobilerince se\u00e7ilen ve bu y\u00fczden kendisine cesaret madalyas\u0131 verilen Sn. Recep T. Erdo\u011fan, acaba ABD, \u0130srail ve AB\u2019yi mi aldat\u0131p milli hedeflere hizmet etmektedir? Yoksa milletimizi ve \u0130slam \u00fclkelerini avutup-oyalayarak Siyonist ve emperyalist g\u00fc\u00e7lerle mi i\u015fbirli\u011fi i\u00e7indedir?<\/p>\n<p><b>K\u0131br\u0131s Rum y\u00f6netimi, Akdeniz\u2019de do\u011falgaz sondaj\u0131na ba\u015flad\u0131\u2026 T\u00fcrk firkateynleri ise Akdeniz&#8217;e a\u00e7\u0131ld\u0131\u2026 T\u00fcrk Donanmas\u0131&#8217;na \u00f6nderlik edecek komutanlar\u0131n yar\u0131s\u0131na yak\u0131n\u0131 ise Hasdal Cezaevi&#8217;nde bulunmaktayd\u0131!<\/b><\/p>\n<p>Do\u011fu Akdeniz&#8217;de sular \u0131s\u0131n\u0131yor. Geli\u015fmeler, T\u00fcrkiye a\u00e7\u0131s\u0131ndan da her ge\u00e7en g\u00fcn tehlikenin artt\u0131\u011f\u0131na i\u015faret ediyor. T\u00fcrk Donanmas\u0131 ise Hasdal Cezaevi&#8217;nde! Deniz Kuvvetleri Komutanl\u0131\u011f\u0131&#8217;ndaki 56 amiralden 22&#8217;si Balyoz, Poyrazk\u00f6y, Amirallere Suikast gibi davalardan tutuklu yarg\u0131lan\u0131yor. Deniz Kuvvetleri&#8217;nin internet sitesinde Donanma Komutanl\u0131\u011f\u0131, Kuzey Deniz Saha Komutanl\u0131\u011f\u0131, G\u00fcney Deniz Saha Komutanl\u0131\u011f\u0131&#8217;n\u0131n g\u00f6revlerini \u00f6zetle \u015f\u00f6yle a\u00e7\u0131kl\u0131yor: Kurulu\u015fundaki birliklerin harbe haz\u0131r olarak idamesini sa\u011flamak, sorumluluk sahas\u0131nda g\u00f6rev yapan birlikleri desteklemektir.<\/p>\n<p><b>T\u00fcrkiye\u2019nin g\u00fcn\u00fcbirlik tavr\u0131!<\/b><\/p>\n<p>K\u0131br\u0131s Rum Y\u00f6netimi\u2019nin tek yanl\u0131 ilan etti\u011fi m\u00fcnhas\u0131r ekonomik alanda sondaj yapacak \u015firketin \u00e7al\u0131\u015fmalara ba\u015flad\u0131\u011f\u0131 ve ilk \u00f6n ara\u015ft\u0131rman\u0131n bug\u00fcn yap\u0131laca\u011f\u0131 belirtildi. Noble Energy \u015firketi, do\u011falgaz arayacak platformu 12. Parsel\u2019e yerle\u015ftirdi ve yo\u011fun faaliyetlere giri\u015fti.<\/p>\n<p>Rumlar\u0131n &#8220;Tek ba\u015f\u0131na do\u011falgaz aramas\u0131na&#8221; m\u00fcsaade etmeyece\u011fini a\u00e7\u0131klayan T\u00fcrkiye de, donanmas\u0131na ait iki firkateyni Akdeniz\u2019e g\u00f6nderdi. Rum Deniz Kuvvetleri\u2019nde de izinler kald\u0131r\u0131ld\u0131, \u0130srail Heronlar\u0131n\u0131 b\u00f6lgeye g\u00f6nderdi. Rum D\u0131\u015fi\u015fleri Bakanl\u0131\u011f\u0131, T\u00fcrk sava\u015f u\u00e7aklar\u0131n\u0131n \u201cK\u0131br\u0131s Cumhuriyeti\u2019nin hava sahas\u0131n\u0131\u201d ihlal etti\u011fini \u00f6ne s\u00fcrerek, T\u00fcrkiye\u2019yi BM\u2019ye \u015fik\u00e2yet edece\u011fini bildirdi.<\/p>\n<p><b>\u0130srail-Yunanistan anla\u015fmas\u0131<\/b><\/p>\n<p>\u0130srail ve Yunanistan\u2019\u0131n, T\u00fcrkiye&#8217;yi tehdit olarak g\u00f6ren gizli bir ortak savunma pakt\u0131 olu\u015fturdu\u011fu belirtiliyor. \u0130ki \u00fclke aras\u0131nda imzalanan savunma i\u015fbirli\u011fi anla\u015fmas\u0131na g\u00f6re \u0130srail, Akdeniz&#8217;deki Yunan \u00fcslerine konu\u015flan\u0131yor. T\u00fcrkiye&#8217;nin Do\u011fu Akdeniz&#8217;deki etkinli\u011fi k\u0131s\u0131lmaya \u00e7al\u0131\u015f\u0131l\u0131yor. Anla\u015fmaya g\u00f6re, petrol ve do\u011falgaz konusunda T\u00fcrkiye tehdit olarak g\u00f6r\u00fcl\u00fcyor. Mossad&#8217;\u0131n yay\u0131n organ\u0131 Debkafile haber sitesine g\u00f6re, 3 Eyl\u00fcl&#8217;de gizlice imzalanan anla\u015fma, Do\u011fu Akdeniz&#8217;de T\u00fcrkiye&#8217;nin havadan ve denizden yapt\u0131\u011f\u0131 hamlelere yan\u0131t olarak geli\u015ftiriliyor.<\/p>\n<p><b>Sn. Recep Bey halk\u0131m\u0131z\u0131 oyal\u0131yor!<\/b><\/p>\n<p>Hi\u00e7 olmad\u0131\u011f\u0131 kadar aktif oldu\u011fu ve c\u00fcretli ad\u0131mlar att\u0131\u011f\u0131 s\u00f6ylenen T\u00fcrk d\u0131\u015f politikas\u0131, g\u00f6r\u00fcn\u00fcrdeki imaj\u0131n aksine tepki vermekten \u00f6teye ge\u00e7emiyor. K\u00fcresel g\u00fc\u00e7ler, stratejik ortaklar ve konjonkt\u00fcrden f\u0131rsat bulup bir t\u00fcrl\u00fc kendi ajandas\u0131n\u0131 olu\u015fturamayan AKP T\u00fcrkiye\u2019si, &#8220;kural koyaca\u011f\u0131&#8221; yerde &#8220;kurallara boyun e\u011fiyor.&#8221; \u0130srail jetleri Mersin\u2019de al\u00e7ak u\u00e7u\u015f yap\u0131yor, Rumlar Akdeniz\u2019de sondaja devam ediyor, Rusya Akdeniz\u2019e sava\u015f gemisi g\u00f6nderiyor. Ya\u015fananlar AKP\u2019nin: \u201cAksiyonda bulunaca\u011f\u0131na sadece reaksiyon g\u00f6steriyor\u201d tavr\u0131n\u0131 destekliyor. Akdeniz\u2019deki do\u011falgaz yataklar\u0131 \u0130srail ve ABD taraf\u0131ndan payla\u015f\u0131l\u0131rken, T\u00fcrkiye \u00e7aresizlik i\u00e7inde olan biteni seyrediyor.<\/p>\n<p><b>\u0130srail AKP\u2019den cesaret al\u0131yor!<\/b><\/p>\n<p>\u0130srail\u2019le ya\u015fanan krizler konusunda T\u00fcrkiye, \u0130srail&#8217;in m\u00fctecaviz ve a\u015fa\u011f\u0131lay\u0131c\u0131 tavr\u0131n\u0131 engellemek yerine devaml\u0131 tepki g\u00f6steren \u00fclke konumunda olmaktan bir t\u00fcrl\u00fc s\u0131yr\u0131lam\u0131yor. Mavi Marmara katliam\u0131n\u0131n ard\u0131ndan hi\u00e7bir somut ad\u0131m atamayan T\u00fcrkiye, y\u00fczeysel tepkilerle topu BM&#8217;ye atarak durumu kurtarmaya \u00e7al\u0131\u015f\u0131rken &#8220;Al\u00e7ak koltuk&#8221; krizinde, yine \u0130srail&#8217;in a\u015fa\u011f\u0131lay\u0131c\u0131 tavr\u0131na maruz kalmay\u0131 sineye \u00e7ekiyor.<\/p>\n<p><b>AKP durumu idare ediyor<\/b><\/p>\n<p>\u0130srail&#8217;le askeri anla\u015fmalar\u0131 ask\u0131ya alma karar\u0131 alan T\u00fcrkiye, ekonomik alanda \u0130srail ile ili\u015fkilerini koparam\u0131yor. Rumlar\u0131n sondaj \u00e7al\u0131\u015fmalar\u0131na ili\u015fkin olarak \u201cGerekirse sava\u015f\u0131r\u0131z\u201d havas\u0131 atan Erdo\u011fan bu tavr\u0131ndan da geri ad\u0131m at\u0131yor. B\u00fct\u00fcn bunlar, T\u00fcrkiye\u2019nin \u201creaksiyoner\u201d politikalar\u0131yla g\u00fcn\u00fc kurtarma \u00e7abas\u0131nda oldu\u011fu endi\u015fesini destekliyor.<b>&nbsp;<\/b><\/p>\n<p><b>\u0130ran ve ABD gemileri Akdeniz&#8217;de kar\u015f\u0131 kar\u015f\u0131yayd\u0131!<\/b><\/p>\n<p><b>ABD&#8217;ye ait sava\u015f gemileri, Mart ay\u0131nda Libya&#8217;ya do\u011fru yola \u00e7\u0131karken, \u0130ran&#8217;\u0131n gemileri de Suriye a\u00e7\u0131klar\u0131nda demir atm\u0131\u015ft\u0131. M\u00fcbarek rejiminin devrilmesiyle S\u00fcvey\u015f Kanal\u0131&#8217;n\u0131 ge\u00e7me izni alan \u0130ran gemilerine \u0130srail tepki g\u00f6stermi\u015f, Suriye ise Lazkiye liman\u0131nda kar\u015f\u0131lama t\u00f6reni haz\u0131rlanm\u0131\u015ft\u0131. Suriyeli \u00fcst d\u00fczey askeri yetkililerinde bulundu\u011fu kar\u015f\u0131lama t\u00f6reninde iki \u00fclke, donanma alan\u0131nda i\u015fbirli\u011fi protokol\u00fc imzalam\u0131\u015ft\u0131. Rusya\u2019n\u0131n da Akdeniz\u2019e sava\u015f gemilerini yollamas\u0131, ABD+\u0130srail ve AB cephesine kar\u015f\u0131, \u0130ran+Suriye+Rusya ittifak\u0131n\u0131 hat\u0131rlatm\u0131\u015ft\u0131. T\u00fcrkiye ise, \u201ciki arada bir derede\u201d kalm\u0131\u015ft\u0131.<\/b><\/p>\n<p><b>T\u00fcrk Donanma Komutanlar\u0131 Hasdal&#8217;dayd\u0131!<\/b><\/p>\n<p>Do\u011fu Akdeniz&#8217;de ya\u015fanan bu ate\u015fli tablo kar\u015f\u0131s\u0131nda T\u00fcrk Ordusu&#8217;nun g\u00fcc\u00fc Balyoz, Poyrazk\u00f6y, Amirallere Suikast gibi davalarla etkisiz k\u0131l\u0131nm\u0131\u015ft\u0131. \u0130\u015fte T\u00fcrk ordusunun deniz g\u00fcc\u00fcn\u00fcn ne derece etkisiz k\u0131l\u0131nd\u0131\u011f\u0131n\u0131 g\u00f6steren tablo:<\/p>\n<p><b>6 Koramiral&#8217;den 4&#8217;\u00fc tutuklu<\/b><\/p>\n<p>Koramiral Mehmet Otuzbiro\u011flu (Harp Akademileri Komutan Yard\u0131mc\u0131s\u0131)<\/p>\n<p>Koramiral Kadir Sa\u011fd\u0131\u00e7 (Deniz Kuvvetleri Komutan Yard\u0131mc\u0131s\u0131)<\/p>\n<p>Koramiral Abdullah Can Ereno\u011flu (G\u00fcney Deniz Saha Komutan\u0131)<\/p>\n<p>Koramiral Deniz Cora (Kurmay Ba\u015fkan\u0131)<\/p>\n<p><b>13 T\u00fcmamiral&#8217;den 6&#8217;s\u0131 tutuklu<\/b><\/p>\n<p>T\u00fcmamiral Ali Semih \u00c7etin (Donanma Komutan Yard\u0131mc\u0131s\u0131)<\/p>\n<p>T\u00fcmamiral Soner Polat (Genelkurmay Lojistik Ba\u015fkan Yard\u0131mc\u0131s\u0131)<\/p>\n<p>T\u00fcmamiral M\u00fccahit \u015ei\u015flio\u011flu (Kuzey Deniz Saha Komutan Yard\u0131mc\u0131s\u0131)<\/p>\n<p>T\u00fcmamiral Erdem Caner Bener (G\u00fcney Deniz Grup Komutan\u0131)<\/p>\n<p>T\u00fcmamiral Ahmet Sinan Ertu\u011frul&nbsp; (Muhabere Elektronik Bilgi Sistemleri Ba\u015fkan\u0131)<\/p>\n<p>T\u00fcmamiral Ramazan Cem G\u00fcrdeniz (Plan Prensipler Daire Ba\u015fkan\u0131)<\/p>\n<p><b>33 Tu\u011famiral&#8217;den 11&#8217;i tutuklu<\/b><\/p>\n<p>Tu\u011famiral Abdullah Gavremo\u011flu (Deniz Personel Ba\u015fkan\u0131)<\/p>\n<p>Tu\u011famiral Nadir Hakan Erayd\u0131n (Deniz Kuvvetleri Seyir, Hidrografi ve O\u015finografi Daire Ba\u015fkan\u0131)<\/p>\n<p>Tu\u011famiral Osman Kayalar (Deniz Kuvvetleri Komutanl\u0131\u011f\u0131 Lojistik Ba\u015fkan\u0131 Vekili)<\/p>\n<p>Tu\u011famiral Ahmet T\u00fcrkmen (Denizalt\u0131 Filo Komutan\u0131)<\/p>\n<p>Tu\u011famiral Ramazan Cem G\u00fcrdeniz (Deniz Kuvvetleri Kurmay Ba\u015fkan Yard\u0131mc\u0131s\u0131)<\/p>\n<p>Tu\u011famiral Mehmet Fatih \u0130lgar (G\u00fcney Deniz Saha Komutan Yard\u0131mc\u0131s\u0131)<\/p>\n<p>Tu\u011famiral Cem Aziz \u00c7akmak (Deniz Kuvvetleri Harek\u00e2t Ba\u015fkan Yard\u0131mc\u0131s\u0131)<\/p>\n<p>Tu\u011famiral Levent Erkek (Deniz E\u011fitim Komutan Yard\u0131mc\u0131s\u0131)<\/p>\n<p>Tu\u011famiral Levent G\u00f6rge\u00e7 (Deniz Harp Akademisi Komutan Yard\u0131mc\u0131s\u0131)<\/p>\n<p>Tu\u011famiral Fahri Can Y\u0131ld\u0131r\u0131m (Genelkurmay Plan Prensipler Daire Ba\u015fkan Yard\u0131mc\u0131s\u0131)<\/p>\n<p>Tu\u011famiral \u015eafak Y\u00fcrekli (Aksaz Deniz \u00dcs Komutan\u0131)<\/p>\n<p><b>2 Sahil G\u00fcvenlik Komutan\u0131&#8217;ndan 1&#8217;i tutuklu<\/b><\/p>\n<p>Tu\u011famiral Turgay Erda\u011f (Sahil G\u00fcvenlik Komutan Yard\u0131mc\u0131s\u0131)<\/p>\n<p><b>\u0130srail&#8217;in &#8216;<st1:metricconverter productid=\"200 mil\">200 mil<\/st1:metricconverter>&#8216; tela\u015f\u0131<\/b><b><\/b><\/p>\n<p>K\u0131br\u0131s Rum kesiminin \u0130srail&#8217;i de yanlar\u0131na alarak Akdeniz&#8217;de do\u011falgaz ve petrol aramalar\u0131 i\u00e7in ABD&#8217;li Noble \u015firketiyle anla\u015farak sondaja ba\u015flamas\u0131 &#8216;k\u0131ta sahanl\u0131\u011f\u0131&#8217; ve &#8216;<st1:metricconverter productid=\"200 mil\">200 mil<\/st1:metricconverter>&#8216; tart\u0131\u015fmalar\u0131n\u0131 ba\u015flat\u0131yordu. BM Deniz Hukuku S\u00f6zle\u015fmesi&#8217;ne g\u00f6re devletlerin karada sahip olduklar\u0131 topraklar gibi denizde de &#8216;m\u00fcnhas\u0131r&#8217; denilen alanlarda h\u00e2kimiyet hakk\u0131 bulunuyordu.<\/p>\n<p><b>Do\u011fu Akdeniz&#8217;de durum farkl\u0131<\/b><\/p>\n<p>Buna g\u00f6re, denize s\u0131n\u0131r\u0131 olan \u00fclkelerin k\u0131ta sahanl\u0131\u011f\u0131 12 deniz mili ile s\u0131n\u0131rland\u0131r\u0131l\u0131rken sonras\u0131nda da <st1:metricconverter productid=\"200 mile\">200 mile<\/st1:metricconverter> kadar denizden ve alt\u0131ndaki zenginliklerden yararlanabilme hakk\u0131na sahip g\u00f6r\u00fcn\u00fcyordu. Ancak Do\u011fu Akdeniz i\u00e7in durum farkl\u0131 bir hal al\u0131yordu. \u00c7\u00fcnk\u00fc Akdeniz&#8217;e s\u0131n\u0131r\u0131 olan T\u00fcrkiye, M\u0131s\u0131r, Libya, KKTC ve K\u0131br\u0131s Rum kesimi, k\u0131ta sahanl\u0131\u011f\u0131 olan 12 milden sonra <st1:metricconverter productid=\"200 mil\">200 mil<\/st1:metricconverter> daha ilerledi\u011fi zaman kesi\u015fme ya\u015fan\u0131yordu. Bu durum ise yeni sorunlara yol a\u00e7\u0131yor ve K\u0131br\u0131s Rum kesiminin KKTC&#8217;yi yok sayarak sondaj \u00e7al\u0131\u015fmalar\u0131na ba\u015flamas\u0131n\u0131 gayri me\u015fru k\u0131l\u0131yordu. Uzmanlar, T\u00fcrkiye&#8217;nin Do\u011fu Akdeniz&#8217;de en uzun s\u0131n\u0131ra sahip oldu\u011funu, buna ba\u011fl\u0131 olarak da &#8216;en yetkili&#8217; \u00fclke olmas\u0131 gerekti\u011fine dikkat \u00e7ekiyordu. Rum kesiminin sondaj \u00e7al\u0131\u015fmalar\u0131n\u0131 ba\u015flatmas\u0131 T\u00fcrkiye&#8217;ye meydan okumak anlam\u0131na geliyordu. Ayr\u0131ca \u0130srail-T\u00fcrkiye ili\u015fkileri ve Arap \u00fclkelerinde h\u00e2kimiyet m\u00fccadelesine de dikkat \u00e7ekiliyordu. T\u00fcrkiye&#8217;nin izlemesi gerekenlerin ba\u015f\u0131nda <st1:metricconverter productid=\"200 mile\">200  mile<\/st1:metricconverter> kadar olan m\u00fcnhas\u0131r ekonomik alan\u0131n belirlenmesi geliyordu. Baz\u0131 stratejistler: \u201columsuz gibi g\u00f6r\u00fcnen bu durum AKP iktidar\u0131n\u0131n cesur ve onurlu davranmas\u0131 halinde KKTC&#8217;nin ba\u011f\u0131ms\u0131zl\u0131\u011f\u0131n\u0131 ilan etmesini sa\u011flayabilir\u201d diyordu.<\/p>\n<p>KKTC Cumhurba\u015fkan\u0131 Siyasi Dan\u0131\u015fman\u0131 Prof. Dr. Ata Atun, Filistin&#8217;in devlet olarak tan\u0131nmak istenmemesini <st1:metricconverter productid=\"200 mil\">200 mil<\/st1:metricconverter> kural\u0131na ba\u011fl\u0131yordu. Prof. Dr. Atun&#8217;a g\u00f6re, devlet olarak tan\u0131nmas\u0131 durumunda Filistin, Gazze sahilinden <st1:metricconverter productid=\"200 mil\">200 mil<\/st1:metricconverter> ilerisine kadar m\u00fcnhas\u0131r ekonomik alana sahip olacakt\u0131. &#8220;\u0130srail&#8217;in Filistin&#8217;in \u00fclke olarak tan\u0131nmamas\u0131 i\u00e7in elinden geleni yapmas\u0131 m\u00fcnhas\u0131r ekonomik alanla ilgilidir. Gazze sahilinden <st1:metricconverter productid=\"200 mil\">200 mil<\/st1:metricconverter> ilerlenirse neredeyse K\u0131br\u0131s&#8217;a ula\u015f\u0131l\u0131r. \u0130srail&#8217;i korkutan budur&#8221; diyordu. Filistin&#8217;in devlet olarak tan\u0131nmasa bile Ortado\u011fu&#8217;da dengelerin eskisi gibi olmayaca\u011f\u0131n\u0131 belirten Prof. Dr. Atun\u2019un: Rumlarla i\u015fbirli\u011fi yapan \u0130srail i\u00e7in, &#8220;Rum-\u0130srail i\u015fbirli\u011fi ge\u00e7icidir. \u0130srail, T\u00fcrkiye ile ili\u015fkilerini d\u00fczeltecektir. \u00c7\u00fcnk\u00fc \u0130srail&#8217;in Ortado\u011fu&#8217;da olabilmesi i\u00e7in T\u00fcrkiye&#8217;ye ihtiyac\u0131 vard\u0131r&#8221; ifadeleri dikkat \u00e7ekiyordu.<\/p>\n<p>Petrol aramalar\u0131n\u0131n sonu\u00e7land\u0131\u011f\u0131nda \u0130ngiltere&#8217;nin de hak iddia edece\u011fini ifade eden Prof. Dr. Atun: &#8220;K\u0131br\u0131s adas\u0131 \u00fczerinde petrol ve do\u011falgaz kesinle\u015fti\u011fi zaman \u0130ngiltere, kendisinin de m\u00fcnhas\u0131r ekonomik alan\u0131 oldu\u011funu s\u00f6yleyerek petrolden talep edecektir. \u015eu an sessizli\u011fini koruyan \u0130ngiltere pusuda beklemektedir&#8221; uyar\u0131s\u0131nda bulunuyordu.<\/p>\n<p><b>Ba\u015fbakan\u0131n kof \u00e7\u0131k\u0131\u015flar\u0131 ve \u00e7eli\u015fkiler yuma\u011f\u0131<\/b><\/p>\n<p>T\u00fcrkiye d\u0131\u015f politikada aktif gibi g\u00f6z\u00fckse de, eylem ve s\u00f6ylemleri aras\u0131ndaki \u00e7eli\u015fki dikkat \u00e7ekiyordu. T\u00fcrkiye hem \u0130srail&#8217;in g\u00fcvenli\u011fi i\u00e7in &#8216;F\u00fcze Kalkan\u0131na&#8217; dahil olurken, hem de siyasi rant u\u011fruna &#8220;Gerekirse sava\u015f\u0131r\u0131z&#8221; y\u00f6n\u00fcnde a\u00e7\u0131klamalar yaparak, kamuoyunu rahatlat\u0131p oyalad\u0131\u011f\u0131 anla\u015f\u0131l\u0131yordu.<\/p>\n<p>Rumlar\u0131n petrol \u00e7\u0131karmas\u0131na engel olamayan AKP, &#8220;\u00d6nce izin vermeyiz&#8221; diyor, ard\u0131ndan &#8220;Onlar ararsa biz de arar\u0131z&#8221; diyerek anla\u015fma imzal\u0131yordu.<\/p>\n<p>\u0130srail&#8217;in hamisi ABD ile T\u00fcrkiye aras\u0131nda su s\u0131zmazken, ABD T\u00fcrkiye&#8217;nin Filistin konusundaki tavr\u0131n\u0131n tam aksine hareket ediyordu. Ba\u015fbakan Erdo\u011fan&#8217;\u0131n New York&#8217;ta yapt\u0131\u011f\u0131 &#8220;\u0130srail ile gerekirse sava\u015f\u0131r\u0131z&#8221; a\u00e7\u0131klamas\u0131, T\u00fcrkiye&#8217;nin NATO&#8217;nun bir dedi\u011fini iki etmeyen tavr\u0131yla \u00e7eli\u015fiyordu. Bir yandan, ad\u0131 zikredilmese de t\u00fcm d\u00fcnyan\u0131n bildi\u011fi \u0130ran&#8217;a kar\u015f\u0131 ve \u0130srail&#8217;in g\u00fcvenli\u011fi maksatl\u0131 F\u00fcze Kalkan\u0131n\u0131n bir par\u00e7as\u0131 olurken, di\u011fer taraftan g\u00fcvenli\u011fini tesis projesinde yer ald\u0131\u011f\u0131m\u0131z \u0130srail ile nas\u0131l kar\u015f\u0131 kar\u015f\u0131ya gelece\u011fimiz sorgulan\u0131yordu.&nbsp; As\u0131l \u00f6nemlisi, b\u00f6ylesi bir durumda NATO&#8217;nun alaca\u011f\u0131 tav\u0131r merak ediliyordu. \u00c7\u00fcnk\u00fc, NATO \u00fcyesi bir \u00fclke sald\u0131r\u0131ya u\u011frad\u0131\u011f\u0131nda NATO, askeri olarak o \u00fclkeye yard\u0131m etmek zorundayd\u0131. Ancak, sald\u0131rgan \u0130srail oldu\u011funda NATO&#8217;nun b\u00f6ylesi bir ad\u0131m atmas\u0131 m\u00fcmk\u00fcn g\u00f6z\u00fckm\u00fcyordu!<\/p>\n<p><b>Siyonistlerle ticaret hacmi artmaktayd\u0131<\/b><\/p>\n<p>Ba\u015fbakan; \u0130srail&#8217;in bug\u00fcne kadar 89 tane BM karar\u0131n\u0131 \u00e7i\u011fnedi\u011fini s\u00f6ylerken&nbsp; \u201cdaha birka\u00e7 sene \u00f6ncesine kadar siyasi ve ticari ili\u015fkiler tavan yapm\u0131\u015fken bu ger\u00e7e\u011fi niye dillendirmedi?\u201d sorusu da ak\u0131llar\u0131 kurcal\u0131yordu. May\u0131nl\u0131 arazilerin \u0130srail\u2019li firmaya verilmesi konusundaki \u0131srarl\u0131 tav\u0131rlar, Ofer ile yap\u0131lan gizli pazarl\u0131klar gibi konular son birka\u00e7 senedir ya\u015fanan krizle birlikte maalesef unutulup gidiyordu. Ancak, siyasi krize ra\u011fmen ticaret hacminin bir senede y\u00fczde 30 artmas\u0131 ve askeri anla\u015fmalar ask\u0131ya al\u0131n\u0131rken ticari ili\u015fkilere dokunulmamas\u0131 da ayr\u0131 bir soru i\u015fareti olu\u015fturuyordu.. Al\u0131nan \u00f6d\u00fcller, yap\u0131lan askeri i\u015fbirli\u011fi ve silah al\u0131mlar\u0131 da i\u015fin bir ba\u015fka boyutuydu. Evet, Sn. Recep T. Erdo\u011fan a\u00e7\u0131k\u00e7a ikili oynuyordu!<\/p>\n<p><b>\u0130srail\u2019le k\u00f6t\u00fc, ABD ile iyi olunmazd\u0131!<\/b><\/p>\n<p><b>\u0130srail ile kriz g\u00f6r\u00fcnt\u00fcs\u00fc devam ederken, \u0130srail&#8217;in en b\u00fcy\u00fck m\u00fcttefiki ve en yak\u0131n dostu ABD ile s\u0131cak ili\u015fkiler de t\u00fcm h\u0131z\u0131yla s\u00fcr\u00fcyordu. Tipik &#8220;Tav\u015fana ka\u00e7, taz\u0131ya tut&#8221; siyasetini izleyen ABD, \u0130slam d\u00fcnyas\u0131yla aras\u0131n\u0131 d\u00fczeltmek ve B\u00fcy\u00fck Ortado\u011fu Projesi&#8217;ni (BOP) s\u00fcrd\u00fcrebilmek i\u00e7in T\u00fcrkiye&#8217;yi desteklerken, \u00f6te yandan da Filistin devletini veto edece\u011fini ilan ediyordu. Ahmedinejad&#8217;\u0131n BM Genel Kurul&#8217;undaki konu\u015fmas\u0131 s\u0131ras\u0131nda da salonu terk eden ABD&#8217;nin tavr\u0131 \u015fa\u015f\u0131rtm\u0131yordu. BOP&#8217;u y\u00fcr\u00fcrl\u00fc\u011fe sokan ve NATO&#8217;yu Yeni Stratejik Konsept ile yeni tehdit olan \u0130slam&#8217;a g\u00f6re d\u00fczenleyen ABD&#8217;nin verdi\u011fi s\u00f6zlerin hala nas\u0131l olup da T\u00fcrkiye taraf\u0131ndan g\u00fcvenilir bulundu\u011fu hayretle kar\u015f\u0131lan\u0131yordu. \u00d6te yandan uzmanlar ABD ile iyi \u0130srail ile k\u00f6t\u00fc olunamayaca\u011f\u0131n\u0131n alt\u0131n\u0131 \u00e7iziyordu. Uzmanlara g\u00f6re ya her ikisiyle iyisinizdir, ya da her ikisiyle k\u00f6t\u00fc. Ortas\u0131, sahtek\u00e2rl\u0131kt\u0131r ve halk\u0131 aldatmakt\u0131r\u201d deniyordu.<\/b><\/p>\n<p><b>Akdeniz\u2019de hesapla\u015fma ka\u00e7\u0131n\u0131lmazd\u0131<\/b><b><\/b><\/p>\n<p><i>Org. I\u015f\u0131k Ko\u015faner ile birlikte istifa eden Deniz Kuvvetleri Komutan\u0131 Ora. E\u015fref U\u011fur Yi\u011fit\u2019in yapt\u0131\u011f\u0131 tahlil, nedense hi\u00e7 tart\u0131\u015f\u0131lm\u0131yordu. <\/i><\/p>\n<p><i>Oysa, Yi\u011fit, \u201cDo\u011fu Akdeniz\u2019de petrol ve do\u011falgaz nedeniyle b\u00fcy\u00fck bir askeri hesapla\u015fman\u0131n ka\u00e7\u0131n\u0131lmaz oldu\u011funu\u201d belirtiyordu. \u015eu anda T\u00fcrkiye, Yunanistan, \u0130srail ve G\u00fcney K\u0131br\u0131s sahnede g\u00f6z\u00fck\u00fcyor. Ancak konu enerji olunca, ku\u015fkusuz daha bir\u00e7ok \u00fclke bu oyununa kat\u0131lmak i\u00e7in f\u0131rsat kolluyordu.<\/i><\/p>\n<p><i>ABD kilit konumunda bulunuyordu.<\/i><\/p>\n<p><i>Rusya, \u00f6n cephesinin Do\u011fu Akdeniz oldu\u011funu sapt\u0131yordu.<\/i><\/p>\n<p><i>\u00c7in petrol\u00fcn\u00fcn y\u00fczde 40\u2019\u0131 Basra\/\u0130ran k\u00f6rfezinden gidiyordu.<\/i><\/p>\n<p><i>Suriye de Do\u011fu Akdeniz\u2019deydi ve \u0130ran\u2019\u0131n \u00f6n cephesi oldu\u011fu biliniyordu.<\/i><\/p>\n<p><i>Tahrir meydanlar\u0131n\u0131n bir u\u00e7lar\u0131 Do\u011fu Akdeniz sahillerine kadar uzan\u0131yordu..<\/i><\/p>\n<p><b><i>Almanya Do\u011fu Akdeniz\u2019in neresinde<\/i><\/b><\/p>\n<p><i>G\u00fcney K\u0131br\u0131s ve Yunanistan AB \u00fcyesiydi, ancak petrol arama ruhsat\u0131 ABD \u015firketine veriliyordu. Peki AB, Do\u011fu Akdeniz\u2019in neresinde duruyordu? Fransa ve \u0130talya, Libya\u2019dayd\u0131lar, acaba Almanya ne hesaplar kuruyordu? Almanya\u2019n\u0131n Rusya ile geli\u015ftirdi\u011fi ekonomik ortakl\u0131k \u00e7ok ciddi boyutlara ula\u015f\u0131yordu. Almanya, Libya harek\u00e2t\u0131ndan ba\u015flayarak, ABD ile kaderini giderek ay\u0131r\u0131yordu. Almanya\u2019da Deniz Feneri soru\u015fturmas\u0131 da derinle\u015ferek ilerliyor; BOP E\u015fba\u015fkanl\u0131\u011f\u0131\u2019n\u0131n kap\u0131s\u0131na kadar dayan\u0131yordu.<\/i><\/p>\n<p><b><i>T\u00fcrkiye Do\u011fu Akdeniz\u2019in neresinde<\/i><\/b><\/p>\n<p><i>Peki, T\u00fcrkiye Do\u011fu Akdeniz\u2019in neresinde durmaktayd\u0131? Atlantik\u2019e zincirlenmi\u015f olan BOP E\u015fba\u015fkanl\u0131\u011f\u0131 ile T\u00fcrkiye\u2019nin milli \u00e7\u0131karlar\u0131 \u00e7at\u0131\u015fmaktayd\u0131. <\/i><\/p>\n<p><i>Evet, T\u00fcrkiye a\u00e7\u0131s\u0131ndan mesele \u00e7atalla\u015fm\u0131\u015ft\u0131.. Firkateynlerimiz, \u201cDo\u011fu Akdeniz\u2019de bayrak a\u00e7m\u0131\u015ft\u0131\u201d, ama petrol arayan \u015firketin bayra\u011f\u0131, mavi ABD bayra\u011f\u0131yd\u0131!? Yoksa firkateynler do\u011falgaz arayacak ABD \u015firketlerini 101 pare top at\u0131\u015f\u0131yla selamlamak i\u00e7in mi sefere \u00e7\u0131km\u0131\u015ft\u0131?<\/i><\/p>\n<p><b><i>Tayyip Erdo\u011fan\u2019\u0131n ne yapt\u0131\u011f\u0131n\u0131 ve ne yapaca\u011f\u0131n\u0131 anlamak i\u00e7in \u015funlar\u0131n sorulmas\u0131 laz\u0131md\u0131:<\/i><\/b><\/p>\n<p><b><i>Bir:<\/i><\/b><i> Do\u011fu Akdeniz\u2019de T\u00fcrkiye\u2019nin \u00e7\u0131karlar\u0131n\u0131 korumaya kararl\u0131 olan bir y\u00f6netim, hi\u00e7 Deniz Kuvvetleri\u2019nin 22 Amiralini ve en se\u00e7kin subaylar\u0131n\u0131 uydurma gerek\u00e7elerle i\u00e7erde tutar m\u0131yd\u0131?<\/i><\/p>\n<p><b><i>\u0130ki:<\/i><\/b><i> Ege ordusunun kald\u0131r\u0131lmas\u0131 i\u00e7in bu denli \u0131srarl\u0131 davran\u0131r m\u0131yd\u0131?<\/i><\/p>\n<p><b><i>\u00dc\u00e7:<\/i><\/b><i> Milli hedefli bir AKP iktidar\u0131, Rum y\u00f6netimi alt\u0131nda K\u0131br\u0131s\u2019\u0131 birle\u015ftirmek ve T\u00fcrk askerini K\u0131br\u0131s\u2019tan \u00e7ekmek i\u00e7in 9 y\u0131ld\u0131r b\u00f6ylesine \u00e7\u0131rp\u0131n\u0131r m\u0131yd\u0131? <\/i><\/p>\n<p><b><i>D\u00f6rt:<\/i><\/b><i> Abdullah G\u00fcl\u2019\u00fcn 2 Nisan 2003 g\u00fcn\u00fc ABD D\u0131\u015fi\u015fleri Bakan\u0131 Powell ile yapt\u0131\u011f\u0131 konu\u015fulan 2 sayfa 9 maddelik gizli anla\u015fman\u0131n K\u0131br\u0131s ve Ege maddeleri, Do\u011fu Akdeniz\u2019de teslim bayra\u011f\u0131n\u0131, daha 8 y\u0131l \u00f6nce \u00e7ektiklerinin ispat\u0131 say\u0131lmaz m\u0131yd\u0131?<\/i><\/p>\n<p><b><i>Be\u015f:<\/i><\/b><i> G\u00fcney K\u0131br\u0131s ve Yunanistan ile \u0130srail aras\u0131ndaki muhabbetin \u00e7\u00f6p \u00e7atan\u0131 BOP E\u015fba\u015fkanl\u0131\u011f\u0131\u2019n\u0131n ba\u011fl\u0131 oldu\u011fu ABD ve AB oldu\u011funa g\u00f6re, onlara kar\u015f\u0131, onlar\u0131n e\u015fba\u015fkan\u0131 bizi nas\u0131l savunacakt\u0131?<\/i><\/p>\n<p><i>As\u0131l b\u00fcy\u00fck \u201cs\u00fcrprizler\u201de haz\u0131r olunmal\u0131yd\u0131!<\/i><\/p>\n<p><i>\u201cB\u00fcy\u00fck m\u00fcttefik\u201d ABD\u2019nin kay\u0131ts\u0131z \u015farts\u0131z destekledi\u011fi \u0130srail\u2019in, Irak\u2019\u0131n kuzeyinde kurduklar\u0131 kukla K\u00fcrt devleti Do\u011fu Akdeniz sahillerine ula\u015ft\u0131rma planlar\u0131 son a\u015famas\u0131ndayd\u0131. Do\u011fu Akdeniz\u2019de bir \u0130srail vard\u0131; az geliyormu\u015f ikinci \u0130srail de yoldayd\u0131. O zaman biz de \u0130srail oluruz, etti \u00fc\u00e7 \u0130srail!<\/i><\/p>\n<p><b><i>Atlantik\u2019te yar\u0131lma<\/i><\/b><\/p>\n<p><i>Ora. Yi\u011fit\u2019in \u201cDo\u011fu Akdeniz\u2019de b\u00fcy\u00fck hesapla\u015fmay\u0131 ka\u00e7\u0131n\u0131lmaz g\u00f6rmesi\u201d hesapla\u015fman\u0131n taraflar\u0131 sorusunu g\u00fcndeme ta\u015f\u0131m\u0131\u015ft\u0131. \u00d6yle g\u00f6z\u00fck\u00fcyor ki bu ka\u00e7\u0131n\u0131lmaz hesapla\u015fma, Atlantik sistemi i\u00e7indeki yar\u0131lma hatt\u0131n\u0131 da tan\u0131mlamaktayd\u0131. Yani fay hatt\u0131 k\u0131r\u0131lmaya ba\u015flam\u0131\u015ft\u0131.<\/i><\/p>\n<p><i>Peki, T\u00fcrkiye, bu fay hatt\u0131n\u0131n neresinde olacakt\u0131. BOP E\u015fba\u015fkanl\u0131\u011f\u0131 taraf\u0131nda m\u0131?<\/i><\/p>\n<p><i>Yoksa Milli menfaatlerin ve Atat\u00fcrk T\u00fcrkiye\u2019sinin yan\u0131nda m\u0131? \u0130\u00e7 cephedeki bu kampla\u015fma, ayn\u0131 zamanda uluslar aras\u0131 boyutlara uzanmaktayd\u0131. BOP E\u015fba\u015fkanl\u0131\u011f\u0131 neresinden bakarsan\u0131z bak\u0131n, d\u00fc\u015fman saf\u0131ndayd\u0131. Ad\u0131 \u00fcst\u00fcnde, emir komuta zinciriyle ba\u011fl\u0131yd\u0131. 36 kez kendi a\u011fz\u0131yla itiraf\u0131 ortadayd\u0131.\u201d<a href=\"#_ftn1\" name=\"_ftnref1\"><b>[1]<\/b><\/a><\/i><\/p>\n<p><b>Akdeniz&#8217;de T\u00fcrkiye tek ba\u015f\u0131na kald\u0131<\/b><\/p>\n<p>K\u0131br\u0131s Rum Kesimi&#8217;nin Do\u011fu Akdeniz&#8217;de tek tarafl\u0131 olarak y\u00fcr\u00fctt\u00fc\u011f\u00fc do\u011falgaz ve petrol arama \u00e7al\u0131\u015fmalar\u0131 uzmanlar taraf\u0131ndan, &#8216;Akdeniz&#8217;de h\u00e2kimiyet m\u00fccadelesi&#8217; olarak de\u011ferlendiriliyordu. Rumlar\u0131n, \u0130srail&#8217;i de yanlar\u0131na alarak lobiler arac\u0131l\u0131\u011f\u0131yla ABD, \u0130ngiltere, Fransa ve Rusya&#8217;n\u0131n da deste\u011fini ald\u0131klar\u0131 belirtiliyordu. T\u00dcRKSAM Ba\u015fkan Yard\u0131mc\u0131s\u0131 Do\u00e7. Dr. Celalettin Yavuz, sorunun temelinde Do\u011fu Akdeniz&#8217;de deniz sahas\u0131 payla\u015f\u0131m\u0131n\u0131n yap\u0131lmamas\u0131ndan kaynakland\u0131\u011f\u0131na dikkat \u00e7ekiyor, ayr\u0131ca T\u00fcrkiye&#8217;nin yaln\u0131z kald\u0131\u011f\u0131n\u0131 s\u00f6yl\u00fcyordu. TESAM Ba\u015fkan\u0131 Do\u00e7. Dr. M. S\u0131tk\u0131 Bilgin de, Rumlar ve \u0130srail&#8217;in \u00f6ne s\u00fcr\u00fcld\u00fc\u011f\u00fcn\u00fc belirterek, &#8220;perdenin arkas\u0131nda ise ABD, \u0130ngiltere, Fransa, Rusya ve \u0130talya\u2019n\u0131n bulundu\u011funu\u201d vurguluyordu.<\/p>\n<p><b>T\u00fcrkiye Tek Ba\u015f\u0131na<\/b><\/p>\n<p>Do\u00e7. Dr. Yavuz, sorunun temelinde Do\u011fu Akdeniz&#8217;deki deniz sahas\u0131 payla\u015f\u0131m\u0131n\u0131n yap\u0131lmamas\u0131 oldu\u011funu hat\u0131rlat\u0131yordu: &#8220;Do\u011fu Akdeniz&#8217;deki deniz sahalar\u0131n\u0131n payla\u015f\u0131m\u0131 yap\u0131lmad\u0131. Bu da hukuki zeminde me\u015fru m\u00fcdafaay\u0131 engelliyor. Is\u0131nan Do\u011fu Akdeniz&#8217;de T\u00fcrkiye tek ba\u015f\u0131nad\u0131r. \u00dcstelik modern silah ve m\u00fchimmat\u0131n \u00f6nemli bir b\u00f6l\u00fcm\u00fc de kar\u015f\u0131 taraf\u0131 destekleyen \u00fclkelerden sat\u0131n al\u0131nmaktad\u0131r. Bu arada, T\u00fcrkiye&#8217;nin 9 y\u0131ld\u0131r sadece s\u00f6ylem ve sloganla y\u00fcr\u00fct\u00fclen &#8216;Kom\u015fularla S\u0131f\u0131r Sorun&#8217; politikas\u0131na art\u0131k bu s\u00f6ylemi uyduranlar dahi inanmamaktad\u0131r. Oysa slogan\u0131 patlatt\u0131klar\u0131 ilk y\u0131llarda nice uzman ve okumu\u015f ki\u015filer buna alk\u0131\u015f tutmu\u015flard\u0131. \u015eimdi ise ne T\u00fcrkiye&#8217;de, ne de b\u00f6lgemizde bu sahte sloganlara kimse inanmamaktayd\u0131.\u201d <b><\/b><\/p>\n<p>Do\u00e7. Dr. M. S\u0131tk\u0131 Bilgin, K\u0131br\u0131s Rum kesiminin petrol aramalar\u0131na ABD&#8217;li \u015firket ve \u0130srail birlikteli\u011fiyle ba\u015flamas\u0131n\u0131n Do\u011fu Akdeniz&#8217;deki h\u00e2kimiyet m\u00fccadelesi oldu\u011fu yorumunu yapm\u0131\u015ft\u0131. &#8220;Bu durum Do\u011fu Akdeniz&#8217;de h\u00e2kimiyet m\u00fccadelesinin bir yans\u0131mas\u0131d\u0131r. \u0130srail ile Rumlar perdenin \u00f6n\u00fcndeki akt\u00f6rlerdir. Perdenin arkas\u0131nda ise ABD, \u0130ngiltere, Fransa, Rusya ve \u0130talya vard\u0131r. Akdeniz&#8217;de son be\u015f as\u0131rd\u0131r bu devletlerle Osmanl\u0131 (ve varisi T\u00fcrkiye) hesapla\u015fmas\u0131 ya\u015fanmaktad\u0131r. T\u00fcrkiye-\u0130srail ili\u015fkilerinin bozulmas\u0131yla beraber Rum kesimi \u0130srail&#8217;e yana\u015fm\u0131\u015ft\u0131r. As\u0131l hedef ise Akdeniz&#8217;e Bat\u0131l\u0131lar\u0131n h\u00e2kim olmas\u0131 T\u00fcrkiye\u2019nin ku\u015fat\u0131lmas\u0131d\u0131r. AB T\u00fcrkiye&#8217;ye yalan s\u00f6yleyip kand\u0131rm\u0131\u015ft\u0131r. K\u0131br\u0131s Rum kesimi, T\u00fcrk kesimiyle anla\u015fma yapmadan AB&#8217;ye sokulmayacakt\u0131, ama maalesef al\u0131nm\u0131\u015f ve k\u0131\u015fk\u0131rt\u0131l\u0131p \u00fczerimize sal\u0131nm\u0131\u015ft\u0131r.<\/p>\n<div><br clear=\"all\" \/>  <\/p>\n<hr align=\"left\" size=\"1\" width=\"33%\" \/>\n<div>\n<p><a href=\"#_ftnref1\" name=\"_ftn1\">[1]<\/a> <a href=\"mailto:dperincek@ip.org.tr\">dperincek@ip.org.tr<\/a> Biraz K\u0131saltarak<\/p>\n<\/p><\/div>\n<\/p><\/div>\n","protected":false},"excerpt":{"rendered":"<p>Yahudi Lobilerinin g\u00fcd\u00fcm\u00fcndeki ABD ve Siyonist \u0130srail, Malatya\u2019ya yerle\u015ftirdi\u011fi F\u00fcze Kalkan\u0131 sistemiyle bizi \u0130ran\u2019la kar\u015f\u0131 kar\u015f\u0131ya getirirken, bir yandan da K\u0131br\u0131s Rum Kesimini, Akdeniz\u2019de petrol aramak i\u00e7in k\u0131\u015fk\u0131rt\u0131p Yunanistan\u2019la T\u00fcrkiye\u2019yi vuru\u015fturma pe\u015findedir. Tam da b\u00f6yle kritik bir s\u00fcre\u00e7te, Deniz Kuvvetlerindeki amirallerin \u00f6nemli k\u0131sm\u0131n\u0131n \u00e7e\u015fitli gerek\u00e7elerle tutuklu bulunmas\u0131 ise endi\u015fe vericidir. \u015eimdi tutuklanan bu general ve [&hellip;]<\/p>\n","protected":false},"author":1,"featured_media":0,"comment_status":"open","ping_status":"closed","sticky":false,"template":"","format":"standard","meta":{"footnotes":""},"categories":[130],"tags":[],"class_list":["post-2143","post","type-post","status-publish","format-standard","hentry","category-kasim-2011"],"_links":{"self":[{"href":"https:\/\/www.millicozum.com\/mc\/wp-json\/wp\/v2\/posts\/2143","targetHints":{"allow":["GET"]}}],"collection":[{"href":"https:\/\/www.millicozum.com\/mc\/wp-json\/wp\/v2\/posts"}],"about":[{"href":"https:\/\/www.millicozum.com\/mc\/wp-json\/wp\/v2\/types\/post"}],"author":[{"embeddable":true,"href":"https:\/\/www.millicozum.com\/mc\/wp-json\/wp\/v2\/users\/1"}],"replies":[{"embeddable":true,"href":"https:\/\/www.millicozum.com\/mc\/wp-json\/wp\/v2\/comments?post=2143"}],"version-history":[{"count":0,"href":"https:\/\/www.millicozum.com\/mc\/wp-json\/wp\/v2\/posts\/2143\/revisions"}],"wp:attachment":[{"href":"https:\/\/www.millicozum.com\/mc\/wp-json\/wp\/v2\/media?parent=2143"}],"wp:term":[{"taxonomy":"category","embeddable":true,"href":"https:\/\/www.millicozum.com\/mc\/wp-json\/wp\/v2\/categories?post=2143"},{"taxonomy":"post_tag","embeddable":true,"href":"https:\/\/www.millicozum.com\/mc\/wp-json\/wp\/v2\/tags?post=2143"}],"curies":[{"name":"wp","href":"https:\/\/api.w.org\/{rel}","templated":true}]}}