{"id":2148,"date":"2011-10-27T08:21:01","date_gmt":"2011-10-27T08:21:01","guid":{"rendered":"https:\/\/www.millicozum.com\/mc\/2011\/10\/27\/filistin-sorunu-ve-akpnin-konumu\/"},"modified":"2011-10-27T08:21:01","modified_gmt":"2011-10-27T08:21:01","slug":"filistin-sorunu-ve-akpnin-konumu","status":"publish","type":"post","link":"https:\/\/www.millicozum.com\/mc\/2011\/kasim-2011\/filistin-sorunu-ve-akpnin-konumu\/","title":{"rendered":"F\u0130L\u0130ST\u0130N SORUNU VE AKP\u2019N\u0130N KONUMU"},"content":{"rendered":"\n<div>\n<p>Bat\u0131, acaba Arap Bahar\u0131 denen ve demokratikle\u015fme k\u0131l\u0131f\u0131 ge\u00e7irilen geli\u015fmelerde ne kadar samimidir?<\/p>\n<p>\u00c7\u00fcnk\u00fc \u00e7\u00f6z\u00fcm\u00fcn temeli Filistin sorununda d\u00fc\u011f\u00fcmlenmektedir. ABD ve AB, ger\u00e7ekten ba\u011f\u0131ms\u0131z bir Filistin Devletini tan\u0131yacak ve \u0130srail i\u015fgalini ve vah\u015fetini desteklemekten vazge\u00e7ecek midir?<\/p>\n<p>ABD kongresinde konu\u015fturulan Netanyahu 18 dakikada 28 sefer alk\u0131\u015flan\u0131yor ve \u00f6n\u00fcnde sayg\u0131yla s\u0131raya ge\u00e7iliyorsa, <b>\u201cABD\u2019yi Siyonist Yahudi Lobilerinin y\u00f6netti\u011fi\u201d<\/b> tezleri g\u00fc\u00e7lenmektedir.<\/p>\n<p>\u201cBat\u0131 \u015eeria- Gazze\u2019de Filistin Devleti kurulsun\u201d diyen Clinton\u2019a bir g\u00fcn sonra geri ad\u0131m att\u0131ran ve t\u00fck\u00fcrd\u00fc\u011f\u00fcn\u00fc yalatan hangi g\u00fc\u00e7lerdir?<\/p>\n<p>\u0130srail T\u00fcrkiye\u2019den \u00f6z\u00fcr dilemez, dilemeyecektir. \u00c7\u00fcnk\u00fc o kendisini \u00fcst\u00fcn ve se\u00e7kin \u0131rk g\u00f6rmekte, zul\u00fcm ve katliamlar\u0131n haklar\u0131 oldu\u011fu inanc\u0131n\u0131 g\u00fctmektedir. \u00dcstelik T\u00fcrkiye\u2019den \u00f6z\u00fcr dilerse, ard\u0131ndan Filistinlilerden \u00f6z\u00fcr dileme mecburiyeti g\u00fcndeme getirilecektir.<\/p>\n<p>Hem Osmanl\u0131ya ve \u0130slam co\u011frafyas\u0131na ilk h\u0131yanet dalgas\u0131n\u0131 ba\u015flatan \u0130ngiliz ve ABD siyonist y\u00f6netimlerinin tabii ve de\u011fi\u015fmez i\u015fbirlik\u00e7isi oldu\u011fu bilinen Suudi y\u00f6netimine niye hi\u00e7 m\u00fcdahale edilmemekte, Hicaz halk\u0131na niye demokrasi reva g\u00f6r\u00fclmemektedir? Aylard\u0131r her g\u00fcn 30\u201340 ki\u015finin katledildi\u011fi Yemen\u2019de niye ABD kendi kuklas\u0131 olan y\u00f6netimin de\u011fi\u015fmesine izin vermemektedir?<\/p>\n<p>Recep T. Erdo\u011fan\u2019\u0131n <b><i>\u201cGazze\u2019ye gitme plan\u0131m\u0131z\u0131, M\u0131s\u0131rl\u0131 yetkililerle g\u00f6r\u00fc\u015f\u00fcp duruma g\u00f6re karar verece\u011fiz\u201d<\/i><\/b> s\u00f6zleri topu taca atmak ve sorumlulu\u011fu M\u0131s\u0131r\u2019a b\u0131rakmak i\u00e7indir. \u00c7\u00fcnk\u00fc M\u0131s\u0131r\u2019\u0131n Filistin ve Gazze kahramanl\u0131\u011f\u0131n\u0131n T\u00fcrkiye\u2019nin eline ge\u00e7mesine raz\u0131 olmad\u0131\u011f\u0131n\u0131 bilmekte ve ucuz bir politika izlemektedir.<\/p>\n<p>Ya hu, Siyonizm g\u00fcd\u00fcml\u00fc BM ve NATO \u00fcyesi ve AB heveslisi bir AKP T\u00fcrkiye\u2019sinin \u0130srail\u2019e zarar verecek ciddi tedbirlere tevess\u00fcl edebilece\u011fini d\u00fc\u015f\u00fcnmek safl\u0131k alameti de\u011fil midir?<\/p>\n<p>Mavi Marmara sald\u0131r\u0131s\u0131nda \u0130srail tamam\u0131yla haks\u0131z ve T\u00fcrkiye iddias\u0131nda b\u00fct\u00fcn\u00fcyle hakl\u0131 oldu\u011fu, ama Recep T. Erdo\u011fan\u2019\u0131n bu konuda ciddiyet ve cesaretten uzak, sadece trib\u00fcne oynayan halk\u0131 avutucu bir tav\u0131r ortaya koydu\u011fu halde, CHP Genel Ba\u015fkan\u0131 K\u0131l\u0131\u00e7daro\u011flu\u2019nun \u00e7\u0131k\u0131p \u0130srail a\u011fz\u0131yla s\u00f6zde muhalefet yapmas\u0131, AKP\u2019nin en \u00f6nemli \u015fans\u0131 de\u011fil de nedir?<\/p>\n<p>\u00dcstelik Sn. Cumhurba\u015fkan\u0131 G\u00fcl\u2019den Ba\u015fbakan Recep Bey\u2019e ve H\u00fcseyin \u00c7elik gibi AKP s\u00f6zc\u00fclerine kadar hepsinin ayn\u0131 mahfillerce e\u011fitilip \u00f6\u011fretilmi\u015f gibi, ikide bir \u00e7\u0131k\u0131p:<\/p>\n<p><b><i>\u201cBizim k\u0131zg\u0131nl\u0131\u011f\u0131m\u0131z \u0130srail devletine ve Yahudi milletine de\u011fil, Netanyahu h\u00fck\u00fcmetinedir. \u0130srail\u2019le diplomatik ve stratejik ili\u015fkilerimiz devam etmektedir\u201d<\/i><\/b> yollu a\u00e7\u0131klamalar\u0131, siyonist ve sald\u0131rgan \u0130srail\u2019e me\u015fruiyet kazand\u0131rmaktan ba\u015fka ne ifade etmektedir? Oysa as\u0131l sorun bu h\u00fck\u00fcmet de\u011fil, b\u00f6lgemize bir \u00e7\u0131banba\u015f\u0131 gibi yerle\u015ftirilen ve tam bir ter\u00f6r \u015febekesi gibi hareket eden gayri me\u015fru \u0130srail Devletidir.<\/p>\n<p>Akif Emre ve Ali Bula\u00e7 gibi AKP yalakas\u0131 \u0130slamc\u0131 yazarlar\u0131n bile, ara s\u0131ra okurlar\u0131n gaz\u0131n\u0131 almak ve do\u011fruculuk taslay\u0131p ba\u015fka yamukluklar\u0131n\u0131 rahat yutturmak amac\u0131yla:<\/p>\n<p><b><i>\u201c\u0130slam d\u00fcnyas\u0131na ra\u011fmen, ayn\u0131 Bat\u0131 bloku i\u00e7inde yer alan ve ayn\u0131 ABD ve AB saf\u0131nda bulunan T\u00fcrkiye ve \u0130srail\u2019in, baz\u0131 konularda bozu\u015fmalar\u0131 ve kar\u015f\u0131l\u0131kl\u0131 at\u0131\u015fmalar\u0131, temelli ve k\u00f6ktenci de\u011fi\u015fimlerin i\u015fareti de\u011fil, g\u00f6rsel ve y\u00fczeysel didi\u015fmelerin alametidir\u201d<\/i><\/b> anlam\u0131ndaki tespitleri de yerindedir.<\/p>\n<p>Unutmayal\u0131m, Gazze\u2019ye 1967\u2019ye kadar M\u0131s\u0131r sahipti. Yani M\u0131s\u0131r i\u00e7in Gazze hem i\u00e7 hem d\u0131\u015f meseledir.<\/p>\n<p>Yak\u0131n bir tarihte Camp Davit anla\u015fmas\u0131n\u0131n bir maddesi \u0130srail taraf\u0131ndan kald\u0131r\u0131larak, Sina\u2019da M\u0131s\u0131r\u2019\u0131n asker bulundurmas\u0131na izin verilmi\u015ftir.<\/p>\n<p>\u201c\u0130srail\u2019in yaln\u0131zla\u015ft\u0131\u011f\u0131, g\u00fcvenli\u011finin zay\u0131flad\u0131\u011f\u0131\u201d yolundaki yorumlar bo\u015f ve kof avuntulard\u0131r. \u0130srail b\u00f6lge \u00fclkelerine de\u011fil ABD ve AB\u2019ye dayanarak Filistin\u2019de kalabilecek \u015fekilde yola \u00e7\u0131km\u0131\u015ft\u0131r.<\/p>\n<p>Recep T. Erdo\u011fan, \u201cGazze ve Filistin\u2019e sahip \u00e7\u0131kan kahraman ve \u0130srail\u2019e kafa tutan ba\u015fbakan\u201d rol\u00fcyle, ABD\u2019nin \u0131l\u0131ml\u0131 \u0130slam\u2019\u0131n\u0131 \u0130slam d\u00fcnyas\u0131na ta\u015f\u0131ma ta\u015feronu yap\u0131lmaktad\u0131r.<\/p>\n<p>Gazze\u2019de 1,5 milyon insan ya\u015f\u0131yor. Yar\u0131dan \u00e7o\u011fu d\u0131\u015far\u0131dan gelen Filistinli m\u00fcltecilerden olu\u015fuyor.<\/p>\n<p>T\u00fcrkiye\u2019nin Ortado\u011fu\u2019ya \u201crol model\u201d olaca\u011f\u0131 s\u00f6ylemi de havada kal\u0131yor. \u00c7\u00fcnk\u00fc kendi milli modeli olmayan, anayasas\u0131n\u0131 bile tart\u0131\u015fmaya a\u00e7\u0131p ortaya ne koyaca\u011f\u0131 ve nas\u0131l bir rejime kayaca\u011f\u0131 belli olmayan bir AKP T\u00fcrkiye\u2019si nas\u0131l model say\u0131l\u0131yor?<\/p>\n<p>\u015eu anda Ortado\u011fu y\u0131k\u0131lm\u0131\u015f devlet enkazlar\u0131yla doludur. Irak\u2019ta, M\u0131s\u0131r\u2019da, Libya\u2019da, Tunus\u2019ta, Yemen\u2019de ve Suriye\u2019de eskileri y\u0131k\u0131lm\u0131\u015f yenileri konulamam\u0131\u015f bir harabe devletler y\u0131\u011f\u0131n\u0131n\u0131 and\u0131r\u0131yor.<\/p>\n<p>Biz Ba\u015fbakan\u0131n M\u0131s\u0131r\u2019la ba\u015flayan Kuzey Afrika \u00fclkeleri ziyaretine haz\u0131rl\u0131k a\u015famas\u0131nda, \u201cGazze\u2019ye de gidebilece\u011fini\u201d a\u00e7\u0131klamas\u0131 \u00fczerine, arkada\u015flar\u0131m\u0131zdan;<\/p>\n<p><b><i>\u201cRecep Bey Gazze\u2019ye asla gidemez. \u00c7\u00fcnk\u00fc kendisini \u00f6nce kahraman, sonra ba\u015fbakan yapan ve boynuna madalya takan g\u00fc\u00e7 odaklar\u0131na kar\u015f\u0131 gelemez, \u0130srail\u2019e ra\u011fmen bu i\u015fe giri\u015femez. Ancak bu korkakl\u0131\u011f\u0131n\u0131n su\u00e7unu \u201cG\u00fcvenlik gerek\u00e7esiyle m\u00fcnasip g\u00f6rmediler\u201d<\/i><\/b> diyerek, M\u0131s\u0131r\u2019\u0131n \u00fczerine y\u0131kmak i\u00e7in bahaneler \u00fcretecektir dedi\u011fimde, \u00f6nce kat\u0131lmayanlar, sonunda hakl\u0131 \u00e7\u0131kt\u0131\u011f\u0131m\u0131 itiraf etmi\u015flerdi.<\/p>\n<p>F\u00fcze savunma sistemleri \u0130ran ve Suriye\u2019ye kar\u015f\u0131 konu\u015flanacakt\u0131r. F\u00fczeler Akdeniz\u2019deki NATO ve ABD gemilerinden f\u0131rlat\u0131lacakt\u0131r. Komuta merkezi Almanya\u2019da bulunacak ve Malatya\u2019da kurulacakt\u0131r.<\/p>\n<p>As\u0131l ama\u00e7 \u0130srail\u2019in g\u00fcvenli\u011fini sa\u011flamak, \u0130srail\u2019e y\u00f6nelik muhtemel sald\u0131r\u0131lar\u0131 kar\u015f\u0131lamak ve T\u00fcrkiye ile \u0130ran\u2019\u0131 kap\u0131\u015ft\u0131rmakt\u0131r.<\/p>\n<p>\u00d6nce \u201cLibya\u2019da NATO\u2019nun ne i\u015fi var? Libyal\u0131 karde\u015flerimize sald\u0131ranlar\u0131n yan\u0131nda olamay\u0131z\u201d diyen AKP, sonunda Fransa ve ABD\u2019nin kuyru\u011funa tak\u0131lmaktan s\u0131k\u0131lmam\u0131\u015ft\u0131r.<\/p>\n<p>\u015eimdi ise, \u201cBat\u0131l\u0131lar Libya\u2019n\u0131n zenginlik kaynaklar\u0131n\u0131n pe\u015finde\u201d diyerek, ortak oldu\u011fu su\u00e7tan ve sorumluluktan kurtulmaya \u00e7al\u0131\u015fmaktad\u0131r.<\/p>\n<p><b>Filistin\u2019i tan\u0131mak d\u00fcnyan\u0131n vicdan borcudur<\/b><\/p>\n<p><i>\u201cFilistin, Yaser Arafat zaman\u0131nda veya sonras\u0131nda ka\u00e7 kere tan\u0131nd\u0131 bunu hat\u0131rlayan var m\u0131? Bu tan\u0131nmalar, hep heyecan uyand\u0131rd\u0131, ancak sonu\u00e7 al\u0131namad\u0131. Bug\u00fcn g\u00f6r\u00fcl\u00fcyor ki onlar, \u2018tan\u0131ma\u2019 de\u011fil tiyatro oynamakm\u0131\u015f. Her defas\u0131nda Filistinli h\u00fcsrana u\u011frad\u0131. Ard\u0131ndan b\u00fcy\u00fck zul\u00fcmler ya\u015fad\u0131. Filistin, insanl\u0131k i\u00e7in kanayan bir yarad\u0131r.<\/i><\/p>\n<p><i>\u0130n\u015fallah, bu defa 20 Eyl\u00fcl 2011 tarihinde BM\u2019de tiyatro oynanamayacakt\u0131r. Bu defa Filistin, e\u015fit bir d\u00fcnya devleti olarak tan\u0131nacakt\u0131r. Bu defa mazlum ve \u00e7ileke\u015f Filistin milletini ivazs\u0131z ve garezsiz olarak destekleyen 80 milyonluk b\u00f6lge lideri T\u00fcrkiye vard\u0131r. T\u00fcrkiye ba\u015fbakan\u0131 Recep Tayyip Erdo\u011fan, 19 Eyl\u00fclde BM 66. genel kurul toplant\u0131s\u0131nda \u00fcye devletlerin diplomatlar\u0131na ve onlar\u0131n \u015fahs\u0131nda da d\u00fcnyan\u0131n vicdan\u0131na seslenecek,&nbsp; o vicdanlar\u0131 sarsacakt\u0131r. Ba\u015fbakan\u0131m\u0131z, hedefe y\u00fcklenerek tavizsiz, riyas\u0131z ve cesur bir konu\u015fma ortaya koyacakt\u0131r. Diyebiliriz ki o g\u00fcn, BM\u2019nin 66 y\u0131ll\u0131k mazisinin en muhteval\u0131 ve en kararl\u0131 konu\u015fmas\u0131 yap\u0131lacakt\u0131r. B\u00f6ylece Do\u011funun gams\u0131zlar\u0131yla Bat\u0131n\u0131n insafs\u0131zlar\u0131 Somali\u2019yle kara k\u0131tan\u0131n a\u00e7 insanlar\u0131 i\u00e7in uyand\u0131r\u0131lmaya ve utand\u0131r\u0131lmaya \u00e7al\u0131\u015f\u0131lacak, Palmer Raporunun bizim zaviyemizden g\u00fcndeme dahi al\u0131nmayacak kadar ciddiyetten mahrum oldu\u011fu bir kere daha anlat\u0131lacakt\u0131r. Ter\u00f6rde ise y\u00fczlere ayna tutularak T\u00fcrkiye\u2019nin \u00e7al\u0131nm\u0131\u015f y\u0131llar\u0131na i\u015faret edilerek ter\u00f6ristlere destek veren \u00fclkelerin can\u0131 ac\u0131t\u0131lacakt\u0131r.\u201d<a href=\"#_ftn1\" name=\"_ftnref1\"><b>[1]<\/b><\/a><\/i> <b>Diyenler bir kere daha hayal k\u0131r\u0131kl\u0131\u011f\u0131na u\u011fram\u0131\u015ft\u0131.<\/b><\/p>\n<p><b>Y\u00fczde 75 Filistin\u2019i tan\u0131yor<\/b><\/p>\n<p><b> <\/b><\/p>\n<p><b>Tan\u0131mayan Cephe<\/b><\/p>\n<p>ABD<\/p>\n<p>AB \u00dclkeleri<\/p>\n<p>\u0130srail<\/p>\n<p>Japonya<\/p>\n<p><b>Tan\u0131yan Cephe<\/b><\/p>\n<p>Rusya<\/p>\n<p>\u00c7in<\/p>\n<p>\u0130ran<\/p>\n<p>T\u00fcrkiye<\/p>\n<p>Suriye<\/p>\n<p>Hindistan<\/p>\n<p>Brezilya<\/p>\n<p>Venez\u00fcella<\/p>\n<p><b>D\u00fcnyada son durum<\/b><\/p>\n<p>BM\u2019ye \u00fcye 193 \u00fclkeden 126\u2019s\u0131 Filistin\u2019i ba\u011f\u0131ms\u0131z ve egemen bir devlet olarak tan\u0131yor. Bu \u00fclkelerin toplam n\u00fcfusu 5,2 milyar\u0131 ge\u00e7iyor ve d\u00fcnya n\u00fcfusunun y\u00fczde 75\u2019ine denk geliyor. Tan\u0131nma i\u00e7in, BM Genel Kurulunda \u00fc\u00e7te ikilik bir \u00e7o\u011funlu\u011fun lehte oy kullanmas\u0131 gerekiyor. Bu da 128 \u00fclkeye kar\u015f\u0131l\u0131k geliyor. Filistin\u2019in ba\u011f\u0131ms\u0131zl\u0131\u011f\u0131n\u0131 6 \u00fclkenin daha tan\u0131mas\u0131 bekleniyor. Bu durumda ABD\u2019nin kar\u015f\u0131 oyu i\u015fe yaram\u0131yor.<\/p>\n<p><b>Haritada dikkat \u00e7eken noktalar:<\/b><\/p>\n<ul>\n<li>Harita, d\u00fcnyan\u0131n Filistin konusunda, Kuzeybat\u0131 ve G\u00fcneydo\u011fu \u015feklinde iki ayr\u0131 kutba b\u00f6l\u00fcnd\u00fc\u011f\u00fcn\u00fc \u00e7ok a\u00e7\u0131k bir \u015fekilde ortaya koyuyor. Bu b\u00f6l\u00fcnme d\u00fcnyada Suriye, Libya ve bir\u00e7ok konudaki cephele\u015fmeye de \u0131\u015f\u0131k tutuyor.<\/li>\n<li>T\u00fcrkiye\u2019nin kom\u015fular\u0131ndan Filistin\u2019i tan\u0131mayan birka\u00e7 \u00fclke aras\u0131nda Ermenistan, Yunanistan ve \u0130srail bulunuyor.<\/li>\n<li>ABD\u2019nin Latin Amerika\u2019daki sad\u0131k m\u00fcttefikleri Meksika ve Kolombiya Filistin\u2019i tan\u0131mazken, Venez\u00fcella cumhurba\u015fkan\u0131 Huga Chavez\u2019in \u00f6nc\u00fcl\u00fc\u011f\u00fcnde sol ve sosyalist hareketin ad\u0131m ad\u0131m iktidar oldu\u011fu di\u011fer \u00fclkeler Filistin\u2019i tan\u0131yor.<\/li>\n<li>ABD\u2019nin uzak Asya\u2019da vazge\u00e7ilmez m\u00fcttefikleri Japonya ve G\u00fcney Kore Filistin\u2019i tan\u0131mazken, Kore Demokratik Halk Cumhuriyeti (Kuzey Kore) ve \u00c7in Filistin\u2019i tan\u0131yor.<\/li>\n<li>Kara k\u0131ta Afrika\u2019da Filistin\u2019i, -Kamerun haricinde- tan\u0131mayan tek \u00fclke, bat\u0131 bask\u0131s\u0131yla Sudan\u2019dan kopar\u0131lan G\u00fcney Sudan oluyor.<\/li>\n<\/ul>\n<p>ABD, bir yandan Filistin devletini onaylayan \u00fclkelerin say\u0131s\u0131n\u0131 128&#8217;in alt\u0131nda tutmaya \u00e7abalarken, di\u011fer yandan Filistin Devlet Ba\u015fkan\u0131 Mahmud Abbas&#8217;\u0131n BM&#8217;ye ba\u015fvurmas\u0131n\u0131 engellemeye \u00e7al\u0131\u015f\u0131yor.<\/p>\n<p><b>ABD yine \u0130srail\u2019i kolluyordu<\/b><\/p>\n<p>Amerikan y\u00f6netimi bir yandan Filistin&#8217;i ba\u011f\u0131ms\u0131z devlet olarak tan\u0131yan \u00fclkelerin say\u0131s\u0131n\u0131n 128&#8217;e \u00e7\u0131kmamas\u0131 i\u00e7in \u00e7abalarken, di\u011fer taraftan Filistin Devlet Ba\u015fkan\u0131 Mahmud Abbas&#8217;\u0131n BM&#8217;ye ba\u015fvurmas\u0131n\u0131 engellemeye \u00e7al\u0131\u015f\u0131yordu. \u00dc\u00e7te ikilik bir \u00e7o\u011funluk sa\u011fland\u0131\u011f\u0131 anda, ABD&#8217;nin kar\u015f\u0131 oyu i\u015fe yaram\u0131yordu. Bu nedenle ABD y\u00f6netimi, Rusya ile \u00c7in ba\u015fta olmak \u00fczere bir\u00e7ok \u00fclkenin giri\u015fimlerini engellemek amac\u0131yla, yeni bir diplomatik hamleye haz\u0131rlan\u0131yordu. New York Times gazetesinin haberine g\u00f6re, Obama y\u00f6netimi, \u0130srail ile Filistin y\u00f6netimi aras\u0131ndaki bar\u0131\u015f g\u00f6r\u00fc\u015fmelerinin tekrar ba\u015flamas\u0131 i\u00e7in bir \u00f6neri geli\u015ftiriyordu. Washington g\u00f6r\u00fc\u015fmelere yeniden ba\u015flanmas\u0131 halinde, Filistin Devlet Ba\u015fkan\u0131 Mahmut Abbas\u2019\u0131n, Filistin devletinin tan\u0131nmas\u0131 iste\u011fini BM\u2019ye g\u00f6t\u00fcrmekten vazge\u00e7ece\u011fini umuyor. Ancak &#8220;\u00e7ok ge\u00e7 kalm\u0131\u015f&#8221; olabileceklerini de kabul ediyordu.<\/p>\n<p><b>Veto tehdidi \u00e7aresizlik g\u00f6stergesi say\u0131l\u0131yordu<\/b><\/p>\n<p>Amerikan y\u00f6netimi, Filistin devletinin ancak \u0130srail ile yap\u0131lacak g\u00f6r\u00fc\u015fmeler sonunda tan\u0131nmas\u0131n\u0131 istiyor ve konunun G\u00fcvenlik Konseyi\u2019ne gelmesi halinde, veto yetkisini kullanma tehdidinde bulunuyordu. Ancak ABD\u2019nin BM Genel Kurulu\u2019nda Filistin devletinin oy hakk\u0131 olmayan devlet olarak tan\u0131nmas\u0131n\u0131 engelleme g\u00fcc\u00fc yoktu. Oy hakk\u0131 olmayan devlet stat\u00fcs\u00fc, Filistin y\u00f6netimine BM kurulu\u015f ve toplant\u0131lar\u0131nda temsil edilme olana\u011f\u0131 sa\u011fl\u0131yordu. Obama y\u00f6netiminin, Filistin devletine kar\u015f\u0131 \u00e7\u0131kmak zorunda kalmas\u0131 halinde, Arap d\u00fcnyas\u0131nda esecek Amerikan aleyhtar\u0131 havadan kayg\u0131 duydu\u011fu da anla\u015f\u0131l\u0131yordu.<\/p>\n<p><b>Bask\u0131 i\u00e7in \u00f6zel el\u00e7i g\u00f6nderiliyordu<\/b><\/p>\n<p>Filistin Devlet Ba\u015fkan\u0131 Mahmud Abbas\u2019\u0131n Ba\u015fdan\u0131\u015fman\u0131 Yaser Abed Rabbo, \u201cABD\u2019nin bask\u0131lar\u0131 bizim BM\u2019ye ba\u015fvurmam\u0131za engel olamaz\u201d diyordu. Rabbo, Beyaz Saray\u0131n David Hale ve Dennis Ross adl\u0131 iki el\u00e7iyi b\u00f6lgeye yollad\u0131\u011f\u0131n\u0131 ve \u0130srail ile Filistin aras\u0131nda yeni bar\u0131\u015f g\u00f6r\u00fc\u015fmeleri yap\u0131lmas\u0131 ve Abbas\u2019\u0131n BM\u2019ye ba\u015fvurudan vazge\u00e7mesi i\u00e7in bask\u0131 yapt\u0131\u011f\u0131n\u0131 belirtiyordu. Ayr\u0131ca, \u0130srail\u2019in Filistin\u2019deki Yahudi yerle\u015fimcilere silah da\u011f\u0131tt\u0131\u011f\u0131n\u0131 vurguluyordu.<\/p>\n<p><b>Ba\u011flant\u0131s\u0131zlar tan\u0131yordu<\/b><\/p>\n<p>M\u0131s\u0131r D\u0131\u015fi\u015fleri Bakan\u0131 Muhammed Kemal Amr, Ba\u011flant\u0131s\u0131zlar Hareketinin, BM Genel Kurulunda Filistin Devletini tan\u0131yaca\u011f\u0131n\u0131 ve tan\u0131nmas\u0131na destek verece\u011fini a\u00e7\u0131kl\u0131yordu. S\u0131rbistan D\u0131\u015fi\u015fleri Bakan\u0131 Vuk Yeremi\u00e7 de \u00fclkesinin Filistin konusunda g\u00f6r\u00fc\u015f\u00fcn\u00fcn a\u00e7\u0131k oldu\u011funu ve bu \u00fclkeye her t\u00fcrl\u00fc deste\u011fi verdiklerini ve vermeye devam edeceklerini s\u00f6yl\u00fcyordu.<\/p>\n<p><b>\u00c7in\u2019den destek geliyordu<\/b><\/p>\n<p>\u00c7in, Filistinlilerin ba\u011f\u0131ms\u0131z devlet kurmas\u0131n\u0131 destekledi\u011fini a\u00e7\u0131kl\u0131yordu. \u00c7in D\u0131\u015fi\u015fleri Bakanl\u0131\u011f\u0131 s\u00f6zc\u00fcs\u00fc Cian Y\u00fc,\u201dFilistin\u2019in ba\u011f\u0131ms\u0131z bir devlet kurman\u0131n vazge\u00e7ilmez bir yasal hakk\u0131 oldu\u011funu\u201d vurguluyordu.<\/p>\n<p><b>Ankara, muhtemel \u0130srail senaryolar\u0131na haz\u0131rlan\u0131yordu<\/b><\/p>\n<p>\u0130srail&#8217;in Mavi Marmara bask\u0131n\u0131 dolay\u0131s\u0131yla \u00f6z\u00fcr dilememesi kar\u015f\u0131s\u0131nda hukuki ve diplomatik tedbirler i\u00e7eren B plan\u0131n\u0131 devreye sokan T\u00fcrkiye, bundan sonraki s\u00fcre\u00e7te muhtemel senaryolara da haz\u0131rl\u0131k yap\u0131yordu.<\/p>\n<p>Ankara&#8217;n\u0131n kanaatine g\u00f6re \u0130srail er ya da ge\u00e7 T\u00fcrkiye&#8217;den \u00f6z\u00fcr dileyecek ve tazminat \u00f6deyecekti. Bu s\u00fcre\u00e7te \u0130srail, T\u00fcrkiye&#8217;nin a\u00e7\u0131klad\u0131\u011f\u0131 5 \u00f6nemli yapt\u0131r\u0131mdan geri at\u0131m atmas\u0131n\u0131 isteyecekti. Bunlar\u0131n aras\u0131nda Tel Aviv y\u00f6netimi a\u00e7\u0131s\u0131ndan en \u00f6nemlisi \u0130srailli asker ve yetkililer aleyhine a\u00e7\u0131lan davalar\u0131n iptaliydi. Zaman&#8217;a konu\u015fan bir T\u00fcrk yetkiliye g\u00f6re, \u0130srail &#8220;\u00d6z\u00fcr ve tazminata haz\u0131r\u0131m. Ama ili\u015fkilerin normalle\u015fmesini istiyoruz. A\u00e7\u0131klanan yapt\u0131r\u0131mlara art\u0131k gerek kalmad\u0131&#8221; diyordu. K\u0131saca AKP iktidar\u0131, ABD\u2019nin ve Yahudi Lobilerinin bask\u0131s\u0131yla, \u0130srail\u2019le yeniden uzla\u015fmak i\u00e7in bahane ar\u0131yordu.<\/p>\n<div><br clear=\"all\" \/>  <\/p>\n<hr align=\"left\" size=\"1\" width=\"33%\" \/>\n<div>\n<p><a href=\"#_ftnref1\" name=\"_ftn1\">[1]<\/a> T\u00fcrkiye Gazetesi \/ 7 Eyl\u00fcl 2011<\/p>\n<\/p><\/div>\n<\/p><\/div>\n<\/p><\/div>\n","protected":false},"excerpt":{"rendered":"<p>Bat\u0131, acaba Arap Bahar\u0131 denen ve demokratikle\u015fme k\u0131l\u0131f\u0131 ge\u00e7irilen geli\u015fmelerde ne kadar samimidir? \u00c7\u00fcnk\u00fc \u00e7\u00f6z\u00fcm\u00fcn temeli Filistin sorununda d\u00fc\u011f\u00fcmlenmektedir. ABD ve AB, ger\u00e7ekten ba\u011f\u0131ms\u0131z bir Filistin Devletini tan\u0131yacak ve \u0130srail i\u015fgalini ve vah\u015fetini desteklemekten vazge\u00e7ecek midir? ABD kongresinde konu\u015fturulan Netanyahu 18 dakikada 28 sefer alk\u0131\u015flan\u0131yor ve \u00f6n\u00fcnde sayg\u0131yla s\u0131raya ge\u00e7iliyorsa, \u201cABD\u2019yi Siyonist Yahudi Lobilerinin y\u00f6netti\u011fi\u201d [&hellip;]<\/p>\n","protected":false},"author":19,"featured_media":0,"comment_status":"open","ping_status":"closed","sticky":false,"template":"","format":"standard","meta":{"footnotes":""},"categories":[130],"tags":[],"class_list":["post-2148","post","type-post","status-publish","format-standard","hentry","category-kasim-2011"],"_links":{"self":[{"href":"https:\/\/www.millicozum.com\/mc\/wp-json\/wp\/v2\/posts\/2148","targetHints":{"allow":["GET"]}}],"collection":[{"href":"https:\/\/www.millicozum.com\/mc\/wp-json\/wp\/v2\/posts"}],"about":[{"href":"https:\/\/www.millicozum.com\/mc\/wp-json\/wp\/v2\/types\/post"}],"author":[{"embeddable":true,"href":"https:\/\/www.millicozum.com\/mc\/wp-json\/wp\/v2\/users\/19"}],"replies":[{"embeddable":true,"href":"https:\/\/www.millicozum.com\/mc\/wp-json\/wp\/v2\/comments?post=2148"}],"version-history":[{"count":0,"href":"https:\/\/www.millicozum.com\/mc\/wp-json\/wp\/v2\/posts\/2148\/revisions"}],"wp:attachment":[{"href":"https:\/\/www.millicozum.com\/mc\/wp-json\/wp\/v2\/media?parent=2148"}],"wp:term":[{"taxonomy":"category","embeddable":true,"href":"https:\/\/www.millicozum.com\/mc\/wp-json\/wp\/v2\/categories?post=2148"},{"taxonomy":"post_tag","embeddable":true,"href":"https:\/\/www.millicozum.com\/mc\/wp-json\/wp\/v2\/tags?post=2148"}],"curies":[{"name":"wp","href":"https:\/\/api.w.org\/{rel}","templated":true}]}}