{"id":2150,"date":"2011-10-27T08:22:20","date_gmt":"2011-10-27T08:22:20","guid":{"rendered":"https:\/\/www.millicozum.com\/mc\/2011\/10\/27\/akpnin-rontgeni-ve-erbakanin-dortgeni\/"},"modified":"2011-10-27T08:22:20","modified_gmt":"2011-10-27T08:22:20","slug":"akpnin-rontgeni-ve-erbakanin-dortgeni","status":"publish","type":"post","link":"https:\/\/www.millicozum.com\/mc\/2011\/kasim-2011\/akpnin-rontgeni-ve-erbakanin-dortgeni\/","title":{"rendered":"AKP\u2019N\u0130N R\u00d6NTGEN\u0130 VE ERBAKAN\u2019IN D\u00d6RT\u201cGEN\u201d\u0130"},"content":{"rendered":"\n<div>\n<p><b> <\/b><\/p>\n<p>B\u00fcy\u00fck Muhaddis ve M\u00fcctehid \u0130mam\u0131 Malik Hz.lerinden, \u201cd\u00f6rt ayr\u0131 g\u00f6rev i\u00e7in, d\u00f6rt farkl\u0131 insan gerekti\u011fini\u201d s\u00f6yledi\u011fi rivayet aktar\u0131l\u0131r.<\/p>\n<p>\u0130mam Malik\u2019e g\u00f6re:<\/p>\n<p>Baz\u0131 g\u00f6revler, L\u0130YAKAT ister.<\/p>\n<p>Baz\u0131 g\u00f6revler, SADAKAT ister<\/p>\n<p>Baz\u0131 g\u00f6revler, CESARET ister<\/p>\n<p>Baz\u0131 g\u00f6revler ise SAF\u0130YET istemektedir. Yani yapt\u0131\u011f\u0131 i\u015fin i\u00e7 y\u00fcz\u00fcne vak\u0131f olmayacak, s\u0131rl\u0131-sakl\u0131 ili\u015fkileri anlamayacak ve rakipler taraf\u0131ndan kullan\u0131lsa da i\u015fe yaramayacak, sade ve s\u0131radan insanlar da baz\u0131 g\u00f6revler i\u00e7in yeterliydi.<\/p>\n<p><b>Erbakan Hoca\u2019n\u0131n da:<\/b><\/p>\n<ol>\n<li>Liyakat isteyen g\u00f6revler i\u00e7in TEKN\u0130K kadrolar\u0131<\/li>\n<li>Sadakat isteyen g\u00f6revler i\u00e7in STRATEJ\u0130K kadrolar\u0131<\/li>\n<li>Cesaret isteyen g\u00f6revler i\u00e7in PS\u0130KOLOJ\u0130K kadrolar\u0131<\/li>\n<li>Safiyet isteyen g\u00f6revler i\u00e7in ise TAKT\u0130K kadrolar\u0131 kullanmas\u0131; hem tabii, hem de gerekliydi.<\/li>\n<\/ol>\n<p>Pek \u00e7ok hedef ve hikmetleri yan\u0131nda, Erbakan Hoca\u2019ya Parti, as\u0131l iki \u015fey i\u00e7in olduk\u00e7a laz\u0131md\u0131.<\/p>\n<p>1-&nbsp;&nbsp;&nbsp;&nbsp; TEMS\u0130L\u0130YET imk\u00e2n\u0131 kazanmak,<\/p>\n<p>2-&nbsp;&nbsp;&nbsp;&nbsp; RESM\u0130YET f\u0131rsat\u0131ndan yararlanmak\u2026<\/p>\n<p>1-&nbsp;&nbsp;&nbsp; Evet; hem T\u00fcrkiye\u2019mizde, hem di\u011fer \u00fclkelerde, tarihi devrim ve de\u011fi\u015fim projelerine dikkatleri \u00e7ekebilmek i\u00e7in \u201cAna Muhalefet Ba\u015fkan\u0131, Devlet Bakan\u0131, Ba\u015fbakan Yard\u0131mc\u0131s\u0131 ve Ba\u015fbakan\u201d gibi etkili ve yetkili bir etiket ve temsiliyet s\u0131fat\u0131na ihtiya\u00e7 vard\u0131\u2026 Buna ise ancak siyasi parti kurmak ve H\u00fck\u00fcmetlere kat\u0131lmakla ula\u015f\u0131rd\u0131.<\/p>\n<p>2-&nbsp;&nbsp;&nbsp; \u00dclke i\u00e7inde ise:<\/p>\n<ul>\n<li>Her kurum ve kademedeki, Milli karakterli elemanlar\u0131 tespit etmek.<\/li>\n<li>Bunlar\u0131 e\u011fitmek ve y\u00f6nlendirmek.<\/li>\n<li>Bunlar\u0131 g\u00f6revlendirmek, de\u011ferlendirmek ve denemek.<\/li>\n<li>Toplumu yeniden ve tedricen diriltmek.<\/li>\n<li>Masonik ve sabataist ku\u015fatma alt\u0131ndaki stratejik kurumlar\u0131 tekrar d\u00fczeltip d\u00fczenlemek.<\/li>\n<\/ul>\n<p>gibi ama\u00e7lar i\u00e7in de parti \u00e7ok \u00f6nemli ve gerekli bir ara\u00e7t\u0131\u2026<\/p>\n<p>Ayr\u0131ca partiler, Erbakan Hoca\u2019n\u0131n siyasi hayata ge\u00e7i\u015finden \u00e7ok \u00f6nceleri ba\u015flatt\u0131\u011f\u0131 ve ba\u015fard\u0131\u011f\u0131 sezilen \u201cMilli Derin Devlet\u201d organizesiyle m\u00fcnasebetlerini hem kolayla\u015ft\u0131ran, hem de bunlara k\u0131l\u0131f olan resmi olu\u015fumlard\u0131. Siyasi partinin sa\u011flad\u0131\u011f\u0131 resmi ve etkin hizmet f\u0131rsatlar\u0131ndan yararlanmak i\u00e7in, Rahmetli Erbakan Hoca, bir tak\u0131m m\u00fcnaf\u0131k ve k\u00f6t\u00fc maksatl\u0131 ki\u015filerin te\u015fkilata sokulmas\u0131na bile katlanm\u0131\u015ft\u0131.<\/p>\n<p><b>Erbakan Hoca; ba\u015f\u0131 ve ba\u011fl\u0131lar\u0131 belli olan H\u0130YERAR\u015e\u0130K de\u011fil, d\u00fczenli ve disiplinli birimlerin \u201chedefi ve etkinli\u011fi belli, ama komuta kademesi gizli\u201d olarak yap\u0131land\u0131\u011f\u0131 bir HETERAR\u015e\u0130K organizenin daha g\u00fcvenli ve gerekli oldu\u011funun fark\u0131ndayd\u0131.<\/b><\/p>\n<p>Erbakan Hoca, ge\u00e7ici, his ve heyecanlar\u0131 tatmin edici ve k\u0131sa vadeli siyasi \u00e7\u0131karlar\u0131n de\u011fil; kal\u0131c\u0131, kapsay\u0131c\u0131 ve ak\u0131lc\u0131 sonu\u00e7lar\u0131n hesab\u0131n\u0131 yapmaktayd\u0131. Toplum baz\u0131nda hatta kendi taban\u0131nda, hikmeti ve hedefi anla\u015f\u0131lamad\u0131\u011f\u0131ndan ho\u015f kar\u015f\u0131lanmayacak hatta oy kayb\u0131na neden olacak, ama uzun vadede \u00fclkenin ve insanl\u0131k \u00e2leminin hayr\u0131na sonu\u00e7lanacak baz\u0131 tavizleri vermekten, geri ad\u0131m at\u0131yor g\u00f6r\u00fcnmekten sak\u0131nmamaktayd\u0131. Stratejik proje ve planlar\u0131n\u0131n y\u00fcr\u00fcmesi hat\u0131r\u0131na, bazen bilebile taktik hatalar\u0131 yapmaktan ve k\u0131nanmaktan korkmayan bir insand\u0131. Bug\u00fcn daha net ortaya \u00e7\u0131kan baz\u0131 marazl\u0131 insanlar\u0131 idare etmesi bir taviz say\u0131l\u0131rd\u0131, ama davas\u0131na ve kutsi amac\u0131na katk\u0131 sa\u011flamak a\u00e7\u0131s\u0131ndan Hoca daha karl\u0131 \u00e7\u0131km\u0131\u015ft\u0131.<\/p>\n<p>\u00dclkemizin ve milli dirili\u015f hareketimizin aleyhine tezg\u00e2hlanan, 12 Mart 1971, 12 Eyl\u00fcl 1980 ve 28 \u015eubat giri\u015fimlerini, Milli Derin Devlet eliyle ve Siyasi feraset ve dirayetiyle, milletimizin lehine \u00e7evirmeyi ba\u015fard\u0131.<\/p>\n<p>12 Eyl\u00fcl sonras\u0131 halk\u0131m\u0131z\u0131n farkl\u0131 kesimlerden olu\u015fan b\u00fcy\u00fck \u00e7o\u011funlu\u011funun, \u00d6zal\u2019\u0131n ANAP\u2019\u0131nda toplanarak ger\u00e7ekle\u015fen ekonomik ve k\u00fclt\u00fcrel y\u00f6nden k\u0131smi iyile\u015fme ve yerlile\u015fme s\u00fcreci, bu milli manip\u00fclasyon sayesinde ya\u015fand\u0131\u2026 Daha da ilginci: Erbakan\u2019\u0131 saf d\u0131\u015f\u0131 b\u0131rakmak i\u00e7in yap\u0131lan 12 Eyl\u00fcl, sonunda Refah Partisini iktidara ta\u015f\u0131d\u0131.<\/p>\n<p>D\u0131\u015f g\u00fc\u00e7lerin, asker ve sivil i\u015fbirlik\u00e7ilerin, Refah-Yol\u2019un tarihi D-8\u2019ler ve Havuz Sistemi gibi talihli geli\u015fmeleri ve Yeniden B\u00fcy\u00fck T\u00fcrkiye\u2019nin dirili\u015fini engellemek niyetiyle giri\u015ftikleri 28 \u015eubat h\u0131yaneti bile, bu milli cephenin marifetiyle s\u00f6m\u00fcr\u00fc sisteminin t\u0131kanmas\u0131na ve toplumun uyan\u0131p Kuvay\u0131 Milliye ruhunun canlanmas\u0131na yol a\u00e7t\u0131\u2026<\/p>\n<p><b>AKP gibi Milli G\u00f6r\u00fc\u015f ka\u00e7aklar\u0131n\u0131n, Fethullah G\u00fclen gibi \u0131l\u0131ml\u0131 \u0130slamc\u0131lar\u0131n, PKK, Hizbullah gibi ter\u00f6r odaklar\u0131n\u0131n, Ayd\u0131n yaftal\u0131 kiral\u0131k yazar-\u00e7izer tak\u0131m\u0131n\u0131n; nas\u0131l ayn\u0131 Siyonist ve emperyalist odaklar\u0131n u\u015faklar\u0131 olduklar\u0131 anla\u015f\u0131ld\u0131? Baz\u0131, Nato\u2019cu demokrat pa\u015falar\u0131n, masonik b\u00fcrokrat ma\u015falar\u0131n, s\u00f6m\u00fcr\u00fcc\u00fc sermaye a\u011falar\u0131n\u0131n, elbirli\u011fi i\u00e7inde ve \u015fahsi ikbal, iktidar ve ihtiras pe\u015finde, nas\u0131l h\u0131yanete ortak olduklar\u0131 ispatland\u0131.<\/b><\/p>\n<p><b>Ve b\u00f6ylece, art\u0131k ka\u00e7\u0131n\u0131lmaz olan T\u00fcrkiye Merkezli ve Milli bir tarihi d\u00f6n\u00fc\u015f\u00fcme, me\u015fruiyet ve mecburiyet sa\u011fland\u0131\u2026<\/b><\/p>\n<p>\u201cBir 28 \u015eubat Mahsul\u00fc\u201d olan ve Yenilik\u00e7i Hareket ile ba\u015flay\u0131p \u201cSiyon Merkezli K\u00fcresel Krall\u0131k\u201da giden yolda s\u00fcrekli hedef b\u00fcy\u00fcterek ilerleyen \u201cAK\u201d Parti\u2019nin s\u00fcreci ile kamuoyundan estetik kamuflaj hamleleriyle gizlenen nihai ama\u00e7lar\u0131n\u0131 resmetmeyi ama\u00e7layan dosyan\u0131n; \u201cAKP Ger\u00e7e\u011fi\u201dnin ne denli \u201cAK\u201d ve ne denli tehlikeli oldu\u011funu yak\u0131ndan g\u00f6rmek isteyenlere \u0131\u015f\u0131k tutaca\u011f\u0131 inanc\u0131nday\u0131z\u2026<\/p>\n<p><b>Refah Partisi\u2019ne Taarruz Emri verenlerin sicil dosyalar\u0131!..<\/b><\/p>\n<p><b> \u201cK\u00fcresel Senaryo\u201dyu \u0130hale Edecekleri Yenilik\u00e7i Hareket\u2019e Yol A\u00e7mak \u0130\u00e7in T\u00fcrkiye\u2019yi Hangi Kay\u0131\u011fa Oturtmu\u015flard\u0131?<\/b><\/p>\n<p>K\u00fcresel Kurgu\u2019yu muzaffer k\u0131lmak ad\u0131na mesai veren \u201cSiyonist cunta\u201dn\u0131n kumandanlar\u0131; T\u00fcrkiye \u00fczerindeki k\u00fcresel stratejileri istenilen s\u00fcratte gitmeyince, ellerindeki uzaktan kumanday\u0131 daha h\u0131zl\u0131 bir yaz\u0131l\u0131ma programlay\u0131p \u00fclkeyi apar topar 28 \u015eubat Kay\u0131\u011f\u0131\u2019na oturtmu\u015flard\u0131!<\/p>\n<p>Bahaneleri: T\u00fcrkiye bu kay\u0131\u011fa binmeliydi ki; \u201cLaik T\u00fcrkiye Cumhuriyeti Devleti\u201dni yok etmek i\u00e7in \u00fcst\u00fcne \u00fcst\u00fcne gelen \u201cirtica canavar\u0131\u201dndan uzakla\u015farak, kendini sa\u011f salim kar\u015f\u0131 k\u0131y\u0131ya ats\u0131nd\u0131!<\/p>\n<p>Hal b\u00f6yle olunca da, birdenbire elinde sopas\u0131yla T\u00fcrkiye\u2019yi kovalamaya ba\u015flayan bu \u201cirtica canavar\u0131\u201dn\u0131n i\u00e7ine itina ile yerle\u015fmi\u015f \u0130srail, ABD ve \u0130ngiltere \u015feklinde s\u0131ralanan o \u201cmuhte\u015fem \u00fc\u00e7l\u00fc\u201dden bihaber olan T\u00fcrkiye; \u201claik, demokrat ve vatanperver pa\u015falar\u0131\u201dn\u0131n da takdire \u015fayan deste\u011fi (!) ile alelacele bu kay\u0131\u011fa bindirilerek yola \u00e7\u0131kar\u0131ld\u0131.<\/p>\n<p>H\u0131zla uzakla\u015ft\u0131r\u0131lmaya \u00e7al\u0131\u015f\u0131lan s\u00f6z konusu canavar ger\u00e7ekten de korkutucuydu! Necmettin Erbakan gibi Adil d\u00fczenci bir ba\u015fbakan ile yol alan T\u00fcrkiye\u2019nin \u00f6n\u00fcne pe\u015f pe\u015fe bir\u00e7ok s\u0131cak kare de konulmaya ba\u015flan\u0131nca; t\u00fcm kamuoyu rahatl\u0131kla \u201c\u00c7anlar rejim i\u00e7in \u00e7al\u0131yor!\u201d demeye ba\u015flad\u0131.<\/p>\n<p>Ve bu s\u0131cak geli\u015fmelerin hemen akabinde de; 9 saat s\u00fcren \u201c28 \u015eubat 1997 Tarihli Milli G\u00fcvenlik Kurulu Toplant\u0131s\u0131\u2019n\u0131n Tarihi 28 \u015eubat Kararlar\u0131\u201d a\u00e7\u0131kland\u0131.<\/p>\n<p><b>28 \u015eUBAT Kay\u0131\u011f\u0131<\/b><\/p>\n<p>\u0130lk kez T\u00fcrkiye Cumhuriyeti Devleti\u2019nin i\u00e7 tehdit s\u0131ralamas\u0131nda PKK Ter\u00f6r\u00fc\u2019n\u00fcn \u00f6n\u00fcne ge\u00e7erek birinci s\u0131raya oturan ve \u00fclke g\u00fcndemini tamam\u0131yla i\u015fgal ederek etkili bir panik havas\u0131 do\u011furan \u201cirtica\u201d; tetikleyici unsur olarak \u00fclkenin post-modern bir darbe g\u00f6rmesine vesile olmu\u015f ve Milli G\u00f6r\u00fc\u015f Taban\u0131\u2019n\u0131 par\u00e7alay\u0131p kiral\u0131k d\u00f6neklerden daha \u201cfarkl\u0131\u201d bir elbisenin podyumlara servis edilmesini sa\u011flayacak s\u00fcreci ba\u015flatm\u0131\u015ft\u0131.<\/p>\n<p>Yeni elbisenin fark\u0131 ise; desenleri aras\u0131na gizlenmi\u015f Siyonist motiflerin kitleyi gizliden gizliye hipnotize ederek, (\u00d6rne\u011fin bu s\u00fcre\u00e7te kurulan ASAM\u2019\u0131n, Hz. Muhammed\u2019e b\u00fcy\u00fc yapan Yahudi Lebib Bin Asam\u2019dan etkilenerek Siyonist telkinlerle kuruldu\u011funu AKP Kulisleri\u2019nde bile konu\u015fulmaktayd\u0131!) \u00dclkeyi Geni\u015fletilmi\u015f Orta Do\u011fu ve Kuzey Afrika Projesi neviinden nirengi noktalar\u0131nda istenilen k\u0131vama getirmesi olacakt\u0131&#8230;<\/p>\n<p>Ve \u201cBindik bir alamete, gidiyoruz k\u0131yamete!\u201d demeksizin gayet b\u00fcy\u00fck bir kararl\u0131l\u0131kla kay\u0131\u011fa bindirilen T\u00fcrkiye; T\u00fcrk Silahl\u0131 Kuvvetleri i\u00e7ine yerle\u015ftirilen \u201ck\u00fcresel \u00e7ipler\u201d ile o \u00e7iplerin yaratt\u0131\u011f\u0131 \u201cyapay kamuoyu\u201dnun etkisiyle operasyonun amac\u0131n\u0131 bilmeksizin ayn\u0131 safta yer tutan pa\u015falar\u0131n sergiledi\u011fi kararl\u0131l\u0131kla \u201cirtica canavar\u0131\u201dn\u0131n kafas\u0131n\u0131 koparmak ad\u0131na son derece talihsiz bir ad\u0131m att\u0131&#8230;<\/p>\n<p>Bas\u0131n\u0131n kullan\u0131m\u0131ndan sonra d\u00f6nemin Genelkurmay Genel Sekreteri olan Emekli T\u00fcmgeneral Erol \u00d6zkasnak\u2019\u0131n dillendirmesiyle kemik bir ifade halini alan \u201cpost-modern darbe\u201d; daha sonra \u00d6zkasnak\u2019\u0131n kendisi taraf\u0131ndan;<\/p>\n<p><b><i>\u201cBug\u00fcn 28 \u015eubat S\u00fcreci\u2019ni k\u00fc\u00e7\u00fcmsemeye \u00e7al\u0131\u015fanlar, \u00c7evik Bir ve G\u00fcven Erkaya\u2019ya kar\u015f\u0131 \u2018k\u0131skan\u00e7l\u0131k hissiyle\u2019 hareket ediyorlar. Tek bir mermi at\u0131lmad\u0131, tek bir burun kanamad\u0131. T\u0131pk\u0131 NATO\u2019nun y\u0131k\u0131lan Var\u015fova Pakt\u0131\u2019n\u0131 teslim almas\u0131 gibi bir s\u00fcre\u00e7 ya\u015fand\u0131.<\/i><\/b><\/p>\n<p><b><i>28 \u015eubat, g\u00fcn\u00fcn ko\u015fullar\u0131na uygun bir y\u00f6ntemle ba\u015far\u0131ld\u0131. O g\u00fcn\u00fcn d\u00fcnya ve \u00fclke ko\u015fullar\u0131nda 12 Mart ve 12 Eyl\u00fcl gibi klasik bir m\u00fcdahale yap\u0131lamazd\u0131. Cumhuriyetin kar\u015f\u0131la\u015ft\u0131\u011f\u0131 tehlike (!), bir tek mermi at\u0131lmadan, demokratik mekanizmalar\u0131n harekete ge\u00e7irilmesiyle ortadan kald\u0131r\u0131ld\u0131. Silahs\u0131z kuvvetler kavram\u0131n\u0131 kullanmam\u0131z\u0131n nedeni ve amac\u0131 budur.\u201d <\/i><\/b>\u015eeklinde \u00f6v\u00fclen harek\u00e2t\u0131n g\u00fczide TSK pa\u015fas\u0131 \u00c7evik Bir, ilerleyen s\u00fcre\u00e7 i\u00e7inde operasyonun gayri me\u015fru \u00fcr\u00fcn\u00fc olarak v\u00fccuda gelen AKP\u2019nin en flash dan\u0131\u015fmanlar\u0131ndan biri olacakt\u0131\u2026<\/p>\n<p><b>(Siyonist 28 \u015eubat\u2019taki atakl\u0131\u011f\u0131n kamuoyunda g\u00f6rd\u00fc\u011f\u00fc tepki; -toplumumuzu bizden iyi tan\u0131yanlar taraf\u0131ndan zaten veri olarak al\u0131nm\u0131\u015ft\u0131- \u015fimdiki tutuklulu\u011fu ve meflu\u00e7lu\u011fu haz\u0131rlad\u0131. Devletin akl\u0131 tutulunca da, AKP\u2019nin sufl\u00f6rlerinin eline tutu\u015fturulan senaryolar; sahnedeki oyuncular taraf\u0131ndan an\u0131nda oynanacakt\u0131.) <\/b><\/p>\n<p><b>Emekli T\u00fcmgeneral Erol \u00d6zkasnak\u2019\u0131n itiraflar\u0131!<\/b><\/p>\n<p><i>\u201cO g\u00fcn\u00fcn ko\u015fullar\u0131yla ilgili yap\u0131lan de\u011ferlendirmede var\u0131lan sonu\u00e7 \u015fudur; T\u0131pk\u0131 31 Mart Vak&#8217;as\u0131 gibi \u00fclke, 75 y\u0131ll\u0131k cumhuriyet tarihinde e\u015fi g\u00f6r\u00fclmemi\u015f planl\u0131 bir irticai kalk\u0131\u015fmayla kar\u015f\u0131 kar\u015f\u0131yad\u0131r. Bu tespitten sonra demokratik mekanizmalar\u0131n harekete ge\u00e7irilmesi yoluyla tehlikenin bertaraf edilmesi karar\u0131na var\u0131lm\u0131\u015ft\u0131r. Bu ama\u00e7la bir seri brifing verilmesi planlanm\u0131\u015ft\u0131r.<\/i><\/p>\n<p><i>28 \u015eubat S\u00fcreci\u2019nin ba\u015flang\u0131c\u0131 11 Ocak 1997 tarihi\u2019dir. O tarihte d\u00f6nemin Cumhurba\u015fkan\u0131 Say\u0131n Demirel, Genelkurmay&#8217;a davet edilmi\u015f ve kendisine 28 \u015eubat g\u00fcn\u00fc Milli G\u00fcvenlik Kurulu&#8217;nda verilen bilgileri i\u00e7eren bir brifing sunulmu\u015ftur. Cumhurba\u015fkan\u0131&#8217;ndan ba\u015flayarak bu bilgiler toplumun ayd\u0131nlat\u0131lmas\u0131 amac\u0131yla bas\u0131na, yarg\u0131ya ve \u00fcniversite mensuplar\u0131na tekrarlanm\u0131\u015ft\u0131r. <\/i><\/p>\n<p><b><i>Bug\u00fcn 28 \u015eubat&#8217;\u0131 k\u00fc\u00e7\u00fcmsemeye \u00e7al\u0131\u015fanlar\u0131n bilmesi gereken bir ger\u00e7ek de \u015fudur; O s\u00fcre\u00e7 ba\u015far\u0131l\u0131 olmasayd\u0131 18 Nisan 1999 Se\u00e7im sonu\u00e7lar\u0131 al\u0131namazd\u0131! Cumhuriyete kar\u015f\u0131 irticai faaliyetlerin kayna\u011f\u0131 olan ak\u0131mlara 18 Nisan&#8217;da verilen oy deste\u011fi d\u00fc\u015fm\u00fc\u015fse, bunun nedeni 28 \u015eubat\u2019t\u0131r!\u201d<\/i><\/b><\/p>\n<p>Diyerek s\u00fcrd\u00fcrecek ve 28 \u015eubat S\u00fcreci\u2019nin ma\u011fdurlar\u0131ndan biri olan RP kurmaylar\u0131ndan Recai Kutan \u201cpost-modern darbe\u201d tan\u0131mlamas\u0131n\u0131 kabul eden \u00d6zkasnak\u2019\u0131n bu tavr\u0131n\u0131 \u201cAnayasa ihlali su\u00e7unu itiraf etmek\u201d olarak niteleyip \u201cDemokrasiye ve hukuk d\u00fczenine sahip olan bir \u00fclkede bu t\u00fcr davran\u0131\u015flar i\u00e7in yasalar ne diyorsa aynen yap\u0131lmal\u0131d\u0131r!\u201d s\u00f6zleriyle savc\u0131lar\u0131 g\u00f6reve \u00e7a\u011f\u0131racakt\u0131.<\/p>\n<p>(TSK\u2019n\u0131n T\u00fcrk Toplumuna bak\u0131\u015f\u0131n\u0131n y\u00fczeyselli\u011fi ve halka olan yabanc\u0131l\u0131\u011f\u0131n\u0131n ne kadar \u015fa\u015f\u0131rt\u0131c\u0131 boyutlara eri\u015fti\u011fi de bundan daha \u00e7arp\u0131c\u0131 bir \u015fekilde anlat\u0131lamazd\u0131. Bas\u0131n\u0131n, yarg\u0131n\u0131n ve \u00fcniversitenin, \u00e7ok \u00f6nemli enformasyon merkezleri oldu\u011fu g\u00f6z \u00f6n\u00fcne al\u0131n\u0131rsa; T\u00fcrkiye\u2019deki milletten kopup k\u0131s\u0131rla\u015fman\u0131n hangi seviyelere uzand\u0131\u011f\u0131 ve buralardan hi\u00e7bir ayk\u0131r\u0131 bir ses \u00e7\u0131kmay\u0131\u015f\u0131; Siyonist ill\u00fczyonun yo\u011funlu\u011funu ortaya koymaktayd\u0131.)<\/p>\n<p><b>Ve taraflar aras\u0131 tart\u0131\u015fmalar s\u00fcr\u00fcp giderken operasyon i\u00e7inde ayr\u0131 ayr\u0131 saflar olu\u015facak; senaryoyu \u015fa\u015fk\u0131n ve kayg\u0131l\u0131 g\u00f6zlerle izleyen toplumsal kitle ise ne bu saflar\u0131n, ne de 28 \u015eubat \u00d6rt\u00fcs\u00fc alt\u0131ndan y\u00fcr\u00fct\u00fclen operasyonlar\u0131n fark\u0131na varamayacakt\u0131.<\/b><\/p>\n<p><b>S\u00f6z\u00fc edilen saflar ise;<\/b><\/p>\n<ol style=\"list-style-type: lower-alpha;\">\n<li>TSK i\u00e7inde yer al\u0131p \u201cplanlamay\u0131 yapan k\u00fcresel senaristler\u201d ile \u201ci\u015fbirli\u011fi\u201d i\u00e7inde olarak s\u00f6z konusu \u201ck\u00fcresel kurgu\u201dya bilerek ve isteyerek i\u015ftirak edip katk\u0131 sunanlar,<\/li>\n<li>TSK i\u00e7inde yer al\u0131p \u201cplanlamay\u0131 yapan k\u00fcresel senaristler\u201dden tamam\u0131yla bihaber olan ve kamuoyunda yarat\u0131lan \u201cpanik havas\u0131\u201dna paralel \u201cTSK i\u00e7indeki k\u00fcresel \u00e7ipler\u201din olu\u015fturdu\u011fu \u201cyapay kamuoyu\u201dndan da etkilenerek \u201claiklik\u201din zedelenip \u201crejim\u201din tehlikeye girmemesi ad\u0131na konuya sahip \u00e7\u0131kanlar,<\/li>\n<li>Bas\u0131n i\u00e7inde yer al\u0131p beslendi\u011fi k\u00fcresel kaynaklar hasebiyle operasyon bilgisine sahip olan ve buna ba\u011fl\u0131 olarak \u201cirtica canavar\u0131\u201dn\u0131 pompalayanlar,<\/li>\n<li>Bas\u0131n i\u00e7inde yer al\u0131p y\u00fcr\u00fct\u00fclen operasyonun fark\u0131nda olmamakla birlikte, yarat\u0131lan \u201cyapay kamuoyu\u201dnun tesirinde kalarak \u201cirtica canavar\u0131\u201dyla toplumu korkutanlar,<\/li>\n<li>Operasyon esnas\u0131nda \u201cani bir tasfiye\u201dye u\u011frat\u0131lan ve ne oldu\u011funu anlamakta zorlanan ma\u011fdurlar. <\/li>\n<li>As\u0131l d\u00fc\u011fmeye basarak operasyonu y\u00f6nlendiren d\u0131\u015f odaklar ile onlarla i\u015fbirli\u011fi i\u00e7indeki masonik mihraklar\u2026 <\/li>\n<\/ol>\n<p><b>Erbakan H\u00fck\u00fcmeti\u2019nin \u201cSak\u0131ncal\u0131\u201d \u0130craatlar\u0131 !?<\/b><\/p>\n<p>Toplumsal kitlenin fark\u0131nda olmaks\u0131z\u0131n \u015fa\u015fk\u0131n ve kayg\u0131l\u0131 g\u00f6zlerle izledi\u011fi \u201c28 \u015eubat\u201d; sonu\u00e7ta b\u00f6ylesi bir kurgu ve karma\u015fayd\u0131\u2026<\/p>\n<p>Bu toz bulutunun aniden T\u00fcrkiye\u2019nin ba\u015f\u0131na musallat edilmesinin ard\u0131nda yatan ana neden ise; daha \u00f6nce de s\u00f6z\u00fc edildi\u011fi \u00fczere, \u00fclkemiz \u00fczerinden y\u00fcr\u00fct\u00fclen \u201ck\u00fcresel senaryolar\u201d\u0131 bozmaya ba\u015flayan Erbakan\u2019dan kurtulmak ve i\u015fin ba\u015f\u0131na direkt \u201ck\u00fcresel odaklar\u201d taraf\u0131ndan programlanan AKP\u2019yi iktidara ta\u015f\u0131yarak sorunun a\u015f\u0131lmas\u0131yd\u0131.<\/p>\n<p>Ve bu temel nedeni destekleyerek operasyon s\u00fcrecini h\u0131zland\u0131ran ana sebepler aras\u0131nda da, Erbakan H\u00fck\u00fcmeti\u2019nin g\u00fcndemine ald\u0131\u011f\u0131 \u201cKamu Tek Hesab\u0131\u201d Havuz Sistemi ile \u201cD\u20138 Projesi\u201d \u00f6ne \u00e7\u0131kmaktayd\u0131.<\/p>\n<p>Zira \u201c\u0130rticaya kar\u015f\u0131 \u00e7\u0131k\u0131yoruz!\u2019\u2019 yan\u0131lg\u0131s\u0131yla alet olunan \u201cb\u00fcy\u00fck ihanet\u201d ile 28 \u015eubat\u2019ta ipi \u00e7ekilen Erbakan; s\u00fcratle icat edilen \u201cirtica canavar\u0131\u201d ortaya \u00e7\u0131kmadan hemen \u00f6nce kamuoyuna \u201chavuz hesab\u0131\u201d olarak yans\u0131yan \u201cKamu Tek Hesab\u0131\u201dn\u0131 hayata ge\u00e7irme y\u00f6n\u00fcnde \u00e7al\u0131\u015fmalar ba\u015flatm\u0131\u015ft\u0131.<\/p>\n<p>Bu y\u00f6ntem ile kamu kurumlar\u0131n\u0131n nakit ihtiyac\u0131n\u0131 piyasadan faiz ile bor\u00e7lanmak yerine kendi \u00f6z kaynaklar\u0131ndan olabildi\u011fince istifade ederek kar\u015f\u0131lamay\u0131 ba\u015faran Erbakan; asl\u0131nda bu sistemin i\u015fletilmeye ba\u015flamas\u0131 halinde \u00f6nemli finans \u00e7evrelerinin bu i\u015ften son derece rahats\u0131z olaca\u011f\u0131n\u0131 da biliyor olmal\u0131yd\u0131.<\/p>\n<p>Erbakan\u2019\u0131n ekonomi kurmaylar\u0131n\u0131n ortaya koydu\u011fu hedef; kamu kurumlar\u0131n\u0131n kasas\u0131nda biriken paran\u0131n mesai bitiminde bir havuz i\u00e7inde toplanarak ihtiyac\u0131 olan kurumun kasas\u0131na an\u0131nda trasfer yap\u0131lmas\u0131yd\u0131.<\/p>\n<p>B\u00f6ylece nakit ihtiyac\u0131 olan kamu kurumu gecelik faiz \u00fczerinden borcuna bor\u00e7 katmak yerine, ihtiyac\u0131 olan paray\u0131 havuz hesab\u0131ndan temin edecek ve devlet de gereksiz bor\u00e7lanma durumundan kurtulacakt\u0131. (IMF ve ABD\u2019ye olan yalvarmalar g\u00f6z \u00f6n\u00fcne al\u0131n\u0131rsa, \u201ck\u00fcresel tefeciler\u201din kayb\u0131n\u0131 ve kayg\u0131s\u0131n\u0131 anlamak kolayd\u0131.)<\/p>\n<p>Ancak y\u00f6ntemin Erbakan\u2019\u0131n ipini \u00e7ekmesine sebep olan as\u0131l taraf ise; s\u00f6z konusu sistem ile \u201ckamunun s\u0131rt\u0131ndan \u00e7ok y\u00fcksek mebla\u011flar elde eden ve havadan para kazanan i\u00e7 ve d\u0131\u015f \u00e7evreler\u201din akarlar\u0131n\u0131n t\u0131kanmas\u0131yd\u0131.<\/p>\n<p>Dolay\u0131s\u0131 ile bu akarlar\u0131n Kamu Tek Hesab\u0131\u2019na ge\u00e7ilmesi ile b\u00fcy\u00fck oranda t\u0131kanacak olmas\u0131 \u201ck\u00fcresel kurgu ile irtibatl\u0131 \u2018tezg\u00e2h\u2019 sahipleri\u201dnin can\u0131n\u0131 s\u0131kmaya ba\u015flar ba\u015flamaz, \u201cSiyonist patronlar\u0131n ellerindeki kumanda\u201d da h\u0131zl\u0131 bir yaz\u0131l\u0131ma programlanm\u0131\u015ft\u0131.<\/p>\n<p>Erbakan H\u00fck\u00fcmeti\u2019nin \u201ck\u00fcresel te\u015fkilat\u201d a\u00e7\u0131s\u0131ndan ho\u015fa gitmeyen bir di\u011fer \u00f6nemli \u00e7al\u0131\u015fmas\u0131 ise; \u0130slam \u00dclkeleri ile s\u0131rt s\u0131rta vererek d\u00fcnya \u00fczerindeki ekonomik dengelere d\u00e2hil olmak ve \u201ck\u00fcresel s\u00f6m\u00fcr\u00fc\u201dn\u00fcn esaretinden kurtulmak ad\u0131na vizyona koyulmak istenen \u201cD\u20138 \u00f6rg\u00fctlenmesi\u201dydi.<\/p>\n<p>Dolay\u0131s\u0131yla 15 Eyl\u00fcl 1996\u2019da \u0130zmir\u2019de yap\u0131lan ECO (Ekonomik \u0130\u015fbirli\u011fi Te\u015fkilat\u0131) toplant\u0131s\u0131nda \u201c\u0130slam\u2019\u0131n Ortak Pazar\u0131\u201d anlay\u0131\u015f\u0131na dikkat \u00e7eken konu\u015fmas\u0131yla D\u20138 Zirvesi\u2019ne haz\u0131rl\u0131k yapan Ba\u015fbakan Erbakan\u2019\u0131n bu ad\u0131mlar\u0131 kar\u015f\u0131l\u0131ks\u0131z kalmad\u0131 ve D\u20138 Hareketi\u2019nin \u00f6nc\u00fcl\u00fc\u011f\u00fcn\u00fc yapan Refah Partisi, 15 Haziran 1997\u2019de \u0130stanbul\u2019da yap\u0131lan ilk D\u20138 Zirvesi\u2019ne kat\u0131lamadan devre d\u0131\u015f\u0131 b\u0131rak\u0131l\u0131verdi.<\/p>\n<p>Ve Refah Partisi\u2019nin 28 \u015eubat S\u00fcreci ile devre d\u0131\u015f\u0131 b\u0131rak\u0131lmas\u0131n\u0131n akabinde de olu\u015fuma destek veren di\u011fer \u0130slam \u00dclkeleri\u2019ni baltalamak y\u00f6n\u00fcnde giri\u015fimler g\u00f6zlendi.<\/p>\n<p>Zira t\u0131pk\u0131 T\u00fcrkiye gibi di\u011fer D\u20138 \u00dclkeleri\u2019nde de \u201cboyundan b\u00fcy\u00fck i\u015fler yapmaya \u00e7al\u0131\u015fan y\u00f6netimler!\u201d taciz edilerek saha d\u0131\u015f\u0131na itilmi\u015fti.<\/p>\n<p>Nijerya Devlet Ba\u015fkan\u0131 suikasta u\u011frarken, Endonezya\u2019da i\u00e7 sava\u015f ba\u015flat\u0131l\u0131p \u00fclke b\u00f6l\u00fcnerek Habibi iktidardan d\u00fc\u015f\u00fcr\u00fclecekti. Pakistan\u2019da ise direkt darbe yap\u0131lmas\u0131 tercih edilmi\u015fti.<\/p>\n<p>Ger\u00e7i bu geli\u015fmelerin ard\u0131ndan 22 Ekim 1996\u2019da \u0130stanbul\u2019daki Kalk\u0131nma \u0130\u015fbirli\u011fi Konferans\u0131 ile kurulup, Banglade\u015f, Endonezya, \u0130ran, Malezya, M\u0131s\u0131r, Nijerya ve Pakistan\u2019\u0131n kat\u0131l\u0131m\u0131 ile yine \u0130stanbul\u2019da ger\u00e7ekle\u015ftirilen zirve ile ba\u015flat\u0131lan D\u20138 Zirveleri<\/p>\n<p>1\u20132 Mart 1999 Dakka Zirvesi (Banglade\u015f),<\/p>\n<p>25 \u015eubat 2001 Kahire Zirvesi (M\u0131s\u0131r), ve<\/p>\n<p>13\u201314 \u015eubat 2004 Tahran Zirvesi (\u0130ran)<\/p>\n<p>\u0130le devam etmi\u015fti, ancak olu\u015fumun h\u0131z\u0131 kesilerek gereken cayd\u0131rma mesajlar\u0131 verildi\u011finden \u015fimdilik Erbakan tehlikesinin \u00f6n\u00fc al\u0131nm\u0131\u015f gibiydi\u2026<\/p>\n<p>Dolay\u0131s\u0131yla \u201ck\u00fcresel iradenin ete\u011findeki k\u00fcresel tefeciler\u201din \u201chavuz sitemi\u201d ile ilgili S.O.S\u2019leri ve Orta Do\u011fu\u2019daki \u201ck\u00fcresel te\u015fkilatlanma\u201dya engel olacak \u201csak\u0131ncal\u0131\u201d politikalar nedeniyle al\u0131nan bu karar sebebiyle \u00fclkede ani bir siyasi de\u011fi\u015fim ya\u015fanmas\u0131 asl\u0131nda son derece planl\u0131 ve de beklendik bir geli\u015fmeydi.<\/p>\n<p>Sonu\u00e7ta \u201ctoplumsal dikkat\u201d profesyonel hamleler ile havuz hesab\u0131ndan \u201cirtica\u201dya kayd\u0131r\u0131lm\u0131\u015f ve etkili bir darbe ile da\u011f\u0131t\u0131lan Milli G\u00f6r\u00fc\u015f Taban\u0131\u2019ndan bi\u00e7ilecek AKP k\u0131yafetine i\u015flenilecek olan \u201cSiyonist motifler\u201din haz\u0131rl\u0131klar\u0131 ise zaten \u00e7ok \u00f6nceden belirlenmi\u015fti\u201d tespitleri elbette yerindeydi ve tarihi ger\u00e7eklerin ifadeleriydi.<\/p>\n<\/p><\/div>\n","protected":false},"excerpt":{"rendered":"<p>B\u00fcy\u00fck Muhaddis ve M\u00fcctehid \u0130mam\u0131 Malik Hz.lerinden, \u201cd\u00f6rt ayr\u0131 g\u00f6rev i\u00e7in, d\u00f6rt farkl\u0131 insan gerekti\u011fini\u201d s\u00f6yledi\u011fi rivayet aktar\u0131l\u0131r. \u0130mam Malik\u2019e g\u00f6re: Baz\u0131 g\u00f6revler, L\u0130YAKAT ister. Baz\u0131 g\u00f6revler, SADAKAT ister Baz\u0131 g\u00f6revler, CESARET ister Baz\u0131 g\u00f6revler ise SAF\u0130YET istemektedir. Yani yapt\u0131\u011f\u0131 i\u015fin i\u00e7 y\u00fcz\u00fcne vak\u0131f olmayacak, s\u0131rl\u0131-sakl\u0131 ili\u015fkileri anlamayacak ve rakipler taraf\u0131ndan kullan\u0131lsa da i\u015fe yaramayacak, [&hellip;]<\/p>\n","protected":false},"author":28,"featured_media":0,"comment_status":"open","ping_status":"closed","sticky":false,"template":"","format":"standard","meta":{"footnotes":""},"categories":[130],"tags":[],"class_list":["post-2150","post","type-post","status-publish","format-standard","hentry","category-kasim-2011"],"_links":{"self":[{"href":"https:\/\/www.millicozum.com\/mc\/wp-json\/wp\/v2\/posts\/2150","targetHints":{"allow":["GET"]}}],"collection":[{"href":"https:\/\/www.millicozum.com\/mc\/wp-json\/wp\/v2\/posts"}],"about":[{"href":"https:\/\/www.millicozum.com\/mc\/wp-json\/wp\/v2\/types\/post"}],"author":[{"embeddable":true,"href":"https:\/\/www.millicozum.com\/mc\/wp-json\/wp\/v2\/users\/28"}],"replies":[{"embeddable":true,"href":"https:\/\/www.millicozum.com\/mc\/wp-json\/wp\/v2\/comments?post=2150"}],"version-history":[{"count":0,"href":"https:\/\/www.millicozum.com\/mc\/wp-json\/wp\/v2\/posts\/2150\/revisions"}],"wp:attachment":[{"href":"https:\/\/www.millicozum.com\/mc\/wp-json\/wp\/v2\/media?parent=2150"}],"wp:term":[{"taxonomy":"category","embeddable":true,"href":"https:\/\/www.millicozum.com\/mc\/wp-json\/wp\/v2\/categories?post=2150"},{"taxonomy":"post_tag","embeddable":true,"href":"https:\/\/www.millicozum.com\/mc\/wp-json\/wp\/v2\/tags?post=2150"}],"curies":[{"name":"wp","href":"https:\/\/api.w.org\/{rel}","templated":true}]}}