{"id":216,"date":"2006-11-23T10:16:42","date_gmt":"2006-11-23T10:16:42","guid":{"rendered":"https:\/\/www.millicozum.com\/mc\/2006\/11\/23\/akpde-kongre-operasyonu-ve-bursa-sp-teinin-tals-pozyonu\/"},"modified":"2006-11-23T10:16:42","modified_gmt":"2006-11-23T10:16:42","slug":"akpde-kongre-operasyonu-ve-bursa-sp-teskilatinin-talihsiz-pozisyonu","status":"publish","type":"post","link":"https:\/\/www.millicozum.com\/mc\/2006\/nisan-2006\/akpde-kongre-operasyonu-ve-bursa-sp-teskilatinin-talihsiz-pozisyonu\/","title":{"rendered":"AKP&#8217;DE KONGRE OPERASYONU VE  BURSA SP TE\u015eK\u0130L\u00c2TININ TAL\u0130HS\u0130Z POZ\u0130SYONU"},"content":{"rendered":"<p>\u00a0  <\/p>\n<p> <strong><em>Ve Bursa&#39;dan telefon eden sevgili \u0130brahim \u00c7ubukcu karde\u015fimiz anlat\u0131yor:<\/em><\/strong>  <\/p>\n<p> <strong><em>Aylar s\u00fcren ekonomik ve psikolojik sorunlar ve s\u0131k\u0131nt\u0131lar y\u00fcz\u00fcnden partiye gidip gelmeye f\u0131rsat bulamam\u0131\u015ft\u0131m. Neyse ki, \u015f\u00fck\u00fcr bir par\u00e7a rahatlad\u0131ktan sonra, partiye u\u011frad\u0131m. Ama gitmez olayd\u0131m. \u00c7\u00fcnk\u00fc saatler boyu konu\u015fulan ve tart\u0131\u015f\u0131lan konu tek kelime ile mide buland\u0131r\u0131yordu.<\/em><\/strong>  <\/p>\n<p> <strong><em>Neymi\u015f Efendim:<\/em><\/strong>  <\/p>\n<p> <strong><em>&quot;Bursa AKP il kongresi yakla\u015f\u0131yormu\u015f&#8230; Eski milli G\u00f6r\u00fc\u015f\u00e7\u00fc karde\u015flerimizi tasfiye etme giri\u015fimleri g\u00f6r\u00fcl\u00fcyormu\u015f&#8230;\u00a0 Bu AKP kongresinde, bizim eski dostlar\u0131m\u0131z y\u00f6netime girebilsin diye, nas\u0131l gayretler ve ne t\u00fcr stratejiler uygulamam\u0131z gerekiyormu\u015f!?.&quot;<\/em><\/strong>  <\/p>\n<p>  \u00a0  <\/p>\n<p> AKP&#39;nin tepe y\u00f6netiminde bug\u00fcne kadar bir\u00e7ok \u00e7atla\u011f\u0131, gizli kavga ve \u00e7eki\u015fmeleri Kulis Ankara s\u00fctunlar\u0131ndan sizlerle payla\u015fm\u0131\u015ft\u0131k. Kongre s\u00fcrecine giren AKP&#39;de yukar\u0131daki gizli \u00e7eki\u015fme parti i\u00e7indeki dengeleri nas\u0131l de\u011fi\u015ftirecek bunu s\u00fcre\u00e7 i\u015fledik\u00e7e g\u00f6rece\u011fiz. Ama kavga altta ba\u015flad\u0131 bile&#8230;  <\/p>\n<p> Partile\u015fme ve ayr\u0131\u015fma s\u00fcrecinde medyan\u0131n &#8216;yenilik\u00e7i hareket&#39; olarak lanse etti\u011fi bug\u00fcn\u00fcn AKP y\u00f6neticileri o g\u00fcnlerde &#8216;ortak ak\u0131l&#39; kavram\u0131n\u0131 \u00f6ne atm\u0131\u015flar, Fazilet Partisi&#39;nde parti i\u00e7i demokrasi olmad\u0131\u011f\u0131ndan dem vurmu\u015flard\u0131. Malum Fazilet kongresinde i\u00e7erden Abdullah Bey ve arkada\u015flar\u0131, d\u0131\u015fardan da Tayyip Bey &#8216;parti i\u00e7i demokrasi&#39; nutuklar\u0131 at\u0131yor ve delegelere mavi boncuk da\u011f\u0131t\u0131yorlard\u0131. Lakin kurulduktan sonra, Genel Ba\u015fkan ve Genel Merkeze ele\u015ftiriyi T\u00fcz\u00fck&#39;le yasaklayan ilk siyasi parti AKP olurken, milletvekillerine konu\u015fma yasa\u011f\u0131 getiren ve ayk\u0131r\u0131 sesleri disiplin kurulunun ihra\u00e7 kararlar\u0131yla susturan bir anlay\u0131\u015f devreye sokulmu\u015ftu&#8230;  <\/p>\n<p> Peki \u015fimdi neler oluyor AKP&#39;de? Tepedeki \u00e7eki\u015fme ve denge sava\u015f\u0131 a\u015fa\u011f\u0131ya nas\u0131l yans\u0131yor? Kongre s\u00fcrecinde AKP&#39;de yeni d\u00f6nemin temelleri nas\u0131l at\u0131l\u0131yor?  <\/p>\n<p> Ta\u015fradan gelen haber ve bilgiler AKP&#39;de yeni bir operasyonun ba\u015flad\u0131\u011f\u0131n\u0131 g\u00f6steriyor. Milli G\u00f6r\u00fc\u015f g\u00f6mle\u011fini \u00e7\u0131karan AKP y\u00f6netimi kongrelerin ba\u015flamas\u0131yla birlikte te\u015fkilatlar\u0131nda kendisini hala Milli G\u00f6r\u00fc\u015f&#39;\u00e7\u00fc olarak g\u00f6ren isimleri listelerden silmenin gayreti i\u00e7erisinde. Bunun en a\u00e7\u0131k g\u00f6stergesi ise Bursa&#39;n\u0131n Mustafakemalpa\u015fa il\u00e7e te\u015fkilat\u0131nda ya\u015fand\u0131&#8230;  <\/p>\n<p> Cumhuriyet Ba\u015fsavc\u0131l\u0131\u011f\u0131&#39;na yap\u0131lan su\u00e7 duyurular\u0131, Asliye Hukuk Mahkemesi&#39;ne yap\u0131lan il\u00e7e kongresinin ihtiyaten durdurulmas\u0131 ve iptaline ili\u015fkin ba\u015fvurular, AKP&#39;deki bu operasyonun belgeleri olarak kar\u015f\u0131m\u0131za \u00e7\u0131k\u0131yor. \u0130lgin\u00e7 iddialar var bu il\u00e7edeki AKP&#39;nin kongre \u00e7al\u0131\u015fmalar\u0131na ili\u015fkin&#8230; Bu iddialar\u0131\u00a0 madde madde vererek \u00e7ekelim AKP&#39;deki parti i\u00e7i demokrasinin (!)&#39;nin foto\u011fraf\u0131n\u0131.  <\/p>\n<p> -Kongre s\u00fcreci \u00fcyelerden gizli tutuldu; s\u00fcrecin ne zaman ba\u015flad\u0131\u011f\u0131 ve hangi a\u015famada oldu\u011fu &#8216;bilmesine izin verilenler d\u0131\u015f\u0131ndakilere&#39; bildirilmedi.  <\/p>\n<p> -\u0130l\u00e7e y\u00f6neticileri, kongredeki sonucu garantileyebilmek i\u00e7in, delege se\u00e7imlerine ili\u015fkin i\u015flemleri ilan etmedi.  <\/p>\n<p> -\u00dcyeler delege se\u00e7imlerini beklerken, se\u00e7imlerin yap\u0131ld\u0131\u011f\u0131 ve delegelerin belirlendi\u011fi anla\u015f\u0131ld\u0131.  <\/p>\n<p> -\u0130l\u00e7e Y\u00f6netim Kurulu&#39;nun dahi bu se\u00e7imden haberi olmad\u0131.  <\/p>\n<p> -Se\u00e7men listesindeki imzalar ba\u015fkalar\u0131 taraf\u0131ndan at\u0131ld\u0131.  <\/p>\n<p> -Parti i\u00e7i se\u00e7imlere fesat kar\u0131\u015ft\u0131r\u0131ld\u0131, evrakta sahtecilik yap\u0131ld\u0131&#8230;  <\/p>\n<p> -Parti i\u00e7i m\u00fcracaat yollar\u0131na ba\u015fvuru hakk\u0131 evrakta geriye do\u011fru tarih at\u0131lmak suretiyle kullan\u0131lamaz hale getirildi.  <\/p>\n<p> -Ayn\u0131 ki\u015fi baba adlar\u0131 de\u011fi\u015ftirilerek iki kez delege olarak g\u00f6sterildi.  <\/p>\n<p> Bu iddialar M.K. Pa\u015fa Cumhuriyet Ba\u015fsavc\u0131l\u0131\u011f\u0131 ve Asliye Hukuk Mahkemesi&#39;ne yap\u0131lan ba\u015fvurularda dile getirilen m\u00fc\u015fteki iddialar\u0131ndan sadece baz\u0131lar\u0131. Ama bize buna benzer bilgiler sadece M.K. Pa\u015fa&#39;dan gelmiyor. Ankara ve ta\u015fra illerden de baz\u0131 il\u00e7elerdeki delege se\u00e7imlerinin mesai g\u00fcn\u00fcnde ve sabah saatlerinde yap\u0131ld\u0131\u011f\u0131 ve yine bu se\u00e7imlerin baz\u0131 partililerden gizli y\u00fcr\u00fct\u00fcld\u00fc\u011f\u00fcne ili\u015fkin haberler de al\u0131yoruz. Dahas\u0131 genellikle delege se\u00e7imlerinden bihaber b\u0131rak\u0131lan AKP \u00fcyeleri ne hikmetse eski Milli G\u00f6r\u00fc\u015f\u00e7\u00fcler.  <\/p>\n<p> San\u0131r\u0131z art\u0131k kendisini hala Milli G\u00f6r\u00fc\u015f\u00e7\u00fc olarak tan\u0131mlayan karde\u015flerimizin iktidardaki 3.5 y\u0131l sonunda perdenin arkas\u0131ndaki oyunu g\u00f6rme zaman\u0131 geldi de ge\u00e7iyor bile. Art\u0131k kimse AKP y\u00f6netiminin ve h\u00fck\u00fcmetinin g\u00fcnahlar\u0131na ortadirek olmas\u0131n diyoruz&#8230;<a name=\"_ftnref1\" href=\"#_ftn1\" title=\"_ftnref1\">[1]<\/a>  <\/p>\n<p> <strong>Ve Bursa&#39;dan telefon eden sevgili \u0130brahim \u00c7ubukcu karde\u015fimiz anlat\u0131yor:<\/strong>  <\/p>\n<p> Aylar s\u00fcren ekonomik ve psikolojik sorunlar ve s\u0131k\u0131nt\u0131lar y\u00fcz\u00fcnden partiye gidip gelmeye f\u0131rsat bulamam\u0131\u015ft\u0131m. Neyse ki, \u015f\u00fck\u00fcr bir par\u00e7a rahatlad\u0131ktan sonra, partiye u\u011frad\u0131m. Ama gitmez olayd\u0131m. \u00c7\u00fcnk\u00fc saatler boyu konu\u015fulan ve tart\u0131\u015f\u0131lan konu tek kelime ile mide buland\u0131r\u0131yordu.  <\/p>\n<p> Neymi\u015f Efendim:  <\/p>\n<p> &quot;Bursa AKP il kongresi yakla\u015f\u0131yormu\u015f&#8230; Eski milli G\u00f6r\u00fc\u015f\u00e7\u00fc karde\u015flerimizi tasfiye etme giri\u015fimleri g\u00f6r\u00fcl\u00fcyormu\u015f&#8230;\u00a0 Bu AKP kongresinde, bizim eski dostlar\u0131m\u0131z y\u00f6netime girebilsin diye, nas\u0131l gayretler ve ne t\u00fcr stratejiler uygulamam\u0131z gerekiyormu\u015f!?.&quot;  <\/p>\n<p> \u0130\u015fte Bursa Saadet Partisi il y\u00f6netiminin bu talihsiz tavr\u0131n\u0131 g\u00f6r\u00fcnce, kelimenin tam anlam\u0131yla \u015fa\u015fk\u0131nla\u015fm\u0131\u015ft\u0131m ve \u015foka u\u011frad\u0131m.&quot;  <\/p>\n<p> Evet, evet, art\u0131k AKP&#39;li d\u00f6neklerin de, hala i\u00e7imizdeki keleklerin de ve t\u00fcm hain,\u00a0 gafil ve cahil kesimlerin de haddini bildirecek ve \u015feytani hayal ve heveslerini s\u00f6nd\u00fcrecek Milli bir devrim, olduk\u00e7a laz\u0131md\u0131r, yak\u0131nd\u0131r ve dahi\u00a0\u00a0 ka\u00e7\u0131n\u0131lmazd\u0131r!&#8230;  <\/p>\n<p> \u00c7\u00fcnk\u00fc Allah&#39;\u0131n va&#39;di Hakt\u0131r. S\u00fcnnetullah (ilahi do\u011fal ve sosyal kanunlar)\u00a0 asla \u015fa\u015fmayacakt\u0131r.  <\/p>\n<p> \u0130nkarc\u0131lar inanmasa, m\u00fccahit ge\u00e7inen m\u00fcnaf\u0131klar\u0131n beyni ve \u00fcmidi bunu anlamaya yeterli olmasa da: bir Mehdiyet Devrimi mutlaka ya\u015fanacakt\u0131r&#8230;  <\/p>\n<p> <strong>\u015eecaat arz ederken sirkatin s\u00f6ylemek&#8230;<\/strong>  <\/p>\n<p> Uzun y\u0131llar DYP&#39;de siyaset yapan, ancak uygun yerlerden aday g\u00f6sterilmedi\u011fi i\u00e7in bir t\u00fcrl\u00fc TBMM&#39;ye girip milletvekili olamayan Mehmet D\u00fclger, ge\u00e7ti\u011fimiz g\u00fcnlerde bir\u00e7ok AKP&#39;liyi de \u015fa\u015fk\u0131na \u00e7evirerek, Erdo\u011fan&#39;a verdi veri\u015ftirdi. Bir s\u00fcre \u00f6nce muhalefet bayra\u011f\u0131n\u0131 a\u00e7an D\u00fclger, b\u00f6ylece son hamlesini de ge\u00e7ti\u011fimiz g\u00fcnlerde yapm\u0131\u015f oldu.  <\/p>\n<p> AKP&#39;nin DYP k\u00f6kenli milletvekili ve TBMM D\u0131\u015fi\u015fleri Komisyon Ba\u015fkan\u0131 Mehmet D\u00fclger &quot;Ben nas\u0131l AK Parti&#39;ye gelirken DYP ceketimi as\u0131p \u00f6yle geldiysem, Tayyip Bey de Milli G\u00f6r\u00fc\u015f g\u00f6mle\u011fini as\u0131p gelmelidir&quot;, &quot;Emine Han\u0131m da t\u00fcrbanl\u0131 olarak \u00c7ankaya&#39;ya \u00e7\u0131kmakta \u0131srar ederse, bu T\u00fcrkiye&#39;yi sarsar&quot;, &quot;Cumhurba\u015fkan\u0131 Milli G\u00f6r\u00fc\u015f gelene\u011finden gelen biri olmaz&quot; \u015feklinde a\u00e7\u0131klamalar yapm\u0131\u015f ve bu a\u00e7\u0131klamalar Sabah gazetesinin man\u015fetine ta\u015f\u0131nm\u0131\u015ft\u0131. Irak&#39;\u0131n i\u015fgalinden \u00f6nce TBMM&#39;ye gelen 1 Mart tezkeresinin en ate\u015fli savunucusu olan Mehmet D\u00fclger&#39;in b\u00f6yle bir \u00e7\u0131k\u0131\u015f yapmas\u0131n\u0131n alt\u0131nda yatan iki sebep olabilece\u011fi yorumlar\u0131 yap\u0131l\u0131yor. Bu yorumlardan ilki, D\u00fclger&#39;in, son d\u00f6nemde yayg\u0131n \u015fekilde seslendirilen, &quot;ABD h\u00fck\u00fcmetin devrilmesi i\u00e7in d\u00fc\u011fmeye bast\u0131&quot; iddialar\u0131 do\u011frultusunda m\u0131 hareket ediyor \u015feklinde. Bir di\u011fer yorum ise, D\u00fclger&#39;in yeniden Cumhurba\u015fkanl\u0131\u011f\u0131 i\u00e7in haz\u0131rl\u0131k yapan S\u00fcleyman Demirel&#39;e \u00e7ok yak\u0131n oldu\u011fu ve onun AKP&#39;yi da\u011f\u0131tma stratejisine g\u00f6re harekete ge\u00e7ti\u011fi y\u00f6n\u00fcnde.  <\/p>\n<p> Mehmet D\u00fclger&#39;in do\u011frudan Tayip Erdo\u011fan&#39;\u0131 hedef alan ve &quot;Milli G\u00f6r\u00fc\u015f\u00e7\u00fc&quot; olmakla &quot;su\u00e7layan&quot;(!?)\u00a0 a\u00e7\u0131klamalar\u0131, &quot;Milli G\u00f6r\u00fc\u015f ile y\u0131llarca m\u00fccadele etti\u011fini&quot; s\u00f6yleyebilecek kadar &#8216;anlay\u0131\u015fs\u0131z&#39; bak\u0131\u015f a\u00e7\u0131s\u0131na sahip birinin s\u00f6zleri olarak yorumland\u0131\u011f\u0131nda normal kar\u015f\u0131lanabilir. Ancak burada normal kar\u015f\u0131lanmayacak olan, AKP&#39;nin &#8216;bas\u0131n s\u00f6zc\u00fcs\u00fc&#39; g\u00f6r\u00fcnt\u00fcs\u00fcndeki, Yeni \u015eafak yazarlar\u0131ndan Yasin Do\u011fan&#39;\u0131n [Yal\u00e7\u0131n Akdo\u011fan] D\u00fclger&#39;e cevap mahiyetinde kaleme ald\u0131\u011f\u0131 son yaz\u0131s\u0131d\u0131r.  <\/p>\n<p> Yal\u00e7\u0131n Akdo\u011fan, k\u00f6\u015fe yaz\u0131s\u0131ndan \u00e7ok, parti s\u00f6zc\u00fcs\u00fc diliyle yazd\u0131\u011f\u0131 yaz\u0131da D\u00fclger&#39;e y\u00fcklenmi\u015f. Akdo\u011fan&#39;\u0131n m\u00fcracaat etti\u011fi y\u00f6ntem, yapt\u0131\u011f\u0131 a\u00e7\u0131klamalar, D\u00fclger&#39;e kar\u015f\u0131 ortaya koydu\u011fu tezler, asl\u0131nda AKP ile ilgili itirafname mahiyetinde. Akdo\u011fan, &quot;D\u00fclger kriterleri&quot; ba\u015fl\u0131kl\u0131 yaz\u0131s\u0131nda AKP i\u00e7inde Milli G\u00f6r\u00fc\u015f\u00e7\u00fclere nas\u0131l bak\u0131ld\u0131\u011f\u0131n\u0131, \u00e7\u0131kar\u0131lan g\u00f6mle\u011fin ne anlam ta\u015f\u0131d\u0131\u011f\u0131n\u0131 a\u00e7\u0131k\u00e7a ortaya koymu\u015f. Fark\u0131nda olmadan Milli G\u00f6r\u00fc\u015f\u00e7\u00fclere uygulanan ambargolar\u0131 anlatt\u0131\u011f\u0131 yaz\u0131s\u0131nda &#8216;\u00e7\u0131plakl\u0131\u011f\u0131n&#39; resmini \u00e7ekmi\u015f.  <\/p>\n<p> Yal\u00e7\u0131n Akdo\u011fan kimdir derseniz, \u00f6yle s\u0131radan biri de\u011fil. Muhafazakar Demokrasi isimli, sonradan b\u00fcy\u00fck k\u0131sm\u0131 Liberal D\u00fc\u015f\u00fcnce Derne\u011fi \u00fcyesi bir akademisyenin tezinden &#8216;al\u0131nt\u0131lanm\u0131\u015f&#39; oldu\u011fu anla\u015f\u0131lan bir kitap yazm\u0131\u015ft\u0131. Yazd\u0131\u011f\u0131 bu kitap ile AKP&#39;ye y\u00f6neltilen &quot;Sizin ideolojiniz ne&quot; sorular\u0131ndan ve dolay\u0131s\u0131 ile AKP&#39;yi ne olmad\u0131klar\u0131n\u0131 a\u00e7\u0131klamak zahmetinden kurtarm\u0131\u015f, &#8216;ideolojisini&#39; ilan etmi\u015fti. Yeni \u015eafak gazetesinde kendi ad\u0131yla yazmay\u0131 b\u0131rakan Yal\u00e7\u0131n Akdo\u011fan, \u015fimdi Yasin Do\u011fan ismini kullan\u0131yor. &quot;D\u00fclger kriterleri&quot; ba\u015fl\u0131kl\u0131 yaz\u0131s\u0131nda\u00a0 \u015f\u00f6yle diyor Akdo\u011fan:  <\/p>\n<p> &quot;Peki, objektif olarak de\u011ferlendirmek gerekirse, AK Parti \u00fc\u00e7 y\u0131ll\u0131k iktidar\u0131nda hangi Milli G\u00f6r\u00fc\u015f\u00e7\u00fc politikalar\u0131 uygulad\u0131. Milli G\u00f6r\u00fc\u015f\u00e7\u00fcl\u00fc\u011f\u00fcn AB kar\u015f\u0131tl\u0131\u011f\u0131n\u0131 m\u0131, devlet\u00e7i ekonomisini mi, yabanc\u0131 sermaye d\u00fc\u015fmanl\u0131\u011f\u0131n\u0131 m\u0131? Ya da komisyon ba\u015fkanlar\u0131 da\u011f\u0131l\u0131m\u0131na bak\u0131l\u0131rsa ka\u00e7 tane Milli G\u00f6r\u00fc\u015f\u00e7\u00fc var acaba? Adalet Komisyonu Ba\u015fkan\u0131 K\u00f6ksal Toptan m\u0131, Milli Savunma Komisyonu Ba\u015fkan\u0131 Cengiz Kaptano\u011flu mu, \u00c7evre Komisyonu Ba\u015fkan\u0131 M\u00fcnir Erkal m\u0131, Sa\u011fl\u0131k Komisyonu Ba\u015fkan\u0131 Cevdet Erd\u00f6l m\u00fc?&quot;  <\/p>\n<p> Bir yandan &quot;Milli G\u00f6r\u00fc\u015f gelene\u011finden gelen biri Ba\u015fbakan olabilir, Genel Ba\u015fkan olabilir de ni\u00e7in Cumhurba\u015fkan\u0131 olamaz? Milli G\u00f6r\u00fc\u015f&#39;ten gelmek bir &quot;siyasal yasak&quot; t\u00fcr\u00fc m\u00fcd\u00fcr&quot; diyerek, &quot;Milli G\u00f6r\u00fc\u015f\u00e7\u00fc&#39;(!) Tayip Erdo\u011fan K\u00f6\u015fk&#39;e neden \u00e7\u0131kamas\u0131n&quot; diye soran Akdo\u011fan; di\u011fer yandan Milli G\u00f6r\u00fc\u015f\u00e7\u00fclere AKP i\u00e7inde hangi mevkilerin &#8216;yasaklanm\u0131\u015f&#39; oldu\u011funu ilan ederek, asl\u0131nda nas\u0131l bir \u00e7eli\u015fkiler dara\u011fac\u0131nda salland\u0131\u011f\u0131n\u0131n da ortaya koymu\u015f oldu\u011funun fark\u0131nda de\u011fil!  <\/p>\n<p> Yal\u00e7\u0131n Akdo\u011fan&#39;\u0131n, pardon, Yasin Do\u011fan&#39;\u0131n Yeni \u015eafak&#39;taki yaz\u0131s\u0131 do\u011frusu bana &quot;Merd-i k\u0131pti \u015fecaat arz ederken, sirkatin s\u00f6ylermi\u015f&quot; s\u00f6z\u00fcn\u00fc bir kez daha an\u0131msatt\u0131. Bu arada, t\u00fcm bu s\u00f6ylediklerinden sonra bakal\u0131m D\u00fclger partiden ihra\u00e7 edilecek mi? D\u00fclger&#39;in partide kalmas\u0131 kendisini hakl\u0131 \u00e7\u0131karaca\u011f\u0131 gibi, AKP&#39;nin de &quot;\u00e7\u0131plak ve toplama bir parti&quot; oldu\u011funu bir kez daha ispatlayacakt\u0131r.<a name=\"_ftnref2\" href=\"#_ftn2\" title=\"_ftnref2\">[2]<\/a>  <\/p>\n<p> <strong>\u00a0&quot;TBMM&#39;de 264 Amerikan Ajan\u0131&#8230;<\/strong>  <\/p>\n<p> <strong><em>T\u00fcrkiye B\u00fcy\u00fck Millet Meclisi \u00e7at\u0131s\u0131 alt\u0131nda 264 Amerikan \u00fcniformal\u0131 milletvekili var.<a name=\"_ftnref3\" href=\"#_ftn3\" title=\"_ftnref3\"><strong>[3]<\/strong><\/a><\/em><\/strong>  <\/p>\n<p> \u0130ki bin be\u015ften &#8211; iki hin alt\u0131ya ge\u00e7i\u015fin y\u00fcz a\u011fart\u0131e\u0131 ol\u00addu\u011funu s\u00f6ylemek, esefle ifade edelim ki kolay de\u011fil\u00addir, hatta, imk\u00e2ns\u0131zd\u0131r. Hadi, iki bin be\u015fi t\u00fcm sakar-hklar\u0131yla birlikte u\u011furlad\u0131k diyelim; yakam\u0131z\u0131 b\u0131rakt\u0131 m\u0131?.. \u0130ki bin alt\u0131ya p\u00fcr\u00fczlerini aktarrnad\u0131 m\u0131?.. <strong>Bir <\/strong>ba\u015fka ifadeyle, yar\u0131nlara <strong>&quot;umut kat\u0131\u011f\u0131&quot; <\/strong>var m?.. Ke\u015fke olumlu bir cevap bulabilseydik&#8230;  <\/p>\n<p> \u0130ki bin be\u015fte m\u00fc\u015fahede etti\u011fimiz y\u0131k\u0131mlar, sald\u0131r\u0131lar, cinayetler, \u00d6zg\u00fcrl\u00fck k\u0131y\u0131mlar\u0131, fil g\u00f6r\u00fcn\u00fcml\u00fc fare kuyruklar\u0131, IMF k\u00f6lelikleri, CIA &#8211; FBI &#8211; MOSSAD hayranl\u0131klar\u0131.,, say, sayabildi\u011fin kadar&#8230;  <\/p>\n<p> Gereksiz iyimserlikleri yad\u0131rgad\u0131\u011f\u0131m gibi, hangi \u015fart\u00adlarda olursa olsun karamsarl\u0131\u011fa da iltifat\u0131m yoktur. Bu mantalite bana g\u00f6re uygundur da, ba\u015fkalar\u0131na g\u00f6\u00adre de uygun mudur bilemem?  <\/p>\n<p> \u0130sterseniz, iki bin be\u015fi <strong>&quot;sevecen&quot; <\/strong>bulanlar\u0131 \u00fczmemek i\u00e7in de\u011ferlendirmeyi ben yapmayay\u0131m, izninizle ben s\u00e2dece beyanlara ve olaylara ayna tutay\u0131m. Ve l\u00fctfen de\u011ferlendirmeyi sizler yap\u0131n, iki bin be\u015fin <strong>&quot;ne \u00e7em\u00adberde pehlivan oldu\u011funu&quot; <\/strong>g\u00f6r\u00fcn:  <\/p>\n<p> <strong>&quot;Ar\u0131n\u00e7 \u015funlar\u0131 s\u00f6yl\u00fcyor: &#39;Bakmay\u0131n \u00f6yle birka\u00e7 gazetenin, birka\u00e7 k\u00f6\u015fesindeki kalem\u015forlara. Onlar Amerikan \u00fcniformas\u0131 giymi\u015f, kendini T\u00fcrk zanneden insanlard\u0131r. Biz bu \u00fclkede tari\u00adhimizle, milletimizle ne yapt\u0131\u011f\u0131m\u0131z\u0131, neyi hedef\u00adledi\u011fimizi, kimlerle dost oldu\u011fumuzu \u00e7ok iyi bi-.\u00a0\u00a0 liyoruz&#8230; Bu y\u00fczden verilen karar (l Mart tez-\\ keresi) ve h\u00fck\u00fcmetin o g\u00fcnden bu yana takip &#39;\u00a0 etti\u011fi politika, alk\u0131\u015flanacak b\u00eer politikad\u0131r.&#39; <\/strong>Bu &#39; al\u0131nt\u0131, Ertu\u011frul \u00f6zk\u00f6k&#39;e ait&#8230;  <\/p>\n<p> Tabii \u015fu, <strong>&quot;tahkir&quot; <\/strong>de\u011filse bile <strong>&quot;tezyif <\/strong>de bu zat\u0131n: <strong>&quot;TBMM&#39;de 264 Amerikan ajan\u0131&#8230; T\u00fcrkiye B\u00fcy\u00fck Millet Meclisi \u00e7at\u0131s\u0131 alt\u0131nda 264 Amerikan \u00fcni\u00adformal\u0131 milletvekili var. Yanl\u0131\u015f i\u015fitmediniz. Mil-letvekillerimizin tam 264&#39;\u00fc Amerika&#39;n\u0131n hizme\u00adtindeki \u00fcniformal\u0131lard\u0131r&quot;.<\/strong>  <\/p>\n<p> Bana g\u00f6re, \u00e7ok a\u011f\u0131r isnatlarla yarg\u0131lanan malum ve me\u015fhur rekt\u00f6r\u00fcn fiillerindeki a\u011f\u0131rl\u0131\u011f\u0131 karartmak i\u00e7in yanda\u015flar\u0131n\u0131n bilimself!) icatlar\u0131 akla ziyan do\u011frusu. Bas\u0131n\u0131n <strong>&quot;fi\u015f\u00e7i&quot; <\/strong>ilan etti\u011fi rekt\u00f6r, me\u011fer f\u00ee\u015f\u00e7i de\u011fil, <strong>&quot;vazife\u015finas&quot; m\u0131\u015f. &quot;Rekt\u00f6rler her y\u0131lsonunda kanun h\u00fckm\u00fc olarak her personel i\u00e7in bir de\u00ad\u011ferlendirme formu doldurur. D\u00fcnyan\u0131n her ye\u00adrinde vard\u0131r bu. Y\u00fccel A\u015fk\u0131n da bunu yapm\u0131\u015f\u00adt\u0131r. Y\u00d6K, Ba\u015fkan\u0131 da her y\u0131l sonunda rekt\u00f6rler, dekanlar ve dekan yard\u0131mc\u0131lar\u0131 i\u00e7in de\u011ferlen\u00addirme yapmak durumundad\u0131r.&quot;<\/strong>  <\/p>\n<p> \u00cemam-Hatip okullar\u0131n\u0131n oca\u011f\u0131na incir a\u011fac\u0131 diken sa\u00ady\u0131n Demirci, <strong>&quot;h\u0131rs-\u0131 p\u00eer\u00ee&quot; <\/strong>denilen bir illetin yeniden esiri olmu\u015f olmal\u0131 ki: <strong>&quot;Hak meselesi ayr\u0131. \u0130mam hatiplere siyaset girdi, dejenere edildi. \u0130tiraz edilmesi gereken yer buydu. Bu okullardan me\u00adzun olanlar T\u00fcrkiye&#39;nin ikinci s\u0131n\u0131f vatanda\u015f\u0131 ilan edilemez.&quot; <\/strong>hak-\u015finasl\u0131\u011f\u0131(!) vitrincili\u011finde.  <\/p>\n<p> Ne var ki, eski Y\u00d6K ba\u015fkam Kemal G\u00fcr\u00fcz \u0130mam-Ha-tipler koDusunda belki de ilk defa \u015fu do\u011fru s\u00f6z\u00fc s\u00f6y\u00adlemektedir. Ve buna <strong>&quot;int\u00e2k-\u0131 Hak&quot; <\/strong>denir: &quot;8 <strong>y\u0131ll\u0131k temel e\u011fitim yasas\u0131n\u0131n \u00e7\u0131kt\u0131\u011f\u0131 d\u00f6nemde Y\u00d6K Ba\u015fkanl\u0131\u011f\u0131 yapt\u0131m. Cumhuriyetin temel ilkele\u00adrini sarsmaya y\u00f6nelik hareketlere kar\u015f\u0131 birlikte m\u00fccadele verdik. 5 y\u0131l boyunca Say\u0131n Demirel&#39;in verdi\u011fi m\u00fccadelenin \u015fahidiyim.&quot;<\/strong>  <\/p>\n<p> AKP Gn. B\u015fk, Yard\u0131mc\u0131s\u0131 Akif G\u00fcl\u00eee&#39;\u0131\u0131in ibret\u00e2miz iti\u00adraf\u0131 ise ak\u0131llara durgunluk verecek kertededir: <strong>&quot;Bi\u00adzim bireysel \u00d6zg\u00fcrl\u00fckleri geni\u015fletmek ve mes\u00adlek liselerinin u\u011frad\u0131\u011f\u0131 haks\u0131zl\u0131\u011f\u0131 gidermek i\u00e7in verilmi\u015f s\u00f6z\u00fcm\u00fcz var. Bu s\u00f6z\u00fc tutmak i\u00e7in gi\u00adri\u015fti\u011fimiz gayretler ortada. Ba\u015faramazsak, se\u00e7\u00admen, &#39;Ellerinden geleni yapt\u0131lar. Bir ba\u015fka im\u00adk\u00e2nlar\u0131 olsayd\u0131 onu da denerlerdi&#39; diye d\u00fc\u015f\u00fcne\u00adcektir.&quot; <\/strong>Bir y\u0131ll\u0131k genel b\u00fct\u00e7ede bile, yaln\u0131z prog\u00adramlar, projeler, be\u015f y\u0131ll\u0131k kalk\u0131nma perspektifleri konu\u015fulurdu: \u00d6rneklerle, grafiklerle hem vekiller, hem de as\u0131llar bilgilendirilir; gelecek parlamenterlere de kaynak b\u0131rak\u0131lm\u0131\u015f olurdu.  <\/p>\n<p> \u0130ki grubun eline kalan Meclis ne konu\u015ftu dersiniz? Hem de, bir anlamda \u00fclkenin \u00fc\u00e7 y\u0131l\u0131m ba\u011flayan b\u00fct\u00ad\u00e7ede.,.: Ba\u015fbakan Erdo\u011fan, <strong>&quot;Say\u0131n Baykal belden a\u015fa\u011f\u0131 vuruyor. Oradan buradan toplad\u0131\u011f\u0131 foto\u00adkopilerle konu\u015fuyor. Ben fotokopilerle konu\u00ad\u015fursam \u00e7ok k\u00f6t\u00fc olur. \u0130ddia sahibi, iddias\u0131n\u0131 is\u00adpatlamakla m\u00fckelleftir. \u0130ddias\u0131n\u0131 ispatlamayan; i\u015fte oraya ben \u00fc\u00e7 tane nokta koyuyorum. <\/strong>&quot;Bu, <strong>iktidar\u0131n <\/strong>b\u00fct\u00e7esini takdimiO). Ana muhalefet, bu b\u00fct\u00ad\u00e7eyi tahlil ve tenkitten (!) geri kal\u0131r m\u0131 hi\u00e7. Hele ara\u00adda bas\u0131n da varsa. Buyurun buradan yak\u0131n: <strong>&quot;O \u00fc\u00e7 nokta Ba\u015fbakand\u0131n yakas\u0131na bir rozet gibi ya\u00adp\u0131\u015ft\u0131. Onu, uygun g\u00f6r\u00fcyorsa yakas\u0131ndan al\u0131r, daha uygun bir yerine koyabilir. Ben yakas\u0131na koydum.&quot;<\/strong>  <\/p>\n<p> B\u00fcy\u00fckler ne demi\u015f: <strong>&quot;Beyan-\u0131 Lisan, ayn\u0131yla in\u00adsan&#8230;&quot;<\/strong>  <\/p>\n<p> Ey milletimin masum insanlar\u0131, ne g\u00fcnlere kald\u0131n!..  <\/p>\n<p> <strong>ABD&#39;nin zulm\u00fcne ta\u015feronluk etmek<\/strong>  <\/p>\n<p> <strong>ABD, Irak&#39;\u0131 <\/strong>tamamen i\u015fgal etti ama nala <strong>g\u00f6z\u00fc- ^C n\u00fcn doydu\u011funu <\/strong>s\u00f6ylemek m\u00fcmk\u00fcn de\u011fil!\u00a0\u00a0\u00a0\u00a0\u00a0\u00a0\u00a0\u00a0\u00a0\u00a0\u00a0\u00a0\u00a0\u00a0\u00a0\u00a0  <\/p>\n<p> <strong>ABD, <\/strong>bilfiil Irak&#39;\u0131n i\u00e7inde olmas\u0131na ra\u011fmen hala T\u00fcrkiye&#39;den bu \u00fclkeye <strong>\u00f6nemli ve geni\u015f kapsaml\u0131 operasyon yapma <\/strong>haz\u0131rl\u0131klar\u0131 i\u00e7inde.  <\/p>\n<p> <strong>ABD&#39;nin Ankara <\/strong>B\u00fcy\u00fckel\u00e7isi <strong>Ross W\u00eelson <\/strong>hemen hemen her konu\u015fmas\u0131nda <strong>T\u00fcrkiye&#39;nin <\/strong>g\u00f6sterdi\u011fi <strong>i\u015fbirli\u011fi(\u00ee), ystrd\u0131m(!) ve destektenf!) <\/strong>\u00e7ok mem\u00adnun olduklar\u0131n\u0131 s\u00f6yl\u00fcyor. Ve bu <strong>i\u015fbirli\u011f\u0131U), yard\u0131m(!) <\/strong>ve <strong>deste\u011fin(!) <\/strong>devam\u0131\u00adn\u0131 diliyor.  <\/p>\n<p> <strong>\u0130ncirlikle her \u015feyin yolunda gitti\u011fini <\/strong>s\u00f6yl\u00fcyor.  <\/p>\n<p> <strong>\u0130ncirlik <\/strong>\u00fcss\u00fc gibi ba\u015fka tesisleri olmad\u0131\u011f\u0131n\u0131 kay\u00addettikten sonra <strong>di\u011fer tesislerdeki personelleri\u00adnin NATO \u00e7er\u00e7evesinde <\/strong>faaliyet g\u00f6sterdi\u011fini bil\u00addiriyor.  <\/p>\n<p> Ve laf aras\u0131nda Irak&#39;la ilgili olarak <strong>T\u00fcrkiye&#39;den &quot;\u00d6nemli, geni\u015f kapsaml\u0131 yeni operasyonlar ya\u00adp\u0131laca\u011f\u0131n\u0131&quot; <\/strong>tahmin etti\u011fini s\u00f6yl\u00fcyor.  <\/p>\n<p> <strong>Amerika <\/strong>i\u015fgal etti\u011fi bir \u00fclkede <strong>operasyon yap\u00admak <\/strong>i\u00e7in bu \u00fclkeye kom\u015fu \u00fclkedeki tesisleri <strong>niye <\/strong>kullan\u0131r?  <\/p>\n<p> Siz buna <strong>bir anlam verebiliyor <\/strong>musunuz?  <\/p>\n<p> <strong>Irak&#39;\u0131 i\u015fgal etmemi\u015f <\/strong>olsalar, <strong>on binlerce Ameri\u00adkan <\/strong>askeri <strong>Irak&#39;ta bulunmuyor <\/strong>olsa yapacaklar\u0131 bir operasyon i\u00e7in T\u00fcrkiye&#39;deki <strong>\u0130ncirlik \u00fcss\u00fcn\u00fc kullanmak istemelerini <\/strong>anlar\u0131z.  <\/p>\n<p> Ama adamlar <strong>Irak&#39;\u0131 fiilen i\u015fgal etmi\u015f <\/strong>durumda\u00adlar.  <\/p>\n<p> <strong>On binlerce askeri <\/strong>var Irak&#39;ta..  <\/p>\n<p> \u0130\u015f ba\u015f\u0131na da hep <strong>kendi yanda\u015flar\u0131n\u0131 <\/strong>getirip oturt\u00adtular.  <\/p>\n<p> Hal b\u00f6yle olunca T\u00fcrkiye&#39;deki <strong>\u0130ncirlik \u00fcss\u00fcn\u00fc kullanma iste\u011finin <\/strong>alt\u0131nda <strong>ne yat\u0131yor <\/strong>diye me\u00adrak etmemek m\u00fcmk\u00fcn m\u00fc?  <\/p>\n<p> <strong>Amerika <\/strong>B\u00fcy\u00fckel\u00e7isinin <strong>\u00f6vg\u00fc dolu(!) <\/strong>s\u00f6zlerine ba\u00adk\u0131nca <strong>1 Mart tezkeresinin <\/strong>gerekleri yerine getiril\u00addi mi yoksa getirilmedi mi diye insan meraklan\u0131yor.  <\/p>\n<p> <strong>\u0130\u015fbirli\u011fi <\/strong>halindeymi\u015fiz. <strong>Yard\u0131mla\u015fma <\/strong>halindeymi\u015fiz. <strong>Destekleme <\/strong>halindeymi\u015fiz. <strong>ABD <\/strong>B\u00fcy\u00fckel\u00e7isi <strong>s\u00f6yl\u00fcyor <\/strong>bunlan!  <\/p>\n<p> \u00dclkemizi y\u00f6netenlerin <strong>1 Mart tezkeresine <\/strong>ra\u011fmen <strong>te\u015fekk\u00fcr\u00fc hak edecek <\/strong>bunca i\u015fi <strong>nas\u0131l becerdik\u00adlerini <\/strong>siz merak etmiyor musunuz?  <\/p>\n<p> Ve su <strong>yeni operasyon <\/strong>i\u015fi nereden \u00e7\u0131kt\u0131?  <\/p>\n<p> Bu operasyondan <strong>bizimkilerin haberi var m\u0131?<\/strong>  <\/p>\n<p> Yoksa bu arada <strong>TBMM&#39;den yeni bir karar <\/strong>\u00e7\u0131kart\u0131p <strong>Amerika ile birlikte hareket etme <\/strong>karan m\u0131 al\u00add\u0131lar, <strong>ne dersiniz?<\/strong>  <\/p>\n<p> <strong>\u0130\u015fgal <\/strong>ettikleri bir \u00fclkeye <strong>T\u00fcrkiye&#39;den operasyon yapmaya <\/strong>kalk\u0131\u015fmalar\u0131 bize <strong>\u00e7ok mant\u0131kl\u0131 <\/strong>gelmedi!  <\/p>\n<p> <strong>ABD&#39;nin \u0130ran&#39;a <\/strong>harekat d\u00fczenlemek i\u00e7in T\u00fcrki\u00adye&#39;den <strong>\u00fcs istedi\u011fi yolundaki <\/strong>haberler kimileri ta\u00adraf\u0131ndan <strong>reddediliyor <\/strong>ve <strong>&quot;Irak elinde iken T\u00fcr\u00adkiye&#39;ye ihtiyac\u0131 yok&quot; <\/strong>diyorlard\u0131.  <\/p>\n<p> Baksan\u0131za adamlar <strong>i\u015fgal ettikleri \u00fclkeye <\/strong>operas\u00adyon yapmak i\u00e7in bile <strong>T\u00fcrkiye&#39;yi <\/strong>tercih ettiklerine g\u00f6re <strong>&quot;Bunun alt\u0131nda mutlaka bir bit yeni\u011fi ol\u00admal\u0131&quot; <\/strong>divoruz. haks\u0131z m\u0131y\u0131z?<a name=\"_ftnref4\" href=\"#_ftn4\" title=\"_ftnref4\">[4]<\/a>  <\/p>\n<p> <strong>Ahlaks\u0131zl\u0131k pazarda! Sorumlular uykuda! <\/strong> <\/p>\n<p> T\u00fcm d\u00fcnyada sat\u0131\u015f\u0131 ve seyredilmesi en sert cezalar uygulanarak yasaklanm\u0131\u015f olan \u00e7ocuk pornosu i\u00e7erikli filmler, \u0130stanbul&#39;un g\u00f6be\u011finde polisin hemen yan\u0131 ba\u015f\u0131nda sat\u0131l\u0131yor Her Pazar g\u00fcn\u00fc bir semtimizin orta yerinde kurulan tezgahlarda \u00f6zellikle \u00e7ocuklar\u0131n kullan\u0131ld\u0131\u011f\u0131 ahlakd\u0131\u015f\u0131 filmler rahat\u00e7a pazarlan\u0131yor. Milli kimli\u011fimize ve toplumun temel ta\u015f\u0131 olan aileye en b\u00fcy\u00fck darbeyi vuran bu filmler, daha \u00e7ok gen\u00e7lere sat\u0131l\u0131rken polis dahil, t\u00fcm yetkililer sadece seyrediyor.  <\/p>\n<p> T\u00fcrkiye&#39;yi ahlaks\u0131zl\u0131k ile y\u0131kmak i\u00e7in \u00e7al\u0131\u015fan odaklar, hemen her kentte serbest\u00e7e faaliyet g\u00f6steriyor. \u0130stanbul&#39;un g\u00f6be\u011finde ise, bir\u00e7ok noktada rahat\u00e7a pazarlanan ahlak d\u0131\u015f\u0131 CD, VCD ve benzeri\u00a0 formattaki filmler \u00fclkemizin gelece\u011fini tehdit ediyor. Kanunen yasak olmas\u0131na kar\u015f\u0131n, a\u00e7\u0131kta ve rahat\u00e7a sat\u0131lan porno CD&#39;leri \u0130stanbul&#39;un g\u00f6be\u011finde pazarlan\u0131yor. Avrupa men\u015feli porno filmlerin sat\u0131\u015f\u0131na dur diyen yok. T\u00fcm d\u00fcnyada yasak olan ve 30-40 y\u0131l gibi olduk\u00e7a a\u011f\u0131r hapis cezas\u0131 \u00f6ng\u00f6r\u00fclen \u00e7ocuk pornosu sat\u0131\u015f\u0131 bir t\u00fcrl\u00fc engellenmiyor.  <\/p>\n<p> <strong>\u0130nternet yayg\u0131nla\u015ft\u0131rd\u0131<\/strong>  <\/p>\n<p> \u00d6te yandan \u0130nternet&#39;in T\u00fcrkiye&#39;de yayg\u0131nla\u015fmas\u0131yla \u00e7\u0131\u011f\u0131r\u0131ndan \u00e7\u0131kan yerli ve yabanc\u0131 porno i\u00e7erikli siteler en fazla ziyaret edilen siteler aras\u0131nda yer al\u0131yor. Dini de\u011ferlerinden bir\u00e7ok gerek\u00e7elerle uzakla\u015ft\u0131r\u0131lan gen\u00e7lik son y\u0131llarda kimlik kayb\u0131 ve cinsel sapk\u0131nl\u0131klarla y\u00fcz y\u00fcze kald\u0131. Y\u0131llar \u00f6nce videokasetler vas\u0131tas\u0131yla \u00e7o\u011falt\u0131lan ahlaks\u0131z filmler, bug\u00fcn bilgisayar ve internet kullan\u0131m\u0131n da artmas\u0131yla daha geni\u015f kitlelere kolayl\u0131kla ula\u015fabiliyor. \u00d6te yandan, cinsel \u00fcr\u00fcn pazarlayan y\u00fczlerce d\u00fckkan her ilde her il\u00e7ede a\u00e7\u0131lm\u0131\u015f ve a\u00e7\u0131lmaya devam ediyor. Bu d\u00fckkanlar da, gerek internet siteleri gerek bro\u015f\u00fcrlerle tan\u0131t\u0131larak sapk\u0131n \u00fcr\u00fcnlerini her noktaya ula\u015ft\u0131rabiliyor.  <\/p>\n<p> <strong>Ba\u015fbakana a\u00e7\u0131k davet<\/strong>  <\/p>\n<p> <strong>Bu pisli\u011fi hemen temizleyin! <\/strong> <\/p>\n<p> Ba\u015fbakan Recep Tayyip Erdo\u011fan ba\u015fta olmak \u00fczere t\u00fcm yetkilileri &#8216;Bu pisli\u011fi temizlemek i\u00e7in&#39; g\u00f6reve davet ediyoruz. Bu konuda tek dile\u011fimiz. yap\u0131lacak her \u015feyin bir dakika bile gecikmeden hemen yap\u0131lmas\u0131.  <\/p>\n<p> Say\u0131n Ba\u015fbakan, \u00fclkeyi porno\u011frafik \u00fcr\u00fcnlere bo\u011fan yasal d\u00fczenlemeleri engellemek i\u00e7in \u00e7aba g\u00f6stermeniz ve denetim g\u00f6revini yapmayan kurum ve ki\u015filer ile ilgili \u00e7al\u0131\u015fma yapman\u0131z gerekiyor. \u00c7\u00fcnk\u00fc bu filmlerden binlercesi T\u00fcrk gen\u00e7lerine sat\u0131ld\u0131 ve sat\u0131lmaya devam ediliyor. Bu konunun takip\u00e7isi olaca\u011f\u0131z. Zira; girmek i\u00e7in kap\u0131s\u0131nda her t\u00fcr tavizi vererek bekledi\u011finiz AB \u00fclkelerinde bu filmlerin sat\u0131\u015f\u0131, izlenmesi, izlettirilmesi, satt\u0131r\u0131lmas\u0131 kesinlikle yasakt\u0131r.  <\/p>\n<p> <strong>Kabul edilemez bir su\u00e7!<\/strong>  <\/p>\n<p> \u00c7ocuk pornosu; yani s\u00fcbyanc\u0131lar\u0131 memnun edecek bi\u00e7imde pornografik materyal \u00fcretmek neredeyse m\u00fcebbetlik bir olay&#8230; Ama, en ba\u015fta Almanya olmak \u00fczere, hemen t\u00fcm Avrupa&#39;dan u\u00e7aklar dolusu s\u00fcbyanc\u0131 g\u00fcney asyaya ta\u015f\u0131n\u0131yor; ili\u015fki kurmalar\u0131 sa\u011flan\u0131yor. Ku\u015fkusuz bu aleni yap\u0131lm\u0131yor, ama \u00f6n\u00fcne de ge\u00e7ilemiyor. Ad\u0131 ge\u00e7en uzakdo\u011fu \u00fclkelerinde bu y\u00fczden k\u00fc\u00e7\u00fck \u00e7ocuklar aileleri taraf\u0131ndan bu ahlakd\u0131\u015f\u0131 sekt\u00f6re sat\u0131l\u0131yor. T\u00fcm \u00fclkelerin polis te\u015fkilatlar\u0131 bu i\u011fren\u00e7 sekt\u00f6r\u00fc yok etmek i\u00e7in birbiriyle ba\u011flant\u0131da ve bu su\u00e7un (\u00e7ocuk pornosu \u00fcretimi) faillerinin izini koval\u0131yor&#8230; Yakalananlar\u0131 hapishanede bile korumak \u00e7ok zor; di\u011fer mahkumlar s\u00fcbyanc\u0131lar\u0131 \u00e7ok a\u015fa\u011f\u0131l\u0131yor, hatta \u00e7o\u011fu zaman da \u00f6ld\u00fcr\u00fcyorlar.  <\/p>\n<p> <strong>\u0130\u015fte bas\u0131na yans\u0131yan baz\u0131 haberler<\/strong>  <\/p>\n<p> &#8211; Y\u00fcksek \u00d6\u011fretim Kurumu (Y\u00d6K), Isparta S\u00fcleyman Demirel \u00dcniversitesi&#39;nde k\u0131z \u00f6\u011frencisinin \u00e7\u0131plak foto\u011fraflar\u0131n\u0131 \u00e7ekip yayan yard\u0131mc\u0131 do\u00e7enti ihra\u00e7 ederek akademik hayat\u0131n\u0131 sona erdirdi.<br \/> &#8211; Ankara&#39;da, \u00e7ocuk ya\u015fta k\u0131zlar\u0131n g\u00f6r\u00fcnt\u00fclerini CD&#39;lerini satan 2 karde\u015f ile anne ve babalar\u0131 g\u00f6zalt\u0131na al\u0131nd\u0131.  <\/p>\n<p> &#8211; \u0130ngiltere ve ABD&#39;de polis, 100 binden fazla ahlakd\u0131\u015f\u0131 filmin ve resminin yok edildi\u011fini a\u00e7\u0131klad\u0131. \u0130ngiltere&#39;deki operasyonu y\u00f6neten dedektif John Stewardson bu darbenin ilk oldu\u011funu s\u00f6yledi.  <\/p>\n<p> &#8211; \u0130zmir&#39;in Urla il\u00e7esi Barbaros \u00c7ocuk K\u00f6y\u00fc&#39;nde tecav\u00fcz skandal\u0131 ortaya \u00e7\u0131kt\u0131. Olayda ad\u0131 ge\u00e7en k\u0131zlar Adli T\u0131p Kurumu&#39;na sevk edildi.  <\/p>\n<p> &#8211; Almanya \u0130\u00e7i\u015fleri Bakan\u0131 Otto Schily, s\u00fcrd\u00fcr\u00fclen m\u00fccadele kapsam\u0131nda bug\u00fcne kadar ahlakd\u0131\u015f\u0131 filmlerle ilgili olarak d\u00fcnya \u00e7ap\u0131nda 61 \u00fclkede 26 bin 500 \u015f\u00fcphelinin tespit edildi\u011fini s\u00f6yledi.  <\/p>\n<p> &#8211; \u0130ngiltere&#39;de, bilgisayar ve internet yoluyla i\u015flenen su\u00e7larla m\u00fccadele etmek amac\u0131yla ulusal \u00f6l\u00e7ekte faaliyet g\u00f6sterecek ve 80 uzman polis g\u00f6rev yapaca\u011f\u0131 &#39;Ulusal \u0130leri Teknoloji Su\u00e7 Birimi&#39; adl\u0131 bir yap\u0131lanma kuruldu.  <\/p>\n<p> &#8211; Kanada h\u00fck\u00fcmeti, internetteki \u00e7ocuk pornosu sitelerine girmenin &quot;su\u00e7&quot; say\u0131laca\u011f\u0131n\u0131 a\u00e7\u0131klad\u0131. Yeni kanun tasar\u0131s\u0131na g\u00f6re, s\u00f6zkonusu sitelere girenler, 5 y\u0131la kadar hapis cezas\u0131na \u00e7arpt\u0131r\u0131labilecek.  <\/p>\n<p> &#8211; Amerikan T\u0131p Birli\u011fi taraf\u0131ndan yap\u0131lan bir ara\u015ft\u0131rmaya g\u00f6re \u00e7ocuklar, s\u0131kl\u0131kla yeti\u015fkinlerin uygunsuz teklifleri ile kar\u015f\u0131la\u015f\u0131yor. 10-17 ya\u015f aras\u0131ndaki bin 500 internet kullan\u0131c\u0131s\u0131n\u0131n kat\u0131l\u0131m\u0131yla ger\u00e7ekle\u015ftirilen ara\u015ft\u0131rmaya g\u00f6re bin 500 \u00e7ocu\u011fun y\u00fczde 19&#39;u internette uygunsuz teklifler ald\u0131\u011f\u0131n\u0131 s\u00f6yledi.  <\/p>\n<p> &#8211; ABD, Avrupa ve Avustralya&#39;da y\u00fcr\u00fct\u00fclen \u00e7\u00f6kertme kampanyas\u0131 sayesinde pek \u00e7ok \u015f\u00fcphelinin yan\u0131 s\u0131ra ahlakd\u0131\u015f\u0131 yay\u0131n yapan bilgisayarlar ve \u00e7ocuk pornosu ihtiva eden binlerce video kaset ve veri tabanlar\u0131 ele ge\u00e7irildi. &quot;Katedral Operasyonu&quot; ad\u0131 verilen operasyon \u0130nternet tarihinin en b\u00fcy\u00fck su\u00e7 operasyonunu olu\u015fturuyor.  <\/p>\n<p> &#8211; T\u00fcrkiye&#39;yi aya\u011fa kald\u0131ran Bursa&#39;daki &#39;\u00e7ocuk pornosu&#39; vakas\u0131ndan \u00e7\u0131ka \u00e7\u0131ka 1 milyar 875 milyon para cezas\u0131 \u00e7\u0131kt\u0131. \u00c7ocuk pornografisi ticareti&#39;nden tutuklanan \u00f6\u011fretmenin sadece para cezas\u0131na \u00e7arpt\u0131r\u0131lmas\u0131, T\u00fcrkiye&#39;nin bu su\u00e7la daha etkili m\u00fccadele etme gere\u011fini ortaya koydu.  <\/p>\n<p> &#8211; Avustralya&#39;daki operasyonda 200&#39;den fazla ki\u015fi \u00e7ocuk pornografisi ticareti yapt\u0131klar\u0131 ya da sat\u0131n ald\u0131klar\u0131 iddias\u0131yla tutukland\u0131. Polis, resimlerde yer alan \u00e7ocuklar\u0131n ya\u015flar\u0131n\u0131n ikiye kadar d\u00fc\u015ft\u00fc\u011f\u00fcn\u00fc a\u00e7\u0131klad\u0131.  <\/p>\n<p> <strong>Turizm geliri ile \u00f6v\u00fcnmek<\/strong>  <\/p>\n<p> \u0130\u00e7imizden kimileri turizm gelirini artt\u0131rmakla \u00f6v\u00fcn\u00fcyor.  <\/p>\n<p> Turizm gelirlerini bilmem ka\u00e7 milyar dolara ula\u015ft\u0131rm\u0131\u015flar \u00f6n\u00fcm\u00fczdeki y\u0131llarda da bu gelirleri katlayacaklarm\u0131\u015f!  <\/p>\n<p> Bug\u00fcn turizm gelirini artt\u0131rmakla \u00f6v\u00fcnenler aras\u0131nda d\u00fcn bizimle birlikte olan kimileri de var!  <\/p>\n<p> D\u00fcn turizm gelirine \u015f\u00fcphe ile bakan, ihtiyat ile yakla\u015fanlar, bug\u00fcn hi\u00e7bir endi\u015fe ta\u015f\u0131m\u0131yorlar!  <\/p>\n<p> \u0130nsan\u0131m\u0131z\u0131n gelirini katlamakla \u00f6v\u00fcn\u00fcyorlar!  <\/p>\n<p> Aynen kendileri alkoll\u00fc i\u00e7kiyi a\u011f\u0131zlar\u0131na koymad\u0131klar\u0131(!) halde &quot;Aman vatanda\u015f\u0131n cebine birka\u00e7 kuru\u015f daha fazla girsin(!)&quot; diye \u015farap fabrikalar\u0131n\u0131n kurulmas\u0131n\u0131 destekledikleri gibi!  <\/p>\n<p> Bir zamanlar turistin getirece\u011fi para yan\u0131nda bir s\u00fcr\u00fc ahlaki zaaf\u0131 beraberinde getirece\u011fini varsayarlard\u0131.  <\/p>\n<p> \u015eimdi b\u00f6yle bir meseleleri yok!  <\/p>\n<p> Sadece g\u00f6zlerini turizmden gelecek paraya dikmi\u015f durumdalar!  <\/p>\n<p> &quot;\u00dc\u00e7 kuru\u015f daha fazla gelsin, ne giderse gitsin&quot; mant\u0131\u011f\u0131 hakim!  <\/p>\n<p> Ahlak zaafa u\u011fruyormu\u015f, zina s\u0131radan bir olay haline geliyormu\u015f ne gam!  <\/p>\n<p> Faizi &quot;\u00e7a\u011f\u0131n ger\u00e7e\u011fi&quot; olarak kabul ettiklerinden beri d\u00fcnya g\u00f6r\u00fc\u015fleri bir hayli de\u011fi\u015fti!  <\/p>\n<p> Hep \u00fc\u00e7 kuru\u015f fazlas\u0131 i\u00e7in ko\u015fu\u015fturuyorlar.  <\/p>\n<p> Biz ise onlara Ali R\u0131za Demircan hocan\u0131n S\u00fcleymaniye Minber&#39;inden yapt\u0131\u011f\u0131 konu\u015fmalar ile seslenmek istiyoruz.  <\/p>\n<p> Bak\u0131n Demircan hoca S\u00fcleymaniye Minber&#39;inden nas\u0131l sesleniyor:  <\/p>\n<p> &quot;\u015eartlar ne olursa olsun mutluluk ve kazanc\u0131n Allah&#39;\u0131n emir ve yasaklar\u0131 \u00e7er\u00e7evesinde oldu\u011funa itimat edememek insan\u0131 imans\u0131zl\u0131\u011fa g\u00f6t\u00fcr\u00fcr.  <\/p>\n<p> Allah&#39;\u0131n haram k\u0131ld\u0131\u011f\u0131 yollardan r\u0131zk aramamak gerekti\u011fine b\u00fct\u00fcn varl\u0131\u011f\u0131m\u0131z ile inanmamak da insan\u0131 k\u00fcfre g\u00f6t\u00fcr\u00fcr.  <\/p>\n<p> Allah&#39;\u0131n emir ve yasaklar\u0131 helal ve haramlar\u0131 ile \u00e7eli\u015fen ve \u00e7at\u0131\u015fan kararlar al\u0131nabilece\u011fine ve bu kararlar\u0131n \u0130slam dini zaviyesinden me\u015fruiyet arz edece\u011fine kafa ve kalb yat\u0131rmak kesinlikle k\u00fcf\u00fcrd\u00fcr.&quot;  <\/p>\n<p> Evet, d\u00fcn hepimiz Ali R\u0131za Demircan hocan\u0131n S\u00fcleymaniye Minber&#39;inden seslendi\u011fi gibi d\u00fc\u015f\u00fcn\u00fcyor ve kazanc\u0131m\u0131z\u0131n nereden geldi\u011fine b\u00fcy\u00fck bir hassasiyet ile titizlik g\u00f6steriyorduk.  <\/p>\n<p> Ya \u015fimdi?  <\/p>\n<p> \u015eimdi bir k\u0131sm\u0131m\u0131z hala bu g\u00f6r\u00fc\u015fleri savunurken bir k\u0131sm\u0131m\u0131z vatanda\u015f\u0131n cebine \u00fc\u00e7 kuru\u015f daha fazla girsin de nas\u0131l girerse girsin noktas\u0131na geldi.  <\/p>\n<p> Turizm gelirlerimiz bilmem ne kadar milyar dolar oldu diye sevindirik olmaya ba\u015flad\u0131lar!  <\/p>\n<p> Bu kazanc\u0131n inanc\u0131m\u0131z a\u00e7\u0131s\u0131ndan ne demek oldu\u011funu hi\u00e7 \u00f6nemsemez hale geldik. Ne diyelim?  <\/p>\n<p> Allah ak\u0131betimizi ve akibetlerini hayreylesin!  <\/p>\n<p> Asl\u0131nda gidi\u015fatlar\u0131 bizden \u00e7ok kendilerini endi\u015feye sevk etmeli ama nerede o g\u00fczelim hassas insanlar? \u015eimdi yerlerinde yeller esiyor!  <\/p>\n<p> <\/p>\n<hr \/>\n<p> <a name=\"_ftn1\" href=\"#_ftnref1\" title=\"_ftn1\">[1]<\/a> Kulis Ankara \/ Milli Gazete \/ 23.02.2006  <\/p>\n<p> <a name=\"_ftn2\" href=\"#_ftnref2\" title=\"_ftn2\">[2]<\/a> Ayhan Demir \/ Milli Gazete \/ 09.01.2006  <\/p>\n<p> <a name=\"_ftn3\" href=\"#_ftnref3\" title=\"_ftn3\">[3]<\/a> Ertu\u011frul \u00d6zk\u00f6k  <\/p>\n<p> <a name=\"_ftn4\" href=\"#_ftnref4\" title=\"_ftn4\">[4]<\/a> Zeki Ceyhan \/ Milli Gazete  <\/p>\n","protected":false},"excerpt":{"rendered":"<p>\u00a0  <\/p>\n<p> <strong><em>Ve Bursa&#39;dan telefon eden sevgili \u0130brahim \u00c7ubukcu karde\u015fimiz anlat\u0131yor:<\/em><\/strong>  <\/p>\n<p> <strong><em>Aylar s\u00fcren ekonomik ve psikolojik sorunlar ve s\u0131k\u0131nt\u0131lar y\u00fcz\u00fcnden partiye gidip gelmeye f\u0131rsat bulamam\u0131\u015ft\u0131m. Neyse ki, \u015f\u00fck\u00fcr bir par\u00e7a rahatlad\u0131ktan sonra, partiye u\u011frad\u0131m. Ama gitmez olayd\u0131m. \u00c7\u00fcnk\u00fc saatler boyu konu\u015fulan ve tart\u0131\u015f\u0131lan konu tek kelime ile mide buland\u0131r\u0131yordu.<\/em><\/strong>  <\/p>\n<p> <strong><em>Neymi\u015f Efendim:<\/em><\/strong>  <\/p>\n<p> <strong><em>&quot;Bursa AKP il kongresi yakla\u015f\u0131yormu\u015f&#8230; Eski milli G\u00f6r\u00fc\u015f\u00e7\u00fc karde\u015flerimizi tasfiye etme giri\u015fimleri g\u00f6r\u00fcl\u00fcyormu\u015f&#8230;\u00a0 Bu AKP kongresinde, bizim eski dostlar\u0131m\u0131z y\u00f6netime girebilsin diye, nas\u0131l gayretler ve ne t\u00fcr stratejiler uygulamam\u0131z gerekiyormu\u015f!?.&quot;<\/em><\/strong>  <\/p>\n","protected":false},"author":14,"featured_media":0,"comment_status":"open","ping_status":"closed","sticky":false,"template":"","format":"standard","meta":{"footnotes":""},"categories":[36],"tags":[],"class_list":["post-216","post","type-post","status-publish","format-standard","hentry","category-nisan-2006"],"_links":{"self":[{"href":"https:\/\/www.millicozum.com\/mc\/wp-json\/wp\/v2\/posts\/216","targetHints":{"allow":["GET"]}}],"collection":[{"href":"https:\/\/www.millicozum.com\/mc\/wp-json\/wp\/v2\/posts"}],"about":[{"href":"https:\/\/www.millicozum.com\/mc\/wp-json\/wp\/v2\/types\/post"}],"author":[{"embeddable":true,"href":"https:\/\/www.millicozum.com\/mc\/wp-json\/wp\/v2\/users\/14"}],"replies":[{"embeddable":true,"href":"https:\/\/www.millicozum.com\/mc\/wp-json\/wp\/v2\/comments?post=216"}],"version-history":[{"count":0,"href":"https:\/\/www.millicozum.com\/mc\/wp-json\/wp\/v2\/posts\/216\/revisions"}],"wp:attachment":[{"href":"https:\/\/www.millicozum.com\/mc\/wp-json\/wp\/v2\/media?parent=216"}],"wp:term":[{"taxonomy":"category","embeddable":true,"href":"https:\/\/www.millicozum.com\/mc\/wp-json\/wp\/v2\/categories?post=216"},{"taxonomy":"post_tag","embeddable":true,"href":"https:\/\/www.millicozum.com\/mc\/wp-json\/wp\/v2\/tags?post=216"}],"curies":[{"name":"wp","href":"https:\/\/api.w.org\/{rel}","templated":true}]}}