{"id":2224,"date":"2012-02-24T06:03:39","date_gmt":"2012-02-24T06:03:39","guid":{"rendered":"https:\/\/www.millicozum.com\/mc\/2012\/02\/24\/ya-milli-gorus-veya-kirli-dusus\/"},"modified":"2012-02-24T06:03:39","modified_gmt":"2012-02-24T06:03:39","slug":"ya-milli-gorus-veya-kirli-dusus","status":"publish","type":"post","link":"https:\/\/www.millicozum.com\/mc\/ozel-yazilar\/ya-milli-gorus-veya-kirli-dusus\/","title":{"rendered":"YA M\u0130LL\u0130 G\u00d6R\u00dc\u015e VEYA K\u0130RL\u0130 D\u00dc\u015e\u00dc\u015e!"},"content":{"rendered":"\n<p style=\"margin-bottom: 0.0001pt; text-align: justify; text-indent: 1cm; line-height: 150%;\"><b><span style=\"font-size: 10pt; line-height: 150%; font-family: 'Arial','sans-serif';\">Sabataist soylu ve Recep T. Erdo\u011fan\u2019\u0131n \u00f6zel dostu Mehmet Ali Birand\u2019\u0131n haz\u0131rlay\u0131p sundu\u011fu \u201cSon Darbe 28 \u015eubat\u201d belgeseli:<\/span><\/b><b><span style=\"font-size: 10pt; line-height: 150%; font-family: 'Arial','sans-serif';\"><\/span><\/b><\/p>\n<p style=\"margin-bottom: 0.0001pt; text-align: justify; text-indent: 1cm; line-height: 150%;\"><b><span style=\"font-size: 10pt; line-height: 150%; font-family: 'Arial','sans-serif';\">* Askeri darbelere kar\u015f\u0131 \u00e7\u0131k\u0131yor<\/span><\/b><b><span style=\"font-size: 10pt; line-height: 150%; font-family: 'Arial','sans-serif';\"><\/span><\/b><\/p>\n<p style=\"margin-bottom: 0.0001pt; text-align: justify; text-indent: 1cm; line-height: 150%;\"><b><span style=\"font-size: 10pt; line-height: 150%; font-family: 'Arial','sans-serif';\">* Demokrasiyi savunup sahipleniyor<\/span><\/b><b><span style=\"font-size: 10pt; line-height: 150%; font-family: 'Arial','sans-serif';\"><\/span><\/b><\/p>\n<p style=\"margin-bottom: 0.0001pt; text-align: justify; text-indent: 1cm; line-height: 150%;\"><b><span style=\"font-size: 10pt; line-height: 150%; font-family: 'Arial','sans-serif';\">* Yak\u0131n ge\u00e7mi\u015fe \u0131\u015f\u0131k tutuyor ve gizli ger\u00e7ekleri a\u00e7\u0131kl\u0131yor g\u00f6r\u00fcnt\u00fcs\u00fcyle<\/span><\/b><b><span style=\"font-size: 10pt; line-height: 150%; font-family: 'Arial','sans-serif';\"><\/span><\/b><\/p>\n<p style=\"margin-bottom: 0.0001pt; text-align: justify; text-indent: 1cm; line-height: 150%;\"><b><span style=\"font-size: 10pt; line-height: 150%; font-family: 'Arial','sans-serif';\">* As\u0131l su\u00e7lu ve sorumlu olarak Erbakan\u2019\u0131n k\u0131\u015fk\u0131rt\u0131c\u0131 ve ortam\u0131 kar\u0131\u015ft\u0131r\u0131c\u0131 davrand\u0131\u011f\u0131n\u0131<\/span><\/b><b><span style=\"font-size: 10pt; line-height: 150%; font-family: 'Arial','sans-serif';\"><\/span><\/b><\/p>\n<p style=\"margin-bottom: 0.0001pt; text-align: justify; text-indent: 1cm; line-height: 150%;\"><b><span style=\"font-size: 10pt; line-height: 150%; font-family: 'Arial','sans-serif';\">* \u015eeriat\u00e7\u0131lar\u0131n ve siyasal \u0130slamc\u0131lar\u0131n nas\u0131l \u015f\u0131mard\u0131\u011f\u0131n\u0131 ve rejim i\u00e7in bir tehdit halini ald\u0131\u011f\u0131n\u0131<\/span><\/b><b><span style=\"font-size: 10pt; line-height: 150%; font-family: 'Arial','sans-serif';\"><\/span><\/b><\/p>\n<p style=\"margin-bottom: 0.0001pt; text-align: justify; text-indent: 1cm; line-height: 150%;\"><b><span style=\"font-size: 10pt; line-height: 150%; font-family: 'Arial','sans-serif';\">* Ve Erbakan\u2019\u0131n \u201cAdil D\u00fczen\u201d gibi \u201cd\u0131\u015f\u0131 ho\u015f i\u00e7i bo\u015f\u201d sloganlarla halk\u0131 oyalad\u0131\u011f\u0131n\u0131 ve oy avc\u0131l\u0131\u011f\u0131 yapt\u0131\u011f\u0131n\u0131 beyinlere kaz\u0131mak<\/span><\/b><b><span style=\"font-size: 10pt; line-height: 150%; font-family: 'Arial','sans-serif';\"><\/span><\/b><\/p>\n<p style=\"margin-bottom: 0.0001pt; text-align: justify; text-indent: 1cm; line-height: 150%;\"><b><span style=\"font-size: 10pt; line-height: 150%; font-family: 'Arial','sans-serif';\">* Ve AKP\u2019nin ne kadar mant\u0131kl\u0131, tutarl\u0131 ve ba\u015far\u0131l\u0131 oldu\u011funu kan\u0131tlamak i\u00e7in haz\u0131rlanm\u0131\u015f, sapt\u0131rma ve sahtekarl\u0131klarla dolu bir programd\u0131r.<\/span><\/b><\/p>\n<p style=\"margin-bottom: 0.0001pt; text-align: justify; text-indent: 1cm; line-height: 150%;\"><b><span style=\"font-size: 10pt; line-height: 150%; font-family: 'Arial','sans-serif';\">Ve zaten M. Ali Birand\u2019dan ger\u00e7ek\u00e7i ve gerek\u00e7eli bir program beklemek te ahmakl\u0131kt\u0131r.<\/span><\/b><\/p>\n<p style=\"margin-bottom: 0.0001pt; text-align: justify; text-indent: 1cm; line-height: 150%;\"><b><span style=\"font-size: 10pt; line-height: 150%; font-family: 'Arial','sans-serif';\"><\/span><\/b><\/p>\n<p style=\"margin-bottom: 0.0001pt; text-align: justify; text-indent: 1cm; line-height: 150%;\"><span style=\"font-size: 14pt;\"><b><span style=\"line-height: 150%; font-family: 'Arial','sans-serif';\">Sabatayc\u0131 ahlakl\u0131 ve AKP yalakas\u0131 Mehmet Ali Birand\u2019\u0131n Son Darbe program\u0131nda konu\u015fan F\u0130KRET B\u0130LA: <i>\u201c 28 \u015eubat s\u00fcrecinde medyan\u0131n oynad\u0131\u011f\u0131 rol\u00fcn belirleyici olmad\u0131\u011f\u0131n\u0131 d\u00fc\u015f\u00fcn\u00fcyorum. As\u0131l siyaset kurumu gerekeni yapmad\u0131lar. Askerin kar\u015f\u0131s\u0131nda dik duramad\u0131lar. Erbakan tanklar\u0131n \u00fczerine \u00e7\u0131kt\u0131 da bas\u0131n yazmad\u0131 m\u0131?\u201d <\/i>diyerek ucuz ve uyuz kahramanl\u0131k taslamaktayd\u0131.<\/span><\/b><\/span><\/p>\n<p style=\"margin-bottom: 0.0001pt; text-align: justify; text-indent: 1cm; line-height: 150%;\"><span style=\"font-size: 14pt;\"><b><span style=\"line-height: 150%; font-family: 'Arial','sans-serif';\"><\/span><\/b><\/span><\/p>\n<p style=\"margin-bottom: 0.0001pt; text-align: justify; text-indent: 1cm; line-height: 150%;\"><span style=\"font-size: 14pt;\"><b><span style=\"line-height: 150%; font-family: 'Arial','sans-serif';\">Bay Fikret Bila, Erbakan Hoca \u201c28 \u015eubat\u0131n as\u0131l mimar\u0131 ve sizlerin de tanr\u0131s\u0131 olan ABD Yahudi lobilerinin arzulad\u0131\u011f\u0131 \u015fekilde TSK i\u00e7inde bir kavga ve kampla\u015fma olmas\u0131n ve halk\u0131m\u0131zla ordumuz kar\u015f\u0131 kar\u015f\u0131ya kalmas\u0131n; b\u00f6ylece, s\u00fcre\u00e7 kendisi ve partisi aleyhine de olsa, Milli b\u00fcnyemizde daha b\u00fcy\u00fck tahribatlar yapmas\u0131n\u201d diye bilerek ve stratejik bir cesaretle \u00f6yle davrand\u0131. Zaten ABD ve \u0130srail u\u015fa\u011f\u0131 olan kiral\u0131k medya mostralar\u0131 da as\u0131l bu y\u00fczden Erbakan\u2019dan k\u0131c\u0131k almaktayd\u0131. Fareleri fil san\u0131p uyuz kedilerin g\u00f6lgesine s\u0131\u011f\u0131nan pinti p\u0131s\u0131r\u0131klar\u0131n, Erbakan gibi d\u00fcnyaya diz \u00e7\u00f6kt\u00fcren Siyonist \u015feytanlara k\u00f6k s\u00f6kt\u00fcren bir kahramana, kabaday\u0131l\u0131k dersi vermesi, ne kadar s\u0131r\u0131tmaktayd\u0131!<\/span><\/b><\/span><\/p>\n<p style=\"margin-bottom: 0.0001pt; text-align: justify; text-indent: 1cm; line-height: 150%;\"><span style=\"font-size: 10pt; line-height: 150%; font-family: 'Arial','sans-serif';\">Birand\u2019\u0131n programa \u00e7\u0131kard\u0131\u011f\u0131 Abd\u00fcllatif \u015eener ve Nazl\u0131 Il\u0131cak gibilerin kendi karakterlerine yak\u0131\u015fan bir tav\u0131rla s\u0131r\u0131tarak <b>\u201cErbakan\u2019\u0131n, Adil D\u00fczen s\u00f6yleminin i\u00e7i bo\u015f bir slogandan ibaret\u201d<\/b> oldu\u011funu a\u00e7\u0131klamalar\u0131 ise tam bir \u015farlatanl\u0131kt\u0131r. <\/span><b><i><span style=\"line-height: 150%; font-family: 'Arial','sans-serif';\">Yahu, adama sormazlar m\u0131, \u201csizlerin, asl\u0131nda bo\u015f ve yalan oldu\u011funu bildi\u011finiz sloganlarla halk\u0131n aldat\u0131lmas\u0131na alet olman\u0131z sadece Milletvekili se\u00e7ilmek u\u011fruna, Milli G\u00f6r\u00fc\u015f\u2019e kat\u0131lman\u0131z, nas\u0131l bir ruh haml\u0131\u011f\u0131 ve baya\u011f\u0131l\u0131kt\u0131r?<\/span><\/i><\/b><span style=\"font-size: 10pt; line-height: 150%; font-family: 'Arial','sans-serif';\"><\/span><\/p>\n<p style=\"margin-bottom: 0.0001pt; text-align: justify; text-indent: 1cm; line-height: 150%;\"><span style=\"line-height: 150%; font-family: 'Arial','sans-serif';\">Ey Abd\u00fcllatif \u015eener! Sizin nas\u0131l bir tiynet ve zihniyete mensup oldu\u011funuzu, Milli G\u00f6r\u00fc\u015f\u2019\u00fcn marazl\u0131 a\u011fabeylerinden \u015eevket Kazan\u2019\u0131n \u00f6zel himayesinde nas\u0131l okutulup, hi\u00e7bir hizmeti ve hatta sempatisi olmadan nas\u0131l Milli G\u00f6r\u00fc\u015f\u2019e sokuldu\u011funuzu, Milletvekilli\u011fi ve Bakanl\u0131k koltu\u011funa nas\u0131l oturtuldu\u011funuzu yakinen bilen birisi olarak \u00e7ok iyi hat\u0131rl\u0131yorum:<\/span><\/p>\n<p style=\"margin-bottom: 0.0001pt; text-align: justify; text-indent: 1cm; line-height: 150%;\"><span style=\"line-height: 150%; font-family: 'Arial','sans-serif';\">Erbakan Hoca\u2019n\u0131n tertipledi\u011fi ve yabanc\u0131 bilim adamlar\u0131na Adil D\u00fczeni tan\u0131tmay\u0131 hedefledi\u011fi Almanya BERL\u0130N konferans\u0131nda \u201cAdil Ekonomik D\u00fczen\u201d konusunu size anlatt\u0131rm\u0131\u015ft\u0131.<\/span><\/p>\n<p style=\"margin-bottom: 0.0001pt; text-align: justify; text-indent: 1cm; line-height: 150%;\"><span style=\"line-height: 150%; font-family: 'Arial','sans-serif';\">Elinize verilen konular\u0131 anlamad\u0131\u011f\u0131n\u0131z\u0131 ve hatta inanmad\u0131\u011f\u0131n\u0131z\u0131 fark edince, toplant\u0131 sonras\u0131 otelde size baz\u0131 tavsiye ve uyar\u0131lar yapm\u0131\u015f ve Adil D\u00fczeni kavraman\u0131z i\u00e7in adresinize bilimsel d\u00f6k\u00fcmanlar yollam\u0131\u015ft\u0131k.<\/span><\/p>\n<p style=\"margin-bottom: 0.0001pt; text-align: justify; text-indent: 1cm; line-height: 150%;\"><span style=\"line-height: 150%; font-family: 'Arial','sans-serif';\">\u00c7\u00fcnk\u00fc Adil D\u00fczen, baz\u0131 Sabataist m\u00fcnaf\u0131klar\u0131n ve s\u00fcnepe yazarlar\u0131n iddia etti\u011fi gibi \u201ci\u00e7i bo\u015f sloganlar\u201d de\u011fil, tamamen ilmi, Kur\u2019ani ve ger\u00e7ek\u00e7i bir orijinal programd\u0131r. Bu konuda 600 sayfal\u0131k <b>\u201cAdil D\u00fczen ve Yeni Bir D\u00fcnya\u201d<\/b> kitab\u0131m\u0131z vard\u0131r. Ve \u00fcstelik M\u0131s\u0131r\u2019da El-Ezher mensuplar\u0131na ve baz\u0131 Hocalar\u0131na k\u0131rk g\u00fcn boyunca m\u00fcnazaral\u0131 ilmi seminer olarak, kaynaklar\u0131 ve dayanaklar\u0131yla birlikte, taraf\u0131m\u0131zdan aktar\u0131lm\u0131\u015ft\u0131r. Anlay\u0131\u015f k\u0131tl\u0131\u011f\u0131 ve beyin-bilgi k\u0131s\u0131rl\u0131\u011f\u0131 olanlar \u201ckof ve bo\u015f\u201d diye kar\u015f\u0131 \u00e7\u0131ksa da, Adil D\u00fczen insanl\u0131\u011f\u0131 huzura kavu\u015fturacak tek ve ger\u00e7ek bir ilmi haz\u0131rl\u0131kt\u0131r.<\/span><\/p>\n<p style=\"margin: 0cm 0cm 0.0001pt; text-align: justify; text-indent: 1cm; line-height: 150%; background: none repeat scroll 0% 0% white;\"><b><i><span style=\"font-size: 10pt; line-height: 150%; font-family: 'Arial','sans-serif'; color: #333333;\">Rahmetli Erbakan Hoca\u2019n\u0131n, &#8220;YEN\u0130 B\u0130R D\u00dcNYA VE AD\u0130L D\u00dcZEN&#8221; kitab\u0131ndaki: &#8220;Yeni d\u00fcnyada ve Adil D\u00fczen iktidar\u0131nda, hakk\u0131 neyse devlet sadece onu alacak. Devlet otoritesini kullanarak haks\u0131zl\u0131k yapmayacak. Ondan dolay\u0131d\u0131r ki iktisadi d\u00fczen insanl\u0131k tarihi boyunca s\u00fcrekli de\u011fi\u015fip durmu\u015ftur. \u015eimdi tekrar de\u011fi\u015fmeye mecburdur. \u00c7\u00fcnk\u00fc bu b\u00f6yle gidemez. Devlet imkan\u0131n\u0131 ele ge\u00e7iren odaklar, maalesef insanlar\u0131 eziyor. \u0130nsanlar g\u00fcnde bir dolar\u0131n alt\u0131nda ya\u015famaya mecbur b\u0131rak\u0131l\u0131yor. \u0130nsanl\u0131k yok olmaya gidiyor. Hak nedir bilmeyen\u201d insanlara, istedikleri gibi hareket yetkisi vermek en b\u00fcy\u00fck hatad\u0131r. Hakk\u0131n her \u015feyin \u00fczerinde olmas\u0131 laz\u0131md\u0131r. Onun i\u00e7in art\u0131k <\/span><\/i><\/b><b><i><span style=\"font-size: 11pt; line-height: 150%; font-family: 'Arial','sans-serif'; color: #333333;\">&#8220;\u0130\u015f\u00e7ilik D\u00f6nemi&#8221; <\/span><\/i><\/b><b><i><span style=\"font-size: 10pt; line-height: 150%; font-family: 'Arial','sans-serif'; color: #333333;\">yerine Adil D\u00fczendeki <\/span><\/i><\/b><b><i><span style=\"font-size: 11pt; line-height: 150%; font-family: 'Arial','sans-serif'; color: #333333;\">&#8220;Ortakl\u0131k D\u00f6nemi&#8221; <\/span><\/i><\/b><b><i><span style=\"font-size: 10pt; line-height: 150%; font-family: 'Arial','sans-serif'; color: #333333;\">uygulanacak ve &#8220;Yeni Bir D\u00fcnya&#8221; kurulacakt\u0131r.&#8221; (Sayfa 26)<\/span><\/i><\/b><\/p>\n<p style=\"margin: 0cm 0cm 0.0001pt; text-align: justify; text-indent: 1cm; line-height: 150%; background: none repeat scroll 0% 0% white;\"><b><i><span style=\"font-size: 10pt; line-height: 150%; font-family: 'Arial','sans-serif'; color: #333333;\">\u015eimdi Erbakan&#8217;\u0131n bu paragrafta dediklerini a\u00e7al\u0131m ve anlamaya \u00e7al\u0131\u015fal\u0131m&#8230; Bu d\u00fczende:<\/span><\/i><\/b><\/p>\n<p style=\"margin: 0cm 0cm 0.0001pt; text-align: justify; text-indent: 1cm; line-height: 150%; background: none repeat scroll 0% 0% white;\"><b><i><span style=\"font-size: 10pt; line-height: 150%; font-family: 'Arial','sans-serif'; color: #333333;\">a-\u0130\u015fveren olacak&#8230;<\/span><\/i><\/b><\/p>\n<p style=\"margin: 0cm 0cm 0.0001pt; text-align: justify; text-indent: 1cm; line-height: 150%; background: none repeat scroll 0% 0% white;\"><b><i><span style=\"font-size: 10pt; line-height: 150%; font-family: 'Arial','sans-serif'; color: #333333;\">b-\u00c7al\u0131\u015fan da olacak&#8230;<\/span><\/i><\/b><\/p>\n<p style=\"margin: 0cm 0cm 0.0001pt; text-align: justify; text-indent: 1cm; line-height: 150%; background: none repeat scroll 0% 0% white;\"><b><i><span style=\"font-size: 10pt; line-height: 150%; font-family: 'Arial','sans-serif'; color: #333333;\">c-Kredi i\u015f\u00e7iye\/eme\u011fe sa\u011flanacak&#8230;<\/span><\/i><\/b><\/p>\n<p style=\"margin: 0cm 0cm 0.0001pt; text-align: justify; text-indent: 1cm; line-height: 150%; background: none repeat scroll 0% 0% white;\"><b><i><span style=\"font-size: 10pt; line-height: 150%; font-family: 'Arial','sans-serif'; color: #333333;\">B\u00f6ylece, \u0130\u015f\u00e7i bulan, emek bulan, i\u015fletme sermayesini de otomatikman bulmu\u015f olacakt\u0131r.<\/span><\/i><\/b><\/p>\n<p style=\"margin: 0cm 0cm 0.0001pt; text-align: justify; text-indent: 1cm; line-height: 150%; background: none repeat scroll 0% 0% white;\"><b><i><span style=\"font-size: 10pt; line-height: 150%; font-family: 'Arial','sans-serif'; color: #333333;\">\u0130\u015fletmelere ise \u015fu imkan sunulacak:<\/span><\/i><\/b><\/p>\n<p style=\"margin: 0cm 0cm 0.0001pt; text-align: justify; text-indent: 1cm; line-height: 150%; background: none repeat scroll 0% 0% white;\"><b><i><span style=\"font-size: 10pt; line-height: 150%; font-family: 'Arial','sans-serif'; color: #333333;\">&#8211; Ham maddeyi sat\u0131n al, paras\u0131n\u0131 devlet olarak kar\u015f\u0131layal\u0131m, sonra \u00fcrettiklerini sat\u0131nca borcunu faizsiz kapat\u0131r\u0131z&#8230;<\/span><\/i><\/b><\/p>\n<p style=\"margin: 0cm 0cm 0.0001pt; text-align: justify; text-indent: 1cm; line-height: 150%; background: none repeat scroll 0% 0% white;\"><b><i><span style=\"font-size: 10pt; line-height: 150%; font-family: 'Arial','sans-serif'; color: #333333;\">Faiz yok, icra yok, haciz yok, faizci zalim kapitalist d\u00fczendeki sair olumsuzluklar yok. B\u00f6ylece i\u015f\u00e7i ile i\u015fveren ortak h\u00e2le geliyor, Erbakan&#8217;\u0131n &#8220;Ortakl\u0131k D\u00f6nemi&#8221; ba\u015fl\u0131yor&#8230; \u0130\u015fveren bilgisini ve tecr\u00fcbesini, emek sahibi ise eme\u011fini ve sermayeyi getirip koyuyor, b\u00f6ylece faizsiz, h\u0131zl\u0131 ve ucuz \u00fcretim f\u0131rsat\u0131 do\u011fuyor.<\/span><\/i><\/b><\/p>\n<p style=\"margin: 0cm 0cm 0.0001pt; text-align: justify; text-indent: 1cm; line-height: 150%; background: none repeat scroll 0% 0% white;\"><b><i><span style=\"font-size: 10pt; line-height: 150%; font-family: 'Arial','sans-serif'; color: #333333;\">Mevcut faizli &#8220;zalim d\u00fczen&#8221;de sermaye ve kredi sadece i\u015fverene aktar\u0131l\u0131yor.<\/span><\/i><\/b><\/p>\n<p style=\"margin: 0cm 0cm 0.0001pt; text-align: justify; text-indent: 1cm; line-height: 150%; background: none repeat scroll 0% 0% white;\"><b><i><span style=\"font-size: 10pt; line-height: 150%; font-family: 'Arial','sans-serif'; color: #333333;\">Faizsiz &#8220;Adil (Ekonomik) D\u00fczen&#8221;de ise sermaye ve kredi i\u015f\u00e7iye ve eme\u011fe sa\u011flan\u0131yor. B\u00f6ylece i\u015fveren ile i\u015f\u00e7i aras\u0131nda &#8220;ortakl\u0131k&#8221; kuruluyor, &#8220;denge&#8221; olu\u015fuyor. Art\u0131k greve, lokavta gerek kalm\u0131yor, sosyal haklar kendili\u011finden olu\u015fuyor. \u00c7\u00fcnk\u00fc art\u0131k i\u015f\u00e7i i\u015f aram\u0131yor, i\u015fveren i\u015f\u00e7i ar\u0131yor. B\u00f6ylece \u0130\u015fveren de rahata kavu\u015fuyor, \u00e7\u00fcnk\u00fc sermaye bulma derdi kalm\u0131yor.\u201d<a href=\"#_ftn1\" name=\"_ftnref1\" title=\"\"><\/a><b><span style=\"font-size: 10pt; line-height: 115%; font-family: 'Arial','sans-serif'; color: #333333;\">[1]<\/span><\/b><\/span><\/i><\/b><\/p>\n<p style=\"text-align: justify; text-indent: 1cm;\"><b><span style=\"font-size: 12pt; line-height: 115%; font-family: 'Arial','sans-serif';\">3. D\u00fcnya Sava\u015f\u0131 Yakla\u015f\u0131rken T\u00fcrkiye Nelerle Me\u015fgul ediliyordu?<\/span><\/b><\/p>\n<p style=\"margin-bottom: 0.0001pt; text-align: justify; text-indent: 26.95pt; line-height: 150%;\"><b><i><span style=\"font-size: 10pt; line-height: 150%; font-family: 'Arial','sans-serif';\">\u201cRusya Genelkurmay Ba\u015fkan\u0131 General Nikolay Makarov \u201cBat\u0131, n\u00fckleer silah \u00fcretmek \u00fczerine oldu\u011funu d\u00fc\u015f\u00fcnd\u00fc\u011f\u00fc \u0130ran\u2019\u0131 bu yaz vurabilir\u201d diyordu. Rus RT televizyonunun haberine g\u00f6re Makarov, ba\u015f\u0131n\u0131 ABD\u2019nin \u00e7ekti\u011fi Bat\u0131 ittifak\u0131n\u0131n \u0130ran\u2019\u0131 vurmas\u0131n\u0131n art\u0131k an meselesi oldu\u011funu belirterek, \u201cSan\u0131r\u0131m karar en ge\u00e7 yaz ba\u015f\u0131na kadar verilecek\u201d diye uyar\u0131yordu. Makarov, ABD\u2019nin Karadeniz\u2019e sava\u015f gemilerini \u00e7\u0131karmas\u0131 halinde gereken kar\u015f\u0131 \u00f6nlemi alacaklar\u0131n\u0131 s\u00f6yl\u00fcyor ve G\u00fcrcistan\u2019daki yeni askeri haz\u0131rl\u0131klara kar\u015f\u0131 da bu b\u00f6lgeye kuvvet kald\u0131rd\u0131klar\u0131n\u0131 s\u00f6ylemeyi ihmal etmiyordu. \u0130ran ise n\u00fckleer yak\u0131t \u00fcretti\u011fini a\u00e7\u0131kl\u0131yordu. Cumhurba\u015fkan\u0131 Ahmedinejad\u2019\u0131n kat\u0131ld\u0131\u011f\u0131 t\u00f6rende Tahran\u2019daki Ara\u015ft\u0131rma Reakt\u00f6r\u00fcne \u0130ran\u2019\u0131n \u00fcretti\u011fi n\u00fckleer yak\u0131t y\u00fckleniyordu. <\/span><\/i><\/b><\/p>\n<p style=\"margin-bottom: 0.0001pt; text-align: justify; text-indent: 26.95pt; line-height: 150%;\"><b><i><span style=\"font-size: 10pt; line-height: 150%; font-family: 'Arial','sans-serif';\">Ankara\u2019da da ise bir askeri i\u015fbirli\u011fi zirvesi yap\u0131l\u0131yordu. ABD Ba\u015fkan Yard\u0131mc\u0131s\u0131 Joe Biden, ABD Savunma Bakan\u0131 Leon Panetta ve ABD D\u0131\u015fi\u015fleri Bakan Yard\u0131mc\u0131s\u0131 William Burns\u2019tan sonra ABD Merkez Kuvvetler Komutan\u0131 Org. James N. Mattis de T\u00fcrkiye\u2019yi ziyaret ediyordu. Mattis, Genelkurmay Ba\u015fkan\u0131 Org. Necdet \u00d6zel\u2019le bir araya gelip Orta Do\u011fu\u2019daki geli\u015fmeler kar\u015f\u0131s\u0131nda ABD ile T\u00fcrkiye\u2019nin tak\u0131naca\u011f\u0131 ortak askeri tav\u0131r konu\u015fuluyordu. <\/span><\/i><\/b><\/p>\n<p style=\"margin-bottom: 0.0001pt; text-align: justify; text-indent: 26.95pt; line-height: 150%;\"><b><i><span style=\"font-size: 10pt; line-height: 150%; font-family: 'Arial','sans-serif';\">NTV\u2019de Suriye\u2019den haberler veriliyor, Be\u015f\u015far Esad y\u00f6netiminin Humus\u2019taki petrol tesislerini bombalad\u0131\u011f\u0131 iddia ediliyordu! G\u00f6sterilen filmde de \u015fehirden kara dumanlar y\u00fckseliyordu. <\/span><\/i><\/b><\/p>\n<p style=\"margin-bottom: 0.0001pt; text-align: justify; text-indent: 26.95pt; line-height: 150%;\"><b><i><span style=\"font-size: 10pt; line-height: 150%; font-family: 'Arial','sans-serif';\">Bir devlet kendi petrol tesislerini bombalar m\u0131? \u00c7ok a\u00e7\u0131k anla\u015f\u0131l\u0131yor ki d\u0131\u015f g\u00fc\u00e7lerin k\u0131\u015fk\u0131rtt\u0131\u011f\u0131 silahl\u0131 muhalif gruplar bu eylemleri yap\u0131yor ve ABD m\u00fcdahalesine zemin haz\u0131rl\u0131yordu.<\/span><\/i><\/b><span style=\"font-size: 10pt; line-height: 150%; font-family: 'Arial','sans-serif';\"> <\/span><\/p>\n<p style=\"margin-bottom: 0.0001pt; text-align: justify; text-indent: 26.95pt; line-height: 150%;\"><b><i><span style=\"font-size: 10pt; line-height: 150%; font-family: 'Arial','sans-serif';\">\u0130srail Ba\u015fbakan Yard\u0131mc\u0131s\u0131 Silvan \u015ealom ise Birle\u015fmi\u015f Milletler\u2019de yapt\u0131\u011f\u0131 konu\u015fmada \u201c\u0130ranl\u0131lar Pers \u0130mparatorlu\u011funu canland\u0131rmak, Orta Do\u011fu\u2019da rejim de\u011fi\u015fiklikleri yapmak, b\u00f6lgedeki t\u00fcm petrol sahalar\u0131n\u0131n kontrol\u00fcn\u00fc ele almak ve n\u00fckleer bomba yapmak istiyor, b\u00f6ylece d\u00fcnyada s\u00fcper g\u00fc\u00e7 olabileceklerine inan\u0131yorlar. BM, hem \u0130ran\u2019\u0131n n\u00fckleer program\u0131n\u0131 hem de Suriye\u2019deki k\u0131y\u0131m\u0131 durdurmal\u0131\u201d diye uyar\u0131yordu. <\/span><\/i><\/b><\/p>\n<p style=\"margin-bottom: 0.0001pt; text-align: justify; text-indent: 26.95pt; line-height: 150%;\"><b><i><span style=\"font-size: 12pt; line-height: 150%; font-family: 'Arial','sans-serif';\">Yani \u201cB\u00fcy\u00fck Sava\u015f\u201d ka\u00e7\u0131n\u0131lmaz g\u00f6r\u00fcl\u00fcyordu.<\/span><\/i><\/b><\/p>\n<p style=\"margin-bottom: 0.0001pt; text-align: justify; text-indent: 26.95pt; line-height: 150%;\"><b><i><span style=\"font-size: 10pt; line-height: 150%; font-family: 'Arial','sans-serif';\">Ve b\u00f6ylesine kritik ortamda, i\u00e7eride Ankara Emniyet M\u00fcd\u00fcrl\u00fc\u011f\u00fc Ka\u00e7ak\u00e7\u0131l\u0131k ve Organize Su\u00e7larla M\u00fccadele \u015eube M\u00fcd\u00fcrl\u00fc\u011f\u00fc\u2019n\u00fcn ger\u00e7ekle\u015ftirdi\u011fi ve 22 ki\u015finin g\u00f6zalt\u0131na al\u0131nd\u0131\u011f\u0131 yolsuzluk operasyonuyla Tayyip Erdo\u011fan aras\u0131nda ili\u015fki kurulmaya \u00e7al\u0131\u015f\u0131l\u0131yordu. Zaman gazetesinde yer alan haberde \u201cAK Partili \u00fcst d\u00fczey bir y\u00f6netici ile ba\u011flant\u0131s\u0131 oldu\u011fu \u00f6\u011frenilen i\u015fadam\u0131 Ferit R., kurum \u00fcyesi Ali K.\u2019nin hem\u015fehrisi Bahri K., Binali \u00d6., Orhan N., Alaattin S., \u00c7etin \u0130., Sedat S.\u2019nin de aralar\u0131nda bulundu\u011fu 22 ki\u015fi g\u00f6zalt\u0131na al\u0131nd\u0131\u201d ifadesi kullan\u0131l\u0131yordu. <\/span><\/i><\/b><\/p>\n<p style=\"margin-bottom: 0.0001pt; text-align: justify; text-indent: 26.95pt; line-height: 150%;\"><b><i><span style=\"font-size: 10pt; line-height: 150%; font-family: 'Arial','sans-serif';\">Baz\u0131 gazeteler ise, g\u00f6zalt\u0131na al\u0131nan i\u015fadamlar\u0131ndan birinin \u201cTayyip Erdo\u011fan\u2019\u0131n da g\u00f6zbebe\u011fi olan Kas\u0131mpa\u015fa Spor Kul\u00fcb\u00fc\u2019n\u00fcn Ba\u015fkanvekili\u201d Ferit R\u0131zvano\u011flu oldu\u011funu duyurmu\u015ftu. <\/span><\/i><\/b><\/p>\n<p style=\"margin-bottom: 0.0001pt; text-align: justify; text-indent: 26.95pt; line-height: 150%;\"><b><i><span style=\"font-size: 10pt; line-height: 150%; font-family: 'Arial','sans-serif';\">Anla\u015f\u0131l\u0131yor ki, M\u0130T \u00fczerinden ba\u015flayan \u00c7ankaya muharebeleri, bu defa yolsuzluk kart\u0131 ile devam ediyordu. Mesela M\u0130T\u2019te kadrola\u015fma yap\u0131lmak istendi\u011fi ancak Tayyip Erdo\u011fan\u2019\u0131n buna izin vermedi\u011fi konu\u015fuluyordu.\u201d<a href=\"#_ftn2\" name=\"_ftnref2\" title=\"\"><\/a><b><span style=\"font-size: 10pt; line-height: 115%; font-family: 'Arial','sans-serif';\">[2]<\/span><\/b> <\/span><\/i><\/b><\/p>\n<p style=\"margin-bottom: 0.0001pt; text-align: justify; text-indent: 1cm; line-height: 150%;\"><b><span style=\"font-size: 12pt; line-height: 150%; font-family: 'Arial','sans-serif';\">\u0130\u015fte b\u00f6yle bir s\u00fcre\u00e7te, Genel Kurmay Ba\u015fkanlar\u0131n\u0131n, Kuvvet Komutanlar\u0131n\u0131n, Deniz, Hava ve Kara pa\u015falar\u0131n\u0131n ve kurmay Subaylar\u0131n \u201cTer\u00f6rist\u201d damgas\u0131yla i\u00e7eride tutulmalar\u0131, ABD ve \u0130srail aleyhtar\u0131 yazarlar\u0131n susturulmaya \u00e7al\u0131\u015f\u0131lmalar\u0131, hi\u00e7te iyi niyet ve hayra alamet say\u0131lm\u0131yordu. Yoksa birileri eliyle, zalim g\u00fc\u00e7lerin irileri, muhtemel bir sava\u015fta T\u00fcrkiye\u2019yi aciz ve \u00e7aresiz b\u0131rakmak m\u0131 istiyordu?<\/span><\/b><\/p>\n<p style=\"margin-bottom: 0.0001pt; text-align: justify; text-indent: 1cm; line-height: 150%;\"><b><span style=\"font-size: 13pt; line-height: 150%; font-family: 'Arial','sans-serif';\">Bir zamanlar, Milli G\u00f6r\u00fc\u015f\u00fc karalamak ve kendi kabahatlerini kapatmak \u00fczere: <i>\u201cO\u011fuzhan Asilt\u00fcrk\u2019\u00fcn Ermenili\u011fini\u201d<\/i> s\u00fcrekli g\u00fcndeme ta\u015f\u0131yan \u00dclk\u00fcc\u00fclerin a\u011fabeylerinden \u00dcmit \u00d6zda\u011f\u2019\u0131n \u015fimdilerde \u201cO\u011fuzhan Hayran\u0131\u201d kesilmesi de kafalar\u0131 kar\u0131\u015ft\u0131r\u0131yordu. \u00dcmit \u00d6zda\u011f: \u201cO\u011fuzhan Asilt\u00fcrk, Baz\u0131 Harbiyelilerden Daha Harbiyeli\u201d diye \u00f6v\u00fcyordu.<\/span><\/b><\/p>\n<p style=\"margin: 0cm 0cm 0.0001pt; text-align: justify; text-indent: 26.95pt; line-height: 150%;\"><i><span style=\"font-size: 10pt; line-height: 150%; font-family: 'Arial','sans-serif';\">\u201cO\u011fuzhan Asilt\u00fcrk, Milli G\u00f6r\u00fc\u015f siyasetinin en \u00f6ndeki isimlerinin ba\u015f\u0131nda gelmektedir. Bir politikac\u0131n\u0131n Milli G\u00f6r\u00fc\u015f siyasetinin \u00f6nde gelen bir ismi olmas\u0131 TSK ile aras\u0131n\u0131n iyi olmamas\u0131 i\u00e7in ba\u015fl\u0131 ba\u015f\u0131na bir nedendir. <\/span><\/i><span style=\"font-size: 10pt; line-height: 150%; font-family: 'Arial','sans-serif';\">(Bu yakla\u015f\u0131m Sn. \u00dcmit \u00d6zda\u011f\u2019\u0131n kendi yan\u0131lg\u0131s\u0131 ve kuruntular\u0131d\u0131r. \u00c7\u00fcnk\u00fc TSK\u2019ya samimiyetle sahip \u00e7\u0131kan ve gavurlara muhta\u00e7 konumdan kurtarmaya \u00e7al\u0131\u015fan tek lider Erbakan Hocam\u0131zd\u0131 ve O\u2019nun fikri ve ilmi varisleri olan Milli \u00c7\u00f6z\u00fcm\u00fcn tav\u0131rlar\u0131 ortadayd\u0131.)<i> 12 Eyl\u00fcl ve 28 \u015eubat\u2019ta Milli G\u00f6r\u00fc\u015f gelene\u011fi TSK\u2019dan a\u011f\u0131r darbe yemi\u015ftir. <\/i><\/span><\/p>\n<p style=\"margin: 0cm 0cm 0.0001pt; text-align: justify; text-indent: 26.95pt; line-height: 150%;\"><i><span style=\"font-size: 10pt; line-height: 150%; font-family: 'Arial','sans-serif';\">Askeri m\u00fcdahalelerden siyasi ve ki\u015fisel anlamda zarar g\u00f6rm\u00fc\u015f bir siyaset\u00e7i olarak O\u011fuzhan Asilt\u00fcrk\u2019\u00fcn Ergenekon davas\u0131 ile ilgili tespiti \u00f6nemlidir. <\/span><\/i><\/p>\n<p style=\"margin: 0cm 0cm 0.0001pt; text-align: justify; text-indent: 26.95pt; line-height: 150%;\"><i><span style=\"font-size: 10pt; line-height: 150%; font-family: 'Arial','sans-serif';\">Asilt\u00fcrk \u015f\u00f6yle demektedir:<\/span><\/i><span style=\"font-size: 10pt; line-height: 150%; font-family: 'Arial','sans-serif';\"> <\/span><b><span style=\"line-height: 150%; font-family: 'Arial','sans-serif';\">\u201cAKP h\u00fck\u00fcmetine kar\u015f\u0131 darbe yapmakla su\u00e7lanan subaylar vatansever ve milliyet\u00e7i olduklar\u0131 ve ABD\u2019nin \u00f6n\u00fcm\u00fczdeki g\u00fcnlerde \u0130ran\u2019\u0131 i\u015fgaline kar\u015f\u0131 \u00e7\u0131kacaklar\u0131 i\u00e7in tutuklanm\u0131\u015flard\u0131r.\u201d<\/span><\/b><span style=\"font-size: 10pt; line-height: 150%; font-family: 'Arial','sans-serif';\"><\/span><\/p>\n<p style=\"margin: 0cm 0cm 0.0001pt; text-align: justify; text-indent: 26.95pt; line-height: 150%;\"><i><span style=\"font-size: 10pt; line-height: 150%; font-family: 'Arial','sans-serif';\">O\u011fuzhan Asilt\u00fcrk\u2019\u00fcn bu s\u00f6zlerinin bir \u00e7ok a\u00e7\u0131dan \u00f6nemi vard\u0131r. Her\u015feyi bir tarafa b\u0131rakal\u0131m, TSK\u2019da bu kadar general, amiral ve \u00fcst r\u00fctbeli subay tutuklan\u0131rken, NATO ve ABD\u2019den \u201cNe oluyor? Acaba bilgi alabilir miyiz?\u201d sorusunun dahi gelmemesi bence \u00e7ok a\u00e7\u0131klay\u0131c\u0131d\u0131r. Asilt\u00fcrk\u2019\u00fcn bu a\u00e7\u0131klamas\u0131ndan sonra ona sald\u0131ranlar, \u201cErgenekon operasyonu bir NATO-ABD karar\u0131n\u0131n uygulanmas\u0131d\u0131r\u201d diye yazan Hasan Cemal, Prof. Dr. \u0130hsan Da\u011f\u0131, Yasemin \u00c7ongar, Ergun Babahan, B\u00fclent Orako\u011flu, Ali H. Arslan ayn\u0131 tespiti yapt\u0131klar\u0131nda neden susmu\u015flar hatta alk\u0131\u015flam\u0131\u015flard\u0131r?<\/span><\/i><\/p>\n<p style=\"margin: 0cm 0cm 0.0001pt; text-align: justify; text-indent: 26.95pt; line-height: 150%;\"><i><span style=\"font-size: 10pt; line-height: 150%; font-family: 'Arial','sans-serif';\">Bence O\u011fuzhan Asilt\u00fcrk\u2019\u00fcn bu duru\u015funun bir ba\u015fka \u00f6nemi de son y\u0131llarda Harp Okulu ve Harp Akademisinden mezun olduklar\u0131 halde iktidar\u0131n parti okulundan mezun olmu\u015f gibi televizyonlarda konu\u015fan \u201ceski\u201d Harbiyelilerden daha Harbiyeli oldu\u011funu g\u00f6stermesidir. Ne de olsa Asilt\u00fcrk, 2220 sene \u00f6nce T\u00fcrk Ordusu\u2019nu kurumsalla\u015ft\u0131ran O\u011fuzhan\u2019\u0131n ismini ta\u015f\u0131yor<\/span><\/i><span style=\"font-size: 10pt; line-height: 150%; font-family: 'Arial','sans-serif';\">.\u201d<a href=\"#_ftn3\" name=\"_ftnref3\" title=\"\"><\/a><span style=\"font-size: 10pt; line-height: 115%; font-family: 'Arial','sans-serif';\">[3]<\/span> <\/span><\/p>\n<p style=\"margin: 0cm 0cm 0.0001pt; text-align: justify; text-indent: 26.95pt; line-height: 150%;\"><span style=\"line-height: 150%; font-family: 'Arial','sans-serif';\">Oysa Milli G\u00f6r\u00fc\u015fe, malum g\u00fc\u00e7lerce kas\u0131tl\u0131 olarak sokulan ve Erbakan taraf\u0131ndan stratejik bir sab\u0131rla kendisine katlan\u0131lan; <b><i>\u201cErgenekon tertibiyle asl\u0131nda TSK y\u0131prat\u0131lmaya \u00e7al\u0131\u015f\u0131lmaktad\u0131r.\u201d<\/i><\/b> dedi\u011fi i\u00e7in Milli \u00c7\u00f6z\u00fcm Ekibini su\u00e7lay\u0131p d\u0131\u015flayan bu O\u011fuzhan Asilt\u00fcrk; asl\u0131nda Siyonist odaklara: <b><i>\u201cMilli T\u00fcrkiye, haz\u0131rlad\u0131\u011f\u0131n\u0131z tezgah\u0131n fark\u0131na varm\u0131\u015f ve gerekli \u00f6nlemleri almaya ba\u015flam\u0131\u015ft\u0131r. Ona g\u00f6re davran\u0131n\u0131z.\u201d<\/i><\/b> Mesajlar\u0131 yolluyordu. Yoksa, \u00dcmit \u00d6zda\u011f\u2019\u0131n zannetti\u011fi gibi \u201cdamarlar\u0131ndaki O\u011fuz kan\u0131n\u0131n gere\u011fini\u201d yapm\u0131yordu.<\/span><\/p>\n<p style=\"margin: 0cm 0cm 0.0001pt; text-align: justify; text-indent: 26.95pt; line-height: 150%;\"><b><span style=\"font-size: 14pt; line-height: 150%; font-family: 'Arial','sans-serif';\">Akif Beki Uyanmaya m\u0131 Ba\u015fl\u0131yordu?!<\/span><\/b><\/p>\n<p style=\"margin: 0cm 0cm 0.0001pt; text-align: justify; text-indent: 26.95pt; line-height: 150%;\"><b><span style=\"font-size: 11pt; line-height: 150%; font-family: 'Arial','sans-serif';\">Uzun y\u0131llar Ba\u015fbakan\u2019\u0131n kerametlerini ve AKP\u2019nin y\u00fcksek meziyet ve marifetlerini yazan Akif Beki \u015fimdi iktidar\u0131n ve kurumlar\u0131n\u0131n Ergenekonvari davrand\u0131\u011f\u0131ndan \u015f\u00f6yle \u015fikayet ediyordu:<\/span><\/b><\/p>\n<p style=\"margin: 0cm 0cm 0.0001pt; text-align: justify; text-indent: 26.95pt; line-height: 150%;\"><b><i><span style=\"font-size: 10pt; line-height: 150%; font-family: 'Arial','sans-serif';\">\u201cAnti-Ergenekon&#8217;un da Ergenekon&#8217;un davran\u0131\u015flar\u0131n\u0131 kopya eder hale gelmesinden endi\u015feliyim. Anti-Ergenekon olgusu, zaman i\u00e7inde bir \u00e7e\u015fit mesleki deformasyona u\u011frama riski ta\u015f\u0131yor.<\/span><\/i><\/b><\/p>\n<p style=\"margin: 0cm 0cm 0.0001pt; text-align: justify; text-indent: 26.95pt; line-height: 150%;\"><b><i><span style=\"font-size: 10pt; line-height: 150%; font-family: 'Arial','sans-serif';\">\u201cDevleti ve medyay\u0131 ar\u0131nd\u0131rd\u0131\u011f\u0131m\u0131z\u0131 zannetti\u011fimiz melanetler, bir de bak\u0131yoruz ki elimize yap\u0131\u015fm\u0131\u015f. Bir de bak\u0131yoruz ki bir bi\u00e7imde b\u00fcnyenin temiz organlar\u0131na da sirayet etmi\u015f. Bir bak\u0131yoruz ki kurtulmaya \u00e7al\u0131\u015ft\u0131\u011f\u0131m\u0131z her ne k\u00f6t\u00fc al\u0131\u015fkanl\u0131k, her ne adi y\u00f6ntem varsa hepsi \u2018yeni T\u00fcrkiye\u2019ye<\/span><\/i><\/b><span style=\"font-size: 10pt; line-height: 150%; font-family: 'Arial','sans-serif';\"> (AKP y\u00f6netimine) <b><i>de bula\u015fm\u0131\u015f&#8230; <\/i><\/b><\/span><\/p>\n<p style=\"margin: 0cm 0cm 0.0001pt; text-align: justify; text-indent: 26.95pt; line-height: 150%;\"><b><i><span style=\"font-size: 10pt; line-height: 150%; font-family: 'Arial','sans-serif';\">Ergenekon\u2019culardan talimli oldu\u011fumuz bir dille, a\u015fina oldu\u011fumuz taktiklerle kar\u015f\u0131la\u015f\u0131yoruz. <br \/> Eski and\u0131\u00e7lar\u0131 yazanlar i\u00e7eride oldu\u011fu halde, onlar\u0131 aratmayan yeni psikolojik harek\u00e2t emirleri yaz\u0131l\u0131p uygulamaya konmu\u015f\u00e7as\u0131na havalar estiriliyor. Organize karalama kampanyalar\u0131 y\u00fcr\u00fct\u00fcl\u00fcyor. D\u00fc\u015fmanla\u015ft\u0131r\u0131lan ki\u015fi ve kurumlar\u0131n haysiyetine a\u011f\u0131r sald\u0131r\u0131lar d\u00fczenleniyor. Ergenekon \u00e7etesinin bile gitmedi\u011fi kadar ileri giden \u00f6rneklere rastlad\u0131\u011f\u0131m\u0131z oluyor. <\/span><\/i><\/b><\/p>\n<p style=\"margin: 0cm 0cm 0.0001pt; text-align: justify; text-indent: 26.95pt; line-height: 150%;\"><b><i><span style=\"font-size: 10pt; line-height: 150%; font-family: 'Arial','sans-serif';\">Ergenekon\u2019la m\u00fccadelenin ba\u015flang\u0131\u00e7 idealleri a\u00e7\u0131kt\u0131. Ergenekon\u2019suz, \u00e7etesiz, and\u0131\u00e7s\u0131z, i\u00e7 d\u00fc\u015fmans\u0131z, psikolojik harek\u00e2ts\u0131z bir devlet \u00f6zleminden yola \u00e7\u0131k\u0131lm\u0131\u015ft\u0131. Oysa bu m\u00fccadele, o g\u00f6r\u00fcnmez devletin yerini yeni bir g\u00f6r\u00fcnmez devletin almas\u0131 i\u00e7in ba\u015flat\u0131lmam\u0131\u015ft\u0131. Anti-Ergenekon\u2019un, Ergenekon\u2019un yerine ikame edilece\u011fi hesaplanm\u0131\u015ft\u0131.<a href=\"#_ftn4\" name=\"_ftnref4\" title=\"\"><\/a><b><span style=\"font-size: 10pt; line-height: 115%; font-family: 'Arial','sans-serif';\">[4]<\/span><\/b><\/span><\/i><\/b><\/p>\n<p style=\"margin-bottom: 0.0001pt; text-align: justify; text-indent: 1cm; line-height: 150%;\"><b><span style=\"font-size: 12pt; line-height: 150%; font-family: 'Arial','sans-serif';\">Sn. Prof. Sami Sel\u00e7uk\u2019un Ba\u015fbakan\u2019a yazd\u0131\u011f\u0131 \u201cA\u00e7\u0131k Mektup\u201dta baz\u0131 hakl\u0131 uyar\u0131lar\u0131 yan\u0131nda <\/span><\/b><b><i><span style=\"font-size: 13pt; line-height: 150%; font-family: 'Arial','sans-serif';\">\u201cAB i\u00e7inde T\u00fcrkiye\u2019nin eritilmesi ve k\u00fcreselle\u015fme hevesiyle Siyonist sermayeye k\u00f6lele\u015fmesi\u201d<\/span><\/i><\/b><b><span style=\"font-size: 14pt; line-height: 150%; font-family: 'Arial','sans-serif';\"> <\/span><\/b><b><span style=\"font-size: 12pt; line-height: 150%; font-family: 'Arial','sans-serif';\">s\u00fcrecinin sekteye u\u011frat\u0131lmas\u0131 konusundaki derin ku\u015fkular\u0131n\u0131 yans\u0131t\u0131yordu:<\/span><\/b><b><span style=\"font-size: 14pt; line-height: 150%; font-family: 'Arial','sans-serif';\"><\/span><\/b><\/p>\n<p style=\"margin: 0cm 0cm 0.0001pt; text-align: justify; text-indent: 26.95pt; line-height: 150%;\" class=\"date\"><b><span style=\"font-size: 10pt; line-height: 150%; font-family: 'Arial','sans-serif';\">\u201cAB&#8217;ye girmek isteyen T\u00fcrkiye, h\u0131zla AB hukukundan uzakla\u015fmaktad\u0131r ve bu haliyle Bel\u00e7ika&#8217;n\u0131n 181, Bolivya&#8217;n\u0131n 151, Fransa&#8217;n\u0131n da 142 y\u0131l gerisindedir.<\/span><\/b><\/p>\n<p style=\"margin: 0cm 0cm 0.0001pt; text-align: justify; text-indent: 26.95pt; line-height: 150%;\"><b><span style=\"font-size: 10pt; line-height: 150%; font-family: 'Arial','sans-serif';\">Say\u0131n Ba\u015fbakan, <\/span><\/b><\/p>\n<p style=\"margin: 0cm 0cm 0.0001pt; text-align: justify; text-indent: 26.95pt; line-height: 150%;\"><b><span style=\"font-size: 10pt; line-height: 150%; font-family: 'Arial','sans-serif';\">Onca i\u015finizin aras\u0131nda size seslenmeyi \u00fclkeme ve hukuka kar\u015f\u0131 bir y\u00fck\u00fcml\u00fcl\u00fck olarak g\u00f6r\u00fcyorum. Bu sat\u0131rlar\u0131 yazarken olas\u0131l\u0131kla komisyon, <\/span><\/b><span style=\"font-size: 10pt; line-height: 150%; font-family: 'Arial','sans-serif';\">(M\u0130T yasas\u0131yla ilgili ki\u015fiye \u00f6zel)<b> de\u011fi\u015fiklik yapan tasar\u0131y\u0131 g\u00f6r\u00fc\u015f\u00fcyor olacak. Hi\u00e7 \u00f6nemli de\u011fil. Se\u00e7im sisteminin \u00e7arp\u0131kl\u0131\u011f\u0131 y\u00fcz\u00fcnden milletin vekilleri, \u00f6z\u00fcnde, nas\u0131l olsa genel ba\u015fkanlar\u0131n\u0131n vekilleri. Onlar\u0131n i\u00e7inde en son s\u00f6z\u00fc s\u00f6yleyecek olan da sizsiniz. \u00c7\u00fcnk\u00fc say\u0131sal \u00e7o\u011funlu\u011fun ba\u015f\u0131 sizsiniz. <\/b><\/span><\/p>\n<p style=\"margin: 0cm 0cm 0.0001pt; text-align: justify; text-indent: 26.95pt; line-height: 150%;\"><b><span style=\"font-size: 10pt; line-height: 150%; font-family: 'Arial','sans-serif';\">T\u00fcrk hukuku, \u00e7a\u011fc\u0131l de\u011ferlere yaslanan Bat\u0131 kaynakl\u0131d\u0131r; benimseme yolu ile al\u0131nm\u0131\u015ft\u0131r. Ancak Bat\u0131 de\u011ferlerini, \u00f6zellikle temel Bat\u0131l\u0131 kavramlar\u0131\/terimleri\/kurumlar\u0131\/ilkeleri hen\u00fcz ya\u015fama ge\u00e7irememi\u015ftir. <br \/> Bunlardan biri de \u2018izin\u2019 kavram\u0131 ve kurumudur. <\/span><\/b><\/p>\n<p style=\"margin: 0cm 0cm 0.0001pt; text-align: justify; text-indent: 26.95pt; line-height: 150%;\"><b><span style=\"font-size: 10pt; line-height: 150%; font-family: 'Arial','sans-serif';\">18. ve 19. y\u00fczy\u0131llarda kamu g\u00f6revlilerini, dolay\u0131s\u0131yla devleti korumak amac\u0131yla, bir\u00e7ok \u00fclkede bu sistem benimsenmi\u015fti. Ancak uygulamada merciler, yine bizdeki gibi, izin yetkisini s\u00fcrekli kamu g\u00f6revlisini koruma ve onu ayr\u0131cal\u0131kl\u0131 k\u0131lma bi\u00e7iminde kullan\u0131yordu. Sonralar\u0131 bu sistemi Fransa 1870\u2019te, Bel\u00e7ika da 1831 anayasas\u0131yla kald\u0131rd\u0131. Bel\u00e7ika bu sistemin geri getirilmesini, gelecek yasama organlar\u0131n\u0131 ba\u011flayacak bi\u00e7imde, anayasal boyutta yasaklad\u0131 (madde 24, 1994 anayasas\u0131, madde 31). Bu sistem, Kara Avrupas\u0131nda Almanya, \u0130spanya, Portekiz, Yunanistan, \u00c7ekoslovakya, Romanya ve Rusya\u2019da yoktur. Latin Amerika\u2019da 1861\u2019e dek sadece Bolivya\u2019da vard\u0131. Afrika\u2019da da sadece dar bir kadro i\u00e7in Togo\u2019da vard\u0131r. <\/span><\/b><\/p>\n<p style=\"margin: 0cm 0cm 0.0001pt; text-align: justify; text-indent: 26.95pt; line-height: 150%;\"><b><span style=\"font-size: 10pt; line-height: 150%; font-family: 'Arial','sans-serif';\">K\u0131sacas\u0131, 1999\/4483 say\u0131l\u0131 yasan\u0131n getirdi\u011fi izin sistemi, g\u00fcn\u00fcm\u00fczde hemen hi\u00e7bir uygar ve demokratik ve de geli\u015fmekte olan \u00fclkede yoktur. Olanlarda da ge\u00e7en y\u00fczy\u0131llarda tarihe kar\u0131\u015fm\u0131\u015ft\u0131r. <br \/> Bug\u00fcn uygar d\u00fcnyada benimsenen, yarg\u0131sal g\u00fcvence dizgesidir. Buna g\u00f6re soru\u015fturmay\u0131 da kovu\u015fturmay\u0131 da yarg\u0131 yapacakt\u0131r. Bu konuda kimseye ayr\u0131cal\u0131k tan\u0131nmamaktad\u0131r. <\/span><\/b><\/p>\n<p style=\"margin: 0cm 0cm 0.0001pt; text-align: justify; text-indent: 26.95pt; line-height: 150%;\"><b><span style=\"font-size: 10pt; line-height: 150%; font-family: 'Arial','sans-serif';\">Bu durumuyla AB\u2019ye girmek isteyen T\u00fcrkiye, AB hukukuyla b\u00fct\u00fcnle\u015fmek \u015f\u00f6yle dursun, h\u0131zla bu hukuktan uzakla\u015fmakta; tasar\u0131 ise bunun bir \u00f6rne\u011fini daha vermektedir. Bel\u00e7ika\u2019n\u0131n 181; Bolivya\u2019n\u0131n 151; Fransa\u2019n\u0131n 142 y\u0131l gerisindedir.&nbsp;<\/span><\/b><\/p>\n<p style=\"margin: 0cm 0cm 0.0001pt; text-align: justify; text-indent: 26.95pt; line-height: 150%;\"><b><span style=\"font-size: 10pt; line-height: 150%; font-family: 'Arial','sans-serif';\">Say\u0131n Ba\u015fbakan, <\/span><\/b><\/p>\n<p style=\"margin: 0cm 0cm 0.0001pt; text-align: justify; text-indent: 26.95pt; line-height: 150%;\"><b><span style=\"font-size: 10pt; line-height: 150%; font-family: 'Arial','sans-serif';\">AB\u2019ye girmek isteyen 21. y\u00fczy\u0131l T\u00fcrkiyesi\u2019ne yak\u0131\u015fm\u0131yor bu t\u00fcr \u00e7a\u011f gerisi d\u00fczenlemeler. Y\u00f6netimin saydaml\u0131\u011f\u0131, hesap verebilir olmas\u0131, e\u015fitlik, hukukun \u00fcst\u00fcnl\u00fc\u011f\u00fc, erkler ayr\u0131l\u0131\u011f\u0131, yarg\u0131 ba\u011f\u0131ms\u0131zl\u0131\u011f\u0131 ilkeleriyle \u00e7at\u0131\u015f\u0131yor. Devleti de yarg\u0131y\u0131 da kamu g\u00f6revlisini de k\u00fc\u00e7\u00fck d\u00fc\u015f\u00fcr\u00fcyor. <\/span><\/b><\/p>\n<p style=\"margin: 0cm 0cm 0.0001pt; text-align: justify; text-indent: 26.95pt; line-height: 150%;\"><b><span style=\"font-size: 10pt; line-height: 150%; font-family: 'Arial','sans-serif';\">Buna kar\u015f\u0131n iktidar\u0131n\u0131z, tasar\u0131 ile 1983\/2937 say\u0131l\u0131 Devlet \u0130stihbarat Hizmetleri ve Milli \u0130stihbarat Te\u015fkilat\u0131 yasas\u0131n\u0131n 26. maddesini bu yasa do\u011frultusunda de\u011fi\u015ftirerek, bu \u00e7a\u011f gerisi sistemi \u015feddeli bi\u00e7imde peki\u015ftiriyor. Asl\u0131nda buna gerek yok. \u00c7\u00fcnk\u00fc 1999\/4483 say\u0131l\u0131 yasan\u0131n maddeleri bu yasadaki bo\u015fluklar\u0131 doldurmaktad\u0131r. Ancak her iki yasada \u00f6ng\u00f6r\u00fclen \u2018izin; \u2018denetlenebilen ba\u011f\u0131ml\u0131 de\u011ferlendirme yetkisi\u2019 i\u00e7indedir. Dolay\u0131s\u0131yla aleyhine itiraz edilebilen, izin verence hukuksal inceleme sonucu gerek\u00e7e g\u00f6sterilmesi zorunlu, denetlenebilen bir izindir. <\/span><\/b><\/p>\n<p style=\"margin: 0cm 0cm 0.0001pt; text-align: justify; text-indent: 26.95pt; line-height: 150%;\"><b><span style=\"font-size: 10pt; line-height: 150%; font-family: 'Arial','sans-serif';\">Ki\u015filere \u00f6zg\u00fc k\u0131nanas\u0131 yasal d\u00fczenlemelerden de vazge\u00e7in. Hukukun s\u00fctunlar\u0131ndan biri olan \u2018yasal kurallar\u0131n ki\u015fi d\u0131\u015f\u0131l\u0131\u011f\u0131 (gayri\u015fahsili\u011fi) ilkesi\u2019ni \u00e7i\u011fnemeyin. \u0130ttihat ve Terakki\u2019nin \u201cYok yasa, yap yasa\u201d anlay\u0131\u015f\u0131n\u0131 reddedin. <\/span><\/b><\/p>\n<p style=\"margin: 0cm 0cm 0.0001pt; text-align: justify; text-indent: 26.95pt; line-height: 150%;\"><b><span style=\"font-size: 10pt; line-height: 150%; font-family: 'Arial','sans-serif';\">Say\u0131n Ba\u015fbakan, <\/span><\/b><\/p>\n<p style=\"margin: 0cm 0cm 0.0001pt; text-align: justify; text-indent: 26.95pt; line-height: 150%;\"><b><span style=\"font-size: 10pt; line-height: 150%; font-family: 'Arial','sans-serif';\">Hukuk sadece sizin de\u011fil, peygamberlerin bile \u00fczerindedir. Kurey\u015f\u2019ten h\u0131rs\u0131zl\u0131k yapan biri el kesme cezas\u0131na \u00e7arpt\u0131r\u0131l\u0131nca, aile Hz. Peygamber\u2019in \u00e7ok sevdi\u011fi bir sahabeyi kendisine \u015fefaat i\u00e7in yollar. Hz. Muhammed \u015fu yan\u0131t\u0131 verir: \u201cSizden \u00f6ncekiler \u015feriata (hukuk, f\u0131k\u0131h) uymad\u0131klar\u0131 i\u00e7in yok oldular. K\u0131z\u0131m Fat\u0131ma bu su\u00e7u i\u015fleseydi, yine elinin kesilmesine karar verirdim.\u201d <\/span><\/b><\/p>\n<p style=\"margin: 0cm 0cm 0.0001pt; text-align: justify; text-indent: 26.95pt; line-height: 150%;\"><b><span style=\"font-size: 10pt; line-height: 150%; font-family: 'Arial','sans-serif';\">Nizam-\u00fcl M\u00fclk\u2019\u00fcn bir \u00f6zdeyi\u015fiyle s\u00f6zlerimi bitirmek isterim: \u201c\u0130yi sultanlar, bilginlerle d\u00fc\u015f\u00fcp kalkanlard\u0131r. \u0130yi bilginler ise, sultanlar\u0131n kap\u0131s\u0131na s\u0131\u011f\u0131nmayanlard\u0131r.\u201d <\/span><\/b><\/p>\n<p style=\"margin: 0cm 0cm 0.0001pt; text-align: justify; text-indent: 26.95pt; line-height: 150%;\"><b><span style=\"font-size: 10pt; line-height: 150%; font-family: 'Arial','sans-serif';\">Bu y\u00fczden \u2018Ayd\u0131nlanma\u2019n\u0131n iki b\u00fcy\u00fck devlet y\u00f6neticisi Kral B\u00fcy\u00fck (II.) Friedrich ve \u00c7ari\u00e7e II. Katerina, s\u00fcrekli olarak bilginlerle d\u00fc\u015f\u00fcp kalkt\u0131lar. Gelece\u011fe, hukuk dahil, \u00e7ok g\u00fczel \u015feyler b\u0131rakt\u0131lar. <\/span><\/b><\/p>\n<p style=\"margin: 0cm 0cm 0.0001pt; text-align: justify; text-indent: 26.95pt; line-height: 150%;\"><b><span style=\"font-size: 10pt; line-height: 150%; font-family: 'Arial','sans-serif';\">Bu y\u00fczden Ebu Hanife, onca zor kullan\u0131lmas\u0131na ve i\u015fkencelere kar\u015f\u0131n Ta\u011futi sisteme, Abbasi halifesi Ebu Cafer Mansur\u2019un \u0130slam\u2019a ayk\u0131r\u0131 fetva iste\u011fine boyun e\u011fmemi\u015ftir. Ebu Hanife ticaretle, yoksullukla bo\u011fu\u015fan Spinoza g\u00f6zl\u00fck\u00e7\u00fcl\u00fckle u\u011fra\u015fm\u0131\u015f, devlet y\u00f6netiminde g\u00f6rev almay\u0131 reddetmi\u015flerdir. Se\u00e7im sizin&#8230; Sayg\u0131lar\u0131mla.<a href=\"#_ftn5\" name=\"_ftnref5\" title=\"\"><\/a><b><span style=\"font-size: 10pt; line-height: 115%; font-family: 'Arial','sans-serif';\">[5]<\/span><\/b>&nbsp;<\/span><\/b><\/p>\n<p style=\"margin: 0cm 0cm 0.0001pt; text-align: justify; text-indent: 26.95pt; line-height: 150%;\"><b><span style=\"font-size: 13pt; line-height: 150%; font-family: 'Arial','sans-serif';\">Burada Sn. Sami Sel\u00e7uk\u2019a da sormak gerekiyordu:<\/span><\/b><\/p>\n<p style=\"margin: 0cm 0cm 0.0001pt; text-align: justify; text-indent: 26.95pt; line-height: 150%;\"><b><span style=\"font-size: 13pt; line-height: 150%; font-family: 'Arial','sans-serif';\">\u0130mam\u0131 Azam Ebu Hanife\u2019ye, Bat\u0131l\u0131lar\u0131n bile hayran kald\u0131\u011f\u0131 engin ve adil f\u0131k\u0131h-hukuk bilgisini ve yeni, hatta muhtemel sorunlara \u00e7\u00f6z\u00fcm \u00fcretme becerisini kazand\u0131ran Kur\u2019ani kurallar\u0131 ve Nebevi d\u00fcsturlar\u0131 esas alarak haz\u0131rlanan, \u00e7a\u011fda\u015f standart ve ihtiya\u00e7lara da uygun bulunan \u201cAdil D\u00fczen\u201d programlar\u0131n\u0131 okumaya ve bilimsel tenkit ve tahliller yapmaya cesaretiniz mi, yoksa Ayd\u0131nlanmac\u0131 masonik felsefeniz mi yetersiz kalmaktayd\u0131?<\/span><\/b><\/p>\n<div><br clear=\"all\" \/><\/p>\n<hr size=\"1\" width=\"33%\" align=\"left\" \/>\n<div>\n<p><a href=\"#_ftnref1\" name=\"_ftn1\" title=\"\"><\/a><span style=\"font-size: 10pt; line-height: 115%; font-family: 'Calibri','sans-serif';\">[1]<\/span> Milli Gazete \/ R. Nuri Erol<\/p>\n<\/p><\/div>\n<div>\n<p><a href=\"#_ftnref2\" name=\"_ftn2\" title=\"\"><\/a><span style=\"font-size: 9pt; line-height: 115%;\"><span style=\"font-size: 9pt; line-height: 115%; font-family: 'Calibri','sans-serif';\">[2]<\/span><\/span><span style=\"font-size: 9pt; line-height: 115%;\"> <\/span><span style=\"font-size: 9pt; line-height: 115%; font-family: 'Arial','sans-serif';\">Aslan Bulut \/ Yeni\u00e7a\u011f \/ 16 02 2012<\/span><span style=\"font-size: 9pt; line-height: 115%;\"><\/span><\/p>\n<\/p><\/div>\n<div>\n<p style=\"margin-bottom: 0.0001pt; line-height: normal;\"><a href=\"#_ftnref3\" name=\"_ftn3\" title=\"\"><\/a><span style=\"font-size: 10pt; line-height: 115%; font-family: 'Calibri','sans-serif';\">[3]<\/span> <span style=\"font-size: 9pt; font-family: 'Arial','sans-serif';\">Yeni\u00e7a\u011f \/ 16.02.2012 \/ \u00dcmit \u00d6zda\u011f<\/span><span style=\"font-family: 'Arial','sans-serif';\"> <\/span><b><span style=\"font-size: 14pt; font-family: 'Arial','sans-serif';\"> <\/span><\/b><\/p>\n<\/p><\/div>\n<div>\n<p style=\"margin-bottom: 0.0001pt; line-height: normal;\"><a href=\"#_ftnref4\" name=\"_ftn4\" title=\"\"><\/a><span style=\"font-size: 10pt; line-height: 115%; font-family: 'Calibri','sans-serif';\">[4]<\/span> Radikal \/ 16-02-2012<\/p>\n<\/p><\/div>\n<div>\n<p><a href=\"#_ftnref5\" name=\"_ftn5\" title=\"\"><\/a><span style=\"font-size: 10pt; line-height: 115%; font-family: 'Calibri','sans-serif';\">[5]<\/span> <span style=\"font-family: 'Arial','sans-serif';\">Radikal \/ 16\/02\/2012 \/ Sami Sel\u00e7uk <\/span><\/p>\n<\/p><\/div>\n<\/p><\/div>\n<p>&nbsp;<\/p>\n","protected":false},"excerpt":{"rendered":"<p>Sabataist soylu ve Recep T. Erdo\u011fan\u2019\u0131n \u00f6zel dostu Mehmet Ali Birand\u2019\u0131n haz\u0131rlay\u0131p sundu\u011fu \u201cSon Darbe 28 \u015eubat\u201d belgeseli: * Askeri darbelere kar\u015f\u0131 \u00e7\u0131k\u0131yor * Demokrasiyi savunup sahipleniyor * Yak\u0131n ge\u00e7mi\u015fe \u0131\u015f\u0131k tutuyor ve gizli ger\u00e7ekleri a\u00e7\u0131kl\u0131yor g\u00f6r\u00fcnt\u00fcs\u00fcyle * As\u0131l su\u00e7lu ve sorumlu olarak Erbakan\u2019\u0131n k\u0131\u015fk\u0131rt\u0131c\u0131 ve ortam\u0131 kar\u0131\u015ft\u0131r\u0131c\u0131 davrand\u0131\u011f\u0131n\u0131 * \u015eeriat\u00e7\u0131lar\u0131n ve siyasal \u0130slamc\u0131lar\u0131n nas\u0131l [&hellip;]<\/p>\n","protected":false},"author":1,"featured_media":0,"comment_status":"open","ping_status":"closed","sticky":false,"template":"","format":"standard","meta":{"footnotes":""},"categories":[98],"tags":[],"class_list":["post-2224","post","type-post","status-publish","format-standard","hentry","category-ozel-yazilar"],"_links":{"self":[{"href":"https:\/\/www.millicozum.com\/mc\/wp-json\/wp\/v2\/posts\/2224","targetHints":{"allow":["GET"]}}],"collection":[{"href":"https:\/\/www.millicozum.com\/mc\/wp-json\/wp\/v2\/posts"}],"about":[{"href":"https:\/\/www.millicozum.com\/mc\/wp-json\/wp\/v2\/types\/post"}],"author":[{"embeddable":true,"href":"https:\/\/www.millicozum.com\/mc\/wp-json\/wp\/v2\/users\/1"}],"replies":[{"embeddable":true,"href":"https:\/\/www.millicozum.com\/mc\/wp-json\/wp\/v2\/comments?post=2224"}],"version-history":[{"count":0,"href":"https:\/\/www.millicozum.com\/mc\/wp-json\/wp\/v2\/posts\/2224\/revisions"}],"wp:attachment":[{"href":"https:\/\/www.millicozum.com\/mc\/wp-json\/wp\/v2\/media?parent=2224"}],"wp:term":[{"taxonomy":"category","embeddable":true,"href":"https:\/\/www.millicozum.com\/mc\/wp-json\/wp\/v2\/categories?post=2224"},{"taxonomy":"post_tag","embeddable":true,"href":"https:\/\/www.millicozum.com\/mc\/wp-json\/wp\/v2\/tags?post=2224"}],"curies":[{"name":"wp","href":"https:\/\/api.w.org\/{rel}","templated":true}]}}