{"id":2247,"date":"2012-03-15T06:20:32","date_gmt":"2012-03-15T06:20:32","guid":{"rendered":"https:\/\/www.millicozum.com\/mc\/2012\/03\/15\/siyonizmin-ulusalci-ve-islamci-hizmetcileri\/"},"modified":"2012-03-15T06:20:32","modified_gmt":"2012-03-15T06:20:32","slug":"siyonizmin-ulusalci-ve-islamci-hizmetcileri","status":"publish","type":"post","link":"https:\/\/www.millicozum.com\/mc\/ozel-yazilar\/siyonizmin-ulusalci-ve-islamci-hizmetcileri\/","title":{"rendered":"S\u0130YON\u0130ZM\u0130N; ULUSALCI VE \u0130SLAMCI H\u0130ZMET\u00c7\u0130LER\u0130"},"content":{"rendered":"\n<p style=\"margin-bottom: 0.0001pt; text-indent: 1cm; line-height: 150%;\"><span style=\"font-size: 13pt; line-height: 150%; font-family: 'Arial','sans-serif';\">Siyonizm; baz\u0131 sap\u0131k Yahudilerin, \u015eeytani hedef ve prensipleri sistemle\u015ftirdikleri bozuk bir ideolojidir. Uhrevi d\u00fc\u015f\u00fcnceden ve manevi disiplinden uzak ya\u015fayan, nefsi hevas\u0131n\u0131 ve d\u00fcnyal\u0131k hesaplar\u0131n\u0131 tanr\u0131la\u015ft\u0131ran, dinini ve ideolojisini s\u00fcrekli istismar etmekten sak\u0131nmayan her insan, zahiren M\u00fcsl\u00fcman, Hristiyan, ateist te san\u0131lsa, asl\u0131nda \u015eeytan\u2019\u0131n ve Siyonist odaklar\u0131n do\u011fal bir \u00fcyesi ve hizmet\u00e7isidir. Zaten Masonlar, Lionslar, Rotaryanler, bu \u015feytan \u015febekesinin resmi ekipleridir. Bunlar\u0131n solcu veya sa\u011fc\u0131, ulusalc\u0131 veya \u0131l\u0131ml\u0131 \u0130slamc\u0131, Rusyac\u0131 veya Amerikanc\u0131 ge\u00e7inmeleri, ger\u00e7ekten farkl\u0131 olduklar\u0131 anlam\u0131na gelmemektedir.<\/span><\/p>\n<p style=\"margin-bottom: 0.0001pt; text-align: justify; text-indent: 1cm; line-height: 150%;\"><span style=\"font-size: 13pt; line-height: 150%; font-family: 'Arial','sans-serif';\">28 \u015eubat\u0131n; <b><i>\u201cErbakan\u2019\u0131n \u015fahs\u0131nda Milli ve \u0130slami uyan\u0131\u015f\u0131 bo\u011fmak\u201d<\/i><\/b> \u00fczere d\u0131\u015f g\u00fc\u00e7ler ve Siyonist Yahudi merkezlerce tertiplendi\u011fini, asker ve sivil yerli i\u015fbirlik\u00e7ilere ise sadece bu Siyonist senaryoda fig\u00fcran olarak g\u00f6rev verildi\u011fini hala anlamayan, veya \u00f6zenle saklamaya \u00e7al\u0131\u015fan\u2026 Ve dahi, \u0130slam\u2019\u0131 en b\u00fcy\u00fck tehdit ve tehlike say\u0131p M\u00fcsl\u00fcmanlar\u0131; \u201cgericilikle su\u00e7layan\u201d \u015fu ulusalc\u0131 tak\u0131m\u0131:<\/span><\/p>\n<p style=\"margin-bottom: 0.0001pt; text-align: justify; text-indent: 1cm; line-height: 150%;\"><b><i><span style=\"font-size: 13pt; line-height: 150%; font-family: 'Arial','sans-serif';\">\u201cEfendim 28 \u015eubat, hortlayan gericili\u011fi bast\u0131rmak ve Cumhuriyeti kurtarmak \u00fczere giri\u015filmi\u015f Atat\u00fcrk\u00e7\u00fc bir harekettir. Ama orduya s\u0131zd\u0131r\u0131lan G\u00fcven Erkaya ve \u00c7evik Bir gibi, ABD\u2019nin Truva atlar\u0131 bu hareketin hedefini de\u011fi\u015ftirdi ve AKP\u2019nin iktidara ta\u015f\u0131nmas\u0131 s\u00fcrecine hizmet edildi\u2026\u201d<\/span><\/i><\/b><span style=\"font-size: 13pt; line-height: 150%; font-family: 'Arial','sans-serif';\"><\/span><\/p>\n<p style=\"margin-bottom: 0.0001pt; text-align: justify; text-indent: 1cm; line-height: 150%;\"><span style=\"font-size: 13pt; line-height: 150%; font-family: 'Arial','sans-serif';\">Diyerek, bin y\u0131l s\u00fcrece\u011fini zannedip zevkten z\u0131plad\u0131klar\u0131 bu haks\u0131z ve ahlaks\u0131z giri\u015fimlerin, be\u015f y\u0131l bile s\u00fcrmedi\u011fini g\u00f6r\u00fcnce, \u015fimdi \u201cAyd\u0131nlanmac\u0131 ve sosyalist inkarc\u0131 mant\u0131kla\u201d kendilerini teselli edecek mazeretler \u00fcretmekteydi. Oysa \u00fcstatlar\u0131 Yal\u00e7\u0131n K\u00fc\u00e7\u00fck bile k\u00fc\u00e7\u00fcc\u00fck bir insaf ve iz\u2019an g\u00f6sterip:<\/span><\/p>\n<p style=\"margin-bottom: 0.0001pt; text-align: justify; text-indent: 1cm; line-height: 150%;\"><b><span style=\"font-size: 13pt; line-height: 150%; font-family: 'Arial','sans-serif';\"> \u201c28 \u015eubat, Erbakan t\u00fcr\u00fc bir \u0130slami h\u00fck\u00fcmete kap\u0131lar\u0131n kapat\u0131lmas\u0131, AB\u2019ci ve ABD\u2019ci teslimiyet\u00e7i zihniyetlere kap\u0131lar\u0131n a\u00e7\u0131lmas\u0131d\u0131r\u201d<a href=\"#_ftn1\" name=\"_ftnref1\" title=\"\"><\/a><b><span style=\"font-size: 13pt; line-height: 115%; font-family: 'Arial','sans-serif';\">[1]<\/span><\/b><\/span><\/b><span style=\"font-size: 13pt; line-height: 150%; font-family: 'Arial','sans-serif';\">diyerek bu ulusalc\u0131lar\u0131n kof ve bo\u015f fikirlerini \u00e7\u00fcr\u00fctmekteydi.<\/span><\/p>\n<p style=\"margin-bottom: 0.0001pt; text-align: justify; text-indent: 1cm; line-height: 150%;\"><span style=\"font-size: 13pt; line-height: 150%; font-family: 'Arial','sans-serif';\">&nbsp;<\/span><b><span style=\"font-size: 12pt; line-height: 150%; font-family: 'Arial','sans-serif';\">Ayd\u0131nl\u0131k\u2019a verdi\u011fi r\u00f6p\u00f6rtajda; ABD Yahudi Lobileri tertibi olan ve kendileri de fig\u00fcran olarak kullan\u0131lan, NATO&#8217;da en uzun s\u00fcre g\u00f6rev yapan T\u00fcrk pa\u015fas\u0131 olan ve daha sonra 2001-2003 y\u0131llar\u0131 aras\u0131nda MGK Genel Sekreterli\u011fi g\u00f6revini \u00fcstlenen Tuncer K\u0131l\u0131n\u00e7, bir yandan: <i>\u201cHer yenilik\u00e7i harekete kar\u015f\u0131 gerici hareketler ve \u00e7a\u011fd\u0131\u015f\u0131 d\u00fc\u015f\u00fcnceler g\u00f6r\u00fclmektedir&#8230;.\u201d <\/i>s\u00f6zleriyle \u0130SLAMI, gericilik ve \u00e7a\u011fd\u0131\u015f\u0131l\u0131kla su\u00e7lay\u0131p sa\u00e7malarken, di\u011fer taraftan: <i>\u201cNATO, so\u011fuk sava\u015ftan sonra kendisine tehdit aram\u0131\u015ft\u0131r\u201d <\/i> diyerek \u00e7eli\u015fkiye d\u00fc\u015fmekteydi. \u00c7\u00fcnk\u00fc Tuncer K\u0131l\u0131n\u00e7\u2019\u0131n s\u00f6ylemeye cesaret edemedi\u011fi \u201cNATO\u2019nun yeni tehdit ve d\u00fc\u015fman\u0131, \u0130SLAM\u0130YET\u2019ti.. Yani Sn. Tuncer K\u0131l\u0131n\u00e7 \u0130slam\u0131 bir tehdit olarak g\u00f6rmekle, di\u011fer Ayd\u0131nl\u0131k\u00e7\u0131 \u2013 Ulusalc\u0131 tak\u0131m\u0131 gibi, asl\u0131nda NATO gavuruyla ayn\u0131 d\u00fc\u015f\u00fcnmekteydi. Ve zaten sonunda: <i>\u201cNATO m\u00fckemmel bir \u00f6rg\u00fct. Ben tamamen kalkmas\u0131n\u0131 de\u011fil\u2026.\u201d <\/i>\u0130tiraf\u0131yla ger\u00e7ek niyetini de\u015fifre etmekteydi.<a href=\"#_ftn2\" name=\"_ftnref2\" title=\"\"><\/a><b><span style=\"font-size: 12pt; line-height: 115%; font-family: 'Arial','sans-serif';\">[2]<\/span><\/b> Evet, i\u015fte ilerici ve Kemalist ge\u00e7inen Ulusalc\u0131lar, s\u00f6zde kar\u015f\u0131 olduklar\u0131 emperyalist NATO ile, asl\u0131nda ayn\u0131 zihniyet ve \u00e7izgideydi.<\/span><\/b><\/p>\n<p style=\"margin-bottom: 0.0001pt; text-align: justify; text-indent: 1cm; line-height: 150%;\"><b><span style=\"font-size: 12pt; line-height: 150%; font-family: 'Arial','sans-serif';\">Milli G\u00f6r\u00fc\u015f\u00fcn devam\u0131\u201d diyerek s\u00fcrekli tenkit ettikleri AKP\u2019de aynen Ulusalc\u0131lar gibi NATO\u2019nun sivil erleriydi. Ve zaten 28 \u015eubat tertibinde Fetullah G\u00fclen \u201cErbakan h\u00fck\u00fcmetten \u00e7ekilmeli, ortam\u0131 ve orduyu daha fazla germemeli\u201d diye z\u0131rvalay\u0131p ABD\u2019ye ve yerli i\u015fbirlik\u00e7ilerine destek verirken, bundan bir ay kadar sonra Refah-Yol\u2019un d\u00fc\u015f\u00fcr\u00fclmesi i\u00e7in meclise verilen gensoru oylamas\u0131nda, AKP\u2019nin kurucu kurmaylar\u0131ndan \u015fimdiki Meclis Ba\u015fkan\u0131 Cemil \u00c7i\u00e7ek \u201cEVET\u201d oyu vermi\u015f, ama 6 oy farkla Erbakan iktidar\u0131 ayakta kalabilmi\u015fti.<\/span><\/b><\/p>\n<p style=\"margin-bottom: 0.0001pt; text-align: justify; text-indent: 1cm; line-height: 150%;\"><b><span style=\"font-size: 12pt; line-height: 150%; font-family: 'Arial','sans-serif';\">Ve tabi CIA tertibi olan vah\u015fi Sivas olaylar\u0131 san\u0131klar\u0131n\u0131n savunmas\u0131n\u0131 \u00fcstlenen Avukatlar\u0131n bir \u00e7o\u011funun eski RP\u2019li, SP\u2019li, AKP\u2019li oldu\u011funu s\u00f6yleyip, kendi akl\u0131 ve ayar\u0131nca Milli G\u00f6r\u00fc\u015f\u00fc karalamaya yeltenen Eren Erdem gibilerini de hat\u0131rlatmak gerekirdi.<a href=\"#_ftn3\" name=\"_ftnref3\" title=\"\"><\/a><b><span style=\"font-size: 12pt; line-height: 115%; font-family: 'Arial','sans-serif';\">[3]<\/span><\/b><\/span><\/b><b><span style=\"font-size: 12pt; line-height: 150%; font-family: 'Arial','sans-serif';\"><\/span><\/b><\/p>\n<p style=\"margin-bottom: 0.0001pt; text-align: justify; text-indent: 1cm; line-height: 150%;\"><b><span style=\"font-size: 12pt; line-height: 150%; font-family: 'Arial','sans-serif';\">1.<\/span><\/b><b><span style=\"font-size: 12pt; line-height: 150%; font-family: 'Arial','sans-serif';\">Her san\u0131\u011f\u0131n savunulmas\u0131 ve adalete yard\u0131mc\u0131 olunmas\u0131 temel insan haklar\u0131ndan ve her avukat\u0131n yemin etti\u011fi sorumluluklar\u0131ndan de\u011fil miydi?<\/span><\/b><b><span style=\"font-size: 12pt; line-height: 150%; font-family: 'Arial','sans-serif';\"><\/span><\/b><\/p>\n<p style=\"margin-bottom: 0.0001pt; text-align: justify; text-indent: 1cm; line-height: 150%;\"><b><span style=\"font-size: 12pt; line-height: 150%; font-family: 'Arial','sans-serif';\">2.<\/span><\/b><b><span style=\"font-size: 12pt; line-height: 150%; font-family: 'Arial','sans-serif';\">Bay eren Erdem Sivas\u2019\u0131n r\u00f6van\u015f\u0131 diye yap\u0131lan Ba\u015fba\u011flar katliam\u0131 ma\u011fdurlar\u0131n\u0131n avukatlar\u0131n\u0131 niye zikretmemi\u015fti?<\/span><\/b><b><span style=\"font-size: 12pt; line-height: 150%; font-family: 'Arial','sans-serif';\"><\/span><\/b><\/p>\n<p style=\"margin-bottom: 0.0001pt; text-align: justify; text-indent: 1cm; line-height: 150%;\"><b><span style=\"font-size: 12pt; line-height: 150%; font-family: 'Arial','sans-serif';\">3.<\/span><\/b><b><span style=\"font-size: 12pt; line-height: 150%; font-family: 'Arial','sans-serif';\">\u015eimdi Ergenekon davas\u0131 san\u0131klar\u0131n\u0131n avukatl\u0131\u011f\u0131n\u0131 \u00fcstlenenler, hepsi ayn\u0131 zihniyeti ta\u015f\u0131mak mecburiyetinde miydi?<\/span><\/b><\/p>\n<p style=\"margin: 0cm 0cm 0.0001pt 64.35pt; text-align: justify; line-height: 150%;\"><span style=\"font-size: 13pt; line-height: 150%; font-family: 'Arial','sans-serif';\">&nbsp;<\/span><\/p>\n<p style=\"margin-bottom: 0.0001pt; text-align: justify; text-indent: 1cm; line-height: 150%;\"><span style=\"font-size: 13pt; line-height: 150%; font-family: 'Arial','sans-serif';\">Yanl\u0131\u015f anla\u015f\u0131lmas\u0131n, her insan\u0131n g\u00f6r\u00fc\u015f\u00fcne, d\u00fc\u015f\u00fcncesine ve hayat felsefesine sayg\u0131 g\u00f6steririz ve bu bizim inanc\u0131m\u0131z\u0131n ve insanl\u0131\u011f\u0131m\u0131z\u0131n gere\u011fi idi. Yani birilerinin ateist ve kom\u00fcnist olmas\u0131, maneviyata ve metafizik hakikatlara inanmamas\u0131 ve tercih etti\u011fi hayat tarz\u0131 bizi ilgilendirmezdi. Ancak, bunlar\u0131n da ba\u015fkalar\u0131n\u0131n inanc\u0131na ve ya\u015fam tarz\u0131na sayg\u0131 g\u00f6stermesini bilmeleri beklenirdi. Y\u00fczde doksan dokuzu resmen M\u00fcsl\u00fcman olan Milletimizin dininden ve ahlaki de\u011ferlerinden nefret ve hakaret eden, Hristiyan, Yahudi ve dinsizlere g\u00f6sterdi\u011fi h\u00fcrmeti \u0130slamdan esirgeyen, her f\u0131rsatta \u201cgerici, yobaz, \u00e7a\u011fd\u0131\u015f\u0131\u201d diye h\u00fccum eden edep ve erdem yoksunu kesimlerin niye bir t\u00fcrl\u00fc marjinallikten kurtulamad\u0131klar\u0131n\u0131 ve d\u00fc\u015fmanl\u0131k besledikleri toplumdan dostluk ve taraftarl\u0131k ummalar\u0131n\u0131n yanl\u0131\u015fl\u0131\u011f\u0131n\u0131 art\u0131k anlamalar\u0131 gerekirdi.<\/span><\/p>\n<p style=\"margin-bottom: 0.0001pt; text-align: justify; text-indent: 1cm; line-height: 150%;\"><b><span style=\"font-size: 14pt; line-height: 150%; font-family: 'Arial','sans-serif';\">Erg\u00fcn Babahan\u2019\u0131n itiraf ve iftiralar\u0131!<\/span><\/b><\/p>\n<p style=\"margin-bottom: 0.0001pt; text-align: justify; text-indent: 1cm; line-height: 150%;\"><b><i><span style=\"line-height: 150%; font-family: 'Arial','sans-serif';\"><span style=\"font-size: 10pt;\">\u201cAbdi \u0130pek\u00e7i, \u00c7etin Eme\u00e7 ve Din\u00e7 Bilgin gibi gazetecileri, H\u00fcrriyet, Milliyet ve sabah gibi gazetelerin sahiplerini<\/span> <\/span><\/i><\/b><b><i><span style=\"font-size: 12pt; line-height: 150%; font-family: 'Arial','sans-serif';\">Sabataist, yani M\u00fcsl\u00fcman g\u00f6r\u00fcnen gizli Musevi olduklar\u0131n\u0131<\/span><\/i><\/b><b><i><span style=\"line-height: 150%; font-family: 'Arial','sans-serif';\">\u201d<\/span><\/i><\/b><b><span style=\"line-height: 150%; font-family: 'Arial','sans-serif';\"><span style=\"font-size: 10pt;\"> hat\u0131rlatan Star yazar\u0131 Ergun Babahan<\/span><a href=\"#_ftn4\" name=\"_ftnref4\" title=\"\"><\/a><b><span style=\"font-size: 11pt; line-height: 115%; font-family: 'Arial','sans-serif';\">[4]<\/span><\/b><\/span><\/b><\/p>\n<p style=\"margin-bottom: 0.0001pt; text-align: justify; text-indent: 1cm; line-height: 150%;\"><b><i><span style=\"line-height: 150%; font-family: 'Arial','sans-serif';\">\u201c <span style=\"font-size: 10pt;\">Sonunda, Ulusalc\u0131 kanad\u0131n onaylamad\u0131\u011f\u0131 bir inan\u00e7 k\u00f6k\u00fcnden (Sabataizmden) gelen insanlar Medyadan tasfiye edildi. Ve Sabataistleri de\u015fifre eden bu kitap ve yaz\u0131lar\u0131 haz\u0131rlayanlar \u015fimdi Ergenekon san\u0131\u011f\u0131 (ve \u00e7o\u011fu tutuklu idi)\u201d<\/span><\/span><\/i><\/b><span style=\"font-size: 8pt; line-height: 150%; font-family: 'Arial','sans-serif';\"> <\/span><b><span style=\"font-size: 13pt; line-height: 150%; font-family: 'Arial','sans-serif';\">diyor ve tam bir hokkabazl\u0131k sergiliyordu. \u015eimdi AKP yalakalar\u0131na ve ona inanan ahmaklara soral\u0131m:<\/span><\/b><b><span style=\"line-height: 150%; font-family: 'Arial','sans-serif';\"><\/span><\/b><\/p>\n<p style=\"margin-bottom: 0.0001pt; text-align: justify; text-indent: 1cm; line-height: 150%;\"><span style=\"font-size: 12pt;\"><b><span style=\"line-height: 150%; font-family: 'Arial','sans-serif';\">1.<\/span><\/b><b><span style=\"line-height: 150%; font-family: 'Arial','sans-serif';\">T\u00fcrkiye\u2019de Ulusalc\u0131 ge\u00e7inenler Sabataizme veya Yahudili\u011fe de\u011fil, \u0130slamiyet\u2019e d\u00fc\u015fmand\u0131. \u00c7\u00fcnk\u00fc ulusalc\u0131lar\u0131n eleba\u015flar\u0131 da d\u00f6nme tak\u0131m\u0131ndand\u0131.<\/span><\/b><b><span style=\"line-height: 150%; font-family: 'Arial','sans-serif';\"><\/span><\/b><\/span><\/p>\n<p style=\"margin-bottom: 0.0001pt; text-align: justify; text-indent: 1cm; line-height: 150%;\"><span style=\"font-size: 12pt;\"><b><span style=\"line-height: 150%; font-family: 'Arial','sans-serif';\">2.<\/span><\/b><b><span style=\"line-height: 150%; font-family: 'Arial','sans-serif';\">Sabataist hainleri de\u015fifre edenler e\u011fer Ergenekoncu diye \u015fimdi tutuklanm\u0131\u015fsa, o halde bu operasyonlar\u0131 tezgahlayanlar siyonist odaklard\u0131 ve sabataist destekli AKP iktidar\u0131yd\u0131!?<\/span><\/b><b><span style=\"line-height: 150%; font-family: 'Arial','sans-serif';\"><\/span><\/b><\/span><\/p>\n<p style=\"margin-bottom: 0.0001pt; text-align: justify; text-indent: 1cm; line-height: 150%;\"><span style=\"font-size: 12pt;\"><b><span style=\"line-height: 150%; font-family: 'Arial','sans-serif';\">3.<\/span><\/b><b><i><span style=\"line-height: 150%; font-family: 'Arial','sans-serif';\">\u201cBunlar Erbakan\u2019\u0131n plan\u0131 ve devam\u0131d\u0131r\u201d <\/span><\/i><\/b><b><span style=\"line-height: 150%; font-family: 'Arial','sans-serif';\">diye AKP\u2019nin b\u00fct\u00fcn sapk\u0131nl\u0131k ve haks\u0131zl\u0131klar\u0131n\u0131n vebalini Rahmetli Hoca\u2019n\u0131n s\u0131rt\u0131na y\u0131kan ve \u201cAKP, Ergenekon davas\u0131yla Sabataistleri tasfiye ediyor\u201d palavras\u0131n\u0131 savuran \u015fu El-aziz Gazetesi, AKP\u2019nin sad\u0131k kalem\u015f\u00f6r\u00fc Ergun Babahan\u2019\u0131n bu itiraflar\u0131 kar\u015f\u0131s\u0131nda, \u015fimdi hangi uydurma yoruma s\u0131\u011f\u0131nacaklard\u0131?<\/span><\/b><\/span><\/p>\n<p style=\"margin-bottom: 0.0001pt; text-align: justify; text-indent: 1cm; line-height: 150%;\"><span style=\"font-size: 10pt; line-height: 150%; font-family: 'Arial','sans-serif';\">&nbsp;<\/span><b><span style=\"font-size: 13pt; line-height: 150%; font-family: 'Arial','sans-serif';\">Melih A\u015f\u0131k\u2019\u0131n K\u0131c\u0131kl\u0131\u011f\u0131!<\/span><\/b><\/p>\n<p style=\"margin-bottom: 0.0001pt; text-align: justify; text-indent: 1cm; line-height: 150%;\"><b><span style=\"line-height: 150%; font-family: 'Arial','sans-serif';\">T\u00fcrkiye\u2019de farkl\u0131 g\u00f6r\u00fcn\u00fc\u015fl\u00fc ve ayk\u0131r\u0131 y\u00fcr\u00fcy\u00fc\u015fl\u00fc zannedilen, ama ger\u00e7ekte ayn\u0131 bozuk t\u0131ynet ve zihniyete sahip olduklar\u0131 bilinen kesimlerin ortak ve mutlak hedeflerinin ba\u015f\u0131nda Erbakan Hoca\u2019n\u0131n gelmesi de dikkat \u00e7ekiciydi. Erbakan\u2019a d\u00fc\u015fmanl\u0131k komplolar\u0131 ve etkisiz k\u0131lma kumpaslar\u0131 resmen tescil edilmi\u015f olan ABD Yahudi Lobilerinin ve onlar\u0131n yerli solcu \u2013 sa\u011fc\u0131 tetik\u00e7ilerinin, sa\u011fl\u0131\u011f\u0131nda yapt\u0131klar\u0131 yetmemi\u015f gibi, hala h\u0131nc\u0131n\u0131 alamayan <\/span><\/b><b><span style=\"font-size: 14pt; line-height: 150%; font-family: 'Arial','sans-serif';\">Melih A\u015f\u0131k <\/span><\/b><b><span style=\"line-height: 150%; font-family: 'Arial','sans-serif';\">ve benzerleri; Faik I\u015f\u0131k gibi iftirac\u0131lar\u0131n\u0131n ve O\u011fuzhan Asilt\u00fcrk gibi m\u00fcnaf\u0131klar\u0131n as\u0131ls\u0131z iddialar\u0131n\u0131 bahane edip yeniden Hoca\u2019ya h\u00fccuma ge\u00e7mi\u015flerdir.<\/span><\/b><\/p>\n<p style=\"margin-bottom: 0.0001pt; text-align: justify; text-indent: 1cm; line-height: 150%;\"><b><span style=\"line-height: 150%; font-family: 'Arial','sans-serif';\">Erbakan Hoca\u2019n\u0131n sa\u011fl\u0131\u011f\u0131nda avukatlar\u0131 <\/span><\/b><b><i><span style=\"font-size: 12pt; line-height: 150%; font-family: 'Arial','sans-serif';\">arac\u0131l\u0131\u011f\u0131yla \u201cHi\u00e7bir ilgisinin ve tasvibinin bulunmad\u0131\u011f\u0131n\u0131\u201d <\/span><\/i><\/b><b><span style=\"line-height: 150%; font-family: 'Arial','sans-serif';\">resmen a\u00e7\u0131klad\u0131\u011f\u0131 ve \u015fimdi koyu bir AKP reklamc\u0131s\u0131 yerel bir gazetenin Atat\u00fcrk\u2019e sata\u015fan yak\u0131\u015f\u0131ks\u0131z yaz\u0131lar\u0131n\u0131 g\u00fcndeme getirip<i>: \u201cErbakan\u2019\u0131n sesi olarak bilinen gazete\u201d <\/i> diyerek, alakas\u0131z ve ahlaks\u0131z tav\u0131rlarla rahmetli Hoca\u2019ya \u00e7amur atmaya kalk\u0131\u015fan bay melih A\u015f\u0131k!<\/span><\/b><\/p>\n<p style=\"margin-bottom: 0.0001pt; text-align: justify; text-indent: 1cm; line-height: 150%;\"><b><i><span style=\"font-size: 12pt; line-height: 150%; font-family: 'Arial','sans-serif';\">\u201cY\u00fckseklere t\u00fck\u00fcrme, d\u00f6n\u00fcp y\u00fcz\u00fcne d\u00fc\u015fer\u201d<\/span><\/i><\/b><\/p>\n<p style=\"margin-bottom: 0.0001pt; text-align: justify; text-indent: 1cm; line-height: 150%;\"><b><span style=\"line-height: 150%; font-family: 'Arial','sans-serif';\">\u00dcstelik Atat\u00fcrk\u2019le ilgili yaz\u0131lar\u0131n\u0131 k\u0131nad\u0131\u011f\u0131m\u0131z o gazeteyle, sizin bu Hoca\u2019ya yapt\u0131\u011f\u0131n\u0131z ayn\u0131 \u015fey de\u011fil midir?<\/span><\/b><\/p>\n<p style=\"margin-bottom: 0.0001pt; text-align: justify; text-indent: 1cm; line-height: 150%;\"><b><span style=\"font-size: 13pt; line-height: 150%; font-family: 'Arial','sans-serif';\">Akit yazar\u0131 Abdurrahman Dilipak Hala Hoca\u2019ya Kin Kusmaktayd\u0131!<\/span><\/b><\/p>\n<p style=\"margin-bottom: 0.0001pt; text-align: justify; text-indent: 1cm; line-height: 150%;\"><b><i><span style=\"font-size: 10pt; line-height: 150%; font-family: 'Arial','sans-serif';\">\u201cHepimiz insan\u0131z ve herkes yan\u0131labilir.. \u0130ttifak etti\u011fimiz zaman birlikte hareket ederiz, ihtilaf etti\u011fimizde birbirimizi mazur g\u00f6r\u00fcr\u00fcz. \u0130nsanlar, dini ve siyasi \u00f6nderlerini ilahla\u015ft\u0131rma ve Rable\u015ftirme konusunda \u00e7ok istekli. Oysa bize &#8220;Din b\u00fcy\u00fcklerinizi \u0130lah ve Rab edinmeyin&#8221; denmedi mi bize.. Bize hay\u0131r gibi gelen \u015feylerde \u015fer, \u015fer gibi gelen \u015feylerde Allah&#8217;\u0131n bizim i\u00e7in hay\u0131r murat etmi\u015f olabilece\u011fi uyar\u0131s\u0131 yap\u0131lmad\u0131 m\u0131? Kimileri \u00f6n\u00fcne geleni tekfir ediyor. Allah&#8217;\u0131n emrine uymazsan\u0131z haram i\u015flersiniz, Resul&#8217;\u00fcn s\u00fcnnetine uymazsan\u0131z mekruh olur, ama birileri gibi d\u00fc\u015f\u00fcnmezseniz dinden \u00e7\u0131kars\u0131n\u0131z. B\u00f6yle bir \u015fey olabilir mi? &#8220;Kendine din ara&#8221; diyen de vard\u0131 tekfirciler aras\u0131nda..\u201d<a href=\"#_ftn5\" name=\"_ftnref5\" title=\"\"><\/a><b><span style=\"font-size: 10pt; line-height: 115%; font-family: 'Arial','sans-serif';\">[5]<\/span><\/b><\/span><\/i><\/b><span style=\"font-size: 10pt; line-height: 150%; font-family: 'Arial','sans-serif';\"> <\/span><b><span style=\"line-height: 150%; font-family: 'Arial','sans-serif';\">diyerek, sa\u011fl\u0131\u011f\u0131nda yapt\u0131\u011f\u0131 sald\u0131rlar yetmiyormu\u015f gibi, \u015fimdi de Rahmetli Erbakan\u2019\u0131 kastederek, Milli G\u00f6r\u00fc\u015f ba\u011fl\u0131lar\u0131n\u0131n ha\u015fa \u201c<i>Onu Rabb ittihaz edip putla\u015ft\u0131rd\u0131klar\u0131n\u0131<\/i>\u201d s\u00f6ylemekten, yani iftira etmekten s\u0131k\u0131lm\u0131yordu.<\/span><\/b><\/p>\n<p style=\"margin-bottom: 0.0001pt; text-align: justify; text-indent: 1cm; line-height: 150%;\"><b><span style=\"line-height: 150%; font-family: 'Arial','sans-serif';\">Ayn\u0131 yaz\u0131n\u0131n sonunda:<\/span><\/b><\/p>\n<p style=\"margin-bottom: 0.0001pt; text-align: justify; text-indent: 1cm; line-height: 150%;\"><b><i><span style=\"font-size: 10pt; line-height: 150%; font-family: 'Arial','sans-serif';\">\u201c40 y\u0131ld\u0131r nice \u00f6rnekler ya\u015fad\u0131m.. 40 y\u0131l\u0131n canl\u0131 tan\u0131\u011f\u0131y\u0131m.. 40 y\u0131lda neler g\u00f6rd\u00fcm neler.. Tarih ibret almay\u0131nca tekerr\u00fcr etmeye devam ediyor. Yine insanlar g\u00f6zleri ve kulaklar\u0131 kapal\u0131 doludizgin me\u00e7hule do\u011fru ko\u015fuyorlar. &#8220;Durun kalabal\u0131klar, bu sokak \u00e7\u0131kmaz sokak&#8221; diye ba\u011f\u0131rsam kim dinler beni.. Ne olur merhamet edin, sabredin, adaletten ayr\u0131lmay\u0131n, yoksa sonunuz h\u00fcsran. Birileri \u00fc\u00e7 mum yakar seyrinize bakar.. Dostlar\u0131n\u0131z \u00fcz\u00fcl\u00fcr, d\u00fc\u015fmanlar\u0131n\u0131z bayram yapar. \u015eeytan\u0131 sevindirmeyin.. Akl\u0131n\u0131z\u0131 kiraya vermeyin.. Unutmayal\u0131m ki, Allah cahil ve zalim bir toplulu\u011fa hidayet nasib etmez..\u201d<a href=\"#_ftn6\" name=\"_ftnref6\" title=\"\"><\/a><b><span style=\"font-size: 10pt; line-height: 115%; font-family: 'Arial','sans-serif';\">[6]<\/span><\/b><\/span><\/i><\/b><span style=\"font-size: 10pt; line-height: 150%; font-family: 'Arial','sans-serif';\"> <\/span><b><span style=\"font-size: 13pt; line-height: 150%; font-family: 'Arial','sans-serif';\">kendi durumunu tarif ve tasvir ediyordu.<\/span><\/b><span style=\"font-size: 10pt; line-height: 150%; font-family: 'Arial','sans-serif';\"><\/span><\/p>\n<p style=\"margin-bottom: 0.0001pt; text-align: justify; text-indent: 1cm; line-height: 150%;\"><b><span style=\"font-size: 14pt; line-height: 150%; font-family: 'Arial','sans-serif';\">Ey Dilipak denen \u015earlatan!<\/span><\/b><b><span style=\"font-size: 13pt; line-height: 150%; font-family: 'Arial','sans-serif';\"><\/span><\/b><\/p>\n<p style=\"margin-bottom: 0.0001pt; text-align: justify; text-indent: 1cm; line-height: 150%;\"><b><span style=\"font-size: 13pt; line-height: 150%; font-family: 'Arial','sans-serif';\">* Recep T. Erdo\u011fan\u2019\u0131n Milli G\u00f6r\u00fc\u015f g\u00f6mle\u011fini niye \u00e7\u0131kard\u0131\u011f\u0131n\u0131?<\/span><\/b><b><span style=\"font-size: 13pt; line-height: 150%; font-family: 'Arial','sans-serif';\"><\/span><\/b><\/p>\n<p style=\"margin-bottom: 0.0001pt; text-align: justify; text-indent: 1cm; line-height: 150%;\"><b><span style=\"font-size: 13pt; line-height: 150%; font-family: 'Arial','sans-serif';\">* Boynuna Yahudi Lobilerince niye cesaret madalyas\u0131 tak\u0131ld\u0131\u011f\u0131n\u0131?<\/span><\/b><b><span style=\"font-size: 13pt; line-height: 150%; font-family: 'Arial','sans-serif';\"><\/span><\/b><\/p>\n<p style=\"margin-bottom: 0.0001pt; text-align: justify; text-indent: 1cm; line-height: 150%;\"><b><span style=\"font-size: 13pt; line-height: 150%; font-family: 'Arial','sans-serif';\">* Sn. Ba\u015fbakan\u2019\u0131n Irak ve Libya\u2019dan sonra \u015fimdi Suriye ve nihayet \u0130ran ve T\u00fcrkiye\u2019nin par\u00e7alanmas\u0131n\u0131 ama\u00e7layan BOP\u2019a kimler taraf\u0131ndan ve neyin kar\u015f\u0131l\u0131\u011f\u0131 e\u015fba\u015fkan atand\u0131\u011f\u0131n\u0131?<\/span><\/b><b><span style=\"font-size: 13pt; line-height: 150%; font-family: 'Arial','sans-serif';\"><\/span><\/b><\/p>\n<p style=\"margin-bottom: 0.0001pt; text-align: justify; text-indent: 1cm; line-height: 150%;\"><b><span style=\"font-size: 13pt; line-height: 150%; font-family: 'Arial','sans-serif';\">* Irak, Libya ve Suriye i\u015fgalleri ve vah\u015fetleri i\u00e7in hangi gerek\u00e7e ile AKP\u2019ye ta\u015feronluk yapt\u0131r\u0131ld\u0131\u011f\u0131n\u0131?<\/span><\/b><b><span style=\"font-size: 13pt; line-height: 150%; font-family: 'Arial','sans-serif';\"><\/span><\/b><\/p>\n<p style=\"margin-bottom: 0.0001pt; text-align: justify; text-indent: 1cm; line-height: 150%;\"><b><span style=\"font-size: 13pt; line-height: 150%; font-family: 'Arial','sans-serif';\">* Zinan\u0131n, kumar\u0131n, domuz eti ve ya\u011f\u0131n\u0131n, hangi mazeret ve mecburiyetle serbest b\u0131rak\u0131ld\u0131\u011f\u0131n\u0131?<\/span><\/b><b><span style=\"font-size: 13pt; line-height: 150%; font-family: 'Arial','sans-serif';\"><\/span><\/b><\/p>\n<p style=\"margin-bottom: 0.0001pt; text-align: justify; text-indent: 1cm; line-height: 150%;\"><b><span style=\"font-size: 13pt; line-height: 150%; font-family: 'Arial','sans-serif';\">* Ahlaki ve ailevi tahribat konusunda AKP d\u00f6neminde niye patlama ya\u015fand\u0131\u011f\u0131n\u0131?<\/span><\/b><b><span style=\"font-size: 13pt; line-height: 150%; font-family: 'Arial','sans-serif';\"><\/span><\/b><\/p>\n<p style=\"margin-bottom: 0.0001pt; text-align: justify; text-indent: 1cm; line-height: 150%;\"><b><span style=\"font-size: 13pt; line-height: 150%; font-family: 'Arial','sans-serif';\">* AB ve ABD\u2019nin g\u00fcd\u00fcm\u00fcndeki bir d\u00fcnya d\u00fczeni i\u00e7inde kahramanl\u0131k rol\u00fc oynaman\u0131n ve \u0130slam\u0131 siyonizmin arac\u0131 haline sokman\u0131n Kur\u2019andaki kar\u015f\u0131l\u0131\u011f\u0131n\u0131?<\/span><\/b><\/p>\n<p style=\"margin-bottom: 0.0001pt; text-align: justify; text-indent: 1cm; line-height: 150%;\"><b><span style=\"font-size: 13pt; line-height: 150%; font-family: 'Arial','sans-serif';\"><br \/><\/span><\/b><\/p>\n<p style=\"margin-bottom: 0.0001pt; text-align: justify; text-indent: 1cm; line-height: 150%;\"><b><span style=\"font-size: 13pt; line-height: 150%; font-family: 'Arial','sans-serif';\">Bir tek sefer olsun, ciddiyet ve cesaretle sorgulam\u0131\u015f olsayd\u0131n\u0131z; belki sizin Erbakan\u2019la ilgili tenkit ve tahriklerinizde samimi oldu\u011funuza kanaat getirebilirdik. Ama hep cerahata konan ve goncadan uzak duran karasinek misali, Erbakan\u2019\u0131n faziletlerini bile tenkit, ama Erdo\u011fan\u2019\u0131n rezaletlerini bile tebrik ederseniz, elbette siz itimat ve itibar edilmez durumuna d\u00fc\u015fersiniz.. 29 \u015eubat 2012 tarihli Akit Gazetenizde Sn. Recai Kutan\u2019\u0131n : <i>\u201cErbakan 28 \u015eubat s\u00fcrecinde, halk\u0131m\u0131zla TSK\u2019y\u0131 kar\u015f\u0131 kar\u015f\u0131ya getirmek ve d\u0131\u015f g\u00fc\u00e7lerin ekme\u011fine ya\u011f s\u00fcrmek istemedi\u201d <\/i>itiraflar\u0131na ra\u011fmen Erbakan\u2019\u0131 korkak, BOP e\u015fba\u015fkan\u0131 ve Libya katliam\u0131 orta\u011f\u0131 Erdo\u011fan\u2019\u0131 kahraman g\u00f6sterirseniz, elbette bu hale gelirsiniz! Oysa Size \u00f6zel ABD vizesi ve har\u00e7l\u0131k hediyesi sa\u011flayan Yahudi Lobileri kat\u0131nda, Erbakan\u2019\u0131n dirisine ve \u00f6l\u00fcs\u00fcne dil uzatman\u0131n nedenli k\u0131ymetli oldu\u011funu bilenlerdensiniz!?<\/span><\/b><\/p>\n<p style=\"margin-bottom: 0.0001pt; text-align: justify; text-indent: 1cm; line-height: 150%;\"><b><span style=\"font-size: 13pt; line-height: 150%; font-family: 'Arial','sans-serif';\">\u00c7\u00fcnk\u00fc Macar yahudisi ve siyasi tahmin ve y\u00f6nlendirme \u015firketi STRATFOR\u2019un sahibi George Friedman\u2019\u0131n itiraf etti\u011fi gibi <i>\u201cDe\u011fil T\u00fcrkiyedeki i\u015fbirlik\u00e7i kurum ve kesimleri, ABD\u2019nin en y\u00fcksek idarecilerini bile gizli ve etkin g\u00fc\u00e7 merkezleri (Yahudi Lobileri) y\u00f6nlendirmekteydi<\/i>.<a href=\"#_ftn7\" name=\"_ftnref7\" title=\"\"><\/a><b><span style=\"font-size: 13pt; line-height: 115%; font-family: 'Arial','sans-serif';\">[7]<\/span><\/b><\/span><\/b><\/p>\n<p style=\"margin-bottom: 0.0001pt; text-align: justify; text-indent: 1cm; line-height: 150%;\"><b><span style=\"font-size: 14pt; line-height: 150%; font-family: 'Arial','sans-serif';\">Uluslararas\u0131 \u0130stihbarat ve Jeopolitik Sava\u015flar\u0131<\/span><\/b><\/p>\n<p style=\"margin-bottom: 0.0001pt; text-align: justify; text-indent: 1cm; line-height: 150%;\"><b><span style=\"font-size: 10pt; line-height: 150%; font-family: 'Arial','sans-serif';\">\u201cK\u00fcresel \u0130stihbarat Dosyalar\u0131\u201d kapsam\u0131ndaki belgelerin birer \u201colgu\u201d ya da \u201chaber\u201d belgesi olmaktan ziyade, \u201cistihbarat ve istihbarata dayal\u0131 \u00f6ng\u00f6r\u00fc\u201d belgesi olduklar\u0131 konu\u015fuluyor. Bu fark\u0131n anla\u015f\u0131labilmesi i\u00e7in, Stratfor\u2019un ne oldu\u011fundan biraz s\u00f6z edelim.<\/span><\/b><\/p>\n<p style=\"margin-bottom: 0.0001pt; text-align: justify; text-indent: 1cm; line-height: 150%;\"><b><span style=\"font-size: 10pt; line-height: 150%; font-family: 'Arial','sans-serif';\">1996\u2019da Amerikal\u0131 siyaset bilimci ve Macar Yahudisi George Friedman taraf\u0131ndan kurulan ve ba\u015fkanl\u0131\u011f\u0131n\u0131 halen Friedman\u2019\u0131n s\u00fcrd\u00fcrd\u00fc\u011f\u00fc Stratfor, kendisini bir \u201ck\u00fcresel istihbarat \u015firketi\u201d olarak tan\u0131ml\u0131yor. Merkezi Austin, Teksas\u2019ta bulunan T\u00fcrkiye dahil d\u00fcnyan\u0131n bir\u00e7ok \u00fclkesinden analistler \u00e7al\u0131\u015ft\u0131ran \u015firket, uluslararas\u0131 ili\u015fkiler alan\u0131nda istihbarat topluyor, bu istihbarata dayanarak jeopolitik analiz yap\u0131yor ve bu analizlerini, d\u00fcnyan\u0131n d\u00f6rt yan\u0131ndaki abonelerine \u00fccret kar\u015f\u0131l\u0131\u011f\u0131 raporlar halinde sat\u0131yor. \u015eirketin ayr\u0131ca tamamen a\u00e7\u0131k istihbarata dayal\u0131 olan, dolay\u0131s\u0131yla eri\u015fimi daha kolay bilgileri biraraya getirdi\u011fi \u00fccretsiz raporlar\u0131 da bulunuyor.<\/span><\/b><\/p>\n<p style=\"margin-bottom: 0.0001pt; text-align: justify; text-indent: 1cm; line-height: 150%;\"><b><span style=\"font-size: 10pt; line-height: 150%; font-family: 'Arial','sans-serif';\">WikiLeaks\u2019in elde etti\u011fi be\u015f milyondan fazla yaz\u0131\u015fma, Stratfor\u2019\u0131n d\u00fcnyan\u0131n hemen her \u00fclkesiyle ilgili olarak s\u00fcrd\u00fcrd\u00fc\u011f\u00fc istihbarat toplama ve analiz faaliyetinin sonu\u00e7lar\u0131 kadar, s\u00fcrecini de izleme imk\u00e2n\u0131 veriyor; yani bizlere somut bilgiler kadar dedikoduya, tahmine, ak\u0131l y\u00fcr\u00fctmelere de dayal\u0131 bir t\u00fcr \u201cDerin Posta\u201d sunuluyor. Peki bu \u201cDerin Posta\u201dy\u0131 nas\u0131l okumal\u0131y\u0131z?<\/span><\/b><\/p>\n<p style=\"margin-bottom: 0.0001pt; text-align: justify; text-indent: 1cm; line-height: 150%;\"><b><span style=\"font-size: 10pt; line-height: 150%; font-family: 'Arial','sans-serif';\">Her \u015feyden \u00f6nce, \u201cK\u00fcresel \u0130stihbarat Raporlar\u0131\u201d kapsam\u0131ndaki belgelerin ham haliyle birer \u201cgazetecilik \u00e7al\u0131\u015fmas\u0131\u201d de\u011fil, \u201cistihbarat raporu\u201d oldu\u011funu; bu \u015firketin m\u00fc\u015fterilerine \u201c\u00fclkelerinin yak\u0131n gelece\u011finde neler olabilece\u011fi ve d\u00fcnyan\u0131n ne y\u00f6nde de\u011fi\u015fece\u011fi konusunda \u00f6ng\u00f6r\u00fcde bulunmalar\u0131na yarayacak tahminler sundu\u011funu\u201d bilmemiz gerekiyor. K\u0131saca Stratfor, CIA ve MOSSAD\u2019\u0131n sivil kanad\u0131 gibi \u00fclkeleri, y\u00f6neticilerini ve toplum kesimlerini siyonizmin hedefleri do\u011frultusunda y\u00f6nlendiriyor!<\/span><\/b><\/p>\n<p style=\"margin-bottom: 0.0001pt; text-align: justify; text-indent: 1cm; line-height: 150%;\"><b><span style=\"font-size: 12pt; line-height: 150%; font-family: 'Arial','sans-serif';\">George Friedman\u2019\u0131n \u201cDevletler aras\u0131ndaki ili\u015fkiyi irdeliyoruz\u201d itiraf\u0131!<\/span><\/b><\/p>\n<p style=\"margin-bottom: 0.0001pt; text-align: justify; text-indent: 1cm; line-height: 150%;\"><b><span style=\"font-size: 13pt; line-height: 150%; font-family: 'Arial','sans-serif';\">\u201cBu bazen kaynaklara eri\u015fmeyi gerektirir, bazen \u00e7ok kapsaml\u0131 ara\u015ft\u0131rma gerektirir, bazen de mant\u0131k ve \u00e7\u0131karsama gerektirir ki bu da bizi bir gazetecilik kurulu\u015fundan ay\u0131ran \u00f6zelliktir. Bizim yapmaya \u00e7al\u0131\u015ft\u0131\u011f\u0131m\u0131z \u015fey, devletler aras\u0131ndaki ili\u015fkinin perde arkas\u0131n\u0131, muhtelif devletlerin neden belli bir \u015fekilde davranmaya karar verdiklerini s\u00f6ylemektir. Devletlerin ald\u0131\u011f\u0131 kararlardan ziyade, almak zorunda kalacaklar\u0131 kararlar bizi ilgilendirir. Washington\u2019daki b\u00fcrokratlar\u0131n ve yetkililerin ne dedi\u011fi bizi pek ilgilendirmez \u00e7\u00fcnk\u00fc onlar gelirler, giderler ve pek de \u00f6nemli ve etkili de\u011fildirler. Washington\u2019\u0131n ba\u015fl\u0131 ba\u015f\u0131na bir siyasi ve stratejik raporlar \u00fcretme end\u00fcstrisi vard\u0131r ki, bu raporlar\u0131n bir\u00e7o\u011fu genellikle hi\u00e7bir etiketli ve yetkili \u015fah\u0131s taraf\u0131ndan bilinmemektedir.\u201d \u201cVe ABD Ba\u015fkan\u0131 gibi ger\u00e7ekten \u00f6nemli \u015fah\u0131slar da sizin sand\u0131\u011f\u0131n\u0131z kadar \u00e7ok say\u0131da karar\u0131 kendi isteklerine g\u00f6re alma \u015fans\u0131na sahip de\u011fillerdir. Bir ba\u015fkan\u0131 s\u0131k\u0131\u015ft\u0131ran, \u015fekillendiren ve y\u00f6nlendiren bask\u0131lar, &nbsp;(ve organlar\u0131) onun yapmak istedi\u011fi \u015feylerden \u00e7ok daha \u00f6nemlidir. Bizim odakland\u0131\u011f\u0131m\u0131z \u015fey de \u015fah\u0131slar de\u011fil, bu bask\u0131 lobilerdir.\u201d \u0130tiraflar\u0131 tarihi \u00f6nem ta\u015f\u0131maktad\u0131r.<\/span><\/b><\/p>\n<p style=\"margin-bottom: 0.0001pt; text-align: justify; text-indent: 1cm; line-height: 150%;\"><b><span style=\"font-size: 14pt; line-height: 150%; font-family: 'Arial','sans-serif';\">Mehmet Ali Birand\u2019\u0131n Ters taklalar\u0131!<\/span><\/b><\/p>\n<p style=\"margin-bottom: 0.0001pt; text-align: justify; text-indent: 1cm; line-height: 150%;\"><i><span style=\"font-size: 10pt; line-height: 150%; font-family: 'Arial','sans-serif';\">28 \u015eubat&#8217;ta ya\u015fananlardan sadece askerleri sorumlu tutmak yanl\u0131\u015ft\u0131r, haks\u0131zl\u0131kt\u0131r. Ankara&#8217;da i\u015flenen cinayette hepimizin parmak izi vard\u0131r. Su\u00e7lu olanlar aras\u0131nda askerler kadar, Cumhurba\u015fkan\u0131&#8217;n\u0131, siyasi partilerimizi, daha do\u011frusu parti liderlerini g\u00f6r\u00fcyorum. Hi\u00e7biri \u00e7\u0131k\u0131p, askere <b>&#8220;Hay\u0131r efendiler, bu i\u015fe kar\u0131\u015fmay\u0131n. Bunu biz sand\u0131kta hallederiz&#8221;<\/b> demedi. Tam aksine, <b>demokrasinin hallini ellerini ovu\u015fturarak izlediler.<\/b> MGK toplant\u0131s\u0131 \u00f6ncesinde ve sonras\u0131nda, iktidar\u0131n d\u00fc\u015f\u00fcr\u00fclmesi i\u00e7in ellerinden geleni artlar\u0131na b\u0131rakmad\u0131lar. Askerin m\u00fcdahalesi normal g\u00f6reviymi\u015f gibi davrand\u0131lar. Hatta sonradan, \u015fark kurnazl\u0131\u011f\u0131yla &#8220;Han\u0131mefendiye s\u00f6yledim, ancak dinletemedim&#8221; diye de etrafta dola\u015fabildiler.<\/span><\/i><\/p>\n<p style=\"margin-bottom: 0.0001pt; text-align: justify; text-indent: 1cm; line-height: 150%;\"><b><i><span style=\"font-size: 10pt; line-height: 150%; font-family: 'Arial','sans-serif';\">Siyasi partilerimizin bu a\u00e7\u0131dan yatacak yerleri yoktur &#8230;<\/span><\/i><\/b><\/p>\n<p style=\"margin-bottom: 0.0001pt; text-align: justify; text-indent: 1cm; line-height: 150%;\"><i><span style=\"font-size: 10pt; line-height: 150%; font-family: 'Arial','sans-serif';\">Onlar\u0131 yokta, bizim (medya) var m\u0131? Hay\u0131r, bizlerde gerekti\u011fi \u015fekilde demokrasiye sahip \u00e7\u0131kamad\u0131k. Genelkurmaydan kurgulanan haberleri hi\u00e7bir elekten ge\u00e7irmeden, sorgulamadan yay\u0131nlad\u0131k. Dolayl\u0131 veya dolays\u0131z \u015fekilde destek verdik. D\u00f6nemin askerci yazar veya TV programc\u0131lar\u0131n\u0131 \u015fimdi ar\u0131yorum ve hi\u00e7birini etrafta g\u00f6remiyorum. Birbirimizi aldatmayal\u0131m, i\u00e7imizde bir avucumuz hari\u00e7, b\u00fcy\u00fck \u00e7o\u011funlu\u011fumuz 28 \u015eubat katliam\u0131na g\u00f6z yumduk. Kimlerin dik durdu\u011funu da en iyi ben biliyorum.<\/span><\/i><\/p>\n<p style=\"margin-bottom: 0.0001pt; text-align: justify; text-indent: 1cm; line-height: 150%;\"><b><i><span style=\"font-size: 10pt; line-height: 150%; font-family: 'Arial','sans-serif';\">Peki o anl\u0131 \u015fanl\u0131 yarg\u0131\u00e7lar\u0131m\u0131z, savc\u0131lar\u0131m\u0131za ne demeli ?<\/span><\/i><\/b><\/p>\n<p style=\"margin-bottom: 0.0001pt; text-align: justify; text-indent: 1cm; line-height: 150%;\"><i><span style=\"font-size: 10pt; line-height: 150%; font-family: 'Arial','sans-serif';\">Onlar\u0131n kat\u0131ld\u0131klar\u0131 toplant\u0131n\u0131n sonundaki ayaktaki alk\u0131\u015f sahnesinin, baz\u0131 TV kanallar\u0131na Asker taraf\u0131ndan nas\u0131l gizlice \u00e7ektirildi\u011fini bilenler aras\u0131nday\u0131m. Onlar da a\u011f\u0131zlar\u0131n\u0131 a\u00e7mad\u0131lar ve katil olay\u0131na g\u00f6n\u00fclden kat\u0131ld\u0131lar. Bu kampanyan\u0131n bir par\u00e7as\u0131 olarak, bug\u00fcn herhalde utan\u00e7 i\u00e7indedirler. Askeri brifingini dinledikten sonra ayakta alk\u0131\u015flayanlar \u015fimdi saklanacak yer ar\u0131yor olmal\u0131lard\u0131r. Demokrasi konusunda bug\u00fcn toz kondurmayan Sivil Toplum \u00d6rg\u00fctleri ve \u00dcniversiteler ne yapt\u0131 dersiniz? Hi\u00e7bir \u015fey yapmad\u0131lar. Askeri k\u0131\u015fk\u0131rtmayanlar bile sessizce seyirci kald\u0131lar. Bir yerde su\u00e7a kat\u0131ld\u0131lar .\u201d <a href=\"#_ftn8\" name=\"_ftnref8\" title=\"\"><\/a><b><span style=\"font-size: 10pt; line-height: 115%; font-family: 'Arial','sans-serif';\">[8]<\/span><\/b><\/span><\/i><span style=\"font-size: 10pt; line-height: 150%; font-family: 'Arial','sans-serif';\"> <\/span><b><span style=\"line-height: 150%; font-family: 'Arial','sans-serif';\">diyerek, g\u00fcya g\u00fcnah\u0131n\u0131 itiraf ederken bile \u201cdolayl\u0131 ve ka\u00e7ak tav\u0131rl\u0131 bi\u00e7imde <i>\u201cErbakan da net bir \u015fekilde askere tav\u0131r koyup dik duramad\u0131\u201d<\/i> diyerek \u00f6rt\u00fcl\u00fc iftiralar\u0131n\u0131 dile getirmekten utanmayan ve bizim al\u0131klar taraf\u0131ndan \u201ckahramanl\u0131k yapt\u0131\u011f\u0131 \u201csan\u0131lan sabatay ahlakl\u0131 M. Ali Birand\u2019la \u015fu Abdurrahman Dilipak\u2019\u0131n ne fark\u0131 vard\u0131?<\/span><\/b><\/p>\n<p style=\"margin-bottom: 0.0001pt; text-align: justify; text-indent: 1cm; line-height: 150%;\"><b><span style=\"font-size: 12pt; line-height: 150%; font-family: 'Arial','sans-serif';\">Serdar Arseven, Hoca\u2019ya Verdi\u011fi S\u00f6z\u00fc Tutmu\u015flar m\u0131?<\/span><\/b><\/p>\n<p style=\"margin-bottom: 0.0001pt; text-align: justify; text-indent: 1cm; line-height: 150%;\"><b><span style=\"font-size: 12pt; line-height: 150%; font-family: 'Arial','sans-serif';\">&#8220;Gitmemek \u0130\u00e7in D\u00f6nersen, D\u00f6ne D\u00f6ne Gidersin!..&#8221;<\/span><\/b><\/p>\n<p style=\"margin-bottom: 0.0001pt; text-align: justify; text-indent: 1cm; line-height: 150%;\"><span style=\"font-size: 10pt; line-height: 150%; font-family: 'Arial','sans-serif';\">Rahmetli Erbakan Hoca&#8217;n\u0131n vefat\u0131ndan bir y\u0131l kadar \u00f6nceydi&#8230; Konut&#8217;a gittim. Erbakan Hoca; &#8220;Gel bakal\u0131m zeki \u00e7ocuk!&#8221; dedi. G\u00f6zlerini g\u00f6zlerime kilitleyerek, <b>&#8220;Yahudi m\u0131knat\u0131s\u0131n\u0131n \u00e7ekemedi\u011fi az say\u0131da karde\u015fimiz kald\u0131. Onlardan biri de sensin!&#8221; <\/b>dedi. Te\u015fekk\u00fcr ettikten sonra sordum:<\/span><\/p>\n<p style=\"margin-bottom: 0.0001pt; text-align: justify; text-indent: 1cm; line-height: 150%;\"><span style=\"font-size: 10pt; line-height: 150%; font-family: 'Arial','sans-serif';\">&#8220;Hocam, niye \u00e7o\u011funluk Yahudi m\u0131knat\u0131s\u0131n\u0131n etkisinde?.. Sizin m\u0131knat\u0131s niye \u00e7ekmiyor onlar\u0131?..&#8221;<\/span><\/p>\n<p style=\"margin-bottom: 0.0001pt; text-align: justify; text-indent: 1cm; line-height: 150%;\"><span style=\"font-size: 10pt; line-height: 150%; font-family: 'Arial','sans-serif';\">Bak\u0131\u015f\u0131n\u0131 biraz sertle\u015ftirerek&#8230; \u015eu \u00e7arp\u0131c\u0131 kar\u015f\u0131l\u0131\u011f\u0131 verdi Rahmetli Necmettin Erbakan Hoca: &#8220;Benim m\u0131knat\u0131s tahtalar\u0131 \u00e7ekmez!..&#8221; Sonra ekledi:<\/span><\/p>\n<p style=\"margin-bottom: 0.0001pt; text-align: justify; text-indent: 1cm; line-height: 150%;\"><b><span style=\"font-size: 10pt; line-height: 150%; font-family: 'Arial','sans-serif';\">&#8220;Sak\u0131n d\u00f6nme, gitmemek i\u00e7in d\u00f6nersen&#8230;&#8221; <\/span><\/b><span style=\"font-size: 10pt; line-height: 150%; font-family: 'Arial','sans-serif';\">Durdu&#8230; <b>&#8220;D\u00f6ne d\u00f6ne gidersin!..&#8221;<\/b><\/span><\/p>\n<p style=\"margin-bottom: 0.0001pt; text-align: justify; text-indent: 1cm; line-height: 150%;\"><b><span style=\"font-size: 10pt; line-height: 150%; font-family: 'Arial','sans-serif';\">Bana: \u201cAferin, Allah senden raz\u0131 olsun, K\u0131br\u0131s&#8217;\u0131n Siyonistlerin eline ge\u00e7ti\u011fine dikkat \u00e7ekmi\u015fsin.&#8221;<\/span><\/b><\/p>\n<p style=\"margin-bottom: 0.0001pt; text-align: justify; text-indent: 1cm; line-height: 150%;\"><span style=\"font-size: 10pt; line-height: 150%; font-family: 'Arial','sans-serif';\">&#8220;Nedir Hocam bu i\u015fin p\u00fcf noktas\u0131?..&#8221; Dedi ki; <b>&#8220;S\u00fcleyman Demirel&#8217;dir!..&#8221; &#8220;K\u0131br\u0131s, bug\u00fcn Siyonist i\u015fgalindeyse bunda S\u00fcleyman Demirel&#8217;in pay\u0131 b\u00fcy\u00fckt\u00fcr. Hatta en b\u00fcy\u00fck pay ona aittir.&#8221; &#8220;K\u0131br\u0131s&#8217;a bir \u0130mam Hatip a\u00e7mam\u0131za, K\u0131br\u0131s&#8217;ta Kur&#8217;an e\u011fitimi vermemize &#8216;adam\u0131&#8217;yla (Denkta\u015f) birlikte engel oldu. Maneviyat gittim mi, vatan bilinci de gider!..&#8221;<\/b><\/span><\/p>\n<p style=\"margin-bottom: 0.0001pt; text-align: justify; text-indent: 1cm; line-height: 150%;\"><span style=\"font-size: 10pt; line-height: 150%; font-family: 'Arial','sans-serif';\">Dedim ki;<\/span><\/p>\n<p style=\"margin-bottom: 0.0001pt; text-align: justify; text-indent: 1cm; line-height: 150%;\"><span style=\"font-size: 10pt; line-height: 150%; font-family: 'Arial','sans-serif';\">&#8220;Hocam, K\u0131br\u0131s&#8217;tan yeni geldim. Durum berbat. \u0130kinci Filistin olma yolunda. Ne yapmak laz\u0131m?..&#8221;<\/span><\/p>\n<p style=\"margin-bottom: 0.0001pt; text-align: justify; text-indent: 1cm; line-height: 150%;\"><span style=\"font-size: 10pt; line-height: 150%; font-family: 'Arial','sans-serif';\">Bir vasiyet gibi&#8230; <b>&#8220;Tayyip Erdo\u011fan karde\u015fime duyur!&#8221; <\/b>dedi: <b>&#8220;K\u0131br\u0131s&#8217;a el ats\u0131n. Oraya derhal bir \u0130mam Hatip yapt\u0131rs\u0131n. K\u0131br\u0131s d\u00fc\u015ft\u00fc\u011f\u00fc yerden aya\u011fa kalkar!..&#8221;<\/b><\/span><\/p>\n<p style=\"margin-bottom: 0.0001pt; text-align: justify; text-indent: 1cm; line-height: 150%;\"><span style=\"font-size: 10pt; line-height: 150%; font-family: 'Arial','sans-serif';\">&#8220;Hocam&#8221; dedim. &#8220;28 \u015eubat g\u00fcnlerinde ne yapt\u0131n\u0131z, yani bir c\u00fcmle ile ifade ederseniz?..&#8221;<\/span><\/p>\n<p style=\"margin-bottom: 0.0001pt; text-align: justify; text-indent: 1cm; line-height: 150%;\"><b><span style=\"font-size: 10pt; line-height: 150%; font-family: 'Arial','sans-serif';\">Dedi ki; &#8220;Pillerini bitirdik!..&#8221; <\/span><\/b><\/p>\n<p style=\"margin-bottom: 0.0001pt; text-align: justify; text-indent: 1cm; line-height: 150%;\"><span style=\"font-size: 10pt; line-height: 150%; font-family: 'Arial','sans-serif';\">F\u0131kray\u0131 biliyordum&#8230; G\u00fcl\u00fcmsedim.<\/span><\/p>\n<p style=\"margin-bottom: 0.0001pt; text-align: justify; text-indent: 1cm; line-height: 150%;\"><span style=\"font-size: 10pt; line-height: 150%; font-family: 'Arial','sans-serif';\">&#8220;Hocam 54. H\u00fck\u00fcmet d\u00f6nemini ve 28 \u015eubat s\u00fcrecini de\u011ferlendirirken, &#8216;\u015eunu \u015f\u00f6yle yapsayd\u0131m ya da \u015f\u00f6yle yapmasayd\u0131m?&#8217; dedi\u011finiz oldu mu?..&#8221; diye sorunca: G\u00f6zlerini g\u00f6zlerimin i\u00e7ine kilitleyerek dedi ki Merhum Erbakan Hoca:<\/span><\/p>\n<p style=\"margin-bottom: 0.0001pt; text-align: justify; text-indent: 1cm; line-height: 150%;\"><b><span style=\"font-size: 10pt; line-height: 150%; font-family: 'Arial','sans-serif';\">&#8220;Dikkat et, seni de Yahudi m\u0131knat\u0131s\u0131 \u00e7ekmeye ba\u015flamas\u0131n!..&#8221;<\/span><\/b><\/p>\n<p style=\"margin-bottom: 0.0001pt; text-align: justify; text-indent: 1cm; line-height: 150%;\"><span style=\"font-size: 12pt; line-height: 150%; font-family: 'Arial','sans-serif';\">M\u00fcsaade istedim. \u00c7\u0131karken ekledi: <b>&#8220;K\u0131br\u0131s meselesini unutma!..&#8221; <\/b>&#8220;Unutmam Hocam!..&#8221;<a href=\"#_ftn9\" name=\"_ftnref9\" title=\"\"><\/a><span style=\"line-height: 115%; font-family: 'Arial','sans-serif';\">[9]<\/span><\/span><\/p>\n<p style=\"margin-bottom: 0.0001pt; text-align: justify; text-indent: 1cm; line-height: 150%;\"><span style=\"font-size: 12pt;\"><b><span style=\"font-family: 'Arial','sans-serif';\">\u015eimdi Serdar Arseven\u2019e soral\u0131m:<\/span><\/b><b><span style=\"font-family: 'Arial','sans-serif';\"><\/span><\/b><\/span><\/p>\n<p style=\"margin-bottom: 0.0001pt; text-align: justify; text-indent: 1cm; line-height: 150%;\"><span style=\"font-size: 12pt;\"><b><span style=\"font-family: 'Arial','sans-serif';\">1.<\/span><\/b><b><span style=\"font-family: 'Arial','sans-serif';\">Erbakan Hoca\u2019ya s\u00f6z verdi\u011finiz gibi, gidip Sn. Recep T. Erdo\u011fan\u2019a \u201cK\u0131br\u0131sta bir \u0130mam Hatip okulu a\u00e7mas\u0131\u201d yolundaki tarihi tavsiyeyi ilettiniz mi ?<\/span><\/b><b><span style=\"font-family: 'Arial','sans-serif';\"><\/span><\/b><\/span><\/p>\n<p style=\"margin-bottom: 0.0001pt; text-align: justify; text-indent: 1cm; line-height: 150%;\"><span style=\"font-size: 12pt;\"><b><span style=\"font-family: 'Arial','sans-serif';\">2.<\/span><\/b><b><span style=\"font-family: 'Arial','sans-serif';\">Onun size verdi\u011fi yan\u0131t\u0131n ne oldu\u011funu s\u00f6yler misiniz?<\/span><\/b><b><span style=\"font-family: 'Arial','sans-serif';\"><\/span><\/b><\/span><\/p>\n<p style=\"margin-bottom: 0.0001pt; text-align: justify; text-indent: 1cm; line-height: 150%;\"><span style=\"font-size: 12pt;\"><b><span style=\"font-family: 'Arial','sans-serif';\">3.<\/span><\/b><b><span style=\"font-family: 'Arial','sans-serif';\">Erbakan Hoca\u2019n\u0131n hat\u0131ras\u0131n\u0131, uyar\u0131lar\u0131n\u0131, AKP\u2019yi aklamak i\u00e7in mi, yoksa vasiyetini uygulamak ve O\u2019nu hay\u0131rla anmak i\u00e7in mi yaz\u0131verdiniz?<\/span><\/b><b><span style=\"font-family: 'Arial','sans-serif';\"><\/span><\/b><\/span><\/p>\n<p style=\"margin-bottom: 0.0001pt; text-align: justify; text-indent: 1cm; line-height: 150%;\"><span style=\"font-size: 12pt;\"><b><span style=\"font-family: 'Arial','sans-serif';\">4.<\/span><\/b><b><span style=\"font-family: 'Arial','sans-serif';\">K\u0131br\u0131sta bir \u0130mam-Hatip a\u00e7t\u0131rmayan S\u00fcleyman Demirel ve Rauf Denkta\u015f\u2019tan, Recep T. Erdo\u011fan\u0131n fark\u0131n\u0131 ve faziletini g\u00f6sterecek bu \u201cK\u0131br\u0131sta \u0130mam-Hatip okulu a\u00e7ma\u201d tavsiyesinin hala takip\u00e7isi misiniz?<\/span><\/b><b><span style=\"font-family: 'Arial','sans-serif';\"><\/span><\/b><\/span><\/p>\n<p style=\"margin-bottom: 0.0001pt; text-align: justify; text-indent: 1cm; line-height: 150%;\"><span style=\"font-size: 12pt;\"><b><span style=\"font-family: 'Arial','sans-serif';\">5.<\/span><\/b><b><span style=\"font-family: 'Arial','sans-serif';\">Az de\u011fil, tam iki y\u0131l ge\u00e7mesine ra\u011fmen, K\u0131br\u0131s\u0131n manevi kurtulu\u015fuyla ilgili, Hoca\u2019n\u0131n bu vasiyetini, muhatab\u0131na tebli\u011f ve neticesini takip etmemi\u015fseniz, Rahmet Erbakan\u2019\u0131n ikaz etti\u011fi gibi \u201cYahudinin \u00e7ekim sahas\u0131na\u201d girip girmedi\u011finizi bir kere daha kontrol eder misiniz?<\/span><\/b><\/span><\/p>\n<p style=\"margin-bottom: 0.0001pt; text-align: justify; text-indent: 1cm; line-height: 150%;\"><b><span style=\"font-size: 14pt; line-height: 150%; font-family: 'Arial','sans-serif';\">28 \u015eubat S\u00fcrecinde G\u00fclen: \u201cErbakan Ba\u015fbakanl\u0131\u011f\u0131 B\u0131rakmal\u0131\u201d diye y\u0131rt\u0131nmaktayd\u0131!<\/span><\/b><\/p>\n<p style=\"margin-bottom: 0.0001pt; text-align: justify; text-indent: 1cm; line-height: 150%;\"><i><span style=\"font-size: 10pt; line-height: 150%; font-family: 'Arial','sans-serif';\">Gelin \u00f6nce 28 \u015eubat kararlar\u0131n\u0131n al\u0131nmas\u0131ndan 45 g\u00fcn sonras\u0131na gidelim \u00f6nce\u2026 Tarih, 16 Nisan 1997.Yer, Kanal D.<\/span><\/i><\/p>\n<p style=\"margin-bottom: 0.0001pt; text-align: justify; text-indent: 1cm; line-height: 150%;\"><i><span style=\"font-size: 10pt; line-height: 150%; font-family: 'Arial','sans-serif';\">Fethullah G\u00fclen \u015f\u00f6yle konu\u015fuyor ekranda<b>: \u201cErbakan bu i\u015fi (ba\u015fbakanl\u0131\u011f\u0131) beceremedi, eline, y\u00fcz\u00fcn bula\u015ft\u0131rd\u0131; emaneti hemen vermelidir, millet ad\u0131na yapmal\u0131d\u0131r bunu\u2026\u201d<\/b><\/span><\/i><\/p>\n<p style=\"margin-bottom: 0.0001pt; text-align: justify; text-indent: 1cm; line-height: 150%;\"><i><span style=\"font-size: 10pt; line-height: 150%; font-family: 'Arial','sans-serif';\">\u015ea\u015f\u0131rd\u0131n\u0131z m\u0131?<\/span><\/i><\/p>\n<p style=\"margin-bottom: 0.0001pt; text-align: justify; text-indent: 1cm; line-height: 150%;\"><i><span style=\"font-size: 10pt; line-height: 150%; font-family: 'Arial','sans-serif';\">Bug\u00fcn \u201cErbakan neden direnip dik duramad\u0131\u201d, \u201cErbakan cesaret edip tank\u0131n \u00fcst\u00fcne \u00e7\u0131ksayd\u0131 28 \u015eubat olmazd\u0131\u201d diye ahkam kesenlerin tapt\u0131klar\u0131 demokrasi havarisi Fethullah G\u00fclen, Erbakan\u2019dan ba\u015fbakanl\u0131\u011f\u0131 b\u0131rakmas\u0131n\u0131 istiyor <\/span><\/i><span style=\"font-size: 10pt; line-height: 150%; font-family: 'Arial','sans-serif';\">ve 28 \u015eubat\u00e7\u0131lar\u0131n ekme\u011fine ya\u011f s\u00fcr\u00fcyordu. Ve zaten ula\u015ft\u0131\u011f\u0131 b\u00fct\u00fcn \u015f\u00f6hretlere bu Siyonist odaklara ya\u011fc\u0131l\u0131\u011f\u0131 sayesinde ula\u015f\u0131yordu. <i>O g\u00fcnler televizyonda Yal\u00e7\u0131n Do\u011fan\u2019a \u201cErbakan h\u00fck\u00fcmeti b\u0131rakmal\u0131, \u00fclkeyi daha fazla germemeli\u201d diyen Fethullah G\u00fclen, y\u0131llar sonra s\u00f6zlerinin anlam\u0131n\u0131n asl\u0131nda ba\u015fka oldu\u011funu Gazeteciler ve Yazarlar Birli\u011fi Vakf\u0131 Ba\u015fkan\u0131 Mustafa Ye\u015fil \u00fczerinden s\u00f6yleyerek, temize \u00e7\u0131kmaya \u00e7al\u0131\u015f\u0131yor, <\/i>yani ahlak\u0131na ve ayar\u0131na uygun olarak duruma g\u00f6re \u00e7ark ediyordu.<\/span><\/p>\n<p style=\"margin-bottom: 0.0001pt; text-align: justify; text-indent: 1cm; line-height: 150%;\"><i><span style=\"font-size: 10pt; line-height: 150%; font-family: 'Arial','sans-serif';\">Bug\u00fcn \u201c28 \u015eubat\u2019\u0131n k\u0131zlar\u0131n ba\u015f\u0131ndaki t\u00fcrban\u0131 \u00e7\u0131kartmak i\u00e7in yap\u0131ld\u0131\u011f\u0131n\u0131\u201d s\u00f6yleyen cemaat ehline hat\u0131rlatal\u0131m: Fethullah G\u00fclen o g\u00fcnlerde, t\u00fcrban\u0131n \u201cteferruat\u201d oldu\u011funu savunuyordu.<\/span><\/i><\/p>\n<p style=\"margin-bottom: 0.0001pt; text-align: justify; text-indent: 1cm; line-height: 150%;\"><i><span style=\"font-size: 10pt; line-height: 150%; font-family: 'Arial','sans-serif';\">Bug\u00fcn TSK\u2019ye vurabilmek i\u00e7in mezar kazd\u0131r\u0131p, kemik arayanlar, 28 \u015eubat\u2019tan \u00f6nce i\u015flenen faili me\u00e7hul cinayetleri neden g\u00f6rm\u00fcyordu, neden yazm\u0131yordu? Cemaat yazarlar\u0131n\u0131n Sedat Bucak ve Mehmet A\u011far\u2019a destek yaz\u0131lar\u0131n\u0131 kimler haz\u0131rl\u0131yordu?<\/span><\/i><\/p>\n<p style=\"margin-bottom: 0.0001pt; text-align: justify; text-indent: 1cm; line-height: 150%;\"><b><i><span style=\"font-size: 14pt; line-height: 150%; font-family: 'Arial','sans-serif';\">Ali \u00dcnal\u2019\u0131n Kargalar\u0131 Bile G\u00fcld\u00fcren F. G\u00fclen Savunmas\u0131<\/span><\/i><\/b><i><span style=\"font-size: 14pt; line-height: 150%; font-family: 'Arial','sans-serif';\"><\/span><\/i><\/p>\n<p style=\"margin-bottom: 0.0001pt; text-align: justify; text-indent: 1cm; line-height: 150%;\"><i><span style=\"font-size: 10pt; line-height: 150%; font-family: 'Arial','sans-serif';\">Sonraki y\u0131llarda cemaat yazarlar\u0131, takiyye ve k\u0131v\u0131rma sanat\u0131n\u0131n her t\u00fcr\u00fcn\u00fc kullanarak aklanmaya u\u011fra\u015f\u0131yordu. \u00d6rne\u011fin Ali \u00dcnal, 3 Temmuz 2006 tarihli Zaman\u2019da \u015f\u00f6yle yaz\u0131yordu: \u201c<\/span><\/i><b><i><span style=\"font-family: 'Arial','sans-serif';\">28 \u015eubat\u2019ta ordu yanl\u0131s\u0131 bir tav\u0131r tak\u0131nan Fethullah G\u00fclen, neden \u015fimdi \u015eemdinli ve birbiri s\u0131ra patlak veren \u00e7eteler hadisesinde \u00f6zg\u00fcrl\u00fck\u00e7\u00fc bir tav\u0131r ortaya koyuyor?\u201d diye soruyordu. Oysa bu iki tav\u0131r aras\u0131nda Hocaefendi taraf\u0131ndan hi\u00e7bir \u00e7eli\u015fkinin olmad\u0131\u011f\u0131 apa\u00e7\u0131k. Darbelere her zaman kar\u015f\u0131 olmu\u015f olan Hocaefendi, 28 \u015eubat\u2019ta mevcut h\u00fck\u00fcmetin darbe sebebi te\u015fkil edece\u011fini g\u00f6rd\u00fc\u011f\u00fc i\u00e7in, muhtemel bir darbenin \u00f6nlenmesi maksad\u0131yla h\u00fck\u00fcmetin \u00e7ekilmesini istedi.\u201d<\/span><\/i><\/b><i><span style=\"font-size: 10pt; line-height: 150%; font-family: 'Arial','sans-serif';\"><\/span><\/i><\/p>\n<p style=\"margin-bottom: 0.0001pt; text-align: justify; text-indent: 1cm; line-height: 150%;\"><b><i><span style=\"font-size: 13pt; line-height: 150%; font-family: 'Arial','sans-serif';\">Demek ki neymi\u015f? G\u00fclen, darbe olmas\u0131n diye <\/span><\/i><\/b><b><span style=\"font-size: 13pt; line-height: 150%; font-family: 'Arial','sans-serif';\">Erbakan\u2019a kar\u015f\u0131 TSK\u2019y\u0131 destekleyip 28 \u015eubat\u2019a arka \u00e7\u0131k\u0131yormu\u015f!&#8230; Vay anas\u0131n\u0131 be, Fetullah G\u00fclen me\u011fer ne kadar ince ve derin d\u00fc\u015f\u00fcn\u00fcyormu\u015f!<\/span><\/b><a href=\"#_ftn10\" name=\"_ftnref10\" title=\"\"><\/a><i><span style=\"font-size: 10pt; line-height: 150%; font-family: 'Arial','sans-serif';\"><b><span style=\"font-size: 10pt; line-height: 115%; font-family: 'Arial','sans-serif';\">[10]<\/span><\/b><\/span><\/i><b><span style=\"font-size: 13pt; line-height: 150%; font-family: 'Arial','sans-serif';\"><\/span><\/b><\/p>\n<p style=\"margin-bottom: 0.0001pt; text-align: justify; text-indent: 1cm; line-height: 150%;\"><b><span style=\"font-size: 13pt; line-height: 150%; font-family: 'Arial','sans-serif';\">Konuyu toparlayal\u0131m <\/span><\/b><\/p>\n<p style=\"margin-bottom: 0.0001pt; text-align: justify; text-indent: 1cm; line-height: 150%;\"><b><span style=\"font-size: 13pt; line-height: 150%; font-family: 'Arial','sans-serif';\">Aziz Milletimizin mayas\u0131 ve \u201cdo\u011fal hayat yasas\u0131\u201d olan \u0130slam\u0131 inkar eden ulusalc\u0131lar da, dinimizi istismar eden kat\u0131 veya \u0131l\u0131ml\u0131 \u0130slamc\u0131lar da, ayn\u0131 Siyonist zihniyetin hizmetkarl\u0131\u011f\u0131n\u0131 yapmaktad\u0131r. Bunlar\u0131 birbirinin kar\u015f\u0131t\u0131 ve ilac\u0131 sanmak, en az\u0131ndan safl\u0131kt\u0131r. Ulusalc\u0131lar halk\u0131m\u0131z\u0131 \u00fcrk\u00fctmek, \u0131l\u0131ml\u0131 \u0130slamc\u0131lar da bu \u00fcrken kalabal\u0131klar\u0131 AKP tuza\u011f\u0131na s\u00fcrmekle g\u00f6revli fig\u00fcranlard\u0131r.<\/span><\/b><\/p>\n<div><br clear=\"all\" \/><\/p>\n<hr align=\"left\" size=\"1\" width=\"33%\" \/>\n<div>\n<p><a href=\"#_ftnref1\" name=\"_ftn1\" title=\"\"><\/a><span style=\"font-size: 10pt; line-height: 115%; font-family: 'Calibri','sans-serif';\">[1]<\/span> Ayd\u0131nl\u0131k \/Sh.2 &#8211; 24 \u015eubat 2012<\/p>\n<\/p><\/div>\n<div>\n<p><a href=\"#_ftnref2\" name=\"_ftn2\" title=\"\"><\/a><span style=\"font-size: 10pt; line-height: 115%; font-family: 'Calibri','sans-serif';\">[2]<\/span> Bak: 13 Mart 2012 Ayd\u0131nl\u0131k Sh.10<\/p>\n<\/p><\/div>\n<div>\n<p><a href=\"#_ftnref3\" name=\"_ftn3\" title=\"\"><\/a><span style=\"font-size: 10pt; line-height: 115%; font-family: 'Calibri','sans-serif';\">[3]<\/span> Bak: 10 Mart 2012 \u2013 Ayd\u0131nl\u0131k)<\/p>\n<\/p><\/div>\n<div>\n<p><a href=\"#_ftnref4\" name=\"_ftn4\" title=\"\"><\/a><span style=\"font-size: 10pt; line-height: 115%; font-family: 'Calibri','sans-serif';\">[4]<\/span> Star Gazete \u2013 10 Mart 2012<\/p>\n<\/p><\/div>\n<div>\n<p><a href=\"#_ftnref5\" name=\"_ftn5\" title=\"\"><\/a><span style=\"font-size: 10pt; line-height: 115%; font-family: 'Calibri','sans-serif';\">[5]<\/span> Akit \u2013 29 \u015eubat 2012<\/p>\n<\/p><\/div>\n<div>\n<p><a href=\"#_ftnref6\" name=\"_ftn6\" title=\"\"><\/a><span style=\"font-size: 10pt; line-height: 115%; font-family: 'Calibri','sans-serif';\">[6]<\/span> Akit \u2013 29 \u015eubat 2012<\/p>\n<\/p><\/div>\n<div>\n<p><a href=\"#_ftnref7\" name=\"_ftn7\" title=\"\"><\/a><span style=\"font-size: 10pt; line-height: 115%; font-family: 'Calibri','sans-serif';\">[7]<\/span> Taraf \/ Sh.2 \u2013 27 \u015eubat 2012<\/p>\n<\/p><\/div>\n<div>\n<p><a href=\"#_ftnref8\" name=\"_ftn8\" title=\"\"><\/a><span style=\"font-size: 10pt; line-height: 115%; font-family: 'Calibri','sans-serif';\">[8]<\/span> Mehmet Ali Birand , Posta<\/p>\n<\/p><\/div>\n<div>\n<p><a href=\"#_ftnref9\" name=\"_ftn9\" title=\"\"><\/a><span style=\"font-size: 10pt; line-height: 115%; font-family: 'Calibri','sans-serif';\">[9]<\/span> Yeni Akit, 29.02.2012<\/p>\n<\/p><\/div>\n<div>\n<p><a href=\"#_ftnref10\" name=\"_ftn10\" title=\"\"><\/a><span style=\"font-size: 10pt; line-height: 115%; font-family: 'Calibri','sans-serif';\">[10]<\/span> Mehmet Ali G\u00fcller &#8211; 28 \u015eubat 2012,<\/p>\n<\/p><\/div>\n<\/p><\/div>\n<p>&nbsp;<\/p>\n","protected":false},"excerpt":{"rendered":"<p>Siyonizm; baz\u0131 sap\u0131k Yahudilerin, \u015eeytani hedef ve prensipleri sistemle\u015ftirdikleri bozuk bir ideolojidir. Uhrevi d\u00fc\u015f\u00fcnceden ve manevi disiplinden uzak ya\u015fayan, nefsi hevas\u0131n\u0131 ve d\u00fcnyal\u0131k hesaplar\u0131n\u0131 tanr\u0131la\u015ft\u0131ran, dinini ve ideolojisini s\u00fcrekli istismar etmekten sak\u0131nmayan her insan, zahiren M\u00fcsl\u00fcman, Hristiyan, ateist te san\u0131lsa, asl\u0131nda \u015eeytan\u2019\u0131n ve Siyonist odaklar\u0131n do\u011fal bir \u00fcyesi ve hizmet\u00e7isidir. Zaten Masonlar, Lionslar, Rotaryanler, bu [&hellip;]<\/p>\n","protected":false},"author":35,"featured_media":0,"comment_status":"open","ping_status":"closed","sticky":false,"template":"","format":"standard","meta":{"footnotes":""},"categories":[98],"tags":[],"class_list":["post-2247","post","type-post","status-publish","format-standard","hentry","category-ozel-yazilar"],"_links":{"self":[{"href":"https:\/\/www.millicozum.com\/mc\/wp-json\/wp\/v2\/posts\/2247","targetHints":{"allow":["GET"]}}],"collection":[{"href":"https:\/\/www.millicozum.com\/mc\/wp-json\/wp\/v2\/posts"}],"about":[{"href":"https:\/\/www.millicozum.com\/mc\/wp-json\/wp\/v2\/types\/post"}],"author":[{"embeddable":true,"href":"https:\/\/www.millicozum.com\/mc\/wp-json\/wp\/v2\/users\/35"}],"replies":[{"embeddable":true,"href":"https:\/\/www.millicozum.com\/mc\/wp-json\/wp\/v2\/comments?post=2247"}],"version-history":[{"count":0,"href":"https:\/\/www.millicozum.com\/mc\/wp-json\/wp\/v2\/posts\/2247\/revisions"}],"wp:attachment":[{"href":"https:\/\/www.millicozum.com\/mc\/wp-json\/wp\/v2\/media?parent=2247"}],"wp:term":[{"taxonomy":"category","embeddable":true,"href":"https:\/\/www.millicozum.com\/mc\/wp-json\/wp\/v2\/categories?post=2247"},{"taxonomy":"post_tag","embeddable":true,"href":"https:\/\/www.millicozum.com\/mc\/wp-json\/wp\/v2\/tags?post=2247"}],"curies":[{"name":"wp","href":"https:\/\/api.w.org\/{rel}","templated":true}]}}