{"id":2254,"date":"2012-03-30T07:33:54","date_gmt":"2012-03-30T07:33:54","guid":{"rendered":"https:\/\/www.millicozum.com\/mc\/2012\/03\/30\/28-subatin-figuranlari-ve-fetullahcilarin-argumanlari-2\/"},"modified":"2012-03-30T07:33:54","modified_gmt":"2012-03-30T07:33:54","slug":"28-subatin-figuranlari-ve-fetullahcilarin-argumanlari-2","status":"publish","type":"post","link":"https:\/\/www.millicozum.com\/mc\/2012\/nisan-2012\/28-subatin-figuranlari-ve-fetullahcilarin-argumanlari\/","title":{"rendered":"28 \u015eUBAT\u2019IN F\u0130G\u00dcRANLARI VE FETULLAH\u00c7ILARIN ARG\u00dcMANLARI"},"content":{"rendered":"\n<p>&nbsp;<\/p>\n<p style=\"text-align: justify; text-indent: 1cm; line-height: 150%;\"><b><span style=\"font-size: 11pt; line-height: 150%; font-family: 'Arial','sans-serif'; color: black;\">28 \u015eubat\u2019\u0131n as\u0131l mimarlar\u0131, ABD\u2019nin \u201cderin devleti\u201d olan Yahudi Lobileri oldu\u011fu, bizzat Rahmetli Erbakan\u2019\u0131n iddias\u0131yd\u0131 ve bunu belgelerle ispatlam\u0131\u015ft\u0131. \u00c7\u00fcnk\u00fc Erbakan 300 y\u0131ld\u0131r d\u00fcnyay\u0131 y\u00f6neten ve s\u00f6m\u00fcren zalim odaklara kar\u015f\u0131, yeni ve Adil Bir D\u00fcnya kurmak \u00fczere yola \u00e7\u0131km\u0131\u015f ve art\u0131k hedefine yakla\u015fm\u0131\u015ft\u0131. O, Siyonist odaklar\u0131n korkulu r\u00fcyas\u0131yd\u0131 ve mutlaka engellenmesi laz\u0131md\u0131.<\/span><\/b><\/p>\n<p style=\"text-align: justify; text-indent: 1cm; line-height: 150%;\"><b><span style=\"font-size: 11pt; line-height: 150%; font-family: 'Arial','sans-serif'; color: black;\">Evet, Erbakan; ne kucakta saklanacak bir fig\u00fcran, ne uzaktan kumanda ile oynat\u0131lacak bir sahte kahraman de\u011fil, \u015feytani g\u00fc\u00e7lerin ba\u015f belas\u0131yd\u0131. O ta\u015feronlarla ve at\u0131lan ta\u015flarla de\u011fil, barbar TANRI\u2019lar\u0131yla u\u011fra\u015f\u0131rd\u0131.<\/span><\/b><\/p>\n<p style=\"text-align: justify; text-indent: 1cm; line-height: 150%;\"><b><i><span style=\"font-size: 10pt; line-height: 150%; font-family: 'Arial','sans-serif'; color: black;\">\u201c\u0130ktidarda ba\u015far\u0131s\u0131z k\u0131lmak ve umut olmaktan \u00e7\u0131karmak\u201d <\/span><\/i><\/b><b><span style=\"font-size: 10pt; line-height: 150%; font-family: 'Arial','sans-serif'; color: black;\">\u00fczere, kontroll\u00fc bir strateji ile Tansu \u00c7iller\u2019le Refah-Yol\u2019u kurmas\u0131na f\u0131rsat tan\u0131nm\u0131\u015f, ama her tedbire ra\u011fmen, Hocan\u0131n k\u00e2rl\u0131 \u00e7\u0131kt\u0131\u011f\u0131 anla\u015f\u0131l\u0131nca, Siyonist odaklar\u0131n 28 \u015eubat\u2019tan ba\u015fka \u00e7areleri kalmam\u0131\u015ft\u0131. Hatta Erbakan Hoca ve Milli gayretli asker ve sivil kadrolar diretse, bir i\u00e7 sava\u015f \u00e7\u0131kartmay\u0131 bile g\u00f6ze alm\u0131\u015flard\u0131. B\u00f6yle bir durum T\u00fcrkiye\u2019nin sonu olacakt\u0131. Bu \u015feytani oyunlar\u0131 fark eden Erbakan Hoca, kendisini ve partisini feda etmek pahas\u0131na, \u00fclkesini ve devletini bu kaos ve kavga ortam\u0131na sokmad\u0131.<\/span><\/b><\/p>\n<p style=\"text-align: justify; text-indent: 1cm; line-height: 150%;\"><b><span style=\"font-size: 13pt; line-height: 150%; font-family: 'Arial','sans-serif'; color: black;\">DP Genel Ba\u015fkan\u0131 S\u00fcleyman Soylu\u2019nun Kanal-A\u2019daki anlatt\u0131klar\u0131 da bu kanaat\u0131m\u0131z\u0131n bir kan\u0131t\u0131yd\u0131.<\/span><\/b><\/p>\n<p style=\"text-align: justify; text-indent: 1cm; line-height: 150%;\"><b><span style=\"font-size: 13pt; line-height: 150%; font-family: 'Arial','sans-serif'; color: black;\">\u201cTansu \u00c7iller bana \u015funlar\u0131 aktard\u0131: Ben Erbakan\u2019a gidip;<\/span><\/b><\/p>\n<p style=\"text-align: justify; text-indent: 1cm; line-height: 150%;\"><b><span style=\"font-size: 13pt; line-height: 150%; font-family: 'Arial','sans-serif'; color: black;\">\u201cAskerler bize kar\u015f\u0131 anayasal s\u0131n\u0131rlar\u0131 zorluyor, yetkilerini a\u015f\u0131yor. Ya baz\u0131 komutanlar\u0131 g\u00f6revden uzakla\u015ft\u0131ral\u0131m, ya da yeni bir se\u00e7im karar\u0131 alal\u0131m\u201d dedi\u011fimde bana \u201cSus!\u201d i\u015fareti yaparak; <i>\u201cHay\u0131r, bunlara gerek yok, \u00e7\u00fcnk\u00fc asl\u0131nda problem bizimle asker aras\u0131nda de\u011fil\u201d <\/i>yan\u0131t\u0131n\u0131 verince, art\u0131k yapacak bir \u015fey kalmam\u0131\u015ft\u0131.\u201d<\/span><\/b><\/p>\n<p style=\"text-align: justify; text-indent: 1cm; line-height: 150%;\"><b><span style=\"font-size: 13pt; line-height: 150%; font-family: 'Arial','sans-serif'; color: black;\">Bu s\u00f6zleriyle Erbakan Hoca \u00c7iller\u2019e \u201c28 \u015eubat tezgah\u0131n\u0131 ABD derin devletinin haz\u0131rlad\u0131\u011f\u0131n\u0131, k\u0131\u015fk\u0131rt\u0131lan ve fig\u00fcran olarak kullan\u0131lan kesimlerle u\u011fra\u015fman\u0131n hi\u00e7bir fayda sa\u011flamayaca\u011f\u0131n\u0131\u201d hat\u0131rlatmaya \u00e7al\u0131\u015fm\u0131\u015f, ama O anlamam\u0131\u015ft\u0131.<\/span><\/b><\/p>\n<p style=\"text-align: justify; text-indent: 1cm; line-height: 150%;\"><b><span style=\"font-size: 10pt; line-height: 150%; font-family: 'Arial','sans-serif'; color: black;\">Evet, 28 \u015eubat\u2019\u0131n as\u0131l patronlar\u0131 ABD Yahudi odaklar\u0131yd\u0131. Yani T\u00fcrkiye\u2019deki:<\/span><\/b><\/p>\n<ul>\n<li><b><span style=\"font-size: 10pt; line-height: 150%; font-family: 'Arial','sans-serif'; color: black;\">NATO kaftanl\u0131 ve M\u00fcsl\u00fcman halk\u0131na kar\u015f\u0131 g\u00e2vur kafal\u0131 baz\u0131 pa\u015falar da fig\u00fcrand\u0131.<\/span><\/b><\/li>\n<li><b><span style=\"font-size: 10pt; line-height: 150%; font-family: 'Arial','sans-serif'; color: black;\">Kiral\u0131k ve korkak medya ma\u015falar\u0131 da fig\u00fcrand\u0131.<\/span><\/b><\/li>\n<li><b><span style=\"font-size: 10pt; line-height: 150%; font-family: 'Arial','sans-serif'; color: black;\">\u201cUlusalc\u0131l\u0131k\u201d yaftal\u0131 \u0130slam d\u00fc\u015fmanlar\u0131 da fig\u00fcrand\u0131.<\/span><\/b><\/li>\n<li><b><span style=\"font-size: 10pt; line-height: 150%; font-family: 'Arial','sans-serif'; color: black;\">Fetullah G\u00fclen gibi din istismarc\u0131lar\u0131 da fig\u00fcrand\u0131.<\/span><\/b><\/li>\n<li><b><span style=\"font-size: 10pt; line-height: 150%; font-family: 'Arial','sans-serif'; color: black;\">Kur\u2019an\u2019\u0131n cesaret, ciddiyet ve metanet isteyen kurallar\u0131ndan ve Erbakan\u2019dan kurtulup; Amerika\u2019n\u0131n kuklas\u0131 olmak ve iktidara ta\u015f\u0131nmak i\u00e7in f\u0131rsat kollayan YEN\u0130L\u0130K\u00c7\u0130 \u015farlatanlar da fig\u00fcrand\u0131.<\/span><\/b><\/li>\n<li><b><span style=\"font-size: 10pt; line-height: 150%; font-family: 'Arial','sans-serif'; color: black;\">Ayars\u0131z s\u00f6ylemleri ve tutars\u0131z eylemleriyle yukar\u0131daki fig\u00fcranlara, Erbakan aleyhine kullan\u0131lacak haz\u0131r malzemeleri c\u00f6mert\u00e7e sunan ve bug\u00fcn hepsi AKP\u2019ye ve HAS partiye kayan, uyuz ve ucuz kahramanl\u0131k taslaklar\u0131 da fig\u00fcrand\u0131. <\/span><\/b><\/li>\n<\/ul>\n<p style=\"text-align: justify; text-indent: 1cm; line-height: 150%;\"><b><span style=\"font-size: 10pt; line-height: 150%; font-family: 'Arial','sans-serif'; color: black;\">Ve asla unutmay\u0131n, bunlar\u0131n hepsinin hesab\u0131, toptan sorulacakt\u0131.<\/span><\/b><\/p>\n<p style=\"text-align: justify; text-indent: 1cm; line-height: 150%;\"><b><span style=\"font-size: 11pt; line-height: 150%; font-family: 'Arial','sans-serif'; color: black;\">Prof. Dr. Necmettin Erbakan Hocam\u0131z \u015fu tarihi belgeyi bulup a\u00e7\u0131klam\u0131\u015ft\u0131:<\/span><\/b><\/p>\n<p style=\"text-align: justify; text-indent: 1cm; line-height: 150%;\"><b><span style=\"font-size: 10pt; line-height: 150%; font-family: 'Arial','sans-serif'; color: black;\">&#8220;Gizli&#8221; belge 1996 tarihini ta\u015f\u0131yordu. ABD Milli G\u00fcvenlik Konseyi&#8217;nden Washington&#8217;a &#8220;Acil&#8221; koduyla g\u00f6nderilen kripto: <\/span><\/b><b><span style=\"font-size: 11pt; line-height: 150%; font-family: 'Arial','sans-serif'; color: black;\">&#8220;T\u00fcrk D\u0131\u015f Politikas\u0131&#8221;<\/span><\/b><b><span style=\"font-size: 10pt; line-height: 150%; font-family: 'Arial','sans-serif'; color: black;\"> ba\u015fl\u0131\u011f\u0131yla yaz\u0131l\u0131yordu.<\/span><\/b><\/p>\n<p style=\"text-align: justify; text-indent: 1cm; line-height: 150%;\"><b><span style=\"font-size: 11pt; line-height: 150%; font-family: 'Arial','sans-serif'; color: black;\">L\u00fctfen dikkatle okuyal\u0131m:<\/span><\/b><\/p>\n<p style=\"text-align: justify; text-indent: 1cm; line-height: 150%;\"><span style=\"font-size: 11pt; line-height: 150%; font-family: 'Arial','sans-serif'; color: black;\">&#8220;Departman\u0131m\u0131z (Yahudi g\u00fcd\u00fcml\u00fc Amerikan G\u00fcvenlik ve Strateji Kurumlar\u0131), T\u00fcrk H\u00fck\u00fcmetinin milli e\u011filimlerinden ve Ba\u015fbakan Erbakan&#8217;\u0131n ideolojisinden ilham alarak, d\u0131\u015f politikay\u0131 Bat\u0131&#8217;dan ay\u0131r\u0131p Arap ve M\u00fcsl\u00fcman d\u00fcnyas\u0131na do\u011fru yeniden y\u00f6nlendirmesinden dolay\u0131 derin endi\u015fe i\u00e7erisindedir. Kanaatimizce, T\u00fcrkiye&#8217;nin \u0130ran, Irak, Libya, Nijerya ve Sudan ile ba\u011flar\u0131n\u0131 kuvvetlendirmek <b>(Yani D-8\u2019i hayata ge\u00e7irmek)<\/b> konusundaki mevcut tutumu, bizim milli menfaatlerimize ayk\u0131r\u0131 (d\u00fc\u015fmanca) d\u00fc\u015fmektedir.<\/span><\/p>\n<p style=\"text-align: justify; text-indent: 1cm; line-height: 150%;\"><span style=\"font-size: 11pt; line-height: 150%; font-family: 'Arial','sans-serif'; color: black;\">&#8220;-Do\u011fruyol Partisi<b>, Erbakan<\/b>&#8216;\u0131n radikal \u0130slami s\u00f6ylemlerini \u0131l\u0131mla\u015ft\u0131rmada ba\u015far\u0131l\u0131 olamad\u0131\u011f\u0131na g\u00f6re, art\u0131k kendisinin <b>Refah Partisi<\/b> ile koalisyonu verimsiz ve gereksiz g\u00f6r\u00fcnmektedir. Biz inan\u0131yoruz ki, <b>Tansu \u00c7iller<\/b>&#8216;in koalisyondan \u00e7ekilmesi <b>Erbakan&#8217;<\/b>\u0131<b> <\/b>d\u00fc\u015f\u00fcrecek ve \u00fclkeyi erken genel se\u00e7imlere g\u00f6t\u00fcrecektir. Sonu\u00e7 kesin olmamakla birlikte, Refah Partisi b\u00fcy\u00fck bir ihtimalle se\u00e7imlerden eskisinden daha g\u00fc\u00e7l\u00fc olarak \u00e7\u0131k\u0131p iktidara gelecektir.\u201d<\/span><\/p>\n<p style=\"text-align: justify; text-indent: 1cm; line-height: 150%;\"><span style=\"font-size: 11pt; line-height: 150%; font-family: 'Arial','sans-serif'; color: black;\">&#8220;-T\u00fcrkiye, Birle\u015fik Devletler\u2019in anahtar stratejik orta\u011f\u0131 olarak kalmak mecburiyetindedir ve O\u2019nun bu pozisyonunu ger\u00e7ekle\u015ftirip s\u00fcrd\u00fcrmedeki ba\u015far\u0131m\u0131z, bizim milli menfaatlerimizi do\u011frudan etkileyecektir. <b>T\u00fcrk askeriyesini<\/b>, bu sonucu elde etmeye do\u011fru daha b\u00fcy\u00fck \u00e7aba sarf etmesi i\u00e7in harekete ge\u00e7meye zorlanmas\u0131 gerekir. Bu konudaki aksiyon planlar\u0131n\u0131z\u0131 ve yorumlar\u0131n\u0131z\u0131 bekliyoruz.&#8221; <\/span><\/p>\n<p style=\"text-align: justify; text-indent: 1cm; line-height: 150%;\"><b><span style=\"font-size: 11pt; line-height: 150%; font-family: 'Arial','sans-serif'; color: black;\">Bu belgeden de anla\u015f\u0131ld\u0131\u011f\u0131 gibi: ABD, DYP&#8217;nin Erbakan\u2019\u0131 dizginleme ve dejenere etme y\u00f6n\u00fcndeki demokratik zemindeki \u00e7abalar\u0131n\u0131 yetersiz g\u00f6rm\u00fc\u015f olacak ki, TSK&#8217;n\u0131n o d\u00f6nemdeki komuta kademesini zorlamay\u0131 \u00e7\u00f6z\u00fcm olarak \u00f6nermektedir. Ve zaten 28 \u015eubat, bu \u00f6neriler do\u011frultusunda ger\u00e7ekle\u015fmi\u015ftir.<\/span><\/b><\/p>\n<p style=\"text-align: justify; text-indent: 1cm; line-height: 150%;\"><b><span style=\"font-size: 11pt; line-height: 150%; font-family: 'Arial','sans-serif'; color: black;\">28 \u015eubat\u2019\u0131n ABD aya\u011f\u0131n\u0131 ve Yahudi patronlar\u0131n\u0131 hi\u00e7 konu\u015fmayan yazar ve yorumcular; kar\u015f\u0131 da \u00e7\u0131ksa, taraf da olsa asl\u0131nda \u201cgizledikleri Siyonizm\u201d fig\u00fcranl\u0131\u011f\u0131n\u0131 yap\u0131yordu. Ancak bu arada 28 \u015eubat\u2019\u0131 alk\u0131\u015flayan ve arka \u00e7\u0131kan piyonlar\u0131n, art\u0131k pislikleri de ortaya d\u00f6k\u00fcl\u00fcyordu.<\/span><\/b><\/p>\n<p style=\"text-align: justify; text-indent: 1cm; line-height: 150%;\"><span style=\"font-size: 10pt; line-height: 150%; font-family: 'Arial','sans-serif'; color: black;\">28 \u015eubat&#8217;\u0131n kilometre ta\u015flar\u0131n\u0131 d\u00f6\u015feyen medya mensuplar\u0131 darbenin 15. y\u0131l\u0131nda birbirlerine d\u00fc\u015f\u00fcyordu. Gazeteci Can Atakl\u0131 canl\u0131 yay\u0131nda 28 \u015eubat s\u00fcrecinde H\u00fcrriyet Gazetesi Genel Yay\u0131n Y\u00f6netmeni Ertu\u011frul \u00d6zk\u00f6k&#8217;\u00fcn, d\u00f6nemin Turizm Bakan\u0131 Bahattin Y\u00fccel&#8217;i \u015fantajla istifa ettirdi\u011fini s\u00f6yl\u00fcyordu.<\/span><\/p>\n<p style=\"text-align: justify; text-indent: 1cm; line-height: 150%;\"><span style=\"font-size: 10pt; line-height: 150%; font-family: 'Arial','sans-serif'; color: black;\">CNN T\u00fcrk ekranlar\u0131nda yay\u0131nlanan Tarafs\u0131z B\u00f6lge program\u0131 ilgin\u00e7 bir tart\u0131\u015fmaya sahne oluyordu. Vatan Gazetesi Yazar\u0131 Can Atakl\u0131 28 \u015eubat s\u00fcrecinde Turizm Bakan\u0131 Bahattin Y\u00fccel&#8217;in Zafer Mutlu ve Ertu\u011frul \u00d6zk\u00f6k&#8217;\u00fcn \u015fantaj\u0131yla istifa etmek zorunda kald\u0131\u011f\u0131n\u0131 iddia ediyordu.<\/span><\/p>\n<p style=\"text-align: justify; text-indent: 1cm; line-height: 150%;\"><span style=\"font-size: 10pt; line-height: 150%; font-family: 'Arial','sans-serif'; color: black;\">Bakan\u0131n arkada\u015f\u0131 oldu\u011funu da belirten Can Atakl\u0131, <b><i>&#8220;\u0130stifa etmezse hakk\u0131nda b\u00fcy\u00fck bir karalama kampanyas\u0131yla as\u0131ls\u0131z bir yolsuzluk dosyas\u0131n\u0131 yay\u0131nlayacaklar\u0131n\u0131 anlatt\u0131m. Ailesini toplad\u0131 durumu anlatt\u0131 istifa karar\u0131 ald\u0131&#8221; <\/i><\/b>diyerek dolayl\u0131 da olsa o senaryonun bir par\u00e7as\u0131 oldu\u011funu da dile getiriyordu.<\/span><\/p>\n<p style=\"text-align: justify; text-indent: 1cm; line-height: 150%;\"><span style=\"font-size: 10pt; line-height: 150%; font-family: 'Arial','sans-serif'; color: black;\">Atakl\u0131&#8217;n\u0131n bu iddias\u0131 \u00fczerine yay\u0131na ba\u011flanan medya patronu Ayd\u0131n Do\u011fan, &#8220;<b><i>Ertu\u011frul \u00d6zk\u00f6k e\u011fer b\u00f6yle bir \u015fey s\u00f6ylemi\u015fse \u015ferefsizlik, ahlaks\u0131zl\u0131k yapm\u0131\u015ft\u0131r. E\u011fer b\u00f6yle bir \u015fey yap\u0131lm\u0131\u015fsa yar\u0131n \u00d6zk\u00f6k&#8217;\u00fc hepimiz idam edelim&#8221; <\/i><\/b>diye k\u00fckr\u00fcyordu. <\/span><\/p>\n<p style=\"text-align: justify; text-indent: 1cm; line-height: 150%;\"><b><span style=\"font-size: 11pt; line-height: 150%; font-family: 'Arial','sans-serif'; color: black;\">Bu canl\u0131 yay\u0131n\u0131n ard\u0131ndan t\u00fcm g\u00f6zler \u015fantajla istifa ettirildi\u011fi iddia edilen eski Turizm Bakan\u0131 Bahattin Y\u00fccel&#8217;e \u00e7evriliyordu. Konuyla ilgili a\u00e7\u0131klama i\u00e7in sosyal medyay\u0131 tercih eden Y\u00fccel, iddialara tam anlam\u0131yla cevap vermiyordu. Y\u00fccel, Twitter&#8217;de konuyla ilgili kendisine y\u00f6neltilen soru \u00fczerine: <i>\u201cDo\u011fru yanlar\u0131 var ama bu nedenle istifa etmedim. Tarihleri san\u0131r\u0131m kar\u0131\u015ft\u0131rd\u0131\u201d <\/i>demekle yetiniyor ve olay\u0131 bir nevi do\u011fruluyordu.<\/span><\/b><\/p>\n<p style=\"text-align: justify; text-indent: 1cm; line-height: 150%;\"><b><span style=\"font-size: 11pt; line-height: 150%; font-family: 'Arial','sans-serif'; color: black;\">Perde arkas\u0131ndaki haber ajans\u0131: UBA\u2019y\u0131 kimler ve ni\u00e7in kuruyordu?<\/span><\/b><\/p>\n<p style=\"text-align: justify; text-indent: 1cm; line-height: 150%;\"><b><span style=\"font-size: 10pt; line-height: 150%; font-family: 'Arial','sans-serif'; color: black;\">28 \u015eubat Postmodern darbesinin \u00fczerinden y\u0131llar ge\u00e7mesine ra\u011fmen, gizli kapakl\u0131 ili\u015fkilerde bir bir de\u015fifre olmaya ba\u015fl\u0131yordu. O d\u00f6nemde darbeyi destekleyen medyan\u0131n unutulmaz tavr\u0131 ile milletin sesi kesilmek isteniyordu. \u0130\u015fte o g\u00fcnlerde darbeye zemin haz\u0131rlayan haberlere imza atan kurulu\u015flardan birinin de k\u0131sa ad\u0131 UBA olan Ulusal Bas\u0131n Ajans\u0131 oldu\u011fu iddia ediliyordu.<\/span><\/b><\/p>\n<p style=\"text-align: justify; text-indent: 1cm; line-height: 150%;\"><b><span style=\"font-size: 10pt; line-height: 150%; font-family: 'Arial','sans-serif'; color: black;\">28 \u015eubat Postmodern darbesi ile ilgili ger\u00e7ekler bir bir ortaya \u00e7\u0131karken, bu seferde o d\u00f6nemde tarafl\u0131, millet idaresine kar\u015f\u0131, uydurma haberlere imza atan bir haber ajans\u0131n\u0131n oldu\u011fu ortaya \u00e7\u0131k\u0131yordu. Ulusal Bas\u0131n Ajans\u0131 adl\u0131 bu haber ajans\u0131 Kud\u00fcs Gecesi&#8217;ndeki g\u00f6r\u00fcnt\u00fcleri \u00e7ekmesiyle tan\u0131n\u0131rken, \u00f6te yandan o d\u00f6nemde Refah Partisi ile ilgili de y\u00fczlerce uydurma habere imza at\u0131yordu.<\/span><\/b><\/p>\n<p style=\"text-align: justify; text-indent: 1cm; line-height: 150%;\"><b><span style=\"font-size: 10pt; line-height: 150%; font-family: 'Arial','sans-serif'; color: black;\">Kud\u00fcs Gecesi\u2019ndeki \u015f\u00fcpheli tav\u0131rlar\u0131 dikkat \u00e7ekiyordu.<\/span><\/b><\/p>\n<p style=\"text-align: justify; text-indent: 1cm; line-height: 150%;\"><span style=\"font-size: 10pt; line-height: 150%; font-family: 'Arial','sans-serif'; color: black;\">Medyan\u0131n o d\u00f6nemdeki askeri vesayeti destekleyen tavr\u0131 unutulmayan ger\u00e7ekler aras\u0131nda yer al\u0131yordu. Millet iradesine kar\u015f\u0131, s\u00fcrekli Refah Partisi iktidar\u0131na man\u015fetlerden mesajlar veren medyan\u0131n bu tavr\u0131n\u0131 o g\u00fcnlerin ma\u011fdurlar\u0131 da dile getiriyordu. Kud\u00fcs Gecesi&#8217;ndeki piyeste rol alan ve 15 y\u0131l aradan sonra o g\u00fcn\u00fc anlatan Sel\u00e7uk \u00d6z, Ulusal Bas\u0131n Ajans\u0131 kameras\u0131 ve mikrofonunu hi\u00e7 unutmad\u0131\u011f\u0131n\u0131 s\u00f6yl\u00fcyordu. \u00d6z, o gecenin ola\u011fan\u00fcst\u00fc halini anlat\u0131rken, &#8220;UBA&#8217;n\u0131n mikrofonu ve kameras\u0131 dikkatimi \u00e7ekmi\u015fti. Sanki adamlar o gece i\u00e7in \u00f6zel olarak gelmi\u015flerdi\u201d diyordu.<\/span><\/p>\n<p style=\"text-align: justify; text-indent: 1cm; line-height: 150%;\"><b><span style=\"font-size: 10pt; line-height: 150%; font-family: 'Arial','sans-serif'; color: black;\">\u015eimdi CHP\u2019de g\u00f6revli olan Genel Yay\u0131n Y\u00f6netmeni niye konu\u015fmuyordu?<\/span><\/b><\/p>\n<p style=\"text-align: justify; text-indent: 1cm; line-height: 150%;\"><span style=\"font-size: 10pt; line-height: 150%; font-family: 'Arial','sans-serif'; color: black;\">28 \u015eubat s\u00fcrecinde UBA&#8217;n\u0131n Genel Yay\u0131n Y\u00f6netmenli\u011fini ve Genel M\u00fcd\u00fcrl\u00fc\u011f\u00fc g\u00f6revlerini \u00fcstlenen ve bu g\u00fcnlerde CHP&#8217;de \u0130leti\u015fim Koordinat\u00f6r\u00fc olan Baki \u00d6zilhan o d\u00f6nemle ilgili sorular\u0131 ge\u00e7i\u015ftirmeye \u00e7al\u0131\u015f\u0131yordu. O s\u00fcre\u00e7te habercilik yapt\u0131klar\u0131n\u0131 s\u00f6yleyen \u00d6zilhan, <b>&#8216;Bu g\u00fcnlerden d\u00f6n\u00fcp geriye bakt\u0131\u011f\u0131n\u0131zda neler s\u00f6yleyeceksiniz&#8217;<\/b> \u015feklindeki sorulara ise <b><i>&#8216;Bu yoruma girer ben o d\u00f6nemle ilgili yorum yapmam&#8217; <\/i><\/b>demesi dikkat \u00e7ekiyordu.<\/span><\/p>\n<p style=\"text-align: justify; text-indent: 1cm; line-height: 150%;\"><b><span style=\"font-size: 11pt; line-height: 150%; font-family: 'Arial','sans-serif'; color: black;\">\u015eu son zamanlarda, hi\u00e7bir olay, HAS Partinin tamamen istismar amac\u0131yla tertipledi\u011fi 28 \u015eubat\u2019la ilgili bir panele, Recai Kutan Bey\u2019in oturum ba\u015fkan\u0131 olarak kat\u0131lmas\u0131 kadar i\u00e7imize oturmam\u0131\u015ft\u0131.<\/span><\/b><\/p>\n<p style=\"text-align: justify; text-indent: 1cm; line-height: 150%;\"><b><span style=\"font-size: 10pt; line-height: 150%; font-family: 'Arial','sans-serif'; color: black;\">Rahmetli Hocam\u0131z\u2019a kar\u015f\u0131; haks\u0131z, hatta ahlaks\u0131z iddia ve isnatlar\u0131n sahipleri Hasan Celal G\u00fczel ve Taha Akyol gibilerin ortas\u0131na kurulan ve iltifatlar ya\u011fd\u0131ran Recai Kutan Bey;<\/span><\/b><\/p>\n<ul>\n<li><b><span style=\"font-size: 10pt; line-height: 150%; font-family: 'Arial','sans-serif'; color: black;\">Haydi davas\u0131n\u0131n derdini ve gayretini \u00e7ekmiyordu.<\/span><\/b><\/li>\n<li><b><span style=\"font-size: 10pt; line-height: 150%; font-family: 'Arial','sans-serif'; color: black;\">Erbakan Hoca\u2019n\u0131n hat\u0131r\u0131n\u0131 saym\u0131yordu.<\/span><\/b><\/li>\n<li><b><span style=\"font-size: 10pt; line-height: 150%; font-family: 'Arial','sans-serif'; color: black;\">Has Partinin h\u0131yanet ve hakaretlerini umursam\u0131yordu.<\/span><\/b><\/li>\n<li><b><span style=\"font-size: 10pt; line-height: 150%; font-family: 'Arial','sans-serif'; color: black;\">Hala kendisini \u201cMilli G\u00f6r\u00fc\u015f\u2019\u00fcn sad\u0131k ve sa\u011flam kurmaylar\u0131ndan\u201d bilenlerin hayal k\u0131r\u0131kl\u0131\u011f\u0131n\u0131 hesaba katm\u0131yordu.<\/span><\/b><\/li>\n<li><b><span style=\"font-size: 10pt; line-height: 150%; font-family: 'Arial','sans-serif'; color: black;\">Yahu, en az\u0131ndan kendi kendisine de mi sayg\u0131 duymuyordu? \u201cEfendim orada Hoca\u2019y\u0131 \u00f6ven birka\u00e7 c\u00fcmle sarf ettim\u201d demekle durumu kurtaraca\u011f\u0131n\u0131 m\u0131 san\u0131yordu?<\/span><\/b><\/li>\n<\/ul>\n<p style=\"text-align: justify; text-indent: 1cm; line-height: 150%;\"><b><span style=\"font-size: 10pt; line-height: 150%; font-family: 'Arial','sans-serif'; color: black;\">Yeni \u015eafak\u2019ta, <\/span><\/b><b><i><span style=\"font-size: 11pt; line-height: 150%; font-family: 'Arial','sans-serif'; color: black;\">\u201cAKP\u2019nin Milli G\u00f6r\u00fc\u015f\u2019ten ayr\u0131lmas\u0131n\u0131 hakl\u0131 ve hay\u0131rl\u0131 bulan\u201d<\/span><\/i><\/b><b><span style=\"font-size: 10pt; line-height: 150%; font-family: 'Arial','sans-serif'; color: black;\"> a\u00e7\u0131klamalar\u0131ndan (28 \u015eubat 2012)<\/span><\/b><\/p>\n<p style=\"text-align: justify; text-indent: 1cm; line-height: 150%;\"><b><span style=\"font-size: 10pt; line-height: 150%; font-family: 'Arial','sans-serif'; color: black;\">Ve yine Star Gazetesinde (27.\u015eubat.2012) AKP\u2019yi alk\u0131\u015flayan tav\u0131rlar\u0131ndan sonra, Sn. Recai Kutan\u2019\u0131n \u015fimdi de HAS Parti ile bu \u201cyak\u0131n temaslar\u0131\u201dn\u0131, acaba hangi giri\u015fim ve geli\u015fmelerin alameti saymak gerekiyordu!?<\/span><\/b><\/p>\n<p style=\"text-align: justify; text-indent: 1cm; line-height: 150%;\"><span style=\"font-size: 11pt; line-height: 150%; font-family: 'Arial','sans-serif'; color: black;\">12 Eyl\u00fcl\u2019\u00fcn ard\u0131ndan ANAP\u2019\u0131n kuruldu\u011fu s\u0131rada, sonradan A\u011fr\u0131 Belediye Ba\u015fkan\u0131 olan ve \u00e7e\u015fitli isnatlarla g\u00f6revden al\u0131n\u0131p tutuklanan, Avrupa Milli G\u00f6r\u00fc\u015f B\u00f6lge Ba\u015fkanlar\u0131m\u0131zdan bir karde\u015fimizin, Ulusta\u2019ki b\u00fcronuza gelip <b><i>\u201cMuhterem A\u011fabeyimiz bizim partimiz ne zaman kuruluyor\u2026\u201d<\/i><\/b> sorusuna: <b><i>\u201c\u0130\u015fte ANAP var ya, daha ne istiyorsunuz\u2026\u201d<\/i><\/b> yan\u0131t\u0131n\u0131za bir tak\u0131m \u201cinsani zafiyet\u201d yorumlar\u0131 yak\u0131\u015ft\u0131rm\u0131\u015ft\u0131k\u2026<\/span><\/p>\n<p style=\"text-align: justify; text-indent: 1cm; line-height: 150%;\"><span style=\"font-size: 11pt; line-height: 150%; font-family: 'Arial','sans-serif'; color: black;\">Ve yine Refah Partisi\u2019nin kurulmas\u0131 a\u015famas\u0131nda, Rahmetli Bekir K\u00fc\u00e7\u00fck Efendi\u2019nin torunlar\u0131n\u0131n s\u00fcnnet merasimine kat\u0131lmak \u00fczere gitti\u011finiz ADANA\u2019da, Sofi Mehmet Y\u0131ld\u0131r\u0131m gibi sad\u0131k karde\u015flerimizin yan\u0131n\u0131za gelip: <b><i>\u201cNe olursunuz, hi\u00e7 de\u011filse yar\u0131m saatinizi ay\u0131r\u0131p Partiye te\u015frif etseniz ve Milli G\u00f6r\u00fc\u015f\u00e7\u00fclerin sahipsiz olmad\u0131\u011f\u0131n\u0131 g\u00f6sterseniz..\u201d <\/i><\/b>\u015feklindeki davetlerine icabet etmeyi\u015finize \u201cbir tak\u0131m mazeret\u201d gerek\u00e7eleri uydurmaya ve camiam\u0131z\u0131n h\u00fcsn\u00fc zann\u0131n\u0131 korumaya \u00e7al\u0131\u015fm\u0131\u015ft\u0131k.<\/span><\/p>\n<p style=\"text-align: justify; text-indent: 1cm; line-height: 150%;\"><span style=\"font-size: 11pt; line-height: 150%; font-family: 'Arial','sans-serif'; color: black;\">Peki, \u015fimdi Aziz Hocam\u0131z\u2019a ve davam\u0131za bin t\u00fcrl\u00fc h\u0131yanet ve hakaretle bizden ayr\u0131lan ve hen\u00fcz hi\u00e7bir pi\u015fmanl\u0131k ve \u00f6z\u00fcr beyan\u0131nda da bulunmayan AKP\u2019li ve HAS Partili dostlar\u0131n\u0131zla bu s\u0131k\u0131 f\u0131k\u0131 irtibatlar\u0131n\u0131za nas\u0131l bir k\u0131l\u0131f ayarlamam\u0131z bekleniyordu?<\/span><\/p>\n<p style=\"text-align: justify; text-indent: 1cm; line-height: 150%;\"><b><span style=\"font-size: 11pt; line-height: 150%; font-family: 'Arial','sans-serif'; color: black;\">Kald\u0131 ki, Fazilet Partisi\u2019ni kapatmak ve AKP\u2019yi kurup iktidara ta\u015f\u0131mak \u00fczere, Merve Kavak\u00e7\u0131\u2019n\u0131n nas\u0131l kullan\u0131ld\u0131\u011f\u0131n\u0131 en iyi Recai Bey biliyor ve kendisi anlat\u0131yordu:<i> <\/i><\/span><\/b><\/p>\n<p style=\"text-align: justify; text-indent: 1cm; line-height: 150%;\"><span style=\"font-size: 10pt; line-height: 150%; font-family: 'Arial','sans-serif'; color: black;\">28 \u015eubat sonras\u0131nda Fazilet Partisini kapat\u0131lmaya g\u00f6t\u00fcren s\u00fcre\u00e7 Merve Kavak\u00e7\u0131\u2019n\u0131n Meclis\u2019e t\u00fcrban\u0131yla girmesi ile ba\u015fl\u0131yordu. 28 \u015eubat\u2019\u0131 tetikleyen olaylardan Merve Kavak\u00e7\u0131\u2019n\u0131n Meclis\u2019teki yemin t\u00f6renine birinci g\u00fcn kat\u0131lmas\u0131ndan Rahmetli Erbakan Hoca\u2019n\u0131n ve yak\u0131nlar\u0131n\u0131n bilgisi yoktu. Merve Kavak\u00e7\u0131\u2019y\u0131 daha sonra AKP\u2019yi kuracak olan isimlerin salona g\u00f6t\u00fcrd\u00fc\u011f\u00fc ortaya \u00e7\u0131k\u0131yordu. \u201cMeclis\u2019i y\u00f6neten Septio\u011flu s\u00f6z veriyordu. Kendisi, <b><i>\u201cBa\u015f\u00f6rt\u00fcl\u00fc birinin yeminini engelletmem. Sizden iste\u011fim tenha bir zamanda getirin\u201d<\/i><\/b> diyordu.<\/span><\/p>\n<p style=\"text-align: justify; text-indent: 1cm; line-height: 150%;\"><span style=\"font-size: 10pt; line-height: 150%; font-family: 'Arial','sans-serif'; color: black;\">Daha sonra bir de utanmadan \u201cBana sahip \u00e7\u0131kmad\u0131lar\u201d diyen Merve Kavak\u00e7\u0131 birden bire Nazl\u0131 Il\u0131cak\u2019la birlikte Meclis\u2019e dal\u0131yordu.<\/span><\/p>\n<p style=\"text-align: justify; text-indent: 1cm; line-height: 150%;\"><span style=\"font-size: 10pt; line-height: 150%; font-family: 'Arial','sans-serif'; color: black;\">Merve Kavak\u00e7\u0131 1999 se\u00e7imlerinde Fazilet Partisi\u2019nden milletvekili olmu\u015ftu. T\u00fcrban\u0131 nedeniyle \u201cTBMM\u2019deki yemin t\u00f6renine ilk g\u00fcn gelmemesini, sonra yemin etmesini\u201d partinin ileri gelenleri kendisine s\u00f6yleyip s\u00f6z al\u0131yordu. <\/span><\/p>\n<p style=\"text-align: justify; text-indent: 1cm; line-height: 150%;\"><span style=\"font-size: 10pt; line-height: 150%; font-family: 'Arial','sans-serif'; color: black;\">Ve fakat Merve Kavak\u00e7\u0131, Recai Kutan\u2019\u0131n defalarca belirtti\u011fi gibi yetkili kurullarda al\u0131nan kararlar\u0131 dinlemeyip Nazl\u0131 Il\u0131cak ile Meclis genel kuruluna gelmi\u015f ve ortal\u0131k kar\u0131\u015fm\u0131\u015ft\u0131. B\u00f6ylece Merve Kavak\u00e7\u0131 FP\u2019ye ilk \u201cgol\u00fcn\u00fc\u201d atm\u0131\u015ft\u0131. Ama as\u0131l gol son dakikada olacakt\u0131. <\/span><\/p>\n<p style=\"text-align: justify; text-indent: 1cm; line-height: 150%;\"><span style=\"font-size: 10pt; line-height: 150%; font-family: 'Arial','sans-serif'; color: black;\">Sn. Mustafa Kamalak\u2019a sorulsun, FP as\u0131l niye kapat\u0131ld\u0131? Merve Kavak\u00e7\u0131\u2019n\u0131n ABD vatanda\u015fl\u0131\u011f\u0131 kapat\u0131lmas\u0131n\u0131n ba\u015f sebebi say\u0131ld\u0131. Ve yine Merve Kavak\u00e7\u0131 ABD vatanda\u015f\u0131 oldu\u011fu i\u00e7in milletvekilli\u011fi ge\u00e7ersiz say\u0131ld\u0131.<\/span><\/p>\n<p style=\"text-align: justify; text-indent: 1cm; line-height: 150%;\"><span style=\"font-size: 10pt; line-height: 150%; font-family: 'Arial','sans-serif'; color: black;\">Art\u0131k gelelim as\u0131l soruya: Merve Kavak\u00e7\u0131 FP\u2019de se\u00e7ilecek bir yerden milletvekili aday\u0131 yap\u0131ld\u0131. Peki, milletvekili se\u00e7ilmesi garanti olan Merve Kavak\u00e7\u0131 neden se\u00e7imlerden 45 g\u00fcn \u00f6nce ABD vatanda\u015f\u0131 oldu? Oysa ABD vatanda\u015f\u0131 olan birinin TBMM\u2019de olmas\u0131na yasa izin vermedi\u011fini, TC vatanda\u015f\u0131 olmas\u0131 gerekti\u011fini pek\u00e2l\u00e2 biliyordu.<\/span><\/p>\n<p style=\"text-align: justify; text-indent: 1cm; line-height: 150%;\"><b><span style=\"font-size: 11pt; line-height: 150%; font-family: 'Arial','sans-serif'; color: black;\">Yani Merve Kavak\u00e7\u0131 \u201cbile bile lades\u201d diyor, Erbakan\u2019dan kurtulmak isteyen Siyonist odaklara kiral\u0131k fig\u00fcranl\u0131k yap\u0131yordu. Ve b\u00f6ylece \u201cg\u00f6r\u00fcnmez el\u201d Merve Kavak\u00e7\u0131 sayesinde AKP\u2019nin de iktidar yollar\u0131n\u0131 d\u00f6\u015f\u00fcyordu.<\/span><\/b><\/p>\n<p style=\"text-align: justify; text-indent: 1cm; line-height: 150%;\"><b><span style=\"font-size: 11pt; line-height: 150%; font-family: 'Arial','sans-serif'; color: black;\">\u015eimdi AKP, Merve Kavak\u00e7\u0131\u2019ya \u201ciadei itibar\u201d ile bu iyiliklerinin kar\u015f\u0131l\u0131\u011f\u0131n\u0131 \u00f6d\u00fcyordu<\/span><\/b><span style=\"font-size: 10pt; line-height: 150%; font-family: 'Arial','sans-serif'; color: black;\">.<\/span><\/p>\n<p style=\"text-align: justify; text-indent: 1cm; line-height: 150%;\"><b><span style=\"font-size: 11pt; line-height: 150%; font-family: 'Arial','sans-serif'; color: black;\">Fazilet Partisi&#8217;nin kapat\u0131lmas\u0131 i\u00e7in AKP&#8217;liler kulis yap\u0131yordu:<\/span><\/b><\/p>\n<p style=\"text-align: justify; text-indent: 1cm; line-height: 150%;\"><span style=\"font-size: 10pt; line-height: 150%; font-family: 'Arial','sans-serif'; color: black;\">HAS Parti \u0130stanbul \u0130l Ba\u015fkan\u0131 Mehmet Bekaro\u011flu da, Milli G\u00f6r\u00fc\u015f\u00e7\u00fcleri tavlamak ve avlamak niyetiyle, 28 \u015eubat s\u00fcrecine ili\u015fkin \u00e7ok \u00e7arp\u0131c\u0131 iddialar g\u00fcndeme getiriyordu. Twitter hesab\u0131ndan baz\u0131 a\u00e7\u0131klamalar yapan Bekaro\u011flu, bug\u00fcn AKP&#8217;de g\u00f6rev alan baz\u0131 isimlerin, Fazilet Partisi&#8217;nin kapat\u0131lmas\u0131 i\u00e7in kulis yapt\u0131\u011f\u0131n\u0131 iddia ediyordu. &#8220;Ak Parti&#8217;nin 28 \u015eubat&#8217;\u0131n \u00fcr\u00fcn\u00fc oldu\u011fu tart\u0131\u015f\u0131l\u0131yor. \u00dcr\u00fcn\u00fc de\u011fil de sonucu demek gerekiyor. Ak Parti ile 28 \u015eubat&#8217;\u0131n \u00fc\u00e7 y\u00f6nden ba\u011flant\u0131s\u0131 biliniyor\u201d diyen Bekaro\u011flu\u2019na g\u00f6re:<\/span><\/p>\n<p style=\"text-align: justify; text-indent: 1cm; line-height: 150%;\"><b><i><span style=\"font-size: 10pt; line-height: 150%; font-family: 'Arial','sans-serif'; color: black;\">1- RP ve FP kapat\u0131lmasayd\u0131 AKP kurulamazd\u0131. Nitekim \u015fimdi AKP&#8217;nin \u00f6nemli akt\u00f6rleri olan baz\u0131 ki\u015filer (baz\u0131 i\u00e7 ve d\u0131\u015f odaklarla) FP&#8217;nin kapat\u0131lmas\u0131 i\u00e7in kulis yapm\u0131\u015ft\u0131.<\/span><\/i><\/b><\/p>\n<p style=\"text-align: justify; text-indent: 1cm; line-height: 150%;\"><b><i><span style=\"font-size: 10pt; line-height: 150%; font-family: 'Arial','sans-serif'; color: black;\">2- AKP, 2001 krizinin \u00fczerine kurgulanm\u0131\u015ft\u0131. 2001 krizi 28 \u015eubat h\u00fck\u00fcmetleri d\u00f6nemindeki soygun dolay\u0131s\u0131yla \u00e7\u0131km\u0131\u015ft\u0131.<\/span><\/i><\/b><\/p>\n<p style=\"text-align: justify; text-indent: 1cm; line-height: 150%;\"><b><i><span style=\"font-size: 10pt; line-height: 150%; font-family: 'Arial','sans-serif'; color: black;\">3- AKP, 28 \u015eubat\u0131 m\u00fcmk\u00fcn k\u0131lan anayasal ve yasal zemine hala dokunmam\u0131\u015ft\u0131. Vesayet sisteminin kurumlar\u0131 aynen ge\u00e7erlili\u011fini korumaktayd\u0131.<\/span><\/i><\/b><\/p>\n<p style=\"text-align: justify; text-indent: 1cm; line-height: 150%;\"><b><span style=\"font-size: 11pt; line-height: 150%; font-family: 'Arial','sans-serif'; color: black;\">\u0130yi de, Mehmet Bakaro\u011flu\u2019na sormazlar m\u0131?<\/span><\/b><\/p>\n<ul>\n<li><b><span style=\"font-size: 11pt; line-height: 150%; font-family: 'Arial','sans-serif'; color: black;\">Madem d\u0131\u015f g\u00fc\u00e7ler ve Masonik mahfiller, AKP\u2019yi Milli G\u00f6r\u00fc\u015f\u2019ten koparmak ve Erbakan\u2019dan kurtulmak i\u00e7in \u00e7al\u0131\u015f\u0131yordu\u2026 O zaman, ayn\u0131 naneyi yemeniz ve Erbakan\u2019a h\u0131yanet ve hakaret edip gitmeniz i\u00e7in sizlere kimler d\u00fcrt\u00fcyordu?<\/span><\/b><\/li>\n<\/ul>\n<p style=\"text-align: justify; text-indent: 1cm; line-height: 150%;\"><b><span style=\"font-size: 11pt; line-height: 150%; font-family: 'Arial','sans-serif'; color: black;\">Erbakan kar\u015f\u0131tlar\u0131n\u0131n (ha dinci, ha devrimci) karakter haml\u0131\u011f\u0131!<\/span><\/b><\/p>\n<p style=\"text-align: justify; text-indent: 1cm; line-height: 150%;\"><b><span style=\"font-size: 11pt; line-height: 150%; font-family: 'Arial','sans-serif'; color: black;\">Fatih Altayl\u0131, iktidara gelmeden \u00f6nce Tayyip Erdo\u011fan i\u00e7in \u015funlar\u0131 yazm\u0131\u015ft\u0131:<\/span><\/b><span style=\"font-size: 11pt; line-height: 150%; font-family: 'Arial','sans-serif'; color: black;\"> (<\/span><span style=\"font-size: 10pt; line-height: 150%; font-family: 'Arial','sans-serif'; color: black;\">26.04.2002 tarihli H\u00fcrriyet)<\/span><\/p>\n<p style=\"text-align: justify; text-indent: 1cm; line-height: 150%;\"><b><i><span style=\"font-size: 10pt; line-height: 150%; font-family: 'Arial','sans-serif'; color: black;\">\u201c(&#8230;) &#8216;Zaten Tayyip Erdo\u011fan da &#8216;huzur aramak&#8217; T\u00fcrk siyasetine uymuyor, yak\u0131\u015fm\u0131yor. Sadece &#8216;kirli&#8217; ge\u00e7mi\u015fiyle de\u011fil, &#8216;yetersizlikleriyle&#8217; de yak\u0131\u015fm\u0131yor. G\u00f6r\u00fcl\u00fcyor ki, yeni d\u00f6nemde art\u0131k &#8216;Tayyip&#8217;lere&#8217; yer yok. Ben AKP&#8217;nin &#8216;Tayyip \u0131srar\u0131&#8217;n\u0131 da anlam\u0131yorum. <\/span><\/i><\/b><\/p>\n<p style=\"text-align: justify; text-indent: 1cm; line-height: 150%;\"><b><i><span style=\"font-size: 10pt; line-height: 150%; font-family: 'Arial','sans-serif'; color: black;\">Bilgisi zay\u0131f, deneyimi eksik, e\u011fitimi yetersiz, yabanc\u0131 dil bilmez bir adam. Polemik\u00e7ilik, demagogluk lider olmaya yetiyorsa amenna. 21. y\u00fczy\u0131l\u0131n d\u00fcnyas\u0131nda d\u00fcnya siyasetinde var olmak isteyen bir T\u00fcrkiye&#8217;nin \u00f6nderi olacak adam de\u011fil \u00e7ok belli. B\u0131rak\u0131n onu T\u00fcrkiye&#8217;yi y\u00f6netecek \u00e7apta dahi de\u011fil.\u201d <\/span><\/i><\/b><\/p>\n<p style=\"text-align: justify; text-indent: 1cm; line-height: 150%;\"><b><span style=\"font-size: 10pt; line-height: 150%; font-family: 'Arial','sans-serif'; color: black;\">18 Nisan 2002: (Tayyip Erdo\u011fan&#8217;\u0131n &#8216;De\u011fi\u015ftim&#8217; demesi \u00fczerine)<\/span><\/b><\/p>\n<p style=\"text-align: justify; text-indent: 1cm; line-height: 150%;\"><b><i><span style=\"font-size: 10pt; line-height: 150%; font-family: 'Arial','sans-serif'; color: black;\">\u201cBen kom\u00fcnistken liberal olan g\u00f6rd\u00fcm. Liberalken sosyalist olan g\u00f6rd\u00fcm. Sosyalistken, oport\u00fcnist olan g\u00f6rd\u00fcm. Hepsiyken Makyavelist olan g\u00f6rd\u00fcm. Ama Tayyip Erdo\u011fan gibisini g\u00f6rmedim. Ne oldu, iki kere ABD&#8217;ye gitti, iktidar\u0131n kokusunu ald\u0131 &#8216;dinsiz&#8217; mi oldu? &#8216;Referans\u0131&#8217; art\u0131k \u0130slam de\u011fil mi? Art\u0131k d\u00fcnyada &#8216;hak d\u00fczeni&#8217; istemiyor mu?<\/span><\/i><\/b><\/p>\n<p style=\"text-align: justify; text-indent: 1cm; line-height: 150%;\"><b><i><span style=\"font-size: 10pt; line-height: 150%; font-family: 'Arial','sans-serif'; color: black;\">Ve tabii e\u011fer b\u00fct\u00fcn bunlardan &#8216;d\u00f6nd\u00fcyse&#8217;&#8230; Bu kadar radikal bir &#8216;d\u00f6nek&#8217;e, bu millet nas\u0131l g\u00fcvenecek? Bir daha ne zaman ve nereye d\u00f6nece\u011fini kim bilecek?\u201d<\/span><\/i><\/b><\/p>\n<p style=\"text-align: justify; text-indent: 1cm; line-height: 150%;\"><b><span style=\"font-size: 11pt; line-height: 150%; font-family: 'Arial','sans-serif'; color: black;\">Ayn\u0131 F. Altayl\u0131 2 y\u0131l sonra ise \u015f\u00f6yle yalakal\u0131k yapacakt\u0131: <\/span><\/b><\/p>\n<p style=\"text-align: justify; text-indent: 1cm; line-height: 150%;\"><span style=\"font-size: 10pt; line-height: 150%; font-family: 'Arial','sans-serif'; color: black;\">2 Nisan 2004: Yaz\u0131n\u0131n Ba\u015fl\u0131\u011f\u0131: &#8216;Erdo\u011fan Nobel Bar\u0131\u015f \u00d6d\u00fcl\u00fc&#8217;n\u00fc Hak Etti&#8217;<\/span><\/p>\n<p style=\"text-align: justify; text-indent: 1cm; line-height: 150%;\"><span style=\"font-size: 10pt; line-height: 150%; font-family: 'Arial','sans-serif'; color: black;\">Alt\u0131nda, Rauf Denkta\u015f&#8217;a verip veri\u015ftirdikten sonra yaz\u0131y\u0131 \u015f\u00f6yle bitiriyordu: <\/span><\/p>\n<p style=\"text-align: justify; text-indent: 1cm; line-height: 150%;\"><b><i><span style=\"font-size: 10pt; line-height: 150%; font-family: 'Arial','sans-serif'; color: black;\">&#8216;Y\u0131llarca k\u00fc\u00e7\u00fcmsedi\u011fimiz \u2018Kas\u0131mpa\u015fal\u0131&#8217;, D\u0131\u015fi\u015fleri&#8217;ne g\u00fcvenerek, kendi s\u0131cak tavr\u0131n\u0131 kullanarak ve hepsinden \u00f6nemlisi &#8216;cesaret ederek\u2019 bence b\u00fcy\u00fck bir i\u015f ba\u015fard\u0131. Bence bu y\u0131l\u0131n Nobel Bar\u0131\u015f \u00d6d\u00fcl\u00fc, Tayyip Erdo\u011fan&#8217;\u0131n hakk\u0131d\u0131r.&#8217;<\/span><\/i><\/b><\/p>\n<p style=\"text-align: justify; text-indent: 1cm; line-height: 150%;\"><span style=\"font-size: 10pt; line-height: 150%; font-family: 'Arial','sans-serif'; color: black;\">24 Eyl\u00fcl 2004: &#8216;Erdo\u011fan, Atat\u00fcrk&#8217;\u00fcn \u0130zinde mi?&#8217; ba\u015fl\u0131\u011f\u0131 alt\u0131ndaki yaz\u0131s\u0131n\u0131 \u015f\u00f6yle ba\u011fl\u0131yordu:<\/span><\/p>\n<p style=\"text-align: justify; text-indent: 1cm; line-height: 150%;\"><b><i><span style=\"font-size: 10pt; line-height: 150%; font-family: 'Arial','sans-serif'; color: black;\">&#8216;Yine de Erdo\u011fan&#8217;\u0131n &#8216;etkileyici ve \u00f6nemli&#8217; bir lider oldu\u011fu a\u00e7\u0131k. T\u00fcrkiye&#8217;nin demokrasi hamlesinde Atat\u00fcrk&#8217;ten sonraki haneye ad\u0131 baz\u0131lar\u0131 istese de, istemese de yaz\u0131lacakt\u0131r.&#8217;<\/span><\/i><\/b><a href=\"#_ftn1\" name=\"_ftnref1\" title=\"\"><\/a><span style=\"font-size: 10pt; line-height: 150%; font-family: 'Arial','sans-serif'; color: black;\"><span style=\"font-size: 10pt; font-family: 'Arial','sans-serif'; color: black;\">[1]<\/span><\/span><span style=\"font-size: 10pt; line-height: 150%; font-family: 'Arial','sans-serif'; color: black;\"><\/span><\/p>\n<p style=\"text-align: justify; text-indent: 1cm; line-height: 150%;\"><b><span style=\"font-size: 11pt; line-height: 150%; font-family: 'Arial','sans-serif'; color: black;\">Fetullah G\u00fclen 28 \u015eubat\u2019ta ne yapm\u0131\u015ft\u0131?<\/span><\/b><\/p>\n<ul>\n<li><span style=\"font-size: 11pt; line-height: 150%; font-family: 'Arial','sans-serif'; color: black;\">\u201cTSK\u2019n\u0131n d\u00f6nemin Erbakan H\u00fck\u00fcmetinden daha demokrat oldu\u011funu\u201d a\u00e7\u0131klam\u0131\u015ft\u0131.<\/span><\/li>\n<li><span style=\"font-size: 11pt; line-height: 150%; font-family: 'Arial','sans-serif'; color: black;\">Refah Partisi\u2019nden farkl\u0131 ve ayk\u0131r\u0131 cephede oldu\u011funu vurgulam\u0131\u015ft\u0131.<\/span><\/li>\n<li><span style=\"font-size: 11pt; line-height: 150%; font-family: 'Arial','sans-serif'; color: black;\">\u201cBen Erbakan gibi de\u011filim, \u00e7ok ho\u015fg\u00f6r\u00fcl\u00fcy\u00fcm ve d\u00fczenle bar\u0131\u015f\u0131k birisiyim\u201d mesaj\u0131 vermeye \u00e7al\u0131\u015fm\u0131\u015ft\u0131.<\/span><\/li>\n<li><span style=\"font-size: 11pt; line-height: 150%; font-family: 'Arial','sans-serif'; color: black;\">En kritik g\u00fcnlerde Erbakan\u2019a \u201cistifa et\u201d \u00e7a\u011fr\u0131s\u0131 yapm\u0131\u015f, Siyonist odaklar\u0131n ve cuntalar\u0131n a\u011fz\u0131yla konu\u015fmaktayd\u0131.<\/span><\/li>\n<li><span style=\"font-size: 11pt; line-height: 150%; font-family: 'Arial','sans-serif'; color: black;\">28 \u015eubat\u2019\u0131n egemenleriyle diyalog yollar\u0131n\u0131 aram\u0131\u015f ve yalakal\u0131k yapm\u0131\u015ft\u0131.<\/span><\/li>\n<li><span style=\"font-size: 11pt; line-height: 150%; font-family: 'Arial','sans-serif'; color: black;\">Bu arada Refah-Yol h\u00fck\u00fcmeti devrilip yerine yeni h\u00fck\u00fcmet kuruldu\u011funda Zaman gazetesi 9 s\u00fctuna: <b><i>\u201cHay\u0131rl\u0131 olsun. \u0130\u015fte karde\u015f kavgas\u0131na son verecek h\u00fck\u00fcmet\u201d<\/i><\/b> man\u015fetini atm\u0131\u015ft\u0131. <\/span><\/li>\n<\/ul>\n<p style=\"text-align: justify; text-indent: 1cm; line-height: 150%;\"><b><span style=\"font-size: 10pt; line-height: 150%; font-family: 'Arial','sans-serif'; color: black;\">Ve \u015fimdi, 28 \u015eubat \u00fczerinden \u201cTSK\u2019y\u0131 karalama kampanyas\u0131 ve darbe kar\u015f\u0131t\u0131 kahramanl\u0131\u011f\u0131\u201d yap\u0131l\u0131rken, neden hi\u00e7 kimse, o s\u00fcre\u00e7te Fetullah G\u00fclen\u2019in tutars\u0131z tavr\u0131n\u0131 sorgulamazd\u0131? Ve ayn\u0131 Fetullah G\u00fclen bug\u00fcn \u201cDarbe kar\u015f\u0131t\u0131 ve 28 \u015eubat ma\u011fduru\u201d rol\u00fc oynamaktayd\u0131.<\/span><\/b><\/p>\n<p style=\"text-align: justify; text-indent: 1cm; line-height: 150%;\"><b><span style=\"font-size: 11pt; line-height: 150%; font-family: 'Arial','sans-serif'; color: black;\">Allah a\u015fk\u0131na s\u00f6yleyin bakal\u0131m; \u00f6yle zahiri etiket ve resmi h\u00fcviyet olarak de\u011fil; \u015fahsiyet, haysiyet ve insani hassasiyet bak\u0131m\u0131ndan Fetulllah G\u00fclen\u2019le Fatih Altayl\u0131\u2019n\u0131n ne fark\u0131 vard\u0131?<\/span><\/b><\/p>\n<p style=\"text-align: justify; text-indent: 1cm; line-height: 150%;\"><span style=\"font-size: 10pt; line-height: 150%; font-family: 'Arial','sans-serif'; color: black;\">Ve yine Zaman yazar\u0131 Ali Bula\u00e7, 28 \u015eubat\u2019\u0131 yorumlad\u0131\u011f\u0131 yaz\u0131s\u0131nda, Fetullah G\u00fclen\u2019in <b><i>\u201cO s\u00fcre\u00e7te a\u00e7\u0131k\u00e7a Erbakan\u2019\u0131n kar\u015f\u0131s\u0131nda ve 28 \u015eubat\u00e7\u0131lar\u0131n yan\u0131nda yer almas\u0131na\u201d<\/i><\/b> tek kelime de\u011finmeyip, Cemaatle tersle\u015fip restle\u015fmeye giren Recep T. Erdo\u011fan ekibinin, ideallerinden vazge\u00e7ip <b><i>\u201cilkesiz pragmatizme, hatta oport\u00fcnizme kayd\u0131\u011f\u0131n\u0131\u201d<\/i><\/b> ima etmek \u00fczere:<\/span><\/p>\n<p style=\"text-align: justify; text-indent: 1cm; line-height: 150%;\"><b><i><span style=\"font-size: 10pt; line-height: 150%; font-family: 'Arial','sans-serif'; color: black;\">\u201cErbakan Hoca, &#8220;Adil d\u00fczen&#8221;i, &#8220;\u0130slam karde\u015fli\u011fi&#8221;ni, kendi k\u00f6klerinden beslenen bir kimlik tan\u0131m\u0131n\u0131, &#8220;ahlak ve manevi de\u011ferlerin \u00f6nemi&#8221;ni ve b\u00fcy\u00fck bir b\u00f6lgesel entegrasyon olup Abd\u00fclhamit&#8217;ten beri \u00f6lmeyen bir ideal olan &#8220;\u0130slam Birli\u011fi&#8221;ni siyasete soktu. <\/span><\/i><\/b><\/p>\n<p style=\"text-align: justify; text-indent: 1cm; line-height: 150%;\"><b><i><span style=\"font-size: 10pt; line-height: 150%; font-family: 'Arial','sans-serif'; color: black;\">&#8220;Bu i\u015f Erbakan&#8217;\u0131n kafas\u0131yla olmaz&#8221; diye ele\u015ftirenler, onun &#8220;ideal politi\u011fi, reel politi\u011fin \u00f6n\u00fcne koyan&#8221; b\u00fcy\u00fck siyasi ve ahlaki tutumunu anlamad\u0131lar, reel politi\u011fe g\u00f6re siyaset yapman\u0131n ve y\u00f6netmenin insan\u0131 ilkesiz pragmatizme ve hatta oport\u00fcnizme g\u00f6t\u00fcrece\u011fi ger\u00e7e\u011fini g\u00f6remediler. Erbakan Hoca, hi\u00e7bir zaman \u0130slami referanslar\u0131n\u0131 unutmad\u0131. Onu rahmetle an\u0131yoruz.&#8221;<a href=\"#_ftn2\" name=\"_ftnref2\" title=\"\"><\/a><b><span style=\"font-size: 10pt; font-family: 'Arial','sans-serif'; color: black;\">[2]<\/span><\/b><\/span><\/i><\/b><\/p>\n<p style=\"text-align: justify; text-indent: 1cm; line-height: 150%;\"><b><span style=\"font-size: 10pt; line-height: 150%; font-family: 'Arial','sans-serif'; color: black;\">Diyerek AKP\u2019yi ele\u015ftirmeye kalkm\u0131\u015ft\u0131. Peki, daha \u00f6nce, AKP\u2019nin bin t\u00fcrl\u00fc h\u0131yanet ve melanetine mazeret fetvas\u0131, hatta keramet h\u0131rkas\u0131 giydiren Ali Bula\u00e7, yeni mi \u201cac\u0131 ger\u00e7eklerin\u201d fark\u0131na varm\u0131\u015ft\u0131? Yoksa \u201cAmerika ve CIA, esas Fetullah\u2019\u0131n arkas\u0131ndad\u0131r. \u015eimdi Onlara yaranmak zaman\u0131d\u0131r\u201d d\u00fc\u015f\u00fcncesiyle mi bu \u00e7\u0131k\u0131\u015flar\u0131 yapmaktayd\u0131?<\/span><\/b><\/p>\n<p style=\"text-align: justify; text-indent: 1cm; line-height: 150%;\"><b><span style=\"font-size: 10pt; line-height: 150%; font-family: 'Arial','sans-serif'; color: black;\">Sahi karakter ve kalite olarak Ali Bula\u00e7 gibileri Erbakan\u2019a m\u0131 yak\u0131nd\u0131, yoksa Fatih Altayl\u0131 ve Fetullah G\u00fclen ayar\u0131nda m\u0131yd\u0131? Ve ke\u015fke bunlar yegane kuvvet ve kudret sahibi Amerika de\u011fil, Allah oldu\u011funu unutmasalard\u0131!..<\/span><\/b><\/p>\n<p style=\"text-align: justify; text-indent: 1cm; line-height: 150%;\"><b><span style=\"font-size: 11pt; line-height: 150%; font-family: 'Arial','sans-serif'; color: black;\">Bat\u0131l\u0131 g\u00e2vurlara fig\u00fcranl\u0131k yapan asker ve sivil t\u00fcm 28 \u015eubat\u00e7\u0131lar\u0131n dikkatine: \u201cB\u00fct\u00fcn dinsiz devrimler \u00f6nce kendi eniklerini yerdi!\u201d<\/span><\/b><\/p>\n<p style=\"text-align: justify; text-indent: 1cm; line-height: 150%;\"><span style=\"font-size: 10pt; line-height: 150%; font-family: 'Arial','sans-serif'; color: black;\">2012 \u015eubat sonuna do\u011fru Uluslararas\u0131 Ceza Mahkemesi(UCM) BDP&#8217;nin talebini resmen kabul etti\u011fini a\u00e7\u0131klam\u0131\u015ft\u0131. Art\u0131k T\u00fcrkiye Uludere olaylar\u0131yla ilgili olarak &#8220;sava\u015f su\u00e7lusu&#8221; kapsam\u0131nda soru\u015fturulacakt\u0131. Anahtar c\u00fcmle UCM Roma Stat\u00fcs\u00fc olmaktayd\u0131. <\/span><\/p>\n<p style=\"text-align: justify; text-indent: 1cm; line-height: 150%;\"><span style=\"font-size: 10pt; line-height: 150%; font-family: 'Arial','sans-serif'; color: black;\">BDP Genel Ba\u015fkan\u0131 Selahattin Demirta\u015f ve BDP Genel Ba\u015fkan Yard\u0131mc\u0131s\u0131 G\u00fcltan K\u0131\u015fanak&#8217;\u0131n, Uludere Irak&#8217;\u0131n s\u0131n\u0131r\u0131nda 34 ki\u015finin hayat\u0131n\u0131 kaybetti\u011fi hava operasyonuyla ilgili Uluslararas\u0131 Ceza Mahkemesi&#8217;ne yapt\u0131klar\u0131 ba\u015fvuru i\u015fleme al\u0131nm\u0131\u015ft\u0131. <\/span><\/p>\n<p style=\"text-align: justify; text-indent: 1cm; line-height: 150%;\"><span style=\"font-size: 10pt; line-height: 150%; font-family: 'Arial','sans-serif'; color: black;\">Uluslararas\u0131 Ceza Mahkemesi&#8217;nin i\u015fleme al\u0131nma yaz\u0131s\u0131nda \u015funlar vurgulanm\u0131\u015ft\u0131:<\/span><\/p>\n<p style=\"text-align: justify; text-indent: 1cm; line-height: 150%;\"><b><i><span style=\"font-size: 10pt; line-height: 150%; font-family: 'Arial','sans-serif'; color: black;\">&#8220;Biz, g\u00f6ndermi\u015f oldu\u011funuz dok\u00fcmanlar\u0131, Uluslararas\u0131 Ceza Mahkemesi&#8217;nin Roma Stat\u00fcs\u00fc \u00e7er\u00e7evesinde de\u011ferlendirmeye alm\u0131\u015f bulunmaktay\u0131z. Bir karar ula\u015f\u0131r ula\u015fmaz sizi yaz\u0131l\u0131 olarak bilgilendirece\u011fiz ve size karar\u0131n gerek\u00e7eli metnini iletece\u011fiz.&#8221;<\/span><\/i><\/b><\/p>\n<p style=\"text-align: justify; text-indent: 1cm; line-height: 150%;\"><b><span style=\"font-size: 10pt; line-height: 150%; font-family: 'Arial','sans-serif'; color: black;\">\u201cRoma Stat\u00fcs\u00fc\u201d ne anlam ta\u015f\u0131maktayd\u0131?<\/span><\/b><\/p>\n<p style=\"text-align: justify; text-indent: 1cm; line-height: 150%;\"><span style=\"font-size: 10pt; line-height: 150%; font-family: 'Arial','sans-serif'; color: black;\">T\u00fcrkiye&#8217;ye yap\u0131lan su\u00e7laman\u0131n asl\u0131: <b><i>&#8220;dok\u00fcmanlar\u0131 Uluslararas\u0131 Ceza Mahkemesi&#8217;nin Roma Stat\u00fcs\u00fc \u00e7er\u00e7evesinde de\u011ferlendirmesi&#8221;<\/i><\/b> s\u00f6zlerinde yat\u0131yordu. S\u00f6z konusu stat\u00fc d\u00fcnyada i\u015flenebilecek en b\u00fcy\u00fck su\u00e7 olarak kabul ediliyordu. Irak&#8217;\u0131n kuzeyinde ya\u015fanan olay \u015fu maddeye g\u00f6re soru\u015fturulacak. Roma Stat\u00fcs\u00fc, 139 devletin imzalad\u0131\u011f\u0131, 116 devletin taraf oldu\u011fu Stat\u00fc ile kurulan Uluslararas\u0131 Ceza Mahkemesi, soyk\u0131r\u0131m, insanl\u0131\u011fa kar\u015f\u0131 su\u00e7lar, sava\u015f su\u00e7lar\u0131 ve sald\u0131r\u0131 su\u00e7unun takibi konusunda t\u00fcm d\u00fcnya \u00fczerinde etkili tek hukuk mekanizmas\u0131 olarak varl\u0131\u011f\u0131n\u0131 s\u00fcrd\u00fcr\u00fcyordu. Mahkeme Roma Stat\u00fcs\u00fc \u00e7er\u00e7evesinde izlemeye ald\u0131\u011f\u0131 su\u00e7lar\u0131, d\u00fcnya \u00fczerinde i\u015flenen <b>&#8220;en ciddi su\u00e7lar&#8221;<\/b> olarak niteliyordu.<\/span><\/p>\n<p style=\"text-align: justify; text-indent: 1cm; line-height: 150%;\"><b><span style=\"font-size: 10pt; line-height: 150%; font-family: 'Arial','sans-serif'; color: black;\">Peki, \u015fimdi T\u00fcrkiye neyle kar\u015f\u0131 kar\u015f\u0131ya bulunuyordu? \u0130\u015fte Uluslararas\u0131 Ceza Mahkemesi&#8217;nin yapt\u0131\u011f\u0131 i\u015flemlerin baz\u0131lar\u0131 \u015funlar oluyordu: 1993 y\u0131l\u0131ndan beri aralar\u0131nda Bosna-Hersek, Ruanda, Sierra Leone ve Sudan&#8217;\u0131n bulundu\u011fu 12 farkl\u0131 \u00fclkede i\u015flendi\u011fi iddialar\u0131na ili\u015fkin 6 farkl\u0131 uluslararas\u0131 ya da \u00f6zel mahkemede 200 civar\u0131nda san\u0131k hakk\u0131nda 181 dava a\u00e7\u0131l\u0131yordu. Uluslararas\u0131 Ceza Mahkemesi, bug\u00fcne kadar 6 \u00fclkedeki ihlallerle ilgili soru\u015fturma ba\u015flatt\u0131 18 yakalama, 9 tutuklama karar\u0131 yay\u0131nl\u0131yordu. Bu kararlar\u0131n\u0131n en sonuncusu, 27 Haziran 2011 tarihinde Libya lideri Muammer Kaddafi, o\u011flu ve h\u00fck\u00fcmet s\u00f6zc\u00fcs\u00fc Seyf\u00fclislam Kaddafi ve askeri istihbarat ba\u015fkan\u0131 Abdullah El Senussi hakk\u0131nda, insanl\u0131\u011fa kar\u015f\u0131 su\u00e7lar i\u015flendi\u011fi iddias\u0131yla al\u0131n\u0131yordu. Uluslararas\u0131 hukuk uzmanlar\u0131, BDP&#8217;nin ba\u015fvurusunun kabul edilmesiyle T\u00fcrkiye&#8217;nin insanl\u0131\u011fa kar\u015f\u0131 su\u00e7lar kapsam\u0131nda yarg\u0131lanmas\u0131n\u0131n \u00f6n\u00fcn\u00fcn a\u00e7\u0131ld\u0131\u011f\u0131n\u0131 belirtiyordu. Buna g\u00f6re, Irak&#8217;\u0131n kuzeyinde ve Uludere s\u0131n\u0131r b\u00f6lgesinde ya\u015fanan olay hakk\u0131nda uluslararas\u0131 Ceza Mahkemesine BM garantisinde T\u00fcrk makamlar\u0131n\u0131 soru\u015fturma yetkisi veriliyordu.\u201d<a href=\"#_ftn3\" name=\"_ftnref3\" title=\"\"><\/a><b><span style=\"font-size: 10pt; font-family: 'Arial','sans-serif'; color: black;\">[3]<\/span><\/b><\/span><\/b><\/p>\n<p style=\"text-align: justify; text-indent: 1cm; line-height: 150%;\"><b><span style=\"font-size: 11pt; line-height: 150%; font-family: 'Arial','sans-serif'; color: black;\">Yani \u00f6n\u00fcm\u00fczdeki g\u00fcnlerde, baz\u0131 kurmay subaylar\u0131m\u0131z, komutanlar\u0131m\u0131z, y\u00fcksek b\u00fcrokratlar\u0131m\u0131z hatta siyasi makamlar\u0131m\u0131z aleyhine su\u00e7lama ve tutuklama kararlar\u0131 \u00e7\u0131karsa, \u015fa\u015f\u0131rmamak gerekiyordu.<\/span><\/b><span style=\"font-size: 10pt; line-height: 150%; font-family: 'Arial','sans-serif'; color: black;\"><\/span><\/p>\n<div><br clear=\"all\" \/><\/p>\n<hr align=\"left\" size=\"1\" width=\"33%\" \/>\n<div>\n<p><a href=\"#_ftnref1\" name=\"_ftn1\" title=\"\"><\/a><span style=\"font-size: 10pt; font-family: 'Times New Roman','serif';\">[1]<\/span> R\u0131za Zelyut \/ 01.02.2012 \/ G\u00fcne\u015f<\/p>\n<\/p><\/div>\n<div>\n<p><a href=\"#_ftnref2\" name=\"_ftn2\" title=\"\"><\/a><span style=\"font-size: 10pt; font-family: 'Times New Roman','serif';\">[2]<\/span> 01.03.2012 \/ Zaman<\/p>\n<\/p><\/div>\n<div>\n<p><a href=\"#_ftnref3\" name=\"_ftn3\" title=\"\"><\/a><span style=\"font-size: 10pt; font-family: 'Times New Roman','serif';\">[3]<\/span> Teoman Alili \/ ulusalkanal.com.tr<\/p>\n<\/p><\/div>\n<\/p><\/div>\n","protected":false},"excerpt":{"rendered":"<p>&nbsp; 28 \u015eubat\u2019\u0131n as\u0131l mimarlar\u0131, ABD\u2019nin \u201cderin devleti\u201d olan Yahudi Lobileri oldu\u011fu, bizzat Rahmetli Erbakan\u2019\u0131n iddias\u0131yd\u0131 ve bunu belgelerle ispatlam\u0131\u015ft\u0131. \u00c7\u00fcnk\u00fc Erbakan 300 y\u0131ld\u0131r d\u00fcnyay\u0131 y\u00f6neten ve s\u00f6m\u00fcren zalim odaklara kar\u015f\u0131, yeni ve Adil Bir D\u00fcnya kurmak \u00fczere yola \u00e7\u0131km\u0131\u015f ve art\u0131k hedefine yakla\u015fm\u0131\u015ft\u0131. O, Siyonist odaklar\u0131n korkulu r\u00fcyas\u0131yd\u0131 ve mutlaka engellenmesi laz\u0131md\u0131. Evet, Erbakan; [&hellip;]<\/p>\n","protected":false},"author":12,"featured_media":0,"comment_status":"open","ping_status":"closed","sticky":false,"template":"","format":"standard","meta":{"footnotes":""},"categories":[135],"tags":[],"class_list":["post-2254","post","type-post","status-publish","format-standard","hentry","category-nisan-2012"],"_links":{"self":[{"href":"https:\/\/www.millicozum.com\/mc\/wp-json\/wp\/v2\/posts\/2254","targetHints":{"allow":["GET"]}}],"collection":[{"href":"https:\/\/www.millicozum.com\/mc\/wp-json\/wp\/v2\/posts"}],"about":[{"href":"https:\/\/www.millicozum.com\/mc\/wp-json\/wp\/v2\/types\/post"}],"author":[{"embeddable":true,"href":"https:\/\/www.millicozum.com\/mc\/wp-json\/wp\/v2\/users\/12"}],"replies":[{"embeddable":true,"href":"https:\/\/www.millicozum.com\/mc\/wp-json\/wp\/v2\/comments?post=2254"}],"version-history":[{"count":0,"href":"https:\/\/www.millicozum.com\/mc\/wp-json\/wp\/v2\/posts\/2254\/revisions"}],"wp:attachment":[{"href":"https:\/\/www.millicozum.com\/mc\/wp-json\/wp\/v2\/media?parent=2254"}],"wp:term":[{"taxonomy":"category","embeddable":true,"href":"https:\/\/www.millicozum.com\/mc\/wp-json\/wp\/v2\/categories?post=2254"},{"taxonomy":"post_tag","embeddable":true,"href":"https:\/\/www.millicozum.com\/mc\/wp-json\/wp\/v2\/tags?post=2254"}],"curies":[{"name":"wp","href":"https:\/\/api.w.org\/{rel}","templated":true}]}}