{"id":2281,"date":"2012-04-26T08:24:53","date_gmt":"2012-04-26T08:24:53","guid":{"rendered":"https:\/\/www.millicozum.com\/mc\/2012\/04\/26\/turkiyenin-gelecegi-ve-erbakanin-golgesi-ahmet-akgul-hocamizin-gebze-ankara-ve-konya-konferans-notlari\/"},"modified":"2012-04-26T08:24:53","modified_gmt":"2012-04-26T08:24:53","slug":"turkiyenin-gelecegi-ve-erbakanin-golgesi-ahmet-akgul-hocamizin-gebze-ankara-ve-konya-konferans-notlari","status":"publish","type":"post","link":"https:\/\/www.millicozum.com\/mc\/2012\/mayis-2012\/turkiyenin-gelecegi-ve-erbakanin-golgesi-ahmet-akgul-hocamizin-gebze-ankara-ve-konya-konferans-notlari\/","title":{"rendered":"T\u00dcRK\u0130YE\u2019N\u0130N GELECE\u011e\u0130 VE ERBAKAN\u2019IN G\u00d6LGES\u0130 AHMET AKG\u00dcL HOCAMIZ\u2019IN GEBZE, ANKARA VE KONYA KONFERANS NOTLARI"},"content":{"rendered":"\n<p>&nbsp;<\/p>\n<p style=\"text-align: justify; text-indent: 26.95pt; line-height: 150%;\"><span style=\"font-size: 10pt; line-height: 150%; font-family: 'Arial','sans-serif';\">Maalesef, \u00fclkemiz ve milletimiz belki de tarihin en sinsi ve tehlikeli bir s\u00fcrecini ya\u015famakta, par\u00e7alanma ve da\u011f\u0131lma a\u015famas\u0131na dayanm\u0131\u015f bulunmaktad\u0131r. Rahmetli Erbakan Hoca\u2019n\u0131n ifadesiyle <b><i>\u201cArt\u0131k toprak ayaklar\u0131m\u0131z\u0131n alt\u0131ndan kaymaya ba\u015flam\u0131\u015ft\u0131\u201d <\/i><\/b>Bir ruh i\u00e7in beden ne ise, bir millet i\u00e7in de vatan ayn\u0131 konumdad\u0131r. Vatan\u0131 i\u015fgal edilen veya b\u00f6l\u00fcn\u00fcp ba\u015fka g\u00fc\u00e7lerin g\u00fcd\u00fcm\u00fcne giren bir toplum: <b>H\u00fcrriyet ve huzurunu, namus ve onurunu ve haysiyetli millet \u015fuurunu kaybetmi\u015f olacakt\u0131r.<\/b><\/span><span style=\"font-size: 10pt; line-height: 150%; font-family: 'Arial','sans-serif';\"><\/span><\/p>\n<p style=\"text-align: justify; text-indent: 26.95pt; line-height: 150%;\"><span style=\"font-size: 10pt; line-height: 150%; font-family: 'Arial','sans-serif';\">* Bug\u00fcn \u0130srail\u2019i kurmak ve siyonizmin D\u00fcnya hakimiyeti hedefine kavu\u015fmak \u00fczere BOP istikametinde.<\/span><span style=\"font-size: 10pt; line-height: 150%; font-family: 'Arial','sans-serif';\"><\/span><\/p>\n<p style=\"text-align: justify; text-indent: 26.95pt; line-height: 150%;\"><span style=\"font-size: 10pt; line-height: 150%; font-family: 'Arial','sans-serif';\">* B\u00f6ylesine yabanc\u0131 ve T\u00fcrkiye\u2019yi de y\u0131k\u0131c\u0131 bir projede, d\u0131\u015f odaklarca Ba\u015fbakan\u0131m\u0131za verilen e\u015fba\u015fkanl\u0131k sayesinde:<\/span><\/p>\n<p style=\"margin-left: 0cm; text-align: justify; text-indent: 27pt; line-height: 150%;\"><span style=\"font-size: 10pt; line-height: 150%; font-family: 'Arial','sans-serif';\">1-<span style=\"font: 7pt 'Times New Roman';\">&nbsp;&nbsp;&nbsp;&nbsp; <\/span><\/span><span style=\"font-size: 10pt; line-height: 150%; font-family: 'Arial','sans-serif';\">Irak fiilen \u00fc\u00e7e par\u00e7alanm\u0131\u015ft\u0131r.<\/span><\/p>\n<p style=\"margin-left: 0cm; text-align: justify; text-indent: 27pt; line-height: 150%;\"><span style=\"font-size: 10pt; line-height: 150%; font-family: 'Arial','sans-serif';\">2-<span style=\"font: 7pt 'Times New Roman';\">&nbsp;&nbsp;&nbsp;&nbsp; <\/span><\/span><span style=\"font-size: 10pt; line-height: 150%; font-family: 'Arial','sans-serif';\">Libya NATO tahribat\u0131yla ikiye ayr\u0131lm\u0131\u015ft\u0131r.<\/span><\/p>\n<p style=\"margin-left: 0cm; text-align: justify; text-indent: 27pt; line-height: 150%;\"><span style=\"font-size: 10pt; line-height: 150%; font-family: 'Arial','sans-serif';\">3-<span style=\"font: 7pt 'Times New Roman';\">&nbsp;&nbsp;&nbsp;&nbsp; <\/span><\/span><span style=\"font-size: 10pt; line-height: 150%; font-family: 'Arial','sans-serif';\">\u015eimdi Suriye da\u011f\u0131t\u0131lmak \u00fczere hedef tahtas\u0131ndad\u0131r.<\/span><\/p>\n<p style=\"margin-left: 0cm; text-align: justify; text-indent: 27pt; line-height: 150%;\"><span style=\"font-size: 10pt; line-height: 150%; font-family: 'Arial','sans-serif';\">4-<span style=\"font: 7pt 'Times New Roman';\">&nbsp;&nbsp;&nbsp;&nbsp; <\/span><\/span><span style=\"font-size: 10pt; line-height: 150%; font-family: 'Arial','sans-serif';\">Daha \u00f6nce Ke\u015fmir b\u00f6lgesi kopart\u0131lan Pakistan\u2019dan, bu sefer Pe\u015ftunistan\u0131 da kopar\u0131p, Afganistan\u2019a ba\u011flama hesaplar\u0131 yap\u0131lmaktad\u0131r.<\/span><\/p>\n<p style=\"margin-left: 0cm; text-align: justify; text-indent: 27pt; line-height: 150%;\"><span style=\"font-size: 10pt; line-height: 150%; font-family: 'Arial','sans-serif';\">5-<span style=\"font: 7pt 'Times New Roman';\">&nbsp;&nbsp;&nbsp;&nbsp; <\/span><\/span><span style=\"font-size: 10pt; line-height: 150%; font-family: 'Arial','sans-serif';\">Ard\u0131ndan Afganistan Pe\u015ftunlar\u0131yla, Pakistan Pe\u015ftunlar\u0131 birle\u015ftirilip yeni bir kukla devlet kurulmas\u0131 ama\u00e7lanmaktad\u0131r. Yani Afganistan da \u015feriat\u00e7\u0131 Taliban b\u00f6lgesiyle, demokratik Karzai b\u00f6lgesi olarak par\u00e7alanmaya haz\u0131rlanmaktad\u0131r.<\/span><\/p>\n<p style=\"margin-left: 0cm; text-align: justify; text-indent: 27pt; line-height: 150%;\"><span style=\"font-size: 10pt; line-height: 150%; font-family: 'Arial','sans-serif';\">6-<span style=\"font: 7pt 'Times New Roman';\">&nbsp;&nbsp;&nbsp;&nbsp; <\/span><\/span><span style=\"font-size: 10pt; line-height: 150%; font-family: 'Arial','sans-serif';\">Daha sonra \u0130ran\u2019a sald\u0131r\u0131l\u0131p K\u00fcrtler; Azeriler, Farisiler ve Arap \u015eiiler diye d\u00f6rde ayr\u0131lacakt\u0131r.<\/span><\/p>\n<p style=\"margin-left: 0cm; text-align: justify; text-indent: 27pt; line-height: 150%;\"><span style=\"font-size: 10pt; line-height: 150%; font-family: 'Arial','sans-serif';\">7-<span style=\"font: 7pt 'Times New Roman';\">&nbsp;&nbsp;&nbsp;&nbsp; <\/span><\/span><span style=\"font-size: 10pt; line-height: 150%; font-family: 'Arial','sans-serif';\">B\u00fct\u00fcn bunlar\u0131n ard\u0131ndan \u201cG\u00fcneydo\u011fu \u00f6zerk K\u00fcrdistan\u2019\u0131, AB\u2019ye kat\u0131l\u0131m s\u00fcrecinde pilot b\u00f6lge Marmara \u00f6zel d\u00fckal\u0131\u011f\u0131, Tarihi ve turistik ama\u00e7l\u0131 Karadeniz Pontus miras\u0131\u201d olarak, s\u0131ra T\u00fcrkiye\u2019nin par\u00e7alanmas\u0131na gelip dayanacakt\u0131r.<\/span><\/p>\n<p style=\"text-align: justify; text-indent: 27pt; line-height: 150%;\"><span style=\"font-size: 10pt; line-height: 150%; font-family: 'Arial','sans-serif';\">ABD\u2019nin kukla ba\u015fkan\u0131 ve Siyonist Yahudi lobilerinin kahyas\u0131 Obama ile, Suriye\u2019ye m\u00fcdahale konusunu g\u00f6r\u00fc\u015fmek \u00fczere G\u00fcney Kore\u2019nin ba\u015fkenti Seul\u2019e giderken, recep T. Erdo\u011fan\u2019\u0131n <b><i>\u201cSuriye\u2019yi oturup seyredemeyiz. \u00dcst\u00fcm\u00fcze d\u00fc\u015fen g\u00f6revi yerine getirece\u011fiz.\u201d<\/i> <\/b>S\u00f6zleri gayet a\u00e7\u0131kt\u0131r. Yani Suriye\u2019ye askeri m\u00fcdahale edip par\u00e7alanmas\u0131n\u0131 kolayla\u015ft\u0131rma ihalesi AKP iktidar\u0131n\u0131n \u00fczerinde kalm\u0131\u015ft\u0131r. Bu nedenle:<\/span><\/p>\n<p style=\"text-align: justify; text-indent: 27pt; line-height: 150%;\"><b><span style=\"font-size: 10pt; line-height: 150%; font-family: 'Arial','sans-serif';\">Bremen m\u0131z\u0131kac\u0131lar\u0131, hep bir a\u011f\u0131zdan: \u201czorba ve diktat\u00f6r Esad devrilsin, Suriye\u2019ye demokrasi getirilsin\u201d sloganlar\u0131 atmaktad\u0131r.<\/span><\/b><\/p>\n<p style=\"text-align: justify; text-indent: 27pt; line-height: 150%;\"><span style=\"font-size: 10pt; line-height: 150%; font-family: 'Arial','sans-serif';\">Ayn\u0131 mutfaktan beslendikleri ve ayn\u0131 odaklarca \u015fi\u015firildikleri belli olan fig\u00fcranlar hep bir a\u011f\u0131zdan <b><i>\u201cT\u00fcrkiye \u00e7abuk yeti\u015fsin ve Suriye\u2019ye bar\u0131\u015f ve demokrasi getirsin.\u201d<\/i><\/b> Diye \u00e7\u0131\u011fl\u0131k atmakta ve kamuoyunu bu y\u00f6nde \u015fartland\u0131rmaktayd\u0131.<\/span><\/p>\n<p style=\"text-align: justify; text-indent: 27pt; line-height: 150%;\"><span style=\"font-size: 12pt;\"><b><span style=\"font-family: 'Arial','sans-serif';\">Hat\u0131rlay\u0131n\u0131z:<\/span><\/b><\/span><span style=\"font-size: 10pt; line-height: 150%; font-family: 'Arial','sans-serif';\"><\/span><\/p>\n<p style=\"text-align: justify; text-indent: 27pt; line-height: 150%;\"><span style=\"font-size: 10pt; line-height: 150%; font-family: 'Arial','sans-serif';\">* \u0130slam \u0130\u015fbirli\u011fi Te\u015fkilat\u0131 Genel Sekreteri Ekmeleddin \u0130hsano\u011flu Amerika temaslar\u0131ndan sonra BM Genel Merkezindeki bas\u0131n toplant\u0131s\u0131nda: <b>\u201c<i>Suriye meselesinin T\u00fcrkiyesiz \u00e7\u00f6z\u00fcm\u00fc imkans\u0131zd\u0131r.\u201d<\/i><\/b> Diyerek AKP h\u00fck\u00fcmetini askeri m\u00fcdahaleye k\u0131\u015fk\u0131rtmaktayd\u0131. (Bak: 24 Mart 2012 \/ Milli Gazete)<\/span><span style=\"font-size: 10pt; line-height: 150%; font-family: 'Arial','sans-serif';\"><\/span><\/p>\n<p style=\"text-align: justify; text-indent: 27pt; line-height: 150%;\"><span style=\"font-size: 10pt; line-height: 150%; font-family: 'Arial','sans-serif';\">* BBP Genel Ba\u015fkan\u0131 Mustafa Destici <b><i>\u201cT\u00fcrkiye\u2019nin tek ba\u015f\u0131na Suriye\u2019ye m\u00fcdahalesi do\u011fru olmaz, BM\u2019in yard\u0131m\u0131 al\u0131nmal\u0131d\u0131r.\u201d<\/i><\/b> Diyerek ye\u015fil \u0131\u015f\u0131k yakmakta, ama BM k\u0131l\u0131f\u0131n\u0131 sarmaktayd\u0131.<\/span><span style=\"font-size: 10pt; line-height: 150%; font-family: 'Arial','sans-serif';\"><\/span><\/p>\n<p style=\"text-align: justify; text-indent: 27pt; line-height: 150%;\"><span style=\"font-size: 10pt; line-height: 150%; font-family: 'Arial','sans-serif';\">* Ayn\u0131 toplant\u0131da IHH Ba\u015fkan\u0131 B\u00fclent Y\u0131ld\u0131r\u0131m <b><i>\u201cAkan kan\u0131n durdurulmas\u0131 ve Suriye\u2019de huzurun sa\u011flanmas\u0131 i\u00e7in gereken her \u015fey yap\u0131lmal\u0131d\u0131r.\u201d <\/i><\/b>S\u00f6zleriyle Suriye sald\u0131r\u0131s\u0131 i\u00e7in Siyonist NATO ve BM ma\u015fas\u0131 iktidara mazeret kazand\u0131rmaktayd\u0131.<\/span><span style=\"font-size: 10pt; line-height: 150%; font-family: 'Arial','sans-serif';\"><\/span><\/p>\n<p style=\"text-align: justify; text-indent: 27pt; line-height: 150%;\"><span style=\"font-size: 10pt; line-height: 150%; font-family: 'Arial','sans-serif';\">* Anayasa mahkemesi eski raport\u00f6r\u00fc Osman Can; <b><i>\u201cTaraflar biri birine \u00fcst\u00fcnl\u00fck sa\u011flamaya \u00e7al\u0131\u015ft\u0131k\u00e7a, de\u011fi\u015fim s\u00fcrecinden uzakla\u015f\u0131l\u0131yor.\u201d<\/i><\/b><i> <\/i>Diyerek PKK ile AKP\u2019yi, daha do\u011frusu T.C ile e\u015fk\u0131ya \u015febekesini ayn\u0131 kefeye koymakta ve \u201cmevcut anayasa K\u00fcrt meselesini yok saymaktad\u0131r. Sorunlar\u0131m\u0131z\u0131n nedeni bask\u0131c\u0131 devlet ayg\u0131t\u0131d\u0131r ve k\u0131rm\u0131z\u0131 \u00e7izgiler saplant\u0131s\u0131d\u0131r.\u201d S\u00f6zleriyle \u201c\u00f6zerk K\u00fcrdistana mazeret ve me\u015fruiyet uydurmaktayd\u0131.<\/span><span style=\"font-size: 10pt; line-height: 150%; font-family: 'Arial','sans-serif';\"><\/span><\/p>\n<p style=\"text-align: justify; text-indent: 27pt; line-height: 150%;\"><span style=\"font-size: 10pt; line-height: 150%; font-family: 'Arial','sans-serif';\">* AKP\u2019nin fikir babalar\u0131ndan K\u00fcrt\u00e7\u00fc-b\u00f6l\u00fcc\u00fc Kemal Burkay\u2019\u0131n partisi HAKPAR <b><i>\u201cKuzey Irak\u2019ta Ba\u011f\u0131ms\u0131z K\u00fcrdistan\u2019\u0131n ilan\u0131n\u0131 hasretle beklendi\u011fini\u201d<\/i><\/b> vurgulamaktayd\u0131.<\/span><span style=\"font-size: 10pt; line-height: 150%; font-family: 'Arial','sans-serif';\"><\/span><\/p>\n<p style=\"text-align: justify; text-indent: 27pt; line-height: 150%;\"><span style=\"font-size: 10pt; line-height: 150%; font-family: 'Arial','sans-serif';\">* AKP iktidar\u0131 Suriye\u2019deki T\u00fcrk vatanda\u015flar\u0131na \u201cgeri d\u00f6n\u00fcn\u201d \u00e7a\u011fr\u0131s\u0131 yaparak, sald\u0131r\u0131n\u0131n yak\u0131n oldu\u011funu hat\u0131rlatmaktayd\u0131.<\/span><span style=\"font-size: 10pt; line-height: 150%; font-family: 'Arial','sans-serif';\"><\/span><\/p>\n<p style=\"text-align: justify; text-indent: 27pt; line-height: 150%;\"><span style=\"font-size: 10pt; line-height: 150%; font-family: 'Arial','sans-serif';\">* CIA ba\u015fkan\u0131 ve S\u00fcleymaniye\u2019de askerlerimizin ba\u015f\u0131na \u00e7uval ge\u00e7irme kahraman\u0131(!) Petraus, Suriye sald\u0131r\u0131s\u0131n\u0131n planlar\u0131n\u0131 anlatmak \u00fczere Ankara\u2019ya gelip Ba\u015fbakan\u2019la ba\u015f ba\u015fa g\u00f6r\u00fc\u015f\u00fcp, ard\u0131ndan Barzani\u2019ye ko\u015fmaktayd\u0131.<\/span><\/p>\n<p style=\"text-align: justify; text-indent: 26.95pt; line-height: 150%;\"><span style=\"font-size: 10pt; line-height: 150%; font-family: 'Arial','sans-serif';\">Oysa Suriye\u2019de i\u00e7 sava\u015f \u00e7\u0131kart\u0131p b\u00f6ylece bir d\u0131\u015f m\u00fcdahaleye zemin ve gerek\u00e7e olu\u015fturmak \u00fczere, muhalefeti k\u0131\u015fk\u0131rtmak i\u00e7in bu \u00fclkeye yollanan ve yakalanan 49 T\u00fcrk istihbarat\u00e7\u0131n\u0131n 7\u2019sinin zaten MOSSAD ba\u011flant\u0131s\u0131 ortaya \u00e7\u0131km\u0131\u015ft\u0131.<\/span><\/p>\n<p style=\"text-align: justify; text-indent: 26.95pt; line-height: 150%;\"><b><span style=\"font-size: 10pt; line-height: 150%; font-family: 'Arial','sans-serif';\">T\u00fcrkiye\u2019yi y\u0131kma tezg\u00e2h\u0131 \u015f\u00f6yle planlanm\u0131\u015ft\u0131:<\/span><\/b><\/p>\n<p style=\"margin-left: 45pt; text-align: justify; text-indent: -18.05pt; line-height: 150%;\"><span style=\"font-size: 10pt; line-height: 150%; font-family: 'Arial','sans-serif';\">1-<span style=\"font: 7pt 'Times New Roman';\">&nbsp;&nbsp;&nbsp;&nbsp; <\/span><\/span><span style=\"font-size: 10pt; line-height: 150%; font-family: 'Arial','sans-serif';\">T\u00fcrkiye, ABD ve AB\u2019nin zorlamas\u0131yla Halep dahil Suriye\u2019nin kuzeyine asker sokacakt\u0131.<\/span><\/p>\n<p style=\"margin-left: 45pt; text-align: justify; text-indent: -18.05pt; line-height: 150%;\"><span style=\"font-size: 10pt; line-height: 150%; font-family: 'Arial','sans-serif';\">2-<span style=\"font: 7pt 'Times New Roman';\">&nbsp;&nbsp;&nbsp;&nbsp; <\/span><\/span><span style=\"font-size: 10pt; line-height: 150%; font-family: 'Arial','sans-serif';\">\u015eii-S\u00fcnni kampla\u015fmas\u0131yla \u0130ran da T\u00fcrkiye s\u0131n\u0131r\u0131na askeri y\u0131\u011f\u0131nak yapacakt\u0131.<\/span><\/p>\n<p style=\"margin-left: 45pt; text-align: justify; text-indent: -18.05pt; line-height: 150%;\"><span style=\"font-size: 10pt; line-height: 150%; font-family: 'Arial','sans-serif';\">3-<span style=\"font: 7pt 'Times New Roman';\">&nbsp;&nbsp;&nbsp;&nbsp; <\/span><\/span><span style=\"font-size: 10pt; line-height: 150%; font-family: 'Arial','sans-serif';\">\u0130srail, T\u00fcrkiye \u00fczerinden, \u0130ran\u2019a hava sald\u0131r\u0131lar\u0131 ba\u015flatacakt\u0131.<\/span><\/p>\n<p style=\"margin-left: 45pt; text-align: justify; text-indent: -18.05pt; line-height: 150%;\"><span style=\"font-size: 10pt; line-height: 150%; font-family: 'Arial','sans-serif';\">4-<span style=\"font: 7pt 'Times New Roman';\">&nbsp;&nbsp;&nbsp;&nbsp; <\/span><\/span><span style=\"font-size: 10pt; line-height: 150%; font-family: 'Arial','sans-serif';\">Bunun \u00fczerine \u0130RAN, Malatya K\u00fcrecik radar \u00fcss\u00fc ve f\u00fcze savunma kalkan\u0131 nedeniyle, <b>\u201cT\u00fcrkiye\u2019yi \u0130srail\u2019e yard\u0131m etmekle\u201d<\/b> su\u00e7layacak ve f\u00fczelerle baz\u0131 \u015fehirlerimizi vuracakt\u0131.<\/span><\/p>\n<p style=\"margin-left: 45pt; text-align: justify; text-indent: -18.05pt; line-height: 150%;\"><span style=\"font-size: 10pt; line-height: 150%; font-family: 'Arial','sans-serif';\">5-<span style=\"font: 7pt 'Times New Roman';\">&nbsp;&nbsp;&nbsp;&nbsp; <\/span><\/span><span style=\"font-size: 10pt; line-height: 150%; font-family: 'Arial','sans-serif';\">Bu arada Rusya ve \u0130ran da kendisini satmas\u0131yla devrilen Esad rejiminden sonra, muhalefetteki ajanlar\u0131 vas\u0131tas\u0131yla Suriye\u2019yi de kontrol\u00fcne alan ve par\u00e7alayan Bat\u0131l\u0131 g\u00fc\u00e7ler, bu sefer T\u00fcrk askerini i\u015fgalcilikle su\u00e7layacak ve derhal Suriye\u2019den \u00e7\u0131kmas\u0131 i\u00e7in kampanya ba\u015flatacakt\u0131.<\/span><\/p>\n<p style=\"margin-left: 45pt; text-align: justify; text-indent: -18.05pt; line-height: 150%;\"><span style=\"font-size: 10pt; line-height: 150%; font-family: 'Arial','sans-serif';\">6-<span style=\"font: 7pt 'Times New Roman';\">&nbsp;&nbsp;&nbsp;&nbsp; <\/span><\/span><span style=\"font-size: 10pt; line-height: 150%; font-family: 'Arial','sans-serif';\">Suriye k\u00fcrdistan\u0131n\u0131n kurulup T\u00fcrkiye\u2019nin par\u00e7alanmas\u0131 ama\u00e7land\u0131\u011f\u0131n\u0131 sezen halk\u0131m\u0131z\u0131n bask\u0131s\u0131 \u00fczerine Ordu ABD\u2019yi dinlemeyince\u2026<\/span><b><span style=\"font-size: 10pt; line-height: 150%; font-family: 'Arial','sans-serif';\"><\/span><\/b><\/p>\n<p style=\"margin-left: 45pt; text-align: justify; text-indent: -18.05pt; line-height: 150%;\"><b><span style=\"font-size: 10pt; line-height: 150%; font-family: 'Arial','sans-serif';\">* \u201cK\u00fcrtlere demokratik \u00f6zerklik tan\u0131m\u0131yor.<\/span><\/b><b><span style=\"font-size: 10pt; line-height: 150%; font-family: 'Arial','sans-serif';\"><\/span><\/b><\/p>\n<p style=\"margin-left: 45pt; text-align: justify; text-indent: -18.05pt; line-height: 150%;\"><b><span style=\"font-size: 10pt; line-height: 150%; font-family: 'Arial','sans-serif';\">* Kendi halk\u0131na ve PKK\u2019ya a\u015f\u0131r\u0131 g\u00fc\u00e7 kullan\u0131yor.<\/span><\/b><b><span style=\"font-size: 10pt; line-height: 150%; font-family: 'Arial','sans-serif';\"><\/span><\/b><\/p>\n<p style=\"margin-left: 45pt; text-align: justify; text-indent: -18.05pt; line-height: 150%;\"><b><span style=\"font-size: 10pt; line-height: 150%; font-family: 'Arial','sans-serif';\">* Suriye ve \u0130ran\u2019a kar\u015f\u0131 Bat\u0131 birli\u011finin de\u011fil, kendisinin \u00e7\u0131karlar\u0131n\u0131 kolluyor.\u201d <\/span><\/b><span style=\"font-size: 10pt; line-height: 150%; font-family: 'Arial','sans-serif';\">Gibi gerek\u00e7elerle T\u00fcrkiye NATO\u2019dan \u00e7\u0131kar\u0131lacak ve sava\u015f a\u00e7\u0131lacakt\u0131.<\/span><\/p>\n<p style=\"margin-left: 45pt; text-align: justify; text-indent: -18.05pt; line-height: 150%;\"><span style=\"font-size: 10pt; line-height: 150%; font-family: 'Arial','sans-serif';\">7-<span style=\"font: 7pt 'Times New Roman';\">&nbsp;&nbsp;&nbsp;&nbsp; <\/span><\/span><span style=\"font-size: 10pt; line-height: 150%; font-family: 'Arial','sans-serif';\">6 Nisan 1946 da solcu ve Kemalist \u0130n\u00f6n\u00fc iktidar\u0131nda Amerikan M\u0131ssouri sava\u015f gemisi g\u00f6vde g\u00f6sterisi i\u00e7in \u0130stanbul\u2019a geldi\u011finde, <b>\u201cMilletimiz Arap\u00e7a anlam\u0131yor\u201d <\/b>diye Ezan\u2019a izin vermeyen \u0130smet pa\u015fa\u2019n\u0131n, camilere <b>\u201cWelcom Missouri\u201d<\/b> diye mahyalar ast\u0131rmas\u0131 gibi; AKP iktidar\u0131 da \u201cT\u00fcrkiye\u2019ye ileri demokrasi\u2019yi getirmek ve bizi AB ile b\u00fct\u00fcnle\u015ftirmek i\u00e7in\u201d geldiklerini s\u00f6yledi\u011fi ABD ve NATO askerlerini, yanda\u015flar\u0131na <b>\u201cHo\u015f Geldin\u201d<\/b> sloganlar\u0131yla kar\u015f\u0131latmaya kalk\u0131\u015f\u0131nca, Milli bir d\u00fcreni\u015f ve de\u011fi\u015fim s\u00fcreci ya\u015fanacak ve T\u00fcrk ordusu b\u00f6lgedeki ABD birliklerine ve \u0130srail hedeflerine <b>\u201cy\u0131ld\u0131r\u0131m h\u00fccumlar\u0131\u201d<\/b> ba\u015flatacakt\u0131.<\/span><\/p>\n<p style=\"text-align: justify; line-height: 150%;\"><span style=\"font-size: 10pt; line-height: 150%; font-family: 'Arial','sans-serif';\">&nbsp;<\/span><\/p>\n<p style=\"text-align: justify; text-indent: 27pt;\"><span style=\"font-size: 12pt;\"><b><span style=\"font-family: 'Arial','sans-serif';\">\u015eimdi konferans\u0131m\u0131z\u0131n can al\u0131c\u0131 sorusunu soral\u0131m ve konuyu toparlayal\u0131m: Peki sonu\u00e7 ne olacakt\u0131 ve T\u00fcrkiye bu kaostan nas\u0131l kurtulacakt\u0131?<\/span><\/b><\/span><\/p>\n<p style=\"text-align: justify; text-indent: 1cm; line-height: 150%; background: none repeat scroll 0% 0% white;\"><b><span style=\"font-size: 10pt; line-height: 150%; font-family: 'Arial','sans-serif'; color: black;\">Rahmetli Erbakan Hoca sohbet, seminer ve konferanslar\u0131nda:<\/span><\/b><b><span style=\"font-size: 10pt; line-height: 150%; font-family: 'Arial','sans-serif'; color: black;\"><\/span><\/b><\/p>\n<p style=\"text-align: justify; text-indent: 1cm; line-height: 150%; background: none repeat scroll 0% 0% white;\"><b><span style=\"font-size: 10pt; line-height: 150%; font-family: 'Arial','sans-serif'; color: black;\">* Haks\u0131zl\u0131k ve ahlaks\u0131zl\u0131k \u00fczerine kurulan Siyonist ve emperyalist d\u00fcnya d\u00fczeninin, \u00f6yle bar\u0131\u015fa ve adalete \u00e7a\u011f\u0131rmakla veya ho\u015fg\u00f6r\u00fc edebiyat\u0131yla d\u00fczeltilemeyece\u011fini\u2026<\/span><\/b><b><span style=\"font-size: 10pt; line-height: 150%; font-family: 'Arial','sans-serif'; color: black;\"><\/span><\/b><\/p>\n<p style=\"text-align: justify; text-indent: 1cm; line-height: 150%; background: none repeat scroll 0% 0% white;\"><b><span style=\"font-size: 10pt; line-height: 150%; font-family: 'Arial','sans-serif'; color: black;\">* Bunlar\u0131n, tahribi \u00e7ok \u00fcrk\u00fct\u00fcc\u00fc n\u00fckleer f\u00fczelerine ve etkili silah sistemlerine g\u00fcvenip, d\u00fcnyay\u0131 tehdit ederek barbarl\u0131klar\u0131n\u0131 y\u00fcr\u00fctt\u00fcklerini\u2026<\/span><\/b><b><span style=\"font-size: 10pt; line-height: 150%; font-family: 'Arial','sans-serif'; color: black;\"><\/span><\/b><\/p>\n<p style=\"text-align: justify; text-indent: 1cm; line-height: 150%; background: none repeat scroll 0% 0% white;\"><b><span style=\"font-size: 10pt; line-height: 150%; font-family: 'Arial','sans-serif'; color: black;\">* Bu nedenle, Bat\u0131l\u0131lar\u0131n bu \u015eeytani g\u00fc\u00e7lerini etkisiz b\u0131rakacak, yeni ve y\u00fcksek teknolojilere sahip olmak gerekti\u011fini ve Allah\u2019\u0131n izniyle bunlar\u0131 ba\u015far\u0131p, ilgili ve yetkili makamlara teslim ettiklerini defalarca anlatm\u0131\u015ft\u0131.<\/span><\/b><b><span style=\"font-size: 10pt; line-height: 150%; font-family: 'Arial','sans-serif'; color: black;\"><\/span><\/b><\/p>\n<p style=\"text-align: justify; text-indent: 1cm; line-height: 150%; background: none repeat scroll 0% 0% white;\"><b><span style=\"font-size: 10pt; line-height: 150%; font-family: 'Arial','sans-serif'; color: black;\">* B\u00fct\u00fcn zalim ve Bat\u0131l g\u00fc\u00e7lerin elinde bulunan: \u25cfN\u00fckleer ba\u015fl\u0131kl\u0131 f\u00fczelerini, \u25cfU\u00e7ak gemilerini, \u25cf\u0130nsans\u0131z hava gere\u00e7lerini, \u25cfSava\u015f kontrol merkezlerini<\/span><\/b><\/p>\n<p style=\"margin-left: 0cm; text-align: justify; text-indent: 27pt; line-height: 150%; background: none repeat scroll 0% 0% white;\"><b><span style=\"font-size: 10pt; line-height: 150%; font-family: 'Arial','sans-serif'; color: black;\">a)<\/span><\/b><b><span style=\"font-size: 10pt; line-height: 150%; font-family: 'Arial','sans-serif'; color: black;\">\u00c7al\u0131\u015fmaz hale getirecek ve \u00e7ok ucuza mal edilecek teknolojik b\u00f6cekleri<\/span><\/b><b><span style=\"font-size: 10pt; line-height: 150%; font-family: 'Arial','sans-serif'; color: black;\"><\/span><\/b><\/p>\n<p style=\"margin-left: 0cm; text-align: justify; text-indent: 27pt; line-height: 150%; background: none repeat scroll 0% 0% white;\"><b><span style=\"font-size: 10pt; line-height: 150%; font-family: 'Arial','sans-serif'; color: black;\">b)<\/span><\/b><b><span style=\"font-size: 10pt; line-height: 150%; font-family: 'Arial','sans-serif'; color: black;\">Silah mekanizmalar\u0131n\u0131 \u00e7\u00fcr\u00fctecek metalik vir\u00fcsleri<\/span><\/b><\/p>\n<p style=\"margin-left: 0cm; text-align: justify; text-indent: 27pt; line-height: 150%; background: none repeat scroll 0% 0% white;\"><b><span style=\"font-size: 10pt; line-height: 150%; font-family: 'Arial','sans-serif'; color: black;\">c)<\/span><\/b><b><span style=\"font-size: 10pt; line-height: 150%; font-family: 'Arial','sans-serif'; color: black;\">F\u0131rlat\u0131lan f\u00fczeleri havada iken yakalay\u0131p tersine \u00e7evirecek elektromanyetik sistemleri:<\/span><\/b><\/p>\n<p style=\"margin-left: 27pt; text-align: justify; line-height: 150%; background: none repeat scroll 0% 0% white;\"><b><span style=\"font-size: 10pt; line-height: 150%; font-family: 'Arial','sans-serif'; color: black;\">1-Planlay\u0131p yapt\u0131klar\u0131n\u0131, 2-Bunlar\u0131 seri \u00fcretime haz\u0131rlad\u0131klar\u0131n\u0131, 3-Proje a\u015famas\u0131ndan deneme safhas\u0131na kadar, hangi s\u00fcre\u00e7lerden ge\u00e7ti\u011fini g\u00f6steren video kay\u0131tlar\u0131n\u0131 4-Ve bunlar\u0131n Kahraman Ordumuzun \u00f6zel yetkili birimlerine aktar\u0131ld\u0131\u011f\u0131n\u0131 \u00f6zellikle vurgulam\u0131\u015ft\u0131.<\/span><\/b><\/p>\n<p style=\"text-align: justify; text-indent: 26.95pt; line-height: 150%;\"><b><span style=\"font-size: 10pt; line-height: 150%; font-family: 'Arial','sans-serif'; color: black;\">Bu m\u00fcjdeler, ayn\u0131 zamanda; \u00fclke ve b\u00f6lge \u015fartlar\u0131n\u0131n olgunla\u015fmas\u0131 durumunda, s\u00fcper \u015feytani g\u00fc\u00e7lerin burnunun k\u0131r\u0131laca\u011f\u0131 bir tarihi hesapla\u015fman\u0131n ya\u015fanaca\u011f\u0131n\u0131n da ihbar\u0131 ve ihtar\u0131yd\u0131.<\/span><\/b><\/p>\n<p style=\"margin-left: 27pt; text-align: justify; line-height: 150%;\"><span style=\"font-size: 10pt; line-height: 150%; font-family: 'Arial','sans-serif';\"><br \/><\/span><\/p>\n<p style=\"margin-left: 27pt; text-align: justify; line-height: 150%;\"><b><span style=\"font-size: 10pt; line-height: 150%; font-family: 'Arial','sans-serif';\">\u0130sra: 4-7<\/span><\/b><\/p>\n<p style=\"text-align: justify; text-indent: 27pt; line-height: 150%;\"><b><i><span style=\"font-size: 10pt; line-height: 150%; font-family: 'Arial','sans-serif';\">4-(Biz Ezeli kader program\u0131nda ve Kur\u2019an da, \u0130srailo\u011fullar\u0131yla ilgili \u015fu ger\u00e7e\u011fi bildik, haber ve h\u00fck\u00fcm verdik ki: Ger\u00e7ekten siz yer(y\u00fcz\u00fcn) de iki defa (\u00e7ok yayg\u0131n ve y\u0131k\u0131c\u0131) bir fesat \u00e7\u0131karacak (g\u00fcce eri\u015fecek) ve b\u00fcy\u00fck bir azg\u0131nl\u0131kla kibirlenip y\u00fckseleceksiniz.\u201d<\/span><\/i><\/b><\/p>\n<p style=\"text-align: justify; text-indent: 27pt; line-height: 150%;\"><b><i><span style=\"font-size: 10pt; line-height: 150%; font-family: 'Arial','sans-serif';\">5- Nitekim ilk vaid geldi\u011fi zaman, g\u00fc\u00e7 ve \u015fiddet sahibi kullar\u0131m\u0131z\u0131 \u00fczerinize g\u00f6nderdik de (sizi) ara\u015ft\u0131r\u0131p (buldular ve y\u0131k\u0131ma u\u011fratt\u0131lar)<\/span><\/i><\/b><\/p>\n<p style=\"text-align: justify; text-indent: 27pt; line-height: 150%;\"><b><i><span style=\"font-size: 10pt; line-height: 150%; font-family: 'Arial','sans-serif';\">6- Sonra onlara kar\u015f\u0131 size tekrar &#8216;imkan ve iktidar verdik&#8217;, (verece\u011fiz) servet ve \u00f6z evlatlar\u0131n\u0131zdan olu\u015fan (gizli cemiyetle) sizi destekledik, (destekleyece\u011fiz) (h\u00fck\u00fcmet ve cemaatleri) \u00e7o\u011funlukla size hizmetkar hale getirdik. (getirece\u011fiz)<\/span><\/i><\/b><\/p>\n<p style=\"text-align: justify; text-indent: 27pt; line-height: 150%;\"><b><i><span style=\"font-size: 10pt; line-height: 150%; font-family: 'Arial','sans-serif';\">7- (Bu durumda) E\u011fer iyilik ve adalet ederseniz, kendinize iyilik edersiniz, e\u011fer k\u00f6t\u00fcl\u00fck ve zulme y\u00f6nelirseniz, bu da elbette aleyhinizedir. (Derken, b\u00fcy\u00fck haks\u0131zl\u0131klar\u0131n\u0131z ve fesatl\u0131klar\u0131n\u0131z nedeniyle) ahir d\u00f6nemdeki (cezaland\u0131rma) vaadiniz geldi\u011fi zaman, birincisinde girdikleri gibi, yine mescide (Kud\u00fcs ve \u0130srail\u2019e) girip ele ge\u00e7irdiklerini &#8216;mahvu peri\u015fan etsinler ve sizi \u00e7ok k\u00f6t\u00fc duruma d\u00fc\u015f\u00fcr\u00fcp y\u00fczlerinizi yere e\u011fdirsinler&#8217; (diye m\u00fc\u2019min kullar\u0131m\u0131z\u0131 yine \u00fcst\u00fcn\u00fcze g\u00f6nderece\u011fiz.)<\/span><\/i><\/b><\/p>\n<p style=\"text-align: justify; text-indent: 27pt; line-height: 150%;\"><b><span style=\"font-size: 10pt; line-height: 150%; font-family: 'Arial','sans-serif';\">Ordusu aciz b\u0131rak\u0131lan bir toplum aziz olamazd\u0131! \u0130\u015fte TSK\u2019ya y\u00f6nelik psikolojik ve asimetrik sava\u015f, bunun i\u00e7in ba\u015flat\u0131lm\u0131\u015ft\u0131.<\/span><\/b><\/p>\n<p style=\"text-align: justify; text-indent: 27pt; line-height: 150%;\"><span style=\"font-size: 10pt; line-height: 150%; font-family: 'Arial','sans-serif';\">T\u00fcrkiye\u2019de; sistemli, s\u00fcrekli ve d\u0131\u015f destekli bir ordu d\u00fc\u015fmanl\u0131\u011f\u0131 ve TSK\u2019y\u0131 karalama ve aciz b\u0131rakma kampanyas\u0131 y\u00fcr\u00fct\u00fcl\u00fcyordu. AKP\u2019nin iktidara ta\u015f\u0131nmas\u0131n\u0131n ve hala iktidarda tutulmas\u0131n\u0131n as\u0131l nedenlerinden birisinin de, bu plana ta\u015feronluk yapmak oldu\u011fu anla\u015f\u0131l\u0131yordu.<\/span><\/p>\n<p style=\"text-align: justify; text-indent: 27pt; line-height: 150%;\"><span style=\"font-size: 10pt; line-height: 150%; font-family: 'Arial','sans-serif';\">G\u00fcneydo\u011fu\u2019daki her katliam ve kanl\u0131 olay sonras\u0131 yanda\u015f medyada hemen PKK\u2019y\u0131 koruyup kollama \u00e7abas\u0131 \u00f6ne \u00e7\u0131k\u0131yordu. B\u00fct\u00fcn vah\u015fet ve cinayetlerin ard\u0131ndan \u201cbu i\u015fi, TSK\u2019n\u0131n yapt\u0131\u011f\u0131\u201d alg\u0131s\u0131 yarat\u0131lmaya \u00e7al\u0131\u015f\u0131l\u0131yordu. Hen\u00fcz olay\u0131n ne oldu\u011fu bile anla\u015f\u0131lmadan BDP y\u00f6neticilerinin verdi\u011fi mesajlar ve PKK\u2019y\u0131 yard\u0131m sevenler derne\u011fi gibi g\u00f6stermeye \u00e7al\u0131\u015fanlar a\u011f\u0131z birli\u011fi i\u00e7inde, \u201cPKK\u2019y\u0131 aklamaya\u201d u\u011fra\u015f\u0131yor ve TSK\u2019ya sata\u015f\u0131yordu. T\u00fcrkiye\u2019de kas\u0131tl\u0131 bir psikolojik harekat s\u00fcreci sonunda, devletin ve \u00f6zellikle de TSK\u2019n\u0131n ter\u00f6r \u00f6rg\u00fct\u00fc gibi alg\u0131lanmas\u0131n\u0131 kolayla\u015ft\u0131racak bir psikolojik ortam olu\u015fturuluyordu.<\/span><b><span style=\"font-size: 10pt; line-height: 150%; font-family: 'Arial','sans-serif';\"><\/span><\/b><\/p>\n<p style=\"text-align: justify; text-indent: 27pt; line-height: 150%;\"><b><span style=\"font-size: 10pt; line-height: 150%; font-family: 'Arial','sans-serif';\">ABD\u2019nin yeni TSK plan\u0131:<\/span><\/b><\/p>\n<ol style=\"list-style-type: lower-alpha;\">\n<li><span style=\"font-size: 10pt; line-height: 150%; font-family: 'Arial','sans-serif';\">Asker say\u0131s\u0131 azalt\u0131larak 250 bine indirilecek<\/span><\/li>\n<li><span style=\"font-size: 10pt; line-height: 150%; font-family: 'Arial','sans-serif';\">Zorunlu askerlik daralt\u0131l\u0131p, ordunun y\u00fczde 80\u2019i paral\u0131 (profesyonel) hale getirilecek<\/span><\/li>\n<li><span style=\"font-size: 10pt; line-height: 150%; font-family: 'Arial','sans-serif';\">Genelkurmay Ba\u015fkan\u0131 Savunma Bakan\u0131\u2019na ba\u011flan\u0131p havas\u0131 s\u00f6nd\u00fcr\u00fclecek.<\/span><\/li>\n<li><span style=\"font-size: 10pt; line-height: 150%; font-family: 'Arial','sans-serif';\">Milli duru\u015flu subaylar\u0131n bir k\u0131sm\u0131 davalarla tasfiye edilecek.<\/span><\/li>\n<li><span style=\"font-size: 10pt; line-height: 150%; font-family: 'Arial','sans-serif';\">Di\u011ferleri y\u00fcksek ikramiyelerle \u00f6zendirilip emekli olmalar\u0131 istenecek.<\/span><\/li>\n<li><span style=\"font-size: 10pt; line-height: 150%; font-family: 'Arial','sans-serif';\">Kalan subaylar s\u00f6zle\u015fmeli pozisyona ge\u00e7irilecek.<\/span><\/li>\n<li><span style=\"font-size: 10pt; line-height: 150%; font-family: 'Arial','sans-serif';\">B\u00fct\u00fcn subaylar\u0131n terfi ve tayinini, uysall\u0131\u011f\u0131na g\u00f6re h\u00fck\u00fcmet belirleyecekti.<\/span><\/li>\n<\/ol>\n<p style=\"margin: 0cm 0cm 0.0001pt; text-align: justify; text-indent: 1cm; line-height: 150%; background: none repeat scroll 0% 0% white; vertical-align: baseline;\"><b><span style=\"font-size: 10pt; line-height: 150%; font-family: 'Arial','sans-serif'; color: #222222; border: 1pt none windowtext; padding: 0cm;\">\u0130\u015fte Rahmetli Erbakan, \u0130slam d\u00fcnyas\u0131na ve insanl\u0131\u011fa bu Siyonist \u015febekeyi tan\u0131tt\u0131\u011f\u0131 ve Onun \u015feytani d\u00fczenini bozacak tedbirleri ald\u0131\u011f\u0131 i\u00e7in, sa\u011fl\u0131\u011f\u0131nda da, vefat\u0131ndan sonra da b\u00fct\u00fcn \u015ferlilerin ve hainlerin hedefi yap\u0131lm\u0131\u015ft\u0131. <\/span><\/b><\/p>\n<p style=\"margin: 0cm 0cm 0.0001pt; text-align: justify; text-indent: 1cm; line-height: 150%; background: none repeat scroll 0% 0% white; vertical-align: baseline;\"><b><span style=\"font-size: 10pt; line-height: 150%; font-family: 'Arial','sans-serif'; color: #222222; border: 1pt none windowtext; padding: 0cm;\">21 \u015eubat 2012 Konya Program\u0131yla ilgili canl\u0131 yay\u0131n g\u00f6r\u00fcnt\u00fcleri ve m\u00fcnaf\u0131k iftirac\u0131n\u0131n o TV konu\u015fmas\u0131 da bunun bir devam\u0131yd\u0131:<\/span><\/b><span style=\"font-size: 10pt; line-height: 150%; font-family: 'Arial','sans-serif'; color: #222222;\"><\/span><\/p>\n<p style=\"margin: 0cm 0cm 0.0001pt; text-align: justify; text-indent: 1cm; line-height: 150%; background: none repeat scroll 0% 0% white; vertical-align: baseline;\"><b><span style=\"font-size: 10pt; line-height: 150%; font-family: 'Arial','sans-serif'; color: #222222; border: 1pt none windowtext; padding: 0cm;\">Bir kat\u0131l\u0131mc\u0131<\/span><\/b><span style=\"font-size: 10pt; line-height: 150%; font-family: 'Arial','sans-serif'; color: #222222; border: 1pt none windowtext; padding: 0cm;\"> soruyor:<span class=\"apple-converted-space\">&nbsp;<\/span>11 Eyl\u00fcl 2011 Pazar g\u00fcn\u00fc SP Bursa \u0130l Te\u015fkilat\u0131nda d\u00fczenledi\u011finiz toplant\u0131da<span class=\"apple-converted-space\">&nbsp;<\/span><b><i>\u201cErbakan Bey, zeki bir ki\u015fiydi, bor\u00e7lar\u0131n\u0131n evlatlar\u0131na kalaca\u011f\u0131n\u0131 bildi\u011fi i\u00e7in davaya ait b\u00fct\u00fcn ta\u015f\u0131nmazlar\u0131 o\u011flunun ve damad\u0131n\u0131n \u00fczerine kaydetti\u201d<\/i><span class=\"apple-converted-space\">&nbsp;<\/span>diyorsunuz. Burada ise Erbakan\u2019\u0131n \u00fcst\u00fcn meziyetlerinden bahsediyorsunuz. Bu yapt\u0131\u011f\u0131n\u0131z ikiy\u00fczl\u00fcl\u00fck de\u011fil mi ve sahtek\u00e2rl\u0131k olmuyor mu?<\/b><\/span><span style=\"font-size: 10pt; line-height: 150%; font-family: 'Arial','sans-serif'; color: #222222;\"><\/span><\/p>\n<p style=\"margin: 0cm 0cm 0.0001pt; text-align: justify; text-indent: 1cm; line-height: 150%; background: none repeat scroll 0% 0% white; vertical-align: baseline;\"><b><span style=\"font-size: 10pt; line-height: 150%; font-family: 'Arial','sans-serif'; color: #222222; border: 1pt none windowtext; padding: 0cm;\">\u0130ftirac\u0131 Ba\u015f\u0131n\u0131n<\/span><\/b><span style=\"font-size: 10pt; line-height: 150%; font-family: 'Arial','sans-serif'; color: #222222; border: 1pt none windowtext; padding: 0cm;\"> cevab\u0131<b>:<span class=\"apple-converted-space\">&nbsp;<\/span><i>\u201cO s\u00f6yledi\u011fimde ger\u00e7ekti, bu s\u00f6yledi\u011fim de ger\u00e7ektir\u2026\u201d<\/i><\/b><\/span><span style=\"font-size: 10pt; line-height: 150%; font-family: 'Arial','sans-serif'; color: #222222;\"><\/span><\/p>\n<p style=\"margin: 0cm 0cm 0.0001pt; text-align: justify; text-indent: 1cm; line-height: 150%; background: none repeat scroll 0% 0% white; vertical-align: baseline;\"><b><span style=\"font-size: 10pt; line-height: 150%; font-family: 'Arial','sans-serif'; color: #222222; border: 1pt none windowtext; padding: 0cm;\">Farkl\u0131 bir kat\u0131l\u0131mc\u0131<\/span><\/b><span style=\"font-size: 10pt; line-height: 150%; font-family: 'Arial','sans-serif'; color: #222222; border: 1pt none windowtext; padding: 0cm;\"> sesl<b>eniyor:<span class=\"apple-converted-space\">&nbsp;<\/span><i>\u201cO s\u00f6yledi\u011finin neresi ger\u00e7ek! Cihat mal\u0131n\u0131 zimmetine mi ge\u00e7irdi Hoca?\u201d<\/i><\/b><\/span><span style=\"font-size: 10pt; line-height: 150%; font-family: 'Arial','sans-serif'; color: #222222;\"><\/span><\/p>\n<p style=\"margin: 0cm 0cm 0.0001pt; text-align: justify; text-indent: 1cm; line-height: 150%; background: none repeat scroll 0% 0% white; vertical-align: baseline;\"><b><span style=\"font-size: 10pt; line-height: 150%; font-family: 'Arial','sans-serif'; color: #222222; border: 1pt none windowtext; padding: 0cm;\">\u0130ftirac\u0131:<span class=\"apple-converted-space\">&nbsp;<\/span><i>Evet!<span class=\"apple-converted-space\">&nbsp;<\/span>(hemen laf\u0131n\u0131 de\u011fi\u015ftirip ba\u011f\u0131rarak)\u2026 Hay\u0131r! Hoca de\u011fil\u2026<span class=\"apple-converted-space\">&nbsp;<\/span>Ama, Hoca\u2019n\u0131n \u00e7ocuklar\u0131 zimmetine ge\u00e7irdi! <\/i><\/span><\/b><span style=\"font-size: 10pt; line-height: 150%; font-family: 'Arial','sans-serif'; color: #222222; border: 1pt none windowtext; padding: 0cm;\">diye&nbsp;&nbsp;&nbsp;&nbsp;&nbsp; iye k\u0131v\u0131r\u0131yor ve kinini kusuyor!<\/span><span style=\"font-size: 10pt; line-height: 150%; font-family: 'Arial','sans-serif'; color: #222222;\"><\/span><\/p>\n<p style=\"margin: 0cm 0cm 0.0001pt; text-align: justify; text-indent: 1cm; line-height: 150%; background: none repeat scroll 0% 0% white; vertical-align: baseline;\"><span style=\"font-size: 10pt; line-height: 150%; font-family: 'Arial','sans-serif'; color: #222222; border: 1pt none windowtext; padding: 0cm;\">Daha sonra canl\u0131 yay\u0131n kesilerek rekl\u00e2m giriliyor ve bu sorular\u0131 soran gen\u00e7ler apar topar oradakiler taraf\u0131ndan zorla salondan \u00e7\u0131kart\u0131l\u0131yordu. Ve tabi bu iftirac\u0131, bu s\u00f6zleriyle ve binlerce Milli G\u00f6r\u00fc\u015f\u00e7\u00fc \u00f6n\u00fcnde:<\/span><span style=\"font-size: 10pt; line-height: 150%; font-family: 'Arial','sans-serif'; color: #222222;\"><\/span><\/p>\n<p style=\"margin: 0cm 0cm 0.0001pt; text-align: justify; text-indent: 1cm; line-height: 150%; background: none repeat scroll 0% 0% white; vertical-align: baseline;\"><i><span style=\"font-size: 10pt; line-height: 150%; font-family: 'Arial','sans-serif'; color: #222222; border: 1pt none windowtext; padding: 0cm;\">\u201cErbakan Hoca\u2019n\u0131n cihat paralar\u0131yla mal m\u00fclk al\u0131p kendi \u00fcst\u00fcne tapulad\u0131\u011f\u0131n\u0131, \u00f6l\u00fcnce de hepsinin miras olarak \u00e7ocuklar\u0131na kald\u0131\u011f\u0131n\u0131, \u015fimdi Fatih ve Elif Erbakan\u2019\u0131n da bunlar\u0131n \u00fczerine yatt\u0131\u011f\u0131n\u0131\u201d<span class=\"apple-converted-space\">&nbsp;<\/span><\/span><\/i><span style=\"font-size: 10pt; line-height: 150%; font-family: 'Arial','sans-serif'; color: #222222; border: 1pt none windowtext; padding: 0cm;\">a\u00e7\u0131k\u00e7a ilan ve iftira ediyordu\u2026 Yani \u201cHoca bunlar\u0131 kendi \u00fcst\u00fcne tapu etmeseydi, \u00e7ocuklar\u0131 da zimmetine ge\u00e7iremeyecekti\u201d demeye getiriyordu.<\/span><span style=\"font-size: 10pt; line-height: 150%; font-family: 'Arial','sans-serif'; color: #222222;\"><\/span><\/p>\n<p style=\"margin: 0cm 0cm 0.0001pt; text-align: justify; text-indent: 1cm; line-height: 150%; background: none repeat scroll 0% 0% white; vertical-align: baseline;\"><span style=\"font-size: 10pt; line-height: 150%; font-family: 'Arial','sans-serif'; color: #222222;\">* Bu t\u00fcr m\u00fcnaf\u0131klar tarihin her d\u00f6neminde g\u00f6r\u00fcl\u00fcyordu.<\/span><span style=\"font-size: 10pt; line-height: 150%; font-family: 'Arial','sans-serif'; color: #222222;\"><\/span><\/p>\n<p style=\"margin: 0cm 0cm 0.0001pt; text-align: justify; text-indent: 1cm; line-height: 150%; background: none repeat scroll 0% 0% white; vertical-align: baseline;\"><span style=\"font-size: 10pt; line-height: 150%; font-family: 'Arial','sans-serif'; color: #222222;\">* Amerika\u2019da ya\u015fayan Yahudi as\u0131ll\u0131 Saffet Bayrama\u015f\u0131k, Siyonist lobilerce Erbakan Hocaya g\u00f6nderiliyor, \u201cMasonluk ve \u0130srail aleyhtarl\u0131\u011f\u0131ndan vazge\u00e7memesi ve aslen Yahudi olan ama zahiren M\u00fcsl\u00fcman-m\u00fccahit tan\u0131nan be\u015f ki\u015fiyi te\u015fkilata sokup, y\u00fcksek g\u00f6revlere kabul etmemesi\u201d halinde partisinin kapat\u0131laca\u011f\u0131 s\u00f6yleniyor, kabul edilmeyince ertesi g\u00fcn Milli Nizam\u2019a kapatma davas\u0131 a\u00e7\u0131l\u0131yordu\u2026 Ama ne olduysa Selamet Partisine 12 Eyl\u00fcle kadar dokunulmuyordu. Ve tabii bu tavizlerden Erbakan Hoca karl\u0131 \u00e7\u0131k\u0131yor ve tarihi at\u0131l\u0131mlar\u0131na f\u0131rsat buluyordu.<\/span><\/p>\n<p style=\"margin: 0cm 0cm 0.0001pt; text-align: justify; text-indent: 1cm; line-height: 150%; background: none repeat scroll 0% 0% white; vertical-align: baseline;\"><b><span style=\"font-size: 10pt; line-height: 150%; font-family: 'Arial','sans-serif'; color: #222222; border: 1pt none windowtext; padding: 0cm;\">\u015eimdi \u015funlar\u0131 sormak laz\u0131md\u0131:<\/span><\/b><span style=\"font-size: 10pt; line-height: 150%; font-family: 'Arial','sans-serif'; color: #222222;\"> <\/span><\/p>\n<p style=\"margin: 0cm 0cm 0.0001pt; text-align: justify; text-indent: 1cm; line-height: 150%; background: none repeat scroll 0% 0% white; vertical-align: baseline;\"><span style=\"font-size: 10pt; line-height: 150%; font-family: 'Arial','sans-serif'; color: #222222; border: 1pt none windowtext; padding: 0cm;\">1- \u0130ftirac\u0131\u2019n\u0131n iddias\u0131na g\u00f6re, Erbakan Hoca cihat paralar\u0131n\u0131 mala \u00e7evirip kendi \u00fcst\u00fcne yapmasayd\u0131, bug\u00fcn \u00e7ocuklar\u0131na miras kalmayacakt\u0131. \u00c7ocuklar\u0131n\u0131n ise, babalar\u0131ndan kalan miras\u0131n nas\u0131l kazan\u0131ld\u0131\u011f\u0131n\u0131 bilmeleri ve hele Rahmetli babalar\u0131ndan \u015f\u00fcphe etmeleri imk\u00e2ns\u0131zd\u0131. O halde \u201cbu mallara el konulmas\u0131n ve cihat paralar\u0131 zayi olmas\u0131n diye bunlar\u0131 g\u00fcvenilir bir heyet yerine kendi \u00fczerine almas\u0131\u201d bile Erbakan i\u00e7in olduk\u00e7a yanl\u0131\u015f ve yak\u0131\u015f\u0131ks\u0131z bir davran\u0131\u015f say\u0131lmaz m\u0131yd\u0131?<\/span><span style=\"font-size: 10pt; line-height: 150%; font-family: 'Arial','sans-serif'; color: #222222;\"><\/span><\/p>\n<p style=\"margin: 0cm 0cm 0.0001pt; text-align: justify; text-indent: 1cm; line-height: 150%; background: none repeat scroll 0% 0% white; vertical-align: baseline;\"><span style=\"font-size: 10pt; line-height: 150%; font-family: 'Arial','sans-serif'; color: #222222; border: 1pt none windowtext; padding: 0cm;\">2- Hoca, h\u00e2\u015f\u00e2 bu denli duyars\u0131z ve tutars\u0131z bir insan m\u0131yd\u0131?<\/span><span style=\"font-size: 10pt; line-height: 150%; font-family: 'Arial','sans-serif'; color: #222222;\"><\/span><\/p>\n<p style=\"margin: 0cm 0cm 0.0001pt; text-align: justify; text-indent: 1cm; line-height: 150%; background: none repeat scroll 0% 0% white; vertical-align: baseline;\"><span style=\"font-size: 10pt; line-height: 150%; font-family: 'Arial','sans-serif'; color: #222222; border: 1pt none windowtext; padding: 0cm;\">3- \u201cNas\u0131l olsa \u00e7ocuklar\u0131m, davan\u0131n hakk\u0131n\u0131 gasp etmezler\u201d diye d\u00fc\u015f\u00fcnm\u00fc\u015fse ve iddialara g\u00f6re \u015fimdi \u00e7ocuklar\u0131 da bunlar\u0131 vermedi\u011fine g\u00f6re, Rahmetli Hocam\u0131z, \u00f6z evlatlar\u0131n\u0131n bile karakterini tan\u0131mayacak ve beyt\u00fclmal konusunda bu denli tedbirsiz davranacak kadar saf m\u0131yd\u0131?<\/span><span style=\"font-size: 10pt; line-height: 150%; font-family: 'Arial','sans-serif'; color: #222222;\"><\/span><\/p>\n<p style=\"margin: 0cm 0cm 0.0001pt; text-align: justify; text-indent: 1cm; line-height: 150%; background: none repeat scroll 0% 0% white; vertical-align: baseline;\"><span style=\"font-size: 10pt; line-height: 150%; font-family: 'Arial','sans-serif'; color: #222222; border: 1pt none windowtext; padding: 0cm;\">4- Tamamen iftira olarak haz\u0131rland\u0131\u011f\u0131 ve \u00e7ocuklar\u0131 \u00fczerinden Hoca\u2019n\u0131n suizan alt\u0131nda b\u0131rak\u0131l\u0131p camiam\u0131z\u0131n kafas\u0131n\u0131n kar\u0131\u015ft\u0131r\u0131ld\u0131\u011f\u0131 \u00e7ok a\u00e7\u0131k olan bu iddialar do\u011fru ise, <\/span><b><span style=\"line-height: 150%; font-family: 'Arial','sans-serif'; color: #222222; border: 1pt none windowtext; padding: 0cm;\">O\u011fuzhan Asilt\u00fcrk<\/span><\/b><span style=\"line-height: 150%; font-family: 'Arial','sans-serif'; color: #222222; border: 1pt none windowtext; padding: 0cm;\"> <\/span><span style=\"font-size: 10pt; line-height: 150%; font-family: 'Arial','sans-serif'; color: #222222; border: 1pt none windowtext; padding: 0cm;\">sa\u011fda solda fesat \u00e7\u0131kar\u0131p kin kusaca\u011f\u0131na, elinde de belgeleri ve \u015fahitleri varsa, dava paras\u0131n\u0131 kurtarmak i\u00e7in hukuki yollara niye ba\u015fvurmazd\u0131?<\/span><span style=\"font-size: 10pt; line-height: 150%; font-family: 'Arial','sans-serif'; color: #222222;\"><\/span><\/p>\n<p style=\"margin: 0cm 0cm 0.0001pt; text-align: justify; text-indent: 1cm; line-height: 150%; background: none repeat scroll 0% 0% white; vertical-align: baseline;\"><span style=\"font-size: 10pt; line-height: 150%; font-family: 'Arial','sans-serif'; color: #222222; border: 1pt none windowtext; padding: 0cm;\">5- Haydi O yalan uydurup iftira at\u0131yordu, peki \u00e7ocuklar\u0131 niye bu haks\u0131z ve ahlaks\u0131z isnatlar\u0131 susturacak giri\u015fimleri bir t\u00fcrl\u00fc ba\u015flatmazd\u0131?<\/span><span style=\"font-size: 10pt; line-height: 150%; color: #222222;\"> <\/span><span style=\"font-size: 10pt; line-height: 150%; font-family: 'Arial','sans-serif'; color: #222222;\"><\/span><\/p>\n<p style=\"margin: 0cm 0cm 0.0001pt; text-align: justify; text-indent: 1cm; line-height: 150%; background: none repeat scroll 0% 0% white; vertical-align: baseline;\"><span style=\"font-size: 10pt; line-height: 150%; font-family: 'Arial','sans-serif';\">6-<span class=\"apple-converted-space\">&nbsp;<\/span>Ve T\u00fcrkiye\u2019deki marazl\u0131 ve Masonik medya, Milli G\u00f6r\u00fc\u015f\u2019e s\u0131zd\u0131rd\u0131klar\u0131 has adam\u0131 olan O\u011fuzhan\u2019\u0131n y\u0131pranmamas\u0131 i\u00e7in mi, bu geli\u015fmeleri uzun zaman duymazdan gelip g\u00fcndeme ta\u015f\u0131mam\u0131\u015flar, ard\u0131ndan da, \u015feytani bir kinle Erbakan Hocay\u0131 su\u00e7lamak i\u00e7in kullanm\u0131\u015flard\u0131? Kendisi evli oldu\u011fu halde ve yine resmen evli olan ve kocas\u0131ndan ayr\u0131 ya\u015fayan sekreterini al\u0131p evine g\u00f6t\u00fcren d\u00f6nemin Adalet Bakan\u0131 arkada\u015f\u0131n\u0131n bu u\u00e7kur kazas\u0131n\u0131 da, malum medya niye haber bile yapmam\u0131\u015ft\u0131!? \u00c7\u00fcnk\u00fc bunlar\u0131 yazmak, elbette Erbakan\u2019\u0131 zora sokard\u0131, ama Milli G\u00f6r\u00fc\u015f\u2019teki kendi ajanlar\u0131 da de\u015fifre olacakt\u0131!<\/span><\/p>\n<p style=\"margin: 0cm 0cm 0.0001pt; text-align: justify; text-indent: 1cm; line-height: 150%; background: none repeat scroll 0% 0% white; vertical-align: baseline;\"><span style=\"font-size: 10pt; line-height: 150%; font-family: 'Arial','sans-serif';\">7- \u015eimdi iman, iz\u2019an ve insaf ehli s\u00f6ylesin: Bu asl\u0131 bozuk m\u00fcnaf\u0131klar, \u00f6zel ve yabanc\u0131lara kapal\u0131 bir mekanda isti\u015fare mi yapmaktayd\u0131, yoksa herkese a\u00e7\u0131k bir ortamda ve milyonlar\u0131n izledi\u011fi tv ekranlar\u0131nda, Erbakan Hoca\u2019ya ve \u00e7ocuklar\u0131na iftira m\u0131 atmaktayd\u0131? Hoca\u2019y\u0131 t\u00f6hmet alt\u0131nda b\u0131rakan iddialar\u0131 yetmezmi\u015f gibi, O\u011fuzhan Asilt\u00fcrk\u2019\u00fcn Erbakan\u2019\u0131n \u00e7ocuklar\u0131 biribirine kar\u015f\u0131 k\u0131\u015fk\u0131rt\u0131p mahkemelik olmalar\u0131na ve medya malzemesi yap\u0131lmalar\u0131na yol a\u00e7an bu O\u011fuzhan Asilt\u00fcrk, Milli G\u00f6r\u00fc\u015f\u2019e kar\u015f\u0131 nas\u0131l derin bir kin ta\u015f\u0131maktayd\u0131?<b><span style=\"color: #222222; border: 1pt none windowtext; padding: 0cm;\"><\/span><\/b><\/span><\/p>\n<p style=\"text-align: justify; text-indent: 26.95pt; line-height: 150%;\"><span style=\"font-size: 10pt; line-height: 150%; font-family: 'Arial','sans-serif';\">20 Mart 2012 tarihinde \u00c7AY TV. Bak\u0131\u015f A\u00e7\u0131s\u0131 program\u0131na kat\u0131lan Genel Ba\u015fkan\u0131n \u201c\u00fcstad\u0131m\u201d diye iltifat ya\u011fd\u0131rd\u0131\u011f\u0131 Abdurrahman Dilipak gibi \u015farlatanlar\u0131n; \u201ccihat paralar\u0131yla al\u0131nan mallar\u0131 zimmetlerine ge\u00e7irmekle su\u00e7lanan, Erbakan\u2019\u0131n \u00e7ocuklar\u0131yla ilgili, kas\u0131tl\u0131 ve sapt\u0131r\u0131c\u0131 sorular\u0131 kar\u015f\u0131s\u0131nda, O\u011fuzhan Asilt\u00fcrk\u2019\u00fc aklay\u0131c\u0131 hatta hakl\u0131 \u00e7\u0131kar\u0131c\u0131 tutars\u0131z tav\u0131rlar\u0131\u2026 Ve rahmetli Hocam\u0131z\u0131 t\u00f6hmet alt\u0131nda b\u0131rakacak ka\u00e7amak yan\u0131tlar\u0131.\u201d Tam anlam\u0131yla mide buland\u0131rmakta ve kendisine umut ba\u011flayan g\u00f6n\u00fclde\u015flerimizi hayal k\u0131r\u0131kl\u0131\u011f\u0131na u\u011fratmaktayd\u0131.Hayret ki hayret, bir etiket u\u011fruna bunca hakaret ve h\u0131yanete nas\u0131l sessiz ve tepkisiz kal\u0131n\u0131rd\u0131?! Eh, ne diyelim, O\u011fuzhan gibi lidere i\u015fte b\u00f6yle bir g\u00f6lge yak\u0131\u015f\u0131rd\u0131.<\/span><\/p>\n<p style=\"text-align: justify; text-indent: 1cm; line-height: 115%;\"><b><span style=\"font-size: 10pt; line-height: 115%; font-family: 'Arial','sans-serif'; color: black;\">Nur Suresi:<\/span><\/b><span style=\"font-size: 10pt; line-height: 115%; font-family: 'Arial','sans-serif'; color: #222222;\"><\/span><\/p>\n<p style=\"text-align: justify; text-indent: 1cm; line-height: 115%;\"><b><i><span style=\"font-size: 10pt; line-height: 115%; font-family: 'Arial','sans-serif'; color: black;\">11 &#8211; Do\u011frusu, uydurulmu\u015f bir yalanla ve iftirayla gelenler, i\u00e7inizden sizinle birlikte davranan bir ekiptir; siz onu (iftira olay\u0131n\u0131) kendiniz i\u00e7in (k\u00f6t\u00fc) bir \u015fer saymay\u0131n, aksine o sizin i\u00e7in bir hay\u0131rd\u0131r. (\u00e7\u00fcnk\u00fc bu tav\u0131rlar\u0131, m\u00fcnaf\u0131klar\u0131n tan\u0131nmas\u0131na ve ayr\u0131\u015fmas\u0131na vesile olacakt\u0131r.) Onlardan her bir ki\u015fiye kazand\u0131\u011f\u0131 g\u00fcnahtan (bir ceza) vard\u0131r. Onlardan (iftiran\u0131n) b\u00fcy\u00fc\u011f\u00fcn\u00fc y\u00fcklenene ise daha b\u00fcy\u00fck bir azab vard\u0131r. <\/span><\/i><\/b><b><i><span style=\"font-size: 10pt; line-height: 115%; font-family: 'Arial','sans-serif'; color: #222222;\"><\/span><\/i><\/b><\/p>\n<p style=\"text-align: justify; text-indent: 1cm; line-height: 115%;\"><b><i><span style=\"font-size: 10pt; line-height: 115%; font-family: 'Arial','sans-serif'; color: black;\">&nbsp;12 \u2013Onu i\u015fitti\u011finiz zaman, erkek m\u00fc&#8217;minler ile kad\u0131n m\u00fc&#8217;minlerin kendi vicdanlar\u0131 ad\u0131na hay\u0131rl\u0131 bir zanda bulunup: &#8220;Bu, a\u00e7\u0131k\u00e7a uydurulmu\u015f iftira ve yaland\u0131r&#8221; demeleri beklenirdi!? <\/span><\/i><\/b><b><i><span style=\"font-size: 10pt; line-height: 115%; font-family: 'Arial','sans-serif'; color: #222222;\"><\/span><\/i><\/b><\/p>\n<p style=\"text-align: justify; text-indent: 1cm; line-height: 115%;\"><b><i><span style=\"font-size: 10pt; line-height: 115%; font-family: 'Arial','sans-serif'; color: black;\">&nbsp;13 &#8211; (Bu as\u0131ls\u0131z ve kas\u0131tl\u0131 iddialar\u0131 ortaya atanlar, bunlar\u0131 ispatlamak \u00fczere) Ona kar\u015f\u0131 d\u00f6rt \u015fahitle gelmeleri gerekmez miydi? \u015eahitleri getirmediklerine g\u00f6re, art\u0131k onlar Allah kat\u0131nda al\u00e7ak yalanc\u0131lar\u0131n ta kendileridir. <\/span><\/i><\/b><b><i><span style=\"font-size: 10pt; line-height: 115%; font-family: 'Arial','sans-serif'; color: #222222;\"><\/span><\/i><\/b><\/p>\n<p style=\"text-align: justify; text-indent: 1cm; line-height: 115%;\"><b><i><span style=\"font-size: 10pt; line-height: 115%; font-family: 'Arial','sans-serif'; color: black;\">&nbsp;14 &#8211; E\u011fer Allah&#8217;\u0131n d\u00fcnyada ve ahirette sizin \u00fczerinizde fazl\u0131 ve rahmeti olmasayd\u0131, i\u00e7ine dald\u0131\u011f\u0131n\u0131z dedikodudan (ve bu iftiralara sessiz ve tepkisiz kalmaktan) dolay\u0131 size b\u00fcy\u00fck bir azab dokunuverirdi. <\/span><\/i><\/b><b><i><span style=\"font-size: 10pt; line-height: 115%; font-family: 'Arial','sans-serif'; color: #222222;\"><\/span><\/i><\/b><\/p>\n<p style=\"text-align: justify; text-indent: 1cm; line-height: 115%;\"><b><span style=\"font-size: 10pt; line-height: 115%; font-family: 'Arial','sans-serif'; color: black;\"> 30 Aral\u0131k 2004 tarihli wikileaks belgelerinde ve tutuklu iken esrarengiz bi\u00e7imde \u00f6l\u00fcveren Ka\u015fif Kozano\u011flu\u2019nun cezaevi not defterinde \u0130svi\u00e7re bankalar\u0131ndaki 800 milyon dolar\u0131 bulundu\u011fu iddia edilen dindar kahraman\u0131n, bunca paray\u0131 nereden kotard\u0131\u011f\u0131n\u0131 sormayan AK\u0130T\u2019in \u015farlatan yazarlar\u0131 \u201ccihat paras\u0131n\u0131 koruyor\u201d k\u0131l\u0131f\u0131yla, rahmetli Hocan\u0131n 3-5 milyon liral\u0131k mal varl\u0131\u011f\u0131n\u0131n dedikodusunu yap\u0131yordu. <\/span><\/b><b><span style=\"font-family: 'Arial','sans-serif'; color: black;\">Oysa AKP yalakas\u0131 ve din istismarc\u0131s\u0131 bu sahte \u0130slamc\u0131lar:<\/span><\/b><b><span style=\"font-size: 10pt; line-height: 115%; font-family: 'Arial','sans-serif'; color: black;\"><\/span><\/b><\/p>\n<ol>\n<li><span style=\"font-size: 10pt; line-height: 150%; font-family: 'Arial','sans-serif'; color: black;\">Recep T. Erdo\u011fan\u2019\u0131n Milli G\u00f6r\u00fc\u015f g\u00f6mle\u011fini niye \u00e7\u0131kard\u0131\u011f\u0131n\u0131?<\/span><\/li>\n<li><span style=\"font-size: 10pt; line-height: 150%; font-family: 'Arial','sans-serif'; color: black;\">Boynuna Yahudi Lobilerince niye cesaret madalyas\u0131 tak\u0131ld\u0131\u011f\u0131n\u0131?<\/span><\/li>\n<li><span style=\"font-size: 10pt; line-height: 150%; font-family: 'Arial','sans-serif'; color: black;\">Sn. Ba\u015fbakan\u2019\u0131n Irak ve Libya\u2019dan sonra, \u015fimdi Suriye ve nihayet \u0130ran ve T\u00fcrkiye\u2019nin par\u00e7alanmas\u0131n\u0131 ama\u00e7layan BOP\u2019a, kimler taraf\u0131ndan ve neyin kar\u015f\u0131l\u0131\u011f\u0131 e\u015fba\u015fkan atand\u0131\u011f\u0131n\u0131?<\/span><\/li>\n<li><span style=\"font-size: 10pt; line-height: 150%; font-family: 'Arial','sans-serif'; color: black;\">Irak, Libya ve Suriye i\u015fgallerine ve vah\u015fetlerine, hangi gerek\u00e7e ile AKP\u2019ye ta\u015feronluk yapt\u0131r\u0131ld\u0131\u011f\u0131n\u0131?<\/span><\/li>\n<li><span style=\"font-size: 10pt; line-height: 150%; font-family: 'Arial','sans-serif'; color: black;\">Zinan\u0131n, kumar\u0131n, domuz eti ve ya\u011f\u0131n\u0131n, hangi mazeret ve mecburiyetle serbest b\u0131rak\u0131ld\u0131\u011f\u0131n\u0131?<\/span><\/li>\n<li><span style=\"font-size: 10pt; line-height: 150%; font-family: 'Arial','sans-serif'; color: black;\">Ahlaki ve ailevi tahribat konusunda, AKP d\u00f6neminde niye patlama ya\u015fand\u0131\u011f\u0131n\u0131?<\/span><\/li>\n<li><span style=\"font-size: 10pt; line-height: 150%; font-family: 'Arial','sans-serif'; color: black;\">AB ve ABD\u2019nin g\u00fcd\u00fcm\u00fcndeki bir d\u00fcnya d\u00fczeni i\u00e7inde, kahramanl\u0131k rol\u00fc oynaman\u0131n ve \u0130slam\u0131 siyonizmin arac\u0131 haline sokman\u0131n Kur\u2019an daki kar\u015f\u0131l\u0131\u011f\u0131n\u0131?<\/span><\/li>\n<li><span style=\"font-size: 10pt; line-height: 150%; font-family: 'Arial','sans-serif'; color: black;\">\u00dclkemizde tar\u0131m ve hayvanc\u0131l\u0131\u011f\u0131n nas\u0131l bat\u0131r\u0131ld\u0131\u011f\u0131n\u0131 ve t\u00fcm fabrika ve stratejik kurumlar\u0131m\u0131z\u0131n nas\u0131l yabanc\u0131lara sat\u0131ld\u0131\u011f\u0131n\u0131?<\/span><\/li>\n<\/ol>\n<p style=\"text-align: justify; text-indent: 27pt; line-height: 150%;\"><span style=\"font-size: 10pt; line-height: 150%; font-family: 'Arial','sans-serif'; color: black;\">Bir tek sefer olsun, ciddiyet ve cesaretle sorgulam\u0131\u015f olsalard\u0131; belki Rahmetli Hocayla ilgili tenkit ve tahriklerinde de samimi olduklar\u0131na kanaat getirebilirdik. Ama hep \u201ccerahata konan ve goncadan uzak duran karasinek\u201d misali, Erbakan\u2019\u0131n faziletlerini bile tenkit, ama Erdo\u011fan\u2019\u0131n acziyetlerini bile tebrik ederseniz, elbette siz itimat ve itibar edilmez durumuna d\u00fc\u015fersiniz\u2026<\/span><\/p>\n<p style=\"text-align: justify; text-indent: 27pt; line-height: 150%;\"><b><span style=\"font-size: 10pt; line-height: 150%; font-family: 'Arial','sans-serif'; color: black;\">Hoca\u2019n\u0131n 148 kilo alt\u0131n de\u011ferinde mal varl\u0131\u011f\u0131 kalm\u0131\u015ft\u0131r.<\/span><\/b><\/p>\n<p style=\"text-align: justify; text-indent: 27pt; line-height: 150%;\"><span style=\"font-size: 10pt; line-height: 150%; font-family: 'Arial','sans-serif'; color: black;\">Rahmetli Erbakan\u2019\u0131n \u00e7ocuklar\u0131 aras\u0131nda dava konusu olan mal varl\u0131\u011f\u0131 tart\u0131\u015fmas\u0131 18 y\u0131ld\u0131r T\u00fcrkiye\u2019nin g\u00fcndemine ta\u015f\u0131nmaktayd\u0131. Oysa Hocam\u0131z, 1994 y\u0131l\u0131nda liderlerin mal varl\u0131\u011f\u0131 tart\u0131\u015fmas\u0131n\u0131n ya\u015fand\u0131\u011f\u0131 s\u00fcre\u00e7te d\u00fczenledi\u011fi bas\u0131n toplant\u0131s\u0131nda mal varl\u0131\u011f\u0131n\u0131 tek tek a\u00e7\u0131klam\u0131\u015ft\u0131. Erbakan, o g\u00fcnk\u00fc a\u00e7\u0131klamas\u0131nda, s\u00f6z konusu mal varl\u0131\u011f\u0131n\u0131 sanayicilik ve \u00f6\u011fretim \u00fcyeli\u011fi d\u00f6neminde kazand\u0131\u011f\u0131 gelirlerin birikimiyle ve miras suretiyle elde etti\u011fini, bunlar\u0131n 148 kilo alt\u0131na kar\u015f\u0131l\u0131k geldi\u011fini vurgulam\u0131\u015ft\u0131. \u0130\u015fte 1994\u2019teki Erbakan\u2019\u0131n mal varl\u0131\u011f\u0131;<\/span><\/p>\n<ol>\n<li><span style=\"font-size: 10pt; line-height: 115%; font-family: 'Arial','sans-serif'; color: black;\">\u0130stanbul Hal\u0131c\u0131lar caddesi\u2019ndeki iki daire (babadan miras) Sinop\u2019ta 21 par\u00e7a arsa ve tarla (anneden miras)<\/span><\/li>\n<li><span style=\"font-size: 10pt; line-height: 115%; font-family: 'Arial','sans-serif'; color: black;\">Ankara\u2019da G\u00fcven Sokak\u2019ta ayn\u0131 apartmanda 130 ve 160 metrekare iki daire<\/span><\/li>\n<li><span style=\"font-size: 10pt; line-height: 115%; font-family: 'Arial','sans-serif'; color: black;\">Kazan\u2019da yazl\u0131k kooperatifte arsa<\/span><\/li>\n<li><span style=\"font-size: 10pt; line-height: 115%; font-family: 'Arial','sans-serif'; color: black;\">\u0130zmit Bah\u00e7ecik\u2019te kooperatifte 2 parsel<\/span><\/li>\n<li><span style=\"font-size: 10pt; line-height: 115%; font-family: 'Arial','sans-serif'; color: black;\">Bal\u0131kesir Alt\u0131noluk\u2019ta 3 parsel (parsellerden birinde prefabrik ev, di\u011ferinin \u00fczerinde iki bah\u00e7e evi)<\/span><\/li>\n<li><span style=\"font-size: 10pt; line-height: 115%; font-family: 'Arial','sans-serif'; color: black;\">Ankara Balgat\u2019ta iki arsa \u00fczerine yap\u0131lan ev<\/span><\/li>\n<li><span style=\"font-size: 10pt; line-height: 115%; font-family: 'Arial','sans-serif'; color: black;\">3 Adet otomobil (Opel Vectra marka ve 1993 model Mercedes 200 ve Mercedes 300)<\/span><\/li>\n<li><span style=\"font-size: 10pt; line-height: 115%; font-family: 'Arial','sans-serif'; color: black;\">Nakit olarak 421 bin dolar, 532 bin \u0130svi\u00e7re Frang\u0131, 611 bin mark.<\/span><\/li>\n<\/ol>\n<p style=\"text-align: justify; text-indent: 27pt; line-height: 115%;\"><b><span style=\"font-size: 10pt; line-height: 115%; font-family: 'Arial','sans-serif'; color: black;\">Bug\u00fcn, hem do\u011frudan \u00e7ocuklar\u0131na intikal eden, hem de tedbir olarak ba\u015fka ki\u015filer \u00fczerinde g\u00f6sterilen toplam mal varl\u0131\u011f\u0131 da; Zaten ancak 148 kilo alt\u0131n kar\u015f\u0131l\u0131\u011f\u0131 olan 15 milyon TL. civar\u0131ndad\u0131r.<\/span><\/b><\/p>\n<p style=\"text-align: justify; text-indent: 27pt; line-height: 150%;\"><b><span style=\"font-size: 14pt; line-height: 150%; font-family: 'Arial','sans-serif'; color: black;\">Erbakan\u2019\u0131n Bosnal\u0131 mazlumlara yard\u0131mlar\u0131:<\/span><\/b><\/p>\n<p style=\"text-align: justify; text-indent: 27pt; line-height: 150%;\"><span style=\"font-size: 10pt; line-height: 150%; font-family: 'Arial','sans-serif';\">Onbe\u015f y\u0131l kadar \u00f6nce, Almanya\u2019ya gelen \u015fimdiki RT\u00dcK Ba\u015fkan\u0131 Prof. Davut Dursun ve AKP milletvekili Prof. \u0130rfan G\u00fcnd\u00fcz\u2019\u00fcn, <b>\u201cErbakan\u2019\u0131 ve T\u00fcrkiye\u2019deki parti davas\u0131n\u0131 b\u0131rak\u0131n ve kendi gelece\u011finizi kurmaya bak\u0131n\u201d <\/b>\u015feklindeki milli g\u00f6r\u00fc\u015f ba\u011fl\u0131lar\u0131n\u0131 Hoca\u2019ya kar\u015f\u0131 k\u0131\u015fk\u0131rtt\u0131klar\u0131n\u0131 g\u00f6r\u00fcnce, fesatl\u0131klar\u0131n\u0131 ve haks\u0131zl\u0131klar\u0131n\u0131 y\u00fczlerine vurup susturmu\u015ftuk. \u0130\u015fte orada bunlara kap\u0131lan ve <b>\u201cErbakan bizim g\u00f6nderdi\u011fimiz paralarla Bosna kahramanl\u0131\u011f\u0131 yap\u0131yor.\u201d <\/b>Diyen baz\u0131 b\u00f6lge ba\u015fkanlar\u0131na sormu\u015ftuk:<\/span><\/p>\n<p style=\"margin-left: 0cm; text-align: justify; text-indent: 27pt; line-height: 150%;\"><span style=\"font-size: 10pt; line-height: 150%; font-family: 'Arial','sans-serif';\">&#8211;<span style=\"font: 7pt 'Times New Roman';\">&nbsp;&nbsp; <\/span><\/span><span style=\"font-size: 10pt; line-height: 150%; font-family: 'Arial','sans-serif';\">S\u00f6yleyin bakal\u0131m, bug\u00fcne kadar, Bosna \u2018ya yard\u0131m ama\u00e7l\u0131, toplam ka\u00e7 lira yollad\u0131n\u0131z.<\/span><\/p>\n<p style=\"margin-left: 0cm; text-align: justify; text-indent: 27pt; line-height: 150%;\"><span style=\"font-size: 10pt; line-height: 150%; font-family: 'Arial','sans-serif';\">&#8211;<span style=\"font: 7pt 'Times New Roman';\">&nbsp;&nbsp; <\/span><\/span><span style=\"font-size: 10pt; line-height: 150%; font-family: 'Arial','sans-serif';\"> \u201c<b>\u00dc\u00e7 (3) milyon mark\u2019tan fazlad\u0131r.<\/b><\/span><\/p>\n<p style=\"margin-left: 0cm; text-align: justify; text-indent: 27pt; line-height: 150%;\"><span style=\"font-size: 10pt; line-height: 150%; font-family: 'Arial','sans-serif';\">&#8211;<span style=\"font: 7pt 'Times New Roman';\">&nbsp;&nbsp; <\/span><\/span><span style=\"font-size: 10pt; line-height: 150%; font-family: 'Arial','sans-serif';\">Peki, bu parayla bir sal\u00e7a fabrikas\u0131 bile kurulabilir mi?<\/span><\/p>\n<p style=\"margin-left: 0cm; text-align: justify; text-indent: 27pt; line-height: 150%;\"><span style=\"font-size: 10pt; line-height: 150%; font-family: 'Arial','sans-serif';\">&#8211;<span style=\"font: 7pt 'Times New Roman';\">&nbsp;&nbsp; <\/span><\/span><b><span style=\"font-size: 10pt; line-height: 150%; font-family: 'Arial','sans-serif';\">Elbette hay\u0131r\u2026<\/span><\/b><span style=\"font-size: 10pt; line-height: 150%; font-family: 'Arial','sans-serif';\"><\/span><\/p>\n<p style=\"margin-left: 0cm; text-align: justify; text-indent: 27pt; line-height: 150%;\"><span style=\"font-size: 10pt; line-height: 150%; font-family: 'Arial','sans-serif';\">&#8211;<span style=\"font: 7pt 'Times New Roman';\">&nbsp;&nbsp; <\/span><\/span><span style=\"font-size: 10pt; line-height: 150%; font-family: 'Arial','sans-serif';\">Oysa Bosnal\u0131 M\u00fcsl\u00fcmanlar, hem be\u015f y\u0131l s\u00fcrekli sava\u015fm\u0131\u015f, tar\u0131m ve sanatla u\u011fra\u015famam\u0131\u015f, ama b\u00fct\u00fcn ya\u015fama ve savunma ihtiya\u00e7lar\u0131n\u0131n kar\u015f\u0131lanmas\u0131 yan\u0131nda, 1-Tank ve z\u0131rhl\u0131 ara\u00e7 tamir fabrikas\u0131. 2-Mermi ve m\u00fchimmat fabrikas\u0131. 3-U\u00e7ak savar f\u00fcze fabrikas\u0131 kurmu\u015flard\u0131.<\/span><\/p>\n<p style=\"margin-left: 0cm; text-align: justify; text-indent: 27pt; line-height: 150%;\"><span style=\"font-size: 10pt; line-height: 150%; font-family: 'Arial','sans-serif';\">&#8211;<span style=\"font: 7pt 'Times New Roman';\">&nbsp;&nbsp; <\/span><\/span><span style=\"font-size: 10pt; line-height: 150%; font-family: 'Arial','sans-serif';\">Bunlar\u0131n maliyeti y\u00fcz milyonlarca dolard\u0131. Ve \u00f6nemli k\u0131sm\u0131n\u0131 Erbakan Hoca ayarlam\u0131\u015ft\u0131.Sizin 3-5 milyon mark\u0131n\u0131z Bosnal\u0131lar\u0131n bir y\u0131ll\u0131k ekmek \u015feker paras\u0131 bile olmazd\u0131.<\/span><\/p>\n<ul>\n<li><b><span style=\"font-size: 14pt; line-height: 150%; font-family: 'Arial','sans-serif';\">Mustafa Tahhan\u2019\u0131n itiraflar\u0131:<\/span><\/b><span style=\"font-size: 14pt; line-height: 150%; font-family: 'Arial','sans-serif';\"><\/span><\/li>\n<\/ul>\n<p style=\"text-align: justify; text-indent: 27pt; line-height: 150%;\"><span style=\"font-size: 10pt; line-height: 150%; font-family: 'Arial','sans-serif';\">2012 y\u0131l\u0131nda \u0130stanbul\u2019da yap\u0131lan \u201cErbakan\u2019\u0131 anma\u201d toplant\u0131s\u0131na kat\u0131lan D\u00fcnya gen\u00e7lik te\u015fkilat\u0131 eski ba\u015fkan\u0131 Mustafa Tahhan:<\/span><\/p>\n<p style=\"text-align: justify; text-indent: 27pt; line-height: 150%;\"><b><span style=\"font-size: 10pt; line-height: 150%; font-family: 'Arial','sans-serif';\">\u201cBen size, Erbakan Hoca\u2019n\u0131n Bosna halk\u0131na ve \u0130zzet Begovi\u00e7\u2019e sa\u011flad\u0131\u011f\u0131 \u00e7ok b\u00fcy\u00fck yard\u0131mlar\u0131 anlatsam hayretler i\u00e7inde kal\u0131rs\u0131n\u0131z.\u201d<\/span><\/b><span style=\"font-size: 10pt; line-height: 150%; font-family: 'Arial','sans-serif';\"> Anlam\u0131ndaki Arap\u00e7a s\u00f6zlerini, partiyi ku\u015fatan m\u00fcnaf\u0131klar\u0131n tembihledi\u011fi ki\u015fi, \u0131srarl\u0131 uyar\u0131lara ra\u011fmen bu \u00f6nemli ger\u00e7e\u011fi maalesef T\u00fcrk\u00e7e terc\u00fcme etmeyip atlam\u0131\u015ft\u0131.<\/span><b><span style=\"font-size: 10pt; line-height: 150%; font-family: 'Arial','sans-serif';\"><\/span><\/b><\/p>\n<p style=\"text-align: justify; text-indent: 27pt; line-height: 150%;\"><b><span style=\"font-size: 10pt; line-height: 150%; font-family: 'Arial','sans-serif';\">Erbakan hoca\u2019n\u0131n hangi \u00fclkelerden hangi a\u011f\u0131r makineleri nas\u0131l temin edip, Bosna\u2019ya hangi y\u00f6ntemlerle ula\u015ft\u0131rd\u0131\u011f\u0131n\u0131 \u0130stanbul eski \u0130l ba\u015fkan\u0131 Osman Yumako\u011fullar\u0131\u2019ndan dinlemek laz\u0131md\u0131.<\/span><\/b><\/p>\n<p style=\"text-align: justify; text-indent: 27pt; line-height: 150%;\"><b><span style=\"font-size: 14pt; line-height: 150%; font-family: 'Arial','sans-serif';\">Erbakan\u2019\u0131n Kaddafi \u00fczerinden \u00c7e\u00e7enistan\u2019a sahip \u00e7\u0131kmas\u0131:<\/span><\/b><\/p>\n<p style=\"text-align: justify; text-indent: 27pt; line-height: 150%;\"><b><span style=\"font-size: 10pt; line-height: 150%; font-family: 'Arial','sans-serif';\">1996\u2019da Trablus\u2019ta tertiplenen<\/span><\/b><span style=\"font-size: 10pt; line-height: 150%; font-family: 'Arial','sans-serif';\"> ve t\u00fcm d\u00fcnyadan 600\u2019den fazla y\u00fcksek ilim ve g\u00f6n\u00fcl ehlinin kat\u0131l\u0131m\u0131yla ger\u00e7ekle\u015fen \u201cTASAVVUF\u0130 AHLAK VE MANEV\u0130 KALKINMA\u201d konferans\u0131na kat\u0131lmak ve bildiri sunmak \u00fczere bizi Libya\u2019ya g\u00f6nderen Erbakan Hoca, O s\u0131rada ambargolar y\u00fcz\u00fcnden peri\u015fanl\u0131k \u00e7eken Kaddafi eliyle, \u00c7e\u00e7enistan m\u00fccahitlerine \u00e7ok \u00f6nemli miktarda yard\u0131m g\u00f6nderilmesini ayarlam\u0131\u015ft\u0131.<\/span><\/p>\n<p style=\"text-align: justify; text-indent: 27pt; line-height: 115%;\"><b><span style=\"font-size: 11pt; line-height: 115%; font-family: 'Arial','sans-serif';\">Ve \u015funlar\u0131 hat\u0131rlatm\u0131\u015ft\u0131;<\/span><\/b><\/p>\n<p style=\"margin-left: 0cm; text-align: justify; text-indent: 27pt; line-height: 115%;\"><b><span style=\"font-size: 10pt; line-height: 115%; font-family: 'Arial','sans-serif';\">1-<span style=\"font: 7pt 'Times New Roman';\">&nbsp;&nbsp;&nbsp;&nbsp; <\/span><\/span><\/b><b><span style=\"font-size: 10pt; line-height: 115%; font-family: 'Arial','sans-serif';\">Mazlum ve M\u00fcsl\u00fcman \u00c7e\u00e7en halk\u0131n\u0131n me\u015fru haklar\u0131n\u0131 savunmalar\u0131na yard\u0131mc\u0131 olmak bir iman ve insanl\u0131k vazifemizdir.<\/span><\/b><\/p>\n<p style=\"margin-left: 0cm; text-align: justify; text-indent: 27pt; line-height: 115%;\"><b><span style=\"font-size: 10pt; line-height: 115%; font-family: 'Arial','sans-serif';\">2-<span style=\"font: 7pt 'Times New Roman';\">&nbsp;&nbsp;&nbsp;&nbsp; <\/span><\/span><\/b><b><span style=\"font-size: 10pt; line-height: 115%; font-family: 'Arial','sans-serif';\">CIA ve MOSAD\u2019\u0131n b\u00f6lgeyi kar\u0131\u015ft\u0131rmak ve T\u00fcrkiye\u2019yi zora sokmak niyetiyle, TAL\u0130BAN\u2019c\u0131 ve VEHHAB\u0130 g\u00f6r\u00fcn\u00fcml\u00fc ki\u015filer eliyle yapt\u0131rmaya \u00e7al\u0131\u015ft\u0131\u011f\u0131 provakasyonlara ise gelmemelidir.<\/span><\/b><span style=\"font-size: 10pt; line-height: 115%; font-family: 'Arial','sans-serif';\"><\/span><\/p>\n<p style=\"margin-left: 0cm; text-align: justify; text-indent: 27pt; line-height: 115%;\"><b><span style=\"font-size: 10pt; line-height: 115%; font-family: 'Arial','sans-serif';\">3-<span style=\"font: 7pt 'Times New Roman';\">&nbsp;&nbsp;&nbsp;&nbsp; <\/span><\/span><\/b><b><span style=\"font-size: 10pt; line-height: 115%; font-family: 'Arial','sans-serif';\">Makul \u015fartlar olu\u015fursa, Rusya ile \u00c7e\u00e7en m\u00fccahitlerinin anla\u015f\u0131p uyu\u015fmas\u0131na destek verilmelidir.<\/span><\/b><\/p>\n<p style=\"text-align: justify; text-indent: 27pt; line-height: 115%;\"><b><span style=\"font-size: 10pt; line-height: 115%; font-family: 'Arial','sans-serif';\">Daha sonra 28 \u015eubat k\u0131\u015fk\u0131rtmas\u0131na haz\u0131rl\u0131k amac\u0131yla, D-8 olu\u015fumu i\u00e7in yapt\u0131\u011f\u0131 Libya ziyaretinde, Kaddafi\u2019nin k\u0131\u015fk\u0131rt\u0131l\u0131p Erbakan\u2019a kar\u015f\u0131 sayg\u0131s\u0131z davran\u0131\u015flar\u0131n\u0131 da yine CIA destekli T\u00fcrkiye masonlar\u0131 ve d\u0131\u015fi\u015fleri elemanlar\u0131 tezgahlam\u0131\u015ft\u0131. (Bak. Erg\u00fcn Diler. Takvim Gazetesi \u2013 28 \u015eubat 2012)<\/span><\/b><\/p>\n<p style=\"text-align: justify; text-indent: 27pt; line-height: 115%;\"><b><span style=\"font-size: 10pt; line-height: 115%; font-family: 'Arial','sans-serif';\">Kaddafi\u2019nin kula\u011f\u0131na 1995\u2019te Malta\u2018da Mossad ajanlar\u0131nca, katledilen Filistinli liderlerden Fethi \u015eikaki suikastinde Erbakan\u2019\u0131n h\u00fck\u00fcmet orta\u011f\u0131 olan Tansu \u00c7iller\u2019in de parma\u011f\u0131 oldu\u011fu yalan\u0131 f\u0131s\u0131ldam\u0131\u015ft\u0131.<\/span><\/b><\/p>\n<p style=\"text-align: justify; text-indent: 27pt; line-height: 115%;\"><b><span style=\"font-size: 10pt; line-height: 115%; font-family: 'Arial','sans-serif';\">\u015eimdi BOSNA, \u00c7E\u00c7EN\u0130STAN, F\u0130L\u0130ST\u0130N, T\u00fcrki Cumhuriyetler ve \u00c7in Sincan b\u00f6lgesi gibi milli direni\u015f hareketlerine y\u00fczmilyonlarca dolarl\u0131k yard\u0131mlar\u0131 sa\u011flayan, \u00fcstelik asla bunlar\u0131n reklam\u0131n\u0131 yapmayan ve siyasi rant\u0131na tenezz\u00fcl buyurmayan bir Zat\u0131n, \u015fimdi \u00fc\u00e7 be\u015f milyonluk bina ve arsaya tenezz\u00fcl edece\u011fini s\u00f6ylemek, ahmakl\u0131ktan \u00f6te al\u00e7akl\u0131kt\u0131r.<\/span><\/b><b><span style=\"font-family: 'Arial','sans-serif';\"><\/span><\/b><\/p>\n<p style=\"text-align: justify; text-indent: 27pt; line-height: 115%;\"><span style=\"font-size: 12pt;\"><strong><span style=\"font-family: 'Arial','sans-serif';\">Siyonizmi ve emperyalizmi tan\u0131madan yeterli tedbir al\u0131namazd\u0131.<\/span><\/strong><\/span><\/p>\n<p style=\"text-align: justify; text-indent: 1cm; line-height: 150%;\"><b><span style=\"font-size: 10pt; line-height: 150%; font-family: 'Arial','sans-serif';\">D\u00fcnyam\u0131z art\u0131k k\u00fcreselle\u015fmi\u015f, yani ayn\u0131 merkezlerden y\u00f6netilir hale gelmi\u015ftir. G\u00f6r\u00fcnt\u00fcl\u00fc ileti\u015fim ara\u00e7lar\u0131 ve internet ba\u011flant\u0131lar\u0131yla sadece devletler, \u015firketler ve \u00f6rg\u00fctler de\u011fil, \u00e7ok uzaktaki fertler bile kolayl\u0131kla birbirine ula\u015fmakta, anla\u015fmakta ve ortak projelerini geli\u015ftirip y\u00fcr\u00fctebilmektedir. Bu son sistem teknolojik imk\u00e2nlar, insanl\u0131\u011fa \u00f6nemli f\u0131rsatlar sundu\u011fu gibi, b\u00fcy\u00fck tehdit ve tehlikeleri de beraberinde getirmektedir. Rotary ve Lions benzeri Masonik organizeler ve k\u00fcresel merkezlerin g\u00fcd\u00fcm\u00fcndeki sivil \u00f6rg\u00fctlenmeler vas\u0131tas\u0131yla, farkl\u0131 din, d\u00fc\u015f\u00fcnce ve kavimden b\u00fct\u00fcn insan topluluklar\u0131n\u0131 kontrol eden ve \u00e7e\u015fitli kesimleri, ele ge\u00e7irdi\u011fi reisleri, liderleri, \u015feyhleri \u00fczerinden y\u00f6nlendiren S\u0130YON\u0130ST odaklar, CIA, MOSSAD, CFR ve Bilderberg gibi etkin kurulu\u015flarla H\u00dcK\u00dcMETLERE, MUHALEFETE ve \u00fclkelerdeki medyaya, yarg\u0131 sistemine, polise ve silahl\u0131 kuvvetlere de tesir edip tetiklemektedir.<\/span><\/b><b><span style=\"font-size: 10pt; line-height: 150%; font-family: 'Arial','sans-serif';\"><\/span><\/b><\/p>\n<p style=\"text-align: justify; text-indent: 1cm; line-height: 150%;\"><b><span style=\"font-size: 10pt; line-height: 150%; font-family: 'Arial','sans-serif';\">* Yani \u00fclke ve b\u00f6lge politikalar\u0131n\u0131 etkileyecek, halklar\u0131n e\u011filim ve tercihlerini de\u011fi\u015ftirip d\u00f6n\u00fc\u015ft\u00fcrecek \u00f6l\u00e7ekteki kurumlar aras\u0131 sertle\u015fme ve restle\u015fmelerin, cemaatle H\u00fck\u00fcmet didi\u015fmesinin \u00f6yle basit rekabet ve bahanelerle meydana geldi\u011fini d\u00fc\u015f\u00fcnmek ve k\u00fcresel g\u00fc\u00e7lerin b\u00f6lgesel ve evrensel projelerini ve stratejilerini g\u00f6z ard\u0131 etmek, sonunda bilmeden onlara fig\u00fcranl\u0131k etmekten ba\u015fka sonu\u00e7 vermeyecektir.<\/span><\/b><\/p>\n<p style=\"text-align: justify; text-indent: 27pt; line-height: 150%;\"><b><span style=\"font-size: 10pt; line-height: 150%; font-family: 'Arial','sans-serif';\">Bug\u00fcn yery\u00fcz\u00fcndeki: K\u00f6kenleri, k\u00fclt\u00fcrleri, tarihi birikimleri, dinleri ve mezhepleri birbirinden olduk\u00e7a farkl\u0131 milyarlarca insan\u0131n:<\/span><\/b><span style=\"font-size: 10pt; line-height: 150%; font-family: 'Arial','sans-serif';\"><\/span><\/p>\n<p style=\"text-align: justify; text-indent: 27pt; line-height: 150%;\"><span style=\"font-size: 10pt; line-height: 150%; font-family: 'Arial','sans-serif';\">* Me\u015frubat olarak neleri i\u00e7ece\u011fine<\/span><span style=\"font-size: 10pt; line-height: 150%; font-family: 'Arial','sans-serif';\"><\/span><\/p>\n<p style=\"text-align: justify; text-indent: 27pt; line-height: 150%;\"><span style=\"font-size: 10pt; line-height: 150%; font-family: 'Arial','sans-serif';\">* Hamburger ve cips olarak ne yiyece\u011fine<\/span><span style=\"font-size: 10pt; line-height: 150%; font-family: 'Arial','sans-serif';\"><\/span><\/p>\n<p style=\"text-align: justify; text-indent: 27pt; line-height: 150%;\"><span style=\"font-size: 10pt; line-height: 150%; font-family: 'Arial','sans-serif';\">* Ayakkab\u0131dan pantolona, mayosundan kaban\u0131na kadar erkek-kad\u0131n herkesin ne giyece\u011fine<\/span><span style=\"font-size: 10pt; line-height: 150%; font-family: 'Arial','sans-serif';\"><\/span><\/p>\n<p style=\"text-align: justify; text-indent: 27pt; line-height: 150%;\"><span style=\"font-size: 10pt; line-height: 150%; font-family: 'Arial','sans-serif';\">* Hangi hastal\u0131\u011f\u0131n hangi ila\u00e7larla tedavi edilece\u011fine<\/span><span style=\"font-size: 10pt; line-height: 150%; font-family: 'Arial','sans-serif';\"><\/span><\/p>\n<p style=\"text-align: justify; text-indent: 27pt; line-height: 150%;\"><span style=\"font-size: 10pt; line-height: 150%; font-family: 'Arial','sans-serif';\">* Hangi \u015fark\u0131lar\u0131n dinlenip, hangi filmlerin, hangi \u00e7izgi filimlerin, hangi porno rezaletlerin izlenece\u011fine<\/span><span style=\"font-size: 10pt; line-height: 150%; font-family: 'Arial','sans-serif';\"><\/span><\/p>\n<p style=\"text-align: justify; text-indent: 27pt; line-height: 150%;\"><span style=\"font-size: 10pt; line-height: 150%; font-family: 'Arial','sans-serif';\">* Hangi markalar\u0131n rekl\u00e2m edilip hangi firmalar\u0131n iflas edece\u011fine<\/span><b><span style=\"font-size: 10pt; line-height: 150%; font-family: 'Arial','sans-serif';\"><\/span><\/b><\/p>\n<p style=\"text-align: justify; text-indent: 27pt; line-height: 150%;\"><b><span style=\"font-size: 10pt; line-height: 150%; font-family: 'Arial','sans-serif';\">karar veren 13 (on \u00fc\u00e7) Yahudi ailesini, yani Siyonizm ger\u00e7e\u011fini<\/span><\/b><span style=\"font-size: 10pt; line-height: 150%; font-family: 'Arial','sans-serif';\"> ve bunlar\u0131n g\u00fcd\u00fcm\u00fcndeki ABD ve AB\u2019nin kurulu\u015f ve i\u015fleyi\u015f bi\u00e7imini bilmeden, T\u00fcrkiye\u2019mizdeki ve b\u00f6lgemizdeki geli\u015fme ve \u00e7eki\u015fmelerin perde arkas\u0131ndaki ger\u00e7ek nedenlerini fark etmemiz ve milli siyaset ve stratejiler \u00fcretmemiz hayaldir. B\u00f6yle bir d\u00fcnya d\u00fczeni i\u00e7erisinde, milliyet\u00e7ilik taslaman\u0131z da, sosyalistlik yapman\u0131z da, \u0130slamc\u0131l\u0131k oynaman\u0131z da, kendinizi ve \u00e7evrenizi kand\u0131rmaktan \u00f6teye ge\u00e7meyecektir. \u0130\u015fte canl\u0131 \u00f6rnek: 12 Eyl\u00fcl darbesine, solcular kar\u015f\u0131, sa\u011fc\u0131lar kar\u015f\u0131, \u0130slamc\u0131lar kar\u015f\u0131, ulusalc\u0131lar kar\u015f\u0131, masonlar kar\u015f\u0131, sabatayc\u0131lar kar\u015f\u0131\u2026<\/span><\/p>\n<p style=\"text-align: justify; text-indent: 27pt; line-height: 150%;\"><b><span style=\"font-size: 11pt; line-height: 150%; font-family: 'Arial','sans-serif';\">Allah Allah!.. Ya 12 Eyl\u00fcl ABD\u2019yi aldatarak yap\u0131lm\u0131\u015f, sonu\u00e7lar\u0131 milli olan bir harekettir\u2026 Veya bu m\u00fcdahillerin hepsi Millicidir!?<\/span><\/b><b><span style=\"font-size: 10pt; line-height: 150%; font-family: 'Arial','sans-serif';\"><\/span><\/b><\/p>\n<p style=\"text-align: justify; text-indent: 27pt; line-height: 150%;\"><b><span style=\"font-size: 10pt; line-height: 150%; font-family: 'Arial','sans-serif';\">* Bak\u0131n\u0131z 300 milyonluk ABD\u2019deki Yahudi n\u00fcfusunun sadece 3 milyon oldu\u011fu s\u00f6ylenir, yani y\u00fczde birdir. Ancak Amerikan tarihinde ve g\u00fcn\u00fcm\u00fczdeki Devlet Ba\u015fkan\u0131, Bakan, Vali ve Belediye Ba\u015fkan\u0131, CIA ve FBI Ba\u015fkan\u0131, Kuvvet Komutan\u0131 ve Genelkurmay Ba\u015fkan\u0131, IMF ve Federal Reserve (Amerikan Merkez Bankas\u0131) Ba\u015fkan\u0131, en b\u00fcy\u00fck ve uluslar aras\u0131 bin (1000) b\u00fcy\u00fck holdingin sahibi ve ba\u015fkan\u0131, b\u00fcy\u00fck medya patronlar\u0131, y\u00fcksek yarg\u0131 ve b\u00fcrokratik makamlar\u0131 i\u015fgal eden Yahudi ve Yahudi d\u00f6nmesi ki\u015filerin di\u011fer ABD vatanda\u015flar\u0131n\u0131n en az y\u00fcz kat\u0131 oldu\u011fu g\u00f6r\u00fclecektir.<\/span><\/b><b><span style=\"font-size: 10pt; line-height: 150%; font-family: 'Arial','sans-serif';\"><\/span><\/b><\/p>\n<p style=\"text-align: justify; text-indent: 27pt; line-height: 150%;\"><b><span style=\"font-size: 10pt; line-height: 150%; font-family: 'Arial','sans-serif';\">* \u015eimdi n\u00fcfusun y\u00fczde birini te\u015fkil eden bir kesim, \u00fclke y\u00f6netiminde, \u00fcst d\u00fczey mevkilerde, \u015firket ve holdinglerde di\u011ferlerinin tam y\u00fcz misli oranda etkin ve yetkin bulunuyorsa, bunu sadece tesad\u00fcfle veya Yahudilerin \u00fcst\u00fcn yetenek ve gayretiyle izah etmek safdilliktir. \u0130\u015fin ger\u00e7e\u011fi, nice y\u00fczy\u0131llar boyu s\u00fcregelen ve din olarak Kabalist d\u00fc\u015f\u00fcncelerle \u015fekillenen bir Siyonist Yahudi organizesi, ABD\u2019nin fikri ve fiili DER\u0130N DEVLET\u0130D\u0130R.<\/span><\/b><b><span style=\"font-size: 10pt; line-height: 150%; font-family: 'Arial','sans-serif';\"><\/span><\/b><\/p>\n<p style=\"text-align: justify; text-indent: 27pt; line-height: 150%;\"><b><span style=\"font-size: 10pt; line-height: 150%; font-family: 'Arial','sans-serif';\">* Yahudiler ola\u011fan\u00fcst\u00fc kabiliyet ve meziyetlere sahip olduklar\u0131ndan de\u011fil, ama inan\u00e7 haline getirdikleri \u015feytani emelleri u\u011frunda; s\u00fcrekli, sistemli, organizeli, disiplinli ve her t\u00fcrl\u00fc esbaba riayetli bi\u00e7imde ve nesilden nesile ge\u00e7en gizli ve kirli \u00f6\u011fretiler sayesinde, binlerce y\u0131l sonra bile olsa d\u00fcnyaya h\u00e2kimiyet hedefine, resmen de\u011fil ama fikren ve fiilen eri\u015fmi\u015flerdir. Ancak bu onlar\u0131n yenilmez ve asla ba\u015f edilmez olduklar\u0131 anlam\u0131na gelmemektedir. Bu birka\u00e7 bin sene i\u00e7erisinde, mesela T\u00fcrkler ve \u00f6zellikle de \u0130slamiyet\u2019le birlikte en az be\u015f tane d\u00fcnya \u00e7ap\u0131nda imparatorluk kurabilmi\u015ftir ve i\u015fte Anadolu Sel\u00e7uklu ve Osmanl\u0131 varisi T\u00fcrkiye Cumhuriyeti bin y\u0131ld\u0131r devam etmektedir. Ama Yahudilerin 4 bin sene sonra ancak kurabildikleri \u0130srail\u2019dir, onunda ak\u0131beti bellidir.<\/span><\/b><span style=\"font-size: 10pt; line-height: 150%; font-family: 'Arial','sans-serif';\"><\/span><\/p>\n<p style=\"text-align: justify; text-indent: 27pt; line-height: 150%;\"><span style=\"font-size: 12pt;\"><b><span style=\"font-family: 'Arial','sans-serif';\">Bu \u00e7a\u011fda\u015f Firavunluk D\u00fczeni, \u015f\u00f6yle ayarlanm\u0131\u015ft\u0131:<\/span><\/b><\/span><b><span style=\"font-size: 10pt; line-height: 150%; font-family: 'Arial','sans-serif';\"><\/span><\/b><\/p>\n<p style=\"text-align: justify; text-indent: 27pt; line-height: 150%;\"><b><span style=\"font-size: 10pt; line-height: 150%; font-family: 'Arial','sans-serif';\">* 6 milyar insan\u0131n her biri k\u00fcresel tefecilere, Rockefellerin ba\u015f\u0131nda bulundu\u011fu 300 Yahudi ailesine her y\u0131l 1200 dolar- toplan 7 trilyon dolar, faiz vergi ve r\u00fc\u015fvet \u00f6demek zorundayd\u0131.<\/span><\/b><b><span style=\"font-size: 10pt; line-height: 150%; font-family: 'Arial','sans-serif';\"><\/span><\/b><\/p>\n<p style=\"text-align: justify; text-indent: 27pt; line-height: 150%;\"><b><span style=\"font-size: 10pt; line-height: 150%; font-family: 'Arial','sans-serif';\">* Herhangi bir \u00fclkede rasgele bir marketten al\u0131nan her e\u015fyan\u0131n \u00fc\u00e7te biri gizli faiz olarak Siyonistlerin kasas\u0131na akmaktayd\u0131.<\/span><\/b><b><span style=\"font-size: 10pt; line-height: 150%; font-family: 'Arial','sans-serif';\"><\/span><\/b><\/p>\n<p style=\"text-align: justify; text-indent: 27pt; line-height: 150%;\"><b><span style=\"font-size: 10pt; line-height: 150%; font-family: 'Arial','sans-serif';\">* Her u\u00e7ak biletinin % 10 IATA eliyle, her gemi biletinin % 9\u2019u LOYD vas\u0131tas\u0131yla, her para transferinin % 1\u2019i s\u00f6m\u00fcr\u00fc tekeline aktar\u0131lmaktayd\u0131.<\/span><\/b><b><span style=\"font-size: 10pt; line-height: 150%; font-family: 'Arial','sans-serif';\"><\/span><\/b><\/p>\n<p style=\"text-align: justify; text-indent: 27pt; line-height: 150%;\"><b><span style=\"font-size: 10pt; line-height: 150%; font-family: 'Arial','sans-serif';\">* Her 10-20-50 y\u0131ldaki b\u00fcy\u00fck krizler, milli servet ve \u015firketlerin, Siyonist Yahudilerin eline ge\u00e7mesiyle sonu\u00e7lanmaktayd\u0131.<\/span><\/b><b><span style=\"font-size: 10pt; line-height: 150%; font-family: 'Arial','sans-serif';\"><\/span><\/b><\/p>\n<p style=\"text-align: justify; text-indent: 27pt; line-height: 150%;\"><b><span style=\"font-size: 10pt; line-height: 150%; font-family: 'Arial','sans-serif';\">* Bug\u00fcn Avrupa\u2019daki krizlerin arkas\u0131nda da Bilderberg, CFR, Triterial komisyon ve Goldman sachs gibi k\u00fcresel Yahudi kurulu\u015flar\u0131 vard\u0131.<\/span><\/b><span style=\"font-size: 10pt; line-height: 150%; font-family: 'Arial','sans-serif';\"><\/span><\/p>\n<p style=\"margin-left: 45pt; text-align: justify; text-indent: -18pt; line-height: 150%;\"><span style=\"font-size: 10pt; line-height: 150%; font-family: 'Arial','sans-serif';\">A-<span style=\"font: 7pt 'Times New Roman';\">&nbsp;&nbsp;&nbsp; <\/span><\/span><span style=\"font-size: 10pt; line-height: 150%; font-family: 'Arial','sans-serif';\">Yeni Yunanistan Ba\u015fbakan\u0131 Lukas, triterial komisyon \u00fcyesi- Yahudi k\u00f6kenliydi<\/span><\/p>\n<p style=\"margin-left: 45pt; text-align: justify; text-indent: -18pt; line-height: 150%;\"><span style=\"font-size: 10pt; line-height: 150%; font-family: 'Arial','sans-serif';\">B-<span style=\"font: 7pt 'Times New Roman';\">&nbsp;&nbsp;&nbsp; <\/span><\/span><span style=\"font-size: 10pt; line-height: 150%; font-family: 'Arial','sans-serif';\">Yeni \u0130talyan Ba\u015fbakan\u0131 Mario Monti ayn\u0131 kurulu\u015fun \u00fcyesi- Yahudi k\u00f6kenliydi<\/span><\/p>\n<p style=\"margin-left: 45pt; text-align: justify; text-indent: -18pt; line-height: 150%;\"><span style=\"font-size: 10pt; line-height: 150%; font-family: 'Arial','sans-serif';\">C-<span style=\"font: 7pt 'Times New Roman';\">&nbsp;&nbsp;&nbsp; <\/span><\/span><span style=\"font-size: 10pt; line-height: 150%; font-family: 'Arial','sans-serif';\">Estonya Devlet Ba\u015fkan\u0131 Toomas Hendrik ayn\u0131 kurulu\u015fun \u00fcyesiydi.<\/span><\/p>\n<p style=\"margin-left: 45pt; text-align: justify; text-indent: -18pt; line-height: 150%;\"><span style=\"font-size: 10pt; line-height: 150%; font-family: 'Arial','sans-serif';\">D-<span style=\"font: 7pt 'Times New Roman';\"> <\/span><\/span><span style=\"font-size: 10pt; line-height: 150%; font-family: 'Arial','sans-serif';\">D\u00fcnya Bankas\u0131 Ba\u015fkan\u0131, Robert B. Zoellick ayn\u0131 Siyonist kurulu\u015fun \u00fcyesi ve Yahudiydi<\/span><\/p>\n<p style=\"margin-left: 45pt; text-align: justify; text-indent: -18pt; line-height: 150%;\"><span style=\"font-size: 10pt; line-height: 150%; font-family: 'Arial','sans-serif';\">E-<span style=\"font: 7pt 'Times New Roman';\"> <\/span><\/span><span style=\"font-size: 10pt; line-height: 150%; font-family: 'Arial','sans-serif';\">Bunlar\u0131n hepsi ve dahi bizim me\u015fhur Kemal Dervi\u015f\u2019imiz ABD, Yahudi sermayeli Goldman Sachs Bank\u0131n hizmet g\u00f6revlileriydi\u2026<\/span><\/p>\n<p style=\"text-align: justify; text-indent: 27pt; line-height: 150%;\"><b><span style=\"font-size: 10pt; line-height: 150%; font-family: 'Arial','sans-serif';\">Bunlar\u0131n hepsini tesad\u00fcflerle izah etmek ak\u0131l kar\u0131 de\u011fildir. \u0130\u015fte bu ger\u00e7ekleri dile getirdi\u011fi ve \u201cHavuz sistemi, D-8\u2019ler\u201d gibi milli tedbirler geli\u015ftirdi\u011fi i\u00e7in Erbakan H\u00fck\u00fcmeti 28 \u015eubat tertibiyle devrilmi\u015ftir.<\/span><\/b><span style=\"font-size: 10pt; line-height: 150%; font-family: 'Arial','sans-serif';\"><\/span><\/p>\n<p style=\"text-align: justify; text-indent: 27pt; line-height: 150%;\"><b><span style=\"font-size: 10pt; line-height: 150%; font-family: 'Arial','sans-serif';\">Son pi\u015fmanl\u0131k!<\/span><\/b><\/p>\n<p style=\"text-align: justify; text-indent: 1cm; line-height: 150%;\"><span style=\"font-size: 10pt; line-height: 150%; font-family: 'Arial','sans-serif';\">\u015eimdi 28 \u015eubat s\u00fcrecindeki, sald\u0131r\u0131 ve soytar\u0131l\u0131klar\u0131ndan pi\u015fmanl\u0131k duyarak; \u201cke\u015fke Milli G\u00f6r\u00fc\u015f ve Erbakan\u2019\u0131 do\u011fru tan\u0131sayd\u0131k! Ke\u015fke o g\u00fcnler ya\u015fanmasayd\u0131! Milli G\u00f6r\u00fc\u015f\u2019\u00fcn emperyalizmle m\u00fccadelesi iyi anla\u015f\u0131lsayd\u0131\u201d diyen Osman \u00d6zbek yine de Fetullah\u00e7\u0131lardan tutarl\u0131yd\u0131.<\/span><\/p>\n<p style=\"text-align: justify; text-indent: 1cm; line-height: 150%;\"><b><i><span style=\"font-size: 10pt; line-height: 150%; font-family: 'Arial','sans-serif';\">Ali \u00dcnal\u2019\u0131n Kargalar\u0131 Bile G\u00fcld\u00fcren F. G\u00fclen Savunmas\u0131<\/span><\/i><\/b><i><span style=\"font-size: 10pt; line-height: 150%; font-family: 'Arial','sans-serif';\"><\/span><\/i><\/p>\n<p style=\"text-align: justify; text-indent: 1cm; line-height: 150%;\"><i><span style=\"font-size: 10pt; line-height: 150%; font-family: 'Arial','sans-serif';\">Sonraki y\u0131llarda cemaat yazarlar\u0131, takiyye ve k\u0131v\u0131rma sanat\u0131n\u0131n her t\u00fcr\u00fcn\u00fc kullanarak 28 \u015eubat ay\u0131b\u0131ndan aklanmaya u\u011fra\u015f\u0131yordu. \u00d6rne\u011fin Ali \u00dcnal, 3 Temmuz 2006 tarihli Zaman\u2019da, isim vermeden Milli \u00c7\u00f6z\u00fcm Dergisinin bir sorusunu \u015f\u00f6yle yan\u0131tl\u0131yordu: \u201c<b>28 \u015eubat\u2019ta ordu yanl\u0131s\u0131 bir tav\u0131r tak\u0131nan Fethullah G\u00fclen, neden \u015fimdi \u015eemdinli ve birbiri s\u0131ra patlak veren \u00e7eteler hadisesinde \u00f6zg\u00fcrl\u00fck\u00e7\u00fc bir tav\u0131r ortaya koyuyor?\u201d diye soruluyordu. Oysa bu iki tav\u0131r aras\u0131nda Hocaefendi\u2019nin bir \u00e7eli\u015fkisi bulunmuyordu. Darbelere her zaman kar\u015f\u0131 olmu\u015f olan Hocaefendi, 28 \u015eubat s\u00fcrecinde Erbakan\u2019\u0131n uyumsuz hareketlerinin darbe sebebi te\u015fkil edece\u011fini g\u00f6rd\u00fc\u011f\u00fc i\u00e7in, muhtemel bir m\u00fcdahaleyi \u00f6nlemek maksad\u0131yla h\u00fck\u00fcmetin \u00e7ekilmesini istiyordu.\u201d<\/b><\/span><\/i><\/p>\n<p style=\"text-align: justify; text-indent: 27pt; line-height: 150%;\"><b><i><span style=\"font-size: 10pt; line-height: 150%; font-family: 'Arial','sans-serif';\">Yani Fetullah G\u00fclen, darbe olmas\u0131n diye <\/span><\/i><\/b><b><span style=\"font-size: 10pt; line-height: 150%; font-family: 'Arial','sans-serif';\">Erbakan\u2019a kar\u015f\u0131 TSK\u2019y\u0131 destekleyip 28 \u015eubat\u2019a arka \u00e7\u0131k\u0131yormu\u015f!&#8230; Vay anas\u0131n\u0131 be, Fetullah G\u00fclen me\u011fer ne kadar ince ve derin d\u00fc\u015f\u00fcn\u00fcyormu\u015f!<\/span><\/b><\/p>\n<p style=\"text-align: justify; text-indent: 27pt; line-height: 150%;\"><b><span style=\"font-size: 10pt; line-height: 150%; font-family: 'Arial','sans-serif';\">Peki, Fetullahc\u0131lara dokunan niye yan\u0131yordu? Hatta baz\u0131 bakanlar, i\u015fadamlar\u0131, yazarlar ve Milletvekilleri niye Recep T. Erdo\u011fan\u2019\u0131n de\u011fil de Fetullah\u2019\u0131n taraf\u0131nda yer al\u0131yordu? \u00c7\u00fcnk\u00fc ABD\u2019nin ve Yahudi lobilerinin, Ba\u015fbakandan ziyade Fetullah\u2019\u0131n arkas\u0131nda oldu\u011funu herkes biliyordu. Yani herkes cemaat bahanesiyle Amerikan tanr\u0131s\u0131na tap\u0131n\u0131yordu.<\/span><\/b><\/p>\n<p style=\"text-align: justify; text-indent: 27pt; line-height: 150%;\"><b><span style=\"font-size: 14pt; line-height: 150%; font-family: 'Arial','sans-serif';\">Atat\u00fcrk\u2019\u00fc dinsizlikle su\u00e7layanlar \u201cAskere Din Kitab\u0131\u201dn\u0131 okumal\u0131d\u0131r.<\/span><\/b><\/p>\n<p style=\"text-align: justify; text-indent: 27pt; line-height: 150%;\"><span style=\"font-size: 10pt; line-height: 150%; font-family: 'Arial','sans-serif';\">Cumhuriyetin ilk y\u0131llar\u0131nda haz\u0131rlanan, d\u00f6nemin GKB. Mare\u015fal Fevzi \u00c7akmak taraf\u0131ndan \u00f6vg\u00fcl\u00fc bir \u00f6ns\u00f6z\u00fc yaz\u0131lan ve Diyanet \u0130\u015fleri Ba\u015fkanlar\u0131ndan b\u00fcy\u00fck alim Ahmet Hamdi Akseki Hocam\u0131zca haz\u0131rlanan, \u201cASKERE D\u0130N K\u0130TABI\u201d; Atat\u00fcrk\u2019\u00fcn Cumhurba\u015fkanl\u0131\u011f\u0131 s\u00fcrecinde, b\u00fct\u00fcn askeri birliklerde ders kitab\u0131 olarak okutulmu\u015ftur. \u00c7\u00fcnk\u00fc Atat\u00fcrk imans\u0131z ve \u0130slams\u0131z bir milletin ayakta kalamayaca\u011f\u0131n\u0131 ve hele maneviyats\u0131z bir askerin d\u00fc\u015fmanla sava\u015famayaca\u011f\u0131n\u0131, vatan\u0131n\u0131 ve halk\u0131n\u0131 hakk\u0131yla savunamayaca\u011f\u0131n\u0131 bilecek kadar ak\u0131ll\u0131, inan\u00e7l\u0131 ve \u015fuurludur.<\/span><\/p>\n<p style=\"text-align: justify; text-indent: 1cm; line-height: 150%;\"><b><span style=\"font-size: 10pt; line-height: 150%; font-family: 'Arial','sans-serif'; color: black;\">Ahmakl\u0131k; \u00c7eli\u015fkilerin Fark\u0131na Varmamakt\u0131r!<\/span><\/b><\/p>\n<p style=\"text-align: justify; text-indent: 1cm; line-height: 150%;\"><b><span style=\"font-size: 10pt; line-height: 150%; font-family: 'Arial','sans-serif'; color: black;\">AKP\u2019nin 4+4+4 diye g\u00fcndeme getirdi\u011fi ve haftalarca kamuoyunu me\u015fgul etti\u011fi, yeni e\u011fitim sistemi tart\u0131\u015fmas\u0131yla, as\u0131l ama\u00e7:<\/span><\/b><b><span style=\"font-size: 10pt; line-height: 150%; font-family: 'Arial','sans-serif'; color: black;\"><\/span><\/b><\/p>\n<p style=\"text-align: justify; text-indent: 1cm; line-height: 150%;\"><b><span style=\"font-size: 10pt; line-height: 150%; font-family: 'Arial','sans-serif'; color: black;\">1.<\/span><\/b><b><span style=\"font-size: 10pt; line-height: 150%; font-family: 'Arial','sans-serif'; color: black;\">S\u00f6zde \u201c\u0130mam \u2013 Hatiplerin orta k\u0131sm\u0131n\u0131 a\u00e7aca\u011f\u0131z\u201d bahanesiyle, Din K\u00fclt\u00fcr\u00fc ve Ahlak Bilgisi dersini mecburi olmaktan \u00e7\u0131karmak<\/span><\/b><b><span style=\"font-size: 10pt; line-height: 150%; font-family: 'Arial','sans-serif'; color: black;\"><\/span><\/b><\/p>\n<p style=\"text-align: justify; text-indent: 1cm; line-height: 150%;\"><b><span style=\"font-size: 10pt; line-height: 150%; font-family: 'Arial','sans-serif'; color: black;\">2.<\/span><\/b><b><span style=\"font-size: 10pt; line-height: 150%; font-family: 'Arial','sans-serif'; color: black;\">\u0130leride \u00d6zerk K\u00fcrdistan\u2019\u0131n resmi e\u011fitim dili yap\u0131lmas\u0131na yasal zemin haz\u0131rlamak \u00fczere \u201cK\u00fcrt\u00e7eyi se\u00e7meli ders\u201d olarak okutmaya ba\u015flamak<\/span><\/b><b><span style=\"font-size: 10pt; line-height: 150%; font-family: 'Arial','sans-serif'; color: black;\"><\/span><\/b><\/p>\n<p style=\"text-align: justify; text-indent: 1cm; line-height: 150%;\"><b><span style=\"font-size: 10pt; line-height: 150%; font-family: 'Arial','sans-serif'; color: black;\">3.<\/span><\/b><b><span style=\"font-size: 10pt; line-height: 150%; font-family: 'Arial','sans-serif'; color: black;\">\u201cDindar AKP\u2019ye kar\u015f\u0131, kindar CHP\u2019nin laiklik kavgas\u0131\u201d ile toplum oyalan\u0131rken, BOP \u00e7er\u00e7evesinde Irak ve Libya gibi par\u00e7alanmaya haz\u0131rlanan Suriye m\u00fcdahalesini me\u015frula\u015ft\u0131rmak.<\/span><\/b><b><span style=\"font-size: 10pt; line-height: 150%; font-family: 'Arial','sans-serif'; color: black;\"><\/span><\/b><\/p>\n<p style=\"text-align: justify; text-indent: 1cm; line-height: 150%;\"><b><span style=\"font-size: 10pt; line-height: 150%; font-family: 'Arial','sans-serif'; color: black;\">4.<\/span><\/b><b><span style=\"font-size: 10pt; line-height: 150%; font-family: 'Arial','sans-serif'; color: black;\">BDP\u2019lilerin ve Suriyeli muhaliflerin itiraf ettikleri \u00fczere, Suriye\u2019de bir K\u00fcrdistan b\u00f6lgesi olu\u015fturmak.<\/span><\/b><b><span style=\"font-size: 10pt; line-height: 150%; font-family: 'Arial','sans-serif'; color: black;\"><\/span><\/b><\/p>\n<p style=\"text-align: justify; text-indent: 1cm; line-height: 150%;\"><b><span style=\"font-size: 10pt; line-height: 150%; font-family: 'Arial','sans-serif'; color: black;\">5.<\/span><\/b><b><span style=\"font-size: 10pt; line-height: 150%; font-family: 'Arial','sans-serif'; color: black;\">Ve nihayet, Barzani\u2019nin a\u00e7\u0131klad\u0131\u011f\u0131 gibi, T\u00fcrkiye\u2019de de federatif K\u00fcrdistan\u2019\u0131 kurduktan sonra; Suriye, Irak, \u0130ran ve T\u00fcrkiye par\u00e7alar\u0131n\u0131 birle\u015ftirip B\u00dcY\u00dcK K\u00fcrdistan hedefine ula\u015fmakt\u0131r.<\/span><\/b><\/p>\n<p style=\"text-align: justify; text-indent: 1cm; line-height: 150%;\"><span style=\"font-size: 10pt; line-height: 150%; font-family: 'Arial','sans-serif'; color: black;\">\u0130nsana verilen AKIL; <b><i>\u201c\u015funlar do\u011fru ise \u015funlar da do\u011frudur, bunlar yanl\u0131\u015f ise bunlar da yanl\u0131\u015ft\u0131r\u201d<\/i><\/b> \u015feklinde bir mukayese ve muhakeme (kar\u015f\u0131la\u015ft\u0131rma ve uygun karar alma) hassas\u0131d\u0131r. \u0130yilikle k\u00f6t\u00fcl\u00fckleri, adaletle zul\u00fcmleri, yararl\u0131 \u015feylerle zarar verenleri, g\u00fczellikle \u00e7irkinlikleri birbirinden ay\u0131ramayan, temyiz ve do\u011fru tercih yetene\u011fi bulunmayan insan, Kur\u2019an\u2019a g\u00f6re ayn\u0131 hayvan ayar\u0131ndad\u0131r.<\/span><\/p>\n<p style=\"text-align: justify; text-indent: 27pt;\"><strong><span style=\"font-family: 'Arial','sans-serif'; font-size: 12pt;\">Her \u015feye ra\u011fmen tarihi hesapla\u015fma ka\u00e7\u0131n\u0131lmazd\u0131r ve bu sefer tarihi k\u00f6t\u00fcler de\u011fil, iyiler yazacakt\u0131r. Aziz Hocam\u0131z\u2019\u0131n: <i>\u201cya d\u00fcnyaya h\u00fckmedeceksiniz veya bir kasabay\u0131 bile de\u011fi\u015ftiremezsiniz.\u201d <\/i>Vasiyeti yerini alacak ve Adil D\u00fczen mutlaka kurulacakt\u0131r.<\/span><\/strong><\/p>\n","protected":false},"excerpt":{"rendered":"<p>&nbsp; Maalesef, \u00fclkemiz ve milletimiz belki de tarihin en sinsi ve tehlikeli bir s\u00fcrecini ya\u015famakta, par\u00e7alanma ve da\u011f\u0131lma a\u015famas\u0131na dayanm\u0131\u015f bulunmaktad\u0131r. Rahmetli Erbakan Hoca\u2019n\u0131n ifadesiyle \u201cArt\u0131k toprak ayaklar\u0131m\u0131z\u0131n alt\u0131ndan kaymaya ba\u015flam\u0131\u015ft\u0131\u201d Bir ruh i\u00e7in beden ne ise, bir millet i\u00e7in de vatan ayn\u0131 konumdad\u0131r. Vatan\u0131 i\u015fgal edilen veya b\u00f6l\u00fcn\u00fcp ba\u015fka g\u00fc\u00e7lerin g\u00fcd\u00fcm\u00fcne giren bir toplum: [&hellip;]<\/p>\n","protected":false},"author":19,"featured_media":0,"comment_status":"open","ping_status":"closed","sticky":false,"template":"","format":"standard","meta":{"footnotes":""},"categories":[136],"tags":[],"class_list":["post-2281","post","type-post","status-publish","format-standard","hentry","category-mayis-2012"],"_links":{"self":[{"href":"https:\/\/www.millicozum.com\/mc\/wp-json\/wp\/v2\/posts\/2281","targetHints":{"allow":["GET"]}}],"collection":[{"href":"https:\/\/www.millicozum.com\/mc\/wp-json\/wp\/v2\/posts"}],"about":[{"href":"https:\/\/www.millicozum.com\/mc\/wp-json\/wp\/v2\/types\/post"}],"author":[{"embeddable":true,"href":"https:\/\/www.millicozum.com\/mc\/wp-json\/wp\/v2\/users\/19"}],"replies":[{"embeddable":true,"href":"https:\/\/www.millicozum.com\/mc\/wp-json\/wp\/v2\/comments?post=2281"}],"version-history":[{"count":0,"href":"https:\/\/www.millicozum.com\/mc\/wp-json\/wp\/v2\/posts\/2281\/revisions"}],"wp:attachment":[{"href":"https:\/\/www.millicozum.com\/mc\/wp-json\/wp\/v2\/media?parent=2281"}],"wp:term":[{"taxonomy":"category","embeddable":true,"href":"https:\/\/www.millicozum.com\/mc\/wp-json\/wp\/v2\/categories?post=2281"},{"taxonomy":"post_tag","embeddable":true,"href":"https:\/\/www.millicozum.com\/mc\/wp-json\/wp\/v2\/tags?post=2281"}],"curies":[{"name":"wp","href":"https:\/\/api.w.org\/{rel}","templated":true}]}}