{"id":229,"date":"2006-11-24T01:51:47","date_gmt":"2006-11-24T01:51:47","guid":{"rendered":"https:\/\/www.millicozum.com\/mc\/2006\/11\/24\/dekn-sebe\/"},"modified":"2006-11-24T01:51:47","modified_gmt":"2006-11-24T01:51:47","slug":"icimizdeki-ibn-i-sebe","status":"publish","type":"post","link":"https:\/\/www.millicozum.com\/mc\/2006\/mart-2006\/icimizdeki-ibn-i-sebe\/","title":{"rendered":"\u0130\u00c7\u0130M\u0130ZDEK\u0130 \u0130BN-\u0130 SEBE"},"content":{"rendered":"<p>\u00a0  <\/p>\n<p> De\u011ferli ve deneyimli ayd\u0131nlar\u0131n\u0131zdan Aytun\u00e7 Alt\u0131ndal, Konya&#39;da birlikte oldu\u011fumuz bir sohbette anlatm\u0131\u015ft\u0131.  <\/p>\n<p> &quot;1973 y\u0131l\u0131nda, T\u00fcrkiye&#39;de yakla\u015fan se\u00e7im kampanyalar\u0131n\u0131 izlemek ve baz\u0131 g\u00f6r\u00fcnt\u00fcler kaydetmek \u00fczere, o d\u00f6nemde \u00e7al\u0131\u015ft\u0131\u011f\u0131m \u0130svi\u00e7re devlet televizyonu ad\u0131na g\u00f6revli olarak T\u00fcrkiye&#39;ye gelip Diyarbak\u0131r&#39;a u\u00e7tum. Hava alan\u0131ndan \u00e7\u0131karken M\u0130T ve emniyetten ilgili ki\u015filer bana yakla\u015f\u0131p, ni\u00e7in geldi\u011fimi ve ne yapmak istedi\u011fimi sordular. Ben ise &quot;Bu g\u00fcn Selamet Partisi mitingini ve Erbakan&#39;\u0131n konu\u015fmas\u0131n\u0131 izleyip kaydedece\u011fim&#8230; Yar\u0131n ve \u00f6b\u00fcr g\u00fcn de Sn. Demirel ve Ecevit&#39;in konu\u015fmalar\u0131n\u0131 takip edece\u011fim&quot; dedim. Bana: Demirel ve Ecevit&#39;in konu\u015fmalar\u0131n\u0131 \u00e7ek, kar\u0131\u015fmay\u0131z&#8230; Ama Erbakan&#39;\u0131n mitingini ve s\u00f6ylediklerini kesinlikle \u00e7ekmemen gerekti\u011fi konusunda emir alm\u0131\u015f bulunuyoruz ve sizi uyar\u0131yoruz&#8230;&quot; deyince \u015fa\u015f\u0131rd\u0131m.  <\/p>\n<p>  \u00a0  <\/p>\n<p> Emniyet M\u00fcd\u00fcrl\u00fc\u011f\u00fcne gidip durumu anlatt\u0131m ve gerek\u00e7esini ara\u015ft\u0131rd\u0131m. Yetkili m\u00fcd\u00fcrler:  <\/p>\n<p> &quot;Vallahi bize b\u00f6yle talimat geldi. Nedenlerini ve gerek\u00e7elerini biz de bilmiyoruz&#8230; Herh\u00e2lde bu Erbakan solcudur, faize falan kar\u015f\u0131 \u00e7\u0131k\u0131yor, ortal\u0131\u011f\u0131 kar\u0131\u015ft\u0131rmas\u0131n diye tedbir al\u0131n\u0131yor&quot; gibi, kendi safl\u0131klar\u0131n\u0131 ve emir kulu olduklar\u0131n\u0131 g\u00f6steren cevaplar veriyorlard\u0131&#8230;  <\/p>\n<p> Neyse Erbakan&#39;\u0131n \u00e7ok g\u00f6rkemli mitingini dinledik&#8230; Baz\u0131 b\u00f6l\u00fcmlerini gizlice kaydettik&#8230; Ama bu filmleri bile arkam\u0131zdan takip eden sivil g\u00f6revliler elimizden ald\u0131lar&#8230;  <\/p>\n<p> \u00c7ok sonralar\u0131 fark\u0131na vard\u0131m ki, Siyonist sermaye odaklar\u0131\u00a0 ve T\u00fcrkiye&#39;deki masonik mihraklar\u0131: kurduklar\u0131 sa\u011f-sol \u015feklindeki dan\u0131\u015f\u0131kl\u0131 d\u00f6v\u00fc\u015f oyunlar\u0131n\u0131 bozacak, ger\u00e7ekleri g\u00f6stermek \u00fczere topluma projekt\u00f6r tutacak olan Erbakan Hoca&#39;ya ambargo uyguluyorlard\u0131&#8230;  <\/p>\n<p> \u0130\u015fte, \u015feytani g\u00fc\u00e7lerin ve yerli i\u015fbirlik\u00e7ilerin korkulu r\u00fcyas\u0131 olan bir Erbakan&#39;\u0131n; yak\u0131n \u00e7evresini de herhalde bo\u015f b\u0131rakmayacaklard\u0131&#8230; En halis adamlar\u0131n\u0131 etraf\u0131na soku\u015fturacaklard\u0131.  <\/p>\n<p> <strong>S\u00f6z\u00fcne ve sohbetine g\u00fcvenilir mert bir karde\u015fimiz anlat\u0131yor:<\/strong>  <\/p>\n<p> 2005 Aral\u0131k ay\u0131n\u0131n 26&#39;s\u0131nda il\u00e7e ba\u015fkan\u0131m\u0131z ile birlikte 4 ki\u015fi Ankara&#39;ya Erbakan Hoca&#39;m\u0131z\u0131n evine ziyarete gittik. (T\u00fcrkiye&#39;nin en b\u00fcy\u00fck il\u00e7elerinden birisidir. Olay\u0131 anlatan ve \u015fahit olan 5 ki\u015finin isimleri bizdedir.)  <\/p>\n<p> Hocam\u0131z\u0131n m\u00fcsait olmad\u0131\u011f\u0131n\u0131 s\u00f6ylediler. Bizde gelmi\u015fken Genel Merkeze gidelim dedik ve oraya gittik. Ak\u015fam\u00fczeri idi. Genel Merkezde sadece gen\u00e7 bir arkada\u015f vard\u0131. Bizi odas\u0131na ald\u0131 muhabbet etmeye ba\u015flad\u0131k.  <\/p>\n<p> Kendisinin \u00f6n\u00fcnde bir s\u00fcr\u00fc CD&#39;ler var idi. Bunlar\u0131 kar\u0131\u015ft\u0131r\u0131rken bize d\u00f6n\u00fcp: &quot;Sizlere Erbakan Hocam\u0131z Ba\u015fbakan iken resmi polislerle yap\u0131lan ve medyaya yans\u0131yan kavgan\u0131n CD&#39;sini izleteyim mi? dedi: Bizde \u00e7ok iyi olur dedik ve izledik: Ama pek bir \u015fey anlayamad\u0131k. Arkada\u015f\u0131m\u0131z M&#8230; T&#8230; &quot;peki bu kavga neden oldu?&quot; diye sorunca Genel Merkezdeki g\u00f6revli \u015funlar\u0131 anlatt\u0131: &quot;Biz o zaman Hocam\u0131z&#39;\u0131n yan\u0131nda yak\u0131n koruma ve \u00f6zel hizmet g\u00f6revini y\u00fcr\u00fct\u00fcyorduk.\u00a0 Bu \u015e&#8230; Bey tuttu, hi\u00e7 kimseye sormadan Hocam\u0131z&#39;\u0131n resmi koruma m\u00fcd\u00fcrl\u00fc\u011f\u00fcne H&#8230;. \u0130sminde casus tipli bir muhaciri getirtti.\u00a0 O da yan\u0131na Hocam\u0131za ve camiam\u0131za \u00f6zellikle allerjisi olan polisleri yerle\u015ftirdi. Bu yetmezmi\u015f gibi, ara s\u0131ra bizlere gelip: &quot;Bu polisler be\u015f para etmez. Hoca&#39;n\u0131n de\u011ferini bilmez&#8230; Edep ve h\u00fcrmet \u00f6l\u00e7\u00fclerini g\u00f6zetmez&quot; gibi tahriklerle bizi onlara kar\u015f\u0131 k\u0131\u015fk\u0131rt\u0131yordu. Onlara da gidip bizim aleyhimizde konu\u015farak biribirimize d\u00fc\u015f\u00fcrme\u011fe \u00e7al\u0131\u015f\u0131yordu. Sonunda i\u015fte bu kavga k\u0131z\u0131\u015ft\u0131 ve bilinen olay bu \u015fekilde \u00e7\u0131kt\u0131.  <\/p>\n<p> Kavga \u00e7\u0131kt\u0131\u011f\u0131 esnada Hoca&#39;m\u0131z genel merkeze girmi\u015fti. Hocam hi\u00e7 m\u00fcdahale etmedi. Bu olaylar\u0131 ba\u015f\u0131ndan beri tezg\u00e2hlayan ve bizi k\u0131\u015fk\u0131rtan \u015e&#8230; Bey, bu sefer hakem rol\u00fcyle ve b\u00fcy\u00fckl\u00fck taslayarak bir \u015feyler s\u00f6ylemek istedi. \u0130\u015fte o s\u0131rada ben yakas\u0131ndan tuttum ve tam a\u011fz\u0131na yumru\u011fu vuracakt\u0131m ki, Hocam g\u00f6z\u00fcm\u00fcn \u00f6n\u00fcne geldi, yine vazge\u00e7tim&#8230;  <\/p>\n<p> Sonra Bakanl\u0131\u011fa gittim, makam\u0131na \u00e7\u0131k\u0131p kendisine dedim ki: &quot;Bu ba\u015f\u0131m\u0131za getirdi\u011fin&#8230; (Resmi koruma m\u00fcd\u00fcr\u00fc)&#39;de (Selanik) muhaciri, sen de (Selanik) muhacirisin!? \u0130kinizde Hoca&#39;m\u0131n kuyusunu kaz\u0131yorsunuz&#8230; \u0130kinizi de \u00f6ld\u00fcr\u00fcr\u00fcm&quot; gibi tehditlerde bulundum ve ayr\u0131ld\u0131m&#8230; \u0130\u015f mahkemeye intikal etti, yarg\u0131land\u0131k ve berat ettik&quot; dedi.  <\/p>\n<p> \u00c7aylar\u0131m\u0131z\u0131 i\u00e7tikten sonra biz Genel Merkezden ayr\u0131l\u0131p&#8230; D\u00f6nd\u00fck. Beraber gitti\u011fimiz arkada\u015flara dedim ki: &quot;Arkada\u015flar anlat\u0131lanlar\u0131 duydunuz&#8230; Buna ne diyorsunuz? Hi\u00e7 birinin sesi \u00e7\u0131kmad\u0131&#8230; Sadece bir tanesi dedi ki: Filan&#39;\u0131n eline yine bir s\u00fcr\u00fc malzeme ge\u00e7ti!&#8230;&quot;  <\/p>\n<p> (Not: Bu olay\u0131 ya\u015fayanlar\u0131n, \u015fahit olanlar\u0131n ve bize aktaranlar\u0131n hepsinin ismi yan\u0131m\u0131zda sakl\u0131d\u0131r.)  <\/p>\n<p> <strong><u>\u015e\u0130\u0130R<\/u><\/strong>  <\/p>\n<p> O, tek ki\u015filik bir ordu.  <\/p>\n<p> Deccalin en has ekibi  <\/p>\n<p> Ve enikleri  <\/p>\n<p> Hala, seksen ya\u015f\u0131ndaki g\u00f6lgesinden korkuyordu&#8230;  <\/p>\n<p> &#8230;&#8230;&#8230;&#8230;&#8230;&#8230;&#8230;&#8230;&#8230;&#8230;&#8230;&#8230;&#8230;.  <\/p>\n<p> O, sanki yo\u011funla\u015fm\u0131\u015f nurdu.  <\/p>\n<p> T\u00fcm \u015ferliler  <\/p>\n<p> Ve \u015ferefsizler  <\/p>\n<p> S\u00fcrekli \u00e7evresine tuzaklar kuruyordu&#8230;  <\/p>\n<p> Ama O hep, cihad\u0131 se\u00e7mi\u015f,  <\/p>\n<p> Be\u015f ihtilalden  <\/p>\n<p> Be\u015f y\u00fcz mahkemeden  <\/p>\n<p> Hem de  <\/p>\n<p> Ekme\u011fini yemi\u015f, eme\u011finden ge\u00e7mi\u015f  <\/p>\n<p> Be\u015f bin d\u00f6nek kahpeye  <\/p>\n<p> AB&#39;ye ve ABD&#39;ye  <\/p>\n<p> Ve be\u015f milyon \u0130srail&#39;e ra\u011fmen  <\/p>\n<p> Yine aln\u0131n\u0131n ak\u0131yla \u00e7\u0131k\u0131yordu&#8230;  <\/p>\n<p> Onu yenmek zordu!..  <\/p>\n<p> &#8230;&#8230;&#8230;&#8230;&#8230;&#8230;&#8230;&#8230;&#8230;&#8230;..  <\/p>\n<p> O, billurla\u015fm\u0131\u015f onurdu.  <\/p>\n<p> O \u015fuurdu, huzurdu  <\/p>\n<p> Sevenleri ve sevdikleri i\u00e7in; gururdu.  <\/p>\n<p> Ve O bir ki\u015filik ordu,  <\/p>\n<p> Tek ba\u015f\u0131na  <\/p>\n<p> Ve seksen ya\u015f\u0131na ra\u011fmen  <\/p>\n<p> D\u00fcnyaya meydan okuyordu&#8230;  <\/p>\n<p> Ve \u015eubat 2006 Han\u0131m Komisyonlar\u0131 toplant\u0131s\u0131nda  <\/p>\n<p> \u015eunlar\u0131 anlat\u0131yordu:  <\/p>\n<p> &quot;En yak\u0131nlar\u0131m\u0131z bize gelip &quot;\u00e7ok yoruldun, y\u0131prand\u0131n. G\u00f6revini fazlas\u0131yla yapt\u0131n. Art\u0131k bu i\u015fi gen\u00e7lere b\u0131rak\u0131p ayr\u0131lmal\u0131s\u0131n&#8230;&quot; diyorlar.  <\/p>\n<p> Ama bize g\u00f6nderilen \u00e7ok \u00f6zel bir kriptodan \u00f6\u011frendi\u011fimize g\u00f6re, Siyonist merkezler, hem yeterince kulland\u0131klar\u0131 ve \u015fimdi kendileri i\u00e7in bir y\u00fck sayd\u0131klar\u0131 AKP&#39;yi indirmek ve iktidar arabas\u0131n\u0131n yorulan atlar\u0131n\u0131 de\u011fi\u015ftirmek istiyorlar.  <\/p>\n<p> Hem de, &quot;\u015fu Erbakan meselesi k\u00f6k\u00fcnden halledilmelidir&#8230; Partilerini kapatt\u0131k&#8230; \u0130ktidarlar\u0131na kar\u015f\u0131 ihtilaller \u00e7\u0131kartt\u0131k&#8230; Siyasetten yasaklad\u0131k&#8230; Uyduruk bahanelerle su\u00e7lay\u0131p cezaland\u0131rd\u0131k&#8230; Ama bunlar yetmez. Onu taban\u0131ndan ve te\u015fkil\u00e2t\u0131ndan tamamen koparmak ve t\u00fcm etkinlik yollar\u0131n\u0131 t\u0131kamak gereklidir&quot; diye d\u00fc\u015f\u00fcn\u00fcyorlar.  <\/p>\n<p> Hatta ge\u00e7en ziyaretimize gelen D-8 \u00fcyesi iki \u0130slam \u00fclkesinin Devlet Ba\u015fkan\u0131:  <\/p>\n<p> &quot;Hocam bu Siyonist odaklar bize haber g\u00f6nderip tehdit ediyorlar.  <\/p>\n<p> Sak\u0131n ha, Erbakan&#39;la ayn\u0131 karede g\u00f6r\u00fcnmeyin&#8230; Yan\u0131na gidip gelmeyin. T\u00fcm irtibat\u0131n\u0131z\u0131 kesin&#8230; Yoksa ba\u015f\u0131n\u0131za \u00e7ok gaileler a\u00e7ar\u0131z. \u00dclkenizi kar\u0131\u015ft\u0131r\u0131r\u0131z&#8230; Muhaliflerinizi k\u0131\u015fk\u0131rt\u0131r\u0131z&quot; diyorlar.  <\/p>\n<p> Ama yeg\u00e2ne kuvvet ve kudret sahibi yaln\u0131z Cenab\u0131 Allah&#39;t\u0131r. Allah Aziz\u00fcn Z\u00fcntikamd\u0131r ve intikam\u0131n\u0131 alacakt\u0131r. Allah&#39;\u0131n vadi hakt\u0131r.  <\/p>\n<p> &quot;Ger\u00e7ekten onlar (k\u00e2firler ve m\u00fcnaf\u0131klar, d\u0131\u015f g\u00fc\u00e7ler ve i\u015fbirlik\u00e7ileri) hileli (ve \u00e7ok tehlikeli) pl\u00e2nlar ve tuzaklar kurdular.  <\/p>\n<p> <strong>Oysa onlar\u0131n bu \u015feytani d\u00fczen ve dalavereleri, da\u011flar\u0131 yerlerinden oynatacak (kadar g\u00fc\u00e7l\u00fc ve \u00fcrk\u00fct\u00fcc\u00fc) da olsa, Allah kat\u0131nda (b\u00fct\u00fcn bunlar\u0131 bo\u015fa \u00e7\u0131karmak \u00fczere) haz\u0131rlanm\u0131\u015f bir d\u00fczen (ve harika bir kar\u015f\u0131l\u0131k) vard\u0131r&quot;<a name=\"_ftnref1\" href=\"#_ftn1\" title=\"_ftnref1\"><strong>[1]<\/strong><\/a> <\/strong> <\/p>\n<p> Art\u0131k m\u00fchlet azald\u0131. Zaman darald\u0131. Nurun yo\u011funla\u015fmas\u0131 tamamland\u0131. Belki de meleklere &quot;Art\u0131k tamam!..&quot; demek i\u00e7in Allah, sizin bir parmak oynatman\u0131z\u0131 bekliyor.  <\/p>\n<p> Zorlanarak yapaca\u011f\u0131n\u0131z (yani Allah&#39;\u0131n r\u0131zas\u0131 ve davan\u0131z\u0131n hat\u0131r\u0131 i\u00e7in, sizi herhangi bir \u015fekilde s\u0131k\u0131nt\u0131ya sokacak, nefsinize a\u011f\u0131r gelecek bir fedak\u00e2rl\u0131k ve kahramanl\u0131\u011fa katlanaca\u011f\u0131n\u0131z) bir hizmeti bekliyor.  <\/p>\n<p> Biraz daha yorulman\u0131z\u0131 ve yo\u011frulman\u0131z\u0131 istiyor.  <\/p>\n<p> Ama siz parma\u011f\u0131n\u0131z\u0131 oynatmaktan bile acizsiniz. (Bu anlatt\u0131klar\u0131m\u0131z\u0131, baz\u0131 ger\u00e7eklere dayanak ve kaynak yapmak \u00fczere sizden bir iki sat\u0131rl\u0131k yaz\u0131yla isteyenlerden, baz\u0131 \u015feytani vesveseler ve nefsani endi\u015felerle, gizleyeceksiniz&#8230;)  <\/p>\n<p> Bu son \u00e7al\u0131\u015fmalard\u0131r. Nur yo\u011funla\u015fm\u0131\u015ft\u0131r. Yapaca\u011f\u0131n\u0131z bu son \u00e7\u0131rp\u0131n\u0131\u015flarla ahiret torban\u0131z\u0131 doldurunuz. D\u00fc\u015f\u00fcn\u00fcn ki az bir kalabal\u0131kla yo\u011fun sevap akan bir \u0131rmaktan ge\u00e7iyorsunuz. Ama maalesef ellerinizi ba\u015f\u0131n\u0131z\u0131n \u00fczerine birle\u015ftirmi\u015f, \u00e7antalar\u0131n\u0131z\u0131 \u0131rma\u011f\u0131n kenar\u0131na koymu\u015fsunuz. Allah a\u015fk\u0131na elerinizi kollar\u0131n\u0131z\u0131 son bir gayretle \u0131rma\u011fa dald\u0131r\u0131n. Unutmay\u0131n ki Allah&#39;\u0131n sizin \u00e7al\u0131\u015fmalar\u0131n\u0131za ihtiyac\u0131 yok. Allah&#39;\u0131n davas\u0131n\u0131n da size ihtiyac\u0131 yok&#8230; Sizin Allah&#39;\u0131n davas\u0131na ihtiyac\u0131n\u0131z var.  <\/p>\n<p> Zulme u\u011fram\u0131\u015f kad\u0131nlar\u0131n, yok yere ac\u0131mas\u0131zca par\u00e7alanm\u0131\u015f \u00e7ocuklar\u0131n, mezarlar\u0131 bombalanm\u0131\u015f Enbiyan\u0131n, evliyan\u0131n, \u015f\u00fchedan\u0131n ah\u0131, sizi bo\u011fup, kalplerinizi hidayetten ve ayaklar\u0131n\u0131z\u0131 istikametten kayd\u0131r\u0131p, kurtulu\u015f i\u00e7in ba\u015fka kavimler g\u00f6nderilmeden \u00f6nce, \u00e7al\u0131\u015fmalar\u0131n\u0131za a\u011f\u0131rl\u0131k verin.  <\/p>\n<p> Zafer inananlar\u0131nd\u0131r ve zafer yak\u0131nd\u0131r.  <\/p>\n<p> Allah toplant\u0131lar\u0131m\u0131z\u0131 ve nefeslerimizi hay\u0131rlara vesile k\u0131ls\u0131n.  <\/p>\n<p> Hepinizi al\u0131nlar\u0131n\u0131zdan \u00f6p\u00fcyor, siperlerinize geri g\u00f6nderiyoruz.  <\/p>\n<p> Allah&#39;a emanet olunuz. El Fatiha.  <\/p>\n<p> &#8230;&#8230;&#8230;&#8230;&#8230;&#8230;&#8230;&#8230;&#8230;&#8230;&#8230;&#8230;&#8230;&#8230;&#8230;&#8230;&#8230;&#8230;&#8230;&#8230;&#8230;&#8230;&#8230;&#8230;&#8230;&#8230;&#8230;&#8230;&#8230;&#8230;&#8230;&#8230;&#8230;&#8230;&#8230;&#8230;&#8230;&#8230;&#8230;..  <\/p>\n<p> Ve Kenan Ak\u0131n, yani muhalif kafal\u0131 bir gazeteci K\u0131br\u0131s \u00c7\u0131karmas\u0131n\u0131 anlat\u0131yor:  <\/p>\n<p> &quot;\u015eimdi de, bu a\u015famalar\u0131 Erbakan&#39;\u0131n a\u011fz\u0131ndan dinleyelim.  <\/p>\n<p> &quot;Askerlerle birlikte ald\u0131\u011f\u0131m\u0131z \u00e7\u0131kartma karar\u0131n\u0131n daha do\u011frusu yetkisinin teyidi l\u00e2z\u0131md\u0131. Meclis, bu yetkiyi daha \u00f6nce hem \u0130n\u00f6n\u00fc&#39;ye hem de Demirel&#39;e vermi\u015fti. Bu h\u00fck\u00fcmete verilmi\u015f s\u00fcrekli bir yetkiydi. Ama ne olur, ne olmaz bu yetkiyi, liderlere teyid ettirmek gerekiyordu. Bunun i\u00e7in 17 Eyl\u00fcl gecesi b\u00fct\u00fcn liderleri tek tek \u00e7a\u011f\u0131r\u0131yoruz.&quot;  <\/p>\n<p> <strong>Ecevit Londra&#39;da <\/strong> <\/p>\n<p> Y\u0131l 1974.\u00a0 17 Temmuz&#39;u 18&#39;e ba\u011flayan gece&#8230;  <\/p>\n<p> Ba\u015fbakan Ecevit, Londra&#39;da iken,  <\/p>\n<p> Ba\u015fbakanvekili Erbakan bo\u015f durmuyor, komutanlar ile birlikte ald\u0131\u011f\u0131 \u00e7\u0131kartma karar\u0131na yasal zeminler olu\u015fturuyordu&#8230; \u00d6nce b\u00fct\u00fcn siyasi parti liderlerini tek tek Ba\u015fbakanl\u0131\u011fa davet ederek onaylar\u0131 al\u0131nmak isteniyordu&#8230;  <\/p>\n<p> Anla\u015f\u0131lan Erbakan, Ba\u015fbakan Ecevit, Londra&#39;dan d\u00f6nmeden olay\u0131 olgunla\u015ft\u0131rmak istiyordu&#8230;  <\/p>\n<p> \u015eimdi Erbakan&#39;\u0131n a\u011fz\u0131ndan geli\u015fmeleri aktaral\u0131m:  <\/p>\n<p> &quot;Deniz Baykal da CHP&#39;yi temsilen yan\u0131mda bulunuyordu&#8230; Liderlerle tek tek konu\u015fuyor ve bir \u00e7\u0131kartma karar\u0131 bahiskonusu oldu\u011fu takdirde buna ne diyecekleri soruluyordu&#8230; \u00d6\u011flenleyin komutanlarla ald\u0131\u011f\u0131m\u0131z \u00e7\u0131kartma karar\u0131ndan, Deniz Baykal&#39;\u0131n da haberi olmad\u0131\u011f\u0131ndan; g\u00f6r\u00fc\u015fmeleri rahatl\u0131kla yap\u0131yorduk&#8230; Liderlerin hemen hepsi bir \u00e7\u0131kartma karar\u0131na yeni bir yetkinin l\u00fczumlu olmad\u0131\u011f\u0131na temas ediyorlard\u0131&#8230; Bunun \u00fczerine \u00e7\u0131kartma karar\u0131 ald\u0131\u011f\u0131m\u0131z takdirde tavsiyelerini sordu\u011fumuzda, hepsinden de &quot;Aman yapmay\u0131n ha, macera olur! diyorlard\u0131&#8230;  <\/p>\n<p> Bize bunu s\u00f6yleyen liderlerin i\u00e7inde merhum Nihat Erim, S\u00fcleyman Demirel, Ferruh Bozbeyli ve gurup ba\u015fkanlar\u0131 da vard\u0131&#8230; \u0130\u015fin enteresan taraf\u0131 Bozbeyli ile g\u00f6r\u00fc\u015fme yapt\u0131\u011f\u0131m\u0131zda saatler 24&#39;\u00fc g\u00f6steriyordu&#8230; Yani tam gece yar\u0131s\u0131. Bizimle bir saat g\u00f6r\u00fc\u015ft\u00fckten sonra Meclis&#39;e gitti. Meclis&#39;te gruptaki arkada\u015flar\u0131n\u0131 bekletiyormu\u015f. Onlara bilgi verecekmi\u015f. Saat 01&#39;de grup odas\u0131na girmek \u00fczereyken sekreteri: Efendim, siz gelmeden \u00f6nce \u0130ngiliz B\u00fcy\u00fckel\u00e7isi telefon etti. Biz Say\u0131n Bozbeyli&#39;nin Ba\u015fbakanl\u0131k&#39;ta konu\u015ftuklar\u0131n\u0131 biliyoruz dedi \u015feklinde uyar\u0131da bulunuyor&#8230;&quot;  <\/p>\n<p> <strong>\u0130ngiliz \u0130stihbarat\u0131 Ba\u015fbakanl\u0131\u011f\u0131 dinliyor!<\/strong>  <\/p>\n<p> Erbakan b\u00f6ylece Ba\u015fbakanl\u0131\u011f\u0131n \u0130ngilizler taraf\u0131ndan dinlendi\u011fini a\u00e7\u0131klam\u0131\u015f oluyordu&#8230; Bu olay\u0131n Meclis zab\u0131tlar\u0131nda mevcut oldu\u011funu fakat kamuoyuna ilk defa a\u00e7\u0131kland\u0131\u011f\u0131n\u0131 da belirtiyordu&#8230;  <\/p>\n<p> <strong>Komutanlarla gizli toplant\u0131<\/strong>  <\/p>\n<p> &quot;\u00d6\u011fleden sonra Kuvvet Komutanlar\u0131yla gizli bir toplant\u0131 yapt\u0131k. Komutanlar, bu i\u015ften art\u0131k geriye d\u00f6n\u00fc\u015f olmad\u0131\u011f\u0131n\u0131 kesin bir \u015fekilde dile getirdiler. Harek\u00e2t\u0131 Ecevit&#39;e kabul ettirmek gere\u011fi \u00fczerinde duruldu. \u0130\u015fte o arada Deniz Kuvvetleri Komutan\u0131 Kemal Kayacan Pa\u015fa dedi ki &quot;Siz o i\u015fi bana b\u0131rak\u0131n. Ben ne yapar eder Ecevit&#39;e kabul ettiririm. \u00c7\u00fcnk\u00fc bu harek\u00e2ta y\u0131llardan beri haz\u0131rland\u0131k. Bu m\u00fcdahaleyi yapmaya mecburuz.&quot; Di\u011fer Kuvvet Komutanlar\u0131 da Ecevit&#39;e harek\u00e2t\u0131n yap\u0131lmas\u0131 i\u00e7in \u0131srar edeceklerini s\u00f6ylediler. \u00dc\u00e7 saat kadar sonra Ecevit de gelmi\u015fti. Genelkurmay Ba\u015fkanl\u0131\u011f\u0131&#39;n\u0131n \u00fcst kat\u0131nda merdivenlerin kar\u015f\u0131s\u0131nda bir oda vard\u0131r. O odada yine toplant\u0131ya ge\u00e7tik. Ba\u015fbakan Ecevit Londra&#39;da, Callaghan ile yapt\u0131\u011f\u0131 m\u00fczakereyi anlat\u0131rken: \u0130ngilizler&#39;in garant\u00f6rl\u00fck haklar\u0131n\u0131 kullanarak, K\u0131br\u0131s&#39;a bir m\u00fcdahale yap\u0131lmas\u0131n\u0131 istemediklerini belirtti. Biz de burada yapt\u0131klar\u0131m\u0131z\u0131 bir bir anlatt\u0131k. Bu arada komutanlar\u0131n \u00e7\u0131kartma konusunda istedikleri emri verdi\u011fimizi s\u00f6yledim. \u015eu anda askerler gemiye binmi\u015ftir. Bunun d\u00f6n\u00fc\u015f\u00fc de yoktur.  <\/p>\n<p> Yar\u0131n sabah \u00e7\u0131kartma yap\u0131lacakt\u0131r. Ba\u015fka \u00e7aresi de yoktur. \u0130\u015fte bizim yapt\u0131klar\u0131m\u0131z da bunlard\u0131r dedik.  <\/p>\n<p> Ba\u015fbakan Ecevit bunun \u00fczerine: nas\u0131l olur da g\u00f6r\u00fc\u015fmeden, topluca karar almadan bu emir verilir, diye b\u00fcy\u00fck bir tel\u00e2\u015f g\u00f6sterdi. M\u00fczakere hararetlenmi\u015fti, Askerler bana yard\u0131mc\u0131 oldular. Bu esnada Ecevit, Kayacan Pa\u015fa&#39;ya &quot;Peki efendim ba\u015farabilecek miyiz&quot; \u015feklinde sorular sordu. O zaman Kayacan Pa\u015fa dedi ki &quot;Ben Karadeniz \u00e7ocu\u011fuyum. Bir tek kay\u0131kla yine gider, bu adaya \u00e7\u0131kar\u0131m. Gene buray\u0131 fethederim. Tabii ba\u015faraca\u011f\u0131z&#8230;&quot;  <\/p>\n<p> &#8230;&#8230;&#8230;&#8230;&#8230;&#8230;&#8230;&#8230;&#8230;&#8230;&#8230;&#8230;&#8230;&#8230;&#8230;&#8230;&#8230;&#8230;&#8230;&#8230;&#8230;&#8230;&#8230;&#8230;&#8230;&#8230;&#8230;&#8230;&#8230;&#8230;&#8230;&#8230;&#8230;&#8230;&#8230;.  <\/p>\n<p> B\u00fct\u00fcn d\u00fcnya siyaset\u00e7ileri Erbakan&#39;\u0131 konu\u015furken, ilim adamlar\u0131 takdir ederken, T\u00fcrkiye&#39;nin ufkunu a\u00e7an Erbakan Hoca&#39;y\u0131 engellemek ve siyasi yasaklar getirmek; \u00f6nce T\u00fcrk milletine hakarettir ve sadece d\u0131\u015f g\u00fc\u00e7leri ve i\u015fbirlik\u00e7i hainleri sevindirecektir.  <\/p>\n<p> &quot;Erbakan Hoca&#39;n\u0131n sanayile\u015fme noktas\u0131ndaki \u0131srar\u0131n\u0131n ne kadar \u00f6nemli oldu\u011funu 7. Cumhurba\u015fkan\u0131 Sn. Kenan Evren&#39;in an\u0131lar\u0131ndan bir b\u00f6l\u00fcm\u00fcn\u00fc aktararak ifade etmek istiyorum.  <\/p>\n<p> \u00a0&quot;Vaktiyle yap\u0131lan hatalar\u0131n cezas\u0131n\u0131 \u015fimdi bizler \u00e7ekiyoruz. NATO&#39;ya girmeden \u00f6nce o zamana g\u00f6re hi\u00e7te fena say\u0131lmayacak kapasitede bir harp sanayimiz mevcuttu. Amerikan yard\u0131m\u0131 ba\u015flad\u0131ktan sonra; sanki bu yard\u0131m sonsuza dek s\u00fcrecekmi\u015f gibi, maalesef harp sanayimizle u\u011fra\u015fan fabrikalar\u0131m\u0131z\u0131n kap\u0131s\u0131na zincir vurduk.  <\/p>\n<p> Bir zaman geldi, ABD askeri yard\u0131m\u0131 durdu. Fakat ABD men\u015fe&#39;li olan silah ve ara\u00e7lar\u0131n idamesi i\u00e7in milli b\u00fct\u00e7eden yedek par\u00e7a almaya devam etmek zorunda kald\u0131k.  <\/p>\n<p> \u00d6yle zannediyorum ki; Amerikan ordusunun elinden \u00e7\u0131kar\u0131p bize hibe \u015feklinde verdi\u011fi bu silah ve ara\u00e7lar\u0131n fiyat\u0131 kadar paray\u0131; bug\u00fcn onlar\u0131n yedek par\u00e7alar\u0131na \u00f6demekteyiz. Bu d\u00f6rt senelik ambargo bize \u00e7ok \u015fey \u00f6\u011fretti, bizi kam\u00e7\u0131lad\u0131. Bug\u00fcn bir\u00e7ok yedek par\u00e7a ve malzemeyi, kendi fabrika ve at\u00f6lyelerimizde imal ediyoruz.  <\/p>\n<p> Bu bak\u0131mdan bir an evvel yerli harp sanayimizin geli\u015fmesinde b\u00fcy\u00fck yararlar g\u00f6rmekteyim. Kimseye fazla g\u00fcvenilmemesi gerekti\u011fi, bu ambargo olay\u0131 ile b\u00fcsb\u00fct\u00fcn su y\u00fcz\u00fcne \u00e7\u0131km\u0131\u015ft\u0131r.&quot;  <\/p>\n<p> Bu itiraf ve ifadeler Erbakan Hoca&#39;n\u0131n sanayile\u015fme davas\u0131ndaki hakl\u0131l\u0131\u011f\u0131n\u0131 ispat etmektedir.  <\/p>\n<p> Hoca&#39;y\u0131 anlamak i\u00e7in illa ba\u015f\u0131m\u0131za bir balyozun mu inmesi laz\u0131m? Ba\u015f\u0131m\u0131z yar\u0131ld\u0131\u011f\u0131 zaman &quot;Ah Hocam, sen hakl\u0131ym\u0131\u015fs\u0131n!&quot; diyoruz, ac\u0131s\u0131 ge\u00e7ti\u011fi zaman ise hemencecik unutuyoruz. Bu da yetmiyormu\u015f gibi \u015fifa re\u00e7etesini yazan ve\u00a0 \u00fclkemizi komadan \u00e7\u0131karan doktoru tutup\u00a0 hapsediyoruz!?.  <\/p>\n<p> Yeter art\u0131k akl\u0131m\u0131z\u0131 ba\u015f\u0131m\u0131za alal\u0131m.&quot;<a name=\"_ftnref2\" href=\"#_ftn2\" title=\"_ftnref2\">[2]<\/a>  <\/p>\n<p> <strong>\u015eARTLI BELA!<\/strong>  <\/p>\n<p> Takva numaras\u0131 yapan, alim tan\u0131nan kahindir  <\/p>\n<p> Davan\u0131n i\u00e7ini oyan, \u00e7a\u011fda\u015f ibni Sebe&#39;dir O!  <\/p>\n<p> M\u00fcminler m\u00fcbarek bilir, Veli san\u0131lan haindir.  <\/p>\n<p> Her k\u00f6t\u00fcl\u00fck do\u011furmaya, \u015feytan gibi gebedir O!  <\/p>\n<p> Zahir \u015f\u00f6hreti, s\u0131fat\u0131: Hoca&#39;n\u0131n ba\u015f adam\u0131d\u0131r  <\/p>\n<p> Oysa gizli tahribat\u00e7\u0131, sad\u0131klar\u0131n d\u00fc\u015fman\u0131d\u0131r  <\/p>\n<p> Davaya \u015fartl\u0131 kat\u0131lm\u0131\u015f, Deccal&#39;in dan\u0131\u015fman\u0131d\u0131r  <\/p>\n<p> Yak\u0131nda herkes bilecek, ne m\u00fcnaf\u0131k kahpedir O!  <\/p>\n<p> Dini tedrisattan ge\u00e7mi\u015f, Selanik soylu kabalist  <\/p>\n<p> Vir\u00fcs gibi beyne girmi\u015f, Selamet\u00e7i sabataist  <\/p>\n<p> Davan\u0131n ba\u011fl\u0131lar\u0131na, zul\u00fcmden zevk alan sadist  <\/p>\n<p> Saf insanlar nerden bilsin, ne \u015ferli musibettir O!  <\/p>\n<p> Kendi saf\u0131na gireni, r\u00fctbe ranta gark ediyor  <\/p>\n<p> Ona uyan yozla\u015f\u0131yor, zor g\u00f6r\u00fcnce \u00e7ark ediyor  <\/p>\n<p> Baz\u0131 Milli G\u00f6r\u00fc\u015f\u00e7\u00fcler, ferasetle fark ediyor  <\/p>\n<p> Allah belas\u0131n\u0131 verir; ne sinsi s\u00fcnepedir O!  <\/p>\n<p> T\u00fcm marazl\u0131 tipler ile, kafalar\u0131 mutab\u0131kt\u0131r  <\/p>\n<p> Bir Ermeni d\u00f6nmesiyle, menfaati muvaf\u0131kt\u0131r  <\/p>\n<p> O Mehdiyet gemisinde, en marazl\u0131 m\u00fcnaf\u0131kt\u0131r  <\/p>\n<p> Antrenman yapal\u0131m diye, bedava engebedir O!.  <\/p>\n<p> <\/p>\n<hr \/>\n<p> <a name=\"_ftn1\" href=\"#_ftnref1\" title=\"_ftn1\">[1]<\/a> \u0130brahim:46  <\/p>\n<p> <a name=\"_ftn2\" href=\"#_ftnref2\" title=\"_ftn2\">[2]<\/a> Alaattin K\u00f6ksal&#39;dan \/ Kenan Ak\u0131n &#8211; Olay Adam Erbakan &#8211; Birey Yay\u0131nlar\u0131 &#8211; Sh:44,48,155  <\/p>\n","protected":false},"excerpt":{"rendered":"<p>\u00a0  <\/p>\n<p> De\u011ferli ve deneyimli ayd\u0131nlar\u0131n\u0131zdan Aytun\u00e7 Alt\u0131ndal, Konya&#39;da birlikte oldu\u011fumuz bir sohbette anlatm\u0131\u015ft\u0131.  <\/p>\n<p> &quot;1973 y\u0131l\u0131nda, T\u00fcrkiye&#39;de yakla\u015fan se\u00e7im kampanyalar\u0131n\u0131 izlemek ve baz\u0131 g\u00f6r\u00fcnt\u00fcler kaydetmek \u00fczere, o d\u00f6nemde \u00e7al\u0131\u015ft\u0131\u011f\u0131m \u0130svi\u00e7re devlet televizyonu ad\u0131na g\u00f6revli olarak T\u00fcrkiye&#39;ye gelip Diyarbak\u0131r&#39;a u\u00e7tum. Hava alan\u0131ndan \u00e7\u0131karken M\u0130T ve emniyetten ilgili ki\u015filer bana yakla\u015f\u0131p, ni\u00e7in geldi\u011fimi ve ne yapmak istedi\u011fimi sordular. Ben ise &quot;Bu g\u00fcn Selamet Partisi mitingini ve Erbakan&#39;\u0131n konu\u015fmas\u0131n\u0131 izleyip kaydedece\u011fim&#8230; Yar\u0131n ve \u00f6b\u00fcr g\u00fcn de Sn. Demirel ve Ecevit&#39;in konu\u015fmalar\u0131n\u0131 takip edece\u011fim&quot; dedim. Bana: Demirel ve Ecevit&#39;in konu\u015fmalar\u0131n\u0131 \u00e7ek, kar\u0131\u015fmay\u0131z&#8230; Ama Erbakan&#39;\u0131n mitingini ve s\u00f6ylediklerini kesinlikle \u00e7ekmemen gerekti\u011fi konusunda emir alm\u0131\u015f bulunuyoruz ve sizi uyar\u0131yoruz&#8230;&quot; deyince \u015fa\u015f\u0131rd\u0131m.  <\/p>\n","protected":false},"author":8,"featured_media":0,"comment_status":"open","ping_status":"closed","sticky":false,"template":"","format":"standard","meta":{"footnotes":""},"categories":[37],"tags":[],"class_list":["post-229","post","type-post","status-publish","format-standard","hentry","category-mart-2006"],"_links":{"self":[{"href":"https:\/\/www.millicozum.com\/mc\/wp-json\/wp\/v2\/posts\/229","targetHints":{"allow":["GET"]}}],"collection":[{"href":"https:\/\/www.millicozum.com\/mc\/wp-json\/wp\/v2\/posts"}],"about":[{"href":"https:\/\/www.millicozum.com\/mc\/wp-json\/wp\/v2\/types\/post"}],"author":[{"embeddable":true,"href":"https:\/\/www.millicozum.com\/mc\/wp-json\/wp\/v2\/users\/8"}],"replies":[{"embeddable":true,"href":"https:\/\/www.millicozum.com\/mc\/wp-json\/wp\/v2\/comments?post=229"}],"version-history":[{"count":0,"href":"https:\/\/www.millicozum.com\/mc\/wp-json\/wp\/v2\/posts\/229\/revisions"}],"wp:attachment":[{"href":"https:\/\/www.millicozum.com\/mc\/wp-json\/wp\/v2\/media?parent=229"}],"wp:term":[{"taxonomy":"category","embeddable":true,"href":"https:\/\/www.millicozum.com\/mc\/wp-json\/wp\/v2\/categories?post=229"},{"taxonomy":"post_tag","embeddable":true,"href":"https:\/\/www.millicozum.com\/mc\/wp-json\/wp\/v2\/tags?post=229"}],"curies":[{"name":"wp","href":"https:\/\/api.w.org\/{rel}","templated":true}]}}