{"id":2297,"date":"2012-05-25T07:05:07","date_gmt":"2012-05-25T07:05:07","guid":{"rendered":"https:\/\/www.millicozum.com\/mc\/2012\/05\/25\/tuba-saliha-akgulun-manevi-mesaj-ve-mujde-iceren-ruyasi\/"},"modified":"2012-05-25T07:05:07","modified_gmt":"2012-05-25T07:05:07","slug":"tuba-saliha-akgulun-manevi-mesaj-ve-mujde-iceren-ruyasi","status":"publish","type":"post","link":"https:\/\/www.millicozum.com\/mc\/ozel-yazilar\/tuba-saliha-akgulun-manevi-mesaj-ve-mujde-iceren-ruyasi\/","title":{"rendered":"TUBA SAL\u0130HA AKG\u00dcL\u2019\u00dcN MANEV\u0130 MESAJ VE M\u00dcJDE \u0130\u00c7EREN R\u00dcYASI"},"content":{"rendered":"<p><span style=\"font-family: arial,helvetica,sans-serif;\"> <\/span><\/p>\n<p><span style=\"font-family: arial,helvetica,sans-serif; font-size: 12pt;\">&nbsp;<\/span><\/p>\n<p style=\"text-indent: 27pt;\"><span style=\"font-family: arial black,avant garde; font-size: 14pt;\"><b>TUBA AKG\u00dcL\u2019\u00dcN R\u00dcYASI (10 May\u0131s 2012)<\/b><\/span><\/p>\n<p style=\"text-indent: 27pt;\"><span style=\"font-family: arial,helvetica,sans-serif; font-size: 12pt;\"><b>R\u00fcyamda; Elaz\u0131\u011f\u2019da bildi\u011fim ve daha \u00f6nce ge\u00e7ti\u011fim bir sokakta ve tela\u015fl\u0131 bir kalabal\u0131\u011f\u0131n aras\u0131nda oluyorum. Kapal\u0131 bir kap\u0131n\u0131n \u00f6n\u00fcnde herkes isminin okunmas\u0131n\u0131 bekliyor. \u00c7\u00fcnk\u00fc bir hediye verilece\u011fi umuluyor. Kap\u0131 a\u00e7\u0131l\u0131yor ve i\u00e7erden me\u015fhur bir tarikat mensubu oldu\u011fu anla\u015f\u0131lan (c\u00fcbbesi, sakal\u0131 ve sar\u0131\u011f\u0131 ile) bir ki\u015fi \u00e7\u0131k\u0131yor. D\u0131\u015far\u0131daki kalabal\u0131\u011f\u0131 azarlar bir tav\u0131rla: \u201cM\u00fccahit Erbakan diye ba\u011f\u0131ran kim?\u201d diye soruyor. Bu soruyu duyan kalabal\u0131k, f\u0131rsat\u00e7\u0131l\u0131k ve riyak\u00e2rl\u0131kla: \u201cM\u00fccahit Erbakan!\u201d diye slogan atmaya ba\u015fl\u0131yor. O esnada kalabal\u0131ktan s\u0131yr\u0131l\u0131p, di\u011ferlerini susturarak: \u201cBen s\u00f6yledim ne olacak!?\u201d diye \u00e7\u0131k\u0131\u015f\u0131yorum. Ard\u0131ndan i\u00e7eriden \u00e7\u0131kan bir adam s\u0131rt\u0131na b\u00fcy\u00fck ve heybetli bir tabut al\u0131p getiriyor. Oradaki insanlar ve ben o tabutun Erbakan Hocam\u0131za ait oldu\u011funu biliyoruz. B\u00fct\u00fcn insanlara: \u201cErbakan Hocam\u0131z\u0131n bedeninin par\u00e7aland\u0131\u011f\u0131na, bak\u0131lmaz ve peri\u015fan durumda oldu\u011funa dair bir kanaat a\u015f\u0131lanm\u0131\u015f bulunuyor. Bu nedenle merakla tabutun a\u00e7\u0131lmas\u0131n\u0131 bekliyorlar. Derken tabut a\u00e7\u0131l\u0131yor; Erbakan Hocam\u0131z bembeyaz bir tak\u0131m elbise k\u0131yafetle, y\u00fcz\u00fc 40\u2019l\u0131 ya\u015flardaki haliyle olduk\u00e7a nurani bir \u015fekilde ve b\u00fct\u00fcn v\u00fccudu sapasa\u011flam bir bi\u00e7imde yat\u0131yor. Ben e\u011filip Hocam\u0131za yak\u0131ndan bak\u0131yorum. Aln\u0131nda a\u00e7\u0131k ve anla\u015f\u0131l\u0131r \u015fekilde Arap\u00e7a: \u201cLailahe \u0130llallah, Muhammeden Resulullah\u201d yaz\u0131yor. Bunu g\u00f6r\u00fcnce, b\u00fcy\u00fck bir sevin\u00e7le: \u201cBen zaten Hocam\u0131z\u0131n Hak Dava Rehberi ve Hakikat El\u00e7isi\u201d oldu\u011funa inan\u0131yordum\u201d diyerek huzur buluyorum. \u0130nsanlar\u0131n hepsi ve yan\u0131mda olan e\u015fim: \u201cYa\u015farken Ona inanm\u0131yorduk, ama \u015fimdi bunlar\u0131 bizzat g\u00f6r\u00fcnce anlad\u0131k\u201d diyorlar. E\u015fim: \u201csadece aln\u0131nda de\u011fil b\u00fct\u00fcn v\u00fccudunda ayetler yaz\u0131yor\u201d diyerek \u015fa\u015f\u0131r\u0131yor. Ger\u00e7ekten m\u00fcbarek bedeninin neresine bak\u0131lsa Kur\u2019an ayetleri okunuyor. Arabaya biniyoruz ve ben tekrar: \u201cBen, Aziz Hocam\u0131z\u0131n \u201cEn \u00f6nemli bir temsilci, tecelli ve Mehdiyet M\u00fcmessili\u201d oldu\u011funu zaten biliyordum\u201d diyerek etraf\u0131mdakilere \u201c\u00e7ok ge\u00e7 kald\u0131n\u0131z bu ger\u00e7e\u011fe vaktinde inanmal\u0131yd\u0131n\u0131z\u201d der gibi huzur ve onurla bak\u0131yorum.<\/b><\/span><\/p>\n<p style=\"text-indent: 27pt;\"><span style=\"font-family: arial black,avant garde; font-size: 14pt;\"><b>Te\u2019vili:<\/b><\/span><\/p>\n<ul>\n<li><span style=\"font-family: arial,helvetica,sans-serif; font-size: 12pt;\"><b>Aziz Hocam\u0131z\u0131n m\u00fcbarek v\u00fccudunun toprakta \u00e7\u00fcr\u00fcmedi\u011fine<\/b><\/span><\/li>\n<li><span style=\"font-family: arial,helvetica,sans-serif; font-size: 12pt;\"><b>Ruhaniyetiyle himmetinin ve sad\u0131k talebeleri eliyle b\u00fcy\u00fck devrim hizmetinin devam etti\u011fine<\/b><\/span><\/li>\n<li><span style=\"font-family: arial,helvetica,sans-serif; font-size: 12pt;\"><b>Erbakan Hocam\u0131z\u0131n, s\u00f6zleri, prensip ve projeleri ve hedefleriyle tevhit hakikatinin, Allah ve Resul\u2019\u00fc Hz.lerinin tecelli ve temsili makam\u0131ndaki \u015fahsi manevisine<\/b><\/span><\/li>\n<li><span style=\"font-family: arial,helvetica,sans-serif; font-size: 12pt;\"><b>B\u00fct\u00fcn hayat\u0131, ya\u015fam tarz\u0131, davran\u0131\u015flar\u0131 ve yorumlar\u0131yla Kur\u2019an-\u0131 Kerimin canl\u0131 terc\u00fcmanl\u0131\u011f\u0131n\u0131 y\u00fcr\u00fctt\u00fc\u011f\u00fcne<\/b><\/span><\/li>\n<li><span style=\"font-family: arial,helvetica,sans-serif; font-size: 12pt;\"><b>O\u2019nun teorileri ve teknolojileri istikametinde, \u00e7ok yak\u0131nda b\u00fcy\u00fck \u0130slam devriminin ger\u00e7ekle\u015fece\u011fine ve hem O\u2019nu sa\u011fl\u0131\u011f\u0131nda anlamayan gafillerin hem de davas\u0131ndan ayr\u0131lan hainlerin riyak\u00e2rl\u0131kla \u201cErbakan taraftar\u0131\u201d kesilece\u011fine<\/b><\/span><\/li>\n<li><span style=\"font-family: arial,helvetica,sans-serif; font-size: 12pt;\"><b>Sad\u0131k takip\u00e7ilerinin ve ilmi-manevi varislerinin yak\u0131nda zafere eri\u015fece\u011fine ve b\u00fct\u00fcn meziyet ve faziletin Erbakan Hocaya ait oldu\u011funun bilinece\u011fine \u0130\u015eARET ve BE\u015eARETT\u0130R. <\/b><\/span><\/li>\n<\/ul>\n<p style=\"text-indent: 27pt;\"><span style=\"font-family: arial,helvetica,sans-serif; font-size: 12pt;\"><b>En do\u011frusunu Allah bilir.<\/b><\/span><\/p>\n<p><span style=\"font-family: arial,helvetica,sans-serif; font-size: 12pt;\"><b>&nbsp;<\/b><\/span><\/p>\n<p style=\"text-indent: 27pt;\"><span style=\"font-family: arial black,avant garde; font-size: 14pt;\"><b>\u0130SMET SEZG\u0130N\u2019\u0130N R\u00dcYASI (9 Mart 2012)<\/b><\/span><\/p>\n<p style=\"text-indent: 27pt;\"><span style=\"font-family: arial,helvetica,sans-serif; font-size: 12pt;\"><b>\u0130\u015f yerinde g\u00fcnd\u00fcz tan\u0131d\u0131k bir arkada\u015fa Milli \u00c7\u00f6z\u00fcm Dergisi hediye etmi\u015ftim. Ayn\u0131 gece r\u00fcyamda bir \u015f\u00e2h\u0131sa Milli \u00c7\u00f6z\u00fcm Dergisi veriyorum. Bana \u201cherkes bunu tasvip etmiyor\u201d diyor. Ben de ona diyorum ki \u201cBak dostum ka\u00e7 y\u0131ll\u0131k M\u00fcsl\u00fcmans\u0131n. Benimle ya\u015f\u0131ts\u0131n. Seninle \u015fu g\u00f6lgede otural\u0131m, bu dergide ayete, hadise ve ger\u00e7eklere ayk\u0131r\u0131 bir durum bulabilecek misin? Diyerek y\u00fcr\u00fcy\u00fcp bah\u00e7emizdeki bir eski g\u00f6lgelik barakaya oturuyorum. \u00d6n\u00fcmde bir k\u00fc\u00e7\u00fck bidon benzin var, al\u0131p arka tarafa koymak isterken d\u00f6k\u00fcl\u00fcp sa\u00e7\u0131l\u0131yor. O esnada Milli \u00c7\u00f6z\u00fcm Dergisinden, hayret verici \u015fekilde bir k\u0131v\u0131lc\u0131m \u00e7\u0131k\u0131p ate\u015f almas\u0131ndan korkuyorum. Ve aynen \u00f6yle de oluyor. Birden, her taraf ate\u015f i\u00e7inde kal\u0131yor. Ve ben tela\u015fa kap\u0131l\u0131p \u015fa\u015fk\u0131nl\u0131k i\u00e7inde kal\u0131yorum. \u201cBu ate\u015f her tarafa yay\u0131l\u0131r, hi\u00e7bir itfaiye bunu s\u00f6nd\u00fcremez\u201d diye kokuyorum ve uzaklara do\u011fru bak\u0131yorum. B\u00fct\u00fcn ovalar\u0131n, da\u011flar\u0131n alev ald\u0131\u011f\u0131n\u0131 g\u00f6r\u00fcyorum. Tarlalardaki m\u0131s\u0131r fidelerinin ve ekinlerinin aras\u0131nda ate\u015fler dola\u015f\u0131yor. Ancak ye\u015filliklere ve ekinlere zarar vermiyor. Sadece yabani ve dikenli otlar yan\u0131yor. Ben panik halinde anneme seslenerek uyan\u0131yorum.<\/b><\/span><\/p>\n<p style=\"text-indent: 27pt;\"><span style=\"font-family: arial,helvetica,sans-serif; font-size: 14pt;\"><b><span style=\"font-family: arial black,avant garde;\">Te\u2019vili:<\/span> <\/b><\/span><\/p>\n<p style=\"text-indent: 27pt;\"><span style=\"font-family: arial,helvetica,sans-serif; font-size: 12pt;\"><b>Milli \u00c7\u00f6z\u00fcm Dergisi, \u00e7ok ger\u00e7ek\u00e7i uyar\u0131lar\u0131 ve etkili yaz\u0131lar\u0131yla, \u00fclkemizdeki ve b\u00f6lgemizdeki tarihi geli\u015fimlerinin fitilini ate\u015fliyor.<\/b><\/span><\/p>\n<p style=\"text-indent: 27pt;\"><span style=\"font-family: arial,helvetica,sans-serif; font-size: 12pt;\"><b>K\u00f6t\u00fcleri ve \u00e7\u00fcr\u00fckleri yakacak ve devre d\u0131\u015f\u0131 b\u0131rakacak, iyileri ve masum kimseleri canl\u0131 b\u0131rak\u0131p \u00f6ne \u00e7\u0131karacak bir hesapla\u015fma s\u00fcrecini ya\u015famak ka\u00e7\u0131n\u0131lmaz g\u00f6r\u00fcn\u00fcyor.<\/b><\/span><\/p>\n<p style=\"text-indent: 27pt;\"><span style=\"font-family: arial,helvetica,sans-serif; font-size: 12pt;\"><b>&nbsp;<\/b><\/span><\/p>\n<p style=\"text-indent: 27pt;\"><span style=\"font-family: arial black,avant garde; font-size: 14pt;\"><b>NECM\u0130YE TOP\u00c7U\u2019NUN R\u00dcYASI (8 Mart 2012)<\/b><\/span><\/p>\n<p style=\"text-indent: 27pt;\"><span style=\"font-family: arial,helvetica,sans-serif; font-size: 12pt;\"><b>R\u00fcyamda Erbakan Hocam\u0131z evimize kahvalt\u0131ya gelmi\u015f oluyor ve sofrada otururken birden g\u00f6zden kayboluyor. Sonra Erbakan Hocam\u0131z\u0131n oturdu\u011fu yerde hemen Ahmet Hocam\u0131z beliriyor. Yani Erbakan Hocam\u0131z Ahmet Hoca\u2019ya d\u00f6n\u00fc\u015f\u00fcyor. Ben \u00e7ay ka\u015f\u0131\u011f\u0131n\u0131 elime al\u0131yorum. Ve hayretle g\u00f6r\u00fcyorum ki \u00fczerinde \u201cNecmettin Erbakan\u201d yaz\u0131yor. Ve o halde uyan\u0131yorum.<\/b><\/span><\/p>\n<p style=\"text-indent: 27pt;\"><span style=\"font-family: arial black,avant garde; font-size: 14pt;\"><b>Te\u2019vili:<\/b><\/span><\/p>\n<p style=\"text-indent: 27pt;\"><span style=\"font-family: arial,helvetica,sans-serif; font-size: 12pt;\"><b>Rahmetli Erbakan Hocam\u0131z\u0131n Hakl\u0131 davas\u0131na ve ilmi-manevi miras\u0131na Milli \u00c7\u00f6z\u00fcm sahip \u00e7\u0131k\u0131yor. Ve zaten hem sevip destekleyenler, hem haset edip k\u00f6stekleyenler, Ahmet Hoca\u2019n\u0131n \u015fahs\u0131nda ve konu\u015fup yazd\u0131klar\u0131nda Erbakan\u2019\u0131 hat\u0131rl\u0131yor.<\/b><\/span><\/p>\n<p style=\"text-indent: 27pt;\"><span style=\"font-family: arial,helvetica,sans-serif; font-size: 12pt;\"><b><br \/><\/b><\/span><\/p>\n<p style=\"text-indent: 27pt;\">&nbsp;<\/p>\n<p style=\"text-align: justify; text-indent: 1cm;\"><span style=\"font-family: arial black,avant garde;\"><b><span style=\"font-size: 14pt; line-height: 115%;\">Mesud\u2019un r\u00fcyas\u0131 (21 May\u0131s 2012)<\/span><\/b><\/span><\/p>\n<p style=\"text-indent: 27pt;\">&nbsp;<\/p>\n<p style=\"text-align: justify; text-indent: 1cm;\"><b><span style=\"font-size: 12pt; line-height: 115%; font-family: 'Arial','sans-serif';\">Ev ortam\u0131nda sizinle(Ahmet Akg\u00fcl\u2019le) birlikte oturdu\u011fumuz odan\u0131n i\u00e7erisine g\u00f6ky\u00fcz\u00fcnden bir nur \u015feklinde ve insan suretinde inen manevi heyetin s\u00f6zc\u00fcs\u00fcn\u00fcn pencere perdesine sakland\u0131\u011f\u0131n\u0131 g\u00f6r\u00fcnce; \u00f6nce sen konu\u015fmak i\u00e7in yan\u0131na gidiyorsun.<\/span><\/b><\/p>\n<p style=\"text-indent: 27pt;\">&nbsp;<\/p>\n<p style=\"text-align: justify; text-indent: 1cm;\"><b><span style=\"font-size: 12pt; line-height: 115%; font-family: 'Arial','sans-serif';\">Ancak yan\u0131na yakla\u015ft\u0131\u011f\u0131nda, bir nur \u015feklinde ortadan kaybolan manevi \u015fah\u0131s bir s\u00fcre sonra tekrar perdenin arkas\u0131nda g\u00f6r\u00fcn\u00fcnce, sen bana d\u00f6nerek: \u201cBu ulvi ki\u015fi benimle de\u011fil, galiba seninle g\u00f6r\u00fc\u015fmek istiyor. \u00d6zellikle sana inmi\u015f olabilir. Bu sefer sen yakla\u015f\u201d diyorsun.<\/span><\/b><\/p>\n<p style=\"text-indent: 27pt;\">&nbsp;<\/p>\n<p style=\"text-align: justify; text-indent: 1cm;\"><b><span style=\"font-size: 12pt; line-height: 115%; font-family: 'Arial','sans-serif';\">Ard\u0131ndan ben O\u2019na yakla\u015f\u0131nca perde arkas\u0131nda, \u0131\u015f\u0131k h\u00fczmesi \u015feklinde sakall\u0131 piri fani ya\u015fl\u0131 bir insanla kar\u015f\u0131la\u015f\u0131yorum.<\/span><\/b><\/p>\n<p style=\"text-indent: 27pt;\">&nbsp;<\/p>\n<p style=\"text-align: justify; text-indent: 1cm;\"><b><span style=\"font-size: 12pt; line-height: 115%; font-family: 'Arial','sans-serif';\">Bana \u201cmanevi heyetin temsilcisi olarak g\u00f6nderildi\u011fini\u201d s\u00f6yledikten sonra; Elindeki listeyi g\u00f6sterip diyor ki: \u201cBu listede Baban\u0131n Milli \u00c7\u00f6z\u00fcmde yazd\u0131\u011f\u0131 yaz\u0131lar\u0131n ba\u015fl\u0131klar\u0131n\u0131 g\u00f6receksiniz. Biz bu yaz\u0131lar\u0131 yakinen takipteyiz, manen desteklemekteyiz. Hepsi de bizim i\u00e7in m\u00fchimdir. Bu yaz\u0131lara b\u00fcy\u00fck bir \u00f6nem vermekteyiz. Babana de ki; Enc\u00fcmen-i Dani\u015f\u2019le ilgili bir yaz\u0131 d\u00fc\u015f\u00fcnmektedir. Bu kurulu\u015fun ba\u015f\u0131ndaki ki\u015fi \u00e7ok tehlikeli birisidir. Babana s\u00f6yle ya o yaz\u0131y\u0131 yazmaktan vazge\u00e7sin ya da kulland\u0131\u011f\u0131 kelimelere \u00e7ok dikkat etsin!\u201d diyerek uzakla\u015ft\u0131ktan sonra ben Senin yan\u0131na gelerek, bana aktar\u0131lanlar\u0131 aynen sana s\u00f6yl\u00fcyorum. Sen ise herhangi bir yorumda bulunmuyorsun.<\/span><\/b><\/p>\n<p style=\"text-indent: 27pt;\">&nbsp;<\/p>\n<p style=\"text-align: justify; text-indent: 1cm;\"><span style=\"font-family: arial black,avant garde;\"><b><span style=\"font-size: 14pt; line-height: 115%;\">Te\u2019vili:<\/span><\/b><\/span><\/p>\n<p style=\"text-indent: 27pt;\">&nbsp;<\/p>\n<p style=\"text-align: justify; text-indent: 1cm;\"><b><span style=\"font-size: 14pt; line-height: 115%; font-family: 'Arial','sans-serif';\">Milli \u00c7\u00f6z\u00fcm Dergisinin yaz\u0131lar\u0131n\u0131 ve Ahmet Akg\u00fcl\u2019\u00fcn kitaplar\u0131n\u0131 ve yorumlar\u0131n\u0131 \u00f6nemseyip takip etmek ve bu hizmetleri desteklemek gerekti\u011fini ikaz ve i\u015faret eden manevi bir ihtar ve iltifat yerindedir.<\/span><\/b><\/p>\n<p style=\"text-indent: 27pt;\">&nbsp;<\/p>\n<p style=\"text-align: justify; text-indent: 1cm;\"><b><span style=\"font-size: 14pt; line-height: 115%; font-family: 'Arial','sans-serif';\">En do\u011frusunu Allah bilir.<\/span><\/b><\/p>\n<p style=\"text-indent: 27pt;\">&nbsp;<\/p>\n<p style=\"text-align: justify; text-indent: 1cm;\"><span style=\"font-family: 'Arial','sans-serif';\">&nbsp;<\/span><\/p>\n<p style=\"text-indent: 27pt;\">&nbsp;<\/p>\n<p style=\"text-align: justify; text-indent: 1cm;\"><span style=\"font-family: 'Arial','sans-serif';\">&nbsp;<\/span><\/p>\n<p style=\"text-indent: 27pt;\">&nbsp;<\/p>\n<p style=\"text-align: justify; text-indent: 1cm;\"><span style=\"font-family: 'Arial','sans-serif';\">&nbsp;<\/span><\/p>\n<p style=\"text-indent: 27pt;\"><span style=\"font-family: arial,helvetica,sans-serif; font-size: 12pt;\"><b><br \/><\/b><\/span><\/p>\n","protected":false},"excerpt":{"rendered":"<p><span style=\"font-family: arial,helvetica,sans-serif;\"><\/p>\n","protected":false},"author":35,"featured_media":0,"comment_status":"open","ping_status":"closed","sticky":false,"template":"","format":"standard","meta":{"footnotes":""},"categories":[98],"tags":[],"class_list":["post-2297","post","type-post","status-publish","format-standard","hentry","category-ozel-yazilar"],"_links":{"self":[{"href":"https:\/\/www.millicozum.com\/mc\/wp-json\/wp\/v2\/posts\/2297","targetHints":{"allow":["GET"]}}],"collection":[{"href":"https:\/\/www.millicozum.com\/mc\/wp-json\/wp\/v2\/posts"}],"about":[{"href":"https:\/\/www.millicozum.com\/mc\/wp-json\/wp\/v2\/types\/post"}],"author":[{"embeddable":true,"href":"https:\/\/www.millicozum.com\/mc\/wp-json\/wp\/v2\/users\/35"}],"replies":[{"embeddable":true,"href":"https:\/\/www.millicozum.com\/mc\/wp-json\/wp\/v2\/comments?post=2297"}],"version-history":[{"count":0,"href":"https:\/\/www.millicozum.com\/mc\/wp-json\/wp\/v2\/posts\/2297\/revisions"}],"wp:attachment":[{"href":"https:\/\/www.millicozum.com\/mc\/wp-json\/wp\/v2\/media?parent=2297"}],"wp:term":[{"taxonomy":"category","embeddable":true,"href":"https:\/\/www.millicozum.com\/mc\/wp-json\/wp\/v2\/categories?post=2297"},{"taxonomy":"post_tag","embeddable":true,"href":"https:\/\/www.millicozum.com\/mc\/wp-json\/wp\/v2\/tags?post=2297"}],"curies":[{"name":"wp","href":"https:\/\/api.w.org\/{rel}","templated":true}]}}