{"id":2298,"date":"2012-05-28T05:13:46","date_gmt":"2012-05-28T05:13:46","guid":{"rendered":"https:\/\/www.millicozum.com\/mc\/2012\/05\/28\/george-friedmanin-felaket-kurgulari-ve-siyonistlerin-milli-cozum-korkulari\/"},"modified":"2012-05-28T05:13:46","modified_gmt":"2012-05-28T05:13:46","slug":"george-friedmanin-felaket-kurgulari-ve-siyonistlerin-milli-cozum-korkulari","status":"publish","type":"post","link":"https:\/\/www.millicozum.com\/mc\/2012\/haziran-2012\/george-friedmanin-felaket-kurgulari-ve-siyonistlerin-milli-cozum-korkulari\/","title":{"rendered":"GEORGE FRIEDMAN\u2019IN FELAKET KURGULARI VE S\u0130YON\u0130STLER\u0130N M\u0130LL\u0130 \u00c7\u00d6Z\u00dcM KORKULARI"},"content":{"rendered":"\n<p>&nbsp;<\/p>\n<p style=\"text-align: justify; text-indent: 27pt;\"><b><span style=\"font-size: 14pt; font-family: 'Arial','sans-serif';\">Milli \u00c7\u00f6z\u00fcm Dergisi\u2019nin Siyonist Merkezleri tela\u015fland\u0131rmas\u0131<\/span><\/b><\/p>\n<p style=\"text-align: justify; text-indent: 27pt;\"><b><span style=\"font-size: 13pt; font-family: 'Arial','sans-serif';\">Birle\u015fik Amerika Ba\u015fkentinin en b\u00fcy\u00fck ve en eski gazetesi Washington Post, politik konulara ve d\u00fcnyan\u0131n gelece\u011fi ile ilgili kurgulara a\u011f\u0131rl\u0131k veren bir ABD Yahudi yay\u0131n organ\u0131d\u0131r. \u0130stanbul ve \u0130srail (Jarusselam) b\u00fcrolar\u0131 da bulunmaktad\u0131r.<\/span><\/b><\/p>\n<p style=\"text-align: justify; text-indent: 27pt;\"><b><span style=\"font-size: 13pt; font-family: 'Arial','sans-serif';\">\u0130\u015fte be\u015f y\u0131l kadar \u00f6nce Washington Post\u2019un Avrasya Haber Koordinat\u00f6r\u00fc oldu\u011funu s\u00f6yleyen bir ki\u015fi, Milli \u00c7\u00f6z\u00fcm Dergimizin Haber M\u00fcd\u00fcr\u00fcn\u00fc arayarak, orta halli T\u00fcrk\u00e7esiyle:<\/span><\/b><\/p>\n<p style=\"text-align: justify; text-indent: 27pt;\"><b><i><span style=\"font-size: 13pt; font-family: 'Arial','sans-serif';\">\u201cMilli \u00c7\u00f6z\u00fcm\u2019\u00fcn \u00f6ng\u00f6r\u00fc ve \u00f6nerilerinden feyiz ald\u0131klar\u0131n\u0131; \u00fclkesel, b\u00f6lgesel ve evrensel konulardaki tespit ve tahlillerimizin kendilerine yeni ufuklar a\u00e7t\u0131\u011f\u0131n\u0131, bu nedenle \u00f6ncelikle \u0130ngilizce yaz\u0131 ve yorumlar\u0131m\u0131zdan olduk\u00e7a yararland\u0131klar\u0131n\u0131 ve \u201cT\u00fcrkiye\u2019nin ABD-\u0130srail ili\u015fkileri ve gelecekteki etkinlik \u00e7eki\u015fmeleri\u201d <\/span><\/i><\/b><b><span style=\"font-size: 13pt; font-family: 'Arial','sans-serif';\">hususunda \u00f6zellikle yeni ve detayl\u0131 bilgilerimizi ve beklentilerimizi merak edip ilgi duyduklar\u0131n\u0131\u201d hat\u0131rlatm\u0131\u015flard\u0131r.<\/span><\/b><\/p>\n<p style=\"text-align: justify; text-indent: 27pt;\"><b><span style=\"font-size: 13pt; font-family: 'Arial','sans-serif';\">O konu\u015fma esnas\u0131nda me\u015fhur \u00f6zel istihbarat ve gelecek tahmini firmas\u0131 STRATFOR\u2019un sahibi Macar as\u0131ll\u0131 Yahudi GEORGE FRIEDMAN ve ekibinin de, Milli \u00c7\u00f6z\u00fcm\u2019\u00fc \u00f6nemseyip ara\u015ft\u0131rd\u0131klar\u0131n\u0131 a\u011fz\u0131ndan ka\u00e7\u0131rm\u0131\u015ft\u0131r.<\/span><\/b><\/p>\n<p style=\"text-align: justify; text-indent: 26.95pt;\"><b><span style=\"font-size: 13pt; font-family: 'Arial','sans-serif';\">O zaman arkada\u015flar\u0131m\u0131za:<\/span><\/b><\/p>\n<p style=\"text-align: justify; text-indent: 27pt;\"><b><i><span style=\"font-size: 13pt; font-family: 'Arial','sans-serif';\">\u201cSiyonist merkezler Erbakan\u2019\u0131n projelerini ve stratejik hedeflerini \u00e7\u00f6zmek ve kar\u015f\u0131 tedbirler geli\u015ftirmek i\u00e7in Milli \u00c7\u00f6z\u00fcm\u2019e ilgi duymaktad\u0131r. Oysa biz, sadece Hocam\u0131z\u0131n a\u00e7\u0131\u011fa vurduklar\u0131n\u0131 ve temel hedef olarak ortaya koyduklar\u0131n\u0131 yaz\u0131yor, M\u00fcsl\u00fcmanlara ve mazlumlara moral a\u015f\u0131lamaya \u00e7al\u0131\u015f\u0131yoruz. Hocam\u0131z\u0131n Siyonizm\u2019in ve emperyalizmin y\u0131k\u0131l\u0131\u015f\u0131yla sonu\u00e7lanacak tarihi m\u00fccadelesindeki taktik ve stratejik ayr\u0131nt\u0131lar\u0131 ve bunlarla ilgili teknik ve politik kadrolar\u0131n\u0131 elbette bilmiyoruz, bildiklerimizi de zaten yazm\u0131yoruz\u201d <\/span><\/i><\/b><b><span style=\"font-size: 13pt; font-family: 'Arial','sans-serif';\">diye uyarm\u0131\u015ft\u0131k.<\/span><\/b><\/p>\n<p style=\"text-align: justify; text-indent: 26.95pt;\"><b><span style=\"font-size: 13pt; font-family: 'Arial','sans-serif';\">Bundan bir y\u0131l kadar sonra ise, Japonya\u2019daki \u00f6nemli bir \u201cd\u00fc\u015f\u00fcnce \u00fcretim merkezi\u201dnin \u0130stanbul temsilcisi yine Milli \u00c7\u00f6z\u00fcm\u00fc aray\u0131p, \u201cABD emperyalizmine ve Yahudi Siyonizm\u2019ine kar\u015f\u0131 Adil D\u00fczen Projeleri; Yeni bir D\u00fcnya i\u00e7in T\u00fcrkiye, Japonya ve Almanya i\u015fbirli\u011fi\u201d konusundaki yaz\u0131 ve yakla\u015f\u0131mlar\u0131m\u0131zdan daha detayl\u0131 yararlanmak ve birlikte ortak teoriler kurgulamak \u00fczere bizleri Japonya\u2019ya \u00e7a\u011f\u0131rm\u0131\u015f ve bu nedenle bir g\u00f6r\u00fc\u015fme talebinde bulunmu\u015flard\u0131. Japonlar \u00f6zellikle: <i>\u201cS\u00fcper g\u00fc\u00e7 olmak ve d\u00fcnya dengelerini kontrol alt\u0131na almak i\u00e7in; EKONOM\u0130K; TEKNOLOJ\u0130K ve ASKER\u0130 G\u00dc\u00c7 olmak, JEOPOL\u0130T\u0130K ve STRATEJ\u0130K bir co\u011frafyada bulunmak, \u00f6nemli bir DEMOGRAF\u0130K (n\u00fcfus yo\u011funlu\u011fu) deste\u011fini arkas\u0131na almak gereklidir, ama yeterli de\u011fildir. S\u00dcPER G\u00dc\u00c7 olmak i\u00e7in b\u00fct\u00fcn bu imk\u00e2n ve f\u0131rsatlar\u0131 haz\u0131rlay\u0131p yararlanmak yan\u0131nda, mevcut d\u00fcnya dengelerini ve arkalar\u0131ndaki dinamikleri \u00e7ok iyi bilen, \u015feytani merkezleri \u015fa\u015f\u0131rtmay\u0131, vuru\u015fturmay\u0131 ve savu\u015fturmay\u0131 \u00e7ok iyi beceren, ama asla vah\u015fi heveslerine de\u011fil, insani de\u011ferlere g\u00f6re hareket eden bir S\u00dcPER BEYNE ve Onun sad\u0131k takip\u00e7ilerine ve ilim varislerine ihtiya\u00e7 vard\u0131r. Ve i\u015fte Erbakan\u2019\u0131n fark\u0131 ve fazileti ve Siyonist merkezlerin korkulu r\u00fcyas\u0131 haline gelmesi bundan kaynaklanmaktad\u0131r.\u201d<\/i><\/span><\/b><\/p>\n<p style=\"text-align: justify; text-indent: 27pt;\"><b><span style=\"font-size: 13pt; font-family: 'Arial','sans-serif';\">Yorumlar\u0131m\u0131za ilgi duyduklar\u0131n\u0131 ve daha derin bilgi sahibi olmay\u0131 arzulad\u0131klar\u0131n\u0131 aktarm\u0131\u015flard\u0131.<\/span><\/b><\/p>\n<p style=\"text-align: justify; text-indent: 26.95pt;\"><b><span style=\"font-family: 'Arial','sans-serif';\">\u00d6yle anla\u015f\u0131l\u0131yor ki; Erbakan\u2019\u0131n projelerinden, harika teknolojilerinden ve \u0130slam\u2019\u0131n gelece\u011finden olduk\u00e7a etkilenen ve \u00fcrken Macar Yahudi\u2019si ve d\u00fc\u015f\u00fcnce \u00fcretim firmas\u0131 STRATFOR\u2019un sahibi George Friedman, bu korkular\u0131n\u0131 yenmek ve dikkatleri farkl\u0131 y\u00f6nlere \u00e7ekmek i\u00e7in, <i>\u201cGelecek 100 Y\u0131l\u201d kitab\u0131nda; do\u011frularla yanl\u0131\u015flar\u0131 harmanlay\u0131p, \u00f6n\u00fcm\u00fczdeki 50 y\u0131l i\u00e7inde T\u00fcrkiye ve Japonya\u2019n\u0131n \u00f6nemli ittifak ve at\u0131l\u0131mlara giri\u015fip ABD\u2019ye sald\u0131racaklar\u0131n\u0131, ilk etapta \u00f6nemli ba\u015far\u0131lar sa\u011flayacaklar\u0131n\u0131, ama sonunda kesin ba\u015far\u0131ya ula\u015famay\u0131p ABD ile uzla\u015fmak zorunda kalacaklar\u0131n\u0131\u201d <\/i>yazm\u0131\u015ft\u0131.<a href=\"#_ftn1\" name=\"_ftnref1\" title=\"\"><\/a><b><span style=\"font-size: 12pt; font-family: 'Arial','sans-serif';\">[1]<\/span><\/b> George Friedman\u2019\u0131n bu kurgular\u0131: \u201cKorkular\u0131n\u0131 bast\u0131rma ve arzular\u0131n\u0131 ger\u00e7ekmi\u015f gibi sunma\u201d tavr\u0131n\u0131 yans\u0131tmaktayd\u0131.<\/span><\/b><\/p>\n<p style=\"text-align: justify; text-indent: 27pt;\"><b><span style=\"font-size: 14pt; font-family: 'Arial','sans-serif';\">\u0130\u015fte Friedman\u2019\u0131n yazd\u0131klar\u0131:<\/span><\/b><\/p>\n<p style=\"text-align: justify; text-indent: 27pt;\"><b><span style=\"font-size: 14pt; font-family: 'Arial','sans-serif';\">\u0130lk ate\u015f; Japonya ve T\u00fcrkiye koalisyonlar\u0131n\u0131n ba\u015far\u0131lar\u0131:<\/span><\/b><\/p>\n<p style=\"text-align: justify; text-indent: 27pt;\"><b><i><span style=\"font-family: 'Arial','sans-serif';\">\u201c\u00dc\u00e7 Battle Stars&#8217;\u0131n y\u0131k\u0131m\u0131n\u0131n, 2050 y\u0131l\u0131nda, 24 Kas\u0131m saat 5&#8217;te yap\u0131lmas\u0131 planlanacakt\u0131r. Bu \u015e\u00fckran G\u00fcn\u00fc&#8217;nde, ABD&#8217;deki \u00e7o\u011fu insan b\u00fcy\u00fck bir \u00f6\u011f\u00fcn\u00fc, sindirmekle u\u011fra\u015ft\u0131ktan sonra, televizyonda futbol seyredecek ve \u015fekerleme yapacakt\u0131r. Baz\u0131lar\u0131 yolda direksiyon ba\u015f\u0131nda olacakt\u0131r. Washington&#8217;daki hi\u00e7 kimse bir sorun bekleyi\u015fi i\u00e7inde olmayacakt\u0131r. \u0130\u015fte o an, Japonlar sald\u0131r\u0131ya ba\u015flayacak, Battle Stars&#8217;\u0131 hedef alan f\u00fczeler \u00f6\u011flene do\u011fru f\u0131rlat\u0131lacakt\u0131r. Bu \u015fu teoriye dayanacakt\u0131r: Bu f\u00fczeler te\u015fhis edilse bile, Washington g\u00fcvenlik ekibi bir ya da iki saat yemekte olaca\u011f\u0131 i\u00e7in, zaman\u0131nda harekete ge\u00e7me imk\u00e2n\u0131 bulunmayacakt\u0131r. Bunu yapmak i\u00e7in, ate\u015flemelerin Japon ay \u00fcss\u00fcnden y\u00f6r\u00fcngeye g\u00f6re 21 Kas\u0131m&#8217;da de\u011fi\u015fik zamanlarda yap\u0131lmas\u0131 planlanacakt\u0131r. Bu nedenle, 20 Kas\u0131m uyar\u0131s\u0131 B Plan\u0131 olacakt\u0131r. \u0130lk ate\u015f. (sh. 259)<\/span><\/i><\/b><\/p>\n<p style=\"text-align: justify; text-indent: 27pt;\"><b><i><span style=\"font-family: 'Arial','sans-serif';\">\u201cJaponlar saat 4.30 gibi, T\u00fcrklere neler oldu\u011fu konusunda bilgi aktaracaklard\u0131r. T\u00fcrkler Japonlar\u0131n m\u00fcttefikidir, ama Japonlar son ana kadar onlara detayl\u0131 bilgi vermeyecek, \u00e7\u00fcnk\u00fc T\u00fcrklerin onlara kaz\u0131k atmas\u0131n\u0131 istemiyorlard\u0131r. Fakat T\u00fcrkler bir \u015feylerin oldu\u011funu bilecek &#8211; Kas\u0131m ay\u0131n\u0131n t\u00fcm sessizli\u011fi bu durum etraf\u0131nda d\u00f6necek ve Japonlar harekete haz\u0131r duracaklard\u0131r. (sh. 260)<\/span><\/i><\/b><\/p>\n<p style=\"text-align: justify; text-indent: 27pt;\"><b><i><span style=\"font-family: 'Arial','sans-serif';\">Ayn\u0131 zamanda T\u00fcrkler, y\u0131llard\u0131r Japonlarla birlikte yapt\u0131klar\u0131 sava\u015f plan\u0131na g\u00f6re hedeflere kendi sald\u0131r\u0131lar\u0131n\u0131 ba\u015flatacaklard\u0131r. Ortak planlar iki \u00fclke aras\u0131nda daha \u00f6nceden yap\u0131lm\u0131\u015f olacakt\u0131r. T\u00fcrklerin bir \u015feyler olaca\u011f\u0131na dair bir hisse kap\u0131lacaklar\u0131n\u0131 daha \u00f6nce s\u00f6ylemi\u015ftim. Zaten kriz modunda olduklar\u0131 i\u00e7in, sava\u015f plan\u0131n\u0131 uygulamak i\u00e7in geni\u015f bir haz\u0131rl\u0131\u011fa gerek duymayacaklard\u0131r. Japonlar yapt\u0131klar\u0131 \u015feyleri iletecek ve T\u00fcrk sens\u00f6rler y\u00f6r\u00fcngedeki e\u015fzamanl\u0131 olaylar\u0131 takibe koyulacakt\u0131r. Bu durumdan h\u0131zl\u0131ca yararlanacaklard\u0131r. \u00c7o\u011fu hedef ABD ve Mississippi&#8217;nin do\u011fusu olacak fakat T\u00fcrkler ayn\u0131 zamanda ana bir g\u00fc\u00e7 olmasa da, ABD ile ittifak yapan Polonya blo\u011funa ve Hindistan&#8217;a sald\u0131racakt\u0131r. Koalisyonun amac\u0131 ABD ve m\u00fcttefiklerini askeri a\u00e7\u0131dan \u00e7aresiz b\u0131rakmak olacakt\u0131r. (sh. 261)<\/span><\/i><\/b><\/p>\n<p style=\"text-align: justify; text-indent: 27pt;\"><b><i><span style=\"font-family: 'Arial','sans-serif';\">Saat 7&#8217;de ABD\u2019nin b\u00fct\u00fcn hava ve hipersonik g\u00fcc\u00fc tahrip edilecek ve etkisiz b\u0131rak\u0131lacakt\u0131r. ABD havadaki h\u00e2kimiyetini kaybedecek ve sadece birka\u00e7 y\u00fcz u\u00e7a\u011f\u0131 kalacakt\u0131r. Avrupa&#8217;daki m\u00fcttefikleri de g\u00fc\u00e7lerini yitirmi\u015f ve yenilmi\u015f olacakt\u0131r. D\u00fcnyan\u0131n etraf\u0131ndaki Amerikan sava\u015f gemilerine sald\u0131r\u0131lacak ve bunlar bat\u0131r\u0131lacakt\u0131r. Amerikan koalisyonu askeri a\u00e7\u0131dan hezimete u\u011frayacakt\u0131r. (sh. 262)<\/span><\/i><\/b><\/p>\n<p style=\"text-align: justify; text-indent: 27pt;\"><b><i><span style=\"font-family: 'Arial','sans-serif';\">ABD Koalisyonunun umudu \u015fu olacakt\u0131r: T\u00fcrk ve Japon etki alanlar\u0131n\u0131 kabul edip, Amerikan etki alan\u0131ndaki s\u0131n\u0131rlar\u0131 belirleyip zaman kazanmaya ve havadaki \u00e7at\u0131\u015fmay\u0131 s\u0131n\u0131rlayan ge\u00e7erli bir taslak olu\u015fturmay\u0131 da i\u00e7eren politik bir uzla\u015fmaya \u00e7al\u0131\u015facakt\u0131r. Ba\u015fka bir ifadeyle, Koalisyon, Amerika&#8217;n\u0131n tek s\u00fcper g\u00fc\u00e7 yerine di\u011fer g\u00fc\u00e7lerden biri oldu\u011funu kabullenmeye ve g\u00fcvenli bir etki alan\u0131yla yetinmeye mecbur kalacakt\u0131r. <\/span><\/i><\/b><b><i><span style=\"font-size: 10pt; font-family: 'Arial','sans-serif';\">(sh. 263)<\/span><\/i><\/b><b><i><span style=\"font-family: 'Arial','sans-serif';\"><\/span><\/i><\/b><\/p>\n<p style=\"text-align: justify; text-indent: 27pt;\"><b><i><span style=\"font-family: 'Arial','sans-serif';\">ABD halk\u0131 bu sald\u0131r\u0131lara duygusal tepki verecek ve \u015fa\u015fk\u0131nl\u0131k i\u00e7inde bocalayacakt\u0131r. 24 Kas\u0131m ak\u015fam\u0131 Amerika\u2019ya iletilen politik uzla\u015fmay\u0131 kabul ederse, \u00fclkenin uzun vadedeki gelece\u011fi belirsiz olacakt\u0131r. T\u00fcrkiye ve Japonya -birbiri ile sava\u015fmas\u0131 \u00e7ok olas\u0131 olmayan iki \u00fclke- Avrasya&#8217;ya h\u00e2kim olacakt\u0131r. Yani yery\u00fcz\u00fcnde bir tane de\u011fil, T\u00fcrkiye ve Japonya iki hegemonya olacakt\u0131r, fakat e\u011fer i\u015fbirli\u011fine giderlerse, Avrasya birle\u015fecek ve sistematik olarak s\u00f6m\u00fcr\u00fclecektir. (sh: 264)<\/span><\/i><\/b><\/p>\n<p style=\"text-align: justify; text-indent: 27pt;\"><b><span style=\"font-size: 14pt; font-family: 'Arial','sans-serif';\">Amerika\u2019n\u0131n kar\u015f\u0131 sald\u0131r\u0131lar\u0131, T\u00fcrkiye-Japonya ortakl\u0131\u011f\u0131n\u0131n bozulmas\u0131!<\/span><\/b><\/p>\n<p style=\"text-align: justify; text-indent: 27pt;\"><span style=\"font-family: 'Arial','sans-serif';\">En sonunda T\u00fcrkiye ve Japonya\u2019ya ait b\u00fct\u00fcn uydular yok edilir edilmez, ABD&#8217;nin elindeki hipersonik u\u00e7aklar Japon ve T\u00fcrk f\u00fcze tesislerine sald\u0131r\u0131 ba\u015flatacakt\u0131r. B\u00f6ylelikle bunlar\u0131n yeni uydu ayarlamalar\u0131n\u0131 ve ABD uydular\u0131na sald\u0131rmalar\u0131n\u0131 imk\u00e2ns\u0131z hale sokacakt\u0131r. (sh. 265)<\/span><\/p>\n<p style=\"text-align: justify; text-indent: 27pt;\"><b><span style=\"font-family: 'Arial','sans-serif';\">Yeni teknolojiler, eski sava\u015f<\/span><\/b><\/p>\n<p style=\"text-align: justify; text-indent: 27pt;\"><span style=\"font-family: 'Arial','sans-serif';\">T\u00fcrkiye-Japonya koalisyonu bu sava\u015f ve sald\u0131r\u0131 planlar\u0131n\u0131n sonunda ba\u015far\u0131s\u0131z oldu\u011funun fark\u0131na varacaklard\u0131r. Daha da rahats\u0131z edici olan\u0131: T\u00fcm ABD hava filosunun imha edildi\u011fine dair inan\u00e7lar\u0131n\u0131n yanl\u0131\u015f oldu\u011fu anla\u015f\u0131lacak ve ABD&#8217;nin hala onlar\u0131 vurabilecek kapasiteye sahip oldu\u011funu g\u00f6r\u00fcp \u015fa\u015f\u0131racaklard\u0131r. Battle Stars bask\u0131n\u0131 ve Japon-T\u00fcrk Koalisyon hava sald\u0131r\u0131s\u0131 aras\u0131nda: \u201cFarkl\u0131 \u00e7evrelere da\u011f\u0131t\u0131lm\u0131\u015f ve saklanm\u0131\u015f ABD g\u00fc\u00e7lerini\u201d hesaba katmam\u0131\u015flard\u0131r. Amerikan rezervlerinin ne kadar derin oldu\u011funun fark\u0131na ge\u00e7 varacaklar ve bunlar\u0131n yerini \u00f6\u011frenmenin hi\u00e7bir yolu da bulunamayacakt\u0131r. Sava\u015f\u0131n tahribat\u0131 ve korku dumanlar\u0131 ge\u00e7mi\u015fte oldu\u011fundan daha kal\u0131n olacakt\u0131r. (sh. 266)<\/span><\/p>\n<p style=\"text-align: justify; text-indent: 27pt;\"><span style=\"font-family: 'Arial','sans-serif';\">Sonunda T\u00fcrkler bu sava\u015f\u0131 kazanamayacaklar\u0131n\u0131 anlayacakt\u0131r. Amerikal\u0131lar\u0131n h\u0131zl\u0131 bir \u015fekilde yeni bir hava g\u00fcc\u00fc yaratmas\u0131 ve T\u00fcrklerin uzaya \u00e7\u0131kmamas\u0131 onlara yenilgiyi haz\u0131rlayacakt\u0131r. Ayn\u0131 zamanda Japonlar\u0131n da onlara yard\u0131m edecek pozisyonu kalmayacakt\u0131r. O s\u0131rada Japonlar \u00c7in sorunuyla u\u011fra\u015f\u0131yor olacakt\u0131r. B\u00f6ylece b\u00fcy\u00fck oyun ba\u015far\u0131s\u0131zl\u0131kla sonu\u00e7lanacakt\u0131r. ABD Japonya&#8217;dan \u00f6nce T\u00fcrkiye&#8217;yi vuracakt\u0131r. B\u00f6ylelikle T\u00fcrkiye h\u0131zl\u0131 bir \u015fekilde Polonya&#8217;dan \u00e7\u0131kacakt\u0131r. Fakat T\u00fcrk Kara Kuvvetleri daha sonra geni\u015f bir alana yay\u0131lacak ve zay\u0131flayacakt\u0131r. Polonya&#8217;ya odaklanmak ba\u015fka yerlerdeki g\u00fc\u00e7leri buraya aktarmak anlam\u0131na gelece\u011finden uzun vadede bu ge\u00e7erli bir se\u00e7enek olmayacakt\u0131r. T\u00fcrkler M\u0131s\u0131r&#8217;dan merkez Asya&#8217;ya yay\u0131lacak, \u00e7e\u015fitli isyanlarla derinden sars\u0131lacakt\u0131r.\u201d (sh. 270)<\/span><\/p>\n<p style=\"text-align: justify; text-indent: 27pt;\"><b><span style=\"font-size: 14pt; font-family: 'Arial','sans-serif';\">Oyunun sonu ve T\u00fcrkiye\u2019nin hezimete u\u011framas\u0131<\/span><\/b><\/p>\n<p style=\"text-align: justify; text-indent: 27pt;\"><span style=\"font-family: 'Arial','sans-serif';\">2052 yaz\u0131na kadar karada bir \u00e7\u0131kmaz ya\u015fanacakt\u0131r. \u0130\u015fte o zaman ABD yeni ve devasa hava g\u00fc\u00e7lerini serbest b\u0131rakacakt\u0131r. Battle Star istihbarat ve silahlar\u0131yla birlikte, ABD hava kuvvetleri Polonya&#8217;daki T\u00fcrk-Japon Koalisyon g\u00fc\u00e7lerini yok edecek ve onlar\u0131n enerji \u00fcretim tesislerini y\u0131kacakt\u0131r. Amerikal\u0131lar \u00c7in&#8217;de sava\u015fan Japon kuvvetlerine de ayn\u0131s\u0131n\u0131 yapacakt\u0131r. Burada Japon su \u00fcst\u00fc tekneleri de hedef al\u0131nacakt\u0131r.<\/span><\/p>\n<p style=\"text-align: justify; text-indent: 27pt;\"><span style=\"font-family: 'Arial','sans-serif';\">ABD\u2019nin kontra sald\u0131r\u0131lar\u0131 Japon ve T\u00fcrkleri h\u0131rpalayacak ve bunlara destek sa\u011flayan Almanlar t\u00f6kezlemeye ba\u015flayacakt\u0131r. Kara kuvvetleri neredeyse buhar olacakt\u0131r. Fakat \u015fimdi Amerikal\u0131lar mecburen n\u00fckleer sorununu dikkate alacak, T\u00fcrklerin ve Japonlar\u0131n atom bombas\u0131 kullanma se\u00e7ene\u011fini hesaba katacakt\u0131r. E\u011fer Koalisyon g\u00fc\u00e7leri milli g\u00fcvenliklerinin ve egemenliklerinin tehdit alt\u0131nda olduklar\u0131n\u0131 d\u00fc\u015f\u00fcn\u00fcrlerse, n\u00fckleer silah kullanmaya kalk\u0131\u015facakt\u0131r.<\/span><\/p>\n<p style=\"text-align: justify; text-indent: 26.95pt;\"><span style=\"font-family: 'Arial','sans-serif';\">ABD; Japonya, T\u00fcrkiye ve m\u00fcttefiklerinden ko\u015fulsuz bir teslimiyet istemeyecektir. Bu \u00fclkelerin milli egemenli\u011fine de zarar vermeyecektir. Ge\u00e7en elli y\u0131lda ABD, d\u00fc\u015fmanlar\u0131n\u0131 hepten yok etmenin en iyi strateji olmad\u0131\u011f\u0131n\u0131 \u00f6\u011frenmi\u015ftir. ABD&#8217;nin amac\u0131; g\u00fc\u00e7ler dengesini sa\u011flay\u0131p, b\u00f6lgesel g\u00fc\u00e7lerin Amerika&#8217;yla de\u011fil de birbirileriyle bo\u011fu\u015fmalar\u0131n\u0131 sa\u011flay\u0131vermektir.<\/span><\/p>\n<p style=\"text-align: justify; text-indent: 27pt;\"><span style=\"font-family: 'Arial','sans-serif';\">ABD Japonya\u2019y\u0131 da yok etmek istemeyecektir. Japonya, Kore ve \u00c7in aras\u0131nda g\u00fc\u00e7ler dengesini kurmak isteyecektir. Benzer bir \u015fekilde, T\u00fcrkiye&#8217;yi de yok etmeyecektir. \u0130slam d\u00fcnyas\u0131n\u0131 da kendi dizayn edip kontrol edecektir. ABD&#8217;nin tek yapaca\u011f\u0131 Polonya bloku ve T\u00fcrkiye aras\u0131nda bir denge kurabilmektir. Polonyal\u0131lar ve ortaklar\u0131 intikam h\u0131rs\u0131yla T\u00fcrk kan\u0131 isteyecektir. Ayn\u0131 zamanda \u00c7inliler ve Koreliler de Japonlar\u0131nkini isteyecektir. (sh. 277)<\/span><\/p>\n<p style=\"text-align: justify; text-indent: 27pt;\"><b><span style=\"font-size: 14pt; font-family: 'Arial','sans-serif';\">\u015eimdi Siyonist stratejist ve \u00e7a\u011fda\u015f k\u00e2hin George Friedman\u2019a ve Onun s\u0131k\u0131 takip\u00e7isi T\u00fcrk medyas\u0131ndaki kopyac\u0131lar\u0131na son bir uyar\u0131 daha yapal\u0131m:<\/span><\/b><\/p>\n<p style=\"text-align: justify; text-indent: 27pt;\"><b><span style=\"font-size: 13pt; font-family: 'Arial','sans-serif';\">1- B\u00f6ylesine hayali kurgularla, ku\u015fku ve korkular\u0131n\u0131z\u0131 bast\u0131rma \u00e7abas\u0131 bo\u015funad\u0131r. \u00c7\u00fcnk\u00fc (40) y\u0131l sonras\u0131na de\u011fil, 40 (k\u0131rk) hafta sonras\u0131na haz\u0131rlanman\u0131z daha ak\u0131ll\u0131cad\u0131r.<\/span><\/b><\/p>\n<p style=\"text-align: justify; text-indent: 27pt;\"><b><span style=\"font-size: 13pt; font-family: 'Arial','sans-serif';\">2- Erbakan Hoca\u2019n\u0131n; T\u00fcrkiye Merkezli, insan endeksli ve \u0130slam (bar\u0131\u015f ve bereket) prensipli, Yeni Bir D\u00fcnya D\u00fczeni mutlaka kurulacak, tarihi hesapla\u015fma kesinlikle ya\u015fanacak ve bunu \u015feytani cephe de\u011fil, Rahmani g\u00fc\u00e7ler kazanacakt\u0131r.<\/span><\/b><\/p>\n<p style=\"text-align: justify; text-indent: 27pt;\"><b><span style=\"font-size: 13pt; font-family: 'Arial','sans-serif';\"> 3- T\u00fcrkiye\u2019nin bu zaferi sadece M\u00fcsl\u00fcmanlar\u0131n de\u011fil, b\u00fct\u00fcn mazlumlar\u0131n ve tabi Amerika ve Avrupa halklar\u0131n\u0131n da yarar\u0131na olacakt\u0131r. Siyonist emeller ta\u015f\u0131mayan Yahudiler de, emperyalist hevesler g\u00fctmeyen H\u0131ristiyan kesimler de huzura kavu\u015facak; sadece zalim ve hain \u00e7evreler ve i\u015fbirlik\u00e7iler devre d\u0131\u015f\u0131 b\u0131rak\u0131lacakt\u0131r.<\/span><\/b><\/p>\n<p style=\"text-align: justify; text-indent: 27pt;\"><b><span style=\"font-size: 13pt; font-family: 'Arial','sans-serif';\">4- \u015eimdiden bu mutlu kutlu d\u00f6n\u00fc\u015f\u00fcme raz\u0131 olman\u0131z, sizlerin de pe\u015finizden gelenlerin de hayr\u0131na olacakt\u0131r.<\/span><\/b><\/p>\n<p style=\"text-align: justify; text-indent: 27pt;\"><b><span style=\"font-size: 13pt; font-family: 'Arial','sans-serif';\">5- Unutmay\u0131n\u0131z, hayal kurmakla hakikatlerden kurtulmak imk\u00e2ns\u0131zd\u0131r. Siyonist arzular\u0131n\u0131z\u0131 stratejik kurgulara yans\u0131tman\u0131z, sadece bir avunma ve yan\u0131lg\u0131d\u0131r. <\/span><\/b><\/p>\n<p style=\"text-align: justify; text-indent: 27pt;\"><b><span style=\"font-size: 14pt; font-family: 'Arial','sans-serif';\">Friedman ve Kagan gibi Yahudilere g\u00f6re; ABD rakipsiz kalmal\u0131d\u0131r!<\/span><\/b><\/p>\n<p style=\"text-align: justify; text-indent: 27pt;\"><b><i><span style=\"font-family: 'Arial','sans-serif';\">\u201cBat\u0131&#8217;n\u0131n \u00e7\u00f6k\u00fc\u015f\u00fc eski bir tart\u0131\u015fma konusudur. Oswald Spengler&#8217;in Bat\u0131&#8217;n\u0131n \u00c7\u00f6k\u00fc\u015f\u00fc kitab\u0131 \u00e7ok ses getirdi\u011fi kadar \u00e7ok da tart\u0131\u015fma konusu olmu\u015ftur. Daima Bat\u0131&#8217;n\u0131n \u00e7\u00f6kmedi\u011fine inananlar olmu\u015ftur. Bilindi\u011fi gibi \u0130bni Haldun devletlerin canl\u0131 organizmalar gibi oldu\u011funu ve do\u011fup b\u00fcy\u00fcy\u00fcp serpildi\u011fini ve ard\u0131ndan da ihtiyarlay\u0131p \u00f6ld\u00fc\u011f\u00fcn\u00fc savunmu\u015ftur.<\/span><\/i><\/b><\/p>\n<p style=\"text-align: justify; text-indent: 27pt;\"><b><i><span style=\"font-family: 'Arial','sans-serif';\">Lakin son zamanlarda \u0130bni Haldun&#8217;un bu \u201cg\u00fc\u00e7ler aras\u0131ndaki seyr\u00fcseferle\u201d ilgili farkl\u0131 bir teori ortaya at\u0131lm\u0131\u015ft\u0131r. Bu antiteze g\u00f6re, Osmanl\u0131 ve ABD bir organizma gibi ritmik bir bi\u00e7imde do\u011fup b\u00fcy\u00fcmekte, ama ya\u015flanmamaktad\u0131r. Aksine kendi i\u00e7inde farkl\u0131 devreleri vard\u0131r, s\u00fcrekli inip \u00e7\u0131kmaktad\u0131r. Bu teoriyi Mustafa Arma\u011fan gibi \u015fahsiyetler Osmanl\u0131&#8217;ya uyarlam\u0131\u015flard\u0131r. Robert Kagan gibi Yahudi as\u0131ll\u0131 Neoconlar da ayn\u0131 antitezi ABD i\u00e7in uyarlamaktad\u0131r. Ferid Zekeriya, Paul Kennedy ve para sihirbaz\u0131 George Soros gibilerin y\u0131k\u0131nt\u0131dan\/dekadansdan bahsettikleri bir d\u00f6nemde Robert Kagan (ve George Fr\u0131edman) bunlar\u0131n aksini s\u00f6yleyerek ve ABD&#8217;nin rakipsiz bir bi\u00e7imde yoluna devam etti\u011fini savunmaktad\u0131r. \u015eimdi Obama, Robert Kagan&#8217;\u0131n bu antitezini se\u00e7im malzemesi olarak kullanmaktad\u0131r.<\/span><\/i><\/b><\/p>\n<p style=\"text-align: justify; text-indent: 27pt;\"><b><i><span style=\"font-family: 'Arial','sans-serif';\">Robert Kagan da Kissinger (ve George Friedman) gibi bu tek kutuplu d\u00fcnya d\u00fczeninde en iyi orta\u011f\u0131n \u0130srail oldu\u011funa inanmaktad\u0131r. Zira o yap\u0131n\u0131n temel bir par\u00e7as\u0131d\u0131r. Lakin Kagan&#8217;\u0131n as\u0131l kayg\u0131s\u0131, ABD&#8217;nin \u00e7\u00f6kmesiyle birlikte d\u00fcnya d\u00fczeninin \u00e7\u00f6kece\u011fini varsaymas\u0131d\u0131r. Yahudi Kagan&#8217;\u0131n nazar\u0131nda ABD, d\u00fcnya \u00e7ad\u0131r\u0131n\u0131n dire\u011fi konumundad\u0131r\u201d <a href=\"#_ftn2\" name=\"_ftnref2\" title=\"\"><\/a><b><span style=\"font-size: 12pt; font-family: 'Arial','sans-serif';\">[2]<\/span><\/b> <\/span><\/i><\/b><\/p>\n<p style=\"text-align: justify; text-indent: 27pt;\"><b><span style=\"font-size: 13pt; font-family: 'Arial','sans-serif';\">Fetullah G\u00fclen de bu Yahudilerle ayn\u0131 kafada ve ayn\u0131 hizadad\u0131r. O da ABD\u2019nin y\u0131k\u0131lmazl\u0131\u011f\u0131na inanmakta ve d\u00fcnya liderli\u011fine ABD\u2019yi lay\u0131k bulmaktad\u0131r. Yani ABD\u2019nin vah\u015fi zihniyetine ve s\u00f6m\u00fcr\u00fc sistemine arka \u00e7\u0131kmakta ve fig\u00fcranl\u0131k yapmaktad\u0131r. Buna ra\u011fmen \u201c\u0130slam \u00f6nderi ve merhamet fedaisi\u201d rol\u00fc oynamaktad\u0131r. Hi\u00e7 kimse kalk\u0131p: \u201cYahu, Amerikan vah\u015fetine taraftarl\u0131kla, Kur\u2019an\u2019\u0131n adalet ve \u015fefkatine hizmetk\u00e2rl\u0131k, nas\u0131l bir arada y\u00fcr\u00fct\u00fclebiliyor?\u201d diye soramamaktad\u0131r. Oysa Maide Suresi 81. ayeti gayet a\u00e7\u0131kt\u0131r:<\/span><\/b><\/p>\n<p style=\"text-align: justify; text-indent: 27pt;\"><b><i><span style=\"font-size: 13pt; font-family: 'Arial','sans-serif';\">\u201cE\u011fer (bu istismarc\u0131 ve marazl\u0131 kimseler ger\u00e7ekten) Allah\u2019a, Resul\u00fcne ve O\u2019na indirilen (Kur\u2019an-\u0131 Kerim\u2019in h\u00fck\u00fcmlerine samimiyetle) inanm\u0131\u015f olsalard\u0131, onlar\u0131 (Siyonist Yahudileri ve Ha\u00e7l\u0131 Emperyalistleri asla) Evliya tutmayacak (zalim Amerika ve Avrupay\u0131; s\u0131\u011f\u0131n\u0131lacak, himmet ve hizmetine ko\u015fulacak, \u00f6rnek ve \u00f6nder say\u0131lacak ve onlar\u0131n saf\u0131nda \u00e7arp\u0131\u015f\u0131lacak odak ve makamda dost ve m\u00fcttefik sanmayacak)lard\u0131. Halbuki bunlar\u0131n \u00e7o\u011fu fas\u0131k (ve m\u00fcnaf\u0131k) tak\u0131m\u0131d\u0131r.\u201d<\/span><\/i><\/b><\/p>\n<p style=\"text-align: justify; text-indent: 27pt;\"><b><span style=\"font-size: 13pt; font-family: 'Arial','sans-serif';\">Bu arada cazip teklifler ve acayip tehditler ile bizi susturup pusturmaya \u00e7al\u0131\u015fan zavall\u0131larla Hz. Nuh\u2019un diliyle konu\u015fal\u0131m:<\/span><\/b><\/p>\n<p style=\"text-align: justify; text-indent: 27pt;\"><b><i><span style=\"font-size: 13pt; font-family: 'Arial','sans-serif';\">\u201cEy kavmim, e\u011fer benim makam\u0131m (Hakk\u0131 tebli\u011f sorumluluk ve \u00e7abalar\u0131m) ve Allah\u2019\u0131n ayetleriyle (i\u015finize gelmeyen ger\u00e7ekleri) hat\u0131rlat\u0131p uyarmalar\u0131m size a\u011f\u0131r geliyor ve kibirlendiriyorsa; ben \u015f\u00fcphesiz Allah\u2019a tevekk\u00fcl etmi\u015fim (bu yoldan ve davamdan d\u00f6necek de\u011filim). Art\u0131k siz, bana kar\u015f\u0131 tasarlad\u0131\u011f\u0131n\u0131z i\u015fleri (ve engelleme giri\u015fimlerini) karara ba\u011flamak \u00fczere \u015ferik ko\u015ftuklar\u0131n\u0131z (ve himayesine s\u0131\u011f\u0131nd\u0131\u011f\u0131n\u0131z d\u0131\u015f g\u00fc\u00e7ler ve yanda\u015f i\u015fbirlik\u00e7ilerle) toplan\u0131p (elinizden geleni yap\u0131n) ve hi\u00e7bir i\u015finiz (k\u00f6t\u00fc niyet ve gayretiniz) size \u00f6rt\u00fcl\u00fc kalmas\u0131n (g\u00fcc\u00fcn\u00fcz\u00fcn yetti\u011fini geri koymay\u0131n). Sonra hakk\u0131mdaki h\u00fckm\u00fcn\u00fcz\u00fc verip uygulay\u0131n ve bana m\u00fchlet tan\u0131may\u0131n, g\u00f6z a\u00e7t\u0131rmay\u0131n\u201d (Yunus: 71)<\/span><\/i><\/b><\/p>\n<p style=\"text-align: justify; text-indent: 27pt;\"><b><span style=\"font-size: 13pt; font-family: 'Arial','sans-serif';\">Sizden korkan ve geri ad\u0131m atan ahmakt\u0131r.<\/span><\/b><b><span style=\"font-size: 13pt;\"><\/span><\/b><\/p>\n<p><span style=\"font-size: 12pt; font-family: 'Times New Roman','serif';\"><br style=\"page-break-before: always;\" clear=\"all\" \/> <\/span><\/p>\n<div><br clear=\"all\" \/><\/p>\n<hr align=\"left\" size=\"1\" width=\"33%\" \/>\n<div>\n<p style=\"margin-bottom: 0.0001pt; line-height: normal;\"><a href=\"#_ftnref1\" name=\"_ftn1\" title=\"\"><\/a><span style=\"font-size: 9pt; font-family: 'Arial','sans-serif';\"><span style=\"font-size: 9pt; font-family: 'Arial','sans-serif';\">[1]<\/span><\/span><span style=\"font-size: 9pt; font-family: 'Arial','sans-serif';\"> Bak: Gelecek 100 Y\u0131l \u2013 \u00c7eviri: \u0130brahim \u015eener \u2013 Pegasus Yay\u0131nlar\u0131. 4. Bask\u0131. 2011 \u0130stanbul<\/span><\/p>\n<\/p><\/div>\n<div>\n<p style=\"margin-bottom: 0.0001pt; line-height: normal;\"><a href=\"#_ftnref2\" name=\"_ftn2\" title=\"\"><\/a><span style=\"font-size: 9pt; font-family: 'Arial','sans-serif';\"><span style=\"font-size: 9pt; font-family: 'Arial','sans-serif';\">[2]<\/span><\/span><span style=\"font-size: 9pt; font-family: 'Arial','sans-serif';\"> Mustafa \u00d6zcan \/ Milli Gazete<\/span><\/p>\n<\/p><\/div>\n<\/p><\/div>\n","protected":false},"excerpt":{"rendered":"<p>&nbsp; Milli \u00c7\u00f6z\u00fcm Dergisi\u2019nin Siyonist Merkezleri tela\u015fland\u0131rmas\u0131 Birle\u015fik Amerika Ba\u015fkentinin en b\u00fcy\u00fck ve en eski gazetesi Washington Post, politik konulara ve d\u00fcnyan\u0131n gelece\u011fi ile ilgili kurgulara a\u011f\u0131rl\u0131k veren bir ABD Yahudi yay\u0131n organ\u0131d\u0131r. \u0130stanbul ve \u0130srail (Jarusselam) b\u00fcrolar\u0131 da bulunmaktad\u0131r. \u0130\u015fte be\u015f y\u0131l kadar \u00f6nce Washington Post\u2019un Avrasya Haber Koordinat\u00f6r\u00fc oldu\u011funu s\u00f6yleyen bir ki\u015fi, Milli [&hellip;]<\/p>\n","protected":false},"author":20,"featured_media":0,"comment_status":"open","ping_status":"closed","sticky":false,"template":"","format":"standard","meta":{"footnotes":""},"categories":[137],"tags":[],"class_list":["post-2298","post","type-post","status-publish","format-standard","hentry","category-haziran-2012"],"_links":{"self":[{"href":"https:\/\/www.millicozum.com\/mc\/wp-json\/wp\/v2\/posts\/2298","targetHints":{"allow":["GET"]}}],"collection":[{"href":"https:\/\/www.millicozum.com\/mc\/wp-json\/wp\/v2\/posts"}],"about":[{"href":"https:\/\/www.millicozum.com\/mc\/wp-json\/wp\/v2\/types\/post"}],"author":[{"embeddable":true,"href":"https:\/\/www.millicozum.com\/mc\/wp-json\/wp\/v2\/users\/20"}],"replies":[{"embeddable":true,"href":"https:\/\/www.millicozum.com\/mc\/wp-json\/wp\/v2\/comments?post=2298"}],"version-history":[{"count":0,"href":"https:\/\/www.millicozum.com\/mc\/wp-json\/wp\/v2\/posts\/2298\/revisions"}],"wp:attachment":[{"href":"https:\/\/www.millicozum.com\/mc\/wp-json\/wp\/v2\/media?parent=2298"}],"wp:term":[{"taxonomy":"category","embeddable":true,"href":"https:\/\/www.millicozum.com\/mc\/wp-json\/wp\/v2\/categories?post=2298"},{"taxonomy":"post_tag","embeddable":true,"href":"https:\/\/www.millicozum.com\/mc\/wp-json\/wp\/v2\/tags?post=2298"}],"curies":[{"name":"wp","href":"https:\/\/api.w.org\/{rel}","templated":true}]}}