{"id":2306,"date":"2012-05-28T05:34:05","date_gmt":"2012-05-28T05:34:05","guid":{"rendered":"https:\/\/www.millicozum.com\/mc\/2012\/05\/28\/millilerle-hainlerin-mucadelesi-mi-yoksa-dincilerle-dinsizlerin-cekismesi-mi\/"},"modified":"2012-05-28T05:34:05","modified_gmt":"2012-05-28T05:34:05","slug":"millilerle-hainlerin-mucadelesi-mi-yoksa-dincilerle-dinsizlerin-cekismesi-mi","status":"publish","type":"post","link":"https:\/\/www.millicozum.com\/mc\/2012\/haziran-2012\/millilerle-hainlerin-mucadelesi-mi-yoksa-dincilerle-dinsizlerin-cekismesi-mi\/","title":{"rendered":"\u201cM\u0130LL\u0130\u201dLERLE \u201cHA\u0130N\u201dLER\u0130N M\u00dcCADELES\u0130 M\u0130 YOKSA \u201cD\u0130NC\u0130\u201dLERLE \u201cD\u0130NS\u0130Z\u201dLER\u0130N \u00c7EK\u0130\u015eMES\u0130 M\u0130?"},"content":{"rendered":"\n<p>&nbsp;<\/p>\n<p style=\"text-align: justify; text-indent: 1cm;\"><b><span style=\"font-size: 13pt; font-family: 'Arial','sans-serif';\">ABD\u2019nin derin devleti olan Yahudi Lobileri, yani \u201cGizli D\u00fcnya Devleti\u201d, \u00e7e\u015fitli \u00fclkelerdeki g\u00fcd\u00fcml\u00fc \u201ckukla iktidarlar\u0131\u201d; bunlar sonradan \u015f\u0131mar\u0131p kendilerine kafa tutmas\u0131n ve milli at\u0131l\u0131mlara kalk\u0131\u015fmas\u0131n diye, hep <i>\u201cortak g\u00fc\u00e7 odaklar\u0131 ve etkin sivil organizasyonlar\u0131\u201d<\/i> ile s\u00fcrekli dengelemeye ve kontrol etmeye \u00e7al\u0131\u015f\u0131r. \u0130\u015fte T\u00fcrkiye\u2019deki H\u00fck\u00fcmet, Cemaat ortakl\u0131\u011f\u0131n\u0131 ve kap\u0131\u015fmas\u0131n\u0131 da, ayn\u0131 Siyonist merkezler ayarlay\u0131p kullanmaktad\u0131r. <\/span><\/b><\/p>\n<p style=\"text-align: justify; text-indent: 1cm;\"><b><span style=\"font-size: 13pt; font-family: 'Arial','sans-serif';\">Ve zaten Milli G\u00f6r\u00fc\u015f ka\u00e7k\u0131n\u0131 AKP\u2019yi iktidara getiren g\u00fc\u00e7lerin, bunlar\u0131 avucunda tutacak \u201cemniyet s\u00fcbap\u201dlar\u0131n\u0131 i\u00e7lerine sokmadan \u00f6yle ba\u015f\u0131bo\u015f b\u0131rakacaklar\u0131n\u0131 sanmak safl\u0131kt\u0131r. \u0130\u015fte Fetullah\u00e7\u0131l\u0131k denen CIA destekli organizasyon, AKP\u2019yi dengeleme ve hizaya getirme arac\u0131d\u0131r. H\u00fck\u00fcmet de, Cemaat de, ayn\u0131 odaklar\u0131n d\u00fcmen suyundad\u0131r. Bu kavgalar\u0131 \u201ciyilerle k\u00f6t\u00fclerin, millilerle i\u015fbirlik\u00e7ilerin\u201d kap\u0131\u015fmas\u0131 sanmak yanl\u0131\u015ft\u0131r. Olsa olsa <i>\u201crol kapma yar\u0131\u015f\u0131 yapan fig\u00fcranlar\u0131n, senarist patronlara hizmet sunmalar\u0131d\u0131r.\u201d<\/i> Ergenekon tezg\u00e2h\u0131n\u0131 da b\u00f6yle de\u011ferlendirmek laz\u0131md\u0131r. Yani b\u00fct\u00fcn bu yaygaralar \u201cMillilerle i\u015fbirlik\u00e7ilerin hesapla\u015fmas\u0131\u201d de\u011fil, Amerika\u2019n\u0131n s\u00f6m\u00fcr\u00fc arabas\u0131n\u0131n atlar\u0131n\u0131 de\u011fi\u015ftirme operasyonlar\u0131d\u0131r. Tabi bu arada ABD ve AKP\u2019nin ba\u015f\u0131n\u0131 a\u011fr\u0131tan ve c\u0131rtlak ses \u00e7\u0131karan alakas\u0131z ve g\u00fcnahs\u0131z insanlar da susturulmaya \u00e7al\u0131\u015f\u0131lmaktad\u0131r. Yani olay \u201cDincilerle Dinsizlerin k\u00f6\u015fe kapmacas\u0131d\u0131r\u201d. <\/span><\/b><\/p>\n<p style=\"text-align: justify; text-indent: 1cm;\"><b><span style=\"font-size: 13pt; font-family: 'Arial','sans-serif';\">\u201cDinci\u201d diye, dindar d\u00fcr\u00fcst, onurlu ve \u015fuurlu M\u00fcsl\u00fcmanlar de\u011fil; din istismarc\u0131s\u0131 ve \u0131l\u0131ml\u0131 \u0130slamc\u0131 kesimler anlat\u0131lmaktad\u0131r.<\/span><\/b><\/p>\n<p style=\"text-align: justify; text-indent: 1cm;\"><b><span style=\"font-size: 13pt; font-family: 'Arial','sans-serif';\">Evet, ulusalc\u0131l\u0131k ve kat\u0131 Laik-Kemalist k\u0131l\u0131fl\u0131 kesimler, a\u00e7\u0131k\u00e7a \u0130slam d\u00fc\u015fmanl\u0131\u011f\u0131 yaparak, yani D\u0130NS\u0130ZL\u0130K yaparak k\u00fcresel g\u00fc\u00e7lere hizmet sunarken; \u201cDinci\u201dler ise istismarc\u0131l\u0131k ve sahtek\u00e2rl\u0131kla Siyonizm\u2019e yaranma tela\u015f\u0131ndad\u0131r. Bu \u201cDincilerle Dinsizlerin \u00e7at\u0131\u015fmas\u0131n\u0131, millilerle i\u015fbirlik\u00e7ilerin hesapla\u015fmas\u0131\u201d gibi sananlar ve sunanlar, yan\u0131lmaktad\u0131r. <\/span><\/b><span style=\"font-size: 10pt; font-family: 'Arial','sans-serif';\"><\/span><\/p>\n<p style=\"text-align: justify; text-indent: 1cm; line-height: 150%;\"><b><span style=\"font-size: 10pt; line-height: 150%; font-family: 'Arial','sans-serif';\">Milli Gazete\u2019de yazan Burhanettin Can\u2019\u0131n, ya bilgi noksanl\u0131\u011f\u0131ndan, ya h\u00fck\u00fcmete yaranma arzusundan \u201cH\u0131ram Abbas\u2019tan Hakan Fidan\u2019a istihbarat sava\u015flar\u0131\u201d yaz\u0131s\u0131nda Mason H\u0131ram Abbas\u2019\u0131 ve Hakan Fidan\u2019\u0131 kahramanla\u015ft\u0131rma \u00e7abalar\u0131 da hem alakas\u0131zd\u0131, hem de sapt\u0131rmacayd\u0131.<\/span><\/b><\/p>\n<p style=\"margin: 0cm 0cm 0.0001pt; text-align: justify; text-indent: 1cm; line-height: 150%; background: none repeat scroll 0% 0% white;\"><b><span style=\"font-family: 'Arial','sans-serif';\">\u201cHiram Abbas Olay\u0131\u201d<\/span><\/b><\/p>\n<p style=\"margin: 0cm 0cm 0.0001pt; text-align: justify; text-indent: 1cm; line-height: 150%; background: none repeat scroll 0% 0% white;\"><b><i><span style=\"font-size: 10pt; line-height: 150%; font-family: 'Arial','sans-serif';\">\u201cHiram Abbas, M\u0130T m\u00fcste\u015far yard\u0131mc\u0131l\u0131\u011f\u0131na kadar y\u00fckselip M\u0130T&#8217;in mevcut durumundan memnun olmayan, T\u00fcrkiye&#8217;nin b\u00fcy\u00fcmesi i\u00e7in M\u0130T&#8217;in b\u00fcnyesinde k\u00f6kl\u00fc reform yap\u0131lmas\u0131n\u0131 savunan, bunun i\u00e7in de m\u00fccadele eden, kavga veren, raporlar sunan, B\u00fcy\u00fck Ortado\u011fu ve B\u00fcy\u00fck \u0130srail projelerinin varl\u0131klar\u0131n\u0131 zaman\u0131nda hissedip y\u00f6netimi uyaran, tecr\u00fcbeli ve eylemci bir istihbarat eleman\u0131yd\u0131. 6 Eyl\u00fcl 1989 y\u0131l\u0131nda yazd\u0131\u011f\u0131 bir raporda bu iki projenin varl\u0131\u011f\u0131na dikkat \u00e7ekmeye \u00e7al\u0131\u015fm\u0131\u015ft\u0131r.<a href=\"#_ftn1\" name=\"_ftnref1\" title=\"\"><\/a><b><span style=\"font-size: 10pt; font-family: 'Arial','sans-serif';\">[1]<\/span><\/b><\/span><\/i><\/b><\/p>\n<p style=\"margin: 0cm 0cm 0.0001pt; text-align: justify; text-indent: 1cm; line-height: 150%; background: none repeat scroll 0% 0% white;\"><b><i><span style=\"font-size: 10pt; line-height: 150%; font-family: 'Arial','sans-serif';\">ABD plan\u0131n\u0131 bu \u015fekilde \u00f6zetleyen Hiram Abbas, bu durumun T\u00fcrkiye&#8217;yi \u00e7ok etkileyece\u011finin g\u00f6z \u00f6n\u00fcne al\u0131nmas\u0131 gerekti\u011fini vurgulamaktayd\u0131. ABD&#8217;nin T\u00fcrkiye&#8217;yi Ortado\u011fu&#8217;da jandarmal\u0131\u011fa soyundurmak i\u00e7in K\u00fcrt ve Ermeni kartlar\u0131n\u0131 kullanaca\u011f\u0131n\u0131 \u00fcst\u00fc kapal\u0131 bir \u015fekilde uyarmaktayd\u0131.<a href=\"#_ftn2\" name=\"_ftnref2\" title=\"\"><\/a><b><span style=\"font-size: 10pt; font-family: 'Arial','sans-serif';\">[2]<\/span><\/b><\/span><\/i><\/b><\/p>\n<p style=\"margin: 0cm 0cm 0.0001pt; text-align: justify; text-indent: 1cm; line-height: 150%; background: none repeat scroll 0% 0% white;\"><b><span style=\"font-size: 10pt; line-height: 150%; font-family: 'Arial','sans-serif';\">\u015eeklinde Mehmet Eym\u00fcr\u2019\u00fcn yanl\u0131\u015f tahlillerini, do\u011fru tespitler gibi savunan Burhanettin Can yan\u0131lmaktayd\u0131.<\/span><\/b><\/p>\n<p style=\"margin: 0cm 0cm 0.0001pt; text-align: justify; text-indent: 1cm; line-height: 150%; background: none repeat scroll 0% 0% white;\"><b><span style=\"font-size: 10pt; line-height: 150%; font-family: 'Arial','sans-serif';\">Sn. Can\u2019\u0131n Hakan Fidan\u2019la ilgili zann\u0131 ve saplant\u0131lar\u0131 da ger\u00e7ekleri yans\u0131tmamaktayd\u0131.<\/span><\/b><\/p>\n<p style=\"margin: 0cm 0cm 0.0001pt; text-align: justify; text-indent: 1cm; line-height: 150%; background: none repeat scroll 0% 0% white;\"><b><i><span style=\"font-family: 'Arial','sans-serif';\">&#8220;T\u00fcrkiye MOSSAD&#8217;\u0131n\u0131n Ba\u015f\u0131na Getirilen Tehlikeli Adam&#8221;: Hakan Fidan<\/span><\/i><\/b><\/p>\n<p style=\"margin: 0cm 0cm 0.0001pt; text-align: justify; text-indent: 1cm; line-height: 150%; background: none repeat scroll 0% 0% white;\"><b><i><span style=\"font-size: 10pt; line-height: 150%; font-family: 'Arial','sans-serif';\">\u201cBenzer bir durumu Hakan Fidan&#8217;\u0131n sorgulamas\u0131 olay\u0131nda ya\u015famaktay\u0131z. Hakan Fidan M\u0130T&#8217;e m\u00fcste\u015far olarak atand\u0131\u011f\u0131nda, \u0130srail&#8217;de gazeteler Fidan aleyhine <\/span><\/i><\/b><b><i><span style=\"font-size: 13pt; line-height: 150%; font-family: 'Arial','sans-serif';\">&#8220;Hakan Fidan, MOSSAD&#8217;\u0131 korkutuyor&#8221;<\/span><\/i><\/b><b><i><span style=\"font-size: 10pt; line-height: 150%; font-family: 'Arial','sans-serif';\"> ba\u015fl\u0131klar\u0131 atarak bir kampanya ba\u015flatm\u0131\u015flard\u0131r. \u00d6zellikle \u0130srail&#8217;in \u00f6nde gelen gazetelerinden Haaretz, &#8220;Fidan&#8217;\u0131n, daha \u00f6nceki g\u00f6revlerinde, T\u00fcrkiye&#8217;nin \u0130ran ile ba\u011flar\u0131n\u0131n g\u00fc\u00e7lendirilmesinde merkezi rol oynad\u0131\u011f\u0131n\u0131&#8221; ve &#8220;Hakan Fidan&#8217;\u0131n M\u0130T&#8217;in ba\u015f\u0131nda kalmas\u0131 halinde; iki \u00fclke aras\u0131ndaki istihbarat de\u011fi\u015fiminin daha fazla zarar g\u00f6rece\u011fini; \u0130srail hakk\u0131ndaki birtak\u0131m \u00f6zel bilgilerin &#8220;d\u00fc\u015fman \u00fclke&#8221; veya \u00f6rg\u00fctlerin eline ge\u00e7ece\u011fini&#8221; man\u015fetine ta\u015f\u0131yarak Hakan Fidan&#8217;a a\u00e7\u0131k bir \u015fekilde sava\u015f ilan\u0131nda bulunmu\u015ftur. Daha da vahim olan\u0131 uluslararas\u0131 ili\u015fkileri hi\u00e7e sayarcas\u0131na \u0130srail Savunma Bakan\u0131 Ehud Barak&#8217;\u0131n 2010 y\u0131l\u0131nda:<\/span><\/i><\/b><\/p>\n<p style=\"margin: 0cm 0cm 0.0001pt; text-align: justify; text-indent: 1cm; line-height: 150%; background: none repeat scroll 0% 0% white;\"><b><i><span style=\"font-size: 10pt; line-height: 150%; font-family: 'Arial','sans-serif';\">&#8220;T\u00fcrkiye dost bir \u00fclke ve stratejik bir m\u00fcttefik. Fakat son haftalarda \u0130ran destek\u00e7isi bir adam T\u00fcrkiye MOSSAD&#8217;\u0131n\u0131n ba\u015f\u0131na atand\u0131. Onlar\u0131n elinde \u00f6nemli miktarda s\u0131rr\u0131m\u0131z var. Son iki aydaki izlenimimiz, bu s\u0131rlar\u0131 \u0130ran&#8217;a a\u00e7abilecekleri \u015feklinde. Bu da \u00e7ok rahats\u0131z edici.&#8221; demi\u015f\/diyebilmi\u015f olmas\u0131d\u0131r.<a href=\"#_ftn3\" name=\"_ftnref3\" title=\"\"><\/a><b><span style=\"font-size: 10pt; font-family: 'Arial','sans-serif';\">[3]<\/span><\/b><\/span><\/i><\/b><\/p>\n<p style=\"margin: 0cm 0cm 0.0001pt; text-align: justify; text-indent: 1cm; line-height: 150%; background: none repeat scroll 0% 0% white;\"><b><i><span style=\"font-size: 10pt; line-height: 150%; font-family: 'Arial','sans-serif';\">Ehud Barak&#8217;\u0131n &#8220;T\u00fcrkiye MOSSAD&#8217;\u0131&#8221; tabirini nas\u0131l yorumlamam\u0131z gerekmektedir? Bunun manas\u0131, M\u0130T&#8217;in MOSSAD&#8217;la o denli i\u00e7 i\u00e7eli\u011fi var ki bunlar\u0131 birbirinden ay\u0131rmak m\u00fcmk\u00fcn de\u011fildir. Bunu ay\u0131rmaya kalkan Hakan Fidan, \u0130srail i\u00e7in \u00e7ok tehlikeli bir d\u00fc\u015fmand\u0131r.&nbsp; Daha \u00f6nceki atanmalarda CIA ve MOSSAD&#8217;dan onay al\u0131n\u0131p al\u0131nmad\u0131\u011f\u0131n\u0131 bilmiyoruz.<\/span><\/i><\/b><\/p>\n<p style=\"margin: 0cm 0cm 0.0001pt; text-align: justify; text-indent: 1cm; line-height: 150%; background: none repeat scroll 0% 0% white;\"><b><i><span style=\"font-size: 10pt; line-height: 150%; font-family: 'Arial','sans-serif';\">Hakan Fidan&#8217;\u0131n M\u0130T konusundaki d\u00fc\u015f\u00fcnceleri H\u0131ram Abbas&#8217;\u0131n d\u00fc\u015f\u00fcnceleri ile b\u00fcy\u00fck oranda \u00f6rt\u00fc\u015fmektedir. Fidan, Abbas gibi M\u0130T&#8217;in i\u00e7eriden ziyade d\u0131\u015fa a\u00e7\u0131lmas\u0131n\u0131 Ortado\u011fu&#8217;da aktif olmas\u0131n\u0131 ve siyasetin elini g\u00fc\u00e7lendirecek faaliyetlerde bulunmas\u0131n\u0131 ve CIA gibi \u00e7ok daha b\u00fcy\u00fck oynamas\u0131n\u0131 savunmaktad\u0131r. Fidan ve ekibinin h\u00fck\u00fcmetle uyumlu \u00e7al\u0131\u015fmas\u0131, d\u0131\u015f politikada h\u00fck\u00fcmete ayak ba\u011f\u0131 olmay\u0131p yard\u0131mc\u0131 olmu\u015f olmas\u0131, son y\u0131llardaki en \u00f6nemli geli\u015fmelerden biridir. Genelkurmay&#8217;\u0131n elindeki son teknoloji \u00fcr\u00fcn\u00fc elektronik haberle\u015fme ve dinleme sistemlerinin (GES) M\u0130T&#8217;e devredilmesi ile M\u0130T&#8217;in Ortado\u011fu&#8217;da istihbarat konusunda \u00e7ok g\u00fc\u00e7lenmi\u015f olmas\u0131, T\u00fcrkiye&#8217;ye uluslararas\u0131 g\u00fc\u00e7 m\u00fccadelesinde \u00e7ok \u00f6nemli bir avantaj sa\u011flam\u0131\u015ft\u0131r.\u201d<\/span><\/i><\/b><a href=\"#_ftn4\" name=\"_ftnref4\" title=\"\"><\/a><b><span style=\"font-size: 10pt; line-height: 150%; font-family: 'Arial','sans-serif';\"><b><span style=\"font-size: 10pt; font-family: 'Arial','sans-serif';\">[4]<\/span><\/b><\/span><\/b><b><span style=\"font-size: 10pt; line-height: 150%; font-family: 'Arial','sans-serif';\"> diyen Burhanettin Can yan\u0131lmaktad\u0131r.<\/span><\/b><\/p>\n<p style=\"text-align: justify; text-indent: 1cm; line-height: 150%;\"><b><span style=\"font-size: 13pt; line-height: 150%; font-family: 'Arial','sans-serif';\">\u0130\u015fte H\u0130RAM ABBAS\u2019\u0131n Perde Arkas\u0131<\/span><\/b><\/p>\n<p style=\"text-align: justify; text-indent: 1cm;\"><span style=\"font-size: 13pt; font-family: 'Arial','sans-serif';\">1932\u2019de \u0130stanbul\u2019da do\u011fdu. Babas\u0131 \u0130ran i\u015fgalindeki G\u00fcney Azerbaycan\u2019dan g\u00f6\u00e7en bir ailenin \u00e7ocu\u011fuydu. Babas\u0131 Galip Eldem masondu. Bu y\u00fczden o\u011fluna Yahudi efsanesindeki \u201cH\u0130RAM USTA\u201dn\u0131n ad\u0131n\u0131 koyuyordu. Hiram Abbas \u00f6nce malum ve me\u015fhur misyoner mektebi <b>Saint-Joseph<\/b> lisesinden mezun oluyor, Ankara Siyasal\u0131 bitiriyor, sonra M\u0130T\u2019e al\u0131n\u0131yor ve CIA\u2019n\u0131n \u00e7e\u015fitli okullar\u0131nda 4 y\u0131l \u00f6zel e\u011fitimden ge\u00e7iriliyordu. 12 Mart 1971 darbesi d\u00f6neminde M\u0130T \u0130stanbul \u015eubesini y\u00f6netiyordu. 12 Eyl\u00fcl Pa\u015falar\u0131, O\u2019nu emekliye sevk ediyor, O da T\u0130SK (T\u00fcrkiye \u0130\u015fverenler Sendikalar\u0131 Konfederasyonu) Genel Ba\u015fkan\u0131 Halit Narin\u2019in yan\u0131nda \u00e7al\u0131\u015f\u0131yordu. Ve bu arada Amerikan silah \u015firketlerinin T\u00fcrkiye temsilcili\u011fini yap\u0131yordu. Daha sonra Turgut \u00d6zal O\u2019nu yeniden M\u0130T M\u00fcste\u015far yard\u0131mc\u0131l\u0131\u011f\u0131na getiriyordu. 12 Mart 1971\u2019de GKB. Memduh Ta\u011fma\u00e7, KKK. Faruk G\u00fcrler, DKK. Celal Eyiceo\u011flu ve HKK. Muhsin Batur\u2019un, Cumhurba\u015fkan\u0131 Cevdet Sunay\u2019a verdikleri bir muht\u0131ra ile S\u00fcleyman Demirel H\u00fck\u00fcmeti istifaya zorlan\u0131yordu, ama \u201calavere-dalavere, saf Mehmet n\u00f6bete\u201d cinsinden, as\u0131l hedefin Erbakan\u2019\u0131n Milli Nizam Partisi\u2019nin kapat\u0131lmas\u0131 oldu\u011fu anla\u015f\u0131l\u0131yordu. Ve <b><i>\u201claik cumhuriyet i\u00e7in en b\u00fcy\u00fck tehdit ve tehlike olarak Milli G\u00f6r\u00fc\u015f\u2019\u00fcn g\u00f6sterildi\u011fi\u201d<\/i><\/b> M\u0130T raporlar\u0131n\u0131 Hiram Abbas haz\u0131rl\u0131yordu. <\/span><\/p>\n<p style=\"text-align: justify; text-indent: 1cm;\"><b><span style=\"font-size: 13pt; font-family: 'Arial','sans-serif';\">Ve \u0130\u015fte HAKAN F\u0130DAN Bulmacas\u0131!<\/span><\/b><\/p>\n<p style=\"text-align: justify; text-indent: 1cm;\"><b><span style=\"font-size: 13pt; font-family: 'Arial','sans-serif';\">1968 Ankara do\u011fumludur. Astsubay olarak Kara Kuvvetleri Muhabere ve Dil Okulu mezunudur. TSK\u2019daki Astsubayl\u0131k s\u00fcrecinde, Almanya NATO \u0130stihbarat Harek\u00e2t Ba\u015fkanl\u0131\u011f\u0131nda g\u00f6revde bulunmu\u015f ve Amerika\u2019daki \u00f6zel bir \u00fcniversitenin siyaset ve y\u00f6netim b\u00f6l\u00fcm\u00fcnden diploma uydurulmu\u015f olup, Bilkent \u00dcniversitesi\u2019nde lisans ve doktora dereceleri kondurulmu\u015ftur. Mecburi hizmet s\u00fcreci bitince Astsubayl\u0131ktan istifa edip h\u0131zla y\u00fckselerek B\u00fcy\u00fckel\u00e7ilik Dan\u0131\u015fmanl\u0131\u011f\u0131 ve Ba\u015fbakanl\u0131k T\u0130KA Ba\u015fkanl\u0131\u011f\u0131\u2019nda bulunmu\u015ftur. Baz\u0131lar\u0131 hakl\u0131 olarak, Uluslararas\u0131 Atom Enerjisi Kurumu, Birle\u015fmi\u015f Milletler, Kalk\u0131nma Kurulu \u00dcyeliklerine ve OYAK Genel Kurulu \u00dcyeli\u011fine getirilmesi \u00fczerinde \u015f\u00fcpheyle durmu\u015ftur. Ve derken AKP taraf\u0131ndan M\u0130T\u2019in ba\u015f\u0131na oturtulmu\u015ftur. \u201cTayyip Erdo\u011fan yanl\u0131s\u0131\u201d iddialar\u0131 yan\u0131nda, Fetullah G\u00fclen\u2019e yak\u0131n olan Sn. Abdullah G\u00fcl ve Ahmet Davuto\u011flu taraf\u0131ndan neden desteklendi\u011fi hala yan\u0131ts\u0131z ve karanl\u0131k bir konudur.<\/span><\/b><\/p>\n<p style=\"text-align: justify; text-indent: 1cm;\"><b><span style=\"font-size: 13pt; font-family: 'Arial','sans-serif';\">\u0130srail\u2019in Hakan Fidan aleyhinde at\u0131p tutmas\u0131n\u0131n \u201conun daha rahat hizmet sunmas\u0131na zemin haz\u0131rlama\u201d kas\u0131tl\u0131 oldu\u011funu bile anlamayan kesimlerin bu oltay\u0131 kolayca yutmalar\u0131 ayr\u0131 bir feraset sorunudur. Bu arada, MOSSAD\u2019\u0131n, g\u00fcya \u0130ran yanl\u0131s\u0131 ilan etti\u011fi Hakan Fidan ba\u015fkanl\u0131\u011f\u0131ndaki M\u0130T\u2019e resmi yaz\u0131 g\u00f6nderip: <i>\u201c\u0130ran destekli KUD\u00dcS ORDUSU \u00f6rg\u00fct\u00fcn\u00fcn T\u00fcrkiye\u2019de \u0130srail diplomatlar\u0131na ve konsolosluklar\u0131na y\u00f6nelik sald\u0131r\u0131 haz\u0131rl\u0131\u011f\u0131 i\u00e7inde olduklar\u0131n\u0131 bildirmesi ve gerekli \u00f6nlemlerin al\u0131nmas\u0131n\u0131 istemesi\u201d<\/i> de, \u0130ran\u2019a sald\u0131r\u0131 i\u00e7in bahane arayan \u0130srail\u2019in yeni tertipler pe\u015finde oldu\u011funu g\u00f6steriyor ve \u015fu soruyu akla getiriyordu: <\/span><\/b><span style=\"font-size: 10pt; font-family: 'Arial','sans-serif';\"><\/span><\/p>\n<p style=\"text-align: justify; text-indent: 1cm;\"><b><span style=\"font-family: 'Arial','sans-serif';\">\u201cMOSSAD\u2019\u0131n, Hakan Fidan M\u0130T\u2019ine g\u00fcvenmesi ve i\u015fbirli\u011fi istemesi bir oyun mudur, yoksa zaten i\u00e7li d\u0131\u015fl\u0131 olmalar\u0131n\u0131n do\u011fal bir sonucu mudur? <\/span><\/b><\/p>\n<p style=\"text-align: justify; text-indent: 1cm;\"><b><span style=\"font-size: 13pt; font-family: 'Arial','sans-serif';\">TSK&#8217;y\u0131 H\u0131rpalama Haz\u0131rl\u0131klar\u0131 ve Gizli Evrak H\u0131rs\u0131zl\u0131klar\u0131..<\/span><\/b><\/p>\n<p style=\"text-align: justify; text-indent: 1cm;\"><b><span style=\"font-size: 10pt; font-family: 'Arial','sans-serif';\">Balyoz CD\u2019lerinde Sahtek\u00e2rl\u0131k yap\u0131lmas\u0131<\/span><\/b><\/p>\n<p style=\"text-align: justify; text-indent: 1cm;\"><b><i><span style=\"font-size: 13pt; font-family: 'Arial','sans-serif';\">\u201c\u00dclkemizin g\u00fcvenli\u011finin sa\u011flanmas\u0131 amac\u0131yla, yasal mevzuata uygun olarak, emir komuta zinciri i\u00e7erisinde ve bir y\u0131l \u00f6nce yap\u0131lan planlama \u00e7er\u00e7evesinde, 5-7 Mart 2003 tarihlerinde icra edilen 1&#8217;inci Ordu Komutanl\u0131\u011f\u0131 Plan Semineri&#8217;ne ait gizli belgelerin bir \u00e7ete taraf\u0131ndan \u00e7al\u0131nd\u0131\u011f\u0131n\u0131\u201d<\/span><\/i><\/b><span style=\"font-size: 10pt; font-family: 'Arial','sans-serif';\"> <b>Yavuz Selim Demira\u011f anlat\u0131yor. (Bak. TSK\u2019ya indirilen Balyoz -Digital Ter\u00f6r- Togan yy. Giri\u015f b\u00f6l\u00fcm\u00fc) <\/b><\/span><\/p>\n<p style=\"text-align: justify; text-indent: 1cm; line-height: 150%;\"><b><span style=\"font-size: 10pt; line-height: 150%; font-family: 'Arial','sans-serif';\">Bu yasal belgeler i\u00e7erisinde hi\u00e7bir su\u00e7 unsuru bulamayan iftira \u00e7etesi, darbe haz\u0131rl\u0131\u011f\u0131 izlenimi veren sahte dijital belgeler \u00fcreterek, bunlar\u0131 \u00f6nce 17 Nolu CD&#8217;de topluyor. Ancak bu CD i\u00e7erisindeki belgelerin, di\u011ferlerinden bariz bir \u015fekilde ayr\u0131ld\u0131\u011f\u0131n\u0131, tuhafl\u0131\u011f\u0131n\u0131, tutars\u0131zl\u0131\u011f\u0131n\u0131, inan\u0131lmazl\u0131\u011f\u0131n\u0131, ikna edebilirli\u011finin olmad\u0131\u011f\u0131n\u0131, yani sahte oldu\u011funu kendileri de anl\u0131yor. Bu sahte belgeleri \u00e7al\u0131nan ger\u00e7ek belgelerle harmanlayarak bu kez sahte 11 Nolu CD\u2019nin i\u00e7ine yerle\u015ftiriliyor. Bu iki CD\u2019ye 16 Nolu CD\u2019yi de d\u00e2hil ederek \u00fc\u00e7\u00fcn\u00fc birlikte ger\u00e7ek 16 adet CD aras\u0131na gizleniyor. Kendince \u201cBak\u0131n\u0131z di\u011fer CD\u2019ler ger\u00e7ekse bu \u00fc\u00e7 CD de ger\u00e7ektir&#8221; demek isteniyor.<\/span><\/b><\/p>\n<p style=\"text-align: justify; text-indent: 1cm; line-height: 150%;\"><b><span style=\"font-size: 10pt; line-height: 150%; font-family: 'Arial','sans-serif';\">\u00c7ald\u0131\u011f\u0131 ger\u00e7ek belgeler aras\u0131nda bir subaya ait el notlar\u0131ndan istifade ederek bu sahte CD\u2019lere inand\u0131r\u0131c\u0131l\u0131k kazand\u0131rmak isteniyor. Bilgisayar ortam\u0131nda, bu subay\u0131n el yaz\u0131s\u0131ndan bir k\u0131s\u0131m harf ve kelimeleri kes-yap\u0131\u015ft\u0131r y\u00f6ntemiyle adeta bir h\u0131rs\u0131z gibi \u00e7alar ve \u00e7ald\u0131\u011f\u0131 bu harflerden \u201cOr. K.na\u201d ve \u201cK.\u00f6zel\u201d kelimelerini olu\u015fturuyor. Bunlar\u0131 s\u0131ras\u0131yla 11 Nolu CD ve 17 Nolu CD \u00fczerine bir yaz\u0131 veya imza makinesiyle yazd\u0131r\u0131yor.<\/span><\/b><\/p>\n<p style=\"text-align: justify; text-indent: 1cm; line-height: 150%;\"><b><span style=\"font-size: 10pt; line-height: 150%; font-family: 'Arial','sans-serif';\">\u0130\u015fte kamuoyuna &#8220;vatansever bir subay&#8221; olarak a\u00e7\u0131klanan, \u015fimdilik kimli\u011fi me\u00e7hul \u015fah\u0131s taraf\u0131ndan bir gazeteciye g\u00f6nderildi\u011fi s\u00f6ylenen ve i\u00e7indeki bir\u00e7ok sahte dijital belgeyle darbe haz\u0131rl\u0131\u011f\u0131 g\u00f6r\u00fcn\u00fcm\u00fc verilen CD&#8217;ler bunlardan olu\u015fuyor. Ve T\u00fcrk Silahl\u0131 Kuvvetlerine y\u00f6nelik itibars\u0131zla\u015ft\u0131rma kampanyas\u0131n\u0131n d\u00fc\u011fmesine bas\u0131l\u0131yor. Halk\u0131m\u0131z\u0131n akl\u0131yla alay edercesine g\u00fcnlerce yaz\u0131l\u0131 ve g\u00f6rsel bas\u0131nda s\u00fcrd\u00fcr\u00fclen kirli bir propagandadan sonra, bu CD&#8217;ler o gazeteci taraf\u0131ndan \u0130stanbul Cumhuriyet Ba\u015fsavc\u0131l\u0131\u011f\u0131na veriliyor. (sh: 83-85)<\/span><\/b><span style=\"font-size: 10pt; line-height: 150%; font-family: 'Arial','sans-serif';\"><\/span><\/p>\n<p style=\"text-align: justify; text-indent: 1cm; line-height: 150%;\"><b><span style=\"font-size: 10pt; line-height: 150%; font-family: 'Arial','sans-serif';\">Kes-Yap\u0131\u015ft\u0131r \u00c7etesi\u2019nin \u0130\u015fi ORAJ Plan\u0131<\/span><\/b><\/p>\n<p style=\"text-align: justify; text-indent: 1cm; line-height: 150%;\"><span style=\"font-size: 10pt; line-height: 150%; font-family: 'Arial','sans-serif';\">\u0130ftira \u00e7etesinin haz\u0131rlam\u0131\u015f oldu\u011fu sahte 11 Nolu CD i\u00e7erisinde toplumda infial yaratacak SUGA, \u00c7AR\u015eAF, SAKAL ad\u0131 alt\u0131nda \u00e7e\u015fitli eylem planlar\u0131 bulunmaktad\u0131r. Bunlardan birisi de ORAJ Hava Harek\u00e2t Plan\u0131\u2019d\u0131r.<\/span><\/p>\n<p style=\"text-align: justify; text-indent: 1cm; line-height: 150%;\"><span style=\"font-size: 10pt; line-height: 150%; font-family: 'Arial','sans-serif';\">Hava Kuvvetleri teknik bir s\u0131n\u0131f oldu\u011fundan iftirac\u0131lar sahte belge \u00fcretirken \u00e7ok zorlan\u0131r. Ger\u00e7ek Bir Hava Harek\u00e2t Plan\u0131 haz\u0131rlamak mesleki bilgi, beceri, zek\u00e2 ve uzun zaman ister. \u0130\u015fin do\u011frusu iftira \u00e7etesi; yapm\u0131\u015f oldu\u011fu b\u00fcy\u00fck hatalarla t\u00fcm bu niteliklere sahip olmad\u0131\u011f\u0131n\u0131 a\u00e7\u0131k\u00e7a ortaya koymu\u015flard\u0131r. \u00c7\u00fcnk\u00fc:<\/span><\/p>\n<p style=\"text-align: justify; text-indent: 1cm; line-height: 150%;\"><span style=\"font-size: 10pt; line-height: 150%; font-family: 'Arial','sans-serif';\">\u2022 Mevcut y\u00f6nergelere vak\u0131f de\u011fillerdir.<\/span><\/p>\n<p style=\"text-align: justify; text-indent: 1cm; line-height: 150%;\"><span style=\"font-size: 10pt; line-height: 150%; font-family: 'Arial','sans-serif';\">\u2022 Planlama us\u00fcl ve tekniklerini bilmemektedir.<\/span><\/p>\n<p style=\"text-align: justify; text-indent: 1cm; line-height: 150%;\"><span style=\"font-size: 10pt; line-height: 150%; font-family: 'Arial','sans-serif';\">\u2022 Askeri yaz\u0131\u015fma usulleri ve literat\u00fcr\u00fcne yeterince, h\u00e2kim olmad\u0131klar\u0131 g\u00f6r\u00fclmektedir.<\/span><\/p>\n<p style=\"text-align: justify; text-indent: 1cm; line-height: 150%;\"><span style=\"font-size: 10pt; line-height: 150%; font-family: 'Arial','sans-serif';\">\u2022 Askeri bilgi ve beceriden de yoksun kimselerdir. (sh: 116-117)<\/span><\/p>\n<p style=\"text-align: justify; text-indent: 1cm;\"><span style=\"font-size: 10pt; font-family: 'Arial','sans-serif';\">Her an ve hepiniz dijital bir ter\u00f6re maruz kalabilirsiniz. 25 kuru\u015fluk bir CD ile aln\u0131n\u0131z\u0131n ortas\u0131ndan aniden vurulabilirsiniz.<\/span><\/p>\n<p style=\"text-align: justify; text-indent: 1cm;\"><b><span style=\"font-size: 13pt; font-family: 'Arial','sans-serif';\">Kafes, Poyrazk\u00f6y, Amirallere Suikast, Casusluk ve \u015eantaj ile Balyoz davalar\u0131nda da buna benzer komplolar ya\u015fanm\u0131\u015ft\u0131r.<\/span><\/b><\/p>\n<p style=\"text-align: justify; text-indent: 1cm;\"><span style=\"font-size: 13pt; font-family: 'Arial','sans-serif';\">1&#8217;inci Ordu Komutanl\u0131\u011f\u0131nda, yasal ve emir komuta zinciri i\u00e7erisinde 2003 y\u0131l\u0131nda yap\u0131lan seminere ili\u015fkin belgeleri \u00e7alan iftira \u00e7etesi, T\u00fcrk Silahl\u0131 Kuvvetlerini tasfiye etmek i\u00e7in bunu bir f\u0131rsat bilerek uyduruk belgelere darbe haz\u0131rl\u0131\u011f\u0131 g\u00f6r\u00fcnt\u00fcs\u00fc vermek i\u00e7in d\u00fc\u015f\u00fcn\u00fcr ta\u015f\u0131n\u0131r. Deniz Kuvvetlerinden emekli olan personelin listesini kolayl\u0131kla temin eder ve bunu Deniz Kuvvetlerinden Emekli M\u00fczahir Personel Listesi&#8217;ne d\u00f6n\u00fc\u015ft\u00fcrmeyi ba\u015far\u0131r. Fakat ele ge\u00e7irdi\u011fi bu listenin g\u00fcncel olup olmad\u0131\u011f\u0131na dikkat etmediklerinden vefat eden emekli personeli bile su\u00e7lu listesine alm\u0131\u015ft\u0131r. <\/span><\/p>\n<p style=\"text-align: justify; text-indent: 1cm;\"><span style=\"font-size: 13pt; font-family: 'Arial','sans-serif';\">Evet, sahte belge d\u00fczenleyicileri bunun fark\u0131na varmam\u0131\u015ft\u0131r. 16&#8217;nc\u0131 s\u0131radaki Tu\u011fa. Burhan DURCAN 5 Temmuz 2000 tarihinde, 19&#8217;uncu s\u0131radaki Tu\u011fa. Nevzat Hilmi SERTEL ise 3 Kas\u0131m 1998 tarihinde vefat ettikleri halde, herhalde ruhlar\u0131 gelip darbe te\u015febb\u00fcs\u00fcne kat\u0131lm\u0131\u015ft\u0131r!? Sahtek\u00e2rlar\u0131n foyalar\u0131 ka\u00e7\u0131n\u0131lmaz olarak bir kez daha ortaya \u00e7\u0131km\u0131\u015ft\u0131r. (sh: 156-159)<\/span><\/p>\n<p style=\"text-align: justify; text-indent: 1cm; line-height: 150%;\"><b><span style=\"font-size: 13pt; line-height: 150%; font-family: 'Arial','sans-serif';\">Lehte olan delillerin karart\u0131lmas\u0131:<\/span><\/b><\/p>\n<p style=\"text-align: justify; text-indent: 1cm; line-height: 150%;\"><b><span style=\"font-size: 10pt; line-height: 150%; font-family: 'Arial','sans-serif';\">\u0130lk \u00f6rne\u011fimiz;<\/span><\/b><span style=\"font-size: 10pt; line-height: 150%; font-family: 'Arial','sans-serif';\"> 1 Nolu CD&#8217;nin i\u00e7inden \u00e7\u0131kan ve daha \u00f6nce de bahsetti\u011fimiz &#8220;<b>SAVUNMA SANAYI.xls&#8221;<\/b> dijital belgesinde HAVELSAN&#8217;da \u00e7al\u0131\u015f\u0131yor olarak listelenen toplam 357 ki\u015fi bulunmaktad\u0131r.<\/span><\/p>\n<p style=\"text-align: justify; text-indent: 1cm; line-height: 150%;\"><span style=\"font-size: 10pt; line-height: 150%; font-family: 'Arial','sans-serif';\">Oysa, HAVELSAN&#8217;\u0131n yan\u0131t\u0131na g\u00f6re; Balyoz belgesinde HAVELSAN&#8217;da \u00e7al\u0131\u015f\u0131yor olarak g\u00f6r\u00fcnen ki\u015filerden 117&#8217;sinin 2002- 2003 y\u0131llar\u0131nda HAVELSAN&#8217;da \u00e7al\u0131\u015fmad\u0131\u011f\u0131 ortaya \u00e7\u0131km\u0131\u015ft\u0131r.<\/span><\/p>\n<p style=\"text-align: justify; text-indent: 1cm; line-height: 150%;\"><b><span style=\"font-size: 10pt; line-height: 150%; font-family: 'Arial','sans-serif';\">\u0130kinci \u00f6rne\u011fimiz;<\/span><\/b><span style=\"font-size: 10pt; line-height: 150%; font-family: 'Arial','sans-serif';\"> &#8220;SAVUNMA SANAYI.xls&#8221; belgesinde yer alan ASELSAN&#8217;da \u00e7al\u0131\u015f\u0131yor g\u00f6sterilen personel listelerinde yer almaktad\u0131r. <\/span><\/p>\n<p style=\"text-align: justify; text-indent: 1cm; line-height: 150%;\"><span style=\"font-size: 10pt; line-height: 150%; font-family: 'Arial','sans-serif';\">ASELSAN&#8217;dan da g\u00f6nderilen yan\u0131tta, Balyoz belgesindeki listede ad\u0131 ge\u00e7en \u00fc\u00e7 ki\u015finin bu kurumda 2007&#8217;de, bir di\u011fer ki\u015finin ise 2006\u2019da \u00e7al\u0131\u015fmaya ba\u015flad\u0131\u011f\u0131 a\u00e7\u0131k\u00e7a ortaya \u00e7\u0131km\u0131\u015ft\u0131r. (Sh: 168-170)<\/span><\/p>\n<p style=\"text-align: justify; text-indent: 1cm; line-height: 150%;\"><b><span style=\"font-size: 10pt; line-height: 150%; font-family: 'Arial','sans-serif';\">\u0130ftirac\u0131lar\u0131n Yapm\u0131\u015f Oldu\u011fu Birinci Hatas\u0131:<\/span><\/b><\/p>\n<p style=\"text-align: justify; text-indent: 1cm; line-height: 150%;\"><span style=\"font-size: 10pt; line-height: 150%; font-family: 'Arial','sans-serif';\">Vazife k\u0131sm\u0131nda <i>&#8220;Darbe i\u00e7in elveri\u015fli ko\u015fullar\u0131 olu\u015fturmak maksad\u0131yla; \u0130stanbul Fatih Camii&#8217;nde G G\u00fcn\u00fc S Saatinde (28 \u015eUBAT 2003) tedhi\u015f faaliyeti icra edilecektir.&#8221;<\/i> denilmektedir.<\/span><\/p>\n<p style=\"text-align: justify; text-indent: 1cm; line-height: 150%;\"><span style=\"font-size: 10pt; line-height: 150%; font-family: 'Arial','sans-serif';\">\u00c7ar\u015faf Eylem Plan\u0131&#8217;nda eylem tarihi 28 \u015eubat 2003 olarak somutla\u015ft\u0131r\u0131lm\u0131\u015f, ancak plan\u0131n EK-A&#8217;s\u0131 olan Hedef Analizinde ise ke\u015fif faaliyeti tarihi olarak MART 2003 tarihi verilmi\u015ftir.<\/span><\/p>\n<p style=\"text-align: justify; text-indent: 1cm;\"><b><span style=\"font-size: 13pt; font-family: 'Arial','sans-serif';\">Bunun anlam\u0131 \u015fudur: 28 \u015eubat 2003&#8217;de ger\u00e7ekle\u015ftirilecek eylemin ke\u015ffinin, eylemden sonraki bir tarih olan MART 2003&#8217;de yap\u0131lmas\u0131d\u0131r. Bunu mant\u0131kl\u0131 olarak kabul etmek m\u00fcmk\u00fcn de\u011fildir. Oysa \u00f6nce ke\u015fif yap\u0131l\u0131r, sonra ke\u015fif sonu\u00e7lar\u0131na g\u00f6re eylem ger\u00e7ekle\u015ftirilir. Eylem ger\u00e7ekle\u015ftirilmi\u015f ise neyin ke\u015ffi neyin analizi yap\u0131lacakt\u0131r?<\/span><\/b><\/p>\n<p style=\"text-align: justify; text-indent: 1cm;\"><b><span style=\"font-size: 13pt; font-family: 'Arial','sans-serif';\">&nbsp;<\/span><\/b><\/p>\n<p style=\"text-align: justify; text-indent: 1cm;\"><b><span style=\"font-size: 13pt; font-family: 'Arial','sans-serif';\"> <\/span><\/b><b><span style=\"font-size: 10pt; font-family: 'Arial','sans-serif';\">\u0130ftirac\u0131lar\u0131n Yapm\u0131\u015f Oldu\u011fu \u0130kinci Hatas\u0131:<\/span><\/b><b><span style=\"font-size: 13pt; font-family: 'Arial','sans-serif';\"><\/span><\/b><\/p>\n<p style=\"text-align: justify; text-indent: 1cm; line-height: 150%;\"><b><span style=\"font-size: 10pt; line-height: 150%; font-family: 'Arial','sans-serif';\">&#8220;Durum&#8221; ba\u015fl\u0131\u011f\u0131 alt\u0131nda; &#8220;T\u00fcrk Silahl\u0131 Kuvvetlerini y\u0131pratmaya y\u00f6nelik faaliyetlerin artt\u0131\u011f\u0131 g\u00f6zlenmektedir&#8221; ifadesi yer almaktad\u0131r.<\/span><\/b><\/p>\n<p style=\"text-align: justify; text-indent: 1cm; line-height: 150%;\"><b><span style=\"font-size: 10pt; line-height: 150%; font-family: 'Arial','sans-serif';\">Peki, 2003 y\u0131l\u0131nda T\u00fcrkiye&#8217;nin g\u00fcndeminde TSK&#8217;y\u0131 y\u0131pratmaya y\u00f6nelik herhangi bir faaliyet var m\u0131d\u0131r? Kesinlikle hay\u0131r. A\u00e7\u0131n bak\u0131n o g\u00fcnlerin gazetelerine, b\u00f6yle bir \u015feye rastlanmayacakt\u0131r.<\/span><\/b><\/p>\n<p style=\"text-align: justify; text-indent: 1cm; line-height: 150%;\"><b><span style=\"font-size: 10pt; line-height: 150%; font-family: 'Arial','sans-serif';\">Oysa TSK&#8217;y\u0131 y\u0131pratmaya y\u00f6nelik sald\u0131r\u0131lar, sahte planda yer ald\u0131\u011f\u0131 gibi 2003 y\u0131l\u0131nda de\u011fil, 2007 y\u0131l\u0131 ve sonras\u0131nda ba\u015flam\u0131\u015ft\u0131r. <\/span><\/b><span style=\"font-size: 10pt; line-height: 150%; font-family: 'Arial','sans-serif';\"><\/span><\/p>\n<p style=\"text-align: justify; text-indent: 1cm; line-height: 150%;\"><b><span style=\"font-size: 10pt; line-height: 150%; font-family: 'Arial','sans-serif';\">\u0130ftirac\u0131lar\u0131n Yapm\u0131\u015f Oldu\u011fu \u00dc\u00e7\u00fcnc\u00fc Hatas\u0131:<\/span><\/b><\/p>\n<p style=\"text-align: justify; text-indent: 1cm; line-height: 150%;\"><span style=\"font-size: 10pt; line-height: 150%; font-family: 'Arial','sans-serif';\">S\u00f6zde \u00c7ar\u015faf Eylem Plan\u0131nda; <i>&#8220;Cami ve \u00e7evrede bulunan kameralar\u0131n durumu tespit edilecektir.&#8221;<\/i> \u015feklinde bir husus yer almaktad\u0131r. <\/span><\/p>\n<p style=\"text-align: justify; text-indent: 1cm; line-height: 150%;\"><span style=\"font-size: 10pt; line-height: 150%; font-family: 'Arial','sans-serif';\">Oysa, Fatih \u0130l\u00e7e Emniyet M\u00fcd\u00fcrl\u00fc\u011f\u00fc ve Fatih \u0130l\u00e7e M\u00fcft\u00fcl\u00fc\u011f\u00fc ile Bilgi Edinme Kanunu kapsam\u0131nda yap\u0131lan yaz\u0131\u015fmada; s\u00f6z konusu tarihte Fatih ve Beyaz\u0131t Camileri ile \u00e7evrelerinde, kamera sistemlerinin mevcut olmad\u0131\u011f\u0131; 2005 y\u0131l\u0131ndan sonra sistemlerin kuruldu\u011fu saptanm\u0131\u015ft\u0131r.<\/span><\/p>\n<p style=\"text-align: justify; text-indent: 1cm; line-height: 150%;\"><b><span style=\"font-size: 10pt; line-height: 150%; font-family: 'Arial','sans-serif';\">\u0130ftirac\u0131lar\u0131n Yapm\u0131\u015f Oldu\u011fu D\u00f6rd\u00fcnc\u00fc Hatas\u0131:<\/span><\/b><\/p>\n<p style=\"text-align: justify; text-indent: 1cm; line-height: 150%;\"><span style=\"font-size: 10pt; line-height: 150%; font-family: 'Arial','sans-serif';\">S\u00f6zde \u00c7ar\u015faf Eylem Plan\u0131&#8217;nda; &#8220;Operasyon esnas\u0131nda muhabere, emniyetli cep telefonlar\u0131 ile sa\u011flanacakt\u0131r&#8221; ibaresi yer almaktad\u0131r.<\/span><\/p>\n<p style=\"text-align: justify; text-indent: 1cm; line-height: 150%;\"><span style=\"font-size: 10pt; line-height: 150%; font-family: 'Arial','sans-serif';\">Oysa, s\u00f6z konusu belgenin haz\u0131rland\u0131\u011f\u0131 iddia edilen 2003 y\u0131l\u0131 \u015eubat ay\u0131nda T\u00fcrkiye\u2019de emniyetli cep telefonu var m\u0131d\u0131r? (sh: 226-229)<\/span><\/p>\n<p style=\"text-align: justify; text-indent: 1cm;\"><b><span style=\"font-size: 13pt; font-family: 'Arial','sans-serif';\">Gelin akl\u0131m\u0131z\u0131 ve mant\u0131\u011f\u0131m\u0131z\u0131 bilimsel \u00e7er\u00e7evede kullanal\u0131m ve \u015feytan\u0131n avukatl\u0131\u011f\u0131n\u0131 yaparak kendi kendimize \u015fu sorular\u0131, soral\u0131m.<\/span><\/b><\/p>\n<p style=\"text-align: justify; text-indent: 1cm;\"><b><span style=\"font-size: 13pt; font-family: 'Arial','sans-serif';\">1. Ordu Komutan\u0131na yaz\u0131ld\u0131\u011f\u0131 iddia edilen, iki ki\u015fiyi ilgilendiren, resmi hi\u00e7bir yaz\u0131 format\u0131n\u0131 i\u00e7ermeyen ve Donanma Komutanl\u0131\u011f\u0131 d\u00e2hil hi\u00e7bir askeri makam\u0131 ilgilendirmeyen bu yaz\u0131 G\u00f6lc\u00fck&#8217;te bir astsubay\u0131n kullan\u0131m d\u0131\u015f\u0131 kalan eski bir hard diskinde ne aramaktad\u0131r?<\/span><\/b><\/p>\n<p style=\"text-align: justify; text-indent: 1cm;\"><b><span style=\"font-size: 13pt; font-family: 'Arial','sans-serif';\"> Bu belge neden daha \u00f6nce ortaya \u00e7\u0131kan sahte 11 Nolu CD i\u00e7erisinde yer alan belgeler aras\u0131nda bulunmam\u0131\u015ft\u0131r?<\/span><\/b><\/p>\n<p style=\"text-align: justify; text-indent: 1cm;\"><b><span style=\"font-size: 13pt; font-family: 'Arial','sans-serif';\">Bulunmamas\u0131n\u0131n nedeni, sonradan ortaya \u00e7\u0131kan yalanlar\u0131 \u00f6rtmek amac\u0131yla \u00fcretilerek G\u00f6lc\u00fck Donanmaya konulmas\u0131 m\u0131d\u0131r? (sh: 264)<\/span><\/b><span style=\"font-size: 10pt; font-family: 'Arial','sans-serif';\"><\/span><\/p>\n<p style=\"text-align: justify; text-indent: 1cm; line-height: 150%;\"><b><span style=\"font-size: 10pt; line-height: 150%; font-family: 'Arial','sans-serif';\">&nbsp;<\/span><\/b><\/p>\n<p style=\"text-align: justify; text-indent: 1cm; line-height: 150%;\"><b><span style=\"font-size: 10pt; line-height: 150%; font-family: 'Arial','sans-serif';\">Dijital Ter\u00f6ristlerin Dijital Hatalar\u0131<\/span><\/b><\/p>\n<p style=\"text-align: justify; text-indent: 1cm; line-height: 150%;\"><span style=\"font-size: 10pt; line-height: 150%; font-family: 'Arial','sans-serif';\">Daha \u00f6nce senaristlerin sahte 11 Nolu CD ile piyasaya s\u00fcrd\u00fc\u011f\u00fc yalanlar\u0131 bir bir yats\u0131dan \u00f6nce s\u00f6nmeye ba\u015flay\u0131nca, bunlar pani\u011fe kap\u0131lm\u0131\u015f ve iftiralar\u0131n\u0131 g\u00fc\u00e7lendirmek i\u00e7in yeni bir komplo haz\u0131rlam\u0131\u015flard\u0131r. Bu yeni komplosunda daha \u00f6nce yapm\u0131\u015f oldu\u011fu hatalar\u0131n\u0131 \u00f6rtmek i\u00e7in, yeni iftira belgeleri haz\u0131rlam\u0131\u015f ve bunlar\u0131 \u00fcniformal\u0131 i\u015fbirlik\u00e7ileri eliyle G\u00f6lc\u00fck Donanma Komutanl\u0131\u011f\u0131na koymu\u015flard\u0131r. <\/span><\/p>\n<p style=\"text-align: justify; text-indent: 1cm; line-height: 150%;\"><span style=\"font-size: 10pt; line-height: 150%; font-family: 'Arial','sans-serif';\">Bu konulan sahte belgeler aras\u0131nda; farkl\u0131 ki\u015fi ve bilgisayarlarda olu\u015fturulduktan sonra &#8220;Birle\u015ftir&#8221; klas\u00f6r\u00fc d\u0131\u015f\u0131nda toplanan, takiben &#8220;gsalkaya&#8221; ve &#8220;ckoylu&#8221; taraf\u0131ndan &#8220;Birle\u015ftir&#8221; klas\u00f6r\u00fc alt\u0131nda g\u00f6zden ge\u00e7irilip derlendikleri izlenimi veren dosyalar\u0131n ilk olu\u015fturulduklar\u0131 ve as\u0131l sahiplerince son kay\u0131tlar\u0131n\u0131n yap\u0131ld\u0131\u011f\u0131 tarihlere ili\u015fkin ilgin\u00e7 bir tespit ortaya \u00e7\u0131km\u0131\u015ft\u0131r. (sh: 350-351)<\/span><\/p>\n<p style=\"text-align: justify; text-indent: 1cm;\"><b><span style=\"font-size: 13pt; font-family: 'Arial','sans-serif';\">Not: Bir soru da biz soral\u0131m: TV ekranlar\u0131ndan izledi\u011fimiz gibi; G\u00f6lc\u00fck Donanma Komutanl\u0131\u011f\u0131 aramas\u0131nda, paket paket Milli \u00c7\u00f6z\u00fcm Dergileri de, g\u00fcya sakland\u0131klar\u0131 yerden \u00e7\u0131kar\u0131lm\u0131\u015ft\u0131r. Resmi ve hukuki \u00e7er\u00e7evede her ay yay\u0131nlanan ve alenen sat\u0131lan Milli \u00c7\u00f6z\u00fcm Dergisi, \u0130slami Temelli, Milli G\u00f6r\u00fc\u015f istikametli ve Milli de\u011ferler eksenli yaz\u0131lar i\u00e7ermesine ra\u011fmen, hangi komutan veya kurmay ve hangi gerek\u00e7e ile bu dergileri g\u00f6t\u00fcr\u00fcp, gizli askeri mahzenlerde saklam\u0131\u015ft\u0131r? Yoksa i\u00e7y\u00fczlerini ve i\u015fbirlik\u00e7ilerini de\u015fifre eden, ama a\u00e7\u0131k\u00e7a Milli \u00c7\u00f6z\u00fcme yan\u0131t veremeyen Cemaat ajanlar\u0131 m\u0131, bunlar\u0131 su\u00e7 unsuru gibi, kendi ayarlad\u0131klar\u0131 gizli b\u00f6lmelere s\u0131k\u0131\u015ft\u0131rm\u0131\u015flard\u0131r?<\/span><\/b><\/p>\n<p style=\"text-align: justify; text-indent: 1cm; line-height: 150%;\"><b><span style=\"font-family: 'Arial','sans-serif';\">&nbsp;<\/span><\/b><\/p>\n<p style=\"text-align: justify; text-indent: 1cm; line-height: 150%;\"><b><span style=\"font-family: 'Arial','sans-serif';\">K\u00fcrt\u00e7\u00fc ve b\u00f6l\u00fcc\u00fc \u015eerafettin El\u00e7i\u2019nin itiraf\u0131:<\/span><\/b><\/p>\n<p style=\"text-align: justify; text-indent: 1cm; line-height: 150%;\"><b><span style=\"font-family: 'Arial','sans-serif';\">&#8216;M\u0130T, K\u00fcrtlerin haklar\u0131n\u0131 almas\u0131na ikna oldu&#8217;<\/span><\/b><\/p>\n<p style=\"margin: 0cm 0cm 0.0001pt; text-align: justify; text-indent: 1cm; line-height: 150%; background: none repeat scroll 0% 0% white;\" class=\"sum\"><b><span style=\"font-size: 10pt; line-height: 150%; font-family: 'Arial','sans-serif';\">BDP listesinden Diyarbak\u0131r ba\u011f\u0131ms\u0131z milletvekili \u015eerafettin El\u00e7i, M\u0130T&#8217;in K\u00fcrt sorununda \u00e7\u00f6z\u00fcm yanl\u0131s\u0131 oldu\u011funu belirterek, te\u015fkilat\u0131n K\u00fcrtlerin temel haklar\u0131n\u0131 almas\u0131 konusunda ikna oldu\u011funu ileri s\u00fcrd\u00fc.<\/span><\/b><\/p>\n<p style=\"margin: 0cm 0cm 0.0001pt; text-align: justify; text-indent: 1cm; line-height: 150%; background: none repeat scroll 0% 0% white;\"><span style=\"font-size: 10pt; line-height: 150%; font-family: 'Arial','sans-serif';\">BDP listesinden Diyarbak\u0131r ba\u011f\u0131ms\u0131z milletvekili \u015eerafettin El\u00e7i, M\u0130T&#8217;in K\u00fcrt sorununda \u00e7\u00f6z\u00fcm yanl\u0131s\u0131 oldu\u011funu belirterek, te\u015fkilat\u0131n K\u00fcrtlerin temel haklar\u0131n\u0131 almas\u0131 konusunda ikna oldu\u011funu s\u00f6yl\u00fcyordu.&nbsp; El\u00e7i, CNN T\u00fcrk ekranlar\u0131nda C\u00fcneyt \u00d6zdemir&#8217;in sorular\u0131n\u0131 yan\u0131tlarken. <b><i>&#8220;M\u00fccadelede akl\u0131nla hareket etmek ba\u015fkad\u0131r duygular\u0131nla hareket etmek ba\u015fkad\u0131r. M\u0130T akl\u0131yla hareket ediyor. Bu olay\u0131 nas\u0131l \u00f6nleyebilirim, nas\u0131l \u00e7\u00f6zerim anlay\u0131\u015f\u0131yla yakla\u015f\u0131yor. Yang\u0131na k\u00f6r\u00fckle gitmiyor. Ama polis \u015fu anda tamamen K\u00fcrtlerin \u00fcst\u00fcne nas\u0131l \u015fiddetle y\u00fcr\u00fcy\u00fcp, burunlar\u0131n\u0131 s\u00fcrteriz K\u00fcrtleri nas\u0131l dize getiririz anlay\u0131\u015f\u0131yla hareket ediyor.&#8221; <\/i><\/b>ifadelerini kullan\u0131yordu.<b><i> &#8220;M\u0130T e\u011fer Ba\u015fbakan&#8217;dan tam destek al\u0131rsa etkili bir rol oynayabilece\u011fi kan\u0131s\u0131nday\u0131m&#8221; <\/i><\/b>\u015feklinde konu\u015fan El\u00e7i,&nbsp; \u015funlar\u0131 s\u00f6yl\u00fcyordu:<b><i> &#8220;M\u0130T&#8217;in soruna bak\u0131\u015f\u0131 ge\u00e7mi\u015fteki temaslar\u0131 da belli. M\u0130T, K\u00fcrtlerin temel haklar\u0131n\u0131 almas\u0131na da ikna olmu\u015f durumda. Devletin di\u011fer kurumlar\u0131nda b\u00f6yle bir \u015fey yok. K\u00fcrtlerin en s\u0131n\u0131rl\u0131 haklar\u0131n\u0131 almas\u0131na bile kar\u015f\u0131 \u00e7\u0131k\u0131l\u0131yor. &#8216;K\u00fcrtler bunu al\u0131rsa \u015f\u0131mar\u0131r ayr\u0131l\u0131r&#8217; diye d\u00fc\u015f\u00fcn\u00fcyor. Oysa K\u00fcrtler de\u011fer g\u00f6rd\u00fc\u011f\u00fc zaman bu devletin kendilerini de temsil etti\u011fini g\u00f6rd\u00fc\u011f\u00fc zaman neden ayr\u0131ls\u0131n? Umar\u0131m KCK operasyonlar\u0131n\u0131n durmas\u0131 b\u00f6yle bir s\u00fcrecin emaresi olsun&#8221;<a href=\"#_ftn5\" name=\"_ftnref5\" title=\"\"><\/a><b><span style=\"font-size: 10pt; font-family: 'Arial','sans-serif';\">[5]<\/span><\/b> <\/i><\/b><\/span><b><span style=\"font-size: 13pt; line-height: 150%; font-family: 'Arial','sans-serif';\">itiraflar\u0131yla, maalesef M\u0130T\u2019in K\u00fcrtlere Federatif \u00d6zerklik yolunu a\u00e7an Siyonist projelere ta\u015feronluk yapt\u0131\u011f\u0131n\u0131 ilan ediyordu.<\/span><\/b><\/p>\n<p><b><span style=\"font-size: 13pt; font-family: 'Arial','sans-serif';\"><br style=\"page-break-before: always;\" clear=\"all\" \/> <\/span><\/b><\/p>\n<div><br clear=\"all\" \/><\/p>\n<hr align=\"left\" size=\"1\" width=\"33%\" \/>\n<div>\n<p style=\"margin-bottom: 0.0001pt; line-height: normal;\"><a href=\"#_ftnref1\" name=\"_ftn1\" title=\"\"><\/a><span style=\"font-size: 9pt; font-family: 'Arial','sans-serif';\"><span style=\"font-size: 9pt; font-family: 'Arial','sans-serif';\">[1]<\/span><\/span><span style=\"font-size: 9pt; font-family: 'Arial','sans-serif';\"> Eym\u00fcr, M., Analiz, Milliyet Yay\u0131nlar\u0131, \u0130stanbul, 1991, S: 120-121<\/span><\/p>\n<\/p><\/div>\n<div>\n<p style=\"margin: 0cm 0cm 0.0001pt; background: none repeat scroll 0% 0% white;\"><a href=\"#_ftnref2\" name=\"_ftn2\" title=\"\"><\/a><span style=\"font-size: 9pt; font-family: 'Arial','sans-serif';\"><span style=\"font-size: 9pt; font-family: 'Arial','sans-serif';\">[2]<\/span><\/span><span style=\"font-size: 9pt; font-family: 'Arial','sans-serif';\"> Eym\u00fcr,M., age, s: 154 -158 <\/span><\/p>\n<\/p><\/div>\n<div>\n<p style=\"margin: 0cm 0cm 0.0001pt; background: none repeat scroll 0% 0% white;\"><a href=\"#_ftnref3\" name=\"_ftn3\" title=\"\"><\/a><span style=\"font-size: 9pt; font-family: 'Arial','sans-serif';\"><span style=\"font-size: 9pt; font-family: 'Arial','sans-serif';\">[3]<\/span><\/span><span style=\"font-size: 9pt; font-family: 'Arial','sans-serif';\"> Yeni Akit&nbsp; 10.02.2012; Yasin Do\u011fan,Yeni \u015eafak 09.02.2012<\/span><\/p>\n<\/p><\/div>\n<div>\n<p style=\"margin-bottom: 0.0001pt; line-height: normal;\"><a href=\"#_ftnref4\" name=\"_ftn4\" title=\"\"><\/a><span style=\"font-size: 9pt; font-family: 'Arial','sans-serif';\"><span style=\"font-size: 9pt; font-family: 'Arial','sans-serif';\">[4]<\/span><\/span><span style=\"font-size: 9pt; font-family: 'Arial','sans-serif';\"> Milli Gazete \/ 02.03.2012<\/span><\/p>\n<\/p><\/div>\n<div>\n<p style=\"margin-bottom: 0.0001pt; line-height: normal;\"><a href=\"#_ftnref5\" name=\"_ftn5\" title=\"\"><\/a><span style=\"font-size: 10pt; font-family: 'Calibri','sans-serif';\">[5]<\/span> Milli Gazete \/ 07.03.2012<\/p>\n<\/p><\/div>\n<\/p><\/div>\n","protected":false},"excerpt":{"rendered":"<p>&nbsp; ABD\u2019nin derin devleti olan Yahudi Lobileri, yani \u201cGizli D\u00fcnya Devleti\u201d, \u00e7e\u015fitli \u00fclkelerdeki g\u00fcd\u00fcml\u00fc \u201ckukla iktidarlar\u0131\u201d; bunlar sonradan \u015f\u0131mar\u0131p kendilerine kafa tutmas\u0131n ve milli at\u0131l\u0131mlara kalk\u0131\u015fmas\u0131n diye, hep \u201cortak g\u00fc\u00e7 odaklar\u0131 ve etkin sivil organizasyonlar\u0131\u201d ile s\u00fcrekli dengelemeye ve kontrol etmeye \u00e7al\u0131\u015f\u0131r. \u0130\u015fte T\u00fcrkiye\u2019deki H\u00fck\u00fcmet, Cemaat ortakl\u0131\u011f\u0131n\u0131 ve kap\u0131\u015fmas\u0131n\u0131 da, ayn\u0131 Siyonist merkezler ayarlay\u0131p kullanmaktad\u0131r. [&hellip;]<\/p>\n","protected":false},"author":28,"featured_media":0,"comment_status":"open","ping_status":"closed","sticky":false,"template":"","format":"standard","meta":{"footnotes":""},"categories":[137],"tags":[],"class_list":["post-2306","post","type-post","status-publish","format-standard","hentry","category-haziran-2012"],"_links":{"self":[{"href":"https:\/\/www.millicozum.com\/mc\/wp-json\/wp\/v2\/posts\/2306","targetHints":{"allow":["GET"]}}],"collection":[{"href":"https:\/\/www.millicozum.com\/mc\/wp-json\/wp\/v2\/posts"}],"about":[{"href":"https:\/\/www.millicozum.com\/mc\/wp-json\/wp\/v2\/types\/post"}],"author":[{"embeddable":true,"href":"https:\/\/www.millicozum.com\/mc\/wp-json\/wp\/v2\/users\/28"}],"replies":[{"embeddable":true,"href":"https:\/\/www.millicozum.com\/mc\/wp-json\/wp\/v2\/comments?post=2306"}],"version-history":[{"count":0,"href":"https:\/\/www.millicozum.com\/mc\/wp-json\/wp\/v2\/posts\/2306\/revisions"}],"wp:attachment":[{"href":"https:\/\/www.millicozum.com\/mc\/wp-json\/wp\/v2\/media?parent=2306"}],"wp:term":[{"taxonomy":"category","embeddable":true,"href":"https:\/\/www.millicozum.com\/mc\/wp-json\/wp\/v2\/categories?post=2306"},{"taxonomy":"post_tag","embeddable":true,"href":"https:\/\/www.millicozum.com\/mc\/wp-json\/wp\/v2\/tags?post=2306"}],"curies":[{"name":"wp","href":"https:\/\/api.w.org\/{rel}","templated":true}]}}