{"id":2311,"date":"2012-05-28T05:36:58","date_gmt":"2012-05-28T05:36:58","guid":{"rendered":"https:\/\/www.millicozum.com\/mc\/2012\/05\/28\/sehit-tegmen-ahmet-tarima\/"},"modified":"2012-05-28T05:36:58","modified_gmt":"2012-05-28T05:36:58","slug":"sehit-tegmen-ahmet-tarima","status":"publish","type":"post","link":"https:\/\/www.millicozum.com\/mc\/2012\/haziran-2012\/sehit-tegmen-ahmet-tarima\/","title":{"rendered":"\u015eEH\u0130T TE\u011eMEN AHMET TARIM\u2019A"},"content":{"rendered":"\n<p>&nbsp;<\/p>\n<p style=\"text-align: justify; text-indent: 126pt;\"><span style=\"font-family: 'Arial','sans-serif';\">Selam sana te\u011fmenim, selam \u015fehitlerime<\/span><\/p>\n<p style=\"text-align: justify; text-indent: 126pt;\"><span style=\"font-family: 'Arial','sans-serif';\">\u015eahadetle Ahmedim, haydi u\u011furlar ola!<\/span><\/p>\n<p style=\"text-align: justify; text-indent: 126pt;\"><span style=\"font-family: 'Arial','sans-serif';\">Kurban etti can\u0131n\u0131, Kutsal ahitlerine<\/span><\/p>\n<p style=\"text-align: justify; text-indent: 126pt;\"><span style=\"font-family: 'Arial','sans-serif';\">\u015ean \u015ferefle Ahmedim, haydi u\u011furlar ola!<\/span><\/p>\n<p style=\"text-align: justify; text-indent: 126pt;\"><span style=\"font-family: 'Arial','sans-serif';\">&nbsp;<\/span><\/p>\n<p style=\"text-align: justify; text-indent: 126pt;\"><span style=\"font-family: 'Arial','sans-serif';\">Bu ne onurlu \u00f6l\u00fcm, bu ne kutlu ak\u0131bet<\/span><\/p>\n<p style=\"text-align: justify; text-indent: 126pt;\"><span style=\"font-family: 'Arial','sans-serif';\">Namus vatan u\u011fruna, dinsizlerle rekabet<\/span><\/p>\n<p style=\"text-align: justify; text-indent: 126pt;\"><span style=\"font-family: 'Arial','sans-serif';\">\u201cYa sab\u0131r!\u201d \u00e7ek, ey bac\u0131m; iman g\u00fcc\u00fcyle sabret<\/span><\/p>\n<p style=\"text-align: justify; text-indent: 126pt;\"><span style=\"font-family: 'Arial','sans-serif';\"> G\u00fcle g\u00fcle Ahmedim, haydi u\u011furlar ola!<\/span><\/p>\n<p style=\"text-align: justify; text-indent: 126pt;\"><span style=\"font-family: 'Arial','sans-serif';\">&nbsp;<\/span><\/p>\n<p style=\"text-align: justify; text-indent: 126pt;\"><span style=\"font-family: 'Arial','sans-serif';\">\u0130nanc\u0131na ba\u011fl\u0131yd\u0131, vatan\u0131na sevdal\u0131<\/span><\/p>\n<p style=\"text-align: justify; text-indent: 126pt;\"><span style=\"font-family: 'Arial','sans-serif';\">Hoca\u2019s\u0131n\u0131n yolunda, Milli \u00c7\u00f6z\u00fcm daval\u0131<\/span><\/p>\n<p style=\"text-align: justify; text-indent: 126pt;\"><span style=\"font-family: 'Arial','sans-serif';\">Kopard\u0131lar fidan\u0131m, taze a\u00e7m\u0131\u015f g\u00fcl dal\u0131<\/span><\/p>\n<p style=\"text-align: justify; text-indent: 126pt;\"><span style=\"font-family: 'Arial','sans-serif';\">\u015eefaatle Ahmedim, haydi u\u011furlar ola!<\/span><\/p>\n<p style=\"text-align: justify; text-indent: 126pt;\"><span style=\"font-family: 'Arial','sans-serif';\">&nbsp;<\/span><\/p>\n<p style=\"text-align: justify; text-indent: 126pt;\"><span style=\"font-family: 'Arial','sans-serif';\">\u015eehit etti Ahmed\u2019i, PKK kafirleri<\/span><\/p>\n<p style=\"text-align: justify; text-indent: 126pt;\"><span style=\"font-family: 'Arial','sans-serif';\">Bunlara f\u0131rsat veren, AKP gafilleri<\/span><\/p>\n<p style=\"text-align: justify; text-indent: 126pt;\"><span style=\"font-family: 'Arial','sans-serif';\">\u015eehitler ki cennetin, \u015fe\u00e7kin misafirleri<\/span><\/p>\n<p style=\"text-align: justify; text-indent: 126pt;\"><span style=\"font-family: 'Arial','sans-serif';\">Selametle Ahmedim, haydi u\u011furlar ola!<\/span><\/p>\n<p style=\"text-align: justify; text-indent: 126pt;\"><span style=\"font-family: 'Arial','sans-serif';\">&nbsp;<\/span><\/p>\n<p style=\"text-align: justify; text-indent: 126pt;\"><span style=\"font-family: 'Arial','sans-serif';\">Te\u011fmendi Ahmet Tar\u0131m, yolda\u015ft\u0131r \u015eeyh \u015eamil\u2019e<\/span><\/p>\n<p style=\"text-align: justify; text-indent: 126pt;\"><span style=\"font-family: 'Arial','sans-serif';\">Aziz \u015fehidin e\u015fi, tam d\u00f6rt ayl\u0131k hamile<\/span><\/p>\n<p style=\"text-align: justify; text-indent: 126pt;\"><span style=\"font-family: 'Arial','sans-serif';\">Amerkad\u0131r d\u00fc\u015fman\u0131m, gayr\u0131 kukla nafile<\/span><\/p>\n<p style=\"text-align: justify; text-indent: 126pt;\"><span style=\"font-family: 'Arial','sans-serif';\">Saadetle Ahmedim, haydi u\u011furlar ola!<\/span><\/p>\n<p style=\"text-align: justify; text-indent: 126pt;\"><span style=\"font-family: 'Arial','sans-serif';\">&nbsp;<\/span><\/p>\n<p style=\"text-align: justify; text-indent: 126pt;\"><span style=\"font-family: 'Arial','sans-serif';\">Ey K\u00fctahyal\u0131 yi\u011fit; mert, metin, d\u00fcr\u00fcst Ahmet<\/span><\/p>\n<p style=\"text-align: justify; text-indent: 126pt;\"><span style=\"font-family: 'Arial','sans-serif';\">PKK\u2019l\u0131 m\u0131 kahbe, i\u015fbirlik\u00e7i mi namert?<\/span><\/p>\n<p style=\"text-align: justify; text-indent: 126pt;\"><span style=\"font-family: 'Arial','sans-serif';\">Hak Dostuna eri\u015ftin, ya\u011f\u0131yor kutlu rahmet<\/span><\/p>\n<p style=\"text-align: justify; text-indent: 126pt;\"><span style=\"font-family: 'Arial','sans-serif';\">\u0130nayetle Ahmedim, haydi u\u011furlar ola!<\/span><\/p>\n<p style=\"text-align: justify; text-indent: 126pt;\"><span style=\"font-family: 'Arial','sans-serif';\">&nbsp;<\/span><\/p>\n<p style=\"text-align: justify; text-indent: 126pt;\"><span style=\"font-family: 'Arial','sans-serif';\">Mevlam sab\u0131rlar versin, ailene sevene<\/span><\/p>\n<p style=\"text-align: justify; text-indent: 126pt;\"><span style=\"font-family: 'Arial','sans-serif';\">Melekler dua eder, ABD\u2019ye s\u00f6vene<\/span><\/p>\n<p style=\"text-align: justify; text-indent: 126pt;\"><span style=\"font-family: 'Arial','sans-serif';\">\u0130\u015fbirlik\u00e7i hainler, ko\u015far katil k\u00f6y\u00fcne<\/span><\/p>\n<p style=\"text-align: justify; text-indent: 126pt;\"><span style=\"font-family: 'Arial','sans-serif';\">Git izzetle Ahmedim, haydi u\u011furlar ola! <\/span><\/p>\n<p style=\"text-align: justify; text-indent: 126pt;\"><span style=\"font-family: 'Arial','sans-serif';\">&nbsp;<\/span><\/p>\n<p style=\"text-align: justify; text-indent: 126pt;\"><span style=\"font-family: 'Arial','sans-serif';\">K\u00fcrdistan kuracakm\u0131\u015f, Amerkan u\u015faklar\u0131<\/span><\/p>\n<p style=\"text-align: justify; text-indent: 126pt;\"><span style=\"font-family: 'Arial','sans-serif';\">PKK\u2019y\u0131 destekler, \u0130srail u\u00e7aklar\u0131<\/span><\/p>\n<p style=\"text-align: justify; text-indent: 126pt;\"><span style=\"font-family: 'Arial','sans-serif';\">Gavura ta\u015ferondur, Hak dava ka\u00e7aklar\u0131<\/span><\/p>\n<p style=\"text-align: justify; text-indent: 126pt;\"><span style=\"font-family: 'Arial','sans-serif';\">Hidayetle Ahmedim, haydi u\u011furlar ola!<\/span><\/p>\n<p style=\"text-align: justify; text-indent: 126pt;\"><span style=\"font-family: 'Arial','sans-serif';\">&nbsp;<\/span><\/p>\n<p style=\"text-align: justify; text-indent: 126pt;\"><span style=\"font-family: 'Arial','sans-serif';\">B\u00fct\u00fcn \u015fehitler Ahmet, PKK kuduz k\u00f6pek<\/span><\/p>\n<p style=\"text-align: justify; text-indent: 126pt;\"><span style=\"font-family: 'Arial','sans-serif';\">A\u011fas\u0131 Amerkad\u0131r, ucuz ve uyuz k\u00f6pek<\/span><\/p>\n<p style=\"text-align: justify; text-indent: 126pt;\"><span style=\"font-family: 'Arial','sans-serif';\">Sivil uzant\u0131lar\u0131, havl\u0131yor huysuz k\u00f6pek<\/span><\/p>\n<p style=\"text-align: justify; text-indent: 126pt;\"><span style=\"font-family: 'Arial','sans-serif';\">Emanetle Ahmedim, haydi u\u011furlar ola!<\/span><\/p>\n","protected":false},"excerpt":{"rendered":"<p>&nbsp; Selam sana te\u011fmenim, selam \u015fehitlerime \u015eahadetle Ahmedim, haydi u\u011furlar ola! Kurban etti can\u0131n\u0131, Kutsal ahitlerine \u015ean \u015ferefle Ahmedim, haydi u\u011furlar ola! &nbsp; Bu ne onurlu \u00f6l\u00fcm, bu ne kutlu ak\u0131bet Namus vatan u\u011fruna, dinsizlerle rekabet \u201cYa sab\u0131r!\u201d \u00e7ek, ey bac\u0131m; iman g\u00fcc\u00fcyle sabret G\u00fcle g\u00fcle Ahmedim, haydi u\u011furlar ola! &nbsp; \u0130nanc\u0131na ba\u011fl\u0131yd\u0131, vatan\u0131na sevdal\u0131 [&hellip;]<\/p>\n","protected":false},"author":29,"featured_media":0,"comment_status":"open","ping_status":"closed","sticky":false,"template":"","format":"standard","meta":{"footnotes":""},"categories":[137],"tags":[],"class_list":["post-2311","post","type-post","status-publish","format-standard","hentry","category-haziran-2012"],"_links":{"self":[{"href":"https:\/\/www.millicozum.com\/mc\/wp-json\/wp\/v2\/posts\/2311","targetHints":{"allow":["GET"]}}],"collection":[{"href":"https:\/\/www.millicozum.com\/mc\/wp-json\/wp\/v2\/posts"}],"about":[{"href":"https:\/\/www.millicozum.com\/mc\/wp-json\/wp\/v2\/types\/post"}],"author":[{"embeddable":true,"href":"https:\/\/www.millicozum.com\/mc\/wp-json\/wp\/v2\/users\/29"}],"replies":[{"embeddable":true,"href":"https:\/\/www.millicozum.com\/mc\/wp-json\/wp\/v2\/comments?post=2311"}],"version-history":[{"count":0,"href":"https:\/\/www.millicozum.com\/mc\/wp-json\/wp\/v2\/posts\/2311\/revisions"}],"wp:attachment":[{"href":"https:\/\/www.millicozum.com\/mc\/wp-json\/wp\/v2\/media?parent=2311"}],"wp:term":[{"taxonomy":"category","embeddable":true,"href":"https:\/\/www.millicozum.com\/mc\/wp-json\/wp\/v2\/categories?post=2311"},{"taxonomy":"post_tag","embeddable":true,"href":"https:\/\/www.millicozum.com\/mc\/wp-json\/wp\/v2\/tags?post=2311"}],"curies":[{"name":"wp","href":"https:\/\/api.w.org\/{rel}","templated":true}]}}