{"id":2312,"date":"2012-05-28T05:37:32","date_gmt":"2012-05-28T05:37:32","guid":{"rendered":"https:\/\/www.millicozum.com\/mc\/2012\/05\/28\/vatan-kutsal-namustur\/"},"modified":"2012-05-28T05:37:32","modified_gmt":"2012-05-28T05:37:32","slug":"vatan-kutsal-namustur","status":"publish","type":"post","link":"https:\/\/www.millicozum.com\/mc\/2012\/haziran-2012\/vatan-kutsal-namustur\/","title":{"rendered":"VATAN, KUTSAL NAMUSTUR!"},"content":{"rendered":"\n<p style=\"text-indent: 108pt; line-height: 150%;\"><span style=\"font-family: 'Arial','sans-serif';\">Devleti da\u011f\u0131lanlar, esir zelil kal\u0131yor<\/span><\/p>\n<p style=\"text-indent: 108pt; line-height: 150%;\"><span style=\"font-family: 'Arial','sans-serif';\">Ruha beden ne ise, Millete yurt vatand\u0131r!<\/span><\/p>\n<p style=\"text-indent: 108pt; line-height: 150%;\"><span style=\"font-family: 'Arial','sans-serif';\">Hidayeti kararan, g\u00e2vur eli yal\u0131yor<\/span><\/p>\n<p style=\"text-indent: 108pt; line-height: 150%;\"><span style=\"font-family: 'Arial','sans-serif';\">\u0130nsan\u0131n en al\u00e7a\u011f\u0131, vatan\u0131n\u0131 satand\u0131r!<\/span><\/p>\n<p style=\"text-indent: 108pt; line-height: 150%;\"><span style=\"font-family: 'Arial','sans-serif';\">&nbsp;<\/span><\/p>\n<p style=\"text-indent: 108pt; line-height: 150%;\"><span style=\"font-family: 'Arial','sans-serif';\">Hoca vasiyetinde; Milli diren\u00e7 g\u00f6zl\u00fcyor:<\/span><\/p>\n<p style=\"text-indent: 108pt; line-height: 150%;\"><b><i><span style=\"font-family: 'Arial','sans-serif';\">\u201cAlttan toprak kay\u0131yor, \u00fclkemiz \u00e7\u00f6z\u00fcl\u00fcyor!\u201d<\/span><\/i><\/b><\/p>\n<p style=\"text-indent: 108pt; line-height: 150%;\"><span style=\"font-family: 'Arial','sans-serif';\">Son nefesinde bile, vatan \u00e7in \u00fcz\u00fcl\u00fcyor<\/span><\/p>\n<p style=\"text-indent: 108pt; line-height: 150%;\"><span style=\"font-family: 'Arial','sans-serif';\">T\u00fcrkiye dertlisiydi; rezil, O\u2019na \u00e7atand\u0131r!<\/span><\/p>\n<p style=\"text-indent: 108pt; line-height: 150%;\"><span style=\"font-family: 'Arial','sans-serif';\">&nbsp;<\/span><\/p>\n<p style=\"text-indent: 108pt; line-height: 150%;\"><span style=\"font-family: 'Arial','sans-serif';\">\u0130slam vahdet dinidir, \u00fclke-millet birli\u011fi<\/span><\/p>\n<p style=\"text-indent: 108pt; line-height: 150%;\"><span style=\"font-family: 'Arial','sans-serif';\">Vatan par\u00e7alan\u0131rsa, olmaz halk\u0131n dirli\u011fi<\/span><\/p>\n<p style=\"text-indent: 108pt; line-height: 150%;\"><span style=\"font-family: 'Arial','sans-serif';\">NATO\u2019ya pa\u015fa olan, hi\u00e7 kal\u0131r m\u0131 erli\u011fi<\/span><\/p>\n<p style=\"text-indent: 108pt; line-height: 150%;\"><span style=\"font-family: 'Arial','sans-serif';\">Bin y\u0131l Ha\u00e7l\u0131 sefere, dik duranlar atand\u0131r!<\/span><\/p>\n<p style=\"text-indent: 108pt; line-height: 150%;\"><span style=\"font-family: 'Arial','sans-serif';\">&nbsp;<\/span><\/p>\n<p style=\"text-indent: 108pt; line-height: 150%;\"><span style=\"font-family: 'Arial','sans-serif';\">\u0130slam; Hakk\u0131n yasas\u0131, milletimin mayas\u0131<\/span><\/p>\n<p style=\"text-indent: 108pt; line-height: 150%;\"><span style=\"font-family: 'Arial','sans-serif';\">Hepsi kutsal emanet, yurdumun her kayas\u0131<\/span><\/p>\n<p style=\"text-indent: 108pt; line-height: 150%;\"><span style=\"font-family: 'Arial','sans-serif';\">Art\u0131k ortaya \u00e7\u0131kt\u0131, hainlerin foyas\u0131<\/span><\/p>\n<p style=\"text-indent: 108pt; line-height: 150%;\"><span style=\"font-family: 'Arial','sans-serif';\">\u0130\u015fbirlik\u00e7iye destek, senin b\u00fcy\u00fck hatand\u0131r!<\/span><\/p>\n<p style=\"text-indent: 108pt; line-height: 150%;\"><span style=\"font-family: 'Arial','sans-serif';\">&nbsp;<\/span><\/p>\n<p style=\"text-indent: 108pt; line-height: 150%;\"><span style=\"font-family: 'Arial','sans-serif';\">\u201cMarmara bir d\u00fckal\u0131k, G\u00fcneydo\u011fu K\u00fcrdistan<\/span><\/p>\n<p style=\"text-indent: 108pt; line-height: 150%;\"><span style=\"font-family: 'Arial','sans-serif';\">Karadeniz Pontus\u201d mu\u015f, Dada\u015f giyer mi fistan?<\/span><\/p>\n<p style=\"text-indent: 108pt; line-height: 150%;\"><span style=\"font-family: 'Arial','sans-serif';\">Hoca\u2019dan ayr\u0131lanlar, \u015fimdi Bush\u2019a asistan<\/span><\/p>\n<p style=\"text-indent: 108pt; line-height: 150%;\"><span style=\"font-family: 'Arial','sans-serif';\">Haktan ka\u00e7an kanc\u0131klar, bak \u00e7irkefe batand\u0131r!<\/span><\/p>\n<p style=\"text-indent: 108pt; line-height: 150%;\"><span style=\"font-family: 'Arial','sans-serif';\">&nbsp;<\/span><\/p>\n<p style=\"text-indent: 108pt; line-height: 150%;\"><span style=\"font-family: 'Arial','sans-serif';\">Demokrasi a\u015fk\u0131na, Dinin satan soysuza<\/span><\/p>\n<p style=\"text-indent: 108pt; line-height: 150%;\"><span style=\"font-family: 'Arial','sans-serif';\">\u00dclkeme BOP kaz\u0131\u011f\u0131, atan hain huysuza<\/span><\/p>\n<p style=\"text-indent: 108pt; line-height: 150%;\"><span style=\"font-family: 'Arial','sans-serif';\">\u201cHo\u015fg\u00f6r\u00fc\u201d hat\u0131r\u0131na, k\u0131l\u0131f takan boynuza<\/span><\/p>\n<p style=\"text-indent: 108pt; line-height: 150%;\"><span style=\"font-family: 'Arial','sans-serif';\">Temiz nehirden \u00e7\u0131k\u0131p, pis \u00e7irkefe batand\u0131r!<\/span><\/p>\n<p style=\"text-indent: 108pt; line-height: 150%;\"><span style=\"font-family: 'Arial','sans-serif';\">&nbsp;<\/span><\/p>\n<p style=\"text-indent: 108pt; line-height: 150%;\"><span style=\"font-family: 'Arial','sans-serif';\">H\u0131yanete g\u00f6r\u00fcp te, tepkisiz gayretsizler<\/span><\/p>\n<p style=\"text-indent: 108pt; line-height: 150%;\"><span style=\"font-family: 'Arial','sans-serif';\">Y\u00fcr\u00fcyen cenazeler, ne g\u00fcn dirilecekler<\/span><\/p>\n<p style=\"text-indent: 108pt; line-height: 150%;\"><span style=\"font-family: 'Arial','sans-serif';\">Belki \u015fehitler kalk\u0131p, saf saf dizilecekler<\/span><\/p>\n<p style=\"text-indent: 108pt; line-height: 150%;\"><span style=\"font-family: 'Arial','sans-serif';\">Onlar bu vatan i\u00e7in, yeralt\u0131nda yatand\u0131r!<\/span><\/p>\n<p style=\"text-indent: 108pt; line-height: 150%;\"><span style=\"font-family: 'Arial','sans-serif';\">&nbsp;<\/span><\/p>\n<p style=\"text-indent: 108pt; line-height: 150%;\"><span style=\"font-family: 'Arial','sans-serif';\">T\u00fcrk K\u00fcrd\u00fc ayr\u0131 g\u00f6ren, sen fesat\u00e7\u0131 ayars\u0131z<\/span><\/p>\n<p style=\"text-indent: 108pt; line-height: 150%;\"><span style=\"font-family: 'Arial','sans-serif';\">Kutsal\u0131n pazarlayan, ey f\u0131rsat\u00e7\u0131 duyars\u0131z<\/span><\/p>\n<p style=\"text-indent: 108pt; line-height: 150%;\"><span style=\"font-family: 'Arial','sans-serif';\">Siz Coni Ceyar gibi, \u00e7ok ucuza cayars\u0131z<\/span><\/p>\n<p style=\"text-indent: 108pt; line-height: 150%;\"><span style=\"font-family: 'Arial','sans-serif';\">Din istismarc\u0131lar\u0131, basit bir \u015farlatand\u0131r!<\/span><\/p>\n<p style=\"text-indent: 108pt; line-height: 150%;\"><span style=\"font-family: 'Arial','sans-serif';\">&nbsp;<\/span><\/p>\n<p style=\"text-indent: 108pt; line-height: 150%;\"><b><span style=\"font-family: 'Arial','sans-serif';\">Marazl\u0131 m\u00fcnaf\u0131klar, Hoca\u2019ya kin kusuyor<\/span><\/b><\/p>\n<p style=\"text-indent: 108pt; line-height: 150%;\"><b><span style=\"font-family: 'Arial','sans-serif';\">H\u0131rs\u0131zl\u0131kla su\u00e7luyor, sahtek\u00e2rlar susuyor<\/span><\/b><\/p>\n<p style=\"text-indent: 108pt; line-height: 150%;\"><b><span style=\"font-family: 'Arial','sans-serif';\">Makam mevki d\u00fc\u015fk\u00fcn\u00fc, kuyruk k\u0131s\u0131p pusuyor<\/span><\/b><\/p>\n<p style=\"text-indent: 108pt; line-height: 150%;\"><b><span style=\"font-family: 'Arial','sans-serif';\">Y\u00fckse\u011fe t\u00fckren; kendi, y\u00fczne balgam atand\u0131r!<\/span><\/b><\/p>\n<p>&nbsp;<\/p>\n","protected":false},"excerpt":{"rendered":"<p>Devleti da\u011f\u0131lanlar, esir zelil kal\u0131yor Ruha beden ne ise, Millete yurt vatand\u0131r! Hidayeti kararan, g\u00e2vur eli yal\u0131yor \u0130nsan\u0131n en al\u00e7a\u011f\u0131, vatan\u0131n\u0131 satand\u0131r! &nbsp; Hoca vasiyetinde; Milli diren\u00e7 g\u00f6zl\u00fcyor: \u201cAlttan toprak kay\u0131yor, \u00fclkemiz \u00e7\u00f6z\u00fcl\u00fcyor!\u201d Son nefesinde bile, vatan \u00e7in \u00fcz\u00fcl\u00fcyor T\u00fcrkiye dertlisiydi; rezil, O\u2019na \u00e7atand\u0131r! &nbsp; \u0130slam vahdet dinidir, \u00fclke-millet birli\u011fi Vatan par\u00e7alan\u0131rsa, olmaz halk\u0131n dirli\u011fi [&hellip;]<\/p>\n","protected":false},"author":98,"featured_media":0,"comment_status":"open","ping_status":"closed","sticky":false,"template":"","format":"standard","meta":{"footnotes":""},"categories":[137],"tags":[],"class_list":["post-2312","post","type-post","status-publish","format-standard","hentry","category-haziran-2012"],"_links":{"self":[{"href":"https:\/\/www.millicozum.com\/mc\/wp-json\/wp\/v2\/posts\/2312","targetHints":{"allow":["GET"]}}],"collection":[{"href":"https:\/\/www.millicozum.com\/mc\/wp-json\/wp\/v2\/posts"}],"about":[{"href":"https:\/\/www.millicozum.com\/mc\/wp-json\/wp\/v2\/types\/post"}],"author":[{"embeddable":true,"href":"https:\/\/www.millicozum.com\/mc\/wp-json\/wp\/v2\/users\/98"}],"replies":[{"embeddable":true,"href":"https:\/\/www.millicozum.com\/mc\/wp-json\/wp\/v2\/comments?post=2312"}],"version-history":[{"count":0,"href":"https:\/\/www.millicozum.com\/mc\/wp-json\/wp\/v2\/posts\/2312\/revisions"}],"wp:attachment":[{"href":"https:\/\/www.millicozum.com\/mc\/wp-json\/wp\/v2\/media?parent=2312"}],"wp:term":[{"taxonomy":"category","embeddable":true,"href":"https:\/\/www.millicozum.com\/mc\/wp-json\/wp\/v2\/categories?post=2312"},{"taxonomy":"post_tag","embeddable":true,"href":"https:\/\/www.millicozum.com\/mc\/wp-json\/wp\/v2\/tags?post=2312"}],"curies":[{"name":"wp","href":"https:\/\/api.w.org\/{rel}","templated":true}]}}