{"id":238,"date":"2006-11-24T02:00:25","date_gmt":"2006-11-24T02:00:25","guid":{"rendered":"https:\/\/www.millicozum.com\/mc\/2006\/11\/24\/favunlar-ve-fanlar\/"},"modified":"2006-11-24T02:00:25","modified_gmt":"2006-11-24T02:00:25","slug":"firavunlar-ve-figuranlar","status":"publish","type":"post","link":"https:\/\/www.millicozum.com\/mc\/2006\/mart-2006\/firavunlar-ve-figuranlar\/","title":{"rendered":"F\u0130RAVUNLAR VE F\u0130G\u00dcRANLAR"},"content":{"rendered":"<p>\u00a0  <\/p>\n<p> \u00dclkemizin maddi ve manevi y\u00f6nden, yeniden dirilip kalk\u0131nmas\u0131; aziz Milletimizin, d\u0131\u015f g\u00fc\u00e7lerin ve i\u015fbirlik\u00e7ilerin; S\u00f6m\u00fcr\u00fclme ve sindirilme k\u0131skac\u0131ndan kurtar\u0131l\u0131p, ger\u00e7ek huzur ve h\u00fcrriyete kavu\u015fturulmas\u0131 ve B\u00fcy\u00fck T\u00fcrkiye \u00f6nderli\u011finde, bar\u0131\u015f ve berekete dayal\u0131, Yeni bir D\u00fcnyan\u0131n kurulmas\u0131 i\u00e7in;  <\/p>\n<p> B\u00fct\u00fcn hayat\u0131n\u0131 ve rahat\u0131n\u0131 inanc\u0131na ve insanl\u0131\u011fa adam\u0131\u015f,  <\/p>\n<p> Bu y\u00fczden s\u00fcrekli, Siyonist merkezlerin, masonik mahfillerin ve m\u00fcnaf\u0131k dincilerin h\u00fccumuna u\u011fram\u0131\u015f,  <\/p>\n<p> Hakl\u0131 ve hay\u0131rl\u0131 yolundan al\u0131konmak \u00fczere: \u00dc\u00e7 ihtilal ya\u015fam\u0131\u015f, d\u00f6rt partisi kapat\u0131lm\u0131\u015f,  <\/p>\n<p>  \u00a0  <\/p>\n<p> Haks\u0131z ve dayanaks\u0131z su\u00e7lamalara muhatap olup cezaland\u0131r\u0131lm\u0131\u015f ve yasaklanm\u0131\u015f&#8230;  <\/p>\n<p> ERBAKAN HOCA G\u0130B\u0130 \u015eEREFL\u0130 B\u0130R \u015eAHS\u0130YETE Y\u00d6NEL\u0130K:  <\/p>\n<p> &quot;Haydi Hoca \u00f6de \u015fu paray\u0131!&quot; \u015eEKL\u0130NDE BA\u015eLIKLAR ATILAN SEV\u0130YES\u0130Z SATA\u015eMALARI VE AHMET HAKAN G\u0130B\u0130 K\u0130RALIK YANA\u015eMALARI muhatap alamaya bile de\u011fer g\u00f6rm\u00fcyoruz.  <\/p>\n<p> \u015eeytan\u0131n \u015f\u00f6valyeleri olan k\u00fcresel \u00e7eteye yaranmak ve bu \u015fer \u015febekesinden makam ve menfaat koparmak i\u00e7in; Erbakan&#39;a h\u0131yanet ve hakaret etmenin en ge\u00e7erli ve gerekli y\u00f6ntem oldu\u011funu sezip: Milli G\u00f6r\u00fc\u015f G\u00f6mle\u011finden soyunan ve art\u0131k malum ve mel&#39;un sahiplerinin sesi olan nasipsizlerin, nas\u0131l bir ruh sefaleti i\u00e7inde bocalad\u0131klar\u0131n\u0131, hayret ve ibretle seyrediyoruz.  <\/p>\n<p> \u0130NSANLIK ONURUNU, V\u0130CDAN\u0130 SORMLULU\u011eUNU VE UTANMA DUYGUSUNU Y\u0130T\u0130RMEM\u0130\u015e \u0130NSANLARIN, KES\u0130NL\u0130KLE B\u00d6YLE DAVANMAYACA\u011eINI B\u0130L\u0130YORUZ VE EFEND\u0130M\u0130Z\u0130N:  <\/p>\n<p> &quot;B\u00fct\u00fcn peygamberlerin ortak hikmet s\u00f6z\u00fc \u015fudur: E\u011fer utanmazsan, istedi\u011fini yap o zaman&quot;\u00a0 hadisini hat\u0131rlat\u0131yoruz.  <\/p>\n<p> Ve \u015fu iki ayet mealini, d\u00fc\u015f\u00fcnen insanlar\u0131n dikkatine arz ediyoruz:  <\/p>\n<ul>\n<li><strong>&quot;(Zavall\u0131 sap\u0131klar) Allah&#39;\u0131 b\u0131rak\u0131p kendilerine (ger\u00e7ek anlamda) yarar ve zarar sa\u011flayamayacak olan \u015feylere (zalim ki\u015filere ve \u00fclkelere) kulluk ve hizmet ediyorlar.<\/strong><\/li>\n<\/ul>\n<p> <strong>\u0130\u015fte (as\u0131l tehlikeli ve gizli) kafir: kendi Rabbine (ve sad\u0131k m\u00fcminlere) kar\u015f\u0131 (\u015feytani g\u00fc\u00e7lere) arka \u00e7\u0131kand\u0131r&quot;<\/strong><a name=\"_ftnref1\" href=\"#_ftn1\" title=\"_ftnref1\"><strong><strong>[1]<\/strong><\/strong><\/a><strong> <\/strong> <\/p>\n<ul>\n<li><strong>Ancak iman eden, Salih amel i\u015fleyen ve Allah&#39;\u0131 \u00e7ok\u00e7a zikredip (r\u0131zas\u0131na ve buyruklar\u0131na g\u00f6re hayat\u0131n\u0131 d\u00fczenleyen sad\u0131k m\u00fcminler) z\u00fclme u\u011frat\u0131ld\u0131ktan sonra (mutlaka) zafere ula\u015ft\u0131r\u0131lacak (ve ilahi nusrete mahzar olacaklard\u0131r)<\/strong><\/li>\n<\/ul>\n<p> <strong>Zulmetmekte olan (\u00e7a\u011fda\u015f firavunlar ve fig\u00fcranlar ise) nas\u0131l bir ink\u0131l\u00e2pla devrilip gideceklerini, pek yak\u0131nda bilip anlayacaklard\u0131r&quot;<\/strong><a name=\"_ftnref2\" href=\"#_ftn2\" title=\"_ftnref2\"><strong><strong>[2]<\/strong><\/strong><\/a>  <\/p>\n<p> <strong>Ba\u015fkas\u0131n\u0131n g\u00f6zl\u00fc\u011f\u00fcn\u00fc takanlar, ba\u015fkas\u0131n\u0131n bakt\u0131\u011f\u0131n\u0131 g\u00f6r\u00fcrler&#8230;<\/strong>  <\/p>\n<p> <strong>\u0130\u015fte ba\u015fka bir \u00f6rnek:<\/strong>  <\/p>\n<p> T\u00fcrkiye&#39;de, M\u00fcsl\u00fcmanlar ad\u0131na s\u00f6z s\u00f6yleme yetkisini kendilerinde g\u00f6renler, adlar\u0131n\u0131n bizim ad\u0131m\u0131zla beraber an\u0131lmas\u0131ndan bir rahats\u0131zl\u0131k duymuyorlar. Hatta kendileri i\u00e7in siyasi bir n\u00fcfuz sa\u011flad\u0131\u011f\u0131 i\u00e7in bundan memnuniyet duyduklar\u0131 bile s\u00f6ylenebilir. Fakat sorun \u015fu ki, d\u00fcnyaya ve olaylara bizim g\u00f6zl\u00fc\u011f\u00fcm\u00fcz ile bakmakta imtina ediyorlar. Bu d\u00fc\u015f\u00fcnd\u00fcr\u00fcc\u00fc bir durum. Bizim g\u00f6rd\u00fcklerimizi g\u00f6rm\u00fcyorlar, d\u00fcnyaya bizim g\u00f6zl\u00fc\u011f\u00fcm\u00fczle bakmaya ba\u015flarlarsa, sayg\u0131 g\u00f6rd\u00fckleri kap\u0131lar\u0131n y\u00fczlerine kapanmas\u0131ndan korkuyor olmal\u0131lar ki, bundan \u00f6zellikle ka\u00e7\u0131n\u0131yorlar.  <\/p>\n<p> Bizim ad\u0131m\u0131za s\u00f6z s\u00f6yleme yetkisini onlara biz vermedik. \u00d6yleyse bu g\u00f6revi onlara kim verdi? Bu sorunun cevab\u0131n\u0131, \u00f6n\u00fcnde a\u00e7\u0131lmas\u0131n\u0131 umarak bekledikleri kap\u0131n\u0131n arkas\u0131nda kimin oldu\u011funu g\u00f6rerek verebiliriz.  <\/p>\n<p> Kendi evine ba\u015fkas\u0131n\u0131n g\u00f6zl\u00fc\u011f\u00fc ile bakanlar, evleri hakk\u0131nda, b\u0131rak\u0131n s\u00f6z s\u00f6yleme yetkisine sahip olmay\u0131, do\u011fru bir yorumda bile bulunamazlar. \u00c7ocuklar\u0131n yaramaz oldu\u011funu s\u00f6yleyecekler, evin d\u00fczeltilmesi gerekti\u011fini geveleyecekler&#8230; Bu tiplerin ne s\u00f6yledikleri \u00f6nemli de\u011fil, akl\u0131m\u0131z\u0131 ve g\u00f6nl\u00fcm\u00fcz\u00fc ferahlatan kitaptan, Kur&#39;andan \u00f6\u011freniyoruz ger\u00e7e\u011fi. As\u0131l onlar\u0131n evleri ve ak\u0131llar\u0131 da\u011f\u0131n\u0131kt\u0131r.  <\/p>\n<p> Bat\u0131l\u0131lar\u0131n g\u00f6zl\u00fc\u011f\u00fc ile d\u00fcnyaya bakanlar\u0131n, kavramlar\u0131n\u0131 ve s\u0131n\u0131rlar\u0131n\u0131 Bat\u0131n\u0131n belirledi\u011fi bir d\u00fc\u015f\u00fcnce \u00fcslubuna ve ufkuna mahkum olmalar\u0131 ka\u00e7\u0131n\u0131lmazd\u0131r. \u0130nkar olunamaz bir ger\u00e7ektir ki, Bat\u0131n\u0131n g\u00f6zl\u00fc\u011f\u00fc, kullananlar\u0131n g\u00f6z\u00fcn\u00fc bozacakt\u0131r. Ge\u00e7ti\u011fimiz y\u0131llarda M\u00fcsl\u00fcmanlar\u0131 temsil g\u00f6revini, anlayamad\u0131\u011f\u0131m\u0131z bir tuhafl\u0131kla \u00fcstlenen ve bu y\u00fcce(!) vazifeyi, Katoliklerin dini lideri Papa&#39;n\u0131n yan\u0131na kadar ta\u015f\u0131yan kanaat \u00f6nderinin, kimin g\u00f6zl\u00fc\u011f\u00fcyle d\u00fcnyaya bakt\u0131\u011f\u0131n\u0131, yapt\u0131klar\u0131ndan ve yazd\u0131klar\u0131ndan \u00e7\u0131karabiliriz. \u0130ngiliz as\u0131ll\u0131 sanat\u00e7\u0131 Yusuf \u0130slam&#39;a Amerika&#39;ya giri\u015f izni verilmedi\u011fi bir d\u00f6nemde, kimin nas\u0131l ve ne \u015fekilde rahat\u00e7a orada bulundu\u011fu sorusunu hi\u00e7 sormayal\u0131m. Kendisiyle yap\u0131lan r\u00f6portajlar\u0131n birinde, sap\u0131k ve sald\u0131rgan Amerikan&#39;\u0131n adalet sistemine duydu\u011fu hayranl\u0131\u011f\u0131 a\u00e7\u0131k\u00e7a dile getiren &quot;kahraman\u0131m\u0131z&quot;, sava\u015fla ilgisi olmayan \u0130srailli masum insanlar\u0131n \u00f6ld\u00fcr\u00fclmesine \u00e7ok \u00fcz\u00fcl\u00fcyormu\u015f. S\u00f6z\u00fc Filistinli intihar eylemcilerine getiriyor. Ama nedense, g\u00f6z\u00fc d\u00f6nm\u00fc\u015f Siyonist askerlerin, mazlum Filistin halk\u0131na reva g\u00f6rd\u00fc\u011f\u00fc vah\u015fet ve cinayetleri ve \u0130srail&#39;in y\u00fcr\u00fctt\u00fc\u011f\u00fc devlet ter\u00f6r\u00fcn\u00fc hi\u00e7 a\u011fz\u0131na alm\u0131yor.  <\/p>\n<p> Anla\u015f\u0131lan o ki, ba\u015fkas\u0131n\u0131n g\u00f6zl\u00fc\u011f\u00fcn\u00fc takmay\u0131 al\u0131\u015fkanl\u0131k haline getirenler, bizim g\u00f6rd\u00fc\u011f\u00fcm\u00fczden farkl\u0131 \u015feyler g\u00f6r\u00fcyor. Vatan\u0131 i\u015fgal alt\u0131nda olan, ailesinin onurunu ve namusunu kurtarmak i\u00e7in can\u0131ndan ba\u015fka verebilecek hi\u00e7bir \u015feyi olmayanlar\u0131, sa\u011fduyu denilen &quot;\u015feye&quot; davet ediyor, bu Hoca&#8230; Ak\u0131l buland\u0131r\u0131c\u0131 bir bak\u0131\u015f a\u00e7\u0131s\u0131 daha.  <\/p>\n<p> \u015eunu g\u00f6remiyor: Oras\u0131 Filistinlilerin topra\u011f\u0131d\u0131r. Orada bulunan her re\u015fit \u0130srailli i\u015fgalci konumundad\u0131r. Bu a\u00e7\u0131k ger\u00e7ek, g\u00f6rmek isteyen herkes taraf\u0131ndan rahatl\u0131kla g\u00f6r\u00fclebilir. Antisemitizm aldatmacas\u0131na tak\u0131lmadan, bu b\u00f6yledir.  <\/p>\n<p> S\u00f6z\u00fcm\u00fcz\u00fc tekrarlayarak y\u00fckseltmeliyiz. Bu sat\u0131rlar, Yahudilere ya da Yahudilerin g\u00f6zl\u00fc\u011f\u00fcn\u00fc takanlara kar\u015f\u0131, g\u00f6z\u00fc kapal\u0131 bir d\u00fc\u015fmanl\u0131k de\u011fildir. Sadece ak\u0131l (\u0130zan ve vicdan) \u00e7er\u00e7evesinde tarihi bir olgudur ve b\u00f6yle okunmal\u0131d\u0131r. Biz Filistin halk\u0131n\u0131 ve kahramanlar\u0131n\u0131 anlayabiliyoruz. Kur&#39;an-\u0131 Kerim Siyonist sald\u0131rganlar hakk\u0131nda, yine yolumuzu ayd\u0131nlat\u0131yor. &quot;A\u011f\u0131zlar\u0131ndan k\u00f6p\u00fckler \u00e7\u0131k\u0131yor, sinelerinin gizledi\u011fi ise daha b\u00fcy\u00fckt\u00fcr.&quot; Ancak bizim ad\u0131m\u0131za s\u00f6z s\u00f6ylemeye kalk\u0131\u015fanlar\u0131n, kendisine manevi rehberlik s\u0131fat\u0131 yak\u0131\u015ft\u0131ranlar\u0131n, b\u00f6ylesi \u00e7\u0131k\u0131\u015flar\u0131n\u0131 anlamakta zorlan\u0131yoruz. Bu bir gaflet mi, yoksa ihanet mi, \u00e7\u00f6zemiyoruz.  <\/p>\n<p> Yar\u0131m y\u00fczy\u0131l\u0131 a\u015fk\u0131n s\u00fcredir t\u00fcm d\u00fcnyan\u0131n g\u00f6z\u00fc \u00f6n\u00fcnde, tam ifadesiyle bir halk\u0131 soyk\u0131r\u0131ma u\u011fratan, y\u00fcz binlercesini evlerinden s\u00fcr\u00fcp \u00e7\u0131karan \u0130srail hakk\u0131nda a\u011f\u0131zlar\u0131n\u0131 b\u0131\u00e7ak a\u00e7m\u0131yor. Ter\u00f6r \u00f6rg\u00fct\u00fc Mossad&#39;\u0131n cinayetleri hakk\u0131nda tek kelime etmeyenler, mazlumlar\u0131n \u00e7aresiz eylemleri hakk\u0131nda nas\u0131l bu kadar cesur ve kesin konu\u015fabiliyorlar?  <\/p>\n<p> Filistin topraklar\u0131, d\u00fcn oldu\u011fu gibi bug\u00fcn de ve elbette yar\u0131n da, Filistin halk\u0131n\u0131n, M\u00fcsl\u00fcmanlar\u0131n olacakt\u0131r. Ve biz, nas\u0131l Kurtulu\u015f Sava\u015f\u0131&#39;nda i\u015fgalcileri topraklar\u0131m\u0131zdan atmak i\u00e7in topyek\u00fcn bir m\u00fccahedeye kat\u0131lm\u0131\u015fsak ve di\u011fer \u00fclkelerdeki karde\u015flerimiz bize destek olmu\u015fsa, bug\u00fcn de Filistin halk\u0131 topraklar\u0131n\u0131 kirleten i\u015fgalcileri \u00fclkelerinden atacakt\u0131r, biz de onlara destek verece\u011fiz.  <\/p>\n<p> Kim, kimin g\u00f6zl\u00fc\u011f\u00fcyle bakarsa baks\u0131n, art\u0131k bunun hi\u00e7bir \u00f6nemi yok. Do\u011fru ile yanl\u0131\u015f\u0131n a\u00e7\u0131k\u00e7a ay\u0131rt edilebilece\u011fi bir \u00e7a\u011fda ya\u015f\u0131yoruz. Siyonistlerden sayg\u0131 g\u00f6rmek ad\u0131na, inand\u0131klar\u0131 kutsallar\u0131 harcayanlar\u0131n g\u00f6zlerinin ve g\u00f6n\u00fcllerinin bozuldu\u011funa \u015fahit oluyoruz. Biz her \u015feye ra\u011fmen Hakk\u0131n yolunda ve hakl\u0131n\u0131n yan\u0131nda g\u00f6r\u00fcnece\u011fiz. Filistin devletiyle karde\u015fli\u011fimizi g\u00fc\u00e7lendirece\u011fiz.<a name=\"_ftnref3\" href=\"#_ftn3\" title=\"_ftnref3\">[3]<\/a>  <\/p>\n<p> <strong>Abdullah&#39;\u0131 \u0130mral\u0131&#39;dan; Fetuhullah&#39;\u0131 Amerika&#39;dan VATAN&#39;a sokmaya m\u0131 \u00e7al\u0131\u015f\u0131yorlar?<\/strong>  <\/p>\n<p> FBI ve CIA Ba\u015fkan\u0131&#39;n\u0131n T\u00fcrkiye&#39;yi ziyaretinin; &quot;Fethullah Bureau of Intelligence&quot;(FBI)&#39;\u0131n T\u00fcrk medyas\u0131nda koordineli bir propaganda ata\u011f\u0131n\u0131n son demlerine denk d\u00fc\u015fmesini anlaml\u0131 buluyor, bunun \u00fczerinde durulmas\u0131 gere\u011fine inan\u0131yoruz:  <\/p>\n<p> \u00c7\u00fcnk\u00fc:  <\/p>\n<p> a- Fethullah G\u00fclen: bu ziyaretin hemen \u00f6ncesinde Aksiyon dergisinde <strong>yay\u0131nlanan &quot;T\u00fcrkiye&#39;yi Korumas\u0131 Gerekenlere G\u00f6n\u00fcl Koyuyorum&quot;<\/strong> ba\u015fl\u0131kl\u0131 r\u00f6portaj\u0131nda, &quot;T\u00fcrkiye&#39;yi korumas\u0131 gereken&quot;(dolay\u0131s\u0131yla koruyamayan) istihbarat \u00f6rg\u00fctlerini azarlayan bir tonla,  <\/p>\n<p> &quot;Bana \u00f6yle geliyor ki; <strong>Emniyet, J\u0130TEM ve Milli \u0130stihbarat Te\u015fkil\u00e2t\u0131 \u0130STESE <\/strong>T\u00fcrkiye&#39;de ku\u015f u\u00e7urtmaz.  <\/p>\n<p> E\u011fer onlara sormadan bir ku\u015f u\u00e7uyorsa vazifede kusur etmi\u015flerdir. Onlar\u0131n durumlar\u0131n\u0131 bir g\u00f6zden ge\u00e7irmek laz\u0131md\u0131r.&quot;\u00a0 tarz\u0131 ifadelerle T\u00fcrkiye Cumhuriyeti Devleti&#39;nin istihbarat birimlerine f\u0131r\u00e7a atm\u0131\u015f olmasayd\u0131.  <\/p>\n<p> (Yarg\u0131lanmaktan ka\u00e7\u0131p, ABD&#39;ye s\u0131\u011f\u0131nan bir cemaat a\u011fas\u0131n\u0131n; T\u00fcrkiye Cumhuriyeti&#39;nin istihbarat \u00f6rg\u00fctlerine medya yoluyla f\u0131r\u00e7a atmas\u0131ndaki garipli\u011fi; sinirlerinize hakim olup, l\u00fctfen g\u00f6zard\u0131 etmeye \u00e7al\u0131\u015f\u0131n.)  <\/p>\n<p> b- D\u00fcnyay\u0131 T\u00fcrkiye&#39;nin d\u0131\u015f ticaretini artt\u0131rmak i\u00e7in dola\u015ft\u0131\u011f\u0131n\u0131 iddia eden fakat nedense her gitti\u011fi d\u0131\u015f gezide ilgin\u00e7 &quot;bilgilendirme ve hizaya getirilme&quot; toplant\u0131lar\u0131na kat\u0131lan Ba\u015fbakan; T\u00fcrkiye&#39;de <strong>&quot;ulema&#39;n\u0131n rol\u00fcn\u00fcn alt\u0131n\u0131 \u00e7izen&quot;<\/strong> deme\u00e7lerini tam bu s\u0131ralarda a\u00e7\u0131klamasayd\u0131&#8230;  <\/p>\n<p> c- Ayn\u0131 Ba\u015fbakan; g\u00fcya b\u00fct\u00fcnl\u00fck mesaj\u0131 verdi\u011fi deme\u00e7lerinden birinde, <strong>CIA almana\u011f\u0131 gibi, T\u00fcrkiye&#39;deki b\u00fct\u00fcn etnik gruplar\u0131 sayd\u0131ktan<\/strong> sonra, &quot;b\u00fct\u00fcn bunlar\u0131 birle\u015ftiren din \u0130slam&#39;d\u0131r&quot; c\u00fcmlesini kullanarak; <strong>din istismarc\u0131l\u0131\u011f\u0131na kalk\u0131\u015fmasayd\u0131 ve Amerikanc\u0131 \u0130slamc\u0131lar\u0131 \u00f6n plana \u00e7\u0131karmasayd\u0131&#8230;<\/strong>  <\/p>\n<p> d- Aksiyon&#39;daki r\u00f6portaj\u0131n\u0131n yar\u0131s\u0131n\u0131 istihbarat birimlerini f\u0131r\u00e7alamaya ay\u0131ran Fethullah G\u00fclen&#39;in; r\u00f6portaj\u0131n di\u011fer yar\u0131s\u0131nda, Fransa&#39;daki son kar\u0131\u015f\u0131kl\u0131klar\u0131n kendince analizini yapt\u0131ktan sonra, T\u00fcrkiye&#39;deki PKK temelli kalk\u0131\u015fman\u0131n yat\u0131\u015ft\u0131r\u0131lmas\u0131nda &quot;<strong>s\u00f6z\u00fc dinlenen din adamlar\u0131n\u0131n rol\u00fcn\u00fc&quot;<\/strong> vurgulamasayd\u0131&#8230; Yani PKK&#39;y\u0131 siyasalla\u015ft\u0131rma h\u0131yanetinde, g\u00f6n\u00fcll\u00fc g\u00f6rev alacaklar\u0131n\u0131 a\u00e7\u0131klamasayd\u0131&#8230;  <\/p>\n<p> e- K\u00fcrt\u00e7\u00fcl\u00fck sorununu \u00e7\u00f6zmek i\u00e7in; Abdullah \u00d6calan gibi bir <strong>\u0130T (\u0130li\u015ftirilmi\u015f Ter\u00f6rist) <\/strong>&#39;in referans al\u0131nabilece\u011fini d\u00fc\u015f\u00fcnenlerin M\u0130T&#39;te \u00fcst d\u00fczeye t\u0131rmanabildi\u011fi bir devletin tepe kadrolar\u0131nda; <strong>Fethullah G\u00fclen&#39;i PKK sorunundan, federasyon projesine kadar bir \u00e7ok kulvara s\u00fcrmeyi d\u00fc\u015f\u00fcnenlerin<\/strong> oldu\u011funun fark\u0131na varmasayd\u0131.  <\/p>\n<p> f- Yeni ABD B\u00fcy\u00fckel\u00e7isi:  <\/p>\n<p> <strong>&quot;PKK ile m\u00fccadele konusunda T\u00fcrk h\u00fck\u00fcmeti ile vard\u0131\u011f\u0131m\u0131z ortak yakla\u015f\u0131m\u0131n hen\u00fcz kamuoyuna a\u00e7\u0131klamad\u0131\u011f\u0131m\u0131z baz\u0131 y\u00f6nleri de var&quot; <\/strong>\u015feklinde ifadeler kullanmasayd\u0131&#8230;  <\/p>\n<p> Neticede bu ziyaretler; yukar\u0131da say\u0131lan gerek\u00e7eler olmasayd\u0131; yine bir ka\u00e7 ABD&#39;linin; T\u00fcrkiye Cumhuriyeti topraklar\u0131na babas\u0131n\u0131n mal\u0131ym\u0131\u015f gibi, silahl\u0131 korumalar\u0131 ile girip, silahl\u0131 korumalar\u0131 ile \u00e7\u0131kt\u0131\u011f\u0131 ve b\u00fct\u00fcn bunlar\u0131 yaparken; <strong>T\u00fcrk G\u00fcvenlik G\u00fc\u00e7leri&#39;nin yard\u0131mc\u0131 fig\u00fcran rol\u00fcnde a\u015fa\u011f\u0131land\u0131\u011f\u0131 tan\u0131d\u0131k bir hikaye<\/strong> olacakt\u0131.  <\/p>\n<p> <strong>Bu hikayenin en pornografik versiyonunu; <\/strong> <\/p>\n<p> <strong>Bo\u011faz k\u0131y\u0131s\u0131nda Bush o\u011flu Bush&#39;un korumalar\u0131 taraf\u0131ndan \u00fcst\u00fc aran\u0131p, elleri kontrol edilen bakanlar\u0131m\u0131z\u0131 izlerken g\u00f6rd\u00fc\u011f\u00fcm\u00fcz i\u00e7in; <\/strong> <\/p>\n<p> FBI Ba\u015fkan\u0131&#39;n\u0131n \u00f6zel korumal\u0131 ziyaretini de; bu eziklikle izledik.  <\/p>\n<p> \u00d6nemli olan; FBI ve CIA&#39;in Ankara&#39;daki \u00fcst d\u00fczey ziyaretlerinde ele al\u0131nan konularla; ABD B\u00fcy\u00fckel\u00e7isi&#39;nin:  <\/p>\n<p> <strong>&quot;PKK ile m\u00fccadele konusunda T\u00fcrk h\u00fck\u00fcmeti ile vard\u0131\u011f\u0131m\u0131z ortak yakla\u015f\u0131m\u0131n hen\u00fcz kamuoyuna a\u00e7\u0131klamad\u0131\u011f\u0131m\u0131z baz\u0131 y\u00f6nleri de var&quot; <\/strong>s\u00f6z\u00fcn\u00fcn arkas\u0131ndaki manan\u0131n nerelerde \u00e7ak\u0131\u015ft\u0131\u011f\u0131n\u0131 bulmakt\u0131r.  <\/p>\n<p> Dikkat edersiniz devletin tepe noktalar\u0131nda ve bu tepelerde fink atanlar\u0131n sat\u0131r aralar\u0131nda iki temel e\u011filim s\u0131r\u0131t\u0131yor:  <\/p>\n<p> <strong>1- PKK merkezli ayr\u0131l\u0131k\u00e7\u0131l\u0131\u011fa kar\u015f\u0131 Amerikanc\u0131 Ulema&#39;dan yararlanma<\/strong>  <\/p>\n<p> <strong>2- PKK merkezli ayr\u0131l\u0131k\u00e7\u0131l\u0131\u011fa kar\u015f\u0131 Abdullah \u00d6calan&#39;\u0131 devreye sokma. <\/strong> <\/p>\n<p> Tabi bunun \u00e7e\u015fitli kombinasyonlar\u0131 da vard\u0131r.  <\/p>\n<p> Sonu\u00e7 ne olursa olsun; son d\u00f6nemlerde iyice ayyuka <strong>\u00e7\u0131kan &quot;k\u00fcrt\u00e7\u00fcl\u00fck&quot; merkezli kalk\u0131\u015fma eylemlerinin bir yan psikolojik sonucu var ki<\/strong> o da; <strong>Devletin hen\u00fcz yeni s\u00fcre\u00e7le asenkron; ikna olmam\u0131\u015f kadrolar\u0131n\u0131 <\/strong>&quot;bak\u0131n bu tehlikeli viraj\u0131; AB s\u00fcrecini de, T\u00fcrkiye&#39;nin hemhal oldu\u011fu uluslararas\u0131 dengeleri de bozmadan ancak Fethullah G\u00fclen gibi isimlerin manevi liderli\u011fi ve <strong>Abdullah \u00d6calan gibilerin taktik kullan\u0131m\u0131<\/strong> ile a\u015fabiliriz&quot;<strong> <\/strong>c\u00fcmlesine haz\u0131rlamakt\u0131r.  <\/p>\n<p> Daha da k\u00f6t\u00fcs\u00fc; normal \u015fartlarda; ne Fethullah G\u00fclen; ne de Abdullah \u00d6calan lehine tek bir kelime konu\u015famayacak; bu isimler ad\u0131na tek bir manevra yapamayacak \u00fcst d\u00fczey b\u00fcrokrasiye, <strong>hem Fethullah&#39;\u0131, hem Abdullah&#39;\u0131 en az\u0131ndan taktiksel ama\u00e7la resme sokmalar\u0131 i\u00e7in f\u0131rsat tan\u0131yor olmas\u0131d\u0131r. <\/strong> <\/p>\n<p> <strong>\u015e\u0131rnak&#39;ta bir aste\u011fmenimizi ve \u00fc\u00e7 erimizi \u015fehit verdi\u011fimiz g\u00fcnlerde, M\u0130T&#39;in \u00fcst d\u00fczey y\u00f6neticilerinin; \u0130T&#39;i &quot;lider sorumlulu\u011fu&quot; gibi laflarla Millet&#39;e pazarlamaya \u00e7al\u0131\u015fmas\u0131 ile ABD&#39;nin istihbarat baronlar\u0131n\u0131n \u00fcst d\u00fczey telkin turlar\u0131 tek bir yere i\u015faret ediyor: <\/strong> <\/p>\n<p> <strong>Birileri Fethullah&#39;\u0131 ABD&#39;den Abdullah&#39;\u0131 da \u0130mral\u0131&#39;dan VATAN&#39;a sokmaya \u00e7al\u0131\u015f\u0131yor<\/strong>!&#8230;  <\/p>\n<p> Bu s\u00fcre\u00e7te; Barzani gibi bir a\u015firet a\u011fas\u0131n\u0131 a\u011fz\u0131na &quot;lider&quot; s\u0131fat\u0131 ile al\u0131rken;<strong> <\/strong>kurulmamas\u0131 i\u00e7in binlerce \u015fehit verdi\u011fimiz ve &quot;casus belli&quot; ilan etti\u011fimiz &quot;k\u00fcrdistan&quot;\u0131 da &quot;DEVLET&quot; yapan <strong>Genelkurmay Ba\u015fkanlar\u0131na da; Fethullah&#39;\u0131 ve \u00d6calan\u0131; Millet&#39;e<\/strong> \u00e7\u00f6z\u00fcm arac\u0131 olarak sunarken, bu PKK&#39;n\u0131n kan\u0131na girdi\u011fi on binlerce insan\u0131m\u0131z\u0131 unutmu\u015f g\u00f6z\u00fcken <strong>M\u0130T b\u00fcrokratlar\u0131na da <\/strong>haz\u0131rl\u0131kl\u0131 olun.  <\/p>\n<p> Daha neler mi g\u00f6rece\u011fiz&#8230;  <\/p>\n<p> Durun bakal\u0131m!&#8230;  <\/p>\n<p> Fethullah G\u00fclen&#39;den <strong>&quot;toplum lideri&quot;<\/strong> olarak bahseden bir Genelkurmay Ba\u015fkan\u0131 olabilece\u011fine asla inanmazd\u0131n\u0131z de\u011fil mi..?  <\/p>\n<p> Barzani gibi bir a\u015firet a\u011fas\u0131n\u0131 <strong>&quot;de\u011fi\u015fen \u015fartlar gere\u011fi&quot; L\u0130DER<\/strong> olarak kabul etmemiz gerekti\u011fini s\u00f6yleyen Hilmi Bey&#39;in<strong> <\/strong>g\u00fcn gelip; <strong>G\u00fcneydo\u011fu&#39;daki halk\u0131 sakinle\u015ftirmek i\u00e7in yine &quot;\u015fartlar gere\u011fi&quot; Fethullah gibi &quot;ulemadan&quot; faydalan\u0131lmas\u0131 gerekti\u011fini; kapal\u0131 kap\u0131lar ard\u0131nda dahi olsa dile getirebilece\u011fine ben bile asla inanmazd\u0131m&#8230;<\/strong>  <\/p>\n<p> Ama &quot;olmaz olmaz&quot; demeyelim&#8230;  <\/p>\n<p> Neden mi?..  <\/p>\n<p> Daha bir ka\u00e7 sene \u00f6nce &quot;olmaz olmaz&quot; sand\u0131klar\u0131m\u0131zla, bug\u00fcn \u015fahit olduklar\u0131n\u0131z\u0131 kar\u015f\u0131la\u015ft\u0131r\u0131r\u0131n; cevab\u0131n\u0131 bulacaks\u0131n\u0131z.  <\/p>\n<p> <strong>Bu DEVLET; M\u0130LLET&#39;in de\u011fil de&#8230; Ba\u015fkalar\u0131n\u0131n iradesinin tezah\u00fcr\u00fc olarak varoldu\u011fu s\u00fcrece her \u015fey olur!<\/strong>  <\/p>\n<p> Bu s\u00fcre\u00e7te; enerjinize fazlas\u0131 ile ihtiya\u00e7 duyulacak g\u00fcnler i\u00e7in, zinde kalmak ad\u0131na en az\u0131ndan \u015funu yap\u0131n:  <\/p>\n<p> <strong>ASLA ALI\u015eMAYIN G\u00d6RECEKLER\u0130N\u0130ZE! (Bunlar gelip ge\u00e7icidir<\/strong>)&quot;<a name=\"_ftnref4\" href=\"#_ftn4\" title=\"_ftnref4\">[4]<\/a>  <\/p>\n<p> <strong>ESAS KONU; T\u00fcrk Silahl\u0131 Kuvvetleri&#39;nin sinir merkezini karadan havaya ta\u015f\u0131ma ve bu yolda &quot;ilk havac\u0131 Genelkurmay Ba\u015fkan\u0131 projesi&quot;<\/strong> ile ba\u011flant\u0131l\u0131yd\u0131.  <\/p>\n<p> Bu konu hakk\u0131nda SESAR Ba\u015fkan Yard\u0131mc\u0131s\u0131 iken kaleme ald\u0131\u011f\u0131m analizin \u00fczerinden hayli zaman ge\u00e7ti.  <\/p>\n<p> O g\u00fcnlerde ilgin\u00e7 bir \u015fekilde Hava Kuvvetleri Komutan\u0131; Genelkurmay Ba\u015fkanl\u0131\u011f\u0131 makam\u0131nda oturan Hilmi Bey&#39;i bir F-16 ile g\u00f6ky\u00fcz\u00fcne \u00e7\u0131karm\u0131\u015f ve bu u\u00e7u\u015f sonras\u0131nda Hilmi Bey; &quot;\u0130stikbal G\u00f6klerdedir ama Karada ve Denizde Kuvvetleriniz Oldu\u011fu S\u00fcrece&quot; \u015feklinde hayli ilgin\u00e7 bir c\u00fcmle sarf etmi\u015fti.  <\/p>\n<p> <strong>Bu c\u00fcmlenin di\u011fer ucunda; TSK&#39;n\u0131n i\u00e7inde gittik\u00e7e d\u00fc\u011f\u00fcmlenen sessiz ve derin bir tart\u0131\u015fma gizliydi. <\/strong> <\/p>\n<p> Bu derin ve sessiz tart\u0131\u015fman\u0131n fark\u0131na varan birileri; bu k\u0131lcal damar \u00fczerine oynamay\u0131 hi\u00e7 ihmal etmedi.  <\/p>\n<p> Neticede yukar\u0131da s\u00f6z etti\u011fimiz proje;  <\/p>\n<p> <strong>T\u00fcrkiye&#39;nin g\u00fcvenlik ve savunma altyap\u0131s\u0131n\u0131 k\u00fcresel emperyal plana daha uyumlu ve e\u015fzamanl\u0131 k\u0131lma makro plan\u0131 do\u011frultusunda, hala ge\u00e7erlidir. <\/strong> <\/p>\n<p> Kuzey Irak&#39;a ABD&#39;den izinsiz helikopter bile sokamayan bir devletin milyarlarca dolar verip d\u00f6rt tane AWACS u\u00e7a\u011f\u0131 almas\u0131ndan tutun da; k\u0131z \u00f6\u011frencilerin yazd\u0131klar\u0131 &quot;Genelkurmay Ba\u015fkan\u0131 Olmak \u0130stiyorum&quot; mektuplar\u0131n\u0131 t\u00f6renlerde okutacak kadar rengini belli eden komutanlara kadar bir\u00e7ok ek doneyi bu analize eklemleyebiliriz.  <\/p>\n<p> Neticede; <strong>T\u00fcrk Silahl\u0131 Kuvvetleri&#39;nin merkezinde duran Kara Kuvvetleri&#39;nin en hassas unsurlar\u0131n\u0131n tek tek pasifize edildi\u011fi operasyonlar\u0131n ard\u0131 ard\u0131na ya\u015fand\u0131\u011f\u0131 bir konjonkt\u00fcrde<\/strong> (S\u00fcleymaniye, \u015eemdinli operasyonlar\u0131, v.s.) mevcut Genelkurmay Ba\u015fkan\u0131 ve m\u00fcstakbel Genelkurmay Ba\u015fkan\u0131 ile birlikte bir di\u011fer karac\u0131 unsur olan Jandarma Genel Komutan\u0131 hedef tahtas\u0131na oturtulurken; Hava Kuvvetleri Komutan\u0131&#39;n\u0131n &quot;bayramla\u015fma tebri\u011fi yerine e-posta kullan\u0131n&quot; s\u00f6zlerinin <strong>&quot;TSK&#39;de C\u00f6mert Pa\u015fa Kriterler&quot;i \u015feklinde<\/strong> kamuoyuna servis edilmesi fazlas\u0131 ile dikkat \u00e7ekicidir.  <\/p>\n<p> <strong>Birileri T\u00fcrkiye Cumhuriyeti&#39;nin b\u00fct\u00fcnl\u00fc\u011f\u00fcn\u00fcn ve g\u00fcvenli\u011finin havadan korunabilece\u011fine o kadar emindir ki; ayaklar\u0131 yere basan J\u0130TEM pasifize edilirken; ekrana; halk\u0131n \u00fczerinden u\u00e7an \u0130srail&#39;e modernize ettirilen F-16&#39;lar sokulmaktad\u0131r. <\/strong> <\/p>\n<p> <strong>Bu yolda Hayrullah&#39;lara da; Fethullah&#39;lara da ihtiya\u00e7 vard\u0131r&#8230; (Dipnot: H\u00fcseyin M\u00fcmtaz Fetullah NATO&#39;ya y\u00f6neliyor&#39;dan..)<\/strong>  <\/p>\n<p> \u00a0\u00a0 <strong>&quot;\u0130srail&#39;den Fethullah&#39;a Bir \u00c7izgi \u00c7ekin-\u00c7ankaya&#39;dan ge\u00e7sin!&quot; istiyorlar!..<\/strong>  <\/p>\n<p> <strong>Hem \u0130srail&#39;e yak\u0131n olacak; Hem Fethullah&#39;a&#8230; Hem Ba\u015fkanl\u0131k\/Federasyon projesine uyumlu olacak; Hem K\u00fcrt as\u0131ll\u0131 olacak&#8230; Hem de NATO uyumlu olacak&#8230;<\/strong>  <\/p>\n<p> Bu be\u015f k\u0131stasa uygun bir insan\u0131n T\u00fcrkiye&#39;de s\u0131rt\u0131 yere gelmeyece\u011fini art\u0131k hepimiz biliyoruz.  <\/p>\n<p> <strong>Behi\u00e7 G\u00fcrcihan, 11 Ekim 2003<\/strong> tarihinde Star&#39;da yay\u0131nlanan <strong>&quot;Ortodokslar\u0131n G\u00f6z\u00fc Ayd\u0131n; Fethullah T\u00fcrkiye&#39;ye Geliyor&quot; ba\u015fl\u0131kl\u0131 <\/strong>yaz\u0131s\u0131nda <strong>m\u00fcstesna bir te\u015fkilat\u0131m\u0131z\u0131n ABD&#39;ye giden AKP heyetine bir gazeteci ili\u015ftirdi\u011fini<\/strong> ve bu gazeteciye Fethullah ile bir r\u00f6portaj yapma g\u00f6revi verildi\u011fini;  <\/p>\n<p> Bu kapsaml\u0131 r\u00f6portaj\u0131n yay\u0131nlanmas\u0131n\u0131n ertesinde; yarat\u0131lacak kamuoyu ile birlikte, <strong>Fethullah G\u00fclen&#39;in T\u00fcrkiye&#39;ye d\u00f6n\u00fc\u015f\u00fcn\u00fcn psikolojik zeminin haz\u0131rlanaca\u011f\u0131n\u0131 ve Fethullah G\u00fclen&#39;i Fransa&#39;ya u\u00e7akla getirip<\/strong>, buradan karayolu ile <strong>Edirne&#39;den Humeyni misali<\/strong> T\u00fcrkiye&#39;ye sokma plan\u0131 yap\u0131ld\u0131\u011f\u0131n\u0131, ancak<strong> <\/strong>Fethullah G\u00fclen&#39;in son anda &quot;devletin&quot; ona bir komplo kurdu\u011fundan \u015f\u00fcphelenip, bu plandan vazge\u00e7ti\u011fini hat\u0131rlatm\u0131\u015ft\u0131.  <\/p>\n<p> Bunlar; 2003 y\u0131l\u0131nda ger\u00e7ekle\u015fti&#8230; Medyaya ard\u0131 ard\u0131na servis edilen &quot;Fethullah G\u00fclen&#39;i Biz Asl\u0131nda Yanl\u0131\u015f Tan\u0131m\u0131\u015f\u0131z&quot; r\u00f6portajlar serisinden bir y\u0131l kadar \u00f6nceydi.  <\/p>\n<p> S\u00f6z konusu gazeteciye yapt\u0131r\u0131lan r\u00f6portaj\u0131n bir y\u0131la yak\u0131n bekletilmesinde bu de\u015fifrasyonun bir rol\u00fc oldu mu bilemem.  <\/p>\n<p> Ya da Fethullah G\u00fclen&#39;e yak\u0131nl\u0131\u011f\u0131 Ankara kulislerinde hep konu\u015fulan <strong>Hanefi Avc\u0131<\/strong>&#39;n\u0131n; Ankara&#39;daki g\u00f6revinden al\u0131n\u0131p, <strong>Edirne&#39;ye<\/strong> tayin edilmesinin bu senaryo \u00e7er\u00e7evesinde bir anlam\u0131 var m\u0131; onu da bilemem.  <\/p>\n<p> Neyi bilirsin diyeceksiniz&#8230;  <\/p>\n<p> Bildi\u011fim bir \u015fey bu yaz\u0131dan be\u015f g\u00fcn sonra; 16 Ekimde Star&#39;da yay\u0131nlanan <strong>&quot;Y\u00fcr\u00fcyen Ko\u015fu Band\u0131nda Cumhurba\u015fkanl\u0131\u011f\u0131na Y\u00fcr\u00fcyenler&quot;<\/strong> ba\u015fl\u0131kl\u0131 yaz\u0131mda ise;  <\/p>\n<p> T\u00fcrkiye&#39;de <strong>Cumhurba\u015fkanl\u0131\u011f\u0131 hayalinin; pasifize edilmek istenen fig\u00fcrlerin \u00fczerine kondu\u011fu bir ko\u015fu band\u0131 yap\u0131ld\u0131\u011f\u0131n\u0131;;<\/strong>  <\/p>\n<p> Bu ko\u015fu band\u0131 \u00fczerine konan fig\u00fcr\u00fcn Cumhurba\u015fkanl\u0131\u011f\u0131 hayali ile bir yere ilerledi\u011fini zannederken; ko\u015fu band\u0131n\u0131n h\u0131z\u0131n\u0131n ve y\u00f6n\u00fcn\u00fcn ba\u015fkalar\u0131 taraf\u0131ndan ayarland\u0131\u011f\u0131n\u0131;  <\/p>\n<p> Cumhurba\u015fkanl\u0131\u011f\u0131 i\u00e7in, birilerinin hedefledi\u011fi as\u0131l ismin, ne Erdo\u011fan, ne \u00d6zk\u00f6k de\u011fil;<strong> Hikmet \u00c7etin&#39;in haz\u0131rland\u0131\u011f\u0131n\u0131 <\/strong>yazm\u0131\u015ft\u0131k.  <\/p>\n<p> Bu tespit;<strong> Hikmet \u00c7etin&#39;in NATO g\u00f6revi ile Afganistan&#39;a g\u00f6nderilmesinden bir y\u0131l \u00f6nceydi. <\/strong> <\/p>\n<p> Fethullah G\u00fclen&#39;in de; Aksiyon dergisinde kapak olan,<strong> &quot;\u00dclkemizi Korumas\u0131 Gerekenlere G\u00f6n\u00fcl Koyuyorum&quot; <\/strong>(Vurguya dikkat; Fethullah efendi &#39;gereken&#39; vurgusu ile nas\u0131l ince bir azar \u00e7ekiyor, sanki bu \u00fclkenin g\u00fcvenlik g\u00fc\u00e7leri beyefendinin adam\u0131, o da &quot;\u00e7ocuklar i\u015finizi do\u011fru d\u00fczg\u00fcn yapm\u0131yorsunuz&quot; havas\u0131nda)<strong> <\/strong>ba\u015fl\u0131kl\u0131 r\u00f6portaj\u0131n\u0131n yay\u0131nlanmas\u0131na ise iki sene vard\u0131.  <\/p>\n<p> Bu r\u00f6portaj\u0131 \u00f6zellikle vurguluyoruz; \u00e7\u00fcnk\u00fc Tempo&#39;nun kapa\u011f\u0131ndan, SESAR&#39;\u0131n Fethullah&#39;\u0131 \u00e7a\u011f\u0131ran analizine kadar bir \u00e7ok boyutta <strong>\u00fclkeye Fethullah \u00e7a\u011f\u0131rman\u0131n<\/strong> yeniden moda oldu\u011fu bir d\u00f6nemde; Aksiyon gibi resmi bir Fethullah yay\u0131n\u0131ndaki r\u00f6portaj ayr\u0131 bir \u00f6zene lay\u0131kt\u0131r&#8230;  <\/p>\n<p> \u0130\u015fte bu r\u00f6portajda Fethullah Bey; T\u00fcrkiye&#39;de T\u00fcrk-K\u00fcrt ayr\u0131m\u0131 yap\u0131lmad\u0131\u011f\u0131n\u0131 vurgularken; durup dururken, Hikmet \u00c7etin \u00f6rne\u011fini veriyor ve resmin i\u00e7ine sokuyor. Hem de Demirel&#39;le birlikte.  <\/p>\n<p> Bunu bir ayr\u0131nt\u0131 olarak alg\u0131lay\u0131p; alg\u0131lamama da serbestsiniz.  <\/p>\n<p> Yaln\u0131z, bu alg\u0131 \u00f6zg\u00fcrl\u00fc\u011f\u00fcn\u00fcz\u00fc kullanmadan \u00f6nce sizden bir ricam olacak.  <\/p>\n<p> Fetullah G\u00fclen&#39;in; Yal\u00e7\u0131n K\u00fc\u00e7\u00fck&#39;\u00fcn deyimi ile <strong>&quot;\u0130slam&#39;\u0131 Yahudile\u015ftirme&quot; projesindeki rol\u00fcnden; <\/strong>Zaman gazetesinden, okullar\u0131na kadar merkezinde durdu\u011fu bir \u00e7ok unsuru d\u00fc\u015f\u00fcnsel haritan\u0131za yerle\u015ftirin<strong> <\/strong>ve sonra <strong>Hikmet \u00c7etin&#39;in 3 Aral\u0131k 2002&#39;de \u0130srail&#39;deki bir konferansta; <\/strong> <\/p>\n<p> <strong>&quot;1993 y\u0131l\u0131nda \u0130srail&#39;i ziyaret eden ilk D\u0131\u015fi\u015fleri Bakan\u0131 olman\u0131n onurunu ta\u015f\u0131yarak&quot; <\/strong>yapt\u0131\u011f\u0131 konu\u015fmada \u015fu c\u00fcmlesine dikkat edin:<strong> &quot;AKP&#39;nin iktidara gelmesi ili\u015fkilerimizi so\u011futmuyor. Aksine; Ba\u015fbakan Erdo\u011fan ve Abdullah G\u00fcl ili\u015fkilerin kal\u0131c\u0131l\u0131\u011f\u0131n\u0131 vurgulad\u0131. T\u00fcrkiye i\u00e7in \u0130srail ile ili\u015fkileri geli\u015ftirmek, tarihi, stratejik ve geri d\u00f6nd\u00fcr\u00fclemez bir karard\u0131r.&quot;<\/strong> C\u00fcmledeki <strong>&quot;geri d\u00f6nd\u00fcr\u00fclemez&quot;<\/strong> laf\u0131n\u0131n k\u00fcstahl\u0131\u011f\u0131 adama \u00e7ivi gibi saplan\u0131yor de\u011fil mi.  <\/p>\n<p> Hani; bir g\u00fcn Millet olarak \u0130srail&#39;le ili\u015fkileri so\u011futmak istersek bile, bunu; <strong>&quot;geri d\u00f6nd\u00fcremeyece\u011fiz&quot;<\/strong> haberiniz ola. Beyefendi \u00f6yle buyurmu\u015f! (<u>http:\/\/www1.idc.ac.il\/ips\/content\/2002m6cetin.asp<\/u>) adresinde tam metnini bulaca\u011f\u0131n\u0131z bu konu\u015fma daha nice derin ve \u00e7etin hikmetler i\u00e7ermektedir.  <\/p>\n<p> <strong>Hikmet \u00c7etin&#39;in; <\/strong>NATO&#39;nun; hem de Afganistan gibi bir uyu\u015fturucu merkezinde yapt\u0131\u011f\u0131 \u00f6zel g\u00f6revde, gerekli <strong>NATO terbiyesini<\/strong> de ald\u0131\u011f\u0131n\u0131 da g\u00f6z ard\u0131 etmeyelim.  <\/p>\n<p> Bu terbiye; <strong>NATO&#39;nun efendileri olan AB-D&#39;nin T\u00fcrkiye&#39;yi; T\u00fcrk-K\u00fcrt Federe Cumhuriyeti&#39;ne \u00e7evirme projesine uyumluluk<\/strong> konusunda Hikmet Bey&#39;i gerekli k\u0131vama getirmi\u015f midir; onu da bilemeyiz.  <\/p>\n<p> Bildi\u011fimiz tek bir \u015fey;  <\/p>\n<p> <strong>Fethullah G\u00fcven&#39;in takdirini kazanmaktan; K\u00fcrt k\u00f6kenli T\u00fcrk \u00f6zelli\u011fi ile yeni konjonkt\u00fcre ve devlet i\u00e7indeki federasyon sempatizan\u0131 kadrolara uyumlulu\u011funa; \u0130srail sempatizanl\u0131\u011f\u0131ndan; NATO terbiyesine ve AKP&#39;ye yak\u0131nl\u0131\u011f\u0131na kadar b\u00fcnyesinde bir\u00e7ok \u00f6zellik ta\u015f\u0131yan Hikmet \u00c7etin&#39;in; T\u00fcrkiye&#39;nin ba\u015fkanl\u0131k sistemi \u00fczerinden federasyona d\u00f6n\u00fc\u015ft\u00fcr\u00fclmeye \u00e7al\u0131\u015f\u0131laca\u011f\u0131 s\u00fcre\u00e7te; \u00c7ankaya makam\u0131 i\u00e7in birileri (Siyonist merkezler) a\u00e7\u0131s\u0131ndan bi\u00e7ilmi\u015f kaftan oldu\u011fu d\u00fc\u015f\u00fcn\u00fclmektedir. <\/strong> <\/p>\n<p> <strong>&quot;Geri d\u00f6nd\u00fcr\u00fclemez&quot;<\/strong> s\u00fcre\u00e7ler oldu\u011funa inananlar bu tablodan \u00fcrkebilir.  <\/p>\n<p> Bu \u00fclke ad\u0131na her t\u00fcrl\u00fc s\u00fcreci geri d\u00f6nd\u00fcrebilece\u011fini bilen bizler ise; <strong>tarih havuzunda oynayan \u00e7ocuklar misali g\u00fcleriz bu kumdan kalelere, sadece g\u00fcl\u00fcp ge\u00e7eriz.<\/strong>  <\/p>\n<p> Benim derdim ise ba\u015fka&#8230;  <\/p>\n<p> <strong>Ben bir f\u0131rsat bulursam \u015fu s\u0131ralar emperyal g\u00fc\u00e7lerin himayesindeki uyu\u015fturucu lordlar\u0131n\u0131n cirit att\u0131\u011f\u0131 Afganistan&#39;da NATO g\u00f6revi y\u00fcr\u00fcten Hikmet Bey&#39;e, soraca\u011f\u0131m:<\/strong>  <\/p>\n<p> <strong>Size, zaman\u0131nda alt\u0131n kaplama bir silah hediye edildi mi?<\/strong>  <\/p>\n<p> Edildiyse bu hediye kimden geldi ve bu samimiyet nereden kaynaklan\u0131yor?  <\/p>\n<p> \u0130nsan merak ediyor i\u015fte&#8230; Bilemiyor!<a name=\"_ftnref5\" href=\"#_ftn5\" title=\"_ftnref5\">[5]<\/a>  <\/p>\n<p> <\/p>\n<hr \/>\n<p> <a name=\"_ftn1\" href=\"#_ftnref1\" title=\"_ftn1\">[1]<\/a> Furkan:55  <\/p>\n<p> <a name=\"_ftn2\" href=\"#_ftnref2\" title=\"_ftn2\">[2]<\/a> \u015euara:227  <\/p>\n<p> <a name=\"_ftn3\" href=\"#_ftnref3\" title=\"_ftn3\">[3]<\/a> Milli Gazete \/ 13.Ocak 2005 \/ Yusuf Gen\u00e7  <\/p>\n<p> <a name=\"_ftn4\" href=\"#_ftnref4\" title=\"_ftn4\">[4]<\/a> <a href=\"http:\/\/www.ac\u0131kistihbarat.com\/\">http:\/\/www.ac\u0131kistihbarat.com\/<\/a> \/ Behi\u00e7 G\u00fcrcihan&#39;dan  <\/p>\n<p> <a name=\"_ftn5\" href=\"#_ftnref5\" title=\"_ftn5\">[5]<\/a> <a href=\"http:\/\/www.ac\u0131kistihbarat.com\/\">http:\/\/www.ac\u0131kistihbarat.com\/<\/a> \/ Behi\u00e7 G\u00fcrcihan&#39;dan  <\/p>\n","protected":false},"excerpt":{"rendered":"<p>\u00a0  <\/p>\n<p> \u00dclkemizin maddi ve manevi y\u00f6nden, yeniden dirilip kalk\u0131nmas\u0131; aziz Milletimizin, d\u0131\u015f g\u00fc\u00e7lerin ve i\u015fbirlik\u00e7ilerin; S\u00f6m\u00fcr\u00fclme ve sindirilme k\u0131skac\u0131ndan kurtar\u0131l\u0131p, ger\u00e7ek huzur ve h\u00fcrriyete kavu\u015fturulmas\u0131 ve B\u00fcy\u00fck T\u00fcrkiye \u00f6nderli\u011finde, bar\u0131\u015f ve berekete dayal\u0131, Yeni bir D\u00fcnyan\u0131n kurulmas\u0131 i\u00e7in;  <\/p>\n<p> B\u00fct\u00fcn hayat\u0131n\u0131 ve rahat\u0131n\u0131 inanc\u0131na ve insanl\u0131\u011fa adam\u0131\u015f,  <\/p>\n<p> Bu y\u00fczden s\u00fcrekli, Siyonist merkezlerin, masonik mahfillerin ve m\u00fcnaf\u0131k dincilerin h\u00fccumuna u\u011fram\u0131\u015f,  <\/p>\n<p> Hakl\u0131 ve hay\u0131rl\u0131 yolundan al\u0131konmak \u00fczere: \u00dc\u00e7 ihtilal ya\u015fam\u0131\u015f, d\u00f6rt partisi kapat\u0131lm\u0131\u015f,  <\/p>\n","protected":false},"author":7,"featured_media":0,"comment_status":"open","ping_status":"closed","sticky":false,"template":"","format":"standard","meta":{"footnotes":""},"categories":[37],"tags":[],"class_list":["post-238","post","type-post","status-publish","format-standard","hentry","category-mart-2006"],"_links":{"self":[{"href":"https:\/\/www.millicozum.com\/mc\/wp-json\/wp\/v2\/posts\/238","targetHints":{"allow":["GET"]}}],"collection":[{"href":"https:\/\/www.millicozum.com\/mc\/wp-json\/wp\/v2\/posts"}],"about":[{"href":"https:\/\/www.millicozum.com\/mc\/wp-json\/wp\/v2\/types\/post"}],"author":[{"embeddable":true,"href":"https:\/\/www.millicozum.com\/mc\/wp-json\/wp\/v2\/users\/7"}],"replies":[{"embeddable":true,"href":"https:\/\/www.millicozum.com\/mc\/wp-json\/wp\/v2\/comments?post=238"}],"version-history":[{"count":0,"href":"https:\/\/www.millicozum.com\/mc\/wp-json\/wp\/v2\/posts\/238\/revisions"}],"wp:attachment":[{"href":"https:\/\/www.millicozum.com\/mc\/wp-json\/wp\/v2\/media?parent=238"}],"wp:term":[{"taxonomy":"category","embeddable":true,"href":"https:\/\/www.millicozum.com\/mc\/wp-json\/wp\/v2\/categories?post=238"},{"taxonomy":"post_tag","embeddable":true,"href":"https:\/\/www.millicozum.com\/mc\/wp-json\/wp\/v2\/tags?post=238"}],"curies":[{"name":"wp","href":"https:\/\/api.w.org\/{rel}","templated":true}]}}